{"id":7164,"date":"2022-05-09T10:05:47","date_gmt":"2022-05-09T08:05:47","guid":{"rendered":"http:\/\/just-now.news\/de\/deutschland\/kann-ein-jude-etwas-mit-nazismus-zu-tun-haben-warum-selenksijs-herkunft-keine-ausrede-sein-darf\/"},"modified":"2022-05-09T10:05:47","modified_gmt":"2022-05-09T08:05:47","slug":"kann-ein-jude-etwas-mit-nazismus-zu-tun-haben-warum-selenksijs-herkunft-keine-ausrede-sein-darf","status":"publish","type":"post","link":"https:\/\/now-news.de\/de\/deutschland\/kann-ein-jude-etwas-mit-nazismus-zu-tun-haben-warum-selenksijs-herkunft-keine-ausrede-sein-darf\/","title":{"rendered":"Kann ein Jude etwas mit Nazismus zu tun haben? Warum Selenksijs Herkunft keine Ausrede sein darf"},"content":{"rendered":"<p><\/p>\n<p><em>Von Sergei Strokan<\/em><\/p>\n<p>Die andauernde\u00a0Sonderoperation Russlands in der Ukraine, deren Hauptziel die Entnazifizierung des Landes ist, hat in Israel, dem j\u00fcdischen Staat, dessen Gr\u00fcndung am 14. Mai 1948 die Vernichtung von Millionen von Juden durch die Nazis w\u00e4hrend des Holocaust vorausging, ein unerwartetes Echo gefunden.<\/p>\n<p>Die Beziehungen Israels zu Russland, die im Laufe der Jahre trotz der unterschiedlichen Herangehensweise an eine Reihe sensibler internationaler Sicherheitsfragen (pal\u00e4stinensisch-israelischer Konflikt, Iran, Syrien) besonders vertrauensvoll und solide waren, sind in die Br\u00fcche gegangen.\u00a0<\/p>\n<p>Die aufeinanderfolgenden israelischen Ministerpr\u00e4sidenten haben verstanden, wie wichtig es ist, trotz der Allianz des Landes mit den USA eine dynamische Beziehung zu Russland\u00a0 aufrechtzuerhalten.\u00a0<\/p>\n<p>Moskau seinerseits hat die Beziehungen zu Israel, einem wichtigen Akteur in der Nahostregion, stets hochgesch\u00e4tzt und betrachtet diese Beziehungen angesichts der Tausenden von F\u00e4den, die die beiden L\u00e4nder und V\u00f6lker miteinander verbinden, als etwas ganz Besonderes.<\/p>\n<p>Russlands enge Beziehungen zum Iran, einem existenziellen Feind des j\u00fcdischen Staates, und seine langj\u00e4hrigen Kontakte zur HAMAS und zur Hisbollah, die in Israel zu terroristischen Gruppen erkl\u00e4rt wurden, konnten die russisch-israelische Zusammenarbeit nicht \u00fcberschatten.<\/p>\n<p>Erst im vergangenen Dezember, im Jubil\u00e4umsjahr Russlands und Israels, in dem sich die Wiederaufnahme der diplomatischen Beziehungen zum 30. Mal j\u00e4hrte, gestand der israelische Au\u00dfenminister Yair Lapid in einem Interview f\u00fcr die Zeitung <em>Kommersant<\/em>: &#8220;Die Verbindungen zwischen dem j\u00fcdischen Volk und dem russischen Volk reichen Jahrhunderte zur\u00fcck. Juden leben seit Jahrhunderten in Russland. Das Russische Reich war die Wiege des modernen Zionismus, und die Juden haben die russische Kultur beeinflusst und wurden gleichzeitig von ihr beeinflusst. Und nat\u00fcrlich waren das j\u00fcdische und das russische Volk w\u00e4hrend des Zweiten Weltkriegs im historischen Kampf um das Schicksal der Menschheit vereint.&#8221;<\/p>\n<p>Und so kam es im Mai 2022 nach einem so wolkenlosen Jubil\u00e4umsjahr zu einer Tr\u00fcbung in den Beziehungen zwischen den beiden L\u00e4ndern.<\/p>\n<p>Ausgangspunkt war ein Interview des russischen Au\u00dfenministers Sergej Lawrow mit dem italienischen Sender <em>Mediaset<\/em>, in dem er seine Einsch\u00e4tzung zur Ausbreitung des Nazismus in der Ukraine gab und daran erinnerte, dass der Neonazismus unter dem amtierenden Pr\u00e4sidenten Wladimir Selenskij, einem Juden, eine Bl\u00fctezeit erlebt h\u00e4tte.<\/p>\n<p>Die Hauptthese von Sergej Lawrow lautete, dass die blo\u00dfe Tatsache, dass der ukrainische Pr\u00e4sident Wladimir Selenskij dem j\u00fcdischen Volk angeh\u00f6re, nicht bedeute, dass die Welt die Augen vor den Verbrechen verschlie\u00dfen sollte, die in der Ukraine von den Aidar- und anderen Freiwilligenbataillonen begangen werden, deren Ideologie im 21. Jahrhundert zum Nazismus geworden ist.<\/p>\n<blockquote>\n<p><em>&#8220;Ich k\u00f6nnte mich irren, aber Hitler hatte auch j\u00fcdisches Blut. Das bedeutet absolut nichts. Kluge Juden sagen, dass die b\u00f6sartigsten Antisemiten in der Regel Juden sind. Wie wir in unserem Land sagen, in jeder Familie gibt es ein schwarzes Schaf&#8221;,\u00a0sagte Sergej Lawrow.\u00a0<\/em><\/p>\n<\/blockquote>\n<p>Unterdessen l\u00f6ste seine Erkl\u00e4rung in Israel ein gewaltiges diplomatisches Erdbeben aus. Der russische Botschafter Anatolij Wiktorow wurde in das Au\u00dfenministerium des Landes einbestellt. Der israelische Au\u00dfenminister Yair Lapid, der k\u00fcrzlich dar\u00fcber spekuliert hatte, wie wichtig die Beziehungen zu Russland f\u00fcr sein Land seien und wie sehr er sich pers\u00f6nlich auf ein Treffen mit Sergej Lawrow freue, kommentierte seinen russischen Amtskollegen:<\/p>\n<blockquote>\n<p><em>&#8220;Das sind unentschuldbare und skandal\u00f6se \u00c4u\u00dferungen, ein schrecklicher historischer Fehler und wir erwarten eine Entschuldigung&#8221;.<\/em><\/p>\n<\/blockquote>\n<p>&#8220;Wir bem\u00fchen uns, gute Beziehungen zu Russland aufrechtzuerhalten, aber es gibt eine Grenze, und diese Grenze wurde dieses Mal \u00fcberschritten. Die russische Regierung schuldet uns und dem j\u00fcdischen Volk eine Entschuldigung. Hitler war kein geb\u00fcrtiger Jude, und die Juden haben sich im Holocaust nicht selbst umgebracht. Die niederste Form des Rassismus gegen\u00fcber den Juden ist es, die Juden selbst des Antisemitismus zu bezichtigen&#8221;, \u00e4rgerte sich der israelische Minister.<\/p>\n<p>Auch der israelische Ministerpr\u00e4sident Naftali Bennett \u00e4u\u00dferte sich nachdr\u00fccklich \u00fcber die Unzul\u00e4ssigkeit, den Holocaust &#8220;als Instrument f\u00fcr politische Angriffe&#8221; zu verwenden.\u00a0<\/p>\n<p>Aber was k\u00f6nnte Sergej Lawrow in seinem Interview gesagt haben, das so schrecklich und so beleidigend war?\u00a0<\/p>\n<p>Lassen wir die Emotionen beiseite und schauen wir uns noch einmal die Originalquelle an.<\/p>\n<p>Zun\u00e4chst einmal hat Sergej Lawrow das Wort &#8220;Holocaust&#8221; \u00fcberhaupt nicht benutzt und von der modernen Ukraine gesprochen. Unverst\u00e4ndlich ist auch die Interpretation der Worte Lawrows, der mutma\u00dfte, dass Hitler j\u00fcdisches Blut gehabt haben k\u00f6nnte. Ob Hitler j\u00fcdische Vorfahren hatte oder nicht, ist und bleibt eines der R\u00e4tsel der Geschichte. Drittens ist auch die Reaktion auf die \u00c4u\u00dferung von Sergej Lawrow, dass es unter den Juden gl\u00fchende Antisemiten gebe, schwer zu verstehen.<\/p>\n<p>Wer kennt das nicht\u00a0\u2013 es ist eine Feststellung des Offensichtlichen!<\/p>\n<p>In dem Artikel &#8220;Juden-Antisemiten&#8221; schreibt der Forscher Lew Madorsky \u00fcber die Haltung von Juden-Antisemiten gegen\u00fcber Juden: &#8220;Seltsamerweise ist dieses unverst\u00e4ndliche und sogar mysteri\u00f6se Ph\u00e4nomen, dass ein Mensch seinesgleichen hasst, mit anderen Worten, sich selbst hasst, gar nicht so selten.&#8221;<\/p>\n<p>Der wichtigste antisemitische Jude der Weltgeschichte war Karl Marx, Enkel zweier Rabbiner, der sich in seinem Artikel &#8220;Zur Judenfrage&#8221; und seinem Brief an Engels so \u00fcber die Juden \u00e4u\u00dferte, dass es besser ist, den Klassiker des Marxismus an dieser Stelle nicht zu zitieren \u2013 schlie\u00dflich und vor allem in Bezug auf die Ukraine.<\/p>\n<p>Das Interview von Sergej Lawrow sollte nicht die endlose historische Debatte fortsetzen, sondern vielmehr eine harte und wenig schmeichelhafte Analyse dar\u00fcber liefern, wie es dazu kam, dass die Ukraine unter dem j\u00fcdischen Pr\u00e4sidenten Selenskij, der gelernt hatte, seine Herkunft f\u00fcr Manipulationen zu nutzen, schlie\u00dflich zur wichtigsten europ\u00e4ischen und weltweiten Brutst\u00e4tte des Neonazismus wurde.<\/p>\n<p>&#8220;Geschichte ist nicht die Vergangenheit in der Vergangenheit, sondern die Vergangenheit in der Gegenwart&#8221;, sagte der amerikanisch-britische Dichter Thomas Stearns Eliot, der im Gr\u00fcndungsjahr des Staates Israel den Nobelpreis f\u00fcr Literatur erhielt. Als Reaktion auf jenen unerkl\u00e4rlichen Sturm der Entr\u00fcstung, die Sergej Lawrows Worte in Israel ausl\u00f6sten, wies das russische Au\u00dfenministerium auf die &#8220;Vergangenheit in der Gegenwart&#8221; hin, um Eliots Definition zu folgen \u2013 und zwar auf Verbindung zwischen Vergangenheit und Gegenwart, die Licht auf die Entstehung des heutigen ukrainischen Nazismus wirft.<\/p>\n<blockquote>\n<p><em>&#8220;In Polen und anderen osteurop\u00e4ischen L\u00e4ndern ernannten die Deutschen j\u00fcdische Industrielle zu Oberh\u00e4uptern von Ghettos und Judenr\u00e4ten, von denen einige durch absolut ungeheuerliche Taten in Erinnerung geblieben sind. (&#8230;) Die historische Trag\u00f6die besteht darin, dass w\u00e4hrend sich einige Juden an den Verbrechen des Zweiten Weltkriegs widerwillig beteiligt haben, macht das Wladimir Selenskij ganz freiwillig und ganz bewusst, wobei er j\u00fcdische Wurzeln f\u00fcr diese Zwecke missbraucht. Er treibt seine eigene Herkunft vor sich her und deckt damit echte Neonazis, die geistigen und blutigen Erben der Henker seines Volkes&#8221;, hei\u00dft es in einer Erkl\u00e4rung des russischen Au\u00dfenamtes.<\/em><\/p>\n<\/blockquote>\n<p>Allerdings geht es nicht nur um die Person Wladimir Selenskij.<\/p>\n<p>Auf dem H\u00f6hepunkt dieses unerkl\u00e4rlichen Skandals ist es an der Zeit, daran zu erinnern, dass Igor Kolomoiskij, ein ukrainischer Milliard\u00e4r und Pr\u00e4sident der Vereinigten J\u00fcdischen Gemeinde der Ukraine (UJCU), der auch einen israelischen Pass besitzt, eine nicht unerhebliche Rolle f\u00fcr das Schicksal und die politische Karriere von Wladimir Selenskij spielte.<\/p>\n<p>Als im Jahr 2018 beschlossen wurde, dass sein Proteg\u00e9 Wladimir Selenskij f\u00fcr das Amt des Pr\u00e4sidenten kandidieren w\u00fcrde, zeigte er, was spr\u00fchenden j\u00fcdischen Humor ausmacht. Auf die Frage eines Journalisten, warum ein Komiker f\u00fcr das Amt des ukrainischen Pr\u00e4sidenten kandidiere, antwortete Igor Kolomoiskij: &#8220;Warum soll ein Clown schlimmer als ein Konditor sein?&#8221; (Wladimir Selenskijs Vorg\u00e4nger im Amt des Pr\u00e4sidenten, Petro Poroschenko, ist der Besitzer eines gro\u00dfen S\u00fc\u00dfwarenunternehmens.\u00a0\u2013 <em>Anmerkung der Redaktion<\/em>)<\/p>\n<p>Es war ausgerechnet Kolomojskij, der die neonazistischen Freiwilligenbataillone mitgr\u00fcndete und finanzierte, die im Fr\u00fchjahr 2014, als der Krieg im Donbass gerade begann, traurige Bekanntheit erlangten. Igor Kolomoiskij behauptet zwar, ein religi\u00f6ser Mensch zu sein, ein Chassid, der alle Regeln des j\u00fcdischen Sabbats streng befolge, betrachtet sich dabei gleichzeitig als gl\u00fchender politischer Ukrainer.<\/p>\n<p>\u00dcbrigens ist er damit nicht allein.<\/p>\n<p>Hier ist ein Bekenntnis von Shmuel Kamenetsky, dem Vorstandsvorsitzenden des UJCU und Rabbiner von Dnjepr, dem gr\u00f6\u00dften j\u00fcdischen Gemeindezentrum Osteuropas, das in der Debatte um die Frage, ob Sergej Lawrow mit seinen Einsch\u00e4tzungen jemanden t\u00f6dlich beleidigt haben k\u00f6nnte, das T\u00fcpfelchen auf dem i darstellte.<\/p>\n<blockquote>\n<p><em>&#8220;Echte j\u00fcdische Identit\u00e4t und ukrainischer Nationalismus \u00fcberschneiden sich nicht nur, sondern erg\u00e4nzen sich auch&#8221;, sagte Shmuel Kamenetsky einmal.<\/em><\/p>\n<\/blockquote>\n<p>Und in dieser Situation, in der es um die heutige Ukraine ging und Israel durch die Worte von Sergej Lawrow Israel t\u00f6dlich beleidigt wurde, begann man, sich an die Geschichte des Zweiten Weltkriegs und des Holocaust zu erinnern mit dem Argument, dass es in der Ukraine keinen Nazismus geben k\u00f6nne, weil das Land angeblich von einem j\u00fcdischen Pr\u00e4sidenten gef\u00fchrt werde! Also hat man aus irgendeinem Grund die Augen vor den Verbrechen der mit dem Geld eines j\u00fcdischen Oligarchen, &#8220;politischen Ukrainers&#8221; und ehemaligen Mentors des amtierenden &#8220;Clown-Pr\u00e4sidenten&#8221; bewaffneten Nazibataillone verschlossen.\u00a0\u00a0<\/p>\n<p>Die Frage ist, warum. Sticht die Wahrheit in die Augen?<\/p>\n<p>Es stellt sich viel eher heraus, dass es Israel selbst ist, das sich pl\u00f6tzlich f\u00fcr uns alle, seine Freunde in Russland, in eine Geschichte verwickeln lie\u00df.<\/p>\n<p><em>\u00dcbersetzung aus dem <a rel=\"nofollow noopener\" target=\"_blank\" href=\"https:\/\/russian.rt.com\/opinion\/998618-strokan-lavrov-izrail-zelenskii\">Russischen<\/a>.<\/em><\/p>\n<p><em>Sergei Strokan ist\u00a0Journalist und Kolumnist des Kommersant-Verlags.<\/em><\/p>\n<p><em>RT DE bem\u00fcht sich um ein breites Meinungsspektrum. Gastbeitr\u00e4ge und Meinungsartikel m\u00fcssen nicht die Sichtweise der Redaktion widerspiegeln.<\/em><\/p>\n<p><br \/>\n<br \/><a href=\"https:\/\/de.rt.com\/meinung\/137960-kann-jude-etwas-mit-nazismus\/\">Source link <\/a><\/p>\n","protected":false},"excerpt":{"rendered":"<p>Von Sergei Strokan Die andauernde\u00a0Sonderoperation Russlands in der Ukraine, deren Hauptziel die Entnazifizierung des Landes ist, hat in Israel, dem j\u00fcdischen Staat, dessen Gr\u00fcndung am 14. Mai 1948 die Vernichtung von Millionen von Juden durch die Nazis w\u00e4hrend des Holocaust vorausging, ein unerwartetes Echo gefunden. Die Beziehungen Israels zu Russland, die im Laufe der Jahre [&hellip;]<\/p>\n","protected":false},"author":3,"featured_media":7165,"comment_status":"open","ping_status":"open","sticky":false,"template":"","format":"standard","meta":{"wp_automatic_camp":["217"],"f5453a68034fca22a4610d0d1131e014":["Kann ein Jude etwas mit Nazismus zu tun haben? Warum Selenksijs Herkunft keine Ausrede sein darf"],"original_link":["https:\/\/de.rt.com\/meinung\/137960-kann-jude-etwas-mit-nazismus\/"],"_thumbnail_id":["7165"],"wp_automatic_remove_first_image":["yes"],"_wptg_p2tg_sent2tg":["2022-05-09 10:17:37"],"jnews_social_counter_last_update":["1777264295"]},"categories":[19,23],"tags":[19306,5310,357,15315,771,19305,19302,838,375,419,19303,3950,19304,1042,1289],"yoast_head":"<!-- This site is optimized with the Yoast SEO Premium plugin v22.7 (Yoast SEO v22.7) - https:\/\/yoast.com\/wordpress\/plugins\/seo\/ -->\n<title>Kann ein Jude etwas mit Nazismus zu tun haben? Warum Selenksijs Herkunft keine Ausrede sein darf - just-now.NEWS Deutschland<\/title>\n<meta name=\"robots\" content=\"index, follow, max-snippet:-1, max-image-preview:large, max-video-preview:-1\" \/>\n<link rel=\"canonical\" href=\"https:\/\/now-news.de\/de\/deutschland\/kann-ein-jude-etwas-mit-nazismus-zu-tun-haben-warum-selenksijs-herkunft-keine-ausrede-sein-darf\/\" \/>\n<meta property=\"og:locale\" content=\"de_DE\" \/>\n<meta property=\"og:type\" content=\"article\" \/>\n<meta property=\"og:title\" content=\"Kann ein Jude etwas mit Nazismus zu tun haben? Warum Selenksijs Herkunft keine Ausrede sein darf\" \/>\n<meta property=\"og:description\" content=\"Von Sergei Strokan Die andauernde\u00a0Sonderoperation Russlands in der Ukraine, deren Hauptziel die Entnazifizierung des Landes ist, hat in Israel, dem j\u00fcdischen Staat, dessen Gr\u00fcndung am 14. Mai 1948 die Vernichtung von Millionen von Juden durch die Nazis w\u00e4hrend des Holocaust vorausging, ein unerwartetes Echo gefunden. Die Beziehungen Israels zu Russland, die im Laufe der Jahre [&hellip;]\" \/>\n<meta property=\"og:url\" content=\"https:\/\/now-news.de\/de\/deutschland\/kann-ein-jude-etwas-mit-nazismus-zu-tun-haben-warum-selenksijs-herkunft-keine-ausrede-sein-darf\/\" \/>\n<meta property=\"og:site_name\" content=\"just-now.NEWS Deutschland\" \/>\n<meta property=\"article:publisher\" content=\"https:\/\/www.facebook.com\/wirmachenauf\" \/>\n<meta property=\"article:published_time\" content=\"2022-05-09T08:05:47+00:00\" \/>\n<meta property=\"og:image\" content=\"https:\/\/now-news.de\/de\/wp-content\/uploads\/sites\/3\/2022\/05\/Kann-ein-Jude-etwas-mit-Nazismus-zu-tun-haben-Warum.jpg\" \/>\n\t<meta property=\"og:image:width\" content=\"460\" \/>\n\t<meta property=\"og:image:height\" content=\"259\" \/>\n\t<meta property=\"og:image:type\" content=\"image\/jpeg\" \/>\n<meta name=\"author\" content=\"rtnews\" \/>\n<meta name=\"twitter:card\" content=\"summary_large_image\" \/>\n<meta name=\"twitter:creator\" content=\"@WirMachenAuf_de\" \/>\n<meta name=\"twitter:site\" content=\"@WirMachenAuf_de\" \/>\n<meta name=\"twitter:label1\" content=\"Verfasst von\" \/>\n\t<meta name=\"twitter:data1\" content=\"rtnews\" \/>\n\t<meta name=\"twitter:label2\" content=\"Gesch\u00e4tzte Lesezeit\" \/>\n\t<meta name=\"twitter:data2\" content=\"8\u00a0Minuten\" \/>\n<script type=\"application\/ld+json\" class=\"yoast-schema-graph\">{\"@context\":\"https:\/\/schema.org\",\"@graph\":[{\"@type\":\"Article\",\"@id\":\"https:\/\/now-news.de\/de\/deutschland\/kann-ein-jude-etwas-mit-nazismus-zu-tun-haben-warum-selenksijs-herkunft-keine-ausrede-sein-darf\/#article\",\"isPartOf\":{\"@id\":\"https:\/\/now-news.de\/de\/deutschland\/kann-ein-jude-etwas-mit-nazismus-zu-tun-haben-warum-selenksijs-herkunft-keine-ausrede-sein-darf\/\"},\"author\":{\"name\":\"rtnews\",\"@id\":\"https:\/\/now-news.de\/de\/#\/schema\/person\/fb534a4e865501d8b3285208df34a9b5\"},\"headline\":\"Kann ein Jude etwas mit Nazismus zu tun haben? Warum Selenksijs Herkunft keine Ausrede sein darf\",\"datePublished\":\"2022-05-09T08:05:47+00:00\",\"dateModified\":\"2022-05-09T08:05:47+00:00\",\"mainEntityOfPage\":{\"@id\":\"https:\/\/now-news.de\/de\/deutschland\/kann-ein-jude-etwas-mit-nazismus-zu-tun-haben-warum-selenksijs-herkunft-keine-ausrede-sein-darf\/\"},\"wordCount\":1588,\"commentCount\":0,\"publisher\":{\"@id\":\"https:\/\/now-news.de\/de\/#organization\"},\"image\":{\"@id\":\"https:\/\/now-news.de\/de\/deutschland\/kann-ein-jude-etwas-mit-nazismus-zu-tun-haben-warum-selenksijs-herkunft-keine-ausrede-sein-darf\/#primaryimage\"},\"thumbnailUrl\":\"https:\/\/now-news.de\/de\/wp-content\/uploads\/sites\/3\/2022\/05\/Kann-ein-Jude-etwas-mit-Nazismus-zu-tun-haben-Warum.jpg\",\"keywords\":[\"Ausrede\",\"darf\",\"ein\",\"etwas\",\"haben\",\"Herkunft\",\"Jude\",\"kann\",\"keine\",\"mit\",\"Nazismus\",\"sein\",\"Selenksijs\",\"tun\",\"Warum\"],\"articleSection\":[\"Deutschland\",\"Russland\"],\"inLanguage\":\"de\",\"potentialAction\":[{\"@type\":\"CommentAction\",\"name\":\"Comment\",\"target\":[\"https:\/\/now-news.de\/de\/deutschland\/kann-ein-jude-etwas-mit-nazismus-zu-tun-haben-warum-selenksijs-herkunft-keine-ausrede-sein-darf\/#respond\"]}]},{\"@type\":\"WebPage\",\"@id\":\"https:\/\/now-news.de\/de\/deutschland\/kann-ein-jude-etwas-mit-nazismus-zu-tun-haben-warum-selenksijs-herkunft-keine-ausrede-sein-darf\/\",\"url\":\"https:\/\/now-news.de\/de\/deutschland\/kann-ein-jude-etwas-mit-nazismus-zu-tun-haben-warum-selenksijs-herkunft-keine-ausrede-sein-darf\/\",\"name\":\"Kann ein Jude etwas mit Nazismus zu tun haben? Warum Selenksijs Herkunft keine Ausrede sein darf - just-now.NEWS Deutschland\",\"isPartOf\":{\"@id\":\"https:\/\/now-news.de\/de\/#website\"},\"primaryImageOfPage\":{\"@id\":\"https:\/\/now-news.de\/de\/deutschland\/kann-ein-jude-etwas-mit-nazismus-zu-tun-haben-warum-selenksijs-herkunft-keine-ausrede-sein-darf\/#primaryimage\"},\"image\":{\"@id\":\"https:\/\/now-news.de\/de\/deutschland\/kann-ein-jude-etwas-mit-nazismus-zu-tun-haben-warum-selenksijs-herkunft-keine-ausrede-sein-darf\/#primaryimage\"},\"thumbnailUrl\":\"https:\/\/now-news.de\/de\/wp-content\/uploads\/sites\/3\/2022\/05\/Kann-ein-Jude-etwas-mit-Nazismus-zu-tun-haben-Warum.jpg\",\"datePublished\":\"2022-05-09T08:05:47+00:00\",\"dateModified\":\"2022-05-09T08:05:47+00:00\",\"breadcrumb\":{\"@id\":\"https:\/\/now-news.de\/de\/deutschland\/kann-ein-jude-etwas-mit-nazismus-zu-tun-haben-warum-selenksijs-herkunft-keine-ausrede-sein-darf\/#breadcrumb\"},\"inLanguage\":\"de\",\"potentialAction\":[{\"@type\":\"ReadAction\",\"target\":[\"https:\/\/now-news.de\/de\/deutschland\/kann-ein-jude-etwas-mit-nazismus-zu-tun-haben-warum-selenksijs-herkunft-keine-ausrede-sein-darf\/\"]}]},{\"@type\":\"ImageObject\",\"inLanguage\":\"de\",\"@id\":\"https:\/\/now-news.de\/de\/deutschland\/kann-ein-jude-etwas-mit-nazismus-zu-tun-haben-warum-selenksijs-herkunft-keine-ausrede-sein-darf\/#primaryimage\",\"url\":\"https:\/\/now-news.de\/de\/wp-content\/uploads\/sites\/3\/2022\/05\/Kann-ein-Jude-etwas-mit-Nazismus-zu-tun-haben-Warum.jpg\",\"contentUrl\":\"https:\/\/now-news.de\/de\/wp-content\/uploads\/sites\/3\/2022\/05\/Kann-ein-Jude-etwas-mit-Nazismus-zu-tun-haben-Warum.jpg\",\"width\":460,\"height\":259},{\"@type\":\"BreadcrumbList\",\"@id\":\"https:\/\/now-news.de\/de\/deutschland\/kann-ein-jude-etwas-mit-nazismus-zu-tun-haben-warum-selenksijs-herkunft-keine-ausrede-sein-darf\/#breadcrumb\",\"itemListElement\":[{\"@type\":\"ListItem\",\"position\":1,\"name\":\"Home\",\"item\":\"https:\/\/now-news.de\/de\/\"},{\"@type\":\"ListItem\",\"position\":2,\"name\":\"Kann ein Jude etwas mit Nazismus zu tun haben? Warum Selenksijs Herkunft keine Ausrede sein darf\"}]},{\"@type\":\"WebSite\",\"@id\":\"https:\/\/now-news.de\/de\/#website\",\"url\":\"https:\/\/now-news.de\/de\/\",\"name\":\"just-now.NEWS Deutschland\",\"description\":\"Das Portal f\u00fcr unzensierte Nachrichten aus der Welt\",\"publisher\":{\"@id\":\"https:\/\/now-news.de\/de\/#organization\"},\"potentialAction\":[{\"@type\":\"SearchAction\",\"target\":{\"@type\":\"EntryPoint\",\"urlTemplate\":\"https:\/\/now-news.de\/de\/?s={search_term_string}\"},\"query-input\":\"required name=search_term_string\"}],\"inLanguage\":\"de\"},{\"@type\":\"Organization\",\"@id\":\"https:\/\/now-news.de\/de\/#organization\",\"name\":\"Just Now News\",\"url\":\"https:\/\/now-news.de\/de\/\",\"logo\":{\"@type\":\"ImageObject\",\"inLanguage\":\"de\",\"@id\":\"https:\/\/now-news.de\/de\/#\/schema\/logo\/image\/\",\"url\":\"http:\/\/just-now.news\/de\/wp-content\/uploads\/sites\/3\/2022\/04\/logo500x500.jpg\",\"contentUrl\":\"http:\/\/just-now.news\/de\/wp-content\/uploads\/sites\/3\/2022\/04\/logo500x500.jpg\",\"width\":500,\"height\":500,\"caption\":\"Just Now News\"},\"image\":{\"@id\":\"https:\/\/now-news.de\/de\/#\/schema\/logo\/image\/\"},\"sameAs\":[\"https:\/\/www.facebook.com\/wirmachenauf\",\"https:\/\/x.com\/WirMachenAuf_de\"]},{\"@type\":\"Person\",\"@id\":\"https:\/\/now-news.de\/de\/#\/schema\/person\/fb534a4e865501d8b3285208df34a9b5\",\"name\":\"rtnews\",\"image\":{\"@type\":\"ImageObject\",\"inLanguage\":\"de\",\"@id\":\"https:\/\/now-news.de\/de\/#\/schema\/person\/image\/\",\"url\":\"https:\/\/secure.gravatar.com\/avatar\/82aafea7d8127119dd649515f56e2117?s=96&d=mm&r=g\",\"contentUrl\":\"https:\/\/secure.gravatar.com\/avatar\/82aafea7d8127119dd649515f56e2117?s=96&d=mm&r=g\",\"caption\":\"rtnews\"},\"url\":\"https:\/\/now-news.de\/de\/author\/rnews\/\"}]}<\/script>\n<!-- \/ Yoast SEO Premium plugin. -->","yoast_head_json":{"title":"Kann ein Jude etwas mit Nazismus zu tun haben? Warum Selenksijs Herkunft keine Ausrede sein darf - just-now.NEWS Deutschland","robots":{"index":"index","follow":"follow","max-snippet":"max-snippet:-1","max-image-preview":"max-image-preview:large","max-video-preview":"max-video-preview:-1"},"canonical":"https:\/\/now-news.de\/de\/deutschland\/kann-ein-jude-etwas-mit-nazismus-zu-tun-haben-warum-selenksijs-herkunft-keine-ausrede-sein-darf\/","og_locale":"de_DE","og_type":"article","og_title":"Kann ein Jude etwas mit Nazismus zu tun haben? Warum Selenksijs Herkunft keine Ausrede sein darf","og_description":"Von Sergei Strokan Die andauernde\u00a0Sonderoperation Russlands in der Ukraine, deren Hauptziel die Entnazifizierung des Landes ist, hat in Israel, dem j\u00fcdischen Staat, dessen Gr\u00fcndung am 14. Mai 1948 die Vernichtung von Millionen von Juden durch die Nazis w\u00e4hrend des Holocaust vorausging, ein unerwartetes Echo gefunden. Die Beziehungen Israels zu Russland, die im Laufe der Jahre [&hellip;]","og_url":"https:\/\/now-news.de\/de\/deutschland\/kann-ein-jude-etwas-mit-nazismus-zu-tun-haben-warum-selenksijs-herkunft-keine-ausrede-sein-darf\/","og_site_name":"just-now.NEWS Deutschland","article_publisher":"https:\/\/www.facebook.com\/wirmachenauf","article_published_time":"2022-05-09T08:05:47+00:00","og_image":[{"width":460,"height":259,"url":"https:\/\/now-news.de\/de\/wp-content\/uploads\/sites\/3\/2022\/05\/Kann-ein-Jude-etwas-mit-Nazismus-zu-tun-haben-Warum.jpg","type":"image\/jpeg"}],"author":"rtnews","twitter_card":"summary_large_image","twitter_creator":"@WirMachenAuf_de","twitter_site":"@WirMachenAuf_de","twitter_misc":{"Verfasst von":"rtnews","Gesch\u00e4tzte Lesezeit":"8\u00a0Minuten"},"schema":{"@context":"https:\/\/schema.org","@graph":[{"@type":"Article","@id":"https:\/\/now-news.de\/de\/deutschland\/kann-ein-jude-etwas-mit-nazismus-zu-tun-haben-warum-selenksijs-herkunft-keine-ausrede-sein-darf\/#article","isPartOf":{"@id":"https:\/\/now-news.de\/de\/deutschland\/kann-ein-jude-etwas-mit-nazismus-zu-tun-haben-warum-selenksijs-herkunft-keine-ausrede-sein-darf\/"},"author":{"name":"rtnews","@id":"https:\/\/now-news.de\/de\/#\/schema\/person\/fb534a4e865501d8b3285208df34a9b5"},"headline":"Kann ein Jude etwas mit Nazismus zu tun haben? Warum Selenksijs Herkunft keine Ausrede sein darf","datePublished":"2022-05-09T08:05:47+00:00","dateModified":"2022-05-09T08:05:47+00:00","mainEntityOfPage":{"@id":"https:\/\/now-news.de\/de\/deutschland\/kann-ein-jude-etwas-mit-nazismus-zu-tun-haben-warum-selenksijs-herkunft-keine-ausrede-sein-darf\/"},"wordCount":1588,"commentCount":0,"publisher":{"@id":"https:\/\/now-news.de\/de\/#organization"},"image":{"@id":"https:\/\/now-news.de\/de\/deutschland\/kann-ein-jude-etwas-mit-nazismus-zu-tun-haben-warum-selenksijs-herkunft-keine-ausrede-sein-darf\/#primaryimage"},"thumbnailUrl":"https:\/\/now-news.de\/de\/wp-content\/uploads\/sites\/3\/2022\/05\/Kann-ein-Jude-etwas-mit-Nazismus-zu-tun-haben-Warum.jpg","keywords":["Ausrede","darf","ein","etwas","haben","Herkunft","Jude","kann","keine","mit","Nazismus","sein","Selenksijs","tun","Warum"],"articleSection":["Deutschland","Russland"],"inLanguage":"de","potentialAction":[{"@type":"CommentAction","name":"Comment","target":["https:\/\/now-news.de\/de\/deutschland\/kann-ein-jude-etwas-mit-nazismus-zu-tun-haben-warum-selenksijs-herkunft-keine-ausrede-sein-darf\/#respond"]}]},{"@type":"WebPage","@id":"https:\/\/now-news.de\/de\/deutschland\/kann-ein-jude-etwas-mit-nazismus-zu-tun-haben-warum-selenksijs-herkunft-keine-ausrede-sein-darf\/","url":"https:\/\/now-news.de\/de\/deutschland\/kann-ein-jude-etwas-mit-nazismus-zu-tun-haben-warum-selenksijs-herkunft-keine-ausrede-sein-darf\/","name":"Kann ein Jude etwas mit Nazismus zu tun haben? Warum Selenksijs Herkunft keine Ausrede sein darf - just-now.NEWS Deutschland","isPartOf":{"@id":"https:\/\/now-news.de\/de\/#website"},"primaryImageOfPage":{"@id":"https:\/\/now-news.de\/de\/deutschland\/kann-ein-jude-etwas-mit-nazismus-zu-tun-haben-warum-selenksijs-herkunft-keine-ausrede-sein-darf\/#primaryimage"},"image":{"@id":"https:\/\/now-news.de\/de\/deutschland\/kann-ein-jude-etwas-mit-nazismus-zu-tun-haben-warum-selenksijs-herkunft-keine-ausrede-sein-darf\/#primaryimage"},"thumbnailUrl":"https:\/\/now-news.de\/de\/wp-content\/uploads\/sites\/3\/2022\/05\/Kann-ein-Jude-etwas-mit-Nazismus-zu-tun-haben-Warum.jpg","datePublished":"2022-05-09T08:05:47+00:00","dateModified":"2022-05-09T08:05:47+00:00","breadcrumb":{"@id":"https:\/\/now-news.de\/de\/deutschland\/kann-ein-jude-etwas-mit-nazismus-zu-tun-haben-warum-selenksijs-herkunft-keine-ausrede-sein-darf\/#breadcrumb"},"inLanguage":"de","potentialAction":[{"@type":"ReadAction","target":["https:\/\/now-news.de\/de\/deutschland\/kann-ein-jude-etwas-mit-nazismus-zu-tun-haben-warum-selenksijs-herkunft-keine-ausrede-sein-darf\/"]}]},{"@type":"ImageObject","inLanguage":"de","@id":"https:\/\/now-news.de\/de\/deutschland\/kann-ein-jude-etwas-mit-nazismus-zu-tun-haben-warum-selenksijs-herkunft-keine-ausrede-sein-darf\/#primaryimage","url":"https:\/\/now-news.de\/de\/wp-content\/uploads\/sites\/3\/2022\/05\/Kann-ein-Jude-etwas-mit-Nazismus-zu-tun-haben-Warum.jpg","contentUrl":"https:\/\/now-news.de\/de\/wp-content\/uploads\/sites\/3\/2022\/05\/Kann-ein-Jude-etwas-mit-Nazismus-zu-tun-haben-Warum.jpg","width":460,"height":259},{"@type":"BreadcrumbList","@id":"https:\/\/now-news.de\/de\/deutschland\/kann-ein-jude-etwas-mit-nazismus-zu-tun-haben-warum-selenksijs-herkunft-keine-ausrede-sein-darf\/#breadcrumb","itemListElement":[{"@type":"ListItem","position":1,"name":"Home","item":"https:\/\/now-news.de\/de\/"},{"@type":"ListItem","position":2,"name":"Kann ein Jude etwas mit Nazismus zu tun haben? Warum Selenksijs Herkunft keine Ausrede sein darf"}]},{"@type":"WebSite","@id":"https:\/\/now-news.de\/de\/#website","url":"https:\/\/now-news.de\/de\/","name":"just-now.NEWS Deutschland","description":"Das Portal f\u00fcr unzensierte Nachrichten aus der Welt","publisher":{"@id":"https:\/\/now-news.de\/de\/#organization"},"potentialAction":[{"@type":"SearchAction","target":{"@type":"EntryPoint","urlTemplate":"https:\/\/now-news.de\/de\/?s={search_term_string}"},"query-input":"required name=search_term_string"}],"inLanguage":"de"},{"@type":"Organization","@id":"https:\/\/now-news.de\/de\/#organization","name":"Just Now News","url":"https:\/\/now-news.de\/de\/","logo":{"@type":"ImageObject","inLanguage":"de","@id":"https:\/\/now-news.de\/de\/#\/schema\/logo\/image\/","url":"http:\/\/just-now.news\/de\/wp-content\/uploads\/sites\/3\/2022\/04\/logo500x500.jpg","contentUrl":"http:\/\/just-now.news\/de\/wp-content\/uploads\/sites\/3\/2022\/04\/logo500x500.jpg","width":500,"height":500,"caption":"Just Now News"},"image":{"@id":"https:\/\/now-news.de\/de\/#\/schema\/logo\/image\/"},"sameAs":["https:\/\/www.facebook.com\/wirmachenauf","https:\/\/x.com\/WirMachenAuf_de"]},{"@type":"Person","@id":"https:\/\/now-news.de\/de\/#\/schema\/person\/fb534a4e865501d8b3285208df34a9b5","name":"rtnews","image":{"@type":"ImageObject","inLanguage":"de","@id":"https:\/\/now-news.de\/de\/#\/schema\/person\/image\/","url":"https:\/\/secure.gravatar.com\/avatar\/82aafea7d8127119dd649515f56e2117?s=96&d=mm&r=g","contentUrl":"https:\/\/secure.gravatar.com\/avatar\/82aafea7d8127119dd649515f56e2117?s=96&d=mm&r=g","caption":"rtnews"},"url":"https:\/\/now-news.de\/de\/author\/rnews\/"}]}},"_links":{"self":[{"href":"https:\/\/now-news.de\/de\/wp-json\/wp\/v2\/posts\/7164"}],"collection":[{"href":"https:\/\/now-news.de\/de\/wp-json\/wp\/v2\/posts"}],"about":[{"href":"https:\/\/now-news.de\/de\/wp-json\/wp\/v2\/types\/post"}],"author":[{"embeddable":true,"href":"https:\/\/now-news.de\/de\/wp-json\/wp\/v2\/users\/3"}],"replies":[{"embeddable":true,"href":"https:\/\/now-news.de\/de\/wp-json\/wp\/v2\/comments?post=7164"}],"version-history":[{"count":0,"href":"https:\/\/now-news.de\/de\/wp-json\/wp\/v2\/posts\/7164\/revisions"}],"wp:featuredmedia":[{"embeddable":true,"href":"https:\/\/now-news.de\/de\/wp-json\/wp\/v2\/media\/7165"}],"wp:attachment":[{"href":"https:\/\/now-news.de\/de\/wp-json\/wp\/v2\/media?parent=7164"}],"wp:term":[{"taxonomy":"category","embeddable":true,"href":"https:\/\/now-news.de\/de\/wp-json\/wp\/v2\/categories?post=7164"},{"taxonomy":"post_tag","embeddable":true,"href":"https:\/\/now-news.de\/de\/wp-json\/wp\/v2\/tags?post=7164"}],"curies":[{"name":"wp","href":"https:\/\/api.w.org\/{rel}","templated":true}]}}