{"id":71639,"date":"2024-10-29T22:50:07","date_gmt":"2024-10-29T20:50:07","guid":{"rendered":"https:\/\/now-news.de\/de\/deutschland\/werde-ein-held-umstrittene-freiluftausstellung-in-warschau-entfernt\/"},"modified":"2024-10-29T22:50:07","modified_gmt":"2024-10-29T20:50:07","slug":"werde-ein-held-umstrittene-freiluftausstellung-in-warschau-entfernt","status":"publish","type":"post","link":"https:\/\/now-news.de\/de\/deutschland\/werde-ein-held-umstrittene-freiluftausstellung-in-warschau-entfernt\/","title":{"rendered":"&quot;Werde ein Held&quot; &#8211; Umstrittene Freiluftausstellung in Warschau entfernt"},"content":{"rendered":"<p><img decoding=\"async\" src=\"https:\/\/now-news.de\/de\/wp-content\/uploads\/sites\/3\/2024\/10\/6720cacd48fbef30fb60fdd1.jpg\" \/><\/p>\n<div class=\"Text-root Text-type_1 \">\n                In Warschau hat eine Ausstellung mit Bildern gefallener ukrainischer Soldaten f\u00fcr Aufregung gesorgt. Die Gesichter wurden aus den Fotos herausgeschnitten. Nach massiver Kritik wurde die Installation entfernt.\n            <\/div>\n<p><\/p>\n<div class=\"Text-root Text-type_5 ArticleView-text ViewText-root \">\n<p>In Warschau haben Aktivisten Fotos von gefallenen ukrainischen Soldaten installiert, bei denen die Gesichter ausgeschnitten waren. Die Ausstellung stand unter dem Motto &#8220;Werde ein Held&#8221;. Unter den Fotos standen die Geburts- und Sterbedaten der Gefallenen. Passanten konnten sich damit fotografieren lassen und so in die Rolle der &#8220;Helden&#8221; schl\u00fcpfen. Die Idee f\u00fchrte jedoch zu einer hitzigen Debatte \u00fcber den sensiblen Umgang mit Kriegsopfern.<\/p>\n<p>Als erste meldete sich eine ehemalige ukrainische Soldatin zu Wort, die in der Ausstellung ihr eigenes Foto\u00a0samt Todesdatum gefunden hatte. Den\u00a0Verantwortlichen warf sie vor, sie &#8220;lebendig begraben&#8221; zu wollen und die Gefallenen zu verh\u00f6hnen.<\/p>\n<p>&#8220;Die Leute kommen mit gl\u00fccklichen Gesichtern und machen Fotos. Es ist verr\u00fcckt. Auf dem Plakat steht &#8216;Werde ein Held&#8217;, als ob Helden nur Helden werden k\u00f6nnen, wenn sie tot sind&#8221;, bem\u00e4ngelte eine andere Nutzerin. Au\u00dferdem will sie falsche Todesdaten mehrerer Soldaten entdeckt haben.<\/p>\n<p>Nach einer Welle der Emp\u00f6rung entschuldigten sich die Verantwortlichen und erkl\u00e4rten, es sei nie ihre Absicht gewesen, die Gef\u00fchle der Menschen zu verletzen.<\/p>\n<blockquote>\n<p><em>&#8220;Im Gegenteil, wir wollten auf die enorme Selbstaufopferung aufmerksam machen, die im Kampf f\u00fcr die Freiheit der Ukraine und damit auch Polens notwendig war. In den Grafiken wurden Fotos von echten Menschen verwendet. Diese Bilder wurden bearbeitet und wir hatten das Gef\u00fchl, dass sie nicht wiederzuerkennen sind.&#8221;<\/em><\/p>\n<\/blockquote>\n<p>Man r\u00e4umte ein, dass die Bilder nicht ausreichend unkenntlich gemacht worden waren. Die umstrittene Installation wurde schlie\u00dflich entfernt und wird nicht mehr ausgestellt.<strong><\/strong><\/p>\n<p><strong>Mehr zum Thema &#8211; <\/strong><a rel=\"nofollow noopener\" target=\"_blank\" href=\"https:\/\/freedert.online\/europa\/220630-praesidentenflugzeug-in-warteschleife-ornithologe-als\/\">Warschau: Pr\u00e4sidentenflugzeug in der Warteschleife \u2013 Vogelkundler blockiert Landebahn<\/a><\/p>\n<div class=\"EmbedBlock-root EmbedBlock-externalVideo EmbedBlock-rumble\">\n<div class=\"VkEmbed\"><iframe class=\"lazyload\" data-src=\"https:\/\/rumble.com\/embed\/v5i84lo\" frameborder=\"0\" width=\"853\" height=\"480\" allowfullscreen><\/iframe><\/div>\n<\/div>\n<\/div>\n<p><br \/>\n<br \/><a href=\"https:\/\/de.rt.com\/europa\/223980-werde-held-umstrittene-freiluftausstellung-in\/\">Source link <\/a><\/p>\n","protected":false},"excerpt":{"rendered":"<p>In Warschau hat eine Ausstellung mit Bildern gefallener ukrainischer Soldaten f\u00fcr Aufregung gesorgt. Die Gesichter wurden aus den Fotos herausgeschnitten. Nach massiver Kritik wurde die Installation entfernt. In Warschau haben Aktivisten Fotos von gefallenen ukrainischen Soldaten installiert, bei denen die Gesichter ausgeschnitten waren. Die Ausstellung stand unter dem Motto &#8220;Werde ein Held&#8221;. Unter den Fotos [&hellip;]<\/p>\n","protected":false},"author":3,"featured_media":71640,"comment_status":"open","ping_status":"open","sticky":false,"template":"","format":"standard","meta":{"_yoast_indexnow_last_ping":["1730235362"],"wp_automatic_camp":["217"],"50c272bb8cc61aacbc68e0f99599b470":["&quot;Werde ein Held&quot; - Umstrittene Freiluftausstellung in Warschau entfernt"],"original_link":["https:\/\/de.rt.com\/europa\/223980-werde-held-umstrittene-freiluftausstellung-in\/"],"_thumbnail_id":["71640"],"_wptgpro_p2tg_sent2tg":["a:1:{i:23737;s:19:\"2024-10-29 22:57:06\";}"],"jnews_social_counter_last_update":["1777248845"]},"categories":[19,23],"tags":[357,3342,59820,59819,53193,13984,1366],"yoast_head":"<!-- This site is optimized with the Yoast SEO Premium plugin v22.7 (Yoast SEO v22.7) - https:\/\/yoast.com\/wordpress\/plugins\/seo\/ -->\n<title>&quot;Werde ein Held&quot; - Umstrittene Freiluftausstellung in Warschau entfernt - just-now.NEWS Deutschland<\/title>\n<meta name=\"robots\" content=\"index, follow, max-snippet:-1, max-image-preview:large, max-video-preview:-1\" \/>\n<link rel=\"canonical\" href=\"https:\/\/now-news.de\/de\/deutschland\/werde-ein-held-umstrittene-freiluftausstellung-in-warschau-entfernt\/\" \/>\n<meta property=\"og:locale\" content=\"de_DE\" \/>\n<meta property=\"og:type\" content=\"article\" \/>\n<meta property=\"og:title\" content=\"&quot;Werde ein Held&quot; - Umstrittene Freiluftausstellung in Warschau entfernt\" \/>\n<meta property=\"og:description\" content=\"In Warschau hat eine Ausstellung mit Bildern gefallener ukrainischer Soldaten f\u00fcr Aufregung gesorgt. Die Gesichter wurden aus den Fotos herausgeschnitten. Nach massiver Kritik wurde die Installation entfernt. In Warschau haben Aktivisten Fotos von gefallenen ukrainischen Soldaten installiert, bei denen die Gesichter ausgeschnitten waren. Die Ausstellung stand unter dem Motto &#8220;Werde ein Held&#8221;. Unter den Fotos [&hellip;]\" \/>\n<meta property=\"og:url\" content=\"https:\/\/now-news.de\/de\/deutschland\/werde-ein-held-umstrittene-freiluftausstellung-in-warschau-entfernt\/\" \/>\n<meta property=\"og:site_name\" content=\"just-now.NEWS Deutschland\" \/>\n<meta property=\"article:publisher\" content=\"https:\/\/www.facebook.com\/wirmachenauf\" \/>\n<meta property=\"article:published_time\" content=\"2024-10-29T20:50:07+00:00\" \/>\n<meta property=\"og:image\" content=\"https:\/\/now-news.de\/de\/wp-content\/uploads\/sites\/3\/2024\/10\/6720cacd48fbef30fb60fdd1.jpg\" \/>\n<meta name=\"author\" content=\"rtnews\" \/>\n<meta name=\"twitter:card\" content=\"summary_large_image\" \/>\n<meta name=\"twitter:creator\" content=\"@WirMachenAuf_de\" \/>\n<meta name=\"twitter:site\" content=\"@WirMachenAuf_de\" \/>\n<meta name=\"twitter:label1\" content=\"Verfasst von\" \/>\n\t<meta name=\"twitter:data1\" content=\"rtnews\" \/>\n\t<meta name=\"twitter:label2\" content=\"Gesch\u00e4tzte Lesezeit\" \/>\n\t<meta name=\"twitter:data2\" content=\"1\u00a0Minute\" \/>\n<script type=\"application\/ld+json\" class=\"yoast-schema-graph\">{\"@context\":\"https:\/\/schema.org\",\"@graph\":[{\"@type\":\"Article\",\"@id\":\"https:\/\/now-news.de\/de\/deutschland\/werde-ein-held-umstrittene-freiluftausstellung-in-warschau-entfernt\/#article\",\"isPartOf\":{\"@id\":\"https:\/\/now-news.de\/de\/deutschland\/werde-ein-held-umstrittene-freiluftausstellung-in-warschau-entfernt\/\"},\"author\":{\"name\":\"rtnews\",\"@id\":\"https:\/\/now-news.de\/de\/#\/schema\/person\/fb534a4e865501d8b3285208df34a9b5\"},\"headline\":\"&quot;Werde ein Held&quot; &#8211; Umstrittene Freiluftausstellung in Warschau entfernt\",\"datePublished\":\"2024-10-29T20:50:07+00:00\",\"dateModified\":\"2024-10-29T20:50:07+00:00\",\"mainEntityOfPage\":{\"@id\":\"https:\/\/now-news.de\/de\/deutschland\/werde-ein-held-umstrittene-freiluftausstellung-in-warschau-entfernt\/\"},\"wordCount\":305,\"commentCount\":0,\"publisher\":{\"@id\":\"https:\/\/now-news.de\/de\/#organization\"},\"image\":{\"@id\":\"https:\/\/now-news.de\/de\/deutschland\/werde-ein-held-umstrittene-freiluftausstellung-in-warschau-entfernt\/#primaryimage\"},\"thumbnailUrl\":\"https:\/\/now-news.de\/de\/wp-content\/uploads\/sites\/3\/2024\/10\/quotWerde-ein-Heldquot-Umstrittene-Freiluftausstellung-in-Warschau-entfernt.jpg\",\"keywords\":[\"ein\",\"entfernt\",\"Freiluftausstellung\",\"Heldquot\",\"quotWerde\",\"umstrittene\",\"Warschau\"],\"articleSection\":[\"Deutschland\",\"Russland\"],\"inLanguage\":\"de\",\"potentialAction\":[{\"@type\":\"CommentAction\",\"name\":\"Comment\",\"target\":[\"https:\/\/now-news.de\/de\/deutschland\/werde-ein-held-umstrittene-freiluftausstellung-in-warschau-entfernt\/#respond\"]}]},{\"@type\":\"WebPage\",\"@id\":\"https:\/\/now-news.de\/de\/deutschland\/werde-ein-held-umstrittene-freiluftausstellung-in-warschau-entfernt\/\",\"url\":\"https:\/\/now-news.de\/de\/deutschland\/werde-ein-held-umstrittene-freiluftausstellung-in-warschau-entfernt\/\",\"name\":\"&quot;Werde ein Held&quot; - Umstrittene Freiluftausstellung in Warschau entfernt - just-now.NEWS Deutschland\",\"isPartOf\":{\"@id\":\"https:\/\/now-news.de\/de\/#website\"},\"primaryImageOfPage\":{\"@id\":\"https:\/\/now-news.de\/de\/deutschland\/werde-ein-held-umstrittene-freiluftausstellung-in-warschau-entfernt\/#primaryimage\"},\"image\":{\"@id\":\"https:\/\/now-news.de\/de\/deutschland\/werde-ein-held-umstrittene-freiluftausstellung-in-warschau-entfernt\/#primaryimage\"},\"thumbnailUrl\":\"https:\/\/now-news.de\/de\/wp-content\/uploads\/sites\/3\/2024\/10\/quotWerde-ein-Heldquot-Umstrittene-Freiluftausstellung-in-Warschau-entfernt.jpg\",\"datePublished\":\"2024-10-29T20:50:07+00:00\",\"dateModified\":\"2024-10-29T20:50:07+00:00\",\"breadcrumb\":{\"@id\":\"https:\/\/now-news.de\/de\/deutschland\/werde-ein-held-umstrittene-freiluftausstellung-in-warschau-entfernt\/#breadcrumb\"},\"inLanguage\":\"de\",\"potentialAction\":[{\"@type\":\"ReadAction\",\"target\":[\"https:\/\/now-news.de\/de\/deutschland\/werde-ein-held-umstrittene-freiluftausstellung-in-warschau-entfernt\/\"]}]},{\"@type\":\"ImageObject\",\"inLanguage\":\"de\",\"@id\":\"https:\/\/now-news.de\/de\/deutschland\/werde-ein-held-umstrittene-freiluftausstellung-in-warschau-entfernt\/#primaryimage\",\"url\":\"https:\/\/now-news.de\/de\/wp-content\/uploads\/sites\/3\/2024\/10\/quotWerde-ein-Heldquot-Umstrittene-Freiluftausstellung-in-Warschau-entfernt.jpg\",\"contentUrl\":\"https:\/\/now-news.de\/de\/wp-content\/uploads\/sites\/3\/2024\/10\/quotWerde-ein-Heldquot-Umstrittene-Freiluftausstellung-in-Warschau-entfernt.jpg\",\"width\":460,\"height\":259,\"caption\":\"&quot;Werde ein Held&quot; - Umstrittene Freiluftausstellung in Warschau entfernt\"},{\"@type\":\"BreadcrumbList\",\"@id\":\"https:\/\/now-news.de\/de\/deutschland\/werde-ein-held-umstrittene-freiluftausstellung-in-warschau-entfernt\/#breadcrumb\",\"itemListElement\":[{\"@type\":\"ListItem\",\"position\":1,\"name\":\"Home\",\"item\":\"https:\/\/now-news.de\/de\/\"},{\"@type\":\"ListItem\",\"position\":2,\"name\":\"&quot;Werde ein Held&quot; &#8211; Umstrittene Freiluftausstellung in Warschau entfernt\"}]},{\"@type\":\"WebSite\",\"@id\":\"https:\/\/now-news.de\/de\/#website\",\"url\":\"https:\/\/now-news.de\/de\/\",\"name\":\"just-now.NEWS Deutschland\",\"description\":\"Das Portal f\u00fcr unzensierte Nachrichten aus der Welt\",\"publisher\":{\"@id\":\"https:\/\/now-news.de\/de\/#organization\"},\"potentialAction\":[{\"@type\":\"SearchAction\",\"target\":{\"@type\":\"EntryPoint\",\"urlTemplate\":\"https:\/\/now-news.de\/de\/?s={search_term_string}\"},\"query-input\":\"required name=search_term_string\"}],\"inLanguage\":\"de\"},{\"@type\":\"Organization\",\"@id\":\"https:\/\/now-news.de\/de\/#organization\",\"name\":\"Just Now News\",\"url\":\"https:\/\/now-news.de\/de\/\",\"logo\":{\"@type\":\"ImageObject\",\"inLanguage\":\"de\",\"@id\":\"https:\/\/now-news.de\/de\/#\/schema\/logo\/image\/\",\"url\":\"http:\/\/just-now.news\/de\/wp-content\/uploads\/sites\/3\/2022\/04\/logo500x500.jpg\",\"contentUrl\":\"http:\/\/just-now.news\/de\/wp-content\/uploads\/sites\/3\/2022\/04\/logo500x500.jpg\",\"width\":500,\"height\":500,\"caption\":\"Just Now News\"},\"image\":{\"@id\":\"https:\/\/now-news.de\/de\/#\/schema\/logo\/image\/\"},\"sameAs\":[\"https:\/\/www.facebook.com\/wirmachenauf\",\"https:\/\/x.com\/WirMachenAuf_de\"]},{\"@type\":\"Person\",\"@id\":\"https:\/\/now-news.de\/de\/#\/schema\/person\/fb534a4e865501d8b3285208df34a9b5\",\"name\":\"rtnews\",\"image\":{\"@type\":\"ImageObject\",\"inLanguage\":\"de\",\"@id\":\"https:\/\/now-news.de\/de\/#\/schema\/person\/image\/\",\"url\":\"https:\/\/secure.gravatar.com\/avatar\/82aafea7d8127119dd649515f56e2117?s=96&d=mm&r=g\",\"contentUrl\":\"https:\/\/secure.gravatar.com\/avatar\/82aafea7d8127119dd649515f56e2117?s=96&d=mm&r=g\",\"caption\":\"rtnews\"},\"url\":\"https:\/\/now-news.de\/de\/author\/rnews\/\"}]}<\/script>\n<!-- \/ Yoast SEO Premium plugin. -->","yoast_head_json":{"title":"&quot;Werde ein Held&quot; - Umstrittene Freiluftausstellung in Warschau entfernt - just-now.NEWS Deutschland","robots":{"index":"index","follow":"follow","max-snippet":"max-snippet:-1","max-image-preview":"max-image-preview:large","max-video-preview":"max-video-preview:-1"},"canonical":"https:\/\/now-news.de\/de\/deutschland\/werde-ein-held-umstrittene-freiluftausstellung-in-warschau-entfernt\/","og_locale":"de_DE","og_type":"article","og_title":"&quot;Werde ein Held&quot; - Umstrittene Freiluftausstellung in Warschau entfernt","og_description":"In Warschau hat eine Ausstellung mit Bildern gefallener ukrainischer Soldaten f\u00fcr Aufregung gesorgt. Die Gesichter wurden aus den Fotos herausgeschnitten. Nach massiver Kritik wurde die Installation entfernt. In Warschau haben Aktivisten Fotos von gefallenen ukrainischen Soldaten installiert, bei denen die Gesichter ausgeschnitten waren. Die Ausstellung stand unter dem Motto &#8220;Werde ein Held&#8221;. Unter den Fotos [&hellip;]","og_url":"https:\/\/now-news.de\/de\/deutschland\/werde-ein-held-umstrittene-freiluftausstellung-in-warschau-entfernt\/","og_site_name":"just-now.NEWS Deutschland","article_publisher":"https:\/\/www.facebook.com\/wirmachenauf","article_published_time":"2024-10-29T20:50:07+00:00","og_image":[{"url":"https:\/\/now-news.de\/de\/wp-content\/uploads\/sites\/3\/2024\/10\/6720cacd48fbef30fb60fdd1.jpg"}],"author":"rtnews","twitter_card":"summary_large_image","twitter_creator":"@WirMachenAuf_de","twitter_site":"@WirMachenAuf_de","twitter_misc":{"Verfasst von":"rtnews","Gesch\u00e4tzte Lesezeit":"1\u00a0Minute"},"schema":{"@context":"https:\/\/schema.org","@graph":[{"@type":"Article","@id":"https:\/\/now-news.de\/de\/deutschland\/werde-ein-held-umstrittene-freiluftausstellung-in-warschau-entfernt\/#article","isPartOf":{"@id":"https:\/\/now-news.de\/de\/deutschland\/werde-ein-held-umstrittene-freiluftausstellung-in-warschau-entfernt\/"},"author":{"name":"rtnews","@id":"https:\/\/now-news.de\/de\/#\/schema\/person\/fb534a4e865501d8b3285208df34a9b5"},"headline":"&quot;Werde ein Held&quot; &#8211; Umstrittene Freiluftausstellung in Warschau entfernt","datePublished":"2024-10-29T20:50:07+00:00","dateModified":"2024-10-29T20:50:07+00:00","mainEntityOfPage":{"@id":"https:\/\/now-news.de\/de\/deutschland\/werde-ein-held-umstrittene-freiluftausstellung-in-warschau-entfernt\/"},"wordCount":305,"commentCount":0,"publisher":{"@id":"https:\/\/now-news.de\/de\/#organization"},"image":{"@id":"https:\/\/now-news.de\/de\/deutschland\/werde-ein-held-umstrittene-freiluftausstellung-in-warschau-entfernt\/#primaryimage"},"thumbnailUrl":"https:\/\/now-news.de\/de\/wp-content\/uploads\/sites\/3\/2024\/10\/quotWerde-ein-Heldquot-Umstrittene-Freiluftausstellung-in-Warschau-entfernt.jpg","keywords":["ein","entfernt","Freiluftausstellung","Heldquot","quotWerde","umstrittene","Warschau"],"articleSection":["Deutschland","Russland"],"inLanguage":"de","potentialAction":[{"@type":"CommentAction","name":"Comment","target":["https:\/\/now-news.de\/de\/deutschland\/werde-ein-held-umstrittene-freiluftausstellung-in-warschau-entfernt\/#respond"]}]},{"@type":"WebPage","@id":"https:\/\/now-news.de\/de\/deutschland\/werde-ein-held-umstrittene-freiluftausstellung-in-warschau-entfernt\/","url":"https:\/\/now-news.de\/de\/deutschland\/werde-ein-held-umstrittene-freiluftausstellung-in-warschau-entfernt\/","name":"&quot;Werde ein Held&quot; - Umstrittene Freiluftausstellung in Warschau entfernt - just-now.NEWS Deutschland","isPartOf":{"@id":"https:\/\/now-news.de\/de\/#website"},"primaryImageOfPage":{"@id":"https:\/\/now-news.de\/de\/deutschland\/werde-ein-held-umstrittene-freiluftausstellung-in-warschau-entfernt\/#primaryimage"},"image":{"@id":"https:\/\/now-news.de\/de\/deutschland\/werde-ein-held-umstrittene-freiluftausstellung-in-warschau-entfernt\/#primaryimage"},"thumbnailUrl":"https:\/\/now-news.de\/de\/wp-content\/uploads\/sites\/3\/2024\/10\/quotWerde-ein-Heldquot-Umstrittene-Freiluftausstellung-in-Warschau-entfernt.jpg","datePublished":"2024-10-29T20:50:07+00:00","dateModified":"2024-10-29T20:50:07+00:00","breadcrumb":{"@id":"https:\/\/now-news.de\/de\/deutschland\/werde-ein-held-umstrittene-freiluftausstellung-in-warschau-entfernt\/#breadcrumb"},"inLanguage":"de","potentialAction":[{"@type":"ReadAction","target":["https:\/\/now-news.de\/de\/deutschland\/werde-ein-held-umstrittene-freiluftausstellung-in-warschau-entfernt\/"]}]},{"@type":"ImageObject","inLanguage":"de","@id":"https:\/\/now-news.de\/de\/deutschland\/werde-ein-held-umstrittene-freiluftausstellung-in-warschau-entfernt\/#primaryimage","url":"https:\/\/now-news.de\/de\/wp-content\/uploads\/sites\/3\/2024\/10\/quotWerde-ein-Heldquot-Umstrittene-Freiluftausstellung-in-Warschau-entfernt.jpg","contentUrl":"https:\/\/now-news.de\/de\/wp-content\/uploads\/sites\/3\/2024\/10\/quotWerde-ein-Heldquot-Umstrittene-Freiluftausstellung-in-Warschau-entfernt.jpg","width":460,"height":259,"caption":"&quot;Werde ein Held&quot; - Umstrittene Freiluftausstellung in Warschau entfernt"},{"@type":"BreadcrumbList","@id":"https:\/\/now-news.de\/de\/deutschland\/werde-ein-held-umstrittene-freiluftausstellung-in-warschau-entfernt\/#breadcrumb","itemListElement":[{"@type":"ListItem","position":1,"name":"Home","item":"https:\/\/now-news.de\/de\/"},{"@type":"ListItem","position":2,"name":"&quot;Werde ein Held&quot; &#8211; Umstrittene Freiluftausstellung in Warschau entfernt"}]},{"@type":"WebSite","@id":"https:\/\/now-news.de\/de\/#website","url":"https:\/\/now-news.de\/de\/","name":"just-now.NEWS Deutschland","description":"Das Portal f\u00fcr unzensierte Nachrichten aus der Welt","publisher":{"@id":"https:\/\/now-news.de\/de\/#organization"},"potentialAction":[{"@type":"SearchAction","target":{"@type":"EntryPoint","urlTemplate":"https:\/\/now-news.de\/de\/?s={search_term_string}"},"query-input":"required name=search_term_string"}],"inLanguage":"de"},{"@type":"Organization","@id":"https:\/\/now-news.de\/de\/#organization","name":"Just Now News","url":"https:\/\/now-news.de\/de\/","logo":{"@type":"ImageObject","inLanguage":"de","@id":"https:\/\/now-news.de\/de\/#\/schema\/logo\/image\/","url":"http:\/\/just-now.news\/de\/wp-content\/uploads\/sites\/3\/2022\/04\/logo500x500.jpg","contentUrl":"http:\/\/just-now.news\/de\/wp-content\/uploads\/sites\/3\/2022\/04\/logo500x500.jpg","width":500,"height":500,"caption":"Just Now News"},"image":{"@id":"https:\/\/now-news.de\/de\/#\/schema\/logo\/image\/"},"sameAs":["https:\/\/www.facebook.com\/wirmachenauf","https:\/\/x.com\/WirMachenAuf_de"]},{"@type":"Person","@id":"https:\/\/now-news.de\/de\/#\/schema\/person\/fb534a4e865501d8b3285208df34a9b5","name":"rtnews","image":{"@type":"ImageObject","inLanguage":"de","@id":"https:\/\/now-news.de\/de\/#\/schema\/person\/image\/","url":"https:\/\/secure.gravatar.com\/avatar\/82aafea7d8127119dd649515f56e2117?s=96&d=mm&r=g","contentUrl":"https:\/\/secure.gravatar.com\/avatar\/82aafea7d8127119dd649515f56e2117?s=96&d=mm&r=g","caption":"rtnews"},"url":"https:\/\/now-news.de\/de\/author\/rnews\/"}]}},"_links":{"self":[{"href":"https:\/\/now-news.de\/de\/wp-json\/wp\/v2\/posts\/71639"}],"collection":[{"href":"https:\/\/now-news.de\/de\/wp-json\/wp\/v2\/posts"}],"about":[{"href":"https:\/\/now-news.de\/de\/wp-json\/wp\/v2\/types\/post"}],"author":[{"embeddable":true,"href":"https:\/\/now-news.de\/de\/wp-json\/wp\/v2\/users\/3"}],"replies":[{"embeddable":true,"href":"https:\/\/now-news.de\/de\/wp-json\/wp\/v2\/comments?post=71639"}],"version-history":[{"count":0,"href":"https:\/\/now-news.de\/de\/wp-json\/wp\/v2\/posts\/71639\/revisions"}],"wp:featuredmedia":[{"embeddable":true,"href":"https:\/\/now-news.de\/de\/wp-json\/wp\/v2\/media\/71640"}],"wp:attachment":[{"href":"https:\/\/now-news.de\/de\/wp-json\/wp\/v2\/media?parent=71639"}],"wp:term":[{"taxonomy":"category","embeddable":true,"href":"https:\/\/now-news.de\/de\/wp-json\/wp\/v2\/categories?post=71639"},{"taxonomy":"post_tag","embeddable":true,"href":"https:\/\/now-news.de\/de\/wp-json\/wp\/v2\/tags?post=71639"}],"curies":[{"name":"wp","href":"https:\/\/api.w.org\/{rel}","templated":true}]}}