{"id":71633,"date":"2024-10-29T22:00:04","date_gmt":"2024-10-29T20:00:04","guid":{"rendered":"https:\/\/now-news.de\/de\/deutschland\/parlamentssprecherin-europaeisches-parlament-fuehrt-verleumdungskampagne-gegen-aserbaidschan\/"},"modified":"2024-10-29T22:00:04","modified_gmt":"2024-10-29T20:00:04","slug":"parlamentssprecherin-europaeisches-parlament-fuehrt-verleumdungskampagne-gegen-aserbaidschan","status":"publish","type":"post","link":"https:\/\/now-news.de\/de\/deutschland\/parlamentssprecherin-europaeisches-parlament-fuehrt-verleumdungskampagne-gegen-aserbaidschan\/","title":{"rendered":"Parlamentssprecherin: Europ\u00e4isches Parlament f\u00fchrt Verleumdungskampagne gegen Aserbaidschan"},"content":{"rendered":"<p><img decoding=\"async\" src=\"https:\/\/now-news.de\/de\/wp-content\/uploads\/sites\/3\/2024\/10\/6720c91ab480cc33915aae1f.jpg\" \/><\/p>\n<div class=\"Text-root Text-type_1 \">\n                Im Vorfeld der UN-Klimakonferenz, die im November in Baku ausgerichtet wird, fordert das Europ\u00e4ische Parlament Aserbaidschan unter anderem dazu auf, politische Gefangene freizulassen. Die aserbaidschanische Parlamentssprecherin spricht von Voreingenommenheit und L\u00fcgen.\n            <\/div>\n<p><\/p>\n<div class=\"Text-root Text-type_5 ArticleView-text ViewText-root \">\n<p>Vom 11. bis 22. November findet in der aserbaidschanischen Hauptstadt Baku die Klimakonferenz der Vereinten Nationen (COP29) statt. In einer Resolution vom 24. September <a rel=\"nofollow noopener\" target=\"_blank\" href=\"https:\/\/www.europarl.europa.eu\/news\/en\/press-room\/20241017IPR24740\/meps-denounce-violations-of-human-rights-and-international-law-by-azerbaijan\">appelliert<\/a> das Europ\u00e4ische Parlament an die Staats- und Regierungschefs, dieses Ereignis zum Anlass zu nehmen, um Baku unter anderem zur Freilassung politischer Gefangener aufzufordern. Br\u00fcssel sollte alles tun, um sicherzustellen, dass k\u00fcnftige UN-Klimagipfel nicht in L\u00e4ndern mit einer schlechten Menschenrechtsbilanz stattfinden, hie\u00df es.<\/p>\n<p>Sachiba Gafarowa, die Sprecherin des aserbaidschanischen Parlaments, \u00e4u\u00dferte sich zu der Angelegenheit auf einer Plenarsitzung des Parlaments am Dienstag. Ihr zufolge wurde Ende September im Europ\u00e4ischen Parlament eine weitere gegen Aserbaidschan gerichtete politische Aktion organisiert. Die Nachrichtenagentur <em>RIA Nowosti<\/em> zitiert die Sprecherin wie folgt:<\/p>\n<blockquote>\n<p><em>&#8220;Gegen unser Land wurde eine voreingenommene Resolution verabschiedet, die auf Verleumdung, L\u00fcgen und Fehlinformation beruhte. Es ist bedauerlich, dass das Europ\u00e4ische Parlament zu einem Instrument in den H\u00e4nden dunkler Kr\u00e4fte geworden ist, die eine feindselige und verleumderische Kampagne gegen Aserbaidschan f\u00fchren.&#8221;<\/em><\/p>\n<\/blockquote>\n<p>Mit Blick auf die Wiedereingliederung von Bergkarabach in die Republik Aserbaidschan Ende Oktober 2023 spricht Gafarowa von &#8220;b\u00f6sen Absichten der Kr\u00e4fte, die sich mit der Wiederherstellung der historischen Gerechtigkeit und des V\u00f6lkerrechts in der S\u00fcdkaukasus-Region nicht abfinden k\u00f6nnen&#8221;. Die Parlamentssprecherin im Wortlaut:<\/p>\n<blockquote>\n<p><em>&#8220;Ich vertrete die Ansicht, dass das Europ\u00e4ische Parlament mit dieser Resolution nicht nur eine voreingenommene Haltung gegen\u00fcber den historischen und modernen Realit\u00e4ten unserer Region zeigt, sondern auch die Souver\u00e4nit\u00e4t und territoriale Integrit\u00e4t unseres Staates in Frage stellt.&#8221;<\/em><\/p>\n<\/blockquote>\n<p>Bereits im Herbst 2020 hatte Aserbaidschan in einem kurzen Krieg gro\u00dfe Teile Bergkarabachs zur\u00fcckgewonnen, die seit Jahrzehnten von Armenien kontrolliert worden waren. Am 19. September 2023 startete Baku eine sogenannte Anti-Terror-Operation in der Region. Als Ziele der Operation erkl\u00e4rte man die Entwaffnung und den R\u00fcckzug der armenischen Truppen aus Bergkarabach, die R\u00fcckkehr in die &#8220;von der Besatzung befreiten Gebiete&#8221; und die &#8220;Wiederherstellung der verfassungsm\u00e4\u00dfigen Struktur Aserbaidschans&#8221;. Am 20. September erkl\u00e4rte Aserbaidschan den milit\u00e4rischen Sieg \u00fcber Armenien im Bergkarabach-Konflikt. Man habe in einer eint\u00e4gigen Milit\u00e4roperation die Herrschaft \u00fcber das Gebiet im S\u00fcdkaukasus wiederhergestellt, verk\u00fcndete Pr\u00e4sident Ilham Alijew.<\/p>\n<p>In einer Entschlie\u00dfung vom 24. September forderte das EU-Parlament Aserbaidschan dazu auf, seine Truppen &#8220;aus armenischem Hoheitsgebiet&#8221; abzuziehen. Das aserbaidschanische Parlament reagierte am selben Tag mit einer Erkl\u00e4rung, dass aus dem Vorgang nur die eine Schlussfolgerung gezogen werden k\u00f6nne, dass die unabh\u00e4ngige Politik von Baku manchen Menschen ernsthaft Sorgen bereite. Und weiter:<\/p>\n<blockquote>\n<p><em>&#8220;Sie vergessen jedoch, dass man mit Aserbaidschan nicht in der Sprache des Drucks und der Ultimaten sprechen kann.&#8221;<\/em><\/p>\n<\/blockquote>\n<p><strong>Mehr zum Thema<\/strong> &#8211; <a rel=\"nofollow noopener\" target=\"_blank\" href=\"https:\/\/freedert.online\/asien\/184041-alijew-thema-karabach-konflikt\/\">Alijew: Thema Bergkarabach-Konflikt endg\u00fcltig abgeschlossen17 Okt. 2023 18:01 Uhr<\/a><\/p>\n<\/div>\n<p><br \/>\n<br \/><a href=\"https:\/\/de.rt.com\/international\/223978-aserbaidschans-parlamentssprecherin-europaeische-parlament-fuehrt\/\">Source link <\/a><\/p>\n","protected":false},"excerpt":{"rendered":"<p>Im Vorfeld der UN-Klimakonferenz, die im November in Baku ausgerichtet wird, fordert das Europ\u00e4ische Parlament Aserbaidschan unter anderem dazu auf, politische Gefangene freizulassen. Die aserbaidschanische Parlamentssprecherin spricht von Voreingenommenheit und L\u00fcgen. Vom 11. bis 22. November findet in der aserbaidschanischen Hauptstadt Baku die Klimakonferenz der Vereinten Nationen (COP29) statt. In einer Resolution vom 24. September [&hellip;]<\/p>\n","protected":false},"author":3,"featured_media":71634,"comment_status":"open","ping_status":"open","sticky":false,"template":"","format":"standard","meta":{"_yoast_indexnow_last_ping":["1730232504"],"wp_automatic_camp":["217"],"b981de689267d32e939a510982c9cd6e":["Parlamentssprecherin: Europ\u00e4isches Parlament f\u00fchrt Verleumdungskampagne gegen Aserbaidschan"],"original_link":["https:\/\/de.rt.com\/international\/223978-aserbaidschans-parlamentssprecherin-europaeische-parlament-fuehrt\/"],"_thumbnail_id":["71634"],"_wptgpro_p2tg_sent2tg":["a:1:{i:23737;s:19:\"2024-10-29 22:09:33\";}"],"jnews_social_counter_last_update":["1777616853"]},"categories":[19,23],"tags":[10003,32652,3525,278,3832,59817,59818],"yoast_head":"<!-- This site is optimized with the Yoast SEO Premium plugin v22.7 (Yoast SEO v22.7) - https:\/\/yoast.com\/wordpress\/plugins\/seo\/ -->\n<title>Parlamentssprecherin: Europ\u00e4isches Parlament f\u00fchrt Verleumdungskampagne gegen Aserbaidschan - just-now.NEWS Deutschland<\/title>\n<meta name=\"robots\" content=\"index, follow, max-snippet:-1, max-image-preview:large, max-video-preview:-1\" \/>\n<link rel=\"canonical\" href=\"https:\/\/now-news.de\/de\/deutschland\/parlamentssprecherin-europaeisches-parlament-fuehrt-verleumdungskampagne-gegen-aserbaidschan\/\" \/>\n<meta property=\"og:locale\" content=\"de_DE\" \/>\n<meta property=\"og:type\" content=\"article\" \/>\n<meta property=\"og:title\" content=\"Parlamentssprecherin: Europ\u00e4isches Parlament f\u00fchrt Verleumdungskampagne gegen Aserbaidschan\" \/>\n<meta property=\"og:description\" content=\"Im Vorfeld der UN-Klimakonferenz, die im November in Baku ausgerichtet wird, fordert das Europ\u00e4ische Parlament Aserbaidschan unter anderem dazu auf, politische Gefangene freizulassen. Die aserbaidschanische Parlamentssprecherin spricht von Voreingenommenheit und L\u00fcgen. Vom 11. bis 22. November findet in der aserbaidschanischen Hauptstadt Baku die Klimakonferenz der Vereinten Nationen (COP29) statt. In einer Resolution vom 24. September [&hellip;]\" \/>\n<meta property=\"og:url\" content=\"https:\/\/now-news.de\/de\/deutschland\/parlamentssprecherin-europaeisches-parlament-fuehrt-verleumdungskampagne-gegen-aserbaidschan\/\" \/>\n<meta property=\"og:site_name\" content=\"just-now.NEWS Deutschland\" \/>\n<meta property=\"article:publisher\" content=\"https:\/\/www.facebook.com\/wirmachenauf\" \/>\n<meta property=\"article:published_time\" content=\"2024-10-29T20:00:04+00:00\" \/>\n<meta property=\"og:image\" content=\"https:\/\/now-news.de\/de\/wp-content\/uploads\/sites\/3\/2024\/10\/6720c91ab480cc33915aae1f.jpg\" \/>\n<meta name=\"author\" content=\"rtnews\" \/>\n<meta name=\"twitter:card\" content=\"summary_large_image\" \/>\n<meta name=\"twitter:creator\" content=\"@WirMachenAuf_de\" \/>\n<meta name=\"twitter:site\" content=\"@WirMachenAuf_de\" \/>\n<meta name=\"twitter:label1\" content=\"Verfasst von\" \/>\n\t<meta name=\"twitter:data1\" content=\"rtnews\" \/>\n\t<meta name=\"twitter:label2\" content=\"Gesch\u00e4tzte Lesezeit\" \/>\n\t<meta name=\"twitter:data2\" content=\"2\u00a0Minuten\" \/>\n<script type=\"application\/ld+json\" class=\"yoast-schema-graph\">{\"@context\":\"https:\/\/schema.org\",\"@graph\":[{\"@type\":\"Article\",\"@id\":\"https:\/\/now-news.de\/de\/deutschland\/parlamentssprecherin-europaeisches-parlament-fuehrt-verleumdungskampagne-gegen-aserbaidschan\/#article\",\"isPartOf\":{\"@id\":\"https:\/\/now-news.de\/de\/deutschland\/parlamentssprecherin-europaeisches-parlament-fuehrt-verleumdungskampagne-gegen-aserbaidschan\/\"},\"author\":{\"name\":\"rtnews\",\"@id\":\"https:\/\/now-news.de\/de\/#\/schema\/person\/fb534a4e865501d8b3285208df34a9b5\"},\"headline\":\"Parlamentssprecherin: Europ\u00e4isches Parlament f\u00fchrt Verleumdungskampagne gegen Aserbaidschan\",\"datePublished\":\"2024-10-29T20:00:04+00:00\",\"dateModified\":\"2024-10-29T20:00:04+00:00\",\"mainEntityOfPage\":{\"@id\":\"https:\/\/now-news.de\/de\/deutschland\/parlamentssprecherin-europaeisches-parlament-fuehrt-verleumdungskampagne-gegen-aserbaidschan\/\"},\"wordCount\":484,\"commentCount\":0,\"publisher\":{\"@id\":\"https:\/\/now-news.de\/de\/#organization\"},\"image\":{\"@id\":\"https:\/\/now-news.de\/de\/deutschland\/parlamentssprecherin-europaeisches-parlament-fuehrt-verleumdungskampagne-gegen-aserbaidschan\/#primaryimage\"},\"thumbnailUrl\":\"https:\/\/now-news.de\/de\/wp-content\/uploads\/sites\/3\/2024\/10\/Parlamentssprecherin-Europaeisches-Parlament-fuehrt-Verleumdungskampagne-gegen-Aserbaidschan.jpg\",\"keywords\":[\"Aserbaidschan\",\"europ\u00e4isches\",\"f\u00fchrt\",\"gegen\",\"Parlament\",\"Parlamentssprecherin\",\"Verleumdungskampagne\"],\"articleSection\":[\"Deutschland\",\"Russland\"],\"inLanguage\":\"de\",\"potentialAction\":[{\"@type\":\"CommentAction\",\"name\":\"Comment\",\"target\":[\"https:\/\/now-news.de\/de\/deutschland\/parlamentssprecherin-europaeisches-parlament-fuehrt-verleumdungskampagne-gegen-aserbaidschan\/#respond\"]}]},{\"@type\":\"WebPage\",\"@id\":\"https:\/\/now-news.de\/de\/deutschland\/parlamentssprecherin-europaeisches-parlament-fuehrt-verleumdungskampagne-gegen-aserbaidschan\/\",\"url\":\"https:\/\/now-news.de\/de\/deutschland\/parlamentssprecherin-europaeisches-parlament-fuehrt-verleumdungskampagne-gegen-aserbaidschan\/\",\"name\":\"Parlamentssprecherin: Europ\u00e4isches Parlament f\u00fchrt Verleumdungskampagne gegen Aserbaidschan - just-now.NEWS Deutschland\",\"isPartOf\":{\"@id\":\"https:\/\/now-news.de\/de\/#website\"},\"primaryImageOfPage\":{\"@id\":\"https:\/\/now-news.de\/de\/deutschland\/parlamentssprecherin-europaeisches-parlament-fuehrt-verleumdungskampagne-gegen-aserbaidschan\/#primaryimage\"},\"image\":{\"@id\":\"https:\/\/now-news.de\/de\/deutschland\/parlamentssprecherin-europaeisches-parlament-fuehrt-verleumdungskampagne-gegen-aserbaidschan\/#primaryimage\"},\"thumbnailUrl\":\"https:\/\/now-news.de\/de\/wp-content\/uploads\/sites\/3\/2024\/10\/Parlamentssprecherin-Europaeisches-Parlament-fuehrt-Verleumdungskampagne-gegen-Aserbaidschan.jpg\",\"datePublished\":\"2024-10-29T20:00:04+00:00\",\"dateModified\":\"2024-10-29T20:00:04+00:00\",\"breadcrumb\":{\"@id\":\"https:\/\/now-news.de\/de\/deutschland\/parlamentssprecherin-europaeisches-parlament-fuehrt-verleumdungskampagne-gegen-aserbaidschan\/#breadcrumb\"},\"inLanguage\":\"de\",\"potentialAction\":[{\"@type\":\"ReadAction\",\"target\":[\"https:\/\/now-news.de\/de\/deutschland\/parlamentssprecherin-europaeisches-parlament-fuehrt-verleumdungskampagne-gegen-aserbaidschan\/\"]}]},{\"@type\":\"ImageObject\",\"inLanguage\":\"de\",\"@id\":\"https:\/\/now-news.de\/de\/deutschland\/parlamentssprecherin-europaeisches-parlament-fuehrt-verleumdungskampagne-gegen-aserbaidschan\/#primaryimage\",\"url\":\"https:\/\/now-news.de\/de\/wp-content\/uploads\/sites\/3\/2024\/10\/Parlamentssprecherin-Europaeisches-Parlament-fuehrt-Verleumdungskampagne-gegen-Aserbaidschan.jpg\",\"contentUrl\":\"https:\/\/now-news.de\/de\/wp-content\/uploads\/sites\/3\/2024\/10\/Parlamentssprecherin-Europaeisches-Parlament-fuehrt-Verleumdungskampagne-gegen-Aserbaidschan.jpg\",\"width\":460,\"height\":259,\"caption\":\"Parlamentssprecherin: Europ\u00e4isches Parlament f\u00fchrt Verleumdungskampagne gegen Aserbaidschan\"},{\"@type\":\"BreadcrumbList\",\"@id\":\"https:\/\/now-news.de\/de\/deutschland\/parlamentssprecherin-europaeisches-parlament-fuehrt-verleumdungskampagne-gegen-aserbaidschan\/#breadcrumb\",\"itemListElement\":[{\"@type\":\"ListItem\",\"position\":1,\"name\":\"Home\",\"item\":\"https:\/\/now-news.de\/de\/\"},{\"@type\":\"ListItem\",\"position\":2,\"name\":\"Parlamentssprecherin: Europ\u00e4isches Parlament f\u00fchrt Verleumdungskampagne gegen Aserbaidschan\"}]},{\"@type\":\"WebSite\",\"@id\":\"https:\/\/now-news.de\/de\/#website\",\"url\":\"https:\/\/now-news.de\/de\/\",\"name\":\"just-now.NEWS Deutschland\",\"description\":\"Das Portal f\u00fcr unzensierte Nachrichten aus der Welt\",\"publisher\":{\"@id\":\"https:\/\/now-news.de\/de\/#organization\"},\"potentialAction\":[{\"@type\":\"SearchAction\",\"target\":{\"@type\":\"EntryPoint\",\"urlTemplate\":\"https:\/\/now-news.de\/de\/?s={search_term_string}\"},\"query-input\":\"required name=search_term_string\"}],\"inLanguage\":\"de\"},{\"@type\":\"Organization\",\"@id\":\"https:\/\/now-news.de\/de\/#organization\",\"name\":\"Just Now News\",\"url\":\"https:\/\/now-news.de\/de\/\",\"logo\":{\"@type\":\"ImageObject\",\"inLanguage\":\"de\",\"@id\":\"https:\/\/now-news.de\/de\/#\/schema\/logo\/image\/\",\"url\":\"http:\/\/just-now.news\/de\/wp-content\/uploads\/sites\/3\/2022\/04\/logo500x500.jpg\",\"contentUrl\":\"http:\/\/just-now.news\/de\/wp-content\/uploads\/sites\/3\/2022\/04\/logo500x500.jpg\",\"width\":500,\"height\":500,\"caption\":\"Just Now News\"},\"image\":{\"@id\":\"https:\/\/now-news.de\/de\/#\/schema\/logo\/image\/\"},\"sameAs\":[\"https:\/\/www.facebook.com\/wirmachenauf\",\"https:\/\/x.com\/WirMachenAuf_de\"]},{\"@type\":\"Person\",\"@id\":\"https:\/\/now-news.de\/de\/#\/schema\/person\/fb534a4e865501d8b3285208df34a9b5\",\"name\":\"rtnews\",\"image\":{\"@type\":\"ImageObject\",\"inLanguage\":\"de\",\"@id\":\"https:\/\/now-news.de\/de\/#\/schema\/person\/image\/\",\"url\":\"https:\/\/secure.gravatar.com\/avatar\/82aafea7d8127119dd649515f56e2117?s=96&d=mm&r=g\",\"contentUrl\":\"https:\/\/secure.gravatar.com\/avatar\/82aafea7d8127119dd649515f56e2117?s=96&d=mm&r=g\",\"caption\":\"rtnews\"},\"url\":\"https:\/\/now-news.de\/de\/author\/rnews\/\"}]}<\/script>\n<!-- \/ Yoast SEO Premium plugin. -->","yoast_head_json":{"title":"Parlamentssprecherin: Europ\u00e4isches Parlament f\u00fchrt Verleumdungskampagne gegen Aserbaidschan - just-now.NEWS Deutschland","robots":{"index":"index","follow":"follow","max-snippet":"max-snippet:-1","max-image-preview":"max-image-preview:large","max-video-preview":"max-video-preview:-1"},"canonical":"https:\/\/now-news.de\/de\/deutschland\/parlamentssprecherin-europaeisches-parlament-fuehrt-verleumdungskampagne-gegen-aserbaidschan\/","og_locale":"de_DE","og_type":"article","og_title":"Parlamentssprecherin: Europ\u00e4isches Parlament f\u00fchrt Verleumdungskampagne gegen Aserbaidschan","og_description":"Im Vorfeld der UN-Klimakonferenz, die im November in Baku ausgerichtet wird, fordert das Europ\u00e4ische Parlament Aserbaidschan unter anderem dazu auf, politische Gefangene freizulassen. Die aserbaidschanische Parlamentssprecherin spricht von Voreingenommenheit und L\u00fcgen. Vom 11. bis 22. November findet in der aserbaidschanischen Hauptstadt Baku die Klimakonferenz der Vereinten Nationen (COP29) statt. In einer Resolution vom 24. September [&hellip;]","og_url":"https:\/\/now-news.de\/de\/deutschland\/parlamentssprecherin-europaeisches-parlament-fuehrt-verleumdungskampagne-gegen-aserbaidschan\/","og_site_name":"just-now.NEWS Deutschland","article_publisher":"https:\/\/www.facebook.com\/wirmachenauf","article_published_time":"2024-10-29T20:00:04+00:00","og_image":[{"url":"https:\/\/now-news.de\/de\/wp-content\/uploads\/sites\/3\/2024\/10\/6720c91ab480cc33915aae1f.jpg"}],"author":"rtnews","twitter_card":"summary_large_image","twitter_creator":"@WirMachenAuf_de","twitter_site":"@WirMachenAuf_de","twitter_misc":{"Verfasst von":"rtnews","Gesch\u00e4tzte Lesezeit":"2\u00a0Minuten"},"schema":{"@context":"https:\/\/schema.org","@graph":[{"@type":"Article","@id":"https:\/\/now-news.de\/de\/deutschland\/parlamentssprecherin-europaeisches-parlament-fuehrt-verleumdungskampagne-gegen-aserbaidschan\/#article","isPartOf":{"@id":"https:\/\/now-news.de\/de\/deutschland\/parlamentssprecherin-europaeisches-parlament-fuehrt-verleumdungskampagne-gegen-aserbaidschan\/"},"author":{"name":"rtnews","@id":"https:\/\/now-news.de\/de\/#\/schema\/person\/fb534a4e865501d8b3285208df34a9b5"},"headline":"Parlamentssprecherin: Europ\u00e4isches Parlament f\u00fchrt Verleumdungskampagne gegen Aserbaidschan","datePublished":"2024-10-29T20:00:04+00:00","dateModified":"2024-10-29T20:00:04+00:00","mainEntityOfPage":{"@id":"https:\/\/now-news.de\/de\/deutschland\/parlamentssprecherin-europaeisches-parlament-fuehrt-verleumdungskampagne-gegen-aserbaidschan\/"},"wordCount":484,"commentCount":0,"publisher":{"@id":"https:\/\/now-news.de\/de\/#organization"},"image":{"@id":"https:\/\/now-news.de\/de\/deutschland\/parlamentssprecherin-europaeisches-parlament-fuehrt-verleumdungskampagne-gegen-aserbaidschan\/#primaryimage"},"thumbnailUrl":"https:\/\/now-news.de\/de\/wp-content\/uploads\/sites\/3\/2024\/10\/Parlamentssprecherin-Europaeisches-Parlament-fuehrt-Verleumdungskampagne-gegen-Aserbaidschan.jpg","keywords":["Aserbaidschan","europ\u00e4isches","f\u00fchrt","gegen","Parlament","Parlamentssprecherin","Verleumdungskampagne"],"articleSection":["Deutschland","Russland"],"inLanguage":"de","potentialAction":[{"@type":"CommentAction","name":"Comment","target":["https:\/\/now-news.de\/de\/deutschland\/parlamentssprecherin-europaeisches-parlament-fuehrt-verleumdungskampagne-gegen-aserbaidschan\/#respond"]}]},{"@type":"WebPage","@id":"https:\/\/now-news.de\/de\/deutschland\/parlamentssprecherin-europaeisches-parlament-fuehrt-verleumdungskampagne-gegen-aserbaidschan\/","url":"https:\/\/now-news.de\/de\/deutschland\/parlamentssprecherin-europaeisches-parlament-fuehrt-verleumdungskampagne-gegen-aserbaidschan\/","name":"Parlamentssprecherin: Europ\u00e4isches Parlament f\u00fchrt Verleumdungskampagne gegen Aserbaidschan - just-now.NEWS Deutschland","isPartOf":{"@id":"https:\/\/now-news.de\/de\/#website"},"primaryImageOfPage":{"@id":"https:\/\/now-news.de\/de\/deutschland\/parlamentssprecherin-europaeisches-parlament-fuehrt-verleumdungskampagne-gegen-aserbaidschan\/#primaryimage"},"image":{"@id":"https:\/\/now-news.de\/de\/deutschland\/parlamentssprecherin-europaeisches-parlament-fuehrt-verleumdungskampagne-gegen-aserbaidschan\/#primaryimage"},"thumbnailUrl":"https:\/\/now-news.de\/de\/wp-content\/uploads\/sites\/3\/2024\/10\/Parlamentssprecherin-Europaeisches-Parlament-fuehrt-Verleumdungskampagne-gegen-Aserbaidschan.jpg","datePublished":"2024-10-29T20:00:04+00:00","dateModified":"2024-10-29T20:00:04+00:00","breadcrumb":{"@id":"https:\/\/now-news.de\/de\/deutschland\/parlamentssprecherin-europaeisches-parlament-fuehrt-verleumdungskampagne-gegen-aserbaidschan\/#breadcrumb"},"inLanguage":"de","potentialAction":[{"@type":"ReadAction","target":["https:\/\/now-news.de\/de\/deutschland\/parlamentssprecherin-europaeisches-parlament-fuehrt-verleumdungskampagne-gegen-aserbaidschan\/"]}]},{"@type":"ImageObject","inLanguage":"de","@id":"https:\/\/now-news.de\/de\/deutschland\/parlamentssprecherin-europaeisches-parlament-fuehrt-verleumdungskampagne-gegen-aserbaidschan\/#primaryimage","url":"https:\/\/now-news.de\/de\/wp-content\/uploads\/sites\/3\/2024\/10\/Parlamentssprecherin-Europaeisches-Parlament-fuehrt-Verleumdungskampagne-gegen-Aserbaidschan.jpg","contentUrl":"https:\/\/now-news.de\/de\/wp-content\/uploads\/sites\/3\/2024\/10\/Parlamentssprecherin-Europaeisches-Parlament-fuehrt-Verleumdungskampagne-gegen-Aserbaidschan.jpg","width":460,"height":259,"caption":"Parlamentssprecherin: Europ\u00e4isches Parlament f\u00fchrt Verleumdungskampagne gegen Aserbaidschan"},{"@type":"BreadcrumbList","@id":"https:\/\/now-news.de\/de\/deutschland\/parlamentssprecherin-europaeisches-parlament-fuehrt-verleumdungskampagne-gegen-aserbaidschan\/#breadcrumb","itemListElement":[{"@type":"ListItem","position":1,"name":"Home","item":"https:\/\/now-news.de\/de\/"},{"@type":"ListItem","position":2,"name":"Parlamentssprecherin: Europ\u00e4isches Parlament f\u00fchrt Verleumdungskampagne gegen Aserbaidschan"}]},{"@type":"WebSite","@id":"https:\/\/now-news.de\/de\/#website","url":"https:\/\/now-news.de\/de\/","name":"just-now.NEWS Deutschland","description":"Das Portal f\u00fcr unzensierte Nachrichten aus der Welt","publisher":{"@id":"https:\/\/now-news.de\/de\/#organization"},"potentialAction":[{"@type":"SearchAction","target":{"@type":"EntryPoint","urlTemplate":"https:\/\/now-news.de\/de\/?s={search_term_string}"},"query-input":"required name=search_term_string"}],"inLanguage":"de"},{"@type":"Organization","@id":"https:\/\/now-news.de\/de\/#organization","name":"Just Now News","url":"https:\/\/now-news.de\/de\/","logo":{"@type":"ImageObject","inLanguage":"de","@id":"https:\/\/now-news.de\/de\/#\/schema\/logo\/image\/","url":"http:\/\/just-now.news\/de\/wp-content\/uploads\/sites\/3\/2022\/04\/logo500x500.jpg","contentUrl":"http:\/\/just-now.news\/de\/wp-content\/uploads\/sites\/3\/2022\/04\/logo500x500.jpg","width":500,"height":500,"caption":"Just Now News"},"image":{"@id":"https:\/\/now-news.de\/de\/#\/schema\/logo\/image\/"},"sameAs":["https:\/\/www.facebook.com\/wirmachenauf","https:\/\/x.com\/WirMachenAuf_de"]},{"@type":"Person","@id":"https:\/\/now-news.de\/de\/#\/schema\/person\/fb534a4e865501d8b3285208df34a9b5","name":"rtnews","image":{"@type":"ImageObject","inLanguage":"de","@id":"https:\/\/now-news.de\/de\/#\/schema\/person\/image\/","url":"https:\/\/secure.gravatar.com\/avatar\/82aafea7d8127119dd649515f56e2117?s=96&d=mm&r=g","contentUrl":"https:\/\/secure.gravatar.com\/avatar\/82aafea7d8127119dd649515f56e2117?s=96&d=mm&r=g","caption":"rtnews"},"url":"https:\/\/now-news.de\/de\/author\/rnews\/"}]}},"_links":{"self":[{"href":"https:\/\/now-news.de\/de\/wp-json\/wp\/v2\/posts\/71633"}],"collection":[{"href":"https:\/\/now-news.de\/de\/wp-json\/wp\/v2\/posts"}],"about":[{"href":"https:\/\/now-news.de\/de\/wp-json\/wp\/v2\/types\/post"}],"author":[{"embeddable":true,"href":"https:\/\/now-news.de\/de\/wp-json\/wp\/v2\/users\/3"}],"replies":[{"embeddable":true,"href":"https:\/\/now-news.de\/de\/wp-json\/wp\/v2\/comments?post=71633"}],"version-history":[{"count":0,"href":"https:\/\/now-news.de\/de\/wp-json\/wp\/v2\/posts\/71633\/revisions"}],"wp:featuredmedia":[{"embeddable":true,"href":"https:\/\/now-news.de\/de\/wp-json\/wp\/v2\/media\/71634"}],"wp:attachment":[{"href":"https:\/\/now-news.de\/de\/wp-json\/wp\/v2\/media?parent=71633"}],"wp:term":[{"taxonomy":"category","embeddable":true,"href":"https:\/\/now-news.de\/de\/wp-json\/wp\/v2\/categories?post=71633"},{"taxonomy":"post_tag","embeddable":true,"href":"https:\/\/now-news.de\/de\/wp-json\/wp\/v2\/tags?post=71633"}],"curies":[{"name":"wp","href":"https:\/\/api.w.org\/{rel}","templated":true}]}}