{"id":71588,"date":"2024-10-29T07:15:00","date_gmt":"2024-10-29T05:15:00","guid":{"rendered":"https:\/\/now-news.de\/de\/deutschland\/verdacht-auf-folter-in-bayrischem-gefaengnis-eine-form-der-machtausuebung-als-system-symptom\/"},"modified":"2024-10-29T07:15:00","modified_gmt":"2024-10-29T05:15:00","slug":"verdacht-auf-folter-in-bayrischem-gefaengnis-eine-form-der-machtausuebung-als-system-symptom","status":"publish","type":"post","link":"https:\/\/now-news.de\/de\/deutschland\/verdacht-auf-folter-in-bayrischem-gefaengnis-eine-form-der-machtausuebung-als-system-symptom\/","title":{"rendered":"Verdacht auf Folter in bayrischem Gef\u00e4ngnis \u2013 Eine Form der Machtaus\u00fcbung als System-Symptom"},"content":{"rendered":"<p><img decoding=\"async\" src=\"https:\/\/now-news.de\/de\/wp-content\/uploads\/sites\/3\/2024\/10\/671fa212b480cc215e474564.jpg\" \/><\/p>\n<div class=\"Text-root Text-type_1 \">\n                Die Staatsanwaltschaft ermittelt gegen Besch\u00e4ftigte der JVA Augsburg-Gablingen. Sie sollen H\u00e4ftlinge gefoltert haben. Solche Entgleisungen sind keine Einzelf\u00e4lle in Deutschland \u2013 und nicht zuletzt Ausdruck eines neoliberalen Systems, das selbst auf Gewalt und Unterwerfung basiert.\n            <\/div>\n<p><\/p>\n<div class=\"Text-root Text-type_5 ArticleView-text ViewText-root \">\n<p><em>Von Susan Bonath<\/em><\/p>\n<p>In der Justizvollzugsanstalt Augsburg-Gablingen sollen Bedienstete viele Insassen tagelang nackt in einen Raum gesperrt haben: Ohne Matratze, Decken, Licht und unzureichend mit Nahrung und Wasser versorgt. Auch zu k\u00f6rperlichen \u00dcbergriffen sei es gekommen. Die Staatsanwaltschaft Augsburg ermittelt wegen des Verdachts der K\u00f6rperverletzung im Amt gegen mehrere Gef\u00e4ngnisw\u00e4rter. Gegen weitere Mitarbeiter laufen Disziplinarverfahren. Die Polizei durchsuchte die Einrichtung bereits vergangene Woche.<\/p>\n<p><strong>Nackt in dunklen Zellen<\/strong><\/p>\n<p>Dar\u00fcber berichtete zuerst \u00fcbereinstimmend die\u00a0<a rel=\"nofollow noopener\" target=\"_blank\" href=\"https:\/\/www.augsburger-allgemeine.de\/augsburg\/ex-anstaltsaerztin-ueber-zustaende-in-jva-augsburg-gablingen-das-ist-folter-103455842\">Augsburger Allgemeine<\/a>\u00a0und der\u00a0<a rel=\"nofollow noopener\" target=\"_blank\" href=\"https:\/\/www.br.de\/nachrichten\/bayern\/folter-von-haeftlingen-ermittlungen-gegen-jva-gablingen,USFPzKc\">Bayerische Rundfunk<\/a><em>.\u00a0<\/em>Demnach hatte eine Anw\u00e4ltin f\u00fcr zwei Mandanten, ehemalige JVA-Insassen, Anzeige erstattet. Diese seien ohne besonderen Grund mehr als 72 Stunden v\u00f6llig unbekleidet in einen sogenannten &#8220;gesicherten Haftraum&#8221; gesperrt worden.<\/p>\n<p>In diesen Zellen ohne Frischluft und Licht h\u00e4tten die Betroffenen auf dem blanken Betonfu\u00dfboden liegen m\u00fcssen. Statt Mahlzeiten h\u00e4tten sie nur eine Scheibe Brot und Wurst erhalten, dazu kaum etwas zu trinken. Auch von k\u00f6rperlichen Misshandlungen berichteten sie.<\/p>\n<p>Eine ehemalige Anstalts\u00e4rztin untermauerte demnach die Vorw\u00fcrfe als regelm\u00e4\u00dfige Praxis. Weil sie das nicht mittragen wollte, habe sie gek\u00fcndigt. Sogar die Folterkommission sei mehrfach vor Ort gewesen, zuletzt am 9. August \u2013 allerdings mit Vorank\u00fcndigung, sodass die Anstalt Spuren habe beseitigen k\u00f6nnen.<\/p>\n<p>Die Staatsanwaltschaft Augsburg best\u00e4tigte, Verfahren gegen JVA-Angestellte eingeleitet zu haben. Sie gab jedoch keine Auskunft dar\u00fcber, gegen wie viele Personen sie ermittelt. Ebenso im Dunkeln lie\u00df sie, ob auch Vorgesetzte beteiligt waren. Angesichts des tagelangen Wegsperrens von H\u00e4ftlingen erscheint das aber plausibel.<\/p>\n<p><strong>Wertewestliche Heuchelei<\/strong><\/p>\n<p>Nun handhabt es der Westen gerne so, derlei F\u00e4lle im eigenen Dunstkreis als Einzeltaten von Einzelt\u00e4tern abzutun. Erinnert sei zum Beispiel an den NSU-Komplex, wo ein Mitmischen des Verfassungsschutzes nicht ohne Grund im Raum steht, aber niemals offiziell ernsthaft untersucht wurde. Man denke an die politischen Berufsverbote vorzugsweise gegen Kommunisten, auch an zahlreiche Pr\u00fcgelorgien der Polizei gegen friedliche Demonstranten \u2013 sei es gegen Corona oder jetzt f\u00fcr Pal\u00e4stina.<\/p>\n<p>Wie viele Professoren, Journalisten, \u00f6ffentliche Angestellte, Wissenschaftler, Dozenten und so weiter wurden Deutschland schon wegen ihrer &#8220;falschen&#8221; Meinung an den medialen Pranger gestellt und aus ihrem Job gemobbt? Wie viele K\u00f6rperverletzungen und Erschie\u00dfungen von oft psychisch Kranken in Ausnahmesituationen lie\u00df man der deutschen Polizei schon unges\u00fchnt durchgehen? Da d\u00fcrften einige F\u00e4lle zusammenkommen.<\/p>\n<p>Doch sobald in L\u00e4ndern, die der Westen als Konkurrenz betrachtet, mal wieder irgendein zu hart erscheinendes Urteil gef\u00e4llt oder tats\u00e4chliche Menschenrechtsverletzungen begangen werden, ist die Mainstream-Presse schnell dabei mit ihrem Geschrei und ihren Schimpftiraden gegen &#8220;b\u00f6se Diktaturen&#8221;. Das verdeutlicht nur den Balken im eigenen Auge und eine grandiose Heuchelei.<\/p>\n<p><strong>Neoliberaler Volkssport: Nach unten treten<\/strong><\/p>\n<p>Dabei ist es gerade der Westen, der solche Missst\u00e4nde f\u00f6rdert \u2013 nicht nur durch seine kriegerische, von Konkurrenzdenken angetriebene Au\u00dfenpolitik, sondern auch im Inneren. Das zunehmend autorit\u00e4rer agierende neoliberale System des Westens selbst ist die Hackordnung, die soziale Ungleichheit, Kriminalit\u00e4t und Terrorismus genauso wie das sogenannte Radfahrersyndrom: nach unten treten, nach oben buckeln, um weiterzukommen. Das ist geradezu ein neoliberaler Volkssport.<\/p>\n<p>Schon Wilhelm Reich und Erich Fromm erkannten eine systemische Bedingtheit hinter diesem Ph\u00e4nomen, das sie als &#8220;autorit\u00e4ren Charakter&#8221; oder &#8220;autorit\u00e4re Pers\u00f6nlichkeit&#8221; bezeichneten. Sie attestierten hierarchiebedingte Unterdr\u00fcckungsmechanismen.<\/p>\n<p>Sie verstecken sich auch hinter dem gelobten &#8220;freien Markt&#8221;: Menschen, deren Lebensunterhalt davon abh\u00e4ngt, ihre Arbeitskraft in Konkurrenz zu anderen auf diesem Markt anzupreisen, um sich fremden Vorgaben zu unterwerfen, neigen demnach stark dazu, ihre einerseits fehlende Macht an anderer Stelle an Schw\u00e4cheren auszuleben, sobald sie die Gelegenheit dazu bekommen.<\/p>\n<p>Daher gelingt es den Herrschenden stets trefflich, die Bev\u00f6lkerung, auch untere soziale Schichten gegeneinander auszuspielen. Kaum etwas ist leichter, als Niedrigl\u00f6hner gegen Arbeitslose aufzuhetzen, Einheimische gegen Migranten, Christen gegen Muslime, Deutsche gegen Russen und so weiter.<\/p>\n<p>Im Rahmen staatlicher Institutionen wird dies dann zum System: Jobcenter-Angestellte sanktionieren leidenschaftlich gestrauchelte arbeitslose Jugendliche, anstatt ihnen zu helfen, auf die Beine zu kommen. Polizisten verpr\u00fcgeln mit \u00e4hnlichem Eifer friedliche Demonstranten und Gef\u00e4ngnisw\u00e4rter foltern schon mal Gefangene \u2013 einfach, weil sie endlich einmal tun k\u00f6nnen, was ihnen sonst versagt ist: Macht aus\u00fcben.<\/p>\n<p><strong>Ausgeburt systemischer Gewalt<\/strong><\/p>\n<p>Solche Ausw\u00fcchse, wie das mutma\u00dfliche Foltern von H\u00e4ftlingen in einem bayerischen Gef\u00e4ngnis, verwundern somit nicht in einem Konkurrenzsystem, das immer mehr Verwerfungen produziert: soziales Elend einerseits, obsz\u00f6nen Reichtum andererseits, Angst vor dem Abstieg, Kriegspropaganda, Herrenmenschendenken, Rassismus und sonstige Formen der Abwertung diverser Minderheiten.<\/p>\n<p>Der westliche Kapitalismus ist eine Ausgeburt systemischer Gewalt, auch wenn er diese stets \u2013 scheinheilig als &#8220;Freiheit&#8221; tarnt \u2013 negiert. Gewalt erzeugt immer mehr Gewalt, in jeder Hinsicht. Es w\u00e4re daher an der Zeit, einmal \u00fcber das Prinzip der Konkurrenz &#8220;jeder gegen jeden&#8221; nachzudenken. Man kann die wirtschaftlichen Bedingungen f\u00fcr eine Gesellschaft auch anders, auf mehr soziale Gleichheit bedacht, organisieren. Dies w\u00fcrde dieses Land und wohl den Rest der Welt um einiges friedlicher machen.<\/p>\n<p><strong>Mehr zum Thema<\/strong> &#8211;\u00a0<a rel=\"nofollow noopener\" target=\"_blank\" href=\"https:\/\/freedert.online\/inland\/215373-nichtvollstreckte-haftbefehle-59-verurteilte-moerder\/\">Nichtvollstreckte Haftbefehle \u2013 59 verurteilte M\u00f6rder in Berlin auf freiem Fu\u00df<\/a><\/p>\n<div class=\"EmbedBlock-root EmbedBlock-externalVideo EmbedBlock-rumble\">\n<div class=\"VkEmbed\"><iframe class=\"lazyload\" data-src=\"https:\/\/rumble.com\/embed\/v5grp0d\" frameborder=\"0\" width=\"853\" height=\"480\" allowfullscreen><\/iframe><\/div>\n<\/div>\n<\/div>\n<p><br \/>\n<br \/><a href=\"https:\/\/de.rt.com\/meinung\/223875-verdacht-auf-folter-in-bayrischem\/\">Source link <\/a><\/p>\n","protected":false},"excerpt":{"rendered":"<p>Die Staatsanwaltschaft ermittelt gegen Besch\u00e4ftigte der JVA Augsburg-Gablingen. Sie sollen H\u00e4ftlinge gefoltert haben. Solche Entgleisungen sind keine Einzelf\u00e4lle in Deutschland \u2013 und nicht zuletzt Ausdruck eines neoliberalen Systems, das selbst auf Gewalt und Unterwerfung basiert. Von Susan Bonath In der Justizvollzugsanstalt Augsburg-Gablingen sollen Bedienstete viele Insassen tagelang nackt in einen Raum gesperrt haben: Ohne Matratze, [&hellip;]<\/p>\n","protected":false},"author":3,"featured_media":71589,"comment_status":"open","ping_status":"open","sticky":false,"template":"","format":"standard","meta":{"_yoast_indexnow_last_ping":["1730179499"],"wp_automatic_camp":["217"],"f76775de393d7aba03e9fdf198a7465d":["Verdacht auf Folter in bayrischem Gef\u00e4ngnis \u2013 Eine Form der Machtaus\u00fcbung als System-Symptom"],"original_link":["https:\/\/de.rt.com\/meinung\/223875-verdacht-auf-folter-in-bayrischem\/"],"_thumbnail_id":["71589"],"jnews_social_counter_last_update":["1777327304"],"_wptgpro_p2tg_sent2tg":["a:1:{i:23737;s:19:\"2024-10-29 07:26:03\";}"]},"categories":[19,23],"tags":[273,133,59795,82,275,13778,16217,7567,59796,59797,6227],"yoast_head":"<!-- This site is optimized with the Yoast SEO Premium plugin v22.7 (Yoast SEO v22.7) - https:\/\/yoast.com\/wordpress\/plugins\/seo\/ -->\n<title>Verdacht auf Folter in bayrischem Gef\u00e4ngnis \u2013 Eine Form der Machtaus\u00fcbung als System-Symptom - just-now.NEWS Deutschland<\/title>\n<meta name=\"robots\" content=\"index, follow, max-snippet:-1, max-image-preview:large, max-video-preview:-1\" \/>\n<link rel=\"canonical\" href=\"https:\/\/now-news.de\/de\/deutschland\/verdacht-auf-folter-in-bayrischem-gefaengnis-eine-form-der-machtausuebung-als-system-symptom\/\" \/>\n<meta property=\"og:locale\" content=\"de_DE\" \/>\n<meta property=\"og:type\" content=\"article\" \/>\n<meta property=\"og:title\" content=\"Verdacht auf Folter in bayrischem Gef\u00e4ngnis \u2013 Eine Form der Machtaus\u00fcbung als System-Symptom\" \/>\n<meta property=\"og:description\" content=\"Die Staatsanwaltschaft ermittelt gegen Besch\u00e4ftigte der JVA Augsburg-Gablingen. Sie sollen H\u00e4ftlinge gefoltert haben. Solche Entgleisungen sind keine Einzelf\u00e4lle in Deutschland \u2013 und nicht zuletzt Ausdruck eines neoliberalen Systems, das selbst auf Gewalt und Unterwerfung basiert. Von Susan Bonath In der Justizvollzugsanstalt Augsburg-Gablingen sollen Bedienstete viele Insassen tagelang nackt in einen Raum gesperrt haben: Ohne Matratze, [&hellip;]\" \/>\n<meta property=\"og:url\" content=\"https:\/\/now-news.de\/de\/deutschland\/verdacht-auf-folter-in-bayrischem-gefaengnis-eine-form-der-machtausuebung-als-system-symptom\/\" \/>\n<meta property=\"og:site_name\" content=\"just-now.NEWS Deutschland\" \/>\n<meta property=\"article:publisher\" content=\"https:\/\/www.facebook.com\/wirmachenauf\" \/>\n<meta property=\"article:published_time\" content=\"2024-10-29T05:15:00+00:00\" \/>\n<meta property=\"og:image\" content=\"https:\/\/now-news.de\/de\/wp-content\/uploads\/sites\/3\/2024\/10\/671fa212b480cc215e474564.jpg\" \/>\n<meta name=\"author\" content=\"rtnews\" \/>\n<meta name=\"twitter:card\" content=\"summary_large_image\" \/>\n<meta name=\"twitter:creator\" content=\"@WirMachenAuf_de\" \/>\n<meta name=\"twitter:site\" content=\"@WirMachenAuf_de\" \/>\n<meta name=\"twitter:label1\" content=\"Verfasst von\" \/>\n\t<meta name=\"twitter:data1\" content=\"rtnews\" \/>\n\t<meta name=\"twitter:label2\" content=\"Gesch\u00e4tzte Lesezeit\" \/>\n\t<meta name=\"twitter:data2\" content=\"4\u00a0Minuten\" \/>\n<script type=\"application\/ld+json\" class=\"yoast-schema-graph\">{\"@context\":\"https:\/\/schema.org\",\"@graph\":[{\"@type\":\"Article\",\"@id\":\"https:\/\/now-news.de\/de\/deutschland\/verdacht-auf-folter-in-bayrischem-gefaengnis-eine-form-der-machtausuebung-als-system-symptom\/#article\",\"isPartOf\":{\"@id\":\"https:\/\/now-news.de\/de\/deutschland\/verdacht-auf-folter-in-bayrischem-gefaengnis-eine-form-der-machtausuebung-als-system-symptom\/\"},\"author\":{\"name\":\"rtnews\",\"@id\":\"https:\/\/now-news.de\/de\/#\/schema\/person\/fb534a4e865501d8b3285208df34a9b5\"},\"headline\":\"Verdacht auf Folter in bayrischem Gef\u00e4ngnis \u2013 Eine Form der Machtaus\u00fcbung als System-Symptom\",\"datePublished\":\"2024-10-29T05:15:00+00:00\",\"dateModified\":\"2024-10-29T05:15:00+00:00\",\"mainEntityOfPage\":{\"@id\":\"https:\/\/now-news.de\/de\/deutschland\/verdacht-auf-folter-in-bayrischem-gefaengnis-eine-form-der-machtausuebung-als-system-symptom\/\"},\"wordCount\":873,\"commentCount\":0,\"publisher\":{\"@id\":\"https:\/\/now-news.de\/de\/#organization\"},\"image\":{\"@id\":\"https:\/\/now-news.de\/de\/deutschland\/verdacht-auf-folter-in-bayrischem-gefaengnis-eine-form-der-machtausuebung-als-system-symptom\/#primaryimage\"},\"thumbnailUrl\":\"https:\/\/now-news.de\/de\/wp-content\/uploads\/sites\/3\/2024\/10\/Verdacht-auf-Folter-in-bayrischem-Gefaengnis-\u2013-Eine-Form-der.jpg\",\"keywords\":[\"als\",\"AUF\",\"bayrischem\",\"der\",\"eine\",\"Folter\",\"Form\",\"Gef\u00e4ngnis\",\"Machtaus\u00fcbung\",\"SystemSymptom\",\"Verdacht\"],\"articleSection\":[\"Deutschland\",\"Russland\"],\"inLanguage\":\"de\",\"potentialAction\":[{\"@type\":\"CommentAction\",\"name\":\"Comment\",\"target\":[\"https:\/\/now-news.de\/de\/deutschland\/verdacht-auf-folter-in-bayrischem-gefaengnis-eine-form-der-machtausuebung-als-system-symptom\/#respond\"]}]},{\"@type\":\"WebPage\",\"@id\":\"https:\/\/now-news.de\/de\/deutschland\/verdacht-auf-folter-in-bayrischem-gefaengnis-eine-form-der-machtausuebung-als-system-symptom\/\",\"url\":\"https:\/\/now-news.de\/de\/deutschland\/verdacht-auf-folter-in-bayrischem-gefaengnis-eine-form-der-machtausuebung-als-system-symptom\/\",\"name\":\"Verdacht auf Folter in bayrischem Gef\u00e4ngnis \u2013 Eine Form der Machtaus\u00fcbung als System-Symptom - just-now.NEWS Deutschland\",\"isPartOf\":{\"@id\":\"https:\/\/now-news.de\/de\/#website\"},\"primaryImageOfPage\":{\"@id\":\"https:\/\/now-news.de\/de\/deutschland\/verdacht-auf-folter-in-bayrischem-gefaengnis-eine-form-der-machtausuebung-als-system-symptom\/#primaryimage\"},\"image\":{\"@id\":\"https:\/\/now-news.de\/de\/deutschland\/verdacht-auf-folter-in-bayrischem-gefaengnis-eine-form-der-machtausuebung-als-system-symptom\/#primaryimage\"},\"thumbnailUrl\":\"https:\/\/now-news.de\/de\/wp-content\/uploads\/sites\/3\/2024\/10\/Verdacht-auf-Folter-in-bayrischem-Gefaengnis-\u2013-Eine-Form-der.jpg\",\"datePublished\":\"2024-10-29T05:15:00+00:00\",\"dateModified\":\"2024-10-29T05:15:00+00:00\",\"breadcrumb\":{\"@id\":\"https:\/\/now-news.de\/de\/deutschland\/verdacht-auf-folter-in-bayrischem-gefaengnis-eine-form-der-machtausuebung-als-system-symptom\/#breadcrumb\"},\"inLanguage\":\"de\",\"potentialAction\":[{\"@type\":\"ReadAction\",\"target\":[\"https:\/\/now-news.de\/de\/deutschland\/verdacht-auf-folter-in-bayrischem-gefaengnis-eine-form-der-machtausuebung-als-system-symptom\/\"]}]},{\"@type\":\"ImageObject\",\"inLanguage\":\"de\",\"@id\":\"https:\/\/now-news.de\/de\/deutschland\/verdacht-auf-folter-in-bayrischem-gefaengnis-eine-form-der-machtausuebung-als-system-symptom\/#primaryimage\",\"url\":\"https:\/\/now-news.de\/de\/wp-content\/uploads\/sites\/3\/2024\/10\/Verdacht-auf-Folter-in-bayrischem-Gefaengnis-\u2013-Eine-Form-der.jpg\",\"contentUrl\":\"https:\/\/now-news.de\/de\/wp-content\/uploads\/sites\/3\/2024\/10\/Verdacht-auf-Folter-in-bayrischem-Gefaengnis-\u2013-Eine-Form-der.jpg\",\"width\":460,\"height\":259,\"caption\":\"Verdacht auf Folter in bayrischem Gef\u00e4ngnis \u2013 Eine Form der Machtaus\u00fcbung als System-Symptom\"},{\"@type\":\"BreadcrumbList\",\"@id\":\"https:\/\/now-news.de\/de\/deutschland\/verdacht-auf-folter-in-bayrischem-gefaengnis-eine-form-der-machtausuebung-als-system-symptom\/#breadcrumb\",\"itemListElement\":[{\"@type\":\"ListItem\",\"position\":1,\"name\":\"Home\",\"item\":\"https:\/\/now-news.de\/de\/\"},{\"@type\":\"ListItem\",\"position\":2,\"name\":\"Verdacht auf Folter in bayrischem Gef\u00e4ngnis \u2013 Eine Form der Machtaus\u00fcbung als System-Symptom\"}]},{\"@type\":\"WebSite\",\"@id\":\"https:\/\/now-news.de\/de\/#website\",\"url\":\"https:\/\/now-news.de\/de\/\",\"name\":\"just-now.NEWS Deutschland\",\"description\":\"Das Portal f\u00fcr unzensierte Nachrichten aus der Welt\",\"publisher\":{\"@id\":\"https:\/\/now-news.de\/de\/#organization\"},\"potentialAction\":[{\"@type\":\"SearchAction\",\"target\":{\"@type\":\"EntryPoint\",\"urlTemplate\":\"https:\/\/now-news.de\/de\/?s={search_term_string}\"},\"query-input\":\"required name=search_term_string\"}],\"inLanguage\":\"de\"},{\"@type\":\"Organization\",\"@id\":\"https:\/\/now-news.de\/de\/#organization\",\"name\":\"Just Now News\",\"url\":\"https:\/\/now-news.de\/de\/\",\"logo\":{\"@type\":\"ImageObject\",\"inLanguage\":\"de\",\"@id\":\"https:\/\/now-news.de\/de\/#\/schema\/logo\/image\/\",\"url\":\"http:\/\/just-now.news\/de\/wp-content\/uploads\/sites\/3\/2022\/04\/logo500x500.jpg\",\"contentUrl\":\"http:\/\/just-now.news\/de\/wp-content\/uploads\/sites\/3\/2022\/04\/logo500x500.jpg\",\"width\":500,\"height\":500,\"caption\":\"Just Now News\"},\"image\":{\"@id\":\"https:\/\/now-news.de\/de\/#\/schema\/logo\/image\/\"},\"sameAs\":[\"https:\/\/www.facebook.com\/wirmachenauf\",\"https:\/\/x.com\/WirMachenAuf_de\"]},{\"@type\":\"Person\",\"@id\":\"https:\/\/now-news.de\/de\/#\/schema\/person\/fb534a4e865501d8b3285208df34a9b5\",\"name\":\"rtnews\",\"image\":{\"@type\":\"ImageObject\",\"inLanguage\":\"de\",\"@id\":\"https:\/\/now-news.de\/de\/#\/schema\/person\/image\/\",\"url\":\"https:\/\/secure.gravatar.com\/avatar\/82aafea7d8127119dd649515f56e2117?s=96&d=mm&r=g\",\"contentUrl\":\"https:\/\/secure.gravatar.com\/avatar\/82aafea7d8127119dd649515f56e2117?s=96&d=mm&r=g\",\"caption\":\"rtnews\"},\"url\":\"https:\/\/now-news.de\/de\/author\/rnews\/\"}]}<\/script>\n<!-- \/ Yoast SEO Premium plugin. -->","yoast_head_json":{"title":"Verdacht auf Folter in bayrischem Gef\u00e4ngnis \u2013 Eine Form der Machtaus\u00fcbung als System-Symptom - just-now.NEWS Deutschland","robots":{"index":"index","follow":"follow","max-snippet":"max-snippet:-1","max-image-preview":"max-image-preview:large","max-video-preview":"max-video-preview:-1"},"canonical":"https:\/\/now-news.de\/de\/deutschland\/verdacht-auf-folter-in-bayrischem-gefaengnis-eine-form-der-machtausuebung-als-system-symptom\/","og_locale":"de_DE","og_type":"article","og_title":"Verdacht auf Folter in bayrischem Gef\u00e4ngnis \u2013 Eine Form der Machtaus\u00fcbung als System-Symptom","og_description":"Die Staatsanwaltschaft ermittelt gegen Besch\u00e4ftigte der JVA Augsburg-Gablingen. Sie sollen H\u00e4ftlinge gefoltert haben. Solche Entgleisungen sind keine Einzelf\u00e4lle in Deutschland \u2013 und nicht zuletzt Ausdruck eines neoliberalen Systems, das selbst auf Gewalt und Unterwerfung basiert. Von Susan Bonath In der Justizvollzugsanstalt Augsburg-Gablingen sollen Bedienstete viele Insassen tagelang nackt in einen Raum gesperrt haben: Ohne Matratze, [&hellip;]","og_url":"https:\/\/now-news.de\/de\/deutschland\/verdacht-auf-folter-in-bayrischem-gefaengnis-eine-form-der-machtausuebung-als-system-symptom\/","og_site_name":"just-now.NEWS Deutschland","article_publisher":"https:\/\/www.facebook.com\/wirmachenauf","article_published_time":"2024-10-29T05:15:00+00:00","og_image":[{"url":"https:\/\/now-news.de\/de\/wp-content\/uploads\/sites\/3\/2024\/10\/671fa212b480cc215e474564.jpg"}],"author":"rtnews","twitter_card":"summary_large_image","twitter_creator":"@WirMachenAuf_de","twitter_site":"@WirMachenAuf_de","twitter_misc":{"Verfasst von":"rtnews","Gesch\u00e4tzte Lesezeit":"4\u00a0Minuten"},"schema":{"@context":"https:\/\/schema.org","@graph":[{"@type":"Article","@id":"https:\/\/now-news.de\/de\/deutschland\/verdacht-auf-folter-in-bayrischem-gefaengnis-eine-form-der-machtausuebung-als-system-symptom\/#article","isPartOf":{"@id":"https:\/\/now-news.de\/de\/deutschland\/verdacht-auf-folter-in-bayrischem-gefaengnis-eine-form-der-machtausuebung-als-system-symptom\/"},"author":{"name":"rtnews","@id":"https:\/\/now-news.de\/de\/#\/schema\/person\/fb534a4e865501d8b3285208df34a9b5"},"headline":"Verdacht auf Folter in bayrischem Gef\u00e4ngnis \u2013 Eine Form der Machtaus\u00fcbung als System-Symptom","datePublished":"2024-10-29T05:15:00+00:00","dateModified":"2024-10-29T05:15:00+00:00","mainEntityOfPage":{"@id":"https:\/\/now-news.de\/de\/deutschland\/verdacht-auf-folter-in-bayrischem-gefaengnis-eine-form-der-machtausuebung-als-system-symptom\/"},"wordCount":873,"commentCount":0,"publisher":{"@id":"https:\/\/now-news.de\/de\/#organization"},"image":{"@id":"https:\/\/now-news.de\/de\/deutschland\/verdacht-auf-folter-in-bayrischem-gefaengnis-eine-form-der-machtausuebung-als-system-symptom\/#primaryimage"},"thumbnailUrl":"https:\/\/now-news.de\/de\/wp-content\/uploads\/sites\/3\/2024\/10\/Verdacht-auf-Folter-in-bayrischem-Gefaengnis-\u2013-Eine-Form-der.jpg","keywords":["als","AUF","bayrischem","der","eine","Folter","Form","Gef\u00e4ngnis","Machtaus\u00fcbung","SystemSymptom","Verdacht"],"articleSection":["Deutschland","Russland"],"inLanguage":"de","potentialAction":[{"@type":"CommentAction","name":"Comment","target":["https:\/\/now-news.de\/de\/deutschland\/verdacht-auf-folter-in-bayrischem-gefaengnis-eine-form-der-machtausuebung-als-system-symptom\/#respond"]}]},{"@type":"WebPage","@id":"https:\/\/now-news.de\/de\/deutschland\/verdacht-auf-folter-in-bayrischem-gefaengnis-eine-form-der-machtausuebung-als-system-symptom\/","url":"https:\/\/now-news.de\/de\/deutschland\/verdacht-auf-folter-in-bayrischem-gefaengnis-eine-form-der-machtausuebung-als-system-symptom\/","name":"Verdacht auf Folter in bayrischem Gef\u00e4ngnis \u2013 Eine Form der Machtaus\u00fcbung als System-Symptom - just-now.NEWS Deutschland","isPartOf":{"@id":"https:\/\/now-news.de\/de\/#website"},"primaryImageOfPage":{"@id":"https:\/\/now-news.de\/de\/deutschland\/verdacht-auf-folter-in-bayrischem-gefaengnis-eine-form-der-machtausuebung-als-system-symptom\/#primaryimage"},"image":{"@id":"https:\/\/now-news.de\/de\/deutschland\/verdacht-auf-folter-in-bayrischem-gefaengnis-eine-form-der-machtausuebung-als-system-symptom\/#primaryimage"},"thumbnailUrl":"https:\/\/now-news.de\/de\/wp-content\/uploads\/sites\/3\/2024\/10\/Verdacht-auf-Folter-in-bayrischem-Gefaengnis-\u2013-Eine-Form-der.jpg","datePublished":"2024-10-29T05:15:00+00:00","dateModified":"2024-10-29T05:15:00+00:00","breadcrumb":{"@id":"https:\/\/now-news.de\/de\/deutschland\/verdacht-auf-folter-in-bayrischem-gefaengnis-eine-form-der-machtausuebung-als-system-symptom\/#breadcrumb"},"inLanguage":"de","potentialAction":[{"@type":"ReadAction","target":["https:\/\/now-news.de\/de\/deutschland\/verdacht-auf-folter-in-bayrischem-gefaengnis-eine-form-der-machtausuebung-als-system-symptom\/"]}]},{"@type":"ImageObject","inLanguage":"de","@id":"https:\/\/now-news.de\/de\/deutschland\/verdacht-auf-folter-in-bayrischem-gefaengnis-eine-form-der-machtausuebung-als-system-symptom\/#primaryimage","url":"https:\/\/now-news.de\/de\/wp-content\/uploads\/sites\/3\/2024\/10\/Verdacht-auf-Folter-in-bayrischem-Gefaengnis-\u2013-Eine-Form-der.jpg","contentUrl":"https:\/\/now-news.de\/de\/wp-content\/uploads\/sites\/3\/2024\/10\/Verdacht-auf-Folter-in-bayrischem-Gefaengnis-\u2013-Eine-Form-der.jpg","width":460,"height":259,"caption":"Verdacht auf Folter in bayrischem Gef\u00e4ngnis \u2013 Eine Form der Machtaus\u00fcbung als System-Symptom"},{"@type":"BreadcrumbList","@id":"https:\/\/now-news.de\/de\/deutschland\/verdacht-auf-folter-in-bayrischem-gefaengnis-eine-form-der-machtausuebung-als-system-symptom\/#breadcrumb","itemListElement":[{"@type":"ListItem","position":1,"name":"Home","item":"https:\/\/now-news.de\/de\/"},{"@type":"ListItem","position":2,"name":"Verdacht auf Folter in bayrischem Gef\u00e4ngnis \u2013 Eine Form der Machtaus\u00fcbung als System-Symptom"}]},{"@type":"WebSite","@id":"https:\/\/now-news.de\/de\/#website","url":"https:\/\/now-news.de\/de\/","name":"just-now.NEWS Deutschland","description":"Das Portal f\u00fcr unzensierte Nachrichten aus der Welt","publisher":{"@id":"https:\/\/now-news.de\/de\/#organization"},"potentialAction":[{"@type":"SearchAction","target":{"@type":"EntryPoint","urlTemplate":"https:\/\/now-news.de\/de\/?s={search_term_string}"},"query-input":"required name=search_term_string"}],"inLanguage":"de"},{"@type":"Organization","@id":"https:\/\/now-news.de\/de\/#organization","name":"Just Now News","url":"https:\/\/now-news.de\/de\/","logo":{"@type":"ImageObject","inLanguage":"de","@id":"https:\/\/now-news.de\/de\/#\/schema\/logo\/image\/","url":"http:\/\/just-now.news\/de\/wp-content\/uploads\/sites\/3\/2022\/04\/logo500x500.jpg","contentUrl":"http:\/\/just-now.news\/de\/wp-content\/uploads\/sites\/3\/2022\/04\/logo500x500.jpg","width":500,"height":500,"caption":"Just Now News"},"image":{"@id":"https:\/\/now-news.de\/de\/#\/schema\/logo\/image\/"},"sameAs":["https:\/\/www.facebook.com\/wirmachenauf","https:\/\/x.com\/WirMachenAuf_de"]},{"@type":"Person","@id":"https:\/\/now-news.de\/de\/#\/schema\/person\/fb534a4e865501d8b3285208df34a9b5","name":"rtnews","image":{"@type":"ImageObject","inLanguage":"de","@id":"https:\/\/now-news.de\/de\/#\/schema\/person\/image\/","url":"https:\/\/secure.gravatar.com\/avatar\/82aafea7d8127119dd649515f56e2117?s=96&d=mm&r=g","contentUrl":"https:\/\/secure.gravatar.com\/avatar\/82aafea7d8127119dd649515f56e2117?s=96&d=mm&r=g","caption":"rtnews"},"url":"https:\/\/now-news.de\/de\/author\/rnews\/"}]}},"_links":{"self":[{"href":"https:\/\/now-news.de\/de\/wp-json\/wp\/v2\/posts\/71588"}],"collection":[{"href":"https:\/\/now-news.de\/de\/wp-json\/wp\/v2\/posts"}],"about":[{"href":"https:\/\/now-news.de\/de\/wp-json\/wp\/v2\/types\/post"}],"author":[{"embeddable":true,"href":"https:\/\/now-news.de\/de\/wp-json\/wp\/v2\/users\/3"}],"replies":[{"embeddable":true,"href":"https:\/\/now-news.de\/de\/wp-json\/wp\/v2\/comments?post=71588"}],"version-history":[{"count":0,"href":"https:\/\/now-news.de\/de\/wp-json\/wp\/v2\/posts\/71588\/revisions"}],"wp:featuredmedia":[{"embeddable":true,"href":"https:\/\/now-news.de\/de\/wp-json\/wp\/v2\/media\/71589"}],"wp:attachment":[{"href":"https:\/\/now-news.de\/de\/wp-json\/wp\/v2\/media?parent=71588"}],"wp:term":[{"taxonomy":"category","embeddable":true,"href":"https:\/\/now-news.de\/de\/wp-json\/wp\/v2\/categories?post=71588"},{"taxonomy":"post_tag","embeddable":true,"href":"https:\/\/now-news.de\/de\/wp-json\/wp\/v2\/tags?post=71588"}],"curies":[{"name":"wp","href":"https:\/\/api.w.org\/{rel}","templated":true}]}}