{"id":7158,"date":"2022-05-09T03:30:00","date_gmt":"2022-05-09T01:30:00","guid":{"rendered":"http:\/\/just-now.news\/de\/usa\/praesident-trump-gibt-erklaerung-ueber-den-schwachen-und-voellig-ineffektiven-ehemaligen-verteidigungsminister-mark-esper-ab\/"},"modified":"2022-05-09T03:30:00","modified_gmt":"2022-05-09T01:30:00","slug":"praesident-trump-gibt-erklaerung-ueber-den-schwachen-und-voellig-ineffektiven-ehemaligen-verteidigungsminister-mark-esper-ab","status":"publish","type":"post","link":"https:\/\/now-news.de\/de\/usa\/praesident-trump-gibt-erklaerung-ueber-den-schwachen-und-voellig-ineffektiven-ehemaligen-verteidigungsminister-mark-esper-ab\/","title":{"rendered":"Pr\u00e4sident Trump gibt Erkl\u00e4rung \u00fcber den \u201eschwachen und v\u00f6llig ineffektiven\u201c ehemaligen Verteidigungsminister Mark Esper ab"},"content":{"rendered":"<div class=\"entry-content\">\n<p><\/p>\n<p><strong>Der fr\u00fchere Verteidigungsminister unter Pr\u00e4sident Trump, Mark Esper, war schwach und ineffektiv.  Pr\u00e4sident Trump sagt, er musste das Milit\u00e4r selbst leiten, weil Esper so schlecht war. <\/strong><\/p>\n<p>Pr\u00e4sident Trump hat heute Abend eine Erkl\u00e4rung \u00fcber Mark Esper ver\u00f6ffentlicht.  Der Pr\u00e4sident teilte dies als Antwort auf Norah O&#8217;Donnell, die linksextreme Journalistin bei CBS, die in den Abendnachrichten und auf 60 Minutes auftritt.  Offenbar interviewt O&#8217;Donnell den ehemaligen Verteidigungsminister \u201eYesper\u201c:<\/p>\n<div id=\"IC1-ad\" class=\"sponsor IC1\">\n<p class=\"ad-notice flipboard-remove\" fl:fl-noexcerpt=\"true\">Werbung \u2013 die Geschichte geht unten weiter<\/p>\n<div id=\"IC1\">\n<script>\n\t\t\t\t\tif( FFADS.units.IC1 && FFADS.units.IC1.ad_type == 'custom' && FFADS.units.IC1.custom_ads && ! getCookie( 'ff_subbed' ) ) {\n\t\t\t\t\t\tdocument.getElementById( 'IC1' ).innerHTML = FFADS.units.IC1.custom_ads[0].code;\n\t\t\t\t\t\tif( ! FFADS.units.IC1.lazy_load ) eval( FFADS.units.IC1.custom_ads[0].rendering_script );\n\t\t\t\t\t}\n\t\t\t\t\telse if( FFADS.units.IC1 && ! getCookie( 'ff_subbed' ) ) {\n\t\t\t\t\t\tif( 'IC' != 'SB' && 'IC' != 'SA' && FFADS.use_fixed_containers ) {\n\t\t\t\t\t\t\tlet max_wh = firefly_size_list_to_max_wh( FFADS.units.IC1.sizes );\n\t\t\t\t\t\t\tlet el = document.querySelector( '#IC1' );\n\t\t\t\t\t\t\tif( 'IC' != 'SA' && FFADS.slide_pixels ) {\n\t\t\t\t\t\t\t\tmax_wh[1] += parseInt( FFADS.slide_pixels );\n\t\t\t\t\t\t\t\tel.classList.add( 'sliding' );\n\t\t\t\t\t\t\t}\n\t\t\t\t\t\t\tel.style.width = max_wh[0] + 'px';\n\t\t\t\t\t\t\tel.style.height = max_wh[1] + 'px';\n\t\t\t\t\t\t\tel.classList.add( 'fixed-size' );\n\t\t\t\t\t\t}\n\t\t\t\t\t\tgoogletag.cmd.push( function() {\n\t\t\t\t\t\t\tFFADS.debug( 'googletag.displaying IC1' );\n\t\t\t\t\t\t\tgoogletag.display( 'IC1' );\n\t\t\t\t\t\t} );\n\t\t\t\t\t}\n\t\t\t\t\telse {\n\t\t\t\t\t\tdocument.querySelector( '#IC1-ad' ).style.display = 'none';}\n\t\t\t\t<\/script><\/div>\n<\/div>\n<p>Pr\u00e4sident Trump machte deutlich, dass er das Milit\u00e4r leiten m\u00fcsse, weil Yesper so schlecht sei.  Es war Pr\u00e4sident Trump, der ISIS und die Radikalen auf der ganzen Welt besiegt hat.<\/p>\n<p>Lesen Sie hier die Erkl\u00e4rung des Pr\u00e4sidenten:<\/p>\n<p><script>\n\t\t\t\t\tif( ! getCookie( 'ff_subbed' ) ) if( typeof FFADS.replace_ict != 'undefined' ) if( FFADS.replace_ict ) eval( FFADS.replace_ict );\n\t\t\t\t<\/script><\/p>\n<p><img decoding=\"async\" loading=\"lazy\" class=\"alignnone size-full wp-image-731457\" src=\"http:\/\/just-now.news\/de\/wp-content\/uploads\/sites\/3\/2022\/05\/1652077867_954_Praesident-Trump-gibt-Erklaerung-ueber-den-\u201eschwachen-und-voellig-ineffektiven.jpg\" alt=\"\" width=\"863\" height=\"1200\"><\/p>\n<p>Dieses Memo wurde von Liz Harrington in einem Tweet auf Twitter bereitgestellt.  Sie f\u00fcgte hinzu, dass Esper als \u201eYesper\u201c bezeichnet wurde, weil er immer ja sagte und ein Leichtgewicht war.<\/p>\n<div id=\"IC2-ad\" class=\"sponsor IC2\">\n<p class=\"ad-notice flipboard-remove\" fl:fl-noexcerpt=\"true\">Werbung \u2013 die Geschichte geht unten weiter<\/p>\n<div id=\"IC2\">\n<script>\n\t\t\t\t\tif( FFADS.units.IC2 && FFADS.units.IC2.ad_type == 'custom' && FFADS.units.IC2.custom_ads && ! getCookie( 'ff_subbed' ) ) {\n\t\t\t\t\t\tdocument.getElementById( 'IC2' ).innerHTML = FFADS.units.IC2.custom_ads[0].code;\n\t\t\t\t\t\tif( ! FFADS.units.IC2.lazy_load ) eval( FFADS.units.IC2.custom_ads[0].rendering_script );\n\t\t\t\t\t}\n\t\t\t\t\telse if( FFADS.units.IC2 && ! getCookie( 'ff_subbed' ) ) {\n\t\t\t\t\t\tif( 'IC' != 'SB' && 'IC' != 'SA' && FFADS.use_fixed_containers ) {\n\t\t\t\t\t\t\tlet max_wh = firefly_size_list_to_max_wh( FFADS.units.IC2.sizes );\n\t\t\t\t\t\t\tlet el = document.querySelector( '#IC2' );\n\t\t\t\t\t\t\tif( 'IC' != 'SA' && FFADS.slide_pixels ) {\n\t\t\t\t\t\t\t\tmax_wh[1] += parseInt( FFADS.slide_pixels );\n\t\t\t\t\t\t\t\tel.classList.add( 'sliding' );\n\t\t\t\t\t\t\t}\n\t\t\t\t\t\t\tel.style.width = max_wh[0] + 'px';\n\t\t\t\t\t\t\tel.style.height = max_wh[1] + 'px';\n\t\t\t\t\t\t\tel.classList.add( 'fixed-size' );\n\t\t\t\t\t\t}\n\t\t\t\t\t\tgoogletag.cmd.push( function() {\n\t\t\t\t\t\t\tFFADS.debug( 'googletag.displaying IC2' );\n\t\t\t\t\t\t\tgoogletag.display( 'IC2' );\n\t\t\t\t\t\t} );\n\t\t\t\t\t}\n\t\t\t\t\telse {\n\t\t\t\t\t\tdocument.querySelector( '#IC2-ad' ).style.display = 'none';}\n\t\t\t\t<\/script><\/div>\n<\/div>\n<blockquote class=\"twitter-tweet\">\n<p dir=\"ltr\" lang=\"en\">Er w\u00fcrde alles tun, was ich wollte, deshalb habe ich ihn \u201eYesper\u201c genannt.  Er war ein Leichtgewicht und Aush\u00e4ngeschild, das habe ich schon sehr fr\u00fch gemerkt.  Er wurde mir von einigen sehr schwachen RINOs empfohlen und das ist es, was er geworden ist.\u201c  \u2013 Pr\u00e4sident Donald J. Trump<\/p>\n<p>\u2013 Liz Harrington (@realLizUSA) <a rel=\"nofollow noopener\" target=\"_blank\" href=\"https:\/\/twitter.com\/realLizUSA\/status\/1523450763791716353\">8. Mai 2022<\/a><\/p>\n<\/blockquote>\n<p><script async src=\"https:\/\/platform.twitter.com\/widgets.js\" charset=\"utf-8\"><\/script><\/p>\n<p>Wir fanden sp\u00e4ter heraus, dass Esper Berichten zufolge an Gespr\u00e4chen mit China beteiligt war, die hinter dem R\u00fccken von Pr\u00e4sident Trump stattfanden und von General Milley initiiert wurden.  Sp\u00e4ter \u00fcbergab Milley den Taliban f\u00fcr Joe Biden Waffen, Flugzeuge und Ausr\u00fcstung im Wert von 84 Milliarden Dollar.<\/p>\n<blockquote class=\"wp-embedded-content\" data-secret=\"SpTfasharC\">\n<p>Berichten zufolge war der fr\u00fchere Verteidigungsminister Esper zusammen mit General Milley an Schurkengespr\u00e4chen mit China beteiligt<\/p>\n<\/blockquote>\n<p><iframe class=\"wp-embedded-content\" sandbox=\"allow-scripts\" security=\"restricted\" style=\"position: absolute; clip: rect(1px, 1px, 1px, 1px);\" title=\"\u201cFormer Secretary of Defense Esper Was Reportedly Involved with General Milley In Rogue Calls with China\u201d \u2014 The Gateway Pundit\" data-src=\"https:\/\/www.thegatewaypundit.com\/2021\/09\/former-secretary-defense-esper-reportedly-involved-general-milley-rogue-calls-china\/embed\/#?secret=SpTfasharC\" data-secret=\"SpTfasharC\" width=\"500\" height=\"282\" frameborder=\"0\" marginwidth=\"0\" marginheight=\"0\" scrolling=\"no\"><\/iframe><\/p>\n<p>Als das Wei\u00dfe Haus von Trump im Herbst 2020 von BLM und Antifa angegriffen wurde, weigerte sich Esper, Pr\u00e4sident Trump zu helfen.  Stattdessen arbeitete er auch damals hinter dem R\u00fccken des Pr\u00e4sidenten.  Espers Aktionen sind mehr als genug f\u00fcr ein Milit\u00e4rgericht wegen Befehlsverweigerung.  Esper h\u00e4tte Pr\u00e4sident Trump niemals f\u00fcr diesen Job empfohlen werden d\u00fcrfen.  Pr\u00e4sident Trump oder das amerikanische Volk konnten ihm nicht vertrauen.<\/p>\n<div id=\"IC3-ad\" class=\"sponsor IC3\">\n<p class=\"ad-notice flipboard-remove\" fl:fl-noexcerpt=\"true\">Werbung \u2013 die Geschichte geht unten weiter<\/p>\n<div id=\"IC3\">\n<script>\n\t\t\t\t\tif( FFADS.units.IC3 && FFADS.units.IC3.ad_type == 'custom' && FFADS.units.IC3.custom_ads && ! getCookie( 'ff_subbed' ) ) {\n\t\t\t\t\t\tdocument.getElementById( 'IC3' ).innerHTML = FFADS.units.IC3.custom_ads[0].code;\n\t\t\t\t\t\tif( ! FFADS.units.IC3.lazy_load ) eval( FFADS.units.IC3.custom_ads[0].rendering_script );\n\t\t\t\t\t}\n\t\t\t\t\telse if( FFADS.units.IC3 && ! getCookie( 'ff_subbed' ) ) {\n\t\t\t\t\t\tif( 'IC' != 'SB' && 'IC' != 'SA' && FFADS.use_fixed_containers ) {\n\t\t\t\t\t\t\tlet max_wh = firefly_size_list_to_max_wh( FFADS.units.IC3.sizes );\n\t\t\t\t\t\t\tlet el = document.querySelector( '#IC3' );\n\t\t\t\t\t\t\tif( 'IC' != 'SA' && FFADS.slide_pixels ) {\n\t\t\t\t\t\t\t\tmax_wh[1] += parseInt( FFADS.slide_pixels );\n\t\t\t\t\t\t\t\tel.classList.add( 'sliding' );\n\t\t\t\t\t\t\t}\n\t\t\t\t\t\t\tel.style.width = max_wh[0] + 'px';\n\t\t\t\t\t\t\tel.style.height = max_wh[1] + 'px';\n\t\t\t\t\t\t\tel.classList.add( 'fixed-size' );\n\t\t\t\t\t\t}\n\t\t\t\t\t\tgoogletag.cmd.push( function() {\n\t\t\t\t\t\t\tFFADS.debug( 'googletag.displaying IC3' );\n\t\t\t\t\t\t\tgoogletag.display( 'IC3' );\n\t\t\t\t\t\t} );\n\t\t\t\t\t}\n\t\t\t\t\telse {\n\t\t\t\t\t\tdocument.querySelector( '#IC3-ad' ).style.display = 'none';}\n\t\t\t\t<\/script><\/div>\n<\/div>\n<blockquote class=\"wp-embedded-content\" data-secret=\"7VzSsTjJe3\">\n<p>Ohne Trump zu konsultieren Wei\u00dfes Haus \u2013 Verteidigungsminister Esper befiehlt der Nationalgarde, KEINE Waffen oder Munition in Washington DC zu tragen<\/p>\n<\/blockquote>\n<p><iframe class=\"wp-embedded-content\" sandbox=\"allow-scripts\" security=\"restricted\" style=\"position: absolute; clip: rect(1px, 1px, 1px, 1px);\" title=\"\u201cWithout Consulting Trump White House \u2014 Defense Secretary Esper Orders National Guard NOT to Carry Guns or Ammunition in Washington DC\u201d \u2014 The Gateway Pundit\" data-src=\"https:\/\/www.thegatewaypundit.com\/2020\/06\/without-consulting-trump-white-house-defense-secretary-esper-orders-national-guard-not-carry-guns-ammunition-washington-dc\/embed\/#?secret=7VzSsTjJe3\" data-secret=\"7VzSsTjJe3\" width=\"500\" height=\"282\" frameborder=\"0\" marginwidth=\"0\" marginheight=\"0\" scrolling=\"no\"><\/iframe><\/p>\n<\/p>\n<p class=\"article-ask\"><span class=\"ask\"><script>\n  if( getParameterByName( \"utm_source\" ) == \"testpage\" ) {\n    !function(e,t,a,n,g){e[n]=e[n]||[],e[n].push({\"gtm.start\":(new Date).getTime(),event:\"gtm.js\"});var m=t.getElementsByTagName(a)[0],r=t.createElement(a);r.async=!0,r.src=\"https:\/\/www.googletagmanager.com\/gtm.js?id=GTM-PL4PD49\",m.parentNode.insertBefore(r,m)}(window.parent,window.parent.document,\"script\",\"dataLayer\");\n    var iframe=window.parent.document.createElement(\"iframe\");iframe.src=\"https:\/\/www.googletagmanager.com\/ns.html?id=GTM-PL4PD49\";iframe.height=\"0\";iframe.width=\"0\";iframe.style=\"display:none;visibility:hidden\";window.parent.document.body.appendChild(iframe);\n    window.parent[\"$$mm-analytics\"] = window.parent[\"$$mm-analytics\"] || {};if (typeof window.parent[\"$$mm-analytics\"].firstEmbed === \"undefined\") {window.parent[\"$$mm-analytics\"].firstEmbed = Date.now();}\n    let as1 = document.createElement( \"script\" );\n    as1.src = \"https:\/\/bucket1.mm-syringe.com\/prod\/configs\/ee2300c8-43d2-7f0b-dac0-40aaf31c9d3d.js\";\n    document.body.appendChild( as1 );\n    let as2 = document.createElement( \"script\" );\n    as2.src = \"https:\/\/bucket1.mm-syringe.com\/prod\/injector\/injector.1.5.3.js\";\n    document.body.appendChild( as2 );\n  }\n<\/script><\/p>\n<div class=\"apester-media\" data-token=\"5f10a39f94902bc81d3d59a7\" data-context=\"true\" data-tags=\"\" data-fallback=\"true\" height=\"350\"><\/div>\n<p><script id=\"apester_script\" src=\"https:\/\/static.apester.com\/js\/sdk\/latest\/apester-sdk.js\" async><\/script><script async src=\"https:\/\/www.googletagmanager.com\/gtag\/js?id=G-EFE91RJVSQ\"><\/script><script>\n  window.dataLayer = window.dataLayer || [];\n  function gtag(){dataLayer.push(arguments);}\n  gtag(\\'js\\', new Date());\n  gtag(\\'config\\', \\'G-EFE91RJVSQ\\');\n<\/script><\/span><\/p>\n<\/div>\n<p><br \/>\n<br \/><a href=\"https:\/\/www.thegatewaypundit.com\/2022\/05\/president-trump-issues-statement-weak-totally-ineffective-former-secretary-defense-mark-esper\/\">Source link <\/a><\/p>\n","protected":false},"excerpt":{"rendered":"<p>Der fr\u00fchere Verteidigungsminister unter Pr\u00e4sident Trump, Mark Esper, war schwach und ineffektiv. Pr\u00e4sident Trump sagt, er musste das Milit\u00e4r selbst leiten, weil Esper so schlecht war. Pr\u00e4sident Trump hat heute Abend eine Erkl\u00e4rung \u00fcber Mark Esper ver\u00f6ffentlicht. Der Pr\u00e4sident teilte dies als Antwort auf Norah O&#8217;Donnell, die linksextreme Journalistin bei CBS, die in den Abendnachrichten [&hellip;]<\/p>\n","protected":false},"author":5,"featured_media":7159,"comment_status":"open","ping_status":"open","sticky":false,"template":"","format":"standard","meta":{"wp_automatic_camp":["1161"],"b2c3ac5df4c7cbf938edc1652406eebd":["Pr\u00e4sident Trump gibt Erkl\u00e4rung \u00fcber den \u201eschwachen und v\u00f6llig ineffektiven\u201c ehemaligen Verteidigungsminister Mark Esper ab\n"],"original_link":["https:\/\/www.thegatewaypundit.com\/2022\/05\/president-trump-issues-statement-weak-totally-ineffective-former-secretary-defense-mark-esper\/"],"_thumbnail_id":["7159"],"wp_automatic_remove_first_image":["yes"],"jnews_social_counter_last_update":["1777279617"]},"categories":[25],"tags":[48,12689,14140,19293,1002,19292,573,3464,19290,1639,139,140,5456,19291],"yoast_head":"<!-- This site is optimized with the Yoast SEO Premium plugin v22.7 (Yoast SEO v22.7) - https:\/\/yoast.com\/wordpress\/plugins\/seo\/ -->\n<title>Pr\u00e4sident Trump gibt Erkl\u00e4rung \u00fcber den \u201eschwachen und v\u00f6llig ineffektiven\u201c ehemaligen Verteidigungsminister Mark Esper ab - just-now.NEWS Deutschland<\/title>\n<meta name=\"robots\" content=\"index, follow, max-snippet:-1, max-image-preview:large, max-video-preview:-1\" \/>\n<link rel=\"canonical\" href=\"https:\/\/now-news.de\/de\/usa\/praesident-trump-gibt-erklaerung-ueber-den-schwachen-und-voellig-ineffektiven-ehemaligen-verteidigungsminister-mark-esper-ab\/\" \/>\n<meta property=\"og:locale\" content=\"de_DE\" \/>\n<meta property=\"og:type\" content=\"article\" \/>\n<meta property=\"og:title\" content=\"Pr\u00e4sident Trump gibt Erkl\u00e4rung \u00fcber den \u201eschwachen und v\u00f6llig ineffektiven\u201c ehemaligen Verteidigungsminister Mark Esper ab\" \/>\n<meta property=\"og:description\" content=\"Der fr\u00fchere Verteidigungsminister unter Pr\u00e4sident Trump, Mark Esper, war schwach und ineffektiv. Pr\u00e4sident Trump sagt, er musste das Milit\u00e4r selbst leiten, weil Esper so schlecht war. Pr\u00e4sident Trump hat heute Abend eine Erkl\u00e4rung \u00fcber Mark Esper ver\u00f6ffentlicht. Der Pr\u00e4sident teilte dies als Antwort auf Norah O&#8217;Donnell, die linksextreme Journalistin bei CBS, die in den Abendnachrichten [&hellip;]\" \/>\n<meta property=\"og:url\" content=\"https:\/\/now-news.de\/de\/usa\/praesident-trump-gibt-erklaerung-ueber-den-schwachen-und-voellig-ineffektiven-ehemaligen-verteidigungsminister-mark-esper-ab\/\" \/>\n<meta property=\"og:site_name\" content=\"just-now.NEWS Deutschland\" \/>\n<meta property=\"article:publisher\" content=\"https:\/\/www.facebook.com\/wirmachenauf\" \/>\n<meta property=\"article:published_time\" content=\"2022-05-09T01:30:00+00:00\" \/>\n<meta property=\"og:image\" content=\"https:\/\/now-news.de\/de\/wp-content\/uploads\/sites\/3\/2022\/05\/1652077869_Praesident-Trump-gibt-Erklaerung-ueber-den-\u201eschwachen-und-voellig-ineffektiven.jpg\" \/>\n\t<meta property=\"og:image:width\" content=\"750\" \/>\n\t<meta property=\"og:image:height\" content=\"410\" \/>\n\t<meta property=\"og:image:type\" content=\"image\/jpeg\" \/>\n<meta name=\"author\" content=\"greatreset\" \/>\n<meta name=\"twitter:card\" content=\"summary_large_image\" \/>\n<meta name=\"twitter:creator\" content=\"@WirMachenAuf_de\" \/>\n<meta name=\"twitter:site\" content=\"@WirMachenAuf_de\" \/>\n<meta name=\"twitter:label1\" content=\"Verfasst von\" \/>\n\t<meta name=\"twitter:data1\" content=\"greatreset\" \/>\n\t<meta name=\"twitter:label2\" content=\"Gesch\u00e4tzte Lesezeit\" \/>\n\t<meta name=\"twitter:data2\" content=\"2\u00a0Minuten\" \/>\n<script type=\"application\/ld+json\" class=\"yoast-schema-graph\">{\"@context\":\"https:\/\/schema.org\",\"@graph\":[{\"@type\":\"Article\",\"@id\":\"https:\/\/now-news.de\/de\/usa\/praesident-trump-gibt-erklaerung-ueber-den-schwachen-und-voellig-ineffektiven-ehemaligen-verteidigungsminister-mark-esper-ab\/#article\",\"isPartOf\":{\"@id\":\"https:\/\/now-news.de\/de\/usa\/praesident-trump-gibt-erklaerung-ueber-den-schwachen-und-voellig-ineffektiven-ehemaligen-verteidigungsminister-mark-esper-ab\/\"},\"author\":{\"name\":\"greatreset\",\"@id\":\"https:\/\/now-news.de\/de\/#\/schema\/person\/8afb4cd92b68572db7902c13a349ffcb\"},\"headline\":\"Pr\u00e4sident Trump gibt Erkl\u00e4rung \u00fcber den \u201eschwachen und v\u00f6llig ineffektiven\u201c ehemaligen Verteidigungsminister Mark Esper ab\",\"datePublished\":\"2022-05-09T01:30:00+00:00\",\"dateModified\":\"2022-05-09T01:30:00+00:00\",\"mainEntityOfPage\":{\"@id\":\"https:\/\/now-news.de\/de\/usa\/praesident-trump-gibt-erklaerung-ueber-den-schwachen-und-voellig-ineffektiven-ehemaligen-verteidigungsminister-mark-esper-ab\/\"},\"wordCount\":409,\"commentCount\":0,\"publisher\":{\"@id\":\"https:\/\/now-news.de\/de\/#organization\"},\"image\":{\"@id\":\"https:\/\/now-news.de\/de\/usa\/praesident-trump-gibt-erklaerung-ueber-den-schwachen-und-voellig-ineffektiven-ehemaligen-verteidigungsminister-mark-esper-ab\/#primaryimage\"},\"thumbnailUrl\":\"https:\/\/now-news.de\/de\/wp-content\/uploads\/sites\/3\/2022\/05\/1652077869_Praesident-Trump-gibt-Erklaerung-ueber-den-\u201eschwachen-und-voellig-ineffektiven.jpg\",\"keywords\":[\"den\",\"ehemaligen\",\"Erkl\u00e4rung\",\"Esper\",\"gibt\",\"ineffektiven\",\"Mark\",\"Pr\u00e4sident\",\"schwachen\",\"trump\",\"\u00fcber\",\"und\",\"Verteidigungsminister\",\"v\u00f6llig\"],\"articleSection\":[\"USA\"],\"inLanguage\":\"de\",\"potentialAction\":[{\"@type\":\"CommentAction\",\"name\":\"Comment\",\"target\":[\"https:\/\/now-news.de\/de\/usa\/praesident-trump-gibt-erklaerung-ueber-den-schwachen-und-voellig-ineffektiven-ehemaligen-verteidigungsminister-mark-esper-ab\/#respond\"]}]},{\"@type\":\"WebPage\",\"@id\":\"https:\/\/now-news.de\/de\/usa\/praesident-trump-gibt-erklaerung-ueber-den-schwachen-und-voellig-ineffektiven-ehemaligen-verteidigungsminister-mark-esper-ab\/\",\"url\":\"https:\/\/now-news.de\/de\/usa\/praesident-trump-gibt-erklaerung-ueber-den-schwachen-und-voellig-ineffektiven-ehemaligen-verteidigungsminister-mark-esper-ab\/\",\"name\":\"Pr\u00e4sident Trump gibt Erkl\u00e4rung \u00fcber den \u201eschwachen und v\u00f6llig ineffektiven\u201c ehemaligen Verteidigungsminister Mark Esper ab - just-now.NEWS Deutschland\",\"isPartOf\":{\"@id\":\"https:\/\/now-news.de\/de\/#website\"},\"primaryImageOfPage\":{\"@id\":\"https:\/\/now-news.de\/de\/usa\/praesident-trump-gibt-erklaerung-ueber-den-schwachen-und-voellig-ineffektiven-ehemaligen-verteidigungsminister-mark-esper-ab\/#primaryimage\"},\"image\":{\"@id\":\"https:\/\/now-news.de\/de\/usa\/praesident-trump-gibt-erklaerung-ueber-den-schwachen-und-voellig-ineffektiven-ehemaligen-verteidigungsminister-mark-esper-ab\/#primaryimage\"},\"thumbnailUrl\":\"https:\/\/now-news.de\/de\/wp-content\/uploads\/sites\/3\/2022\/05\/1652077869_Praesident-Trump-gibt-Erklaerung-ueber-den-\u201eschwachen-und-voellig-ineffektiven.jpg\",\"datePublished\":\"2022-05-09T01:30:00+00:00\",\"dateModified\":\"2022-05-09T01:30:00+00:00\",\"breadcrumb\":{\"@id\":\"https:\/\/now-news.de\/de\/usa\/praesident-trump-gibt-erklaerung-ueber-den-schwachen-und-voellig-ineffektiven-ehemaligen-verteidigungsminister-mark-esper-ab\/#breadcrumb\"},\"inLanguage\":\"de\",\"potentialAction\":[{\"@type\":\"ReadAction\",\"target\":[\"https:\/\/now-news.de\/de\/usa\/praesident-trump-gibt-erklaerung-ueber-den-schwachen-und-voellig-ineffektiven-ehemaligen-verteidigungsminister-mark-esper-ab\/\"]}]},{\"@type\":\"ImageObject\",\"inLanguage\":\"de\",\"@id\":\"https:\/\/now-news.de\/de\/usa\/praesident-trump-gibt-erklaerung-ueber-den-schwachen-und-voellig-ineffektiven-ehemaligen-verteidigungsminister-mark-esper-ab\/#primaryimage\",\"url\":\"https:\/\/now-news.de\/de\/wp-content\/uploads\/sites\/3\/2022\/05\/1652077869_Praesident-Trump-gibt-Erklaerung-ueber-den-\u201eschwachen-und-voellig-ineffektiven.jpg\",\"contentUrl\":\"https:\/\/now-news.de\/de\/wp-content\/uploads\/sites\/3\/2022\/05\/1652077869_Praesident-Trump-gibt-Erklaerung-ueber-den-\u201eschwachen-und-voellig-ineffektiven.jpg\",\"width\":750,\"height\":410},{\"@type\":\"BreadcrumbList\",\"@id\":\"https:\/\/now-news.de\/de\/usa\/praesident-trump-gibt-erklaerung-ueber-den-schwachen-und-voellig-ineffektiven-ehemaligen-verteidigungsminister-mark-esper-ab\/#breadcrumb\",\"itemListElement\":[{\"@type\":\"ListItem\",\"position\":1,\"name\":\"Home\",\"item\":\"https:\/\/now-news.de\/de\/\"},{\"@type\":\"ListItem\",\"position\":2,\"name\":\"Pr\u00e4sident Trump gibt Erkl\u00e4rung \u00fcber den \u201eschwachen und v\u00f6llig ineffektiven\u201c ehemaligen Verteidigungsminister Mark Esper ab\"}]},{\"@type\":\"WebSite\",\"@id\":\"https:\/\/now-news.de\/de\/#website\",\"url\":\"https:\/\/now-news.de\/de\/\",\"name\":\"just-now.NEWS Deutschland\",\"description\":\"Das Portal f\u00fcr unzensierte Nachrichten aus der Welt\",\"publisher\":{\"@id\":\"https:\/\/now-news.de\/de\/#organization\"},\"potentialAction\":[{\"@type\":\"SearchAction\",\"target\":{\"@type\":\"EntryPoint\",\"urlTemplate\":\"https:\/\/now-news.de\/de\/?s={search_term_string}\"},\"query-input\":\"required name=search_term_string\"}],\"inLanguage\":\"de\"},{\"@type\":\"Organization\",\"@id\":\"https:\/\/now-news.de\/de\/#organization\",\"name\":\"Just Now News\",\"url\":\"https:\/\/now-news.de\/de\/\",\"logo\":{\"@type\":\"ImageObject\",\"inLanguage\":\"de\",\"@id\":\"https:\/\/now-news.de\/de\/#\/schema\/logo\/image\/\",\"url\":\"http:\/\/just-now.news\/de\/wp-content\/uploads\/sites\/3\/2022\/04\/logo500x500.jpg\",\"contentUrl\":\"http:\/\/just-now.news\/de\/wp-content\/uploads\/sites\/3\/2022\/04\/logo500x500.jpg\",\"width\":500,\"height\":500,\"caption\":\"Just Now News\"},\"image\":{\"@id\":\"https:\/\/now-news.de\/de\/#\/schema\/logo\/image\/\"},\"sameAs\":[\"https:\/\/www.facebook.com\/wirmachenauf\",\"https:\/\/x.com\/WirMachenAuf_de\"]},{\"@type\":\"Person\",\"@id\":\"https:\/\/now-news.de\/de\/#\/schema\/person\/8afb4cd92b68572db7902c13a349ffcb\",\"name\":\"greatreset\",\"image\":{\"@type\":\"ImageObject\",\"inLanguage\":\"de\",\"@id\":\"https:\/\/now-news.de\/de\/#\/schema\/person\/image\/\",\"url\":\"https:\/\/secure.gravatar.com\/avatar\/a088df625d49991c090e78c8b9542592?s=96&d=mm&r=g\",\"contentUrl\":\"https:\/\/secure.gravatar.com\/avatar\/a088df625d49991c090e78c8b9542592?s=96&d=mm&r=g\",\"caption\":\"greatreset\"},\"url\":\"https:\/\/now-news.de\/de\/author\/greatreset\/\"}]}<\/script>\n<!-- \/ Yoast SEO Premium plugin. -->","yoast_head_json":{"title":"Pr\u00e4sident Trump gibt Erkl\u00e4rung \u00fcber den \u201eschwachen und v\u00f6llig ineffektiven\u201c ehemaligen Verteidigungsminister Mark Esper ab - just-now.NEWS Deutschland","robots":{"index":"index","follow":"follow","max-snippet":"max-snippet:-1","max-image-preview":"max-image-preview:large","max-video-preview":"max-video-preview:-1"},"canonical":"https:\/\/now-news.de\/de\/usa\/praesident-trump-gibt-erklaerung-ueber-den-schwachen-und-voellig-ineffektiven-ehemaligen-verteidigungsminister-mark-esper-ab\/","og_locale":"de_DE","og_type":"article","og_title":"Pr\u00e4sident Trump gibt Erkl\u00e4rung \u00fcber den \u201eschwachen und v\u00f6llig ineffektiven\u201c ehemaligen Verteidigungsminister Mark Esper ab","og_description":"Der fr\u00fchere Verteidigungsminister unter Pr\u00e4sident Trump, Mark Esper, war schwach und ineffektiv. Pr\u00e4sident Trump sagt, er musste das Milit\u00e4r selbst leiten, weil Esper so schlecht war. Pr\u00e4sident Trump hat heute Abend eine Erkl\u00e4rung \u00fcber Mark Esper ver\u00f6ffentlicht. Der Pr\u00e4sident teilte dies als Antwort auf Norah O&#8217;Donnell, die linksextreme Journalistin bei CBS, die in den Abendnachrichten [&hellip;]","og_url":"https:\/\/now-news.de\/de\/usa\/praesident-trump-gibt-erklaerung-ueber-den-schwachen-und-voellig-ineffektiven-ehemaligen-verteidigungsminister-mark-esper-ab\/","og_site_name":"just-now.NEWS Deutschland","article_publisher":"https:\/\/www.facebook.com\/wirmachenauf","article_published_time":"2022-05-09T01:30:00+00:00","og_image":[{"width":750,"height":410,"url":"https:\/\/now-news.de\/de\/wp-content\/uploads\/sites\/3\/2022\/05\/1652077869_Praesident-Trump-gibt-Erklaerung-ueber-den-\u201eschwachen-und-voellig-ineffektiven.jpg","type":"image\/jpeg"}],"author":"greatreset","twitter_card":"summary_large_image","twitter_creator":"@WirMachenAuf_de","twitter_site":"@WirMachenAuf_de","twitter_misc":{"Verfasst von":"greatreset","Gesch\u00e4tzte Lesezeit":"2\u00a0Minuten"},"schema":{"@context":"https:\/\/schema.org","@graph":[{"@type":"Article","@id":"https:\/\/now-news.de\/de\/usa\/praesident-trump-gibt-erklaerung-ueber-den-schwachen-und-voellig-ineffektiven-ehemaligen-verteidigungsminister-mark-esper-ab\/#article","isPartOf":{"@id":"https:\/\/now-news.de\/de\/usa\/praesident-trump-gibt-erklaerung-ueber-den-schwachen-und-voellig-ineffektiven-ehemaligen-verteidigungsminister-mark-esper-ab\/"},"author":{"name":"greatreset","@id":"https:\/\/now-news.de\/de\/#\/schema\/person\/8afb4cd92b68572db7902c13a349ffcb"},"headline":"Pr\u00e4sident Trump gibt Erkl\u00e4rung \u00fcber den \u201eschwachen und v\u00f6llig ineffektiven\u201c ehemaligen Verteidigungsminister Mark Esper ab","datePublished":"2022-05-09T01:30:00+00:00","dateModified":"2022-05-09T01:30:00+00:00","mainEntityOfPage":{"@id":"https:\/\/now-news.de\/de\/usa\/praesident-trump-gibt-erklaerung-ueber-den-schwachen-und-voellig-ineffektiven-ehemaligen-verteidigungsminister-mark-esper-ab\/"},"wordCount":409,"commentCount":0,"publisher":{"@id":"https:\/\/now-news.de\/de\/#organization"},"image":{"@id":"https:\/\/now-news.de\/de\/usa\/praesident-trump-gibt-erklaerung-ueber-den-schwachen-und-voellig-ineffektiven-ehemaligen-verteidigungsminister-mark-esper-ab\/#primaryimage"},"thumbnailUrl":"https:\/\/now-news.de\/de\/wp-content\/uploads\/sites\/3\/2022\/05\/1652077869_Praesident-Trump-gibt-Erklaerung-ueber-den-\u201eschwachen-und-voellig-ineffektiven.jpg","keywords":["den","ehemaligen","Erkl\u00e4rung","Esper","gibt","ineffektiven","Mark","Pr\u00e4sident","schwachen","trump","\u00fcber","und","Verteidigungsminister","v\u00f6llig"],"articleSection":["USA"],"inLanguage":"de","potentialAction":[{"@type":"CommentAction","name":"Comment","target":["https:\/\/now-news.de\/de\/usa\/praesident-trump-gibt-erklaerung-ueber-den-schwachen-und-voellig-ineffektiven-ehemaligen-verteidigungsminister-mark-esper-ab\/#respond"]}]},{"@type":"WebPage","@id":"https:\/\/now-news.de\/de\/usa\/praesident-trump-gibt-erklaerung-ueber-den-schwachen-und-voellig-ineffektiven-ehemaligen-verteidigungsminister-mark-esper-ab\/","url":"https:\/\/now-news.de\/de\/usa\/praesident-trump-gibt-erklaerung-ueber-den-schwachen-und-voellig-ineffektiven-ehemaligen-verteidigungsminister-mark-esper-ab\/","name":"Pr\u00e4sident Trump gibt Erkl\u00e4rung \u00fcber den \u201eschwachen und v\u00f6llig ineffektiven\u201c ehemaligen Verteidigungsminister Mark Esper ab - just-now.NEWS Deutschland","isPartOf":{"@id":"https:\/\/now-news.de\/de\/#website"},"primaryImageOfPage":{"@id":"https:\/\/now-news.de\/de\/usa\/praesident-trump-gibt-erklaerung-ueber-den-schwachen-und-voellig-ineffektiven-ehemaligen-verteidigungsminister-mark-esper-ab\/#primaryimage"},"image":{"@id":"https:\/\/now-news.de\/de\/usa\/praesident-trump-gibt-erklaerung-ueber-den-schwachen-und-voellig-ineffektiven-ehemaligen-verteidigungsminister-mark-esper-ab\/#primaryimage"},"thumbnailUrl":"https:\/\/now-news.de\/de\/wp-content\/uploads\/sites\/3\/2022\/05\/1652077869_Praesident-Trump-gibt-Erklaerung-ueber-den-\u201eschwachen-und-voellig-ineffektiven.jpg","datePublished":"2022-05-09T01:30:00+00:00","dateModified":"2022-05-09T01:30:00+00:00","breadcrumb":{"@id":"https:\/\/now-news.de\/de\/usa\/praesident-trump-gibt-erklaerung-ueber-den-schwachen-und-voellig-ineffektiven-ehemaligen-verteidigungsminister-mark-esper-ab\/#breadcrumb"},"inLanguage":"de","potentialAction":[{"@type":"ReadAction","target":["https:\/\/now-news.de\/de\/usa\/praesident-trump-gibt-erklaerung-ueber-den-schwachen-und-voellig-ineffektiven-ehemaligen-verteidigungsminister-mark-esper-ab\/"]}]},{"@type":"ImageObject","inLanguage":"de","@id":"https:\/\/now-news.de\/de\/usa\/praesident-trump-gibt-erklaerung-ueber-den-schwachen-und-voellig-ineffektiven-ehemaligen-verteidigungsminister-mark-esper-ab\/#primaryimage","url":"https:\/\/now-news.de\/de\/wp-content\/uploads\/sites\/3\/2022\/05\/1652077869_Praesident-Trump-gibt-Erklaerung-ueber-den-\u201eschwachen-und-voellig-ineffektiven.jpg","contentUrl":"https:\/\/now-news.de\/de\/wp-content\/uploads\/sites\/3\/2022\/05\/1652077869_Praesident-Trump-gibt-Erklaerung-ueber-den-\u201eschwachen-und-voellig-ineffektiven.jpg","width":750,"height":410},{"@type":"BreadcrumbList","@id":"https:\/\/now-news.de\/de\/usa\/praesident-trump-gibt-erklaerung-ueber-den-schwachen-und-voellig-ineffektiven-ehemaligen-verteidigungsminister-mark-esper-ab\/#breadcrumb","itemListElement":[{"@type":"ListItem","position":1,"name":"Home","item":"https:\/\/now-news.de\/de\/"},{"@type":"ListItem","position":2,"name":"Pr\u00e4sident Trump gibt Erkl\u00e4rung \u00fcber den \u201eschwachen und v\u00f6llig ineffektiven\u201c ehemaligen Verteidigungsminister Mark Esper ab"}]},{"@type":"WebSite","@id":"https:\/\/now-news.de\/de\/#website","url":"https:\/\/now-news.de\/de\/","name":"just-now.NEWS Deutschland","description":"Das Portal f\u00fcr unzensierte Nachrichten aus der Welt","publisher":{"@id":"https:\/\/now-news.de\/de\/#organization"},"potentialAction":[{"@type":"SearchAction","target":{"@type":"EntryPoint","urlTemplate":"https:\/\/now-news.de\/de\/?s={search_term_string}"},"query-input":"required name=search_term_string"}],"inLanguage":"de"},{"@type":"Organization","@id":"https:\/\/now-news.de\/de\/#organization","name":"Just Now News","url":"https:\/\/now-news.de\/de\/","logo":{"@type":"ImageObject","inLanguage":"de","@id":"https:\/\/now-news.de\/de\/#\/schema\/logo\/image\/","url":"http:\/\/just-now.news\/de\/wp-content\/uploads\/sites\/3\/2022\/04\/logo500x500.jpg","contentUrl":"http:\/\/just-now.news\/de\/wp-content\/uploads\/sites\/3\/2022\/04\/logo500x500.jpg","width":500,"height":500,"caption":"Just Now News"},"image":{"@id":"https:\/\/now-news.de\/de\/#\/schema\/logo\/image\/"},"sameAs":["https:\/\/www.facebook.com\/wirmachenauf","https:\/\/x.com\/WirMachenAuf_de"]},{"@type":"Person","@id":"https:\/\/now-news.de\/de\/#\/schema\/person\/8afb4cd92b68572db7902c13a349ffcb","name":"greatreset","image":{"@type":"ImageObject","inLanguage":"de","@id":"https:\/\/now-news.de\/de\/#\/schema\/person\/image\/","url":"https:\/\/secure.gravatar.com\/avatar\/a088df625d49991c090e78c8b9542592?s=96&d=mm&r=g","contentUrl":"https:\/\/secure.gravatar.com\/avatar\/a088df625d49991c090e78c8b9542592?s=96&d=mm&r=g","caption":"greatreset"},"url":"https:\/\/now-news.de\/de\/author\/greatreset\/"}]}},"_links":{"self":[{"href":"https:\/\/now-news.de\/de\/wp-json\/wp\/v2\/posts\/7158"}],"collection":[{"href":"https:\/\/now-news.de\/de\/wp-json\/wp\/v2\/posts"}],"about":[{"href":"https:\/\/now-news.de\/de\/wp-json\/wp\/v2\/types\/post"}],"author":[{"embeddable":true,"href":"https:\/\/now-news.de\/de\/wp-json\/wp\/v2\/users\/5"}],"replies":[{"embeddable":true,"href":"https:\/\/now-news.de\/de\/wp-json\/wp\/v2\/comments?post=7158"}],"version-history":[{"count":0,"href":"https:\/\/now-news.de\/de\/wp-json\/wp\/v2\/posts\/7158\/revisions"}],"wp:featuredmedia":[{"embeddable":true,"href":"https:\/\/now-news.de\/de\/wp-json\/wp\/v2\/media\/7159"}],"wp:attachment":[{"href":"https:\/\/now-news.de\/de\/wp-json\/wp\/v2\/media?parent=7158"}],"wp:term":[{"taxonomy":"category","embeddable":true,"href":"https:\/\/now-news.de\/de\/wp-json\/wp\/v2\/categories?post=7158"},{"taxonomy":"post_tag","embeddable":true,"href":"https:\/\/now-news.de\/de\/wp-json\/wp\/v2\/tags?post=7158"}],"curies":[{"name":"wp","href":"https:\/\/api.w.org\/{rel}","templated":true}]}}