{"id":71572,"date":"2024-10-28T20:30:02","date_gmt":"2024-10-28T18:30:02","guid":{"rendered":"https:\/\/now-news.de\/de\/deutschland\/peinliche-pressemanoever-um-nato-kommando-in-rostock\/"},"modified":"2024-10-28T20:30:02","modified_gmt":"2024-10-28T18:30:02","slug":"peinliche-pressemanoever-um-nato-kommando-in-rostock","status":"publish","type":"post","link":"https:\/\/now-news.de\/de\/deutschland\/peinliche-pressemanoever-um-nato-kommando-in-rostock\/","title":{"rendered":"Peinliche Presseman\u00f6ver um NATO-Kommando in Rostock"},"content":{"rendered":"<p><img decoding=\"async\" src=\"https:\/\/now-news.de\/de\/wp-content\/uploads\/sites\/3\/2024\/10\/671fd8e3b480cc6c4b0d8505.jpg\" \/><\/p>\n<div class=\"Text-root Text-type_1 \">\n                Die gro\u00dfe Einweihung in Rostock mit Bundesverteidigungsminister Pistorius vergangene Woche scheint doch mehr Probleme zu machen, als das Verteidigungsministerium zugeben will. W\u00e4re die Einbestellung des deutschen Botschafters unbegr\u00fcndet, m\u00fcsste man nicht die Berichterstattung f\u00e4lschen.\n            <\/div>\n<p><\/p>\n<div class=\"Text-root Text-type_5 ArticleView-text ViewText-root \">\n<p>Das neue Marinekommando in Rostock bereitet weiterhin Probleme. Erst wurde gro\u00df ein NATO-Kommando f\u00fcr die Ostsee vermeldet, aber kaum kamen die entsprechenden Verweise auf die Regelungen des 2+4-Vertrags, der die Stationierung ausl\u00e4ndischer Truppen auf dem Gebiet der DDR verbietet, \u00e4nderte sich die Sprachregelung: Pl\u00f6tzlich sollte das ein deutsches Kommando mit ausl\u00e4ndischer Beteiligung sein, und zwei Jahre Dienst auf deutschem Boden durch schwedische oder polnische Offiziere gelten nicht mehr als Stationierung.<\/p>\n<p>Allerdings war es nicht nur die Bundesregierung, die auf den offiziellen russischen Protest in Gestalt einer Einbestellung des deutschen Botschafters in Moskau mit sprachlichen Kapriolen reagierte, es war auch die Presse. Wie der Volkswirtschaftler Norbert H\u00e4ring in seinem Blog <a rel=\"nofollow noopener\" target=\"_blank\" href=\"https:\/\/norberthaering.de\/propaganda-zensur\/spiegel-nato-hauptquartier\/\">schildert<\/a>, wurde etwa der Artikel des Magazins <em>Spiegel<\/em> vom 22. Oktober nachtr\u00e4glich ver\u00e4ndert. Urspr\u00fcnglich hie\u00df es dort:<\/p>\n<p><em>&#8220;Aus Protest gegen die Einweihung des <strong>maritimen NATO-Hauptquartiers<\/strong> in Rostock hat die russische Regierung den deutschen Botschafter in Moskau, Alexander Graf Lambsdorff, einbestellt.&#8221;<\/em><\/p>\n<p>Nach der \u00c4nderung steht dort stattdessen zu lesen:<\/p>\n<p><em>&#8220;Aus Protest gegen die Einweihung des <strong>neuen Hauptquartiers der deutschen Marine<\/strong> in Rostock hat die russische Regierung den deutschen Botschafter in Moskau, Alexander Graf Lambsdorff, einbestellt.&#8221;<\/em><\/p>\n<p>Diese Aussage ist schlicht falsch, da sich der russische Protest eben gerade nicht gegen ein &#8220;Hauptquartier der deutschen Marine&#8221; richtete. Bei der Anpassung an die neue amtliche Sprachregelung habe der <em>Spiegel<\/em> &#8220;entgegen journalistischen Standards&#8221; den Zeitstempel beibehalten, aber gleichzeitig die Internetadresse des Artikels ge\u00e4ndert, um einen Vergleich der neuen mit der alten Version zu erschweren.<\/p>\n<p>Der <em>NDR<\/em>, auch darauf weist H\u00e4ring hin, hatte auf die russische Kritik mit einer Darstellung <a rel=\"nofollow noopener\" target=\"_blank\" href=\"https:\/\/www.ndr.de\/nachrichten\/mecklenburg-vorpommern\/Maritimes-Hauptquartier-in-Rostock-Experten-weisen-Kritik-aus-Russland-zurueck,russischepropaganda102.html\">reagiert<\/a>, in der Experten behaupten, das Verbot der Stationierung ausl\u00e4ndischer Streitkr\u00e4fte in Ostdeutschland sei &#8220;nach 30 Jahren nicht mehr bindend&#8221;. Das Verbot ausl\u00e4ndischer Truppen gelte nur bis zum Jahr 1994. Tats\u00e4chlich sehen weder der Text des 2+4-Vertrages noch der des Einigungsvertrages eine derartige Zeitbegrenzung vor.<\/p>\n<p>All das legt nahe, dass das Verteidigungsministerium und die Bundesregierung wohl erst nachtr\u00e4glich bemerkt haben, dass sie sich auf rechtlich unsicherem Grund bewegten, und dann betr\u00e4chtlichen Druck aus\u00fcbten, um ihre neuen Formulierungen \u00fcberall nicht nur durchzusetzen, sondern die alten Aussagen tats\u00e4chlich l\u00f6schen zu lassen. Wobei H\u00e4ring in seinem Bericht das deutlichste Beispiel nicht einmal anf\u00fchrt: Auch die urspr\u00fcngliche <a rel=\"nofollow noopener\" target=\"_blank\" href=\"https:\/\/archive.ph\/lkRIz\">Pressemitteilung<\/a> der NATO wurde gel\u00f6scht. Einzig die Presseerkl\u00e4rung des Verteidigungsministeriums selbst, die die Einweihung ank\u00fcndigte, ist immer noch <a rel=\"nofollow noopener\" target=\"_blank\" href=\"https:\/\/www.bmvg.de\/de\/presse\/pistorius-weiht-maritimes-hauptquartier-fuer-nato-ein-5848000\">erhalten<\/a>. Hier ist klar die Rede von einem &#8220;Hauptquartier f\u00fcr die NATO&#8221;.<\/p>\n<p><strong>Mehr zum Thema<\/strong> \u2013 <a rel=\"nofollow noopener\" target=\"_blank\" href=\"https:\/\/freedert.online\/inland\/223301-wegen-nato-kommando-in-rostock-botschafter-einbestellt\/\">Wegen NATO-Kommando in Rostock: Moskau zitiert deutschen Botschafter ins Au\u00dfenministerium<\/a><\/p>\n<div class=\"EmbedBlock-root EmbedBlock-externalVideo EmbedBlock-rumble\">\n<div class=\"VkEmbed\"><iframe class=\"lazyload\" data-src=\"https:\/\/rumble.com\/embed\/v5gw2p9\" frameborder=\"0\" width=\"853\" height=\"480\" allowfullscreen><\/iframe><\/div>\n<\/div>\n<\/div>\n<p><br \/>\n<br \/><a href=\"https:\/\/de.rt.com\/inland\/223887-peinliche-pressemanoever-um-nato-kommando\/\">Source link <\/a><\/p>\n","protected":false},"excerpt":{"rendered":"<p>Die gro\u00dfe Einweihung in Rostock mit Bundesverteidigungsminister Pistorius vergangene Woche scheint doch mehr Probleme zu machen, als das Verteidigungsministerium zugeben will. W\u00e4re die Einbestellung des deutschen Botschafters unbegr\u00fcndet, m\u00fcsste man nicht die Berichterstattung f\u00e4lschen. Das neue Marinekommando in Rostock bereitet weiterhin Probleme. Erst wurde gro\u00df ein NATO-Kommando f\u00fcr die Ostsee vermeldet, aber kaum kamen die [&hellip;]<\/p>\n","protected":false},"author":3,"featured_media":71573,"comment_status":"open","ping_status":"open","sticky":false,"template":"","format":"standard","meta":{"_yoast_indexnow_last_ping":["1730141038"],"wp_automatic_camp":["217"],"9a337709df56ef3596d4e46f058cc856":["Peinliche Presseman\u00f6ver um NATO-Kommando in Rostock"],"original_link":["https:\/\/de.rt.com\/inland\/223887-peinliche-pressemanoever-um-nato-kommando\/"],"_thumbnail_id":["71573"],"jnews_social_counter_last_update":["1777368680"],"_wptgpro_p2tg_sent2tg":["a:1:{i:23737;s:19:\"2024-10-28 20:45:03\";}"]},"categories":[19,23],"tags":[59670,35656,59790,43180],"yoast_head":"<!-- This site is optimized with the Yoast SEO Premium plugin v22.7 (Yoast SEO v22.7) - https:\/\/yoast.com\/wordpress\/plugins\/seo\/ -->\n<title>Peinliche Presseman\u00f6ver um NATO-Kommando in Rostock - just-now.NEWS Deutschland<\/title>\n<meta name=\"robots\" content=\"index, follow, max-snippet:-1, max-image-preview:large, max-video-preview:-1\" \/>\n<link rel=\"canonical\" href=\"https:\/\/now-news.de\/de\/deutschland\/peinliche-pressemanoever-um-nato-kommando-in-rostock\/\" \/>\n<meta property=\"og:locale\" content=\"de_DE\" \/>\n<meta property=\"og:type\" content=\"article\" \/>\n<meta property=\"og:title\" content=\"Peinliche Presseman\u00f6ver um NATO-Kommando in Rostock\" \/>\n<meta property=\"og:description\" content=\"Die gro\u00dfe Einweihung in Rostock mit Bundesverteidigungsminister Pistorius vergangene Woche scheint doch mehr Probleme zu machen, als das Verteidigungsministerium zugeben will. W\u00e4re die Einbestellung des deutschen Botschafters unbegr\u00fcndet, m\u00fcsste man nicht die Berichterstattung f\u00e4lschen. Das neue Marinekommando in Rostock bereitet weiterhin Probleme. Erst wurde gro\u00df ein NATO-Kommando f\u00fcr die Ostsee vermeldet, aber kaum kamen die [&hellip;]\" \/>\n<meta property=\"og:url\" content=\"https:\/\/now-news.de\/de\/deutschland\/peinliche-pressemanoever-um-nato-kommando-in-rostock\/\" \/>\n<meta property=\"og:site_name\" content=\"just-now.NEWS Deutschland\" \/>\n<meta property=\"article:publisher\" content=\"https:\/\/www.facebook.com\/wirmachenauf\" \/>\n<meta property=\"article:published_time\" content=\"2024-10-28T18:30:02+00:00\" \/>\n<meta property=\"og:image\" content=\"https:\/\/now-news.de\/de\/wp-content\/uploads\/sites\/3\/2024\/10\/671fd8e3b480cc6c4b0d8505.jpg\" \/>\n<meta name=\"author\" content=\"rtnews\" \/>\n<meta name=\"twitter:card\" content=\"summary_large_image\" \/>\n<meta name=\"twitter:creator\" content=\"@WirMachenAuf_de\" \/>\n<meta name=\"twitter:site\" content=\"@WirMachenAuf_de\" \/>\n<meta name=\"twitter:label1\" content=\"Verfasst von\" \/>\n\t<meta name=\"twitter:data1\" content=\"rtnews\" \/>\n\t<meta name=\"twitter:label2\" content=\"Gesch\u00e4tzte Lesezeit\" \/>\n\t<meta name=\"twitter:data2\" content=\"2\u00a0Minuten\" \/>\n<script type=\"application\/ld+json\" class=\"yoast-schema-graph\">{\"@context\":\"https:\/\/schema.org\",\"@graph\":[{\"@type\":\"Article\",\"@id\":\"https:\/\/now-news.de\/de\/deutschland\/peinliche-pressemanoever-um-nato-kommando-in-rostock\/#article\",\"isPartOf\":{\"@id\":\"https:\/\/now-news.de\/de\/deutschland\/peinliche-pressemanoever-um-nato-kommando-in-rostock\/\"},\"author\":{\"name\":\"rtnews\",\"@id\":\"https:\/\/now-news.de\/de\/#\/schema\/person\/fb534a4e865501d8b3285208df34a9b5\"},\"headline\":\"Peinliche Presseman\u00f6ver um NATO-Kommando in Rostock\",\"datePublished\":\"2024-10-28T18:30:02+00:00\",\"dateModified\":\"2024-10-28T18:30:02+00:00\",\"mainEntityOfPage\":{\"@id\":\"https:\/\/now-news.de\/de\/deutschland\/peinliche-pressemanoever-um-nato-kommando-in-rostock\/\"},\"wordCount\":472,\"commentCount\":0,\"publisher\":{\"@id\":\"https:\/\/now-news.de\/de\/#organization\"},\"image\":{\"@id\":\"https:\/\/now-news.de\/de\/deutschland\/peinliche-pressemanoever-um-nato-kommando-in-rostock\/#primaryimage\"},\"thumbnailUrl\":\"https:\/\/now-news.de\/de\/wp-content\/uploads\/sites\/3\/2024\/10\/Peinliche-Pressemanoever-um-NATO-Kommando-in-Rostock.jpg\",\"keywords\":[\"NATOKommando\",\"peinliche\",\"Presseman\u00f6ver\",\"Rostock\"],\"articleSection\":[\"Deutschland\",\"Russland\"],\"inLanguage\":\"de\",\"potentialAction\":[{\"@type\":\"CommentAction\",\"name\":\"Comment\",\"target\":[\"https:\/\/now-news.de\/de\/deutschland\/peinliche-pressemanoever-um-nato-kommando-in-rostock\/#respond\"]}]},{\"@type\":\"WebPage\",\"@id\":\"https:\/\/now-news.de\/de\/deutschland\/peinliche-pressemanoever-um-nato-kommando-in-rostock\/\",\"url\":\"https:\/\/now-news.de\/de\/deutschland\/peinliche-pressemanoever-um-nato-kommando-in-rostock\/\",\"name\":\"Peinliche Presseman\u00f6ver um NATO-Kommando in Rostock - just-now.NEWS Deutschland\",\"isPartOf\":{\"@id\":\"https:\/\/now-news.de\/de\/#website\"},\"primaryImageOfPage\":{\"@id\":\"https:\/\/now-news.de\/de\/deutschland\/peinliche-pressemanoever-um-nato-kommando-in-rostock\/#primaryimage\"},\"image\":{\"@id\":\"https:\/\/now-news.de\/de\/deutschland\/peinliche-pressemanoever-um-nato-kommando-in-rostock\/#primaryimage\"},\"thumbnailUrl\":\"https:\/\/now-news.de\/de\/wp-content\/uploads\/sites\/3\/2024\/10\/Peinliche-Pressemanoever-um-NATO-Kommando-in-Rostock.jpg\",\"datePublished\":\"2024-10-28T18:30:02+00:00\",\"dateModified\":\"2024-10-28T18:30:02+00:00\",\"breadcrumb\":{\"@id\":\"https:\/\/now-news.de\/de\/deutschland\/peinliche-pressemanoever-um-nato-kommando-in-rostock\/#breadcrumb\"},\"inLanguage\":\"de\",\"potentialAction\":[{\"@type\":\"ReadAction\",\"target\":[\"https:\/\/now-news.de\/de\/deutschland\/peinliche-pressemanoever-um-nato-kommando-in-rostock\/\"]}]},{\"@type\":\"ImageObject\",\"inLanguage\":\"de\",\"@id\":\"https:\/\/now-news.de\/de\/deutschland\/peinliche-pressemanoever-um-nato-kommando-in-rostock\/#primaryimage\",\"url\":\"https:\/\/now-news.de\/de\/wp-content\/uploads\/sites\/3\/2024\/10\/Peinliche-Pressemanoever-um-NATO-Kommando-in-Rostock.jpg\",\"contentUrl\":\"https:\/\/now-news.de\/de\/wp-content\/uploads\/sites\/3\/2024\/10\/Peinliche-Pressemanoever-um-NATO-Kommando-in-Rostock.jpg\",\"width\":460,\"height\":259,\"caption\":\"Peinliche Presseman\u00f6ver um NATO-Kommando in Rostock\"},{\"@type\":\"BreadcrumbList\",\"@id\":\"https:\/\/now-news.de\/de\/deutschland\/peinliche-pressemanoever-um-nato-kommando-in-rostock\/#breadcrumb\",\"itemListElement\":[{\"@type\":\"ListItem\",\"position\":1,\"name\":\"Home\",\"item\":\"https:\/\/now-news.de\/de\/\"},{\"@type\":\"ListItem\",\"position\":2,\"name\":\"Peinliche Presseman\u00f6ver um NATO-Kommando in Rostock\"}]},{\"@type\":\"WebSite\",\"@id\":\"https:\/\/now-news.de\/de\/#website\",\"url\":\"https:\/\/now-news.de\/de\/\",\"name\":\"just-now.NEWS Deutschland\",\"description\":\"Das Portal f\u00fcr unzensierte Nachrichten aus der Welt\",\"publisher\":{\"@id\":\"https:\/\/now-news.de\/de\/#organization\"},\"potentialAction\":[{\"@type\":\"SearchAction\",\"target\":{\"@type\":\"EntryPoint\",\"urlTemplate\":\"https:\/\/now-news.de\/de\/?s={search_term_string}\"},\"query-input\":\"required name=search_term_string\"}],\"inLanguage\":\"de\"},{\"@type\":\"Organization\",\"@id\":\"https:\/\/now-news.de\/de\/#organization\",\"name\":\"Just Now News\",\"url\":\"https:\/\/now-news.de\/de\/\",\"logo\":{\"@type\":\"ImageObject\",\"inLanguage\":\"de\",\"@id\":\"https:\/\/now-news.de\/de\/#\/schema\/logo\/image\/\",\"url\":\"http:\/\/just-now.news\/de\/wp-content\/uploads\/sites\/3\/2022\/04\/logo500x500.jpg\",\"contentUrl\":\"http:\/\/just-now.news\/de\/wp-content\/uploads\/sites\/3\/2022\/04\/logo500x500.jpg\",\"width\":500,\"height\":500,\"caption\":\"Just Now News\"},\"image\":{\"@id\":\"https:\/\/now-news.de\/de\/#\/schema\/logo\/image\/\"},\"sameAs\":[\"https:\/\/www.facebook.com\/wirmachenauf\",\"https:\/\/x.com\/WirMachenAuf_de\"]},{\"@type\":\"Person\",\"@id\":\"https:\/\/now-news.de\/de\/#\/schema\/person\/fb534a4e865501d8b3285208df34a9b5\",\"name\":\"rtnews\",\"image\":{\"@type\":\"ImageObject\",\"inLanguage\":\"de\",\"@id\":\"https:\/\/now-news.de\/de\/#\/schema\/person\/image\/\",\"url\":\"https:\/\/secure.gravatar.com\/avatar\/82aafea7d8127119dd649515f56e2117?s=96&d=mm&r=g\",\"contentUrl\":\"https:\/\/secure.gravatar.com\/avatar\/82aafea7d8127119dd649515f56e2117?s=96&d=mm&r=g\",\"caption\":\"rtnews\"},\"url\":\"https:\/\/now-news.de\/de\/author\/rnews\/\"}]}<\/script>\n<!-- \/ Yoast SEO Premium plugin. -->","yoast_head_json":{"title":"Peinliche Presseman\u00f6ver um NATO-Kommando in Rostock - just-now.NEWS Deutschland","robots":{"index":"index","follow":"follow","max-snippet":"max-snippet:-1","max-image-preview":"max-image-preview:large","max-video-preview":"max-video-preview:-1"},"canonical":"https:\/\/now-news.de\/de\/deutschland\/peinliche-pressemanoever-um-nato-kommando-in-rostock\/","og_locale":"de_DE","og_type":"article","og_title":"Peinliche Presseman\u00f6ver um NATO-Kommando in Rostock","og_description":"Die gro\u00dfe Einweihung in Rostock mit Bundesverteidigungsminister Pistorius vergangene Woche scheint doch mehr Probleme zu machen, als das Verteidigungsministerium zugeben will. W\u00e4re die Einbestellung des deutschen Botschafters unbegr\u00fcndet, m\u00fcsste man nicht die Berichterstattung f\u00e4lschen. Das neue Marinekommando in Rostock bereitet weiterhin Probleme. Erst wurde gro\u00df ein NATO-Kommando f\u00fcr die Ostsee vermeldet, aber kaum kamen die [&hellip;]","og_url":"https:\/\/now-news.de\/de\/deutschland\/peinliche-pressemanoever-um-nato-kommando-in-rostock\/","og_site_name":"just-now.NEWS Deutschland","article_publisher":"https:\/\/www.facebook.com\/wirmachenauf","article_published_time":"2024-10-28T18:30:02+00:00","og_image":[{"url":"https:\/\/now-news.de\/de\/wp-content\/uploads\/sites\/3\/2024\/10\/671fd8e3b480cc6c4b0d8505.jpg"}],"author":"rtnews","twitter_card":"summary_large_image","twitter_creator":"@WirMachenAuf_de","twitter_site":"@WirMachenAuf_de","twitter_misc":{"Verfasst von":"rtnews","Gesch\u00e4tzte Lesezeit":"2\u00a0Minuten"},"schema":{"@context":"https:\/\/schema.org","@graph":[{"@type":"Article","@id":"https:\/\/now-news.de\/de\/deutschland\/peinliche-pressemanoever-um-nato-kommando-in-rostock\/#article","isPartOf":{"@id":"https:\/\/now-news.de\/de\/deutschland\/peinliche-pressemanoever-um-nato-kommando-in-rostock\/"},"author":{"name":"rtnews","@id":"https:\/\/now-news.de\/de\/#\/schema\/person\/fb534a4e865501d8b3285208df34a9b5"},"headline":"Peinliche Presseman\u00f6ver um NATO-Kommando in Rostock","datePublished":"2024-10-28T18:30:02+00:00","dateModified":"2024-10-28T18:30:02+00:00","mainEntityOfPage":{"@id":"https:\/\/now-news.de\/de\/deutschland\/peinliche-pressemanoever-um-nato-kommando-in-rostock\/"},"wordCount":472,"commentCount":0,"publisher":{"@id":"https:\/\/now-news.de\/de\/#organization"},"image":{"@id":"https:\/\/now-news.de\/de\/deutschland\/peinliche-pressemanoever-um-nato-kommando-in-rostock\/#primaryimage"},"thumbnailUrl":"https:\/\/now-news.de\/de\/wp-content\/uploads\/sites\/3\/2024\/10\/Peinliche-Pressemanoever-um-NATO-Kommando-in-Rostock.jpg","keywords":["NATOKommando","peinliche","Presseman\u00f6ver","Rostock"],"articleSection":["Deutschland","Russland"],"inLanguage":"de","potentialAction":[{"@type":"CommentAction","name":"Comment","target":["https:\/\/now-news.de\/de\/deutschland\/peinliche-pressemanoever-um-nato-kommando-in-rostock\/#respond"]}]},{"@type":"WebPage","@id":"https:\/\/now-news.de\/de\/deutschland\/peinliche-pressemanoever-um-nato-kommando-in-rostock\/","url":"https:\/\/now-news.de\/de\/deutschland\/peinliche-pressemanoever-um-nato-kommando-in-rostock\/","name":"Peinliche Presseman\u00f6ver um NATO-Kommando in Rostock - just-now.NEWS Deutschland","isPartOf":{"@id":"https:\/\/now-news.de\/de\/#website"},"primaryImageOfPage":{"@id":"https:\/\/now-news.de\/de\/deutschland\/peinliche-pressemanoever-um-nato-kommando-in-rostock\/#primaryimage"},"image":{"@id":"https:\/\/now-news.de\/de\/deutschland\/peinliche-pressemanoever-um-nato-kommando-in-rostock\/#primaryimage"},"thumbnailUrl":"https:\/\/now-news.de\/de\/wp-content\/uploads\/sites\/3\/2024\/10\/Peinliche-Pressemanoever-um-NATO-Kommando-in-Rostock.jpg","datePublished":"2024-10-28T18:30:02+00:00","dateModified":"2024-10-28T18:30:02+00:00","breadcrumb":{"@id":"https:\/\/now-news.de\/de\/deutschland\/peinliche-pressemanoever-um-nato-kommando-in-rostock\/#breadcrumb"},"inLanguage":"de","potentialAction":[{"@type":"ReadAction","target":["https:\/\/now-news.de\/de\/deutschland\/peinliche-pressemanoever-um-nato-kommando-in-rostock\/"]}]},{"@type":"ImageObject","inLanguage":"de","@id":"https:\/\/now-news.de\/de\/deutschland\/peinliche-pressemanoever-um-nato-kommando-in-rostock\/#primaryimage","url":"https:\/\/now-news.de\/de\/wp-content\/uploads\/sites\/3\/2024\/10\/Peinliche-Pressemanoever-um-NATO-Kommando-in-Rostock.jpg","contentUrl":"https:\/\/now-news.de\/de\/wp-content\/uploads\/sites\/3\/2024\/10\/Peinliche-Pressemanoever-um-NATO-Kommando-in-Rostock.jpg","width":460,"height":259,"caption":"Peinliche Presseman\u00f6ver um NATO-Kommando in Rostock"},{"@type":"BreadcrumbList","@id":"https:\/\/now-news.de\/de\/deutschland\/peinliche-pressemanoever-um-nato-kommando-in-rostock\/#breadcrumb","itemListElement":[{"@type":"ListItem","position":1,"name":"Home","item":"https:\/\/now-news.de\/de\/"},{"@type":"ListItem","position":2,"name":"Peinliche Presseman\u00f6ver um NATO-Kommando in Rostock"}]},{"@type":"WebSite","@id":"https:\/\/now-news.de\/de\/#website","url":"https:\/\/now-news.de\/de\/","name":"just-now.NEWS Deutschland","description":"Das Portal f\u00fcr unzensierte Nachrichten aus der Welt","publisher":{"@id":"https:\/\/now-news.de\/de\/#organization"},"potentialAction":[{"@type":"SearchAction","target":{"@type":"EntryPoint","urlTemplate":"https:\/\/now-news.de\/de\/?s={search_term_string}"},"query-input":"required name=search_term_string"}],"inLanguage":"de"},{"@type":"Organization","@id":"https:\/\/now-news.de\/de\/#organization","name":"Just Now News","url":"https:\/\/now-news.de\/de\/","logo":{"@type":"ImageObject","inLanguage":"de","@id":"https:\/\/now-news.de\/de\/#\/schema\/logo\/image\/","url":"http:\/\/just-now.news\/de\/wp-content\/uploads\/sites\/3\/2022\/04\/logo500x500.jpg","contentUrl":"http:\/\/just-now.news\/de\/wp-content\/uploads\/sites\/3\/2022\/04\/logo500x500.jpg","width":500,"height":500,"caption":"Just Now News"},"image":{"@id":"https:\/\/now-news.de\/de\/#\/schema\/logo\/image\/"},"sameAs":["https:\/\/www.facebook.com\/wirmachenauf","https:\/\/x.com\/WirMachenAuf_de"]},{"@type":"Person","@id":"https:\/\/now-news.de\/de\/#\/schema\/person\/fb534a4e865501d8b3285208df34a9b5","name":"rtnews","image":{"@type":"ImageObject","inLanguage":"de","@id":"https:\/\/now-news.de\/de\/#\/schema\/person\/image\/","url":"https:\/\/secure.gravatar.com\/avatar\/82aafea7d8127119dd649515f56e2117?s=96&d=mm&r=g","contentUrl":"https:\/\/secure.gravatar.com\/avatar\/82aafea7d8127119dd649515f56e2117?s=96&d=mm&r=g","caption":"rtnews"},"url":"https:\/\/now-news.de\/de\/author\/rnews\/"}]}},"_links":{"self":[{"href":"https:\/\/now-news.de\/de\/wp-json\/wp\/v2\/posts\/71572"}],"collection":[{"href":"https:\/\/now-news.de\/de\/wp-json\/wp\/v2\/posts"}],"about":[{"href":"https:\/\/now-news.de\/de\/wp-json\/wp\/v2\/types\/post"}],"author":[{"embeddable":true,"href":"https:\/\/now-news.de\/de\/wp-json\/wp\/v2\/users\/3"}],"replies":[{"embeddable":true,"href":"https:\/\/now-news.de\/de\/wp-json\/wp\/v2\/comments?post=71572"}],"version-history":[{"count":0,"href":"https:\/\/now-news.de\/de\/wp-json\/wp\/v2\/posts\/71572\/revisions"}],"wp:featuredmedia":[{"embeddable":true,"href":"https:\/\/now-news.de\/de\/wp-json\/wp\/v2\/media\/71573"}],"wp:attachment":[{"href":"https:\/\/now-news.de\/de\/wp-json\/wp\/v2\/media?parent=71572"}],"wp:term":[{"taxonomy":"category","embeddable":true,"href":"https:\/\/now-news.de\/de\/wp-json\/wp\/v2\/categories?post=71572"},{"taxonomy":"post_tag","embeddable":true,"href":"https:\/\/now-news.de\/de\/wp-json\/wp\/v2\/tags?post=71572"}],"curies":[{"name":"wp","href":"https:\/\/api.w.org\/{rel}","templated":true}]}}