{"id":71555,"date":"2024-10-28T15:17:26","date_gmt":"2024-10-28T13:17:26","guid":{"rendered":"https:\/\/now-news.de\/de\/deutschland\/journalistin-in-polen-herrscht-misstrauen-gegenueber-fluechtlingen-aus-der-ukraine\/"},"modified":"2024-10-28T15:17:26","modified_gmt":"2024-10-28T13:17:26","slug":"journalistin-in-polen-herrscht-misstrauen-gegenueber-fluechtlingen-aus-der-ukraine","status":"publish","type":"post","link":"https:\/\/now-news.de\/de\/deutschland\/journalistin-in-polen-herrscht-misstrauen-gegenueber-fluechtlingen-aus-der-ukraine\/","title":{"rendered":"Journalistin: In Polen herrscht Misstrauen gegen\u00fcber Fl\u00fcchtlingen aus der Ukraine"},"content":{"rendered":"<p><img decoding=\"async\" src=\"https:\/\/now-news.de\/de\/wp-content\/uploads\/sites\/3\/2024\/10\/671f8e3348fbef55ee507b69.jpg\" \/><\/p>\n<div class=\"Text-root Text-type_1 \">\n                In Europa kippt die Stimmung gegen\u00fcber ukrainischen Fl\u00fcchtlingen. In Polen herrscht Misstrauen und fehlende Integration. Einst willkommen gehei\u00dfen, stehen die Fl\u00fcchtlinge nun vor gek\u00fcrzten Leistungen und Forderungen nach R\u00fcckf\u00fchrung. Europas wahre Haltung zeigt sich.\n            <\/div>\n<p><\/p>\n<div class=\"Text-root Text-type_5 ArticleView-text ViewText-root \">\n<p>Die polnische Bev\u00f6lkerung lasse ukrainische Fl\u00fcchtlinge kaum in die Gesellschaft und begegne ihnen oft mit Misstrauen, beklagt die ukrainische Journalistin Alena Babakowa in einem Interview mit dem Nachrichtenportal <em>Neue Stimme.<\/em><\/p>\n<p><em>&#8220;Die Polen betrachten Fl\u00fcchtlinge und Arbeitsmigranten immer noch als G\u00e4ste auf Zeit. Deshalb werden der Wunsch zu bleiben, sich zu integrieren und eigene Gedanken, Einw\u00e4nde und Fragen zu haben, oft mit Misstrauen aufgenommen.&#8221;<\/em><\/p>\n<p>Trotzdem, so die Journalistin, h\u00e4tten in den vergangenen zweieinhalb Jahren viele Ukrainerinnen mit Kindern\u00a0versucht, sich\u00a0in die lokalen Gemeinschaften zu integrieren. Dennoch w\u00fcrden sie weiterhin als G\u00e4ste wahrgenommen, die &#8220;entweder den Mund halten oder gehen&#8221; sollten. Sie erkl\u00e4rt:<\/p>\n<p><em>&#8220;Wenn Ukrainer im Ausland anfangen, Forderungen zu stellen, wird dieses Verhalten als Undankbarkeit f\u00fcr alles, was Polen bereits f\u00fcr sie getan hat, angesehen.&#8221;<\/em><em><br \/><\/em><\/p>\n<p>In praktisch allen europ\u00e4ischen L\u00e4ndern, die vor kurzem noch ihre Liebe zu den Ukrainern bekundet h\u00e4tten, seien \u00e4hnliche Entwicklungen zu beobachten, die einen drastischen Wandel der \u00f6ffentlichen Meinung widerspiegelten, berichtet Wladimir Kornilow, politischer Beobachter der Nachrichtenagentur<em> RIA Nowosti. <\/em>Polen sei\u00a0das prominenteste Beispiel. Anfangs sei das Land ein absoluter Vorreiter in der Politik der offenen T\u00fcr gegen\u00fcber seinen \u00f6stlichen Nachbarn gewesen.<\/p>\n<p>Im M\u00e4rz 2022 begr\u00fc\u00dften 94 Prozent der Polen die Aufnahme ukrainischer Fl\u00fcchtlinge, w\u00e4hrend diese Zahl laut einer aktuellen Umfrage bereits auf 53 Prozent gesunken ist. Au\u00dferdem unterst\u00fctzen mit 67 Prozent rund zwei Drittel der Polen die Idee, ukrainische M\u00e4nner im wehrf\u00e4higen Alter zwangsweise in ihre Heimat zur\u00fcckzuschicken. Nur 22 Prozent sind dagegen.<\/p>\n<p>Polens Verteidigungsminister W\u0142adys\u0142aw Kosiniak-Kamysz <a rel=\"nofollow noopener\" target=\"_blank\" href=\"https:\/\/freedert.online\/europa\/222654-polnischer-verteidigungsminister-von-ukrainern-zur\/\">pl\u00e4dierte<\/a> f\u00fcr einen gesamteurop\u00e4ischen Ansatz bei der R\u00fcckf\u00fchrung ukrainischer M\u00e4nner:<\/p>\n<p><em>&#8220;Es ist eine Tatsache, dass unsere Gesellschaft schockiert ist \u00fcber junge M\u00e4nner aus der Ukraine, die die besten Autos fahren und ihre Wochenenden in F\u00fcnf-Sterne-Hotels verbringen. Das ist ungerecht gegen\u00fcber den Polen, die zur Gesundheitsversorgung, Sozialf\u00fcrsorge und Bildung der Ukrainer beitragen, ganz zu schweigen von Waffenlieferungen und anderer Hilfe.&#8221;<\/em><\/p>\n<p>Kornilow \u00e4u\u00dferte, dass die Idee, potenzielle Wehrpflichtige der ukrainischen Streitkr\u00e4fte aus Europa zur\u00fcckzudr\u00e4ngen, an Fahrt gewinne und immer h\u00e4ufiger auf verschiedenen Plattformen diskutiert werde. Polens Au\u00dfenminister Rados\u0142aw Sikorski habe die EU offiziell aufgefordert, den ukrainischen M\u00e4nnern Sozialleistungen zu entziehen, um sie zu einer R\u00fcckkehr zu bewegen und sie als &#8220;Kanonenfutter&#8221; f\u00fcr das Kiewer Regime einzusetzen.<\/p>\n<p>Sikorski ging noch weiter und forderte Deutschland auf, die f\u00fcr ukrainische Fl\u00fcchtlinge bestimmte Hilfe direkt in die Ukraine zu senden.\u00a0Er sagte unverbl\u00fcmt:<\/p>\n<p><em>&#8220;Es ist nicht gut, dass es einen finanziellen Anreiz gibt, in Deutschland zu sein, anstatt dass die M\u00e4nner an der Front k\u00e4mpfen.&#8221;<\/em><\/p>\n<p>Diese Forderung wurde k\u00fcrzlich auch von dem niederl\u00e4ndischen Politiker Geert Wilders gestellt, der in diesem Jahr erstmals in die Regierung eingetreten ist. Bei einem Treffen mit Selenskij in Italien sprach er von &#8220;ukrainischen M\u00e4nnern, die sich in den Niederlanden aufhalten, anstatt in ihrer Heimat zu helfen&#8221;, so<em> RIA Nowosti.<\/em><\/p>\n<p>Noch sch\u00e4rfer \u00e4u\u00dferte sich der dem Lager der Falken zugeh\u00f6rige ehemalige US-General Ben Hodges. Er sagte k\u00fcrzlich:<\/p>\n<p><em>&#8220;Ich lebe in Frankfurt. Hier in Deutschland, aber auch in Polen, Rum\u00e4nien und anderen Teilen Europas leben Millionen Ukrainer, darunter viele wehrf\u00e4hige junge M\u00e4nner. Sie sollten dort sein, wo sie gebraucht werden: in ihrer Heimat, in der Ukraine.&#8221;<\/em><\/p>\n<p>Dar\u00fcber hinaus schlug Bundesfinanzminister Christian Lindner vor, ukrainischen Fl\u00fcchtlingen die Leistungen des Bundes zu streichen und ihren rechtlichen Status zu \u00fcberpr\u00fcfen, um die automatische Erteilung von Aufenthaltsgenehmigungen in Deutschland abzuschaffen.<\/p>\n<p>In Frankreich wurden ukrainische Fl\u00fcchtlinge im D\u00e9partement Grand Est aufgefordert, ihre Sozialwohnungen bis zum 31. Oktober zu verlassen. In einem Schreiben der Beh\u00f6rden hie\u00df es, dass &#8220;nicht alle notwendigen Schritte zur beruflichen Integration und zur St\u00e4rkung der Eigenverantwortung unternommen wurden, um eine umfassende Integration in der Region zu erm\u00f6glichen&#8221;.<\/p>\n<p>Norwegen hat angek\u00fcndigt, die automatische Gew\u00e4hrung des Fl\u00fcchtlingsstatus f\u00fcr Ukrainer zu beenden. Justizministerin Emilie Enger Mehl erkl\u00e4rte, dass dieser Status insbesondere Menschen aus ruhigeren, nicht vom Krieg betroffenen Regionen der Ukraine verweigert werde.<\/p>\n<p>Irland hat die Leistungen f\u00fcr ukrainische Fl\u00fcchtlinge seit September\u00a0von 232 Euro auf 38,8 Euro pro Woche drastisch gek\u00fcrzt. Ab M\u00e4rz 2025 plant Dublin zudem, die kostenlose Unterbringung neu ankommender Ukrainer einzustellen.<\/p>\n<p>Diese Entwicklungen sind Teil eines gr\u00f6\u00dferen Trends. In fast allen europ\u00e4ischen L\u00e4ndern, die in der Vergangenheit ihre Solidarit\u00e4t mit den ukrainischen Fl\u00fcchtlingen betont haben, ist ein deutlicher Meinungsumschwung zu beobachten.\u00a0<\/p>\n<p>Es sei zu erwarten, so Kornilow, dass die europ\u00e4ische Presse diese Fakten miteinander verkn\u00fcpfe und die Frage stelle, wer jetzt eigentlich aufseiten der Ukraine k\u00e4mpfe und warum. Zu Beginn des Krieges habe Europa Fl\u00fcchtlinge mit dem Argument aufgenommen, es gehe um den Schutz des ukrainischen Volkes. Die j\u00fcngste Entwicklung zeige aber, dass die Ukrainer selbst nicht bereit seien, f\u00fcr das Kiewer Regime und das Interesse der USA an den ukrainischen Bodensch\u00e4tzen wie Lithium und Nickel zu k\u00e4mpfen.<\/p>\n<p>Wie es hei\u00dft, habe der Westen zu Beginn des Krieges seine Liebe zu den Ukrainern demonstrativ zur Schau gestellt, nun aber seien die Masken gefallen. Europa treibe die Ukrainer zur\u00fcck an die Front, um sie dort sterben zu lassen. Die Formel &#8220;bis zum letzten Ukrainer&#8221; sei inzwischen zur offiziellen Politik der meisten westlichen Staaten geworden. Sie werde nicht mehr verschleiert: Die Ukraine und ihre Bev\u00f6lkerung seien f\u00fcr den Westen nur Mittel zum Zweck im Kampf gegen Russland. Das sei alles, was von der einstigen &#8220;Liebe&#8221; \u00fcbrig geblieben sei.<br \/><strong>Mehr zum Thema <\/strong>\u2013\u00a0<a rel=\"nofollow noopener\" target=\"_blank\" href=\"https:\/\/freedert.online\/europa\/222654-polnischer-verteidigungsminister-von-ukrainern-zur\/\">Polnischer Verteidigungsminister: Der von Ukrainern zur Schau gestellte Luxus emp\u00f6rt die B\u00fcrger<\/a><\/p>\n<\/div>\n<p><br \/>\n<br \/><a href=\"https:\/\/de.rt.com\/international\/223853-ukrainische-journalistin-polen-verbietet-integration-von-fluechtlingen-aus-der-ukraine\/\">Source link <\/a><\/p>\n","protected":false},"excerpt":{"rendered":"<p>In Europa kippt die Stimmung gegen\u00fcber ukrainischen Fl\u00fcchtlingen. In Polen herrscht Misstrauen und fehlende Integration. Einst willkommen gehei\u00dfen, stehen die Fl\u00fcchtlinge nun vor gek\u00fcrzten Leistungen und Forderungen nach R\u00fcckf\u00fchrung. Europas wahre Haltung zeigt sich. Die polnische Bev\u00f6lkerung lasse ukrainische Fl\u00fcchtlinge kaum in die Gesellschaft und begegne ihnen oft mit Misstrauen, beklagt die ukrainische Journalistin Alena [&hellip;]<\/p>\n","protected":false},"author":3,"featured_media":71556,"comment_status":"open","ping_status":"open","sticky":false,"template":"","format":"standard","meta":{"_yoast_indexnow_last_ping":["1730121783"],"wp_automatic_camp":["217"],"044f3472c1e8f7cce063f981686693e2":["Journalistin: In Polen herrscht Misstrauen gegen\u00fcber Fl\u00fcchtlingen aus der Ukraine"],"original_link":["https:\/\/de.rt.com\/international\/223853-ukrainische-journalistin-polen-verbietet-integration-von-fluechtlingen-aus-der-ukraine\/"],"_thumbnail_id":["71556"],"jnews_social_counter_last_update":["1777427557"],"_wptgpro_p2tg_sent2tg":["a:1:{i:23737;s:19:\"2024-10-28 15:24:06\";}"]},"categories":[19,23],"tags":[679,82,13448,8962,20910,19638,20244,5850,127],"yoast_head":"<!-- This site is optimized with the Yoast SEO Premium plugin v22.7 (Yoast SEO v22.7) - https:\/\/yoast.com\/wordpress\/plugins\/seo\/ -->\n<title>Journalistin: In Polen herrscht Misstrauen gegen\u00fcber Fl\u00fcchtlingen aus der Ukraine - just-now.NEWS Deutschland<\/title>\n<meta name=\"robots\" content=\"index, follow, max-snippet:-1, max-image-preview:large, max-video-preview:-1\" \/>\n<link rel=\"canonical\" href=\"https:\/\/now-news.de\/de\/deutschland\/journalistin-in-polen-herrscht-misstrauen-gegenueber-fluechtlingen-aus-der-ukraine\/\" \/>\n<meta property=\"og:locale\" content=\"de_DE\" \/>\n<meta property=\"og:type\" content=\"article\" \/>\n<meta property=\"og:title\" content=\"Journalistin: In Polen herrscht Misstrauen gegen\u00fcber Fl\u00fcchtlingen aus der Ukraine\" \/>\n<meta property=\"og:description\" content=\"In Europa kippt die Stimmung gegen\u00fcber ukrainischen Fl\u00fcchtlingen. In Polen herrscht Misstrauen und fehlende Integration. Einst willkommen gehei\u00dfen, stehen die Fl\u00fcchtlinge nun vor gek\u00fcrzten Leistungen und Forderungen nach R\u00fcckf\u00fchrung. Europas wahre Haltung zeigt sich. Die polnische Bev\u00f6lkerung lasse ukrainische Fl\u00fcchtlinge kaum in die Gesellschaft und begegne ihnen oft mit Misstrauen, beklagt die ukrainische Journalistin Alena [&hellip;]\" \/>\n<meta property=\"og:url\" content=\"https:\/\/now-news.de\/de\/deutschland\/journalistin-in-polen-herrscht-misstrauen-gegenueber-fluechtlingen-aus-der-ukraine\/\" \/>\n<meta property=\"og:site_name\" content=\"just-now.NEWS Deutschland\" \/>\n<meta property=\"article:publisher\" content=\"https:\/\/www.facebook.com\/wirmachenauf\" \/>\n<meta property=\"article:published_time\" content=\"2024-10-28T13:17:26+00:00\" \/>\n<meta property=\"og:image\" content=\"https:\/\/now-news.de\/de\/wp-content\/uploads\/sites\/3\/2024\/10\/671f8e3348fbef55ee507b69.jpg\" \/>\n<meta name=\"author\" content=\"rtnews\" \/>\n<meta name=\"twitter:card\" content=\"summary_large_image\" \/>\n<meta name=\"twitter:creator\" content=\"@WirMachenAuf_de\" \/>\n<meta name=\"twitter:site\" content=\"@WirMachenAuf_de\" \/>\n<meta name=\"twitter:label1\" content=\"Verfasst von\" \/>\n\t<meta name=\"twitter:data1\" content=\"rtnews\" \/>\n\t<meta name=\"twitter:label2\" content=\"Gesch\u00e4tzte Lesezeit\" \/>\n\t<meta name=\"twitter:data2\" content=\"5\u00a0Minuten\" \/>\n<script type=\"application\/ld+json\" class=\"yoast-schema-graph\">{\"@context\":\"https:\/\/schema.org\",\"@graph\":[{\"@type\":\"Article\",\"@id\":\"https:\/\/now-news.de\/de\/deutschland\/journalistin-in-polen-herrscht-misstrauen-gegenueber-fluechtlingen-aus-der-ukraine\/#article\",\"isPartOf\":{\"@id\":\"https:\/\/now-news.de\/de\/deutschland\/journalistin-in-polen-herrscht-misstrauen-gegenueber-fluechtlingen-aus-der-ukraine\/\"},\"author\":{\"name\":\"rtnews\",\"@id\":\"https:\/\/now-news.de\/de\/#\/schema\/person\/fb534a4e865501d8b3285208df34a9b5\"},\"headline\":\"Journalistin: In Polen herrscht Misstrauen gegen\u00fcber Fl\u00fcchtlingen aus der Ukraine\",\"datePublished\":\"2024-10-28T13:17:26+00:00\",\"dateModified\":\"2024-10-28T13:17:26+00:00\",\"mainEntityOfPage\":{\"@id\":\"https:\/\/now-news.de\/de\/deutschland\/journalistin-in-polen-herrscht-misstrauen-gegenueber-fluechtlingen-aus-der-ukraine\/\"},\"wordCount\":1004,\"commentCount\":0,\"publisher\":{\"@id\":\"https:\/\/now-news.de\/de\/#organization\"},\"image\":{\"@id\":\"https:\/\/now-news.de\/de\/deutschland\/journalistin-in-polen-herrscht-misstrauen-gegenueber-fluechtlingen-aus-der-ukraine\/#primaryimage\"},\"thumbnailUrl\":\"https:\/\/now-news.de\/de\/wp-content\/uploads\/sites\/3\/2024\/10\/Journalistin-In-Polen-herrscht-Misstrauen-gegenueber-Fluechtlingen-aus-der-Ukraine.jpg\",\"keywords\":[\"aus\",\"der\",\"Fl\u00fcchtlingen\",\"gegen\u00fcber\",\"herrscht\",\"Journalistin\",\"Misstrauen\",\"Polen\",\"ukraine\"],\"articleSection\":[\"Deutschland\",\"Russland\"],\"inLanguage\":\"de\",\"potentialAction\":[{\"@type\":\"CommentAction\",\"name\":\"Comment\",\"target\":[\"https:\/\/now-news.de\/de\/deutschland\/journalistin-in-polen-herrscht-misstrauen-gegenueber-fluechtlingen-aus-der-ukraine\/#respond\"]}]},{\"@type\":\"WebPage\",\"@id\":\"https:\/\/now-news.de\/de\/deutschland\/journalistin-in-polen-herrscht-misstrauen-gegenueber-fluechtlingen-aus-der-ukraine\/\",\"url\":\"https:\/\/now-news.de\/de\/deutschland\/journalistin-in-polen-herrscht-misstrauen-gegenueber-fluechtlingen-aus-der-ukraine\/\",\"name\":\"Journalistin: In Polen herrscht Misstrauen gegen\u00fcber Fl\u00fcchtlingen aus der Ukraine - just-now.NEWS Deutschland\",\"isPartOf\":{\"@id\":\"https:\/\/now-news.de\/de\/#website\"},\"primaryImageOfPage\":{\"@id\":\"https:\/\/now-news.de\/de\/deutschland\/journalistin-in-polen-herrscht-misstrauen-gegenueber-fluechtlingen-aus-der-ukraine\/#primaryimage\"},\"image\":{\"@id\":\"https:\/\/now-news.de\/de\/deutschland\/journalistin-in-polen-herrscht-misstrauen-gegenueber-fluechtlingen-aus-der-ukraine\/#primaryimage\"},\"thumbnailUrl\":\"https:\/\/now-news.de\/de\/wp-content\/uploads\/sites\/3\/2024\/10\/Journalistin-In-Polen-herrscht-Misstrauen-gegenueber-Fluechtlingen-aus-der-Ukraine.jpg\",\"datePublished\":\"2024-10-28T13:17:26+00:00\",\"dateModified\":\"2024-10-28T13:17:26+00:00\",\"breadcrumb\":{\"@id\":\"https:\/\/now-news.de\/de\/deutschland\/journalistin-in-polen-herrscht-misstrauen-gegenueber-fluechtlingen-aus-der-ukraine\/#breadcrumb\"},\"inLanguage\":\"de\",\"potentialAction\":[{\"@type\":\"ReadAction\",\"target\":[\"https:\/\/now-news.de\/de\/deutschland\/journalistin-in-polen-herrscht-misstrauen-gegenueber-fluechtlingen-aus-der-ukraine\/\"]}]},{\"@type\":\"ImageObject\",\"inLanguage\":\"de\",\"@id\":\"https:\/\/now-news.de\/de\/deutschland\/journalistin-in-polen-herrscht-misstrauen-gegenueber-fluechtlingen-aus-der-ukraine\/#primaryimage\",\"url\":\"https:\/\/now-news.de\/de\/wp-content\/uploads\/sites\/3\/2024\/10\/Journalistin-In-Polen-herrscht-Misstrauen-gegenueber-Fluechtlingen-aus-der-Ukraine.jpg\",\"contentUrl\":\"https:\/\/now-news.de\/de\/wp-content\/uploads\/sites\/3\/2024\/10\/Journalistin-In-Polen-herrscht-Misstrauen-gegenueber-Fluechtlingen-aus-der-Ukraine.jpg\",\"width\":460,\"height\":259,\"caption\":\"Journalistin: In Polen herrscht Misstrauen gegen\u00fcber Fl\u00fcchtlingen aus der Ukraine\"},{\"@type\":\"BreadcrumbList\",\"@id\":\"https:\/\/now-news.de\/de\/deutschland\/journalistin-in-polen-herrscht-misstrauen-gegenueber-fluechtlingen-aus-der-ukraine\/#breadcrumb\",\"itemListElement\":[{\"@type\":\"ListItem\",\"position\":1,\"name\":\"Home\",\"item\":\"https:\/\/now-news.de\/de\/\"},{\"@type\":\"ListItem\",\"position\":2,\"name\":\"Journalistin: In Polen herrscht Misstrauen gegen\u00fcber Fl\u00fcchtlingen aus der Ukraine\"}]},{\"@type\":\"WebSite\",\"@id\":\"https:\/\/now-news.de\/de\/#website\",\"url\":\"https:\/\/now-news.de\/de\/\",\"name\":\"just-now.NEWS Deutschland\",\"description\":\"Das Portal f\u00fcr unzensierte Nachrichten aus der Welt\",\"publisher\":{\"@id\":\"https:\/\/now-news.de\/de\/#organization\"},\"potentialAction\":[{\"@type\":\"SearchAction\",\"target\":{\"@type\":\"EntryPoint\",\"urlTemplate\":\"https:\/\/now-news.de\/de\/?s={search_term_string}\"},\"query-input\":\"required name=search_term_string\"}],\"inLanguage\":\"de\"},{\"@type\":\"Organization\",\"@id\":\"https:\/\/now-news.de\/de\/#organization\",\"name\":\"Just Now News\",\"url\":\"https:\/\/now-news.de\/de\/\",\"logo\":{\"@type\":\"ImageObject\",\"inLanguage\":\"de\",\"@id\":\"https:\/\/now-news.de\/de\/#\/schema\/logo\/image\/\",\"url\":\"http:\/\/just-now.news\/de\/wp-content\/uploads\/sites\/3\/2022\/04\/logo500x500.jpg\",\"contentUrl\":\"http:\/\/just-now.news\/de\/wp-content\/uploads\/sites\/3\/2022\/04\/logo500x500.jpg\",\"width\":500,\"height\":500,\"caption\":\"Just Now News\"},\"image\":{\"@id\":\"https:\/\/now-news.de\/de\/#\/schema\/logo\/image\/\"},\"sameAs\":[\"https:\/\/www.facebook.com\/wirmachenauf\",\"https:\/\/x.com\/WirMachenAuf_de\"]},{\"@type\":\"Person\",\"@id\":\"https:\/\/now-news.de\/de\/#\/schema\/person\/fb534a4e865501d8b3285208df34a9b5\",\"name\":\"rtnews\",\"image\":{\"@type\":\"ImageObject\",\"inLanguage\":\"de\",\"@id\":\"https:\/\/now-news.de\/de\/#\/schema\/person\/image\/\",\"url\":\"https:\/\/secure.gravatar.com\/avatar\/82aafea7d8127119dd649515f56e2117?s=96&d=mm&r=g\",\"contentUrl\":\"https:\/\/secure.gravatar.com\/avatar\/82aafea7d8127119dd649515f56e2117?s=96&d=mm&r=g\",\"caption\":\"rtnews\"},\"url\":\"https:\/\/now-news.de\/de\/author\/rnews\/\"}]}<\/script>\n<!-- \/ Yoast SEO Premium plugin. -->","yoast_head_json":{"title":"Journalistin: In Polen herrscht Misstrauen gegen\u00fcber Fl\u00fcchtlingen aus der Ukraine - just-now.NEWS Deutschland","robots":{"index":"index","follow":"follow","max-snippet":"max-snippet:-1","max-image-preview":"max-image-preview:large","max-video-preview":"max-video-preview:-1"},"canonical":"https:\/\/now-news.de\/de\/deutschland\/journalistin-in-polen-herrscht-misstrauen-gegenueber-fluechtlingen-aus-der-ukraine\/","og_locale":"de_DE","og_type":"article","og_title":"Journalistin: In Polen herrscht Misstrauen gegen\u00fcber Fl\u00fcchtlingen aus der Ukraine","og_description":"In Europa kippt die Stimmung gegen\u00fcber ukrainischen Fl\u00fcchtlingen. In Polen herrscht Misstrauen und fehlende Integration. Einst willkommen gehei\u00dfen, stehen die Fl\u00fcchtlinge nun vor gek\u00fcrzten Leistungen und Forderungen nach R\u00fcckf\u00fchrung. Europas wahre Haltung zeigt sich. Die polnische Bev\u00f6lkerung lasse ukrainische Fl\u00fcchtlinge kaum in die Gesellschaft und begegne ihnen oft mit Misstrauen, beklagt die ukrainische Journalistin Alena [&hellip;]","og_url":"https:\/\/now-news.de\/de\/deutschland\/journalistin-in-polen-herrscht-misstrauen-gegenueber-fluechtlingen-aus-der-ukraine\/","og_site_name":"just-now.NEWS Deutschland","article_publisher":"https:\/\/www.facebook.com\/wirmachenauf","article_published_time":"2024-10-28T13:17:26+00:00","og_image":[{"url":"https:\/\/now-news.de\/de\/wp-content\/uploads\/sites\/3\/2024\/10\/671f8e3348fbef55ee507b69.jpg"}],"author":"rtnews","twitter_card":"summary_large_image","twitter_creator":"@WirMachenAuf_de","twitter_site":"@WirMachenAuf_de","twitter_misc":{"Verfasst von":"rtnews","Gesch\u00e4tzte Lesezeit":"5\u00a0Minuten"},"schema":{"@context":"https:\/\/schema.org","@graph":[{"@type":"Article","@id":"https:\/\/now-news.de\/de\/deutschland\/journalistin-in-polen-herrscht-misstrauen-gegenueber-fluechtlingen-aus-der-ukraine\/#article","isPartOf":{"@id":"https:\/\/now-news.de\/de\/deutschland\/journalistin-in-polen-herrscht-misstrauen-gegenueber-fluechtlingen-aus-der-ukraine\/"},"author":{"name":"rtnews","@id":"https:\/\/now-news.de\/de\/#\/schema\/person\/fb534a4e865501d8b3285208df34a9b5"},"headline":"Journalistin: In Polen herrscht Misstrauen gegen\u00fcber Fl\u00fcchtlingen aus der Ukraine","datePublished":"2024-10-28T13:17:26+00:00","dateModified":"2024-10-28T13:17:26+00:00","mainEntityOfPage":{"@id":"https:\/\/now-news.de\/de\/deutschland\/journalistin-in-polen-herrscht-misstrauen-gegenueber-fluechtlingen-aus-der-ukraine\/"},"wordCount":1004,"commentCount":0,"publisher":{"@id":"https:\/\/now-news.de\/de\/#organization"},"image":{"@id":"https:\/\/now-news.de\/de\/deutschland\/journalistin-in-polen-herrscht-misstrauen-gegenueber-fluechtlingen-aus-der-ukraine\/#primaryimage"},"thumbnailUrl":"https:\/\/now-news.de\/de\/wp-content\/uploads\/sites\/3\/2024\/10\/Journalistin-In-Polen-herrscht-Misstrauen-gegenueber-Fluechtlingen-aus-der-Ukraine.jpg","keywords":["aus","der","Fl\u00fcchtlingen","gegen\u00fcber","herrscht","Journalistin","Misstrauen","Polen","ukraine"],"articleSection":["Deutschland","Russland"],"inLanguage":"de","potentialAction":[{"@type":"CommentAction","name":"Comment","target":["https:\/\/now-news.de\/de\/deutschland\/journalistin-in-polen-herrscht-misstrauen-gegenueber-fluechtlingen-aus-der-ukraine\/#respond"]}]},{"@type":"WebPage","@id":"https:\/\/now-news.de\/de\/deutschland\/journalistin-in-polen-herrscht-misstrauen-gegenueber-fluechtlingen-aus-der-ukraine\/","url":"https:\/\/now-news.de\/de\/deutschland\/journalistin-in-polen-herrscht-misstrauen-gegenueber-fluechtlingen-aus-der-ukraine\/","name":"Journalistin: In Polen herrscht Misstrauen gegen\u00fcber Fl\u00fcchtlingen aus der Ukraine - just-now.NEWS Deutschland","isPartOf":{"@id":"https:\/\/now-news.de\/de\/#website"},"primaryImageOfPage":{"@id":"https:\/\/now-news.de\/de\/deutschland\/journalistin-in-polen-herrscht-misstrauen-gegenueber-fluechtlingen-aus-der-ukraine\/#primaryimage"},"image":{"@id":"https:\/\/now-news.de\/de\/deutschland\/journalistin-in-polen-herrscht-misstrauen-gegenueber-fluechtlingen-aus-der-ukraine\/#primaryimage"},"thumbnailUrl":"https:\/\/now-news.de\/de\/wp-content\/uploads\/sites\/3\/2024\/10\/Journalistin-In-Polen-herrscht-Misstrauen-gegenueber-Fluechtlingen-aus-der-Ukraine.jpg","datePublished":"2024-10-28T13:17:26+00:00","dateModified":"2024-10-28T13:17:26+00:00","breadcrumb":{"@id":"https:\/\/now-news.de\/de\/deutschland\/journalistin-in-polen-herrscht-misstrauen-gegenueber-fluechtlingen-aus-der-ukraine\/#breadcrumb"},"inLanguage":"de","potentialAction":[{"@type":"ReadAction","target":["https:\/\/now-news.de\/de\/deutschland\/journalistin-in-polen-herrscht-misstrauen-gegenueber-fluechtlingen-aus-der-ukraine\/"]}]},{"@type":"ImageObject","inLanguage":"de","@id":"https:\/\/now-news.de\/de\/deutschland\/journalistin-in-polen-herrscht-misstrauen-gegenueber-fluechtlingen-aus-der-ukraine\/#primaryimage","url":"https:\/\/now-news.de\/de\/wp-content\/uploads\/sites\/3\/2024\/10\/Journalistin-In-Polen-herrscht-Misstrauen-gegenueber-Fluechtlingen-aus-der-Ukraine.jpg","contentUrl":"https:\/\/now-news.de\/de\/wp-content\/uploads\/sites\/3\/2024\/10\/Journalistin-In-Polen-herrscht-Misstrauen-gegenueber-Fluechtlingen-aus-der-Ukraine.jpg","width":460,"height":259,"caption":"Journalistin: In Polen herrscht Misstrauen gegen\u00fcber Fl\u00fcchtlingen aus der Ukraine"},{"@type":"BreadcrumbList","@id":"https:\/\/now-news.de\/de\/deutschland\/journalistin-in-polen-herrscht-misstrauen-gegenueber-fluechtlingen-aus-der-ukraine\/#breadcrumb","itemListElement":[{"@type":"ListItem","position":1,"name":"Home","item":"https:\/\/now-news.de\/de\/"},{"@type":"ListItem","position":2,"name":"Journalistin: In Polen herrscht Misstrauen gegen\u00fcber Fl\u00fcchtlingen aus der Ukraine"}]},{"@type":"WebSite","@id":"https:\/\/now-news.de\/de\/#website","url":"https:\/\/now-news.de\/de\/","name":"just-now.NEWS Deutschland","description":"Das Portal f\u00fcr unzensierte Nachrichten aus der Welt","publisher":{"@id":"https:\/\/now-news.de\/de\/#organization"},"potentialAction":[{"@type":"SearchAction","target":{"@type":"EntryPoint","urlTemplate":"https:\/\/now-news.de\/de\/?s={search_term_string}"},"query-input":"required name=search_term_string"}],"inLanguage":"de"},{"@type":"Organization","@id":"https:\/\/now-news.de\/de\/#organization","name":"Just Now News","url":"https:\/\/now-news.de\/de\/","logo":{"@type":"ImageObject","inLanguage":"de","@id":"https:\/\/now-news.de\/de\/#\/schema\/logo\/image\/","url":"http:\/\/just-now.news\/de\/wp-content\/uploads\/sites\/3\/2022\/04\/logo500x500.jpg","contentUrl":"http:\/\/just-now.news\/de\/wp-content\/uploads\/sites\/3\/2022\/04\/logo500x500.jpg","width":500,"height":500,"caption":"Just Now News"},"image":{"@id":"https:\/\/now-news.de\/de\/#\/schema\/logo\/image\/"},"sameAs":["https:\/\/www.facebook.com\/wirmachenauf","https:\/\/x.com\/WirMachenAuf_de"]},{"@type":"Person","@id":"https:\/\/now-news.de\/de\/#\/schema\/person\/fb534a4e865501d8b3285208df34a9b5","name":"rtnews","image":{"@type":"ImageObject","inLanguage":"de","@id":"https:\/\/now-news.de\/de\/#\/schema\/person\/image\/","url":"https:\/\/secure.gravatar.com\/avatar\/82aafea7d8127119dd649515f56e2117?s=96&d=mm&r=g","contentUrl":"https:\/\/secure.gravatar.com\/avatar\/82aafea7d8127119dd649515f56e2117?s=96&d=mm&r=g","caption":"rtnews"},"url":"https:\/\/now-news.de\/de\/author\/rnews\/"}]}},"_links":{"self":[{"href":"https:\/\/now-news.de\/de\/wp-json\/wp\/v2\/posts\/71555"}],"collection":[{"href":"https:\/\/now-news.de\/de\/wp-json\/wp\/v2\/posts"}],"about":[{"href":"https:\/\/now-news.de\/de\/wp-json\/wp\/v2\/types\/post"}],"author":[{"embeddable":true,"href":"https:\/\/now-news.de\/de\/wp-json\/wp\/v2\/users\/3"}],"replies":[{"embeddable":true,"href":"https:\/\/now-news.de\/de\/wp-json\/wp\/v2\/comments?post=71555"}],"version-history":[{"count":0,"href":"https:\/\/now-news.de\/de\/wp-json\/wp\/v2\/posts\/71555\/revisions"}],"wp:featuredmedia":[{"embeddable":true,"href":"https:\/\/now-news.de\/de\/wp-json\/wp\/v2\/media\/71556"}],"wp:attachment":[{"href":"https:\/\/now-news.de\/de\/wp-json\/wp\/v2\/media?parent=71555"}],"wp:term":[{"taxonomy":"category","embeddable":true,"href":"https:\/\/now-news.de\/de\/wp-json\/wp\/v2\/categories?post=71555"},{"taxonomy":"post_tag","embeddable":true,"href":"https:\/\/now-news.de\/de\/wp-json\/wp\/v2\/tags?post=71555"}],"curies":[{"name":"wp","href":"https:\/\/api.w.org\/{rel}","templated":true}]}}