{"id":71462,"date":"2024-10-26T15:43:59","date_gmt":"2024-10-26T13:43:59","guid":{"rendered":"https:\/\/now-news.de\/de\/deutschland\/die-russische-armee-haelt-den-westen-vom-denken-ab\/"},"modified":"2024-10-26T15:43:59","modified_gmt":"2024-10-26T13:43:59","slug":"die-russische-armee-haelt-den-westen-vom-denken-ab","status":"publish","type":"post","link":"https:\/\/now-news.de\/de\/deutschland\/die-russische-armee-haelt-den-westen-vom-denken-ab\/","title":{"rendered":"Die russische Armee h\u00e4lt den Westen vom Denken ab"},"content":{"rendered":"<p><img decoding=\"async\" src=\"https:\/\/now-news.de\/de\/wp-content\/uploads\/sites\/3\/2024\/10\/671cf24048fbef5fe17345cb.jpg\" \/><\/p>\n<div class=\"Text-root Text-type_1 \">\n                Was ist morgen zu tun, und wie kann die Hegemonie zur\u00fcckgewonnen werden? Das sind Fragen, die den Eliten im Westen gro\u00dfe Sorgen bereiten. Es ist schwierig, in einer Situation zu denken, in der die russische Armee die Kumpane des NATO-B\u00fcndnisses zerschl\u00e4gt.\n            <\/div>\n<p><\/p>\n<div class=\"Text-root Text-type_5 ArticleView-text ViewText-root \">\n<p><em>Von Andrei Medwedew<\/em><strong><\/strong><\/p>\n<p>Der Wunsch des Westens, den Ukraine-Konflikt irgendwie einzufrieren\u00a0und alles\u00a0auf Verhandlungen, die koreanische Option, die Kosovo-Option, die bosnische Option oder irgendeine andere, nur f\u00fcr den Westen g\u00fcnstige Option zu reduzieren, erkl\u00e4rt sich seltsamerweise nicht nur durch die milit\u00e4rischen Erfolge der russischen Armee.<strong><\/strong><\/p>\n<p>Das wirkt sich nat\u00fcrlich auf den Geisteszustand der westlichen Politiker aus. Aber neben der milit\u00e4rischen Komponente beeinflusst die Wirtschaft, die f\u00fcr den Westen pl\u00f6tzlich nicht mehr zusammenbrach, deren Gem\u00fct in nicht geringerem Ma\u00dfe. Das hei\u00dft, es ist generell alles schiefgelaufen. Von und zu.<strong><\/strong><\/p>\n<p>In den Jahren nach dem Zusammenbruch der UdSSR, als manche froh waren, dass das &#8220;Ende der Geschichte&#8221; gekommen war, hatte der Westen ein ganz bestimmtes Handlungsmuster gegen\u00fcber widerspenstigen L\u00e4ndern entwickelt.<strong><\/strong><\/p>\n<p>Zun\u00e4chst die internationale \u00c4chtung auf der Ebene der verschiedenen europ\u00e4ischen R\u00e4te, dann Sanktionen, dann Bombenangriffe und Bodeninvasionen. Und das alles mit der m\u00e4chtigen informatorischen Unterst\u00fctzung von Hunderten von Medien, die einhellig \u00fcber die schrecklichen Serben oder den schrecklichen Muammar al-Gaddafi schimpften.<strong><\/strong><\/p>\n<p>Und es hat alles funktioniert. Selbst die Drohung, unter die R\u00e4der dieser Demokratiemaschine zu geraten, war f\u00fcr viele L\u00e4nder Grund genug, sich gehorsam zur\u00fcckzulehnen und sich bedeckt zu halten. Und w\u00e4hrend jemand bombardiert und durch Sanktionen gebrochen wurde, schaute der Rest der Welt ruhig zu und lebte nach dem Prinzip &#8220;Mein Haus am Rande&#8221;.<strong><\/strong><\/p>\n<p>Bei den Russen hat das nicht funktioniert. Drohungen allein haben die Russen nicht abgeschreckt. Krieg und Sanktionen haben sie nicht gebrochen, mancherorts sogar im Gegenteil. Jetzt sagen NATO-Gener\u00e4le, dass die russische Armee stark, gef\u00e4hrlich und erfahren aus dem Krieg hervorgehen wird. Und Experten versuchen zu verstehen, was an den Sanktionen falsch war und warum die russische Wirtschaft trotz der offensichtlichen Probleme nicht nur im milit\u00e4rischen Bereich w\u00e4chst. Und dann ist da noch der Gipfel in Kasan. Auf die eine oder andere Weise bringen die wichtigsten Akteure der Welt ihren Standpunkt zum Ausdruck. Auch wenn sie Russland nicht direkt helfen, ist ihre Ankunft in Kasan bereits eine Unterst\u00fctzung. Es ist jedem klar, dass &#8220;das Haus am Rande&#8221; zuerst brennt.<strong><\/strong><\/p>\n<p>Das ist eindeutig keine typische Situation. Das ist seit Mitte der 80er-Jahre des letzten Jahrhunderts nicht mehr der Fall. Die unbedingte \u00dcberlegenheit des Westens gibt es nicht mehr. Es ist noch nichts Neues entstanden, aber das Alte ist vorbei.<strong><\/strong><\/p>\n<p>Und der Westen braucht eine Kriegspause von ein paar Jahren, um sich zu orientieren, wie er sich unter den neuen Bedingungen verhalten soll. Nicht gegen Russland, sondern ganz allgemein. Und gegen China, und mit Indien, und mit den Golfmonarchien. Vor zehn, ja sogar vor f\u00fcnf Jahren wurde ein Schrei aus dem Westen in vielen L\u00e4ndern durchaus als Handlungsanweisung wahrgenommen. Heute reagieren dieselben Monarchien kaum noch auf die Hysterie der westlichen Politiker. Und es ist nicht so, dass China die Absicht h\u00e4tte, sich mit den USA zu streiten. Aber es wird seine Linie konsequenter vertreten als vor 2022.<strong><\/strong><\/p>\n<p>Was ist morgen zu tun, und wie kann die Hegemonie zur\u00fcckgewonnen werden? Das sind Fragen, die den Eliten im Westen gro\u00dfe Sorgen bereiten. Es ist schwierig, in einer Situation zu denken, in der die russische Armee die Kumpane des NATO-B\u00fcndnisses zerschl\u00e4gt. Es ist sogar schwierig zu verstehen, inwieweit es notwendig ist, Kiew jetzt zu unterst\u00fctzen und wie viel Geld man f\u00fcr das ukrainische Projekt ausgeben sollte.<strong><\/strong><\/p>\n<p><em>\u00dcbersetzt aus dem <\/em><a rel=\"nofollow noopener\" target=\"_blank\" href=\"https:\/\/vz.ru\/opinions\/2024\/10\/23\/1293974.html\"><em>Russischen<\/em><\/a><em>. Der Artikel ist am 23. Oktober 2024 zuerst auf der Website der Zeitung Wsgljad erschienen.<\/em><strong><\/strong><\/p>\n<p><strong><em>Andrei Medwedew<\/em><\/strong><em> ist ein russischer Journalist, Mitarbeiter der allrussischen staatlichen Fernseh- und Radiogesellschaft WGTRK, Abgeordneter der Moskauer Stadtduma (ab 2019) und stellvertretender Sprecher (ab 2021).<\/em><strong><em><\/em><\/strong><\/p>\n<p><strong>Mehr zum Thema \u2013\u00a0<\/strong><a rel=\"nofollow noopener\" target=\"_blank\" href=\"https:\/\/freedert.online\/international\/222967-der-sieg-wird-unser-sein-wladimir-putin-beantwortete-reporterfragen\/\">&#8220;Der Sieg wird unser sein&#8221; \u2013 Wladimir Putin beantwortete Reporterfragen \u00fcber Krieg und Frieden<\/a><\/p>\n<\/div>\n<p><br \/>\n<br \/><a href=\"https:\/\/de.rt.com\/meinung\/223575-russische-armee-haelt-westen-vom\/\">Source link <\/a><\/p>\n","protected":false},"excerpt":{"rendered":"<p>Was ist morgen zu tun, und wie kann die Hegemonie zur\u00fcckgewonnen werden? Das sind Fragen, die den Eliten im Westen gro\u00dfe Sorgen bereiten. Es ist schwierig, in einer Situation zu denken, in der die russische Armee die Kumpane des NATO-B\u00fcndnisses zerschl\u00e4gt. Von Andrei Medwedew Der Wunsch des Westens, den Ukraine-Konflikt irgendwie einzufrieren\u00a0und alles\u00a0auf Verhandlungen, die [&hellip;]<\/p>\n","protected":false},"author":3,"featured_media":71463,"comment_status":"open","ping_status":"open","sticky":false,"template":"","format":"standard","meta":{"_yoast_indexnow_last_ping":["1729950425"],"wp_automatic_camp":["217"],"d77ce81f1f8a3b25606709338e758535":["Die russische Armee h\u00e4lt den Westen vom Denken ab"],"original_link":["https:\/\/de.rt.com\/meinung\/223575-russische-armee-haelt-westen-vom\/"],"_thumbnail_id":["71463"],"jnews_social_counter_last_update":["1777357459"],"_wptgpro_p2tg_sent2tg":["a:1:{i:23737;s:19:\"2024-10-26 15:48:00\";}"]},"categories":[19,23],"tags":[2398,48,5114,45,2191,570,1010,378],"yoast_head":"<!-- This site is optimized with the Yoast SEO Premium plugin v22.7 (Yoast SEO v22.7) - https:\/\/yoast.com\/wordpress\/plugins\/seo\/ -->\n<title>Die russische Armee h\u00e4lt den Westen vom Denken ab - just-now.NEWS Deutschland<\/title>\n<meta name=\"robots\" content=\"index, follow, max-snippet:-1, max-image-preview:large, max-video-preview:-1\" \/>\n<link rel=\"canonical\" href=\"https:\/\/now-news.de\/de\/deutschland\/die-russische-armee-haelt-den-westen-vom-denken-ab\/\" \/>\n<meta property=\"og:locale\" content=\"de_DE\" \/>\n<meta property=\"og:type\" content=\"article\" \/>\n<meta property=\"og:title\" content=\"Die russische Armee h\u00e4lt den Westen vom Denken ab\" \/>\n<meta property=\"og:description\" content=\"Was ist morgen zu tun, und wie kann die Hegemonie zur\u00fcckgewonnen werden? Das sind Fragen, die den Eliten im Westen gro\u00dfe Sorgen bereiten. Es ist schwierig, in einer Situation zu denken, in der die russische Armee die Kumpane des NATO-B\u00fcndnisses zerschl\u00e4gt. Von Andrei Medwedew Der Wunsch des Westens, den Ukraine-Konflikt irgendwie einzufrieren\u00a0und alles\u00a0auf Verhandlungen, die [&hellip;]\" \/>\n<meta property=\"og:url\" content=\"https:\/\/now-news.de\/de\/deutschland\/die-russische-armee-haelt-den-westen-vom-denken-ab\/\" \/>\n<meta property=\"og:site_name\" content=\"just-now.NEWS Deutschland\" \/>\n<meta property=\"article:publisher\" content=\"https:\/\/www.facebook.com\/wirmachenauf\" \/>\n<meta property=\"article:published_time\" content=\"2024-10-26T13:43:59+00:00\" \/>\n<meta property=\"og:image\" content=\"https:\/\/now-news.de\/de\/wp-content\/uploads\/sites\/3\/2024\/10\/671cf24048fbef5fe17345cb.jpg\" \/>\n<meta name=\"author\" content=\"rtnews\" \/>\n<meta name=\"twitter:card\" content=\"summary_large_image\" \/>\n<meta name=\"twitter:creator\" content=\"@WirMachenAuf_de\" \/>\n<meta name=\"twitter:site\" content=\"@WirMachenAuf_de\" \/>\n<meta name=\"twitter:label1\" content=\"Verfasst von\" \/>\n\t<meta name=\"twitter:data1\" content=\"rtnews\" \/>\n\t<meta name=\"twitter:label2\" content=\"Gesch\u00e4tzte Lesezeit\" \/>\n\t<meta name=\"twitter:data2\" content=\"3\u00a0Minuten\" \/>\n<script type=\"application\/ld+json\" class=\"yoast-schema-graph\">{\"@context\":\"https:\/\/schema.org\",\"@graph\":[{\"@type\":\"Article\",\"@id\":\"https:\/\/now-news.de\/de\/deutschland\/die-russische-armee-haelt-den-westen-vom-denken-ab\/#article\",\"isPartOf\":{\"@id\":\"https:\/\/now-news.de\/de\/deutschland\/die-russische-armee-haelt-den-westen-vom-denken-ab\/\"},\"author\":{\"name\":\"rtnews\",\"@id\":\"https:\/\/now-news.de\/de\/#\/schema\/person\/fb534a4e865501d8b3285208df34a9b5\"},\"headline\":\"Die russische Armee h\u00e4lt den Westen vom Denken ab\",\"datePublished\":\"2024-10-26T13:43:59+00:00\",\"dateModified\":\"2024-10-26T13:43:59+00:00\",\"mainEntityOfPage\":{\"@id\":\"https:\/\/now-news.de\/de\/deutschland\/die-russische-armee-haelt-den-westen-vom-denken-ab\/\"},\"wordCount\":684,\"commentCount\":0,\"publisher\":{\"@id\":\"https:\/\/now-news.de\/de\/#organization\"},\"image\":{\"@id\":\"https:\/\/now-news.de\/de\/deutschland\/die-russische-armee-haelt-den-westen-vom-denken-ab\/#primaryimage\"},\"thumbnailUrl\":\"https:\/\/now-news.de\/de\/wp-content\/uploads\/sites\/3\/2024\/10\/Die-russische-Armee-haelt-den-Westen-vom-Denken-ab.jpg\",\"keywords\":[\"Armee\",\"den\",\"denken\",\"die\",\"h\u00e4lt\",\"Russische\",\"vom\",\"Westen\"],\"articleSection\":[\"Deutschland\",\"Russland\"],\"inLanguage\":\"de\",\"potentialAction\":[{\"@type\":\"CommentAction\",\"name\":\"Comment\",\"target\":[\"https:\/\/now-news.de\/de\/deutschland\/die-russische-armee-haelt-den-westen-vom-denken-ab\/#respond\"]}]},{\"@type\":\"WebPage\",\"@id\":\"https:\/\/now-news.de\/de\/deutschland\/die-russische-armee-haelt-den-westen-vom-denken-ab\/\",\"url\":\"https:\/\/now-news.de\/de\/deutschland\/die-russische-armee-haelt-den-westen-vom-denken-ab\/\",\"name\":\"Die russische Armee h\u00e4lt den Westen vom Denken ab - just-now.NEWS Deutschland\",\"isPartOf\":{\"@id\":\"https:\/\/now-news.de\/de\/#website\"},\"primaryImageOfPage\":{\"@id\":\"https:\/\/now-news.de\/de\/deutschland\/die-russische-armee-haelt-den-westen-vom-denken-ab\/#primaryimage\"},\"image\":{\"@id\":\"https:\/\/now-news.de\/de\/deutschland\/die-russische-armee-haelt-den-westen-vom-denken-ab\/#primaryimage\"},\"thumbnailUrl\":\"https:\/\/now-news.de\/de\/wp-content\/uploads\/sites\/3\/2024\/10\/Die-russische-Armee-haelt-den-Westen-vom-Denken-ab.jpg\",\"datePublished\":\"2024-10-26T13:43:59+00:00\",\"dateModified\":\"2024-10-26T13:43:59+00:00\",\"breadcrumb\":{\"@id\":\"https:\/\/now-news.de\/de\/deutschland\/die-russische-armee-haelt-den-westen-vom-denken-ab\/#breadcrumb\"},\"inLanguage\":\"de\",\"potentialAction\":[{\"@type\":\"ReadAction\",\"target\":[\"https:\/\/now-news.de\/de\/deutschland\/die-russische-armee-haelt-den-westen-vom-denken-ab\/\"]}]},{\"@type\":\"ImageObject\",\"inLanguage\":\"de\",\"@id\":\"https:\/\/now-news.de\/de\/deutschland\/die-russische-armee-haelt-den-westen-vom-denken-ab\/#primaryimage\",\"url\":\"https:\/\/now-news.de\/de\/wp-content\/uploads\/sites\/3\/2024\/10\/Die-russische-Armee-haelt-den-Westen-vom-Denken-ab.jpg\",\"contentUrl\":\"https:\/\/now-news.de\/de\/wp-content\/uploads\/sites\/3\/2024\/10\/Die-russische-Armee-haelt-den-Westen-vom-Denken-ab.jpg\",\"width\":460,\"height\":259,\"caption\":\"Die russische Armee h\u00e4lt den Westen vom Denken ab\"},{\"@type\":\"BreadcrumbList\",\"@id\":\"https:\/\/now-news.de\/de\/deutschland\/die-russische-armee-haelt-den-westen-vom-denken-ab\/#breadcrumb\",\"itemListElement\":[{\"@type\":\"ListItem\",\"position\":1,\"name\":\"Home\",\"item\":\"https:\/\/now-news.de\/de\/\"},{\"@type\":\"ListItem\",\"position\":2,\"name\":\"Die russische Armee h\u00e4lt den Westen vom Denken ab\"}]},{\"@type\":\"WebSite\",\"@id\":\"https:\/\/now-news.de\/de\/#website\",\"url\":\"https:\/\/now-news.de\/de\/\",\"name\":\"just-now.NEWS Deutschland\",\"description\":\"Das Portal f\u00fcr unzensierte Nachrichten aus der Welt\",\"publisher\":{\"@id\":\"https:\/\/now-news.de\/de\/#organization\"},\"potentialAction\":[{\"@type\":\"SearchAction\",\"target\":{\"@type\":\"EntryPoint\",\"urlTemplate\":\"https:\/\/now-news.de\/de\/?s={search_term_string}\"},\"query-input\":\"required name=search_term_string\"}],\"inLanguage\":\"de\"},{\"@type\":\"Organization\",\"@id\":\"https:\/\/now-news.de\/de\/#organization\",\"name\":\"Just Now News\",\"url\":\"https:\/\/now-news.de\/de\/\",\"logo\":{\"@type\":\"ImageObject\",\"inLanguage\":\"de\",\"@id\":\"https:\/\/now-news.de\/de\/#\/schema\/logo\/image\/\",\"url\":\"http:\/\/just-now.news\/de\/wp-content\/uploads\/sites\/3\/2022\/04\/logo500x500.jpg\",\"contentUrl\":\"http:\/\/just-now.news\/de\/wp-content\/uploads\/sites\/3\/2022\/04\/logo500x500.jpg\",\"width\":500,\"height\":500,\"caption\":\"Just Now News\"},\"image\":{\"@id\":\"https:\/\/now-news.de\/de\/#\/schema\/logo\/image\/\"},\"sameAs\":[\"https:\/\/www.facebook.com\/wirmachenauf\",\"https:\/\/x.com\/WirMachenAuf_de\"]},{\"@type\":\"Person\",\"@id\":\"https:\/\/now-news.de\/de\/#\/schema\/person\/fb534a4e865501d8b3285208df34a9b5\",\"name\":\"rtnews\",\"image\":{\"@type\":\"ImageObject\",\"inLanguage\":\"de\",\"@id\":\"https:\/\/now-news.de\/de\/#\/schema\/person\/image\/\",\"url\":\"https:\/\/secure.gravatar.com\/avatar\/82aafea7d8127119dd649515f56e2117?s=96&d=mm&r=g\",\"contentUrl\":\"https:\/\/secure.gravatar.com\/avatar\/82aafea7d8127119dd649515f56e2117?s=96&d=mm&r=g\",\"caption\":\"rtnews\"},\"url\":\"https:\/\/now-news.de\/de\/author\/rnews\/\"}]}<\/script>\n<!-- \/ Yoast SEO Premium plugin. -->","yoast_head_json":{"title":"Die russische Armee h\u00e4lt den Westen vom Denken ab - just-now.NEWS Deutschland","robots":{"index":"index","follow":"follow","max-snippet":"max-snippet:-1","max-image-preview":"max-image-preview:large","max-video-preview":"max-video-preview:-1"},"canonical":"https:\/\/now-news.de\/de\/deutschland\/die-russische-armee-haelt-den-westen-vom-denken-ab\/","og_locale":"de_DE","og_type":"article","og_title":"Die russische Armee h\u00e4lt den Westen vom Denken ab","og_description":"Was ist morgen zu tun, und wie kann die Hegemonie zur\u00fcckgewonnen werden? Das sind Fragen, die den Eliten im Westen gro\u00dfe Sorgen bereiten. Es ist schwierig, in einer Situation zu denken, in der die russische Armee die Kumpane des NATO-B\u00fcndnisses zerschl\u00e4gt. Von Andrei Medwedew Der Wunsch des Westens, den Ukraine-Konflikt irgendwie einzufrieren\u00a0und alles\u00a0auf Verhandlungen, die [&hellip;]","og_url":"https:\/\/now-news.de\/de\/deutschland\/die-russische-armee-haelt-den-westen-vom-denken-ab\/","og_site_name":"just-now.NEWS Deutschland","article_publisher":"https:\/\/www.facebook.com\/wirmachenauf","article_published_time":"2024-10-26T13:43:59+00:00","og_image":[{"url":"https:\/\/now-news.de\/de\/wp-content\/uploads\/sites\/3\/2024\/10\/671cf24048fbef5fe17345cb.jpg"}],"author":"rtnews","twitter_card":"summary_large_image","twitter_creator":"@WirMachenAuf_de","twitter_site":"@WirMachenAuf_de","twitter_misc":{"Verfasst von":"rtnews","Gesch\u00e4tzte Lesezeit":"3\u00a0Minuten"},"schema":{"@context":"https:\/\/schema.org","@graph":[{"@type":"Article","@id":"https:\/\/now-news.de\/de\/deutschland\/die-russische-armee-haelt-den-westen-vom-denken-ab\/#article","isPartOf":{"@id":"https:\/\/now-news.de\/de\/deutschland\/die-russische-armee-haelt-den-westen-vom-denken-ab\/"},"author":{"name":"rtnews","@id":"https:\/\/now-news.de\/de\/#\/schema\/person\/fb534a4e865501d8b3285208df34a9b5"},"headline":"Die russische Armee h\u00e4lt den Westen vom Denken ab","datePublished":"2024-10-26T13:43:59+00:00","dateModified":"2024-10-26T13:43:59+00:00","mainEntityOfPage":{"@id":"https:\/\/now-news.de\/de\/deutschland\/die-russische-armee-haelt-den-westen-vom-denken-ab\/"},"wordCount":684,"commentCount":0,"publisher":{"@id":"https:\/\/now-news.de\/de\/#organization"},"image":{"@id":"https:\/\/now-news.de\/de\/deutschland\/die-russische-armee-haelt-den-westen-vom-denken-ab\/#primaryimage"},"thumbnailUrl":"https:\/\/now-news.de\/de\/wp-content\/uploads\/sites\/3\/2024\/10\/Die-russische-Armee-haelt-den-Westen-vom-Denken-ab.jpg","keywords":["Armee","den","denken","die","h\u00e4lt","Russische","vom","Westen"],"articleSection":["Deutschland","Russland"],"inLanguage":"de","potentialAction":[{"@type":"CommentAction","name":"Comment","target":["https:\/\/now-news.de\/de\/deutschland\/die-russische-armee-haelt-den-westen-vom-denken-ab\/#respond"]}]},{"@type":"WebPage","@id":"https:\/\/now-news.de\/de\/deutschland\/die-russische-armee-haelt-den-westen-vom-denken-ab\/","url":"https:\/\/now-news.de\/de\/deutschland\/die-russische-armee-haelt-den-westen-vom-denken-ab\/","name":"Die russische Armee h\u00e4lt den Westen vom Denken ab - just-now.NEWS Deutschland","isPartOf":{"@id":"https:\/\/now-news.de\/de\/#website"},"primaryImageOfPage":{"@id":"https:\/\/now-news.de\/de\/deutschland\/die-russische-armee-haelt-den-westen-vom-denken-ab\/#primaryimage"},"image":{"@id":"https:\/\/now-news.de\/de\/deutschland\/die-russische-armee-haelt-den-westen-vom-denken-ab\/#primaryimage"},"thumbnailUrl":"https:\/\/now-news.de\/de\/wp-content\/uploads\/sites\/3\/2024\/10\/Die-russische-Armee-haelt-den-Westen-vom-Denken-ab.jpg","datePublished":"2024-10-26T13:43:59+00:00","dateModified":"2024-10-26T13:43:59+00:00","breadcrumb":{"@id":"https:\/\/now-news.de\/de\/deutschland\/die-russische-armee-haelt-den-westen-vom-denken-ab\/#breadcrumb"},"inLanguage":"de","potentialAction":[{"@type":"ReadAction","target":["https:\/\/now-news.de\/de\/deutschland\/die-russische-armee-haelt-den-westen-vom-denken-ab\/"]}]},{"@type":"ImageObject","inLanguage":"de","@id":"https:\/\/now-news.de\/de\/deutschland\/die-russische-armee-haelt-den-westen-vom-denken-ab\/#primaryimage","url":"https:\/\/now-news.de\/de\/wp-content\/uploads\/sites\/3\/2024\/10\/Die-russische-Armee-haelt-den-Westen-vom-Denken-ab.jpg","contentUrl":"https:\/\/now-news.de\/de\/wp-content\/uploads\/sites\/3\/2024\/10\/Die-russische-Armee-haelt-den-Westen-vom-Denken-ab.jpg","width":460,"height":259,"caption":"Die russische Armee h\u00e4lt den Westen vom Denken ab"},{"@type":"BreadcrumbList","@id":"https:\/\/now-news.de\/de\/deutschland\/die-russische-armee-haelt-den-westen-vom-denken-ab\/#breadcrumb","itemListElement":[{"@type":"ListItem","position":1,"name":"Home","item":"https:\/\/now-news.de\/de\/"},{"@type":"ListItem","position":2,"name":"Die russische Armee h\u00e4lt den Westen vom Denken ab"}]},{"@type":"WebSite","@id":"https:\/\/now-news.de\/de\/#website","url":"https:\/\/now-news.de\/de\/","name":"just-now.NEWS Deutschland","description":"Das Portal f\u00fcr unzensierte Nachrichten aus der Welt","publisher":{"@id":"https:\/\/now-news.de\/de\/#organization"},"potentialAction":[{"@type":"SearchAction","target":{"@type":"EntryPoint","urlTemplate":"https:\/\/now-news.de\/de\/?s={search_term_string}"},"query-input":"required name=search_term_string"}],"inLanguage":"de"},{"@type":"Organization","@id":"https:\/\/now-news.de\/de\/#organization","name":"Just Now News","url":"https:\/\/now-news.de\/de\/","logo":{"@type":"ImageObject","inLanguage":"de","@id":"https:\/\/now-news.de\/de\/#\/schema\/logo\/image\/","url":"http:\/\/just-now.news\/de\/wp-content\/uploads\/sites\/3\/2022\/04\/logo500x500.jpg","contentUrl":"http:\/\/just-now.news\/de\/wp-content\/uploads\/sites\/3\/2022\/04\/logo500x500.jpg","width":500,"height":500,"caption":"Just Now News"},"image":{"@id":"https:\/\/now-news.de\/de\/#\/schema\/logo\/image\/"},"sameAs":["https:\/\/www.facebook.com\/wirmachenauf","https:\/\/x.com\/WirMachenAuf_de"]},{"@type":"Person","@id":"https:\/\/now-news.de\/de\/#\/schema\/person\/fb534a4e865501d8b3285208df34a9b5","name":"rtnews","image":{"@type":"ImageObject","inLanguage":"de","@id":"https:\/\/now-news.de\/de\/#\/schema\/person\/image\/","url":"https:\/\/secure.gravatar.com\/avatar\/82aafea7d8127119dd649515f56e2117?s=96&d=mm&r=g","contentUrl":"https:\/\/secure.gravatar.com\/avatar\/82aafea7d8127119dd649515f56e2117?s=96&d=mm&r=g","caption":"rtnews"},"url":"https:\/\/now-news.de\/de\/author\/rnews\/"}]}},"_links":{"self":[{"href":"https:\/\/now-news.de\/de\/wp-json\/wp\/v2\/posts\/71462"}],"collection":[{"href":"https:\/\/now-news.de\/de\/wp-json\/wp\/v2\/posts"}],"about":[{"href":"https:\/\/now-news.de\/de\/wp-json\/wp\/v2\/types\/post"}],"author":[{"embeddable":true,"href":"https:\/\/now-news.de\/de\/wp-json\/wp\/v2\/users\/3"}],"replies":[{"embeddable":true,"href":"https:\/\/now-news.de\/de\/wp-json\/wp\/v2\/comments?post=71462"}],"version-history":[{"count":0,"href":"https:\/\/now-news.de\/de\/wp-json\/wp\/v2\/posts\/71462\/revisions"}],"wp:featuredmedia":[{"embeddable":true,"href":"https:\/\/now-news.de\/de\/wp-json\/wp\/v2\/media\/71463"}],"wp:attachment":[{"href":"https:\/\/now-news.de\/de\/wp-json\/wp\/v2\/media?parent=71462"}],"wp:term":[{"taxonomy":"category","embeddable":true,"href":"https:\/\/now-news.de\/de\/wp-json\/wp\/v2\/categories?post=71462"},{"taxonomy":"post_tag","embeddable":true,"href":"https:\/\/now-news.de\/de\/wp-json\/wp\/v2\/tags?post=71462"}],"curies":[{"name":"wp","href":"https:\/\/api.w.org\/{rel}","templated":true}]}}