{"id":71450,"date":"2024-10-26T10:38:40","date_gmt":"2024-10-26T08:38:40","guid":{"rendered":"https:\/\/now-news.de\/de\/deutschland\/deutschland-vervierfacht-die-zahl-der-fuer-inder-verfuegbaren-visa\/"},"modified":"2024-10-26T10:38:40","modified_gmt":"2024-10-26T08:38:40","slug":"deutschland-vervierfacht-die-zahl-der-fuer-inder-verfuegbaren-visa","status":"publish","type":"post","link":"https:\/\/now-news.de\/de\/deutschland\/deutschland-vervierfacht-die-zahl-der-fuer-inder-verfuegbaren-visa\/","title":{"rendered":"Deutschland vervierfacht die Zahl der f\u00fcr Inder verf\u00fcgbaren Visa"},"content":{"rendered":"<p><img decoding=\"async\" src=\"https:\/\/now-news.de\/de\/wp-content\/uploads\/sites\/3\/2024\/10\/671c06d648fbef48b75f2bfe.jpg\" \/><\/p>\n<div class=\"Text-root Text-type_1 \">\n                Indien hat mitgeteilt, dass Berlin zugesagt hat, die Zahl der Visa, die j\u00e4hrlich an Fachkr\u00e4fte vergeben werden, deutlich zu erh\u00f6hen. Vor allem in der Pflege und der IT seien sie willkommen. Dies erkl\u00e4rte Scholz bei seinem Besuch in Neu-Delhi.\n            <\/div>\n<p><\/p>\n<div class=\"Text-root Text-type_5 ArticleView-text ViewText-root \">\n<p>Deutschland wird seine j\u00e4hrliche Visaquote f\u00fcr Fachkr\u00e4fte aus Indien von 20.000 auf 90.000 erh\u00f6hen, teilte Indiens Premierminister Narendra Modi mit. Bundeskanzler Scholz hat pr\u00e4zisiert, dass indische Arbeitskr\u00e4fte insbesondere in medizinischer und Altenpflege, wie auch in der IT, besonders willkommen sind.<\/p>\n<p>Scholz traf am Donnerstagabend in Begleitung mehrerer Minister und Wirtschaftsvertreter f\u00fcr einen dreit\u00e4gigen Besuch in Neu-Delhi ein. Am folgenden Tag f\u00fchrte der deutsche Regierungschef ausf\u00fchrliche Gespr\u00e4che mit seinem indischen Gegenst\u00fcck und unterzeichnete eine Reihe von \u00dcbereink\u00fcnften.<\/p>\n<p>Der Kanzler sagte, in Hinsicht auf die Anwerbung indischer Arbeitskr\u00e4fte habe man <em>&#8220;gute Fortschritte&#8221;<\/em> gemacht, und Berlin ziele darauf ab, <em>&#8220;noch mehr Fachkr\u00e4fte aus Ihrem Land f\u00fcr Deutschland zu erw\u00e4rmen&#8221;.<\/em><\/p>\n<p>Modi wiederum verk\u00fcndete, dass das wirtschaftliche Zentrum Europas die Zahl der j\u00e4hrlich an indische Fachkr\u00e4fte vergebenen Visa mehr als vervierfachen werde, von 20.000 auf 90.000.<\/p>\n<p>Scholz sagte au\u00dferdem, er werde <em>&#8220;insbesondere f\u00fcr ein ehrgeiziges Freihandelsabkommen zwischen Indien und der Europ\u00e4ischen Union F\u00fcrsprache leisten&#8221;<\/em>, das f\u00fcr beide Seiten sehr vorteilhaft w\u00e4re.<\/p>\n<p>Unabh\u00e4ngig davon startete Israel vergangenen Monat ein Programm, das 10.000 indische Bauarbeiter ins Land locken soll, zus\u00e4tzlich zur gleichen Zahl, die bereits im Land ist. Dieser Schritt erfolgte, nachdem Neu-Delhi und Westjerusalem im Mai 2023 ein Abkommen geschlossen hatten, mit dem insgesamt 42.000 Arbeitskr\u00e4fte aus Indien eingeladen wurden, in Israels Bauwirtschaft und Gesundheitswesen zu arbeiten.<\/p>\n<p>Eine Wirtschaftsvorhersage, die dem indischen Parlament im Juli vorgelegt wurde, deutete an, dass die Wirtschaft des Landes im laufenden Haushaltsjahr zwischen 6,5 und 7 Prozent wachsen werde, und um etwa 7 Prozent im kommenden. Diese Einsch\u00e4tzung stimmte weitgehend mit den Prognosen der meisten globalen Ratingagenturen \u00fcberein.<\/p>\n<p>Seitdem es Gro\u00dfbritannien in der Liste der gr\u00f6\u00dften weltweiten Volkswirtschaften 2022 \u00fcberholt hat, ist Indien die f\u00fcnftgr\u00f6\u00dfte Wirtschaft der Welt und au\u00dferdem unter jenen mit dem schnellsten Wachstum. Es wird erwartet, dass es bis Ende des Jahrzehnts Deutschland und Japan hinter sich lassen wird, um zur drittgr\u00f6\u00dften Volkswirtschaft zu werden.<\/p>\n<p>Trotz all dieser generell positiven Trends werden indische Arbeitskr\u00e4fte von h\u00f6herer Bezahlung in die Emigration gelockt, insbesondere in die Vereinigten Arabischen Emirate, westeurop\u00e4ische L\u00e4nder und die USA.<\/p>\n<div class=\"EmbedBlock-root EmbedBlock-externalVideo EmbedBlock-rumble\">\n<div class=\"VkEmbed\"><iframe class=\"lazyload\" data-src=\"https:\/\/rumble.com\/embed\/v5htwf9\" frameborder=\"0\" width=\"853\" height=\"480\" allowfullscreen><\/iframe><\/div>\n<\/div>\n<p>Ein weiteres gr\u00f6\u00dferes Problem, dem sich Indien gegen\u00fcbersieht, ist die Tatsache, dass nur 51 Prozent der jungen Leute des Landes als f\u00fcr eine Besch\u00e4ftigung geeignet gelten, weil den anderen, wie der Parlamentsbericht erkl\u00e4rte, die n\u00f6tigen F\u00e4higkeiten fehlten.<\/p>\n<p><strong>Mehr zum Thema<\/strong>\u00a0\u2012 <a rel=\"nofollow noopener\" target=\"_blank\" href=\"https:\/\/freedert.online\/international\/220642-putin-westliche-volkswirtschaften-im-niedergang\/\">Putin: Westliche Volkswirtschaften in \u00c4ra des Niedergangs<\/a><\/p>\n<\/div>\n<p><br \/>\n<br \/><a href=\"https:\/\/de.rt.com\/inland\/223673-deutschland-vervierfacht-visa-fuer-inder\/\">Source link <\/a><\/p>\n","protected":false},"excerpt":{"rendered":"<p>Indien hat mitgeteilt, dass Berlin zugesagt hat, die Zahl der Visa, die j\u00e4hrlich an Fachkr\u00e4fte vergeben werden, deutlich zu erh\u00f6hen. Vor allem in der Pflege und der IT seien sie willkommen. Dies erkl\u00e4rte Scholz bei seinem Besuch in Neu-Delhi. Deutschland wird seine j\u00e4hrliche Visaquote f\u00fcr Fachkr\u00e4fte aus Indien von 20.000 auf 90.000 erh\u00f6hen, teilte Indiens [&hellip;]<\/p>\n","protected":false},"author":3,"featured_media":71451,"comment_status":"open","ping_status":"open","sticky":false,"template":"","format":"standard","meta":{"_yoast_indexnow_last_ping":["1729932176"],"wp_automatic_camp":["217"],"74b0ef9d0cacdd2183804d97a7688503":["Deutschland vervierfacht die Zahl der f\u00fcr Inder verf\u00fcgbaren Visa"],"original_link":["https:\/\/de.rt.com\/inland\/223673-deutschland-vervierfacht-visa-fuer-inder\/"],"_thumbnail_id":["71451"],"jnews_social_counter_last_update":["1777371465"],"_wptgpro_p2tg_sent2tg":["a:1:{i:23737;s:19:\"2024-10-26 10:43:59\";}"]},"categories":[19,23],"tags":[82,179,45,221,51463,40212,42497,11486,16017],"yoast_head":"<!-- This site is optimized with the Yoast SEO Premium plugin v22.7 (Yoast SEO v22.7) - https:\/\/yoast.com\/wordpress\/plugins\/seo\/ -->\n<title>Deutschland vervierfacht die Zahl der f\u00fcr Inder verf\u00fcgbaren Visa - just-now.NEWS Deutschland<\/title>\n<meta name=\"robots\" content=\"index, follow, max-snippet:-1, max-image-preview:large, max-video-preview:-1\" \/>\n<link rel=\"canonical\" href=\"https:\/\/now-news.de\/de\/deutschland\/deutschland-vervierfacht-die-zahl-der-fuer-inder-verfuegbaren-visa\/\" \/>\n<meta property=\"og:locale\" content=\"de_DE\" \/>\n<meta property=\"og:type\" content=\"article\" \/>\n<meta property=\"og:title\" content=\"Deutschland vervierfacht die Zahl der f\u00fcr Inder verf\u00fcgbaren Visa\" \/>\n<meta property=\"og:description\" content=\"Indien hat mitgeteilt, dass Berlin zugesagt hat, die Zahl der Visa, die j\u00e4hrlich an Fachkr\u00e4fte vergeben werden, deutlich zu erh\u00f6hen. Vor allem in der Pflege und der IT seien sie willkommen. Dies erkl\u00e4rte Scholz bei seinem Besuch in Neu-Delhi. Deutschland wird seine j\u00e4hrliche Visaquote f\u00fcr Fachkr\u00e4fte aus Indien von 20.000 auf 90.000 erh\u00f6hen, teilte Indiens [&hellip;]\" \/>\n<meta property=\"og:url\" content=\"https:\/\/now-news.de\/de\/deutschland\/deutschland-vervierfacht-die-zahl-der-fuer-inder-verfuegbaren-visa\/\" \/>\n<meta property=\"og:site_name\" content=\"just-now.NEWS Deutschland\" \/>\n<meta property=\"article:publisher\" content=\"https:\/\/www.facebook.com\/wirmachenauf\" \/>\n<meta property=\"article:published_time\" content=\"2024-10-26T08:38:40+00:00\" \/>\n<meta property=\"og:image\" content=\"https:\/\/now-news.de\/de\/wp-content\/uploads\/sites\/3\/2024\/10\/671c06d648fbef48b75f2bfe.jpg\" \/>\n<meta name=\"author\" content=\"rtnews\" \/>\n<meta name=\"twitter:card\" content=\"summary_large_image\" \/>\n<meta name=\"twitter:creator\" content=\"@WirMachenAuf_de\" \/>\n<meta name=\"twitter:site\" content=\"@WirMachenAuf_de\" \/>\n<meta name=\"twitter:label1\" content=\"Verfasst von\" \/>\n\t<meta name=\"twitter:data1\" content=\"rtnews\" \/>\n\t<meta name=\"twitter:label2\" content=\"Gesch\u00e4tzte Lesezeit\" \/>\n\t<meta name=\"twitter:data2\" content=\"2\u00a0Minuten\" \/>\n<script type=\"application\/ld+json\" class=\"yoast-schema-graph\">{\"@context\":\"https:\/\/schema.org\",\"@graph\":[{\"@type\":\"Article\",\"@id\":\"https:\/\/now-news.de\/de\/deutschland\/deutschland-vervierfacht-die-zahl-der-fuer-inder-verfuegbaren-visa\/#article\",\"isPartOf\":{\"@id\":\"https:\/\/now-news.de\/de\/deutschland\/deutschland-vervierfacht-die-zahl-der-fuer-inder-verfuegbaren-visa\/\"},\"author\":{\"name\":\"rtnews\",\"@id\":\"https:\/\/now-news.de\/de\/#\/schema\/person\/fb534a4e865501d8b3285208df34a9b5\"},\"headline\":\"Deutschland vervierfacht die Zahl der f\u00fcr Inder verf\u00fcgbaren Visa\",\"datePublished\":\"2024-10-26T08:38:40+00:00\",\"dateModified\":\"2024-10-26T08:38:40+00:00\",\"mainEntityOfPage\":{\"@id\":\"https:\/\/now-news.de\/de\/deutschland\/deutschland-vervierfacht-die-zahl-der-fuer-inder-verfuegbaren-visa\/\"},\"wordCount\":473,\"commentCount\":0,\"publisher\":{\"@id\":\"https:\/\/now-news.de\/de\/#organization\"},\"image\":{\"@id\":\"https:\/\/now-news.de\/de\/deutschland\/deutschland-vervierfacht-die-zahl-der-fuer-inder-verfuegbaren-visa\/#primaryimage\"},\"thumbnailUrl\":\"https:\/\/now-news.de\/de\/wp-content\/uploads\/sites\/3\/2024\/10\/Deutschland-vervierfacht-die-Zahl-der-fuer-Inder-verfuegbaren-Visa.jpg\",\"keywords\":[\"der\",\"Deutschland\",\"die\",\"f\u00fcr\",\"Inder\",\"verf\u00fcgbaren\",\"vervierfacht\",\"Visa\",\"Zahl\"],\"articleSection\":[\"Deutschland\",\"Russland\"],\"inLanguage\":\"de\",\"potentialAction\":[{\"@type\":\"CommentAction\",\"name\":\"Comment\",\"target\":[\"https:\/\/now-news.de\/de\/deutschland\/deutschland-vervierfacht-die-zahl-der-fuer-inder-verfuegbaren-visa\/#respond\"]}]},{\"@type\":\"WebPage\",\"@id\":\"https:\/\/now-news.de\/de\/deutschland\/deutschland-vervierfacht-die-zahl-der-fuer-inder-verfuegbaren-visa\/\",\"url\":\"https:\/\/now-news.de\/de\/deutschland\/deutschland-vervierfacht-die-zahl-der-fuer-inder-verfuegbaren-visa\/\",\"name\":\"Deutschland vervierfacht die Zahl der f\u00fcr Inder verf\u00fcgbaren Visa - just-now.NEWS Deutschland\",\"isPartOf\":{\"@id\":\"https:\/\/now-news.de\/de\/#website\"},\"primaryImageOfPage\":{\"@id\":\"https:\/\/now-news.de\/de\/deutschland\/deutschland-vervierfacht-die-zahl-der-fuer-inder-verfuegbaren-visa\/#primaryimage\"},\"image\":{\"@id\":\"https:\/\/now-news.de\/de\/deutschland\/deutschland-vervierfacht-die-zahl-der-fuer-inder-verfuegbaren-visa\/#primaryimage\"},\"thumbnailUrl\":\"https:\/\/now-news.de\/de\/wp-content\/uploads\/sites\/3\/2024\/10\/Deutschland-vervierfacht-die-Zahl-der-fuer-Inder-verfuegbaren-Visa.jpg\",\"datePublished\":\"2024-10-26T08:38:40+00:00\",\"dateModified\":\"2024-10-26T08:38:40+00:00\",\"breadcrumb\":{\"@id\":\"https:\/\/now-news.de\/de\/deutschland\/deutschland-vervierfacht-die-zahl-der-fuer-inder-verfuegbaren-visa\/#breadcrumb\"},\"inLanguage\":\"de\",\"potentialAction\":[{\"@type\":\"ReadAction\",\"target\":[\"https:\/\/now-news.de\/de\/deutschland\/deutschland-vervierfacht-die-zahl-der-fuer-inder-verfuegbaren-visa\/\"]}]},{\"@type\":\"ImageObject\",\"inLanguage\":\"de\",\"@id\":\"https:\/\/now-news.de\/de\/deutschland\/deutschland-vervierfacht-die-zahl-der-fuer-inder-verfuegbaren-visa\/#primaryimage\",\"url\":\"https:\/\/now-news.de\/de\/wp-content\/uploads\/sites\/3\/2024\/10\/Deutschland-vervierfacht-die-Zahl-der-fuer-Inder-verfuegbaren-Visa.jpg\",\"contentUrl\":\"https:\/\/now-news.de\/de\/wp-content\/uploads\/sites\/3\/2024\/10\/Deutschland-vervierfacht-die-Zahl-der-fuer-Inder-verfuegbaren-Visa.jpg\",\"width\":460,\"height\":259,\"caption\":\"Deutschland vervierfacht die Zahl der f\u00fcr Inder verf\u00fcgbaren Visa\"},{\"@type\":\"BreadcrumbList\",\"@id\":\"https:\/\/now-news.de\/de\/deutschland\/deutschland-vervierfacht-die-zahl-der-fuer-inder-verfuegbaren-visa\/#breadcrumb\",\"itemListElement\":[{\"@type\":\"ListItem\",\"position\":1,\"name\":\"Home\",\"item\":\"https:\/\/now-news.de\/de\/\"},{\"@type\":\"ListItem\",\"position\":2,\"name\":\"Deutschland vervierfacht die Zahl der f\u00fcr Inder verf\u00fcgbaren Visa\"}]},{\"@type\":\"WebSite\",\"@id\":\"https:\/\/now-news.de\/de\/#website\",\"url\":\"https:\/\/now-news.de\/de\/\",\"name\":\"just-now.NEWS Deutschland\",\"description\":\"Das Portal f\u00fcr unzensierte Nachrichten aus der Welt\",\"publisher\":{\"@id\":\"https:\/\/now-news.de\/de\/#organization\"},\"potentialAction\":[{\"@type\":\"SearchAction\",\"target\":{\"@type\":\"EntryPoint\",\"urlTemplate\":\"https:\/\/now-news.de\/de\/?s={search_term_string}\"},\"query-input\":\"required name=search_term_string\"}],\"inLanguage\":\"de\"},{\"@type\":\"Organization\",\"@id\":\"https:\/\/now-news.de\/de\/#organization\",\"name\":\"Just Now News\",\"url\":\"https:\/\/now-news.de\/de\/\",\"logo\":{\"@type\":\"ImageObject\",\"inLanguage\":\"de\",\"@id\":\"https:\/\/now-news.de\/de\/#\/schema\/logo\/image\/\",\"url\":\"http:\/\/just-now.news\/de\/wp-content\/uploads\/sites\/3\/2022\/04\/logo500x500.jpg\",\"contentUrl\":\"http:\/\/just-now.news\/de\/wp-content\/uploads\/sites\/3\/2022\/04\/logo500x500.jpg\",\"width\":500,\"height\":500,\"caption\":\"Just Now News\"},\"image\":{\"@id\":\"https:\/\/now-news.de\/de\/#\/schema\/logo\/image\/\"},\"sameAs\":[\"https:\/\/www.facebook.com\/wirmachenauf\",\"https:\/\/x.com\/WirMachenAuf_de\"]},{\"@type\":\"Person\",\"@id\":\"https:\/\/now-news.de\/de\/#\/schema\/person\/fb534a4e865501d8b3285208df34a9b5\",\"name\":\"rtnews\",\"image\":{\"@type\":\"ImageObject\",\"inLanguage\":\"de\",\"@id\":\"https:\/\/now-news.de\/de\/#\/schema\/person\/image\/\",\"url\":\"https:\/\/secure.gravatar.com\/avatar\/82aafea7d8127119dd649515f56e2117?s=96&d=mm&r=g\",\"contentUrl\":\"https:\/\/secure.gravatar.com\/avatar\/82aafea7d8127119dd649515f56e2117?s=96&d=mm&r=g\",\"caption\":\"rtnews\"},\"url\":\"https:\/\/now-news.de\/de\/author\/rnews\/\"}]}<\/script>\n<!-- \/ Yoast SEO Premium plugin. -->","yoast_head_json":{"title":"Deutschland vervierfacht die Zahl der f\u00fcr Inder verf\u00fcgbaren Visa - just-now.NEWS Deutschland","robots":{"index":"index","follow":"follow","max-snippet":"max-snippet:-1","max-image-preview":"max-image-preview:large","max-video-preview":"max-video-preview:-1"},"canonical":"https:\/\/now-news.de\/de\/deutschland\/deutschland-vervierfacht-die-zahl-der-fuer-inder-verfuegbaren-visa\/","og_locale":"de_DE","og_type":"article","og_title":"Deutschland vervierfacht die Zahl der f\u00fcr Inder verf\u00fcgbaren Visa","og_description":"Indien hat mitgeteilt, dass Berlin zugesagt hat, die Zahl der Visa, die j\u00e4hrlich an Fachkr\u00e4fte vergeben werden, deutlich zu erh\u00f6hen. Vor allem in der Pflege und der IT seien sie willkommen. Dies erkl\u00e4rte Scholz bei seinem Besuch in Neu-Delhi. Deutschland wird seine j\u00e4hrliche Visaquote f\u00fcr Fachkr\u00e4fte aus Indien von 20.000 auf 90.000 erh\u00f6hen, teilte Indiens [&hellip;]","og_url":"https:\/\/now-news.de\/de\/deutschland\/deutschland-vervierfacht-die-zahl-der-fuer-inder-verfuegbaren-visa\/","og_site_name":"just-now.NEWS Deutschland","article_publisher":"https:\/\/www.facebook.com\/wirmachenauf","article_published_time":"2024-10-26T08:38:40+00:00","og_image":[{"url":"https:\/\/now-news.de\/de\/wp-content\/uploads\/sites\/3\/2024\/10\/671c06d648fbef48b75f2bfe.jpg"}],"author":"rtnews","twitter_card":"summary_large_image","twitter_creator":"@WirMachenAuf_de","twitter_site":"@WirMachenAuf_de","twitter_misc":{"Verfasst von":"rtnews","Gesch\u00e4tzte Lesezeit":"2\u00a0Minuten"},"schema":{"@context":"https:\/\/schema.org","@graph":[{"@type":"Article","@id":"https:\/\/now-news.de\/de\/deutschland\/deutschland-vervierfacht-die-zahl-der-fuer-inder-verfuegbaren-visa\/#article","isPartOf":{"@id":"https:\/\/now-news.de\/de\/deutschland\/deutschland-vervierfacht-die-zahl-der-fuer-inder-verfuegbaren-visa\/"},"author":{"name":"rtnews","@id":"https:\/\/now-news.de\/de\/#\/schema\/person\/fb534a4e865501d8b3285208df34a9b5"},"headline":"Deutschland vervierfacht die Zahl der f\u00fcr Inder verf\u00fcgbaren Visa","datePublished":"2024-10-26T08:38:40+00:00","dateModified":"2024-10-26T08:38:40+00:00","mainEntityOfPage":{"@id":"https:\/\/now-news.de\/de\/deutschland\/deutschland-vervierfacht-die-zahl-der-fuer-inder-verfuegbaren-visa\/"},"wordCount":473,"commentCount":0,"publisher":{"@id":"https:\/\/now-news.de\/de\/#organization"},"image":{"@id":"https:\/\/now-news.de\/de\/deutschland\/deutschland-vervierfacht-die-zahl-der-fuer-inder-verfuegbaren-visa\/#primaryimage"},"thumbnailUrl":"https:\/\/now-news.de\/de\/wp-content\/uploads\/sites\/3\/2024\/10\/Deutschland-vervierfacht-die-Zahl-der-fuer-Inder-verfuegbaren-Visa.jpg","keywords":["der","Deutschland","die","f\u00fcr","Inder","verf\u00fcgbaren","vervierfacht","Visa","Zahl"],"articleSection":["Deutschland","Russland"],"inLanguage":"de","potentialAction":[{"@type":"CommentAction","name":"Comment","target":["https:\/\/now-news.de\/de\/deutschland\/deutschland-vervierfacht-die-zahl-der-fuer-inder-verfuegbaren-visa\/#respond"]}]},{"@type":"WebPage","@id":"https:\/\/now-news.de\/de\/deutschland\/deutschland-vervierfacht-die-zahl-der-fuer-inder-verfuegbaren-visa\/","url":"https:\/\/now-news.de\/de\/deutschland\/deutschland-vervierfacht-die-zahl-der-fuer-inder-verfuegbaren-visa\/","name":"Deutschland vervierfacht die Zahl der f\u00fcr Inder verf\u00fcgbaren Visa - just-now.NEWS Deutschland","isPartOf":{"@id":"https:\/\/now-news.de\/de\/#website"},"primaryImageOfPage":{"@id":"https:\/\/now-news.de\/de\/deutschland\/deutschland-vervierfacht-die-zahl-der-fuer-inder-verfuegbaren-visa\/#primaryimage"},"image":{"@id":"https:\/\/now-news.de\/de\/deutschland\/deutschland-vervierfacht-die-zahl-der-fuer-inder-verfuegbaren-visa\/#primaryimage"},"thumbnailUrl":"https:\/\/now-news.de\/de\/wp-content\/uploads\/sites\/3\/2024\/10\/Deutschland-vervierfacht-die-Zahl-der-fuer-Inder-verfuegbaren-Visa.jpg","datePublished":"2024-10-26T08:38:40+00:00","dateModified":"2024-10-26T08:38:40+00:00","breadcrumb":{"@id":"https:\/\/now-news.de\/de\/deutschland\/deutschland-vervierfacht-die-zahl-der-fuer-inder-verfuegbaren-visa\/#breadcrumb"},"inLanguage":"de","potentialAction":[{"@type":"ReadAction","target":["https:\/\/now-news.de\/de\/deutschland\/deutschland-vervierfacht-die-zahl-der-fuer-inder-verfuegbaren-visa\/"]}]},{"@type":"ImageObject","inLanguage":"de","@id":"https:\/\/now-news.de\/de\/deutschland\/deutschland-vervierfacht-die-zahl-der-fuer-inder-verfuegbaren-visa\/#primaryimage","url":"https:\/\/now-news.de\/de\/wp-content\/uploads\/sites\/3\/2024\/10\/Deutschland-vervierfacht-die-Zahl-der-fuer-Inder-verfuegbaren-Visa.jpg","contentUrl":"https:\/\/now-news.de\/de\/wp-content\/uploads\/sites\/3\/2024\/10\/Deutschland-vervierfacht-die-Zahl-der-fuer-Inder-verfuegbaren-Visa.jpg","width":460,"height":259,"caption":"Deutschland vervierfacht die Zahl der f\u00fcr Inder verf\u00fcgbaren Visa"},{"@type":"BreadcrumbList","@id":"https:\/\/now-news.de\/de\/deutschland\/deutschland-vervierfacht-die-zahl-der-fuer-inder-verfuegbaren-visa\/#breadcrumb","itemListElement":[{"@type":"ListItem","position":1,"name":"Home","item":"https:\/\/now-news.de\/de\/"},{"@type":"ListItem","position":2,"name":"Deutschland vervierfacht die Zahl der f\u00fcr Inder verf\u00fcgbaren Visa"}]},{"@type":"WebSite","@id":"https:\/\/now-news.de\/de\/#website","url":"https:\/\/now-news.de\/de\/","name":"just-now.NEWS Deutschland","description":"Das Portal f\u00fcr unzensierte Nachrichten aus der Welt","publisher":{"@id":"https:\/\/now-news.de\/de\/#organization"},"potentialAction":[{"@type":"SearchAction","target":{"@type":"EntryPoint","urlTemplate":"https:\/\/now-news.de\/de\/?s={search_term_string}"},"query-input":"required name=search_term_string"}],"inLanguage":"de"},{"@type":"Organization","@id":"https:\/\/now-news.de\/de\/#organization","name":"Just Now News","url":"https:\/\/now-news.de\/de\/","logo":{"@type":"ImageObject","inLanguage":"de","@id":"https:\/\/now-news.de\/de\/#\/schema\/logo\/image\/","url":"http:\/\/just-now.news\/de\/wp-content\/uploads\/sites\/3\/2022\/04\/logo500x500.jpg","contentUrl":"http:\/\/just-now.news\/de\/wp-content\/uploads\/sites\/3\/2022\/04\/logo500x500.jpg","width":500,"height":500,"caption":"Just Now News"},"image":{"@id":"https:\/\/now-news.de\/de\/#\/schema\/logo\/image\/"},"sameAs":["https:\/\/www.facebook.com\/wirmachenauf","https:\/\/x.com\/WirMachenAuf_de"]},{"@type":"Person","@id":"https:\/\/now-news.de\/de\/#\/schema\/person\/fb534a4e865501d8b3285208df34a9b5","name":"rtnews","image":{"@type":"ImageObject","inLanguage":"de","@id":"https:\/\/now-news.de\/de\/#\/schema\/person\/image\/","url":"https:\/\/secure.gravatar.com\/avatar\/82aafea7d8127119dd649515f56e2117?s=96&d=mm&r=g","contentUrl":"https:\/\/secure.gravatar.com\/avatar\/82aafea7d8127119dd649515f56e2117?s=96&d=mm&r=g","caption":"rtnews"},"url":"https:\/\/now-news.de\/de\/author\/rnews\/"}]}},"_links":{"self":[{"href":"https:\/\/now-news.de\/de\/wp-json\/wp\/v2\/posts\/71450"}],"collection":[{"href":"https:\/\/now-news.de\/de\/wp-json\/wp\/v2\/posts"}],"about":[{"href":"https:\/\/now-news.de\/de\/wp-json\/wp\/v2\/types\/post"}],"author":[{"embeddable":true,"href":"https:\/\/now-news.de\/de\/wp-json\/wp\/v2\/users\/3"}],"replies":[{"embeddable":true,"href":"https:\/\/now-news.de\/de\/wp-json\/wp\/v2\/comments?post=71450"}],"version-history":[{"count":0,"href":"https:\/\/now-news.de\/de\/wp-json\/wp\/v2\/posts\/71450\/revisions"}],"wp:featuredmedia":[{"embeddable":true,"href":"https:\/\/now-news.de\/de\/wp-json\/wp\/v2\/media\/71451"}],"wp:attachment":[{"href":"https:\/\/now-news.de\/de\/wp-json\/wp\/v2\/media?parent=71450"}],"wp:term":[{"taxonomy":"category","embeddable":true,"href":"https:\/\/now-news.de\/de\/wp-json\/wp\/v2\/categories?post=71450"},{"taxonomy":"post_tag","embeddable":true,"href":"https:\/\/now-news.de\/de\/wp-json\/wp\/v2\/tags?post=71450"}],"curies":[{"name":"wp","href":"https:\/\/api.w.org\/{rel}","templated":true}]}}