{"id":71436,"date":"2024-10-25T20:53:34","date_gmt":"2024-10-25T18:53:34","guid":{"rendered":"https:\/\/now-news.de\/de\/deutschland\/russischer-spitzenbeamter-wirtschaftlicher-vorsprung-der-brics-vor-den-g7-objektive-realitaet\/"},"modified":"2024-10-25T20:53:34","modified_gmt":"2024-10-25T18:53:34","slug":"russischer-spitzenbeamter-wirtschaftlicher-vorsprung-der-brics-vor-den-g7-objektive-realitaet","status":"publish","type":"post","link":"https:\/\/now-news.de\/de\/deutschland\/russischer-spitzenbeamter-wirtschaftlicher-vorsprung-der-brics-vor-den-g7-objektive-realitaet\/","title":{"rendered":"Russischer Spitzenbeamter: Wirtschaftlicher Vorsprung der BRICS vor den G7 &quot;objektive Realit\u00e4t&quot;"},"content":{"rendered":"<p><img decoding=\"async\" src=\"https:\/\/now-news.de\/de\/wp-content\/uploads\/sites\/3\/2024\/10\/671bd92348fbef48b5486117.jpg\" \/><\/p>\n<div class=\"Text-root Text-type_1 \">\n                Die Schwellenl\u00e4nder haben ihre reicheren westlichen Kollegen beim Beitrag zum globalen Wachstum \u00fcberholt, sagte Maxim Oreschkin. Nun seien Instrumente gefragt, die die weniger entwickelten L\u00e4nder ihr Potenzial entwickeln lassen.\n            <\/div>\n<p><\/p>\n<div class=\"Text-root Text-type_5 ArticleView-text ViewText-root \">\n<p>Die j\u00fcngste Prognose des Internationalen W\u00e4hrungsfonds (IWF), die darauf hinwies, dass die globale Wirtschaft von den BRICS-L\u00e4ndern angetrieben wird, sei eine <em>&#8220;objektive Realit\u00e4t&#8221;<\/em>, sagte Maxim Oreschkin, stellvertretender Leiter der russischen Pr\u00e4sidialverwaltung.<\/p>\n<p>In seinem Ausblick auf die Weltwirtschaft, der diese Woche ver\u00f6ffentlicht wurde, schrieb der IWF, die Weltwirtschaft werde sich laut den letzten Sch\u00e4tzungen nach Kaufkraftparit\u00e4t (PPP) st\u00e4rker auf die Gruppe der Schwellenl\u00e4nder verlassen als auf die von den USA gef\u00fchrten G7 (Kanada, Frankreich, Japan, Italien, die USA, Gro\u00dfbritannien, Deutschland und die EU). Die Kaufkraftparit\u00e4t vergleicht die wirtschaftliche Produktivit\u00e4t und die Lebensstandards von L\u00e4ndern, indem um die Preisunterschiede f\u00fcr Waren und Dienstleistungen korrigiert wird.<\/p>\n<p>Der Anteil der G7-L\u00e4nder geht nach PPP zur\u00fcck und ist von 50,42 Prozent im Jahr 1982 auf 29 Prozent im Jahr 2024 gefallen. Der Beitrag der BRICS-L\u00e4nder zum globalen Wachstum ist jedoch nach PPP gestiegen und wird gegen Ende des Jahres 2024 36,7 Prozent betragen, sagte Wladimir Putin auf einem Treffen der Staatschefs auf dem BRICS-Gipfel am Mittwoch.<\/p>\n<p><em>&#8220;Das ist objektive Realit\u00e4t&#8221;<\/em>, sagte Oreschkin, der in der Pr\u00e4sidialverwaltung f\u00fcr Wirtschaft und Transport zust\u00e4ndig ist, dem Kanal <em>Rossija 24<\/em> am Rande des BRICS-Gipfels in Kasan am Donnerstag.<\/p>\n<p><em>&#8220;Wenn man sich die BRICS-L\u00e4nder ansieht, oder die L\u00e4nder, die in unterschiedlichen Formaten teilnehmen und an einem Beitritt zur Gruppe interessiert sind, gibt es zwei Gruppen. Da sind die L\u00e4nder mit ziemlich ausgereiften Volkswirtschaften \u2012 Russland, China, Saudi-Arabien. Und da gibt es auch potenzielle Anf\u00fchrer \u2012 das sind die L\u00e4nder S\u00fcdasiens, Indien beispielsweise, [und] das sind die L\u00e4nder Afrikas.&#8221;<\/em><\/p>\n<p>Oreschkin merkte an, dass die letztere Gruppe von Schwellenm\u00e4rkten sicherstellen will, dass <em>&#8220;das Wachstum in diesen [Entwicklungs-]L\u00e4ndern so effizient wie m\u00f6glich voranschreitet, vor allem durch die Instrumente, die innerhalb von BRICS existieren&#8221;<\/em>, und dass sie nach den Mechanismen sucht, die daf\u00fcr sorgen.<\/p>\n<p>Unter diesen Mitteln nannte Oreschkin Technologie, Bildung, Logistik, Handel und Finanzen sowie Investitionen als Schl\u00fcsselelemente, die <em>&#8220;das ganze Bild in Bewegung setzen&#8221;<\/em>.<\/p>\n<p>Eine neue Investitionsplattform wird es, Oreschkin zufolge, den BRICS-L\u00e4ndern mit entwickelten Volkswirtschaften erlauben, das Potenzial der sich entwickelnden Mitglieder der Gruppe <em>&#8220;zum Vorschein zu bringen&#8221;<\/em>.<\/p>\n<p>Anfang der Woche hatte der russische Pr\u00e4sident die Schaffung einer neuen Investitionsplattform f\u00fcr BRICS vorgeschlagen, die die nationalen Wirtschaften unterst\u00fctzen und finanzielle Ressourcen f\u00fcr die L\u00e4nder des Globalen S\u00fcdens und Ostens bereitstellen soll.<\/p>\n<p><strong>Mehr zum Thema<\/strong>\u00a0\u2012 <a rel=\"nofollow noopener\" target=\"_blank\" href=\"https:\/\/freedert.online\/international\/223502-wie-reagieren-nato-und-eu\/\">Wie reagieren NATO und EU auf den t\u00fcrkischen BRICS-Beitrittswunsch?<\/a><\/p>\n<div class=\"EmbedBlock-root EmbedBlock-externalVideo EmbedBlock-rumble\">\n<div class=\"VkEmbed\"><iframe class=\"lazyload\" data-src=\"https:\/\/rumble.com\/embed\/v5hp35x\" frameborder=\"0\" width=\"853\" height=\"480\" allowfullscreen><\/iframe><\/div>\n<\/div>\n<\/div>\n<p><br \/>\n<br \/><a href=\"https:\/\/de.rt.com\/international\/223646-russischer-spitzenbeamter-wirtschaftlicher-vorsprung-brics\/\">Source link <\/a><\/p>\n","protected":false},"excerpt":{"rendered":"<p>Die Schwellenl\u00e4nder haben ihre reicheren westlichen Kollegen beim Beitrag zum globalen Wachstum \u00fcberholt, sagte Maxim Oreschkin. Nun seien Instrumente gefragt, die die weniger entwickelten L\u00e4nder ihr Potenzial entwickeln lassen. Die j\u00fcngste Prognose des Internationalen W\u00e4hrungsfonds (IWF), die darauf hinwies, dass die globale Wirtschaft von den BRICS-L\u00e4ndern angetrieben wird, sei eine &#8220;objektive Realit\u00e4t&#8221;, sagte Maxim Oreschkin, [&hellip;]<\/p>\n","protected":false},"author":3,"featured_media":71437,"comment_status":"open","ping_status":"open","sticky":false,"template":"","format":"standard","meta":{"_yoast_indexnow_last_ping":["1729883092"],"wp_automatic_camp":["217"],"bdefd212ed48d80075ea698007bb3a4a":["Russischer Spitzenbeamter: Wirtschaftlicher Vorsprung der BRICS vor den G7 &quot;objektive Realit\u00e4t&quot;"],"original_link":["https:\/\/de.rt.com\/international\/223646-russischer-spitzenbeamter-wirtschaftlicher-vorsprung-brics\/"],"_thumbnail_id":["71437"],"jnews_social_counter_last_update":["1777208456"],"_wptgpro_p2tg_sent2tg":["a:1:{i:23737;s:19:\"2024-10-25 21:05:53\";}"]},"categories":[19,23],"tags":[21147,48,82,49478,33929,793,53304,320,20664,32706],"yoast_head":"<!-- This site is optimized with the Yoast SEO Premium plugin v22.7 (Yoast SEO v22.7) - https:\/\/yoast.com\/wordpress\/plugins\/seo\/ -->\n<title>Russischer Spitzenbeamter: Wirtschaftlicher Vorsprung der BRICS vor den G7 &quot;objektive Realit\u00e4t&quot; - just-now.NEWS Deutschland<\/title>\n<meta name=\"robots\" content=\"index, follow, max-snippet:-1, max-image-preview:large, max-video-preview:-1\" \/>\n<link rel=\"canonical\" href=\"https:\/\/now-news.de\/de\/deutschland\/russischer-spitzenbeamter-wirtschaftlicher-vorsprung-der-brics-vor-den-g7-objektive-realitaet\/\" \/>\n<meta property=\"og:locale\" content=\"de_DE\" \/>\n<meta property=\"og:type\" content=\"article\" \/>\n<meta property=\"og:title\" content=\"Russischer Spitzenbeamter: Wirtschaftlicher Vorsprung der BRICS vor den G7 &quot;objektive Realit\u00e4t&quot;\" \/>\n<meta property=\"og:description\" content=\"Die Schwellenl\u00e4nder haben ihre reicheren westlichen Kollegen beim Beitrag zum globalen Wachstum \u00fcberholt, sagte Maxim Oreschkin. Nun seien Instrumente gefragt, die die weniger entwickelten L\u00e4nder ihr Potenzial entwickeln lassen. Die j\u00fcngste Prognose des Internationalen W\u00e4hrungsfonds (IWF), die darauf hinwies, dass die globale Wirtschaft von den BRICS-L\u00e4ndern angetrieben wird, sei eine &#8220;objektive Realit\u00e4t&#8221;, sagte Maxim Oreschkin, [&hellip;]\" \/>\n<meta property=\"og:url\" content=\"https:\/\/now-news.de\/de\/deutschland\/russischer-spitzenbeamter-wirtschaftlicher-vorsprung-der-brics-vor-den-g7-objektive-realitaet\/\" \/>\n<meta property=\"og:site_name\" content=\"just-now.NEWS Deutschland\" \/>\n<meta property=\"article:publisher\" content=\"https:\/\/www.facebook.com\/wirmachenauf\" \/>\n<meta property=\"article:published_time\" content=\"2024-10-25T18:53:34+00:00\" \/>\n<meta property=\"og:image\" content=\"https:\/\/now-news.de\/de\/wp-content\/uploads\/sites\/3\/2024\/10\/671bd92348fbef48b5486117.jpg\" \/>\n<meta name=\"author\" content=\"rtnews\" \/>\n<meta name=\"twitter:card\" content=\"summary_large_image\" \/>\n<meta name=\"twitter:creator\" content=\"@WirMachenAuf_de\" \/>\n<meta name=\"twitter:site\" content=\"@WirMachenAuf_de\" \/>\n<meta name=\"twitter:label1\" content=\"Verfasst von\" \/>\n\t<meta name=\"twitter:data1\" content=\"rtnews\" \/>\n\t<meta name=\"twitter:label2\" content=\"Gesch\u00e4tzte Lesezeit\" \/>\n\t<meta name=\"twitter:data2\" content=\"2\u00a0Minuten\" \/>\n<script type=\"application\/ld+json\" class=\"yoast-schema-graph\">{\"@context\":\"https:\/\/schema.org\",\"@graph\":[{\"@type\":\"Article\",\"@id\":\"https:\/\/now-news.de\/de\/deutschland\/russischer-spitzenbeamter-wirtschaftlicher-vorsprung-der-brics-vor-den-g7-objektive-realitaet\/#article\",\"isPartOf\":{\"@id\":\"https:\/\/now-news.de\/de\/deutschland\/russischer-spitzenbeamter-wirtschaftlicher-vorsprung-der-brics-vor-den-g7-objektive-realitaet\/\"},\"author\":{\"name\":\"rtnews\",\"@id\":\"https:\/\/now-news.de\/de\/#\/schema\/person\/fb534a4e865501d8b3285208df34a9b5\"},\"headline\":\"Russischer Spitzenbeamter: Wirtschaftlicher Vorsprung der BRICS vor den G7 &quot;objektive Realit\u00e4t&quot;\",\"datePublished\":\"2024-10-25T18:53:34+00:00\",\"dateModified\":\"2024-10-25T18:53:34+00:00\",\"mainEntityOfPage\":{\"@id\":\"https:\/\/now-news.de\/de\/deutschland\/russischer-spitzenbeamter-wirtschaftlicher-vorsprung-der-brics-vor-den-g7-objektive-realitaet\/\"},\"wordCount\":466,\"commentCount\":0,\"publisher\":{\"@id\":\"https:\/\/now-news.de\/de\/#organization\"},\"image\":{\"@id\":\"https:\/\/now-news.de\/de\/deutschland\/russischer-spitzenbeamter-wirtschaftlicher-vorsprung-der-brics-vor-den-g7-objektive-realitaet\/#primaryimage\"},\"thumbnailUrl\":\"https:\/\/now-news.de\/de\/wp-content\/uploads\/sites\/3\/2024\/10\/Russischer-Spitzenbeamter-Wirtschaftlicher-Vorsprung-der-BRICS-vor-den-G7-quotobjektive.jpg\",\"keywords\":[\"BRICS\",\"den\",\"der\",\"quotObjektive\",\"Realit\u00e4tquot\",\"Russischer\",\"Spitzenbeamter\",\"vor\",\"Vorsprung\",\"wirtschaftlicher\"],\"articleSection\":[\"Deutschland\",\"Russland\"],\"inLanguage\":\"de\",\"potentialAction\":[{\"@type\":\"CommentAction\",\"name\":\"Comment\",\"target\":[\"https:\/\/now-news.de\/de\/deutschland\/russischer-spitzenbeamter-wirtschaftlicher-vorsprung-der-brics-vor-den-g7-objektive-realitaet\/#respond\"]}]},{\"@type\":\"WebPage\",\"@id\":\"https:\/\/now-news.de\/de\/deutschland\/russischer-spitzenbeamter-wirtschaftlicher-vorsprung-der-brics-vor-den-g7-objektive-realitaet\/\",\"url\":\"https:\/\/now-news.de\/de\/deutschland\/russischer-spitzenbeamter-wirtschaftlicher-vorsprung-der-brics-vor-den-g7-objektive-realitaet\/\",\"name\":\"Russischer Spitzenbeamter: Wirtschaftlicher Vorsprung der BRICS vor den G7 &quot;objektive Realit\u00e4t&quot; - just-now.NEWS Deutschland\",\"isPartOf\":{\"@id\":\"https:\/\/now-news.de\/de\/#website\"},\"primaryImageOfPage\":{\"@id\":\"https:\/\/now-news.de\/de\/deutschland\/russischer-spitzenbeamter-wirtschaftlicher-vorsprung-der-brics-vor-den-g7-objektive-realitaet\/#primaryimage\"},\"image\":{\"@id\":\"https:\/\/now-news.de\/de\/deutschland\/russischer-spitzenbeamter-wirtschaftlicher-vorsprung-der-brics-vor-den-g7-objektive-realitaet\/#primaryimage\"},\"thumbnailUrl\":\"https:\/\/now-news.de\/de\/wp-content\/uploads\/sites\/3\/2024\/10\/Russischer-Spitzenbeamter-Wirtschaftlicher-Vorsprung-der-BRICS-vor-den-G7-quotobjektive.jpg\",\"datePublished\":\"2024-10-25T18:53:34+00:00\",\"dateModified\":\"2024-10-25T18:53:34+00:00\",\"breadcrumb\":{\"@id\":\"https:\/\/now-news.de\/de\/deutschland\/russischer-spitzenbeamter-wirtschaftlicher-vorsprung-der-brics-vor-den-g7-objektive-realitaet\/#breadcrumb\"},\"inLanguage\":\"de\",\"potentialAction\":[{\"@type\":\"ReadAction\",\"target\":[\"https:\/\/now-news.de\/de\/deutschland\/russischer-spitzenbeamter-wirtschaftlicher-vorsprung-der-brics-vor-den-g7-objektive-realitaet\/\"]}]},{\"@type\":\"ImageObject\",\"inLanguage\":\"de\",\"@id\":\"https:\/\/now-news.de\/de\/deutschland\/russischer-spitzenbeamter-wirtschaftlicher-vorsprung-der-brics-vor-den-g7-objektive-realitaet\/#primaryimage\",\"url\":\"https:\/\/now-news.de\/de\/wp-content\/uploads\/sites\/3\/2024\/10\/Russischer-Spitzenbeamter-Wirtschaftlicher-Vorsprung-der-BRICS-vor-den-G7-quotobjektive.jpg\",\"contentUrl\":\"https:\/\/now-news.de\/de\/wp-content\/uploads\/sites\/3\/2024\/10\/Russischer-Spitzenbeamter-Wirtschaftlicher-Vorsprung-der-BRICS-vor-den-G7-quotobjektive.jpg\",\"width\":460,\"height\":259,\"caption\":\"Russischer Spitzenbeamter: Wirtschaftlicher Vorsprung der BRICS vor den G7 &quot;objektive Realit\u00e4t&quot;\"},{\"@type\":\"BreadcrumbList\",\"@id\":\"https:\/\/now-news.de\/de\/deutschland\/russischer-spitzenbeamter-wirtschaftlicher-vorsprung-der-brics-vor-den-g7-objektive-realitaet\/#breadcrumb\",\"itemListElement\":[{\"@type\":\"ListItem\",\"position\":1,\"name\":\"Home\",\"item\":\"https:\/\/now-news.de\/de\/\"},{\"@type\":\"ListItem\",\"position\":2,\"name\":\"Russischer Spitzenbeamter: Wirtschaftlicher Vorsprung der BRICS vor den G7 &quot;objektive Realit\u00e4t&quot;\"}]},{\"@type\":\"WebSite\",\"@id\":\"https:\/\/now-news.de\/de\/#website\",\"url\":\"https:\/\/now-news.de\/de\/\",\"name\":\"just-now.NEWS Deutschland\",\"description\":\"Das Portal f\u00fcr unzensierte Nachrichten aus der Welt\",\"publisher\":{\"@id\":\"https:\/\/now-news.de\/de\/#organization\"},\"potentialAction\":[{\"@type\":\"SearchAction\",\"target\":{\"@type\":\"EntryPoint\",\"urlTemplate\":\"https:\/\/now-news.de\/de\/?s={search_term_string}\"},\"query-input\":\"required name=search_term_string\"}],\"inLanguage\":\"de\"},{\"@type\":\"Organization\",\"@id\":\"https:\/\/now-news.de\/de\/#organization\",\"name\":\"Just Now News\",\"url\":\"https:\/\/now-news.de\/de\/\",\"logo\":{\"@type\":\"ImageObject\",\"inLanguage\":\"de\",\"@id\":\"https:\/\/now-news.de\/de\/#\/schema\/logo\/image\/\",\"url\":\"http:\/\/just-now.news\/de\/wp-content\/uploads\/sites\/3\/2022\/04\/logo500x500.jpg\",\"contentUrl\":\"http:\/\/just-now.news\/de\/wp-content\/uploads\/sites\/3\/2022\/04\/logo500x500.jpg\",\"width\":500,\"height\":500,\"caption\":\"Just Now News\"},\"image\":{\"@id\":\"https:\/\/now-news.de\/de\/#\/schema\/logo\/image\/\"},\"sameAs\":[\"https:\/\/www.facebook.com\/wirmachenauf\",\"https:\/\/x.com\/WirMachenAuf_de\"]},{\"@type\":\"Person\",\"@id\":\"https:\/\/now-news.de\/de\/#\/schema\/person\/fb534a4e865501d8b3285208df34a9b5\",\"name\":\"rtnews\",\"image\":{\"@type\":\"ImageObject\",\"inLanguage\":\"de\",\"@id\":\"https:\/\/now-news.de\/de\/#\/schema\/person\/image\/\",\"url\":\"https:\/\/secure.gravatar.com\/avatar\/82aafea7d8127119dd649515f56e2117?s=96&d=mm&r=g\",\"contentUrl\":\"https:\/\/secure.gravatar.com\/avatar\/82aafea7d8127119dd649515f56e2117?s=96&d=mm&r=g\",\"caption\":\"rtnews\"},\"url\":\"https:\/\/now-news.de\/de\/author\/rnews\/\"}]}<\/script>\n<!-- \/ Yoast SEO Premium plugin. -->","yoast_head_json":{"title":"Russischer Spitzenbeamter: Wirtschaftlicher Vorsprung der BRICS vor den G7 &quot;objektive Realit\u00e4t&quot; - just-now.NEWS Deutschland","robots":{"index":"index","follow":"follow","max-snippet":"max-snippet:-1","max-image-preview":"max-image-preview:large","max-video-preview":"max-video-preview:-1"},"canonical":"https:\/\/now-news.de\/de\/deutschland\/russischer-spitzenbeamter-wirtschaftlicher-vorsprung-der-brics-vor-den-g7-objektive-realitaet\/","og_locale":"de_DE","og_type":"article","og_title":"Russischer Spitzenbeamter: Wirtschaftlicher Vorsprung der BRICS vor den G7 &quot;objektive Realit\u00e4t&quot;","og_description":"Die Schwellenl\u00e4nder haben ihre reicheren westlichen Kollegen beim Beitrag zum globalen Wachstum \u00fcberholt, sagte Maxim Oreschkin. Nun seien Instrumente gefragt, die die weniger entwickelten L\u00e4nder ihr Potenzial entwickeln lassen. Die j\u00fcngste Prognose des Internationalen W\u00e4hrungsfonds (IWF), die darauf hinwies, dass die globale Wirtschaft von den BRICS-L\u00e4ndern angetrieben wird, sei eine &#8220;objektive Realit\u00e4t&#8221;, sagte Maxim Oreschkin, [&hellip;]","og_url":"https:\/\/now-news.de\/de\/deutschland\/russischer-spitzenbeamter-wirtschaftlicher-vorsprung-der-brics-vor-den-g7-objektive-realitaet\/","og_site_name":"just-now.NEWS Deutschland","article_publisher":"https:\/\/www.facebook.com\/wirmachenauf","article_published_time":"2024-10-25T18:53:34+00:00","og_image":[{"url":"https:\/\/now-news.de\/de\/wp-content\/uploads\/sites\/3\/2024\/10\/671bd92348fbef48b5486117.jpg"}],"author":"rtnews","twitter_card":"summary_large_image","twitter_creator":"@WirMachenAuf_de","twitter_site":"@WirMachenAuf_de","twitter_misc":{"Verfasst von":"rtnews","Gesch\u00e4tzte Lesezeit":"2\u00a0Minuten"},"schema":{"@context":"https:\/\/schema.org","@graph":[{"@type":"Article","@id":"https:\/\/now-news.de\/de\/deutschland\/russischer-spitzenbeamter-wirtschaftlicher-vorsprung-der-brics-vor-den-g7-objektive-realitaet\/#article","isPartOf":{"@id":"https:\/\/now-news.de\/de\/deutschland\/russischer-spitzenbeamter-wirtschaftlicher-vorsprung-der-brics-vor-den-g7-objektive-realitaet\/"},"author":{"name":"rtnews","@id":"https:\/\/now-news.de\/de\/#\/schema\/person\/fb534a4e865501d8b3285208df34a9b5"},"headline":"Russischer Spitzenbeamter: Wirtschaftlicher Vorsprung der BRICS vor den G7 &quot;objektive Realit\u00e4t&quot;","datePublished":"2024-10-25T18:53:34+00:00","dateModified":"2024-10-25T18:53:34+00:00","mainEntityOfPage":{"@id":"https:\/\/now-news.de\/de\/deutschland\/russischer-spitzenbeamter-wirtschaftlicher-vorsprung-der-brics-vor-den-g7-objektive-realitaet\/"},"wordCount":466,"commentCount":0,"publisher":{"@id":"https:\/\/now-news.de\/de\/#organization"},"image":{"@id":"https:\/\/now-news.de\/de\/deutschland\/russischer-spitzenbeamter-wirtschaftlicher-vorsprung-der-brics-vor-den-g7-objektive-realitaet\/#primaryimage"},"thumbnailUrl":"https:\/\/now-news.de\/de\/wp-content\/uploads\/sites\/3\/2024\/10\/Russischer-Spitzenbeamter-Wirtschaftlicher-Vorsprung-der-BRICS-vor-den-G7-quotobjektive.jpg","keywords":["BRICS","den","der","quotObjektive","Realit\u00e4tquot","Russischer","Spitzenbeamter","vor","Vorsprung","wirtschaftlicher"],"articleSection":["Deutschland","Russland"],"inLanguage":"de","potentialAction":[{"@type":"CommentAction","name":"Comment","target":["https:\/\/now-news.de\/de\/deutschland\/russischer-spitzenbeamter-wirtschaftlicher-vorsprung-der-brics-vor-den-g7-objektive-realitaet\/#respond"]}]},{"@type":"WebPage","@id":"https:\/\/now-news.de\/de\/deutschland\/russischer-spitzenbeamter-wirtschaftlicher-vorsprung-der-brics-vor-den-g7-objektive-realitaet\/","url":"https:\/\/now-news.de\/de\/deutschland\/russischer-spitzenbeamter-wirtschaftlicher-vorsprung-der-brics-vor-den-g7-objektive-realitaet\/","name":"Russischer Spitzenbeamter: Wirtschaftlicher Vorsprung der BRICS vor den G7 &quot;objektive Realit\u00e4t&quot; - just-now.NEWS Deutschland","isPartOf":{"@id":"https:\/\/now-news.de\/de\/#website"},"primaryImageOfPage":{"@id":"https:\/\/now-news.de\/de\/deutschland\/russischer-spitzenbeamter-wirtschaftlicher-vorsprung-der-brics-vor-den-g7-objektive-realitaet\/#primaryimage"},"image":{"@id":"https:\/\/now-news.de\/de\/deutschland\/russischer-spitzenbeamter-wirtschaftlicher-vorsprung-der-brics-vor-den-g7-objektive-realitaet\/#primaryimage"},"thumbnailUrl":"https:\/\/now-news.de\/de\/wp-content\/uploads\/sites\/3\/2024\/10\/Russischer-Spitzenbeamter-Wirtschaftlicher-Vorsprung-der-BRICS-vor-den-G7-quotobjektive.jpg","datePublished":"2024-10-25T18:53:34+00:00","dateModified":"2024-10-25T18:53:34+00:00","breadcrumb":{"@id":"https:\/\/now-news.de\/de\/deutschland\/russischer-spitzenbeamter-wirtschaftlicher-vorsprung-der-brics-vor-den-g7-objektive-realitaet\/#breadcrumb"},"inLanguage":"de","potentialAction":[{"@type":"ReadAction","target":["https:\/\/now-news.de\/de\/deutschland\/russischer-spitzenbeamter-wirtschaftlicher-vorsprung-der-brics-vor-den-g7-objektive-realitaet\/"]}]},{"@type":"ImageObject","inLanguage":"de","@id":"https:\/\/now-news.de\/de\/deutschland\/russischer-spitzenbeamter-wirtschaftlicher-vorsprung-der-brics-vor-den-g7-objektive-realitaet\/#primaryimage","url":"https:\/\/now-news.de\/de\/wp-content\/uploads\/sites\/3\/2024\/10\/Russischer-Spitzenbeamter-Wirtschaftlicher-Vorsprung-der-BRICS-vor-den-G7-quotobjektive.jpg","contentUrl":"https:\/\/now-news.de\/de\/wp-content\/uploads\/sites\/3\/2024\/10\/Russischer-Spitzenbeamter-Wirtschaftlicher-Vorsprung-der-BRICS-vor-den-G7-quotobjektive.jpg","width":460,"height":259,"caption":"Russischer Spitzenbeamter: Wirtschaftlicher Vorsprung der BRICS vor den G7 &quot;objektive Realit\u00e4t&quot;"},{"@type":"BreadcrumbList","@id":"https:\/\/now-news.de\/de\/deutschland\/russischer-spitzenbeamter-wirtschaftlicher-vorsprung-der-brics-vor-den-g7-objektive-realitaet\/#breadcrumb","itemListElement":[{"@type":"ListItem","position":1,"name":"Home","item":"https:\/\/now-news.de\/de\/"},{"@type":"ListItem","position":2,"name":"Russischer Spitzenbeamter: Wirtschaftlicher Vorsprung der BRICS vor den G7 &quot;objektive Realit\u00e4t&quot;"}]},{"@type":"WebSite","@id":"https:\/\/now-news.de\/de\/#website","url":"https:\/\/now-news.de\/de\/","name":"just-now.NEWS Deutschland","description":"Das Portal f\u00fcr unzensierte Nachrichten aus der Welt","publisher":{"@id":"https:\/\/now-news.de\/de\/#organization"},"potentialAction":[{"@type":"SearchAction","target":{"@type":"EntryPoint","urlTemplate":"https:\/\/now-news.de\/de\/?s={search_term_string}"},"query-input":"required name=search_term_string"}],"inLanguage":"de"},{"@type":"Organization","@id":"https:\/\/now-news.de\/de\/#organization","name":"Just Now News","url":"https:\/\/now-news.de\/de\/","logo":{"@type":"ImageObject","inLanguage":"de","@id":"https:\/\/now-news.de\/de\/#\/schema\/logo\/image\/","url":"http:\/\/just-now.news\/de\/wp-content\/uploads\/sites\/3\/2022\/04\/logo500x500.jpg","contentUrl":"http:\/\/just-now.news\/de\/wp-content\/uploads\/sites\/3\/2022\/04\/logo500x500.jpg","width":500,"height":500,"caption":"Just Now News"},"image":{"@id":"https:\/\/now-news.de\/de\/#\/schema\/logo\/image\/"},"sameAs":["https:\/\/www.facebook.com\/wirmachenauf","https:\/\/x.com\/WirMachenAuf_de"]},{"@type":"Person","@id":"https:\/\/now-news.de\/de\/#\/schema\/person\/fb534a4e865501d8b3285208df34a9b5","name":"rtnews","image":{"@type":"ImageObject","inLanguage":"de","@id":"https:\/\/now-news.de\/de\/#\/schema\/person\/image\/","url":"https:\/\/secure.gravatar.com\/avatar\/82aafea7d8127119dd649515f56e2117?s=96&d=mm&r=g","contentUrl":"https:\/\/secure.gravatar.com\/avatar\/82aafea7d8127119dd649515f56e2117?s=96&d=mm&r=g","caption":"rtnews"},"url":"https:\/\/now-news.de\/de\/author\/rnews\/"}]}},"_links":{"self":[{"href":"https:\/\/now-news.de\/de\/wp-json\/wp\/v2\/posts\/71436"}],"collection":[{"href":"https:\/\/now-news.de\/de\/wp-json\/wp\/v2\/posts"}],"about":[{"href":"https:\/\/now-news.de\/de\/wp-json\/wp\/v2\/types\/post"}],"author":[{"embeddable":true,"href":"https:\/\/now-news.de\/de\/wp-json\/wp\/v2\/users\/3"}],"replies":[{"embeddable":true,"href":"https:\/\/now-news.de\/de\/wp-json\/wp\/v2\/comments?post=71436"}],"version-history":[{"count":0,"href":"https:\/\/now-news.de\/de\/wp-json\/wp\/v2\/posts\/71436\/revisions"}],"wp:featuredmedia":[{"embeddable":true,"href":"https:\/\/now-news.de\/de\/wp-json\/wp\/v2\/media\/71437"}],"wp:attachment":[{"href":"https:\/\/now-news.de\/de\/wp-json\/wp\/v2\/media?parent=71436"}],"wp:term":[{"taxonomy":"category","embeddable":true,"href":"https:\/\/now-news.de\/de\/wp-json\/wp\/v2\/categories?post=71436"},{"taxonomy":"post_tag","embeddable":true,"href":"https:\/\/now-news.de\/de\/wp-json\/wp\/v2\/tags?post=71436"}],"curies":[{"name":"wp","href":"https:\/\/api.w.org\/{rel}","templated":true}]}}