{"id":71430,"date":"2024-10-25T18:32:57","date_gmt":"2024-10-25T16:32:57","guid":{"rendered":"https:\/\/now-news.de\/de\/deutschland\/zur-besseren-pandemievorbereitung-saechsischer-corona-untersuchungsausschuss-beschlossen\/"},"modified":"2024-10-25T18:32:57","modified_gmt":"2024-10-25T16:32:57","slug":"zur-besseren-pandemievorbereitung-saechsischer-corona-untersuchungsausschuss-beschlossen","status":"publish","type":"post","link":"https:\/\/now-news.de\/de\/deutschland\/zur-besseren-pandemievorbereitung-saechsischer-corona-untersuchungsausschuss-beschlossen\/","title":{"rendered":"Zur besseren Pandemievorbereitung? S\u00e4chsischer Corona-Untersuchungsausschuss beschlossen"},"content":{"rendered":"<p><img decoding=\"async\" src=\"https:\/\/now-news.de\/de\/wp-content\/uploads\/sites\/3\/2024\/10\/671b93fdb480cc7bdf058439.png\" \/><\/p>\n<div class=\"Text-root Text-type_1 \">\n                Der Corona-Untersuchungsausschuss diene in erster Linie der Vorbereitung auf k\u00fcnftige Pandemien, der Aufarbeitung der politischen Verantwortlichkeiten und der Befriedung der Gesellschaft, hei\u00dft es im Antrag der AfD. In den Medien wird die Zustimmung des Wagenknecht-B\u00fcndnisses skandalisiert.\n            <\/div>\n<p><\/p>\n<div class=\"Text-root Text-type_5 ArticleView-text ViewText-root \">\n<p>Der S\u00e4chsische Landtag beschloss am Freitag <a rel=\"nofollow noopener\" target=\"_blank\" href=\"https:\/\/www.youtube.com\/watch?v=IN4-bgvXlcY\">in einer Sondersitzung<\/a> die Einsetzung eines Untersuchungsausschusses zur Aufarbeitung der COVID-19-Pandemie. Damit wurde dem diesbez\u00fcglichen Antrag der AfD-Fraktion in Sachsen zugestimmt. Auch Abgeordnete des B\u00fcndnis Sahra Wagenknecht (BSW) stimmten daf\u00fcr.<\/p>\n<p>Aufgrund ihrer Fraktionsgr\u00f6\u00dfe mit 40 Landtagsmandaten h\u00e4tte die Alternative f\u00fcr Deutschland den Antrag allerdings auch ausschlie\u00dflich mit eigenen Stimmen durchbringen k\u00f6nnen. Sie ben\u00f6tigte daf\u00fcr laut Gesch\u00e4ftsordnung ein F\u00fcnftel aller insgesamt 120 Abgeordneten des Landtags \u2013 also Minimum 24 Stimmen. Dagegen wurde der diesbez\u00fcgliche Antrag des BSW von den s\u00e4chsischen Parlamentariern abgelehnt. Im dortigen Landtag sitzen neben den 40 Abgeordneten der AfD 15 BSW-Abgeordnete. Die Einsetzung des Ausschusses galt bereits vor der Abstimmung als sicher, <a rel=\"nofollow noopener\" target=\"_blank\" href=\"https:\/\/www.saechsische.de\/politik\/regional\/sachsen-landtag-setzt-u-ausschuss-zu-corona-pandemie-ein-YSTSWA7MP5AGRA5SGPULQU7SRE.html\">berichtete <\/a>die <em>S\u00e4chsische Zeitung<\/em> am Freitag.<\/p>\n<p>Der <a rel=\"nofollow noopener\" target=\"_blank\" href=\"https:\/\/edas.landtag.sachsen.de\/redas\/download?datei_id=45\">Antrag der s\u00e4chsischen AfD<\/a> wurde am 1.\u00a0Oktober als Dringlichkeitsantrag gestellt \u2013 das Thema lautete: &#8220;Einsetzung eines Untersuchungsausschusses gem\u00e4\u00df Artikel 54 Absatz 1 der Verfassung des Freistaates Sachsen zum Gegenstand: &#8216;Untersuchung der Ma\u00dfnahmen der Landesregierung zur Eind\u00e4mmung und Bew\u00e4ltigung der Infektionskrankheit COVID-19 im Hinblick auf sachgerechtes Handeln und m\u00f6glicher Vers\u00e4umnisse f\u00fcr den Zeitraum 12\/2019 \u2013 09\/2024&#8242;&#8221;.<\/p>\n<p>Zur Begr\u00fcndung hei\u00dft es im Antragstext: Der Untersuchungsausschuss solle umfassend untersuchen und aufkl\u00e4ren, ob die COVID-19-bezogenen Ma\u00dfnahmen der<br \/>Landesregierung und ihrer nachgeordneten Beh\u00f6rden, eine ausreichende gesetzliche Basis hatten und ob sie mit dem Verh\u00e4ltnism\u00e4\u00dfigkeitsprinzip und dem Rechtsstaatsprinzip und sonstigen verfassungsrechtlichen Prinzipien vereinbar waren.<\/p>\n<p><strong>Ziel: Bessere Vorbereitung auf k\u00fcnftige Pandemien<\/strong><\/p>\n<p>Ziel sei eine bessere Vorbereitung auf k\u00fcnftige Pandemien \u2013 sowohl in medizinischer als auch gesellschaftlicher Sicht und bez\u00fcglich der Feststellung, so der Antrag. Dabei solle untersucht werden, ob im Umgang mit COVID-19 vermeidbare Fehler gemacht worden seien. Insgesamt solle der Ausschuss zur Befriedung der Gesellschaft dienen: &#8220;Dadurch soll der Untersuchungsausschuss zur Aufarbeitung der politischen Verantwortlichkeiten und zur Befriedung der Gesellschaft beitragen, sowie einen wesentlichen Beitrag dazu leisten, dass derartige Fehler beim Umgang mit k\u00fcnftigen Ausbr\u00fcchen von neuartigen Infektionskrankheiten vermieden werden k\u00f6nnen.&#8221;<\/p>\n<p>Bereits im Vorfeld hatte die BSW-Landesvorsitzende Sabine Zimmermann erkl\u00e4rt, dass das BSW dem AfD-Antrag zustimmen w\u00fcrde: &#8220;Wir werden diesem Antrag zustimmen, weil es hier auch um den Respekt vor dem Minderheitenrecht geht.&#8221; Ihr zufolge wird das BSW-Abstimmungsverhalten keine Auswirkungen auf die Sondierungsgespr\u00e4che mit CDU und SPD im S\u00e4chsischen Landtag haben. Das werde von den m\u00f6glichen Koalitionspartnern auch so gesehen.<\/p>\n<p>Zeitnah \u00e4u\u00dferte sich der Vorsitzende des Deutschen Gewerkschaftsbundes (DGB) in Sachsen Markus Schlimbach zur s\u00e4chsischen Entscheidung. Nach seiner Aussage\u00a0ist die Abstimmung ein &#8220;Tiefpunkt f\u00fcr Sachsen&#8221;, weil dabei von der Mehrheit der BSW-Abgeordneten der demokratische Grundkonsens &#8220;aus ideologischen Gr\u00fcnden ohne Not&#8221; aufgek\u00fcndigt worden sei. Deshalb stelle sich nun umso mehr die Frage, so Schlimbach,\u00a0 &#8220;ob mit dem BSW eine verl\u00e4ssliche und stabile Regierungsbildung in Sachsen m\u00f6glich ist&#8221;. Die <em>S\u00e4chsische Zeitung<\/em> gab die Aussage des DGB-Vorsitzenden wie folgt wieder:<\/p>\n<blockquote>\n<p><em>&#8220;F\u00fcr eine gute Zukunft sei eine klare Abgrenzung gegen\u00fcber Rechtsextremisten notwendig&#8221;.<\/em><\/p>\n<\/blockquote>\n<p>Auch der Linken-Abgeordnete Rico Gebhardt kritisierte das Abstimmungsverhalten des BSW. Ihm zufolge war die Wagenknecht-Partei &#8220;urspr\u00fcnglich angetreten, um die AfD zu schw\u00e4chen&#8221;. Nun h\u00e4tten die meisten der s\u00e4chsischen BSW-Abgeordneten &#8220;ohne Not&#8221; f\u00fcr einen AfD-Antrag gestimmt. Gebhardt bewertet den Antrag als rechtswidrig. Es sei ein Antrag, &#8220;der vor allem einseitig, teils rechtswidrig und von Corona-Verharmlosung durchzogen ist&#8221;.<\/p>\n<p><strong>Mehr zum Thema<\/strong> &#8211; <a rel=\"nofollow noopener\" target=\"_blank\" href=\"https:\/\/dert.online\/inland\/220629-wagenknecht-koalition-nur-ohne-us\/\">Wagenknecht nennt zentrale Bedingung: Koalitionen nur ohne US-Mittelstreckenraketen<\/a><\/p>\n<\/div>\n<p><br \/>\n<br \/><a href=\"https:\/\/de.rt.com\/inland\/223618-zur-besseren-pandemievorbereitung-saechsischer-corona-ausschuss-beschlossen\/\">Source link <\/a><\/p>\n","protected":false},"excerpt":{"rendered":"<p>Der Corona-Untersuchungsausschuss diene in erster Linie der Vorbereitung auf k\u00fcnftige Pandemien, der Aufarbeitung der politischen Verantwortlichkeiten und der Befriedung der Gesellschaft, hei\u00dft es im Antrag der AfD. In den Medien wird die Zustimmung des Wagenknecht-B\u00fcndnisses skandalisiert. Der S\u00e4chsische Landtag beschloss am Freitag in einer Sondersitzung die Einsetzung eines Untersuchungsausschusses zur Aufarbeitung der COVID-19-Pandemie. Damit wurde [&hellip;]<\/p>\n","protected":false},"author":3,"featured_media":71431,"comment_status":"open","ping_status":"open","sticky":false,"template":"","format":"standard","meta":{"_yoast_indexnow_last_ping":["1729874454"],"wp_automatic_camp":["217"],"17fc8754e4eb8cfdfb687654160fafe9":["Zur besseren Pandemievorbereitung? S\u00e4chsischer Corona-Untersuchungsausschuss beschlossen"],"original_link":["https:\/\/de.rt.com\/inland\/223618-zur-besseren-pandemievorbereitung-saechsischer-corona-ausschuss-beschlossen\/"],"_thumbnail_id":["71431"],"jnews_social_counter_last_update":["1777260284"],"_wptgpro_p2tg_sent2tg":["a:1:{i:23737;s:19:\"2024-10-25 18:41:54\";}"]},"categories":[19,23],"tags":[30808,26367,50784,59740,33538,581],"yoast_head":"<!-- This site is optimized with the Yoast SEO Premium plugin v22.7 (Yoast SEO v22.7) - https:\/\/yoast.com\/wordpress\/plugins\/seo\/ -->\n<title>Zur besseren Pandemievorbereitung? S\u00e4chsischer Corona-Untersuchungsausschuss beschlossen - just-now.NEWS Deutschland<\/title>\n<meta name=\"robots\" content=\"index, follow, max-snippet:-1, max-image-preview:large, max-video-preview:-1\" \/>\n<link rel=\"canonical\" href=\"https:\/\/now-news.de\/de\/deutschland\/zur-besseren-pandemievorbereitung-saechsischer-corona-untersuchungsausschuss-beschlossen\/\" \/>\n<meta property=\"og:locale\" content=\"de_DE\" \/>\n<meta property=\"og:type\" content=\"article\" \/>\n<meta property=\"og:title\" content=\"Zur besseren Pandemievorbereitung? S\u00e4chsischer Corona-Untersuchungsausschuss beschlossen\" \/>\n<meta property=\"og:description\" content=\"Der Corona-Untersuchungsausschuss diene in erster Linie der Vorbereitung auf k\u00fcnftige Pandemien, der Aufarbeitung der politischen Verantwortlichkeiten und der Befriedung der Gesellschaft, hei\u00dft es im Antrag der AfD. In den Medien wird die Zustimmung des Wagenknecht-B\u00fcndnisses skandalisiert. Der S\u00e4chsische Landtag beschloss am Freitag in einer Sondersitzung die Einsetzung eines Untersuchungsausschusses zur Aufarbeitung der COVID-19-Pandemie. Damit wurde [&hellip;]\" \/>\n<meta property=\"og:url\" content=\"https:\/\/now-news.de\/de\/deutschland\/zur-besseren-pandemievorbereitung-saechsischer-corona-untersuchungsausschuss-beschlossen\/\" \/>\n<meta property=\"og:site_name\" content=\"just-now.NEWS Deutschland\" \/>\n<meta property=\"article:publisher\" content=\"https:\/\/www.facebook.com\/wirmachenauf\" \/>\n<meta property=\"article:published_time\" content=\"2024-10-25T16:32:57+00:00\" \/>\n<meta property=\"og:image\" content=\"https:\/\/now-news.de\/de\/wp-content\/uploads\/sites\/3\/2024\/10\/671b93fdb480cc7bdf058439.png\" \/>\n<meta name=\"author\" content=\"rtnews\" \/>\n<meta name=\"twitter:card\" content=\"summary_large_image\" \/>\n<meta name=\"twitter:creator\" content=\"@WirMachenAuf_de\" \/>\n<meta name=\"twitter:site\" content=\"@WirMachenAuf_de\" \/>\n<meta name=\"twitter:label1\" content=\"Verfasst von\" \/>\n\t<meta name=\"twitter:data1\" content=\"rtnews\" \/>\n\t<meta name=\"twitter:label2\" content=\"Gesch\u00e4tzte Lesezeit\" \/>\n\t<meta name=\"twitter:data2\" content=\"3\u00a0Minuten\" \/>\n<script type=\"application\/ld+json\" class=\"yoast-schema-graph\">{\"@context\":\"https:\/\/schema.org\",\"@graph\":[{\"@type\":\"Article\",\"@id\":\"https:\/\/now-news.de\/de\/deutschland\/zur-besseren-pandemievorbereitung-saechsischer-corona-untersuchungsausschuss-beschlossen\/#article\",\"isPartOf\":{\"@id\":\"https:\/\/now-news.de\/de\/deutschland\/zur-besseren-pandemievorbereitung-saechsischer-corona-untersuchungsausschuss-beschlossen\/\"},\"author\":{\"name\":\"rtnews\",\"@id\":\"https:\/\/now-news.de\/de\/#\/schema\/person\/fb534a4e865501d8b3285208df34a9b5\"},\"headline\":\"Zur besseren Pandemievorbereitung? S\u00e4chsischer Corona-Untersuchungsausschuss beschlossen\",\"datePublished\":\"2024-10-25T16:32:57+00:00\",\"dateModified\":\"2024-10-25T16:32:57+00:00\",\"mainEntityOfPage\":{\"@id\":\"https:\/\/now-news.de\/de\/deutschland\/zur-besseren-pandemievorbereitung-saechsischer-corona-untersuchungsausschuss-beschlossen\/\"},\"wordCount\":611,\"commentCount\":0,\"publisher\":{\"@id\":\"https:\/\/now-news.de\/de\/#organization\"},\"image\":{\"@id\":\"https:\/\/now-news.de\/de\/deutschland\/zur-besseren-pandemievorbereitung-saechsischer-corona-untersuchungsausschuss-beschlossen\/#primaryimage\"},\"thumbnailUrl\":\"https:\/\/now-news.de\/de\/wp-content\/uploads\/sites\/3\/2024\/10\/Zur-besseren-Pandemievorbereitung-Saechsischer-Corona-Untersuchungsausschuss-beschlossen.png\",\"keywords\":[\"beschlossen\",\"besseren\",\"CoronaUntersuchungsausschuss\",\"Pandemievorbereitung\",\"S\u00e4chsischer\",\"zur\"],\"articleSection\":[\"Deutschland\",\"Russland\"],\"inLanguage\":\"de\",\"potentialAction\":[{\"@type\":\"CommentAction\",\"name\":\"Comment\",\"target\":[\"https:\/\/now-news.de\/de\/deutschland\/zur-besseren-pandemievorbereitung-saechsischer-corona-untersuchungsausschuss-beschlossen\/#respond\"]}]},{\"@type\":\"WebPage\",\"@id\":\"https:\/\/now-news.de\/de\/deutschland\/zur-besseren-pandemievorbereitung-saechsischer-corona-untersuchungsausschuss-beschlossen\/\",\"url\":\"https:\/\/now-news.de\/de\/deutschland\/zur-besseren-pandemievorbereitung-saechsischer-corona-untersuchungsausschuss-beschlossen\/\",\"name\":\"Zur besseren Pandemievorbereitung? S\u00e4chsischer Corona-Untersuchungsausschuss beschlossen - just-now.NEWS Deutschland\",\"isPartOf\":{\"@id\":\"https:\/\/now-news.de\/de\/#website\"},\"primaryImageOfPage\":{\"@id\":\"https:\/\/now-news.de\/de\/deutschland\/zur-besseren-pandemievorbereitung-saechsischer-corona-untersuchungsausschuss-beschlossen\/#primaryimage\"},\"image\":{\"@id\":\"https:\/\/now-news.de\/de\/deutschland\/zur-besseren-pandemievorbereitung-saechsischer-corona-untersuchungsausschuss-beschlossen\/#primaryimage\"},\"thumbnailUrl\":\"https:\/\/now-news.de\/de\/wp-content\/uploads\/sites\/3\/2024\/10\/Zur-besseren-Pandemievorbereitung-Saechsischer-Corona-Untersuchungsausschuss-beschlossen.png\",\"datePublished\":\"2024-10-25T16:32:57+00:00\",\"dateModified\":\"2024-10-25T16:32:57+00:00\",\"breadcrumb\":{\"@id\":\"https:\/\/now-news.de\/de\/deutschland\/zur-besseren-pandemievorbereitung-saechsischer-corona-untersuchungsausschuss-beschlossen\/#breadcrumb\"},\"inLanguage\":\"de\",\"potentialAction\":[{\"@type\":\"ReadAction\",\"target\":[\"https:\/\/now-news.de\/de\/deutschland\/zur-besseren-pandemievorbereitung-saechsischer-corona-untersuchungsausschuss-beschlossen\/\"]}]},{\"@type\":\"ImageObject\",\"inLanguage\":\"de\",\"@id\":\"https:\/\/now-news.de\/de\/deutschland\/zur-besseren-pandemievorbereitung-saechsischer-corona-untersuchungsausschuss-beschlossen\/#primaryimage\",\"url\":\"https:\/\/now-news.de\/de\/wp-content\/uploads\/sites\/3\/2024\/10\/Zur-besseren-Pandemievorbereitung-Saechsischer-Corona-Untersuchungsausschuss-beschlossen.png\",\"contentUrl\":\"https:\/\/now-news.de\/de\/wp-content\/uploads\/sites\/3\/2024\/10\/Zur-besseren-Pandemievorbereitung-Saechsischer-Corona-Untersuchungsausschuss-beschlossen.png\",\"width\":460,\"height\":259,\"caption\":\"Zur besseren Pandemievorbereitung? S\u00e4chsischer Corona-Untersuchungsausschuss beschlossen\"},{\"@type\":\"BreadcrumbList\",\"@id\":\"https:\/\/now-news.de\/de\/deutschland\/zur-besseren-pandemievorbereitung-saechsischer-corona-untersuchungsausschuss-beschlossen\/#breadcrumb\",\"itemListElement\":[{\"@type\":\"ListItem\",\"position\":1,\"name\":\"Home\",\"item\":\"https:\/\/now-news.de\/de\/\"},{\"@type\":\"ListItem\",\"position\":2,\"name\":\"Zur besseren Pandemievorbereitung? S\u00e4chsischer Corona-Untersuchungsausschuss beschlossen\"}]},{\"@type\":\"WebSite\",\"@id\":\"https:\/\/now-news.de\/de\/#website\",\"url\":\"https:\/\/now-news.de\/de\/\",\"name\":\"just-now.NEWS Deutschland\",\"description\":\"Das Portal f\u00fcr unzensierte Nachrichten aus der Welt\",\"publisher\":{\"@id\":\"https:\/\/now-news.de\/de\/#organization\"},\"potentialAction\":[{\"@type\":\"SearchAction\",\"target\":{\"@type\":\"EntryPoint\",\"urlTemplate\":\"https:\/\/now-news.de\/de\/?s={search_term_string}\"},\"query-input\":\"required name=search_term_string\"}],\"inLanguage\":\"de\"},{\"@type\":\"Organization\",\"@id\":\"https:\/\/now-news.de\/de\/#organization\",\"name\":\"Just Now News\",\"url\":\"https:\/\/now-news.de\/de\/\",\"logo\":{\"@type\":\"ImageObject\",\"inLanguage\":\"de\",\"@id\":\"https:\/\/now-news.de\/de\/#\/schema\/logo\/image\/\",\"url\":\"http:\/\/just-now.news\/de\/wp-content\/uploads\/sites\/3\/2022\/04\/logo500x500.jpg\",\"contentUrl\":\"http:\/\/just-now.news\/de\/wp-content\/uploads\/sites\/3\/2022\/04\/logo500x500.jpg\",\"width\":500,\"height\":500,\"caption\":\"Just Now News\"},\"image\":{\"@id\":\"https:\/\/now-news.de\/de\/#\/schema\/logo\/image\/\"},\"sameAs\":[\"https:\/\/www.facebook.com\/wirmachenauf\",\"https:\/\/x.com\/WirMachenAuf_de\"]},{\"@type\":\"Person\",\"@id\":\"https:\/\/now-news.de\/de\/#\/schema\/person\/fb534a4e865501d8b3285208df34a9b5\",\"name\":\"rtnews\",\"image\":{\"@type\":\"ImageObject\",\"inLanguage\":\"de\",\"@id\":\"https:\/\/now-news.de\/de\/#\/schema\/person\/image\/\",\"url\":\"https:\/\/secure.gravatar.com\/avatar\/82aafea7d8127119dd649515f56e2117?s=96&d=mm&r=g\",\"contentUrl\":\"https:\/\/secure.gravatar.com\/avatar\/82aafea7d8127119dd649515f56e2117?s=96&d=mm&r=g\",\"caption\":\"rtnews\"},\"url\":\"https:\/\/now-news.de\/de\/author\/rnews\/\"}]}<\/script>\n<!-- \/ Yoast SEO Premium plugin. -->","yoast_head_json":{"title":"Zur besseren Pandemievorbereitung? S\u00e4chsischer Corona-Untersuchungsausschuss beschlossen - just-now.NEWS Deutschland","robots":{"index":"index","follow":"follow","max-snippet":"max-snippet:-1","max-image-preview":"max-image-preview:large","max-video-preview":"max-video-preview:-1"},"canonical":"https:\/\/now-news.de\/de\/deutschland\/zur-besseren-pandemievorbereitung-saechsischer-corona-untersuchungsausschuss-beschlossen\/","og_locale":"de_DE","og_type":"article","og_title":"Zur besseren Pandemievorbereitung? S\u00e4chsischer Corona-Untersuchungsausschuss beschlossen","og_description":"Der Corona-Untersuchungsausschuss diene in erster Linie der Vorbereitung auf k\u00fcnftige Pandemien, der Aufarbeitung der politischen Verantwortlichkeiten und der Befriedung der Gesellschaft, hei\u00dft es im Antrag der AfD. In den Medien wird die Zustimmung des Wagenknecht-B\u00fcndnisses skandalisiert. Der S\u00e4chsische Landtag beschloss am Freitag in einer Sondersitzung die Einsetzung eines Untersuchungsausschusses zur Aufarbeitung der COVID-19-Pandemie. Damit wurde [&hellip;]","og_url":"https:\/\/now-news.de\/de\/deutschland\/zur-besseren-pandemievorbereitung-saechsischer-corona-untersuchungsausschuss-beschlossen\/","og_site_name":"just-now.NEWS Deutschland","article_publisher":"https:\/\/www.facebook.com\/wirmachenauf","article_published_time":"2024-10-25T16:32:57+00:00","og_image":[{"url":"https:\/\/now-news.de\/de\/wp-content\/uploads\/sites\/3\/2024\/10\/671b93fdb480cc7bdf058439.png"}],"author":"rtnews","twitter_card":"summary_large_image","twitter_creator":"@WirMachenAuf_de","twitter_site":"@WirMachenAuf_de","twitter_misc":{"Verfasst von":"rtnews","Gesch\u00e4tzte Lesezeit":"3\u00a0Minuten"},"schema":{"@context":"https:\/\/schema.org","@graph":[{"@type":"Article","@id":"https:\/\/now-news.de\/de\/deutschland\/zur-besseren-pandemievorbereitung-saechsischer-corona-untersuchungsausschuss-beschlossen\/#article","isPartOf":{"@id":"https:\/\/now-news.de\/de\/deutschland\/zur-besseren-pandemievorbereitung-saechsischer-corona-untersuchungsausschuss-beschlossen\/"},"author":{"name":"rtnews","@id":"https:\/\/now-news.de\/de\/#\/schema\/person\/fb534a4e865501d8b3285208df34a9b5"},"headline":"Zur besseren Pandemievorbereitung? S\u00e4chsischer Corona-Untersuchungsausschuss beschlossen","datePublished":"2024-10-25T16:32:57+00:00","dateModified":"2024-10-25T16:32:57+00:00","mainEntityOfPage":{"@id":"https:\/\/now-news.de\/de\/deutschland\/zur-besseren-pandemievorbereitung-saechsischer-corona-untersuchungsausschuss-beschlossen\/"},"wordCount":611,"commentCount":0,"publisher":{"@id":"https:\/\/now-news.de\/de\/#organization"},"image":{"@id":"https:\/\/now-news.de\/de\/deutschland\/zur-besseren-pandemievorbereitung-saechsischer-corona-untersuchungsausschuss-beschlossen\/#primaryimage"},"thumbnailUrl":"https:\/\/now-news.de\/de\/wp-content\/uploads\/sites\/3\/2024\/10\/Zur-besseren-Pandemievorbereitung-Saechsischer-Corona-Untersuchungsausschuss-beschlossen.png","keywords":["beschlossen","besseren","CoronaUntersuchungsausschuss","Pandemievorbereitung","S\u00e4chsischer","zur"],"articleSection":["Deutschland","Russland"],"inLanguage":"de","potentialAction":[{"@type":"CommentAction","name":"Comment","target":["https:\/\/now-news.de\/de\/deutschland\/zur-besseren-pandemievorbereitung-saechsischer-corona-untersuchungsausschuss-beschlossen\/#respond"]}]},{"@type":"WebPage","@id":"https:\/\/now-news.de\/de\/deutschland\/zur-besseren-pandemievorbereitung-saechsischer-corona-untersuchungsausschuss-beschlossen\/","url":"https:\/\/now-news.de\/de\/deutschland\/zur-besseren-pandemievorbereitung-saechsischer-corona-untersuchungsausschuss-beschlossen\/","name":"Zur besseren Pandemievorbereitung? S\u00e4chsischer Corona-Untersuchungsausschuss beschlossen - just-now.NEWS Deutschland","isPartOf":{"@id":"https:\/\/now-news.de\/de\/#website"},"primaryImageOfPage":{"@id":"https:\/\/now-news.de\/de\/deutschland\/zur-besseren-pandemievorbereitung-saechsischer-corona-untersuchungsausschuss-beschlossen\/#primaryimage"},"image":{"@id":"https:\/\/now-news.de\/de\/deutschland\/zur-besseren-pandemievorbereitung-saechsischer-corona-untersuchungsausschuss-beschlossen\/#primaryimage"},"thumbnailUrl":"https:\/\/now-news.de\/de\/wp-content\/uploads\/sites\/3\/2024\/10\/Zur-besseren-Pandemievorbereitung-Saechsischer-Corona-Untersuchungsausschuss-beschlossen.png","datePublished":"2024-10-25T16:32:57+00:00","dateModified":"2024-10-25T16:32:57+00:00","breadcrumb":{"@id":"https:\/\/now-news.de\/de\/deutschland\/zur-besseren-pandemievorbereitung-saechsischer-corona-untersuchungsausschuss-beschlossen\/#breadcrumb"},"inLanguage":"de","potentialAction":[{"@type":"ReadAction","target":["https:\/\/now-news.de\/de\/deutschland\/zur-besseren-pandemievorbereitung-saechsischer-corona-untersuchungsausschuss-beschlossen\/"]}]},{"@type":"ImageObject","inLanguage":"de","@id":"https:\/\/now-news.de\/de\/deutschland\/zur-besseren-pandemievorbereitung-saechsischer-corona-untersuchungsausschuss-beschlossen\/#primaryimage","url":"https:\/\/now-news.de\/de\/wp-content\/uploads\/sites\/3\/2024\/10\/Zur-besseren-Pandemievorbereitung-Saechsischer-Corona-Untersuchungsausschuss-beschlossen.png","contentUrl":"https:\/\/now-news.de\/de\/wp-content\/uploads\/sites\/3\/2024\/10\/Zur-besseren-Pandemievorbereitung-Saechsischer-Corona-Untersuchungsausschuss-beschlossen.png","width":460,"height":259,"caption":"Zur besseren Pandemievorbereitung? S\u00e4chsischer Corona-Untersuchungsausschuss beschlossen"},{"@type":"BreadcrumbList","@id":"https:\/\/now-news.de\/de\/deutschland\/zur-besseren-pandemievorbereitung-saechsischer-corona-untersuchungsausschuss-beschlossen\/#breadcrumb","itemListElement":[{"@type":"ListItem","position":1,"name":"Home","item":"https:\/\/now-news.de\/de\/"},{"@type":"ListItem","position":2,"name":"Zur besseren Pandemievorbereitung? S\u00e4chsischer Corona-Untersuchungsausschuss beschlossen"}]},{"@type":"WebSite","@id":"https:\/\/now-news.de\/de\/#website","url":"https:\/\/now-news.de\/de\/","name":"just-now.NEWS Deutschland","description":"Das Portal f\u00fcr unzensierte Nachrichten aus der Welt","publisher":{"@id":"https:\/\/now-news.de\/de\/#organization"},"potentialAction":[{"@type":"SearchAction","target":{"@type":"EntryPoint","urlTemplate":"https:\/\/now-news.de\/de\/?s={search_term_string}"},"query-input":"required name=search_term_string"}],"inLanguage":"de"},{"@type":"Organization","@id":"https:\/\/now-news.de\/de\/#organization","name":"Just Now News","url":"https:\/\/now-news.de\/de\/","logo":{"@type":"ImageObject","inLanguage":"de","@id":"https:\/\/now-news.de\/de\/#\/schema\/logo\/image\/","url":"http:\/\/just-now.news\/de\/wp-content\/uploads\/sites\/3\/2022\/04\/logo500x500.jpg","contentUrl":"http:\/\/just-now.news\/de\/wp-content\/uploads\/sites\/3\/2022\/04\/logo500x500.jpg","width":500,"height":500,"caption":"Just Now News"},"image":{"@id":"https:\/\/now-news.de\/de\/#\/schema\/logo\/image\/"},"sameAs":["https:\/\/www.facebook.com\/wirmachenauf","https:\/\/x.com\/WirMachenAuf_de"]},{"@type":"Person","@id":"https:\/\/now-news.de\/de\/#\/schema\/person\/fb534a4e865501d8b3285208df34a9b5","name":"rtnews","image":{"@type":"ImageObject","inLanguage":"de","@id":"https:\/\/now-news.de\/de\/#\/schema\/person\/image\/","url":"https:\/\/secure.gravatar.com\/avatar\/82aafea7d8127119dd649515f56e2117?s=96&d=mm&r=g","contentUrl":"https:\/\/secure.gravatar.com\/avatar\/82aafea7d8127119dd649515f56e2117?s=96&d=mm&r=g","caption":"rtnews"},"url":"https:\/\/now-news.de\/de\/author\/rnews\/"}]}},"_links":{"self":[{"href":"https:\/\/now-news.de\/de\/wp-json\/wp\/v2\/posts\/71430"}],"collection":[{"href":"https:\/\/now-news.de\/de\/wp-json\/wp\/v2\/posts"}],"about":[{"href":"https:\/\/now-news.de\/de\/wp-json\/wp\/v2\/types\/post"}],"author":[{"embeddable":true,"href":"https:\/\/now-news.de\/de\/wp-json\/wp\/v2\/users\/3"}],"replies":[{"embeddable":true,"href":"https:\/\/now-news.de\/de\/wp-json\/wp\/v2\/comments?post=71430"}],"version-history":[{"count":0,"href":"https:\/\/now-news.de\/de\/wp-json\/wp\/v2\/posts\/71430\/revisions"}],"wp:featuredmedia":[{"embeddable":true,"href":"https:\/\/now-news.de\/de\/wp-json\/wp\/v2\/media\/71431"}],"wp:attachment":[{"href":"https:\/\/now-news.de\/de\/wp-json\/wp\/v2\/media?parent=71430"}],"wp:term":[{"taxonomy":"category","embeddable":true,"href":"https:\/\/now-news.de\/de\/wp-json\/wp\/v2\/categories?post=71430"},{"taxonomy":"post_tag","embeddable":true,"href":"https:\/\/now-news.de\/de\/wp-json\/wp\/v2\/tags?post=71430"}],"curies":[{"name":"wp","href":"https:\/\/api.w.org\/{rel}","templated":true}]}}