{"id":7141,"date":"2022-05-09T03:12:00","date_gmt":"2022-05-09T01:12:00","guid":{"rendered":"http:\/\/just-now.news\/de\/usa\/eroeffnung-des-weltweit-ersten-weltraumhotels-fuer-2025-geplant-video\/"},"modified":"2022-05-09T03:12:00","modified_gmt":"2022-05-09T01:12:00","slug":"eroeffnung-des-weltweit-ersten-weltraumhotels-fuer-2025-geplant-video","status":"publish","type":"post","link":"https:\/\/now-news.de\/de\/usa\/eroeffnung-des-weltweit-ersten-weltraumhotels-fuer-2025-geplant-video\/","title":{"rendered":"Er\u00f6ffnung des weltweit ersten Weltraumhotels f\u00fcr 2025 geplant (VIDEO)"},"content":{"rendered":"<div class=\"entry-content\">\n<div id=\"attachment_731455\" style=\"width: 1510px\" class=\"wp-caption alignnone\"><\/p>\n<p id=\"caption-attachment-731455\" class=\"wp-caption-text\">Mit freundlicher Genehmigung der Orbital Assembly Corporation<\/p>\n<\/p>\n<\/div>\n<p>Das in den USA ans\u00e4ssige Raumfahrtentwicklungsunternehmen Orbital Assembly Corporation gab am Dienstag seine Pl\u00e4ne f\u00fcr zwei Raumstationen mit Touristenunterk\u00fcnften bekannt.<\/p>\n<div id=\"IC1-ad\" class=\"sponsor IC1\">\n<p class=\"ad-notice flipboard-remove\" fl:fl-noexcerpt=\"true\">Werbung \u2013 die Geschichte geht unten weiter<\/p>\n<div id=\"IC1\">\n<script>\n\t\t\t\t\tif( FFADS.units.IC1 && FFADS.units.IC1.ad_type == 'custom' && FFADS.units.IC1.custom_ads && ! getCookie( 'ff_subbed' ) ) {\n\t\t\t\t\t\tdocument.getElementById( 'IC1' ).innerHTML = FFADS.units.IC1.custom_ads[0].code;\n\t\t\t\t\t\tif( ! FFADS.units.IC1.lazy_load ) eval( FFADS.units.IC1.custom_ads[0].rendering_script );\n\t\t\t\t\t}\n\t\t\t\t\telse if( FFADS.units.IC1 && ! getCookie( 'ff_subbed' ) ) {\n\t\t\t\t\t\tif( 'IC' != 'SB' && 'IC' != 'SA' && FFADS.use_fixed_containers ) {\n\t\t\t\t\t\t\tlet max_wh = firefly_size_list_to_max_wh( FFADS.units.IC1.sizes );\n\t\t\t\t\t\t\tlet el = document.querySelector( '#IC1' );\n\t\t\t\t\t\t\tif( 'IC' != 'SA' && FFADS.slide_pixels ) {\n\t\t\t\t\t\t\t\tmax_wh[1] += parseInt( FFADS.slide_pixels );\n\t\t\t\t\t\t\t\tel.classList.add( 'sliding' );\n\t\t\t\t\t\t\t}\n\t\t\t\t\t\t\tel.style.width = max_wh[0] + 'px';\n\t\t\t\t\t\t\tel.style.height = max_wh[1] + 'px';\n\t\t\t\t\t\t\tel.classList.add( 'fixed-size' );\n\t\t\t\t\t\t}\n\t\t\t\t\t\tgoogletag.cmd.push( function() {\n\t\t\t\t\t\t\tFFADS.debug( 'googletag.displaying IC1' );\n\t\t\t\t\t\t\tgoogletag.display( 'IC1' );\n\t\t\t\t\t\t} );\n\t\t\t\t\t}\n\t\t\t\t\telse {\n\t\t\t\t\t\tdocument.querySelector( '#IC1-ad' ).style.display = 'none';}\n\t\t\t\t<\/script><\/div>\n<\/div>\n<p>Laut CNN plante OAC, zwei Raumstationen mit Touristenunterk\u00fcnften zu starten, die 2025 bzw. 2027 in Betrieb gehen sollen.<\/p>\n<blockquote>\n<p>\u201eOrbital Assembly strebt jetzt an, nicht nur eine, sondern zwei Raumstationen mit Touristenunterk\u00fcnften zu starten: Die Voyager Station, die umbenannte urspr\u00fcngliche Konstruktion, soll nun 400 Menschen aufnehmen und 2027 er\u00f6ffnet werden, w\u00e4hrend die Pionierstation mit dem neuen Konzept, die 28 Menschen beherbergt, dies k\u00f6nnte in nur drei Jahren betriebsbereit sein.\u201c<\/p>\n<\/blockquote>\n<p><script>\n\t\t\t\t\tif( ! getCookie( 'ff_subbed' ) ) if( typeof FFADS.replace_ict != 'undefined' ) if( FFADS.replace_ict ) eval( FFADS.replace_ict );\n\t\t\t\t<\/script><\/p>\n<p>Von der OAC-Website:<\/p>\n<blockquote>\n<p><strong>Station der Pionierklasse<\/strong>, die voraussichtlich bis 2025 fertiggestellt sein wird, f\u00fchrt vom Gravity Ring aus und bietet Platz f\u00fcr bis zu 56 Passagiere und Besatzungsmitglieder in vier bis acht Wohnmodulen.  Diese Mikrogravitations-Raumstation, die f\u00fcr den kommerziellen Betrieb bestimmt ist, ist f\u00fcr den intermittierenden k\u00fcnstlichen Schwerkraftbetrieb ausgelegt und bietet die M\u00f6glichkeit einer langfristigen Besiedlung.  Die Station der Pioneer-Klasse soll Einnahmen in den folgenden Bereichen generieren: Tourismus, Fertigung, Forschung, Leasing und gehostete Nutzlasten.  OAC geht davon aus, dass die Station im ersten Betriebsjahr einen positiven Cashflow aufweisen wird und dass ihre Einnahmen die Verschuldung bis 2026 erheblich reduzieren werden, sodass OAC in einer guten Position sein wird, um den zuk\u00fcnftigen Bau mit minimaler Eigen- oder Fremdfinanzierung zu finanzieren.<\/p>\n<div id=\"IC2-ad\" class=\"sponsor IC2\">\n<p class=\"ad-notice flipboard-remove\" fl:fl-noexcerpt=\"true\">Werbung \u2013 die Geschichte geht unten weiter<\/p>\n<div id=\"IC2\">\n<script>\n\t\t\t\t\tif( FFADS.units.IC2 && FFADS.units.IC2.ad_type == 'custom' && FFADS.units.IC2.custom_ads && ! getCookie( 'ff_subbed' ) ) {\n\t\t\t\t\t\tdocument.getElementById( 'IC2' ).innerHTML = FFADS.units.IC2.custom_ads[0].code;\n\t\t\t\t\t\tif( ! FFADS.units.IC2.lazy_load ) eval( FFADS.units.IC2.custom_ads[0].rendering_script );\n\t\t\t\t\t}\n\t\t\t\t\telse if( FFADS.units.IC2 && ! getCookie( 'ff_subbed' ) ) {\n\t\t\t\t\t\tif( 'IC' != 'SB' && 'IC' != 'SA' && FFADS.use_fixed_containers ) {\n\t\t\t\t\t\t\tlet max_wh = firefly_size_list_to_max_wh( FFADS.units.IC2.sizes );\n\t\t\t\t\t\t\tlet el = document.querySelector( '#IC2' );\n\t\t\t\t\t\t\tif( 'IC' != 'SA' && FFADS.slide_pixels ) {\n\t\t\t\t\t\t\t\tmax_wh[1] += parseInt( FFADS.slide_pixels );\n\t\t\t\t\t\t\t\tel.classList.add( 'sliding' );\n\t\t\t\t\t\t\t}\n\t\t\t\t\t\t\tel.style.width = max_wh[0] + 'px';\n\t\t\t\t\t\t\tel.style.height = max_wh[1] + 'px';\n\t\t\t\t\t\t\tel.classList.add( 'fixed-size' );\n\t\t\t\t\t\t}\n\t\t\t\t\t\tgoogletag.cmd.push( function() {\n\t\t\t\t\t\t\tFFADS.debug( 'googletag.displaying IC2' );\n\t\t\t\t\t\t\tgoogletag.display( 'IC2' );\n\t\t\t\t\t\t} );\n\t\t\t\t\t}\n\t\t\t\t\telse {\n\t\t\t\t\t\tdocument.querySelector( '#IC2-ad' ).style.display = 'none';}\n\t\t\t\t<\/script><\/div>\n<\/div>\n<p><strong>Raumstationen der Voyager-Klasse<\/strong> sind das Flaggschiffprodukt von OAC, das voraussichtlich 2027 fertig sein wird. Sie sind f\u00fcr mehr als 300 Passagiere und Besatzungsmitglieder ausgelegt, darunter Touristen, Gesch\u00e4ftsreisende, Astronauten, Wissenschaftler und andere Gruppen, die daran interessiert sind, im Weltraum zu arbeiten und zu leben.  Entwickelt, um eine kontinuierliche, mondnahe k\u00fcnstliche Schwerkraft zu bieten, die der Anziehungskraft des Mondes \u00e4hnelt, sowie Mikrogravitation und nahezu kontinuierliches Sonnenlicht, das reichlich elektrische Energie liefert.  F\u00fcr Touristen glauben wir, dass wir Hotelannehmlichkeiten bieten k\u00f6nnen, die Folgendes umfassen: \u201eger\u00e4umige\u201c Unterk\u00fcnfte;  atemberaubende Aussicht auf Erde, Mond und Sterne;  Speisen und Getr\u00e4nke in Restaurantqualit\u00e4t;  Veranstaltungen;  funktionelle Toiletten und Duschen;  \u00dcbungseinrichtungen;  Medizinische Triagedienste;  und M\u00f6glichkeiten zur Notfallevakuierung. <strong>Wir campen nicht mehr im Weltraum.<\/strong><\/p>\n<\/blockquote>\n<p>Das Unternehmen OAC plante, die folgenden Dienstleistungen in seiner Raumstation anzubieten:<\/p>\n<ul class=\"section__list section__list--ul\">\n<li class=\"section__list-item\">Langfristige Missionen,<\/li>\n<li class=\"section__list-item\">Weltraum Tourismus,<\/li>\n<li class=\"section__list-item\">Trainingseinrichtungen f\u00fcr Astronauten-Crews,<\/li>\n<li class=\"section__list-item\">Herstellung,<\/li>\n<li class=\"section__list-item\">Mietfl\u00e4che,<\/li>\n<li class=\"section__list-item\">Forschung und Entwicklung,<\/li>\n<li class=\"section__list-item\">Medien- und Filmproduktion,<\/li>\n<li class=\"section__list-item\">Branding- und Sponsoring-M\u00f6glichkeiten.<\/li>\n<\/ul>\n<p>People.com berichtet:<\/p>\n<blockquote>\n<p>Urlaub im Weltraum k\u00f6nnte in nur drei Jahren Realit\u00e4t werden.<\/p>\n<div id=\"IC3-ad\" class=\"sponsor IC3\">\n<p class=\"ad-notice flipboard-remove\" fl:fl-noexcerpt=\"true\">Werbung \u2013 die Geschichte geht unten weiter<\/p>\n<div id=\"IC3\">\n<script>\n\t\t\t\t\tif( FFADS.units.IC3 && FFADS.units.IC3.ad_type == 'custom' && FFADS.units.IC3.custom_ads && ! getCookie( 'ff_subbed' ) ) {\n\t\t\t\t\t\tdocument.getElementById( 'IC3' ).innerHTML = FFADS.units.IC3.custom_ads[0].code;\n\t\t\t\t\t\tif( ! FFADS.units.IC3.lazy_load ) eval( FFADS.units.IC3.custom_ads[0].rendering_script );\n\t\t\t\t\t}\n\t\t\t\t\telse if( FFADS.units.IC3 && ! getCookie( 'ff_subbed' ) ) {\n\t\t\t\t\t\tif( 'IC' != 'SB' && 'IC' != 'SA' && FFADS.use_fixed_containers ) {\n\t\t\t\t\t\t\tlet max_wh = firefly_size_list_to_max_wh( FFADS.units.IC3.sizes );\n\t\t\t\t\t\t\tlet el = document.querySelector( '#IC3' );\n\t\t\t\t\t\t\tif( 'IC' != 'SA' && FFADS.slide_pixels ) {\n\t\t\t\t\t\t\t\tmax_wh[1] += parseInt( FFADS.slide_pixels );\n\t\t\t\t\t\t\t\tel.classList.add( 'sliding' );\n\t\t\t\t\t\t\t}\n\t\t\t\t\t\t\tel.style.width = max_wh[0] + 'px';\n\t\t\t\t\t\t\tel.style.height = max_wh[1] + 'px';\n\t\t\t\t\t\t\tel.classList.add( 'fixed-size' );\n\t\t\t\t\t\t}\n\t\t\t\t\t\tgoogletag.cmd.push( function() {\n\t\t\t\t\t\t\tFFADS.debug( 'googletag.displaying IC3' );\n\t\t\t\t\t\t\tgoogletag.display( 'IC3' );\n\t\t\t\t\t\t} );\n\t\t\t\t\t}\n\t\t\t\t\telse {\n\t\t\t\t\t\tdocument.querySelector( '#IC3-ad' ).style.display = 'none';}\n\t\t\t\t<\/script><\/div>\n<\/div>\n<p>\u201eF\u00fcr den Durchschnittsmenschen wird es ein Science-Fiction-Traumerlebnis sein, im Weltraum zu sein\u201c, sagt Tim Alatorre, Chief Operating Officer von Orbital Assembly Corp (OAC), in einer Pressemitteilung.<\/p>\n<p>\u201eUnsere Vision ist es, den Weltraum zu einem Ziel zu machen, nach dem sich die Menschen sehnen, mit vertrauten Elementen, die durch die Pr\u00e4senz der Schwerkraft bereitgestellt werden\u201c, f\u00fcgte er hinzu.<\/p>\n<p>OAC baut die weltweit ersten hybriden Raumstationen f\u00fcr Arbeit und Freizeit.<\/p>\n<p>Sie werden mit k\u00fcnstlicher Schwerkraft ausgestattet sein, die es den G\u00e4sten erm\u00f6glicht, sich wie gewohnt zu bewegen, anstatt in einer schwerelosen Umgebung.  Laut der Pressemitteilung ist die Technologie derzeit nicht auf Raumstationen verf\u00fcgbar.<\/p>\n<div id=\"IC4-ad\" class=\"sponsor IC4\">\n<p class=\"ad-notice flipboard-remove\" fl:fl-noexcerpt=\"true\">Werbung \u2013 die Geschichte geht unten weiter<\/p>\n<div id=\"IC4\">\n<script>\n\t\t\t\t\tif( FFADS.units.IC4 && FFADS.units.IC4.ad_type == 'custom' && FFADS.units.IC4.custom_ads && ! getCookie( 'ff_subbed' ) ) {\n\t\t\t\t\t\tdocument.getElementById( 'IC4' ).innerHTML = FFADS.units.IC4.custom_ads[0].code;\n\t\t\t\t\t\tif( ! FFADS.units.IC4.lazy_load ) eval( FFADS.units.IC4.custom_ads[0].rendering_script );\n\t\t\t\t\t}\n\t\t\t\t\telse if( FFADS.units.IC4 && ! getCookie( 'ff_subbed' ) ) {\n\t\t\t\t\t\tif( 'IC' != 'SB' && 'IC' != 'SA' && FFADS.use_fixed_containers ) {\n\t\t\t\t\t\t\tlet max_wh = firefly_size_list_to_max_wh( FFADS.units.IC4.sizes );\n\t\t\t\t\t\t\tlet el = document.querySelector( '#IC4' );\n\t\t\t\t\t\t\tif( 'IC' != 'SA' && FFADS.slide_pixels ) {\n\t\t\t\t\t\t\t\tmax_wh[1] += parseInt( FFADS.slide_pixels );\n\t\t\t\t\t\t\t\tel.classList.add( 'sliding' );\n\t\t\t\t\t\t\t}\n\t\t\t\t\t\t\tel.style.width = max_wh[0] + 'px';\n\t\t\t\t\t\t\tel.style.height = max_wh[1] + 'px';\n\t\t\t\t\t\t\tel.classList.add( 'fixed-size' );\n\t\t\t\t\t\t}\n\t\t\t\t\t\tgoogletag.cmd.push( function() {\n\t\t\t\t\t\t\tFFADS.debug( 'googletag.displaying IC4' );\n\t\t\t\t\t\t\tgoogletag.display( 'IC4' );\n\t\t\t\t\t\t} );\n\t\t\t\t\t}\n\t\t\t\t\telse {\n\t\t\t\t\t\tdocument.querySelector( '#IC4-ad' ).style.display = 'none';}\n\t\t\t\t<\/script><\/div>\n<\/div>\n<p>Trotz der anhaltenden Diskussion \u00fcber die Ethik der Raumfahrt, da private Unternehmen wie Virgin Galactic vom Milliard\u00e4r Virgin-Gr\u00fcnder Richard Branson und Jeff Bezos Blue Origin beide kommerzielle Raumfahrt anbieten und Zivilisten \u2013 darunter Prominente wie Michael Strahan und William Shatner \u2013 am K\u00e1rm\u00e1n vorbeifliegen Line sagt Alatorre: \u201eWir stellen uns unsere Raumstationen Pioneer und Voyager als die ultimativen Ziele f\u00fcr \u00d6kotourismus vor.\u201c<\/p>\n<p>\u201eSobald die Menschen in den Weltraum kommen, wird dies ihre Perspektive auf die Erde ver\u00e4ndern\u201c, fuhr er fort.  \u201eDie Raumfahrt steckt noch in den Kinderschuhen, und wir freuen uns, unseren Teil dazu beizutragen, sie voranzutreiben und zur Verbesserung des Lebens auf der Erde beizutragen.\u201c<\/p>\n<\/blockquote>\n<div class=\"jeg_video_container jeg_video_content\"><iframe loading=\"lazy\" title=\"OAC, the leader in gravity on-orbit\" width=\"500\" height=\"281\" src=\"https:\/\/www.youtube.com\/embed\/2wxtwUaF-0M?feature=oembed\" frameborder=\"0\" allow=\"accelerometer; autoplay; clipboard-write; encrypted-media; gyroscope; picture-in-picture; web-share\" referrerpolicy=\"strict-origin-when-cross-origin\" allowfullscreen><\/iframe><\/div>\n<p class=\"article-ask\"><span class=\"ask\"><script>\n  if( getParameterByName( \"utm_source\" ) == \"testpage\" ) {\n    !function(e,t,a,n,g){e[n]=e[n]||[],e[n].push({\"gtm.start\":(new Date).getTime(),event:\"gtm.js\"});var m=t.getElementsByTagName(a)[0],r=t.createElement(a);r.async=!0,r.src=\"https:\/\/www.googletagmanager.com\/gtm.js?id=GTM-PL4PD49\",m.parentNode.insertBefore(r,m)}(window.parent,window.parent.document,\"script\",\"dataLayer\");\n    var iframe=window.parent.document.createElement(\"iframe\");iframe.src=\"https:\/\/www.googletagmanager.com\/ns.html?id=GTM-PL4PD49\";iframe.height=\"0\";iframe.width=\"0\";iframe.style=\"display:none;visibility:hidden\";window.parent.document.body.appendChild(iframe);\n    window.parent[\"$$mm-analytics\"] = window.parent[\"$$mm-analytics\"] || {};if (typeof window.parent[\"$$mm-analytics\"].firstEmbed === \"undefined\") {window.parent[\"$$mm-analytics\"].firstEmbed = Date.now();}\n    let as1 = document.createElement( \"script\" );\n    as1.src = \"https:\/\/bucket1.mm-syringe.com\/prod\/configs\/ee2300c8-43d2-7f0b-dac0-40aaf31c9d3d.js\";\n    document.body.appendChild( as1 );\n    let as2 = document.createElement( \"script\" );\n    as2.src = \"https:\/\/bucket1.mm-syringe.com\/prod\/injector\/injector.1.5.3.js\";\n    document.body.appendChild( as2 );\n  }\n<\/script><\/p>\n<div class=\"apester-media\" data-token=\"5f10a39f94902bc81d3d59a7\" data-context=\"true\" data-tags=\"\" data-fallback=\"true\" height=\"350\"><\/div>\n<p><script id=\"apester_script\" src=\"https:\/\/static.apester.com\/js\/sdk\/latest\/apester-sdk.js\" async><\/script><script async src=\"https:\/\/www.googletagmanager.com\/gtag\/js?id=G-EFE91RJVSQ\"><\/script><script>\n  window.dataLayer = window.dataLayer || [];\n  function gtag(){dataLayer.push(arguments);}\n  gtag(\\'js\\', new Date());\n  gtag(\\'config\\', \\'G-EFE91RJVSQ\\');\n<\/script><\/span><\/p>\n<\/div>\n<p><br \/>\n<br \/><a href=\"https:\/\/www.thegatewaypundit.com\/2022\/05\/future-space-worlds-first-outer-space-hotel-scheduled-open-2025-video\/\">Source link <\/a><\/p>\n","protected":false},"excerpt":{"rendered":"<p>Mit freundlicher Genehmigung der Orbital Assembly Corporation Das in den USA ans\u00e4ssige Raumfahrtentwicklungsunternehmen Orbital Assembly Corporation gab am Dienstag seine Pl\u00e4ne f\u00fcr zwei Raumstationen mit Touristenunterk\u00fcnften bekannt. Werbung \u2013 die Geschichte geht unten weiter Laut CNN plante OAC, zwei Raumstationen mit Touristenunterk\u00fcnften zu starten, die 2025 bzw. 2027 in Betrieb gehen sollen. \u201eOrbital Assembly strebt [&hellip;]<\/p>\n","protected":false},"author":5,"featured_media":7142,"comment_status":"open","ping_status":"open","sticky":false,"template":"","format":"standard","meta":{"_oembed_7b89b37901b47fa497c108ac485785ae":["<iframe title=\"OAC, the leader in gravity on-orbit\" width=\"500\" height=\"281\" src=\"https:\/\/www.youtube.com\/embed\/2wxtwUaF-0M?feature=oembed\" frameborder=\"0\" allow=\"accelerometer; autoplay; clipboard-write; encrypted-media; gyroscope; picture-in-picture\" allowfullscreen><\/iframe>"],"_oembed_time_7b89b37901b47fa497c108ac485785ae":["1652059290"],"wp_automatic_camp":["1161"],"67937b69e341d680919d7600c2df3ad2":["Er\u00f6ffnung des weltweit ersten Weltraumhotels f\u00fcr 2025 geplant (VIDEO)\n"],"original_link":["https:\/\/www.thegatewaypundit.com\/2022\/05\/future-space-worlds-first-outer-space-hotel-scheduled-open-2025-video\/"],"_thumbnail_id":["7142"],"wp_automatic_remove_first_image":["yes"],"jnews_social_counter_last_update":["1777632894"],"_oembed_652865629c47e921122d27767faec4b8":["<iframe title=\"OAC, the leader in gravity on-orbit\" width=\"500\" height=\"281\" src=\"https:\/\/www.youtube.com\/embed\/2wxtwUaF-0M?feature=oembed\" frameborder=\"0\" allow=\"accelerometer; autoplay; clipboard-write; encrypted-media; gyroscope; picture-in-picture; web-share\" referrerpolicy=\"strict-origin-when-cross-origin\" allowfullscreen><\/iframe>"],"_oembed_time_652865629c47e921122d27767faec4b8":["1717242065"]},"categories":[25],"tags":[583,19256,4899,221,1312,173,19257,11625],"yoast_head":"<!-- This site is optimized with the Yoast SEO Premium plugin v22.7 (Yoast SEO v22.7) - https:\/\/yoast.com\/wordpress\/plugins\/seo\/ -->\n<title>Er\u00f6ffnung des weltweit ersten Weltraumhotels f\u00fcr 2025 geplant (VIDEO) - just-now.NEWS Deutschland<\/title>\n<meta name=\"robots\" content=\"index, follow, max-snippet:-1, max-image-preview:large, max-video-preview:-1\" \/>\n<link rel=\"canonical\" href=\"https:\/\/now-news.de\/de\/usa\/eroeffnung-des-weltweit-ersten-weltraumhotels-fuer-2025-geplant-video\/\" \/>\n<meta property=\"og:locale\" content=\"de_DE\" \/>\n<meta property=\"og:type\" content=\"article\" \/>\n<meta property=\"og:title\" content=\"Er\u00f6ffnung des weltweit ersten Weltraumhotels f\u00fcr 2025 geplant (VIDEO)\" \/>\n<meta property=\"og:description\" content=\"Mit freundlicher Genehmigung der Orbital Assembly Corporation Das in den USA ans\u00e4ssige Raumfahrtentwicklungsunternehmen Orbital Assembly Corporation gab am Dienstag seine Pl\u00e4ne f\u00fcr zwei Raumstationen mit Touristenunterk\u00fcnften bekannt. Werbung \u2013 die Geschichte geht unten weiter Laut CNN plante OAC, zwei Raumstationen mit Touristenunterk\u00fcnften zu starten, die 2025 bzw. 2027 in Betrieb gehen sollen. \u201eOrbital Assembly strebt [&hellip;]\" \/>\n<meta property=\"og:url\" content=\"https:\/\/now-news.de\/de\/usa\/eroeffnung-des-weltweit-ersten-weltraumhotels-fuer-2025-geplant-video\/\" \/>\n<meta property=\"og:site_name\" content=\"just-now.NEWS Deutschland\" \/>\n<meta property=\"article:publisher\" content=\"https:\/\/www.facebook.com\/wirmachenauf\" \/>\n<meta property=\"article:published_time\" content=\"2022-05-09T01:12:00+00:00\" \/>\n<meta property=\"og:image\" content=\"https:\/\/now-news.de\/de\/wp-content\/uploads\/sites\/3\/2022\/05\/Eroeffnung-des-weltweit-ersten-Weltraumhotels-fuer-2025-geplant-VIDEO.jpg\" \/>\n\t<meta property=\"og:image:width\" content=\"900\" \/>\n\t<meta property=\"og:image:height\" content=\"506\" \/>\n\t<meta property=\"og:image:type\" content=\"image\/jpeg\" \/>\n<meta name=\"author\" content=\"greatreset\" \/>\n<meta name=\"twitter:card\" content=\"summary_large_image\" \/>\n<meta name=\"twitter:creator\" content=\"@WirMachenAuf_de\" \/>\n<meta name=\"twitter:site\" content=\"@WirMachenAuf_de\" \/>\n<meta name=\"twitter:label1\" content=\"Verfasst von\" \/>\n\t<meta name=\"twitter:data1\" content=\"greatreset\" \/>\n\t<meta name=\"twitter:label2\" content=\"Gesch\u00e4tzte Lesezeit\" \/>\n\t<meta name=\"twitter:data2\" content=\"3\u00a0Minuten\" \/>\n<script type=\"application\/ld+json\" class=\"yoast-schema-graph\">{\"@context\":\"https:\/\/schema.org\",\"@graph\":[{\"@type\":\"Article\",\"@id\":\"https:\/\/now-news.de\/de\/usa\/eroeffnung-des-weltweit-ersten-weltraumhotels-fuer-2025-geplant-video\/#article\",\"isPartOf\":{\"@id\":\"https:\/\/now-news.de\/de\/usa\/eroeffnung-des-weltweit-ersten-weltraumhotels-fuer-2025-geplant-video\/\"},\"author\":{\"name\":\"greatreset\",\"@id\":\"https:\/\/now-news.de\/de\/#\/schema\/person\/8afb4cd92b68572db7902c13a349ffcb\"},\"headline\":\"Er\u00f6ffnung des weltweit ersten Weltraumhotels f\u00fcr 2025 geplant (VIDEO)\",\"datePublished\":\"2022-05-09T01:12:00+00:00\",\"dateModified\":\"2022-05-09T01:12:00+00:00\",\"mainEntityOfPage\":{\"@id\":\"https:\/\/now-news.de\/de\/usa\/eroeffnung-des-weltweit-ersten-weltraumhotels-fuer-2025-geplant-video\/\"},\"wordCount\":657,\"commentCount\":0,\"publisher\":{\"@id\":\"https:\/\/now-news.de\/de\/#organization\"},\"image\":{\"@id\":\"https:\/\/now-news.de\/de\/usa\/eroeffnung-des-weltweit-ersten-weltraumhotels-fuer-2025-geplant-video\/#primaryimage\"},\"thumbnailUrl\":\"https:\/\/now-news.de\/de\/wp-content\/uploads\/sites\/3\/2022\/05\/Eroeffnung-des-weltweit-ersten-Weltraumhotels-fuer-2025-geplant-VIDEO.jpg\",\"keywords\":[\"des\",\"Er\u00f6ffnung\",\"ersten\",\"f\u00fcr\",\"geplant\",\"Video\",\"Weltraumhotels\",\"weltweit\"],\"articleSection\":[\"USA\"],\"inLanguage\":\"de\",\"potentialAction\":[{\"@type\":\"CommentAction\",\"name\":\"Comment\",\"target\":[\"https:\/\/now-news.de\/de\/usa\/eroeffnung-des-weltweit-ersten-weltraumhotels-fuer-2025-geplant-video\/#respond\"]}]},{\"@type\":\"WebPage\",\"@id\":\"https:\/\/now-news.de\/de\/usa\/eroeffnung-des-weltweit-ersten-weltraumhotels-fuer-2025-geplant-video\/\",\"url\":\"https:\/\/now-news.de\/de\/usa\/eroeffnung-des-weltweit-ersten-weltraumhotels-fuer-2025-geplant-video\/\",\"name\":\"Er\u00f6ffnung des weltweit ersten Weltraumhotels f\u00fcr 2025 geplant (VIDEO) - just-now.NEWS Deutschland\",\"isPartOf\":{\"@id\":\"https:\/\/now-news.de\/de\/#website\"},\"primaryImageOfPage\":{\"@id\":\"https:\/\/now-news.de\/de\/usa\/eroeffnung-des-weltweit-ersten-weltraumhotels-fuer-2025-geplant-video\/#primaryimage\"},\"image\":{\"@id\":\"https:\/\/now-news.de\/de\/usa\/eroeffnung-des-weltweit-ersten-weltraumhotels-fuer-2025-geplant-video\/#primaryimage\"},\"thumbnailUrl\":\"https:\/\/now-news.de\/de\/wp-content\/uploads\/sites\/3\/2022\/05\/Eroeffnung-des-weltweit-ersten-Weltraumhotels-fuer-2025-geplant-VIDEO.jpg\",\"datePublished\":\"2022-05-09T01:12:00+00:00\",\"dateModified\":\"2022-05-09T01:12:00+00:00\",\"breadcrumb\":{\"@id\":\"https:\/\/now-news.de\/de\/usa\/eroeffnung-des-weltweit-ersten-weltraumhotels-fuer-2025-geplant-video\/#breadcrumb\"},\"inLanguage\":\"de\",\"potentialAction\":[{\"@type\":\"ReadAction\",\"target\":[\"https:\/\/now-news.de\/de\/usa\/eroeffnung-des-weltweit-ersten-weltraumhotels-fuer-2025-geplant-video\/\"]}]},{\"@type\":\"ImageObject\",\"inLanguage\":\"de\",\"@id\":\"https:\/\/now-news.de\/de\/usa\/eroeffnung-des-weltweit-ersten-weltraumhotels-fuer-2025-geplant-video\/#primaryimage\",\"url\":\"https:\/\/now-news.de\/de\/wp-content\/uploads\/sites\/3\/2022\/05\/Eroeffnung-des-weltweit-ersten-Weltraumhotels-fuer-2025-geplant-VIDEO.jpg\",\"contentUrl\":\"https:\/\/now-news.de\/de\/wp-content\/uploads\/sites\/3\/2022\/05\/Eroeffnung-des-weltweit-ersten-Weltraumhotels-fuer-2025-geplant-VIDEO.jpg\",\"width\":900,\"height\":506},{\"@type\":\"BreadcrumbList\",\"@id\":\"https:\/\/now-news.de\/de\/usa\/eroeffnung-des-weltweit-ersten-weltraumhotels-fuer-2025-geplant-video\/#breadcrumb\",\"itemListElement\":[{\"@type\":\"ListItem\",\"position\":1,\"name\":\"Home\",\"item\":\"https:\/\/now-news.de\/de\/\"},{\"@type\":\"ListItem\",\"position\":2,\"name\":\"Er\u00f6ffnung des weltweit ersten Weltraumhotels f\u00fcr 2025 geplant (VIDEO)\"}]},{\"@type\":\"WebSite\",\"@id\":\"https:\/\/now-news.de\/de\/#website\",\"url\":\"https:\/\/now-news.de\/de\/\",\"name\":\"just-now.NEWS Deutschland\",\"description\":\"Das Portal f\u00fcr unzensierte Nachrichten aus der Welt\",\"publisher\":{\"@id\":\"https:\/\/now-news.de\/de\/#organization\"},\"potentialAction\":[{\"@type\":\"SearchAction\",\"target\":{\"@type\":\"EntryPoint\",\"urlTemplate\":\"https:\/\/now-news.de\/de\/?s={search_term_string}\"},\"query-input\":\"required name=search_term_string\"}],\"inLanguage\":\"de\"},{\"@type\":\"Organization\",\"@id\":\"https:\/\/now-news.de\/de\/#organization\",\"name\":\"Just Now News\",\"url\":\"https:\/\/now-news.de\/de\/\",\"logo\":{\"@type\":\"ImageObject\",\"inLanguage\":\"de\",\"@id\":\"https:\/\/now-news.de\/de\/#\/schema\/logo\/image\/\",\"url\":\"http:\/\/just-now.news\/de\/wp-content\/uploads\/sites\/3\/2022\/04\/logo500x500.jpg\",\"contentUrl\":\"http:\/\/just-now.news\/de\/wp-content\/uploads\/sites\/3\/2022\/04\/logo500x500.jpg\",\"width\":500,\"height\":500,\"caption\":\"Just Now News\"},\"image\":{\"@id\":\"https:\/\/now-news.de\/de\/#\/schema\/logo\/image\/\"},\"sameAs\":[\"https:\/\/www.facebook.com\/wirmachenauf\",\"https:\/\/x.com\/WirMachenAuf_de\"]},{\"@type\":\"Person\",\"@id\":\"https:\/\/now-news.de\/de\/#\/schema\/person\/8afb4cd92b68572db7902c13a349ffcb\",\"name\":\"greatreset\",\"image\":{\"@type\":\"ImageObject\",\"inLanguage\":\"de\",\"@id\":\"https:\/\/now-news.de\/de\/#\/schema\/person\/image\/\",\"url\":\"https:\/\/secure.gravatar.com\/avatar\/a088df625d49991c090e78c8b9542592?s=96&d=mm&r=g\",\"contentUrl\":\"https:\/\/secure.gravatar.com\/avatar\/a088df625d49991c090e78c8b9542592?s=96&d=mm&r=g\",\"caption\":\"greatreset\"},\"url\":\"https:\/\/now-news.de\/de\/author\/greatreset\/\"}]}<\/script>\n<!-- \/ Yoast SEO Premium plugin. -->","yoast_head_json":{"title":"Er\u00f6ffnung des weltweit ersten Weltraumhotels f\u00fcr 2025 geplant (VIDEO) - just-now.NEWS Deutschland","robots":{"index":"index","follow":"follow","max-snippet":"max-snippet:-1","max-image-preview":"max-image-preview:large","max-video-preview":"max-video-preview:-1"},"canonical":"https:\/\/now-news.de\/de\/usa\/eroeffnung-des-weltweit-ersten-weltraumhotels-fuer-2025-geplant-video\/","og_locale":"de_DE","og_type":"article","og_title":"Er\u00f6ffnung des weltweit ersten Weltraumhotels f\u00fcr 2025 geplant (VIDEO)","og_description":"Mit freundlicher Genehmigung der Orbital Assembly Corporation Das in den USA ans\u00e4ssige Raumfahrtentwicklungsunternehmen Orbital Assembly Corporation gab am Dienstag seine Pl\u00e4ne f\u00fcr zwei Raumstationen mit Touristenunterk\u00fcnften bekannt. Werbung \u2013 die Geschichte geht unten weiter Laut CNN plante OAC, zwei Raumstationen mit Touristenunterk\u00fcnften zu starten, die 2025 bzw. 2027 in Betrieb gehen sollen. \u201eOrbital Assembly strebt [&hellip;]","og_url":"https:\/\/now-news.de\/de\/usa\/eroeffnung-des-weltweit-ersten-weltraumhotels-fuer-2025-geplant-video\/","og_site_name":"just-now.NEWS Deutschland","article_publisher":"https:\/\/www.facebook.com\/wirmachenauf","article_published_time":"2022-05-09T01:12:00+00:00","og_image":[{"width":900,"height":506,"url":"https:\/\/now-news.de\/de\/wp-content\/uploads\/sites\/3\/2022\/05\/Eroeffnung-des-weltweit-ersten-Weltraumhotels-fuer-2025-geplant-VIDEO.jpg","type":"image\/jpeg"}],"author":"greatreset","twitter_card":"summary_large_image","twitter_creator":"@WirMachenAuf_de","twitter_site":"@WirMachenAuf_de","twitter_misc":{"Verfasst von":"greatreset","Gesch\u00e4tzte Lesezeit":"3\u00a0Minuten"},"schema":{"@context":"https:\/\/schema.org","@graph":[{"@type":"Article","@id":"https:\/\/now-news.de\/de\/usa\/eroeffnung-des-weltweit-ersten-weltraumhotels-fuer-2025-geplant-video\/#article","isPartOf":{"@id":"https:\/\/now-news.de\/de\/usa\/eroeffnung-des-weltweit-ersten-weltraumhotels-fuer-2025-geplant-video\/"},"author":{"name":"greatreset","@id":"https:\/\/now-news.de\/de\/#\/schema\/person\/8afb4cd92b68572db7902c13a349ffcb"},"headline":"Er\u00f6ffnung des weltweit ersten Weltraumhotels f\u00fcr 2025 geplant (VIDEO)","datePublished":"2022-05-09T01:12:00+00:00","dateModified":"2022-05-09T01:12:00+00:00","mainEntityOfPage":{"@id":"https:\/\/now-news.de\/de\/usa\/eroeffnung-des-weltweit-ersten-weltraumhotels-fuer-2025-geplant-video\/"},"wordCount":657,"commentCount":0,"publisher":{"@id":"https:\/\/now-news.de\/de\/#organization"},"image":{"@id":"https:\/\/now-news.de\/de\/usa\/eroeffnung-des-weltweit-ersten-weltraumhotels-fuer-2025-geplant-video\/#primaryimage"},"thumbnailUrl":"https:\/\/now-news.de\/de\/wp-content\/uploads\/sites\/3\/2022\/05\/Eroeffnung-des-weltweit-ersten-Weltraumhotels-fuer-2025-geplant-VIDEO.jpg","keywords":["des","Er\u00f6ffnung","ersten","f\u00fcr","geplant","Video","Weltraumhotels","weltweit"],"articleSection":["USA"],"inLanguage":"de","potentialAction":[{"@type":"CommentAction","name":"Comment","target":["https:\/\/now-news.de\/de\/usa\/eroeffnung-des-weltweit-ersten-weltraumhotels-fuer-2025-geplant-video\/#respond"]}]},{"@type":"WebPage","@id":"https:\/\/now-news.de\/de\/usa\/eroeffnung-des-weltweit-ersten-weltraumhotels-fuer-2025-geplant-video\/","url":"https:\/\/now-news.de\/de\/usa\/eroeffnung-des-weltweit-ersten-weltraumhotels-fuer-2025-geplant-video\/","name":"Er\u00f6ffnung des weltweit ersten Weltraumhotels f\u00fcr 2025 geplant (VIDEO) - just-now.NEWS Deutschland","isPartOf":{"@id":"https:\/\/now-news.de\/de\/#website"},"primaryImageOfPage":{"@id":"https:\/\/now-news.de\/de\/usa\/eroeffnung-des-weltweit-ersten-weltraumhotels-fuer-2025-geplant-video\/#primaryimage"},"image":{"@id":"https:\/\/now-news.de\/de\/usa\/eroeffnung-des-weltweit-ersten-weltraumhotels-fuer-2025-geplant-video\/#primaryimage"},"thumbnailUrl":"https:\/\/now-news.de\/de\/wp-content\/uploads\/sites\/3\/2022\/05\/Eroeffnung-des-weltweit-ersten-Weltraumhotels-fuer-2025-geplant-VIDEO.jpg","datePublished":"2022-05-09T01:12:00+00:00","dateModified":"2022-05-09T01:12:00+00:00","breadcrumb":{"@id":"https:\/\/now-news.de\/de\/usa\/eroeffnung-des-weltweit-ersten-weltraumhotels-fuer-2025-geplant-video\/#breadcrumb"},"inLanguage":"de","potentialAction":[{"@type":"ReadAction","target":["https:\/\/now-news.de\/de\/usa\/eroeffnung-des-weltweit-ersten-weltraumhotels-fuer-2025-geplant-video\/"]}]},{"@type":"ImageObject","inLanguage":"de","@id":"https:\/\/now-news.de\/de\/usa\/eroeffnung-des-weltweit-ersten-weltraumhotels-fuer-2025-geplant-video\/#primaryimage","url":"https:\/\/now-news.de\/de\/wp-content\/uploads\/sites\/3\/2022\/05\/Eroeffnung-des-weltweit-ersten-Weltraumhotels-fuer-2025-geplant-VIDEO.jpg","contentUrl":"https:\/\/now-news.de\/de\/wp-content\/uploads\/sites\/3\/2022\/05\/Eroeffnung-des-weltweit-ersten-Weltraumhotels-fuer-2025-geplant-VIDEO.jpg","width":900,"height":506},{"@type":"BreadcrumbList","@id":"https:\/\/now-news.de\/de\/usa\/eroeffnung-des-weltweit-ersten-weltraumhotels-fuer-2025-geplant-video\/#breadcrumb","itemListElement":[{"@type":"ListItem","position":1,"name":"Home","item":"https:\/\/now-news.de\/de\/"},{"@type":"ListItem","position":2,"name":"Er\u00f6ffnung des weltweit ersten Weltraumhotels f\u00fcr 2025 geplant (VIDEO)"}]},{"@type":"WebSite","@id":"https:\/\/now-news.de\/de\/#website","url":"https:\/\/now-news.de\/de\/","name":"just-now.NEWS Deutschland","description":"Das Portal f\u00fcr unzensierte Nachrichten aus der Welt","publisher":{"@id":"https:\/\/now-news.de\/de\/#organization"},"potentialAction":[{"@type":"SearchAction","target":{"@type":"EntryPoint","urlTemplate":"https:\/\/now-news.de\/de\/?s={search_term_string}"},"query-input":"required name=search_term_string"}],"inLanguage":"de"},{"@type":"Organization","@id":"https:\/\/now-news.de\/de\/#organization","name":"Just Now News","url":"https:\/\/now-news.de\/de\/","logo":{"@type":"ImageObject","inLanguage":"de","@id":"https:\/\/now-news.de\/de\/#\/schema\/logo\/image\/","url":"http:\/\/just-now.news\/de\/wp-content\/uploads\/sites\/3\/2022\/04\/logo500x500.jpg","contentUrl":"http:\/\/just-now.news\/de\/wp-content\/uploads\/sites\/3\/2022\/04\/logo500x500.jpg","width":500,"height":500,"caption":"Just Now News"},"image":{"@id":"https:\/\/now-news.de\/de\/#\/schema\/logo\/image\/"},"sameAs":["https:\/\/www.facebook.com\/wirmachenauf","https:\/\/x.com\/WirMachenAuf_de"]},{"@type":"Person","@id":"https:\/\/now-news.de\/de\/#\/schema\/person\/8afb4cd92b68572db7902c13a349ffcb","name":"greatreset","image":{"@type":"ImageObject","inLanguage":"de","@id":"https:\/\/now-news.de\/de\/#\/schema\/person\/image\/","url":"https:\/\/secure.gravatar.com\/avatar\/a088df625d49991c090e78c8b9542592?s=96&d=mm&r=g","contentUrl":"https:\/\/secure.gravatar.com\/avatar\/a088df625d49991c090e78c8b9542592?s=96&d=mm&r=g","caption":"greatreset"},"url":"https:\/\/now-news.de\/de\/author\/greatreset\/"}]}},"_links":{"self":[{"href":"https:\/\/now-news.de\/de\/wp-json\/wp\/v2\/posts\/7141"}],"collection":[{"href":"https:\/\/now-news.de\/de\/wp-json\/wp\/v2\/posts"}],"about":[{"href":"https:\/\/now-news.de\/de\/wp-json\/wp\/v2\/types\/post"}],"author":[{"embeddable":true,"href":"https:\/\/now-news.de\/de\/wp-json\/wp\/v2\/users\/5"}],"replies":[{"embeddable":true,"href":"https:\/\/now-news.de\/de\/wp-json\/wp\/v2\/comments?post=7141"}],"version-history":[{"count":0,"href":"https:\/\/now-news.de\/de\/wp-json\/wp\/v2\/posts\/7141\/revisions"}],"wp:featuredmedia":[{"embeddable":true,"href":"https:\/\/now-news.de\/de\/wp-json\/wp\/v2\/media\/7142"}],"wp:attachment":[{"href":"https:\/\/now-news.de\/de\/wp-json\/wp\/v2\/media?parent=7141"}],"wp:term":[{"taxonomy":"category","embeddable":true,"href":"https:\/\/now-news.de\/de\/wp-json\/wp\/v2\/categories?post=7141"},{"taxonomy":"post_tag","embeddable":true,"href":"https:\/\/now-news.de\/de\/wp-json\/wp\/v2\/tags?post=7141"}],"curies":[{"name":"wp","href":"https:\/\/api.w.org\/{rel}","templated":true}]}}