{"id":71382,"date":"2024-10-24T20:33:09","date_gmt":"2024-10-24T18:33:09","guid":{"rendered":"https:\/\/now-news.de\/de\/deutschland\/bill-gates-muss-wegen-impfstoffklage-vor-niederlaendischem-gericht-antreten\/"},"modified":"2024-10-24T20:33:09","modified_gmt":"2024-10-24T18:33:09","slug":"bill-gates-muss-wegen-impfstoffklage-vor-niederlaendischem-gericht-antreten","status":"publish","type":"post","link":"https:\/\/now-news.de\/de\/deutschland\/bill-gates-muss-wegen-impfstoffklage-vor-niederlaendischem-gericht-antreten\/","title":{"rendered":"Bill Gates muss wegen Impfstoffklage vor niederl\u00e4ndischem Gericht antreten"},"content":{"rendered":"<p><img decoding=\"async\" src=\"https:\/\/now-news.de\/de\/wp-content\/uploads\/sites\/3\/2024\/10\/671a88d248fbef4a4544b5ac.jpg\" \/><\/p>\n<div class=\"Text-root Text-type_1 \">\n                Ein Gericht verurteilte den amerikanischen Tech-Unternehmer Bill Gates zur Anwesenheitspflicht bei einem Prozess gegen ihn und 14 andere Angeklagte in den Niederlanden. Sieben Kl\u00e4ger werfen den Angeklagten vor, diese h\u00e4tten gewusst, dass der Corona-Impfstoff weder sicher noch wirksam ist.\n            <\/div>\n<p><\/p>\n<div class=\"Text-root Text-type_5 ArticleView-text ViewText-root \">\n<p>In den Niederlanden haben sieben Kl\u00e4ger gegen den US-Unternehmer Bill Gates, den ehemaligen Premierminister Mark Rutte, den ehemaligen Minister Hugo de Jonge und mehrere Mitglieder des &#8220;Outbreak Management Teams&#8221; Klage erhoben.<\/p>\n<p>Dabei wird Bill Gates vorgeworfen, er habe \u00fcber die Bill &amp; Melinda Gates Foundation und das World Economic Forum (WEF) gewusst, dass die COVID-19-Impfstoffe nicht &#8220;sicher und wirksam&#8221; sind. Aufgrund ihres Wissens um die Probleme mit dem Impfstoff h\u00e4tten Gates und andere die \u00d6ffentlichkeit &#8220;absichtlich&#8221; in die Irre gef\u00fchrt, erl\u00e4utert die US-Nachrichtenplattform <a rel=\"nofollow noopener\" target=\"_blank\" href=\"https:\/\/americanfaith.com\/bill-gates-to-appear-before-dutch-court-in-vaccine-injury-lawsuit\/\">American Faith<\/a> die Klage am Donnerstag unter Bezugnahme auf die niederl\u00e4ndische Zeitung <a rel=\"nofollow noopener\" target=\"_blank\" href=\"https:\/\/www.telegraaf.nl\/nieuws\/1389972873\/rechtszaak-bill-gates-om-vaccinatieschade-gaat-door-rechters-vinden-zich-bevoegd\">De Telegraaf<\/a>.<\/p>\n<p>Die Kl\u00e4ger h\u00e4tten erkl\u00e4rt, sie verklagten Bill Gates und niederl\u00e4ndische Regierungsbeamte, weil sie &#8220;infolge dieser Injektionen psychische und physische Sch\u00e4den erlitten&#8221;. Laut Auffassung der niederl\u00e4ndischen Kl\u00e4ger wurde die Corona-Pandemie als Baustein eines umfassenden WEF-Umstrukturierungsplans namens &#8220;Great Reset&#8221; durchgef\u00fchrt. Im <a rel=\"nofollow noopener\" target=\"_blank\" href=\"https:\/\/zebrainspiratie.nl\/wp-content\/uploads\/Vonnis-in-incident-16-10-2024_Engels_Geredigeerd.pdf\">diesbez\u00fcglichen Gerichtsdokument<\/a>, in dem das Urteil f\u00fcr die Anwesenheitspflicht von Bill Gates begr\u00fcndet wird, hei\u00dft es zum Great-Reset-Plan:<\/p>\n<blockquote>\n<p><em>&#8220;Im Rahmen dieser Umstrukturierung werden alle f\u00fcr das menschliche Leben ausschlaggebenden Faktoren vom WEF und der UNO zum Gegenstand einer erzwungenen Ver\u00e4nderung gemacht.&#8221;<\/em><\/p>\n<\/blockquote>\n<p>Es sei &#8220;charakteristisch f\u00fcr diese politische Ideologie, dass diese erzwungene und geplante Ver\u00e4nderung als gerechtfertigt dargestellt wird&#8221;. Dabei werde so getan, als ob die Welt unter gro\u00dfen Krisen leidet, die nur durch eine zentralisierte, harte globale Intervention gel\u00f6st werden k\u00f6nne. Bei der Corona-Pandemie habe es sich um so eine vorget\u00e4uschte Krise gehandelt. Im Gerichtsdokument hei\u00dft es wortw\u00f6rtlich dazu:<\/p>\n<blockquote>\n<p><em>&#8220;Eine dieser vorget\u00e4uschten gro\u00dfen Krisen betrifft die COVID-19-Pandemie.&#8221;<\/em><\/p>\n<\/blockquote>\n<p>Zun\u00e4chst hatte Gates die Zust\u00e4ndigkeit des niederl\u00e4ndischen Gerichts f\u00fcr seine Person bestritten. Seiner Auffassung nach k\u00f6nne das Gericht in den Niederlanden ihn nicht zur Anwesenheit verurteilen, da er US-amerikanischer Staatsb\u00fcrger sei. Im Gerichtsdokument wird diese Frage ausgef\u00fchrt:<\/p>\n<p>&#8220;Der Streit in diesem Fall dreht sich um die Frage, ob dieses Gericht f\u00fcr die von [geschw\u00e4rzt] et al. gegen Gates im Hauptverfahren erhobenen Klagen zust\u00e4ndig ist [\u2026] Gates hat seinen Wohnsitz in den Vereinigten Staaten. Es gibt keinen Vertrag zwischen den Niederlanden und den Vereinigten Staaten, der Vorschriften \u00fcber die Zust\u00e4ndigkeit in Zivil- und Handelssachen wie den hier in Rede stehenden enth\u00e4lt. Die Frage, ob das niederl\u00e4ndische Gericht f\u00fcr Gates zust\u00e4ndig ist, muss daher auf der Grundlage des allgemeinen internationalen Zust\u00e4ndigkeitsrechts beantwortet werden, wie es unter anderem in den Artikeln 1-14 der Zivilprozessordnung niedergelegt ist.&#8221;<\/p>\n<p>Danach kam das Gericht zur Entscheidung, dass es sehr wohl f\u00fcr Gates zust\u00e4ndig ist. Laut Angaben im Urteilsdokument ist Gates aufgrund des &#8220;Zusammenhangs zwischen den Anspr\u00fcchen gegen die verschiedenen Beklagten&#8221; dem niederl\u00e4ndischen Gericht unterstellt. Au\u00dferdem wird er dazu verpflichtet, die Anwaltskosten von 1.406,00 Euro zu bezahlen. Eine Anh\u00f6rung ist f\u00fcr den 27. November 2024 anberaumt worden.<\/p>\n<p><strong>Mehr zum Thema<\/strong>\u00a0\u2012 <a rel=\"nofollow noopener\" target=\"_blank\" href=\"https:\/\/dert.online\/inland\/222510-repraesentative-forsa-umfrage-19-prozent\/\">Forsa-Umfrage: 19 Prozent der Deutschen erlitten Nebenwirkungen nach &#8220;COVID-Impfung&#8221;<\/a><\/p>\n<\/p>\n<\/div>\n<p><br \/>\n<br \/><a href=\"https:\/\/de.rt.com\/international\/223576-bill-gates-muss-wegen-impfstoffklage\/\">Source link <\/a><\/p>\n","protected":false},"excerpt":{"rendered":"<p>Ein Gericht verurteilte den amerikanischen Tech-Unternehmer Bill Gates zur Anwesenheitspflicht bei einem Prozess gegen ihn und 14 andere Angeklagte in den Niederlanden. Sieben Kl\u00e4ger werfen den Angeklagten vor, diese h\u00e4tten gewusst, dass der Corona-Impfstoff weder sicher noch wirksam ist. In den Niederlanden haben sieben Kl\u00e4ger gegen den US-Unternehmer Bill Gates, den ehemaligen Premierminister Mark Rutte, [&hellip;]<\/p>\n","protected":false},"author":3,"featured_media":71383,"comment_status":"open","ping_status":"open","sticky":false,"template":"","format":"standard","meta":{"_yoast_indexnow_last_ping":["1729795486"],"wp_automatic_camp":["217"],"6f5fc532a052038f59a38dd280b92dff":["Bill Gates muss wegen Impfstoffklage vor niederl\u00e4ndischem Gericht antreten"],"original_link":["https:\/\/de.rt.com\/international\/223576-bill-gates-muss-wegen-impfstoffklage\/"],"_thumbnail_id":["71383"],"jnews_social_counter_last_update":["1777366239"],"_wptgpro_p2tg_sent2tg":["a:1:{i:23737;s:19:\"2024-10-24 20:45:48\";}"]},"categories":[19,23],"tags":[29984,4871,5783,3348,59731,534,27630,320,145],"yoast_head":"<!-- This site is optimized with the Yoast SEO Premium plugin v22.7 (Yoast SEO v22.7) - https:\/\/yoast.com\/wordpress\/plugins\/seo\/ -->\n<title>Bill Gates muss wegen Impfstoffklage vor niederl\u00e4ndischem Gericht antreten - just-now.NEWS Deutschland<\/title>\n<meta name=\"robots\" content=\"index, follow, max-snippet:-1, max-image-preview:large, max-video-preview:-1\" \/>\n<link rel=\"canonical\" href=\"https:\/\/now-news.de\/de\/deutschland\/bill-gates-muss-wegen-impfstoffklage-vor-niederlaendischem-gericht-antreten\/\" \/>\n<meta property=\"og:locale\" content=\"de_DE\" \/>\n<meta property=\"og:type\" content=\"article\" \/>\n<meta property=\"og:title\" content=\"Bill Gates muss wegen Impfstoffklage vor niederl\u00e4ndischem Gericht antreten\" \/>\n<meta property=\"og:description\" content=\"Ein Gericht verurteilte den amerikanischen Tech-Unternehmer Bill Gates zur Anwesenheitspflicht bei einem Prozess gegen ihn und 14 andere Angeklagte in den Niederlanden. Sieben Kl\u00e4ger werfen den Angeklagten vor, diese h\u00e4tten gewusst, dass der Corona-Impfstoff weder sicher noch wirksam ist. In den Niederlanden haben sieben Kl\u00e4ger gegen den US-Unternehmer Bill Gates, den ehemaligen Premierminister Mark Rutte, [&hellip;]\" \/>\n<meta property=\"og:url\" content=\"https:\/\/now-news.de\/de\/deutschland\/bill-gates-muss-wegen-impfstoffklage-vor-niederlaendischem-gericht-antreten\/\" \/>\n<meta property=\"og:site_name\" content=\"just-now.NEWS Deutschland\" \/>\n<meta property=\"article:publisher\" content=\"https:\/\/www.facebook.com\/wirmachenauf\" \/>\n<meta property=\"article:published_time\" content=\"2024-10-24T18:33:09+00:00\" \/>\n<meta property=\"og:image\" content=\"https:\/\/now-news.de\/de\/wp-content\/uploads\/sites\/3\/2024\/10\/671a88d248fbef4a4544b5ac.jpg\" \/>\n<meta name=\"author\" content=\"rtnews\" \/>\n<meta name=\"twitter:card\" content=\"summary_large_image\" \/>\n<meta name=\"twitter:creator\" content=\"@WirMachenAuf_de\" \/>\n<meta name=\"twitter:site\" content=\"@WirMachenAuf_de\" \/>\n<meta name=\"twitter:label1\" content=\"Verfasst von\" \/>\n\t<meta name=\"twitter:data1\" content=\"rtnews\" \/>\n\t<meta name=\"twitter:label2\" content=\"Gesch\u00e4tzte Lesezeit\" \/>\n\t<meta name=\"twitter:data2\" content=\"3\u00a0Minuten\" \/>\n<script type=\"application\/ld+json\" class=\"yoast-schema-graph\">{\"@context\":\"https:\/\/schema.org\",\"@graph\":[{\"@type\":\"Article\",\"@id\":\"https:\/\/now-news.de\/de\/deutschland\/bill-gates-muss-wegen-impfstoffklage-vor-niederlaendischem-gericht-antreten\/#article\",\"isPartOf\":{\"@id\":\"https:\/\/now-news.de\/de\/deutschland\/bill-gates-muss-wegen-impfstoffklage-vor-niederlaendischem-gericht-antreten\/\"},\"author\":{\"name\":\"rtnews\",\"@id\":\"https:\/\/now-news.de\/de\/#\/schema\/person\/fb534a4e865501d8b3285208df34a9b5\"},\"headline\":\"Bill Gates muss wegen Impfstoffklage vor niederl\u00e4ndischem Gericht antreten\",\"datePublished\":\"2024-10-24T18:33:09+00:00\",\"dateModified\":\"2024-10-24T18:33:09+00:00\",\"mainEntityOfPage\":{\"@id\":\"https:\/\/now-news.de\/de\/deutschland\/bill-gates-muss-wegen-impfstoffklage-vor-niederlaendischem-gericht-antreten\/\"},\"wordCount\":546,\"commentCount\":0,\"publisher\":{\"@id\":\"https:\/\/now-news.de\/de\/#organization\"},\"image\":{\"@id\":\"https:\/\/now-news.de\/de\/deutschland\/bill-gates-muss-wegen-impfstoffklage-vor-niederlaendischem-gericht-antreten\/#primaryimage\"},\"thumbnailUrl\":\"https:\/\/now-news.de\/de\/wp-content\/uploads\/sites\/3\/2024\/10\/Bill-Gates-muss-wegen-Impfstoffklage-vor-niederlaendischem-Gericht-antreten.jpg\",\"keywords\":[\"antreten\",\"Bill\",\"Gates\",\"Gericht\",\"Impfstoffklage\",\"muss\",\"niederl\u00e4ndischem\",\"vor\",\"wegen\"],\"articleSection\":[\"Deutschland\",\"Russland\"],\"inLanguage\":\"de\",\"potentialAction\":[{\"@type\":\"CommentAction\",\"name\":\"Comment\",\"target\":[\"https:\/\/now-news.de\/de\/deutschland\/bill-gates-muss-wegen-impfstoffklage-vor-niederlaendischem-gericht-antreten\/#respond\"]}]},{\"@type\":\"WebPage\",\"@id\":\"https:\/\/now-news.de\/de\/deutschland\/bill-gates-muss-wegen-impfstoffklage-vor-niederlaendischem-gericht-antreten\/\",\"url\":\"https:\/\/now-news.de\/de\/deutschland\/bill-gates-muss-wegen-impfstoffklage-vor-niederlaendischem-gericht-antreten\/\",\"name\":\"Bill Gates muss wegen Impfstoffklage vor niederl\u00e4ndischem Gericht antreten - just-now.NEWS Deutschland\",\"isPartOf\":{\"@id\":\"https:\/\/now-news.de\/de\/#website\"},\"primaryImageOfPage\":{\"@id\":\"https:\/\/now-news.de\/de\/deutschland\/bill-gates-muss-wegen-impfstoffklage-vor-niederlaendischem-gericht-antreten\/#primaryimage\"},\"image\":{\"@id\":\"https:\/\/now-news.de\/de\/deutschland\/bill-gates-muss-wegen-impfstoffklage-vor-niederlaendischem-gericht-antreten\/#primaryimage\"},\"thumbnailUrl\":\"https:\/\/now-news.de\/de\/wp-content\/uploads\/sites\/3\/2024\/10\/Bill-Gates-muss-wegen-Impfstoffklage-vor-niederlaendischem-Gericht-antreten.jpg\",\"datePublished\":\"2024-10-24T18:33:09+00:00\",\"dateModified\":\"2024-10-24T18:33:09+00:00\",\"breadcrumb\":{\"@id\":\"https:\/\/now-news.de\/de\/deutschland\/bill-gates-muss-wegen-impfstoffklage-vor-niederlaendischem-gericht-antreten\/#breadcrumb\"},\"inLanguage\":\"de\",\"potentialAction\":[{\"@type\":\"ReadAction\",\"target\":[\"https:\/\/now-news.de\/de\/deutschland\/bill-gates-muss-wegen-impfstoffklage-vor-niederlaendischem-gericht-antreten\/\"]}]},{\"@type\":\"ImageObject\",\"inLanguage\":\"de\",\"@id\":\"https:\/\/now-news.de\/de\/deutschland\/bill-gates-muss-wegen-impfstoffklage-vor-niederlaendischem-gericht-antreten\/#primaryimage\",\"url\":\"https:\/\/now-news.de\/de\/wp-content\/uploads\/sites\/3\/2024\/10\/Bill-Gates-muss-wegen-Impfstoffklage-vor-niederlaendischem-Gericht-antreten.jpg\",\"contentUrl\":\"https:\/\/now-news.de\/de\/wp-content\/uploads\/sites\/3\/2024\/10\/Bill-Gates-muss-wegen-Impfstoffklage-vor-niederlaendischem-Gericht-antreten.jpg\",\"width\":460,\"height\":259,\"caption\":\"Bill Gates muss wegen Impfstoffklage vor niederl\u00e4ndischem Gericht antreten\"},{\"@type\":\"BreadcrumbList\",\"@id\":\"https:\/\/now-news.de\/de\/deutschland\/bill-gates-muss-wegen-impfstoffklage-vor-niederlaendischem-gericht-antreten\/#breadcrumb\",\"itemListElement\":[{\"@type\":\"ListItem\",\"position\":1,\"name\":\"Home\",\"item\":\"https:\/\/now-news.de\/de\/\"},{\"@type\":\"ListItem\",\"position\":2,\"name\":\"Bill Gates muss wegen Impfstoffklage vor niederl\u00e4ndischem Gericht antreten\"}]},{\"@type\":\"WebSite\",\"@id\":\"https:\/\/now-news.de\/de\/#website\",\"url\":\"https:\/\/now-news.de\/de\/\",\"name\":\"just-now.NEWS Deutschland\",\"description\":\"Das Portal f\u00fcr unzensierte Nachrichten aus der Welt\",\"publisher\":{\"@id\":\"https:\/\/now-news.de\/de\/#organization\"},\"potentialAction\":[{\"@type\":\"SearchAction\",\"target\":{\"@type\":\"EntryPoint\",\"urlTemplate\":\"https:\/\/now-news.de\/de\/?s={search_term_string}\"},\"query-input\":\"required name=search_term_string\"}],\"inLanguage\":\"de\"},{\"@type\":\"Organization\",\"@id\":\"https:\/\/now-news.de\/de\/#organization\",\"name\":\"Just Now News\",\"url\":\"https:\/\/now-news.de\/de\/\",\"logo\":{\"@type\":\"ImageObject\",\"inLanguage\":\"de\",\"@id\":\"https:\/\/now-news.de\/de\/#\/schema\/logo\/image\/\",\"url\":\"http:\/\/just-now.news\/de\/wp-content\/uploads\/sites\/3\/2022\/04\/logo500x500.jpg\",\"contentUrl\":\"http:\/\/just-now.news\/de\/wp-content\/uploads\/sites\/3\/2022\/04\/logo500x500.jpg\",\"width\":500,\"height\":500,\"caption\":\"Just Now News\"},\"image\":{\"@id\":\"https:\/\/now-news.de\/de\/#\/schema\/logo\/image\/\"},\"sameAs\":[\"https:\/\/www.facebook.com\/wirmachenauf\",\"https:\/\/x.com\/WirMachenAuf_de\"]},{\"@type\":\"Person\",\"@id\":\"https:\/\/now-news.de\/de\/#\/schema\/person\/fb534a4e865501d8b3285208df34a9b5\",\"name\":\"rtnews\",\"image\":{\"@type\":\"ImageObject\",\"inLanguage\":\"de\",\"@id\":\"https:\/\/now-news.de\/de\/#\/schema\/person\/image\/\",\"url\":\"https:\/\/secure.gravatar.com\/avatar\/82aafea7d8127119dd649515f56e2117?s=96&d=mm&r=g\",\"contentUrl\":\"https:\/\/secure.gravatar.com\/avatar\/82aafea7d8127119dd649515f56e2117?s=96&d=mm&r=g\",\"caption\":\"rtnews\"},\"url\":\"https:\/\/now-news.de\/de\/author\/rnews\/\"}]}<\/script>\n<!-- \/ Yoast SEO Premium plugin. -->","yoast_head_json":{"title":"Bill Gates muss wegen Impfstoffklage vor niederl\u00e4ndischem Gericht antreten - just-now.NEWS Deutschland","robots":{"index":"index","follow":"follow","max-snippet":"max-snippet:-1","max-image-preview":"max-image-preview:large","max-video-preview":"max-video-preview:-1"},"canonical":"https:\/\/now-news.de\/de\/deutschland\/bill-gates-muss-wegen-impfstoffklage-vor-niederlaendischem-gericht-antreten\/","og_locale":"de_DE","og_type":"article","og_title":"Bill Gates muss wegen Impfstoffklage vor niederl\u00e4ndischem Gericht antreten","og_description":"Ein Gericht verurteilte den amerikanischen Tech-Unternehmer Bill Gates zur Anwesenheitspflicht bei einem Prozess gegen ihn und 14 andere Angeklagte in den Niederlanden. Sieben Kl\u00e4ger werfen den Angeklagten vor, diese h\u00e4tten gewusst, dass der Corona-Impfstoff weder sicher noch wirksam ist. In den Niederlanden haben sieben Kl\u00e4ger gegen den US-Unternehmer Bill Gates, den ehemaligen Premierminister Mark Rutte, [&hellip;]","og_url":"https:\/\/now-news.de\/de\/deutschland\/bill-gates-muss-wegen-impfstoffklage-vor-niederlaendischem-gericht-antreten\/","og_site_name":"just-now.NEWS Deutschland","article_publisher":"https:\/\/www.facebook.com\/wirmachenauf","article_published_time":"2024-10-24T18:33:09+00:00","og_image":[{"url":"https:\/\/now-news.de\/de\/wp-content\/uploads\/sites\/3\/2024\/10\/671a88d248fbef4a4544b5ac.jpg"}],"author":"rtnews","twitter_card":"summary_large_image","twitter_creator":"@WirMachenAuf_de","twitter_site":"@WirMachenAuf_de","twitter_misc":{"Verfasst von":"rtnews","Gesch\u00e4tzte Lesezeit":"3\u00a0Minuten"},"schema":{"@context":"https:\/\/schema.org","@graph":[{"@type":"Article","@id":"https:\/\/now-news.de\/de\/deutschland\/bill-gates-muss-wegen-impfstoffklage-vor-niederlaendischem-gericht-antreten\/#article","isPartOf":{"@id":"https:\/\/now-news.de\/de\/deutschland\/bill-gates-muss-wegen-impfstoffklage-vor-niederlaendischem-gericht-antreten\/"},"author":{"name":"rtnews","@id":"https:\/\/now-news.de\/de\/#\/schema\/person\/fb534a4e865501d8b3285208df34a9b5"},"headline":"Bill Gates muss wegen Impfstoffklage vor niederl\u00e4ndischem Gericht antreten","datePublished":"2024-10-24T18:33:09+00:00","dateModified":"2024-10-24T18:33:09+00:00","mainEntityOfPage":{"@id":"https:\/\/now-news.de\/de\/deutschland\/bill-gates-muss-wegen-impfstoffklage-vor-niederlaendischem-gericht-antreten\/"},"wordCount":546,"commentCount":0,"publisher":{"@id":"https:\/\/now-news.de\/de\/#organization"},"image":{"@id":"https:\/\/now-news.de\/de\/deutschland\/bill-gates-muss-wegen-impfstoffklage-vor-niederlaendischem-gericht-antreten\/#primaryimage"},"thumbnailUrl":"https:\/\/now-news.de\/de\/wp-content\/uploads\/sites\/3\/2024\/10\/Bill-Gates-muss-wegen-Impfstoffklage-vor-niederlaendischem-Gericht-antreten.jpg","keywords":["antreten","Bill","Gates","Gericht","Impfstoffklage","muss","niederl\u00e4ndischem","vor","wegen"],"articleSection":["Deutschland","Russland"],"inLanguage":"de","potentialAction":[{"@type":"CommentAction","name":"Comment","target":["https:\/\/now-news.de\/de\/deutschland\/bill-gates-muss-wegen-impfstoffklage-vor-niederlaendischem-gericht-antreten\/#respond"]}]},{"@type":"WebPage","@id":"https:\/\/now-news.de\/de\/deutschland\/bill-gates-muss-wegen-impfstoffklage-vor-niederlaendischem-gericht-antreten\/","url":"https:\/\/now-news.de\/de\/deutschland\/bill-gates-muss-wegen-impfstoffklage-vor-niederlaendischem-gericht-antreten\/","name":"Bill Gates muss wegen Impfstoffklage vor niederl\u00e4ndischem Gericht antreten - just-now.NEWS Deutschland","isPartOf":{"@id":"https:\/\/now-news.de\/de\/#website"},"primaryImageOfPage":{"@id":"https:\/\/now-news.de\/de\/deutschland\/bill-gates-muss-wegen-impfstoffklage-vor-niederlaendischem-gericht-antreten\/#primaryimage"},"image":{"@id":"https:\/\/now-news.de\/de\/deutschland\/bill-gates-muss-wegen-impfstoffklage-vor-niederlaendischem-gericht-antreten\/#primaryimage"},"thumbnailUrl":"https:\/\/now-news.de\/de\/wp-content\/uploads\/sites\/3\/2024\/10\/Bill-Gates-muss-wegen-Impfstoffklage-vor-niederlaendischem-Gericht-antreten.jpg","datePublished":"2024-10-24T18:33:09+00:00","dateModified":"2024-10-24T18:33:09+00:00","breadcrumb":{"@id":"https:\/\/now-news.de\/de\/deutschland\/bill-gates-muss-wegen-impfstoffklage-vor-niederlaendischem-gericht-antreten\/#breadcrumb"},"inLanguage":"de","potentialAction":[{"@type":"ReadAction","target":["https:\/\/now-news.de\/de\/deutschland\/bill-gates-muss-wegen-impfstoffklage-vor-niederlaendischem-gericht-antreten\/"]}]},{"@type":"ImageObject","inLanguage":"de","@id":"https:\/\/now-news.de\/de\/deutschland\/bill-gates-muss-wegen-impfstoffklage-vor-niederlaendischem-gericht-antreten\/#primaryimage","url":"https:\/\/now-news.de\/de\/wp-content\/uploads\/sites\/3\/2024\/10\/Bill-Gates-muss-wegen-Impfstoffklage-vor-niederlaendischem-Gericht-antreten.jpg","contentUrl":"https:\/\/now-news.de\/de\/wp-content\/uploads\/sites\/3\/2024\/10\/Bill-Gates-muss-wegen-Impfstoffklage-vor-niederlaendischem-Gericht-antreten.jpg","width":460,"height":259,"caption":"Bill Gates muss wegen Impfstoffklage vor niederl\u00e4ndischem Gericht antreten"},{"@type":"BreadcrumbList","@id":"https:\/\/now-news.de\/de\/deutschland\/bill-gates-muss-wegen-impfstoffklage-vor-niederlaendischem-gericht-antreten\/#breadcrumb","itemListElement":[{"@type":"ListItem","position":1,"name":"Home","item":"https:\/\/now-news.de\/de\/"},{"@type":"ListItem","position":2,"name":"Bill Gates muss wegen Impfstoffklage vor niederl\u00e4ndischem Gericht antreten"}]},{"@type":"WebSite","@id":"https:\/\/now-news.de\/de\/#website","url":"https:\/\/now-news.de\/de\/","name":"just-now.NEWS Deutschland","description":"Das Portal f\u00fcr unzensierte Nachrichten aus der Welt","publisher":{"@id":"https:\/\/now-news.de\/de\/#organization"},"potentialAction":[{"@type":"SearchAction","target":{"@type":"EntryPoint","urlTemplate":"https:\/\/now-news.de\/de\/?s={search_term_string}"},"query-input":"required name=search_term_string"}],"inLanguage":"de"},{"@type":"Organization","@id":"https:\/\/now-news.de\/de\/#organization","name":"Just Now News","url":"https:\/\/now-news.de\/de\/","logo":{"@type":"ImageObject","inLanguage":"de","@id":"https:\/\/now-news.de\/de\/#\/schema\/logo\/image\/","url":"http:\/\/just-now.news\/de\/wp-content\/uploads\/sites\/3\/2022\/04\/logo500x500.jpg","contentUrl":"http:\/\/just-now.news\/de\/wp-content\/uploads\/sites\/3\/2022\/04\/logo500x500.jpg","width":500,"height":500,"caption":"Just Now News"},"image":{"@id":"https:\/\/now-news.de\/de\/#\/schema\/logo\/image\/"},"sameAs":["https:\/\/www.facebook.com\/wirmachenauf","https:\/\/x.com\/WirMachenAuf_de"]},{"@type":"Person","@id":"https:\/\/now-news.de\/de\/#\/schema\/person\/fb534a4e865501d8b3285208df34a9b5","name":"rtnews","image":{"@type":"ImageObject","inLanguage":"de","@id":"https:\/\/now-news.de\/de\/#\/schema\/person\/image\/","url":"https:\/\/secure.gravatar.com\/avatar\/82aafea7d8127119dd649515f56e2117?s=96&d=mm&r=g","contentUrl":"https:\/\/secure.gravatar.com\/avatar\/82aafea7d8127119dd649515f56e2117?s=96&d=mm&r=g","caption":"rtnews"},"url":"https:\/\/now-news.de\/de\/author\/rnews\/"}]}},"_links":{"self":[{"href":"https:\/\/now-news.de\/de\/wp-json\/wp\/v2\/posts\/71382"}],"collection":[{"href":"https:\/\/now-news.de\/de\/wp-json\/wp\/v2\/posts"}],"about":[{"href":"https:\/\/now-news.de\/de\/wp-json\/wp\/v2\/types\/post"}],"author":[{"embeddable":true,"href":"https:\/\/now-news.de\/de\/wp-json\/wp\/v2\/users\/3"}],"replies":[{"embeddable":true,"href":"https:\/\/now-news.de\/de\/wp-json\/wp\/v2\/comments?post=71382"}],"version-history":[{"count":0,"href":"https:\/\/now-news.de\/de\/wp-json\/wp\/v2\/posts\/71382\/revisions"}],"wp:featuredmedia":[{"embeddable":true,"href":"https:\/\/now-news.de\/de\/wp-json\/wp\/v2\/media\/71383"}],"wp:attachment":[{"href":"https:\/\/now-news.de\/de\/wp-json\/wp\/v2\/media?parent=71382"}],"wp:term":[{"taxonomy":"category","embeddable":true,"href":"https:\/\/now-news.de\/de\/wp-json\/wp\/v2\/categories?post=71382"},{"taxonomy":"post_tag","embeddable":true,"href":"https:\/\/now-news.de\/de\/wp-json\/wp\/v2\/tags?post=71382"}],"curies":[{"name":"wp","href":"https:\/\/api.w.org\/{rel}","templated":true}]}}