{"id":71370,"date":"2024-10-24T18:16:15","date_gmt":"2024-10-24T16:16:15","guid":{"rendered":"https:\/\/now-news.de\/de\/deutschland\/freie-meinungsaeusserung-fuer-terroristen-wie-kanada-gefaehrliche-extremisten-schuetzt\/"},"modified":"2024-10-24T18:16:15","modified_gmt":"2024-10-24T16:16:15","slug":"freie-meinungsaeusserung-fuer-terroristen-wie-kanada-gefaehrliche-extremisten-schuetzt","status":"publish","type":"post","link":"https:\/\/now-news.de\/de\/deutschland\/freie-meinungsaeusserung-fuer-terroristen-wie-kanada-gefaehrliche-extremisten-schuetzt\/","title":{"rendered":"Freie Meinungs\u00e4u\u00dferung f\u00fcr Terroristen: Wie Kanada gef\u00e4hrliche Extremisten sch\u00fctzt"},"content":{"rendered":"<p><img decoding=\"async\" src=\"https:\/\/now-news.de\/de\/wp-content\/uploads\/sites\/3\/2024\/10\/671910f7b480cc57a65c7dd6.jpg\" \/><\/p>\n<div class=\"Text-root Text-type_1 \">\n                Das diplomatische Patt zwischen Neu-Delhi und Ottawa wirft ein Schlaglicht auf die Zerrissenheit westlicher M\u00e4chte \u2013 sie setzen sich f\u00fcr eine weltweite Sicherheitszusammenarbeit ein und beherbergen gleichzeitig Elemente, die andere Nationen offen bedrohen.\n            <\/div>\n<p><\/p>\n<div class=\"Text-root Text-type_5 ArticleView-text ViewText-root \">\n<p><em>Von Kanwal Sibal<\/em><\/p>\n<p>Die Beziehungen zwischen Indien und Kanada sind ernsthaft gest\u00f6rt. Die Verantwortung daf\u00fcr liegt ganz klar auf den Schultern des kanadischen Premierministers Justin Trudeau. Dies hat der Sprecher des indischen Au\u00dfenministeriums offiziell erkl\u00e4rt.<\/p>\n<p>Im September 2023 erkl\u00e4rte Trudeau im kanadischen Parlament, es gebe &#8220;glaubw\u00fcrdige Anschuldigungen&#8221;, wonach Agenten der indischen Regierung an der Ermordung von Hardeep Singh Nijjar beteiligt waren. Dieser wurde von der indischen Regierung zum Terroristen erkl\u00e4rt. Nijjar war von Interpol mit einem roten Vermerk versehen worden, stand in Kanada auf der Flugverbotsliste und seine Bankkonten waren eingefroren.<\/p>\n<p>Im Jahr 1997 hatte Nijjar mit einem gef\u00e4lschten Pass die kanadische Staatsb\u00fcrgerschaft beantragt. Sein Antrag wurde dreimal abgelehnt, aber schlie\u00dflich erhielt er sie im Jahr 2007. Seine Verbindungen zu Terroristen erkennt man daran, dass er in einem Video die Ermordung der ehemaligen indischen Premierministerin Indira Gandhi, eines ehemaligen indischen Armeechefs, des ehemaligen Ministerpr\u00e4sidenten von Punjab und anderer Personen feierte. Ihm werden Verbindungen zu Pakistan nachgesagt, wo er mit einer AK-47 fotografiert wurde.<\/p>\n<p>Indien hat Kanada immer wieder wegen seiner Gleichg\u00fcltigkeit gegen\u00fcber den anhaltenden Bitten Neu-Delhis um Kontrolle dieser gewaltt\u00e4tigen Extremisten auf seinem Boden kritisiert. Dabei bedrohten sie Indiens Sicherheit, Souver\u00e4nit\u00e4t und territoriale Integrit\u00e4t. Diese Personen haben Referenden f\u00fcr ein unabh\u00e4ngiges Land abgehalten, das aus dem indischen Bundesstaat Punjab herausgel\u00f6st wurde. Sie haben Morddrohungen gegen Premierminister Narendra Modi ausgesprochen und sein Bildnis verbrannt. Sie haben auch Morddrohungen gegen den indischen Botschafter in Ottawa ausgesprochen und sein Foto mit Einschussl\u00f6chern ausgestellt.<\/p>\n<p><strong>Fragw\u00fcrdige Argumentation<\/strong><\/p>\n<p>Im Fall von Nijjar behauptete Trudeau letzte Woche bei einer \u00f6ffentlichen Untersuchung \u00fcber ausl\u00e4ndische Einmischung, dass sein Land die Souver\u00e4nit\u00e4t und territoriale Integrit\u00e4t Indiens respektiere und dass Indien ebenfalls die Souver\u00e4nit\u00e4t Kanadas respektieren sollte. Seine Argumentation ist unklar, da kanadische Sikh-Extremisten \u2013 seine eigenen B\u00fcrger unter der Aufsicht seiner Regierung \u2013 offen f\u00fcr die Balkanisierung Indiens eintreten.<\/p>\n<p>Trudeau zufolge l\u00e4sst die Redefreiheit in Kanada ein solches Verhalten zu. Er behauptet zwar, gegen Hassreden zu sein, geht aber nicht auf die offen hasserf\u00fcllten Kommentare gegen den indischen Premierminister, den indischen Botschafter in Kanada, die Hindu-Religion und die kanadische Hindu-Diaspora ein.<\/p>\n<p>Zudem gab er zu, dass er bei seiner ersten Rede im Parlament im September 2023 nur \u00fcber &#8220;nachrichtendienstliche&#8221; Informationen \u00fcber die angebliche Beteiligung Indiens an der Ermordung von Nijjar verf\u00fcgte, nicht aber \u00fcber &#8220;handfeste Beweise&#8221;. Die Tatsache, dass der kanadische Premierminister sich dazu entschlossen hat, im Parlament eine solch schwerwiegende Anschuldigung gegen Indien zu erheben, ohne Beweise zu haben und in dem Wissen, welche Art von politischem Sturm er damit ausl\u00f6sen w\u00fcrde, zeigt, wie unverantwortlich und unbek\u00fcmmert er mit ernsten Staatsangelegenheiten umgeht.<\/p>\n<p>Kanada, so Trudeau bei der Anh\u00f6rung weiter, habe nun mehr &#8220;Hinweise&#8221; (noch immer keine Beweise) f\u00fcr die Beteiligung Indiens. Seit einem Jahr fordert Neu-Delhi Beweise f\u00fcr die angebliche Beteiligung seiner Agenten, die bis heute nicht vorgelegt wurden. Schlie\u00dflich erkl\u00e4rte Trudeau bei der Anh\u00f6rung, er habe Modi auf dem G20-Gipfel in Neu-Delhi im September letzten Jahres gesagt, dass die von Kanada geforderten Beweise bei den indischen Sicherheitskr\u00e4ften l\u00e4gen und Indien bei der Suche nach ihnen kooperieren solle. Mit anderen Worten: Indien sollte auf der Grundlage von Anschuldigungen Beweise f\u00fcr die Beteiligung seiner Agenten an der Ermordung von Nijjar aufsp\u00fcren, die Kanada nicht hat, und sie der kanadischen Seite vorlegen. Diese Art der Argumentation ist bizarr.<\/p>\n<p>W\u00e4hrend Kanada die Zusammenarbeit mit Neu-Delhi sucht, weigert es sich gleichzeitig, in den von der indischen Regierung aufgeworfenen Fragen zu kooperieren und unternimmt nichts, um antiindische Extremisten auf seinem Boden einzud\u00e4mmen. Kanada hat den 26 Auslieferungsantr\u00e4gen Indiens gegen Personen, die in die F\u00f6rderung terroristischer Aktivit\u00e4ten verwickelt sind, nicht entsprochen.<\/p>\n<p>Trudeau behauptet nun, seine einj\u00e4hrige Untersuchung habe gezeigt, dass der indische Botschafter in Kanada \u2013 ein professioneller Diplomat, der in vielen L\u00e4ndern gedient hat \u2013 eine zentrale Rolle bei den Bem\u00fchungen Indiens spielt, &#8220;Informationen&#8221; \u00fcber kanadische B\u00fcrger zu sammeln, die als antiindisch angesehen werden. (Dazu geh\u00f6rt, sie zu identifizieren, Fotos von ihnen zu machen, wenn sie demonstrieren und die indische Flagge verbrennen, ihre Posts in den sozialen Medien zu verfolgen, und so weiter).<\/p>\n<p>Nach Angaben der kanadischen Regierung werden diese &#8220;Informationen&#8221; dann an die m\u00e4chtige indische Bande unter der F\u00fchrung des ber\u00fcchtigten Kriminellen Lawrence Bishnoi weitergeleitet, um die geplanten Morde auszuf\u00fchren. Die Regierung Trudeau und ihre Sicherheitsbeh\u00f6rden verwechseln nachrichtendienstliche T\u00e4tigkeiten mit der legitimen \u00dcberwachung der Aktivit\u00e4ten lokaler Extremisten, die von einer diplomatischen Vertretung aus Sicherheitsgr\u00fcnden durchgef\u00fchrt wird.<\/p>\n<p>Die j\u00fcngste diplomatische Note Kanadas an Indien, in der der Botschafter in einer strafrechtlichen Untersuchung als &#8220;Person von Interesse&#8221; bezeichnet und um die Aufhebung seiner Immunit\u00e4t gebeten wurde, war eine unerh\u00f6rte Provokation. Neu-Delhi lehnte die Note ab. Den Kanadiern wurde mitgeteilt, dass unser Botschafter und andere hochrangige Diplomaten abgezogen w\u00fcrden, da ihre Sicherheit gef\u00e4hrdet sei. Daraufhin beeilte sich Kanada, sie auszuweisen, um in der \u00d6ffentlichkeit die Oberhand zu behalten. In der Folge beschloss Indien, den amtierenden kanadischen Botschafter, seinen Stellvertreter und vier erste Sekret\u00e4re auszuweisen.<\/p>\n<p>Angesichts der Tatsache, dass der Drahtzieher Lawrence Bishnoi seit dem Jahr 2014 in Indien im Gef\u00e4ngnis sitzt, sind die kanadischen Anschuldigungen gegen die Bishnoi-Bande absurd. Einige seiner bekannten Komplizen halten sich in Kanada auf. Neu-Delhi hat ihre namentliche Ausweisung gefordert und um eine Einschr\u00e4nkung der Aktivit\u00e4ten von Personen gebeten, die versuchen, in Indien zur Gewalt anzustiften. Die Regierung Trudeau hat keine Ma\u00dfnahmen ergriffen, was die Diskrepanzen und Widerspr\u00fcche in der kanadischen Haltung zu diesem Thema deutlich macht.<\/p>\n<p>Der scheidende indische Botschafter in Kanada gab einem kanadisch-indischen Sender ein Interview. Dabei erkl\u00e4rte er kategorisch, dass Indien bisher keine Beweise vorgelegt wurden, dass der kanadische Au\u00dfenminister lediglich politische Erkl\u00e4rungen abgibt und Trudeau die volle Verantwortung f\u00fcr die Abw\u00e4rtsspirale in den indisch-kanadischen Beziehungen tr\u00e4gt. Er hat auch die kanadischen Sicherheitsbeh\u00f6rden beschuldigt, unter politischem Einfluss zu stehen.<\/p>\n<p>Das Ausma\u00df von Trudeaus B\u00f6swilligkeit l\u00e4sst sich daran ablesen, dass er auf dem Ostasiengipfel in Laos Anfang des Monats ein Treffen der nationalen Sicherheitsberater beider Seiten vorschlug, dem Indien zustimmte. Der kanadischen Seite geh\u00f6rte auch der stellvertretende Au\u00dfenminister des Landes an. Es sollte ein vertrauliches, inoffizielles Treffen sein, aber die kanadische Seite informierte auf h\u00f6chst unlautere Weise und aus Eigennutz Korrespondenten der <em>Washington Post<\/em> in London und Neu-Delhi \u00fcber die Einzelheiten des Treffens. Normalerweise w\u00fcrde jede vern\u00fcnftige Regierung gerne einen R\u00fcckkanal offen halten. Die Trudeau-Regierung will offensichtlich politische Propaganda betreiben. Sie hat daf\u00fcr gesorgt, dass es keine R\u00fcckkan\u00e4le mehr gibt.<\/p>\n<p><strong>Five Eyes \u2013 F\u00fcnf Augen<\/strong><\/p>\n<p>Gem\u00e4\u00df Trudeau stammten die Informationen \u00fcber Indiens Aktivit\u00e4ten von den Five Eyes, einem Zusammenschluss der Geheimdienste des Vereinigten K\u00f6nigreichs, der USA, Kanadas, Australiens und Neuseelands sowie von einigen &#8220;s\u00fcdasiatischen&#8221; Quellen. Letzteres ist eine bequeme Methode, um Sikh-Extremisten und ihre pakistanischen Verbindungen als Quelle zu verschleiern.<\/p>\n<p>Was die Five Eyes betrifft, so sind die USA eindeutig involviert. Seit Trudeau im September 2023 im Parlament sprach, haben hochrangige US-Vertreter, darunter Au\u00dfenminister Antony Blinken und der nationale Sicherheitsberater Jake Sullivan, erkl\u00e4rt, Washington stimme sich in dieser Angelegenheit eng mit Ottawa ab. Die USA haben Indien recht eindringlich aufgefordert, mit Kanada zusammenzuarbeiten.<\/p>\n<p>Indien hat sein eigenes Problem mit den USA. Gurpatwant Singh Pannun steht im Mittelpunkt eines Streits zwischen den USA und Indien. Das FBI hatte ein Mordkomplott eines &#8220;indischen Agenten&#8221; auf amerikanischem Boden vereitelt und wurde von der indischen Regierung im Jahr 2020 als Terrorist eingestuft. Seine Organisation Sikhs for Justice wurde von Indien ebenfalls als terroristische Vereinigung eingestuft. Dennoch wird er von den USA gesch\u00fctzt.<\/p>\n<p>Auf der Grundlage der von den USA vorgelegten Beweise \u00fcber den &#8220;indischen Agenten&#8221;, der den Mord an Pannun plante, setzte die indische Seite einen Untersuchungsausschuss ein, dessen Ergebnisse Washington mitgeteilt wurden. Es stellte sich heraus, dass der betreffende &#8220;Agent&#8221; in einen Rechtsstreit gegen seine eigene Organisation verwickelt war. Er wurde im Dezember 2023 wegen versuchter Erpressung verhaftet und verbrachte vier Monate im Gef\u00e4ngnis. Seitdem ist er aus dem Staatsdienst entlassen worden.<\/p>\n<p>Pannun hat gedroht, den indischen Premierminister zu t\u00f6ten, das indische Parlament und den Flughafen von Delhi anzugreifen und Flugzeuge der Air India abzuschie\u00dfen. Diese Drohungen hat er kurz vor dem Besuch des FBI-Direktors in Indien im Dezember 2023 ausgesprochen. Zuletzt hat er vor Reisen mit Air India vom 1. bis 19. November 2024 gewarnt. Es gab bereits Scherzanrufe \u00fcber Bomben an Bord von 100 Fl\u00fcgen indischer Fluggesellschaften. Washington weigert sich, unter dem Vorwand der &#8220;Meinungsfreiheit&#8221; Ma\u00dfnahmen gegen ihn zu ergreifen. In Indien wird weithin angenommen, dass er ein CIA-Agent ist. Die USA haben den Fall Pannun mit dem Fall Nijjar in Verbindung gebracht.<\/p>\n<p><strong>Doppelte Standards<\/strong><\/p>\n<p>Einerseits wird in allen gemeinsamen Erkl\u00e4rungen Indiens mit den USA oder in den Erkl\u00e4rungen der G7- oder G20-Gruppen die Zusammenarbeit gegen den Terrorismus hervorgehoben. Wenn es jedoch um den Terrorismus geht, der von Sikh-Terroristen aus den USA, Kanada, dem Vereinigten K\u00f6nigreich und anderen L\u00e4ndern gegen Indien gerichtet wird, besteht keine Bereitschaft zur Zusammenarbeit mit Indien. Diese Doppelmoral ist f\u00fcr Indien offensichtlich.<\/p>\n<p>Nicht ein einziges Mal hat Washington Ottawa aufgefordert, mit Indien zusammenzuarbeiten, wenn es um dessen Bedenken gegen\u00fcber kanadischen Sikh-Extremisten ging. Diese Extremisten operieren auch in den USA. Dabei sind die USA selbst dann nicht gegen sie vorgegangen, als sie das indische Konsulat in San Francisco zweimal mit einer Brandbombe beschossen und ein Referendum f\u00fcr ein &#8220;unabh\u00e4ngiges Khalistan&#8221; abgehalten haben.<\/p>\n<p>Wenn die USA von Kanada verlangen w\u00fcrden, mit Indien zusammenzuarbeiten, w\u00e4hrend sie selbst diese Probleme nicht angehen, w\u00fcrden sie sich in eine widerspr\u00fcchliche Lage bringen. Wie Kanada haben auch die USA in den letzten zwei Jahrzehnten 61 indischen Auslieferungsersuchen nicht entsprochen. In Neu-Delhi glauben viele, dass Teile des &#8220;Tiefen Staates&#8221; in den USA, mit Kanada als Komplize, die Sikh-Extremisten-Karte als Druckmittel gegen Indien beibehalten und nutzen wollen, um Zugest\u00e4ndnisse in Fragen zu erreichen, die f\u00fcr Indien von Interesse sind.<\/p>\n<p>Die Sikh-Gemeinschaft in Kanada ist lokal konzentriert und gro\u00df genug, um in einigen Wahlbezirken wahlentscheidend zu sein. Trudeau hat die Sikh-Gemeinde wie schon sein Vater Pierre Trudeau bei den W\u00e4hlern kultiviert. Dieser tr\u00e4gt eine gro\u00dfe Verantwortung f\u00fcr den Absturz des Air-India-Flugzeugs im Jahr 1985, da er nicht gegen den Sikh-Extremisten Talwinder Singh Parmar vorging, der den Absturz geplant hatte und dessen Auslieferung Indien forderte. Trudeau hat dieses politische Erbe \u00fcbernommen. Obendrein sind noch seine woken Ansichten und sein starkes Anspruchsdenken hinzugekommen.<\/p>\n<p>Er will die Stimmen der Sikhs nicht verlieren, zumal die Unterst\u00fctzung von Trudeaus bisherigem Regierungspartner Jagmeet Singh von der New Democratic Party, einem bekannten Sympathisanten der &#8220;khalistanischen&#8221;\u00a0Sache, f\u00fcr das \u00dcberleben seiner Koalitionsregierung entscheidend war.<\/p>\n<p>Seit Jagmeet Singh die Koalition verlassen hat, ist Trudeau im Parlament in der Minderheit. Seine Umfragewerte sind bereits sehr niedrig. Nicht nur, um politisch zu \u00fcberleben, sondern auch in der Hoffnung, die Wahlen im n\u00e4chsten Jahr zu gewinnen, ist er entschlossen, die Unterst\u00fctzung der Sikhs zu erhalten. Er glaubt, dass die Extremisten in der Gemeinschaft das Einfallstor daf\u00fcr sind. Indien hat Trudeaus Gleichg\u00fcltigkeit gegen\u00fcber der Sicherheit Indiens offiziell als &#8220;Stimmenfangpolitik&#8221; bezeichnet.<\/p>\n<p>Die Folgen von Kanadas mutwilliger Zerst\u00f6rung der Beziehungen zu Indien werden sich auf die konsularischen Dienste, den Bildungssektor (die Zahl der indischen Studenten, die sich um eine Zulassung an kanadischen Universit\u00e4ten bem\u00fchen, ist enorm und die Zahl der Bewerber geht bereits zur\u00fcck), den Austausch von Wirtschaftsdelegationen und so weiter auswirken. Indien strebt keine wirtschaftlichen Vergeltungsma\u00dfnahmen an, da sich die Beziehungen zwischen Indien und Kanada unter den Konservativen stark verbessert haben und Indien \u00fcber Trudeau hinausschauen muss.<\/p>\n<p>Solange Trudeau an der Macht ist, k\u00f6nnen die indisch-kanadischen Beziehungen jedoch nicht wiederhergestellt werden. Wenn die Konservativen bei den f\u00fcr das n\u00e4chste Jahr angesetzten Wahlen an die Macht kommen, k\u00f6nnen einige Anstrengungen zur Normalisierung der Beziehungen unternommen werden. Aber selbst dann wird es ein langsamer Prozess sein, weil die giftige Verbindung zwischen den Liberalen und den extremistischen Sikhs eine starke Unterstr\u00f6mung im kanadischen politischen System ist.<\/p>\n<p><strong><em>Kanwal Sibal<\/em><\/strong><em> ist ein pensionierter indischer Au\u00dfenminister. Zwischen 2004 und 2007 war er Botschafter in Russland.<\/em>\u00a0<em>Er hatte au\u00dferdem Botschafterposten in der T\u00fcrkei, \u00c4gypten und Frankreich inne und war stellvertretender Leiter der Botschaft in Washington D.C. Im Jahr 2017 erhielt er vom indischen Pr\u00e4sidenten den Padma Shri \u2013 die vierth\u00f6chste zivile Auszeichnung \u2013 f\u00fcr Verdienste im \u00f6ffentlichen Dienst.<\/em>\u00a0<em>Im selben Jahr wurde er von Au\u00dfenminister Sergei Lawrow f\u00fcr seine Beitr\u00e4ge zur internationalen Zusammenarbeit ausgezeichnet.<\/em><\/p>\n<p><strong>Mehr zum Thema<\/strong>\u00a0\u2013\u00a0<a rel=\"nofollow noopener\" target=\"_blank\" href=\"https:\/\/dert.online\/international\/220291-modi-reform-ist-schluessel\/\">Modi: Reform ist Schl\u00fcssel zu Relevanz globaler Institutionen<\/a>\u00a0<\/p>\n<p>\u00a0<\/p>\n<p>\u00a0<\/p>\n<\/div>\n<p><br \/>\n<br \/><a href=\"https:\/\/de.rt.com\/asien\/223424-freie-meinungsaeusserung-fuer-terroristen-wie\/\">Source link <\/a><\/p>\n","protected":false},"excerpt":{"rendered":"<p>Das diplomatische Patt zwischen Neu-Delhi und Ottawa wirft ein Schlaglicht auf die Zerrissenheit westlicher M\u00e4chte \u2013 sie setzen sich f\u00fcr eine weltweite Sicherheitszusammenarbeit ein und beherbergen gleichzeitig Elemente, die andere Nationen offen bedrohen. Von Kanwal Sibal Die Beziehungen zwischen Indien und Kanada sind ernsthaft gest\u00f6rt. Die Verantwortung daf\u00fcr liegt ganz klar auf den Schultern des [&hellip;]<\/p>\n","protected":false},"author":3,"featured_media":71371,"comment_status":"open","ping_status":"open","sticky":false,"template":"","format":"standard","meta":{"_yoast_indexnow_last_ping":["1729786791"],"wp_automatic_camp":["217"],"76099a3544f29633a84ba104919ff4de":["Freie Meinungs\u00e4u\u00dferung f\u00fcr Terroristen: Wie Kanada gef\u00e4hrliche Extremisten sch\u00fctzt"],"original_link":["https:\/\/de.rt.com\/asien\/223424-freie-meinungsaeusserung-fuer-terroristen-wie\/"],"_thumbnail_id":["71371"],"jnews_social_counter_last_update":["1777621208"],"_wptgpro_p2tg_sent2tg":["a:1:{i:23737;s:19:\"2024-10-24 18:21:10\";}"]},"categories":[19,23],"tags":[50320,20482,221,23365,19376,20483,7759,17172,579],"yoast_head":"<!-- This site is optimized with the Yoast SEO Premium plugin v22.7 (Yoast SEO v22.7) - https:\/\/yoast.com\/wordpress\/plugins\/seo\/ -->\n<title>Freie Meinungs\u00e4u\u00dferung f\u00fcr Terroristen: Wie Kanada gef\u00e4hrliche Extremisten sch\u00fctzt - just-now.NEWS Deutschland<\/title>\n<meta name=\"robots\" content=\"index, follow, max-snippet:-1, max-image-preview:large, max-video-preview:-1\" \/>\n<link rel=\"canonical\" href=\"https:\/\/now-news.de\/de\/deutschland\/freie-meinungsaeusserung-fuer-terroristen-wie-kanada-gefaehrliche-extremisten-schuetzt\/\" \/>\n<meta property=\"og:locale\" content=\"de_DE\" \/>\n<meta property=\"og:type\" content=\"article\" \/>\n<meta property=\"og:title\" content=\"Freie Meinungs\u00e4u\u00dferung f\u00fcr Terroristen: Wie Kanada gef\u00e4hrliche Extremisten sch\u00fctzt\" \/>\n<meta property=\"og:description\" content=\"Das diplomatische Patt zwischen Neu-Delhi und Ottawa wirft ein Schlaglicht auf die Zerrissenheit westlicher M\u00e4chte \u2013 sie setzen sich f\u00fcr eine weltweite Sicherheitszusammenarbeit ein und beherbergen gleichzeitig Elemente, die andere Nationen offen bedrohen. Von Kanwal Sibal Die Beziehungen zwischen Indien und Kanada sind ernsthaft gest\u00f6rt. Die Verantwortung daf\u00fcr liegt ganz klar auf den Schultern des [&hellip;]\" \/>\n<meta property=\"og:url\" content=\"https:\/\/now-news.de\/de\/deutschland\/freie-meinungsaeusserung-fuer-terroristen-wie-kanada-gefaehrliche-extremisten-schuetzt\/\" \/>\n<meta property=\"og:site_name\" content=\"just-now.NEWS Deutschland\" \/>\n<meta property=\"article:publisher\" content=\"https:\/\/www.facebook.com\/wirmachenauf\" \/>\n<meta property=\"article:published_time\" content=\"2024-10-24T16:16:15+00:00\" \/>\n<meta property=\"og:image\" content=\"https:\/\/now-news.de\/de\/wp-content\/uploads\/sites\/3\/2024\/10\/671910f7b480cc57a65c7dd6.jpg\" \/>\n<meta name=\"author\" content=\"rtnews\" \/>\n<meta name=\"twitter:card\" content=\"summary_large_image\" \/>\n<meta name=\"twitter:creator\" content=\"@WirMachenAuf_de\" \/>\n<meta name=\"twitter:site\" content=\"@WirMachenAuf_de\" \/>\n<meta name=\"twitter:label1\" content=\"Verfasst von\" \/>\n\t<meta name=\"twitter:data1\" content=\"rtnews\" \/>\n\t<meta name=\"twitter:label2\" content=\"Gesch\u00e4tzte Lesezeit\" \/>\n\t<meta name=\"twitter:data2\" content=\"11\u00a0Minuten\" \/>\n<script type=\"application\/ld+json\" class=\"yoast-schema-graph\">{\"@context\":\"https:\/\/schema.org\",\"@graph\":[{\"@type\":\"Article\",\"@id\":\"https:\/\/now-news.de\/de\/deutschland\/freie-meinungsaeusserung-fuer-terroristen-wie-kanada-gefaehrliche-extremisten-schuetzt\/#article\",\"isPartOf\":{\"@id\":\"https:\/\/now-news.de\/de\/deutschland\/freie-meinungsaeusserung-fuer-terroristen-wie-kanada-gefaehrliche-extremisten-schuetzt\/\"},\"author\":{\"name\":\"rtnews\",\"@id\":\"https:\/\/now-news.de\/de\/#\/schema\/person\/fb534a4e865501d8b3285208df34a9b5\"},\"headline\":\"Freie Meinungs\u00e4u\u00dferung f\u00fcr Terroristen: Wie Kanada gef\u00e4hrliche Extremisten sch\u00fctzt\",\"datePublished\":\"2024-10-24T16:16:15+00:00\",\"dateModified\":\"2024-10-24T16:16:15+00:00\",\"mainEntityOfPage\":{\"@id\":\"https:\/\/now-news.de\/de\/deutschland\/freie-meinungsaeusserung-fuer-terroristen-wie-kanada-gefaehrliche-extremisten-schuetzt\/\"},\"wordCount\":2168,\"commentCount\":0,\"publisher\":{\"@id\":\"https:\/\/now-news.de\/de\/#organization\"},\"image\":{\"@id\":\"https:\/\/now-news.de\/de\/deutschland\/freie-meinungsaeusserung-fuer-terroristen-wie-kanada-gefaehrliche-extremisten-schuetzt\/#primaryimage\"},\"thumbnailUrl\":\"https:\/\/now-news.de\/de\/wp-content\/uploads\/sites\/3\/2024\/10\/Freie-Meinungsaeusserung-fuer-Terroristen-Wie-Kanada-gefaehrliche-Extremisten-schuetzt.jpg\",\"keywords\":[\"Extremisten\",\"freie\",\"f\u00fcr\",\"Gef\u00e4hrliche\",\"Kanada\",\"Meinungs\u00e4u\u00dferung\",\"sch\u00fctzt\",\"Terroristen\",\"Wie\"],\"articleSection\":[\"Deutschland\",\"Russland\"],\"inLanguage\":\"de\",\"potentialAction\":[{\"@type\":\"CommentAction\",\"name\":\"Comment\",\"target\":[\"https:\/\/now-news.de\/de\/deutschland\/freie-meinungsaeusserung-fuer-terroristen-wie-kanada-gefaehrliche-extremisten-schuetzt\/#respond\"]}]},{\"@type\":\"WebPage\",\"@id\":\"https:\/\/now-news.de\/de\/deutschland\/freie-meinungsaeusserung-fuer-terroristen-wie-kanada-gefaehrliche-extremisten-schuetzt\/\",\"url\":\"https:\/\/now-news.de\/de\/deutschland\/freie-meinungsaeusserung-fuer-terroristen-wie-kanada-gefaehrliche-extremisten-schuetzt\/\",\"name\":\"Freie Meinungs\u00e4u\u00dferung f\u00fcr Terroristen: Wie Kanada gef\u00e4hrliche Extremisten sch\u00fctzt - just-now.NEWS Deutschland\",\"isPartOf\":{\"@id\":\"https:\/\/now-news.de\/de\/#website\"},\"primaryImageOfPage\":{\"@id\":\"https:\/\/now-news.de\/de\/deutschland\/freie-meinungsaeusserung-fuer-terroristen-wie-kanada-gefaehrliche-extremisten-schuetzt\/#primaryimage\"},\"image\":{\"@id\":\"https:\/\/now-news.de\/de\/deutschland\/freie-meinungsaeusserung-fuer-terroristen-wie-kanada-gefaehrliche-extremisten-schuetzt\/#primaryimage\"},\"thumbnailUrl\":\"https:\/\/now-news.de\/de\/wp-content\/uploads\/sites\/3\/2024\/10\/Freie-Meinungsaeusserung-fuer-Terroristen-Wie-Kanada-gefaehrliche-Extremisten-schuetzt.jpg\",\"datePublished\":\"2024-10-24T16:16:15+00:00\",\"dateModified\":\"2024-10-24T16:16:15+00:00\",\"breadcrumb\":{\"@id\":\"https:\/\/now-news.de\/de\/deutschland\/freie-meinungsaeusserung-fuer-terroristen-wie-kanada-gefaehrliche-extremisten-schuetzt\/#breadcrumb\"},\"inLanguage\":\"de\",\"potentialAction\":[{\"@type\":\"ReadAction\",\"target\":[\"https:\/\/now-news.de\/de\/deutschland\/freie-meinungsaeusserung-fuer-terroristen-wie-kanada-gefaehrliche-extremisten-schuetzt\/\"]}]},{\"@type\":\"ImageObject\",\"inLanguage\":\"de\",\"@id\":\"https:\/\/now-news.de\/de\/deutschland\/freie-meinungsaeusserung-fuer-terroristen-wie-kanada-gefaehrliche-extremisten-schuetzt\/#primaryimage\",\"url\":\"https:\/\/now-news.de\/de\/wp-content\/uploads\/sites\/3\/2024\/10\/Freie-Meinungsaeusserung-fuer-Terroristen-Wie-Kanada-gefaehrliche-Extremisten-schuetzt.jpg\",\"contentUrl\":\"https:\/\/now-news.de\/de\/wp-content\/uploads\/sites\/3\/2024\/10\/Freie-Meinungsaeusserung-fuer-Terroristen-Wie-Kanada-gefaehrliche-Extremisten-schuetzt.jpg\",\"width\":460,\"height\":259,\"caption\":\"Freie Meinungs\u00e4u\u00dferung f\u00fcr Terroristen: Wie Kanada gef\u00e4hrliche Extremisten sch\u00fctzt\"},{\"@type\":\"BreadcrumbList\",\"@id\":\"https:\/\/now-news.de\/de\/deutschland\/freie-meinungsaeusserung-fuer-terroristen-wie-kanada-gefaehrliche-extremisten-schuetzt\/#breadcrumb\",\"itemListElement\":[{\"@type\":\"ListItem\",\"position\":1,\"name\":\"Home\",\"item\":\"https:\/\/now-news.de\/de\/\"},{\"@type\":\"ListItem\",\"position\":2,\"name\":\"Freie Meinungs\u00e4u\u00dferung f\u00fcr Terroristen: Wie Kanada gef\u00e4hrliche Extremisten sch\u00fctzt\"}]},{\"@type\":\"WebSite\",\"@id\":\"https:\/\/now-news.de\/de\/#website\",\"url\":\"https:\/\/now-news.de\/de\/\",\"name\":\"just-now.NEWS Deutschland\",\"description\":\"Das Portal f\u00fcr unzensierte Nachrichten aus der Welt\",\"publisher\":{\"@id\":\"https:\/\/now-news.de\/de\/#organization\"},\"potentialAction\":[{\"@type\":\"SearchAction\",\"target\":{\"@type\":\"EntryPoint\",\"urlTemplate\":\"https:\/\/now-news.de\/de\/?s={search_term_string}\"},\"query-input\":\"required name=search_term_string\"}],\"inLanguage\":\"de\"},{\"@type\":\"Organization\",\"@id\":\"https:\/\/now-news.de\/de\/#organization\",\"name\":\"Just Now News\",\"url\":\"https:\/\/now-news.de\/de\/\",\"logo\":{\"@type\":\"ImageObject\",\"inLanguage\":\"de\",\"@id\":\"https:\/\/now-news.de\/de\/#\/schema\/logo\/image\/\",\"url\":\"http:\/\/just-now.news\/de\/wp-content\/uploads\/sites\/3\/2022\/04\/logo500x500.jpg\",\"contentUrl\":\"http:\/\/just-now.news\/de\/wp-content\/uploads\/sites\/3\/2022\/04\/logo500x500.jpg\",\"width\":500,\"height\":500,\"caption\":\"Just Now News\"},\"image\":{\"@id\":\"https:\/\/now-news.de\/de\/#\/schema\/logo\/image\/\"},\"sameAs\":[\"https:\/\/www.facebook.com\/wirmachenauf\",\"https:\/\/x.com\/WirMachenAuf_de\"]},{\"@type\":\"Person\",\"@id\":\"https:\/\/now-news.de\/de\/#\/schema\/person\/fb534a4e865501d8b3285208df34a9b5\",\"name\":\"rtnews\",\"image\":{\"@type\":\"ImageObject\",\"inLanguage\":\"de\",\"@id\":\"https:\/\/now-news.de\/de\/#\/schema\/person\/image\/\",\"url\":\"https:\/\/secure.gravatar.com\/avatar\/82aafea7d8127119dd649515f56e2117?s=96&d=mm&r=g\",\"contentUrl\":\"https:\/\/secure.gravatar.com\/avatar\/82aafea7d8127119dd649515f56e2117?s=96&d=mm&r=g\",\"caption\":\"rtnews\"},\"url\":\"https:\/\/now-news.de\/de\/author\/rnews\/\"}]}<\/script>\n<!-- \/ Yoast SEO Premium plugin. -->","yoast_head_json":{"title":"Freie Meinungs\u00e4u\u00dferung f\u00fcr Terroristen: Wie Kanada gef\u00e4hrliche Extremisten sch\u00fctzt - just-now.NEWS Deutschland","robots":{"index":"index","follow":"follow","max-snippet":"max-snippet:-1","max-image-preview":"max-image-preview:large","max-video-preview":"max-video-preview:-1"},"canonical":"https:\/\/now-news.de\/de\/deutschland\/freie-meinungsaeusserung-fuer-terroristen-wie-kanada-gefaehrliche-extremisten-schuetzt\/","og_locale":"de_DE","og_type":"article","og_title":"Freie Meinungs\u00e4u\u00dferung f\u00fcr Terroristen: Wie Kanada gef\u00e4hrliche Extremisten sch\u00fctzt","og_description":"Das diplomatische Patt zwischen Neu-Delhi und Ottawa wirft ein Schlaglicht auf die Zerrissenheit westlicher M\u00e4chte \u2013 sie setzen sich f\u00fcr eine weltweite Sicherheitszusammenarbeit ein und beherbergen gleichzeitig Elemente, die andere Nationen offen bedrohen. Von Kanwal Sibal Die Beziehungen zwischen Indien und Kanada sind ernsthaft gest\u00f6rt. Die Verantwortung daf\u00fcr liegt ganz klar auf den Schultern des [&hellip;]","og_url":"https:\/\/now-news.de\/de\/deutschland\/freie-meinungsaeusserung-fuer-terroristen-wie-kanada-gefaehrliche-extremisten-schuetzt\/","og_site_name":"just-now.NEWS Deutschland","article_publisher":"https:\/\/www.facebook.com\/wirmachenauf","article_published_time":"2024-10-24T16:16:15+00:00","og_image":[{"url":"https:\/\/now-news.de\/de\/wp-content\/uploads\/sites\/3\/2024\/10\/671910f7b480cc57a65c7dd6.jpg"}],"author":"rtnews","twitter_card":"summary_large_image","twitter_creator":"@WirMachenAuf_de","twitter_site":"@WirMachenAuf_de","twitter_misc":{"Verfasst von":"rtnews","Gesch\u00e4tzte Lesezeit":"11\u00a0Minuten"},"schema":{"@context":"https:\/\/schema.org","@graph":[{"@type":"Article","@id":"https:\/\/now-news.de\/de\/deutschland\/freie-meinungsaeusserung-fuer-terroristen-wie-kanada-gefaehrliche-extremisten-schuetzt\/#article","isPartOf":{"@id":"https:\/\/now-news.de\/de\/deutschland\/freie-meinungsaeusserung-fuer-terroristen-wie-kanada-gefaehrliche-extremisten-schuetzt\/"},"author":{"name":"rtnews","@id":"https:\/\/now-news.de\/de\/#\/schema\/person\/fb534a4e865501d8b3285208df34a9b5"},"headline":"Freie Meinungs\u00e4u\u00dferung f\u00fcr Terroristen: Wie Kanada gef\u00e4hrliche Extremisten sch\u00fctzt","datePublished":"2024-10-24T16:16:15+00:00","dateModified":"2024-10-24T16:16:15+00:00","mainEntityOfPage":{"@id":"https:\/\/now-news.de\/de\/deutschland\/freie-meinungsaeusserung-fuer-terroristen-wie-kanada-gefaehrliche-extremisten-schuetzt\/"},"wordCount":2168,"commentCount":0,"publisher":{"@id":"https:\/\/now-news.de\/de\/#organization"},"image":{"@id":"https:\/\/now-news.de\/de\/deutschland\/freie-meinungsaeusserung-fuer-terroristen-wie-kanada-gefaehrliche-extremisten-schuetzt\/#primaryimage"},"thumbnailUrl":"https:\/\/now-news.de\/de\/wp-content\/uploads\/sites\/3\/2024\/10\/Freie-Meinungsaeusserung-fuer-Terroristen-Wie-Kanada-gefaehrliche-Extremisten-schuetzt.jpg","keywords":["Extremisten","freie","f\u00fcr","Gef\u00e4hrliche","Kanada","Meinungs\u00e4u\u00dferung","sch\u00fctzt","Terroristen","Wie"],"articleSection":["Deutschland","Russland"],"inLanguage":"de","potentialAction":[{"@type":"CommentAction","name":"Comment","target":["https:\/\/now-news.de\/de\/deutschland\/freie-meinungsaeusserung-fuer-terroristen-wie-kanada-gefaehrliche-extremisten-schuetzt\/#respond"]}]},{"@type":"WebPage","@id":"https:\/\/now-news.de\/de\/deutschland\/freie-meinungsaeusserung-fuer-terroristen-wie-kanada-gefaehrliche-extremisten-schuetzt\/","url":"https:\/\/now-news.de\/de\/deutschland\/freie-meinungsaeusserung-fuer-terroristen-wie-kanada-gefaehrliche-extremisten-schuetzt\/","name":"Freie Meinungs\u00e4u\u00dferung f\u00fcr Terroristen: Wie Kanada gef\u00e4hrliche Extremisten sch\u00fctzt - just-now.NEWS Deutschland","isPartOf":{"@id":"https:\/\/now-news.de\/de\/#website"},"primaryImageOfPage":{"@id":"https:\/\/now-news.de\/de\/deutschland\/freie-meinungsaeusserung-fuer-terroristen-wie-kanada-gefaehrliche-extremisten-schuetzt\/#primaryimage"},"image":{"@id":"https:\/\/now-news.de\/de\/deutschland\/freie-meinungsaeusserung-fuer-terroristen-wie-kanada-gefaehrliche-extremisten-schuetzt\/#primaryimage"},"thumbnailUrl":"https:\/\/now-news.de\/de\/wp-content\/uploads\/sites\/3\/2024\/10\/Freie-Meinungsaeusserung-fuer-Terroristen-Wie-Kanada-gefaehrliche-Extremisten-schuetzt.jpg","datePublished":"2024-10-24T16:16:15+00:00","dateModified":"2024-10-24T16:16:15+00:00","breadcrumb":{"@id":"https:\/\/now-news.de\/de\/deutschland\/freie-meinungsaeusserung-fuer-terroristen-wie-kanada-gefaehrliche-extremisten-schuetzt\/#breadcrumb"},"inLanguage":"de","potentialAction":[{"@type":"ReadAction","target":["https:\/\/now-news.de\/de\/deutschland\/freie-meinungsaeusserung-fuer-terroristen-wie-kanada-gefaehrliche-extremisten-schuetzt\/"]}]},{"@type":"ImageObject","inLanguage":"de","@id":"https:\/\/now-news.de\/de\/deutschland\/freie-meinungsaeusserung-fuer-terroristen-wie-kanada-gefaehrliche-extremisten-schuetzt\/#primaryimage","url":"https:\/\/now-news.de\/de\/wp-content\/uploads\/sites\/3\/2024\/10\/Freie-Meinungsaeusserung-fuer-Terroristen-Wie-Kanada-gefaehrliche-Extremisten-schuetzt.jpg","contentUrl":"https:\/\/now-news.de\/de\/wp-content\/uploads\/sites\/3\/2024\/10\/Freie-Meinungsaeusserung-fuer-Terroristen-Wie-Kanada-gefaehrliche-Extremisten-schuetzt.jpg","width":460,"height":259,"caption":"Freie Meinungs\u00e4u\u00dferung f\u00fcr Terroristen: Wie Kanada gef\u00e4hrliche Extremisten sch\u00fctzt"},{"@type":"BreadcrumbList","@id":"https:\/\/now-news.de\/de\/deutschland\/freie-meinungsaeusserung-fuer-terroristen-wie-kanada-gefaehrliche-extremisten-schuetzt\/#breadcrumb","itemListElement":[{"@type":"ListItem","position":1,"name":"Home","item":"https:\/\/now-news.de\/de\/"},{"@type":"ListItem","position":2,"name":"Freie Meinungs\u00e4u\u00dferung f\u00fcr Terroristen: Wie Kanada gef\u00e4hrliche Extremisten sch\u00fctzt"}]},{"@type":"WebSite","@id":"https:\/\/now-news.de\/de\/#website","url":"https:\/\/now-news.de\/de\/","name":"just-now.NEWS Deutschland","description":"Das Portal f\u00fcr unzensierte Nachrichten aus der Welt","publisher":{"@id":"https:\/\/now-news.de\/de\/#organization"},"potentialAction":[{"@type":"SearchAction","target":{"@type":"EntryPoint","urlTemplate":"https:\/\/now-news.de\/de\/?s={search_term_string}"},"query-input":"required name=search_term_string"}],"inLanguage":"de"},{"@type":"Organization","@id":"https:\/\/now-news.de\/de\/#organization","name":"Just Now News","url":"https:\/\/now-news.de\/de\/","logo":{"@type":"ImageObject","inLanguage":"de","@id":"https:\/\/now-news.de\/de\/#\/schema\/logo\/image\/","url":"http:\/\/just-now.news\/de\/wp-content\/uploads\/sites\/3\/2022\/04\/logo500x500.jpg","contentUrl":"http:\/\/just-now.news\/de\/wp-content\/uploads\/sites\/3\/2022\/04\/logo500x500.jpg","width":500,"height":500,"caption":"Just Now News"},"image":{"@id":"https:\/\/now-news.de\/de\/#\/schema\/logo\/image\/"},"sameAs":["https:\/\/www.facebook.com\/wirmachenauf","https:\/\/x.com\/WirMachenAuf_de"]},{"@type":"Person","@id":"https:\/\/now-news.de\/de\/#\/schema\/person\/fb534a4e865501d8b3285208df34a9b5","name":"rtnews","image":{"@type":"ImageObject","inLanguage":"de","@id":"https:\/\/now-news.de\/de\/#\/schema\/person\/image\/","url":"https:\/\/secure.gravatar.com\/avatar\/82aafea7d8127119dd649515f56e2117?s=96&d=mm&r=g","contentUrl":"https:\/\/secure.gravatar.com\/avatar\/82aafea7d8127119dd649515f56e2117?s=96&d=mm&r=g","caption":"rtnews"},"url":"https:\/\/now-news.de\/de\/author\/rnews\/"}]}},"_links":{"self":[{"href":"https:\/\/now-news.de\/de\/wp-json\/wp\/v2\/posts\/71370"}],"collection":[{"href":"https:\/\/now-news.de\/de\/wp-json\/wp\/v2\/posts"}],"about":[{"href":"https:\/\/now-news.de\/de\/wp-json\/wp\/v2\/types\/post"}],"author":[{"embeddable":true,"href":"https:\/\/now-news.de\/de\/wp-json\/wp\/v2\/users\/3"}],"replies":[{"embeddable":true,"href":"https:\/\/now-news.de\/de\/wp-json\/wp\/v2\/comments?post=71370"}],"version-history":[{"count":0,"href":"https:\/\/now-news.de\/de\/wp-json\/wp\/v2\/posts\/71370\/revisions"}],"wp:featuredmedia":[{"embeddable":true,"href":"https:\/\/now-news.de\/de\/wp-json\/wp\/v2\/media\/71371"}],"wp:attachment":[{"href":"https:\/\/now-news.de\/de\/wp-json\/wp\/v2\/media?parent=71370"}],"wp:term":[{"taxonomy":"category","embeddable":true,"href":"https:\/\/now-news.de\/de\/wp-json\/wp\/v2\/categories?post=71370"},{"taxonomy":"post_tag","embeddable":true,"href":"https:\/\/now-news.de\/de\/wp-json\/wp\/v2\/tags?post=71370"}],"curies":[{"name":"wp","href":"https:\/\/api.w.org\/{rel}","templated":true}]}}