{"id":7137,"date":"2022-05-09T00:47:00","date_gmt":"2022-05-08T22:47:00","guid":{"rendered":"http:\/\/just-now.news\/de\/usa\/jill-biden-justin-trudeau-bono-von-u2-und-the-edge-besuchen-die-ukraine-am-selben-tag\/"},"modified":"2022-05-09T00:47:00","modified_gmt":"2022-05-08T22:47:00","slug":"jill-biden-justin-trudeau-bono-von-u2-und-the-edge-besuchen-die-ukraine-am-selben-tag","status":"publish","type":"post","link":"https:\/\/now-news.de\/de\/usa\/jill-biden-justin-trudeau-bono-von-u2-und-the-edge-besuchen-die-ukraine-am-selben-tag\/","title":{"rendered":"Jill Biden, Justin Trudeau, Bono von U2 und The Edge besuchen die Ukraine am selben Tag"},"content":{"rendered":"<div class=\"entry-content\">\n<p>Die Ukraine wurde am Sonntag von den westlichen Verb\u00fcndeten mit getrennten Besuchen von Jill Biden, dem kanadischen Premierminister Justin Trudeau und dem Popgruppen-U2-S\u00e4nger Bono und dem Gitarristen The Edge stark unterst\u00fctzt.  Die USA schickten auch die Gesch\u00e4ftstr\u00e4gerin Kristina Kvien f\u00fcr einen kurzen Aufenthalt in der geschlossenen Botschaft in Kiew nach Kiew, um an den Feierlichkeiten zum VE-Tag teilzunehmen.  In der Zwischenzeit blieb Joe Biden im Haus von Biden in Delaware, wo er am Sonntagmorgen an einem virtuellen G7-Selenskyy-Treffen teilnahm, bevor er sich auf den Weg zu einem machte <a rel=\"nofollow noopener\" target=\"_blank\" href=\"https:\/\/twitter.com\/DevonHeinen\/status\/1523387632809431040\">Runde Golf<\/a>.<\/p>\n<div id=\"attachment_731395\" style=\"width: 690px\" class=\"wp-caption alignnone\"><\/p>\n<p id=\"caption-attachment-731395\" class=\"wp-caption-text\">First Lady Jill Biden (L) erh\u00e4lt am 8. Mai Blumen von der ukrainischen First Lady Olena Zelenska vor einer \u00f6ffentlichen Schule, die vertriebene Sch\u00fcler in Uschhorod aufgenommen hat.  Foto: Susan Walsh\/Pool\/AFP \u00fcber Getty Images<\/p>\n<\/div>\n<p>Der Besuch von Jill Biden kr\u00f6nte eine Muttertagsreise nach Rum\u00e4nien und in die Slowakei, wo sie ukrainische Fl\u00fcchtlinge besuchte.  Biden unternahm am Sonntag eine unangek\u00fcndigte Reise \u00fcber die Grenze in die Stadt Uschhorod, wo sie die ukrainische First Lady Olena Zelenska traf.  Berichten zufolge war es das erste Mal, dass Zelenska \u00f6ffentlich gesehen wurde, seit Russlands Krieg gegen die Ukraine am 24. Februar begann.<\/p>\n<div id=\"IC1-ad\" class=\"sponsor IC1\">\n<p class=\"ad-notice flipboard-remove\" fl:fl-noexcerpt=\"true\">Werbung \u2013 die Geschichte geht unten weiter<\/p>\n<div id=\"IC1\">\n<script>\n\t\t\t\t\tif( FFADS.units.IC1 && FFADS.units.IC1.ad_type == 'custom' && FFADS.units.IC1.custom_ads && ! getCookie( 'ff_subbed' ) ) {\n\t\t\t\t\t\tdocument.getElementById( 'IC1' ).innerHTML = FFADS.units.IC1.custom_ads[0].code;\n\t\t\t\t\t\tif( ! FFADS.units.IC1.lazy_load ) eval( FFADS.units.IC1.custom_ads[0].rendering_script );\n\t\t\t\t\t}\n\t\t\t\t\telse if( FFADS.units.IC1 && ! getCookie( 'ff_subbed' ) ) {\n\t\t\t\t\t\tif( 'IC' != 'SB' && 'IC' != 'SA' && FFADS.use_fixed_containers ) {\n\t\t\t\t\t\t\tlet max_wh = firefly_size_list_to_max_wh( FFADS.units.IC1.sizes );\n\t\t\t\t\t\t\tlet el = document.querySelector( '#IC1' );\n\t\t\t\t\t\t\tif( 'IC' != 'SA' && FFADS.slide_pixels ) {\n\t\t\t\t\t\t\t\tmax_wh[1] += parseInt( FFADS.slide_pixels );\n\t\t\t\t\t\t\t\tel.classList.add( 'sliding' );\n\t\t\t\t\t\t\t}\n\t\t\t\t\t\t\tel.style.width = max_wh[0] + 'px';\n\t\t\t\t\t\t\tel.style.height = max_wh[1] + 'px';\n\t\t\t\t\t\t\tel.classList.add( 'fixed-size' );\n\t\t\t\t\t\t}\n\t\t\t\t\t\tgoogletag.cmd.push( function() {\n\t\t\t\t\t\t\tFFADS.debug( 'googletag.displaying IC1' );\n\t\t\t\t\t\t\tgoogletag.display( 'IC1' );\n\t\t\t\t\t\t} );\n\t\t\t\t\t}\n\t\t\t\t\telse {\n\t\t\t\t\t\tdocument.querySelector( '#IC1-ad' ).style.display = 'none';}\n\t\t\t\t<\/script><\/div>\n<\/div>\n<blockquote class=\"twitter-tweet\" data-width=\"500\" data-dnt=\"true\">\n<p lang=\"en\" dir=\"ltr\">Der Moment Die First Ladies Jill Biden ???????? und Olena Zelenska ???????? trafen sich heute in Uschhorod, Ukraine <a rel=\"nofollow noopener\" target=\"_blank\" href=\"https:\/\/t.co\/9UsdBBA6Eh\">pic.twitter.com\/9UsdBBA6Eh<\/a><\/p>\n<p>\u2013 Michael LaRosa (@MichaelLaRosa46) <a rel=\"nofollow noopener\" target=\"_blank\" href=\"https:\/\/twitter.com\/MichaelLaRosa46\/status\/1523293046183383041?ref_src=twsrc%5Etfw\">8. Mai 2022<\/a><\/p>\n<\/blockquote>\n<p><script async src=\"https:\/\/platform.twitter.com\/widgets.js\" charset=\"utf-8\"><\/script><\/p>\n<blockquote class=\"twitter-tweet\" data-width=\"500\" data-dnt=\"true\">\n<p lang=\"en\" dir=\"ltr\"><a rel=\"nofollow noopener\" target=\"_blank\" href=\"https:\/\/twitter.com\/hashtag\/BREAKING?src=hash&amp;ref_src=twsrc%5Etfw\">#BRECHEN<\/a> (\u00fcber WH Pressepool)<br \/>US FLOTUS <a rel=\"nofollow noopener\" target=\"_blank\" href=\"https:\/\/twitter.com\/hashtag\/JillBiden?src=hash&amp;ref_src=twsrc%5Etfw\">#Jill Biden<\/a> trat ein <a rel=\"nofollow noopener\" target=\"_blank\" href=\"https:\/\/twitter.com\/hashtag\/Ukraine?src=hash&amp;ref_src=twsrc%5Etfw\">#Ukraine<\/a> und traf sich mit der First Lady der Ukraine, <a rel=\"nofollow noopener\" target=\"_blank\" href=\"https:\/\/twitter.com\/hashtag\/OlenaZelenska?src=hash&amp;ref_src=twsrc%5Etfw\">#OlenaZelenska<\/a>.<\/p>\n<p>Pool: \u201eDas ist das erste Mal <a rel=\"nofollow noopener\" target=\"_blank\" href=\"https:\/\/twitter.com\/hashtag\/Zelenska?src=hash&amp;ref_src=twsrc%5Etfw\">#Zelenska<\/a> ist laut US-Beamtem seit dem 24. Februar, dem Datum der russischen Invasion, \u00f6ffentlich aufgetreten.&#8221;<a rel=\"nofollow noopener\" target=\"_blank\" href=\"https:\/\/twitter.com\/hashtag\/Russia?src=hash&amp;ref_src=twsrc%5Etfw\">#Russland<\/a> <a rel=\"nofollow noopener\" target=\"_blank\" href=\"https:\/\/twitter.com\/hashtag\/Putin?src=hash&amp;ref_src=twsrc%5Etfw\">#Putin<\/a> <a rel=\"nofollow noopener\" target=\"_blank\" href=\"https:\/\/twitter.com\/hashtag\/Zelensky?src=hash&amp;ref_src=twsrc%5Etfw\">#Zelensky<\/a> <a rel=\"nofollow noopener\" target=\"_blank\" href=\"https:\/\/t.co\/NEPanIqaaY\">pic.twitter.com\/NEPanIqaaY<\/a><\/p>\n<p>\u2013 Devon Heinen (@DevonHeinen) <a rel=\"nofollow noopener\" target=\"_blank\" href=\"https:\/\/twitter.com\/DevonHeinen\/status\/1523313681672548353?ref_src=twsrc%5Etfw\">8. Mai 2022<\/a><\/p>\n<\/blockquote>\n<p><script async src=\"https:\/\/platform.twitter.com\/widgets.js\" charset=\"utf-8\"><\/script><\/p>\n<p><script>\n\t\t\t\t\tif( ! getCookie( 'ff_subbed' ) ) if( typeof FFADS.replace_ict != 'undefined' ) if( FFADS.replace_ict ) eval( FFADS.replace_ict );\n\t\t\t\t<\/script><\/p>\n<blockquote class=\"twitter-tweet\" data-width=\"500\" data-dnt=\"true\">\n<p lang=\"en\" dir=\"ltr\">\u201eWir verstehen, was es braucht, damit die US-First Lady w\u00e4hrend eines Krieges hierher kommt, wo die milit\u00e4rischen Aktionen jeden Tag stattfinden, wo die Luftsirenen jeden Tag ert\u00f6nen, sogar heute noch\u201c, sagte Olena Zelenska <a rel=\"nofollow noopener\" target=\"_blank\" href=\"https:\/\/twitter.com\/FLOTUS?ref_src=twsrc%5Etfw\">@Flotus<\/a> in der Ukraine.  https:\/\/t.co\/vz3K0sSYeW <a rel=\"nofollow noopener\" target=\"_blank\" href=\"https:\/\/t.co\/EinrenPJCG\">pic.twitter.com\/EinrenPJCG<\/a><\/p>\n<p>\u2014 Katie Rogers (@katierogers) <a rel=\"nofollow noopener\" target=\"_blank\" href=\"https:\/\/twitter.com\/katierogers\/status\/1523302761718116353?ref_src=twsrc%5Etfw\">8. Mai 2022<\/a><\/p>\n<\/blockquote>\n<p><script async src=\"https:\/\/platform.twitter.com\/widgets.js\" charset=\"utf-8\"><\/script><\/p>\n<blockquote class=\"twitter-tweet\" data-width=\"500\" data-dnt=\"true\">\n<p lang=\"en\" dir=\"ltr\">UZHHOROD, Ukraine \u2013 Szenen von Jill Bidens unangek\u00fcndigtem Besuch in der Ukraine, wo sie Olena Zelenska, die First Lady, traf https:\/\/t.co\/vTgDSil2jr <a rel=\"nofollow noopener\" target=\"_blank\" href=\"https:\/\/t.co\/lovoYhuRFm\">pic.twitter.com\/lovoYhuRFm<\/a><\/p>\n<p>\u2014 Tyler Pager (@tylerpager) <a rel=\"nofollow noopener\" target=\"_blank\" href=\"https:\/\/twitter.com\/tylerpager\/status\/1523296594115932160?ref_src=twsrc%5Etfw\">8. Mai 2022<\/a><\/p>\n<\/blockquote>\n<p><script async src=\"https:\/\/platform.twitter.com\/widgets.js\" charset=\"utf-8\"><\/script><\/p>\n<div id=\"IC2-ad\" class=\"sponsor IC2\">\n<p class=\"ad-notice flipboard-remove\" fl:fl-noexcerpt=\"true\">Werbung \u2013 die Geschichte geht unten weiter<\/p>\n<div id=\"IC2\">\n<script>\n\t\t\t\t\tif( FFADS.units.IC2 && FFADS.units.IC2.ad_type == 'custom' && FFADS.units.IC2.custom_ads && ! getCookie( 'ff_subbed' ) ) {\n\t\t\t\t\t\tdocument.getElementById( 'IC2' ).innerHTML = FFADS.units.IC2.custom_ads[0].code;\n\t\t\t\t\t\tif( ! FFADS.units.IC2.lazy_load ) eval( FFADS.units.IC2.custom_ads[0].rendering_script );\n\t\t\t\t\t}\n\t\t\t\t\telse if( FFADS.units.IC2 && ! getCookie( 'ff_subbed' ) ) {\n\t\t\t\t\t\tif( 'IC' != 'SB' && 'IC' != 'SA' && FFADS.use_fixed_containers ) {\n\t\t\t\t\t\t\tlet max_wh = firefly_size_list_to_max_wh( FFADS.units.IC2.sizes );\n\t\t\t\t\t\t\tlet el = document.querySelector( '#IC2' );\n\t\t\t\t\t\t\tif( 'IC' != 'SA' && FFADS.slide_pixels ) {\n\t\t\t\t\t\t\t\tmax_wh[1] += parseInt( FFADS.slide_pixels );\n\t\t\t\t\t\t\t\tel.classList.add( 'sliding' );\n\t\t\t\t\t\t\t}\n\t\t\t\t\t\t\tel.style.width = max_wh[0] + 'px';\n\t\t\t\t\t\t\tel.style.height = max_wh[1] + 'px';\n\t\t\t\t\t\t\tel.classList.add( 'fixed-size' );\n\t\t\t\t\t\t}\n\t\t\t\t\t\tgoogletag.cmd.push( function() {\n\t\t\t\t\t\t\tFFADS.debug( 'googletag.displaying IC2' );\n\t\t\t\t\t\t\tgoogletag.display( 'IC2' );\n\t\t\t\t\t\t} );\n\t\t\t\t\t}\n\t\t\t\t\telse {\n\t\t\t\t\t\tdocument.querySelector( '#IC2-ad' ).style.display = 'none';}\n\t\t\t\t<\/script><\/div>\n<\/div>\n<blockquote class=\"twitter-tweet\" data-width=\"500\" data-dnt=\"true\">\n<p lang=\"en\" dir=\"ltr\">Heute habe ich mit den Staats- und Regierungschefs der G7 und Pr\u00e4sident Selenskyj \u00fcber unsere eiserne Einigkeit und unser Engagement gesprochen, die Ukraine weiter zu st\u00e4rken und den Schmerz f\u00fcr Putin zu versch\u00e4rfen. <a rel=\"nofollow noopener\" target=\"_blank\" href=\"https:\/\/t.co\/15FYYnfueS\">pic.twitter.com\/15FYYnfueS<\/a><\/p>\n<p>\u2013 Pr\u00e4sident Biden (@POTUS) <a rel=\"nofollow noopener\" target=\"_blank\" href=\"https:\/\/twitter.com\/POTUS\/status\/1523354677676412934?ref_src=twsrc%5Etfw\">8. Mai 2022<\/a><\/p>\n<\/blockquote>\n<p><script async src=\"https:\/\/platform.twitter.com\/widgets.js\" charset=\"utf-8\"><\/script><\/p>\n<blockquote class=\"twitter-tweet\" data-width=\"500\" data-dnt=\"true\">\n<p lang=\"en\" dir=\"ltr\">Unsere Gesch\u00e4ftstr\u00e4gerin Kristina Kvien und eine kleine Gruppe von Diplomaten sind heute nach Kiew gereist, um diplomatische Verpflichtungen zu erf\u00fcllen, w\u00e4hrend wir weiterhin die Wiederaufnahme planen <a rel=\"nofollow noopener\" target=\"_blank\" href=\"https:\/\/twitter.com\/USEmbassyKyiv?ref_src=twsrc%5Etfw\">@USEmbassyKiew<\/a> Operationen.  Wunderbar, ihre Ankunft in Kiew zu sehen. <a rel=\"nofollow noopener\" target=\"_blank\" href=\"https:\/\/twitter.com\/hashtag\/UnitedWithUkraine?src=hash&amp;ref_src=twsrc%5Etfw\">#UnitedWithUkraine<\/a> https:\/\/t.co\/jsWMhLOFUH<\/p>\n<p>\u2013 Sekret\u00e4r Antony Blinken (@SecBlinken) <a rel=\"nofollow noopener\" target=\"_blank\" href=\"https:\/\/twitter.com\/SecBlinken\/status\/1523359761114181632?ref_src=twsrc%5Etfw\">8. Mai 2022<\/a><\/p>\n<\/blockquote>\n<p><script async src=\"https:\/\/platform.twitter.com\/widgets.js\" charset=\"utf-8\"><\/script><\/p>\n<p>Trudeau war in Kiew, um die kanadische Botschaft wieder zu er\u00f6ffnen und sich mit Pr\u00e4sident Wolodymyr Selenskyj zu treffen.  Trudeau besuchte auch den Kiewer Vorort Irpin.<\/p>\n<blockquote class=\"twitter-tweet\" data-width=\"500\" data-dnt=\"true\">\n<p lang=\"en\" dir=\"ltr\">Der kanadische Premierminister Justin Trudeau hebt Maple Leaf \u00fcber der Botschaft in Kiew, als diese wiederer\u00f6ffnet wird.  Trudeau verbrachte den Tag mit dem ukrainischen Pr\u00e4sidenten Selenskyj. <a rel=\"nofollow noopener\" target=\"_blank\" href=\"https:\/\/t.co\/FNQ7pq68Aj\">pic.twitter.com\/FNQ7pq68Aj<\/a><\/p>\n<p>\u2013 Paul Workman (@PaulCTV) <a rel=\"nofollow noopener\" target=\"_blank\" href=\"https:\/\/twitter.com\/PaulCTV\/status\/1523303970571452416?ref_src=twsrc%5Etfw\">8. Mai 2022<\/a><\/p>\n<\/blockquote>\n<p><script async src=\"https:\/\/platform.twitter.com\/widgets.js\" charset=\"utf-8\"><\/script><\/p>\n<blockquote class=\"twitter-tweet\" data-width=\"500\" data-dnt=\"true\">\n<p lang=\"en\" dir=\"ltr\">\u26a1\ufe0fDer kanadische Premierminister stattet Irpin einen \u00dcberraschungsbesuch ab. <\/p>\n<p>Justin Trudeau besuchte die Stadt Irpin im Oblast Kiew und traf ihren B\u00fcrgermeister Oleksandr Markushyn.  Foto: Oleksandr Markushyn. <a rel=\"nofollow noopener\" target=\"_blank\" href=\"https:\/\/t.co\/qh93jZWus9\">pic.twitter.com\/qh93jZWus9<\/a><\/p>\n<p>\u2014 The Kiew Independent (@KyivIndependent) <a rel=\"nofollow noopener\" target=\"_blank\" href=\"https:\/\/twitter.com\/KyivIndependent\/status\/1523307225485352965?ref_src=twsrc%5Etfw\">8. Mai 2022<\/a><\/p>\n<\/blockquote>\n<p><script async src=\"https:\/\/platform.twitter.com\/widgets.js\" charset=\"utf-8\"><\/script><\/p>\n<div id=\"IC3-ad\" class=\"sponsor IC3\">\n<p class=\"ad-notice flipboard-remove\" fl:fl-noexcerpt=\"true\">Werbung \u2013 die Geschichte geht unten weiter<\/p>\n<div id=\"IC3\">\n<script>\n\t\t\t\t\tif( FFADS.units.IC3 && FFADS.units.IC3.ad_type == 'custom' && FFADS.units.IC3.custom_ads && ! getCookie( 'ff_subbed' ) ) {\n\t\t\t\t\t\tdocument.getElementById( 'IC3' ).innerHTML = FFADS.units.IC3.custom_ads[0].code;\n\t\t\t\t\t\tif( ! FFADS.units.IC3.lazy_load ) eval( FFADS.units.IC3.custom_ads[0].rendering_script );\n\t\t\t\t\t}\n\t\t\t\t\telse if( FFADS.units.IC3 && ! getCookie( 'ff_subbed' ) ) {\n\t\t\t\t\t\tif( 'IC' != 'SB' && 'IC' != 'SA' && FFADS.use_fixed_containers ) {\n\t\t\t\t\t\t\tlet max_wh = firefly_size_list_to_max_wh( FFADS.units.IC3.sizes );\n\t\t\t\t\t\t\tlet el = document.querySelector( '#IC3' );\n\t\t\t\t\t\t\tif( 'IC' != 'SA' && FFADS.slide_pixels ) {\n\t\t\t\t\t\t\t\tmax_wh[1] += parseInt( FFADS.slide_pixels );\n\t\t\t\t\t\t\t\tel.classList.add( 'sliding' );\n\t\t\t\t\t\t\t}\n\t\t\t\t\t\t\tel.style.width = max_wh[0] + 'px';\n\t\t\t\t\t\t\tel.style.height = max_wh[1] + 'px';\n\t\t\t\t\t\t\tel.classList.add( 'fixed-size' );\n\t\t\t\t\t\t}\n\t\t\t\t\t\tgoogletag.cmd.push( function() {\n\t\t\t\t\t\t\tFFADS.debug( 'googletag.displaying IC3' );\n\t\t\t\t\t\t\tgoogletag.display( 'IC3' );\n\t\t\t\t\t\t} );\n\t\t\t\t\t}\n\t\t\t\t\telse {\n\t\t\t\t\t\tdocument.querySelector( '#IC3-ad' ).style.display = 'none';}\n\t\t\t\t<\/script><\/div>\n<\/div>\n<blockquote class=\"twitter-tweet\" data-width=\"500\" data-dnt=\"true\">\n<p lang=\"en\" dir=\"ltr\">Trudeau trifft sich mit Selenskyj in Kiew, k\u00fcndigt weitere milit\u00e4rische Unterst\u00fctzung f\u00fcr die Ukraine an, Sanktionen gegen Russen https:\/\/t.co\/KJ5big6yQl <a rel=\"nofollow noopener\" target=\"_blank\" href=\"https:\/\/t.co\/Knmx0sNzQY\">pic.twitter.com\/Knmx0sNzQY<\/a><\/p>\n<p>\u2014 CTV Nachrichten (@CTVNews) <a rel=\"nofollow noopener\" target=\"_blank\" href=\"https:\/\/twitter.com\/CTVNews\/status\/1523403673753239552?ref_src=twsrc%5Etfw\">8. Mai 2022<\/a><\/p>\n<\/blockquote>\n<p><script async src=\"https:\/\/platform.twitter.com\/widgets.js\" charset=\"utf-8\"><\/script><\/p>\n<blockquote class=\"twitter-tweet\" data-width=\"500\" data-dnt=\"true\">\n<p lang=\"en\" dir=\"ltr\"><a rel=\"nofollow noopener\" target=\"_blank\" href=\"https:\/\/twitter.com\/hashtag\/Canadian?src=hash&amp;ref_src=twsrc%5Etfw\">#Kanadisch<\/a> Premierminister Justin <a rel=\"nofollow noopener\" target=\"_blank\" href=\"https:\/\/twitter.com\/hashtag\/Trudeau?src=hash&amp;ref_src=twsrc%5Etfw\">#Trudeau<\/a> wurde Patron vorgestellt, einem Hund, der beim R\u00e4umen von Minen in befreiten L\u00e4ndern hilft <a rel=\"nofollow noopener\" target=\"_blank\" href=\"https:\/\/twitter.com\/hashtag\/Ukrainian?src=hash&amp;ref_src=twsrc%5Etfw\">#Ukrainisch<\/a> Gebiete. <a rel=\"nofollow noopener\" target=\"_blank\" href=\"https:\/\/t.co\/CbFMZBqhYo\">pic.twitter.com\/CbFMZBqhYo<\/a><\/p>\n<p>\u2014 NEXTA (@nexta_tv) <a rel=\"nofollow noopener\" target=\"_blank\" href=\"https:\/\/twitter.com\/nexta_tv\/status\/1523395044635721728?ref_src=twsrc%5Etfw\">8. Mai 2022<\/a><\/p>\n<\/blockquote>\n<p><script async src=\"https:\/\/platform.twitter.com\/widgets.js\" charset=\"utf-8\"><\/script><\/p>\n<p>Bono und The Edge spielten ein Konzert in einer Kiewer U-Bahnstation, die als Luftschutzbunker dient.  Sie besuchten auch die befreiten St\u00e4dte Borodyanka, Irpin und Bucha, wo w\u00e4hrend der Besatzungszeit ein russisches Massaker an Zivilisten stattfand.<\/p>\n<blockquote class=\"twitter-tweet\" data-width=\"500\" data-dnt=\"true\">\n<p lang=\"en\" dir=\"ltr\">U2-Frontmann Bono und sein Bandkollege The Edge gaben ein 40-min\u00fctiges Konzert in einer U-Bahn-Station in Kiew und lobten die Ukrainer, die f\u00fcr ihre Freiheit von Russland k\u00e4mpfen https:\/\/t.co\/TxN28WvMxF <a rel=\"nofollow noopener\" target=\"_blank\" href=\"https:\/\/t.co\/5cw71Zp2VD\">pic.twitter.com\/5cw71Zp2VD<\/a><\/p>\n<p>\u2013 Reuters (@Reuters) <a rel=\"nofollow noopener\" target=\"_blank\" href=\"https:\/\/twitter.com\/Reuters\/status\/1523363854134112256?ref_src=twsrc%5Etfw\">8. Mai 2022<\/a><\/p>\n<\/blockquote>\n<p><script async src=\"https:\/\/platform.twitter.com\/widgets.js\" charset=\"utf-8\"><\/script><\/p>\n<div id=\"IC4-ad\" class=\"sponsor IC4\">\n<p class=\"ad-notice flipboard-remove\" fl:fl-noexcerpt=\"true\">Werbung \u2013 die Geschichte geht unten weiter<\/p>\n<div id=\"IC4\">\n<script>\n\t\t\t\t\tif( FFADS.units.IC4 && FFADS.units.IC4.ad_type == 'custom' && FFADS.units.IC4.custom_ads && ! getCookie( 'ff_subbed' ) ) {\n\t\t\t\t\t\tdocument.getElementById( 'IC4' ).innerHTML = FFADS.units.IC4.custom_ads[0].code;\n\t\t\t\t\t\tif( ! FFADS.units.IC4.lazy_load ) eval( FFADS.units.IC4.custom_ads[0].rendering_script );\n\t\t\t\t\t}\n\t\t\t\t\telse if( FFADS.units.IC4 && ! getCookie( 'ff_subbed' ) ) {\n\t\t\t\t\t\tif( 'IC' != 'SB' && 'IC' != 'SA' && FFADS.use_fixed_containers ) {\n\t\t\t\t\t\t\tlet max_wh = firefly_size_list_to_max_wh( FFADS.units.IC4.sizes );\n\t\t\t\t\t\t\tlet el = document.querySelector( '#IC4' );\n\t\t\t\t\t\t\tif( 'IC' != 'SA' && FFADS.slide_pixels ) {\n\t\t\t\t\t\t\t\tmax_wh[1] += parseInt( FFADS.slide_pixels );\n\t\t\t\t\t\t\t\tel.classList.add( 'sliding' );\n\t\t\t\t\t\t\t}\n\t\t\t\t\t\t\tel.style.width = max_wh[0] + 'px';\n\t\t\t\t\t\t\tel.style.height = max_wh[1] + 'px';\n\t\t\t\t\t\t\tel.classList.add( 'fixed-size' );\n\t\t\t\t\t\t}\n\t\t\t\t\t\tgoogletag.cmd.push( function() {\n\t\t\t\t\t\t\tFFADS.debug( 'googletag.displaying IC4' );\n\t\t\t\t\t\t\tgoogletag.display( 'IC4' );\n\t\t\t\t\t\t} );\n\t\t\t\t\t}\n\t\t\t\t\telse {\n\t\t\t\t\t\tdocument.querySelector( '#IC4-ad' ).style.display = 'none';}\n\t\t\t\t<\/script><\/div>\n<\/div>\n<blockquote class=\"twitter-tweet\" data-width=\"500\" data-dnt=\"true\">\n<p lang=\"en\" dir=\"ltr\">Bono und U2 treten in der U-Bahnstation Chreschtschatyk auf <a rel=\"nofollow noopener\" target=\"_blank\" href=\"https:\/\/twitter.com\/hashtag\/Kyiv?src=hash&amp;ref_src=twsrc%5Etfw\">#Kiew<\/a> ???????? <a rel=\"nofollow noopener\" target=\"_blank\" href=\"https:\/\/t.co\/XmVniIGvcH\">pic.twitter.com\/XmVniIGvcH<\/a><\/p>\n<p>\u2014 Anonyme Operationen (@AnonOpsSE) <a rel=\"nofollow noopener\" target=\"_blank\" href=\"https:\/\/twitter.com\/AnonOpsSE\/status\/1523281445397041152?ref_src=twsrc%5Etfw\">8. Mai 2022<\/a><\/p>\n<\/blockquote>\n<p><script async src=\"https:\/\/platform.twitter.com\/widgets.js\" charset=\"utf-8\"><\/script><\/p>\n<blockquote class=\"twitter-tweet\" data-width=\"500\" data-dnt=\"true\">\n<p lang=\"fi\" dir=\"ltr\">Bono (U2) heute in der U-Bahn Kiew ????????????<a rel=\"nofollow noopener\" target=\"_blank\" href=\"https:\/\/twitter.com\/hashtag\/Ukraine?src=hash&amp;ref_src=twsrc%5Etfw\">#Ukraine<\/a> <a rel=\"nofollow noopener\" target=\"_blank\" href=\"https:\/\/t.co\/rBnRzLxSFt\">pic.twitter.com\/rBnRzLxSFt<\/a><\/p>\n<p>\u2014 Kristina Berdynskykh (@berdynskykh_k) <a rel=\"nofollow noopener\" target=\"_blank\" href=\"https:\/\/twitter.com\/berdynskykh_k\/status\/1523263003277156355?ref_src=twsrc%5Etfw\">8. Mai 2022<\/a><\/p>\n<\/blockquote>\n<p><script async src=\"https:\/\/platform.twitter.com\/widgets.js\" charset=\"utf-8\"><\/script><\/p>\n<blockquote class=\"twitter-tweet\" data-width=\"500\" data-dnt=\"true\">\n<p lang=\"en\" dir=\"ltr\">U2-Frontmann Bono besuchte das Gel\u00e4nde einer Kirche in Bucha, Ukraine, wo im M\u00e4rz nach dem Abzug russischer Truppen aus der Stadt ein Massengrab gefunden wurde.  Am Sonntag zuvor traten Bono und sein Bandkollege The Edge in einer U-Bahn-Station in Kiew auf.  https:\/\/t.co\/w4yDSxQbhn <a rel=\"nofollow noopener\" target=\"_blank\" href=\"https:\/\/t.co\/jvw0e4t1qf\">pic.twitter.com\/jvw0e4t1qf<\/a><\/p>\n<p>\u2013 Die New York Times (@nytimes) <a rel=\"nofollow noopener\" target=\"_blank\" href=\"https:\/\/twitter.com\/nytimes\/status\/1523412445615693824?ref_src=twsrc%5Etfw\">8. Mai 2022<\/a><\/p>\n<\/blockquote>\n<p><script async src=\"https:\/\/platform.twitter.com\/widgets.js\" charset=\"utf-8\"><\/script><\/p>\n<p>Die Besuche erfolgten, als bekannt wurde, dass eine ukrainische Schule in Luhansk von Russland bombardiert wurde, wobei Dutzende von Toten bef\u00fcrchtet wurden.<\/p>\n<div id=\"REP_0-ad\" class=\"sponsor REP\">\n<p class=\"ad-notice flipboard-remove\" fl:fl-noexcerpt=\"true\">Werbung \u2013 die Geschichte geht unten weiter<\/p>\n<div id=\"REP_0\">\n<script>\n\t\t\t\t\tif( FFADS.units.IC5 && FFADS.units.IC5.ad_type == 'custom' && FFADS.units.IC5.custom_ads && ! getCookie( 'ff_subbed' ) ) {\n\t\t\t\t\t\tdocument.getElementById( 'REP_0' ).innerHTML = FFADS.units.IC5.custom_ads[0].code;\n\t\t\t\t\t\tif( ! FFADS.units.IC5.lazy_load ) eval( FFADS.units.IC5.custom_ads[0].rendering_script );\n\t\t\t\t\t}\n\t\t\t\t\telse if( FFADS.units.IC5 && ! getCookie( 'ff_subbed' ) ) {\n\t\t\t\t\t\tif( 'RE' != 'SB' && 'RE' != 'SA' && FFADS.use_fixed_containers ) {\n\t\t\t\t\t\t\tlet max_wh = firefly_size_list_to_max_wh( FFADS.units.IC5.sizes );\n\t\t\t\t\t\t\tlet el = document.querySelector( '#REP_0' );\n\t\t\t\t\t\t\tif( 'RE' != 'SA' && FFADS.slide_pixels ) {\n\t\t\t\t\t\t\t\tmax_wh[1] += parseInt( FFADS.slide_pixels );\n\t\t\t\t\t\t\t\tel.classList.add( 'sliding' );\n\t\t\t\t\t\t\t}\n\t\t\t\t\t\t\tel.style.width = max_wh[0] + 'px';\n\t\t\t\t\t\t\tel.style.height = max_wh[1] + 'px';\n\t\t\t\t\t\t\tel.classList.add( 'fixed-size' );\n\t\t\t\t\t\t}\n\t\t\t\t\t\tgoogletag.cmd.push( function() {\n\t\t\t\t\t\t\tFFADS.debug( 'googletag.displaying REP_0' );\n\t\t\t\t\t\t\tgoogletag.display( 'REP_0' );\n\t\t\t\t\t\t} );\n\t\t\t\t\t}\n\t\t\t\t\telse {\n\t\t\t\t\t\tdocument.querySelector( '#REP_0-ad' ).style.display = 'none';}\n\t\t\t\t<\/script><\/div>\n<\/div>\n<blockquote class=\"twitter-tweet\" data-width=\"500\" data-dnt=\"true\">\n<p lang=\"en\" dir=\"ltr\">Ukraine-Krieg: Dutzende Tote bef\u00fcrchtet, nachdem Bombe die Schule getroffen hat https:\/\/t.co\/SzRJG7lNud<\/p>\n<p>\u2013 BBC News (Welt) (@BBCWorld) <a rel=\"nofollow noopener\" target=\"_blank\" href=\"https:\/\/twitter.com\/BBCWorld\/status\/1523194101251727368?ref_src=twsrc%5Etfw\">8. Mai 2022<\/a><\/p>\n<\/blockquote>\n<p><script async src=\"https:\/\/platform.twitter.com\/widgets.js\" charset=\"utf-8\"><\/script><\/p>\n<p class=\"article-ask\"><span class=\"ask\"><script>\n  if( getParameterByName( \"utm_source\" ) == \"testpage\" ) {\n    !function(e,t,a,n,g){e[n]=e[n]||[],e[n].push({\"gtm.start\":(new Date).getTime(),event:\"gtm.js\"});var m=t.getElementsByTagName(a)[0],r=t.createElement(a);r.async=!0,r.src=\"https:\/\/www.googletagmanager.com\/gtm.js?id=GTM-PL4PD49\",m.parentNode.insertBefore(r,m)}(window.parent,window.parent.document,\"script\",\"dataLayer\");\n    var iframe=window.parent.document.createElement(\"iframe\");iframe.src=\"https:\/\/www.googletagmanager.com\/ns.html?id=GTM-PL4PD49\";iframe.height=\"0\";iframe.width=\"0\";iframe.style=\"display:none;visibility:hidden\";window.parent.document.body.appendChild(iframe);\n    window.parent[\"$$mm-analytics\"] = window.parent[\"$$mm-analytics\"] || {};if (typeof window.parent[\"$$mm-analytics\"].firstEmbed === \"undefined\") {window.parent[\"$$mm-analytics\"].firstEmbed = Date.now();}\n    let as1 = document.createElement( \"script\" );\n    as1.src = \"https:\/\/bucket1.mm-syringe.com\/prod\/configs\/ee2300c8-43d2-7f0b-dac0-40aaf31c9d3d.js\";\n    document.body.appendChild( as1 );\n    let as2 = document.createElement( \"script\" );\n    as2.src = \"https:\/\/bucket1.mm-syringe.com\/prod\/injector\/injector.1.5.3.js\";\n    document.body.appendChild( as2 );\n  }\n<\/script><\/p>\n<div class=\"apester-media\" data-token=\"5f10a39f94902bc81d3d59a7\" data-context=\"true\" data-tags=\"\" data-fallback=\"true\" height=\"350\"><\/div>\n<p><script id=\"apester_script\" src=\"https:\/\/static.apester.com\/js\/sdk\/latest\/apester-sdk.js\" async><\/script><script async src=\"https:\/\/www.googletagmanager.com\/gtag\/js?id=G-EFE91RJVSQ\"><\/script><script>\n  window.dataLayer = window.dataLayer || [];\n  function gtag(){dataLayer.push(arguments);}\n  gtag(\\'js\\', new Date());\n  gtag(\\'config\\', \\'G-EFE91RJVSQ\\');\n<\/script><\/span><\/p>\n<\/div>\n<p><br \/>\n<br \/><a href=\"https:\/\/www.thegatewaypundit.com\/2022\/05\/jill-biden-justin-trudeau-u2s-bono-edge-visit-ukraine-day\/\">Source link <\/a><\/p>\n","protected":false},"excerpt":{"rendered":"<p>Die Ukraine wurde am Sonntag von den westlichen Verb\u00fcndeten mit getrennten Besuchen von Jill Biden, dem kanadischen Premierminister Justin Trudeau und dem Popgruppen-U2-S\u00e4nger Bono und dem Gitarristen The Edge stark unterst\u00fctzt. Die USA schickten auch die Gesch\u00e4ftstr\u00e4gerin Kristina Kvien f\u00fcr einen kurzen Aufenthalt in der geschlossenen Botschaft in Kiew nach Kiew, um an den Feierlichkeiten [&hellip;]<\/p>\n","protected":false},"author":5,"featured_media":7138,"comment_status":"open","ping_status":"open","sticky":false,"template":"","format":"standard","meta":{"wp_automatic_camp":["1161"],"4cb01cbd1b56c0318ec5da05bbe4d87e":["Jill Biden, Justin Trudeau, Bono von U2 und The Edge besuchen die Ukraine am selben Tag\n"],"original_link":["https:\/\/www.thegatewaypundit.com\/2022\/05\/jill-biden-justin-trudeau-u2s-bono-edge-visit-ukraine-day\/"],"_thumbnail_id":["7138"],"wp_automatic_remove_first_image":["yes"],"jnews_social_counter_last_update":["1777573819"]},"categories":[25],"tags":[3527,1348,11343,45,19248,14339,2152,19249,7552,4453,127,140,50],"yoast_head":"<!-- This site is optimized with the Yoast SEO Premium plugin v22.7 (Yoast SEO v22.7) - https:\/\/yoast.com\/wordpress\/plugins\/seo\/ -->\n<title>Jill Biden, Justin Trudeau, Bono von U2 und The Edge besuchen die Ukraine am selben Tag - just-now.NEWS Deutschland<\/title>\n<meta name=\"robots\" content=\"index, follow, max-snippet:-1, max-image-preview:large, max-video-preview:-1\" \/>\n<link rel=\"canonical\" href=\"https:\/\/now-news.de\/de\/usa\/jill-biden-justin-trudeau-bono-von-u2-und-the-edge-besuchen-die-ukraine-am-selben-tag\/\" \/>\n<meta property=\"og:locale\" content=\"de_DE\" \/>\n<meta property=\"og:type\" content=\"article\" \/>\n<meta property=\"og:title\" content=\"Jill Biden, Justin Trudeau, Bono von U2 und The Edge besuchen die Ukraine am selben Tag\" \/>\n<meta property=\"og:description\" content=\"Die Ukraine wurde am Sonntag von den westlichen Verb\u00fcndeten mit getrennten Besuchen von Jill Biden, dem kanadischen Premierminister Justin Trudeau und dem Popgruppen-U2-S\u00e4nger Bono und dem Gitarristen The Edge stark unterst\u00fctzt. Die USA schickten auch die Gesch\u00e4ftstr\u00e4gerin Kristina Kvien f\u00fcr einen kurzen Aufenthalt in der geschlossenen Botschaft in Kiew nach Kiew, um an den Feierlichkeiten [&hellip;]\" \/>\n<meta property=\"og:url\" content=\"https:\/\/now-news.de\/de\/usa\/jill-biden-justin-trudeau-bono-von-u2-und-the-edge-besuchen-die-ukraine-am-selben-tag\/\" \/>\n<meta property=\"og:site_name\" content=\"just-now.NEWS Deutschland\" \/>\n<meta property=\"article:publisher\" content=\"https:\/\/www.facebook.com\/wirmachenauf\" \/>\n<meta property=\"article:published_time\" content=\"2022-05-08T22:47:00+00:00\" \/>\n<meta property=\"og:image\" content=\"https:\/\/now-news.de\/de\/wp-content\/uploads\/sites\/3\/2022\/05\/Jill-Biden-Justin-Trudeau-Bono-von-U2-und-The-Edge.jpg\" \/>\n\t<meta property=\"og:image:width\" content=\"680\" \/>\n\t<meta property=\"og:image:height\" content=\"383\" \/>\n\t<meta property=\"og:image:type\" content=\"image\/jpeg\" \/>\n<meta name=\"author\" content=\"greatreset\" \/>\n<meta name=\"twitter:card\" content=\"summary_large_image\" \/>\n<meta name=\"twitter:creator\" content=\"@WirMachenAuf_de\" \/>\n<meta name=\"twitter:site\" content=\"@WirMachenAuf_de\" \/>\n<meta name=\"twitter:label1\" content=\"Verfasst von\" \/>\n\t<meta name=\"twitter:data1\" content=\"greatreset\" \/>\n\t<meta name=\"twitter:label2\" content=\"Gesch\u00e4tzte Lesezeit\" \/>\n\t<meta name=\"twitter:data2\" content=\"4\u00a0Minuten\" \/>\n<script type=\"application\/ld+json\" class=\"yoast-schema-graph\">{\"@context\":\"https:\/\/schema.org\",\"@graph\":[{\"@type\":\"Article\",\"@id\":\"https:\/\/now-news.de\/de\/usa\/jill-biden-justin-trudeau-bono-von-u2-und-the-edge-besuchen-die-ukraine-am-selben-tag\/#article\",\"isPartOf\":{\"@id\":\"https:\/\/now-news.de\/de\/usa\/jill-biden-justin-trudeau-bono-von-u2-und-the-edge-besuchen-die-ukraine-am-selben-tag\/\"},\"author\":{\"name\":\"greatreset\",\"@id\":\"https:\/\/now-news.de\/de\/#\/schema\/person\/8afb4cd92b68572db7902c13a349ffcb\"},\"headline\":\"Jill Biden, Justin Trudeau, Bono von U2 und The Edge besuchen die Ukraine am selben Tag\",\"datePublished\":\"2022-05-08T22:47:00+00:00\",\"dateModified\":\"2022-05-08T22:47:00+00:00\",\"mainEntityOfPage\":{\"@id\":\"https:\/\/now-news.de\/de\/usa\/jill-biden-justin-trudeau-bono-von-u2-und-the-edge-besuchen-die-ukraine-am-selben-tag\/\"},\"wordCount\":904,\"commentCount\":0,\"publisher\":{\"@id\":\"https:\/\/now-news.de\/de\/#organization\"},\"image\":{\"@id\":\"https:\/\/now-news.de\/de\/usa\/jill-biden-justin-trudeau-bono-von-u2-und-the-edge-besuchen-die-ukraine-am-selben-tag\/#primaryimage\"},\"thumbnailUrl\":\"https:\/\/now-news.de\/de\/wp-content\/uploads\/sites\/3\/2022\/05\/Jill-Biden-Justin-Trudeau-Bono-von-U2-und-The-Edge.jpg\",\"keywords\":[\"Besuchen\",\"Biden\",\"Bono\",\"die\",\"Edge\",\"Jill\",\"Justin\",\"selben\",\"Tag\",\"trudeau\",\"ukraine\",\"und\",\"von\"],\"articleSection\":[\"USA\"],\"inLanguage\":\"de\",\"potentialAction\":[{\"@type\":\"CommentAction\",\"name\":\"Comment\",\"target\":[\"https:\/\/now-news.de\/de\/usa\/jill-biden-justin-trudeau-bono-von-u2-und-the-edge-besuchen-die-ukraine-am-selben-tag\/#respond\"]}]},{\"@type\":\"WebPage\",\"@id\":\"https:\/\/now-news.de\/de\/usa\/jill-biden-justin-trudeau-bono-von-u2-und-the-edge-besuchen-die-ukraine-am-selben-tag\/\",\"url\":\"https:\/\/now-news.de\/de\/usa\/jill-biden-justin-trudeau-bono-von-u2-und-the-edge-besuchen-die-ukraine-am-selben-tag\/\",\"name\":\"Jill Biden, Justin Trudeau, Bono von U2 und The Edge besuchen die Ukraine am selben Tag - just-now.NEWS Deutschland\",\"isPartOf\":{\"@id\":\"https:\/\/now-news.de\/de\/#website\"},\"primaryImageOfPage\":{\"@id\":\"https:\/\/now-news.de\/de\/usa\/jill-biden-justin-trudeau-bono-von-u2-und-the-edge-besuchen-die-ukraine-am-selben-tag\/#primaryimage\"},\"image\":{\"@id\":\"https:\/\/now-news.de\/de\/usa\/jill-biden-justin-trudeau-bono-von-u2-und-the-edge-besuchen-die-ukraine-am-selben-tag\/#primaryimage\"},\"thumbnailUrl\":\"https:\/\/now-news.de\/de\/wp-content\/uploads\/sites\/3\/2022\/05\/Jill-Biden-Justin-Trudeau-Bono-von-U2-und-The-Edge.jpg\",\"datePublished\":\"2022-05-08T22:47:00+00:00\",\"dateModified\":\"2022-05-08T22:47:00+00:00\",\"breadcrumb\":{\"@id\":\"https:\/\/now-news.de\/de\/usa\/jill-biden-justin-trudeau-bono-von-u2-und-the-edge-besuchen-die-ukraine-am-selben-tag\/#breadcrumb\"},\"inLanguage\":\"de\",\"potentialAction\":[{\"@type\":\"ReadAction\",\"target\":[\"https:\/\/now-news.de\/de\/usa\/jill-biden-justin-trudeau-bono-von-u2-und-the-edge-besuchen-die-ukraine-am-selben-tag\/\"]}]},{\"@type\":\"ImageObject\",\"inLanguage\":\"de\",\"@id\":\"https:\/\/now-news.de\/de\/usa\/jill-biden-justin-trudeau-bono-von-u2-und-the-edge-besuchen-die-ukraine-am-selben-tag\/#primaryimage\",\"url\":\"https:\/\/now-news.de\/de\/wp-content\/uploads\/sites\/3\/2022\/05\/Jill-Biden-Justin-Trudeau-Bono-von-U2-und-The-Edge.jpg\",\"contentUrl\":\"https:\/\/now-news.de\/de\/wp-content\/uploads\/sites\/3\/2022\/05\/Jill-Biden-Justin-Trudeau-Bono-von-U2-und-The-Edge.jpg\",\"width\":680,\"height\":383},{\"@type\":\"BreadcrumbList\",\"@id\":\"https:\/\/now-news.de\/de\/usa\/jill-biden-justin-trudeau-bono-von-u2-und-the-edge-besuchen-die-ukraine-am-selben-tag\/#breadcrumb\",\"itemListElement\":[{\"@type\":\"ListItem\",\"position\":1,\"name\":\"Home\",\"item\":\"https:\/\/now-news.de\/de\/\"},{\"@type\":\"ListItem\",\"position\":2,\"name\":\"Jill Biden, Justin Trudeau, Bono von U2 und The Edge besuchen die Ukraine am selben Tag\"}]},{\"@type\":\"WebSite\",\"@id\":\"https:\/\/now-news.de\/de\/#website\",\"url\":\"https:\/\/now-news.de\/de\/\",\"name\":\"just-now.NEWS Deutschland\",\"description\":\"Das Portal f\u00fcr unzensierte Nachrichten aus der Welt\",\"publisher\":{\"@id\":\"https:\/\/now-news.de\/de\/#organization\"},\"potentialAction\":[{\"@type\":\"SearchAction\",\"target\":{\"@type\":\"EntryPoint\",\"urlTemplate\":\"https:\/\/now-news.de\/de\/?s={search_term_string}\"},\"query-input\":\"required name=search_term_string\"}],\"inLanguage\":\"de\"},{\"@type\":\"Organization\",\"@id\":\"https:\/\/now-news.de\/de\/#organization\",\"name\":\"Just Now News\",\"url\":\"https:\/\/now-news.de\/de\/\",\"logo\":{\"@type\":\"ImageObject\",\"inLanguage\":\"de\",\"@id\":\"https:\/\/now-news.de\/de\/#\/schema\/logo\/image\/\",\"url\":\"http:\/\/just-now.news\/de\/wp-content\/uploads\/sites\/3\/2022\/04\/logo500x500.jpg\",\"contentUrl\":\"http:\/\/just-now.news\/de\/wp-content\/uploads\/sites\/3\/2022\/04\/logo500x500.jpg\",\"width\":500,\"height\":500,\"caption\":\"Just Now News\"},\"image\":{\"@id\":\"https:\/\/now-news.de\/de\/#\/schema\/logo\/image\/\"},\"sameAs\":[\"https:\/\/www.facebook.com\/wirmachenauf\",\"https:\/\/x.com\/WirMachenAuf_de\"]},{\"@type\":\"Person\",\"@id\":\"https:\/\/now-news.de\/de\/#\/schema\/person\/8afb4cd92b68572db7902c13a349ffcb\",\"name\":\"greatreset\",\"image\":{\"@type\":\"ImageObject\",\"inLanguage\":\"de\",\"@id\":\"https:\/\/now-news.de\/de\/#\/schema\/person\/image\/\",\"url\":\"https:\/\/secure.gravatar.com\/avatar\/a088df625d49991c090e78c8b9542592?s=96&d=mm&r=g\",\"contentUrl\":\"https:\/\/secure.gravatar.com\/avatar\/a088df625d49991c090e78c8b9542592?s=96&d=mm&r=g\",\"caption\":\"greatreset\"},\"url\":\"https:\/\/now-news.de\/de\/author\/greatreset\/\"}]}<\/script>\n<!-- \/ Yoast SEO Premium plugin. -->","yoast_head_json":{"title":"Jill Biden, Justin Trudeau, Bono von U2 und The Edge besuchen die Ukraine am selben Tag - just-now.NEWS Deutschland","robots":{"index":"index","follow":"follow","max-snippet":"max-snippet:-1","max-image-preview":"max-image-preview:large","max-video-preview":"max-video-preview:-1"},"canonical":"https:\/\/now-news.de\/de\/usa\/jill-biden-justin-trudeau-bono-von-u2-und-the-edge-besuchen-die-ukraine-am-selben-tag\/","og_locale":"de_DE","og_type":"article","og_title":"Jill Biden, Justin Trudeau, Bono von U2 und The Edge besuchen die Ukraine am selben Tag","og_description":"Die Ukraine wurde am Sonntag von den westlichen Verb\u00fcndeten mit getrennten Besuchen von Jill Biden, dem kanadischen Premierminister Justin Trudeau und dem Popgruppen-U2-S\u00e4nger Bono und dem Gitarristen The Edge stark unterst\u00fctzt. Die USA schickten auch die Gesch\u00e4ftstr\u00e4gerin Kristina Kvien f\u00fcr einen kurzen Aufenthalt in der geschlossenen Botschaft in Kiew nach Kiew, um an den Feierlichkeiten [&hellip;]","og_url":"https:\/\/now-news.de\/de\/usa\/jill-biden-justin-trudeau-bono-von-u2-und-the-edge-besuchen-die-ukraine-am-selben-tag\/","og_site_name":"just-now.NEWS Deutschland","article_publisher":"https:\/\/www.facebook.com\/wirmachenauf","article_published_time":"2022-05-08T22:47:00+00:00","og_image":[{"width":680,"height":383,"url":"https:\/\/now-news.de\/de\/wp-content\/uploads\/sites\/3\/2022\/05\/Jill-Biden-Justin-Trudeau-Bono-von-U2-und-The-Edge.jpg","type":"image\/jpeg"}],"author":"greatreset","twitter_card":"summary_large_image","twitter_creator":"@WirMachenAuf_de","twitter_site":"@WirMachenAuf_de","twitter_misc":{"Verfasst von":"greatreset","Gesch\u00e4tzte Lesezeit":"4\u00a0Minuten"},"schema":{"@context":"https:\/\/schema.org","@graph":[{"@type":"Article","@id":"https:\/\/now-news.de\/de\/usa\/jill-biden-justin-trudeau-bono-von-u2-und-the-edge-besuchen-die-ukraine-am-selben-tag\/#article","isPartOf":{"@id":"https:\/\/now-news.de\/de\/usa\/jill-biden-justin-trudeau-bono-von-u2-und-the-edge-besuchen-die-ukraine-am-selben-tag\/"},"author":{"name":"greatreset","@id":"https:\/\/now-news.de\/de\/#\/schema\/person\/8afb4cd92b68572db7902c13a349ffcb"},"headline":"Jill Biden, Justin Trudeau, Bono von U2 und The Edge besuchen die Ukraine am selben Tag","datePublished":"2022-05-08T22:47:00+00:00","dateModified":"2022-05-08T22:47:00+00:00","mainEntityOfPage":{"@id":"https:\/\/now-news.de\/de\/usa\/jill-biden-justin-trudeau-bono-von-u2-und-the-edge-besuchen-die-ukraine-am-selben-tag\/"},"wordCount":904,"commentCount":0,"publisher":{"@id":"https:\/\/now-news.de\/de\/#organization"},"image":{"@id":"https:\/\/now-news.de\/de\/usa\/jill-biden-justin-trudeau-bono-von-u2-und-the-edge-besuchen-die-ukraine-am-selben-tag\/#primaryimage"},"thumbnailUrl":"https:\/\/now-news.de\/de\/wp-content\/uploads\/sites\/3\/2022\/05\/Jill-Biden-Justin-Trudeau-Bono-von-U2-und-The-Edge.jpg","keywords":["Besuchen","Biden","Bono","die","Edge","Jill","Justin","selben","Tag","trudeau","ukraine","und","von"],"articleSection":["USA"],"inLanguage":"de","potentialAction":[{"@type":"CommentAction","name":"Comment","target":["https:\/\/now-news.de\/de\/usa\/jill-biden-justin-trudeau-bono-von-u2-und-the-edge-besuchen-die-ukraine-am-selben-tag\/#respond"]}]},{"@type":"WebPage","@id":"https:\/\/now-news.de\/de\/usa\/jill-biden-justin-trudeau-bono-von-u2-und-the-edge-besuchen-die-ukraine-am-selben-tag\/","url":"https:\/\/now-news.de\/de\/usa\/jill-biden-justin-trudeau-bono-von-u2-und-the-edge-besuchen-die-ukraine-am-selben-tag\/","name":"Jill Biden, Justin Trudeau, Bono von U2 und The Edge besuchen die Ukraine am selben Tag - just-now.NEWS Deutschland","isPartOf":{"@id":"https:\/\/now-news.de\/de\/#website"},"primaryImageOfPage":{"@id":"https:\/\/now-news.de\/de\/usa\/jill-biden-justin-trudeau-bono-von-u2-und-the-edge-besuchen-die-ukraine-am-selben-tag\/#primaryimage"},"image":{"@id":"https:\/\/now-news.de\/de\/usa\/jill-biden-justin-trudeau-bono-von-u2-und-the-edge-besuchen-die-ukraine-am-selben-tag\/#primaryimage"},"thumbnailUrl":"https:\/\/now-news.de\/de\/wp-content\/uploads\/sites\/3\/2022\/05\/Jill-Biden-Justin-Trudeau-Bono-von-U2-und-The-Edge.jpg","datePublished":"2022-05-08T22:47:00+00:00","dateModified":"2022-05-08T22:47:00+00:00","breadcrumb":{"@id":"https:\/\/now-news.de\/de\/usa\/jill-biden-justin-trudeau-bono-von-u2-und-the-edge-besuchen-die-ukraine-am-selben-tag\/#breadcrumb"},"inLanguage":"de","potentialAction":[{"@type":"ReadAction","target":["https:\/\/now-news.de\/de\/usa\/jill-biden-justin-trudeau-bono-von-u2-und-the-edge-besuchen-die-ukraine-am-selben-tag\/"]}]},{"@type":"ImageObject","inLanguage":"de","@id":"https:\/\/now-news.de\/de\/usa\/jill-biden-justin-trudeau-bono-von-u2-und-the-edge-besuchen-die-ukraine-am-selben-tag\/#primaryimage","url":"https:\/\/now-news.de\/de\/wp-content\/uploads\/sites\/3\/2022\/05\/Jill-Biden-Justin-Trudeau-Bono-von-U2-und-The-Edge.jpg","contentUrl":"https:\/\/now-news.de\/de\/wp-content\/uploads\/sites\/3\/2022\/05\/Jill-Biden-Justin-Trudeau-Bono-von-U2-und-The-Edge.jpg","width":680,"height":383},{"@type":"BreadcrumbList","@id":"https:\/\/now-news.de\/de\/usa\/jill-biden-justin-trudeau-bono-von-u2-und-the-edge-besuchen-die-ukraine-am-selben-tag\/#breadcrumb","itemListElement":[{"@type":"ListItem","position":1,"name":"Home","item":"https:\/\/now-news.de\/de\/"},{"@type":"ListItem","position":2,"name":"Jill Biden, Justin Trudeau, Bono von U2 und The Edge besuchen die Ukraine am selben Tag"}]},{"@type":"WebSite","@id":"https:\/\/now-news.de\/de\/#website","url":"https:\/\/now-news.de\/de\/","name":"just-now.NEWS Deutschland","description":"Das Portal f\u00fcr unzensierte Nachrichten aus der Welt","publisher":{"@id":"https:\/\/now-news.de\/de\/#organization"},"potentialAction":[{"@type":"SearchAction","target":{"@type":"EntryPoint","urlTemplate":"https:\/\/now-news.de\/de\/?s={search_term_string}"},"query-input":"required name=search_term_string"}],"inLanguage":"de"},{"@type":"Organization","@id":"https:\/\/now-news.de\/de\/#organization","name":"Just Now News","url":"https:\/\/now-news.de\/de\/","logo":{"@type":"ImageObject","inLanguage":"de","@id":"https:\/\/now-news.de\/de\/#\/schema\/logo\/image\/","url":"http:\/\/just-now.news\/de\/wp-content\/uploads\/sites\/3\/2022\/04\/logo500x500.jpg","contentUrl":"http:\/\/just-now.news\/de\/wp-content\/uploads\/sites\/3\/2022\/04\/logo500x500.jpg","width":500,"height":500,"caption":"Just Now News"},"image":{"@id":"https:\/\/now-news.de\/de\/#\/schema\/logo\/image\/"},"sameAs":["https:\/\/www.facebook.com\/wirmachenauf","https:\/\/x.com\/WirMachenAuf_de"]},{"@type":"Person","@id":"https:\/\/now-news.de\/de\/#\/schema\/person\/8afb4cd92b68572db7902c13a349ffcb","name":"greatreset","image":{"@type":"ImageObject","inLanguage":"de","@id":"https:\/\/now-news.de\/de\/#\/schema\/person\/image\/","url":"https:\/\/secure.gravatar.com\/avatar\/a088df625d49991c090e78c8b9542592?s=96&d=mm&r=g","contentUrl":"https:\/\/secure.gravatar.com\/avatar\/a088df625d49991c090e78c8b9542592?s=96&d=mm&r=g","caption":"greatreset"},"url":"https:\/\/now-news.de\/de\/author\/greatreset\/"}]}},"_links":{"self":[{"href":"https:\/\/now-news.de\/de\/wp-json\/wp\/v2\/posts\/7137"}],"collection":[{"href":"https:\/\/now-news.de\/de\/wp-json\/wp\/v2\/posts"}],"about":[{"href":"https:\/\/now-news.de\/de\/wp-json\/wp\/v2\/types\/post"}],"author":[{"embeddable":true,"href":"https:\/\/now-news.de\/de\/wp-json\/wp\/v2\/users\/5"}],"replies":[{"embeddable":true,"href":"https:\/\/now-news.de\/de\/wp-json\/wp\/v2\/comments?post=7137"}],"version-history":[{"count":0,"href":"https:\/\/now-news.de\/de\/wp-json\/wp\/v2\/posts\/7137\/revisions"}],"wp:featuredmedia":[{"embeddable":true,"href":"https:\/\/now-news.de\/de\/wp-json\/wp\/v2\/media\/7138"}],"wp:attachment":[{"href":"https:\/\/now-news.de\/de\/wp-json\/wp\/v2\/media?parent=7137"}],"wp:term":[{"taxonomy":"category","embeddable":true,"href":"https:\/\/now-news.de\/de\/wp-json\/wp\/v2\/categories?post=7137"},{"taxonomy":"post_tag","embeddable":true,"href":"https:\/\/now-news.de\/de\/wp-json\/wp\/v2\/tags?post=7137"}],"curies":[{"name":"wp","href":"https:\/\/api.w.org\/{rel}","templated":true}]}}