{"id":71346,"date":"2024-10-24T13:37:03","date_gmt":"2024-10-24T11:37:03","guid":{"rendered":"https:\/\/now-news.de\/de\/deutschland\/serbien-ungarn-und-slowakei-schliessen-buendnis-gegen-eu-migrationspakt\/"},"modified":"2024-10-24T13:37:03","modified_gmt":"2024-10-24T11:37:03","slug":"serbien-ungarn-und-slowakei-schliessen-buendnis-gegen-eu-migrationspakt","status":"publish","type":"post","link":"https:\/\/now-news.de\/de\/deutschland\/serbien-ungarn-und-slowakei-schliessen-buendnis-gegen-eu-migrationspakt\/","title":{"rendered":"Serbien, Ungarn und Slowakei schlie\u00dfen B\u00fcndnis gegen EU-Migrationspakt"},"content":{"rendered":"<p><img decoding=\"async\" src=\"https:\/\/now-news.de\/de\/wp-content\/uploads\/sites\/3\/2024\/10\/671a1a20b480cc1144190672.jpg\" \/><\/p>\n<div class=\"Text-root Text-type_1 \">\n                Auf einer gemeinsamen Konferenz forderten die Staatschefs Ungarns, Serbiens und der Slowakei eine Neuausrichtung der Migrationspolitik der EU. Den EU-Migrationspakt sehen sie gescheitert. In der Aushebelung des Schengener Abkommens und in Grenzkontrollen liege aber nicht die L\u00f6sung.\n            <\/div>\n<p><\/p>\n<div class=\"Text-root Text-type_5 ArticleView-text ViewText-root \">\n<p>Serbien, die Slowakei und Ungarn haben sich zusammengetan, um den EU-Migrationspakt zu beerdigen,\u00a0<a rel=\"nofollow noopener\" target=\"_blank\" href=\"https:\/\/www.budapester.hu\/ausland\/illegale-migration-zeit-den-migrationspakt-zu-beerdigen\/\">berichtet\u00a0<\/a>die\u00a0<em>Budapester Zeitun<\/em>g. Im Anschluss an eine Konferenz in der slowakischen Grenzstadt Kom\u00e1rno sagte Robert Fico, Ministerpr\u00e4sident der Slowakei, vor Vertretern der Presse<\/p>\n<blockquote>\n<p><em>&#8220;Die Basis im Kampf gegen die illegale Migration ist der Schutz der EU-Au\u00dfengrenzen.&#8221;\u00a0<\/em><\/p>\n<\/blockquote>\n<p>Angesichts von 5 Millionen illegalen Einwanderern sei der EU-Migrationspakt offensichtlich nicht die L\u00f6sung. Die Forderung Ficos ist, dass jedes Mitgliedsland des Schengenraums k\u00fcnftig souver\u00e4n dar\u00fcber entscheidet, wen es aufnimmt und wen nicht.\u00a0<\/p>\n<p>Dem schloss sich Ungarns Ministerpr\u00e4sident Viktor Orb\u00e1n an. Der Migrationspakt geh\u00f6re in den M\u00fclleimer, sagte er und begibt sich damit in die direkte Konfrontation mit der EU-Kommission. Er setzt darauf, Migranten mit den Mitteln des Rechtsstaats zur\u00fcckzuweisen. Es gehe darum, neue EU-Regeln zu entwickeln, die auch der Realit\u00e4t gerecht werden. Statt konsequent auszuweisen, begrabe die EU lieber das Schengenabkommen und f\u00fchre wieder Grenzkontrollen ein.<\/p>\n<p>Auf der Konferenz wurde darauf hingewiesen, dass in der EU von 430.000 rechtskr\u00e4ftigen Ausweisungen lediglich 84.000 vollstreckt wurden. Doch statt Recht durchzusetzen, w\u00fcrden immer mehr EU-Staaten darauf setzen, das Schengener-Abkommen auszuhebeln. Das sei falsch. Ungarn beschreite einen anderen, wesentlich zielf\u00fchrenden Weg: ins Land gelassen werde nur derjenige, dessen Asylantrag vorab bewilligt wurde.\u00a0<\/p>\n<p>Serbien hob seinen Erfolg bei der Begrenzung der illegalen Zuwanderung hervor. Die Zahl der Migranten, die \u00fcber die sogenannte Balkanroute versuchen, in die EU zu gelangen, sei um 80 Prozent gesunken. Derzeit w\u00fcrden sich in serbischen Auffanglagern lediglich 500 illegale Einwanderer aufhalten.\u00a0<\/p>\n<p>Serbiens Pr\u00e4sident Alexander Vu\u010di\u0107 w\u00fcrdigte das serbisch-ungarische Verh\u00e4ltnis. Orb\u00e1n habe viel f\u00fcr die \u00dcberwindung historischer Rivalit\u00e4ten geleistet. Ministerpr\u00e4sident Robert Fico sagte Serbien die Unterst\u00fctzung der Slowakei bez\u00fcglich eines EU-Beitritts des Landes zu.\u00a0<\/p>\n<p><strong>Mehr zum Thema<\/strong>\u00a0\u2013\u00a0<a rel=\"nofollow noopener\" target=\"_blank\" href=\"https:\/\/freedert.online\/europa\/222775-orban-selenskijs-siegesplan-laesst-erschaudern\/\">Orb\u00e1n: Selenskijs &#8220;Siegesplan&#8221; l\u00e4sst einen erschaudern<\/a><\/p>\n<div class=\"EmbedBlock-root EmbedBlock-externalVideo EmbedBlock-rumble\">\n<div class=\"VkEmbed\"><iframe class=\"lazyload\" data-src=\"https:\/\/rumble.com\/embed\/v5hkvzf\" frameborder=\"0\" width=\"853\" height=\"480\" allowfullscreen><\/iframe><\/div>\n<\/div>\n<\/div>\n<p><br \/>\n<br \/><a href=\"https:\/\/de.rt.com\/europa\/223498-serbien-ungarn-und-slowakei-schliessen\/\">Source link <\/a><\/p>\n","protected":false},"excerpt":{"rendered":"<p>Auf einer gemeinsamen Konferenz forderten die Staatschefs Ungarns, Serbiens und der Slowakei eine Neuausrichtung der Migrationspolitik der EU. Den EU-Migrationspakt sehen sie gescheitert. In der Aushebelung des Schengener Abkommens und in Grenzkontrollen liege aber nicht die L\u00f6sung. Serbien, die Slowakei und Ungarn haben sich zusammengetan, um den EU-Migrationspakt zu beerdigen,\u00a0berichtet\u00a0die\u00a0Budapester Zeitung. Im Anschluss an eine [&hellip;]<\/p>\n","protected":false},"author":3,"featured_media":71347,"comment_status":"open","ping_status":"open","sticky":false,"template":"","format":"standard","meta":{"_yoast_indexnow_last_ping":["1729770406"],"wp_automatic_camp":["217"],"cf27239bdfdec41cefce0f5d23d81f3b":["Serbien, Ungarn und Slowakei schlie\u00dfen B\u00fcndnis gegen EU-Migrationspakt"],"original_link":["https:\/\/de.rt.com\/europa\/223498-serbien-ungarn-und-slowakei-schliessen\/"],"_thumbnail_id":["71347"],"jnews_social_counter_last_update":["1777516880"],"_wptgpro_p2tg_sent2tg":["a:1:{i:23737;s:19:\"2024-10-24 13:47:49\";}"]},"categories":[19,23],"tags":[3374,59722,278,18100,978,41775,140,11664],"yoast_head":"<!-- This site is optimized with the Yoast SEO Premium plugin v22.7 (Yoast SEO v22.7) - https:\/\/yoast.com\/wordpress\/plugins\/seo\/ -->\n<title>Serbien, Ungarn und Slowakei schlie\u00dfen B\u00fcndnis gegen EU-Migrationspakt - just-now.NEWS Deutschland<\/title>\n<meta name=\"robots\" content=\"index, follow, max-snippet:-1, max-image-preview:large, max-video-preview:-1\" \/>\n<link rel=\"canonical\" href=\"https:\/\/now-news.de\/de\/deutschland\/serbien-ungarn-und-slowakei-schliessen-buendnis-gegen-eu-migrationspakt\/\" \/>\n<meta property=\"og:locale\" content=\"de_DE\" \/>\n<meta property=\"og:type\" content=\"article\" \/>\n<meta property=\"og:title\" content=\"Serbien, Ungarn und Slowakei schlie\u00dfen B\u00fcndnis gegen EU-Migrationspakt\" \/>\n<meta property=\"og:description\" content=\"Auf einer gemeinsamen Konferenz forderten die Staatschefs Ungarns, Serbiens und der Slowakei eine Neuausrichtung der Migrationspolitik der EU. Den EU-Migrationspakt sehen sie gescheitert. In der Aushebelung des Schengener Abkommens und in Grenzkontrollen liege aber nicht die L\u00f6sung. Serbien, die Slowakei und Ungarn haben sich zusammengetan, um den EU-Migrationspakt zu beerdigen,\u00a0berichtet\u00a0die\u00a0Budapester Zeitung. Im Anschluss an eine [&hellip;]\" \/>\n<meta property=\"og:url\" content=\"https:\/\/now-news.de\/de\/deutschland\/serbien-ungarn-und-slowakei-schliessen-buendnis-gegen-eu-migrationspakt\/\" \/>\n<meta property=\"og:site_name\" content=\"just-now.NEWS Deutschland\" \/>\n<meta property=\"article:publisher\" content=\"https:\/\/www.facebook.com\/wirmachenauf\" \/>\n<meta property=\"article:published_time\" content=\"2024-10-24T11:37:03+00:00\" \/>\n<meta property=\"og:image\" content=\"https:\/\/now-news.de\/de\/wp-content\/uploads\/sites\/3\/2024\/10\/671a1a20b480cc1144190672.jpg\" \/>\n<meta name=\"author\" content=\"rtnews\" \/>\n<meta name=\"twitter:card\" content=\"summary_large_image\" \/>\n<meta name=\"twitter:creator\" content=\"@WirMachenAuf_de\" \/>\n<meta name=\"twitter:site\" content=\"@WirMachenAuf_de\" \/>\n<meta name=\"twitter:label1\" content=\"Verfasst von\" \/>\n\t<meta name=\"twitter:data1\" content=\"rtnews\" \/>\n\t<meta name=\"twitter:label2\" content=\"Gesch\u00e4tzte Lesezeit\" \/>\n\t<meta name=\"twitter:data2\" content=\"2\u00a0Minuten\" \/>\n<script type=\"application\/ld+json\" class=\"yoast-schema-graph\">{\"@context\":\"https:\/\/schema.org\",\"@graph\":[{\"@type\":\"Article\",\"@id\":\"https:\/\/now-news.de\/de\/deutschland\/serbien-ungarn-und-slowakei-schliessen-buendnis-gegen-eu-migrationspakt\/#article\",\"isPartOf\":{\"@id\":\"https:\/\/now-news.de\/de\/deutschland\/serbien-ungarn-und-slowakei-schliessen-buendnis-gegen-eu-migrationspakt\/\"},\"author\":{\"name\":\"rtnews\",\"@id\":\"https:\/\/now-news.de\/de\/#\/schema\/person\/fb534a4e865501d8b3285208df34a9b5\"},\"headline\":\"Serbien, Ungarn und Slowakei schlie\u00dfen B\u00fcndnis gegen EU-Migrationspakt\",\"datePublished\":\"2024-10-24T11:37:03+00:00\",\"dateModified\":\"2024-10-24T11:37:03+00:00\",\"mainEntityOfPage\":{\"@id\":\"https:\/\/now-news.de\/de\/deutschland\/serbien-ungarn-und-slowakei-schliessen-buendnis-gegen-eu-migrationspakt\/\"},\"wordCount\":357,\"commentCount\":0,\"publisher\":{\"@id\":\"https:\/\/now-news.de\/de\/#organization\"},\"image\":{\"@id\":\"https:\/\/now-news.de\/de\/deutschland\/serbien-ungarn-und-slowakei-schliessen-buendnis-gegen-eu-migrationspakt\/#primaryimage\"},\"thumbnailUrl\":\"https:\/\/now-news.de\/de\/wp-content\/uploads\/sites\/3\/2024\/10\/Serbien-Ungarn-und-Slowakei-schliessen-Buendnis-gegen-EU-Migrationspakt.jpg\",\"keywords\":[\"B\u00fcndnis\",\"EUMigrationspakt\",\"gegen\",\"schlie\u00dfen\",\"Serbien\",\"Slowakei\",\"und\",\"Ungarn\"],\"articleSection\":[\"Deutschland\",\"Russland\"],\"inLanguage\":\"de\",\"potentialAction\":[{\"@type\":\"CommentAction\",\"name\":\"Comment\",\"target\":[\"https:\/\/now-news.de\/de\/deutschland\/serbien-ungarn-und-slowakei-schliessen-buendnis-gegen-eu-migrationspakt\/#respond\"]}]},{\"@type\":\"WebPage\",\"@id\":\"https:\/\/now-news.de\/de\/deutschland\/serbien-ungarn-und-slowakei-schliessen-buendnis-gegen-eu-migrationspakt\/\",\"url\":\"https:\/\/now-news.de\/de\/deutschland\/serbien-ungarn-und-slowakei-schliessen-buendnis-gegen-eu-migrationspakt\/\",\"name\":\"Serbien, Ungarn und Slowakei schlie\u00dfen B\u00fcndnis gegen EU-Migrationspakt - just-now.NEWS Deutschland\",\"isPartOf\":{\"@id\":\"https:\/\/now-news.de\/de\/#website\"},\"primaryImageOfPage\":{\"@id\":\"https:\/\/now-news.de\/de\/deutschland\/serbien-ungarn-und-slowakei-schliessen-buendnis-gegen-eu-migrationspakt\/#primaryimage\"},\"image\":{\"@id\":\"https:\/\/now-news.de\/de\/deutschland\/serbien-ungarn-und-slowakei-schliessen-buendnis-gegen-eu-migrationspakt\/#primaryimage\"},\"thumbnailUrl\":\"https:\/\/now-news.de\/de\/wp-content\/uploads\/sites\/3\/2024\/10\/Serbien-Ungarn-und-Slowakei-schliessen-Buendnis-gegen-EU-Migrationspakt.jpg\",\"datePublished\":\"2024-10-24T11:37:03+00:00\",\"dateModified\":\"2024-10-24T11:37:03+00:00\",\"breadcrumb\":{\"@id\":\"https:\/\/now-news.de\/de\/deutschland\/serbien-ungarn-und-slowakei-schliessen-buendnis-gegen-eu-migrationspakt\/#breadcrumb\"},\"inLanguage\":\"de\",\"potentialAction\":[{\"@type\":\"ReadAction\",\"target\":[\"https:\/\/now-news.de\/de\/deutschland\/serbien-ungarn-und-slowakei-schliessen-buendnis-gegen-eu-migrationspakt\/\"]}]},{\"@type\":\"ImageObject\",\"inLanguage\":\"de\",\"@id\":\"https:\/\/now-news.de\/de\/deutschland\/serbien-ungarn-und-slowakei-schliessen-buendnis-gegen-eu-migrationspakt\/#primaryimage\",\"url\":\"https:\/\/now-news.de\/de\/wp-content\/uploads\/sites\/3\/2024\/10\/Serbien-Ungarn-und-Slowakei-schliessen-Buendnis-gegen-EU-Migrationspakt.jpg\",\"contentUrl\":\"https:\/\/now-news.de\/de\/wp-content\/uploads\/sites\/3\/2024\/10\/Serbien-Ungarn-und-Slowakei-schliessen-Buendnis-gegen-EU-Migrationspakt.jpg\",\"width\":460,\"height\":259,\"caption\":\"Serbien, Ungarn und Slowakei schlie\u00dfen B\u00fcndnis gegen EU-Migrationspakt\"},{\"@type\":\"BreadcrumbList\",\"@id\":\"https:\/\/now-news.de\/de\/deutschland\/serbien-ungarn-und-slowakei-schliessen-buendnis-gegen-eu-migrationspakt\/#breadcrumb\",\"itemListElement\":[{\"@type\":\"ListItem\",\"position\":1,\"name\":\"Home\",\"item\":\"https:\/\/now-news.de\/de\/\"},{\"@type\":\"ListItem\",\"position\":2,\"name\":\"Serbien, Ungarn und Slowakei schlie\u00dfen B\u00fcndnis gegen EU-Migrationspakt\"}]},{\"@type\":\"WebSite\",\"@id\":\"https:\/\/now-news.de\/de\/#website\",\"url\":\"https:\/\/now-news.de\/de\/\",\"name\":\"just-now.NEWS Deutschland\",\"description\":\"Das Portal f\u00fcr unzensierte Nachrichten aus der Welt\",\"publisher\":{\"@id\":\"https:\/\/now-news.de\/de\/#organization\"},\"potentialAction\":[{\"@type\":\"SearchAction\",\"target\":{\"@type\":\"EntryPoint\",\"urlTemplate\":\"https:\/\/now-news.de\/de\/?s={search_term_string}\"},\"query-input\":\"required name=search_term_string\"}],\"inLanguage\":\"de\"},{\"@type\":\"Organization\",\"@id\":\"https:\/\/now-news.de\/de\/#organization\",\"name\":\"Just Now News\",\"url\":\"https:\/\/now-news.de\/de\/\",\"logo\":{\"@type\":\"ImageObject\",\"inLanguage\":\"de\",\"@id\":\"https:\/\/now-news.de\/de\/#\/schema\/logo\/image\/\",\"url\":\"http:\/\/just-now.news\/de\/wp-content\/uploads\/sites\/3\/2022\/04\/logo500x500.jpg\",\"contentUrl\":\"http:\/\/just-now.news\/de\/wp-content\/uploads\/sites\/3\/2022\/04\/logo500x500.jpg\",\"width\":500,\"height\":500,\"caption\":\"Just Now News\"},\"image\":{\"@id\":\"https:\/\/now-news.de\/de\/#\/schema\/logo\/image\/\"},\"sameAs\":[\"https:\/\/www.facebook.com\/wirmachenauf\",\"https:\/\/x.com\/WirMachenAuf_de\"]},{\"@type\":\"Person\",\"@id\":\"https:\/\/now-news.de\/de\/#\/schema\/person\/fb534a4e865501d8b3285208df34a9b5\",\"name\":\"rtnews\",\"image\":{\"@type\":\"ImageObject\",\"inLanguage\":\"de\",\"@id\":\"https:\/\/now-news.de\/de\/#\/schema\/person\/image\/\",\"url\":\"https:\/\/secure.gravatar.com\/avatar\/82aafea7d8127119dd649515f56e2117?s=96&d=mm&r=g\",\"contentUrl\":\"https:\/\/secure.gravatar.com\/avatar\/82aafea7d8127119dd649515f56e2117?s=96&d=mm&r=g\",\"caption\":\"rtnews\"},\"url\":\"https:\/\/now-news.de\/de\/author\/rnews\/\"}]}<\/script>\n<!-- \/ Yoast SEO Premium plugin. -->","yoast_head_json":{"title":"Serbien, Ungarn und Slowakei schlie\u00dfen B\u00fcndnis gegen EU-Migrationspakt - just-now.NEWS Deutschland","robots":{"index":"index","follow":"follow","max-snippet":"max-snippet:-1","max-image-preview":"max-image-preview:large","max-video-preview":"max-video-preview:-1"},"canonical":"https:\/\/now-news.de\/de\/deutschland\/serbien-ungarn-und-slowakei-schliessen-buendnis-gegen-eu-migrationspakt\/","og_locale":"de_DE","og_type":"article","og_title":"Serbien, Ungarn und Slowakei schlie\u00dfen B\u00fcndnis gegen EU-Migrationspakt","og_description":"Auf einer gemeinsamen Konferenz forderten die Staatschefs Ungarns, Serbiens und der Slowakei eine Neuausrichtung der Migrationspolitik der EU. Den EU-Migrationspakt sehen sie gescheitert. In der Aushebelung des Schengener Abkommens und in Grenzkontrollen liege aber nicht die L\u00f6sung. Serbien, die Slowakei und Ungarn haben sich zusammengetan, um den EU-Migrationspakt zu beerdigen,\u00a0berichtet\u00a0die\u00a0Budapester Zeitung. Im Anschluss an eine [&hellip;]","og_url":"https:\/\/now-news.de\/de\/deutschland\/serbien-ungarn-und-slowakei-schliessen-buendnis-gegen-eu-migrationspakt\/","og_site_name":"just-now.NEWS Deutschland","article_publisher":"https:\/\/www.facebook.com\/wirmachenauf","article_published_time":"2024-10-24T11:37:03+00:00","og_image":[{"url":"https:\/\/now-news.de\/de\/wp-content\/uploads\/sites\/3\/2024\/10\/671a1a20b480cc1144190672.jpg"}],"author":"rtnews","twitter_card":"summary_large_image","twitter_creator":"@WirMachenAuf_de","twitter_site":"@WirMachenAuf_de","twitter_misc":{"Verfasst von":"rtnews","Gesch\u00e4tzte Lesezeit":"2\u00a0Minuten"},"schema":{"@context":"https:\/\/schema.org","@graph":[{"@type":"Article","@id":"https:\/\/now-news.de\/de\/deutschland\/serbien-ungarn-und-slowakei-schliessen-buendnis-gegen-eu-migrationspakt\/#article","isPartOf":{"@id":"https:\/\/now-news.de\/de\/deutschland\/serbien-ungarn-und-slowakei-schliessen-buendnis-gegen-eu-migrationspakt\/"},"author":{"name":"rtnews","@id":"https:\/\/now-news.de\/de\/#\/schema\/person\/fb534a4e865501d8b3285208df34a9b5"},"headline":"Serbien, Ungarn und Slowakei schlie\u00dfen B\u00fcndnis gegen EU-Migrationspakt","datePublished":"2024-10-24T11:37:03+00:00","dateModified":"2024-10-24T11:37:03+00:00","mainEntityOfPage":{"@id":"https:\/\/now-news.de\/de\/deutschland\/serbien-ungarn-und-slowakei-schliessen-buendnis-gegen-eu-migrationspakt\/"},"wordCount":357,"commentCount":0,"publisher":{"@id":"https:\/\/now-news.de\/de\/#organization"},"image":{"@id":"https:\/\/now-news.de\/de\/deutschland\/serbien-ungarn-und-slowakei-schliessen-buendnis-gegen-eu-migrationspakt\/#primaryimage"},"thumbnailUrl":"https:\/\/now-news.de\/de\/wp-content\/uploads\/sites\/3\/2024\/10\/Serbien-Ungarn-und-Slowakei-schliessen-Buendnis-gegen-EU-Migrationspakt.jpg","keywords":["B\u00fcndnis","EUMigrationspakt","gegen","schlie\u00dfen","Serbien","Slowakei","und","Ungarn"],"articleSection":["Deutschland","Russland"],"inLanguage":"de","potentialAction":[{"@type":"CommentAction","name":"Comment","target":["https:\/\/now-news.de\/de\/deutschland\/serbien-ungarn-und-slowakei-schliessen-buendnis-gegen-eu-migrationspakt\/#respond"]}]},{"@type":"WebPage","@id":"https:\/\/now-news.de\/de\/deutschland\/serbien-ungarn-und-slowakei-schliessen-buendnis-gegen-eu-migrationspakt\/","url":"https:\/\/now-news.de\/de\/deutschland\/serbien-ungarn-und-slowakei-schliessen-buendnis-gegen-eu-migrationspakt\/","name":"Serbien, Ungarn und Slowakei schlie\u00dfen B\u00fcndnis gegen EU-Migrationspakt - just-now.NEWS Deutschland","isPartOf":{"@id":"https:\/\/now-news.de\/de\/#website"},"primaryImageOfPage":{"@id":"https:\/\/now-news.de\/de\/deutschland\/serbien-ungarn-und-slowakei-schliessen-buendnis-gegen-eu-migrationspakt\/#primaryimage"},"image":{"@id":"https:\/\/now-news.de\/de\/deutschland\/serbien-ungarn-und-slowakei-schliessen-buendnis-gegen-eu-migrationspakt\/#primaryimage"},"thumbnailUrl":"https:\/\/now-news.de\/de\/wp-content\/uploads\/sites\/3\/2024\/10\/Serbien-Ungarn-und-Slowakei-schliessen-Buendnis-gegen-EU-Migrationspakt.jpg","datePublished":"2024-10-24T11:37:03+00:00","dateModified":"2024-10-24T11:37:03+00:00","breadcrumb":{"@id":"https:\/\/now-news.de\/de\/deutschland\/serbien-ungarn-und-slowakei-schliessen-buendnis-gegen-eu-migrationspakt\/#breadcrumb"},"inLanguage":"de","potentialAction":[{"@type":"ReadAction","target":["https:\/\/now-news.de\/de\/deutschland\/serbien-ungarn-und-slowakei-schliessen-buendnis-gegen-eu-migrationspakt\/"]}]},{"@type":"ImageObject","inLanguage":"de","@id":"https:\/\/now-news.de\/de\/deutschland\/serbien-ungarn-und-slowakei-schliessen-buendnis-gegen-eu-migrationspakt\/#primaryimage","url":"https:\/\/now-news.de\/de\/wp-content\/uploads\/sites\/3\/2024\/10\/Serbien-Ungarn-und-Slowakei-schliessen-Buendnis-gegen-EU-Migrationspakt.jpg","contentUrl":"https:\/\/now-news.de\/de\/wp-content\/uploads\/sites\/3\/2024\/10\/Serbien-Ungarn-und-Slowakei-schliessen-Buendnis-gegen-EU-Migrationspakt.jpg","width":460,"height":259,"caption":"Serbien, Ungarn und Slowakei schlie\u00dfen B\u00fcndnis gegen EU-Migrationspakt"},{"@type":"BreadcrumbList","@id":"https:\/\/now-news.de\/de\/deutschland\/serbien-ungarn-und-slowakei-schliessen-buendnis-gegen-eu-migrationspakt\/#breadcrumb","itemListElement":[{"@type":"ListItem","position":1,"name":"Home","item":"https:\/\/now-news.de\/de\/"},{"@type":"ListItem","position":2,"name":"Serbien, Ungarn und Slowakei schlie\u00dfen B\u00fcndnis gegen EU-Migrationspakt"}]},{"@type":"WebSite","@id":"https:\/\/now-news.de\/de\/#website","url":"https:\/\/now-news.de\/de\/","name":"just-now.NEWS Deutschland","description":"Das Portal f\u00fcr unzensierte Nachrichten aus der Welt","publisher":{"@id":"https:\/\/now-news.de\/de\/#organization"},"potentialAction":[{"@type":"SearchAction","target":{"@type":"EntryPoint","urlTemplate":"https:\/\/now-news.de\/de\/?s={search_term_string}"},"query-input":"required name=search_term_string"}],"inLanguage":"de"},{"@type":"Organization","@id":"https:\/\/now-news.de\/de\/#organization","name":"Just Now News","url":"https:\/\/now-news.de\/de\/","logo":{"@type":"ImageObject","inLanguage":"de","@id":"https:\/\/now-news.de\/de\/#\/schema\/logo\/image\/","url":"http:\/\/just-now.news\/de\/wp-content\/uploads\/sites\/3\/2022\/04\/logo500x500.jpg","contentUrl":"http:\/\/just-now.news\/de\/wp-content\/uploads\/sites\/3\/2022\/04\/logo500x500.jpg","width":500,"height":500,"caption":"Just Now News"},"image":{"@id":"https:\/\/now-news.de\/de\/#\/schema\/logo\/image\/"},"sameAs":["https:\/\/www.facebook.com\/wirmachenauf","https:\/\/x.com\/WirMachenAuf_de"]},{"@type":"Person","@id":"https:\/\/now-news.de\/de\/#\/schema\/person\/fb534a4e865501d8b3285208df34a9b5","name":"rtnews","image":{"@type":"ImageObject","inLanguage":"de","@id":"https:\/\/now-news.de\/de\/#\/schema\/person\/image\/","url":"https:\/\/secure.gravatar.com\/avatar\/82aafea7d8127119dd649515f56e2117?s=96&d=mm&r=g","contentUrl":"https:\/\/secure.gravatar.com\/avatar\/82aafea7d8127119dd649515f56e2117?s=96&d=mm&r=g","caption":"rtnews"},"url":"https:\/\/now-news.de\/de\/author\/rnews\/"}]}},"_links":{"self":[{"href":"https:\/\/now-news.de\/de\/wp-json\/wp\/v2\/posts\/71346"}],"collection":[{"href":"https:\/\/now-news.de\/de\/wp-json\/wp\/v2\/posts"}],"about":[{"href":"https:\/\/now-news.de\/de\/wp-json\/wp\/v2\/types\/post"}],"author":[{"embeddable":true,"href":"https:\/\/now-news.de\/de\/wp-json\/wp\/v2\/users\/3"}],"replies":[{"embeddable":true,"href":"https:\/\/now-news.de\/de\/wp-json\/wp\/v2\/comments?post=71346"}],"version-history":[{"count":0,"href":"https:\/\/now-news.de\/de\/wp-json\/wp\/v2\/posts\/71346\/revisions"}],"wp:featuredmedia":[{"embeddable":true,"href":"https:\/\/now-news.de\/de\/wp-json\/wp\/v2\/media\/71347"}],"wp:attachment":[{"href":"https:\/\/now-news.de\/de\/wp-json\/wp\/v2\/media?parent=71346"}],"wp:term":[{"taxonomy":"category","embeddable":true,"href":"https:\/\/now-news.de\/de\/wp-json\/wp\/v2\/categories?post=71346"},{"taxonomy":"post_tag","embeddable":true,"href":"https:\/\/now-news.de\/de\/wp-json\/wp\/v2\/tags?post=71346"}],"curies":[{"name":"wp","href":"https:\/\/api.w.org\/{rel}","templated":true}]}}