{"id":71298,"date":"2024-10-23T17:14:57","date_gmt":"2024-10-23T15:14:57","guid":{"rendered":"https:\/\/now-news.de\/de\/deutschland\/jeder-hund-bekommt-seins-eine-israelische-journalistin-und-die-doppelmoral-deutscher-medien\/"},"modified":"2024-10-23T17:14:57","modified_gmt":"2024-10-23T15:14:57","slug":"jeder-hund-bekommt-seins-eine-israelische-journalistin-und-die-doppelmoral-deutscher-medien","status":"publish","type":"post","link":"https:\/\/now-news.de\/de\/deutschland\/jeder-hund-bekommt-seins-eine-israelische-journalistin-und-die-doppelmoral-deutscher-medien\/","title":{"rendered":"&quot;Jeder Hund bekommt seins&quot;? \u2013 Eine israelische Journalistin und die Doppelmoral deutscher Medien"},"content":{"rendered":"<p><img decoding=\"async\" src=\"https:\/\/now-news.de\/de\/wp-content\/uploads\/sites\/3\/2024\/10\/6718d328b480cc0bc85918fb.jpeg\" \/><\/p>\n<div class=\"Text-root Text-type_1 \">\n                &#8221; Klartext&#8221; nennt die Springer-Redaktion die \u00c4u\u00dferung einer deutsch-israelischen Journalistin bei Welt-TV. Diese \u00e4u\u00dferte sich zur T\u00f6tung, dem &#8220;unerwarteten Tod von Hamas-Chef Yahya Sinwar&#8221;. Um 180 Grad gedreht, w\u00e4re die Wortwahl bei Ermordung eines israelischen Pendants ein Riesenskandal. So nur &#8220;mediale Staatsr\u00e4son&#8221;.\n            <\/div>\n<p><\/p>\n<div class=\"Text-root Text-type_5 ArticleView-text ViewText-root \">\n<p><em>Von Joseph Turner<\/em><\/p>\n<p>Staunen, nicht wundern, spricht der Volksmund. Aufmerksame und interessierte B\u00fcrger reiben sich seit Wochen und Monaten regelm\u00e4\u00dfig die Augen, h\u00f6ren mehrfach Vernommenes nach. Oft \u00fcberwiegt ein Gef\u00fchl der Fassungslosigkeit. Das Thema lautet die deutsche Medienlandschaft und ihre Berichterstattung zu den Kriegen in der Ukraine und im Grenzgebiet Israel, Gaza und Libanon.<\/p>\n<p>&#8220;Wozu sind Kriege da&#8221; sang ein Udo Lindenberg am 25. Oktober 1983 im Palast der Republik, im Rahmen\u00a0der\u00a0FDJ-Veranstaltung &#8220;Rock f\u00fcr den Frieden&#8221; in der Friedenshauptstadt Ost-Berlin. Der Palast, und ein ganzes Land gleich mit, wurden im Rahmen einer vermeintlichen Vereinigung auf allen erdenklichen Ebenen demontiert, so wie die Selbstverst\u00e4ndlichkeit einer passiven &#8220;Friedensnation&#8221; Deutschland von 1945 bis 1990.\u00a0<\/p>\n<p>Gut 35 Jahre sp\u00e4ter, samt zwischenzeitlich verantwortlicher t\u00f6dlicher Mitschuld in Jugoslawien und dauerhafter logistischer US-Unterst\u00fctzung kriegerischer Massenmorde via Air-Base Ramstein, meinen nun die deutsche Au\u00dfenpolitik und ihr treu zuarbeitende Medien, die B\u00fcrger &#8220;kriegsf\u00e4higer&#8221; machen zu m\u00fcssen, gewinnorientierte &#8220;Kriegslust&#8221; zu erwecken. Die Notwendigkeit der Mobilisierung im Innern schmackhaft zu machen.<\/p>\n<p>Daf\u00fcr braucht man &#8220;Fachleute&#8221; unterschiedlichster Couleur und Eignung, die in bekannt-gef\u00fcrchteten Talkformaten der Sender <em>ARD<\/em> und <em>ZDF<\/em> genau erkl\u00e4ren, warum\u00a0Krieg eigentlich immer schon Frieden bedeutete. Der vom Alltag erm\u00fcdete B\u00fcrger schaut irritiert bis verunsichert zu und nickt mehrheitlich laut themenbezogenen Umfragen die Darstellungen und Strategien des Wahnsinns ab.<\/p>\n<p>So gaben rund 43 Prozent der Befragten zu Jahresbeginn an, &#8220;dass die bisherigen\u00a0Sanktions-Ma\u00dfnahmen gegen Russland\u00a0ihnen <a rel=\"nofollow noopener\" target=\"_blank\" href=\"https:\/\/de.statista.com\/statistik\/daten\/studie\/1312216\/umfrage\/umfrage-deutsche-ukraine-politik\/\">nicht weit genug<\/a> gingen.&#8221; Seit August &#8220;<a rel=\"nofollow noopener\" target=\"_blank\" href=\"https:\/\/www.berliner-zeitung.de\/news\/ukrainekrieg-fast-die-haelfte-der-deutschen-fuerchtet-uebergreifen-auf-deutschland-li.2247538\">f\u00fcrchtet<\/a>\u00a0fast die H\u00e4lfte der Deutschen ein \u00dcbergreifen des Ukrainekriegs auf Deutschland.&#8221; Bedeutet, etwas mehr als die H\u00e4lfte findet die Au\u00dfenpolitik samt einer ungelernten, fahrl\u00e4ssigen und unf\u00e4higen Au\u00dfenministerin anscheinend nicht bedenklich.\u00a0<\/p>\n<p>Zum Thema eines seitens Israels v\u00f6llig enthemmten, barbarischen, t\u00f6dlichen Feldzugs gegen die Menschen in Gaza und im Libanon, <a rel=\"nofollow noopener\" target=\"_blank\" href=\"https:\/\/www.stern.de\/politik\/deutschland\/waffenlieferungen-nach-israel--60-prozent-der-deutschen-dagegen-35161220.html\">titelte<\/a> das <em>Stern<\/em>-Magazin vor wenigen Tagen:<\/p>\n<p><em>&#8220;Die Gr\u00fcnen sollen die R\u00fcstungsexporte nach Israel gebremst haben. Dabei gibt es ausgerechnet unter ihren W\u00e4hlern viel Unterst\u00fctzung f\u00fcr milit\u00e4rische Hilfen.&#8221;<\/em><\/p>\n<p>Immerhin, das <em>ARD<\/em>-Info-Schlachtschiff &#8220;Tagesschau&#8221; musste Ende August dar\u00fcber <a rel=\"nofollow noopener\" target=\"_blank\" href=\"https:\/\/www.tagesschau.de\/inland\/gesellschaft\/berichterstattung-gaza-100.html\">berichten<\/a>, dass die manipulativen Absichten seitens Klamroths &#8220;Hart aber fair&#8221; und der Lanz-, Miosga-, Maischberger- und Co.-Talks nicht die\u00a0gew\u00fcnschten Ergebnisse bei der Wahrnehmung der B\u00fcrger bewirkten:<\/p>\n<p><em>&#8220;Seit fast 11 Monaten herrscht Krieg in Gaza und Israel, seit fast 11 Monaten berichten Medien dar\u00fcber, und seit fast 11 Monaten werden Medien f\u00fcr ihre Berichte immer wieder kritisiert. Eine Kritik ist dabei besonders laut: Deutsche Medien w\u00fcrden einseitig berichten, und zwar zugunsten Israels. Verlieren die deutschen Medien also gerade wichtiges Vertrauen?&#8221;<\/em><\/p>\n<p>Was ist blo\u00df los, mit &#8220;den Deutschen&#8221;?\u00a0Fast jeder Zweite habe\u00a0im Lande &#8220;wenig oder gar kein Vertrauen in die deutsche Berichterstattung zum Krieg in Nahost&#8221;, zeige eine\u00a0Umfrage. Bedeutet jedoch auch hier, sehr viele Menschen schlie\u00dfen sich dem Amoklauf der deutschen Au\u00dfen- und Wirtschaftspolitik samt Berichterstattung \u00fcberzeugt an.\u00a0<\/p>\n<p>Am 18. Oktober war dann in der Medienlandschaft von Springer-Verlag bis <em>Spiegel<\/em>-Redaktion der &#8220;Tag der Ratte&#8221;. Die israelische Armee t\u00f6tete nach Anordnung und Befehl ihres gnadenlosen Premiers Netanjahu\u00a0den Anf\u00fchrer der Hamas-Miliz, Yahya Sinwar. Der Springer-Verlag lud zur Einsch\u00e4tzung des brisanten Ereignisses die\u00a0deutsch-israelische\u00a0Journalistin Antonia Yamin ins <em>Welt<\/em>-Fernsehstudio ein. Der YouTube-Text erkl\u00e4rte den Zuschauern:<\/p>\n<p><em>&#8220;Yamin betont, dass es sich um keine geplante Eliminierung handelte, sondern um einen Zufallserfolg. Israels Bev\u00f6lkerung reagierte mit Erleichterung auf die Nachricht (&#8230;)&#8221;<\/em><\/p>\n<p>So weit, so unspektakul\u00e4r die Einsch\u00e4tzung der jungen Frau Jahrgang 1988, die laut Wikipedia-<a rel=\"nofollow noopener\" target=\"_blank\" href=\"https:\/\/de.wikipedia.org\/wiki\/Antonia_Yamin#cite_note-KRESS-2\">Eintrag<\/a> &#8220;w\u00e4hrend ihres Milit\u00e4rdienstes\u00a0zum\u00a0Judentum konvertierte&#8221;.\u00a0Ihr Handwerk lernte sie demnach in Israel, wechselte dann im Februar 2022 zur <em>Bild<\/em>-Zeitung. Ein\u00a0<em>Kress<\/em>&#8211;<a rel=\"nofollow noopener\" target=\"_blank\" href=\"https:\/\/kress.de\/news\/beitrag\/143275-claus-strunz-holt-antonia-yamin-als-chefreporterin-zu-bild-tv.html\">Artikel<\/a> erg\u00e4nzt:<\/p>\n<p><em>&#8220;Sie kommt vom israelischen Sender KAN TV, bei dem sie Chefkorrespondentin f\u00fcr Europa [in Berlin] der KAN-Nachrichten ist.&#8221;<\/em><\/p>\n<p>Dem Sender also, dem ihr\u00a0<em>Bild<\/em>-Kollege und &#8220;Frontberichterstatter&#8221; Paul Ronzheimer, rein zuf\u00e4llig am Tag der Ermordung\u00a0Sinwars vor Ort in Gaza, unmittelbar ein <a rel=\"nofollow noopener\" target=\"_blank\" href=\"https:\/\/www.timesofisrael.com\/germanys-bild-beirut-correspondent-arrested-after-live-interview-with-israeli-outlet\/\">Interview<\/a> gab. Yamin gab nun folgende, w\u00f6rtlich anma\u00dfende und bizarre Erkl\u00e4rung live im <em>Welt<\/em>-Interview zum Besten (<a rel=\"nofollow noopener\" target=\"_blank\" href=\"https:\/\/www.youtube.com\/watch?v=X_3yRi7JGQw\">ab Min 03:45<\/a>):<\/p>\n<p><em>&#8220;In Israel hat man sich nat\u00fcrlich gefreut, in einer anderen Art und Weise, wie man es hier [in Berlin] auf der Sonnenallee sieht. Israelis oder Juden gehen nicht feiern wie bekloppt auf der Stra\u00dfe, dass lassen wir den Barbaren (sic). Aber wir [journalistische Neutralit\u00e4t?] haben uns nat\u00fcrlich erleichtert gef\u00fchlt (&#8230;)<\/em><\/p>\n<p><em>In den letzten vier Wochen hat es Israel geschafft, Nasrallah, den Hisbolla-Chef, in einer sehr gezielten Eliminierung umzubringen, und jetzt halt auch Sinwar. Und ich w\u00fcrde jetzt mal sagen, damit auch die arabischen Zuschauer, wenn wir welche in Deutschland haben, verstehen, und das w\u00e4re [auf Arabisch vorgetragen]:<\/em><\/p>\n<p><em>Jeder Hund bekommt seins, obwohl Sinwar war eher eine Ratte als ein Hund.&#8221;<\/em><\/p>\n<div class=\"EmbedBlock-root EmbedBlock-twitter\">\n<div class=\"TwitterEmbed\">\n<blockquote class=\"twitter-tweet lazyload\" data-twitter=\"twitter-tweet\" data-media-max-width=\"560\">\n<p lang=\"en\" dir=\"ltr\">NEW:\ud83c\uddee\ud83c\uddf1\ud83c\udde9\ud83c\uddea Israeli journalist Antonia Yamin just casually threatens all Arabs in Germany on TV: \u201cEvery dog gets their own,\u201d she says, addressing any possible Arab viewers. <a rel=\"nofollow noopener\" target=\"_blank\" href=\"https:\/\/t.co\/UaQG0Ayvui\">pic.twitter.com\/UaQG0Ayvui<\/a><\/p>\n<p>\u2014 Megatron (@Megatron_ron) <a rel=\"nofollow noopener\" target=\"_blank\" href=\"https:\/\/twitter.com\/Megatron_ron\/status\/1848776967543525631?ref_src=twsrc%5Etfw\">October 22, 2024<\/a><\/p><\/blockquote>\n<\/div>\n<\/div>\n<p>Die <em>Welt-<\/em>Redaktion informierte unter dem YouTube-Beitrag, dass &#8220;wir wegen des hohen Aufkommens unsachlicher und beleidigender Beitr\u00e4ge zurzeit keine Kommentare mehr zulassen k\u00f6nnen.&#8221; Gab es ansonsten Erkl\u00e4rungen seitens des Senders oder der Redaktion? Nein. Im November 2018 <a rel=\"nofollow noopener\" target=\"_blank\" href=\"https:\/\/www.sueddeutsche.de\/medien\/journalistin-berlin-feuerwerkskoerper-1.4228974\">berichtete<\/a> die <em>S\u00fcddeutsche Zeitung<\/em>, dass Yamin &#8220;in Berlin-Neuk\u00f6lln bei der Aufnahme eines TV-Berichts gest\u00f6rt&#8221; wurde. Jugendliche h\u00e4tte einen B\u00f6ller in ihre Richtung geworfen.\u00a0<\/p>\n<div class=\"EmbedBlock-root EmbedBlock-twitter\">\n<div class=\"TwitterEmbed\">\n<blockquote class=\"twitter-tweet lazyload\" data-twitter=\"twitter-tweet\">\n<p lang=\"iw\" dir=\"rtl\">\u05d4\u05d0\u05de\u05ea \u05e9\u05d1\u05e1\u05da \u05d4\u05db\u05dc \u05e2\u05d1\u05e8 \u05e2\u05dc\u05d9 \u05d9\u05d5\u05dd \u05e0\u05d7\u05de\u05d3 \u05d1\u05e2\u05d1\u05d5\u05d3\u05d4. \u05d4\u05d9\u05d5 \u05dc\u05d9 \u05db\u05de\u05d4 \u05de\u05e8\u05d5\u05d0\u05d9\u05d9\u05e0\u05d9\u05dd \u05de\u05d3\u05d4\u05d9\u05de\u05d9\u05dd \u05e9\u05d0\u05e0\u05d9 \u05db\u05d1\u05e8 \u05de\u05de\u05e9 \u05de\u05e9\u05ea\u05d5\u05e7\u05e7\u05ea \u05e9\u05ea\u05e8\u05d0\u05d5 \u05d1\u05e1\u05d3\u05e8\u05ea \u05db\u05ea\u05d1\u05d5\u05ea \u05e9\u05ea\u05e2\u05dc\u05d4 \u05d1\u05e7\u05e8\u05d5\u05d1. \u05d1\u05d9\u05df \u05de\u05e8\u05d5\u05d0\u05d9\u05d9\u05df \u05d0\u05d7\u05d3 \u05dc\u05e9\u05e0\u05d9 \u05d4\u05d9\u05d9\u05ea\u05d9 \u05e6\u05e8\u05d9\u05db\u05d4 \u05dc\u05e2\u05e6\u05d5\u05e8 \u05dc\u05e8\u05d2\u05e2 \u05db\u05d3\u05d9 \u05dc\u05d3\u05d5\u05d5\u05d7 \u05e2\u05dc \u05d4\u05e1\u05db\u05dd \u05d4\u05d1\u05e8\u05e7\u05d6\u05d9\u05d8 \u05d4\u05de\u05ea\u05d2\u05d1\u05e9. \u05d0\u05d1\u05dc \u05de\u05ea\u05d1\u05e8\u05e8 \u05e9\u05d1\u05e9\u05db\u05d5\u05e0\u05ea \u05e0\u05d5\u05d9\u05e7\u05dc\u05df \u05d1\u05d1\u05e8\u05dc\u05d9\u05df \u05d0\u05d9 \u05d0\u05e4\u05e9\u05e8 \u05dc\u05d3\u05d5\u05d5\u05d7 \u05d1\u05e2\u05d1\u05e8\u05d9\u05ea \u05de\u05d1\u05dc\u05d9 \u05e9\u05d9\u05e4\u05e8\u05d9\u05e2\u05d5 \u05d5\u05d9\u05d6\u05e8\u05e7\u05d5 \u05e2\u05dc\u05d9\u05da \u05e0\u05e4\u05e5 <a rel=\"nofollow noopener\" target=\"_blank\" href=\"https:\/\/t.co\/1TKJqora5b\">pic.twitter.com\/1TKJqora5b<\/a><\/p>\n<p>\u2014 Antonia Yamin \u05d0\u05e0\u05d8\u05d5\u05e0\u05d9\u05d4 \u05d9\u05de\u05d9\u05df (@antonia_yamin) <a rel=\"nofollow noopener\" target=\"_blank\" href=\"https:\/\/twitter.com\/antonia_yamin\/status\/1066726063764619264?ref_src=twsrc%5Etfw\">November 25, 2018<\/a><\/p><\/blockquote>\n<\/div>\n<\/div>\n<p>Ex-Au\u00dfenminister Heiko Maas h\u00e4tte &#8220;den Vorfall auf Twitter verurteilt.&#8221;<em>\u00a0<\/em>Yamin<em><\/em>erkl\u00e4rte im <em>SZ<\/em>-Interview, wohlgemerkt im Jahr 2018:<\/p>\n<p><em>&#8220;Es ist das erste Mal, dass ich in Berlin bei meiner Arbeit so behindert wurde. Dennoch habe ich in den eineinhalb Jahren, in denen ich jetzt in Berlin lebe, immer versucht, Neuk\u00f6lln zu meiden (&#8230;)\u00a0Ich will nicht gro\u00df Antisemitismus schreien. Das ist nicht mein Stil. Ich kann nicht hundertprozentig sagen, warum diese Jungs gemacht haben, was sie gemacht haben. Ich wei\u00df nicht, ob sie mich bel\u00e4stigt haben, weil ich J\u00fcdin bin oder Israelin oder eine Frau. Ich stand da ja nicht mit Kippa oder einem riesigen Davidstern.&#8221;<\/em><\/p>\n<p>Nun, sechs Jahre sp\u00e4ter, kann und will sich Frau Yamin anscheinend f\u00fcr die Schrecksekunde und mit f\u00fcr sie angebrachten Worten in einem Live-Interview endlich r\u00e4chen. Am 18. Oktober 2024 schrieb der <em>Spiegel<\/em>-Journalist Markus Feldenkirchen in einem X-Posting:<\/p>\n<p><em>&#8220;Ich habe heute <a rel=\"nofollow noopener\" target=\"_blank\" href=\"https:\/\/www.spiegel.de\/panorama\/gesellschaft\/berlin-neukoelln-manche-feiern-den-hamas-terror-mit-suessigkeiten-a-d95c1e22-1b7e-428b-a76a-96f28e9ceda6\">S\u00fc\u00dfigkeiten in Berlin<\/a> verteilt, weil die Hamas-Ratte nicht mehr wirken kann #Sinwar&#8221;<\/em><\/p>\n<div class=\"EmbedBlock-root EmbedBlock-twitter\">\n<div class=\"TwitterEmbed\">\n<blockquote class=\"twitter-tweet lazyload\" data-twitter=\"twitter-tweet\">\n<p lang=\"de\" dir=\"ltr\">Ich habe heute S\u00fc\u00dfigkeiten in Berlin verteilt, weil die Hamas-Ratte nicht mehr wirken kann. <a rel=\"nofollow noopener\" target=\"_blank\" href=\"https:\/\/twitter.com\/hashtag\/Sinwar?src=hash&amp;ref_src=twsrc%5Etfw\">#Sinwar<\/a><\/p>\n<p>\u2014 Markus Feldenkirchen (@MFeldenkirchen) <a rel=\"nofollow noopener\" target=\"_blank\" href=\"https:\/\/twitter.com\/MFeldenkirchen\/status\/1847045373501886825?ref_src=twsrc%5Etfw\">October 17, 2024<\/a><\/p><\/blockquote>\n<\/div>\n<\/div>\n<p>Auf die Kritik eines Lesers, hinsichtlich der Wortwahl, erg\u00e4nzte\u00a0Feldenkirchen s\u00fcffisant:<\/p>\n<p><em>&#8220;Wieso? Was st\u00f6rt Sie denn genau? &#8216;Ratte&#8217; ist doch absolut moderat f\u00fcr einen skrupellosen Massenm\u00f6rder. Oder hatten Sie so &#8216;ne kleine Sympathie f\u00fcr dessen Aktion am 7. Oktober?&#8221;<\/em><\/p>\n<p>&#8220;Ratte&#8221;<em>, <\/em>so eine weitere Beantwortung zum X-Text, sei f\u00fcr\u00a0den <em>Spiegel<\/em>-Profi in der Wortwahl &#8220;absolut moderat f\u00fcr einen skrupellosen Massenm\u00f6rder mit perverser Phantasie&#8221;.<\/p>\n<p>Zur Wortwahl &#8220;Ratte&#8221;, als historisch belastete Argumentationslinie &#8220;nationalsozialistischer Propaganda&#8221;, hei\u00dft es bei Wikipedia:<\/p>\n<p><em>&#8220;Als Beispiel l\u00e4sst sich der Vergleich von Juden mit Ratten als &#8216;hinterlistige&#8217;, &#8216;feige&#8217; und &#8216;grausame&#8217; Tiere anf\u00fchren, wie er im Film Der ewige Jude propagandistisch eingesetzt wurde.&#8221;\u2028<\/em><\/p>\n<p>Nazi-Jargon als medial eingesetzte Staatsr\u00e4son, Orwell l\u00e4sst wieder einmal gr\u00fc\u00dfen. Gab es Erkl\u00e4rungen, Reaktionen seitens der <em>Spiegel<\/em>-Redaktion oder ansonsten Artikel seitens der Hauptstadtpresse zu beiden verbalen \u00dcbergrifflichkeiten gegen\u00fcber einem ermordeten Menschen? Nein. Weil es nur ein Araber und &#8220;ein Terrorist, ein Massenm\u00f6rder&#8221; war?\u00a0<\/p>\n<p>Die schlichte medial-politische Realit\u00e4t im Deutschland des Jahres 2024 lautet jedoch, w\u00e4ren entsprechende, exemplarische Kommentare, Bezeichnungen oder zynische Vergleiche samt Wortwahl zum Ableben eines israelischen Pendants gleiches Kalibers wie Sinwar auch nur irgendwo in den Tiefen der sozialen Medien aufgetaucht, w\u00e4re das der Skandal der Stunde, mit gro\u00dfen Buchstaben versehen, von <em>Bild<\/em>, \u00fcber <em>Nius<\/em>, Tagesspiegel, <em>Tichy<\/em> bis hin zur <em>Tageschau<\/em>-Meldung.\u00a0<\/p>\n<p>Das Brandenburger Tor w\u00fcrde erneut solidarisch in den Farben Israels erleuchten. Es w\u00fcrde geheuchelt und gegreint diskutiert, \u00fcber die anma\u00dfende Unmenschlichkeit des fiktiven Verfassers. Der bedenklichen Verrohung der ehemals doch so guten Sitten.<\/p>\n<p>Beide krawalligen Wortf\u00fchrer, Yamin, wie Feldenkirchen, wissen sehr genau, dass sie nichts zu bef\u00fcrchten hatten, dass ihr unangenehmes Agieren eher noch goutierend wahrgenommen wird und sie in ihren jeweiligen Positionen festigt.\u00a0<\/p>\n<p>Wir leben in sehr anstrengenden, mehr als belastenden Zeiten, die erneut und regelm\u00e4\u00dfig die Abgr\u00fcnde der menschlichen Aaligkeit t\u00e4glich offenbart. Die Konsequenz kann individuell umsetzbar nur lauten, entweder f\u00fcr sich und den pers\u00f6nlichen Eigenschutz die digitale Auszeit samt Nachrichtenstopps w\u00e4hlen; oder sich dem Unangenehmen, den unbarmherzigen, medial-politischen Schlachtfeldern stellen.\u00a0<\/p>\n<p><strong>Mehr zum Thema &#8211;<\/strong>\u00a0<a rel=\"nofollow noopener\" target=\"_blank\" href=\"https:\/\/freedert.online\/meinung\/223250-so-ist-lage-und-sie\/\">Wolfgang Bittner: So ist die Lage, und sie sieht nicht gut aus<\/a><\/p>\n<\/p>\n<div class=\"EmbedBlock-root EmbedBlock-externalVideo EmbedBlock-rumble\">\n<div class=\"VkEmbed\"><iframe class=\"lazyload\" data-src=\"https:\/\/rumble.com\/embed\/v5hjny5\" frameborder=\"0\" width=\"853\" height=\"480\" allowfullscreen><\/iframe><\/div>\n<\/div>\n<\/div>\n<p><script async src=\"https:\/\/platform.twitter.com\/widgets.js\" charset=\"utf-8\"><\/script><br \/>\n<br \/><br \/>\n<br \/><a href=\"https:\/\/de.rt.com\/meinung\/223375-jeder-hund-bekommt-seins-israelische\/\">Source link <\/a><\/p>\n","protected":false},"excerpt":{"rendered":"<p>&#8221; Klartext&#8221; nennt die Springer-Redaktion die \u00c4u\u00dferung einer deutsch-israelischen Journalistin bei Welt-TV. Diese \u00e4u\u00dferte sich zur T\u00f6tung, dem &#8220;unerwarteten Tod von Hamas-Chef Yahya Sinwar&#8221;. Um 180 Grad gedreht, w\u00e4re die Wortwahl bei Ermordung eines israelischen Pendants ein Riesenskandal. So nur &#8220;mediale Staatsr\u00e4son&#8221;. Von Joseph Turner Staunen, nicht wundern, spricht der Volksmund. Aufmerksame und interessierte B\u00fcrger [&hellip;]<\/p>\n","protected":false},"author":3,"featured_media":71299,"comment_status":"open","ping_status":"open","sticky":false,"template":"","format":"standard","meta":{"_yoast_indexnow_last_ping":["1729696898"],"wp_automatic_camp":["217"],"212feab1859224197b7a809c0145854f":["&quot;Jeder Hund bekommt seins&quot;? \u2013 Eine israelische Journalistin und die Doppelmoral deutscher Medien"],"original_link":["https:\/\/de.rt.com\/meinung\/223375-jeder-hund-bekommt-seins-israelische\/"],"_thumbnail_id":["71299"],"_wptgpro_p2tg_sent2tg":["a:1:{i:23737;s:19:\"2024-10-23 17:23:40\";}"],"jnews_social_counter_last_update":["1777394654"]},"categories":[19,23],"tags":[13666,8305,45,5977,275,14433,1166,19638,580,4750,59699,140],"yoast_head":"<!-- This site is optimized with the Yoast SEO Premium plugin v22.7 (Yoast SEO v22.7) - https:\/\/yoast.com\/wordpress\/plugins\/seo\/ -->\n<title>&quot;Jeder Hund bekommt seins&quot;? \u2013 Eine israelische Journalistin und die Doppelmoral deutscher Medien - just-now.NEWS Deutschland<\/title>\n<meta name=\"robots\" content=\"index, follow, max-snippet:-1, max-image-preview:large, max-video-preview:-1\" \/>\n<link rel=\"canonical\" href=\"https:\/\/now-news.de\/de\/deutschland\/jeder-hund-bekommt-seins-eine-israelische-journalistin-und-die-doppelmoral-deutscher-medien\/\" \/>\n<meta property=\"og:locale\" content=\"de_DE\" \/>\n<meta property=\"og:type\" content=\"article\" \/>\n<meta property=\"og:title\" content=\"&quot;Jeder Hund bekommt seins&quot;? \u2013 Eine israelische Journalistin und die Doppelmoral deutscher Medien\" \/>\n<meta property=\"og:description\" content=\"&#8221; Klartext&#8221; nennt die Springer-Redaktion die \u00c4u\u00dferung einer deutsch-israelischen Journalistin bei Welt-TV. Diese \u00e4u\u00dferte sich zur T\u00f6tung, dem &#8220;unerwarteten Tod von Hamas-Chef Yahya Sinwar&#8221;. Um 180 Grad gedreht, w\u00e4re die Wortwahl bei Ermordung eines israelischen Pendants ein Riesenskandal. So nur &#8220;mediale Staatsr\u00e4son&#8221;. Von Joseph Turner Staunen, nicht wundern, spricht der Volksmund. Aufmerksame und interessierte B\u00fcrger [&hellip;]\" \/>\n<meta property=\"og:url\" content=\"https:\/\/now-news.de\/de\/deutschland\/jeder-hund-bekommt-seins-eine-israelische-journalistin-und-die-doppelmoral-deutscher-medien\/\" \/>\n<meta property=\"og:site_name\" content=\"just-now.NEWS Deutschland\" \/>\n<meta property=\"article:publisher\" content=\"https:\/\/www.facebook.com\/wirmachenauf\" \/>\n<meta property=\"article:published_time\" content=\"2024-10-23T15:14:57+00:00\" \/>\n<meta property=\"og:image\" content=\"https:\/\/now-news.de\/de\/wp-content\/uploads\/sites\/3\/2024\/10\/6718d328b480cc0bc85918fb.jpeg\" \/>\n<meta name=\"author\" content=\"rtnews\" \/>\n<meta name=\"twitter:card\" content=\"summary_large_image\" \/>\n<meta name=\"twitter:creator\" content=\"@WirMachenAuf_de\" \/>\n<meta name=\"twitter:site\" content=\"@WirMachenAuf_de\" \/>\n<meta name=\"twitter:label1\" content=\"Verfasst von\" \/>\n\t<meta name=\"twitter:data1\" content=\"rtnews\" \/>\n\t<meta name=\"twitter:label2\" content=\"Gesch\u00e4tzte Lesezeit\" \/>\n\t<meta name=\"twitter:data2\" content=\"7\u00a0Minuten\" \/>\n<script type=\"application\/ld+json\" class=\"yoast-schema-graph\">{\"@context\":\"https:\/\/schema.org\",\"@graph\":[{\"@type\":\"Article\",\"@id\":\"https:\/\/now-news.de\/de\/deutschland\/jeder-hund-bekommt-seins-eine-israelische-journalistin-und-die-doppelmoral-deutscher-medien\/#article\",\"isPartOf\":{\"@id\":\"https:\/\/now-news.de\/de\/deutschland\/jeder-hund-bekommt-seins-eine-israelische-journalistin-und-die-doppelmoral-deutscher-medien\/\"},\"author\":{\"name\":\"rtnews\",\"@id\":\"https:\/\/now-news.de\/de\/#\/schema\/person\/fb534a4e865501d8b3285208df34a9b5\"},\"headline\":\"&quot;Jeder Hund bekommt seins&quot;? \u2013 Eine israelische Journalistin und die Doppelmoral deutscher Medien\",\"datePublished\":\"2024-10-23T15:14:57+00:00\",\"dateModified\":\"2024-10-23T15:14:57+00:00\",\"mainEntityOfPage\":{\"@id\":\"https:\/\/now-news.de\/de\/deutschland\/jeder-hund-bekommt-seins-eine-israelische-journalistin-und-die-doppelmoral-deutscher-medien\/\"},\"wordCount\":1504,\"commentCount\":0,\"publisher\":{\"@id\":\"https:\/\/now-news.de\/de\/#organization\"},\"image\":{\"@id\":\"https:\/\/now-news.de\/de\/deutschland\/jeder-hund-bekommt-seins-eine-israelische-journalistin-und-die-doppelmoral-deutscher-medien\/#primaryimage\"},\"thumbnailUrl\":\"https:\/\/now-news.de\/de\/wp-content\/uploads\/sites\/3\/2024\/10\/quotJeder-Hund-bekommt-seinsquot-\u2013-Eine-israelische-Journalistin-und-die.jpeg\",\"keywords\":[\"bekommt\",\"deutscher\",\"die\",\"Doppelmoral\",\"eine\",\"Hund\",\"Israelische\",\"Journalistin\",\"Medien\",\"quotJeder\",\"seinsquot\",\"und\"],\"articleSection\":[\"Deutschland\",\"Russland\"],\"inLanguage\":\"de\",\"potentialAction\":[{\"@type\":\"CommentAction\",\"name\":\"Comment\",\"target\":[\"https:\/\/now-news.de\/de\/deutschland\/jeder-hund-bekommt-seins-eine-israelische-journalistin-und-die-doppelmoral-deutscher-medien\/#respond\"]}]},{\"@type\":\"WebPage\",\"@id\":\"https:\/\/now-news.de\/de\/deutschland\/jeder-hund-bekommt-seins-eine-israelische-journalistin-und-die-doppelmoral-deutscher-medien\/\",\"url\":\"https:\/\/now-news.de\/de\/deutschland\/jeder-hund-bekommt-seins-eine-israelische-journalistin-und-die-doppelmoral-deutscher-medien\/\",\"name\":\"&quot;Jeder Hund bekommt seins&quot;? \u2013 Eine israelische Journalistin und die Doppelmoral deutscher Medien - just-now.NEWS Deutschland\",\"isPartOf\":{\"@id\":\"https:\/\/now-news.de\/de\/#website\"},\"primaryImageOfPage\":{\"@id\":\"https:\/\/now-news.de\/de\/deutschland\/jeder-hund-bekommt-seins-eine-israelische-journalistin-und-die-doppelmoral-deutscher-medien\/#primaryimage\"},\"image\":{\"@id\":\"https:\/\/now-news.de\/de\/deutschland\/jeder-hund-bekommt-seins-eine-israelische-journalistin-und-die-doppelmoral-deutscher-medien\/#primaryimage\"},\"thumbnailUrl\":\"https:\/\/now-news.de\/de\/wp-content\/uploads\/sites\/3\/2024\/10\/quotJeder-Hund-bekommt-seinsquot-\u2013-Eine-israelische-Journalistin-und-die.jpeg\",\"datePublished\":\"2024-10-23T15:14:57+00:00\",\"dateModified\":\"2024-10-23T15:14:57+00:00\",\"breadcrumb\":{\"@id\":\"https:\/\/now-news.de\/de\/deutschland\/jeder-hund-bekommt-seins-eine-israelische-journalistin-und-die-doppelmoral-deutscher-medien\/#breadcrumb\"},\"inLanguage\":\"de\",\"potentialAction\":[{\"@type\":\"ReadAction\",\"target\":[\"https:\/\/now-news.de\/de\/deutschland\/jeder-hund-bekommt-seins-eine-israelische-journalistin-und-die-doppelmoral-deutscher-medien\/\"]}]},{\"@type\":\"ImageObject\",\"inLanguage\":\"de\",\"@id\":\"https:\/\/now-news.de\/de\/deutschland\/jeder-hund-bekommt-seins-eine-israelische-journalistin-und-die-doppelmoral-deutscher-medien\/#primaryimage\",\"url\":\"https:\/\/now-news.de\/de\/wp-content\/uploads\/sites\/3\/2024\/10\/quotJeder-Hund-bekommt-seinsquot-\u2013-Eine-israelische-Journalistin-und-die.jpeg\",\"contentUrl\":\"https:\/\/now-news.de\/de\/wp-content\/uploads\/sites\/3\/2024\/10\/quotJeder-Hund-bekommt-seinsquot-\u2013-Eine-israelische-Journalistin-und-die.jpeg\",\"width\":460,\"height\":259,\"caption\":\"&quot;Jeder Hund bekommt seins&quot;? \u2013 Eine israelische Journalistin und die Doppelmoral deutscher Medien\"},{\"@type\":\"BreadcrumbList\",\"@id\":\"https:\/\/now-news.de\/de\/deutschland\/jeder-hund-bekommt-seins-eine-israelische-journalistin-und-die-doppelmoral-deutscher-medien\/#breadcrumb\",\"itemListElement\":[{\"@type\":\"ListItem\",\"position\":1,\"name\":\"Home\",\"item\":\"https:\/\/now-news.de\/de\/\"},{\"@type\":\"ListItem\",\"position\":2,\"name\":\"&quot;Jeder Hund bekommt seins&quot;? \u2013 Eine israelische Journalistin und die Doppelmoral deutscher Medien\"}]},{\"@type\":\"WebSite\",\"@id\":\"https:\/\/now-news.de\/de\/#website\",\"url\":\"https:\/\/now-news.de\/de\/\",\"name\":\"just-now.NEWS Deutschland\",\"description\":\"Das Portal f\u00fcr unzensierte Nachrichten aus der Welt\",\"publisher\":{\"@id\":\"https:\/\/now-news.de\/de\/#organization\"},\"potentialAction\":[{\"@type\":\"SearchAction\",\"target\":{\"@type\":\"EntryPoint\",\"urlTemplate\":\"https:\/\/now-news.de\/de\/?s={search_term_string}\"},\"query-input\":\"required name=search_term_string\"}],\"inLanguage\":\"de\"},{\"@type\":\"Organization\",\"@id\":\"https:\/\/now-news.de\/de\/#organization\",\"name\":\"Just Now News\",\"url\":\"https:\/\/now-news.de\/de\/\",\"logo\":{\"@type\":\"ImageObject\",\"inLanguage\":\"de\",\"@id\":\"https:\/\/now-news.de\/de\/#\/schema\/logo\/image\/\",\"url\":\"http:\/\/just-now.news\/de\/wp-content\/uploads\/sites\/3\/2022\/04\/logo500x500.jpg\",\"contentUrl\":\"http:\/\/just-now.news\/de\/wp-content\/uploads\/sites\/3\/2022\/04\/logo500x500.jpg\",\"width\":500,\"height\":500,\"caption\":\"Just Now News\"},\"image\":{\"@id\":\"https:\/\/now-news.de\/de\/#\/schema\/logo\/image\/\"},\"sameAs\":[\"https:\/\/www.facebook.com\/wirmachenauf\",\"https:\/\/x.com\/WirMachenAuf_de\"]},{\"@type\":\"Person\",\"@id\":\"https:\/\/now-news.de\/de\/#\/schema\/person\/fb534a4e865501d8b3285208df34a9b5\",\"name\":\"rtnews\",\"image\":{\"@type\":\"ImageObject\",\"inLanguage\":\"de\",\"@id\":\"https:\/\/now-news.de\/de\/#\/schema\/person\/image\/\",\"url\":\"https:\/\/secure.gravatar.com\/avatar\/82aafea7d8127119dd649515f56e2117?s=96&d=mm&r=g\",\"contentUrl\":\"https:\/\/secure.gravatar.com\/avatar\/82aafea7d8127119dd649515f56e2117?s=96&d=mm&r=g\",\"caption\":\"rtnews\"},\"url\":\"https:\/\/now-news.de\/de\/author\/rnews\/\"}]}<\/script>\n<!-- \/ Yoast SEO Premium plugin. -->","yoast_head_json":{"title":"&quot;Jeder Hund bekommt seins&quot;? \u2013 Eine israelische Journalistin und die Doppelmoral deutscher Medien - just-now.NEWS Deutschland","robots":{"index":"index","follow":"follow","max-snippet":"max-snippet:-1","max-image-preview":"max-image-preview:large","max-video-preview":"max-video-preview:-1"},"canonical":"https:\/\/now-news.de\/de\/deutschland\/jeder-hund-bekommt-seins-eine-israelische-journalistin-und-die-doppelmoral-deutscher-medien\/","og_locale":"de_DE","og_type":"article","og_title":"&quot;Jeder Hund bekommt seins&quot;? \u2013 Eine israelische Journalistin und die Doppelmoral deutscher Medien","og_description":"&#8221; Klartext&#8221; nennt die Springer-Redaktion die \u00c4u\u00dferung einer deutsch-israelischen Journalistin bei Welt-TV. Diese \u00e4u\u00dferte sich zur T\u00f6tung, dem &#8220;unerwarteten Tod von Hamas-Chef Yahya Sinwar&#8221;. Um 180 Grad gedreht, w\u00e4re die Wortwahl bei Ermordung eines israelischen Pendants ein Riesenskandal. So nur &#8220;mediale Staatsr\u00e4son&#8221;. Von Joseph Turner Staunen, nicht wundern, spricht der Volksmund. Aufmerksame und interessierte B\u00fcrger [&hellip;]","og_url":"https:\/\/now-news.de\/de\/deutschland\/jeder-hund-bekommt-seins-eine-israelische-journalistin-und-die-doppelmoral-deutscher-medien\/","og_site_name":"just-now.NEWS Deutschland","article_publisher":"https:\/\/www.facebook.com\/wirmachenauf","article_published_time":"2024-10-23T15:14:57+00:00","og_image":[{"url":"https:\/\/now-news.de\/de\/wp-content\/uploads\/sites\/3\/2024\/10\/6718d328b480cc0bc85918fb.jpeg"}],"author":"rtnews","twitter_card":"summary_large_image","twitter_creator":"@WirMachenAuf_de","twitter_site":"@WirMachenAuf_de","twitter_misc":{"Verfasst von":"rtnews","Gesch\u00e4tzte Lesezeit":"7\u00a0Minuten"},"schema":{"@context":"https:\/\/schema.org","@graph":[{"@type":"Article","@id":"https:\/\/now-news.de\/de\/deutschland\/jeder-hund-bekommt-seins-eine-israelische-journalistin-und-die-doppelmoral-deutscher-medien\/#article","isPartOf":{"@id":"https:\/\/now-news.de\/de\/deutschland\/jeder-hund-bekommt-seins-eine-israelische-journalistin-und-die-doppelmoral-deutscher-medien\/"},"author":{"name":"rtnews","@id":"https:\/\/now-news.de\/de\/#\/schema\/person\/fb534a4e865501d8b3285208df34a9b5"},"headline":"&quot;Jeder Hund bekommt seins&quot;? \u2013 Eine israelische Journalistin und die Doppelmoral deutscher Medien","datePublished":"2024-10-23T15:14:57+00:00","dateModified":"2024-10-23T15:14:57+00:00","mainEntityOfPage":{"@id":"https:\/\/now-news.de\/de\/deutschland\/jeder-hund-bekommt-seins-eine-israelische-journalistin-und-die-doppelmoral-deutscher-medien\/"},"wordCount":1504,"commentCount":0,"publisher":{"@id":"https:\/\/now-news.de\/de\/#organization"},"image":{"@id":"https:\/\/now-news.de\/de\/deutschland\/jeder-hund-bekommt-seins-eine-israelische-journalistin-und-die-doppelmoral-deutscher-medien\/#primaryimage"},"thumbnailUrl":"https:\/\/now-news.de\/de\/wp-content\/uploads\/sites\/3\/2024\/10\/quotJeder-Hund-bekommt-seinsquot-\u2013-Eine-israelische-Journalistin-und-die.jpeg","keywords":["bekommt","deutscher","die","Doppelmoral","eine","Hund","Israelische","Journalistin","Medien","quotJeder","seinsquot","und"],"articleSection":["Deutschland","Russland"],"inLanguage":"de","potentialAction":[{"@type":"CommentAction","name":"Comment","target":["https:\/\/now-news.de\/de\/deutschland\/jeder-hund-bekommt-seins-eine-israelische-journalistin-und-die-doppelmoral-deutscher-medien\/#respond"]}]},{"@type":"WebPage","@id":"https:\/\/now-news.de\/de\/deutschland\/jeder-hund-bekommt-seins-eine-israelische-journalistin-und-die-doppelmoral-deutscher-medien\/","url":"https:\/\/now-news.de\/de\/deutschland\/jeder-hund-bekommt-seins-eine-israelische-journalistin-und-die-doppelmoral-deutscher-medien\/","name":"&quot;Jeder Hund bekommt seins&quot;? \u2013 Eine israelische Journalistin und die Doppelmoral deutscher Medien - just-now.NEWS Deutschland","isPartOf":{"@id":"https:\/\/now-news.de\/de\/#website"},"primaryImageOfPage":{"@id":"https:\/\/now-news.de\/de\/deutschland\/jeder-hund-bekommt-seins-eine-israelische-journalistin-und-die-doppelmoral-deutscher-medien\/#primaryimage"},"image":{"@id":"https:\/\/now-news.de\/de\/deutschland\/jeder-hund-bekommt-seins-eine-israelische-journalistin-und-die-doppelmoral-deutscher-medien\/#primaryimage"},"thumbnailUrl":"https:\/\/now-news.de\/de\/wp-content\/uploads\/sites\/3\/2024\/10\/quotJeder-Hund-bekommt-seinsquot-\u2013-Eine-israelische-Journalistin-und-die.jpeg","datePublished":"2024-10-23T15:14:57+00:00","dateModified":"2024-10-23T15:14:57+00:00","breadcrumb":{"@id":"https:\/\/now-news.de\/de\/deutschland\/jeder-hund-bekommt-seins-eine-israelische-journalistin-und-die-doppelmoral-deutscher-medien\/#breadcrumb"},"inLanguage":"de","potentialAction":[{"@type":"ReadAction","target":["https:\/\/now-news.de\/de\/deutschland\/jeder-hund-bekommt-seins-eine-israelische-journalistin-und-die-doppelmoral-deutscher-medien\/"]}]},{"@type":"ImageObject","inLanguage":"de","@id":"https:\/\/now-news.de\/de\/deutschland\/jeder-hund-bekommt-seins-eine-israelische-journalistin-und-die-doppelmoral-deutscher-medien\/#primaryimage","url":"https:\/\/now-news.de\/de\/wp-content\/uploads\/sites\/3\/2024\/10\/quotJeder-Hund-bekommt-seinsquot-\u2013-Eine-israelische-Journalistin-und-die.jpeg","contentUrl":"https:\/\/now-news.de\/de\/wp-content\/uploads\/sites\/3\/2024\/10\/quotJeder-Hund-bekommt-seinsquot-\u2013-Eine-israelische-Journalistin-und-die.jpeg","width":460,"height":259,"caption":"&quot;Jeder Hund bekommt seins&quot;? \u2013 Eine israelische Journalistin und die Doppelmoral deutscher Medien"},{"@type":"BreadcrumbList","@id":"https:\/\/now-news.de\/de\/deutschland\/jeder-hund-bekommt-seins-eine-israelische-journalistin-und-die-doppelmoral-deutscher-medien\/#breadcrumb","itemListElement":[{"@type":"ListItem","position":1,"name":"Home","item":"https:\/\/now-news.de\/de\/"},{"@type":"ListItem","position":2,"name":"&quot;Jeder Hund bekommt seins&quot;? \u2013 Eine israelische Journalistin und die Doppelmoral deutscher Medien"}]},{"@type":"WebSite","@id":"https:\/\/now-news.de\/de\/#website","url":"https:\/\/now-news.de\/de\/","name":"just-now.NEWS Deutschland","description":"Das Portal f\u00fcr unzensierte Nachrichten aus der Welt","publisher":{"@id":"https:\/\/now-news.de\/de\/#organization"},"potentialAction":[{"@type":"SearchAction","target":{"@type":"EntryPoint","urlTemplate":"https:\/\/now-news.de\/de\/?s={search_term_string}"},"query-input":"required name=search_term_string"}],"inLanguage":"de"},{"@type":"Organization","@id":"https:\/\/now-news.de\/de\/#organization","name":"Just Now News","url":"https:\/\/now-news.de\/de\/","logo":{"@type":"ImageObject","inLanguage":"de","@id":"https:\/\/now-news.de\/de\/#\/schema\/logo\/image\/","url":"http:\/\/just-now.news\/de\/wp-content\/uploads\/sites\/3\/2022\/04\/logo500x500.jpg","contentUrl":"http:\/\/just-now.news\/de\/wp-content\/uploads\/sites\/3\/2022\/04\/logo500x500.jpg","width":500,"height":500,"caption":"Just Now News"},"image":{"@id":"https:\/\/now-news.de\/de\/#\/schema\/logo\/image\/"},"sameAs":["https:\/\/www.facebook.com\/wirmachenauf","https:\/\/x.com\/WirMachenAuf_de"]},{"@type":"Person","@id":"https:\/\/now-news.de\/de\/#\/schema\/person\/fb534a4e865501d8b3285208df34a9b5","name":"rtnews","image":{"@type":"ImageObject","inLanguage":"de","@id":"https:\/\/now-news.de\/de\/#\/schema\/person\/image\/","url":"https:\/\/secure.gravatar.com\/avatar\/82aafea7d8127119dd649515f56e2117?s=96&d=mm&r=g","contentUrl":"https:\/\/secure.gravatar.com\/avatar\/82aafea7d8127119dd649515f56e2117?s=96&d=mm&r=g","caption":"rtnews"},"url":"https:\/\/now-news.de\/de\/author\/rnews\/"}]}},"_links":{"self":[{"href":"https:\/\/now-news.de\/de\/wp-json\/wp\/v2\/posts\/71298"}],"collection":[{"href":"https:\/\/now-news.de\/de\/wp-json\/wp\/v2\/posts"}],"about":[{"href":"https:\/\/now-news.de\/de\/wp-json\/wp\/v2\/types\/post"}],"author":[{"embeddable":true,"href":"https:\/\/now-news.de\/de\/wp-json\/wp\/v2\/users\/3"}],"replies":[{"embeddable":true,"href":"https:\/\/now-news.de\/de\/wp-json\/wp\/v2\/comments?post=71298"}],"version-history":[{"count":0,"href":"https:\/\/now-news.de\/de\/wp-json\/wp\/v2\/posts\/71298\/revisions"}],"wp:featuredmedia":[{"embeddable":true,"href":"https:\/\/now-news.de\/de\/wp-json\/wp\/v2\/media\/71299"}],"wp:attachment":[{"href":"https:\/\/now-news.de\/de\/wp-json\/wp\/v2\/media?parent=71298"}],"wp:term":[{"taxonomy":"category","embeddable":true,"href":"https:\/\/now-news.de\/de\/wp-json\/wp\/v2\/categories?post=71298"},{"taxonomy":"post_tag","embeddable":true,"href":"https:\/\/now-news.de\/de\/wp-json\/wp\/v2\/tags?post=71298"}],"curies":[{"name":"wp","href":"https:\/\/api.w.org\/{rel}","templated":true}]}}