{"id":71288,"date":"2024-10-23T14:45:52","date_gmt":"2024-10-23T12:45:52","guid":{"rendered":"https:\/\/now-news.de\/de\/deutschland\/vucic-ebnet-weg-fuer-brics-referendum\/"},"modified":"2024-10-23T14:45:52","modified_gmt":"2024-10-23T12:45:52","slug":"vucic-ebnet-weg-fuer-brics-referendum","status":"publish","type":"post","link":"https:\/\/now-news.de\/de\/deutschland\/vucic-ebnet-weg-fuer-brics-referendum\/","title":{"rendered":"Vu\u010di\u0107 ebnet Weg f\u00fcr BRICS-Referendum"},"content":{"rendered":"<p><img decoding=\"async\" src=\"https:\/\/now-news.de\/de\/wp-content\/uploads\/sites\/3\/2024\/10\/6718b41bb480cc0bc753b641.jpg\" \/><\/p>\n<div class=\"Text-root Text-type_1 \">\n                Der serbische Staatschef erw\u00e4gt die Durchf\u00fchrung eines Referendums f\u00fcr einen BRICS-Beitritt des Balkanstaats. Eine serbische Delegation nimmt derzeit am BRICS-Gipfel im russischen Kasan teil. Untersuchungen zufolge sind aktuell 42 Prozent der Serben f\u00fcr einen BRICS-Beitritt.\n            <\/div>\n<p><\/p>\n<div class=\"Text-root Text-type_5 ArticleView-text ViewText-root \">\n<p>Angesichts der wachsenden Popularit\u00e4t des BRICS-Wirtschaftsblocks k\u00f6nnte in Serbien ein Referendum \u00fcber einen m\u00f6glichen BRICS-Beitritt abgehalten werden, erkl\u00e4rte Pr\u00e4sident Aleksandar Vu\u010di\u0107. Vu\u010di\u0107 \u00c4u\u00dferung erfolgte, nachdem der stellvertretende Ministerpr\u00e4sident Aleksandar Vulin Anfang des Monats erkl\u00e4rt hatte, Serbien werde anstelle einer EU-Mitgliedschaft die M\u00f6glichkeit eines Beitritts zur BRICS-Wirtschaftsgruppe pr\u00fcfen, deren Vorsitz derzeit von Russland gef\u00fchrt wird.<\/p>\n<p>In einem Interview mit dem staatlichen Rundfunksender <em>RTS<\/em> am Montag zitierte Vu\u010di\u0107 neue Untersuchungen. Demnach seien 42 Prozent der Serben f\u00fcr eine Integration in die EU, w\u00e4hrend weitere 42 Prozent die Idee eines BRICS-Beitritts unterst\u00fctzen. Dies sei der Fall<em>, <\/em>&#8220;obwohl die Menschen in Serbien nicht wirklich wissen, was BRICS bedeutet&#8221;, so Vu\u010di\u0107. Dazu erkl\u00e4rte der serbische Staatschef:<\/p>\n<blockquote>\n<p><em>&#8220;Auch wenn es niemandem gef\u00e4llt, wird diese Diskussion [\u00fcber EU oder BRICS] in den n\u00e4chsten anderthalb oder zwei Jahren in diesem Land sehr ernsthaft gef\u00fchrt werden. Ich schlie\u00dfe nicht aus, dass dies eines der Hauptthemen bei den Pr\u00e4sidentschaftswahlen im Jahr 2027 sein wird \u2026 und es k\u00f6nnte auch ein Thema f\u00fcr ein Referendum sein.&#8221;<\/em><\/p>\n<\/blockquote>\n<p>Vu\u010di\u0107 zufolge m\u00fcssten die BRICS-Staaten allerdings in der Frage der Einf\u00fchrung eines gemeinsamen Zahlungsmittels Fortschritte machen. Lokale Medien zitierten Vu\u010di\u0107s Ausblick in Bezug auf eine m\u00f6gliche EU-Mitgliedschaft Serbiens:<\/p>\n<blockquote>\n<p><em>&#8220;Die Menschen haben die Nase voll von Geschichten \u00fcber die Achtung der territorialen Integrit\u00e4t der Ukraine, w\u00e4hrend die territoriale Integrit\u00e4t Serbiens nicht respektiert wird.&#8221;<\/em>\u00a0<\/p>\n<\/blockquote>\n<p>Das Balkanland bewarb sich 2009 um den Beitritt zur EU und ist seit 2012 ein Beitrittskandidat. Der stellvertretende serbische Ministerpr\u00e4sident Aleksandar Vulin hat Br\u00fcssel vorgeworfen, die Ziele f\u00fcr den Beitritt zu verschieben, zuletzt indem es die Mitgliedschaft Belgrads mit dem Abbruch der Beziehungen zu Moskau verkn\u00fcpfte. Trotz des enormen Drucks aus Br\u00fcssel hat sich Belgrad den von den USA und der EU verh\u00e4ngten Sanktionen gegen Moskau nicht angeschlossen. Dagegen hat es sich offiziell zur Neutralit\u00e4t im Ukraine-Konflikt verpflichtet und unterh\u00e4lt Handelsbeziehungen sowohl mit Russland als auch mit dem Westen.<\/p>\n<p>Serbien hat zum BRICS-Gipfel im russischen Kasan eine Delegation entsandt. Angef\u00fchrt wird die Delegation von dem stellvertretenden Ministerpr\u00e4sident Vulin, dem Verteidigungsminister Bratislav Gasic, der Wirtschaftsministerin Adrijana Mesarovic und dem Minister Nenad Popovic, der f\u00fcr die internationale wirtschaftliche Zusammenarbeit zust\u00e4ndig ist.<\/p>\n<p>Vu\u010di\u0107, der vom russischen Pr\u00e4sidenten Wladimir Putin zum Gipfeltreffen eingeladen worden war, erkl\u00e4rte gegen\u00fcber <em>RTS<\/em>, er bittet um Verst\u00e4ndnis daf\u00fcr, dass er nicht pers\u00f6nlich am Gipfeltreffen teilnehmen k\u00f6nne. Grund daf\u00fcr seien die Besuche des griechischen Premierministers Kyriakos Mitsotakis, des polnischen Premierministers Donald Tusk und der Pr\u00e4sidentin der Europ\u00e4ischen Kommission Ursula von der Leyen in Serbien.<\/p>\n<p><strong>Mehr zum Thema<\/strong> \u2013 <a rel=\"nofollow noopener\" target=\"_blank\" href=\"https:\/\/dert.online\/meinung\/223309-westen-muss-sich-entscheiden-brics\/\">Der Westen muss sich entscheiden: Den BRICS beitreten oder den Anschluss verlieren<\/a><\/p>\n<div class=\"EmbedBlock-root EmbedBlock-externalVideo EmbedBlock-rumble\">\n<div class=\"VkEmbed\"><iframe class=\"lazyload\" data-src=\"https:\/\/rumble.com\/embed\/v5hixm5\" frameborder=\"0\" width=\"853\" height=\"480\" allowfullscreen><\/iframe><\/div>\n<\/div>\n<\/div>\n<p><br \/>\n<br \/><a href=\"https:\/\/de.rt.com\/international\/223348-europaeischer-staatspraesident-ebnet-weg-fuer\/\">Source link <\/a><\/p>\n","protected":false},"excerpt":{"rendered":"<p>Der serbische Staatschef erw\u00e4gt die Durchf\u00fchrung eines Referendums f\u00fcr einen BRICS-Beitritt des Balkanstaats. Eine serbische Delegation nimmt derzeit am BRICS-Gipfel im russischen Kasan teil. Untersuchungen zufolge sind aktuell 42 Prozent der Serben f\u00fcr einen BRICS-Beitritt. Angesichts der wachsenden Popularit\u00e4t des BRICS-Wirtschaftsblocks k\u00f6nnte in Serbien ein Referendum \u00fcber einen m\u00f6glichen BRICS-Beitritt abgehalten werden, erkl\u00e4rte Pr\u00e4sident Aleksandar [&hellip;]<\/p>\n","protected":false},"author":3,"featured_media":71289,"comment_status":"open","ping_status":"open","sticky":false,"template":"","format":"standard","meta":{"_yoast_indexnow_last_ping":["1729688170"],"wp_automatic_camp":["217"],"5271baea6608d97e42c5a16b90a7aa21":["Vu\u010di\u0107 ebnet Weg f\u00fcr BRICS-Referendum"],"original_link":["https:\/\/de.rt.com\/international\/223348-europaeischer-staatspraesident-ebnet-weg-fuer\/"],"_thumbnail_id":["71289"],"_wptgpro_p2tg_sent2tg":["a:1:{i:23737;s:19:\"2024-10-23 14:57:13\";}"],"jnews_social_counter_last_update":["1777312439"]},"categories":[19,23],"tags":[59694,49717,221,955,2404],"yoast_head":"<!-- This site is optimized with the Yoast SEO Premium plugin v22.7 (Yoast SEO v22.7) - https:\/\/yoast.com\/wordpress\/plugins\/seo\/ -->\n<title>Vu\u010di\u0107 ebnet Weg f\u00fcr BRICS-Referendum - just-now.NEWS Deutschland<\/title>\n<meta name=\"robots\" content=\"index, follow, max-snippet:-1, max-image-preview:large, max-video-preview:-1\" \/>\n<link rel=\"canonical\" href=\"https:\/\/now-news.de\/de\/deutschland\/vucic-ebnet-weg-fuer-brics-referendum\/\" \/>\n<meta property=\"og:locale\" content=\"de_DE\" \/>\n<meta property=\"og:type\" content=\"article\" \/>\n<meta property=\"og:title\" content=\"Vu\u010di\u0107 ebnet Weg f\u00fcr BRICS-Referendum\" \/>\n<meta property=\"og:description\" content=\"Der serbische Staatschef erw\u00e4gt die Durchf\u00fchrung eines Referendums f\u00fcr einen BRICS-Beitritt des Balkanstaats. Eine serbische Delegation nimmt derzeit am BRICS-Gipfel im russischen Kasan teil. Untersuchungen zufolge sind aktuell 42 Prozent der Serben f\u00fcr einen BRICS-Beitritt. Angesichts der wachsenden Popularit\u00e4t des BRICS-Wirtschaftsblocks k\u00f6nnte in Serbien ein Referendum \u00fcber einen m\u00f6glichen BRICS-Beitritt abgehalten werden, erkl\u00e4rte Pr\u00e4sident Aleksandar [&hellip;]\" \/>\n<meta property=\"og:url\" content=\"https:\/\/now-news.de\/de\/deutschland\/vucic-ebnet-weg-fuer-brics-referendum\/\" \/>\n<meta property=\"og:site_name\" content=\"just-now.NEWS Deutschland\" \/>\n<meta property=\"article:publisher\" content=\"https:\/\/www.facebook.com\/wirmachenauf\" \/>\n<meta property=\"article:published_time\" content=\"2024-10-23T12:45:52+00:00\" \/>\n<meta property=\"og:image\" content=\"https:\/\/now-news.de\/de\/wp-content\/uploads\/sites\/3\/2024\/10\/6718b41bb480cc0bc753b641.jpg\" \/>\n<meta name=\"author\" content=\"rtnews\" \/>\n<meta name=\"twitter:card\" content=\"summary_large_image\" \/>\n<meta name=\"twitter:creator\" content=\"@WirMachenAuf_de\" \/>\n<meta name=\"twitter:site\" content=\"@WirMachenAuf_de\" \/>\n<meta name=\"twitter:label1\" content=\"Verfasst von\" \/>\n\t<meta name=\"twitter:data1\" content=\"rtnews\" \/>\n\t<meta name=\"twitter:label2\" content=\"Gesch\u00e4tzte Lesezeit\" \/>\n\t<meta name=\"twitter:data2\" content=\"3\u00a0Minuten\" \/>\n<script type=\"application\/ld+json\" class=\"yoast-schema-graph\">{\"@context\":\"https:\/\/schema.org\",\"@graph\":[{\"@type\":\"Article\",\"@id\":\"https:\/\/now-news.de\/de\/deutschland\/vucic-ebnet-weg-fuer-brics-referendum\/#article\",\"isPartOf\":{\"@id\":\"https:\/\/now-news.de\/de\/deutschland\/vucic-ebnet-weg-fuer-brics-referendum\/\"},\"author\":{\"name\":\"rtnews\",\"@id\":\"https:\/\/now-news.de\/de\/#\/schema\/person\/fb534a4e865501d8b3285208df34a9b5\"},\"headline\":\"Vu\u010di\u0107 ebnet Weg f\u00fcr BRICS-Referendum\",\"datePublished\":\"2024-10-23T12:45:52+00:00\",\"dateModified\":\"2024-10-23T12:45:52+00:00\",\"mainEntityOfPage\":{\"@id\":\"https:\/\/now-news.de\/de\/deutschland\/vucic-ebnet-weg-fuer-brics-referendum\/\"},\"wordCount\":516,\"commentCount\":0,\"publisher\":{\"@id\":\"https:\/\/now-news.de\/de\/#organization\"},\"image\":{\"@id\":\"https:\/\/now-news.de\/de\/deutschland\/vucic-ebnet-weg-fuer-brics-referendum\/#primaryimage\"},\"thumbnailUrl\":\"https:\/\/now-news.de\/de\/wp-content\/uploads\/sites\/3\/2024\/10\/Vucic-ebnet-Weg-fuer-BRICS-Referendum.jpg\",\"keywords\":[\"BRICSReferendum\",\"ebnet\",\"f\u00fcr\",\"Vucic\",\"Weg\"],\"articleSection\":[\"Deutschland\",\"Russland\"],\"inLanguage\":\"de\",\"potentialAction\":[{\"@type\":\"CommentAction\",\"name\":\"Comment\",\"target\":[\"https:\/\/now-news.de\/de\/deutschland\/vucic-ebnet-weg-fuer-brics-referendum\/#respond\"]}]},{\"@type\":\"WebPage\",\"@id\":\"https:\/\/now-news.de\/de\/deutschland\/vucic-ebnet-weg-fuer-brics-referendum\/\",\"url\":\"https:\/\/now-news.de\/de\/deutschland\/vucic-ebnet-weg-fuer-brics-referendum\/\",\"name\":\"Vu\u010di\u0107 ebnet Weg f\u00fcr BRICS-Referendum - just-now.NEWS Deutschland\",\"isPartOf\":{\"@id\":\"https:\/\/now-news.de\/de\/#website\"},\"primaryImageOfPage\":{\"@id\":\"https:\/\/now-news.de\/de\/deutschland\/vucic-ebnet-weg-fuer-brics-referendum\/#primaryimage\"},\"image\":{\"@id\":\"https:\/\/now-news.de\/de\/deutschland\/vucic-ebnet-weg-fuer-brics-referendum\/#primaryimage\"},\"thumbnailUrl\":\"https:\/\/now-news.de\/de\/wp-content\/uploads\/sites\/3\/2024\/10\/Vucic-ebnet-Weg-fuer-BRICS-Referendum.jpg\",\"datePublished\":\"2024-10-23T12:45:52+00:00\",\"dateModified\":\"2024-10-23T12:45:52+00:00\",\"breadcrumb\":{\"@id\":\"https:\/\/now-news.de\/de\/deutschland\/vucic-ebnet-weg-fuer-brics-referendum\/#breadcrumb\"},\"inLanguage\":\"de\",\"potentialAction\":[{\"@type\":\"ReadAction\",\"target\":[\"https:\/\/now-news.de\/de\/deutschland\/vucic-ebnet-weg-fuer-brics-referendum\/\"]}]},{\"@type\":\"ImageObject\",\"inLanguage\":\"de\",\"@id\":\"https:\/\/now-news.de\/de\/deutschland\/vucic-ebnet-weg-fuer-brics-referendum\/#primaryimage\",\"url\":\"https:\/\/now-news.de\/de\/wp-content\/uploads\/sites\/3\/2024\/10\/Vucic-ebnet-Weg-fuer-BRICS-Referendum.jpg\",\"contentUrl\":\"https:\/\/now-news.de\/de\/wp-content\/uploads\/sites\/3\/2024\/10\/Vucic-ebnet-Weg-fuer-BRICS-Referendum.jpg\",\"width\":460,\"height\":259,\"caption\":\"Vu\u010di\u0107 ebnet Weg f\u00fcr BRICS-Referendum\"},{\"@type\":\"BreadcrumbList\",\"@id\":\"https:\/\/now-news.de\/de\/deutschland\/vucic-ebnet-weg-fuer-brics-referendum\/#breadcrumb\",\"itemListElement\":[{\"@type\":\"ListItem\",\"position\":1,\"name\":\"Home\",\"item\":\"https:\/\/now-news.de\/de\/\"},{\"@type\":\"ListItem\",\"position\":2,\"name\":\"Vu\u010di\u0107 ebnet Weg f\u00fcr BRICS-Referendum\"}]},{\"@type\":\"WebSite\",\"@id\":\"https:\/\/now-news.de\/de\/#website\",\"url\":\"https:\/\/now-news.de\/de\/\",\"name\":\"just-now.NEWS Deutschland\",\"description\":\"Das Portal f\u00fcr unzensierte Nachrichten aus der Welt\",\"publisher\":{\"@id\":\"https:\/\/now-news.de\/de\/#organization\"},\"potentialAction\":[{\"@type\":\"SearchAction\",\"target\":{\"@type\":\"EntryPoint\",\"urlTemplate\":\"https:\/\/now-news.de\/de\/?s={search_term_string}\"},\"query-input\":\"required name=search_term_string\"}],\"inLanguage\":\"de\"},{\"@type\":\"Organization\",\"@id\":\"https:\/\/now-news.de\/de\/#organization\",\"name\":\"Just Now News\",\"url\":\"https:\/\/now-news.de\/de\/\",\"logo\":{\"@type\":\"ImageObject\",\"inLanguage\":\"de\",\"@id\":\"https:\/\/now-news.de\/de\/#\/schema\/logo\/image\/\",\"url\":\"http:\/\/just-now.news\/de\/wp-content\/uploads\/sites\/3\/2022\/04\/logo500x500.jpg\",\"contentUrl\":\"http:\/\/just-now.news\/de\/wp-content\/uploads\/sites\/3\/2022\/04\/logo500x500.jpg\",\"width\":500,\"height\":500,\"caption\":\"Just Now News\"},\"image\":{\"@id\":\"https:\/\/now-news.de\/de\/#\/schema\/logo\/image\/\"},\"sameAs\":[\"https:\/\/www.facebook.com\/wirmachenauf\",\"https:\/\/x.com\/WirMachenAuf_de\"]},{\"@type\":\"Person\",\"@id\":\"https:\/\/now-news.de\/de\/#\/schema\/person\/fb534a4e865501d8b3285208df34a9b5\",\"name\":\"rtnews\",\"image\":{\"@type\":\"ImageObject\",\"inLanguage\":\"de\",\"@id\":\"https:\/\/now-news.de\/de\/#\/schema\/person\/image\/\",\"url\":\"https:\/\/secure.gravatar.com\/avatar\/82aafea7d8127119dd649515f56e2117?s=96&d=mm&r=g\",\"contentUrl\":\"https:\/\/secure.gravatar.com\/avatar\/82aafea7d8127119dd649515f56e2117?s=96&d=mm&r=g\",\"caption\":\"rtnews\"},\"url\":\"https:\/\/now-news.de\/de\/author\/rnews\/\"}]}<\/script>\n<!-- \/ Yoast SEO Premium plugin. -->","yoast_head_json":{"title":"Vu\u010di\u0107 ebnet Weg f\u00fcr BRICS-Referendum - just-now.NEWS Deutschland","robots":{"index":"index","follow":"follow","max-snippet":"max-snippet:-1","max-image-preview":"max-image-preview:large","max-video-preview":"max-video-preview:-1"},"canonical":"https:\/\/now-news.de\/de\/deutschland\/vucic-ebnet-weg-fuer-brics-referendum\/","og_locale":"de_DE","og_type":"article","og_title":"Vu\u010di\u0107 ebnet Weg f\u00fcr BRICS-Referendum","og_description":"Der serbische Staatschef erw\u00e4gt die Durchf\u00fchrung eines Referendums f\u00fcr einen BRICS-Beitritt des Balkanstaats. Eine serbische Delegation nimmt derzeit am BRICS-Gipfel im russischen Kasan teil. Untersuchungen zufolge sind aktuell 42 Prozent der Serben f\u00fcr einen BRICS-Beitritt. Angesichts der wachsenden Popularit\u00e4t des BRICS-Wirtschaftsblocks k\u00f6nnte in Serbien ein Referendum \u00fcber einen m\u00f6glichen BRICS-Beitritt abgehalten werden, erkl\u00e4rte Pr\u00e4sident Aleksandar [&hellip;]","og_url":"https:\/\/now-news.de\/de\/deutschland\/vucic-ebnet-weg-fuer-brics-referendum\/","og_site_name":"just-now.NEWS Deutschland","article_publisher":"https:\/\/www.facebook.com\/wirmachenauf","article_published_time":"2024-10-23T12:45:52+00:00","og_image":[{"url":"https:\/\/now-news.de\/de\/wp-content\/uploads\/sites\/3\/2024\/10\/6718b41bb480cc0bc753b641.jpg"}],"author":"rtnews","twitter_card":"summary_large_image","twitter_creator":"@WirMachenAuf_de","twitter_site":"@WirMachenAuf_de","twitter_misc":{"Verfasst von":"rtnews","Gesch\u00e4tzte Lesezeit":"3\u00a0Minuten"},"schema":{"@context":"https:\/\/schema.org","@graph":[{"@type":"Article","@id":"https:\/\/now-news.de\/de\/deutschland\/vucic-ebnet-weg-fuer-brics-referendum\/#article","isPartOf":{"@id":"https:\/\/now-news.de\/de\/deutschland\/vucic-ebnet-weg-fuer-brics-referendum\/"},"author":{"name":"rtnews","@id":"https:\/\/now-news.de\/de\/#\/schema\/person\/fb534a4e865501d8b3285208df34a9b5"},"headline":"Vu\u010di\u0107 ebnet Weg f\u00fcr BRICS-Referendum","datePublished":"2024-10-23T12:45:52+00:00","dateModified":"2024-10-23T12:45:52+00:00","mainEntityOfPage":{"@id":"https:\/\/now-news.de\/de\/deutschland\/vucic-ebnet-weg-fuer-brics-referendum\/"},"wordCount":516,"commentCount":0,"publisher":{"@id":"https:\/\/now-news.de\/de\/#organization"},"image":{"@id":"https:\/\/now-news.de\/de\/deutschland\/vucic-ebnet-weg-fuer-brics-referendum\/#primaryimage"},"thumbnailUrl":"https:\/\/now-news.de\/de\/wp-content\/uploads\/sites\/3\/2024\/10\/Vucic-ebnet-Weg-fuer-BRICS-Referendum.jpg","keywords":["BRICSReferendum","ebnet","f\u00fcr","Vucic","Weg"],"articleSection":["Deutschland","Russland"],"inLanguage":"de","potentialAction":[{"@type":"CommentAction","name":"Comment","target":["https:\/\/now-news.de\/de\/deutschland\/vucic-ebnet-weg-fuer-brics-referendum\/#respond"]}]},{"@type":"WebPage","@id":"https:\/\/now-news.de\/de\/deutschland\/vucic-ebnet-weg-fuer-brics-referendum\/","url":"https:\/\/now-news.de\/de\/deutschland\/vucic-ebnet-weg-fuer-brics-referendum\/","name":"Vu\u010di\u0107 ebnet Weg f\u00fcr BRICS-Referendum - just-now.NEWS Deutschland","isPartOf":{"@id":"https:\/\/now-news.de\/de\/#website"},"primaryImageOfPage":{"@id":"https:\/\/now-news.de\/de\/deutschland\/vucic-ebnet-weg-fuer-brics-referendum\/#primaryimage"},"image":{"@id":"https:\/\/now-news.de\/de\/deutschland\/vucic-ebnet-weg-fuer-brics-referendum\/#primaryimage"},"thumbnailUrl":"https:\/\/now-news.de\/de\/wp-content\/uploads\/sites\/3\/2024\/10\/Vucic-ebnet-Weg-fuer-BRICS-Referendum.jpg","datePublished":"2024-10-23T12:45:52+00:00","dateModified":"2024-10-23T12:45:52+00:00","breadcrumb":{"@id":"https:\/\/now-news.de\/de\/deutschland\/vucic-ebnet-weg-fuer-brics-referendum\/#breadcrumb"},"inLanguage":"de","potentialAction":[{"@type":"ReadAction","target":["https:\/\/now-news.de\/de\/deutschland\/vucic-ebnet-weg-fuer-brics-referendum\/"]}]},{"@type":"ImageObject","inLanguage":"de","@id":"https:\/\/now-news.de\/de\/deutschland\/vucic-ebnet-weg-fuer-brics-referendum\/#primaryimage","url":"https:\/\/now-news.de\/de\/wp-content\/uploads\/sites\/3\/2024\/10\/Vucic-ebnet-Weg-fuer-BRICS-Referendum.jpg","contentUrl":"https:\/\/now-news.de\/de\/wp-content\/uploads\/sites\/3\/2024\/10\/Vucic-ebnet-Weg-fuer-BRICS-Referendum.jpg","width":460,"height":259,"caption":"Vu\u010di\u0107 ebnet Weg f\u00fcr BRICS-Referendum"},{"@type":"BreadcrumbList","@id":"https:\/\/now-news.de\/de\/deutschland\/vucic-ebnet-weg-fuer-brics-referendum\/#breadcrumb","itemListElement":[{"@type":"ListItem","position":1,"name":"Home","item":"https:\/\/now-news.de\/de\/"},{"@type":"ListItem","position":2,"name":"Vu\u010di\u0107 ebnet Weg f\u00fcr BRICS-Referendum"}]},{"@type":"WebSite","@id":"https:\/\/now-news.de\/de\/#website","url":"https:\/\/now-news.de\/de\/","name":"just-now.NEWS Deutschland","description":"Das Portal f\u00fcr unzensierte Nachrichten aus der Welt","publisher":{"@id":"https:\/\/now-news.de\/de\/#organization"},"potentialAction":[{"@type":"SearchAction","target":{"@type":"EntryPoint","urlTemplate":"https:\/\/now-news.de\/de\/?s={search_term_string}"},"query-input":"required name=search_term_string"}],"inLanguage":"de"},{"@type":"Organization","@id":"https:\/\/now-news.de\/de\/#organization","name":"Just Now News","url":"https:\/\/now-news.de\/de\/","logo":{"@type":"ImageObject","inLanguage":"de","@id":"https:\/\/now-news.de\/de\/#\/schema\/logo\/image\/","url":"http:\/\/just-now.news\/de\/wp-content\/uploads\/sites\/3\/2022\/04\/logo500x500.jpg","contentUrl":"http:\/\/just-now.news\/de\/wp-content\/uploads\/sites\/3\/2022\/04\/logo500x500.jpg","width":500,"height":500,"caption":"Just Now News"},"image":{"@id":"https:\/\/now-news.de\/de\/#\/schema\/logo\/image\/"},"sameAs":["https:\/\/www.facebook.com\/wirmachenauf","https:\/\/x.com\/WirMachenAuf_de"]},{"@type":"Person","@id":"https:\/\/now-news.de\/de\/#\/schema\/person\/fb534a4e865501d8b3285208df34a9b5","name":"rtnews","image":{"@type":"ImageObject","inLanguage":"de","@id":"https:\/\/now-news.de\/de\/#\/schema\/person\/image\/","url":"https:\/\/secure.gravatar.com\/avatar\/82aafea7d8127119dd649515f56e2117?s=96&d=mm&r=g","contentUrl":"https:\/\/secure.gravatar.com\/avatar\/82aafea7d8127119dd649515f56e2117?s=96&d=mm&r=g","caption":"rtnews"},"url":"https:\/\/now-news.de\/de\/author\/rnews\/"}]}},"_links":{"self":[{"href":"https:\/\/now-news.de\/de\/wp-json\/wp\/v2\/posts\/71288"}],"collection":[{"href":"https:\/\/now-news.de\/de\/wp-json\/wp\/v2\/posts"}],"about":[{"href":"https:\/\/now-news.de\/de\/wp-json\/wp\/v2\/types\/post"}],"author":[{"embeddable":true,"href":"https:\/\/now-news.de\/de\/wp-json\/wp\/v2\/users\/3"}],"replies":[{"embeddable":true,"href":"https:\/\/now-news.de\/de\/wp-json\/wp\/v2\/comments?post=71288"}],"version-history":[{"count":0,"href":"https:\/\/now-news.de\/de\/wp-json\/wp\/v2\/posts\/71288\/revisions"}],"wp:featuredmedia":[{"embeddable":true,"href":"https:\/\/now-news.de\/de\/wp-json\/wp\/v2\/media\/71289"}],"wp:attachment":[{"href":"https:\/\/now-news.de\/de\/wp-json\/wp\/v2\/media?parent=71288"}],"wp:term":[{"taxonomy":"category","embeddable":true,"href":"https:\/\/now-news.de\/de\/wp-json\/wp\/v2\/categories?post=71288"},{"taxonomy":"post_tag","embeddable":true,"href":"https:\/\/now-news.de\/de\/wp-json\/wp\/v2\/tags?post=71288"}],"curies":[{"name":"wp","href":"https:\/\/api.w.org\/{rel}","templated":true}]}}