{"id":7125,"date":"2022-05-08T21:00:36","date_gmt":"2022-05-08T19:00:36","guid":{"rendered":"http:\/\/just-now.news\/de\/deutschland\/nun-offiziell-lula-da-silva-kandidiert-fuer-die-praesidentschaft-brasiliens\/"},"modified":"2022-05-08T21:00:36","modified_gmt":"2022-05-08T19:00:36","slug":"nun-offiziell-lula-da-silva-kandidiert-fuer-die-praesidentschaft-brasiliens","status":"publish","type":"post","link":"https:\/\/now-news.de\/de\/deutschland\/nun-offiziell-lula-da-silva-kandidiert-fuer-die-praesidentschaft-brasiliens\/","title":{"rendered":"Nun offiziell: Lula da Silva kandidiert f\u00fcr die Pr\u00e4sidentschaft Brasiliens"},"content":{"rendered":"<div class=\"Text-root Text-type_5 ArticleView-text ViewText-root \">\n<p>Am 2. Oktober 2022 stehen in Brasilien Pr\u00e4sidentschaftswahlen an und nun kann sich die politische Linke Hoffnungen machen, das h\u00f6chste Amt in dem gr\u00f6\u00dften Land Lateinamerikas zur\u00fcckzuerobern. Der im Volk beliebte ehemalige Pr\u00e4sident Luiz In\u00e1cio<strong>\u00a0<\/strong>Lula da Silva, der dieses Amt schon in den Jahren 2003 bis 2010 bekleidete, bereitete am Sonnabend lang anhaltenden Spekulationen ein Ende und best\u00e4tigte, in das Rennen gegen den rechtskonservativen Amtsinhaber Jair Bolsonaro einzusteigen.<\/p>\n<p>Lula kandidiert f\u00fcr die Arbeiterpartei PT, deren Mitglied er seit 1980 ist, und will sich um die Bildung einer Koalition aus linken Parteien und Parteien der Mitte bem\u00fchen. Bei der Bekanntgabe seiner Kandidatur sagte er vor\u00a0Tausenden Anh\u00e4ngern der Arbeiterpartei, Gewerkschaften und politischer Verb\u00fcndeter in S\u00e3o Paulo:<\/p>\n<blockquote>\n<p>&#8220;<em>Wir m\u00fcssen Demokraten aller Herk\u00fcnfte und Farben vereinigen, um der totalit\u00e4ren Bedrohung entgegenzutreten und sie zu schlagen. (&#8230;) Alles, was wir getan haben und was das brasilianische Volk erreicht hat, wird von der aktuellen Regierung zerst\u00f6rt.<\/em>&#8220;<\/p>\n<\/blockquote>\n<p>W\u00e4hrend der ersten Amtszeit Lula da Silvas in den Jahren 2003 bis 2011 bl\u00fchte Brasilien wirtschaftlich auf. Gro\u00dfangelegte Sozialprogramme halfen damals Millionen Menschen aus der Armut. Allerdings war seine Pr\u00e4sidentschaft auch von Korruptionsskandalen in Brasilien gekennzeichnet und unter seiner Amtsnachfolgerin Dilma Roussef verspielte die Arbeiterpartei Sympathien von W\u00e4hlern aus allen Schichten.\u00a0\u00a0<\/p>\n<div class=\"ReadMore-root Section-root Section-is1to3-xs_is1to1\" data-widgets=\"ReadMore\" data-has-alias>\n<div class=\"Section-container Section-isRow-isTop-isWrap\">\n<article class=\"Card-root Card-is1to1 \">\n<div class=\"Card-imageWrap\">\n<div class=\"Card-picture\">\n<picture class=\"Picture-root Picture-default\"><!--[if IE 9]><video style=\"display: none;\"><![endif]--><source media=\"(-webkit-min-device-pixel-ratio: 2) and (min-resolution: 120dpi)\" data-srcset=\" \nhttp:\/\/just-now.news\/de\/wp-content\/uploads\/sites\/3\/2022\/05\/Nun-offiziell-Lula-da-Silva-kandidiert-fuer-die-Praesidentschaft-Brasiliens.jpg 850w,\n                http:\/\/just-now.news\/de\/wp-content\/uploads\/sites\/3\/2022\/04\/Bolsonaro-Brasilien-kann-jaehrlich-15-Millionen-Tonnen-Weizen-zusaetzlich-produzieren.jpg 1960w,\n            \" ><source data-srcset=\" \nhttp:\/\/just-now.news\/de\/wp-content\/uploads\/sites\/3\/2022\/05\/Nun-offiziell-Lula-da-Silva-kandidiert-fuer-die-Praesidentschaft-Brasiliens.jpg 460w,\n              http:\/\/just-now.news\/de\/wp-content\/uploads\/sites\/3\/2022\/04\/Bolsonaro-Brasilien-kann-jaehrlich-15-Millionen-Tonnen-Weizen-zusaetzlich-produzieren.jpg 980w,\n            \" ><!--[if IE 9]><\/video><![endif]--><\/source><\/source><\/picture><!-- noscript pattern --><noscript><img decoding=\"async\" src=\"http:\/\/just-now.news\/de\/wp-content\/uploads\/sites\/3\/2022\/04\/Bolsonaro-Brasilien-kann-jaehrlich-15-Millionen-Tonnen-Weizen-zusaetzlich-produzieren.jpg\" alt=\"Bolsonaro: Brasilien kann j\u00e4hrlich 15 Millionen Tonnen Weizen zus\u00e4tzlich produzieren\"><\/noscript>    <\/div><\/div>\n<div class=\"Card-contentWrap\">\n<div class=\"Card-content\">\n<div class=\"Card-title\">\n<div class=\"HeaderNews-root HeaderNews-type_6 \">\n<p>            <a rel=\"nofollow noopener\" target=\"_blank\" href=\"https:\/\/de.rt.com\/amerika\/137065-bolsonaro-zufolge-koennte-brasilien-jaehrlich-23-millionen-tonnen-weizen-produzieren\/\" class=\"Link-root Link-isFullCard \"><br \/>\n                Bolsonaro: Brasilien kann j\u00e4hrlich 15 Millionen Tonnen Weizen zus\u00e4tzlich produzieren<br \/>\n            <\/a><\/p><\/div><\/div><\/div><\/div>\n<\/article>\n<\/div><\/div>\n<p>Im Vorfeld der Wahlen im Jahr 2018, die schlie\u00dflich Bolsonaro gewann, war Lula wegen Korruption und Geldw\u00e4sche zu zw\u00f6lf Jahren Haft verurteilt worden. Er hatte die Ermittlungen gegen ihn stets als politisch motiviert zur\u00fcckgewiesen. Im M\u00e4rz 2021 hob ein Richter am Obersten Gerichtshof alle Urteile gegen den linken Ex-Pr\u00e4sidenten auf, was nun die erneute Kandidatur erm\u00f6glicht.<\/p>\n<p>Lula da Silva wurde 1945 geboren und ist damit drei Jahre j\u00fcnger als der amtierende US-Pr\u00e4sident Joe Biden. Gerechnet wird damit, dass am 2. Oktober Amtsinhaber Bolsonaro und der Kandidat der Arbeiterpartei als Bestplatzierte aus der ersten Runde der Pr\u00e4sidentschaftswahlen hervorgehen und sich dann im 2. Wahlgang voraussichtlich am 30. Oktober gegen\u00fcberstehen werden.\u00a0<\/p>\n<p>Die Amtsdauer der brasilianischen Pr\u00e4sidenten betr\u00e4gt vier Jahre, die durch eine Wiederwahl um maximal weitere vier Jahre verl\u00e4ngert werden kann. Die Beschr\u00e4nkung auf zwei Amtszeiten gilt jedoch nicht, wenn die dritte Wiederwahl nicht aus dem Amt heraus erfolgt. In derzeitigen Wahlumfragen f\u00fchrt Lula da Silva vor Bolsonaro.<\/p>\n<p><strong>Mehr zum Thema<\/strong> \u2013 <a rel=\"nofollow noopener\" target=\"_blank\" href=\"https:\/\/de.rt.com\/amerika\/136564-brasiliens-ex-staatschef-lula-da-silva-bestaetigt-seine-praesidentschaftsambitionen\/\">Brasiliens Ex-Staatschef Lula da Silva best\u00e4tigt Pr\u00e4sidentschaftsambitionen<\/a><\/p>\n<\/p>\n<\/div>\n<p><br \/>\n<br \/><a href=\"https:\/\/de.rt.com\/amerika\/137962-lula-da-silva-gibt-kandidatur-bekannt\/\">Source link <\/a><\/p>\n","protected":false},"excerpt":{"rendered":"<p>Am 2. Oktober 2022 stehen in Brasilien Pr\u00e4sidentschaftswahlen an und nun kann sich die politische Linke Hoffnungen machen, das h\u00f6chste Amt in dem gr\u00f6\u00dften Land Lateinamerikas zur\u00fcckzuerobern. Der im Volk beliebte ehemalige Pr\u00e4sident Luiz In\u00e1cio\u00a0Lula da Silva, der dieses Amt schon in den Jahren 2003 bis 2010 bekleidete, bereitete am Sonnabend lang anhaltenden Spekulationen ein [&hellip;]<\/p>\n","protected":false},"author":3,"featured_media":7126,"comment_status":"open","ping_status":"open","sticky":false,"template":"","format":"standard","meta":{"wp_automatic_camp":["217"],"86907c96e3b2d470f2592e266098612e":["Nun offiziell: Lula da Silva kandidiert f\u00fcr die Pr\u00e4sidentschaft Brasiliens"],"original_link":["https:\/\/de.rt.com\/amerika\/137962-lula-da-silva-gibt-kandidatur-bekannt\/"],"_thumbnail_id":["7126"],"wp_automatic_remove_first_image":["yes"],"_wptg_p2tg_sent2tg":["2022-05-08 21:09:38"],"jnews_social_counter_last_update":["1777418137"]},"categories":[19,23],"tags":[4646,45,221,4903,4648,2121,2390,19231,4649],"yoast_head":"<!-- This site is optimized with the Yoast SEO Premium plugin v22.7 (Yoast SEO v22.7) - https:\/\/yoast.com\/wordpress\/plugins\/seo\/ -->\n<title>Nun offiziell: Lula da Silva kandidiert f\u00fcr die Pr\u00e4sidentschaft Brasiliens - just-now.NEWS Deutschland<\/title>\n<meta name=\"robots\" content=\"index, follow, max-snippet:-1, max-image-preview:large, max-video-preview:-1\" \/>\n<link rel=\"canonical\" href=\"https:\/\/now-news.de\/de\/deutschland\/nun-offiziell-lula-da-silva-kandidiert-fuer-die-praesidentschaft-brasiliens\/\" \/>\n<meta property=\"og:locale\" content=\"de_DE\" \/>\n<meta property=\"og:type\" content=\"article\" \/>\n<meta property=\"og:title\" content=\"Nun offiziell: Lula da Silva kandidiert f\u00fcr die Pr\u00e4sidentschaft Brasiliens\" \/>\n<meta property=\"og:description\" content=\"Am 2. Oktober 2022 stehen in Brasilien Pr\u00e4sidentschaftswahlen an und nun kann sich die politische Linke Hoffnungen machen, das h\u00f6chste Amt in dem gr\u00f6\u00dften Land Lateinamerikas zur\u00fcckzuerobern. Der im Volk beliebte ehemalige Pr\u00e4sident Luiz In\u00e1cio\u00a0Lula da Silva, der dieses Amt schon in den Jahren 2003 bis 2010 bekleidete, bereitete am Sonnabend lang anhaltenden Spekulationen ein [&hellip;]\" \/>\n<meta property=\"og:url\" content=\"https:\/\/now-news.de\/de\/deutschland\/nun-offiziell-lula-da-silva-kandidiert-fuer-die-praesidentschaft-brasiliens\/\" \/>\n<meta property=\"og:site_name\" content=\"just-now.NEWS Deutschland\" \/>\n<meta property=\"article:publisher\" content=\"https:\/\/www.facebook.com\/wirmachenauf\" \/>\n<meta property=\"article:published_time\" content=\"2022-05-08T19:00:36+00:00\" \/>\n<meta property=\"og:image\" content=\"https:\/\/now-news.de\/de\/wp-content\/uploads\/sites\/3\/2022\/05\/Nun-offiziell-Lula-da-Silva-kandidiert-fuer-die-Praesidentschaft-Brasiliens.jpg\" \/>\n\t<meta property=\"og:image:width\" content=\"460\" \/>\n\t<meta property=\"og:image:height\" content=\"259\" \/>\n\t<meta property=\"og:image:type\" content=\"image\/jpeg\" \/>\n<meta name=\"author\" content=\"rtnews\" \/>\n<meta name=\"twitter:card\" content=\"summary_large_image\" \/>\n<meta name=\"twitter:creator\" content=\"@WirMachenAuf_de\" \/>\n<meta name=\"twitter:site\" content=\"@WirMachenAuf_de\" \/>\n<meta name=\"twitter:label1\" content=\"Verfasst von\" \/>\n\t<meta name=\"twitter:data1\" content=\"rtnews\" \/>\n\t<meta name=\"twitter:label2\" content=\"Gesch\u00e4tzte Lesezeit\" \/>\n\t<meta name=\"twitter:data2\" content=\"2\u00a0Minuten\" \/>\n<script type=\"application\/ld+json\" class=\"yoast-schema-graph\">{\"@context\":\"https:\/\/schema.org\",\"@graph\":[{\"@type\":\"Article\",\"@id\":\"https:\/\/now-news.de\/de\/deutschland\/nun-offiziell-lula-da-silva-kandidiert-fuer-die-praesidentschaft-brasiliens\/#article\",\"isPartOf\":{\"@id\":\"https:\/\/now-news.de\/de\/deutschland\/nun-offiziell-lula-da-silva-kandidiert-fuer-die-praesidentschaft-brasiliens\/\"},\"author\":{\"name\":\"rtnews\",\"@id\":\"https:\/\/now-news.de\/de\/#\/schema\/person\/fb534a4e865501d8b3285208df34a9b5\"},\"headline\":\"Nun offiziell: Lula da Silva kandidiert f\u00fcr die Pr\u00e4sidentschaft Brasiliens\",\"datePublished\":\"2022-05-08T19:00:36+00:00\",\"dateModified\":\"2022-05-08T19:00:36+00:00\",\"mainEntityOfPage\":{\"@id\":\"https:\/\/now-news.de\/de\/deutschland\/nun-offiziell-lula-da-silva-kandidiert-fuer-die-praesidentschaft-brasiliens\/\"},\"wordCount\":420,\"commentCount\":0,\"publisher\":{\"@id\":\"https:\/\/now-news.de\/de\/#organization\"},\"image\":{\"@id\":\"https:\/\/now-news.de\/de\/deutschland\/nun-offiziell-lula-da-silva-kandidiert-fuer-die-praesidentschaft-brasiliens\/#primaryimage\"},\"thumbnailUrl\":\"https:\/\/now-news.de\/de\/wp-content\/uploads\/sites\/3\/2022\/05\/Nun-offiziell-Lula-da-Silva-kandidiert-fuer-die-Praesidentschaft-Brasiliens.jpg\",\"keywords\":[\"Brasiliens\",\"die\",\"f\u00fcr\",\"kandidiert\",\"Lula\",\"nun\",\"Offiziell\",\"Pr\u00e4sidentschaft\",\"Silva\"],\"articleSection\":[\"Deutschland\",\"Russland\"],\"inLanguage\":\"de\",\"potentialAction\":[{\"@type\":\"CommentAction\",\"name\":\"Comment\",\"target\":[\"https:\/\/now-news.de\/de\/deutschland\/nun-offiziell-lula-da-silva-kandidiert-fuer-die-praesidentschaft-brasiliens\/#respond\"]}]},{\"@type\":\"WebPage\",\"@id\":\"https:\/\/now-news.de\/de\/deutschland\/nun-offiziell-lula-da-silva-kandidiert-fuer-die-praesidentschaft-brasiliens\/\",\"url\":\"https:\/\/now-news.de\/de\/deutschland\/nun-offiziell-lula-da-silva-kandidiert-fuer-die-praesidentschaft-brasiliens\/\",\"name\":\"Nun offiziell: Lula da Silva kandidiert f\u00fcr die Pr\u00e4sidentschaft Brasiliens - just-now.NEWS Deutschland\",\"isPartOf\":{\"@id\":\"https:\/\/now-news.de\/de\/#website\"},\"primaryImageOfPage\":{\"@id\":\"https:\/\/now-news.de\/de\/deutschland\/nun-offiziell-lula-da-silva-kandidiert-fuer-die-praesidentschaft-brasiliens\/#primaryimage\"},\"image\":{\"@id\":\"https:\/\/now-news.de\/de\/deutschland\/nun-offiziell-lula-da-silva-kandidiert-fuer-die-praesidentschaft-brasiliens\/#primaryimage\"},\"thumbnailUrl\":\"https:\/\/now-news.de\/de\/wp-content\/uploads\/sites\/3\/2022\/05\/Nun-offiziell-Lula-da-Silva-kandidiert-fuer-die-Praesidentschaft-Brasiliens.jpg\",\"datePublished\":\"2022-05-08T19:00:36+00:00\",\"dateModified\":\"2022-05-08T19:00:36+00:00\",\"breadcrumb\":{\"@id\":\"https:\/\/now-news.de\/de\/deutschland\/nun-offiziell-lula-da-silva-kandidiert-fuer-die-praesidentschaft-brasiliens\/#breadcrumb\"},\"inLanguage\":\"de\",\"potentialAction\":[{\"@type\":\"ReadAction\",\"target\":[\"https:\/\/now-news.de\/de\/deutschland\/nun-offiziell-lula-da-silva-kandidiert-fuer-die-praesidentschaft-brasiliens\/\"]}]},{\"@type\":\"ImageObject\",\"inLanguage\":\"de\",\"@id\":\"https:\/\/now-news.de\/de\/deutschland\/nun-offiziell-lula-da-silva-kandidiert-fuer-die-praesidentschaft-brasiliens\/#primaryimage\",\"url\":\"https:\/\/now-news.de\/de\/wp-content\/uploads\/sites\/3\/2022\/05\/Nun-offiziell-Lula-da-Silva-kandidiert-fuer-die-Praesidentschaft-Brasiliens.jpg\",\"contentUrl\":\"https:\/\/now-news.de\/de\/wp-content\/uploads\/sites\/3\/2022\/05\/Nun-offiziell-Lula-da-Silva-kandidiert-fuer-die-Praesidentschaft-Brasiliens.jpg\",\"width\":460,\"height\":259},{\"@type\":\"BreadcrumbList\",\"@id\":\"https:\/\/now-news.de\/de\/deutschland\/nun-offiziell-lula-da-silva-kandidiert-fuer-die-praesidentschaft-brasiliens\/#breadcrumb\",\"itemListElement\":[{\"@type\":\"ListItem\",\"position\":1,\"name\":\"Home\",\"item\":\"https:\/\/now-news.de\/de\/\"},{\"@type\":\"ListItem\",\"position\":2,\"name\":\"Nun offiziell: Lula da Silva kandidiert f\u00fcr die Pr\u00e4sidentschaft Brasiliens\"}]},{\"@type\":\"WebSite\",\"@id\":\"https:\/\/now-news.de\/de\/#website\",\"url\":\"https:\/\/now-news.de\/de\/\",\"name\":\"just-now.NEWS Deutschland\",\"description\":\"Das Portal f\u00fcr unzensierte Nachrichten aus der Welt\",\"publisher\":{\"@id\":\"https:\/\/now-news.de\/de\/#organization\"},\"potentialAction\":[{\"@type\":\"SearchAction\",\"target\":{\"@type\":\"EntryPoint\",\"urlTemplate\":\"https:\/\/now-news.de\/de\/?s={search_term_string}\"},\"query-input\":\"required name=search_term_string\"}],\"inLanguage\":\"de\"},{\"@type\":\"Organization\",\"@id\":\"https:\/\/now-news.de\/de\/#organization\",\"name\":\"Just Now News\",\"url\":\"https:\/\/now-news.de\/de\/\",\"logo\":{\"@type\":\"ImageObject\",\"inLanguage\":\"de\",\"@id\":\"https:\/\/now-news.de\/de\/#\/schema\/logo\/image\/\",\"url\":\"http:\/\/just-now.news\/de\/wp-content\/uploads\/sites\/3\/2022\/04\/logo500x500.jpg\",\"contentUrl\":\"http:\/\/just-now.news\/de\/wp-content\/uploads\/sites\/3\/2022\/04\/logo500x500.jpg\",\"width\":500,\"height\":500,\"caption\":\"Just Now News\"},\"image\":{\"@id\":\"https:\/\/now-news.de\/de\/#\/schema\/logo\/image\/\"},\"sameAs\":[\"https:\/\/www.facebook.com\/wirmachenauf\",\"https:\/\/x.com\/WirMachenAuf_de\"]},{\"@type\":\"Person\",\"@id\":\"https:\/\/now-news.de\/de\/#\/schema\/person\/fb534a4e865501d8b3285208df34a9b5\",\"name\":\"rtnews\",\"image\":{\"@type\":\"ImageObject\",\"inLanguage\":\"de\",\"@id\":\"https:\/\/now-news.de\/de\/#\/schema\/person\/image\/\",\"url\":\"https:\/\/secure.gravatar.com\/avatar\/82aafea7d8127119dd649515f56e2117?s=96&d=mm&r=g\",\"contentUrl\":\"https:\/\/secure.gravatar.com\/avatar\/82aafea7d8127119dd649515f56e2117?s=96&d=mm&r=g\",\"caption\":\"rtnews\"},\"url\":\"https:\/\/now-news.de\/de\/author\/rnews\/\"}]}<\/script>\n<!-- \/ Yoast SEO Premium plugin. -->","yoast_head_json":{"title":"Nun offiziell: Lula da Silva kandidiert f\u00fcr die Pr\u00e4sidentschaft Brasiliens - just-now.NEWS Deutschland","robots":{"index":"index","follow":"follow","max-snippet":"max-snippet:-1","max-image-preview":"max-image-preview:large","max-video-preview":"max-video-preview:-1"},"canonical":"https:\/\/now-news.de\/de\/deutschland\/nun-offiziell-lula-da-silva-kandidiert-fuer-die-praesidentschaft-brasiliens\/","og_locale":"de_DE","og_type":"article","og_title":"Nun offiziell: Lula da Silva kandidiert f\u00fcr die Pr\u00e4sidentschaft Brasiliens","og_description":"Am 2. Oktober 2022 stehen in Brasilien Pr\u00e4sidentschaftswahlen an und nun kann sich die politische Linke Hoffnungen machen, das h\u00f6chste Amt in dem gr\u00f6\u00dften Land Lateinamerikas zur\u00fcckzuerobern. Der im Volk beliebte ehemalige Pr\u00e4sident Luiz In\u00e1cio\u00a0Lula da Silva, der dieses Amt schon in den Jahren 2003 bis 2010 bekleidete, bereitete am Sonnabend lang anhaltenden Spekulationen ein [&hellip;]","og_url":"https:\/\/now-news.de\/de\/deutschland\/nun-offiziell-lula-da-silva-kandidiert-fuer-die-praesidentschaft-brasiliens\/","og_site_name":"just-now.NEWS Deutschland","article_publisher":"https:\/\/www.facebook.com\/wirmachenauf","article_published_time":"2022-05-08T19:00:36+00:00","og_image":[{"width":460,"height":259,"url":"https:\/\/now-news.de\/de\/wp-content\/uploads\/sites\/3\/2022\/05\/Nun-offiziell-Lula-da-Silva-kandidiert-fuer-die-Praesidentschaft-Brasiliens.jpg","type":"image\/jpeg"}],"author":"rtnews","twitter_card":"summary_large_image","twitter_creator":"@WirMachenAuf_de","twitter_site":"@WirMachenAuf_de","twitter_misc":{"Verfasst von":"rtnews","Gesch\u00e4tzte Lesezeit":"2\u00a0Minuten"},"schema":{"@context":"https:\/\/schema.org","@graph":[{"@type":"Article","@id":"https:\/\/now-news.de\/de\/deutschland\/nun-offiziell-lula-da-silva-kandidiert-fuer-die-praesidentschaft-brasiliens\/#article","isPartOf":{"@id":"https:\/\/now-news.de\/de\/deutschland\/nun-offiziell-lula-da-silva-kandidiert-fuer-die-praesidentschaft-brasiliens\/"},"author":{"name":"rtnews","@id":"https:\/\/now-news.de\/de\/#\/schema\/person\/fb534a4e865501d8b3285208df34a9b5"},"headline":"Nun offiziell: Lula da Silva kandidiert f\u00fcr die Pr\u00e4sidentschaft Brasiliens","datePublished":"2022-05-08T19:00:36+00:00","dateModified":"2022-05-08T19:00:36+00:00","mainEntityOfPage":{"@id":"https:\/\/now-news.de\/de\/deutschland\/nun-offiziell-lula-da-silva-kandidiert-fuer-die-praesidentschaft-brasiliens\/"},"wordCount":420,"commentCount":0,"publisher":{"@id":"https:\/\/now-news.de\/de\/#organization"},"image":{"@id":"https:\/\/now-news.de\/de\/deutschland\/nun-offiziell-lula-da-silva-kandidiert-fuer-die-praesidentschaft-brasiliens\/#primaryimage"},"thumbnailUrl":"https:\/\/now-news.de\/de\/wp-content\/uploads\/sites\/3\/2022\/05\/Nun-offiziell-Lula-da-Silva-kandidiert-fuer-die-Praesidentschaft-Brasiliens.jpg","keywords":["Brasiliens","die","f\u00fcr","kandidiert","Lula","nun","Offiziell","Pr\u00e4sidentschaft","Silva"],"articleSection":["Deutschland","Russland"],"inLanguage":"de","potentialAction":[{"@type":"CommentAction","name":"Comment","target":["https:\/\/now-news.de\/de\/deutschland\/nun-offiziell-lula-da-silva-kandidiert-fuer-die-praesidentschaft-brasiliens\/#respond"]}]},{"@type":"WebPage","@id":"https:\/\/now-news.de\/de\/deutschland\/nun-offiziell-lula-da-silva-kandidiert-fuer-die-praesidentschaft-brasiliens\/","url":"https:\/\/now-news.de\/de\/deutschland\/nun-offiziell-lula-da-silva-kandidiert-fuer-die-praesidentschaft-brasiliens\/","name":"Nun offiziell: Lula da Silva kandidiert f\u00fcr die Pr\u00e4sidentschaft Brasiliens - just-now.NEWS Deutschland","isPartOf":{"@id":"https:\/\/now-news.de\/de\/#website"},"primaryImageOfPage":{"@id":"https:\/\/now-news.de\/de\/deutschland\/nun-offiziell-lula-da-silva-kandidiert-fuer-die-praesidentschaft-brasiliens\/#primaryimage"},"image":{"@id":"https:\/\/now-news.de\/de\/deutschland\/nun-offiziell-lula-da-silva-kandidiert-fuer-die-praesidentschaft-brasiliens\/#primaryimage"},"thumbnailUrl":"https:\/\/now-news.de\/de\/wp-content\/uploads\/sites\/3\/2022\/05\/Nun-offiziell-Lula-da-Silva-kandidiert-fuer-die-Praesidentschaft-Brasiliens.jpg","datePublished":"2022-05-08T19:00:36+00:00","dateModified":"2022-05-08T19:00:36+00:00","breadcrumb":{"@id":"https:\/\/now-news.de\/de\/deutschland\/nun-offiziell-lula-da-silva-kandidiert-fuer-die-praesidentschaft-brasiliens\/#breadcrumb"},"inLanguage":"de","potentialAction":[{"@type":"ReadAction","target":["https:\/\/now-news.de\/de\/deutschland\/nun-offiziell-lula-da-silva-kandidiert-fuer-die-praesidentschaft-brasiliens\/"]}]},{"@type":"ImageObject","inLanguage":"de","@id":"https:\/\/now-news.de\/de\/deutschland\/nun-offiziell-lula-da-silva-kandidiert-fuer-die-praesidentschaft-brasiliens\/#primaryimage","url":"https:\/\/now-news.de\/de\/wp-content\/uploads\/sites\/3\/2022\/05\/Nun-offiziell-Lula-da-Silva-kandidiert-fuer-die-Praesidentschaft-Brasiliens.jpg","contentUrl":"https:\/\/now-news.de\/de\/wp-content\/uploads\/sites\/3\/2022\/05\/Nun-offiziell-Lula-da-Silva-kandidiert-fuer-die-Praesidentschaft-Brasiliens.jpg","width":460,"height":259},{"@type":"BreadcrumbList","@id":"https:\/\/now-news.de\/de\/deutschland\/nun-offiziell-lula-da-silva-kandidiert-fuer-die-praesidentschaft-brasiliens\/#breadcrumb","itemListElement":[{"@type":"ListItem","position":1,"name":"Home","item":"https:\/\/now-news.de\/de\/"},{"@type":"ListItem","position":2,"name":"Nun offiziell: Lula da Silva kandidiert f\u00fcr die Pr\u00e4sidentschaft Brasiliens"}]},{"@type":"WebSite","@id":"https:\/\/now-news.de\/de\/#website","url":"https:\/\/now-news.de\/de\/","name":"just-now.NEWS Deutschland","description":"Das Portal f\u00fcr unzensierte Nachrichten aus der Welt","publisher":{"@id":"https:\/\/now-news.de\/de\/#organization"},"potentialAction":[{"@type":"SearchAction","target":{"@type":"EntryPoint","urlTemplate":"https:\/\/now-news.de\/de\/?s={search_term_string}"},"query-input":"required name=search_term_string"}],"inLanguage":"de"},{"@type":"Organization","@id":"https:\/\/now-news.de\/de\/#organization","name":"Just Now News","url":"https:\/\/now-news.de\/de\/","logo":{"@type":"ImageObject","inLanguage":"de","@id":"https:\/\/now-news.de\/de\/#\/schema\/logo\/image\/","url":"http:\/\/just-now.news\/de\/wp-content\/uploads\/sites\/3\/2022\/04\/logo500x500.jpg","contentUrl":"http:\/\/just-now.news\/de\/wp-content\/uploads\/sites\/3\/2022\/04\/logo500x500.jpg","width":500,"height":500,"caption":"Just Now News"},"image":{"@id":"https:\/\/now-news.de\/de\/#\/schema\/logo\/image\/"},"sameAs":["https:\/\/www.facebook.com\/wirmachenauf","https:\/\/x.com\/WirMachenAuf_de"]},{"@type":"Person","@id":"https:\/\/now-news.de\/de\/#\/schema\/person\/fb534a4e865501d8b3285208df34a9b5","name":"rtnews","image":{"@type":"ImageObject","inLanguage":"de","@id":"https:\/\/now-news.de\/de\/#\/schema\/person\/image\/","url":"https:\/\/secure.gravatar.com\/avatar\/82aafea7d8127119dd649515f56e2117?s=96&d=mm&r=g","contentUrl":"https:\/\/secure.gravatar.com\/avatar\/82aafea7d8127119dd649515f56e2117?s=96&d=mm&r=g","caption":"rtnews"},"url":"https:\/\/now-news.de\/de\/author\/rnews\/"}]}},"_links":{"self":[{"href":"https:\/\/now-news.de\/de\/wp-json\/wp\/v2\/posts\/7125"}],"collection":[{"href":"https:\/\/now-news.de\/de\/wp-json\/wp\/v2\/posts"}],"about":[{"href":"https:\/\/now-news.de\/de\/wp-json\/wp\/v2\/types\/post"}],"author":[{"embeddable":true,"href":"https:\/\/now-news.de\/de\/wp-json\/wp\/v2\/users\/3"}],"replies":[{"embeddable":true,"href":"https:\/\/now-news.de\/de\/wp-json\/wp\/v2\/comments?post=7125"}],"version-history":[{"count":0,"href":"https:\/\/now-news.de\/de\/wp-json\/wp\/v2\/posts\/7125\/revisions"}],"wp:featuredmedia":[{"embeddable":true,"href":"https:\/\/now-news.de\/de\/wp-json\/wp\/v2\/media\/7126"}],"wp:attachment":[{"href":"https:\/\/now-news.de\/de\/wp-json\/wp\/v2\/media?parent=7125"}],"wp:term":[{"taxonomy":"category","embeddable":true,"href":"https:\/\/now-news.de\/de\/wp-json\/wp\/v2\/categories?post=7125"},{"taxonomy":"post_tag","embeddable":true,"href":"https:\/\/now-news.de\/de\/wp-json\/wp\/v2\/tags?post=7125"}],"curies":[{"name":"wp","href":"https:\/\/api.w.org\/{rel}","templated":true}]}}