{"id":71145,"date":"2024-10-21T10:48:57","date_gmt":"2024-10-21T08:48:57","guid":{"rendered":"https:\/\/now-news.de\/de\/deutschland\/sturzverletzung-brasiliens-praesident-lula-kann-nicht-zum-brics-gipfel-kommen\/"},"modified":"2024-10-21T10:48:57","modified_gmt":"2024-10-21T08:48:57","slug":"sturzverletzung-brasiliens-praesident-lula-kann-nicht-zum-brics-gipfel-kommen","status":"publish","type":"post","link":"https:\/\/now-news.de\/de\/deutschland\/sturzverletzung-brasiliens-praesident-lula-kann-nicht-zum-brics-gipfel-kommen\/","title":{"rendered":"Sturzverletzung: Brasiliens Pr\u00e4sident Lula kann nicht zum BRICS-Gipfel kommen"},"content":{"rendered":"<p><img decoding=\"async\" src=\"https:\/\/now-news.de\/de\/wp-content\/uploads\/sites\/3\/2024\/10\/67160916b480cc5ec01c5c65.jpg\" \/><\/p>\n<div class=\"Text-root Text-type_1 \">\n                Luiz In\u00e1cio Lula da Silva muss seine Reise zum BRICS-Gipfeltreffen in Russland absagen, nachdem er sich eine Kopfverletzung zugezogen hat. Stattdessen wird Brasiliens Staatschef virtuell an der Veranstaltung teilnehmen. Delegationen aus 32 L\u00e4ndern werden erwartet.\n            <\/div>\n<p><\/p>\n<div class=\"Text-root Text-type_5 ArticleView-text ViewText-root \">\n<p>Der brasilianische Pr\u00e4sident Luiz In\u00e1cio Lula da Silva wird nicht am BRICS-Gipfel in Russland teilnehmen. Grund daf\u00fcr ist eine Kopfverletzung, die er sich bei einem Sturz zugezogen hat. Brasilianischen Medienberichten zufolge wurde der 78-J\u00e4hrige am Samstag in einem Krankenhaus in Bras\u00edlia behandelt.<\/p>\n<p>Lula soll im Badezimmer seiner Residenz gest\u00fcrzt sein. Eine Untersuchung ergab eine Verletzung am Hinterkopf und Anzeichen einer leichten Gehirnersch\u00fctterung.<\/p>\n<p>Aufgrund der \u00e4rztlichen Empfehlung, auf Flugreisen zu verzichten, entschied die Pr\u00e4sidialkanzlei am Sonntag, den bereits geplanten Besuch in Russland abzusagen. Lula da Silva h\u00e4tte nach Kasan fliegen sollen, um\u00a0vom 22. bis 24. Oktober am 16. BRICS-Gipfel teilzunehmen. Stattdessen wird er nun per Video zugeschaltet.<\/p>\n<p>Themen des Gipfels sind unter anderem die wirtschaftliche Zusammenarbeit, geopolitische Herausforderungen, Finanzen, Technologie und Handel.<\/p>\n<p>Die Vereinigung wurde 2006 von Brasilien, Russland, Indien und China gegr\u00fcndet. Im Jahr 2010 kam S\u00fcdafrika hinzu. In diesem Jahr traten \u00c4gypten, \u00c4thiopien, Iran, Saudi-Arabien und die Vereinigten Arabischen Emirate bei. Weitere 34 L\u00e4nder, darunter die T\u00fcrkei, Thailand, Malaysia und Aserbaidschan, haben den Wunsch ge\u00e4u\u00dfert, sich den BRICS in der einen oder anderen Form anzuschlie\u00dfen.<\/p>\n<p>Im Jahr 2024 hat Russland den BRICS-Vorsitz inne und ist somit Gastgeber des Gipfels in Kasan. Dort werden Delegationen aus 32 L\u00e4ndern erwartet. Zu den Teilnehmern geh\u00f6ren unter anderem UN-Generalsekret\u00e4r Ant\u00f3nio Guterres sowie die Chefin der BRICS-Entwicklungsbank\u00a0Dilma Rousseff.<\/p>\n<p><strong>Mehr zum Thema<\/strong> &#8211; <a rel=\"nofollow noopener\" target=\"_blank\" href=\"https:\/\/freedert.online\/international\/222925-atomunternehmen-brics-gruenden-gemeinsame-plattform\/\">Atomunternehmen der BRICS+ gr\u00fcnden gemeinsame Plattform<\/a><\/p>\n<div class=\"EmbedBlock-root EmbedBlock-externalVideo EmbedBlock-rumble\">\n<div class=\"VkEmbed\"><iframe class=\"lazyload\" data-src=\"https:\/\/rumble.com\/embed\/v5h23y1\" frameborder=\"0\" width=\"853\" height=\"480\" allowfullscreen><\/iframe><\/div>\n<\/div>\n<\/div>\n<p><br \/>\n<br \/><a href=\"https:\/\/de.rt.com\/international\/223133-praesident-lula-muss-russland-reise\/\">Source link <\/a><\/p>\n","protected":false},"excerpt":{"rendered":"<p>Luiz In\u00e1cio Lula da Silva muss seine Reise zum BRICS-Gipfeltreffen in Russland absagen, nachdem er sich eine Kopfverletzung zugezogen hat. Stattdessen wird Brasiliens Staatschef virtuell an der Veranstaltung teilnehmen. Delegationen aus 32 L\u00e4ndern werden erwartet. Der brasilianische Pr\u00e4sident Luiz In\u00e1cio Lula da Silva wird nicht am BRICS-Gipfel in Russland teilnehmen. Grund daf\u00fcr ist eine Kopfverletzung, [&hellip;]<\/p>\n","protected":false},"author":3,"featured_media":71146,"comment_status":"open","ping_status":"open","sticky":false,"template":"","format":"standard","meta":{"_yoast_indexnow_last_ping":["1729500716"],"wp_automatic_camp":["217"],"7f5bd1e729f93eb80817d174b90e5e79":["Sturzverletzung: Brasiliens Pr\u00e4sident Lula kann nicht zum BRICS-Gipfel kommen"],"original_link":["https:\/\/de.rt.com\/international\/223133-praesident-lula-muss-russland-reise\/"],"_thumbnail_id":["71146"],"_wptgpro_p2tg_sent2tg":["a:1:{i:23737;s:19:\"2024-10-21 10:52:57\";}"],"jnews_social_counter_last_update":["1777263317"]},"categories":[19,23],"tags":[4646,43075,838,8370,4648,800,3464,59618,565],"yoast_head":"<!-- This site is optimized with the Yoast SEO Premium plugin v22.7 (Yoast SEO v22.7) - https:\/\/yoast.com\/wordpress\/plugins\/seo\/ -->\n<title>Sturzverletzung: Brasiliens Pr\u00e4sident Lula kann nicht zum BRICS-Gipfel kommen - just-now.NEWS Deutschland<\/title>\n<meta name=\"robots\" content=\"index, follow, max-snippet:-1, max-image-preview:large, max-video-preview:-1\" \/>\n<link rel=\"canonical\" href=\"https:\/\/now-news.de\/de\/deutschland\/sturzverletzung-brasiliens-praesident-lula-kann-nicht-zum-brics-gipfel-kommen\/\" \/>\n<meta property=\"og:locale\" content=\"de_DE\" \/>\n<meta property=\"og:type\" content=\"article\" \/>\n<meta property=\"og:title\" content=\"Sturzverletzung: Brasiliens Pr\u00e4sident Lula kann nicht zum BRICS-Gipfel kommen\" \/>\n<meta property=\"og:description\" content=\"Luiz In\u00e1cio Lula da Silva muss seine Reise zum BRICS-Gipfeltreffen in Russland absagen, nachdem er sich eine Kopfverletzung zugezogen hat. Stattdessen wird Brasiliens Staatschef virtuell an der Veranstaltung teilnehmen. Delegationen aus 32 L\u00e4ndern werden erwartet. Der brasilianische Pr\u00e4sident Luiz In\u00e1cio Lula da Silva wird nicht am BRICS-Gipfel in Russland teilnehmen. Grund daf\u00fcr ist eine Kopfverletzung, [&hellip;]\" \/>\n<meta property=\"og:url\" content=\"https:\/\/now-news.de\/de\/deutschland\/sturzverletzung-brasiliens-praesident-lula-kann-nicht-zum-brics-gipfel-kommen\/\" \/>\n<meta property=\"og:site_name\" content=\"just-now.NEWS Deutschland\" \/>\n<meta property=\"article:publisher\" content=\"https:\/\/www.facebook.com\/wirmachenauf\" \/>\n<meta property=\"article:published_time\" content=\"2024-10-21T08:48:57+00:00\" \/>\n<meta property=\"og:image\" content=\"https:\/\/now-news.de\/de\/wp-content\/uploads\/sites\/3\/2024\/10\/67160916b480cc5ec01c5c65.jpg\" \/>\n<meta name=\"author\" content=\"rtnews\" \/>\n<meta name=\"twitter:card\" content=\"summary_large_image\" \/>\n<meta name=\"twitter:creator\" content=\"@WirMachenAuf_de\" \/>\n<meta name=\"twitter:site\" content=\"@WirMachenAuf_de\" \/>\n<meta name=\"twitter:label1\" content=\"Verfasst von\" \/>\n\t<meta name=\"twitter:data1\" content=\"rtnews\" \/>\n\t<meta name=\"twitter:label2\" content=\"Gesch\u00e4tzte Lesezeit\" \/>\n\t<meta name=\"twitter:data2\" content=\"1\u00a0Minute\" \/>\n<script type=\"application\/ld+json\" class=\"yoast-schema-graph\">{\"@context\":\"https:\/\/schema.org\",\"@graph\":[{\"@type\":\"Article\",\"@id\":\"https:\/\/now-news.de\/de\/deutschland\/sturzverletzung-brasiliens-praesident-lula-kann-nicht-zum-brics-gipfel-kommen\/#article\",\"isPartOf\":{\"@id\":\"https:\/\/now-news.de\/de\/deutschland\/sturzverletzung-brasiliens-praesident-lula-kann-nicht-zum-brics-gipfel-kommen\/\"},\"author\":{\"name\":\"rtnews\",\"@id\":\"https:\/\/now-news.de\/de\/#\/schema\/person\/fb534a4e865501d8b3285208df34a9b5\"},\"headline\":\"Sturzverletzung: Brasiliens Pr\u00e4sident Lula kann nicht zum BRICS-Gipfel kommen\",\"datePublished\":\"2024-10-21T08:48:57+00:00\",\"dateModified\":\"2024-10-21T08:48:57+00:00\",\"mainEntityOfPage\":{\"@id\":\"https:\/\/now-news.de\/de\/deutschland\/sturzverletzung-brasiliens-praesident-lula-kann-nicht-zum-brics-gipfel-kommen\/\"},\"wordCount\":288,\"commentCount\":0,\"publisher\":{\"@id\":\"https:\/\/now-news.de\/de\/#organization\"},\"image\":{\"@id\":\"https:\/\/now-news.de\/de\/deutschland\/sturzverletzung-brasiliens-praesident-lula-kann-nicht-zum-brics-gipfel-kommen\/#primaryimage\"},\"thumbnailUrl\":\"https:\/\/now-news.de\/de\/wp-content\/uploads\/sites\/3\/2024\/10\/Sturzverletzung-Brasiliens-Praesident-Lula-kann-nicht-zum-BRICS-Gipfel-kommen.jpg\",\"keywords\":[\"Brasiliens\",\"BRICSGipfel\",\"kann\",\"kommen\",\"Lula\",\"nicht\",\"Pr\u00e4sident\",\"Sturzverletzung\",\"zum\"],\"articleSection\":[\"Deutschland\",\"Russland\"],\"inLanguage\":\"de\",\"potentialAction\":[{\"@type\":\"CommentAction\",\"name\":\"Comment\",\"target\":[\"https:\/\/now-news.de\/de\/deutschland\/sturzverletzung-brasiliens-praesident-lula-kann-nicht-zum-brics-gipfel-kommen\/#respond\"]}]},{\"@type\":\"WebPage\",\"@id\":\"https:\/\/now-news.de\/de\/deutschland\/sturzverletzung-brasiliens-praesident-lula-kann-nicht-zum-brics-gipfel-kommen\/\",\"url\":\"https:\/\/now-news.de\/de\/deutschland\/sturzverletzung-brasiliens-praesident-lula-kann-nicht-zum-brics-gipfel-kommen\/\",\"name\":\"Sturzverletzung: Brasiliens Pr\u00e4sident Lula kann nicht zum BRICS-Gipfel kommen - just-now.NEWS Deutschland\",\"isPartOf\":{\"@id\":\"https:\/\/now-news.de\/de\/#website\"},\"primaryImageOfPage\":{\"@id\":\"https:\/\/now-news.de\/de\/deutschland\/sturzverletzung-brasiliens-praesident-lula-kann-nicht-zum-brics-gipfel-kommen\/#primaryimage\"},\"image\":{\"@id\":\"https:\/\/now-news.de\/de\/deutschland\/sturzverletzung-brasiliens-praesident-lula-kann-nicht-zum-brics-gipfel-kommen\/#primaryimage\"},\"thumbnailUrl\":\"https:\/\/now-news.de\/de\/wp-content\/uploads\/sites\/3\/2024\/10\/Sturzverletzung-Brasiliens-Praesident-Lula-kann-nicht-zum-BRICS-Gipfel-kommen.jpg\",\"datePublished\":\"2024-10-21T08:48:57+00:00\",\"dateModified\":\"2024-10-21T08:48:57+00:00\",\"breadcrumb\":{\"@id\":\"https:\/\/now-news.de\/de\/deutschland\/sturzverletzung-brasiliens-praesident-lula-kann-nicht-zum-brics-gipfel-kommen\/#breadcrumb\"},\"inLanguage\":\"de\",\"potentialAction\":[{\"@type\":\"ReadAction\",\"target\":[\"https:\/\/now-news.de\/de\/deutschland\/sturzverletzung-brasiliens-praesident-lula-kann-nicht-zum-brics-gipfel-kommen\/\"]}]},{\"@type\":\"ImageObject\",\"inLanguage\":\"de\",\"@id\":\"https:\/\/now-news.de\/de\/deutschland\/sturzverletzung-brasiliens-praesident-lula-kann-nicht-zum-brics-gipfel-kommen\/#primaryimage\",\"url\":\"https:\/\/now-news.de\/de\/wp-content\/uploads\/sites\/3\/2024\/10\/Sturzverletzung-Brasiliens-Praesident-Lula-kann-nicht-zum-BRICS-Gipfel-kommen.jpg\",\"contentUrl\":\"https:\/\/now-news.de\/de\/wp-content\/uploads\/sites\/3\/2024\/10\/Sturzverletzung-Brasiliens-Praesident-Lula-kann-nicht-zum-BRICS-Gipfel-kommen.jpg\",\"width\":460,\"height\":259,\"caption\":\"Sturzverletzung: Brasiliens Pr\u00e4sident Lula kann nicht zum BRICS-Gipfel kommen\"},{\"@type\":\"BreadcrumbList\",\"@id\":\"https:\/\/now-news.de\/de\/deutschland\/sturzverletzung-brasiliens-praesident-lula-kann-nicht-zum-brics-gipfel-kommen\/#breadcrumb\",\"itemListElement\":[{\"@type\":\"ListItem\",\"position\":1,\"name\":\"Home\",\"item\":\"https:\/\/now-news.de\/de\/\"},{\"@type\":\"ListItem\",\"position\":2,\"name\":\"Sturzverletzung: Brasiliens Pr\u00e4sident Lula kann nicht zum BRICS-Gipfel kommen\"}]},{\"@type\":\"WebSite\",\"@id\":\"https:\/\/now-news.de\/de\/#website\",\"url\":\"https:\/\/now-news.de\/de\/\",\"name\":\"just-now.NEWS Deutschland\",\"description\":\"Das Portal f\u00fcr unzensierte Nachrichten aus der Welt\",\"publisher\":{\"@id\":\"https:\/\/now-news.de\/de\/#organization\"},\"potentialAction\":[{\"@type\":\"SearchAction\",\"target\":{\"@type\":\"EntryPoint\",\"urlTemplate\":\"https:\/\/now-news.de\/de\/?s={search_term_string}\"},\"query-input\":\"required name=search_term_string\"}],\"inLanguage\":\"de\"},{\"@type\":\"Organization\",\"@id\":\"https:\/\/now-news.de\/de\/#organization\",\"name\":\"Just Now News\",\"url\":\"https:\/\/now-news.de\/de\/\",\"logo\":{\"@type\":\"ImageObject\",\"inLanguage\":\"de\",\"@id\":\"https:\/\/now-news.de\/de\/#\/schema\/logo\/image\/\",\"url\":\"http:\/\/just-now.news\/de\/wp-content\/uploads\/sites\/3\/2022\/04\/logo500x500.jpg\",\"contentUrl\":\"http:\/\/just-now.news\/de\/wp-content\/uploads\/sites\/3\/2022\/04\/logo500x500.jpg\",\"width\":500,\"height\":500,\"caption\":\"Just Now News\"},\"image\":{\"@id\":\"https:\/\/now-news.de\/de\/#\/schema\/logo\/image\/\"},\"sameAs\":[\"https:\/\/www.facebook.com\/wirmachenauf\",\"https:\/\/x.com\/WirMachenAuf_de\"]},{\"@type\":\"Person\",\"@id\":\"https:\/\/now-news.de\/de\/#\/schema\/person\/fb534a4e865501d8b3285208df34a9b5\",\"name\":\"rtnews\",\"image\":{\"@type\":\"ImageObject\",\"inLanguage\":\"de\",\"@id\":\"https:\/\/now-news.de\/de\/#\/schema\/person\/image\/\",\"url\":\"https:\/\/secure.gravatar.com\/avatar\/82aafea7d8127119dd649515f56e2117?s=96&d=mm&r=g\",\"contentUrl\":\"https:\/\/secure.gravatar.com\/avatar\/82aafea7d8127119dd649515f56e2117?s=96&d=mm&r=g\",\"caption\":\"rtnews\"},\"url\":\"https:\/\/now-news.de\/de\/author\/rnews\/\"}]}<\/script>\n<!-- \/ Yoast SEO Premium plugin. -->","yoast_head_json":{"title":"Sturzverletzung: Brasiliens Pr\u00e4sident Lula kann nicht zum BRICS-Gipfel kommen - just-now.NEWS Deutschland","robots":{"index":"index","follow":"follow","max-snippet":"max-snippet:-1","max-image-preview":"max-image-preview:large","max-video-preview":"max-video-preview:-1"},"canonical":"https:\/\/now-news.de\/de\/deutschland\/sturzverletzung-brasiliens-praesident-lula-kann-nicht-zum-brics-gipfel-kommen\/","og_locale":"de_DE","og_type":"article","og_title":"Sturzverletzung: Brasiliens Pr\u00e4sident Lula kann nicht zum BRICS-Gipfel kommen","og_description":"Luiz In\u00e1cio Lula da Silva muss seine Reise zum BRICS-Gipfeltreffen in Russland absagen, nachdem er sich eine Kopfverletzung zugezogen hat. Stattdessen wird Brasiliens Staatschef virtuell an der Veranstaltung teilnehmen. Delegationen aus 32 L\u00e4ndern werden erwartet. Der brasilianische Pr\u00e4sident Luiz In\u00e1cio Lula da Silva wird nicht am BRICS-Gipfel in Russland teilnehmen. Grund daf\u00fcr ist eine Kopfverletzung, [&hellip;]","og_url":"https:\/\/now-news.de\/de\/deutschland\/sturzverletzung-brasiliens-praesident-lula-kann-nicht-zum-brics-gipfel-kommen\/","og_site_name":"just-now.NEWS Deutschland","article_publisher":"https:\/\/www.facebook.com\/wirmachenauf","article_published_time":"2024-10-21T08:48:57+00:00","og_image":[{"url":"https:\/\/now-news.de\/de\/wp-content\/uploads\/sites\/3\/2024\/10\/67160916b480cc5ec01c5c65.jpg"}],"author":"rtnews","twitter_card":"summary_large_image","twitter_creator":"@WirMachenAuf_de","twitter_site":"@WirMachenAuf_de","twitter_misc":{"Verfasst von":"rtnews","Gesch\u00e4tzte Lesezeit":"1\u00a0Minute"},"schema":{"@context":"https:\/\/schema.org","@graph":[{"@type":"Article","@id":"https:\/\/now-news.de\/de\/deutschland\/sturzverletzung-brasiliens-praesident-lula-kann-nicht-zum-brics-gipfel-kommen\/#article","isPartOf":{"@id":"https:\/\/now-news.de\/de\/deutschland\/sturzverletzung-brasiliens-praesident-lula-kann-nicht-zum-brics-gipfel-kommen\/"},"author":{"name":"rtnews","@id":"https:\/\/now-news.de\/de\/#\/schema\/person\/fb534a4e865501d8b3285208df34a9b5"},"headline":"Sturzverletzung: Brasiliens Pr\u00e4sident Lula kann nicht zum BRICS-Gipfel kommen","datePublished":"2024-10-21T08:48:57+00:00","dateModified":"2024-10-21T08:48:57+00:00","mainEntityOfPage":{"@id":"https:\/\/now-news.de\/de\/deutschland\/sturzverletzung-brasiliens-praesident-lula-kann-nicht-zum-brics-gipfel-kommen\/"},"wordCount":288,"commentCount":0,"publisher":{"@id":"https:\/\/now-news.de\/de\/#organization"},"image":{"@id":"https:\/\/now-news.de\/de\/deutschland\/sturzverletzung-brasiliens-praesident-lula-kann-nicht-zum-brics-gipfel-kommen\/#primaryimage"},"thumbnailUrl":"https:\/\/now-news.de\/de\/wp-content\/uploads\/sites\/3\/2024\/10\/Sturzverletzung-Brasiliens-Praesident-Lula-kann-nicht-zum-BRICS-Gipfel-kommen.jpg","keywords":["Brasiliens","BRICSGipfel","kann","kommen","Lula","nicht","Pr\u00e4sident","Sturzverletzung","zum"],"articleSection":["Deutschland","Russland"],"inLanguage":"de","potentialAction":[{"@type":"CommentAction","name":"Comment","target":["https:\/\/now-news.de\/de\/deutschland\/sturzverletzung-brasiliens-praesident-lula-kann-nicht-zum-brics-gipfel-kommen\/#respond"]}]},{"@type":"WebPage","@id":"https:\/\/now-news.de\/de\/deutschland\/sturzverletzung-brasiliens-praesident-lula-kann-nicht-zum-brics-gipfel-kommen\/","url":"https:\/\/now-news.de\/de\/deutschland\/sturzverletzung-brasiliens-praesident-lula-kann-nicht-zum-brics-gipfel-kommen\/","name":"Sturzverletzung: Brasiliens Pr\u00e4sident Lula kann nicht zum BRICS-Gipfel kommen - just-now.NEWS Deutschland","isPartOf":{"@id":"https:\/\/now-news.de\/de\/#website"},"primaryImageOfPage":{"@id":"https:\/\/now-news.de\/de\/deutschland\/sturzverletzung-brasiliens-praesident-lula-kann-nicht-zum-brics-gipfel-kommen\/#primaryimage"},"image":{"@id":"https:\/\/now-news.de\/de\/deutschland\/sturzverletzung-brasiliens-praesident-lula-kann-nicht-zum-brics-gipfel-kommen\/#primaryimage"},"thumbnailUrl":"https:\/\/now-news.de\/de\/wp-content\/uploads\/sites\/3\/2024\/10\/Sturzverletzung-Brasiliens-Praesident-Lula-kann-nicht-zum-BRICS-Gipfel-kommen.jpg","datePublished":"2024-10-21T08:48:57+00:00","dateModified":"2024-10-21T08:48:57+00:00","breadcrumb":{"@id":"https:\/\/now-news.de\/de\/deutschland\/sturzverletzung-brasiliens-praesident-lula-kann-nicht-zum-brics-gipfel-kommen\/#breadcrumb"},"inLanguage":"de","potentialAction":[{"@type":"ReadAction","target":["https:\/\/now-news.de\/de\/deutschland\/sturzverletzung-brasiliens-praesident-lula-kann-nicht-zum-brics-gipfel-kommen\/"]}]},{"@type":"ImageObject","inLanguage":"de","@id":"https:\/\/now-news.de\/de\/deutschland\/sturzverletzung-brasiliens-praesident-lula-kann-nicht-zum-brics-gipfel-kommen\/#primaryimage","url":"https:\/\/now-news.de\/de\/wp-content\/uploads\/sites\/3\/2024\/10\/Sturzverletzung-Brasiliens-Praesident-Lula-kann-nicht-zum-BRICS-Gipfel-kommen.jpg","contentUrl":"https:\/\/now-news.de\/de\/wp-content\/uploads\/sites\/3\/2024\/10\/Sturzverletzung-Brasiliens-Praesident-Lula-kann-nicht-zum-BRICS-Gipfel-kommen.jpg","width":460,"height":259,"caption":"Sturzverletzung: Brasiliens Pr\u00e4sident Lula kann nicht zum BRICS-Gipfel kommen"},{"@type":"BreadcrumbList","@id":"https:\/\/now-news.de\/de\/deutschland\/sturzverletzung-brasiliens-praesident-lula-kann-nicht-zum-brics-gipfel-kommen\/#breadcrumb","itemListElement":[{"@type":"ListItem","position":1,"name":"Home","item":"https:\/\/now-news.de\/de\/"},{"@type":"ListItem","position":2,"name":"Sturzverletzung: Brasiliens Pr\u00e4sident Lula kann nicht zum BRICS-Gipfel kommen"}]},{"@type":"WebSite","@id":"https:\/\/now-news.de\/de\/#website","url":"https:\/\/now-news.de\/de\/","name":"just-now.NEWS Deutschland","description":"Das Portal f\u00fcr unzensierte Nachrichten aus der Welt","publisher":{"@id":"https:\/\/now-news.de\/de\/#organization"},"potentialAction":[{"@type":"SearchAction","target":{"@type":"EntryPoint","urlTemplate":"https:\/\/now-news.de\/de\/?s={search_term_string}"},"query-input":"required name=search_term_string"}],"inLanguage":"de"},{"@type":"Organization","@id":"https:\/\/now-news.de\/de\/#organization","name":"Just Now News","url":"https:\/\/now-news.de\/de\/","logo":{"@type":"ImageObject","inLanguage":"de","@id":"https:\/\/now-news.de\/de\/#\/schema\/logo\/image\/","url":"http:\/\/just-now.news\/de\/wp-content\/uploads\/sites\/3\/2022\/04\/logo500x500.jpg","contentUrl":"http:\/\/just-now.news\/de\/wp-content\/uploads\/sites\/3\/2022\/04\/logo500x500.jpg","width":500,"height":500,"caption":"Just Now News"},"image":{"@id":"https:\/\/now-news.de\/de\/#\/schema\/logo\/image\/"},"sameAs":["https:\/\/www.facebook.com\/wirmachenauf","https:\/\/x.com\/WirMachenAuf_de"]},{"@type":"Person","@id":"https:\/\/now-news.de\/de\/#\/schema\/person\/fb534a4e865501d8b3285208df34a9b5","name":"rtnews","image":{"@type":"ImageObject","inLanguage":"de","@id":"https:\/\/now-news.de\/de\/#\/schema\/person\/image\/","url":"https:\/\/secure.gravatar.com\/avatar\/82aafea7d8127119dd649515f56e2117?s=96&d=mm&r=g","contentUrl":"https:\/\/secure.gravatar.com\/avatar\/82aafea7d8127119dd649515f56e2117?s=96&d=mm&r=g","caption":"rtnews"},"url":"https:\/\/now-news.de\/de\/author\/rnews\/"}]}},"_links":{"self":[{"href":"https:\/\/now-news.de\/de\/wp-json\/wp\/v2\/posts\/71145"}],"collection":[{"href":"https:\/\/now-news.de\/de\/wp-json\/wp\/v2\/posts"}],"about":[{"href":"https:\/\/now-news.de\/de\/wp-json\/wp\/v2\/types\/post"}],"author":[{"embeddable":true,"href":"https:\/\/now-news.de\/de\/wp-json\/wp\/v2\/users\/3"}],"replies":[{"embeddable":true,"href":"https:\/\/now-news.de\/de\/wp-json\/wp\/v2\/comments?post=71145"}],"version-history":[{"count":0,"href":"https:\/\/now-news.de\/de\/wp-json\/wp\/v2\/posts\/71145\/revisions"}],"wp:featuredmedia":[{"embeddable":true,"href":"https:\/\/now-news.de\/de\/wp-json\/wp\/v2\/media\/71146"}],"wp:attachment":[{"href":"https:\/\/now-news.de\/de\/wp-json\/wp\/v2\/media?parent=71145"}],"wp:term":[{"taxonomy":"category","embeddable":true,"href":"https:\/\/now-news.de\/de\/wp-json\/wp\/v2\/categories?post=71145"},{"taxonomy":"post_tag","embeddable":true,"href":"https:\/\/now-news.de\/de\/wp-json\/wp\/v2\/tags?post=71145"}],"curies":[{"name":"wp","href":"https:\/\/api.w.org\/{rel}","templated":true}]}}