{"id":71129,"date":"2024-10-20T21:07:18","date_gmt":"2024-10-20T19:07:18","guid":{"rendered":"https:\/\/now-news.de\/de\/deutschland\/fuer-kaempfe-im-baltikum-deutschland-und-grossbritannien-bereiten-historischen-verteidigungspakt-vor\/"},"modified":"2024-10-20T21:07:18","modified_gmt":"2024-10-20T19:07:18","slug":"fuer-kaempfe-im-baltikum-deutschland-und-grossbritannien-bereiten-historischen-verteidigungspakt-vor","status":"publish","type":"post","link":"https:\/\/now-news.de\/de\/deutschland\/fuer-kaempfe-im-baltikum-deutschland-und-grossbritannien-bereiten-historischen-verteidigungspakt-vor\/","title":{"rendered":"F\u00fcr K\u00e4mpfe im Baltikum: Deutschland und Gro\u00dfbritannien bereiten &quot;historischen Verteidigungspakt&quot; vor"},"content":{"rendered":"<p><img decoding=\"async\" src=\"https:\/\/now-news.de\/de\/wp-content\/uploads\/sites\/3\/2024\/10\/67154428b480cc0be2544f25.jpg\" \/><\/p>\n<div class=\"Text-root Text-type_1 \">\n                Deutschland und Gro\u00dfbritannien stehen kurz vor der Unterzeichnung eines umfassenden Verteidigungsabkommens, berichtet The Times. Laut dem Leiter des britischen Verteidigungsministeriums geht es bei dem Abkommen darum, Putin milit\u00e4risch &#8220;einen Schritt voraus zu sein&#8221;.\n            <\/div>\n<p><\/p>\n<div class=\"Text-root Text-type_5 ArticleView-text ViewText-root \">\n<p>Das Vereinigte K\u00f6nigreich wird kommende Woche ein historisches Verteidigungsabkommen mit Deutschland unterzeichnen und damit den Weg f\u00fcr engere milit\u00e4rische und sicherheitspolitische Beziehungen zur Europ\u00e4ischen Union ebnen, <a rel=\"nofollow noopener\" target=\"_blank\" href=\"https:\/\/www.thetimes.com\/article\/d044758a-6834-4866-97f4-3184355805a4\">berichtet<\/a> die britische Zeitung <em>The Times\u00a0<\/em>am Sonntag. Besonderes Augenmerk legen die beiden Partner auf die St\u00e4rkung der milit\u00e4rischen Pr\u00e4senz in den L\u00e4ndern des Baltikums.\u00a0<\/p>\n<p>So soll das Abkommen es den britischen und deutschen Streitkr\u00e4ften erm\u00f6glichen, gemeinsame Milit\u00e4r\u00fcbungen an der Ostgrenze der NATO zu Russland durchzuf\u00fchren, h\u00f6chstwahrscheinlich in Estland und Litauen. Auch wird es den beiden L\u00e4ndern erm\u00f6glichen, mehr Waffen gemeinsam zu beschaffen und zu einer engeren Zusammenarbeit bei der Entwicklung und Herstellung der n\u00e4chsten Waffengeneration f\u00fchren.<\/p>\n<p>Der britische Verteidigungsminister John Healey hofft, dass das Abkommen die britische und die deutsche R\u00fcstungsindustrie &#8220;in einer Zeit st\u00e4rken wird, in der der Westen verzweifelt versucht, die Produktion hochzufahren und seine Best\u00e4nde nach den Ukraine-Hilfen wieder aufzuf\u00fcllen&#8221;.\u00a0<\/p>\n<p>Das Vereinigte K\u00f6nigreich strebt einen weitreichenden Sicherheits- und Verteidigungspakt mit der EU an, der die Bereiche Verteidigung, Austausch von Geheimdienstinformationen, Energie und illegale Migration umfasst. Der deutsche Pakt wird als &#8220;erster Schritt&#8221; gesehen, sagte eine Quelle, wobei substanzielle Gespr\u00e4che mit Br\u00fcssel im neuen Jahr erwartet werden.<\/p>\n<p>Am Rande eines zweit\u00e4gigen NATO-Gipfels in Br\u00fcssel erkl\u00e4rte Healey, die Vereinbarung mit Berlin sei das bedeutendste bilaterale Abkommen, das Gro\u00dfbritannien seit David Camerons Abkommen mit Frankreich im Jahr 2010 geschlossen habe. Das Lancaster-House-Abkommen verpflichtete Gro\u00dfbritannien und Frankreich zu einer viel engeren milit\u00e4rischen Zusammenarbeit, unter anderem bei der Erprobung von Atomsprengk\u00f6pfen und gemeinsamen Milit\u00e4roperationen.<\/p>\n<\/p>\n<p>Healey teilte auch mit, dass die in Estland stationierten britischen Truppen eine neue Ausbildung, Drohnen und technologische Verbesserungen erhalten w\u00fcrden, um die britischen Streitkr\u00e4fte wieder f\u00fcr den &#8220;Kriegskampf&#8221; fit zu machen.<\/p>\n<p>Im Rahmen des Projekts Asgard werden neue Drohnen f\u00fcr alle Fronteinheiten bis hinunter zum Zug sowie neue Funkger\u00e4te und fortschrittliche Sensoren bereitgestellt, die es den britischen Streitkr\u00e4ften erm\u00f6glichen, Feinde aus gr\u00f6\u00dferer Entfernung zu erkennen, Informationen schnell zu verarbeiten und an die Befehlshaber auf dem Schlachtfeld zu \u00fcbermitteln und dann aus gr\u00f6\u00dferer Entfernung anzugreifen.<\/p>\n<p>Healey sagte, Asgard werde im neuen Jahr eingef\u00fchrt und solle den Erfolg der Ukraine auf dem Schlachtfeld wiederholen, indem es zeige, wie eine kleinere, aber wendigere und technologisch fortschrittlichere Truppe einen viel gr\u00f6\u00dferen konventionellen Feind besiegen k\u00f6nne.<\/p>\n<p>&#8220;Es geht darum, dass unsere Streitkr\u00e4fte Putin einen Schritt voraus sind&#8221;, betonte er. Mit neuen\u00a0Drohnen und Sensoren in den H\u00e4nden der Fronteinheiten k\u00f6nne man weiter sehen, schneller reagieren und h\u00e4rter zuschlagen \u2013 &#8220;und das alles, ohne unbedingt gr\u00f6\u00dfer zu sein&#8221;.\u00a0<\/p>\n<blockquote>\n<p><em>\u201eWir m\u00fcssen unsere Streitkr\u00e4fte wieder in die Lage versetzen, besser im Krieg zu k\u00e4mpfen.&#8221; <br \/><\/em><\/p>\n<\/blockquote>\n<p>W\u00e4hrend des Gipfels k\u00fcndigte das Vereinigte K\u00f6nigreich au\u00dferdem an, dass es gemeinsam mit Deutschland, Frankreich, Polen und Italien an der n\u00e4chsten Generation westlicher Langstreckenraketen arbeiten werde, um der NATO ein neues Abschreckungsmittel gegen russische Angriffe an die Hand zu geben.\u00a0<\/p>\n<p>Mit Verweis auf &#8220;Verteidigungskreise&#8221; frohlockt die Zeitung, dass die geplanten Raketen wesentlich fortschrittlicher sein w\u00fcrden als das britische Marschflugk\u00f6rpersystem Storm Shadow. Dieses wurde von der Ukraine auf der Krim und im Schwarzen Meer &#8220;verheerend eingesetzt und trug dazu bei, ein Drittel der dort stationierten Flotte Putins zu besch\u00e4digen und zu versenken&#8221;. Die Raketen werden eine Reichweite von mindestens 620 Meilen haben, das Vierfache der 155-Meilen-Reichweite von Storm Shadow.<\/p>\n<p>Am 24. Juli <a rel=\"nofollow noopener\" target=\"_blank\" href=\"https:\/\/esut.de\/2024\/07\/meldungen\/51960\/deutschland-und-grossbritannien-wiederbeleben-verteidigungspolitische-zusammenarbeit\/\">unterzeichneten<\/a> Bundesverteidigungsminister Boris Pistorius und sein britischer Kollege John Healey eine Joint Declaration, eine bilaterale Absichtserkl\u00e4rung, zur St\u00e4rkung der milit\u00e4rischen Zusammenarbeit. Im Mai letzten Jahres legte die Friedrich-Ebert-Stiftung einen\u00a0&#8220;<a rel=\"nofollow noopener\" target=\"_blank\" href=\"https:\/\/library.fes.de\/pdf-files\/bueros\/london\/20332.pdf\">Fahrplan<\/a> f\u00fcr eine verst\u00e4rkte Zusammenarbeit zwischen Deutschland und Gro\u00dfbritannien im Bereich Sicherheit und Verteidigung bis 2030&#8243; vor. In dem 27-seitigen Dokument wird u. a. begr\u00fcndet, warum der Krieg in der Ukraine eine verst\u00e4rkte deutsch-britische verteidigungs- und sicherheitspolitische Zusammenarbeit &#8220;sinnvoller, notwendiger und vorteilhafter&#8221; macht.<\/p>\n<p><strong>Mehr zum Thema<\/strong> \u2013 <a rel=\"nofollow noopener\" target=\"_blank\" href=\"https:\/\/freedert.online\/inland\/197967-was-aus-abgehoerten-gespraech-bekannt-wurde\/\">Abgeh\u00f6rte Bundeswehr-Beratung: Deutschland plant Zerst\u00f6rung der Krim-Br\u00fccke<\/a><\/p>\n<\/p>\n<\/div>\n<p><br \/>\n<br \/><a href=\"https:\/\/de.rt.com\/europa\/223111-fuer-kaempfe-im-baltikum-deutschland-gro%C3%9Fbritannien-bereiten-historisches-verteidigungspakt\/\">Source link <\/a><\/p>\n","protected":false},"excerpt":{"rendered":"<p>Deutschland und Gro\u00dfbritannien stehen kurz vor der Unterzeichnung eines umfassenden Verteidigungsabkommens, berichtet The Times. Laut dem Leiter des britischen Verteidigungsministeriums geht es bei dem Abkommen darum, Putin milit\u00e4risch &#8220;einen Schritt voraus zu sein&#8221;. Das Vereinigte K\u00f6nigreich wird kommende Woche ein historisches Verteidigungsabkommen mit Deutschland unterzeichnen und damit den Weg f\u00fcr engere milit\u00e4rische und sicherheitspolitische Beziehungen [&hellip;]<\/p>\n","protected":false},"author":3,"featured_media":71130,"comment_status":"open","ping_status":"open","sticky":false,"template":"","format":"standard","meta":{"_yoast_indexnow_last_ping":["1729451573"],"wp_automatic_camp":["217"],"b63b42e1be0161735b0421462c323f3b":["F\u00fcr K\u00e4mpfe im Baltikum: Deutschland und Gro\u00dfbritannien bereiten &quot;historischen Verteidigungspakt&quot; vor"],"original_link":["https:\/\/de.rt.com\/europa\/223111-fuer-kaempfe-im-baltikum-deutschland-gro%C3%9Fbritannien-bereiten-historisches-verteidigungspakt\/"],"_thumbnail_id":["71130"],"jnews_social_counter_last_update":["1777181537"],"_wptgpro_p2tg_sent2tg":["a:1:{i:23737;s:19:\"2024-10-20 21:14:34\";}"]},"categories":[19,23],"tags":[35179,21181,179,221,759,4692,59606,140,59607,320],"yoast_head":"<!-- This site is optimized with the Yoast SEO Premium plugin v22.7 (Yoast SEO v22.7) - https:\/\/yoast.com\/wordpress\/plugins\/seo\/ -->\n<title>F\u00fcr K\u00e4mpfe im Baltikum: Deutschland und Gro\u00dfbritannien bereiten &quot;historischen Verteidigungspakt&quot; vor - just-now.NEWS Deutschland<\/title>\n<meta name=\"robots\" content=\"index, follow, max-snippet:-1, max-image-preview:large, max-video-preview:-1\" \/>\n<link rel=\"canonical\" href=\"https:\/\/now-news.de\/de\/deutschland\/fuer-kaempfe-im-baltikum-deutschland-und-grossbritannien-bereiten-historischen-verteidigungspakt-vor\/\" \/>\n<meta property=\"og:locale\" content=\"de_DE\" \/>\n<meta property=\"og:type\" content=\"article\" \/>\n<meta property=\"og:title\" content=\"F\u00fcr K\u00e4mpfe im Baltikum: Deutschland und Gro\u00dfbritannien bereiten &quot;historischen Verteidigungspakt&quot; vor\" \/>\n<meta property=\"og:description\" content=\"Deutschland und Gro\u00dfbritannien stehen kurz vor der Unterzeichnung eines umfassenden Verteidigungsabkommens, berichtet The Times. Laut dem Leiter des britischen Verteidigungsministeriums geht es bei dem Abkommen darum, Putin milit\u00e4risch &#8220;einen Schritt voraus zu sein&#8221;. Das Vereinigte K\u00f6nigreich wird kommende Woche ein historisches Verteidigungsabkommen mit Deutschland unterzeichnen und damit den Weg f\u00fcr engere milit\u00e4rische und sicherheitspolitische Beziehungen [&hellip;]\" \/>\n<meta property=\"og:url\" content=\"https:\/\/now-news.de\/de\/deutschland\/fuer-kaempfe-im-baltikum-deutschland-und-grossbritannien-bereiten-historischen-verteidigungspakt-vor\/\" \/>\n<meta property=\"og:site_name\" content=\"just-now.NEWS Deutschland\" \/>\n<meta property=\"article:publisher\" content=\"https:\/\/www.facebook.com\/wirmachenauf\" \/>\n<meta property=\"article:published_time\" content=\"2024-10-20T19:07:18+00:00\" \/>\n<meta property=\"og:image\" content=\"https:\/\/now-news.de\/de\/wp-content\/uploads\/sites\/3\/2024\/10\/67154428b480cc0be2544f25.jpg\" \/>\n<meta name=\"author\" content=\"rtnews\" \/>\n<meta name=\"twitter:card\" content=\"summary_large_image\" \/>\n<meta name=\"twitter:creator\" content=\"@WirMachenAuf_de\" \/>\n<meta name=\"twitter:site\" content=\"@WirMachenAuf_de\" \/>\n<meta name=\"twitter:label1\" content=\"Verfasst von\" \/>\n\t<meta name=\"twitter:data1\" content=\"rtnews\" \/>\n\t<meta name=\"twitter:label2\" content=\"Gesch\u00e4tzte Lesezeit\" \/>\n\t<meta name=\"twitter:data2\" content=\"4\u00a0Minuten\" \/>\n<script type=\"application\/ld+json\" class=\"yoast-schema-graph\">{\"@context\":\"https:\/\/schema.org\",\"@graph\":[{\"@type\":\"Article\",\"@id\":\"https:\/\/now-news.de\/de\/deutschland\/fuer-kaempfe-im-baltikum-deutschland-und-grossbritannien-bereiten-historischen-verteidigungspakt-vor\/#article\",\"isPartOf\":{\"@id\":\"https:\/\/now-news.de\/de\/deutschland\/fuer-kaempfe-im-baltikum-deutschland-und-grossbritannien-bereiten-historischen-verteidigungspakt-vor\/\"},\"author\":{\"name\":\"rtnews\",\"@id\":\"https:\/\/now-news.de\/de\/#\/schema\/person\/fb534a4e865501d8b3285208df34a9b5\"},\"headline\":\"F\u00fcr K\u00e4mpfe im Baltikum: Deutschland und Gro\u00dfbritannien bereiten &quot;historischen Verteidigungspakt&quot; vor\",\"datePublished\":\"2024-10-20T19:07:18+00:00\",\"dateModified\":\"2024-10-20T19:07:18+00:00\",\"mainEntityOfPage\":{\"@id\":\"https:\/\/now-news.de\/de\/deutschland\/fuer-kaempfe-im-baltikum-deutschland-und-grossbritannien-bereiten-historischen-verteidigungspakt-vor\/\"},\"wordCount\":729,\"commentCount\":0,\"publisher\":{\"@id\":\"https:\/\/now-news.de\/de\/#organization\"},\"image\":{\"@id\":\"https:\/\/now-news.de\/de\/deutschland\/fuer-kaempfe-im-baltikum-deutschland-und-grossbritannien-bereiten-historischen-verteidigungspakt-vor\/#primaryimage\"},\"thumbnailUrl\":\"https:\/\/now-news.de\/de\/wp-content\/uploads\/sites\/3\/2024\/10\/Fuer-Kaempfe-im-Baltikum-Deutschland-und-Grossbritannien-bereiten-quothistorischen-Verteidigungspaktquot.jpg\",\"keywords\":[\"Baltikum\",\"bereiten\",\"Deutschland\",\"f\u00fcr\",\"Gro\u00dfbritannien\",\"K\u00e4mpfe\",\"quothistorischen\",\"und\",\"Verteidigungspaktquot\",\"vor\"],\"articleSection\":[\"Deutschland\",\"Russland\"],\"inLanguage\":\"de\",\"potentialAction\":[{\"@type\":\"CommentAction\",\"name\":\"Comment\",\"target\":[\"https:\/\/now-news.de\/de\/deutschland\/fuer-kaempfe-im-baltikum-deutschland-und-grossbritannien-bereiten-historischen-verteidigungspakt-vor\/#respond\"]}]},{\"@type\":\"WebPage\",\"@id\":\"https:\/\/now-news.de\/de\/deutschland\/fuer-kaempfe-im-baltikum-deutschland-und-grossbritannien-bereiten-historischen-verteidigungspakt-vor\/\",\"url\":\"https:\/\/now-news.de\/de\/deutschland\/fuer-kaempfe-im-baltikum-deutschland-und-grossbritannien-bereiten-historischen-verteidigungspakt-vor\/\",\"name\":\"F\u00fcr K\u00e4mpfe im Baltikum: Deutschland und Gro\u00dfbritannien bereiten &quot;historischen Verteidigungspakt&quot; vor - just-now.NEWS Deutschland\",\"isPartOf\":{\"@id\":\"https:\/\/now-news.de\/de\/#website\"},\"primaryImageOfPage\":{\"@id\":\"https:\/\/now-news.de\/de\/deutschland\/fuer-kaempfe-im-baltikum-deutschland-und-grossbritannien-bereiten-historischen-verteidigungspakt-vor\/#primaryimage\"},\"image\":{\"@id\":\"https:\/\/now-news.de\/de\/deutschland\/fuer-kaempfe-im-baltikum-deutschland-und-grossbritannien-bereiten-historischen-verteidigungspakt-vor\/#primaryimage\"},\"thumbnailUrl\":\"https:\/\/now-news.de\/de\/wp-content\/uploads\/sites\/3\/2024\/10\/Fuer-Kaempfe-im-Baltikum-Deutschland-und-Grossbritannien-bereiten-quothistorischen-Verteidigungspaktquot.jpg\",\"datePublished\":\"2024-10-20T19:07:18+00:00\",\"dateModified\":\"2024-10-20T19:07:18+00:00\",\"breadcrumb\":{\"@id\":\"https:\/\/now-news.de\/de\/deutschland\/fuer-kaempfe-im-baltikum-deutschland-und-grossbritannien-bereiten-historischen-verteidigungspakt-vor\/#breadcrumb\"},\"inLanguage\":\"de\",\"potentialAction\":[{\"@type\":\"ReadAction\",\"target\":[\"https:\/\/now-news.de\/de\/deutschland\/fuer-kaempfe-im-baltikum-deutschland-und-grossbritannien-bereiten-historischen-verteidigungspakt-vor\/\"]}]},{\"@type\":\"ImageObject\",\"inLanguage\":\"de\",\"@id\":\"https:\/\/now-news.de\/de\/deutschland\/fuer-kaempfe-im-baltikum-deutschland-und-grossbritannien-bereiten-historischen-verteidigungspakt-vor\/#primaryimage\",\"url\":\"https:\/\/now-news.de\/de\/wp-content\/uploads\/sites\/3\/2024\/10\/Fuer-Kaempfe-im-Baltikum-Deutschland-und-Grossbritannien-bereiten-quothistorischen-Verteidigungspaktquot.jpg\",\"contentUrl\":\"https:\/\/now-news.de\/de\/wp-content\/uploads\/sites\/3\/2024\/10\/Fuer-Kaempfe-im-Baltikum-Deutschland-und-Grossbritannien-bereiten-quothistorischen-Verteidigungspaktquot.jpg\",\"width\":460,\"height\":259,\"caption\":\"F\u00fcr K\u00e4mpfe im Baltikum: Deutschland und Gro\u00dfbritannien bereiten &quot;historischen Verteidigungspakt&quot; vor\"},{\"@type\":\"BreadcrumbList\",\"@id\":\"https:\/\/now-news.de\/de\/deutschland\/fuer-kaempfe-im-baltikum-deutschland-und-grossbritannien-bereiten-historischen-verteidigungspakt-vor\/#breadcrumb\",\"itemListElement\":[{\"@type\":\"ListItem\",\"position\":1,\"name\":\"Home\",\"item\":\"https:\/\/now-news.de\/de\/\"},{\"@type\":\"ListItem\",\"position\":2,\"name\":\"F\u00fcr K\u00e4mpfe im Baltikum: Deutschland und Gro\u00dfbritannien bereiten &quot;historischen Verteidigungspakt&quot; vor\"}]},{\"@type\":\"WebSite\",\"@id\":\"https:\/\/now-news.de\/de\/#website\",\"url\":\"https:\/\/now-news.de\/de\/\",\"name\":\"just-now.NEWS Deutschland\",\"description\":\"Das Portal f\u00fcr unzensierte Nachrichten aus der Welt\",\"publisher\":{\"@id\":\"https:\/\/now-news.de\/de\/#organization\"},\"potentialAction\":[{\"@type\":\"SearchAction\",\"target\":{\"@type\":\"EntryPoint\",\"urlTemplate\":\"https:\/\/now-news.de\/de\/?s={search_term_string}\"},\"query-input\":\"required name=search_term_string\"}],\"inLanguage\":\"de\"},{\"@type\":\"Organization\",\"@id\":\"https:\/\/now-news.de\/de\/#organization\",\"name\":\"Just Now News\",\"url\":\"https:\/\/now-news.de\/de\/\",\"logo\":{\"@type\":\"ImageObject\",\"inLanguage\":\"de\",\"@id\":\"https:\/\/now-news.de\/de\/#\/schema\/logo\/image\/\",\"url\":\"http:\/\/just-now.news\/de\/wp-content\/uploads\/sites\/3\/2022\/04\/logo500x500.jpg\",\"contentUrl\":\"http:\/\/just-now.news\/de\/wp-content\/uploads\/sites\/3\/2022\/04\/logo500x500.jpg\",\"width\":500,\"height\":500,\"caption\":\"Just Now News\"},\"image\":{\"@id\":\"https:\/\/now-news.de\/de\/#\/schema\/logo\/image\/\"},\"sameAs\":[\"https:\/\/www.facebook.com\/wirmachenauf\",\"https:\/\/x.com\/WirMachenAuf_de\"]},{\"@type\":\"Person\",\"@id\":\"https:\/\/now-news.de\/de\/#\/schema\/person\/fb534a4e865501d8b3285208df34a9b5\",\"name\":\"rtnews\",\"image\":{\"@type\":\"ImageObject\",\"inLanguage\":\"de\",\"@id\":\"https:\/\/now-news.de\/de\/#\/schema\/person\/image\/\",\"url\":\"https:\/\/secure.gravatar.com\/avatar\/82aafea7d8127119dd649515f56e2117?s=96&d=mm&r=g\",\"contentUrl\":\"https:\/\/secure.gravatar.com\/avatar\/82aafea7d8127119dd649515f56e2117?s=96&d=mm&r=g\",\"caption\":\"rtnews\"},\"url\":\"https:\/\/now-news.de\/de\/author\/rnews\/\"}]}<\/script>\n<!-- \/ Yoast SEO Premium plugin. -->","yoast_head_json":{"title":"F\u00fcr K\u00e4mpfe im Baltikum: Deutschland und Gro\u00dfbritannien bereiten &quot;historischen Verteidigungspakt&quot; vor - just-now.NEWS Deutschland","robots":{"index":"index","follow":"follow","max-snippet":"max-snippet:-1","max-image-preview":"max-image-preview:large","max-video-preview":"max-video-preview:-1"},"canonical":"https:\/\/now-news.de\/de\/deutschland\/fuer-kaempfe-im-baltikum-deutschland-und-grossbritannien-bereiten-historischen-verteidigungspakt-vor\/","og_locale":"de_DE","og_type":"article","og_title":"F\u00fcr K\u00e4mpfe im Baltikum: Deutschland und Gro\u00dfbritannien bereiten &quot;historischen Verteidigungspakt&quot; vor","og_description":"Deutschland und Gro\u00dfbritannien stehen kurz vor der Unterzeichnung eines umfassenden Verteidigungsabkommens, berichtet The Times. Laut dem Leiter des britischen Verteidigungsministeriums geht es bei dem Abkommen darum, Putin milit\u00e4risch &#8220;einen Schritt voraus zu sein&#8221;. Das Vereinigte K\u00f6nigreich wird kommende Woche ein historisches Verteidigungsabkommen mit Deutschland unterzeichnen und damit den Weg f\u00fcr engere milit\u00e4rische und sicherheitspolitische Beziehungen [&hellip;]","og_url":"https:\/\/now-news.de\/de\/deutschland\/fuer-kaempfe-im-baltikum-deutschland-und-grossbritannien-bereiten-historischen-verteidigungspakt-vor\/","og_site_name":"just-now.NEWS Deutschland","article_publisher":"https:\/\/www.facebook.com\/wirmachenauf","article_published_time":"2024-10-20T19:07:18+00:00","og_image":[{"url":"https:\/\/now-news.de\/de\/wp-content\/uploads\/sites\/3\/2024\/10\/67154428b480cc0be2544f25.jpg"}],"author":"rtnews","twitter_card":"summary_large_image","twitter_creator":"@WirMachenAuf_de","twitter_site":"@WirMachenAuf_de","twitter_misc":{"Verfasst von":"rtnews","Gesch\u00e4tzte Lesezeit":"4\u00a0Minuten"},"schema":{"@context":"https:\/\/schema.org","@graph":[{"@type":"Article","@id":"https:\/\/now-news.de\/de\/deutschland\/fuer-kaempfe-im-baltikum-deutschland-und-grossbritannien-bereiten-historischen-verteidigungspakt-vor\/#article","isPartOf":{"@id":"https:\/\/now-news.de\/de\/deutschland\/fuer-kaempfe-im-baltikum-deutschland-und-grossbritannien-bereiten-historischen-verteidigungspakt-vor\/"},"author":{"name":"rtnews","@id":"https:\/\/now-news.de\/de\/#\/schema\/person\/fb534a4e865501d8b3285208df34a9b5"},"headline":"F\u00fcr K\u00e4mpfe im Baltikum: Deutschland und Gro\u00dfbritannien bereiten &quot;historischen Verteidigungspakt&quot; vor","datePublished":"2024-10-20T19:07:18+00:00","dateModified":"2024-10-20T19:07:18+00:00","mainEntityOfPage":{"@id":"https:\/\/now-news.de\/de\/deutschland\/fuer-kaempfe-im-baltikum-deutschland-und-grossbritannien-bereiten-historischen-verteidigungspakt-vor\/"},"wordCount":729,"commentCount":0,"publisher":{"@id":"https:\/\/now-news.de\/de\/#organization"},"image":{"@id":"https:\/\/now-news.de\/de\/deutschland\/fuer-kaempfe-im-baltikum-deutschland-und-grossbritannien-bereiten-historischen-verteidigungspakt-vor\/#primaryimage"},"thumbnailUrl":"https:\/\/now-news.de\/de\/wp-content\/uploads\/sites\/3\/2024\/10\/Fuer-Kaempfe-im-Baltikum-Deutschland-und-Grossbritannien-bereiten-quothistorischen-Verteidigungspaktquot.jpg","keywords":["Baltikum","bereiten","Deutschland","f\u00fcr","Gro\u00dfbritannien","K\u00e4mpfe","quothistorischen","und","Verteidigungspaktquot","vor"],"articleSection":["Deutschland","Russland"],"inLanguage":"de","potentialAction":[{"@type":"CommentAction","name":"Comment","target":["https:\/\/now-news.de\/de\/deutschland\/fuer-kaempfe-im-baltikum-deutschland-und-grossbritannien-bereiten-historischen-verteidigungspakt-vor\/#respond"]}]},{"@type":"WebPage","@id":"https:\/\/now-news.de\/de\/deutschland\/fuer-kaempfe-im-baltikum-deutschland-und-grossbritannien-bereiten-historischen-verteidigungspakt-vor\/","url":"https:\/\/now-news.de\/de\/deutschland\/fuer-kaempfe-im-baltikum-deutschland-und-grossbritannien-bereiten-historischen-verteidigungspakt-vor\/","name":"F\u00fcr K\u00e4mpfe im Baltikum: Deutschland und Gro\u00dfbritannien bereiten &quot;historischen Verteidigungspakt&quot; vor - just-now.NEWS Deutschland","isPartOf":{"@id":"https:\/\/now-news.de\/de\/#website"},"primaryImageOfPage":{"@id":"https:\/\/now-news.de\/de\/deutschland\/fuer-kaempfe-im-baltikum-deutschland-und-grossbritannien-bereiten-historischen-verteidigungspakt-vor\/#primaryimage"},"image":{"@id":"https:\/\/now-news.de\/de\/deutschland\/fuer-kaempfe-im-baltikum-deutschland-und-grossbritannien-bereiten-historischen-verteidigungspakt-vor\/#primaryimage"},"thumbnailUrl":"https:\/\/now-news.de\/de\/wp-content\/uploads\/sites\/3\/2024\/10\/Fuer-Kaempfe-im-Baltikum-Deutschland-und-Grossbritannien-bereiten-quothistorischen-Verteidigungspaktquot.jpg","datePublished":"2024-10-20T19:07:18+00:00","dateModified":"2024-10-20T19:07:18+00:00","breadcrumb":{"@id":"https:\/\/now-news.de\/de\/deutschland\/fuer-kaempfe-im-baltikum-deutschland-und-grossbritannien-bereiten-historischen-verteidigungspakt-vor\/#breadcrumb"},"inLanguage":"de","potentialAction":[{"@type":"ReadAction","target":["https:\/\/now-news.de\/de\/deutschland\/fuer-kaempfe-im-baltikum-deutschland-und-grossbritannien-bereiten-historischen-verteidigungspakt-vor\/"]}]},{"@type":"ImageObject","inLanguage":"de","@id":"https:\/\/now-news.de\/de\/deutschland\/fuer-kaempfe-im-baltikum-deutschland-und-grossbritannien-bereiten-historischen-verteidigungspakt-vor\/#primaryimage","url":"https:\/\/now-news.de\/de\/wp-content\/uploads\/sites\/3\/2024\/10\/Fuer-Kaempfe-im-Baltikum-Deutschland-und-Grossbritannien-bereiten-quothistorischen-Verteidigungspaktquot.jpg","contentUrl":"https:\/\/now-news.de\/de\/wp-content\/uploads\/sites\/3\/2024\/10\/Fuer-Kaempfe-im-Baltikum-Deutschland-und-Grossbritannien-bereiten-quothistorischen-Verteidigungspaktquot.jpg","width":460,"height":259,"caption":"F\u00fcr K\u00e4mpfe im Baltikum: Deutschland und Gro\u00dfbritannien bereiten &quot;historischen Verteidigungspakt&quot; vor"},{"@type":"BreadcrumbList","@id":"https:\/\/now-news.de\/de\/deutschland\/fuer-kaempfe-im-baltikum-deutschland-und-grossbritannien-bereiten-historischen-verteidigungspakt-vor\/#breadcrumb","itemListElement":[{"@type":"ListItem","position":1,"name":"Home","item":"https:\/\/now-news.de\/de\/"},{"@type":"ListItem","position":2,"name":"F\u00fcr K\u00e4mpfe im Baltikum: Deutschland und Gro\u00dfbritannien bereiten &quot;historischen Verteidigungspakt&quot; vor"}]},{"@type":"WebSite","@id":"https:\/\/now-news.de\/de\/#website","url":"https:\/\/now-news.de\/de\/","name":"just-now.NEWS Deutschland","description":"Das Portal f\u00fcr unzensierte Nachrichten aus der Welt","publisher":{"@id":"https:\/\/now-news.de\/de\/#organization"},"potentialAction":[{"@type":"SearchAction","target":{"@type":"EntryPoint","urlTemplate":"https:\/\/now-news.de\/de\/?s={search_term_string}"},"query-input":"required name=search_term_string"}],"inLanguage":"de"},{"@type":"Organization","@id":"https:\/\/now-news.de\/de\/#organization","name":"Just Now News","url":"https:\/\/now-news.de\/de\/","logo":{"@type":"ImageObject","inLanguage":"de","@id":"https:\/\/now-news.de\/de\/#\/schema\/logo\/image\/","url":"http:\/\/just-now.news\/de\/wp-content\/uploads\/sites\/3\/2022\/04\/logo500x500.jpg","contentUrl":"http:\/\/just-now.news\/de\/wp-content\/uploads\/sites\/3\/2022\/04\/logo500x500.jpg","width":500,"height":500,"caption":"Just Now News"},"image":{"@id":"https:\/\/now-news.de\/de\/#\/schema\/logo\/image\/"},"sameAs":["https:\/\/www.facebook.com\/wirmachenauf","https:\/\/x.com\/WirMachenAuf_de"]},{"@type":"Person","@id":"https:\/\/now-news.de\/de\/#\/schema\/person\/fb534a4e865501d8b3285208df34a9b5","name":"rtnews","image":{"@type":"ImageObject","inLanguage":"de","@id":"https:\/\/now-news.de\/de\/#\/schema\/person\/image\/","url":"https:\/\/secure.gravatar.com\/avatar\/82aafea7d8127119dd649515f56e2117?s=96&d=mm&r=g","contentUrl":"https:\/\/secure.gravatar.com\/avatar\/82aafea7d8127119dd649515f56e2117?s=96&d=mm&r=g","caption":"rtnews"},"url":"https:\/\/now-news.de\/de\/author\/rnews\/"}]}},"_links":{"self":[{"href":"https:\/\/now-news.de\/de\/wp-json\/wp\/v2\/posts\/71129"}],"collection":[{"href":"https:\/\/now-news.de\/de\/wp-json\/wp\/v2\/posts"}],"about":[{"href":"https:\/\/now-news.de\/de\/wp-json\/wp\/v2\/types\/post"}],"author":[{"embeddable":true,"href":"https:\/\/now-news.de\/de\/wp-json\/wp\/v2\/users\/3"}],"replies":[{"embeddable":true,"href":"https:\/\/now-news.de\/de\/wp-json\/wp\/v2\/comments?post=71129"}],"version-history":[{"count":0,"href":"https:\/\/now-news.de\/de\/wp-json\/wp\/v2\/posts\/71129\/revisions"}],"wp:featuredmedia":[{"embeddable":true,"href":"https:\/\/now-news.de\/de\/wp-json\/wp\/v2\/media\/71130"}],"wp:attachment":[{"href":"https:\/\/now-news.de\/de\/wp-json\/wp\/v2\/media?parent=71129"}],"wp:term":[{"taxonomy":"category","embeddable":true,"href":"https:\/\/now-news.de\/de\/wp-json\/wp\/v2\/categories?post=71129"},{"taxonomy":"post_tag","embeddable":true,"href":"https:\/\/now-news.de\/de\/wp-json\/wp\/v2\/tags?post=71129"}],"curies":[{"name":"wp","href":"https:\/\/api.w.org\/{rel}","templated":true}]}}