{"id":71009,"date":"2024-10-18T11:13:33","date_gmt":"2024-10-18T09:13:33","guid":{"rendered":"https:\/\/now-news.de\/de\/deutschland\/brandenburg-sohn-bricht-vater-die-beine-und-laesst-ihn-in-abgeschlossenem-gebaeude-verbrennen\/"},"modified":"2024-10-18T11:13:33","modified_gmt":"2024-10-18T09:13:33","slug":"brandenburg-sohn-bricht-vater-die-beine-und-laesst-ihn-in-abgeschlossenem-gebaeude-verbrennen","status":"publish","type":"post","link":"https:\/\/now-news.de\/de\/deutschland\/brandenburg-sohn-bricht-vater-die-beine-und-laesst-ihn-in-abgeschlossenem-gebaeude-verbrennen\/","title":{"rendered":"Brandenburg: Sohn bricht Vater die Beine und l\u00e4sst ihn in abgeschlossenem Geb\u00e4ude verbrennen"},"content":{"rendered":"<p><img decoding=\"async\" src=\"https:\/\/now-news.de\/de\/wp-content\/uploads\/sites\/3\/2024\/10\/6712197e48fbef4bf649eb92.jpeg\" \/><\/p>\n<div class=\"Text-root Text-type_1 \">\n                Im Landkreis Havelland entwickelte sich ein Vater-Sohn-Disput zu einem brutalen T\u00f6tungsdelikt. Laut bisherigen Ermittlungen soll der T\u00e4ter seinen Vater zuerst brutal attackiert haben, um ihn dann \u00fcber den Hof schleifend in ein Geb\u00e4ude zu bringen, welches kurze Zeit sp\u00e4ter niederbrannte.\n            <\/div>\n<p><\/p>\n<div class=\"Text-root Text-type_5 ArticleView-text ViewText-root \">\n<p>Am Donnerstagnachmittag wurde die Polizei seitens Anwohnern \u00fcber\u00a0die lautstarke und eskalierende\u00a0Auseinandersetzung auf einem Grundst\u00fcck im Landkreis Havelland informiert. Nach Ankunft bemerkten die Beamten in zwei Geb\u00e4uden einen Brand, woraufhin die Feuerwehr zum Einsatz kam.\u00a0Eines der Geb\u00e4ude brannte aus, in dem dann der Vater des T\u00e4ters tot aufgefunden wurde. Das andere konnte noch gel\u00f6scht werden. Der\u00a0Sohn des Opfers wurde festgenommen. Die genauen Hintergr\u00fcnde sind unbekannt.<\/p>\n<p>Bisherigen Erkenntnissen und Medienberichten zufolge entwickelte sich ein Streit zwischen Vater und Sohn zu einer t\u00f6dlichen Trag\u00f6die. Laut\u00a0<a rel=\"nofollow noopener\" target=\"_blank\" href=\"https:\/\/www.maz-online.de\/lokales\/havelland\/premnitz\/toter-bei-auseinandersetzung-in-moegelin-polizei-verhaftet-sohn-nach-brutalem-angriff-auf-vater-zwei-PGGPF73LSNAHLITG5BJPYEPPJQ.html#:~:text=Gro%C3%9Feinsatz%20von%20Feuerwehr%20und%20Polizei,.2024%20in%20M%C3%B6gelin%2C%20Premnitz.&amp;text=Noch%20w%C3%A4hrend%20des%20Einsatzes%20brach,ein%20angrenzendes%20Objekt%20verhindert%20wurde.\">Informationen<\/a>\u00a0der\u00a0<em>M\u00e4rkische Allgemeine Zeitung<\/em>\u00a0(<em>MAZ<\/em>) soll der Sohn im Verlauf des Disputs &#8220;seinen Vater wohl hinter einem Gel\u00e4ndewagen, \u00fcber das Grundst\u00fcck geschleift und in einem Geb\u00e4ude eingesperrt haben&#8221;. Letzterer soll nach\u00a0<em>MAZ<\/em>-Informationen sp\u00e4ter durch die informierte Feuerwehr &#8220;tot aufgefunden worden sein&#8221;. Dazu hei\u00dft es:<\/p>\n<p><em>&#8220;Eine Person, vermutlich der Vater, wurde zun\u00e4chst vermisst. Dann erschoss die Polizei einen Kampfhund und f\u00fchrte kurz darauf einen Mann ab.&#8221;<\/em><\/p>\n<p>Die\u00a0<em>Bild<\/em>-Zeitung\u00a0<a rel=\"nofollow noopener\" target=\"_blank\" href=\"https:\/\/www.bild.de\/regional\/brandenburg\/ein-toter-in-premnitz-sohn-attackiert-vater-brutal-und-zuendet-ihn-an-671169a561496335cf675b05\">berichtet<\/a>, dass der T\u00e4ter seinem Vater noch zuvor &#8220;beide Beine gebrochen hat&#8221;. Der Tatort der T\u00f6tung brannte komplett nieder, das andere Geb\u00e4ude konnte noch durch die Feuerwehr gel\u00f6scht werden, &#8220;sodass ein \u00dcbergreifen auf ein angrenzendes Haus verhindert wurde&#8221;, so die\u00a0<em>MAZ<\/em>.<\/p>\n<p>Der Sohn wurde unmittelbar auf dem Gel\u00e4nde festgenommen, die genauen Hintergr\u00fcnde der eskalierenden Situation sind laut Angaben der Polizei weiterhin unbekannt. Die Staatsanwaltschaft Potsdam hat den Fall \u00fcbernommen. Genauere Ermittlungen am Tatort werden am Freitag in dem zerst\u00f6rten und dem\u00a0besch\u00e4digten Geb\u00e4ude durch Kriminaltechniker und Ermittler durchgef\u00fchrt.<\/p>\n<p><strong>Mehr zum Thema &#8211;<\/strong>\u00a0<a rel=\"nofollow noopener\" target=\"_blank\" href=\"https:\/\/freedert.online\/inland\/212347-amoklauf-in-baden-wuerttemberg-mehrere\/\">Amoklauf in Baden-W\u00fcrttemberg \u2013 Mehrere Tote<\/a><\/p>\n<div class=\"EmbedBlock-root EmbedBlock-externalVideo EmbedBlock-rumble\">\n<div class=\"VkEmbed\"><iframe class=\"lazyload\" data-src=\"https:\/\/rumble.com\/embed\/v5gso59\" frameborder=\"0\" width=\"853\" height=\"480\" allowfullscreen><\/iframe><\/div>\n<\/div>\n<\/div>\n<p><br \/>\n<br \/><a href=\"https:\/\/de.rt.com\/inland\/222888-brandenburg-sohn-bricht-vater-beine\/\">Source link <\/a><\/p>\n","protected":false},"excerpt":{"rendered":"<p>Im Landkreis Havelland entwickelte sich ein Vater-Sohn-Disput zu einem brutalen T\u00f6tungsdelikt. Laut bisherigen Ermittlungen soll der T\u00e4ter seinen Vater zuerst brutal attackiert haben, um ihn dann \u00fcber den Hof schleifend in ein Geb\u00e4ude zu bringen, welches kurze Zeit sp\u00e4ter niederbrannte. Am Donnerstagnachmittag wurde die Polizei seitens Anwohnern \u00fcber\u00a0die lautstarke und eskalierende\u00a0Auseinandersetzung auf einem Grundst\u00fcck im [&hellip;]<\/p>\n","protected":false},"author":3,"featured_media":71010,"comment_status":"open","ping_status":"open","sticky":false,"template":"","format":"standard","meta":{"_yoast_indexnow_last_ping":["1729243140"],"wp_automatic_camp":["217"],"7743273da257d728cb33f9fc8fae3ccb":["Brandenburg: Sohn bricht Vater die Beine und l\u00e4sst ihn in abgeschlossenem Geb\u00e4ude verbrennen"],"original_link":["https:\/\/de.rt.com\/inland\/222888-brandenburg-sohn-bricht-vater-beine\/"],"_thumbnail_id":["71010"],"jnews_social_counter_last_update":["1777522719"],"_wptgpro_p2tg_sent2tg":["a:1:{i:23737;s:19:\"2024-10-18 11:20:14\";}"]},"categories":[19,23],"tags":[59552,24217,5960,3562,45,8721,6582,1545,19545,140,19980,33857],"yoast_head":"<!-- This site is optimized with the Yoast SEO Premium plugin v22.7 (Yoast SEO v22.7) - https:\/\/yoast.com\/wordpress\/plugins\/seo\/ -->\n<title>Brandenburg: Sohn bricht Vater die Beine und l\u00e4sst ihn in abgeschlossenem Geb\u00e4ude verbrennen - just-now.NEWS Deutschland<\/title>\n<meta name=\"robots\" content=\"index, follow, max-snippet:-1, max-image-preview:large, max-video-preview:-1\" \/>\n<link rel=\"canonical\" href=\"https:\/\/now-news.de\/de\/deutschland\/brandenburg-sohn-bricht-vater-die-beine-und-laesst-ihn-in-abgeschlossenem-gebaeude-verbrennen\/\" \/>\n<meta property=\"og:locale\" content=\"de_DE\" \/>\n<meta property=\"og:type\" content=\"article\" \/>\n<meta property=\"og:title\" content=\"Brandenburg: Sohn bricht Vater die Beine und l\u00e4sst ihn in abgeschlossenem Geb\u00e4ude verbrennen\" \/>\n<meta property=\"og:description\" content=\"Im Landkreis Havelland entwickelte sich ein Vater-Sohn-Disput zu einem brutalen T\u00f6tungsdelikt. Laut bisherigen Ermittlungen soll der T\u00e4ter seinen Vater zuerst brutal attackiert haben, um ihn dann \u00fcber den Hof schleifend in ein Geb\u00e4ude zu bringen, welches kurze Zeit sp\u00e4ter niederbrannte. Am Donnerstagnachmittag wurde die Polizei seitens Anwohnern \u00fcber\u00a0die lautstarke und eskalierende\u00a0Auseinandersetzung auf einem Grundst\u00fcck im [&hellip;]\" \/>\n<meta property=\"og:url\" content=\"https:\/\/now-news.de\/de\/deutschland\/brandenburg-sohn-bricht-vater-die-beine-und-laesst-ihn-in-abgeschlossenem-gebaeude-verbrennen\/\" \/>\n<meta property=\"og:site_name\" content=\"just-now.NEWS Deutschland\" \/>\n<meta property=\"article:publisher\" content=\"https:\/\/www.facebook.com\/wirmachenauf\" \/>\n<meta property=\"article:published_time\" content=\"2024-10-18T09:13:33+00:00\" \/>\n<meta property=\"og:image\" content=\"https:\/\/now-news.de\/de\/wp-content\/uploads\/sites\/3\/2024\/10\/6712197e48fbef4bf649eb92.jpeg\" \/>\n<meta name=\"author\" content=\"rtnews\" \/>\n<meta name=\"twitter:card\" content=\"summary_large_image\" \/>\n<meta name=\"twitter:creator\" content=\"@WirMachenAuf_de\" \/>\n<meta name=\"twitter:site\" content=\"@WirMachenAuf_de\" \/>\n<meta name=\"twitter:label1\" content=\"Verfasst von\" \/>\n\t<meta name=\"twitter:data1\" content=\"rtnews\" \/>\n\t<meta name=\"twitter:label2\" content=\"Gesch\u00e4tzte Lesezeit\" \/>\n\t<meta name=\"twitter:data2\" content=\"2\u00a0Minuten\" \/>\n<script type=\"application\/ld+json\" class=\"yoast-schema-graph\">{\"@context\":\"https:\/\/schema.org\",\"@graph\":[{\"@type\":\"Article\",\"@id\":\"https:\/\/now-news.de\/de\/deutschland\/brandenburg-sohn-bricht-vater-die-beine-und-laesst-ihn-in-abgeschlossenem-gebaeude-verbrennen\/#article\",\"isPartOf\":{\"@id\":\"https:\/\/now-news.de\/de\/deutschland\/brandenburg-sohn-bricht-vater-die-beine-und-laesst-ihn-in-abgeschlossenem-gebaeude-verbrennen\/\"},\"author\":{\"name\":\"rtnews\",\"@id\":\"https:\/\/now-news.de\/de\/#\/schema\/person\/fb534a4e865501d8b3285208df34a9b5\"},\"headline\":\"Brandenburg: Sohn bricht Vater die Beine und l\u00e4sst ihn in abgeschlossenem Geb\u00e4ude verbrennen\",\"datePublished\":\"2024-10-18T09:13:33+00:00\",\"dateModified\":\"2024-10-18T09:13:33+00:00\",\"mainEntityOfPage\":{\"@id\":\"https:\/\/now-news.de\/de\/deutschland\/brandenburg-sohn-bricht-vater-die-beine-und-laesst-ihn-in-abgeschlossenem-gebaeude-verbrennen\/\"},\"wordCount\":340,\"commentCount\":0,\"publisher\":{\"@id\":\"https:\/\/now-news.de\/de\/#organization\"},\"image\":{\"@id\":\"https:\/\/now-news.de\/de\/deutschland\/brandenburg-sohn-bricht-vater-die-beine-und-laesst-ihn-in-abgeschlossenem-gebaeude-verbrennen\/#primaryimage\"},\"thumbnailUrl\":\"https:\/\/now-news.de\/de\/wp-content\/uploads\/sites\/3\/2024\/10\/Brandenburg-Sohn-bricht-Vater-die-Beine-und-laesst-ihn-in.jpeg\",\"keywords\":[\"abgeschlossenem\",\"Beine\",\"Brandenburg\",\"bricht\",\"die\",\"Geb\u00e4ude\",\"ihn\",\"l\u00e4sst\",\"Sohn\",\"und\",\"Vater\",\"verbrennen\"],\"articleSection\":[\"Deutschland\",\"Russland\"],\"inLanguage\":\"de\",\"potentialAction\":[{\"@type\":\"CommentAction\",\"name\":\"Comment\",\"target\":[\"https:\/\/now-news.de\/de\/deutschland\/brandenburg-sohn-bricht-vater-die-beine-und-laesst-ihn-in-abgeschlossenem-gebaeude-verbrennen\/#respond\"]}]},{\"@type\":\"WebPage\",\"@id\":\"https:\/\/now-news.de\/de\/deutschland\/brandenburg-sohn-bricht-vater-die-beine-und-laesst-ihn-in-abgeschlossenem-gebaeude-verbrennen\/\",\"url\":\"https:\/\/now-news.de\/de\/deutschland\/brandenburg-sohn-bricht-vater-die-beine-und-laesst-ihn-in-abgeschlossenem-gebaeude-verbrennen\/\",\"name\":\"Brandenburg: Sohn bricht Vater die Beine und l\u00e4sst ihn in abgeschlossenem Geb\u00e4ude verbrennen - just-now.NEWS Deutschland\",\"isPartOf\":{\"@id\":\"https:\/\/now-news.de\/de\/#website\"},\"primaryImageOfPage\":{\"@id\":\"https:\/\/now-news.de\/de\/deutschland\/brandenburg-sohn-bricht-vater-die-beine-und-laesst-ihn-in-abgeschlossenem-gebaeude-verbrennen\/#primaryimage\"},\"image\":{\"@id\":\"https:\/\/now-news.de\/de\/deutschland\/brandenburg-sohn-bricht-vater-die-beine-und-laesst-ihn-in-abgeschlossenem-gebaeude-verbrennen\/#primaryimage\"},\"thumbnailUrl\":\"https:\/\/now-news.de\/de\/wp-content\/uploads\/sites\/3\/2024\/10\/Brandenburg-Sohn-bricht-Vater-die-Beine-und-laesst-ihn-in.jpeg\",\"datePublished\":\"2024-10-18T09:13:33+00:00\",\"dateModified\":\"2024-10-18T09:13:33+00:00\",\"breadcrumb\":{\"@id\":\"https:\/\/now-news.de\/de\/deutschland\/brandenburg-sohn-bricht-vater-die-beine-und-laesst-ihn-in-abgeschlossenem-gebaeude-verbrennen\/#breadcrumb\"},\"inLanguage\":\"de\",\"potentialAction\":[{\"@type\":\"ReadAction\",\"target\":[\"https:\/\/now-news.de\/de\/deutschland\/brandenburg-sohn-bricht-vater-die-beine-und-laesst-ihn-in-abgeschlossenem-gebaeude-verbrennen\/\"]}]},{\"@type\":\"ImageObject\",\"inLanguage\":\"de\",\"@id\":\"https:\/\/now-news.de\/de\/deutschland\/brandenburg-sohn-bricht-vater-die-beine-und-laesst-ihn-in-abgeschlossenem-gebaeude-verbrennen\/#primaryimage\",\"url\":\"https:\/\/now-news.de\/de\/wp-content\/uploads\/sites\/3\/2024\/10\/Brandenburg-Sohn-bricht-Vater-die-Beine-und-laesst-ihn-in.jpeg\",\"contentUrl\":\"https:\/\/now-news.de\/de\/wp-content\/uploads\/sites\/3\/2024\/10\/Brandenburg-Sohn-bricht-Vater-die-Beine-und-laesst-ihn-in.jpeg\",\"width\":460,\"height\":259,\"caption\":\"Brandenburg: Sohn bricht Vater die Beine und l\u00e4sst ihn in abgeschlossenem Geb\u00e4ude verbrennen\"},{\"@type\":\"BreadcrumbList\",\"@id\":\"https:\/\/now-news.de\/de\/deutschland\/brandenburg-sohn-bricht-vater-die-beine-und-laesst-ihn-in-abgeschlossenem-gebaeude-verbrennen\/#breadcrumb\",\"itemListElement\":[{\"@type\":\"ListItem\",\"position\":1,\"name\":\"Home\",\"item\":\"https:\/\/now-news.de\/de\/\"},{\"@type\":\"ListItem\",\"position\":2,\"name\":\"Brandenburg: Sohn bricht Vater die Beine und l\u00e4sst ihn in abgeschlossenem Geb\u00e4ude verbrennen\"}]},{\"@type\":\"WebSite\",\"@id\":\"https:\/\/now-news.de\/de\/#website\",\"url\":\"https:\/\/now-news.de\/de\/\",\"name\":\"just-now.NEWS Deutschland\",\"description\":\"Das Portal f\u00fcr unzensierte Nachrichten aus der Welt\",\"publisher\":{\"@id\":\"https:\/\/now-news.de\/de\/#organization\"},\"potentialAction\":[{\"@type\":\"SearchAction\",\"target\":{\"@type\":\"EntryPoint\",\"urlTemplate\":\"https:\/\/now-news.de\/de\/?s={search_term_string}\"},\"query-input\":\"required name=search_term_string\"}],\"inLanguage\":\"de\"},{\"@type\":\"Organization\",\"@id\":\"https:\/\/now-news.de\/de\/#organization\",\"name\":\"Just Now News\",\"url\":\"https:\/\/now-news.de\/de\/\",\"logo\":{\"@type\":\"ImageObject\",\"inLanguage\":\"de\",\"@id\":\"https:\/\/now-news.de\/de\/#\/schema\/logo\/image\/\",\"url\":\"http:\/\/just-now.news\/de\/wp-content\/uploads\/sites\/3\/2022\/04\/logo500x500.jpg\",\"contentUrl\":\"http:\/\/just-now.news\/de\/wp-content\/uploads\/sites\/3\/2022\/04\/logo500x500.jpg\",\"width\":500,\"height\":500,\"caption\":\"Just Now News\"},\"image\":{\"@id\":\"https:\/\/now-news.de\/de\/#\/schema\/logo\/image\/\"},\"sameAs\":[\"https:\/\/www.facebook.com\/wirmachenauf\",\"https:\/\/x.com\/WirMachenAuf_de\"]},{\"@type\":\"Person\",\"@id\":\"https:\/\/now-news.de\/de\/#\/schema\/person\/fb534a4e865501d8b3285208df34a9b5\",\"name\":\"rtnews\",\"image\":{\"@type\":\"ImageObject\",\"inLanguage\":\"de\",\"@id\":\"https:\/\/now-news.de\/de\/#\/schema\/person\/image\/\",\"url\":\"https:\/\/secure.gravatar.com\/avatar\/82aafea7d8127119dd649515f56e2117?s=96&d=mm&r=g\",\"contentUrl\":\"https:\/\/secure.gravatar.com\/avatar\/82aafea7d8127119dd649515f56e2117?s=96&d=mm&r=g\",\"caption\":\"rtnews\"},\"url\":\"https:\/\/now-news.de\/de\/author\/rnews\/\"}]}<\/script>\n<!-- \/ Yoast SEO Premium plugin. -->","yoast_head_json":{"title":"Brandenburg: Sohn bricht Vater die Beine und l\u00e4sst ihn in abgeschlossenem Geb\u00e4ude verbrennen - just-now.NEWS Deutschland","robots":{"index":"index","follow":"follow","max-snippet":"max-snippet:-1","max-image-preview":"max-image-preview:large","max-video-preview":"max-video-preview:-1"},"canonical":"https:\/\/now-news.de\/de\/deutschland\/brandenburg-sohn-bricht-vater-die-beine-und-laesst-ihn-in-abgeschlossenem-gebaeude-verbrennen\/","og_locale":"de_DE","og_type":"article","og_title":"Brandenburg: Sohn bricht Vater die Beine und l\u00e4sst ihn in abgeschlossenem Geb\u00e4ude verbrennen","og_description":"Im Landkreis Havelland entwickelte sich ein Vater-Sohn-Disput zu einem brutalen T\u00f6tungsdelikt. Laut bisherigen Ermittlungen soll der T\u00e4ter seinen Vater zuerst brutal attackiert haben, um ihn dann \u00fcber den Hof schleifend in ein Geb\u00e4ude zu bringen, welches kurze Zeit sp\u00e4ter niederbrannte. Am Donnerstagnachmittag wurde die Polizei seitens Anwohnern \u00fcber\u00a0die lautstarke und eskalierende\u00a0Auseinandersetzung auf einem Grundst\u00fcck im [&hellip;]","og_url":"https:\/\/now-news.de\/de\/deutschland\/brandenburg-sohn-bricht-vater-die-beine-und-laesst-ihn-in-abgeschlossenem-gebaeude-verbrennen\/","og_site_name":"just-now.NEWS Deutschland","article_publisher":"https:\/\/www.facebook.com\/wirmachenauf","article_published_time":"2024-10-18T09:13:33+00:00","og_image":[{"url":"https:\/\/now-news.de\/de\/wp-content\/uploads\/sites\/3\/2024\/10\/6712197e48fbef4bf649eb92.jpeg"}],"author":"rtnews","twitter_card":"summary_large_image","twitter_creator":"@WirMachenAuf_de","twitter_site":"@WirMachenAuf_de","twitter_misc":{"Verfasst von":"rtnews","Gesch\u00e4tzte Lesezeit":"2\u00a0Minuten"},"schema":{"@context":"https:\/\/schema.org","@graph":[{"@type":"Article","@id":"https:\/\/now-news.de\/de\/deutschland\/brandenburg-sohn-bricht-vater-die-beine-und-laesst-ihn-in-abgeschlossenem-gebaeude-verbrennen\/#article","isPartOf":{"@id":"https:\/\/now-news.de\/de\/deutschland\/brandenburg-sohn-bricht-vater-die-beine-und-laesst-ihn-in-abgeschlossenem-gebaeude-verbrennen\/"},"author":{"name":"rtnews","@id":"https:\/\/now-news.de\/de\/#\/schema\/person\/fb534a4e865501d8b3285208df34a9b5"},"headline":"Brandenburg: Sohn bricht Vater die Beine und l\u00e4sst ihn in abgeschlossenem Geb\u00e4ude verbrennen","datePublished":"2024-10-18T09:13:33+00:00","dateModified":"2024-10-18T09:13:33+00:00","mainEntityOfPage":{"@id":"https:\/\/now-news.de\/de\/deutschland\/brandenburg-sohn-bricht-vater-die-beine-und-laesst-ihn-in-abgeschlossenem-gebaeude-verbrennen\/"},"wordCount":340,"commentCount":0,"publisher":{"@id":"https:\/\/now-news.de\/de\/#organization"},"image":{"@id":"https:\/\/now-news.de\/de\/deutschland\/brandenburg-sohn-bricht-vater-die-beine-und-laesst-ihn-in-abgeschlossenem-gebaeude-verbrennen\/#primaryimage"},"thumbnailUrl":"https:\/\/now-news.de\/de\/wp-content\/uploads\/sites\/3\/2024\/10\/Brandenburg-Sohn-bricht-Vater-die-Beine-und-laesst-ihn-in.jpeg","keywords":["abgeschlossenem","Beine","Brandenburg","bricht","die","Geb\u00e4ude","ihn","l\u00e4sst","Sohn","und","Vater","verbrennen"],"articleSection":["Deutschland","Russland"],"inLanguage":"de","potentialAction":[{"@type":"CommentAction","name":"Comment","target":["https:\/\/now-news.de\/de\/deutschland\/brandenburg-sohn-bricht-vater-die-beine-und-laesst-ihn-in-abgeschlossenem-gebaeude-verbrennen\/#respond"]}]},{"@type":"WebPage","@id":"https:\/\/now-news.de\/de\/deutschland\/brandenburg-sohn-bricht-vater-die-beine-und-laesst-ihn-in-abgeschlossenem-gebaeude-verbrennen\/","url":"https:\/\/now-news.de\/de\/deutschland\/brandenburg-sohn-bricht-vater-die-beine-und-laesst-ihn-in-abgeschlossenem-gebaeude-verbrennen\/","name":"Brandenburg: Sohn bricht Vater die Beine und l\u00e4sst ihn in abgeschlossenem Geb\u00e4ude verbrennen - just-now.NEWS Deutschland","isPartOf":{"@id":"https:\/\/now-news.de\/de\/#website"},"primaryImageOfPage":{"@id":"https:\/\/now-news.de\/de\/deutschland\/brandenburg-sohn-bricht-vater-die-beine-und-laesst-ihn-in-abgeschlossenem-gebaeude-verbrennen\/#primaryimage"},"image":{"@id":"https:\/\/now-news.de\/de\/deutschland\/brandenburg-sohn-bricht-vater-die-beine-und-laesst-ihn-in-abgeschlossenem-gebaeude-verbrennen\/#primaryimage"},"thumbnailUrl":"https:\/\/now-news.de\/de\/wp-content\/uploads\/sites\/3\/2024\/10\/Brandenburg-Sohn-bricht-Vater-die-Beine-und-laesst-ihn-in.jpeg","datePublished":"2024-10-18T09:13:33+00:00","dateModified":"2024-10-18T09:13:33+00:00","breadcrumb":{"@id":"https:\/\/now-news.de\/de\/deutschland\/brandenburg-sohn-bricht-vater-die-beine-und-laesst-ihn-in-abgeschlossenem-gebaeude-verbrennen\/#breadcrumb"},"inLanguage":"de","potentialAction":[{"@type":"ReadAction","target":["https:\/\/now-news.de\/de\/deutschland\/brandenburg-sohn-bricht-vater-die-beine-und-laesst-ihn-in-abgeschlossenem-gebaeude-verbrennen\/"]}]},{"@type":"ImageObject","inLanguage":"de","@id":"https:\/\/now-news.de\/de\/deutschland\/brandenburg-sohn-bricht-vater-die-beine-und-laesst-ihn-in-abgeschlossenem-gebaeude-verbrennen\/#primaryimage","url":"https:\/\/now-news.de\/de\/wp-content\/uploads\/sites\/3\/2024\/10\/Brandenburg-Sohn-bricht-Vater-die-Beine-und-laesst-ihn-in.jpeg","contentUrl":"https:\/\/now-news.de\/de\/wp-content\/uploads\/sites\/3\/2024\/10\/Brandenburg-Sohn-bricht-Vater-die-Beine-und-laesst-ihn-in.jpeg","width":460,"height":259,"caption":"Brandenburg: Sohn bricht Vater die Beine und l\u00e4sst ihn in abgeschlossenem Geb\u00e4ude verbrennen"},{"@type":"BreadcrumbList","@id":"https:\/\/now-news.de\/de\/deutschland\/brandenburg-sohn-bricht-vater-die-beine-und-laesst-ihn-in-abgeschlossenem-gebaeude-verbrennen\/#breadcrumb","itemListElement":[{"@type":"ListItem","position":1,"name":"Home","item":"https:\/\/now-news.de\/de\/"},{"@type":"ListItem","position":2,"name":"Brandenburg: Sohn bricht Vater die Beine und l\u00e4sst ihn in abgeschlossenem Geb\u00e4ude verbrennen"}]},{"@type":"WebSite","@id":"https:\/\/now-news.de\/de\/#website","url":"https:\/\/now-news.de\/de\/","name":"just-now.NEWS Deutschland","description":"Das Portal f\u00fcr unzensierte Nachrichten aus der Welt","publisher":{"@id":"https:\/\/now-news.de\/de\/#organization"},"potentialAction":[{"@type":"SearchAction","target":{"@type":"EntryPoint","urlTemplate":"https:\/\/now-news.de\/de\/?s={search_term_string}"},"query-input":"required name=search_term_string"}],"inLanguage":"de"},{"@type":"Organization","@id":"https:\/\/now-news.de\/de\/#organization","name":"Just Now News","url":"https:\/\/now-news.de\/de\/","logo":{"@type":"ImageObject","inLanguage":"de","@id":"https:\/\/now-news.de\/de\/#\/schema\/logo\/image\/","url":"http:\/\/just-now.news\/de\/wp-content\/uploads\/sites\/3\/2022\/04\/logo500x500.jpg","contentUrl":"http:\/\/just-now.news\/de\/wp-content\/uploads\/sites\/3\/2022\/04\/logo500x500.jpg","width":500,"height":500,"caption":"Just Now News"},"image":{"@id":"https:\/\/now-news.de\/de\/#\/schema\/logo\/image\/"},"sameAs":["https:\/\/www.facebook.com\/wirmachenauf","https:\/\/x.com\/WirMachenAuf_de"]},{"@type":"Person","@id":"https:\/\/now-news.de\/de\/#\/schema\/person\/fb534a4e865501d8b3285208df34a9b5","name":"rtnews","image":{"@type":"ImageObject","inLanguage":"de","@id":"https:\/\/now-news.de\/de\/#\/schema\/person\/image\/","url":"https:\/\/secure.gravatar.com\/avatar\/82aafea7d8127119dd649515f56e2117?s=96&d=mm&r=g","contentUrl":"https:\/\/secure.gravatar.com\/avatar\/82aafea7d8127119dd649515f56e2117?s=96&d=mm&r=g","caption":"rtnews"},"url":"https:\/\/now-news.de\/de\/author\/rnews\/"}]}},"_links":{"self":[{"href":"https:\/\/now-news.de\/de\/wp-json\/wp\/v2\/posts\/71009"}],"collection":[{"href":"https:\/\/now-news.de\/de\/wp-json\/wp\/v2\/posts"}],"about":[{"href":"https:\/\/now-news.de\/de\/wp-json\/wp\/v2\/types\/post"}],"author":[{"embeddable":true,"href":"https:\/\/now-news.de\/de\/wp-json\/wp\/v2\/users\/3"}],"replies":[{"embeddable":true,"href":"https:\/\/now-news.de\/de\/wp-json\/wp\/v2\/comments?post=71009"}],"version-history":[{"count":0,"href":"https:\/\/now-news.de\/de\/wp-json\/wp\/v2\/posts\/71009\/revisions"}],"wp:featuredmedia":[{"embeddable":true,"href":"https:\/\/now-news.de\/de\/wp-json\/wp\/v2\/media\/71010"}],"wp:attachment":[{"href":"https:\/\/now-news.de\/de\/wp-json\/wp\/v2\/media?parent=71009"}],"wp:term":[{"taxonomy":"category","embeddable":true,"href":"https:\/\/now-news.de\/de\/wp-json\/wp\/v2\/categories?post=71009"},{"taxonomy":"post_tag","embeddable":true,"href":"https:\/\/now-news.de\/de\/wp-json\/wp\/v2\/tags?post=71009"}],"curies":[{"name":"wp","href":"https:\/\/api.w.org\/{rel}","templated":true}]}}