{"id":70995,"date":"2024-10-17T22:27:20","date_gmt":"2024-10-17T20:27:20","guid":{"rendered":"https:\/\/now-news.de\/de\/deutschland\/niger-entfernt-koloniale-strassennamen\/"},"modified":"2024-10-17T22:27:20","modified_gmt":"2024-10-17T20:27:20","slug":"niger-entfernt-koloniale-strassennamen","status":"publish","type":"post","link":"https:\/\/now-news.de\/de\/deutschland\/niger-entfernt-koloniale-strassennamen\/","title":{"rendered":"Niger entfernt koloniale Stra\u00dfennamen"},"content":{"rendered":"<p><img decoding=\"async\" src=\"https:\/\/now-news.de\/de\/wp-content\/uploads\/sites\/3\/2024\/10\/67114e28b480cc6de874acbc.jpg\" \/><\/p>\n<div class=\"Text-root Text-type_1 \">\n                Die Regierung sagte, die Benennungen erinnerten an den historischen Missbrauch unter der franz\u00f6sischen Herrschaft. Auch Burkina Faso hat bereits Stra\u00dfen umbenannt. An die Stelle franz\u00f6sischer Staatsm\u00e4nner und Kolonialbeamte treten jetzt afrikanische Patrioten.\n            <\/div>\n<p><\/p>\n<div class=\"Text-root Text-type_5 ArticleView-text ViewText-root \">\n<p>Die Regierung von Niger hat den Namen des franz\u00f6sischen Pr\u00e4sidenten General Charles de Gaulle (1890\u20131970) von einer gr\u00f6\u00dferen Stra\u00dfe in der Hauptstadt Niamey entfernt und sie nach Djibo Bakary, einer Schl\u00fcsselgestalt des Unabh\u00e4ngigkeitskampfes, neu benannt.<\/p>\n<p>Am Dienstag entfernten die Milit\u00e4rbeh\u00f6rden die franz\u00f6sischen Namen von mehreren historischen Stra\u00dfen und Monumenten. Seit sie in einem Putsch im vergangenen Jahr die Kontrolle \u00fcber Niamey \u00fcbernahm, bem\u00fcht sich die neue F\u00fchrung, die Verbindungen zur einstigen Kolonialmacht Frankreich zu durchtrennen.<\/p>\n<p>&#8220;Die meisten unserer Alleen, Boulevards und Stra\u00dfen &#8230; tragen Namen, die nur an das Leid und die Unterdr\u00fcckung erinnern, die unser Volk w\u00e4hrend der Qual der Kolonisierung erlitt&#8221;, sagte der Sprecher der nigrischen Regierung Abdramane Amadou laut der Nachrichtenagentur <em>AFP<\/em> bei einer Umbenennungszeremonie.<\/p>\n<p><em>&#8220;Die Allee, die einst den Namen General Charles de Gaulle trug, wird hiermit Djibo-Bakary-Allee getauft&#8221;, f\u00fcgte Amadou hinzu.<\/em><\/p>\n<p>Bakary, ein sozialistischer Politiker, wurde der erste Nigrer, der unter der franz\u00f6sischen Herrschaft \u00f6rtliche Exekutivmacht innehatte. Er trat f\u00fcr ein Nein im Referendum von 1958 ein, in dem die B\u00fcrger gefragt wurden, ob sie der Annahme einer von de Gaulle geschriebenen Verfassung zustimmten, die eine Aufrechterhaltung der Bindungen an Frankreich beg\u00fcnstigte.<\/p>\n<p>Niger ist nicht das erste afrikanische Land, das Stra\u00dfen umbenennt, die zuvor auf Frankreich verwiesen. Im Oktober letzten Jahres \u00e4nderte Burkina Faso die Bezeichnung des Boulevards Charles de Gaulle in Boulevard Tomas Sankara und ehrte damit die panafrikanische Ikone und ehemaligen burkinischen Pr\u00e4sidenten, der 1987 bei einem von Frankreich gest\u00fctzten Putsch ermordet wurde. Sankara selbst hatte daf\u00fcr gesorgt, die koloniale Bezeichnung des Landes, Obervolta, durch Burkina Faso zu ersetzen, \u00fcbersetzt das &#8220;Land der aufrichtigen Menschen&#8221;.<\/p>\n<p>Am Dienstag wurde das Bild des franz\u00f6sischen Kolonialoffiziers und Entdeckers Parfait-Louis Monteil, das in ein steinernes Denkmal in Niamey eingraviert war, durch das von Sankara ersetzt. Niameys Platz der Frankophonie, benannt nach einer Gruppe franz\u00f6sischsprachinger Nationen, wurde ebenfalls umbenannt, in Anerkennung der Allianz der Sahel-Staaten, die das Binnenland im letzten Jahr mit Burkina Faso und Mali gebildet hatte.<\/p>\n<p>Die franz\u00f6sischen Beziehungen zu Niger, Burkina Faso und Mali haben sich deutlich verschlechtert, seit die neuen Herrscher ihre zivilen Staatschefs zwischen 2020 und 2023 durch Milit\u00e4rputsche entfernten. Bamako, Niamey und Ouagadougou sind nach der Vertreibung franz\u00f6sischer Soldaten wegen Vorw\u00fcrfen der Einmischung und des Versagens bei der Bek\u00e4mpfung der aufst\u00e4ndischen Dschihadisten im Sahel eine Verteidigungspartnerschaft mit Russland eingegangen.<\/p>\n<p><strong>Mehr zum Thema \u2013\u00a0<\/strong><a rel=\"nofollow noopener\" target=\"_blank\" href=\"https:\/\/freedert.online\/afrika\/219489-antiwestliche-allianz-sahel-staaten-will\/\">Antiwestliche Allianz der Sahel-Staaten will eigene P\u00e4sse einf\u00fchren<\/a>\u00a0<\/p>\n<div class=\"EmbedBlock-root EmbedBlock-externalVideo EmbedBlock-rumble\">\n<div class=\"VkEmbed\"><iframe class=\"lazyload\" data-src=\"https:\/\/rumble.com\/embed\/v5avxd7\" frameborder=\"0\" width=\"853\" height=\"480\" allowfullscreen><\/iframe><\/div>\n<\/div>\n<\/div>\n<p><br \/>\n<br \/><a href=\"https:\/\/de.rt.com\/afrika\/222847-niger-entfernt-koloniale-strassennamen\/\">Source link <\/a><\/p>\n","protected":false},"excerpt":{"rendered":"<p>Die Regierung sagte, die Benennungen erinnerten an den historischen Missbrauch unter der franz\u00f6sischen Herrschaft. Auch Burkina Faso hat bereits Stra\u00dfen umbenannt. An die Stelle franz\u00f6sischer Staatsm\u00e4nner und Kolonialbeamte treten jetzt afrikanische Patrioten. Die Regierung von Niger hat den Namen des franz\u00f6sischen Pr\u00e4sidenten General Charles de Gaulle (1890\u20131970) von einer gr\u00f6\u00dferen Stra\u00dfe in der Hauptstadt Niamey [&hellip;]<\/p>\n","protected":false},"author":3,"featured_media":70996,"comment_status":"open","ping_status":"open","sticky":false,"template":"","format":"standard","meta":{"_yoast_indexnow_last_ping":["1729197769"],"wp_automatic_camp":["217"],"bd2a771f5286dbe4628ac4b153661ba8":["Niger entfernt koloniale Stra\u00dfennamen"],"original_link":["https:\/\/de.rt.com\/afrika\/222847-niger-entfernt-koloniale-strassennamen\/"],"_thumbnail_id":["70996"],"jnews_social_counter_last_update":["1777269609"],"_wptgpro_p2tg_sent2tg":["a:1:{i:23737;s:19:\"2024-10-17 22:43:53\";}"]},"categories":[19,23],"tags":[3342,26688,36434,59546],"yoast_head":"<!-- This site is optimized with the Yoast SEO Premium plugin v22.7 (Yoast SEO v22.7) - https:\/\/yoast.com\/wordpress\/plugins\/seo\/ -->\n<title>Niger entfernt koloniale Stra\u00dfennamen - just-now.NEWS Deutschland<\/title>\n<meta name=\"robots\" content=\"index, follow, max-snippet:-1, max-image-preview:large, max-video-preview:-1\" \/>\n<link rel=\"canonical\" href=\"https:\/\/now-news.de\/de\/deutschland\/niger-entfernt-koloniale-strassennamen\/\" \/>\n<meta property=\"og:locale\" content=\"de_DE\" \/>\n<meta property=\"og:type\" content=\"article\" \/>\n<meta property=\"og:title\" content=\"Niger entfernt koloniale Stra\u00dfennamen\" \/>\n<meta property=\"og:description\" content=\"Die Regierung sagte, die Benennungen erinnerten an den historischen Missbrauch unter der franz\u00f6sischen Herrschaft. Auch Burkina Faso hat bereits Stra\u00dfen umbenannt. An die Stelle franz\u00f6sischer Staatsm\u00e4nner und Kolonialbeamte treten jetzt afrikanische Patrioten. Die Regierung von Niger hat den Namen des franz\u00f6sischen Pr\u00e4sidenten General Charles de Gaulle (1890\u20131970) von einer gr\u00f6\u00dferen Stra\u00dfe in der Hauptstadt Niamey [&hellip;]\" \/>\n<meta property=\"og:url\" content=\"https:\/\/now-news.de\/de\/deutschland\/niger-entfernt-koloniale-strassennamen\/\" \/>\n<meta property=\"og:site_name\" content=\"just-now.NEWS Deutschland\" \/>\n<meta property=\"article:publisher\" content=\"https:\/\/www.facebook.com\/wirmachenauf\" \/>\n<meta property=\"article:published_time\" content=\"2024-10-17T20:27:20+00:00\" \/>\n<meta property=\"og:image\" content=\"https:\/\/now-news.de\/de\/wp-content\/uploads\/sites\/3\/2024\/10\/67114e28b480cc6de874acbc.jpg\" \/>\n<meta name=\"author\" content=\"rtnews\" \/>\n<meta name=\"twitter:card\" content=\"summary_large_image\" \/>\n<meta name=\"twitter:creator\" content=\"@WirMachenAuf_de\" \/>\n<meta name=\"twitter:site\" content=\"@WirMachenAuf_de\" \/>\n<meta name=\"twitter:label1\" content=\"Verfasst von\" \/>\n\t<meta name=\"twitter:data1\" content=\"rtnews\" \/>\n\t<meta name=\"twitter:label2\" content=\"Gesch\u00e4tzte Lesezeit\" \/>\n\t<meta name=\"twitter:data2\" content=\"2\u00a0Minuten\" \/>\n<script type=\"application\/ld+json\" class=\"yoast-schema-graph\">{\"@context\":\"https:\/\/schema.org\",\"@graph\":[{\"@type\":\"Article\",\"@id\":\"https:\/\/now-news.de\/de\/deutschland\/niger-entfernt-koloniale-strassennamen\/#article\",\"isPartOf\":{\"@id\":\"https:\/\/now-news.de\/de\/deutschland\/niger-entfernt-koloniale-strassennamen\/\"},\"author\":{\"name\":\"rtnews\",\"@id\":\"https:\/\/now-news.de\/de\/#\/schema\/person\/fb534a4e865501d8b3285208df34a9b5\"},\"headline\":\"Niger entfernt koloniale Stra\u00dfennamen\",\"datePublished\":\"2024-10-17T20:27:20+00:00\",\"dateModified\":\"2024-10-17T20:27:20+00:00\",\"mainEntityOfPage\":{\"@id\":\"https:\/\/now-news.de\/de\/deutschland\/niger-entfernt-koloniale-strassennamen\/\"},\"wordCount\":460,\"commentCount\":0,\"publisher\":{\"@id\":\"https:\/\/now-news.de\/de\/#organization\"},\"image\":{\"@id\":\"https:\/\/now-news.de\/de\/deutschland\/niger-entfernt-koloniale-strassennamen\/#primaryimage\"},\"thumbnailUrl\":\"https:\/\/now-news.de\/de\/wp-content\/uploads\/sites\/3\/2024\/10\/Niger-entfernt-koloniale-Strassennamen.jpg\",\"keywords\":[\"entfernt\",\"Koloniale\",\"Niger\",\"Stra\u00dfennamen\"],\"articleSection\":[\"Deutschland\",\"Russland\"],\"inLanguage\":\"de\",\"potentialAction\":[{\"@type\":\"CommentAction\",\"name\":\"Comment\",\"target\":[\"https:\/\/now-news.de\/de\/deutschland\/niger-entfernt-koloniale-strassennamen\/#respond\"]}]},{\"@type\":\"WebPage\",\"@id\":\"https:\/\/now-news.de\/de\/deutschland\/niger-entfernt-koloniale-strassennamen\/\",\"url\":\"https:\/\/now-news.de\/de\/deutschland\/niger-entfernt-koloniale-strassennamen\/\",\"name\":\"Niger entfernt koloniale Stra\u00dfennamen - just-now.NEWS Deutschland\",\"isPartOf\":{\"@id\":\"https:\/\/now-news.de\/de\/#website\"},\"primaryImageOfPage\":{\"@id\":\"https:\/\/now-news.de\/de\/deutschland\/niger-entfernt-koloniale-strassennamen\/#primaryimage\"},\"image\":{\"@id\":\"https:\/\/now-news.de\/de\/deutschland\/niger-entfernt-koloniale-strassennamen\/#primaryimage\"},\"thumbnailUrl\":\"https:\/\/now-news.de\/de\/wp-content\/uploads\/sites\/3\/2024\/10\/Niger-entfernt-koloniale-Strassennamen.jpg\",\"datePublished\":\"2024-10-17T20:27:20+00:00\",\"dateModified\":\"2024-10-17T20:27:20+00:00\",\"breadcrumb\":{\"@id\":\"https:\/\/now-news.de\/de\/deutschland\/niger-entfernt-koloniale-strassennamen\/#breadcrumb\"},\"inLanguage\":\"de\",\"potentialAction\":[{\"@type\":\"ReadAction\",\"target\":[\"https:\/\/now-news.de\/de\/deutschland\/niger-entfernt-koloniale-strassennamen\/\"]}]},{\"@type\":\"ImageObject\",\"inLanguage\":\"de\",\"@id\":\"https:\/\/now-news.de\/de\/deutschland\/niger-entfernt-koloniale-strassennamen\/#primaryimage\",\"url\":\"https:\/\/now-news.de\/de\/wp-content\/uploads\/sites\/3\/2024\/10\/Niger-entfernt-koloniale-Strassennamen.jpg\",\"contentUrl\":\"https:\/\/now-news.de\/de\/wp-content\/uploads\/sites\/3\/2024\/10\/Niger-entfernt-koloniale-Strassennamen.jpg\",\"width\":460,\"height\":259,\"caption\":\"Niger entfernt koloniale Stra\u00dfennamen\"},{\"@type\":\"BreadcrumbList\",\"@id\":\"https:\/\/now-news.de\/de\/deutschland\/niger-entfernt-koloniale-strassennamen\/#breadcrumb\",\"itemListElement\":[{\"@type\":\"ListItem\",\"position\":1,\"name\":\"Home\",\"item\":\"https:\/\/now-news.de\/de\/\"},{\"@type\":\"ListItem\",\"position\":2,\"name\":\"Niger entfernt koloniale Stra\u00dfennamen\"}]},{\"@type\":\"WebSite\",\"@id\":\"https:\/\/now-news.de\/de\/#website\",\"url\":\"https:\/\/now-news.de\/de\/\",\"name\":\"just-now.NEWS Deutschland\",\"description\":\"Das Portal f\u00fcr unzensierte Nachrichten aus der Welt\",\"publisher\":{\"@id\":\"https:\/\/now-news.de\/de\/#organization\"},\"potentialAction\":[{\"@type\":\"SearchAction\",\"target\":{\"@type\":\"EntryPoint\",\"urlTemplate\":\"https:\/\/now-news.de\/de\/?s={search_term_string}\"},\"query-input\":\"required name=search_term_string\"}],\"inLanguage\":\"de\"},{\"@type\":\"Organization\",\"@id\":\"https:\/\/now-news.de\/de\/#organization\",\"name\":\"Just Now News\",\"url\":\"https:\/\/now-news.de\/de\/\",\"logo\":{\"@type\":\"ImageObject\",\"inLanguage\":\"de\",\"@id\":\"https:\/\/now-news.de\/de\/#\/schema\/logo\/image\/\",\"url\":\"http:\/\/just-now.news\/de\/wp-content\/uploads\/sites\/3\/2022\/04\/logo500x500.jpg\",\"contentUrl\":\"http:\/\/just-now.news\/de\/wp-content\/uploads\/sites\/3\/2022\/04\/logo500x500.jpg\",\"width\":500,\"height\":500,\"caption\":\"Just Now News\"},\"image\":{\"@id\":\"https:\/\/now-news.de\/de\/#\/schema\/logo\/image\/\"},\"sameAs\":[\"https:\/\/www.facebook.com\/wirmachenauf\",\"https:\/\/x.com\/WirMachenAuf_de\"]},{\"@type\":\"Person\",\"@id\":\"https:\/\/now-news.de\/de\/#\/schema\/person\/fb534a4e865501d8b3285208df34a9b5\",\"name\":\"rtnews\",\"image\":{\"@type\":\"ImageObject\",\"inLanguage\":\"de\",\"@id\":\"https:\/\/now-news.de\/de\/#\/schema\/person\/image\/\",\"url\":\"https:\/\/secure.gravatar.com\/avatar\/82aafea7d8127119dd649515f56e2117?s=96&d=mm&r=g\",\"contentUrl\":\"https:\/\/secure.gravatar.com\/avatar\/82aafea7d8127119dd649515f56e2117?s=96&d=mm&r=g\",\"caption\":\"rtnews\"},\"url\":\"https:\/\/now-news.de\/de\/author\/rnews\/\"}]}<\/script>\n<!-- \/ Yoast SEO Premium plugin. -->","yoast_head_json":{"title":"Niger entfernt koloniale Stra\u00dfennamen - just-now.NEWS Deutschland","robots":{"index":"index","follow":"follow","max-snippet":"max-snippet:-1","max-image-preview":"max-image-preview:large","max-video-preview":"max-video-preview:-1"},"canonical":"https:\/\/now-news.de\/de\/deutschland\/niger-entfernt-koloniale-strassennamen\/","og_locale":"de_DE","og_type":"article","og_title":"Niger entfernt koloniale Stra\u00dfennamen","og_description":"Die Regierung sagte, die Benennungen erinnerten an den historischen Missbrauch unter der franz\u00f6sischen Herrschaft. Auch Burkina Faso hat bereits Stra\u00dfen umbenannt. An die Stelle franz\u00f6sischer Staatsm\u00e4nner und Kolonialbeamte treten jetzt afrikanische Patrioten. Die Regierung von Niger hat den Namen des franz\u00f6sischen Pr\u00e4sidenten General Charles de Gaulle (1890\u20131970) von einer gr\u00f6\u00dferen Stra\u00dfe in der Hauptstadt Niamey [&hellip;]","og_url":"https:\/\/now-news.de\/de\/deutschland\/niger-entfernt-koloniale-strassennamen\/","og_site_name":"just-now.NEWS Deutschland","article_publisher":"https:\/\/www.facebook.com\/wirmachenauf","article_published_time":"2024-10-17T20:27:20+00:00","og_image":[{"url":"https:\/\/now-news.de\/de\/wp-content\/uploads\/sites\/3\/2024\/10\/67114e28b480cc6de874acbc.jpg"}],"author":"rtnews","twitter_card":"summary_large_image","twitter_creator":"@WirMachenAuf_de","twitter_site":"@WirMachenAuf_de","twitter_misc":{"Verfasst von":"rtnews","Gesch\u00e4tzte Lesezeit":"2\u00a0Minuten"},"schema":{"@context":"https:\/\/schema.org","@graph":[{"@type":"Article","@id":"https:\/\/now-news.de\/de\/deutschland\/niger-entfernt-koloniale-strassennamen\/#article","isPartOf":{"@id":"https:\/\/now-news.de\/de\/deutschland\/niger-entfernt-koloniale-strassennamen\/"},"author":{"name":"rtnews","@id":"https:\/\/now-news.de\/de\/#\/schema\/person\/fb534a4e865501d8b3285208df34a9b5"},"headline":"Niger entfernt koloniale Stra\u00dfennamen","datePublished":"2024-10-17T20:27:20+00:00","dateModified":"2024-10-17T20:27:20+00:00","mainEntityOfPage":{"@id":"https:\/\/now-news.de\/de\/deutschland\/niger-entfernt-koloniale-strassennamen\/"},"wordCount":460,"commentCount":0,"publisher":{"@id":"https:\/\/now-news.de\/de\/#organization"},"image":{"@id":"https:\/\/now-news.de\/de\/deutschland\/niger-entfernt-koloniale-strassennamen\/#primaryimage"},"thumbnailUrl":"https:\/\/now-news.de\/de\/wp-content\/uploads\/sites\/3\/2024\/10\/Niger-entfernt-koloniale-Strassennamen.jpg","keywords":["entfernt","Koloniale","Niger","Stra\u00dfennamen"],"articleSection":["Deutschland","Russland"],"inLanguage":"de","potentialAction":[{"@type":"CommentAction","name":"Comment","target":["https:\/\/now-news.de\/de\/deutschland\/niger-entfernt-koloniale-strassennamen\/#respond"]}]},{"@type":"WebPage","@id":"https:\/\/now-news.de\/de\/deutschland\/niger-entfernt-koloniale-strassennamen\/","url":"https:\/\/now-news.de\/de\/deutschland\/niger-entfernt-koloniale-strassennamen\/","name":"Niger entfernt koloniale Stra\u00dfennamen - just-now.NEWS Deutschland","isPartOf":{"@id":"https:\/\/now-news.de\/de\/#website"},"primaryImageOfPage":{"@id":"https:\/\/now-news.de\/de\/deutschland\/niger-entfernt-koloniale-strassennamen\/#primaryimage"},"image":{"@id":"https:\/\/now-news.de\/de\/deutschland\/niger-entfernt-koloniale-strassennamen\/#primaryimage"},"thumbnailUrl":"https:\/\/now-news.de\/de\/wp-content\/uploads\/sites\/3\/2024\/10\/Niger-entfernt-koloniale-Strassennamen.jpg","datePublished":"2024-10-17T20:27:20+00:00","dateModified":"2024-10-17T20:27:20+00:00","breadcrumb":{"@id":"https:\/\/now-news.de\/de\/deutschland\/niger-entfernt-koloniale-strassennamen\/#breadcrumb"},"inLanguage":"de","potentialAction":[{"@type":"ReadAction","target":["https:\/\/now-news.de\/de\/deutschland\/niger-entfernt-koloniale-strassennamen\/"]}]},{"@type":"ImageObject","inLanguage":"de","@id":"https:\/\/now-news.de\/de\/deutschland\/niger-entfernt-koloniale-strassennamen\/#primaryimage","url":"https:\/\/now-news.de\/de\/wp-content\/uploads\/sites\/3\/2024\/10\/Niger-entfernt-koloniale-Strassennamen.jpg","contentUrl":"https:\/\/now-news.de\/de\/wp-content\/uploads\/sites\/3\/2024\/10\/Niger-entfernt-koloniale-Strassennamen.jpg","width":460,"height":259,"caption":"Niger entfernt koloniale Stra\u00dfennamen"},{"@type":"BreadcrumbList","@id":"https:\/\/now-news.de\/de\/deutschland\/niger-entfernt-koloniale-strassennamen\/#breadcrumb","itemListElement":[{"@type":"ListItem","position":1,"name":"Home","item":"https:\/\/now-news.de\/de\/"},{"@type":"ListItem","position":2,"name":"Niger entfernt koloniale Stra\u00dfennamen"}]},{"@type":"WebSite","@id":"https:\/\/now-news.de\/de\/#website","url":"https:\/\/now-news.de\/de\/","name":"just-now.NEWS Deutschland","description":"Das Portal f\u00fcr unzensierte Nachrichten aus der Welt","publisher":{"@id":"https:\/\/now-news.de\/de\/#organization"},"potentialAction":[{"@type":"SearchAction","target":{"@type":"EntryPoint","urlTemplate":"https:\/\/now-news.de\/de\/?s={search_term_string}"},"query-input":"required name=search_term_string"}],"inLanguage":"de"},{"@type":"Organization","@id":"https:\/\/now-news.de\/de\/#organization","name":"Just Now News","url":"https:\/\/now-news.de\/de\/","logo":{"@type":"ImageObject","inLanguage":"de","@id":"https:\/\/now-news.de\/de\/#\/schema\/logo\/image\/","url":"http:\/\/just-now.news\/de\/wp-content\/uploads\/sites\/3\/2022\/04\/logo500x500.jpg","contentUrl":"http:\/\/just-now.news\/de\/wp-content\/uploads\/sites\/3\/2022\/04\/logo500x500.jpg","width":500,"height":500,"caption":"Just Now News"},"image":{"@id":"https:\/\/now-news.de\/de\/#\/schema\/logo\/image\/"},"sameAs":["https:\/\/www.facebook.com\/wirmachenauf","https:\/\/x.com\/WirMachenAuf_de"]},{"@type":"Person","@id":"https:\/\/now-news.de\/de\/#\/schema\/person\/fb534a4e865501d8b3285208df34a9b5","name":"rtnews","image":{"@type":"ImageObject","inLanguage":"de","@id":"https:\/\/now-news.de\/de\/#\/schema\/person\/image\/","url":"https:\/\/secure.gravatar.com\/avatar\/82aafea7d8127119dd649515f56e2117?s=96&d=mm&r=g","contentUrl":"https:\/\/secure.gravatar.com\/avatar\/82aafea7d8127119dd649515f56e2117?s=96&d=mm&r=g","caption":"rtnews"},"url":"https:\/\/now-news.de\/de\/author\/rnews\/"}]}},"_links":{"self":[{"href":"https:\/\/now-news.de\/de\/wp-json\/wp\/v2\/posts\/70995"}],"collection":[{"href":"https:\/\/now-news.de\/de\/wp-json\/wp\/v2\/posts"}],"about":[{"href":"https:\/\/now-news.de\/de\/wp-json\/wp\/v2\/types\/post"}],"author":[{"embeddable":true,"href":"https:\/\/now-news.de\/de\/wp-json\/wp\/v2\/users\/3"}],"replies":[{"embeddable":true,"href":"https:\/\/now-news.de\/de\/wp-json\/wp\/v2\/comments?post=70995"}],"version-history":[{"count":0,"href":"https:\/\/now-news.de\/de\/wp-json\/wp\/v2\/posts\/70995\/revisions"}],"wp:featuredmedia":[{"embeddable":true,"href":"https:\/\/now-news.de\/de\/wp-json\/wp\/v2\/media\/70996"}],"wp:attachment":[{"href":"https:\/\/now-news.de\/de\/wp-json\/wp\/v2\/media?parent=70995"}],"wp:term":[{"taxonomy":"category","embeddable":true,"href":"https:\/\/now-news.de\/de\/wp-json\/wp\/v2\/categories?post=70995"},{"taxonomy":"post_tag","embeddable":true,"href":"https:\/\/now-news.de\/de\/wp-json\/wp\/v2\/tags?post=70995"}],"curies":[{"name":"wp","href":"https:\/\/api.w.org\/{rel}","templated":true}]}}