{"id":70904,"date":"2024-10-16T18:54:29","date_gmt":"2024-10-16T16:54:29","guid":{"rendered":"https:\/\/now-news.de\/de\/deutschland\/nato-stuetzpunkte-im-osten-provokation-oder-besatzung\/"},"modified":"2024-10-16T18:54:29","modified_gmt":"2024-10-16T16:54:29","slug":"nato-stuetzpunkte-im-osten-provokation-oder-besatzung","status":"publish","type":"post","link":"https:\/\/now-news.de\/de\/deutschland\/nato-stuetzpunkte-im-osten-provokation-oder-besatzung\/","title":{"rendered":"NATO-St\u00fctzpunkte im Osten \u2013 Provokation oder Besatzung?"},"content":{"rendered":"<p><img decoding=\"async\" src=\"https:\/\/now-news.de\/de\/wp-content\/uploads\/sites\/3\/2024\/10\/670fbd8348fbef0fcd3e4d2b.jpg\" \/><\/p>\n<div class=\"Text-root Text-type_1 \">\n                35 Jahre nach dem meist f\u00e4lschlich &#8220;Wiedervereinigung&#8221; genannten Ereignis sollen jetzt NATO-Truppen im Osten stationiert werden. Nicht nur in Rostock, auch in einem ehemaligen Fliegerhorst der NVA. Eine sehr, sehr fragw\u00fcrdige Entwicklung.\n            <\/div>\n<p><\/p>\n<div class=\"Text-root Text-type_5 ArticleView-text ViewText-root \">\n<p><em>Von Dagmar Henn<\/em><\/p>\n<p>Es war bereits eine seltsame Meldung, dass ausgerechnet in Rostock ein neues Hauptquartier f\u00fcr die NATO eingerichtet wird. Klar, Rostock hat einen Hafen. Da ist nur diese kleine rechtliche Frage aus dem 2+4- wie dem Einigungsvertrag, die eigentlich derartige Einrichtungen auf dem gesamten Annexionsgebiet dauerhaft untersagt. Ein Problem, das s\u00e4mtliche polnischen H\u00e4fen nicht aufweisen, ebenso wenig wie die schwedischen, die ja mittlerweile auch NATO-Gebiet sind. Dazu kommt noch, dass Rostock ein kleines Sicherheitsproblem hat, weil es in einem Bundesland liegt, in dem gro\u00dfe Teile der Bev\u00f6lkerung die NATO-Aggression nicht mittragen.<\/p>\n<p>Gerade wenn man sich an die st\u00e4ndigen Behauptungen erinnert, Russland w\u00fcrde die Bundeswehr und die NATO\u00a0fortw\u00e4hrend ausspionieren \u2013 begebe ich mich dann freiwillig in ein Gebiet, in dem die betriebene Politik von vielen so weit abgelehnt wird, dass sie gerne dagegen t\u00e4tig w\u00fcrden? Wenn es doch andere Optionen gibt (wie im bereits erw\u00e4hnten Polen), wo auch die \u00f6rtliche Mehrheit ein solches Hauptquartier begr\u00fc\u00dfen w\u00fcrde?<\/p>\n<p>Seltsam genug. Wobei es nat\u00fcrlich noch den kleinen Nebenaspekt gibt, dass der Anlandepunkt der Nord-Stream-Pipelines in Mecklenburg-Vorpommern liegt, und eine NATO-Pr\u00e4senz dort auch eine US-amerikanische R\u00fcckversicherung gegen eine politische Kehrtwende sein k\u00f6nnte.<\/p>\n<p>Nun, da redeten wir von Rostock. Es gibt aber noch einen zweiten Ort, der weniger breit bekannt gemacht wurde. Der Fliegerhorst Holzdorf, in Sachsen-Anhalt, soll, so <a rel=\"nofollow noopener\" target=\"_blank\" href=\"https:\/\/www.mdr.de\/video\/mdr-videos\/c\/video-866790.html\">meldete<\/a> der <em>MDR,<\/em> &#8220;einer der gr\u00f6\u00dften Luftwaffenst\u00fctzpunkte der NATO&#8221; werden (praktischerweise liegt er zum Teil bereits auf Brandenburger Gebiet). Das ist das zweite (und dritte) Bundesland. Im Grunde muss man jetzt nur noch abwarten, was in Sachsen und Th\u00fcringen gebaut werden soll. Der Gedanke, dass jetzt jedes der widerspenstigen Bundesl\u00e4nder widerrechtlich mit einer NATO-Einrichtung garniert wird, liegt jedenfalls nicht v\u00f6llig fern.<\/p>\n<p>Warum? Weil dort irgendwie noch die Orte fehlten, die zum Ziel werden k\u00f6nnten, falls die NATO gegen Russland weiter eskaliert, und die Bundesregierung es nicht gerecht findet, wenn die ganzen Kommandozentralen, die dann geradezu nach Raketen schreien, in Baden-W\u00fcrttemberg und Rheinland-Pfalz liegen? Oder ist das Motiv noch ein ganz anderes?<\/p>\n<p>Es gibt reihenweise Statistiken und Zahlen, die belegen, dass das mit der &#8220;deutschen Einheit&#8221; eine Fiktion ist. Die \u00fcberzeugendste Zahl ist nach wie vor die Besetzung von F\u00fchrungspositionen, bei der der westdeutsche Import derart \u00fcberwiegt, dass das nach den Regeln des einstigen britischen Kolonialreiches schon unter &#8220;direct rule&#8221; fiele. Was immer tiefen Unmut ausl\u00f6st. Man kann sich einmal bei den Briten dar\u00fcber erkundigen, die selbst nach wie vor der \u00dcberzeugung sind, Nordirland geh\u00f6re ihnen. Was vielleicht sogar funktioniert h\u00e4tte, wenn die Diskriminierung der katholisch-irischen Bev\u00f6lkerung nicht so deutlich gewesen w\u00e4re.<\/p>\n<p>Nicht nur die letzten Wahlen, auch eine ganze Reihe von Umfragen belegen, dass die politische Spaltung tief geht. Wobei das die Stimmen f\u00fcr AfD und BSW nur teilweise widerspiegeln, schlie\u00dflich fordert die AfD zwar eine diplomatische Politik gegen\u00fcber Russland an Stelle der st\u00e4ndigen Aggression der NATO, lehnt dieses Milit\u00e4rb\u00fcndnis aber nicht grunds\u00e4tzlich ab. Eine widerspr\u00fcchliche Position, insbesondere angesichts der Tatsache, dass die NATO als gegen die Sowjetunion gerichtetes B\u00fcndnis geschaffen wurde und ihre heutige Existenz nur durch ihre Stellung gegen Russland \u00fcberhaupt rechtfertigen kann, aber das ist ein internes Problem der AfD. Die interessante Frage ist jedoch, wie das ihre W\u00e4hler im Osten sehen.<\/p>\n<p>Oder ob ein Aspekt dieses seltsamen Eifers, jetzt die \u00f6stlichen Bundesl\u00e4nder mit NATO-St\u00fctzpunkten zu best\u00fccken, nicht darin liegt, diesen Widerspruch innerhalb der AfD auf diese Weise politisch nutzbar zu machen, weil sich diese Partei gar nicht entschieden gegen diese St\u00fctzpunkte wenden kann, und dieser Zwiespalt dann dazu f\u00fchren k\u00f6nnte, dass sich ein gr\u00f6\u00dferer Anteil der W\u00e4hler wieder von ihr abwendet? Weil der westdeutsche Teil nicht bereit w\u00e4re, von seiner Position f\u00fcr die NATO abzur\u00fccken, w\u00e4hrend es bei vielen im Osten keine allzu gro\u00dfe Freude ausl\u00f6sen d\u00fcrfte, tiefer in den Br\u00fcsseler Irrsinn verstrickt zu werden?<\/p>\n<p>Wenn man daran denkt, auf welche Art und Weise damals in der ersten H\u00e4lfte der 1950er Jahre in der Bundesrepublik Westbindung und Remilitarisierung durchgesetzt wurden, k\u00f6nnen einem noch eine ganze Reihe weiterer Dinge einfallen. Damals gab es eine breite Volksbewegung gegen die Wiederbewaffnung, und selbst in den Gewerkschaften starke Bem\u00fchungen f\u00fcr einen Generalstreik dagegen; aber ab 1951 wurde \u2013 unter Zuhilfenahme des angestrebten KPD-Verbots \u2013 nach und nach alles verboten, was sich dagegen wandte. Schlicht, indem man alle Friedensinitiativen zu kommunistischen Vorfeldorganisationen erkl\u00e4rte und dann die Tatsache ausnutzte, dass es zwar vergleichsweise schwierig ist, eine Partei zu verbieten, Vereine oder gar lose organisierte Gruppen diesen Schutz jedoch nicht haben.<\/p>\n<p>Welche Gestalt wird also die politische Auseinandersetzung um diese St\u00fctzpunkte annehmen? Die <em>Nachdenkseiten<\/em> hatten gestern bereits die Idee eines Volksbegehrens ins Spiel <a rel=\"nofollow noopener\" target=\"_blank\" href=\"https:\/\/www.nachdenkseiten.de\/?p=123122\">gebracht<\/a>\u00a0\u2026 Bislang sind nur diese beiden St\u00fctzpunkte bekannt, aber viele Informationen rundherum fehlen. Seit wann waren die Landesregierungen dar\u00fcber informiert? Haben sie diesen Stationierungen zugestimmt, und falls ja, warum, wenn sie doch offenkundig rechtswidrig sind? Wie ist es mit der \u00f6rtlichen Politik, dem Rostocker Stadtrat, dem Landkreis Wittenberg und der Stadt Sch\u00f6newalde? Und wie viele weitere Kommunen gibt es wom\u00f6glich noch, in denen Derartiges gerade vorbereitet wird?<\/p>\n<p>Rostock alleine h\u00e4tte man vielleicht noch als typischen Berliner Unfug verbuchen k\u00f6nnen. Wenn sich das aber zu einer Entwicklung verstetigt, wonach es derzeit aussieht, gibt es da noch einen weitaus b\u00f6sartigeren Unterton. Nachdem die politische Reaktion auf die Entwicklung in den angeschlossenen Bundesl\u00e4ndern bereits die Bereitschaft andeutete, mit Mitteln wie Verboten zu reagieren, und die Leidenschaft, mit der etwa das Bundesinnenministerium Abweichungen zu unterdr\u00fccken sucht, un\u00fcbersehbar ist \u2013 wie sicher f\u00fchlt sich die westdeutsche Politelite in ihrem Zugriff?<\/p>\n<p>Es ist durchaus vorstellbar, dass in den entsprechenden Berliner Kreisen weder die Landespolizeikr\u00e4fte noch die Bundeswehr als wirklich zuverl\u00e4ssig angesehen werden, und die Einrichtung von NATO-St\u00fctzpunkten und Kommandozentralen in den \u00f6stlichen Bundesl\u00e4ndern vor allem einer Sache dient: ausl\u00e4ndische Truppen dort unterzubringen. Es also nicht nur darum geht, diese widerspenstigen W\u00e4hler zu Geiseln einer Politik zu machen, die sie ablehnen, indem man ihnen Zielscheiben auf die Stirn malt, sondern ganz konkret die eigene Kontrolle mit Besatzungstruppen abgesichert werden soll.<\/p>\n<p>Das klingt erst einmal wie eine R\u00e4uberpistole, aber genau so h\u00e4tte man noch vor vielen Jahren auf eine Menge Ereignisse reagiert, die die Politik der letzten Jahre bestimmt haben. Wer h\u00e4tte es vor f\u00fcnf Jahren geglaubt, wenn man ihm gesagt h\u00e4tte, dass jahrelang Freigang aus der eigenen Wohnung zu einem Privileg wird, das an unterschiedlichste Bedingungen gekn\u00fcpft wird; oder dass es pl\u00f6tzlich das dringendste Herzensanliegen der deutschen Politik wird, Waffen in die Ukraine zu schicken, um dort eine Generation junger M\u00e4nner auszurotten?<\/p>\n<p>Was war die erste Reaktion der britischen Regierung, als die Diskriminierung der katholisch-irischen Bev\u00f6lkerung in Nordirland zu immer gr\u00f6\u00dferen Protesten f\u00fchrte? Sie schickte Truppen dorthin. Die dann, weil sie am Blutigen Sonntag des 30. Januars 1972 26 Demonstranten niederschossen, einen B\u00fcrgerkrieg ausl\u00f6sten. Der zur Verlegung immer weiterer britischer Truppen nach Nordirland f\u00fchrte und der erst 1998, nach \u00fcber einem Vierteljahrhundert, endete.<\/p>\n<p>Nordirland ist nicht die einzige Gegend in Europa, in der die staatliche Zugeh\u00f6rigkeit von gr\u00f6\u00dferen Bev\u00f6lkerungsteilen als Kolonialherrschaft begriffen wird, aber die gr\u00f6\u00dfte; wenn man die Liste betrachtet, Baskenland, Katalonien, Korsika, Sardinien, findet man immer, dass eine solche Lage politisch ausgesprochen instabil ist. Zugest\u00e4ndnisse an die Einheimischen k\u00f6nnen die Stabilit\u00e4t erh\u00f6hen, aber es gibt eine Sache, die sie am schnellsten verringert: Das ist die Stationierung als feindlich gesehener Truppen. Man mag einen Blick auf den gerade abgeschlossenen US-Prozess zum Mord in Wittlich werfen und dann dar\u00fcber nachdenken, wie ein \u00e4hnlich gelagerter Fall in Sachsen-Anhalt ank\u00e4me; diese NATO-Einrichtungen br\u00e4uchten sehr schnell sehr hohe Z\u00e4une.<\/p>\n<p>Mag sein, dass sich die Bundesregierung und die NATO-B\u00fcrokratie in Br\u00fcssel nicht dar\u00fcber bewusst sind, dass die Etablierung sich nicht nur in rechtlicher Hinsicht als explosiv erweisen k\u00f6nnte; es mag aber auch sein, dass tats\u00e4chlich ein Zustand beabsichtigt ist, der einer Besatzung \u00e4hnelt. Im ersten Fall w\u00e4ren diese Entscheidungen einfach nur dumm; im zweiten jedoch vollkommen verr\u00fcckt.<\/p>\n<p><strong>Mehr zum Thema<\/strong> &#8211;\u00a0<a rel=\"nofollow noopener\" target=\"_blank\" href=\"https:\/\/freedert.online\/inland\/222403-naeher-an-moeglicher-front-neues\/\">&#8220;N\u00e4her an der Front&#8221; und v\u00f6lkerrechtswidrig: Neues NATO-Hauptquartier in Rostock<\/a>\u00a0<\/p>\n<div class=\"EmbedBlock-root EmbedBlock-externalVideo EmbedBlock-rumble\">\n<div class=\"VkEmbed\"><iframe class=\"lazyload\" data-src=\"https:\/\/rumble.com\/embed\/v5gimzw\" frameborder=\"0\" width=\"853\" height=\"480\" allowfullscreen><\/iframe><\/div>\n<\/div>\n<\/div>\n<p><br \/>\n<br \/><a href=\"https:\/\/de.rt.com\/meinung\/222652-nato-stuetzpunkte-im-osten-provokation\/\">Source link <\/a><\/p>\n","protected":false},"excerpt":{"rendered":"<p>35 Jahre nach dem meist f\u00e4lschlich &#8220;Wiedervereinigung&#8221; genannten Ereignis sollen jetzt NATO-Truppen im Osten stationiert werden. Nicht nur in Rostock, auch in einem ehemaligen Fliegerhorst der NVA. Eine sehr, sehr fragw\u00fcrdige Entwicklung. Von Dagmar Henn Es war bereits eine seltsame Meldung, dass ausgerechnet in Rostock ein neues Hauptquartier f\u00fcr die NATO eingerichtet wird. Klar, Rostock [&hellip;]<\/p>\n","protected":false},"author":3,"featured_media":70905,"comment_status":"open","ping_status":"open","sticky":false,"template":"","format":"standard","meta":{"_yoast_indexnow_last_ping":["1729098473"],"wp_automatic_camp":["217"],"9d38469ced2116d169d3c719ad53e3b3":["NATO-St\u00fctzpunkte im Osten \u2013 Provokation oder Besatzung?"],"original_link":["https:\/\/de.rt.com\/meinung\/222652-nato-stuetzpunkte-im-osten-provokation\/"],"_thumbnail_id":["70905"],"jnews_social_counter_last_update":["1777201052"],"_wptgpro_p2tg_sent2tg":["a:1:{i:23737;s:19:\"2024-10-16 19:08:49\";}"]},"categories":[19,23],"tags":[34462,20926,268,2195,20873],"yoast_head":"<!-- This site is optimized with the Yoast SEO Premium plugin v22.7 (Yoast SEO v22.7) - https:\/\/yoast.com\/wordpress\/plugins\/seo\/ -->\n<title>NATO-St\u00fctzpunkte im Osten \u2013 Provokation oder Besatzung? - just-now.NEWS Deutschland<\/title>\n<meta name=\"robots\" content=\"index, follow, max-snippet:-1, max-image-preview:large, max-video-preview:-1\" \/>\n<link rel=\"canonical\" href=\"https:\/\/now-news.de\/de\/deutschland\/nato-stuetzpunkte-im-osten-provokation-oder-besatzung\/\" \/>\n<meta property=\"og:locale\" content=\"de_DE\" \/>\n<meta property=\"og:type\" content=\"article\" \/>\n<meta property=\"og:title\" content=\"NATO-St\u00fctzpunkte im Osten \u2013 Provokation oder Besatzung?\" \/>\n<meta property=\"og:description\" content=\"35 Jahre nach dem meist f\u00e4lschlich &#8220;Wiedervereinigung&#8221; genannten Ereignis sollen jetzt NATO-Truppen im Osten stationiert werden. Nicht nur in Rostock, auch in einem ehemaligen Fliegerhorst der NVA. Eine sehr, sehr fragw\u00fcrdige Entwicklung. Von Dagmar Henn Es war bereits eine seltsame Meldung, dass ausgerechnet in Rostock ein neues Hauptquartier f\u00fcr die NATO eingerichtet wird. Klar, Rostock [&hellip;]\" \/>\n<meta property=\"og:url\" content=\"https:\/\/now-news.de\/de\/deutschland\/nato-stuetzpunkte-im-osten-provokation-oder-besatzung\/\" \/>\n<meta property=\"og:site_name\" content=\"just-now.NEWS Deutschland\" \/>\n<meta property=\"article:publisher\" content=\"https:\/\/www.facebook.com\/wirmachenauf\" \/>\n<meta property=\"article:published_time\" content=\"2024-10-16T16:54:29+00:00\" \/>\n<meta property=\"og:image\" content=\"https:\/\/now-news.de\/de\/wp-content\/uploads\/sites\/3\/2024\/10\/670fbd8348fbef0fcd3e4d2b.jpg\" \/>\n<meta name=\"author\" content=\"rtnews\" \/>\n<meta name=\"twitter:card\" content=\"summary_large_image\" \/>\n<meta name=\"twitter:creator\" content=\"@WirMachenAuf_de\" \/>\n<meta name=\"twitter:site\" content=\"@WirMachenAuf_de\" \/>\n<meta name=\"twitter:label1\" content=\"Verfasst von\" \/>\n\t<meta name=\"twitter:data1\" content=\"rtnews\" \/>\n\t<meta name=\"twitter:label2\" content=\"Gesch\u00e4tzte Lesezeit\" \/>\n\t<meta name=\"twitter:data2\" content=\"7\u00a0Minuten\" \/>\n<script type=\"application\/ld+json\" class=\"yoast-schema-graph\">{\"@context\":\"https:\/\/schema.org\",\"@graph\":[{\"@type\":\"Article\",\"@id\":\"https:\/\/now-news.de\/de\/deutschland\/nato-stuetzpunkte-im-osten-provokation-oder-besatzung\/#article\",\"isPartOf\":{\"@id\":\"https:\/\/now-news.de\/de\/deutschland\/nato-stuetzpunkte-im-osten-provokation-oder-besatzung\/\"},\"author\":{\"name\":\"rtnews\",\"@id\":\"https:\/\/now-news.de\/de\/#\/schema\/person\/fb534a4e865501d8b3285208df34a9b5\"},\"headline\":\"NATO-St\u00fctzpunkte im Osten \u2013 Provokation oder Besatzung?\",\"datePublished\":\"2024-10-16T16:54:29+00:00\",\"dateModified\":\"2024-10-16T16:54:29+00:00\",\"mainEntityOfPage\":{\"@id\":\"https:\/\/now-news.de\/de\/deutschland\/nato-stuetzpunkte-im-osten-provokation-oder-besatzung\/\"},\"wordCount\":1435,\"commentCount\":0,\"publisher\":{\"@id\":\"https:\/\/now-news.de\/de\/#organization\"},\"image\":{\"@id\":\"https:\/\/now-news.de\/de\/deutschland\/nato-stuetzpunkte-im-osten-provokation-oder-besatzung\/#primaryimage\"},\"thumbnailUrl\":\"https:\/\/now-news.de\/de\/wp-content\/uploads\/sites\/3\/2024\/10\/NATO-Stuetzpunkte-im-Osten-\u2013-Provokation-oder-Besatzung.jpg\",\"keywords\":[\"Besatzung\",\"NATOSt\u00fctzpunkte\",\"oder\",\"Osten\",\"Provokation\"],\"articleSection\":[\"Deutschland\",\"Russland\"],\"inLanguage\":\"de\",\"potentialAction\":[{\"@type\":\"CommentAction\",\"name\":\"Comment\",\"target\":[\"https:\/\/now-news.de\/de\/deutschland\/nato-stuetzpunkte-im-osten-provokation-oder-besatzung\/#respond\"]}]},{\"@type\":\"WebPage\",\"@id\":\"https:\/\/now-news.de\/de\/deutschland\/nato-stuetzpunkte-im-osten-provokation-oder-besatzung\/\",\"url\":\"https:\/\/now-news.de\/de\/deutschland\/nato-stuetzpunkte-im-osten-provokation-oder-besatzung\/\",\"name\":\"NATO-St\u00fctzpunkte im Osten \u2013 Provokation oder Besatzung? - just-now.NEWS Deutschland\",\"isPartOf\":{\"@id\":\"https:\/\/now-news.de\/de\/#website\"},\"primaryImageOfPage\":{\"@id\":\"https:\/\/now-news.de\/de\/deutschland\/nato-stuetzpunkte-im-osten-provokation-oder-besatzung\/#primaryimage\"},\"image\":{\"@id\":\"https:\/\/now-news.de\/de\/deutschland\/nato-stuetzpunkte-im-osten-provokation-oder-besatzung\/#primaryimage\"},\"thumbnailUrl\":\"https:\/\/now-news.de\/de\/wp-content\/uploads\/sites\/3\/2024\/10\/NATO-Stuetzpunkte-im-Osten-\u2013-Provokation-oder-Besatzung.jpg\",\"datePublished\":\"2024-10-16T16:54:29+00:00\",\"dateModified\":\"2024-10-16T16:54:29+00:00\",\"breadcrumb\":{\"@id\":\"https:\/\/now-news.de\/de\/deutschland\/nato-stuetzpunkte-im-osten-provokation-oder-besatzung\/#breadcrumb\"},\"inLanguage\":\"de\",\"potentialAction\":[{\"@type\":\"ReadAction\",\"target\":[\"https:\/\/now-news.de\/de\/deutschland\/nato-stuetzpunkte-im-osten-provokation-oder-besatzung\/\"]}]},{\"@type\":\"ImageObject\",\"inLanguage\":\"de\",\"@id\":\"https:\/\/now-news.de\/de\/deutschland\/nato-stuetzpunkte-im-osten-provokation-oder-besatzung\/#primaryimage\",\"url\":\"https:\/\/now-news.de\/de\/wp-content\/uploads\/sites\/3\/2024\/10\/NATO-Stuetzpunkte-im-Osten-\u2013-Provokation-oder-Besatzung.jpg\",\"contentUrl\":\"https:\/\/now-news.de\/de\/wp-content\/uploads\/sites\/3\/2024\/10\/NATO-Stuetzpunkte-im-Osten-\u2013-Provokation-oder-Besatzung.jpg\",\"width\":460,\"height\":259,\"caption\":\"NATO-St\u00fctzpunkte im Osten \u2013 Provokation oder Besatzung?\"},{\"@type\":\"BreadcrumbList\",\"@id\":\"https:\/\/now-news.de\/de\/deutschland\/nato-stuetzpunkte-im-osten-provokation-oder-besatzung\/#breadcrumb\",\"itemListElement\":[{\"@type\":\"ListItem\",\"position\":1,\"name\":\"Home\",\"item\":\"https:\/\/now-news.de\/de\/\"},{\"@type\":\"ListItem\",\"position\":2,\"name\":\"NATO-St\u00fctzpunkte im Osten \u2013 Provokation oder Besatzung?\"}]},{\"@type\":\"WebSite\",\"@id\":\"https:\/\/now-news.de\/de\/#website\",\"url\":\"https:\/\/now-news.de\/de\/\",\"name\":\"just-now.NEWS Deutschland\",\"description\":\"Das Portal f\u00fcr unzensierte Nachrichten aus der Welt\",\"publisher\":{\"@id\":\"https:\/\/now-news.de\/de\/#organization\"},\"potentialAction\":[{\"@type\":\"SearchAction\",\"target\":{\"@type\":\"EntryPoint\",\"urlTemplate\":\"https:\/\/now-news.de\/de\/?s={search_term_string}\"},\"query-input\":\"required name=search_term_string\"}],\"inLanguage\":\"de\"},{\"@type\":\"Organization\",\"@id\":\"https:\/\/now-news.de\/de\/#organization\",\"name\":\"Just Now News\",\"url\":\"https:\/\/now-news.de\/de\/\",\"logo\":{\"@type\":\"ImageObject\",\"inLanguage\":\"de\",\"@id\":\"https:\/\/now-news.de\/de\/#\/schema\/logo\/image\/\",\"url\":\"http:\/\/just-now.news\/de\/wp-content\/uploads\/sites\/3\/2022\/04\/logo500x500.jpg\",\"contentUrl\":\"http:\/\/just-now.news\/de\/wp-content\/uploads\/sites\/3\/2022\/04\/logo500x500.jpg\",\"width\":500,\"height\":500,\"caption\":\"Just Now News\"},\"image\":{\"@id\":\"https:\/\/now-news.de\/de\/#\/schema\/logo\/image\/\"},\"sameAs\":[\"https:\/\/www.facebook.com\/wirmachenauf\",\"https:\/\/x.com\/WirMachenAuf_de\"]},{\"@type\":\"Person\",\"@id\":\"https:\/\/now-news.de\/de\/#\/schema\/person\/fb534a4e865501d8b3285208df34a9b5\",\"name\":\"rtnews\",\"image\":{\"@type\":\"ImageObject\",\"inLanguage\":\"de\",\"@id\":\"https:\/\/now-news.de\/de\/#\/schema\/person\/image\/\",\"url\":\"https:\/\/secure.gravatar.com\/avatar\/82aafea7d8127119dd649515f56e2117?s=96&d=mm&r=g\",\"contentUrl\":\"https:\/\/secure.gravatar.com\/avatar\/82aafea7d8127119dd649515f56e2117?s=96&d=mm&r=g\",\"caption\":\"rtnews\"},\"url\":\"https:\/\/now-news.de\/de\/author\/rnews\/\"}]}<\/script>\n<!-- \/ Yoast SEO Premium plugin. -->","yoast_head_json":{"title":"NATO-St\u00fctzpunkte im Osten \u2013 Provokation oder Besatzung? - just-now.NEWS Deutschland","robots":{"index":"index","follow":"follow","max-snippet":"max-snippet:-1","max-image-preview":"max-image-preview:large","max-video-preview":"max-video-preview:-1"},"canonical":"https:\/\/now-news.de\/de\/deutschland\/nato-stuetzpunkte-im-osten-provokation-oder-besatzung\/","og_locale":"de_DE","og_type":"article","og_title":"NATO-St\u00fctzpunkte im Osten \u2013 Provokation oder Besatzung?","og_description":"35 Jahre nach dem meist f\u00e4lschlich &#8220;Wiedervereinigung&#8221; genannten Ereignis sollen jetzt NATO-Truppen im Osten stationiert werden. Nicht nur in Rostock, auch in einem ehemaligen Fliegerhorst der NVA. Eine sehr, sehr fragw\u00fcrdige Entwicklung. Von Dagmar Henn Es war bereits eine seltsame Meldung, dass ausgerechnet in Rostock ein neues Hauptquartier f\u00fcr die NATO eingerichtet wird. Klar, Rostock [&hellip;]","og_url":"https:\/\/now-news.de\/de\/deutschland\/nato-stuetzpunkte-im-osten-provokation-oder-besatzung\/","og_site_name":"just-now.NEWS Deutschland","article_publisher":"https:\/\/www.facebook.com\/wirmachenauf","article_published_time":"2024-10-16T16:54:29+00:00","og_image":[{"url":"https:\/\/now-news.de\/de\/wp-content\/uploads\/sites\/3\/2024\/10\/670fbd8348fbef0fcd3e4d2b.jpg"}],"author":"rtnews","twitter_card":"summary_large_image","twitter_creator":"@WirMachenAuf_de","twitter_site":"@WirMachenAuf_de","twitter_misc":{"Verfasst von":"rtnews","Gesch\u00e4tzte Lesezeit":"7\u00a0Minuten"},"schema":{"@context":"https:\/\/schema.org","@graph":[{"@type":"Article","@id":"https:\/\/now-news.de\/de\/deutschland\/nato-stuetzpunkte-im-osten-provokation-oder-besatzung\/#article","isPartOf":{"@id":"https:\/\/now-news.de\/de\/deutschland\/nato-stuetzpunkte-im-osten-provokation-oder-besatzung\/"},"author":{"name":"rtnews","@id":"https:\/\/now-news.de\/de\/#\/schema\/person\/fb534a4e865501d8b3285208df34a9b5"},"headline":"NATO-St\u00fctzpunkte im Osten \u2013 Provokation oder Besatzung?","datePublished":"2024-10-16T16:54:29+00:00","dateModified":"2024-10-16T16:54:29+00:00","mainEntityOfPage":{"@id":"https:\/\/now-news.de\/de\/deutschland\/nato-stuetzpunkte-im-osten-provokation-oder-besatzung\/"},"wordCount":1435,"commentCount":0,"publisher":{"@id":"https:\/\/now-news.de\/de\/#organization"},"image":{"@id":"https:\/\/now-news.de\/de\/deutschland\/nato-stuetzpunkte-im-osten-provokation-oder-besatzung\/#primaryimage"},"thumbnailUrl":"https:\/\/now-news.de\/de\/wp-content\/uploads\/sites\/3\/2024\/10\/NATO-Stuetzpunkte-im-Osten-\u2013-Provokation-oder-Besatzung.jpg","keywords":["Besatzung","NATOSt\u00fctzpunkte","oder","Osten","Provokation"],"articleSection":["Deutschland","Russland"],"inLanguage":"de","potentialAction":[{"@type":"CommentAction","name":"Comment","target":["https:\/\/now-news.de\/de\/deutschland\/nato-stuetzpunkte-im-osten-provokation-oder-besatzung\/#respond"]}]},{"@type":"WebPage","@id":"https:\/\/now-news.de\/de\/deutschland\/nato-stuetzpunkte-im-osten-provokation-oder-besatzung\/","url":"https:\/\/now-news.de\/de\/deutschland\/nato-stuetzpunkte-im-osten-provokation-oder-besatzung\/","name":"NATO-St\u00fctzpunkte im Osten \u2013 Provokation oder Besatzung? - just-now.NEWS Deutschland","isPartOf":{"@id":"https:\/\/now-news.de\/de\/#website"},"primaryImageOfPage":{"@id":"https:\/\/now-news.de\/de\/deutschland\/nato-stuetzpunkte-im-osten-provokation-oder-besatzung\/#primaryimage"},"image":{"@id":"https:\/\/now-news.de\/de\/deutschland\/nato-stuetzpunkte-im-osten-provokation-oder-besatzung\/#primaryimage"},"thumbnailUrl":"https:\/\/now-news.de\/de\/wp-content\/uploads\/sites\/3\/2024\/10\/NATO-Stuetzpunkte-im-Osten-\u2013-Provokation-oder-Besatzung.jpg","datePublished":"2024-10-16T16:54:29+00:00","dateModified":"2024-10-16T16:54:29+00:00","breadcrumb":{"@id":"https:\/\/now-news.de\/de\/deutschland\/nato-stuetzpunkte-im-osten-provokation-oder-besatzung\/#breadcrumb"},"inLanguage":"de","potentialAction":[{"@type":"ReadAction","target":["https:\/\/now-news.de\/de\/deutschland\/nato-stuetzpunkte-im-osten-provokation-oder-besatzung\/"]}]},{"@type":"ImageObject","inLanguage":"de","@id":"https:\/\/now-news.de\/de\/deutschland\/nato-stuetzpunkte-im-osten-provokation-oder-besatzung\/#primaryimage","url":"https:\/\/now-news.de\/de\/wp-content\/uploads\/sites\/3\/2024\/10\/NATO-Stuetzpunkte-im-Osten-\u2013-Provokation-oder-Besatzung.jpg","contentUrl":"https:\/\/now-news.de\/de\/wp-content\/uploads\/sites\/3\/2024\/10\/NATO-Stuetzpunkte-im-Osten-\u2013-Provokation-oder-Besatzung.jpg","width":460,"height":259,"caption":"NATO-St\u00fctzpunkte im Osten \u2013 Provokation oder Besatzung?"},{"@type":"BreadcrumbList","@id":"https:\/\/now-news.de\/de\/deutschland\/nato-stuetzpunkte-im-osten-provokation-oder-besatzung\/#breadcrumb","itemListElement":[{"@type":"ListItem","position":1,"name":"Home","item":"https:\/\/now-news.de\/de\/"},{"@type":"ListItem","position":2,"name":"NATO-St\u00fctzpunkte im Osten \u2013 Provokation oder Besatzung?"}]},{"@type":"WebSite","@id":"https:\/\/now-news.de\/de\/#website","url":"https:\/\/now-news.de\/de\/","name":"just-now.NEWS Deutschland","description":"Das Portal f\u00fcr unzensierte Nachrichten aus der Welt","publisher":{"@id":"https:\/\/now-news.de\/de\/#organization"},"potentialAction":[{"@type":"SearchAction","target":{"@type":"EntryPoint","urlTemplate":"https:\/\/now-news.de\/de\/?s={search_term_string}"},"query-input":"required name=search_term_string"}],"inLanguage":"de"},{"@type":"Organization","@id":"https:\/\/now-news.de\/de\/#organization","name":"Just Now News","url":"https:\/\/now-news.de\/de\/","logo":{"@type":"ImageObject","inLanguage":"de","@id":"https:\/\/now-news.de\/de\/#\/schema\/logo\/image\/","url":"http:\/\/just-now.news\/de\/wp-content\/uploads\/sites\/3\/2022\/04\/logo500x500.jpg","contentUrl":"http:\/\/just-now.news\/de\/wp-content\/uploads\/sites\/3\/2022\/04\/logo500x500.jpg","width":500,"height":500,"caption":"Just Now News"},"image":{"@id":"https:\/\/now-news.de\/de\/#\/schema\/logo\/image\/"},"sameAs":["https:\/\/www.facebook.com\/wirmachenauf","https:\/\/x.com\/WirMachenAuf_de"]},{"@type":"Person","@id":"https:\/\/now-news.de\/de\/#\/schema\/person\/fb534a4e865501d8b3285208df34a9b5","name":"rtnews","image":{"@type":"ImageObject","inLanguage":"de","@id":"https:\/\/now-news.de\/de\/#\/schema\/person\/image\/","url":"https:\/\/secure.gravatar.com\/avatar\/82aafea7d8127119dd649515f56e2117?s=96&d=mm&r=g","contentUrl":"https:\/\/secure.gravatar.com\/avatar\/82aafea7d8127119dd649515f56e2117?s=96&d=mm&r=g","caption":"rtnews"},"url":"https:\/\/now-news.de\/de\/author\/rnews\/"}]}},"_links":{"self":[{"href":"https:\/\/now-news.de\/de\/wp-json\/wp\/v2\/posts\/70904"}],"collection":[{"href":"https:\/\/now-news.de\/de\/wp-json\/wp\/v2\/posts"}],"about":[{"href":"https:\/\/now-news.de\/de\/wp-json\/wp\/v2\/types\/post"}],"author":[{"embeddable":true,"href":"https:\/\/now-news.de\/de\/wp-json\/wp\/v2\/users\/3"}],"replies":[{"embeddable":true,"href":"https:\/\/now-news.de\/de\/wp-json\/wp\/v2\/comments?post=70904"}],"version-history":[{"count":0,"href":"https:\/\/now-news.de\/de\/wp-json\/wp\/v2\/posts\/70904\/revisions"}],"wp:featuredmedia":[{"embeddable":true,"href":"https:\/\/now-news.de\/de\/wp-json\/wp\/v2\/media\/70905"}],"wp:attachment":[{"href":"https:\/\/now-news.de\/de\/wp-json\/wp\/v2\/media?parent=70904"}],"wp:term":[{"taxonomy":"category","embeddable":true,"href":"https:\/\/now-news.de\/de\/wp-json\/wp\/v2\/categories?post=70904"},{"taxonomy":"post_tag","embeddable":true,"href":"https:\/\/now-news.de\/de\/wp-json\/wp\/v2\/tags?post=70904"}],"curies":[{"name":"wp","href":"https:\/\/api.w.org\/{rel}","templated":true}]}}