{"id":70856,"date":"2024-10-15T22:07:35","date_gmt":"2024-10-15T20:07:35","guid":{"rendered":"https:\/\/now-news.de\/de\/deutschland\/experte-zugang-zum-innereuropaeischen-markt-fuer-nicht-eu-staaten-kaum-moeglich\/"},"modified":"2024-10-15T22:07:35","modified_gmt":"2024-10-15T20:07:35","slug":"experte-zugang-zum-innereuropaeischen-markt-fuer-nicht-eu-staaten-kaum-moeglich","status":"publish","type":"post","link":"https:\/\/now-news.de\/de\/deutschland\/experte-zugang-zum-innereuropaeischen-markt-fuer-nicht-eu-staaten-kaum-moeglich\/","title":{"rendered":"Experte: Zugang zum innereurop\u00e4ischen Markt f\u00fcr Nicht-EU-Staaten kaum m\u00f6glich"},"content":{"rendered":"<p><img decoding=\"async\" src=\"https:\/\/now-news.de\/de\/wp-content\/uploads\/sites\/3\/2024\/10\/670e2363b480cc322c073f6c.jpg\" \/><\/p>\n<div class=\"Text-root Text-type_1 \">\n                Der russische Experte Schota Apchaidse erkl\u00e4rt, dass L\u00e4nder wie Armenien und Georgien kaum Zugang zum EU-Markt haben. Trotz Subventionsm\u00f6glichkeiten best\u00fcnden hohe H\u00fcrden und politische Entscheidungen w\u00fcrden nach westlichen Interessen getroffen.\n            <\/div>\n<p><\/p>\n<div class=\"Text-root Text-type_5 ArticleView-text ViewText-root \">\n<p>Der europ\u00e4ische Markt ist f\u00fcr L\u00e4nder, die nicht Mitglied der Europ\u00e4ischen Union sind, fast unzug\u00e4nglich. Dies erkl\u00e4rte Schota Apchaidse, ein Experte an der Finanzuniversit\u00e4t der Regierung der Russischen F\u00f6deration, am Montag im Rahmen des wissenschaftlich-kulturellen Forums &#8220;Von Traditionen zur Sicherheit&#8221;. Das Forum wurde von der Vertretung der Regierungsagentur Rossotrudnitschestwo in Armeniens Hauptstadt Jerewan abgehalten. <em>RIA Nowosti<\/em> zitiert Apchaidse mit den Worten:<\/p>\n<p><em>&#8220;Der Markt ist sehr diversifiziert. Man kann sagen, dass der Zugang zum innereurop\u00e4ischen Markt praktisch eine Utopie ist. L\u00e4nder wie Armenien und Georgien, die keine EU-Mitglieder sind, selbst Beitrittskandidaten zur EU, sind in allem eingeschr\u00e4nkt. Es gibt sehr viele Anforderungen und Standards.&#8221;<\/em><\/p>\n<p>Apchaidse zufolge zeige die Erfahrung der baltischen Staaten oder des \u00f6stlichen Balkans sowie Rum\u00e4niens und Bulgariens nach dem Beitritt zur Europ\u00e4ischen Union, dass in diesen L\u00e4ndern die gesamte Industrie und Landwirtschaft praktisch verschwunden sei:<\/p>\n<p><em>&#8220;Es gibt gewisse Monopole \u2013 franz\u00f6sische Produzenten, spanische Produzenten, das kapitalistische System. Und als der sozialistische Ostblock in dieses kapitalistische System integriert wurde, haben die Monopole nat\u00fcrlich alles zerst\u00f6rt. Denn wozu brauchen sie einen Konkurrenten? Sie brauchen einen Absatzmarkt, billige Arbeitskr\u00e4fte.&#8221;<\/em><\/p>\n<p>Allerdings wies der Experte darauf hin, dass die Ausrichtung der EU nicht nur negativ sei. Zusch\u00fcsse, Subventionen und weitere Finanzmittel st\u00fcnden zur Verf\u00fcgung:<\/p>\n<p><em>&#8220;Aber es kommt darauf an, wohin das alles flie\u00dft. Im Gro\u00dfen und Ganzen \u00e4ndert sich die staatliche Struktur dadurch nicht. Und wenn es um Georgien oder Armenien geht, muss man verstehen, dass der EU-Beitrittsprozess ein ziemlich langer Prozess ist.&#8221;<\/em><\/p>\n<p>Apchaidse betonte, dass unabh\u00e4ngig davon, welche Schritte oder Phasen ein Land durchl\u00e4uft, von den westeurop\u00e4ischen L\u00e4ndern\u00a0prinzipielle politische Entscheidungen getroffen werden und dass diese L\u00e4nder diese Entscheidungen nur dann treffen, wenn diese vorteilhaft f\u00fcr sie sind.<\/p>\n<p>Auch erinnerte\u00a0Apchaidse daran, dass die T\u00fcrkei, die in vielerlei Hinsicht vielen europ\u00e4ischen L\u00e4ndern wirtschaftlich \u00fcberlegen sei, nicht in die EU aufgenommen worden sei, weil sie geografisch, ethnisch und religi\u00f6s nicht in die EU passe, &#8220;genauso wenig wie Georgien und Armenien&#8221;.<\/p>\n<p><em>&#8220;Das ist die\u00a0objektive Realit\u00e4t. Egal, welche M\u00e4rchen sich jetzt verschiedene Politiker ausdenken oder ihre subjektive Meinung nach ihren politischen Interessen \u00e4u\u00dfern, es ist absoluter Unsinn.&#8221;<\/em><\/p>\n<p>An dem Forum in Jerewan nahmen Experten aus Armenien, Russland und Georgien teil.<\/p>\n<p><strong>Mehr zum Thema <\/strong>\u2013<strong>\u00a0<\/strong><a rel=\"nofollow noopener\" target=\"_blank\" href=\"https:\/\/freedert.online\/international\/220674-eu-und-usa-bestrafen-kleines\/\">EU und USA bestrafen Georgien f\u00fcr seine Unabh\u00e4ngigkeit<\/a><\/p>\n<\/div>\n<p><br \/>\n<br \/><a href=\"https:\/\/de.rt.com\/international\/222487-experte-finanzuniversitaet-zugang-zum-innereuropaeischen-markt-ist-ein-unding\/\">Source link <\/a><\/p>\n","protected":false},"excerpt":{"rendered":"<p>Der russische Experte Schota Apchaidse erkl\u00e4rt, dass L\u00e4nder wie Armenien und Georgien kaum Zugang zum EU-Markt haben. Trotz Subventionsm\u00f6glichkeiten best\u00fcnden hohe H\u00fcrden und politische Entscheidungen w\u00fcrden nach westlichen Interessen getroffen. Der europ\u00e4ische Markt ist f\u00fcr L\u00e4nder, die nicht Mitglied der Europ\u00e4ischen Union sind, fast unzug\u00e4nglich. Dies erkl\u00e4rte Schota Apchaidse, ein Experte an der Finanzuniversit\u00e4t der [&hellip;]<\/p>\n","protected":false},"author":3,"featured_media":70857,"comment_status":"open","ping_status":"open","sticky":false,"template":"","format":"standard","meta":{"_yoast_indexnow_last_ping":["1729022877"],"wp_automatic_camp":["217"],"ca954ae615b4138a0646232172e87249":["Experte: Zugang zum innereurop\u00e4ischen Markt f\u00fcr Nicht-EU-Staaten kaum m\u00f6glich"],"original_link":["https:\/\/de.rt.com\/international\/222487-experte-finanzuniversitaet-zugang-zum-innereuropaeischen-markt-ist-ein-unding\/"],"_thumbnail_id":["70857"],"jnews_social_counter_last_update":["1777297961"],"_wptgpro_p2tg_sent2tg":["a:1:{i:23737;s:19:\"2024-10-15 22:09:13\";}"]},"categories":[19,23],"tags":[3927,221,59473,22503,280,2123,59474,424,565],"yoast_head":"<!-- This site is optimized with the Yoast SEO Premium plugin v22.7 (Yoast SEO v22.7) - https:\/\/yoast.com\/wordpress\/plugins\/seo\/ -->\n<title>Experte: Zugang zum innereurop\u00e4ischen Markt f\u00fcr Nicht-EU-Staaten kaum m\u00f6glich - just-now.NEWS Deutschland<\/title>\n<meta name=\"robots\" content=\"index, follow, max-snippet:-1, max-image-preview:large, max-video-preview:-1\" \/>\n<link rel=\"canonical\" href=\"https:\/\/now-news.de\/de\/deutschland\/experte-zugang-zum-innereuropaeischen-markt-fuer-nicht-eu-staaten-kaum-moeglich\/\" \/>\n<meta property=\"og:locale\" content=\"de_DE\" \/>\n<meta property=\"og:type\" content=\"article\" \/>\n<meta property=\"og:title\" content=\"Experte: Zugang zum innereurop\u00e4ischen Markt f\u00fcr Nicht-EU-Staaten kaum m\u00f6glich\" \/>\n<meta property=\"og:description\" content=\"Der russische Experte Schota Apchaidse erkl\u00e4rt, dass L\u00e4nder wie Armenien und Georgien kaum Zugang zum EU-Markt haben. Trotz Subventionsm\u00f6glichkeiten best\u00fcnden hohe H\u00fcrden und politische Entscheidungen w\u00fcrden nach westlichen Interessen getroffen. Der europ\u00e4ische Markt ist f\u00fcr L\u00e4nder, die nicht Mitglied der Europ\u00e4ischen Union sind, fast unzug\u00e4nglich. Dies erkl\u00e4rte Schota Apchaidse, ein Experte an der Finanzuniversit\u00e4t der [&hellip;]\" \/>\n<meta property=\"og:url\" content=\"https:\/\/now-news.de\/de\/deutschland\/experte-zugang-zum-innereuropaeischen-markt-fuer-nicht-eu-staaten-kaum-moeglich\/\" \/>\n<meta property=\"og:site_name\" content=\"just-now.NEWS Deutschland\" \/>\n<meta property=\"article:publisher\" content=\"https:\/\/www.facebook.com\/wirmachenauf\" \/>\n<meta property=\"article:published_time\" content=\"2024-10-15T20:07:35+00:00\" \/>\n<meta property=\"og:image\" content=\"https:\/\/now-news.de\/de\/wp-content\/uploads\/sites\/3\/2024\/10\/670e2363b480cc322c073f6c.jpg\" \/>\n<meta name=\"author\" content=\"rtnews\" \/>\n<meta name=\"twitter:card\" content=\"summary_large_image\" \/>\n<meta name=\"twitter:creator\" content=\"@WirMachenAuf_de\" \/>\n<meta name=\"twitter:site\" content=\"@WirMachenAuf_de\" \/>\n<meta name=\"twitter:label1\" content=\"Verfasst von\" \/>\n\t<meta name=\"twitter:data1\" content=\"rtnews\" \/>\n\t<meta name=\"twitter:label2\" content=\"Gesch\u00e4tzte Lesezeit\" \/>\n\t<meta name=\"twitter:data2\" content=\"2\u00a0Minuten\" \/>\n<script type=\"application\/ld+json\" class=\"yoast-schema-graph\">{\"@context\":\"https:\/\/schema.org\",\"@graph\":[{\"@type\":\"Article\",\"@id\":\"https:\/\/now-news.de\/de\/deutschland\/experte-zugang-zum-innereuropaeischen-markt-fuer-nicht-eu-staaten-kaum-moeglich\/#article\",\"isPartOf\":{\"@id\":\"https:\/\/now-news.de\/de\/deutschland\/experte-zugang-zum-innereuropaeischen-markt-fuer-nicht-eu-staaten-kaum-moeglich\/\"},\"author\":{\"name\":\"rtnews\",\"@id\":\"https:\/\/now-news.de\/de\/#\/schema\/person\/fb534a4e865501d8b3285208df34a9b5\"},\"headline\":\"Experte: Zugang zum innereurop\u00e4ischen Markt f\u00fcr Nicht-EU-Staaten kaum m\u00f6glich\",\"datePublished\":\"2024-10-15T20:07:35+00:00\",\"dateModified\":\"2024-10-15T20:07:35+00:00\",\"mainEntityOfPage\":{\"@id\":\"https:\/\/now-news.de\/de\/deutschland\/experte-zugang-zum-innereuropaeischen-markt-fuer-nicht-eu-staaten-kaum-moeglich\/\"},\"wordCount\":455,\"commentCount\":0,\"publisher\":{\"@id\":\"https:\/\/now-news.de\/de\/#organization\"},\"image\":{\"@id\":\"https:\/\/now-news.de\/de\/deutschland\/experte-zugang-zum-innereuropaeischen-markt-fuer-nicht-eu-staaten-kaum-moeglich\/#primaryimage\"},\"thumbnailUrl\":\"https:\/\/now-news.de\/de\/wp-content\/uploads\/sites\/3\/2024\/10\/Experte-Zugang-zum-innereuropaeischen-Markt-fuer-Nicht-EU-Staaten-kaum-moeglich.jpg\",\"keywords\":[\"Experte\",\"f\u00fcr\",\"innereurop\u00e4ischen\",\"Kaum\",\"Markt\",\"m\u00f6glich\",\"NichtEUStaaten\",\"Zugang\",\"zum\"],\"articleSection\":[\"Deutschland\",\"Russland\"],\"inLanguage\":\"de\",\"potentialAction\":[{\"@type\":\"CommentAction\",\"name\":\"Comment\",\"target\":[\"https:\/\/now-news.de\/de\/deutschland\/experte-zugang-zum-innereuropaeischen-markt-fuer-nicht-eu-staaten-kaum-moeglich\/#respond\"]}]},{\"@type\":\"WebPage\",\"@id\":\"https:\/\/now-news.de\/de\/deutschland\/experte-zugang-zum-innereuropaeischen-markt-fuer-nicht-eu-staaten-kaum-moeglich\/\",\"url\":\"https:\/\/now-news.de\/de\/deutschland\/experte-zugang-zum-innereuropaeischen-markt-fuer-nicht-eu-staaten-kaum-moeglich\/\",\"name\":\"Experte: Zugang zum innereurop\u00e4ischen Markt f\u00fcr Nicht-EU-Staaten kaum m\u00f6glich - just-now.NEWS Deutschland\",\"isPartOf\":{\"@id\":\"https:\/\/now-news.de\/de\/#website\"},\"primaryImageOfPage\":{\"@id\":\"https:\/\/now-news.de\/de\/deutschland\/experte-zugang-zum-innereuropaeischen-markt-fuer-nicht-eu-staaten-kaum-moeglich\/#primaryimage\"},\"image\":{\"@id\":\"https:\/\/now-news.de\/de\/deutschland\/experte-zugang-zum-innereuropaeischen-markt-fuer-nicht-eu-staaten-kaum-moeglich\/#primaryimage\"},\"thumbnailUrl\":\"https:\/\/now-news.de\/de\/wp-content\/uploads\/sites\/3\/2024\/10\/Experte-Zugang-zum-innereuropaeischen-Markt-fuer-Nicht-EU-Staaten-kaum-moeglich.jpg\",\"datePublished\":\"2024-10-15T20:07:35+00:00\",\"dateModified\":\"2024-10-15T20:07:35+00:00\",\"breadcrumb\":{\"@id\":\"https:\/\/now-news.de\/de\/deutschland\/experte-zugang-zum-innereuropaeischen-markt-fuer-nicht-eu-staaten-kaum-moeglich\/#breadcrumb\"},\"inLanguage\":\"de\",\"potentialAction\":[{\"@type\":\"ReadAction\",\"target\":[\"https:\/\/now-news.de\/de\/deutschland\/experte-zugang-zum-innereuropaeischen-markt-fuer-nicht-eu-staaten-kaum-moeglich\/\"]}]},{\"@type\":\"ImageObject\",\"inLanguage\":\"de\",\"@id\":\"https:\/\/now-news.de\/de\/deutschland\/experte-zugang-zum-innereuropaeischen-markt-fuer-nicht-eu-staaten-kaum-moeglich\/#primaryimage\",\"url\":\"https:\/\/now-news.de\/de\/wp-content\/uploads\/sites\/3\/2024\/10\/Experte-Zugang-zum-innereuropaeischen-Markt-fuer-Nicht-EU-Staaten-kaum-moeglich.jpg\",\"contentUrl\":\"https:\/\/now-news.de\/de\/wp-content\/uploads\/sites\/3\/2024\/10\/Experte-Zugang-zum-innereuropaeischen-Markt-fuer-Nicht-EU-Staaten-kaum-moeglich.jpg\",\"width\":460,\"height\":259,\"caption\":\"Experte: Zugang zum innereurop\u00e4ischen Markt f\u00fcr Nicht-EU-Staaten kaum m\u00f6glich\"},{\"@type\":\"BreadcrumbList\",\"@id\":\"https:\/\/now-news.de\/de\/deutschland\/experte-zugang-zum-innereuropaeischen-markt-fuer-nicht-eu-staaten-kaum-moeglich\/#breadcrumb\",\"itemListElement\":[{\"@type\":\"ListItem\",\"position\":1,\"name\":\"Home\",\"item\":\"https:\/\/now-news.de\/de\/\"},{\"@type\":\"ListItem\",\"position\":2,\"name\":\"Experte: Zugang zum innereurop\u00e4ischen Markt f\u00fcr Nicht-EU-Staaten kaum m\u00f6glich\"}]},{\"@type\":\"WebSite\",\"@id\":\"https:\/\/now-news.de\/de\/#website\",\"url\":\"https:\/\/now-news.de\/de\/\",\"name\":\"just-now.NEWS Deutschland\",\"description\":\"Das Portal f\u00fcr unzensierte Nachrichten aus der Welt\",\"publisher\":{\"@id\":\"https:\/\/now-news.de\/de\/#organization\"},\"potentialAction\":[{\"@type\":\"SearchAction\",\"target\":{\"@type\":\"EntryPoint\",\"urlTemplate\":\"https:\/\/now-news.de\/de\/?s={search_term_string}\"},\"query-input\":\"required name=search_term_string\"}],\"inLanguage\":\"de\"},{\"@type\":\"Organization\",\"@id\":\"https:\/\/now-news.de\/de\/#organization\",\"name\":\"Just Now News\",\"url\":\"https:\/\/now-news.de\/de\/\",\"logo\":{\"@type\":\"ImageObject\",\"inLanguage\":\"de\",\"@id\":\"https:\/\/now-news.de\/de\/#\/schema\/logo\/image\/\",\"url\":\"http:\/\/just-now.news\/de\/wp-content\/uploads\/sites\/3\/2022\/04\/logo500x500.jpg\",\"contentUrl\":\"http:\/\/just-now.news\/de\/wp-content\/uploads\/sites\/3\/2022\/04\/logo500x500.jpg\",\"width\":500,\"height\":500,\"caption\":\"Just Now News\"},\"image\":{\"@id\":\"https:\/\/now-news.de\/de\/#\/schema\/logo\/image\/\"},\"sameAs\":[\"https:\/\/www.facebook.com\/wirmachenauf\",\"https:\/\/x.com\/WirMachenAuf_de\"]},{\"@type\":\"Person\",\"@id\":\"https:\/\/now-news.de\/de\/#\/schema\/person\/fb534a4e865501d8b3285208df34a9b5\",\"name\":\"rtnews\",\"image\":{\"@type\":\"ImageObject\",\"inLanguage\":\"de\",\"@id\":\"https:\/\/now-news.de\/de\/#\/schema\/person\/image\/\",\"url\":\"https:\/\/secure.gravatar.com\/avatar\/82aafea7d8127119dd649515f56e2117?s=96&d=mm&r=g\",\"contentUrl\":\"https:\/\/secure.gravatar.com\/avatar\/82aafea7d8127119dd649515f56e2117?s=96&d=mm&r=g\",\"caption\":\"rtnews\"},\"url\":\"https:\/\/now-news.de\/de\/author\/rnews\/\"}]}<\/script>\n<!-- \/ Yoast SEO Premium plugin. -->","yoast_head_json":{"title":"Experte: Zugang zum innereurop\u00e4ischen Markt f\u00fcr Nicht-EU-Staaten kaum m\u00f6glich - just-now.NEWS Deutschland","robots":{"index":"index","follow":"follow","max-snippet":"max-snippet:-1","max-image-preview":"max-image-preview:large","max-video-preview":"max-video-preview:-1"},"canonical":"https:\/\/now-news.de\/de\/deutschland\/experte-zugang-zum-innereuropaeischen-markt-fuer-nicht-eu-staaten-kaum-moeglich\/","og_locale":"de_DE","og_type":"article","og_title":"Experte: Zugang zum innereurop\u00e4ischen Markt f\u00fcr Nicht-EU-Staaten kaum m\u00f6glich","og_description":"Der russische Experte Schota Apchaidse erkl\u00e4rt, dass L\u00e4nder wie Armenien und Georgien kaum Zugang zum EU-Markt haben. Trotz Subventionsm\u00f6glichkeiten best\u00fcnden hohe H\u00fcrden und politische Entscheidungen w\u00fcrden nach westlichen Interessen getroffen. Der europ\u00e4ische Markt ist f\u00fcr L\u00e4nder, die nicht Mitglied der Europ\u00e4ischen Union sind, fast unzug\u00e4nglich. Dies erkl\u00e4rte Schota Apchaidse, ein Experte an der Finanzuniversit\u00e4t der [&hellip;]","og_url":"https:\/\/now-news.de\/de\/deutschland\/experte-zugang-zum-innereuropaeischen-markt-fuer-nicht-eu-staaten-kaum-moeglich\/","og_site_name":"just-now.NEWS Deutschland","article_publisher":"https:\/\/www.facebook.com\/wirmachenauf","article_published_time":"2024-10-15T20:07:35+00:00","og_image":[{"url":"https:\/\/now-news.de\/de\/wp-content\/uploads\/sites\/3\/2024\/10\/670e2363b480cc322c073f6c.jpg"}],"author":"rtnews","twitter_card":"summary_large_image","twitter_creator":"@WirMachenAuf_de","twitter_site":"@WirMachenAuf_de","twitter_misc":{"Verfasst von":"rtnews","Gesch\u00e4tzte Lesezeit":"2\u00a0Minuten"},"schema":{"@context":"https:\/\/schema.org","@graph":[{"@type":"Article","@id":"https:\/\/now-news.de\/de\/deutschland\/experte-zugang-zum-innereuropaeischen-markt-fuer-nicht-eu-staaten-kaum-moeglich\/#article","isPartOf":{"@id":"https:\/\/now-news.de\/de\/deutschland\/experte-zugang-zum-innereuropaeischen-markt-fuer-nicht-eu-staaten-kaum-moeglich\/"},"author":{"name":"rtnews","@id":"https:\/\/now-news.de\/de\/#\/schema\/person\/fb534a4e865501d8b3285208df34a9b5"},"headline":"Experte: Zugang zum innereurop\u00e4ischen Markt f\u00fcr Nicht-EU-Staaten kaum m\u00f6glich","datePublished":"2024-10-15T20:07:35+00:00","dateModified":"2024-10-15T20:07:35+00:00","mainEntityOfPage":{"@id":"https:\/\/now-news.de\/de\/deutschland\/experte-zugang-zum-innereuropaeischen-markt-fuer-nicht-eu-staaten-kaum-moeglich\/"},"wordCount":455,"commentCount":0,"publisher":{"@id":"https:\/\/now-news.de\/de\/#organization"},"image":{"@id":"https:\/\/now-news.de\/de\/deutschland\/experte-zugang-zum-innereuropaeischen-markt-fuer-nicht-eu-staaten-kaum-moeglich\/#primaryimage"},"thumbnailUrl":"https:\/\/now-news.de\/de\/wp-content\/uploads\/sites\/3\/2024\/10\/Experte-Zugang-zum-innereuropaeischen-Markt-fuer-Nicht-EU-Staaten-kaum-moeglich.jpg","keywords":["Experte","f\u00fcr","innereurop\u00e4ischen","Kaum","Markt","m\u00f6glich","NichtEUStaaten","Zugang","zum"],"articleSection":["Deutschland","Russland"],"inLanguage":"de","potentialAction":[{"@type":"CommentAction","name":"Comment","target":["https:\/\/now-news.de\/de\/deutschland\/experte-zugang-zum-innereuropaeischen-markt-fuer-nicht-eu-staaten-kaum-moeglich\/#respond"]}]},{"@type":"WebPage","@id":"https:\/\/now-news.de\/de\/deutschland\/experte-zugang-zum-innereuropaeischen-markt-fuer-nicht-eu-staaten-kaum-moeglich\/","url":"https:\/\/now-news.de\/de\/deutschland\/experte-zugang-zum-innereuropaeischen-markt-fuer-nicht-eu-staaten-kaum-moeglich\/","name":"Experte: Zugang zum innereurop\u00e4ischen Markt f\u00fcr Nicht-EU-Staaten kaum m\u00f6glich - just-now.NEWS Deutschland","isPartOf":{"@id":"https:\/\/now-news.de\/de\/#website"},"primaryImageOfPage":{"@id":"https:\/\/now-news.de\/de\/deutschland\/experte-zugang-zum-innereuropaeischen-markt-fuer-nicht-eu-staaten-kaum-moeglich\/#primaryimage"},"image":{"@id":"https:\/\/now-news.de\/de\/deutschland\/experte-zugang-zum-innereuropaeischen-markt-fuer-nicht-eu-staaten-kaum-moeglich\/#primaryimage"},"thumbnailUrl":"https:\/\/now-news.de\/de\/wp-content\/uploads\/sites\/3\/2024\/10\/Experte-Zugang-zum-innereuropaeischen-Markt-fuer-Nicht-EU-Staaten-kaum-moeglich.jpg","datePublished":"2024-10-15T20:07:35+00:00","dateModified":"2024-10-15T20:07:35+00:00","breadcrumb":{"@id":"https:\/\/now-news.de\/de\/deutschland\/experte-zugang-zum-innereuropaeischen-markt-fuer-nicht-eu-staaten-kaum-moeglich\/#breadcrumb"},"inLanguage":"de","potentialAction":[{"@type":"ReadAction","target":["https:\/\/now-news.de\/de\/deutschland\/experte-zugang-zum-innereuropaeischen-markt-fuer-nicht-eu-staaten-kaum-moeglich\/"]}]},{"@type":"ImageObject","inLanguage":"de","@id":"https:\/\/now-news.de\/de\/deutschland\/experte-zugang-zum-innereuropaeischen-markt-fuer-nicht-eu-staaten-kaum-moeglich\/#primaryimage","url":"https:\/\/now-news.de\/de\/wp-content\/uploads\/sites\/3\/2024\/10\/Experte-Zugang-zum-innereuropaeischen-Markt-fuer-Nicht-EU-Staaten-kaum-moeglich.jpg","contentUrl":"https:\/\/now-news.de\/de\/wp-content\/uploads\/sites\/3\/2024\/10\/Experte-Zugang-zum-innereuropaeischen-Markt-fuer-Nicht-EU-Staaten-kaum-moeglich.jpg","width":460,"height":259,"caption":"Experte: Zugang zum innereurop\u00e4ischen Markt f\u00fcr Nicht-EU-Staaten kaum m\u00f6glich"},{"@type":"BreadcrumbList","@id":"https:\/\/now-news.de\/de\/deutschland\/experte-zugang-zum-innereuropaeischen-markt-fuer-nicht-eu-staaten-kaum-moeglich\/#breadcrumb","itemListElement":[{"@type":"ListItem","position":1,"name":"Home","item":"https:\/\/now-news.de\/de\/"},{"@type":"ListItem","position":2,"name":"Experte: Zugang zum innereurop\u00e4ischen Markt f\u00fcr Nicht-EU-Staaten kaum m\u00f6glich"}]},{"@type":"WebSite","@id":"https:\/\/now-news.de\/de\/#website","url":"https:\/\/now-news.de\/de\/","name":"just-now.NEWS Deutschland","description":"Das Portal f\u00fcr unzensierte Nachrichten aus der Welt","publisher":{"@id":"https:\/\/now-news.de\/de\/#organization"},"potentialAction":[{"@type":"SearchAction","target":{"@type":"EntryPoint","urlTemplate":"https:\/\/now-news.de\/de\/?s={search_term_string}"},"query-input":"required name=search_term_string"}],"inLanguage":"de"},{"@type":"Organization","@id":"https:\/\/now-news.de\/de\/#organization","name":"Just Now News","url":"https:\/\/now-news.de\/de\/","logo":{"@type":"ImageObject","inLanguage":"de","@id":"https:\/\/now-news.de\/de\/#\/schema\/logo\/image\/","url":"http:\/\/just-now.news\/de\/wp-content\/uploads\/sites\/3\/2022\/04\/logo500x500.jpg","contentUrl":"http:\/\/just-now.news\/de\/wp-content\/uploads\/sites\/3\/2022\/04\/logo500x500.jpg","width":500,"height":500,"caption":"Just Now News"},"image":{"@id":"https:\/\/now-news.de\/de\/#\/schema\/logo\/image\/"},"sameAs":["https:\/\/www.facebook.com\/wirmachenauf","https:\/\/x.com\/WirMachenAuf_de"]},{"@type":"Person","@id":"https:\/\/now-news.de\/de\/#\/schema\/person\/fb534a4e865501d8b3285208df34a9b5","name":"rtnews","image":{"@type":"ImageObject","inLanguage":"de","@id":"https:\/\/now-news.de\/de\/#\/schema\/person\/image\/","url":"https:\/\/secure.gravatar.com\/avatar\/82aafea7d8127119dd649515f56e2117?s=96&d=mm&r=g","contentUrl":"https:\/\/secure.gravatar.com\/avatar\/82aafea7d8127119dd649515f56e2117?s=96&d=mm&r=g","caption":"rtnews"},"url":"https:\/\/now-news.de\/de\/author\/rnews\/"}]}},"_links":{"self":[{"href":"https:\/\/now-news.de\/de\/wp-json\/wp\/v2\/posts\/70856"}],"collection":[{"href":"https:\/\/now-news.de\/de\/wp-json\/wp\/v2\/posts"}],"about":[{"href":"https:\/\/now-news.de\/de\/wp-json\/wp\/v2\/types\/post"}],"author":[{"embeddable":true,"href":"https:\/\/now-news.de\/de\/wp-json\/wp\/v2\/users\/3"}],"replies":[{"embeddable":true,"href":"https:\/\/now-news.de\/de\/wp-json\/wp\/v2\/comments?post=70856"}],"version-history":[{"count":0,"href":"https:\/\/now-news.de\/de\/wp-json\/wp\/v2\/posts\/70856\/revisions"}],"wp:featuredmedia":[{"embeddable":true,"href":"https:\/\/now-news.de\/de\/wp-json\/wp\/v2\/media\/70857"}],"wp:attachment":[{"href":"https:\/\/now-news.de\/de\/wp-json\/wp\/v2\/media?parent=70856"}],"wp:term":[{"taxonomy":"category","embeddable":true,"href":"https:\/\/now-news.de\/de\/wp-json\/wp\/v2\/categories?post=70856"},{"taxonomy":"post_tag","embeddable":true,"href":"https:\/\/now-news.de\/de\/wp-json\/wp\/v2\/tags?post=70856"}],"curies":[{"name":"wp","href":"https:\/\/api.w.org\/{rel}","templated":true}]}}