{"id":70833,"date":"2024-10-15T16:10:24","date_gmt":"2024-10-15T14:10:24","guid":{"rendered":"https:\/\/now-news.de\/de\/deutschland\/odessa-frau-mit-der-russischen-fahne-lebt-und-steht-unter-hausarrest\/"},"modified":"2024-10-15T16:10:24","modified_gmt":"2024-10-15T14:10:24","slug":"odessa-frau-mit-der-russischen-fahne-lebt-und-steht-unter-hausarrest","status":"publish","type":"post","link":"https:\/\/now-news.de\/de\/deutschland\/odessa-frau-mit-der-russischen-fahne-lebt-und-steht-unter-hausarrest\/","title":{"rendered":"Odessa: Frau mit der russischen Fahne lebt und steht unter Hausarrest"},"content":{"rendered":"<div class=\"Text-root Text-type_1 \">\n                Die Demonstrantin Jelena Tschessakowa lebt und steht derzeit unter Hausarrest, teilte ihre Mutter gegen\u00fcber &#8220;RT&#8221; in einem Gespr\u00e4ch mit. Letzte Woche hatte sie die russische Fahne im Zentrum von Odessa gezeigt und war daraufhin verhaftet worden. Sp\u00e4ter meldeten einige Medien, sie sei in Polizeigewahrsam gestorben.\n            <\/div>\n<p><\/p>\n<div class=\"Text-root Text-type_5 ArticleView-text ViewText-root \">\n<p>Eine\u00a0Fahnen-Aktion vor dem Denkmal Katharinas der Gro\u00dfen in Odessa sorgte letzte Woche f\u00fcr Aufsehen. Eine Frau hatte versucht, die russische Nationalflagge am Sockel des\u00a0beseitigten Denkmals f\u00fcr die Stadtgr\u00fcnderin anzubringen. Mehrere Passanten hinderten sie daran und zeigten sie bei der Polizei an \u2013 sie wurde festgenommen. In einem sp\u00e4ter erschienenen Verh\u00f6r-Video\u00a0rief die Demonstrantin die ukrainischen Soldaten dazu auf, auf die russische Seite \u00fcberzulaufen \u2013 <em>RT DE<\/em>\u00a0<a rel=\"nofollow noopener\" target=\"_blank\" href=\"https:\/\/rtde.agency\/meinung\/221879-russin-in-odessa-ruft-ukrainisches-militaer-zum-uebertritt-polizei-veroeffentlicht-video\/\">berichtete<\/a>.\u00a0Sp\u00e4ter wurden Ger\u00fcchte gestreut, dass die Frau in Polizeigewahrsam gestorben sei.\u00a0<\/p>\n<p>Auch der ehemalige Rada-Abgeordnete und gut vernetzte Politkommentator Oleg Zarjow teilte diese Information auf seinem Telegram-Kanal, mit Verweis auf Quellen bei der Polizei von Odessa. Wie <em>RT<\/em> am Montag erfuhr, war die <a rel=\"nofollow noopener\" target=\"_blank\" href=\"https:\/\/freedert.online\/international\/222162-odessa-pro-russische-demonstrantin-stirbt\/\">Nachricht \u00fcber den Tod<\/a> von Jelena Tschessakowa indes eine Falschmeldung. Die Mutter von Jelena\u00a0sagte in einem Telefongespr\u00e4ch, dass sie gesund sei und aktuell unter Hausarrest stehe. &#8220;Sie darf bis zur Gerichtsverhandlung ihre Wohnung nicht verlassen&#8221;, sagte sie.<\/p>\n<p>Nadeschda, die 60-j\u00e4hrige Mutter der\u00a0Demonstrantin, lebt derzeit in Tschechien und h\u00e4lt zu ihrer Tochter \u00fcber die Enkelkinder Kontakt. Somit berichtet sie aus der ersten Hand. Sie erkl\u00e4rte, dass Jelena einige Tage in Untersuchungshaft verbracht habe. Anschlie\u00dfend sei sie mithilfe eines Anwalts f\u00fcr 60 Tage unter Hausarrest gestellt worden.<\/p>\n<p>Der Interviewpartnerin zufolge riet der Anwalt Jelena, sich offiziell zu entschuldigen und zu sagen, dass sie ihre Meinung \u00fcber den Konflikt zwischen Russland und der Ukraine ge\u00e4ndert habe. Das w\u00fcrde das Strafma\u00df erheblich mildern. Aber sie habe dem Anwalt erkl\u00e4rt:<\/p>\n<blockquote>\n<p><em>&#8220;Ich \u00e4ndere meine Meinung nicht. So wie ich es gesagt habe, werde ich es auch weiterhin sagen.&#8221;<\/em><\/p>\n<\/blockquote>\n<p>Nadeschda gestand ein, dass auch sie versucht habe, Jelena zu einem Eingest\u00e4ndis zu \u00fcberreden, sie\u00a0habe dies jedoch abgelehnt. Sie sagte, sie\u00a0m\u00f6ge zwar ins Gef\u00e4ngnis gehen, aber sie werde f\u00fcr ihre Meinung einstehen.\u00a0<\/p>\n<figure class=\"RTImage-root\">\n<div class=\"RTImage-image RTImage-original\"><picture class=\"Picture-root Picture-original\"><!--[if IE 9]><video style=\"display: none;\"><![endif]--><source media=\"(-webkit-min-device-pixel-ratio: 2) and (min-resolution: 120dpi)\" data-srcset=\" \nhttps:\/\/now-news.de\/de\/wp-content\/uploads\/sites\/3\/2024\/10\/670e6bcf48fbef21af684660.JPG 850w,\n                https:\/\/now-news.de\/de\/wp-content\/uploads\/sites\/3\/2024\/10\/670e6bcf48fbef21af684660.JPG 1960w,            \" ><source data-srcset=\" \nhttps:\/\/now-news.de\/de\/wp-content\/uploads\/sites\/3\/2024\/10\/670e6bcf48fbef21af684660.JPG 460w,\n              https:\/\/now-news.de\/de\/wp-content\/uploads\/sites\/3\/2024\/10\/670e6bcf48fbef21af684660.JPG 980w,\n            \" ><!--[if IE 9]><\/video><![endif]--><img decoding=\"async\" data- src=\"data:image\/png;base64,iVBORw0KGgoAAAANSUhEUgAAABAAAAAJCAQAAACRI2S5AAAAEElEQVR42mNkIAAYRxWAAQAG9gAKqv6+AwAAAABJRU5ErkJggg==\" class=\"Picture-root Picture-original lazyload\" data-src=\"https:\/\/now-news.de\/de\/wp-content\/uploads\/sites\/3\/2024\/10\/670e6bcf48fbef21af684660.JPG\" alt=\"\"><\/source><\/source><\/picture><!-- noscript pattern --><noscript><img decoding=\"async\" src=\"https:\/\/now-news.de\/de\/wp-content\/uploads\/sites\/3\/2024\/10\/670e6bcf48fbef21af684660.JPG\" alt=\"\"><\/noscript><\/div><figcaption class=\"RTImage-footer\"><span class=\"RTImage-caption\"><span class=\"RTImage-captionItem\">Elena Tschessakowa<\/span><\/span><span class=\"RTImage-source\"><span class=\"RTImage-captionItem\">Telegram-Kanal &#8220;Odessa-Info&#8221;<\/span><\/span><\/figcaption><\/figure>\n<p>Die Mutter habe sich gewundert, woher Jelena die russische Flagge hatte:<\/p>\n<blockquote>\n<p><em>&#8220;Und ihr Enkel sagte: &#8216;Oma, wei\u00dft du das nicht? Mama wird alles finden, wenn sie es braucht.&#8221;<\/em><\/p>\n<\/blockquote>\n<p>Nadeschda f\u00fcgte hinzu, dass Jelena in Russland geboren sei und dort ihre Kindheit verbracht habe. Die ganze Familie Tschessakow stamme aus den russischen Regionen Perm und Irkutsk: &#8220;Wir sind alle aus Russland, und das Schicksal hat uns in die Ukraine verschlagen. Meine Schwestern haben hier, in der Ukraine, geheiratet. Aber in unseren Herzen sind wir alle Russen.&#8221;\u00a0\u00a0<\/p>\n<p>Auch Jelena habe stets eine prorussische Haltung eingenommen und die blutigen Ereignisse vom 2. Mai 2014 in Odessa h\u00e4tten ihre Ansichten nur gest\u00e4rkt. &#8220;Sie sagt, dass [Russland] sowieso kommen wird \u2026 Odessa ist immer eine russische Stadt gewesen. Sie hofft, dass sie kommen werden, und sagt: &#8216;Dann wird [die Anklage] fallengelassen.'&#8221; Jelena Tschessakowa drohen nach dem Artikel \u00fcber die &#8220;Rechtfertigung einer bewaffneten Aggression der Russischen F\u00f6deration gegen die Ukraine&#8221; bis zu drei Jahren Gef\u00e4ngnis.<\/p>\n<p>Nadeschda sei auch \u00fcberrascht gewesen, dass die Polizei von Odessa das Video von Jelena in den sozialen Medien trotz seines Agitationscharakters zugunsten Russlands ver\u00f6ffentlicht habe:<\/p>\n<p><em>&#8220;Das scheint gegen die Ukraine zu sein. Es ist so, als h\u00e4tte es gar nicht ver\u00f6ffentlicht werden d\u00fcrfen, aber jemand hat es getan. Viele Menschen unterst\u00fctzen in ihrem Herzen alles, was sie sagt, aber sie haben Angst, es zu sagen.&#8221;<\/em><\/p>\n<p>Am 8. Oktober haben mehrere Telegram-Kan\u00e4le einen Ausschnitt aus\u00a0dem Verh\u00f6r-Video ver\u00f6ffentlicht.\u00a0Das Video hatten sie offenbar direkt von der Polizei erhalten.\u00a0Darin\u00a0sagte Jelena,\u00a0dass sie dem Kiewer Regime das Massaker von Odessa und den Angriff auf den Donbass nicht verzeihen werde. Sie rief die Ukrainer dazu auf, auf die Seite Russlands zu wechseln. Der Konflikt sei ein Bruderzwist unter Slawen, der im Interesse des Westens gesch\u00fcrt werde.\u00a0<\/p>\n<blockquote>\n<p><em>&#8220;Ich unterst\u00fctze die Russische Welt, ich unterst\u00fctze Russland, ich unterst\u00fctze Wladimir Wladimirowitsch Putin und ich rufe alle normalen ukrainischen Menschen, Soldaten, dazu auf, auf die Seite Russlands zu wechseln&#8221;, sagte Tschessakowa.\u00a0<\/em><\/p>\n<\/blockquote>\n<p>Die Festgenommene\u00a0wurde w\u00e4hrend ihrer Rede kein einziges Mal unterbrochen. Auch konnte die Videoaufnahme\u00a0ungehindert im ukrainischen Internet verbreitet werden.\u00a0<\/p>\n<p>Kreml-Sprecher Dmitri Peskow bezeichnete die Tat von Jelena Tschessakowa als &#8220;sehr mutig&#8221;.<\/p>\n<p>&#8220;Sie ist nicht in Gewahrsam, sondern steht unter Hausarrest, und das ist auch gut so. Die Tat ist in der Tat sehr mutig. Wir k\u00f6nnen ihr aber nicht helfen&#8221;, sagte er auf eine Frage\u00a0von Journalisten. Und er f\u00fcgte hinzu, dass Moskau\u00a0ihre Situation &#8220;im Blick&#8221; behalten werde.\u00a0<\/p>\n<p><strong>Mehr zum Thema<\/strong> &#8211; <a rel=\"nofollow noopener\" target=\"_blank\" href=\"https:\/\/freedert.online\/europa\/217342-ukraine-abgeordnete-gegen-kirchenverbot-stimme-floh-fahnung-ausgeschrieben\/\">Ukraine: Abgeordneter, der gegen Kirchenverbot stimmte, zur Fahndung ausgeschrieben<\/a><\/p>\n<div class=\"EmbedBlock-root EmbedBlock-externalVideo EmbedBlock-rumble\">\n<div class=\"VkEmbed\"><iframe class=\"lazyload\" data-src=\"https:\/\/rumble.com\/embed\/v5fovp1\" frameborder=\"0\" width=\"853\" height=\"480\" allowfullscreen><\/iframe><\/div>\n<\/div>\n<\/div>\n<p><br \/>\n<br \/><a href=\"https:\/\/de.rt.com\/europa\/222493-odessa-frau-mit-russischen-fahne-lebt-befindet-unter-hausarrest\/\">Source link <\/a><\/p>\n","protected":false},"excerpt":{"rendered":"<p>Die Demonstrantin Jelena Tschessakowa lebt und steht derzeit unter Hausarrest, teilte ihre Mutter gegen\u00fcber &#8220;RT&#8221; in einem Gespr\u00e4ch mit. Letzte Woche hatte sie die russische Fahne im Zentrum von Odessa gezeigt und war daraufhin verhaftet worden. Sp\u00e4ter meldeten einige Medien, sie sei in Polizeigewahrsam gestorben. Eine\u00a0Fahnen-Aktion vor dem Denkmal Katharinas der Gro\u00dfen in Odessa sorgte [&hellip;]<\/p>\n","protected":false},"author":3,"featured_media":70834,"comment_status":"open","ping_status":"open","sticky":false,"template":"","format":"standard","meta":{"_yoast_indexnow_last_ping":["1729001566"],"wp_automatic_camp":["217"],"2194762f48a245b06b453ac98dda911d":["Odessa: Frau mit der russischen Fahne lebt und steht unter Hausarrest"],"original_link":["https:\/\/de.rt.com\/europa\/222493-odessa-frau-mit-russischen-fahne-lebt-befindet-unter-hausarrest\/"],"_thumbnail_id":["70834"],"_wptgpro_p2tg_sent2tg":["a:1:{i:23737;s:19:\"2024-10-15 16:14:00\";}"],"jnews_social_counter_last_update":["1777303358"]},"categories":[19,23],"tags":[82,18919,5464,21993,29337,419,16439,973,1606,140,908],"yoast_head":"<!-- This site is optimized with the Yoast SEO Premium plugin v22.7 (Yoast SEO v22.7) - https:\/\/yoast.com\/wordpress\/plugins\/seo\/ -->\n<title>Odessa: Frau mit der russischen Fahne lebt und steht unter Hausarrest - just-now.NEWS Deutschland<\/title>\n<meta name=\"robots\" content=\"index, follow, max-snippet:-1, max-image-preview:large, max-video-preview:-1\" \/>\n<link rel=\"canonical\" href=\"https:\/\/now-news.de\/de\/deutschland\/odessa-frau-mit-der-russischen-fahne-lebt-und-steht-unter-hausarrest\/\" \/>\n<meta property=\"og:locale\" content=\"de_DE\" \/>\n<meta property=\"og:type\" content=\"article\" \/>\n<meta property=\"og:title\" content=\"Odessa: Frau mit der russischen Fahne lebt und steht unter Hausarrest\" \/>\n<meta property=\"og:description\" content=\"Die Demonstrantin Jelena Tschessakowa lebt und steht derzeit unter Hausarrest, teilte ihre Mutter gegen\u00fcber &#8220;RT&#8221; in einem Gespr\u00e4ch mit. Letzte Woche hatte sie die russische Fahne im Zentrum von Odessa gezeigt und war daraufhin verhaftet worden. Sp\u00e4ter meldeten einige Medien, sie sei in Polizeigewahrsam gestorben. Eine\u00a0Fahnen-Aktion vor dem Denkmal Katharinas der Gro\u00dfen in Odessa sorgte [&hellip;]\" \/>\n<meta property=\"og:url\" content=\"https:\/\/now-news.de\/de\/deutschland\/odessa-frau-mit-der-russischen-fahne-lebt-und-steht-unter-hausarrest\/\" \/>\n<meta property=\"og:site_name\" content=\"just-now.NEWS Deutschland\" \/>\n<meta property=\"article:publisher\" content=\"https:\/\/www.facebook.com\/wirmachenauf\" \/>\n<meta property=\"article:published_time\" content=\"2024-10-15T14:10:24+00:00\" \/>\n<meta property=\"og:image\" content=\"https:\/\/now-news.de\/de\/wp-content\/uploads\/sites\/3\/2024\/10\/670e6bcf48fbef21af684660.JPG\" \/>\n<meta name=\"author\" content=\"rtnews\" \/>\n<meta name=\"twitter:card\" content=\"summary_large_image\" \/>\n<meta name=\"twitter:creator\" content=\"@WirMachenAuf_de\" \/>\n<meta name=\"twitter:site\" content=\"@WirMachenAuf_de\" \/>\n<meta name=\"twitter:label1\" content=\"Verfasst von\" \/>\n\t<meta name=\"twitter:data1\" content=\"rtnews\" \/>\n\t<meta name=\"twitter:label2\" content=\"Gesch\u00e4tzte Lesezeit\" \/>\n\t<meta name=\"twitter:data2\" content=\"4\u00a0Minuten\" \/>\n<script type=\"application\/ld+json\" class=\"yoast-schema-graph\">{\"@context\":\"https:\/\/schema.org\",\"@graph\":[{\"@type\":\"Article\",\"@id\":\"https:\/\/now-news.de\/de\/deutschland\/odessa-frau-mit-der-russischen-fahne-lebt-und-steht-unter-hausarrest\/#article\",\"isPartOf\":{\"@id\":\"https:\/\/now-news.de\/de\/deutschland\/odessa-frau-mit-der-russischen-fahne-lebt-und-steht-unter-hausarrest\/\"},\"author\":{\"name\":\"rtnews\",\"@id\":\"https:\/\/now-news.de\/de\/#\/schema\/person\/fb534a4e865501d8b3285208df34a9b5\"},\"headline\":\"Odessa: Frau mit der russischen Fahne lebt und steht unter Hausarrest\",\"datePublished\":\"2024-10-15T14:10:24+00:00\",\"dateModified\":\"2024-10-15T14:10:24+00:00\",\"mainEntityOfPage\":{\"@id\":\"https:\/\/now-news.de\/de\/deutschland\/odessa-frau-mit-der-russischen-fahne-lebt-und-steht-unter-hausarrest\/\"},\"wordCount\":808,\"commentCount\":0,\"publisher\":{\"@id\":\"https:\/\/now-news.de\/de\/#organization\"},\"image\":{\"@id\":\"https:\/\/now-news.de\/de\/deutschland\/odessa-frau-mit-der-russischen-fahne-lebt-und-steht-unter-hausarrest\/#primaryimage\"},\"thumbnailUrl\":\"https:\/\/now-news.de\/de\/wp-content\/uploads\/sites\/3\/2024\/10\/Odessa-Frau-mit-der-russischen-Fahne-lebt-und-steht-unter.JPG\",\"keywords\":[\"der\",\"Fahne\",\"Frau\",\"Hausarrest\",\"lebt\",\"mit\",\"Odessa\",\"russischen\",\"steht\",\"und\",\"unter\"],\"articleSection\":[\"Deutschland\",\"Russland\"],\"inLanguage\":\"de\",\"potentialAction\":[{\"@type\":\"CommentAction\",\"name\":\"Comment\",\"target\":[\"https:\/\/now-news.de\/de\/deutschland\/odessa-frau-mit-der-russischen-fahne-lebt-und-steht-unter-hausarrest\/#respond\"]}]},{\"@type\":\"WebPage\",\"@id\":\"https:\/\/now-news.de\/de\/deutschland\/odessa-frau-mit-der-russischen-fahne-lebt-und-steht-unter-hausarrest\/\",\"url\":\"https:\/\/now-news.de\/de\/deutschland\/odessa-frau-mit-der-russischen-fahne-lebt-und-steht-unter-hausarrest\/\",\"name\":\"Odessa: Frau mit der russischen Fahne lebt und steht unter Hausarrest - just-now.NEWS Deutschland\",\"isPartOf\":{\"@id\":\"https:\/\/now-news.de\/de\/#website\"},\"primaryImageOfPage\":{\"@id\":\"https:\/\/now-news.de\/de\/deutschland\/odessa-frau-mit-der-russischen-fahne-lebt-und-steht-unter-hausarrest\/#primaryimage\"},\"image\":{\"@id\":\"https:\/\/now-news.de\/de\/deutschland\/odessa-frau-mit-der-russischen-fahne-lebt-und-steht-unter-hausarrest\/#primaryimage\"},\"thumbnailUrl\":\"https:\/\/now-news.de\/de\/wp-content\/uploads\/sites\/3\/2024\/10\/Odessa-Frau-mit-der-russischen-Fahne-lebt-und-steht-unter.JPG\",\"datePublished\":\"2024-10-15T14:10:24+00:00\",\"dateModified\":\"2024-10-15T14:10:24+00:00\",\"breadcrumb\":{\"@id\":\"https:\/\/now-news.de\/de\/deutschland\/odessa-frau-mit-der-russischen-fahne-lebt-und-steht-unter-hausarrest\/#breadcrumb\"},\"inLanguage\":\"de\",\"potentialAction\":[{\"@type\":\"ReadAction\",\"target\":[\"https:\/\/now-news.de\/de\/deutschland\/odessa-frau-mit-der-russischen-fahne-lebt-und-steht-unter-hausarrest\/\"]}]},{\"@type\":\"ImageObject\",\"inLanguage\":\"de\",\"@id\":\"https:\/\/now-news.de\/de\/deutschland\/odessa-frau-mit-der-russischen-fahne-lebt-und-steht-unter-hausarrest\/#primaryimage\",\"url\":\"https:\/\/now-news.de\/de\/wp-content\/uploads\/sites\/3\/2024\/10\/Odessa-Frau-mit-der-russischen-Fahne-lebt-und-steht-unter.JPG\",\"contentUrl\":\"https:\/\/now-news.de\/de\/wp-content\/uploads\/sites\/3\/2024\/10\/Odessa-Frau-mit-der-russischen-Fahne-lebt-und-steht-unter.JPG\",\"width\":442,\"height\":252,\"caption\":\"Odessa: Frau mit der russischen Fahne lebt und steht unter Hausarrest\"},{\"@type\":\"BreadcrumbList\",\"@id\":\"https:\/\/now-news.de\/de\/deutschland\/odessa-frau-mit-der-russischen-fahne-lebt-und-steht-unter-hausarrest\/#breadcrumb\",\"itemListElement\":[{\"@type\":\"ListItem\",\"position\":1,\"name\":\"Home\",\"item\":\"https:\/\/now-news.de\/de\/\"},{\"@type\":\"ListItem\",\"position\":2,\"name\":\"Odessa: Frau mit der russischen Fahne lebt und steht unter Hausarrest\"}]},{\"@type\":\"WebSite\",\"@id\":\"https:\/\/now-news.de\/de\/#website\",\"url\":\"https:\/\/now-news.de\/de\/\",\"name\":\"just-now.NEWS Deutschland\",\"description\":\"Das Portal f\u00fcr unzensierte Nachrichten aus der Welt\",\"publisher\":{\"@id\":\"https:\/\/now-news.de\/de\/#organization\"},\"potentialAction\":[{\"@type\":\"SearchAction\",\"target\":{\"@type\":\"EntryPoint\",\"urlTemplate\":\"https:\/\/now-news.de\/de\/?s={search_term_string}\"},\"query-input\":\"required name=search_term_string\"}],\"inLanguage\":\"de\"},{\"@type\":\"Organization\",\"@id\":\"https:\/\/now-news.de\/de\/#organization\",\"name\":\"Just Now News\",\"url\":\"https:\/\/now-news.de\/de\/\",\"logo\":{\"@type\":\"ImageObject\",\"inLanguage\":\"de\",\"@id\":\"https:\/\/now-news.de\/de\/#\/schema\/logo\/image\/\",\"url\":\"http:\/\/just-now.news\/de\/wp-content\/uploads\/sites\/3\/2022\/04\/logo500x500.jpg\",\"contentUrl\":\"http:\/\/just-now.news\/de\/wp-content\/uploads\/sites\/3\/2022\/04\/logo500x500.jpg\",\"width\":500,\"height\":500,\"caption\":\"Just Now News\"},\"image\":{\"@id\":\"https:\/\/now-news.de\/de\/#\/schema\/logo\/image\/\"},\"sameAs\":[\"https:\/\/www.facebook.com\/wirmachenauf\",\"https:\/\/x.com\/WirMachenAuf_de\"]},{\"@type\":\"Person\",\"@id\":\"https:\/\/now-news.de\/de\/#\/schema\/person\/fb534a4e865501d8b3285208df34a9b5\",\"name\":\"rtnews\",\"image\":{\"@type\":\"ImageObject\",\"inLanguage\":\"de\",\"@id\":\"https:\/\/now-news.de\/de\/#\/schema\/person\/image\/\",\"url\":\"https:\/\/secure.gravatar.com\/avatar\/82aafea7d8127119dd649515f56e2117?s=96&d=mm&r=g\",\"contentUrl\":\"https:\/\/secure.gravatar.com\/avatar\/82aafea7d8127119dd649515f56e2117?s=96&d=mm&r=g\",\"caption\":\"rtnews\"},\"url\":\"https:\/\/now-news.de\/de\/author\/rnews\/\"}]}<\/script>\n<!-- \/ Yoast SEO Premium plugin. -->","yoast_head_json":{"title":"Odessa: Frau mit der russischen Fahne lebt und steht unter Hausarrest - just-now.NEWS Deutschland","robots":{"index":"index","follow":"follow","max-snippet":"max-snippet:-1","max-image-preview":"max-image-preview:large","max-video-preview":"max-video-preview:-1"},"canonical":"https:\/\/now-news.de\/de\/deutschland\/odessa-frau-mit-der-russischen-fahne-lebt-und-steht-unter-hausarrest\/","og_locale":"de_DE","og_type":"article","og_title":"Odessa: Frau mit der russischen Fahne lebt und steht unter Hausarrest","og_description":"Die Demonstrantin Jelena Tschessakowa lebt und steht derzeit unter Hausarrest, teilte ihre Mutter gegen\u00fcber &#8220;RT&#8221; in einem Gespr\u00e4ch mit. Letzte Woche hatte sie die russische Fahne im Zentrum von Odessa gezeigt und war daraufhin verhaftet worden. Sp\u00e4ter meldeten einige Medien, sie sei in Polizeigewahrsam gestorben. Eine\u00a0Fahnen-Aktion vor dem Denkmal Katharinas der Gro\u00dfen in Odessa sorgte [&hellip;]","og_url":"https:\/\/now-news.de\/de\/deutschland\/odessa-frau-mit-der-russischen-fahne-lebt-und-steht-unter-hausarrest\/","og_site_name":"just-now.NEWS Deutschland","article_publisher":"https:\/\/www.facebook.com\/wirmachenauf","article_published_time":"2024-10-15T14:10:24+00:00","og_image":[{"url":"https:\/\/now-news.de\/de\/wp-content\/uploads\/sites\/3\/2024\/10\/670e6bcf48fbef21af684660.JPG"}],"author":"rtnews","twitter_card":"summary_large_image","twitter_creator":"@WirMachenAuf_de","twitter_site":"@WirMachenAuf_de","twitter_misc":{"Verfasst von":"rtnews","Gesch\u00e4tzte Lesezeit":"4\u00a0Minuten"},"schema":{"@context":"https:\/\/schema.org","@graph":[{"@type":"Article","@id":"https:\/\/now-news.de\/de\/deutschland\/odessa-frau-mit-der-russischen-fahne-lebt-und-steht-unter-hausarrest\/#article","isPartOf":{"@id":"https:\/\/now-news.de\/de\/deutschland\/odessa-frau-mit-der-russischen-fahne-lebt-und-steht-unter-hausarrest\/"},"author":{"name":"rtnews","@id":"https:\/\/now-news.de\/de\/#\/schema\/person\/fb534a4e865501d8b3285208df34a9b5"},"headline":"Odessa: Frau mit der russischen Fahne lebt und steht unter Hausarrest","datePublished":"2024-10-15T14:10:24+00:00","dateModified":"2024-10-15T14:10:24+00:00","mainEntityOfPage":{"@id":"https:\/\/now-news.de\/de\/deutschland\/odessa-frau-mit-der-russischen-fahne-lebt-und-steht-unter-hausarrest\/"},"wordCount":808,"commentCount":0,"publisher":{"@id":"https:\/\/now-news.de\/de\/#organization"},"image":{"@id":"https:\/\/now-news.de\/de\/deutschland\/odessa-frau-mit-der-russischen-fahne-lebt-und-steht-unter-hausarrest\/#primaryimage"},"thumbnailUrl":"https:\/\/now-news.de\/de\/wp-content\/uploads\/sites\/3\/2024\/10\/Odessa-Frau-mit-der-russischen-Fahne-lebt-und-steht-unter.JPG","keywords":["der","Fahne","Frau","Hausarrest","lebt","mit","Odessa","russischen","steht","und","unter"],"articleSection":["Deutschland","Russland"],"inLanguage":"de","potentialAction":[{"@type":"CommentAction","name":"Comment","target":["https:\/\/now-news.de\/de\/deutschland\/odessa-frau-mit-der-russischen-fahne-lebt-und-steht-unter-hausarrest\/#respond"]}]},{"@type":"WebPage","@id":"https:\/\/now-news.de\/de\/deutschland\/odessa-frau-mit-der-russischen-fahne-lebt-und-steht-unter-hausarrest\/","url":"https:\/\/now-news.de\/de\/deutschland\/odessa-frau-mit-der-russischen-fahne-lebt-und-steht-unter-hausarrest\/","name":"Odessa: Frau mit der russischen Fahne lebt und steht unter Hausarrest - just-now.NEWS Deutschland","isPartOf":{"@id":"https:\/\/now-news.de\/de\/#website"},"primaryImageOfPage":{"@id":"https:\/\/now-news.de\/de\/deutschland\/odessa-frau-mit-der-russischen-fahne-lebt-und-steht-unter-hausarrest\/#primaryimage"},"image":{"@id":"https:\/\/now-news.de\/de\/deutschland\/odessa-frau-mit-der-russischen-fahne-lebt-und-steht-unter-hausarrest\/#primaryimage"},"thumbnailUrl":"https:\/\/now-news.de\/de\/wp-content\/uploads\/sites\/3\/2024\/10\/Odessa-Frau-mit-der-russischen-Fahne-lebt-und-steht-unter.JPG","datePublished":"2024-10-15T14:10:24+00:00","dateModified":"2024-10-15T14:10:24+00:00","breadcrumb":{"@id":"https:\/\/now-news.de\/de\/deutschland\/odessa-frau-mit-der-russischen-fahne-lebt-und-steht-unter-hausarrest\/#breadcrumb"},"inLanguage":"de","potentialAction":[{"@type":"ReadAction","target":["https:\/\/now-news.de\/de\/deutschland\/odessa-frau-mit-der-russischen-fahne-lebt-und-steht-unter-hausarrest\/"]}]},{"@type":"ImageObject","inLanguage":"de","@id":"https:\/\/now-news.de\/de\/deutschland\/odessa-frau-mit-der-russischen-fahne-lebt-und-steht-unter-hausarrest\/#primaryimage","url":"https:\/\/now-news.de\/de\/wp-content\/uploads\/sites\/3\/2024\/10\/Odessa-Frau-mit-der-russischen-Fahne-lebt-und-steht-unter.JPG","contentUrl":"https:\/\/now-news.de\/de\/wp-content\/uploads\/sites\/3\/2024\/10\/Odessa-Frau-mit-der-russischen-Fahne-lebt-und-steht-unter.JPG","width":442,"height":252,"caption":"Odessa: Frau mit der russischen Fahne lebt und steht unter Hausarrest"},{"@type":"BreadcrumbList","@id":"https:\/\/now-news.de\/de\/deutschland\/odessa-frau-mit-der-russischen-fahne-lebt-und-steht-unter-hausarrest\/#breadcrumb","itemListElement":[{"@type":"ListItem","position":1,"name":"Home","item":"https:\/\/now-news.de\/de\/"},{"@type":"ListItem","position":2,"name":"Odessa: Frau mit der russischen Fahne lebt und steht unter Hausarrest"}]},{"@type":"WebSite","@id":"https:\/\/now-news.de\/de\/#website","url":"https:\/\/now-news.de\/de\/","name":"just-now.NEWS Deutschland","description":"Das Portal f\u00fcr unzensierte Nachrichten aus der Welt","publisher":{"@id":"https:\/\/now-news.de\/de\/#organization"},"potentialAction":[{"@type":"SearchAction","target":{"@type":"EntryPoint","urlTemplate":"https:\/\/now-news.de\/de\/?s={search_term_string}"},"query-input":"required name=search_term_string"}],"inLanguage":"de"},{"@type":"Organization","@id":"https:\/\/now-news.de\/de\/#organization","name":"Just Now News","url":"https:\/\/now-news.de\/de\/","logo":{"@type":"ImageObject","inLanguage":"de","@id":"https:\/\/now-news.de\/de\/#\/schema\/logo\/image\/","url":"http:\/\/just-now.news\/de\/wp-content\/uploads\/sites\/3\/2022\/04\/logo500x500.jpg","contentUrl":"http:\/\/just-now.news\/de\/wp-content\/uploads\/sites\/3\/2022\/04\/logo500x500.jpg","width":500,"height":500,"caption":"Just Now News"},"image":{"@id":"https:\/\/now-news.de\/de\/#\/schema\/logo\/image\/"},"sameAs":["https:\/\/www.facebook.com\/wirmachenauf","https:\/\/x.com\/WirMachenAuf_de"]},{"@type":"Person","@id":"https:\/\/now-news.de\/de\/#\/schema\/person\/fb534a4e865501d8b3285208df34a9b5","name":"rtnews","image":{"@type":"ImageObject","inLanguage":"de","@id":"https:\/\/now-news.de\/de\/#\/schema\/person\/image\/","url":"https:\/\/secure.gravatar.com\/avatar\/82aafea7d8127119dd649515f56e2117?s=96&d=mm&r=g","contentUrl":"https:\/\/secure.gravatar.com\/avatar\/82aafea7d8127119dd649515f56e2117?s=96&d=mm&r=g","caption":"rtnews"},"url":"https:\/\/now-news.de\/de\/author\/rnews\/"}]}},"_links":{"self":[{"href":"https:\/\/now-news.de\/de\/wp-json\/wp\/v2\/posts\/70833"}],"collection":[{"href":"https:\/\/now-news.de\/de\/wp-json\/wp\/v2\/posts"}],"about":[{"href":"https:\/\/now-news.de\/de\/wp-json\/wp\/v2\/types\/post"}],"author":[{"embeddable":true,"href":"https:\/\/now-news.de\/de\/wp-json\/wp\/v2\/users\/3"}],"replies":[{"embeddable":true,"href":"https:\/\/now-news.de\/de\/wp-json\/wp\/v2\/comments?post=70833"}],"version-history":[{"count":0,"href":"https:\/\/now-news.de\/de\/wp-json\/wp\/v2\/posts\/70833\/revisions"}],"wp:featuredmedia":[{"embeddable":true,"href":"https:\/\/now-news.de\/de\/wp-json\/wp\/v2\/media\/70834"}],"wp:attachment":[{"href":"https:\/\/now-news.de\/de\/wp-json\/wp\/v2\/media?parent=70833"}],"wp:term":[{"taxonomy":"category","embeddable":true,"href":"https:\/\/now-news.de\/de\/wp-json\/wp\/v2\/categories?post=70833"},{"taxonomy":"post_tag","embeddable":true,"href":"https:\/\/now-news.de\/de\/wp-json\/wp\/v2\/tags?post=70833"}],"curies":[{"name":"wp","href":"https:\/\/api.w.org\/{rel}","templated":true}]}}