{"id":70811,"date":"2024-10-15T09:20:43","date_gmt":"2024-10-15T07:20:43","guid":{"rendered":"https:\/\/now-news.de\/de\/deutschland\/medienbericht-baerbock-und-habeck-fordern-israel-zur-unterzeichnung-einer-voelkermord-klausel-auf\/"},"modified":"2024-10-15T09:20:43","modified_gmt":"2024-10-15T07:20:43","slug":"medienbericht-baerbock-und-habeck-fordern-israel-zur-unterzeichnung-einer-voelkermord-klausel-auf","status":"publish","type":"post","link":"https:\/\/now-news.de\/de\/deutschland\/medienbericht-baerbock-und-habeck-fordern-israel-zur-unterzeichnung-einer-voelkermord-klausel-auf\/","title":{"rendered":"Medienbericht: Baerbock und Habeck fordern Israel zur Unterzeichnung einer &quot;V\u00f6lkermord-Klausel&quot; auf"},"content":{"rendered":"<p><img decoding=\"async\" src=\"https:\/\/now-news.de\/de\/wp-content\/uploads\/sites\/3\/2024\/10\/670e01b148fbef21af684607.jpg\" \/><\/p>\n<div class=\"Text-root Text-type_1 \">\n                Einem Bild-Artikel zufolge haben sich das Ausw\u00e4rtige Amt und das Wirtschaftsministerium geweigert, Waffen an Israel zu liefern, sollte die Regierung Netanjahu nicht schriftlich garantieren, &#8220;die R\u00fcstungsexporte aus Deutschland nicht f\u00fcr einen V\u00f6lkermord einzusetzen&#8221;.\n            <\/div>\n<p><\/p>\n<div class=\"Text-root Text-type_5 ArticleView-text ViewText-root \">\n<p>Das politische Berlin, das seit M\u00e4rz dieses Jahres keine Waffenexporte an Israel mehr genehmigt hat, blockierte die Lieferungen laut einem <em>Bild<\/em>&#8211;<a rel=\"nofollow noopener\" target=\"_blank\" href=\"https:\/\/www.bild.de\/politik\/inland\/bild-exklusiv-gruene-stoppten-heimlich-waffen-hilfe-fuer-israel-670b96af2de6a20c12808c97\">Artikel <\/a>vom Wochenende aufgrund klar formulierter Forderungen und Bedingungen seitens Au\u00dfenministerin Annalena Baerbock und Wirtschaftsminister Robert Habeck (beide B\u00fcndnis 90\/Die Gr\u00fcnen). Das Kanzleramt in Berlin behauptet weiter, den Verkauf nicht gestoppt zu haben, erwartet demnach jedoch seitens der Netanyahu-Regierung die eingeforderte Zusage, dass die Waffen nicht gegen zivile Ziele eingesetzt werden, ein &#8220;V\u00f6lkermord&#8221; damit nicht unterst\u00fctzt wird.<\/p>\n<p>Am Donnerstag vergangener Woche f\u00fchrte das Thema zu kontroversen, teils erhitzten Debatten im Deutschen Bundestag. Bundeskanzler Scholz erkl\u00e4rte im Plenarsaal vor den Abgeordneten zu der CDU-Attacke seitens Friedrich Merz: &#8220;Wir haben Waffen geliefert und wir werden Waffen liefern&#8221;. <em>Bild<\/em>-Recherchen h\u00e4tten demgegen\u00fcber ergeben, dass die Bundesregierung &#8220;de facto einen Lieferstopp&#8221; und eine &#8220;Blockade&#8221; beschlossen hat, dies auf Einforderung der Ampelminister Baerbock und Habeck. Dazu hei\u00dft es:<\/p>\n<p><em>&#8220;Im Bundessicherheitsrat, in dem der Kanzler und wichtige Minister aller Ampel-Parteien in geheimen Sitzungen zum Beispiel \u00fcber die Genehmigung oder Ablehnung von R\u00fcstungsexporten beraten, sperrten sich die Gr\u00fcnen-Minister vor neuen Lieferungen (&#8230;)\u00a0Ihre Haltung f\u00fchrte dazu, dass Israel monatelang keine deutschen Kriegswaffen erhielt.&#8221;<\/em><\/p>\n<p>Zu dem Hintergrund der verweigerten R\u00fcstungslieferungen wie &#8220;dringend ben\u00f6tigte Waffen oder Ersatzteile f\u00fcr zum Beispiel Panzer und Hubschrauber&#8221;, w\u00fcrde laut\u00a0<em>Bild<\/em>-Artikel eine klar formulierte und eingeforderte Bedingung f\u00fcr den Export vorliegen. So hei\u00dft es w\u00f6rtlich:<\/p>\n<p><em>&#8220;Denn die Gr\u00fcnen blockierten nach Bild-Informationen jegliche Genehmigungen, solange Israel nicht folgende Bedingung erf\u00fcllt: Die israelische Regierung m\u00fcsse der deutschen Regierung schriftlich versichern, die R\u00fcstungsexporte aus Deutschland nicht f\u00fcr einen V\u00f6lkermord einzusetzen.&#8221;<\/em><\/p>\n<p>Die Blockadehaltung wurde der\u00a0<em>Bild<\/em>-Redaktion laut Artikel &#8220;aus Regierungs- und Verteidigungskreisen aller Ampel-Parteien best\u00e4tigt&#8221;. Laut dem Online-Magazin\u00a0<em>Politico<\/em>\u00a0h\u00e4tte eine &#8220;mit der Angelegenheit vertraute Person&#8221; zu der Causa\u00a0<a rel=\"nofollow noopener\" target=\"_blank\" href=\"https:\/\/www.politico.eu\/article\/germany-demands-israel-give-assurances-it-wont-use-weapons-against-civilians\/\">erkl\u00e4rt<\/a>:<\/p>\n<p><em>&#8220;Bei Waffenlieferungen an Israel geht es um die Einhaltung der Regeln des humanit\u00e4ren V\u00f6lkerrechts. Der Grund f\u00fcr die Forderung nach einer solchen Zusage ist, dass ein deutsches Verwaltungsgericht sie andernfalls stoppen k\u00f6nnte.&#8221;<\/em><\/p>\n<p>Im September hatte das Wirtschaftsministerium von Robert Habeck auf eine diesbez\u00fcgliche\u00a0<em>Bild<\/em>-Anfrage mit der Erkl\u00e4rung geantwortet:<\/p>\n<p><em>&#8220;Es gibt keinen R\u00fcstungsexportboykott nach Israel, jeder Antrag wird gepr\u00fcft und im Einzelfall bewertet.&#8221;<\/em><\/p>\n<p>Mehrere ungenannte &#8220;mit dem\u00a0Vorgang vertraute Personen&#8221; bezeichneten die seitens Habeck und Baerbock &#8220;diktierte Bedingung&#8221; laut\u00a0<em>Bild<\/em>-Artikel demnach &#8220;als absurd&#8221;. Die ungenannten Informanten monieren zur Verweigerungshaltung Berlins: &#8220;Sie habe vor allem ein Ziel verfolgt: Israel keine Waffen zu liefern&#8221;. Die nun seitens der Springer-Redaktion formulierte Bef\u00fcrchtung lautet:<\/p>\n<p>&#8220;<em>Im Fall Israels stellt sich au\u00dferdem die Frage, wie Jerusalem der Bundesregierung garantieren k\u00f6nne, dass kein wom\u00f6glich anti-israelisch eingestelltes internationales Gericht Israel f\u00fcr einen angeblichen V\u00f6lkermord verurteilen k\u00f6nne.&#8221;<\/em><\/p>\n<p>Nach dem deutschen Kriegswaffenkontrollgesetz muss die Bundesregierung bei R\u00fcstungsexporten in Kriegsgebiete sicherstellen, dass die gelieferten Waffen nicht\u00a0gegen zivile Ziele eingesetzt werden.\u00a0<\/p>\n<p>Die\u00a0<em>Bild<\/em>-Recherche sorgte im politischen Berlin f\u00fcr umgehende Kritik aus der Opposition und seitens des Ampelpartners FDP aus. CDU-Kanzlerkandidat gab der\u00a0<em>Bild<\/em>\u00a0am Montag\u00a0<a rel=\"nofollow noopener\" target=\"_blank\" href=\"https:\/\/www.bild.de\/politik\/inland\/merz-ueber-waffen-stopp-an-israel-scholz-muss-aufklaeren-was-baerbock-und-habeck-trieben-670d15487056bb502fd9cc36\">zu Protokoll<\/a>:<\/p>\n<p><em>&#8220;Die neuen Erkenntnisse \u00fcber die offensichtlich verhinderte oder zumindest verz\u00f6gerte Genehmigung von Verteidigungsg\u00fctern an Israel \u00fcberraschen mich nicht. Es muss jetzt l\u00fcckenlos aufgekl\u00e4rt werden, welche Rolle Bundeswirtschaftsminister Habeck und Au\u00dfenministerin Baerbock dabei gespielt haben.\u00a0Scholz als Vorsitzender des Bundessicherheitsrates tr\u00e4gt hier auch Verantwortung.&#8221;<\/em><\/p>\n<p>Zudem k\u00e4men &#8220;vom Koalitionspartner FDP heftige Vorw\u00fcrfe gegen die Gr\u00fcnen. Au\u00dfenministerin Baerbock hat sich \u00f6ffentlich f\u00fcr das Recht Israels auf Selbstverteidigung eingesetzt, betonte aber in einer Rede vergangene Woche, dass &#8220;humanit\u00e4res V\u00f6lkerrecht und das Existenzrecht Israels untrennbar miteinander verbunden sind&#8221;.\u00a0\u00a0<\/p>\n<p>FDP-Generalsekret\u00e4r Bijan Djir-Sarai forderte zu Wochenbeginn von Habeck und Baerbock &#8220;eine klare Positionierung\u00a0f\u00fcr Israel im Kampf gegen die Terroristen&#8221;, so das\u00a0<em>Bild<\/em>-Zitat. Bei Waffenlieferungen solle Israel &#8220;wie ein NATO-Partner&#8221; von Deutschland behandelt werden.<\/p>\n<p>FDP-Vize Wolfgang Kubicki erkl\u00e4rte gegen\u00fcber dem\u00a0<em>Focus<\/em>-Magazin:<\/p>\n<p><em>&#8220;Ich erwarte von Baerbock und Habeck Erkl\u00e4rungen, ob diese Berichterstattung zutrifft. Und ich erwarte R\u00fccktritte, falls die Berichterstattung zutrifft. Unterbleiben diese, kann ich eine Unterst\u00fctzung dieser Koalition nicht mehr mit meinem Gewissen vereinbaren.&#8221;<\/em><\/p>\n<p>Im Jahr 2023 beliefen sich laut\u00a0<em>Politico<\/em>-Recherchen die gesamten deutschen R\u00fcstungsexportgenehmigungen &#8220;auf 326,5 Millionen Euro, zehnmal mehr als im Jahr zuvor&#8221;.\u00a0<\/p>\n<p>Das Gesundheitsministerium von Gaza gab am Montag bekannt, dass die Zahl der Todesopfer seit Beginn der israelischen Angriffe im Oktober\u00a0des Vorjahres rund 42.000 erreicht hat.<\/p>\n<p><strong>Mehr zum Thema &#8211;<\/strong>\u00a0<a rel=\"nofollow noopener\" target=\"_blank\" href=\"https:\/\/freedert.online\/der-nahe-osten\/222411-pentagon-us-truppen-werden-nach\/\">Pentagon: USA entsenden Truppen nach Israel<\/a><\/p>\n<div class=\"EmbedBlock-root EmbedBlock-externalVideo EmbedBlock-rumble\">\n<div class=\"VkEmbed\"><iframe class=\"lazyload\" data-src=\"https:\/\/rumble.com\/embed\/v5gehtx\" frameborder=\"0\" width=\"853\" height=\"480\" allowfullscreen><\/iframe><\/div>\n<\/div>\n<\/div>\n<p><br \/>\n<br \/><a href=\"https:\/\/de.rt.com\/inland\/222475-medienbericht-baerbock-und-habeck-fordern\/\">Source link <\/a><\/p>\n","protected":false},"excerpt":{"rendered":"<p>Einem Bild-Artikel zufolge haben sich das Ausw\u00e4rtige Amt und das Wirtschaftsministerium geweigert, Waffen an Israel zu liefern, sollte die Regierung Netanjahu nicht schriftlich garantieren, &#8220;die R\u00fcstungsexporte aus Deutschland nicht f\u00fcr einen V\u00f6lkermord einzusetzen&#8221;. Das politische Berlin, das seit M\u00e4rz dieses Jahres keine Waffenexporte an Israel mehr genehmigt hat, blockierte die Lieferungen laut einem Bild&#8211;Artikel vom [&hellip;]<\/p>\n","protected":false},"author":3,"featured_media":70812,"comment_status":"open","ping_status":"open","sticky":false,"template":"","format":"standard","meta":{"_yoast_indexnow_last_ping":["1728977529"],"wp_automatic_camp":["217"],"f5cbf8fd5fde8bf13d803e9bf3599b1d":["Medienbericht: Baerbock und Habeck fordern Israel zur Unterzeichnung einer &quot;V\u00f6lkermord-Klausel&quot; auf"],"original_link":["https:\/\/de.rt.com\/inland\/222475-medienbericht-baerbock-und-habeck-fordern\/"],"_thumbnail_id":["70812"],"_wptgpro_p2tg_sent2tg":["a:1:{i:23737;s:19:\"2024-10-15 09:33:14\";}"],"jnews_social_counter_last_update":["1777631637"]},"categories":[19,23],"tags":[133,587,212,3657,911,432,869,59448,140,28884,581],"yoast_head":"<!-- This site is optimized with the Yoast SEO Premium plugin v22.7 (Yoast SEO v22.7) - https:\/\/yoast.com\/wordpress\/plugins\/seo\/ -->\n<title>Medienbericht: Baerbock und Habeck fordern Israel zur Unterzeichnung einer &quot;V\u00f6lkermord-Klausel&quot; auf - just-now.NEWS Deutschland<\/title>\n<meta name=\"robots\" content=\"index, follow, max-snippet:-1, max-image-preview:large, max-video-preview:-1\" \/>\n<link rel=\"canonical\" href=\"https:\/\/now-news.de\/de\/deutschland\/medienbericht-baerbock-und-habeck-fordern-israel-zur-unterzeichnung-einer-voelkermord-klausel-auf\/\" \/>\n<meta property=\"og:locale\" content=\"de_DE\" \/>\n<meta property=\"og:type\" content=\"article\" \/>\n<meta property=\"og:title\" content=\"Medienbericht: Baerbock und Habeck fordern Israel zur Unterzeichnung einer &quot;V\u00f6lkermord-Klausel&quot; auf\" \/>\n<meta property=\"og:description\" content=\"Einem Bild-Artikel zufolge haben sich das Ausw\u00e4rtige Amt und das Wirtschaftsministerium geweigert, Waffen an Israel zu liefern, sollte die Regierung Netanjahu nicht schriftlich garantieren, &#8220;die R\u00fcstungsexporte aus Deutschland nicht f\u00fcr einen V\u00f6lkermord einzusetzen&#8221;. Das politische Berlin, das seit M\u00e4rz dieses Jahres keine Waffenexporte an Israel mehr genehmigt hat, blockierte die Lieferungen laut einem Bild&#8211;Artikel vom [&hellip;]\" \/>\n<meta property=\"og:url\" content=\"https:\/\/now-news.de\/de\/deutschland\/medienbericht-baerbock-und-habeck-fordern-israel-zur-unterzeichnung-einer-voelkermord-klausel-auf\/\" \/>\n<meta property=\"og:site_name\" content=\"just-now.NEWS Deutschland\" \/>\n<meta property=\"article:publisher\" content=\"https:\/\/www.facebook.com\/wirmachenauf\" \/>\n<meta property=\"article:published_time\" content=\"2024-10-15T07:20:43+00:00\" \/>\n<meta property=\"og:image\" content=\"https:\/\/now-news.de\/de\/wp-content\/uploads\/sites\/3\/2024\/10\/670e01b148fbef21af684607.jpg\" \/>\n<meta name=\"author\" content=\"rtnews\" \/>\n<meta name=\"twitter:card\" content=\"summary_large_image\" \/>\n<meta name=\"twitter:creator\" content=\"@WirMachenAuf_de\" \/>\n<meta name=\"twitter:site\" content=\"@WirMachenAuf_de\" \/>\n<meta name=\"twitter:label1\" content=\"Verfasst von\" \/>\n\t<meta name=\"twitter:data1\" content=\"rtnews\" \/>\n\t<meta name=\"twitter:label2\" content=\"Gesch\u00e4tzte Lesezeit\" \/>\n\t<meta name=\"twitter:data2\" content=\"4\u00a0Minuten\" \/>\n<script type=\"application\/ld+json\" class=\"yoast-schema-graph\">{\"@context\":\"https:\/\/schema.org\",\"@graph\":[{\"@type\":\"Article\",\"@id\":\"https:\/\/now-news.de\/de\/deutschland\/medienbericht-baerbock-und-habeck-fordern-israel-zur-unterzeichnung-einer-voelkermord-klausel-auf\/#article\",\"isPartOf\":{\"@id\":\"https:\/\/now-news.de\/de\/deutschland\/medienbericht-baerbock-und-habeck-fordern-israel-zur-unterzeichnung-einer-voelkermord-klausel-auf\/\"},\"author\":{\"name\":\"rtnews\",\"@id\":\"https:\/\/now-news.de\/de\/#\/schema\/person\/fb534a4e865501d8b3285208df34a9b5\"},\"headline\":\"Medienbericht: Baerbock und Habeck fordern Israel zur Unterzeichnung einer &quot;V\u00f6lkermord-Klausel&quot; auf\",\"datePublished\":\"2024-10-15T07:20:43+00:00\",\"dateModified\":\"2024-10-15T07:20:43+00:00\",\"mainEntityOfPage\":{\"@id\":\"https:\/\/now-news.de\/de\/deutschland\/medienbericht-baerbock-und-habeck-fordern-israel-zur-unterzeichnung-einer-voelkermord-klausel-auf\/\"},\"wordCount\":798,\"commentCount\":0,\"publisher\":{\"@id\":\"https:\/\/now-news.de\/de\/#organization\"},\"image\":{\"@id\":\"https:\/\/now-news.de\/de\/deutschland\/medienbericht-baerbock-und-habeck-fordern-israel-zur-unterzeichnung-einer-voelkermord-klausel-auf\/#primaryimage\"},\"thumbnailUrl\":\"https:\/\/now-news.de\/de\/wp-content\/uploads\/sites\/3\/2024\/10\/Medienbericht-Baerbock-und-Habeck-fordern-Israel-zur-Unterzeichnung-einer-quotVoelkermord-Klauselquot.jpg\",\"keywords\":[\"AUF\",\"Baerbock\",\"einer\",\"f\u00f6rdern\",\"Habeck\",\"Israel\",\"Medienbericht\",\"quotV\u00f6lkermordKlauselquot\",\"und\",\"Unterzeichnung\",\"zur\"],\"articleSection\":[\"Deutschland\",\"Russland\"],\"inLanguage\":\"de\",\"potentialAction\":[{\"@type\":\"CommentAction\",\"name\":\"Comment\",\"target\":[\"https:\/\/now-news.de\/de\/deutschland\/medienbericht-baerbock-und-habeck-fordern-israel-zur-unterzeichnung-einer-voelkermord-klausel-auf\/#respond\"]}]},{\"@type\":\"WebPage\",\"@id\":\"https:\/\/now-news.de\/de\/deutschland\/medienbericht-baerbock-und-habeck-fordern-israel-zur-unterzeichnung-einer-voelkermord-klausel-auf\/\",\"url\":\"https:\/\/now-news.de\/de\/deutschland\/medienbericht-baerbock-und-habeck-fordern-israel-zur-unterzeichnung-einer-voelkermord-klausel-auf\/\",\"name\":\"Medienbericht: Baerbock und Habeck fordern Israel zur Unterzeichnung einer &quot;V\u00f6lkermord-Klausel&quot; auf - just-now.NEWS Deutschland\",\"isPartOf\":{\"@id\":\"https:\/\/now-news.de\/de\/#website\"},\"primaryImageOfPage\":{\"@id\":\"https:\/\/now-news.de\/de\/deutschland\/medienbericht-baerbock-und-habeck-fordern-israel-zur-unterzeichnung-einer-voelkermord-klausel-auf\/#primaryimage\"},\"image\":{\"@id\":\"https:\/\/now-news.de\/de\/deutschland\/medienbericht-baerbock-und-habeck-fordern-israel-zur-unterzeichnung-einer-voelkermord-klausel-auf\/#primaryimage\"},\"thumbnailUrl\":\"https:\/\/now-news.de\/de\/wp-content\/uploads\/sites\/3\/2024\/10\/Medienbericht-Baerbock-und-Habeck-fordern-Israel-zur-Unterzeichnung-einer-quotVoelkermord-Klauselquot.jpg\",\"datePublished\":\"2024-10-15T07:20:43+00:00\",\"dateModified\":\"2024-10-15T07:20:43+00:00\",\"breadcrumb\":{\"@id\":\"https:\/\/now-news.de\/de\/deutschland\/medienbericht-baerbock-und-habeck-fordern-israel-zur-unterzeichnung-einer-voelkermord-klausel-auf\/#breadcrumb\"},\"inLanguage\":\"de\",\"potentialAction\":[{\"@type\":\"ReadAction\",\"target\":[\"https:\/\/now-news.de\/de\/deutschland\/medienbericht-baerbock-und-habeck-fordern-israel-zur-unterzeichnung-einer-voelkermord-klausel-auf\/\"]}]},{\"@type\":\"ImageObject\",\"inLanguage\":\"de\",\"@id\":\"https:\/\/now-news.de\/de\/deutschland\/medienbericht-baerbock-und-habeck-fordern-israel-zur-unterzeichnung-einer-voelkermord-klausel-auf\/#primaryimage\",\"url\":\"https:\/\/now-news.de\/de\/wp-content\/uploads\/sites\/3\/2024\/10\/Medienbericht-Baerbock-und-Habeck-fordern-Israel-zur-Unterzeichnung-einer-quotVoelkermord-Klauselquot.jpg\",\"contentUrl\":\"https:\/\/now-news.de\/de\/wp-content\/uploads\/sites\/3\/2024\/10\/Medienbericht-Baerbock-und-Habeck-fordern-Israel-zur-Unterzeichnung-einer-quotVoelkermord-Klauselquot.jpg\",\"width\":460,\"height\":259,\"caption\":\"Medienbericht: Baerbock und Habeck fordern Israel zur Unterzeichnung einer &quot;V\u00f6lkermord-Klausel&quot; auf\"},{\"@type\":\"BreadcrumbList\",\"@id\":\"https:\/\/now-news.de\/de\/deutschland\/medienbericht-baerbock-und-habeck-fordern-israel-zur-unterzeichnung-einer-voelkermord-klausel-auf\/#breadcrumb\",\"itemListElement\":[{\"@type\":\"ListItem\",\"position\":1,\"name\":\"Home\",\"item\":\"https:\/\/now-news.de\/de\/\"},{\"@type\":\"ListItem\",\"position\":2,\"name\":\"Medienbericht: Baerbock und Habeck fordern Israel zur Unterzeichnung einer &quot;V\u00f6lkermord-Klausel&quot; auf\"}]},{\"@type\":\"WebSite\",\"@id\":\"https:\/\/now-news.de\/de\/#website\",\"url\":\"https:\/\/now-news.de\/de\/\",\"name\":\"just-now.NEWS Deutschland\",\"description\":\"Das Portal f\u00fcr unzensierte Nachrichten aus der Welt\",\"publisher\":{\"@id\":\"https:\/\/now-news.de\/de\/#organization\"},\"potentialAction\":[{\"@type\":\"SearchAction\",\"target\":{\"@type\":\"EntryPoint\",\"urlTemplate\":\"https:\/\/now-news.de\/de\/?s={search_term_string}\"},\"query-input\":\"required name=search_term_string\"}],\"inLanguage\":\"de\"},{\"@type\":\"Organization\",\"@id\":\"https:\/\/now-news.de\/de\/#organization\",\"name\":\"Just Now News\",\"url\":\"https:\/\/now-news.de\/de\/\",\"logo\":{\"@type\":\"ImageObject\",\"inLanguage\":\"de\",\"@id\":\"https:\/\/now-news.de\/de\/#\/schema\/logo\/image\/\",\"url\":\"http:\/\/just-now.news\/de\/wp-content\/uploads\/sites\/3\/2022\/04\/logo500x500.jpg\",\"contentUrl\":\"http:\/\/just-now.news\/de\/wp-content\/uploads\/sites\/3\/2022\/04\/logo500x500.jpg\",\"width\":500,\"height\":500,\"caption\":\"Just Now News\"},\"image\":{\"@id\":\"https:\/\/now-news.de\/de\/#\/schema\/logo\/image\/\"},\"sameAs\":[\"https:\/\/www.facebook.com\/wirmachenauf\",\"https:\/\/x.com\/WirMachenAuf_de\"]},{\"@type\":\"Person\",\"@id\":\"https:\/\/now-news.de\/de\/#\/schema\/person\/fb534a4e865501d8b3285208df34a9b5\",\"name\":\"rtnews\",\"image\":{\"@type\":\"ImageObject\",\"inLanguage\":\"de\",\"@id\":\"https:\/\/now-news.de\/de\/#\/schema\/person\/image\/\",\"url\":\"https:\/\/secure.gravatar.com\/avatar\/82aafea7d8127119dd649515f56e2117?s=96&d=mm&r=g\",\"contentUrl\":\"https:\/\/secure.gravatar.com\/avatar\/82aafea7d8127119dd649515f56e2117?s=96&d=mm&r=g\",\"caption\":\"rtnews\"},\"url\":\"https:\/\/now-news.de\/de\/author\/rnews\/\"}]}<\/script>\n<!-- \/ Yoast SEO Premium plugin. -->","yoast_head_json":{"title":"Medienbericht: Baerbock und Habeck fordern Israel zur Unterzeichnung einer &quot;V\u00f6lkermord-Klausel&quot; auf - just-now.NEWS Deutschland","robots":{"index":"index","follow":"follow","max-snippet":"max-snippet:-1","max-image-preview":"max-image-preview:large","max-video-preview":"max-video-preview:-1"},"canonical":"https:\/\/now-news.de\/de\/deutschland\/medienbericht-baerbock-und-habeck-fordern-israel-zur-unterzeichnung-einer-voelkermord-klausel-auf\/","og_locale":"de_DE","og_type":"article","og_title":"Medienbericht: Baerbock und Habeck fordern Israel zur Unterzeichnung einer &quot;V\u00f6lkermord-Klausel&quot; auf","og_description":"Einem Bild-Artikel zufolge haben sich das Ausw\u00e4rtige Amt und das Wirtschaftsministerium geweigert, Waffen an Israel zu liefern, sollte die Regierung Netanjahu nicht schriftlich garantieren, &#8220;die R\u00fcstungsexporte aus Deutschland nicht f\u00fcr einen V\u00f6lkermord einzusetzen&#8221;. Das politische Berlin, das seit M\u00e4rz dieses Jahres keine Waffenexporte an Israel mehr genehmigt hat, blockierte die Lieferungen laut einem Bild&#8211;Artikel vom [&hellip;]","og_url":"https:\/\/now-news.de\/de\/deutschland\/medienbericht-baerbock-und-habeck-fordern-israel-zur-unterzeichnung-einer-voelkermord-klausel-auf\/","og_site_name":"just-now.NEWS Deutschland","article_publisher":"https:\/\/www.facebook.com\/wirmachenauf","article_published_time":"2024-10-15T07:20:43+00:00","og_image":[{"url":"https:\/\/now-news.de\/de\/wp-content\/uploads\/sites\/3\/2024\/10\/670e01b148fbef21af684607.jpg"}],"author":"rtnews","twitter_card":"summary_large_image","twitter_creator":"@WirMachenAuf_de","twitter_site":"@WirMachenAuf_de","twitter_misc":{"Verfasst von":"rtnews","Gesch\u00e4tzte Lesezeit":"4\u00a0Minuten"},"schema":{"@context":"https:\/\/schema.org","@graph":[{"@type":"Article","@id":"https:\/\/now-news.de\/de\/deutschland\/medienbericht-baerbock-und-habeck-fordern-israel-zur-unterzeichnung-einer-voelkermord-klausel-auf\/#article","isPartOf":{"@id":"https:\/\/now-news.de\/de\/deutschland\/medienbericht-baerbock-und-habeck-fordern-israel-zur-unterzeichnung-einer-voelkermord-klausel-auf\/"},"author":{"name":"rtnews","@id":"https:\/\/now-news.de\/de\/#\/schema\/person\/fb534a4e865501d8b3285208df34a9b5"},"headline":"Medienbericht: Baerbock und Habeck fordern Israel zur Unterzeichnung einer &quot;V\u00f6lkermord-Klausel&quot; auf","datePublished":"2024-10-15T07:20:43+00:00","dateModified":"2024-10-15T07:20:43+00:00","mainEntityOfPage":{"@id":"https:\/\/now-news.de\/de\/deutschland\/medienbericht-baerbock-und-habeck-fordern-israel-zur-unterzeichnung-einer-voelkermord-klausel-auf\/"},"wordCount":798,"commentCount":0,"publisher":{"@id":"https:\/\/now-news.de\/de\/#organization"},"image":{"@id":"https:\/\/now-news.de\/de\/deutschland\/medienbericht-baerbock-und-habeck-fordern-israel-zur-unterzeichnung-einer-voelkermord-klausel-auf\/#primaryimage"},"thumbnailUrl":"https:\/\/now-news.de\/de\/wp-content\/uploads\/sites\/3\/2024\/10\/Medienbericht-Baerbock-und-Habeck-fordern-Israel-zur-Unterzeichnung-einer-quotVoelkermord-Klauselquot.jpg","keywords":["AUF","Baerbock","einer","f\u00f6rdern","Habeck","Israel","Medienbericht","quotV\u00f6lkermordKlauselquot","und","Unterzeichnung","zur"],"articleSection":["Deutschland","Russland"],"inLanguage":"de","potentialAction":[{"@type":"CommentAction","name":"Comment","target":["https:\/\/now-news.de\/de\/deutschland\/medienbericht-baerbock-und-habeck-fordern-israel-zur-unterzeichnung-einer-voelkermord-klausel-auf\/#respond"]}]},{"@type":"WebPage","@id":"https:\/\/now-news.de\/de\/deutschland\/medienbericht-baerbock-und-habeck-fordern-israel-zur-unterzeichnung-einer-voelkermord-klausel-auf\/","url":"https:\/\/now-news.de\/de\/deutschland\/medienbericht-baerbock-und-habeck-fordern-israel-zur-unterzeichnung-einer-voelkermord-klausel-auf\/","name":"Medienbericht: Baerbock und Habeck fordern Israel zur Unterzeichnung einer &quot;V\u00f6lkermord-Klausel&quot; auf - just-now.NEWS Deutschland","isPartOf":{"@id":"https:\/\/now-news.de\/de\/#website"},"primaryImageOfPage":{"@id":"https:\/\/now-news.de\/de\/deutschland\/medienbericht-baerbock-und-habeck-fordern-israel-zur-unterzeichnung-einer-voelkermord-klausel-auf\/#primaryimage"},"image":{"@id":"https:\/\/now-news.de\/de\/deutschland\/medienbericht-baerbock-und-habeck-fordern-israel-zur-unterzeichnung-einer-voelkermord-klausel-auf\/#primaryimage"},"thumbnailUrl":"https:\/\/now-news.de\/de\/wp-content\/uploads\/sites\/3\/2024\/10\/Medienbericht-Baerbock-und-Habeck-fordern-Israel-zur-Unterzeichnung-einer-quotVoelkermord-Klauselquot.jpg","datePublished":"2024-10-15T07:20:43+00:00","dateModified":"2024-10-15T07:20:43+00:00","breadcrumb":{"@id":"https:\/\/now-news.de\/de\/deutschland\/medienbericht-baerbock-und-habeck-fordern-israel-zur-unterzeichnung-einer-voelkermord-klausel-auf\/#breadcrumb"},"inLanguage":"de","potentialAction":[{"@type":"ReadAction","target":["https:\/\/now-news.de\/de\/deutschland\/medienbericht-baerbock-und-habeck-fordern-israel-zur-unterzeichnung-einer-voelkermord-klausel-auf\/"]}]},{"@type":"ImageObject","inLanguage":"de","@id":"https:\/\/now-news.de\/de\/deutschland\/medienbericht-baerbock-und-habeck-fordern-israel-zur-unterzeichnung-einer-voelkermord-klausel-auf\/#primaryimage","url":"https:\/\/now-news.de\/de\/wp-content\/uploads\/sites\/3\/2024\/10\/Medienbericht-Baerbock-und-Habeck-fordern-Israel-zur-Unterzeichnung-einer-quotVoelkermord-Klauselquot.jpg","contentUrl":"https:\/\/now-news.de\/de\/wp-content\/uploads\/sites\/3\/2024\/10\/Medienbericht-Baerbock-und-Habeck-fordern-Israel-zur-Unterzeichnung-einer-quotVoelkermord-Klauselquot.jpg","width":460,"height":259,"caption":"Medienbericht: Baerbock und Habeck fordern Israel zur Unterzeichnung einer &quot;V\u00f6lkermord-Klausel&quot; auf"},{"@type":"BreadcrumbList","@id":"https:\/\/now-news.de\/de\/deutschland\/medienbericht-baerbock-und-habeck-fordern-israel-zur-unterzeichnung-einer-voelkermord-klausel-auf\/#breadcrumb","itemListElement":[{"@type":"ListItem","position":1,"name":"Home","item":"https:\/\/now-news.de\/de\/"},{"@type":"ListItem","position":2,"name":"Medienbericht: Baerbock und Habeck fordern Israel zur Unterzeichnung einer &quot;V\u00f6lkermord-Klausel&quot; auf"}]},{"@type":"WebSite","@id":"https:\/\/now-news.de\/de\/#website","url":"https:\/\/now-news.de\/de\/","name":"just-now.NEWS Deutschland","description":"Das Portal f\u00fcr unzensierte Nachrichten aus der Welt","publisher":{"@id":"https:\/\/now-news.de\/de\/#organization"},"potentialAction":[{"@type":"SearchAction","target":{"@type":"EntryPoint","urlTemplate":"https:\/\/now-news.de\/de\/?s={search_term_string}"},"query-input":"required name=search_term_string"}],"inLanguage":"de"},{"@type":"Organization","@id":"https:\/\/now-news.de\/de\/#organization","name":"Just Now News","url":"https:\/\/now-news.de\/de\/","logo":{"@type":"ImageObject","inLanguage":"de","@id":"https:\/\/now-news.de\/de\/#\/schema\/logo\/image\/","url":"http:\/\/just-now.news\/de\/wp-content\/uploads\/sites\/3\/2022\/04\/logo500x500.jpg","contentUrl":"http:\/\/just-now.news\/de\/wp-content\/uploads\/sites\/3\/2022\/04\/logo500x500.jpg","width":500,"height":500,"caption":"Just Now News"},"image":{"@id":"https:\/\/now-news.de\/de\/#\/schema\/logo\/image\/"},"sameAs":["https:\/\/www.facebook.com\/wirmachenauf","https:\/\/x.com\/WirMachenAuf_de"]},{"@type":"Person","@id":"https:\/\/now-news.de\/de\/#\/schema\/person\/fb534a4e865501d8b3285208df34a9b5","name":"rtnews","image":{"@type":"ImageObject","inLanguage":"de","@id":"https:\/\/now-news.de\/de\/#\/schema\/person\/image\/","url":"https:\/\/secure.gravatar.com\/avatar\/82aafea7d8127119dd649515f56e2117?s=96&d=mm&r=g","contentUrl":"https:\/\/secure.gravatar.com\/avatar\/82aafea7d8127119dd649515f56e2117?s=96&d=mm&r=g","caption":"rtnews"},"url":"https:\/\/now-news.de\/de\/author\/rnews\/"}]}},"_links":{"self":[{"href":"https:\/\/now-news.de\/de\/wp-json\/wp\/v2\/posts\/70811"}],"collection":[{"href":"https:\/\/now-news.de\/de\/wp-json\/wp\/v2\/posts"}],"about":[{"href":"https:\/\/now-news.de\/de\/wp-json\/wp\/v2\/types\/post"}],"author":[{"embeddable":true,"href":"https:\/\/now-news.de\/de\/wp-json\/wp\/v2\/users\/3"}],"replies":[{"embeddable":true,"href":"https:\/\/now-news.de\/de\/wp-json\/wp\/v2\/comments?post=70811"}],"version-history":[{"count":0,"href":"https:\/\/now-news.de\/de\/wp-json\/wp\/v2\/posts\/70811\/revisions"}],"wp:featuredmedia":[{"embeddable":true,"href":"https:\/\/now-news.de\/de\/wp-json\/wp\/v2\/media\/70812"}],"wp:attachment":[{"href":"https:\/\/now-news.de\/de\/wp-json\/wp\/v2\/media?parent=70811"}],"wp:term":[{"taxonomy":"category","embeddable":true,"href":"https:\/\/now-news.de\/de\/wp-json\/wp\/v2\/categories?post=70811"},{"taxonomy":"post_tag","embeddable":true,"href":"https:\/\/now-news.de\/de\/wp-json\/wp\/v2\/tags?post=70811"}],"curies":[{"name":"wp","href":"https:\/\/api.w.org\/{rel}","templated":true}]}}