{"id":70735,"date":"2024-10-13T20:52:27","date_gmt":"2024-10-13T18:52:27","guid":{"rendered":"https:\/\/now-news.de\/de\/deutschland\/wir-tragen-die-hetze-nicht-mit-deutsch-russisches-fest-in-hannover-als-signal-an-bundesregierung\/"},"modified":"2024-10-13T20:52:27","modified_gmt":"2024-10-13T18:52:27","slug":"wir-tragen-die-hetze-nicht-mit-deutsch-russisches-fest-in-hannover-als-signal-an-bundesregierung","status":"publish","type":"post","link":"https:\/\/now-news.de\/de\/deutschland\/wir-tragen-die-hetze-nicht-mit-deutsch-russisches-fest-in-hannover-als-signal-an-bundesregierung\/","title":{"rendered":"&quot;Wir tragen die Hetze nicht mit!&quot;: Deutsch-Russisches Fest in Hannover als Signal an Bundesregierung"},"content":{"rendered":"<div class=\"Text-root Text-type_1 \">\n                Die hannoverische Initiative &#8220;Frieden mit Russland&#8221; lud am Samstag die Einheimischen und Russischst\u00e4mmigen zum Deutsch-Russischen Herbstfest ein. Tatkr\u00e4ftige Unterst\u00fcrzung bekam sie von den Russlanddeutschen aus dem Raum Bielefeld.\n            <\/div>\n<p><\/p>\n<div class=\"Text-root Text-type_5 ArticleView-text ViewText-root \">\n<p><em>Von Wladislaw Sankin<\/em><\/p>\n<p>Die kr\u00e4ftige Stimme von Anatoli Grabeschow hallte tief in den Forst am Rande Hannovers hinein. Das\u00a0beschauliche Pl\u00e4tzchen im Gr\u00fcnen diente am Samstag\u00a0als Veranstaltungsort f\u00fcr die ungest\u00f6rten Feierlichkeiten\u00a0des\u00a0Deutsch-Russischen Herbstfests, dessen\u00a0&#8220;Programmkern&#8221; der charismatische Hobby-S\u00e4nger bildete. Denn abgesehen von leckeren Speisen wie Schaschlik, Pilaw, Salaten und Kuchen sollte vor allem ausgelassen gesungen und getanzt werden. Und es wurde\u00a0bis tief in den Abend hinein gefeiert und getanzt, trotz sp\u00e4therbstlicher Temperaturen.\u00a0<\/p>\n<p>Dies\u00a0war nicht\u00a0Grabeschows erster Auftritt in Hannover.\u00a0Neben seiner unerm\u00fcdlichen\u00a0<a rel=\"nofollow noopener\" target=\"_blank\" href=\"https:\/\/www.youtube.com\/channel\/UCvy0jpi9WsSadHxzXw77T1Q\">T\u00e4tigkeit <\/a>als\u00a0S\u00e4nger und musikalischer Entertainer auf Privatveranstaltungen\u00a0ist Grabeschow auch politisch aktiv. Im\u00a0Juni 2022 vermochte er w\u00e4hrend einer\u00a0<a rel=\"nofollow noopener\" target=\"_blank\" href=\"https:\/\/www.haz.de\/lokales\/hannover\/ukraine-krieg-am-26-juni-ist-in-hannover-eine-pro-russische-demonstration-geplant-X4KRWQVUL6PNCR5U76W57W5QXU.html\">prorussischen Kundgebung<\/a> auf dem Opernplatz, die ukrainischen St\u00f6rer f\u00fcr einen kurzen Augenblick mit einem ukrainischen Lied zur Ruhe zu bringen. Diese haben damals neben bekannten Nazi-Parolen auch &#8220;Tod den Russen&#8221; gebr\u00fcllt \u2012 mit Wohlwollen der Politik.\u00a0<\/p>\n<p>Auch einige Deutsche haben damals gegen w\u00fcste Anfeindungen protestiert. Seitdem gibt es diese Allianz zwischen der Initiative &#8220;Frieden mit Russland&#8221; und einer Reihe loser Vereine der Russlanddeutschen und sonstiger Russischst\u00e4mmiger, die es damals wagten, gegen die Russophobie auf die Stra\u00dfe zu gehen.\u00a0<\/p>\n<blockquote>\n<p><em>&#8220;Das Deutsch-Russische Fest ist f\u00fcr sich genommen ein politisches Statement, das ganz klar gegen diesen Kriegskurs der Zeitenwende-Agenda steht. Wir tragen die antirussische Hetze nicht mit. Zusammen setzen wir uns gegen ein kriegst\u00fcchtiges und f\u00fcr ein friedensf\u00e4higes Deutschland ein.&#8221;\u00a0<\/em><\/p>\n<\/blockquote>\n<p>Mit diesen Worten leitete Anke Wittkopp von der Initiative &#8220;Frieden mit Russland&#8221; die Veranstaltung ein. Sie hat f\u00fcr die DKP Niedersachsen bei den Bundestagswahlen kandidiert und <a rel=\"nofollow noopener\" target=\"_blank\" href=\"https:\/\/www.unsere-zeit.de\/die-lebensfragen-stellen-145366\/\">setzte sich<\/a> noch lange vor Beginn der russischen Milit\u00e4roperation in der Ukraine f\u00fcr den Abzug der NATO aus ganz Osteuropa ein.<\/p>\n<div class=\"EmbedBlock-root EmbedBlock-twitter\">\n<div class=\"TwitterEmbed\">\n<blockquote class=\"twitter-tweet lazyload\" data-twitter=\"twitter-tweet\">\n<p lang=\"de\" dir=\"ltr\">Anke Wittkopp von der Initiative Frieden mit Russland leitet das deutsch-russisches Herbstfest in Hannover ein: &#8220;Das deutsch-russische Fest Ist f\u00fcr sich genommen ein politisches Statement, das f\u00fcr sich genommen gegen die sog. Zeitenwende steht&#8221;. 12. Oktober 2024 <a rel=\"nofollow noopener\" target=\"_blank\" href=\"https:\/\/t.co\/AHkueqMz4e\">pic.twitter.com\/AHkueqMz4e<\/a><\/p>\n<p>\u2014 Wlad Sankin (@wladsan) <a rel=\"nofollow noopener\" target=\"_blank\" href=\"https:\/\/twitter.com\/wladsan\/status\/1845474615167987994?ref_src=twsrc%5Etfw\">October 13, 2024<\/a><\/p><\/blockquote>\n<\/div>\n<\/div>\n<p>F\u00fcr sie und mehrere andere Aktivisten aus der Partei und ihrem Umfeld war die Frage nach den Ursachen des Ukraine-Konflikts schon damals l\u00e4ngst beantwortet. Trotz des Einmarsches in die\u00a0Ukraine sehen sie nicht bei Russland den &#8220;imperialistischen Raubzug&#8221;.\u00a0<\/p>\n<p>Es\u00a0sind nicht viele Deutsche, aber sie sind entschlossen zu handeln und zu protestieren. Das Resultat war diese Musik- und Gourmetveranstaltung, die im Laufe des Tages mehr als hundert Besucher anlocken konnte, wobei einige mehrere hundert Kilometer zur\u00fccklegen mussten, um\u00a0an dem\u00a0Fest teilzunehmen.\u00a0<\/p>\n<p>Doch ohne die sogenannte russisch-norddeutsche Community, die\u00a0zwei Aktivistinnen aus dem Bielefelder Raum, Olga Ekkert und Ewgenia Eckart, um sich versammelt haben, w\u00e4re das Fest in diesem Umfang nicht realisierbar gewesen, sagt Johannes Magel. Er ist der Mitbegr\u00fcnder der Initiative &#8220;Frieden mit Russland&#8221; und ehemalige DKP-Kreisvorsitzende in Niedersachsen.<\/p>\n<figure class=\"RTImage-root\">\n<div class=\"RTImage-image RTImage-original\"><picture class=\"Picture-root Picture-original\"><!--[if IE 9]><video style=\"display: none;\"><![endif]--><source media=\"(-webkit-min-device-pixel-ratio: 2) and (min-resolution: 120dpi)\" data-srcset=\" \nhttps:\/\/now-news.de\/de\/wp-content\/uploads\/sites\/3\/2024\/10\/670c014cb480cc363812b10a.jpg 850w,\n                https:\/\/now-news.de\/de\/wp-content\/uploads\/sites\/3\/2024\/10\/670c014cb480cc363812b10a.jpg 1960w,            \" ><source data-srcset=\" \nhttps:\/\/now-news.de\/de\/wp-content\/uploads\/sites\/3\/2024\/10\/670c014cb480cc363812b10a.jpg 460w,\n              https:\/\/now-news.de\/de\/wp-content\/uploads\/sites\/3\/2024\/10\/670c014cb480cc363812b10a.jpg 980w,\n            \" ><!--[if IE 9]><\/video><![endif]--><img decoding=\"async\" data- src=\"data:image\/png;base64,iVBORw0KGgoAAAANSUhEUgAAABAAAAAJCAQAAACRI2S5AAAAEElEQVR42mNkIAAYRxWAAQAG9gAKqv6+AwAAAABJRU5ErkJggg==\" class=\"Picture-root Picture-original lazyload\" data-src=\"https:\/\/now-news.de\/de\/wp-content\/uploads\/sites\/3\/2024\/10\/670c014cb480cc363812b10a.jpg\" alt=\"\"><\/source><\/source><\/picture><!-- noscript pattern --><noscript><img decoding=\"async\" src=\"https:\/\/now-news.de\/de\/wp-content\/uploads\/sites\/3\/2024\/10\/670c014cb480cc363812b10a.jpg\" alt=\"\"><\/noscript><\/div><figcaption class=\"RTImage-footer\"><span class=\"RTImage-caption\"><span class=\"RTImage-captionItem\">Johannes Magel<\/span><\/span><span class=\"RTImage-source\"><span class=\"RTImage-captionItem\">Wladislaw Sankin<\/span><span class=\"RTImage-captionItem\"> \/ RT<\/span><\/span><\/figcaption><\/figure>\n<p>In seiner orangen Signaljacke hat Magel die Veranstaltung als v\u00e4terlicher Gastgeber und Wart betreut. Trotz anfallender Kosten war der Eintritt frei, nur um Spenden wurde gebeten. Anke Wittkopp \u00fcbergibt das Mikrofon an Olga Ekkert, die dann sagt:<\/p>\n<blockquote>\n<p><em>&#8220;Trotz aller Schwierigkeiten und Hindernisse h\u00f6rt die deutsch-russische Freundschaft nicht auf. Unsere Hoffnung auf eine gemeinsame Zukunft verlieren wir nicht. Diese Veranstaltung, die der Freundschaft zwischen Deutschland und den V\u00f6lkern der ehemaligen Sowjetunion gewidmet ist, ist ein wichtiges Ereignis.&#8221;\u00a0<\/em><\/p>\n<\/blockquote>\n<p>Nicht viele Reden finden an diesem Tag statt. Der Musikmarathon mit dem Gesangslangstreckenl\u00e4ufer Grabeschow l\u00e4uft bis 21 Uhr. Der\u00a0Kleinunternehmer,\u00a0f\u00fcr den der\u00a0Gesang Nebenberuf ist, singt so ziemlich alles, was bei den V\u00f6lkern der ehemaligen Sowjetunion beliebt ist, und etwas dar\u00fcber hinaus.\u00a0<\/p>\n<div class=\"EmbedBlock-root EmbedBlock-twitter\">\n<div class=\"TwitterEmbed\">\n<blockquote class=\"twitter-tweet lazyload\" data-twitter=\"twitter-tweet\">\n<p lang=\"de\" dir=\"ltr\">Dokumentiert. So feierten russische Landsleute und ihre deutsche Freunde den Tag des Sieges am 9. Mai 2024 in Stukenbrock (in der N\u00e4he der Gedenkst\u00e4tte Stalag 326) im Raum Bielefeld, NRW. <a rel=\"nofollow noopener\" target=\"_blank\" href=\"https:\/\/t.co\/YrfCT3xZfH\">pic.twitter.com\/YrfCT3xZfH<\/a><\/p>\n<p>\u2014 Wlad Sankin (@wladsan) <a rel=\"nofollow noopener\" target=\"_blank\" href=\"https:\/\/twitter.com\/wladsan\/status\/1845462009204060314?ref_src=twsrc%5Etfw\">October 13, 2024<\/a><\/p><\/blockquote>\n<\/div>\n<\/div>\n<p>Doch sein Steckenpferd sind Lieder mit Bezug zum Gro\u00dfen Vaterl\u00e4ndischen Krieg. Die gr\u00f6\u00dfte organisatorische Spitzenleistung der Bielefelder Deutschrussen, die Feierlichkeiten am\u00a0Tag des Sieges am 9. Mai 2024 in Stukenbrock (in der N\u00e4he der Gedenkst\u00e4tte Stalag 326), war auch sein gr\u00f6\u00dfter Erfolg als S\u00e4nger.<\/p>\n<p>Damals trafen sich 3.000 Besucher, um der 60.000 in dieser Gegend gestorbenen sowjetischen Kriegsgefangenen zu gedenken und den Sieg \u00fcber den deutschen Nazismus zu feiern. Die Veranstaltung wird auch im n\u00e4chsten Jahr stattfinden \u2012 allen politischen Widrigkeiten zum Trotz. Ein deutsch-russischer Festkalender muss schlie\u00dflich gut gef\u00fcllt sein.\u00a0<\/p>\n<p><strong>Mehr zum Thema<\/strong>\u00a0\u2012 <a rel=\"nofollow noopener\" target=\"_blank\" href=\"https:\/\/freedert.online\/inland\/205125-schluss-mit-daemonisierung-russlands-und-russlands-dank-befreier-stimmen-berlin-am-8-mai\/\">&#8220;Schluss mit der D\u00e4monisierung Russlands und Dank an die Befreier!&#8221;: Stimmen aus Berlin am 8. Mai<\/a><\/p>\n<div class=\"EmbedBlock-root EmbedBlock-externalVideo EmbedBlock-rumble\">\n<div class=\"VkEmbed\"><iframe class=\"lazyload\" data-src=\"https:\/\/rumble.com\/embed\/v5fgg49\" frameborder=\"0\" width=\"853\" height=\"480\" allowfullscreen><\/iframe><\/div>\n<\/div>\n<\/div>\n<p><script async src=\"https:\/\/platform.twitter.com\/widgets.js\" charset=\"utf-8\"><\/script><br \/>\n<br \/><br \/>\n<br \/><a href=\"https:\/\/de.rt.com\/meinung\/222336-wir-tragen-hetze-nicht-mit-deutsch-russisches-fest-hannover-signal-bundesregierung\/\">Source link <\/a><\/p>\n","protected":false},"excerpt":{"rendered":"<p>Die hannoverische Initiative &#8220;Frieden mit Russland&#8221; lud am Samstag die Einheimischen und Russischst\u00e4mmigen zum Deutsch-Russischen Herbstfest ein. Tatkr\u00e4ftige Unterst\u00fcrzung bekam sie von den Russlanddeutschen aus dem Raum Bielefeld. Von Wladislaw Sankin Die kr\u00e4ftige Stimme von Anatoli Grabeschow hallte tief in den Forst am Rande Hannovers hinein. Das\u00a0beschauliche Pl\u00e4tzchen im Gr\u00fcnen diente am Samstag\u00a0als Veranstaltungsort f\u00fcr [&hellip;]<\/p>\n","protected":false},"author":3,"featured_media":70736,"comment_status":"open","ping_status":"open","sticky":false,"template":"","format":"standard","meta":{"_yoast_indexnow_last_ping":["1728846234"],"wp_automatic_camp":["217"],"33e7f88b110ecfac82eac834ccd50a64":["&quot;Wir tragen die Hetze nicht mit!&quot;: Deutsch-Russisches Fest in Hannover als Signal an Bundesregierung"],"original_link":["https:\/\/de.rt.com\/meinung\/222336-wir-tragen-hetze-nicht-mit-deutsch-russisches-fest-hannover-signal-bundesregierung\/"],"_thumbnail_id":["70736"],"jnews_social_counter_last_update":["1777649823"],"_wptgpro_p2tg_sent2tg":["a:1:{i:23737;s:19:\"2024-10-13 21:05:03\";}"]},"categories":[19,23],"tags":[273,3807,35484,45,19054,162,56279,54748,800,5451,17901,3956],"yoast_head":"<!-- This site is optimized with the Yoast SEO Premium plugin v22.7 (Yoast SEO v22.7) - https:\/\/yoast.com\/wordpress\/plugins\/seo\/ -->\n<title>&quot;Wir tragen die Hetze nicht mit!&quot;: Deutsch-Russisches Fest in Hannover als Signal an Bundesregierung - just-now.NEWS Deutschland<\/title>\n<meta name=\"robots\" content=\"index, follow, max-snippet:-1, max-image-preview:large, max-video-preview:-1\" \/>\n<link rel=\"canonical\" href=\"https:\/\/now-news.de\/de\/deutschland\/wir-tragen-die-hetze-nicht-mit-deutsch-russisches-fest-in-hannover-als-signal-an-bundesregierung\/\" \/>\n<meta property=\"og:locale\" content=\"de_DE\" \/>\n<meta property=\"og:type\" content=\"article\" \/>\n<meta property=\"og:title\" content=\"&quot;Wir tragen die Hetze nicht mit!&quot;: Deutsch-Russisches Fest in Hannover als Signal an Bundesregierung\" \/>\n<meta property=\"og:description\" content=\"Die hannoverische Initiative &#8220;Frieden mit Russland&#8221; lud am Samstag die Einheimischen und Russischst\u00e4mmigen zum Deutsch-Russischen Herbstfest ein. Tatkr\u00e4ftige Unterst\u00fcrzung bekam sie von den Russlanddeutschen aus dem Raum Bielefeld. Von Wladislaw Sankin Die kr\u00e4ftige Stimme von Anatoli Grabeschow hallte tief in den Forst am Rande Hannovers hinein. Das\u00a0beschauliche Pl\u00e4tzchen im Gr\u00fcnen diente am Samstag\u00a0als Veranstaltungsort f\u00fcr [&hellip;]\" \/>\n<meta property=\"og:url\" content=\"https:\/\/now-news.de\/de\/deutschland\/wir-tragen-die-hetze-nicht-mit-deutsch-russisches-fest-in-hannover-als-signal-an-bundesregierung\/\" \/>\n<meta property=\"og:site_name\" content=\"just-now.NEWS Deutschland\" \/>\n<meta property=\"article:publisher\" content=\"https:\/\/www.facebook.com\/wirmachenauf\" \/>\n<meta property=\"article:published_time\" content=\"2024-10-13T18:52:27+00:00\" \/>\n<meta property=\"og:image\" content=\"https:\/\/now-news.de\/de\/wp-content\/uploads\/sites\/3\/2024\/10\/670c014cb480cc363812b10a.jpg\" \/>\n<meta name=\"author\" content=\"rtnews\" \/>\n<meta name=\"twitter:card\" content=\"summary_large_image\" \/>\n<meta name=\"twitter:creator\" content=\"@WirMachenAuf_de\" \/>\n<meta name=\"twitter:site\" content=\"@WirMachenAuf_de\" \/>\n<meta name=\"twitter:label1\" content=\"Verfasst von\" \/>\n\t<meta name=\"twitter:data1\" content=\"rtnews\" \/>\n\t<meta name=\"twitter:label2\" content=\"Gesch\u00e4tzte Lesezeit\" \/>\n\t<meta name=\"twitter:data2\" content=\"4\u00a0Minuten\" \/>\n<script type=\"application\/ld+json\" class=\"yoast-schema-graph\">{\"@context\":\"https:\/\/schema.org\",\"@graph\":[{\"@type\":\"Article\",\"@id\":\"https:\/\/now-news.de\/de\/deutschland\/wir-tragen-die-hetze-nicht-mit-deutsch-russisches-fest-in-hannover-als-signal-an-bundesregierung\/#article\",\"isPartOf\":{\"@id\":\"https:\/\/now-news.de\/de\/deutschland\/wir-tragen-die-hetze-nicht-mit-deutsch-russisches-fest-in-hannover-als-signal-an-bundesregierung\/\"},\"author\":{\"name\":\"rtnews\",\"@id\":\"https:\/\/now-news.de\/de\/#\/schema\/person\/fb534a4e865501d8b3285208df34a9b5\"},\"headline\":\"&quot;Wir tragen die Hetze nicht mit!&quot;: Deutsch-Russisches Fest in Hannover als Signal an Bundesregierung\",\"datePublished\":\"2024-10-13T18:52:27+00:00\",\"dateModified\":\"2024-10-13T18:52:27+00:00\",\"mainEntityOfPage\":{\"@id\":\"https:\/\/now-news.de\/de\/deutschland\/wir-tragen-die-hetze-nicht-mit-deutsch-russisches-fest-in-hannover-als-signal-an-bundesregierung\/\"},\"wordCount\":806,\"commentCount\":0,\"publisher\":{\"@id\":\"https:\/\/now-news.de\/de\/#organization\"},\"image\":{\"@id\":\"https:\/\/now-news.de\/de\/deutschland\/wir-tragen-die-hetze-nicht-mit-deutsch-russisches-fest-in-hannover-als-signal-an-bundesregierung\/#primaryimage\"},\"thumbnailUrl\":\"https:\/\/now-news.de\/de\/wp-content\/uploads\/sites\/3\/2024\/10\/quotWir-tragen-die-Hetze-nicht-mitquot-Deutsch-Russisches-Fest-in-Hannover.jpg\",\"keywords\":[\"als\",\"Bundesregierung\",\"deutschrussisches\",\"die\",\"fest\",\"Hannover\",\"Hetze\",\"mitquot\",\"nicht\",\"quotWir\",\"signal\",\"tragen\"],\"articleSection\":[\"Deutschland\",\"Russland\"],\"inLanguage\":\"de\",\"potentialAction\":[{\"@type\":\"CommentAction\",\"name\":\"Comment\",\"target\":[\"https:\/\/now-news.de\/de\/deutschland\/wir-tragen-die-hetze-nicht-mit-deutsch-russisches-fest-in-hannover-als-signal-an-bundesregierung\/#respond\"]}]},{\"@type\":\"WebPage\",\"@id\":\"https:\/\/now-news.de\/de\/deutschland\/wir-tragen-die-hetze-nicht-mit-deutsch-russisches-fest-in-hannover-als-signal-an-bundesregierung\/\",\"url\":\"https:\/\/now-news.de\/de\/deutschland\/wir-tragen-die-hetze-nicht-mit-deutsch-russisches-fest-in-hannover-als-signal-an-bundesregierung\/\",\"name\":\"&quot;Wir tragen die Hetze nicht mit!&quot;: Deutsch-Russisches Fest in Hannover als Signal an Bundesregierung - just-now.NEWS Deutschland\",\"isPartOf\":{\"@id\":\"https:\/\/now-news.de\/de\/#website\"},\"primaryImageOfPage\":{\"@id\":\"https:\/\/now-news.de\/de\/deutschland\/wir-tragen-die-hetze-nicht-mit-deutsch-russisches-fest-in-hannover-als-signal-an-bundesregierung\/#primaryimage\"},\"image\":{\"@id\":\"https:\/\/now-news.de\/de\/deutschland\/wir-tragen-die-hetze-nicht-mit-deutsch-russisches-fest-in-hannover-als-signal-an-bundesregierung\/#primaryimage\"},\"thumbnailUrl\":\"https:\/\/now-news.de\/de\/wp-content\/uploads\/sites\/3\/2024\/10\/quotWir-tragen-die-Hetze-nicht-mitquot-Deutsch-Russisches-Fest-in-Hannover.jpg\",\"datePublished\":\"2024-10-13T18:52:27+00:00\",\"dateModified\":\"2024-10-13T18:52:27+00:00\",\"breadcrumb\":{\"@id\":\"https:\/\/now-news.de\/de\/deutschland\/wir-tragen-die-hetze-nicht-mit-deutsch-russisches-fest-in-hannover-als-signal-an-bundesregierung\/#breadcrumb\"},\"inLanguage\":\"de\",\"potentialAction\":[{\"@type\":\"ReadAction\",\"target\":[\"https:\/\/now-news.de\/de\/deutschland\/wir-tragen-die-hetze-nicht-mit-deutsch-russisches-fest-in-hannover-als-signal-an-bundesregierung\/\"]}]},{\"@type\":\"ImageObject\",\"inLanguage\":\"de\",\"@id\":\"https:\/\/now-news.de\/de\/deutschland\/wir-tragen-die-hetze-nicht-mit-deutsch-russisches-fest-in-hannover-als-signal-an-bundesregierung\/#primaryimage\",\"url\":\"https:\/\/now-news.de\/de\/wp-content\/uploads\/sites\/3\/2024\/10\/quotWir-tragen-die-Hetze-nicht-mitquot-Deutsch-Russisches-Fest-in-Hannover.jpg\",\"contentUrl\":\"https:\/\/now-news.de\/de\/wp-content\/uploads\/sites\/3\/2024\/10\/quotWir-tragen-die-Hetze-nicht-mitquot-Deutsch-Russisches-Fest-in-Hannover.jpg\",\"width\":1280,\"height\":721,\"caption\":\"&quot;Wir tragen die Hetze nicht mit!&quot;: Deutsch-Russisches Fest in Hannover als Signal an Bundesregierung\"},{\"@type\":\"BreadcrumbList\",\"@id\":\"https:\/\/now-news.de\/de\/deutschland\/wir-tragen-die-hetze-nicht-mit-deutsch-russisches-fest-in-hannover-als-signal-an-bundesregierung\/#breadcrumb\",\"itemListElement\":[{\"@type\":\"ListItem\",\"position\":1,\"name\":\"Home\",\"item\":\"https:\/\/now-news.de\/de\/\"},{\"@type\":\"ListItem\",\"position\":2,\"name\":\"&quot;Wir tragen die Hetze nicht mit!&quot;: Deutsch-Russisches Fest in Hannover als Signal an Bundesregierung\"}]},{\"@type\":\"WebSite\",\"@id\":\"https:\/\/now-news.de\/de\/#website\",\"url\":\"https:\/\/now-news.de\/de\/\",\"name\":\"just-now.NEWS Deutschland\",\"description\":\"Das Portal f\u00fcr unzensierte Nachrichten aus der Welt\",\"publisher\":{\"@id\":\"https:\/\/now-news.de\/de\/#organization\"},\"potentialAction\":[{\"@type\":\"SearchAction\",\"target\":{\"@type\":\"EntryPoint\",\"urlTemplate\":\"https:\/\/now-news.de\/de\/?s={search_term_string}\"},\"query-input\":\"required name=search_term_string\"}],\"inLanguage\":\"de\"},{\"@type\":\"Organization\",\"@id\":\"https:\/\/now-news.de\/de\/#organization\",\"name\":\"Just Now News\",\"url\":\"https:\/\/now-news.de\/de\/\",\"logo\":{\"@type\":\"ImageObject\",\"inLanguage\":\"de\",\"@id\":\"https:\/\/now-news.de\/de\/#\/schema\/logo\/image\/\",\"url\":\"http:\/\/just-now.news\/de\/wp-content\/uploads\/sites\/3\/2022\/04\/logo500x500.jpg\",\"contentUrl\":\"http:\/\/just-now.news\/de\/wp-content\/uploads\/sites\/3\/2022\/04\/logo500x500.jpg\",\"width\":500,\"height\":500,\"caption\":\"Just Now News\"},\"image\":{\"@id\":\"https:\/\/now-news.de\/de\/#\/schema\/logo\/image\/\"},\"sameAs\":[\"https:\/\/www.facebook.com\/wirmachenauf\",\"https:\/\/x.com\/WirMachenAuf_de\"]},{\"@type\":\"Person\",\"@id\":\"https:\/\/now-news.de\/de\/#\/schema\/person\/fb534a4e865501d8b3285208df34a9b5\",\"name\":\"rtnews\",\"image\":{\"@type\":\"ImageObject\",\"inLanguage\":\"de\",\"@id\":\"https:\/\/now-news.de\/de\/#\/schema\/person\/image\/\",\"url\":\"https:\/\/secure.gravatar.com\/avatar\/82aafea7d8127119dd649515f56e2117?s=96&d=mm&r=g\",\"contentUrl\":\"https:\/\/secure.gravatar.com\/avatar\/82aafea7d8127119dd649515f56e2117?s=96&d=mm&r=g\",\"caption\":\"rtnews\"},\"url\":\"https:\/\/now-news.de\/de\/author\/rnews\/\"}]}<\/script>\n<!-- \/ Yoast SEO Premium plugin. -->","yoast_head_json":{"title":"&quot;Wir tragen die Hetze nicht mit!&quot;: Deutsch-Russisches Fest in Hannover als Signal an Bundesregierung - just-now.NEWS Deutschland","robots":{"index":"index","follow":"follow","max-snippet":"max-snippet:-1","max-image-preview":"max-image-preview:large","max-video-preview":"max-video-preview:-1"},"canonical":"https:\/\/now-news.de\/de\/deutschland\/wir-tragen-die-hetze-nicht-mit-deutsch-russisches-fest-in-hannover-als-signal-an-bundesregierung\/","og_locale":"de_DE","og_type":"article","og_title":"&quot;Wir tragen die Hetze nicht mit!&quot;: Deutsch-Russisches Fest in Hannover als Signal an Bundesregierung","og_description":"Die hannoverische Initiative &#8220;Frieden mit Russland&#8221; lud am Samstag die Einheimischen und Russischst\u00e4mmigen zum Deutsch-Russischen Herbstfest ein. Tatkr\u00e4ftige Unterst\u00fcrzung bekam sie von den Russlanddeutschen aus dem Raum Bielefeld. Von Wladislaw Sankin Die kr\u00e4ftige Stimme von Anatoli Grabeschow hallte tief in den Forst am Rande Hannovers hinein. Das\u00a0beschauliche Pl\u00e4tzchen im Gr\u00fcnen diente am Samstag\u00a0als Veranstaltungsort f\u00fcr [&hellip;]","og_url":"https:\/\/now-news.de\/de\/deutschland\/wir-tragen-die-hetze-nicht-mit-deutsch-russisches-fest-in-hannover-als-signal-an-bundesregierung\/","og_site_name":"just-now.NEWS Deutschland","article_publisher":"https:\/\/www.facebook.com\/wirmachenauf","article_published_time":"2024-10-13T18:52:27+00:00","og_image":[{"url":"https:\/\/now-news.de\/de\/wp-content\/uploads\/sites\/3\/2024\/10\/670c014cb480cc363812b10a.jpg"}],"author":"rtnews","twitter_card":"summary_large_image","twitter_creator":"@WirMachenAuf_de","twitter_site":"@WirMachenAuf_de","twitter_misc":{"Verfasst von":"rtnews","Gesch\u00e4tzte Lesezeit":"4\u00a0Minuten"},"schema":{"@context":"https:\/\/schema.org","@graph":[{"@type":"Article","@id":"https:\/\/now-news.de\/de\/deutschland\/wir-tragen-die-hetze-nicht-mit-deutsch-russisches-fest-in-hannover-als-signal-an-bundesregierung\/#article","isPartOf":{"@id":"https:\/\/now-news.de\/de\/deutschland\/wir-tragen-die-hetze-nicht-mit-deutsch-russisches-fest-in-hannover-als-signal-an-bundesregierung\/"},"author":{"name":"rtnews","@id":"https:\/\/now-news.de\/de\/#\/schema\/person\/fb534a4e865501d8b3285208df34a9b5"},"headline":"&quot;Wir tragen die Hetze nicht mit!&quot;: Deutsch-Russisches Fest in Hannover als Signal an Bundesregierung","datePublished":"2024-10-13T18:52:27+00:00","dateModified":"2024-10-13T18:52:27+00:00","mainEntityOfPage":{"@id":"https:\/\/now-news.de\/de\/deutschland\/wir-tragen-die-hetze-nicht-mit-deutsch-russisches-fest-in-hannover-als-signal-an-bundesregierung\/"},"wordCount":806,"commentCount":0,"publisher":{"@id":"https:\/\/now-news.de\/de\/#organization"},"image":{"@id":"https:\/\/now-news.de\/de\/deutschland\/wir-tragen-die-hetze-nicht-mit-deutsch-russisches-fest-in-hannover-als-signal-an-bundesregierung\/#primaryimage"},"thumbnailUrl":"https:\/\/now-news.de\/de\/wp-content\/uploads\/sites\/3\/2024\/10\/quotWir-tragen-die-Hetze-nicht-mitquot-Deutsch-Russisches-Fest-in-Hannover.jpg","keywords":["als","Bundesregierung","deutschrussisches","die","fest","Hannover","Hetze","mitquot","nicht","quotWir","signal","tragen"],"articleSection":["Deutschland","Russland"],"inLanguage":"de","potentialAction":[{"@type":"CommentAction","name":"Comment","target":["https:\/\/now-news.de\/de\/deutschland\/wir-tragen-die-hetze-nicht-mit-deutsch-russisches-fest-in-hannover-als-signal-an-bundesregierung\/#respond"]}]},{"@type":"WebPage","@id":"https:\/\/now-news.de\/de\/deutschland\/wir-tragen-die-hetze-nicht-mit-deutsch-russisches-fest-in-hannover-als-signal-an-bundesregierung\/","url":"https:\/\/now-news.de\/de\/deutschland\/wir-tragen-die-hetze-nicht-mit-deutsch-russisches-fest-in-hannover-als-signal-an-bundesregierung\/","name":"&quot;Wir tragen die Hetze nicht mit!&quot;: Deutsch-Russisches Fest in Hannover als Signal an Bundesregierung - just-now.NEWS Deutschland","isPartOf":{"@id":"https:\/\/now-news.de\/de\/#website"},"primaryImageOfPage":{"@id":"https:\/\/now-news.de\/de\/deutschland\/wir-tragen-die-hetze-nicht-mit-deutsch-russisches-fest-in-hannover-als-signal-an-bundesregierung\/#primaryimage"},"image":{"@id":"https:\/\/now-news.de\/de\/deutschland\/wir-tragen-die-hetze-nicht-mit-deutsch-russisches-fest-in-hannover-als-signal-an-bundesregierung\/#primaryimage"},"thumbnailUrl":"https:\/\/now-news.de\/de\/wp-content\/uploads\/sites\/3\/2024\/10\/quotWir-tragen-die-Hetze-nicht-mitquot-Deutsch-Russisches-Fest-in-Hannover.jpg","datePublished":"2024-10-13T18:52:27+00:00","dateModified":"2024-10-13T18:52:27+00:00","breadcrumb":{"@id":"https:\/\/now-news.de\/de\/deutschland\/wir-tragen-die-hetze-nicht-mit-deutsch-russisches-fest-in-hannover-als-signal-an-bundesregierung\/#breadcrumb"},"inLanguage":"de","potentialAction":[{"@type":"ReadAction","target":["https:\/\/now-news.de\/de\/deutschland\/wir-tragen-die-hetze-nicht-mit-deutsch-russisches-fest-in-hannover-als-signal-an-bundesregierung\/"]}]},{"@type":"ImageObject","inLanguage":"de","@id":"https:\/\/now-news.de\/de\/deutschland\/wir-tragen-die-hetze-nicht-mit-deutsch-russisches-fest-in-hannover-als-signal-an-bundesregierung\/#primaryimage","url":"https:\/\/now-news.de\/de\/wp-content\/uploads\/sites\/3\/2024\/10\/quotWir-tragen-die-Hetze-nicht-mitquot-Deutsch-Russisches-Fest-in-Hannover.jpg","contentUrl":"https:\/\/now-news.de\/de\/wp-content\/uploads\/sites\/3\/2024\/10\/quotWir-tragen-die-Hetze-nicht-mitquot-Deutsch-Russisches-Fest-in-Hannover.jpg","width":1280,"height":721,"caption":"&quot;Wir tragen die Hetze nicht mit!&quot;: Deutsch-Russisches Fest in Hannover als Signal an Bundesregierung"},{"@type":"BreadcrumbList","@id":"https:\/\/now-news.de\/de\/deutschland\/wir-tragen-die-hetze-nicht-mit-deutsch-russisches-fest-in-hannover-als-signal-an-bundesregierung\/#breadcrumb","itemListElement":[{"@type":"ListItem","position":1,"name":"Home","item":"https:\/\/now-news.de\/de\/"},{"@type":"ListItem","position":2,"name":"&quot;Wir tragen die Hetze nicht mit!&quot;: Deutsch-Russisches Fest in Hannover als Signal an Bundesregierung"}]},{"@type":"WebSite","@id":"https:\/\/now-news.de\/de\/#website","url":"https:\/\/now-news.de\/de\/","name":"just-now.NEWS Deutschland","description":"Das Portal f\u00fcr unzensierte Nachrichten aus der Welt","publisher":{"@id":"https:\/\/now-news.de\/de\/#organization"},"potentialAction":[{"@type":"SearchAction","target":{"@type":"EntryPoint","urlTemplate":"https:\/\/now-news.de\/de\/?s={search_term_string}"},"query-input":"required name=search_term_string"}],"inLanguage":"de"},{"@type":"Organization","@id":"https:\/\/now-news.de\/de\/#organization","name":"Just Now News","url":"https:\/\/now-news.de\/de\/","logo":{"@type":"ImageObject","inLanguage":"de","@id":"https:\/\/now-news.de\/de\/#\/schema\/logo\/image\/","url":"http:\/\/just-now.news\/de\/wp-content\/uploads\/sites\/3\/2022\/04\/logo500x500.jpg","contentUrl":"http:\/\/just-now.news\/de\/wp-content\/uploads\/sites\/3\/2022\/04\/logo500x500.jpg","width":500,"height":500,"caption":"Just Now News"},"image":{"@id":"https:\/\/now-news.de\/de\/#\/schema\/logo\/image\/"},"sameAs":["https:\/\/www.facebook.com\/wirmachenauf","https:\/\/x.com\/WirMachenAuf_de"]},{"@type":"Person","@id":"https:\/\/now-news.de\/de\/#\/schema\/person\/fb534a4e865501d8b3285208df34a9b5","name":"rtnews","image":{"@type":"ImageObject","inLanguage":"de","@id":"https:\/\/now-news.de\/de\/#\/schema\/person\/image\/","url":"https:\/\/secure.gravatar.com\/avatar\/82aafea7d8127119dd649515f56e2117?s=96&d=mm&r=g","contentUrl":"https:\/\/secure.gravatar.com\/avatar\/82aafea7d8127119dd649515f56e2117?s=96&d=mm&r=g","caption":"rtnews"},"url":"https:\/\/now-news.de\/de\/author\/rnews\/"}]}},"_links":{"self":[{"href":"https:\/\/now-news.de\/de\/wp-json\/wp\/v2\/posts\/70735"}],"collection":[{"href":"https:\/\/now-news.de\/de\/wp-json\/wp\/v2\/posts"}],"about":[{"href":"https:\/\/now-news.de\/de\/wp-json\/wp\/v2\/types\/post"}],"author":[{"embeddable":true,"href":"https:\/\/now-news.de\/de\/wp-json\/wp\/v2\/users\/3"}],"replies":[{"embeddable":true,"href":"https:\/\/now-news.de\/de\/wp-json\/wp\/v2\/comments?post=70735"}],"version-history":[{"count":0,"href":"https:\/\/now-news.de\/de\/wp-json\/wp\/v2\/posts\/70735\/revisions"}],"wp:featuredmedia":[{"embeddable":true,"href":"https:\/\/now-news.de\/de\/wp-json\/wp\/v2\/media\/70736"}],"wp:attachment":[{"href":"https:\/\/now-news.de\/de\/wp-json\/wp\/v2\/media?parent=70735"}],"wp:term":[{"taxonomy":"category","embeddable":true,"href":"https:\/\/now-news.de\/de\/wp-json\/wp\/v2\/categories?post=70735"},{"taxonomy":"post_tag","embeddable":true,"href":"https:\/\/now-news.de\/de\/wp-json\/wp\/v2\/tags?post=70735"}],"curies":[{"name":"wp","href":"https:\/\/api.w.org\/{rel}","templated":true}]}}