{"id":70660,"date":"2024-10-12T11:29:49","date_gmt":"2024-10-12T09:29:49","guid":{"rendered":"https:\/\/now-news.de\/de\/deutschland\/der-erklaerte-feind-der-herrschenden-eliten-unser-grundrecht-auf-meinungsfreiheit\/"},"modified":"2024-10-12T11:29:49","modified_gmt":"2024-10-12T09:29:49","slug":"der-erklaerte-feind-der-herrschenden-eliten-unser-grundrecht-auf-meinungsfreiheit","status":"publish","type":"post","link":"https:\/\/now-news.de\/de\/deutschland\/der-erklaerte-feind-der-herrschenden-eliten-unser-grundrecht-auf-meinungsfreiheit\/","title":{"rendered":"Der erkl\u00e4rte Feind der herrschenden &quot;Eliten&quot;: Unser Grundrecht auf Meinungsfreiheit"},"content":{"rendered":"<p><img decoding=\"async\" src=\"https:\/\/now-news.de\/de\/wp-content\/uploads\/sites\/3\/2024\/10\/67090f17b480cc12f87a92e6.jpg\" \/><\/p>\n<div class=\"Text-root Text-type_1 \">\n                \u00dcberall im &#8220;kollektiven Westen&#8221; nehmen die Zensurma\u00dfnahmen der neoliberalen &#8220;Eliten&#8221; zu, die mit Strafandrohungen unser Grundrecht auf freie Meinungs\u00e4u\u00dferung untergraben und abzuschaffen versuchen. Doch w\u00e4hrend in NATO-Europa die Zensur noch als notwendige Ma\u00dfnahme zum Schutz der Bev\u00f6lkerung und des inneren Friedens gerechtfertigt wird, haben bekannte US-Politiker die Maske bereits abgeworfen und reden Klartext.\n            <\/div>\n<p><\/p>\n<div class=\"Text-root Text-type_5 ArticleView-text ViewText-root \">\n<p><em>Von Rainer Rupp<\/em><\/p>\n<p>Unter den &#8220;Eliten&#8221; im kollektiven Westen w\u00e4chst die Angst vor der eigenen Bev\u00f6lkerung, weil diese sich gegen Regierungsl\u00fcgen zunehmend resistent erweisen und einen Politikwechsel fordern. Um dem entgegenzuwirken, hatte die Europ\u00e4ische Kommission in Br\u00fcssel bereits vor sechs Jahren begonnen, Initiativen zur &#8220;Bek\u00e4mpfung von Desinformation und Fake News&#8221; zu starten. Damit sollten angeblich die demokratischen Prozesse in der Gesellschaft gesichert werden.<\/p>\n<p>Zun\u00e4chst aber wollen wir uns mit zwei erstaunlich offenen Bekenntnissen besch\u00e4ftigen, weshalb die US-Globalisierungseliten f\u00fcr ihren Machterhalt unbedingt unser aller Recht auf Meinungsfreiheit abschaffen wollen. Die erste \u00c4u\u00dferung zu diesem Thema stammt von John Kerry, hundertfacher Dollar-Multimillion\u00e4r, ehemaliger US-Au\u00dfenminister und aktuell noch CO\u2082-Klima-Beauftragter der Biden-Regierung, der sich anl\u00e4sslich einer Konferenz bei Herrn Schwabs Weltwirtschaftsforum (WEF) in Davos seine Karten auf den Tisch legte. Eine zweite Erkl\u00e4rung mit derselben Sto\u00dfrichtung hat fast zeitgleich die ehemalige US-Au\u00dfenministerin Hillary Clinton vor wenigen Tagen abgegeben. Mit Kerry und Clinton werden wir uns zun\u00e4chst besch\u00e4ftigen. Ein kurzer \u00dcberblick \u00fcber den Abbau unseres Grundrechts auf freie Meinungs\u00e4u\u00dferung in der EU und Deutschland ist am Ende dieses Artikels zu finden.<\/p>\n<p>John Kerry, der ehemalige Au\u00dfenminister unter Barack Obama und derzeit noch Gesandter der Biden Regierung, um weltweit f\u00fcr den &#8220;Gr\u00fcnen \u00dcbergang&#8221; der nationalen Volkswirtschaften zu werben, hat sich bei einer Diskussion vor knapp zwei Wochen gehen lassen und etwas f\u00fcr sein Image unglaublich Dummes und f\u00fcr uns alle sehr Erhellendes gesagt. Denn er hat zu erkennen gegeben, was er und Leute seines Schlags wirklich denken. Wir sprechen von den Leuten, die behaupten, die absolute, ganze Wahrheit zu kennen, und die uns diktieren wollen, was gut f\u00fcr uns ist und was nicht.<\/p>\n<p>All das geschah vor \u00fcber einer Woche, als John Kerry in Davos an einer Podiumsdiskussion zum Klimawandel des Weltwirtschaftsforums teilnahm. Zur Erinnerung: Das WEF ist eine riesige Geldmaschine, die von Klaus Schwab geleitet wird. Er ist der Mann, der die Menschheit dahingehend zu ver\u00e4ndern beabsichtigt, dass er unsere Hirnt\u00e4tigkeit mit Computerchips verdrahten und verst\u00e4rken will, damit wir am Ende alle gl\u00fccklich sind, ohne irgendetwas zu besitzen. Es versteht sich von selbst, dass in der Welt von Herrn Schwab mit den Besitzlosen nicht die WEF-Eliten gemeint sind. Wer mehr \u00fcber diese wunderbare Zukunft der Menschheit, die Schwab f\u00fcr uns alle bereith\u00e4lt, erfahren will, sollte sein im letzten Jahr ver\u00f6ffentlichtes Buch zu dem Thema lesen.<\/p>\n<p>W\u00e4hrend der Panel-Diskussion beim WEF, an der neben John Kerry unter anderem Laurence Tubiana, die Chefin der Europ\u00e4ischen Klimastiftung teilnahm, wurde Kerry auch zur Rolle der sogenannten &#8220;sozialen&#8221; beziehungsweise alternativen Medien befragt. Deren angebliche Desinformationen bei der Masse der Bev\u00f6lkerung w\u00fcrden die \u00dcberzeugungsarbeit f\u00fcr einen raschen \u00dcbergang in die &#8220;Gr\u00fcne Welt&#8221; behindern. Der Link zum Kerry-YouTube-Video ist <a rel=\"nofollow noopener\" target=\"_blank\" href=\"https:\/\/youtu.be\/BLEItEODSpE?t=2823\">hier eingebettet<\/a>.<\/p>\n<p><strong>Hier lesen Sie, was Kerry dazu zu sagen hat: <\/strong><\/p>\n<p><em>&#8220;Es ist so schwierig. Jeder k\u00e4mpft gerade damit. Und ich denke, die Abneigung und der Unmut \u00fcber die sozialen Medien w\u00e4chst und w\u00e4chst. Sie sind Teil unseres Problems, insbesondere in Demokratien, wenn es darum geht, einen Konsens zu verschiedenen Themen zu bilden. Es ist heute wirklich schwer zu regieren. Es gibt nicht mehr die Schiedsrichter, die fr\u00fcher festgelegt haben, was eine Tatsache ist und was nicht. Dieses System wurde in gewissem Ma\u00dfe ausgeh\u00f6hlt. Die Menschen w\u00e4hlen jetzt selbst aus, wohin sie sich wenden, um Nachrichten oder Informationen zu bekommen. Und dann ger\u00e4t man in einen Teufelskreis.&#8221;<\/em><\/p>\n<p><em>&#8220;Es ist viel schwieriger, heute einen Konsens zu bilden, als fr\u00fcher, in den 45 bis 50 Jahren, seitdem ich in der Politik t\u00e4tig bin. Und es gibt jetzt viele Diskussionen dar\u00fcber, wie man diese Sachen eind\u00e4mmen kann, um sicherzustellen, dass es eine gewisse Rechenschaftspflicht in Bezug auf Fakten gibt. Aber sehen Sie, wenn die Menschen nur zu einer Quelle gehen und diese Quelle krank ist und eine Agenda verfolgt und Desinformation verbreitet, steht unser <\/em><em><strong>Erster Verfassungszusatz<\/strong><\/em><em> [das Recht auf freie Meinungs\u00e4u\u00dferung] als gro\u00dfes Hindernis im Weg, um dieses Problem einfach aus der Welt zu schaffen.&#8221; <\/em><\/p>\n<p><em>&#8220;Was wir brauchen, ist, dass wir mehr an Boden gewinnen. Wir brauchen das Recht zu regieren, indem wir (bei der n\u00e4chsten Wahl und einem Sieg von Kamala Harris; Anm. des Autors) hoffentlich gen\u00fcgend Stimmen gewinnen, um Ver\u00e4nderungen umzusetzen. Nat\u00fcrlich gibt es einige Leute in unserem Land, die bereit sind, auf andere Weise Ver\u00e4nderungen umzusetzen und wirklich zu hinterfragen, ob die Demokratie in der Lage ist, unregulierte soziale Medien zu \u00fcberleben. Ich denke, die Demokratien stehen vor gro\u00dfen Herausforderungen und haben nicht bewiesen, dass sie schnell oder hinreichend handeln k\u00f6nnen, um den Herausforderungen, vor denen wir stehen, zu begegnen. Und f\u00fcr mich geht es bei diesem Rennen, bei dieser Wahl darum, ob wir das Fieber in den Vereinigten Staaten brechen werden.&#8221;<\/em><\/p>\n<p>Das sollten wir einen Moment auf uns wirken lassen. Kerry, der einen Eid auf die US-Verfassung geschworen hat, betrachtet diese nun als ein \u00c4rgernis, als ein gro\u00dfes Hindernis, um Informationen aus der Welt zu schaffen, die ihm nicht passen. Offensichtlich ist er der Meinung, dass sich der Plebs, das einfache Volk zu viel herausnimmt, anstatt and\u00e4chtig zu den besseren Leuten aufzublicken und zu tun, was ihnen gesagt wurde, wie es fr\u00fcher einmal war.<\/p>\n<p>Es ist aufschlussreich, wie Kerry und Co. \u00fcber Informationsfreiheit denken und die Masse der Bev\u00f6lkerung als dumm oder gutgl\u00e4ubig sehen. Zugleich k\u00f6nnen wir daf\u00fcr dankbar sein, dass Kerry offen gesagt hat, was er denkt und will: n\u00e4mlich wie fr\u00fcher regieren, als &#8220;wir&#8221; nur die gro\u00dfen Zeitungen hatten und &#8220;wir&#8221; wussten, wie die richtigen Informationen in die Nachrichtenmedien eingespeist wurden, damit ein Narrativ herauskam, an das die Masse der Menschen als Wahrheit glaubte und wof\u00fcr sie auch Opfer zu bringen bereit war.<\/p>\n<p>Und jetzt? Jetzt haben &#8220;wir&#8221; dieses Problem, dass es auf Plattformen wie YouTube, Twitter beziehungsweise X und TikTok verschiedene Narrative gibt und die Menschen miteinander dar\u00fcber diskutieren, ohne dass die Inhalte durch den Filter der Herrschenden und ihrer konformen Medien gelaufen sind.<\/p>\n<p><em>In Teil II geht es um die weiteren Bem\u00fchungen zur Unterdr\u00fcckung des Grundrechts auf freie Meinungs\u00e4u\u00dferung in den USA, in Kanada, der EU und Deutschland.<\/em><\/p>\n<p><strong>Mehr zum Thema<\/strong> &#8211; <a rel=\"nofollow noopener\" target=\"_blank\" href=\"https:\/\/freedert.online\/meinung\/220462-glaubt-denn-wirklich-noch-jemand\/\">Glaubt denn wirklich noch jemand, dass es auf der Welt Demokratie gibt? <\/a><\/p>\n<div class=\"EmbedBlock-root EmbedBlock-externalVideo EmbedBlock-rumble\">\n<div class=\"VkEmbed\"><iframe class=\"lazyload\" data-src=\"https:\/\/rumble.com\/embed\/v5ewyxe\" frameborder=\"0\" width=\"853\" height=\"480\" allowfullscreen><\/iframe><\/div>\n<\/div>\n<\/div>\n<p><br \/>\n<br \/><a href=\"https:\/\/de.rt.com\/meinung\/222079-erklaerte-feind-herrschenden-eliten-unser\/\">Source link <\/a><\/p>\n","protected":false},"excerpt":{"rendered":"<p>\u00dcberall im &#8220;kollektiven Westen&#8221; nehmen die Zensurma\u00dfnahmen der neoliberalen &#8220;Eliten&#8221; zu, die mit Strafandrohungen unser Grundrecht auf freie Meinungs\u00e4u\u00dferung untergraben und abzuschaffen versuchen. Doch w\u00e4hrend in NATO-Europa die Zensur noch als notwendige Ma\u00dfnahme zum Schutz der Bev\u00f6lkerung und des inneren Friedens gerechtfertigt wird, haben bekannte US-Politiker die Maske bereits abgeworfen und reden Klartext. Von Rainer [&hellip;]<\/p>\n","protected":false},"author":3,"featured_media":70661,"comment_status":"open","ping_status":"open","sticky":false,"template":"","format":"standard","meta":{"_yoast_indexnow_last_ping":["1728725892"],"wp_automatic_camp":["217"],"4a0e7282beb06da17152cf28735e2076":["Der erkl\u00e4rte Feind der herrschenden &quot;Eliten&quot;: Unser Grundrecht auf Meinungsfreiheit"],"original_link":["https:\/\/de.rt.com\/meinung\/222079-erklaerte-feind-herrschenden-eliten-unser\/"],"_thumbnail_id":["70661"],"jnews_social_counter_last_update":["1777280038"],"_wptgpro_p2tg_sent2tg":["a:1:{i:23737;s:19:\"2024-10-12 11:39:21\";}"]},"categories":[19,23],"tags":[133,82,59372,21500,53528,30941,7120,59373,24970],"yoast_head":"<!-- This site is optimized with the Yoast SEO Premium plugin v22.7 (Yoast SEO v22.7) - https:\/\/yoast.com\/wordpress\/plugins\/seo\/ -->\n<title>Der erkl\u00e4rte Feind der herrschenden &quot;Eliten&quot;: Unser Grundrecht auf Meinungsfreiheit - just-now.NEWS Deutschland<\/title>\n<meta name=\"robots\" content=\"index, follow, max-snippet:-1, max-image-preview:large, max-video-preview:-1\" \/>\n<link rel=\"canonical\" href=\"https:\/\/now-news.de\/de\/deutschland\/der-erklaerte-feind-der-herrschenden-eliten-unser-grundrecht-auf-meinungsfreiheit\/\" \/>\n<meta property=\"og:locale\" content=\"de_DE\" \/>\n<meta property=\"og:type\" content=\"article\" \/>\n<meta property=\"og:title\" content=\"Der erkl\u00e4rte Feind der herrschenden &quot;Eliten&quot;: Unser Grundrecht auf Meinungsfreiheit\" \/>\n<meta property=\"og:description\" content=\"\u00dcberall im &#8220;kollektiven Westen&#8221; nehmen die Zensurma\u00dfnahmen der neoliberalen &#8220;Eliten&#8221; zu, die mit Strafandrohungen unser Grundrecht auf freie Meinungs\u00e4u\u00dferung untergraben und abzuschaffen versuchen. Doch w\u00e4hrend in NATO-Europa die Zensur noch als notwendige Ma\u00dfnahme zum Schutz der Bev\u00f6lkerung und des inneren Friedens gerechtfertigt wird, haben bekannte US-Politiker die Maske bereits abgeworfen und reden Klartext. Von Rainer [&hellip;]\" \/>\n<meta property=\"og:url\" content=\"https:\/\/now-news.de\/de\/deutschland\/der-erklaerte-feind-der-herrschenden-eliten-unser-grundrecht-auf-meinungsfreiheit\/\" \/>\n<meta property=\"og:site_name\" content=\"just-now.NEWS Deutschland\" \/>\n<meta property=\"article:publisher\" content=\"https:\/\/www.facebook.com\/wirmachenauf\" \/>\n<meta property=\"article:published_time\" content=\"2024-10-12T09:29:49+00:00\" \/>\n<meta property=\"og:image\" content=\"https:\/\/now-news.de\/de\/wp-content\/uploads\/sites\/3\/2024\/10\/67090f17b480cc12f87a92e6.jpg\" \/>\n<meta name=\"author\" content=\"rtnews\" \/>\n<meta name=\"twitter:card\" content=\"summary_large_image\" \/>\n<meta name=\"twitter:creator\" content=\"@WirMachenAuf_de\" \/>\n<meta name=\"twitter:site\" content=\"@WirMachenAuf_de\" \/>\n<meta name=\"twitter:label1\" content=\"Verfasst von\" \/>\n\t<meta name=\"twitter:data1\" content=\"rtnews\" \/>\n\t<meta name=\"twitter:label2\" content=\"Gesch\u00e4tzte Lesezeit\" \/>\n\t<meta name=\"twitter:data2\" content=\"6\u00a0Minuten\" \/>\n<script type=\"application\/ld+json\" class=\"yoast-schema-graph\">{\"@context\":\"https:\/\/schema.org\",\"@graph\":[{\"@type\":\"Article\",\"@id\":\"https:\/\/now-news.de\/de\/deutschland\/der-erklaerte-feind-der-herrschenden-eliten-unser-grundrecht-auf-meinungsfreiheit\/#article\",\"isPartOf\":{\"@id\":\"https:\/\/now-news.de\/de\/deutschland\/der-erklaerte-feind-der-herrschenden-eliten-unser-grundrecht-auf-meinungsfreiheit\/\"},\"author\":{\"name\":\"rtnews\",\"@id\":\"https:\/\/now-news.de\/de\/#\/schema\/person\/fb534a4e865501d8b3285208df34a9b5\"},\"headline\":\"Der erkl\u00e4rte Feind der herrschenden &quot;Eliten&quot;: Unser Grundrecht auf Meinungsfreiheit\",\"datePublished\":\"2024-10-12T09:29:49+00:00\",\"dateModified\":\"2024-10-12T09:29:49+00:00\",\"mainEntityOfPage\":{\"@id\":\"https:\/\/now-news.de\/de\/deutschland\/der-erklaerte-feind-der-herrschenden-eliten-unser-grundrecht-auf-meinungsfreiheit\/\"},\"wordCount\":1148,\"commentCount\":0,\"publisher\":{\"@id\":\"https:\/\/now-news.de\/de\/#organization\"},\"image\":{\"@id\":\"https:\/\/now-news.de\/de\/deutschland\/der-erklaerte-feind-der-herrschenden-eliten-unser-grundrecht-auf-meinungsfreiheit\/#primaryimage\"},\"thumbnailUrl\":\"https:\/\/now-news.de\/de\/wp-content\/uploads\/sites\/3\/2024\/10\/Der-erklaerte-Feind-der-herrschenden-quotElitenquot-Unser-Grundrecht-auf-Meinungsfreiheit.jpg\",\"keywords\":[\"AUF\",\"der\",\"erkl\u00e4rte\",\"Feind\",\"Grundrecht\",\"Herrschenden\",\"Meinungsfreiheit\",\"quotElitenquot\",\"unser\"],\"articleSection\":[\"Deutschland\",\"Russland\"],\"inLanguage\":\"de\",\"potentialAction\":[{\"@type\":\"CommentAction\",\"name\":\"Comment\",\"target\":[\"https:\/\/now-news.de\/de\/deutschland\/der-erklaerte-feind-der-herrschenden-eliten-unser-grundrecht-auf-meinungsfreiheit\/#respond\"]}]},{\"@type\":\"WebPage\",\"@id\":\"https:\/\/now-news.de\/de\/deutschland\/der-erklaerte-feind-der-herrschenden-eliten-unser-grundrecht-auf-meinungsfreiheit\/\",\"url\":\"https:\/\/now-news.de\/de\/deutschland\/der-erklaerte-feind-der-herrschenden-eliten-unser-grundrecht-auf-meinungsfreiheit\/\",\"name\":\"Der erkl\u00e4rte Feind der herrschenden &quot;Eliten&quot;: Unser Grundrecht auf Meinungsfreiheit - just-now.NEWS Deutschland\",\"isPartOf\":{\"@id\":\"https:\/\/now-news.de\/de\/#website\"},\"primaryImageOfPage\":{\"@id\":\"https:\/\/now-news.de\/de\/deutschland\/der-erklaerte-feind-der-herrschenden-eliten-unser-grundrecht-auf-meinungsfreiheit\/#primaryimage\"},\"image\":{\"@id\":\"https:\/\/now-news.de\/de\/deutschland\/der-erklaerte-feind-der-herrschenden-eliten-unser-grundrecht-auf-meinungsfreiheit\/#primaryimage\"},\"thumbnailUrl\":\"https:\/\/now-news.de\/de\/wp-content\/uploads\/sites\/3\/2024\/10\/Der-erklaerte-Feind-der-herrschenden-quotElitenquot-Unser-Grundrecht-auf-Meinungsfreiheit.jpg\",\"datePublished\":\"2024-10-12T09:29:49+00:00\",\"dateModified\":\"2024-10-12T09:29:49+00:00\",\"breadcrumb\":{\"@id\":\"https:\/\/now-news.de\/de\/deutschland\/der-erklaerte-feind-der-herrschenden-eliten-unser-grundrecht-auf-meinungsfreiheit\/#breadcrumb\"},\"inLanguage\":\"de\",\"potentialAction\":[{\"@type\":\"ReadAction\",\"target\":[\"https:\/\/now-news.de\/de\/deutschland\/der-erklaerte-feind-der-herrschenden-eliten-unser-grundrecht-auf-meinungsfreiheit\/\"]}]},{\"@type\":\"ImageObject\",\"inLanguage\":\"de\",\"@id\":\"https:\/\/now-news.de\/de\/deutschland\/der-erklaerte-feind-der-herrschenden-eliten-unser-grundrecht-auf-meinungsfreiheit\/#primaryimage\",\"url\":\"https:\/\/now-news.de\/de\/wp-content\/uploads\/sites\/3\/2024\/10\/Der-erklaerte-Feind-der-herrschenden-quotElitenquot-Unser-Grundrecht-auf-Meinungsfreiheit.jpg\",\"contentUrl\":\"https:\/\/now-news.de\/de\/wp-content\/uploads\/sites\/3\/2024\/10\/Der-erklaerte-Feind-der-herrschenden-quotElitenquot-Unser-Grundrecht-auf-Meinungsfreiheit.jpg\",\"width\":460,\"height\":259,\"caption\":\"Der erkl\u00e4rte Feind der herrschenden &quot;Eliten&quot;: Unser Grundrecht auf Meinungsfreiheit\"},{\"@type\":\"BreadcrumbList\",\"@id\":\"https:\/\/now-news.de\/de\/deutschland\/der-erklaerte-feind-der-herrschenden-eliten-unser-grundrecht-auf-meinungsfreiheit\/#breadcrumb\",\"itemListElement\":[{\"@type\":\"ListItem\",\"position\":1,\"name\":\"Home\",\"item\":\"https:\/\/now-news.de\/de\/\"},{\"@type\":\"ListItem\",\"position\":2,\"name\":\"Der erkl\u00e4rte Feind der herrschenden &quot;Eliten&quot;: Unser Grundrecht auf Meinungsfreiheit\"}]},{\"@type\":\"WebSite\",\"@id\":\"https:\/\/now-news.de\/de\/#website\",\"url\":\"https:\/\/now-news.de\/de\/\",\"name\":\"just-now.NEWS Deutschland\",\"description\":\"Das Portal f\u00fcr unzensierte Nachrichten aus der Welt\",\"publisher\":{\"@id\":\"https:\/\/now-news.de\/de\/#organization\"},\"potentialAction\":[{\"@type\":\"SearchAction\",\"target\":{\"@type\":\"EntryPoint\",\"urlTemplate\":\"https:\/\/now-news.de\/de\/?s={search_term_string}\"},\"query-input\":\"required name=search_term_string\"}],\"inLanguage\":\"de\"},{\"@type\":\"Organization\",\"@id\":\"https:\/\/now-news.de\/de\/#organization\",\"name\":\"Just Now News\",\"url\":\"https:\/\/now-news.de\/de\/\",\"logo\":{\"@type\":\"ImageObject\",\"inLanguage\":\"de\",\"@id\":\"https:\/\/now-news.de\/de\/#\/schema\/logo\/image\/\",\"url\":\"http:\/\/just-now.news\/de\/wp-content\/uploads\/sites\/3\/2022\/04\/logo500x500.jpg\",\"contentUrl\":\"http:\/\/just-now.news\/de\/wp-content\/uploads\/sites\/3\/2022\/04\/logo500x500.jpg\",\"width\":500,\"height\":500,\"caption\":\"Just Now News\"},\"image\":{\"@id\":\"https:\/\/now-news.de\/de\/#\/schema\/logo\/image\/\"},\"sameAs\":[\"https:\/\/www.facebook.com\/wirmachenauf\",\"https:\/\/x.com\/WirMachenAuf_de\"]},{\"@type\":\"Person\",\"@id\":\"https:\/\/now-news.de\/de\/#\/schema\/person\/fb534a4e865501d8b3285208df34a9b5\",\"name\":\"rtnews\",\"image\":{\"@type\":\"ImageObject\",\"inLanguage\":\"de\",\"@id\":\"https:\/\/now-news.de\/de\/#\/schema\/person\/image\/\",\"url\":\"https:\/\/secure.gravatar.com\/avatar\/82aafea7d8127119dd649515f56e2117?s=96&d=mm&r=g\",\"contentUrl\":\"https:\/\/secure.gravatar.com\/avatar\/82aafea7d8127119dd649515f56e2117?s=96&d=mm&r=g\",\"caption\":\"rtnews\"},\"url\":\"https:\/\/now-news.de\/de\/author\/rnews\/\"}]}<\/script>\n<!-- \/ Yoast SEO Premium plugin. -->","yoast_head_json":{"title":"Der erkl\u00e4rte Feind der herrschenden &quot;Eliten&quot;: Unser Grundrecht auf Meinungsfreiheit - just-now.NEWS Deutschland","robots":{"index":"index","follow":"follow","max-snippet":"max-snippet:-1","max-image-preview":"max-image-preview:large","max-video-preview":"max-video-preview:-1"},"canonical":"https:\/\/now-news.de\/de\/deutschland\/der-erklaerte-feind-der-herrschenden-eliten-unser-grundrecht-auf-meinungsfreiheit\/","og_locale":"de_DE","og_type":"article","og_title":"Der erkl\u00e4rte Feind der herrschenden &quot;Eliten&quot;: Unser Grundrecht auf Meinungsfreiheit","og_description":"\u00dcberall im &#8220;kollektiven Westen&#8221; nehmen die Zensurma\u00dfnahmen der neoliberalen &#8220;Eliten&#8221; zu, die mit Strafandrohungen unser Grundrecht auf freie Meinungs\u00e4u\u00dferung untergraben und abzuschaffen versuchen. Doch w\u00e4hrend in NATO-Europa die Zensur noch als notwendige Ma\u00dfnahme zum Schutz der Bev\u00f6lkerung und des inneren Friedens gerechtfertigt wird, haben bekannte US-Politiker die Maske bereits abgeworfen und reden Klartext. Von Rainer [&hellip;]","og_url":"https:\/\/now-news.de\/de\/deutschland\/der-erklaerte-feind-der-herrschenden-eliten-unser-grundrecht-auf-meinungsfreiheit\/","og_site_name":"just-now.NEWS Deutschland","article_publisher":"https:\/\/www.facebook.com\/wirmachenauf","article_published_time":"2024-10-12T09:29:49+00:00","og_image":[{"url":"https:\/\/now-news.de\/de\/wp-content\/uploads\/sites\/3\/2024\/10\/67090f17b480cc12f87a92e6.jpg"}],"author":"rtnews","twitter_card":"summary_large_image","twitter_creator":"@WirMachenAuf_de","twitter_site":"@WirMachenAuf_de","twitter_misc":{"Verfasst von":"rtnews","Gesch\u00e4tzte Lesezeit":"6\u00a0Minuten"},"schema":{"@context":"https:\/\/schema.org","@graph":[{"@type":"Article","@id":"https:\/\/now-news.de\/de\/deutschland\/der-erklaerte-feind-der-herrschenden-eliten-unser-grundrecht-auf-meinungsfreiheit\/#article","isPartOf":{"@id":"https:\/\/now-news.de\/de\/deutschland\/der-erklaerte-feind-der-herrschenden-eliten-unser-grundrecht-auf-meinungsfreiheit\/"},"author":{"name":"rtnews","@id":"https:\/\/now-news.de\/de\/#\/schema\/person\/fb534a4e865501d8b3285208df34a9b5"},"headline":"Der erkl\u00e4rte Feind der herrschenden &quot;Eliten&quot;: Unser Grundrecht auf Meinungsfreiheit","datePublished":"2024-10-12T09:29:49+00:00","dateModified":"2024-10-12T09:29:49+00:00","mainEntityOfPage":{"@id":"https:\/\/now-news.de\/de\/deutschland\/der-erklaerte-feind-der-herrschenden-eliten-unser-grundrecht-auf-meinungsfreiheit\/"},"wordCount":1148,"commentCount":0,"publisher":{"@id":"https:\/\/now-news.de\/de\/#organization"},"image":{"@id":"https:\/\/now-news.de\/de\/deutschland\/der-erklaerte-feind-der-herrschenden-eliten-unser-grundrecht-auf-meinungsfreiheit\/#primaryimage"},"thumbnailUrl":"https:\/\/now-news.de\/de\/wp-content\/uploads\/sites\/3\/2024\/10\/Der-erklaerte-Feind-der-herrschenden-quotElitenquot-Unser-Grundrecht-auf-Meinungsfreiheit.jpg","keywords":["AUF","der","erkl\u00e4rte","Feind","Grundrecht","Herrschenden","Meinungsfreiheit","quotElitenquot","unser"],"articleSection":["Deutschland","Russland"],"inLanguage":"de","potentialAction":[{"@type":"CommentAction","name":"Comment","target":["https:\/\/now-news.de\/de\/deutschland\/der-erklaerte-feind-der-herrschenden-eliten-unser-grundrecht-auf-meinungsfreiheit\/#respond"]}]},{"@type":"WebPage","@id":"https:\/\/now-news.de\/de\/deutschland\/der-erklaerte-feind-der-herrschenden-eliten-unser-grundrecht-auf-meinungsfreiheit\/","url":"https:\/\/now-news.de\/de\/deutschland\/der-erklaerte-feind-der-herrschenden-eliten-unser-grundrecht-auf-meinungsfreiheit\/","name":"Der erkl\u00e4rte Feind der herrschenden &quot;Eliten&quot;: Unser Grundrecht auf Meinungsfreiheit - just-now.NEWS Deutschland","isPartOf":{"@id":"https:\/\/now-news.de\/de\/#website"},"primaryImageOfPage":{"@id":"https:\/\/now-news.de\/de\/deutschland\/der-erklaerte-feind-der-herrschenden-eliten-unser-grundrecht-auf-meinungsfreiheit\/#primaryimage"},"image":{"@id":"https:\/\/now-news.de\/de\/deutschland\/der-erklaerte-feind-der-herrschenden-eliten-unser-grundrecht-auf-meinungsfreiheit\/#primaryimage"},"thumbnailUrl":"https:\/\/now-news.de\/de\/wp-content\/uploads\/sites\/3\/2024\/10\/Der-erklaerte-Feind-der-herrschenden-quotElitenquot-Unser-Grundrecht-auf-Meinungsfreiheit.jpg","datePublished":"2024-10-12T09:29:49+00:00","dateModified":"2024-10-12T09:29:49+00:00","breadcrumb":{"@id":"https:\/\/now-news.de\/de\/deutschland\/der-erklaerte-feind-der-herrschenden-eliten-unser-grundrecht-auf-meinungsfreiheit\/#breadcrumb"},"inLanguage":"de","potentialAction":[{"@type":"ReadAction","target":["https:\/\/now-news.de\/de\/deutschland\/der-erklaerte-feind-der-herrschenden-eliten-unser-grundrecht-auf-meinungsfreiheit\/"]}]},{"@type":"ImageObject","inLanguage":"de","@id":"https:\/\/now-news.de\/de\/deutschland\/der-erklaerte-feind-der-herrschenden-eliten-unser-grundrecht-auf-meinungsfreiheit\/#primaryimage","url":"https:\/\/now-news.de\/de\/wp-content\/uploads\/sites\/3\/2024\/10\/Der-erklaerte-Feind-der-herrschenden-quotElitenquot-Unser-Grundrecht-auf-Meinungsfreiheit.jpg","contentUrl":"https:\/\/now-news.de\/de\/wp-content\/uploads\/sites\/3\/2024\/10\/Der-erklaerte-Feind-der-herrschenden-quotElitenquot-Unser-Grundrecht-auf-Meinungsfreiheit.jpg","width":460,"height":259,"caption":"Der erkl\u00e4rte Feind der herrschenden &quot;Eliten&quot;: Unser Grundrecht auf Meinungsfreiheit"},{"@type":"BreadcrumbList","@id":"https:\/\/now-news.de\/de\/deutschland\/der-erklaerte-feind-der-herrschenden-eliten-unser-grundrecht-auf-meinungsfreiheit\/#breadcrumb","itemListElement":[{"@type":"ListItem","position":1,"name":"Home","item":"https:\/\/now-news.de\/de\/"},{"@type":"ListItem","position":2,"name":"Der erkl\u00e4rte Feind der herrschenden &quot;Eliten&quot;: Unser Grundrecht auf Meinungsfreiheit"}]},{"@type":"WebSite","@id":"https:\/\/now-news.de\/de\/#website","url":"https:\/\/now-news.de\/de\/","name":"just-now.NEWS Deutschland","description":"Das Portal f\u00fcr unzensierte Nachrichten aus der Welt","publisher":{"@id":"https:\/\/now-news.de\/de\/#organization"},"potentialAction":[{"@type":"SearchAction","target":{"@type":"EntryPoint","urlTemplate":"https:\/\/now-news.de\/de\/?s={search_term_string}"},"query-input":"required name=search_term_string"}],"inLanguage":"de"},{"@type":"Organization","@id":"https:\/\/now-news.de\/de\/#organization","name":"Just Now News","url":"https:\/\/now-news.de\/de\/","logo":{"@type":"ImageObject","inLanguage":"de","@id":"https:\/\/now-news.de\/de\/#\/schema\/logo\/image\/","url":"http:\/\/just-now.news\/de\/wp-content\/uploads\/sites\/3\/2022\/04\/logo500x500.jpg","contentUrl":"http:\/\/just-now.news\/de\/wp-content\/uploads\/sites\/3\/2022\/04\/logo500x500.jpg","width":500,"height":500,"caption":"Just Now News"},"image":{"@id":"https:\/\/now-news.de\/de\/#\/schema\/logo\/image\/"},"sameAs":["https:\/\/www.facebook.com\/wirmachenauf","https:\/\/x.com\/WirMachenAuf_de"]},{"@type":"Person","@id":"https:\/\/now-news.de\/de\/#\/schema\/person\/fb534a4e865501d8b3285208df34a9b5","name":"rtnews","image":{"@type":"ImageObject","inLanguage":"de","@id":"https:\/\/now-news.de\/de\/#\/schema\/person\/image\/","url":"https:\/\/secure.gravatar.com\/avatar\/82aafea7d8127119dd649515f56e2117?s=96&d=mm&r=g","contentUrl":"https:\/\/secure.gravatar.com\/avatar\/82aafea7d8127119dd649515f56e2117?s=96&d=mm&r=g","caption":"rtnews"},"url":"https:\/\/now-news.de\/de\/author\/rnews\/"}]}},"_links":{"self":[{"href":"https:\/\/now-news.de\/de\/wp-json\/wp\/v2\/posts\/70660"}],"collection":[{"href":"https:\/\/now-news.de\/de\/wp-json\/wp\/v2\/posts"}],"about":[{"href":"https:\/\/now-news.de\/de\/wp-json\/wp\/v2\/types\/post"}],"author":[{"embeddable":true,"href":"https:\/\/now-news.de\/de\/wp-json\/wp\/v2\/users\/3"}],"replies":[{"embeddable":true,"href":"https:\/\/now-news.de\/de\/wp-json\/wp\/v2\/comments?post=70660"}],"version-history":[{"count":0,"href":"https:\/\/now-news.de\/de\/wp-json\/wp\/v2\/posts\/70660\/revisions"}],"wp:featuredmedia":[{"embeddable":true,"href":"https:\/\/now-news.de\/de\/wp-json\/wp\/v2\/media\/70661"}],"wp:attachment":[{"href":"https:\/\/now-news.de\/de\/wp-json\/wp\/v2\/media?parent=70660"}],"wp:term":[{"taxonomy":"category","embeddable":true,"href":"https:\/\/now-news.de\/de\/wp-json\/wp\/v2\/categories?post=70660"},{"taxonomy":"post_tag","embeddable":true,"href":"https:\/\/now-news.de\/de\/wp-json\/wp\/v2\/tags?post=70660"}],"curies":[{"name":"wp","href":"https:\/\/api.w.org\/{rel}","templated":true}]}}