{"id":70658,"date":"2024-10-12T11:01:05","date_gmt":"2024-10-12T09:01:05","guid":{"rendered":"https:\/\/now-news.de\/de\/deutschland\/krefeld-iranischer-brandstifter-hatte-27-identitaeten\/"},"modified":"2024-10-12T11:01:05","modified_gmt":"2024-10-12T09:01:05","slug":"krefeld-iranischer-brandstifter-hatte-27-identitaeten","status":"publish","type":"post","link":"https:\/\/now-news.de\/de\/deutschland\/krefeld-iranischer-brandstifter-hatte-27-identitaeten\/","title":{"rendered":"Krefeld: Iranischer Brandstifter hatte 27 Identit\u00e4ten"},"content":{"rendered":"<p><img decoding=\"async\" src=\"https:\/\/now-news.de\/de\/wp-content\/uploads\/sites\/3\/2024\/10\/670a29a148fbef7df10f14cc.jpeg\" \/><\/p>\n<div class=\"Text-root Text-type_1 \">\n                Drei Polizei- und Feuerwehreins\u00e4tze verursachte ein aus dem Iran stammender Mann am Donnerstagabend in Krefeld. Laut Medienbericht war der seit 2002 in Deutschland lebende, als &#8220;Sicherheitsrisiko&#8221; eingestufte Mann mit 27 Identit\u00e4ten bei den Beh\u00f6rden aktenkundig und pendelte zwischen Deutschland und Frankreich.\n            <\/div>\n<p><\/p>\n<div class=\"Text-root Text-type_5 ArticleView-text ViewText-root \">\n<p>Der Krefelder Polizei wurden am Donnerstagabend gleich\u00a0mehrere Br\u00e4nde im Stadtgebiet gemeldet. Laut Ermittlungsstand wurden sie jeweils durch einen 38-j\u00e4hrigen Iraner verursacht. Der Mann wurde dann beim Versuch, ein weiteres Feuer im Foyer eines Gro\u00dfkinos zu legen, durch Sch\u00fcsse der angeforderten Polizei gestoppt. Der<em> K\u00f6lner Stadt-Anzeiger<\/em> erfuhr aus &#8220;Sicherheitskreisen&#8221;, dass der Amokl\u00e4ufer \u00fcber die Jahre seines Aufenthalts in Deutschland &#8220;mehrere Strafakten&#8221; f\u00fcllte und bereits im Gef\u00e4ngnis sa\u00df. Weiteren\u00a0<strong><\/strong>Medienberichten zufolge soll er zudem \u00fcber\u00a027 Identit\u00e4ten\u00a0verf\u00fcgt haben.<\/p>\n<p>Der <a rel=\"nofollow noopener\" target=\"_blank\" href=\"https:\/\/www.ksta.de\/politik\/nrw-politik\/amoklauf-am-kino-mutmasslicher-taeter-aus-krefeld-fuellte-bereits-mehrere-strafakten-878389\">Artikel<\/a> des\u00a0<em>K\u00f6lner Stadt-Anzeigers<\/em> schildert, wie der Iraner seit rund 20 Jahren unterschiedlichste Beh\u00f6rden der Region fortdauernd besch\u00e4ftigte. Die vorerst letzte Amok-Tour des 38-J\u00e4hrigen erfolgte am 10. Oktober, als er &#8220;mit einem Benzinkanister in der Hand drei Br\u00e4nde legte, ehe ihn\u00a0die Polizei im Eingang des Gro\u00dfkinos Cinemaxx nahe des Hauptbahnhofs stellte und mit einem Schuss au\u00dfer Gefecht setzen konnte&#8221;.<\/p>\n<p>Zu dem seit Jahren aktenkundigen Mann hei\u00dft es laut Angaben der Polizei:<\/p>\n<p><em>&#8220;Offenbar galt der Iraner als psychisch krank, benutzte zahlreiche falsche Namen, um die Beh\u00f6rden zu t\u00e4uschen.&#8221;<\/em><\/p>\n<p>Die bisher erfolgten Anklagen, samt Verurteilungen und Gef\u00e4ngnisaufenthalt, beziehen sich laut Recherche der Zeitung auf die Delikte &#8220;gef\u00e4hrliche K\u00f6rperverletzung,\u00a0versuchte Vergewaltigung, auch Sachbesch\u00e4digung sowie Widerstand gegen Vollstreckungsbeamte, Bedrohung und Beleidigung&#8221;. Der Iraner gelte bei den Beh\u00f6rden &#8220;l\u00e4ngst als Sicherheitsrisiko&#8221;. Weiter hei\u00dft es:<\/p>\n<p><em>&#8220;2002 nach Deutschland eingereist, f\u00fcllt er seither bei Justiz und Polizei Strafakten. Wie ein Nomade soll Hassan N. zwischen Frankreich und Deutschland hin und her gependelt sein, um Straftaten zu begehen.&#8221;<\/em><\/p>\n<p>Der Artikel erinnert, dass von Oktober 2022 bis zum 1. Januar 2024 in Deutschland ein Abschiebestopp f\u00fcr iranische Fl\u00fcchtlinge galt.\u00a0Einer Sprecherin aus dem Fl\u00fcchtlingsministerium zufolge &#8220;finden nun auch R\u00fcckf\u00fchrungen in den Iran statt&#8221;. Dies galt nach Aktenlage &#8220;aber nicht f\u00fcr Hassan N., da er den Angaben zufolge \u00fcber eine Duldung verf\u00fcgte&#8221;.<\/p>\n<p>Zwei Tage vor seinem j\u00fcngsten Amoklauf soll der Iraner &#8220;bei einem Termin im \u00f6rtlichen Ausl\u00e4nderamt \u00e4u\u00dferst aggressiv aufgetreten sein&#8221;. Grund f\u00fcr seinen \u00c4rger war demnach das Verhalten eines\u00a0Sachbearbeiters, der darauf bestand, &#8220;ihm nur unter seinem richtigen Namen eine weitere Aufenthaltserlaubnis zu erteilen&#8221;.\u00a0Laut der\u00a0<a rel=\"nofollow noopener\" target=\"_blank\" href=\"https:\/\/www.bild.de\/regional\/nordrhein-westfalen\/amok-alarm-in-krefeld-verdaechtiger-iraner-hat-27-identitaeten-67091f952a748979b746f141?cachebuster=true\" data-internal-tracking-enabled=\"true\" data-internal-tracking='{\"action\":\"click\",\"label\":\"link\",\"name\":\"Inline Element\",\"data\":{\"source\":\"\",\"target\":\"https:\/\/www.bild.de\/regional\/nordrhein-westfalen\/amok-alarm-in-krefeld-verdaechtiger-iraner-hat-27-identitaeten-67091f952a748979b746f141?cachebuster=true\",\"trackingName\":\"\",\"trackingLabel\":\"\"}}'><em>Bild<\/em>-Zeitung<\/a>\u00a0ist der Mann unter 27 Alias-Namen im europ\u00e4ischen Fl\u00fcchtlingssystem bekannt.<\/p>\n<p>Zum Zeitpunkt der versuchten Attacke auf das Foyer des Gro\u00dfkinos befanden sich laut Polizei &#8220;mehr als 100 Menschen im Cinemaxx&#8221;. Personen kamen bei dem Amoklauf nicht zu Schaden. Hassan N. wurde nach den Sch\u00fcssen der Polizei in eine Klinik eingeliefert. &#8220;Lebensgefahr besteht nicht&#8221;, teilte ein Polizeisprecher mit, &#8220;es liegen auch keine Hinweise auf einen terroristischen Anschlag vor&#8221;.<\/p>\n<p><strong>Mehr zum Thema &#8211;\u00a0<\/strong>\u00a0<a rel=\"nofollow noopener\" target=\"_blank\" href=\"https:\/\/freedert.online\/europa\/221536-migration-nach-europa-die-meisten-asylantraege-nach-wie-vor-in-deutschland-gestellt\/\">Migration nach Europa: Die meisten Asylantr\u00e4ge werden nach wie vor in Deutschland gestellt<\/a><\/p>\n<div class=\"EmbedBlock-root EmbedBlock-externalVideo EmbedBlock-rumble\">\n<div class=\"VkEmbed\"><iframe class=\"lazyload\" data-src=\"https:\/\/rumble.com\/embed\/v5fxgtx\" frameborder=\"0\" width=\"853\" height=\"480\" allowfullscreen><\/iframe><\/div>\n<\/div>\n<\/div>\n<p><br \/>\n<br \/><a href=\"https:\/\/de.rt.com\/inland\/222218-krefeld-iranischer-brandstifter-wurde-mit\/\">Source link <\/a><\/p>\n","protected":false},"excerpt":{"rendered":"<p>Drei Polizei- und Feuerwehreins\u00e4tze verursachte ein aus dem Iran stammender Mann am Donnerstagabend in Krefeld. Laut Medienbericht war der seit 2002 in Deutschland lebende, als &#8220;Sicherheitsrisiko&#8221; eingestufte Mann mit 27 Identit\u00e4ten bei den Beh\u00f6rden aktenkundig und pendelte zwischen Deutschland und Frankreich. Der Krefelder Polizei wurden am Donnerstagabend gleich\u00a0mehrere Br\u00e4nde im Stadtgebiet gemeldet. Laut Ermittlungsstand wurden [&hellip;]<\/p>\n","protected":false},"author":3,"featured_media":70659,"comment_status":"open","ping_status":"open","sticky":false,"template":"","format":"standard","meta":{"_yoast_indexnow_last_ping":["1728723972"],"wp_automatic_camp":["217"],"e040b5e8f8dd620e738da9b7c81c657e":["Krefeld: Iranischer Brandstifter hatte 27 Identit\u00e4ten"],"original_link":["https:\/\/de.rt.com\/inland\/222218-krefeld-iranischer-brandstifter-wurde-mit\/"],"_thumbnail_id":["70659"],"_wptgpro_p2tg_sent2tg":["a:1:{i:23737;s:19:\"2024-10-12 11:07:16\";}"],"jnews_social_counter_last_update":["1777366264"]},"categories":[19,23],"tags":[55768,5373,29898,10048,59371],"yoast_head":"<!-- This site is optimized with the Yoast SEO Premium plugin v22.7 (Yoast SEO v22.7) - https:\/\/yoast.com\/wordpress\/plugins\/seo\/ -->\n<title>Krefeld: Iranischer Brandstifter hatte 27 Identit\u00e4ten - just-now.NEWS Deutschland<\/title>\n<meta name=\"robots\" content=\"index, follow, max-snippet:-1, max-image-preview:large, max-video-preview:-1\" \/>\n<link rel=\"canonical\" href=\"https:\/\/now-news.de\/de\/deutschland\/krefeld-iranischer-brandstifter-hatte-27-identitaeten\/\" \/>\n<meta property=\"og:locale\" content=\"de_DE\" \/>\n<meta property=\"og:type\" content=\"article\" \/>\n<meta property=\"og:title\" content=\"Krefeld: Iranischer Brandstifter hatte 27 Identit\u00e4ten\" \/>\n<meta property=\"og:description\" content=\"Drei Polizei- und Feuerwehreins\u00e4tze verursachte ein aus dem Iran stammender Mann am Donnerstagabend in Krefeld. Laut Medienbericht war der seit 2002 in Deutschland lebende, als &#8220;Sicherheitsrisiko&#8221; eingestufte Mann mit 27 Identit\u00e4ten bei den Beh\u00f6rden aktenkundig und pendelte zwischen Deutschland und Frankreich. Der Krefelder Polizei wurden am Donnerstagabend gleich\u00a0mehrere Br\u00e4nde im Stadtgebiet gemeldet. Laut Ermittlungsstand wurden [&hellip;]\" \/>\n<meta property=\"og:url\" content=\"https:\/\/now-news.de\/de\/deutschland\/krefeld-iranischer-brandstifter-hatte-27-identitaeten\/\" \/>\n<meta property=\"og:site_name\" content=\"just-now.NEWS Deutschland\" \/>\n<meta property=\"article:publisher\" content=\"https:\/\/www.facebook.com\/wirmachenauf\" \/>\n<meta property=\"article:published_time\" content=\"2024-10-12T09:01:05+00:00\" \/>\n<meta property=\"og:image\" content=\"https:\/\/now-news.de\/de\/wp-content\/uploads\/sites\/3\/2024\/10\/670a29a148fbef7df10f14cc.jpeg\" \/>\n<meta name=\"author\" content=\"rtnews\" \/>\n<meta name=\"twitter:card\" content=\"summary_large_image\" \/>\n<meta name=\"twitter:creator\" content=\"@WirMachenAuf_de\" \/>\n<meta name=\"twitter:site\" content=\"@WirMachenAuf_de\" \/>\n<meta name=\"twitter:label1\" content=\"Verfasst von\" \/>\n\t<meta name=\"twitter:data1\" content=\"rtnews\" \/>\n\t<meta name=\"twitter:label2\" content=\"Gesch\u00e4tzte Lesezeit\" \/>\n\t<meta name=\"twitter:data2\" content=\"3\u00a0Minuten\" \/>\n<script type=\"application\/ld+json\" class=\"yoast-schema-graph\">{\"@context\":\"https:\/\/schema.org\",\"@graph\":[{\"@type\":\"Article\",\"@id\":\"https:\/\/now-news.de\/de\/deutschland\/krefeld-iranischer-brandstifter-hatte-27-identitaeten\/#article\",\"isPartOf\":{\"@id\":\"https:\/\/now-news.de\/de\/deutschland\/krefeld-iranischer-brandstifter-hatte-27-identitaeten\/\"},\"author\":{\"name\":\"rtnews\",\"@id\":\"https:\/\/now-news.de\/de\/#\/schema\/person\/fb534a4e865501d8b3285208df34a9b5\"},\"headline\":\"Krefeld: Iranischer Brandstifter hatte 27 Identit\u00e4ten\",\"datePublished\":\"2024-10-12T09:01:05+00:00\",\"dateModified\":\"2024-10-12T09:01:05+00:00\",\"mainEntityOfPage\":{\"@id\":\"https:\/\/now-news.de\/de\/deutschland\/krefeld-iranischer-brandstifter-hatte-27-identitaeten\/\"},\"wordCount\":508,\"commentCount\":0,\"publisher\":{\"@id\":\"https:\/\/now-news.de\/de\/#organization\"},\"image\":{\"@id\":\"https:\/\/now-news.de\/de\/deutschland\/krefeld-iranischer-brandstifter-hatte-27-identitaeten\/#primaryimage\"},\"thumbnailUrl\":\"https:\/\/now-news.de\/de\/wp-content\/uploads\/sites\/3\/2024\/10\/Krefeld-Iranischer-Brandstifter-hatte-27-Identitaeten.jpeg\",\"keywords\":[\"Brandstifter\",\"h\u00e4tte\",\"Identit\u00e4ten\",\"Iranischer\",\"Krefeld\"],\"articleSection\":[\"Deutschland\",\"Russland\"],\"inLanguage\":\"de\",\"potentialAction\":[{\"@type\":\"CommentAction\",\"name\":\"Comment\",\"target\":[\"https:\/\/now-news.de\/de\/deutschland\/krefeld-iranischer-brandstifter-hatte-27-identitaeten\/#respond\"]}]},{\"@type\":\"WebPage\",\"@id\":\"https:\/\/now-news.de\/de\/deutschland\/krefeld-iranischer-brandstifter-hatte-27-identitaeten\/\",\"url\":\"https:\/\/now-news.de\/de\/deutschland\/krefeld-iranischer-brandstifter-hatte-27-identitaeten\/\",\"name\":\"Krefeld: Iranischer Brandstifter hatte 27 Identit\u00e4ten - just-now.NEWS Deutschland\",\"isPartOf\":{\"@id\":\"https:\/\/now-news.de\/de\/#website\"},\"primaryImageOfPage\":{\"@id\":\"https:\/\/now-news.de\/de\/deutschland\/krefeld-iranischer-brandstifter-hatte-27-identitaeten\/#primaryimage\"},\"image\":{\"@id\":\"https:\/\/now-news.de\/de\/deutschland\/krefeld-iranischer-brandstifter-hatte-27-identitaeten\/#primaryimage\"},\"thumbnailUrl\":\"https:\/\/now-news.de\/de\/wp-content\/uploads\/sites\/3\/2024\/10\/Krefeld-Iranischer-Brandstifter-hatte-27-Identitaeten.jpeg\",\"datePublished\":\"2024-10-12T09:01:05+00:00\",\"dateModified\":\"2024-10-12T09:01:05+00:00\",\"breadcrumb\":{\"@id\":\"https:\/\/now-news.de\/de\/deutschland\/krefeld-iranischer-brandstifter-hatte-27-identitaeten\/#breadcrumb\"},\"inLanguage\":\"de\",\"potentialAction\":[{\"@type\":\"ReadAction\",\"target\":[\"https:\/\/now-news.de\/de\/deutschland\/krefeld-iranischer-brandstifter-hatte-27-identitaeten\/\"]}]},{\"@type\":\"ImageObject\",\"inLanguage\":\"de\",\"@id\":\"https:\/\/now-news.de\/de\/deutschland\/krefeld-iranischer-brandstifter-hatte-27-identitaeten\/#primaryimage\",\"url\":\"https:\/\/now-news.de\/de\/wp-content\/uploads\/sites\/3\/2024\/10\/Krefeld-Iranischer-Brandstifter-hatte-27-Identitaeten.jpeg\",\"contentUrl\":\"https:\/\/now-news.de\/de\/wp-content\/uploads\/sites\/3\/2024\/10\/Krefeld-Iranischer-Brandstifter-hatte-27-Identitaeten.jpeg\",\"width\":460,\"height\":259,\"caption\":\"Krefeld: Iranischer Brandstifter hatte 27 Identit\u00e4ten\"},{\"@type\":\"BreadcrumbList\",\"@id\":\"https:\/\/now-news.de\/de\/deutschland\/krefeld-iranischer-brandstifter-hatte-27-identitaeten\/#breadcrumb\",\"itemListElement\":[{\"@type\":\"ListItem\",\"position\":1,\"name\":\"Home\",\"item\":\"https:\/\/now-news.de\/de\/\"},{\"@type\":\"ListItem\",\"position\":2,\"name\":\"Krefeld: Iranischer Brandstifter hatte 27 Identit\u00e4ten\"}]},{\"@type\":\"WebSite\",\"@id\":\"https:\/\/now-news.de\/de\/#website\",\"url\":\"https:\/\/now-news.de\/de\/\",\"name\":\"just-now.NEWS Deutschland\",\"description\":\"Das Portal f\u00fcr unzensierte Nachrichten aus der Welt\",\"publisher\":{\"@id\":\"https:\/\/now-news.de\/de\/#organization\"},\"potentialAction\":[{\"@type\":\"SearchAction\",\"target\":{\"@type\":\"EntryPoint\",\"urlTemplate\":\"https:\/\/now-news.de\/de\/?s={search_term_string}\"},\"query-input\":\"required name=search_term_string\"}],\"inLanguage\":\"de\"},{\"@type\":\"Organization\",\"@id\":\"https:\/\/now-news.de\/de\/#organization\",\"name\":\"Just Now News\",\"url\":\"https:\/\/now-news.de\/de\/\",\"logo\":{\"@type\":\"ImageObject\",\"inLanguage\":\"de\",\"@id\":\"https:\/\/now-news.de\/de\/#\/schema\/logo\/image\/\",\"url\":\"http:\/\/just-now.news\/de\/wp-content\/uploads\/sites\/3\/2022\/04\/logo500x500.jpg\",\"contentUrl\":\"http:\/\/just-now.news\/de\/wp-content\/uploads\/sites\/3\/2022\/04\/logo500x500.jpg\",\"width\":500,\"height\":500,\"caption\":\"Just Now News\"},\"image\":{\"@id\":\"https:\/\/now-news.de\/de\/#\/schema\/logo\/image\/\"},\"sameAs\":[\"https:\/\/www.facebook.com\/wirmachenauf\",\"https:\/\/x.com\/WirMachenAuf_de\"]},{\"@type\":\"Person\",\"@id\":\"https:\/\/now-news.de\/de\/#\/schema\/person\/fb534a4e865501d8b3285208df34a9b5\",\"name\":\"rtnews\",\"image\":{\"@type\":\"ImageObject\",\"inLanguage\":\"de\",\"@id\":\"https:\/\/now-news.de\/de\/#\/schema\/person\/image\/\",\"url\":\"https:\/\/secure.gravatar.com\/avatar\/82aafea7d8127119dd649515f56e2117?s=96&d=mm&r=g\",\"contentUrl\":\"https:\/\/secure.gravatar.com\/avatar\/82aafea7d8127119dd649515f56e2117?s=96&d=mm&r=g\",\"caption\":\"rtnews\"},\"url\":\"https:\/\/now-news.de\/de\/author\/rnews\/\"}]}<\/script>\n<!-- \/ Yoast SEO Premium plugin. -->","yoast_head_json":{"title":"Krefeld: Iranischer Brandstifter hatte 27 Identit\u00e4ten - just-now.NEWS Deutschland","robots":{"index":"index","follow":"follow","max-snippet":"max-snippet:-1","max-image-preview":"max-image-preview:large","max-video-preview":"max-video-preview:-1"},"canonical":"https:\/\/now-news.de\/de\/deutschland\/krefeld-iranischer-brandstifter-hatte-27-identitaeten\/","og_locale":"de_DE","og_type":"article","og_title":"Krefeld: Iranischer Brandstifter hatte 27 Identit\u00e4ten","og_description":"Drei Polizei- und Feuerwehreins\u00e4tze verursachte ein aus dem Iran stammender Mann am Donnerstagabend in Krefeld. Laut Medienbericht war der seit 2002 in Deutschland lebende, als &#8220;Sicherheitsrisiko&#8221; eingestufte Mann mit 27 Identit\u00e4ten bei den Beh\u00f6rden aktenkundig und pendelte zwischen Deutschland und Frankreich. Der Krefelder Polizei wurden am Donnerstagabend gleich\u00a0mehrere Br\u00e4nde im Stadtgebiet gemeldet. Laut Ermittlungsstand wurden [&hellip;]","og_url":"https:\/\/now-news.de\/de\/deutschland\/krefeld-iranischer-brandstifter-hatte-27-identitaeten\/","og_site_name":"just-now.NEWS Deutschland","article_publisher":"https:\/\/www.facebook.com\/wirmachenauf","article_published_time":"2024-10-12T09:01:05+00:00","og_image":[{"url":"https:\/\/now-news.de\/de\/wp-content\/uploads\/sites\/3\/2024\/10\/670a29a148fbef7df10f14cc.jpeg"}],"author":"rtnews","twitter_card":"summary_large_image","twitter_creator":"@WirMachenAuf_de","twitter_site":"@WirMachenAuf_de","twitter_misc":{"Verfasst von":"rtnews","Gesch\u00e4tzte Lesezeit":"3\u00a0Minuten"},"schema":{"@context":"https:\/\/schema.org","@graph":[{"@type":"Article","@id":"https:\/\/now-news.de\/de\/deutschland\/krefeld-iranischer-brandstifter-hatte-27-identitaeten\/#article","isPartOf":{"@id":"https:\/\/now-news.de\/de\/deutschland\/krefeld-iranischer-brandstifter-hatte-27-identitaeten\/"},"author":{"name":"rtnews","@id":"https:\/\/now-news.de\/de\/#\/schema\/person\/fb534a4e865501d8b3285208df34a9b5"},"headline":"Krefeld: Iranischer Brandstifter hatte 27 Identit\u00e4ten","datePublished":"2024-10-12T09:01:05+00:00","dateModified":"2024-10-12T09:01:05+00:00","mainEntityOfPage":{"@id":"https:\/\/now-news.de\/de\/deutschland\/krefeld-iranischer-brandstifter-hatte-27-identitaeten\/"},"wordCount":508,"commentCount":0,"publisher":{"@id":"https:\/\/now-news.de\/de\/#organization"},"image":{"@id":"https:\/\/now-news.de\/de\/deutschland\/krefeld-iranischer-brandstifter-hatte-27-identitaeten\/#primaryimage"},"thumbnailUrl":"https:\/\/now-news.de\/de\/wp-content\/uploads\/sites\/3\/2024\/10\/Krefeld-Iranischer-Brandstifter-hatte-27-Identitaeten.jpeg","keywords":["Brandstifter","h\u00e4tte","Identit\u00e4ten","Iranischer","Krefeld"],"articleSection":["Deutschland","Russland"],"inLanguage":"de","potentialAction":[{"@type":"CommentAction","name":"Comment","target":["https:\/\/now-news.de\/de\/deutschland\/krefeld-iranischer-brandstifter-hatte-27-identitaeten\/#respond"]}]},{"@type":"WebPage","@id":"https:\/\/now-news.de\/de\/deutschland\/krefeld-iranischer-brandstifter-hatte-27-identitaeten\/","url":"https:\/\/now-news.de\/de\/deutschland\/krefeld-iranischer-brandstifter-hatte-27-identitaeten\/","name":"Krefeld: Iranischer Brandstifter hatte 27 Identit\u00e4ten - just-now.NEWS Deutschland","isPartOf":{"@id":"https:\/\/now-news.de\/de\/#website"},"primaryImageOfPage":{"@id":"https:\/\/now-news.de\/de\/deutschland\/krefeld-iranischer-brandstifter-hatte-27-identitaeten\/#primaryimage"},"image":{"@id":"https:\/\/now-news.de\/de\/deutschland\/krefeld-iranischer-brandstifter-hatte-27-identitaeten\/#primaryimage"},"thumbnailUrl":"https:\/\/now-news.de\/de\/wp-content\/uploads\/sites\/3\/2024\/10\/Krefeld-Iranischer-Brandstifter-hatte-27-Identitaeten.jpeg","datePublished":"2024-10-12T09:01:05+00:00","dateModified":"2024-10-12T09:01:05+00:00","breadcrumb":{"@id":"https:\/\/now-news.de\/de\/deutschland\/krefeld-iranischer-brandstifter-hatte-27-identitaeten\/#breadcrumb"},"inLanguage":"de","potentialAction":[{"@type":"ReadAction","target":["https:\/\/now-news.de\/de\/deutschland\/krefeld-iranischer-brandstifter-hatte-27-identitaeten\/"]}]},{"@type":"ImageObject","inLanguage":"de","@id":"https:\/\/now-news.de\/de\/deutschland\/krefeld-iranischer-brandstifter-hatte-27-identitaeten\/#primaryimage","url":"https:\/\/now-news.de\/de\/wp-content\/uploads\/sites\/3\/2024\/10\/Krefeld-Iranischer-Brandstifter-hatte-27-Identitaeten.jpeg","contentUrl":"https:\/\/now-news.de\/de\/wp-content\/uploads\/sites\/3\/2024\/10\/Krefeld-Iranischer-Brandstifter-hatte-27-Identitaeten.jpeg","width":460,"height":259,"caption":"Krefeld: Iranischer Brandstifter hatte 27 Identit\u00e4ten"},{"@type":"BreadcrumbList","@id":"https:\/\/now-news.de\/de\/deutschland\/krefeld-iranischer-brandstifter-hatte-27-identitaeten\/#breadcrumb","itemListElement":[{"@type":"ListItem","position":1,"name":"Home","item":"https:\/\/now-news.de\/de\/"},{"@type":"ListItem","position":2,"name":"Krefeld: Iranischer Brandstifter hatte 27 Identit\u00e4ten"}]},{"@type":"WebSite","@id":"https:\/\/now-news.de\/de\/#website","url":"https:\/\/now-news.de\/de\/","name":"just-now.NEWS Deutschland","description":"Das Portal f\u00fcr unzensierte Nachrichten aus der Welt","publisher":{"@id":"https:\/\/now-news.de\/de\/#organization"},"potentialAction":[{"@type":"SearchAction","target":{"@type":"EntryPoint","urlTemplate":"https:\/\/now-news.de\/de\/?s={search_term_string}"},"query-input":"required name=search_term_string"}],"inLanguage":"de"},{"@type":"Organization","@id":"https:\/\/now-news.de\/de\/#organization","name":"Just Now News","url":"https:\/\/now-news.de\/de\/","logo":{"@type":"ImageObject","inLanguage":"de","@id":"https:\/\/now-news.de\/de\/#\/schema\/logo\/image\/","url":"http:\/\/just-now.news\/de\/wp-content\/uploads\/sites\/3\/2022\/04\/logo500x500.jpg","contentUrl":"http:\/\/just-now.news\/de\/wp-content\/uploads\/sites\/3\/2022\/04\/logo500x500.jpg","width":500,"height":500,"caption":"Just Now News"},"image":{"@id":"https:\/\/now-news.de\/de\/#\/schema\/logo\/image\/"},"sameAs":["https:\/\/www.facebook.com\/wirmachenauf","https:\/\/x.com\/WirMachenAuf_de"]},{"@type":"Person","@id":"https:\/\/now-news.de\/de\/#\/schema\/person\/fb534a4e865501d8b3285208df34a9b5","name":"rtnews","image":{"@type":"ImageObject","inLanguage":"de","@id":"https:\/\/now-news.de\/de\/#\/schema\/person\/image\/","url":"https:\/\/secure.gravatar.com\/avatar\/82aafea7d8127119dd649515f56e2117?s=96&d=mm&r=g","contentUrl":"https:\/\/secure.gravatar.com\/avatar\/82aafea7d8127119dd649515f56e2117?s=96&d=mm&r=g","caption":"rtnews"},"url":"https:\/\/now-news.de\/de\/author\/rnews\/"}]}},"_links":{"self":[{"href":"https:\/\/now-news.de\/de\/wp-json\/wp\/v2\/posts\/70658"}],"collection":[{"href":"https:\/\/now-news.de\/de\/wp-json\/wp\/v2\/posts"}],"about":[{"href":"https:\/\/now-news.de\/de\/wp-json\/wp\/v2\/types\/post"}],"author":[{"embeddable":true,"href":"https:\/\/now-news.de\/de\/wp-json\/wp\/v2\/users\/3"}],"replies":[{"embeddable":true,"href":"https:\/\/now-news.de\/de\/wp-json\/wp\/v2\/comments?post=70658"}],"version-history":[{"count":0,"href":"https:\/\/now-news.de\/de\/wp-json\/wp\/v2\/posts\/70658\/revisions"}],"wp:featuredmedia":[{"embeddable":true,"href":"https:\/\/now-news.de\/de\/wp-json\/wp\/v2\/media\/70659"}],"wp:attachment":[{"href":"https:\/\/now-news.de\/de\/wp-json\/wp\/v2\/media?parent=70658"}],"wp:term":[{"taxonomy":"category","embeddable":true,"href":"https:\/\/now-news.de\/de\/wp-json\/wp\/v2\/categories?post=70658"},{"taxonomy":"post_tag","embeddable":true,"href":"https:\/\/now-news.de\/de\/wp-json\/wp\/v2\/tags?post=70658"}],"curies":[{"name":"wp","href":"https:\/\/api.w.org\/{rel}","templated":true}]}}