{"id":70606,"date":"2024-10-11T11:22:14","date_gmt":"2024-10-11T09:22:14","guid":{"rendered":"https:\/\/now-news.de\/de\/deutschland\/oeltanker-brennt-auf-ostsee-vor-warnemuende\/"},"modified":"2024-10-11T11:22:14","modified_gmt":"2024-10-11T09:22:14","slug":"oeltanker-brennt-auf-ostsee-vor-warnemuende","status":"publish","type":"post","link":"https:\/\/now-news.de\/de\/deutschland\/oeltanker-brennt-auf-ostsee-vor-warnemuende\/","title":{"rendered":"\u00d6ltanker brennt auf Ostsee vor Warnem\u00fcnde"},"content":{"rendered":"<p><img decoding=\"async\" src=\"https:\/\/now-news.de\/de\/wp-content\/uploads\/sites\/3\/2024\/05\/breaking3.jpg\" \/><\/p>\n<div class=\"Text-root Text-type_1 \">\n                An der Ostseek\u00fcste vor Warnem\u00fcnde brennt seit Freitagvormittag der Tanker &#8220;Annika&#8221;. Augenzeugen berichten von einer Explosion. Die Besatzung muss evakuiert werden. Ein L\u00f6schboot ist im Einsatz.\n            <\/div>\n<p><\/p>\n<div class=\"Text-root Text-type_5 ArticleView-text ViewText-root \">\n<p>Wie die <em>Ostsee Zeitung<\/em> (<em>OZ<\/em>) berichtet, berennt der Tanker &#8220;Annika&#8221; seit Freitagvormittag auf der Ostsee vor Warnem\u00fcnde. Augenzeugen berichteten der <em>OZ<\/em>, dass es eine Verpuffung oder Explosion gegeben soll. Danach stiegen Rauchwolken auf. Gemeldet wurde der Brand um 9.14 Uhr.<\/p>\n<p>Nach OZ-Informationen habe sich der Notfallschlepper &#8220;Baltic&#8221; sofort auf den Weg gemacht, um das Schiff zu l\u00f6schen und zu k\u00fchlen. Er habe die &#8220;Annika&#8221; bereits nach kurzer Zeit am Haken gehabt.<\/p>\n<p>Das Wasserstra\u00dfen- und Schifffahrtsamt Ostsee (WSA) best\u00e4tigte, dass es sich bei dem brennenden Schiff um einen Tanker handelt. Das Schiff soll mehrere Hundert Tonnen Schwer\u00f6l geladen haben.<\/p>\n<p>Eine Sprecherin des Havariekommando Cuxhaven, das den Einsatz leitet, best\u00e4tigte, dass der Tanker derzeit 640 Tonnen Schwer\u00f6l an Bord habe. <\/p>\n<p>Wie gro\u00df die Besatzung der &#8220;Annika&#8221; ist, war zun\u00e4chst unklar. Sp\u00e4ter hie\u00df es, dass sich sieben Personen an Bord befunden haben. Sie wurden vom Seenotrettungsboot \u201eWilma Sikorski\u201c der Deutschen Gesellschaft zur Rettung Schiffbr\u00fcchiger (DGzRS) evakuiert, wie das Havariekommando informiert.<\/p>\n<p>Wie die Zeitung weiter berichtet, soll es unter der Besetzung f\u00fcnf Verletzte geben haben, die mit Schiffen nach K\u00fchlungsborn gebracht worden sind. Von dort aus fahren gerade im Minutentakt Rettungswagen in Richtung Bad Doberan und Rostock.<\/p>\n<p><strong>Mehr zum Thema<\/strong> \u2013 <a rel=\"nofollow noopener\" target=\"_blank\" href=\"https:\/\/freeassange.rtde.life\/nordamerika\/221049-streik-us-hafenarbeiter-auswirkungen-auf\/\">Streik der US-Hafenarbeiter \u2013 Auswirkungen auf Versorgungssicherheit erwartet <\/a><\/p>\n<div class=\"EmbedBlock-root EmbedBlock-externalVideo EmbedBlock-rumble\">\n<div class=\"VkEmbed\"><iframe class=\"lazyload\" data-src=\"https:\/\/rumble.com\/embed\/v5fbw1v\" frameborder=\"0\" width=\"853\" height=\"480\" allowfullscreen><\/iframe><\/div>\n<\/div>\n<p><em>\u00a0<\/em><\/p>\n<\/div>\n<p><br \/>\n<br \/><a href=\"https:\/\/de.rt.com\/inland\/222127-oeltanker-brennt-auf-ostsee-vor-warnemuende\/\">Source link <\/a><\/p>\n","protected":false},"excerpt":{"rendered":"<p>An der Ostseek\u00fcste vor Warnem\u00fcnde brennt seit Freitagvormittag der Tanker &#8220;Annika&#8221;. Augenzeugen berichten von einer Explosion. Die Besatzung muss evakuiert werden. Ein L\u00f6schboot ist im Einsatz. Wie die Ostsee Zeitung (OZ) berichtet, berennt der Tanker &#8220;Annika&#8221; seit Freitagvormittag auf der Ostsee vor Warnem\u00fcnde. Augenzeugen berichteten der OZ, dass es eine Verpuffung oder Explosion gegeben soll. [&hellip;]<\/p>\n","protected":false},"author":3,"featured_media":58637,"comment_status":"open","ping_status":"open","sticky":false,"template":"","format":"standard","meta":{"_yoast_indexnow_last_ping":["1728639010"],"wp_automatic_camp":["217"],"2d76a53cd1ccfc4a0ccd1b9b55483d9d":["\u00d6ltanker brennt auf Ostsee vor Warnem\u00fcnde"],"original_link":["https:\/\/de.rt.com\/inland\/222127-oeltanker-brennt-auf-ostsee-vor-warnemuende\/"],"_thumbnail_id":["58637"],"jnews_social_counter_last_update":["1776874780"],"_wptgpro_p2tg_sent2tg":["a:1:{i:23737;s:19:\"2024-10-11 11:31:19\";}"]},"categories":[19,23],"tags":[133,39153,22081,1123,320,59351],"yoast_head":"<!-- This site is optimized with the Yoast SEO Premium plugin v22.7 (Yoast SEO v22.7) - https:\/\/yoast.com\/wordpress\/plugins\/seo\/ -->\n<title>\u00d6ltanker brennt auf Ostsee vor Warnem\u00fcnde - just-now.NEWS Deutschland<\/title>\n<meta name=\"robots\" content=\"index, follow, max-snippet:-1, max-image-preview:large, max-video-preview:-1\" \/>\n<link rel=\"canonical\" href=\"https:\/\/now-news.de\/de\/deutschland\/oeltanker-brennt-auf-ostsee-vor-warnemuende\/\" \/>\n<meta property=\"og:locale\" content=\"de_DE\" \/>\n<meta property=\"og:type\" content=\"article\" \/>\n<meta property=\"og:title\" content=\"\u00d6ltanker brennt auf Ostsee vor Warnem\u00fcnde\" \/>\n<meta property=\"og:description\" content=\"An der Ostseek\u00fcste vor Warnem\u00fcnde brennt seit Freitagvormittag der Tanker &#8220;Annika&#8221;. Augenzeugen berichten von einer Explosion. Die Besatzung muss evakuiert werden. Ein L\u00f6schboot ist im Einsatz. Wie die Ostsee Zeitung (OZ) berichtet, berennt der Tanker &#8220;Annika&#8221; seit Freitagvormittag auf der Ostsee vor Warnem\u00fcnde. Augenzeugen berichteten der OZ, dass es eine Verpuffung oder Explosion gegeben soll. [&hellip;]\" \/>\n<meta property=\"og:url\" content=\"https:\/\/now-news.de\/de\/deutschland\/oeltanker-brennt-auf-ostsee-vor-warnemuende\/\" \/>\n<meta property=\"og:site_name\" content=\"just-now.NEWS Deutschland\" \/>\n<meta property=\"article:publisher\" content=\"https:\/\/www.facebook.com\/wirmachenauf\" \/>\n<meta property=\"article:published_time\" content=\"2024-10-11T09:22:14+00:00\" \/>\n<meta property=\"og:image\" content=\"https:\/\/now-news.de\/de\/wp-content\/uploads\/sites\/3\/2024\/05\/breaking3.jpg\" \/>\n<meta name=\"author\" content=\"rtnews\" \/>\n<meta name=\"twitter:card\" content=\"summary_large_image\" \/>\n<meta name=\"twitter:creator\" content=\"@WirMachenAuf_de\" \/>\n<meta name=\"twitter:site\" content=\"@WirMachenAuf_de\" \/>\n<meta name=\"twitter:label1\" content=\"Verfasst von\" \/>\n\t<meta name=\"twitter:data1\" content=\"rtnews\" \/>\n\t<meta name=\"twitter:label2\" content=\"Gesch\u00e4tzte Lesezeit\" \/>\n\t<meta name=\"twitter:data2\" content=\"1\u00a0Minute\" \/>\n<script type=\"application\/ld+json\" class=\"yoast-schema-graph\">{\"@context\":\"https:\/\/schema.org\",\"@graph\":[{\"@type\":\"Article\",\"@id\":\"https:\/\/now-news.de\/de\/deutschland\/oeltanker-brennt-auf-ostsee-vor-warnemuende\/#article\",\"isPartOf\":{\"@id\":\"https:\/\/now-news.de\/de\/deutschland\/oeltanker-brennt-auf-ostsee-vor-warnemuende\/\"},\"author\":{\"name\":\"rtnews\",\"@id\":\"https:\/\/now-news.de\/de\/#\/schema\/person\/fb534a4e865501d8b3285208df34a9b5\"},\"headline\":\"\u00d6ltanker brennt auf Ostsee vor Warnem\u00fcnde\",\"datePublished\":\"2024-10-11T09:22:14+00:00\",\"dateModified\":\"2024-10-11T09:22:14+00:00\",\"mainEntityOfPage\":{\"@id\":\"https:\/\/now-news.de\/de\/deutschland\/oeltanker-brennt-auf-ostsee-vor-warnemuende\/\"},\"wordCount\":253,\"commentCount\":0,\"publisher\":{\"@id\":\"https:\/\/now-news.de\/de\/#organization\"},\"image\":{\"@id\":\"https:\/\/now-news.de\/de\/deutschland\/oeltanker-brennt-auf-ostsee-vor-warnemuende\/#primaryimage\"},\"thumbnailUrl\":\"https:\/\/now-news.de\/de\/wp-content\/uploads\/sites\/3\/2024\/05\/China-beginnt-mit-Umzingelungsuebungen-rund-um-Taiwan.jpg\",\"keywords\":[\"AUF\",\"brennt\",\"\u00d6ltanker\",\"Ostsee\",\"vor\",\"Warnem\u00fcnde\"],\"articleSection\":[\"Deutschland\",\"Russland\"],\"inLanguage\":\"de\",\"potentialAction\":[{\"@type\":\"CommentAction\",\"name\":\"Comment\",\"target\":[\"https:\/\/now-news.de\/de\/deutschland\/oeltanker-brennt-auf-ostsee-vor-warnemuende\/#respond\"]}]},{\"@type\":\"WebPage\",\"@id\":\"https:\/\/now-news.de\/de\/deutschland\/oeltanker-brennt-auf-ostsee-vor-warnemuende\/\",\"url\":\"https:\/\/now-news.de\/de\/deutschland\/oeltanker-brennt-auf-ostsee-vor-warnemuende\/\",\"name\":\"\u00d6ltanker brennt auf Ostsee vor Warnem\u00fcnde - just-now.NEWS Deutschland\",\"isPartOf\":{\"@id\":\"https:\/\/now-news.de\/de\/#website\"},\"primaryImageOfPage\":{\"@id\":\"https:\/\/now-news.de\/de\/deutschland\/oeltanker-brennt-auf-ostsee-vor-warnemuende\/#primaryimage\"},\"image\":{\"@id\":\"https:\/\/now-news.de\/de\/deutschland\/oeltanker-brennt-auf-ostsee-vor-warnemuende\/#primaryimage\"},\"thumbnailUrl\":\"https:\/\/now-news.de\/de\/wp-content\/uploads\/sites\/3\/2024\/05\/China-beginnt-mit-Umzingelungsuebungen-rund-um-Taiwan.jpg\",\"datePublished\":\"2024-10-11T09:22:14+00:00\",\"dateModified\":\"2024-10-11T09:22:14+00:00\",\"breadcrumb\":{\"@id\":\"https:\/\/now-news.de\/de\/deutschland\/oeltanker-brennt-auf-ostsee-vor-warnemuende\/#breadcrumb\"},\"inLanguage\":\"de\",\"potentialAction\":[{\"@type\":\"ReadAction\",\"target\":[\"https:\/\/now-news.de\/de\/deutschland\/oeltanker-brennt-auf-ostsee-vor-warnemuende\/\"]}]},{\"@type\":\"ImageObject\",\"inLanguage\":\"de\",\"@id\":\"https:\/\/now-news.de\/de\/deutschland\/oeltanker-brennt-auf-ostsee-vor-warnemuende\/#primaryimage\",\"url\":\"https:\/\/now-news.de\/de\/wp-content\/uploads\/sites\/3\/2024\/05\/China-beginnt-mit-Umzingelungsuebungen-rund-um-Taiwan.jpg\",\"contentUrl\":\"https:\/\/now-news.de\/de\/wp-content\/uploads\/sites\/3\/2024\/05\/China-beginnt-mit-Umzingelungsuebungen-rund-um-Taiwan.jpg\",\"width\":460,\"height\":259,\"caption\":\"China beginnt mit Umzingelungs\u00fcbungen rund um Taiwan\"},{\"@type\":\"BreadcrumbList\",\"@id\":\"https:\/\/now-news.de\/de\/deutschland\/oeltanker-brennt-auf-ostsee-vor-warnemuende\/#breadcrumb\",\"itemListElement\":[{\"@type\":\"ListItem\",\"position\":1,\"name\":\"Home\",\"item\":\"https:\/\/now-news.de\/de\/\"},{\"@type\":\"ListItem\",\"position\":2,\"name\":\"\u00d6ltanker brennt auf Ostsee vor Warnem\u00fcnde\"}]},{\"@type\":\"WebSite\",\"@id\":\"https:\/\/now-news.de\/de\/#website\",\"url\":\"https:\/\/now-news.de\/de\/\",\"name\":\"just-now.NEWS Deutschland\",\"description\":\"Das Portal f\u00fcr unzensierte Nachrichten aus der Welt\",\"publisher\":{\"@id\":\"https:\/\/now-news.de\/de\/#organization\"},\"potentialAction\":[{\"@type\":\"SearchAction\",\"target\":{\"@type\":\"EntryPoint\",\"urlTemplate\":\"https:\/\/now-news.de\/de\/?s={search_term_string}\"},\"query-input\":\"required name=search_term_string\"}],\"inLanguage\":\"de\"},{\"@type\":\"Organization\",\"@id\":\"https:\/\/now-news.de\/de\/#organization\",\"name\":\"Just Now News\",\"url\":\"https:\/\/now-news.de\/de\/\",\"logo\":{\"@type\":\"ImageObject\",\"inLanguage\":\"de\",\"@id\":\"https:\/\/now-news.de\/de\/#\/schema\/logo\/image\/\",\"url\":\"http:\/\/just-now.news\/de\/wp-content\/uploads\/sites\/3\/2022\/04\/logo500x500.jpg\",\"contentUrl\":\"http:\/\/just-now.news\/de\/wp-content\/uploads\/sites\/3\/2022\/04\/logo500x500.jpg\",\"width\":500,\"height\":500,\"caption\":\"Just Now News\"},\"image\":{\"@id\":\"https:\/\/now-news.de\/de\/#\/schema\/logo\/image\/\"},\"sameAs\":[\"https:\/\/www.facebook.com\/wirmachenauf\",\"https:\/\/x.com\/WirMachenAuf_de\"]},{\"@type\":\"Person\",\"@id\":\"https:\/\/now-news.de\/de\/#\/schema\/person\/fb534a4e865501d8b3285208df34a9b5\",\"name\":\"rtnews\",\"image\":{\"@type\":\"ImageObject\",\"inLanguage\":\"de\",\"@id\":\"https:\/\/now-news.de\/de\/#\/schema\/person\/image\/\",\"url\":\"https:\/\/secure.gravatar.com\/avatar\/82aafea7d8127119dd649515f56e2117?s=96&d=mm&r=g\",\"contentUrl\":\"https:\/\/secure.gravatar.com\/avatar\/82aafea7d8127119dd649515f56e2117?s=96&d=mm&r=g\",\"caption\":\"rtnews\"},\"url\":\"https:\/\/now-news.de\/de\/author\/rnews\/\"}]}<\/script>\n<!-- \/ Yoast SEO Premium plugin. -->","yoast_head_json":{"title":"\u00d6ltanker brennt auf Ostsee vor Warnem\u00fcnde - just-now.NEWS Deutschland","robots":{"index":"index","follow":"follow","max-snippet":"max-snippet:-1","max-image-preview":"max-image-preview:large","max-video-preview":"max-video-preview:-1"},"canonical":"https:\/\/now-news.de\/de\/deutschland\/oeltanker-brennt-auf-ostsee-vor-warnemuende\/","og_locale":"de_DE","og_type":"article","og_title":"\u00d6ltanker brennt auf Ostsee vor Warnem\u00fcnde","og_description":"An der Ostseek\u00fcste vor Warnem\u00fcnde brennt seit Freitagvormittag der Tanker &#8220;Annika&#8221;. Augenzeugen berichten von einer Explosion. Die Besatzung muss evakuiert werden. Ein L\u00f6schboot ist im Einsatz. Wie die Ostsee Zeitung (OZ) berichtet, berennt der Tanker &#8220;Annika&#8221; seit Freitagvormittag auf der Ostsee vor Warnem\u00fcnde. Augenzeugen berichteten der OZ, dass es eine Verpuffung oder Explosion gegeben soll. [&hellip;]","og_url":"https:\/\/now-news.de\/de\/deutschland\/oeltanker-brennt-auf-ostsee-vor-warnemuende\/","og_site_name":"just-now.NEWS Deutschland","article_publisher":"https:\/\/www.facebook.com\/wirmachenauf","article_published_time":"2024-10-11T09:22:14+00:00","og_image":[{"url":"https:\/\/now-news.de\/de\/wp-content\/uploads\/sites\/3\/2024\/05\/breaking3.jpg"}],"author":"rtnews","twitter_card":"summary_large_image","twitter_creator":"@WirMachenAuf_de","twitter_site":"@WirMachenAuf_de","twitter_misc":{"Verfasst von":"rtnews","Gesch\u00e4tzte Lesezeit":"1\u00a0Minute"},"schema":{"@context":"https:\/\/schema.org","@graph":[{"@type":"Article","@id":"https:\/\/now-news.de\/de\/deutschland\/oeltanker-brennt-auf-ostsee-vor-warnemuende\/#article","isPartOf":{"@id":"https:\/\/now-news.de\/de\/deutschland\/oeltanker-brennt-auf-ostsee-vor-warnemuende\/"},"author":{"name":"rtnews","@id":"https:\/\/now-news.de\/de\/#\/schema\/person\/fb534a4e865501d8b3285208df34a9b5"},"headline":"\u00d6ltanker brennt auf Ostsee vor Warnem\u00fcnde","datePublished":"2024-10-11T09:22:14+00:00","dateModified":"2024-10-11T09:22:14+00:00","mainEntityOfPage":{"@id":"https:\/\/now-news.de\/de\/deutschland\/oeltanker-brennt-auf-ostsee-vor-warnemuende\/"},"wordCount":253,"commentCount":0,"publisher":{"@id":"https:\/\/now-news.de\/de\/#organization"},"image":{"@id":"https:\/\/now-news.de\/de\/deutschland\/oeltanker-brennt-auf-ostsee-vor-warnemuende\/#primaryimage"},"thumbnailUrl":"https:\/\/now-news.de\/de\/wp-content\/uploads\/sites\/3\/2024\/05\/China-beginnt-mit-Umzingelungsuebungen-rund-um-Taiwan.jpg","keywords":["AUF","brennt","\u00d6ltanker","Ostsee","vor","Warnem\u00fcnde"],"articleSection":["Deutschland","Russland"],"inLanguage":"de","potentialAction":[{"@type":"CommentAction","name":"Comment","target":["https:\/\/now-news.de\/de\/deutschland\/oeltanker-brennt-auf-ostsee-vor-warnemuende\/#respond"]}]},{"@type":"WebPage","@id":"https:\/\/now-news.de\/de\/deutschland\/oeltanker-brennt-auf-ostsee-vor-warnemuende\/","url":"https:\/\/now-news.de\/de\/deutschland\/oeltanker-brennt-auf-ostsee-vor-warnemuende\/","name":"\u00d6ltanker brennt auf Ostsee vor Warnem\u00fcnde - just-now.NEWS Deutschland","isPartOf":{"@id":"https:\/\/now-news.de\/de\/#website"},"primaryImageOfPage":{"@id":"https:\/\/now-news.de\/de\/deutschland\/oeltanker-brennt-auf-ostsee-vor-warnemuende\/#primaryimage"},"image":{"@id":"https:\/\/now-news.de\/de\/deutschland\/oeltanker-brennt-auf-ostsee-vor-warnemuende\/#primaryimage"},"thumbnailUrl":"https:\/\/now-news.de\/de\/wp-content\/uploads\/sites\/3\/2024\/05\/China-beginnt-mit-Umzingelungsuebungen-rund-um-Taiwan.jpg","datePublished":"2024-10-11T09:22:14+00:00","dateModified":"2024-10-11T09:22:14+00:00","breadcrumb":{"@id":"https:\/\/now-news.de\/de\/deutschland\/oeltanker-brennt-auf-ostsee-vor-warnemuende\/#breadcrumb"},"inLanguage":"de","potentialAction":[{"@type":"ReadAction","target":["https:\/\/now-news.de\/de\/deutschland\/oeltanker-brennt-auf-ostsee-vor-warnemuende\/"]}]},{"@type":"ImageObject","inLanguage":"de","@id":"https:\/\/now-news.de\/de\/deutschland\/oeltanker-brennt-auf-ostsee-vor-warnemuende\/#primaryimage","url":"https:\/\/now-news.de\/de\/wp-content\/uploads\/sites\/3\/2024\/05\/China-beginnt-mit-Umzingelungsuebungen-rund-um-Taiwan.jpg","contentUrl":"https:\/\/now-news.de\/de\/wp-content\/uploads\/sites\/3\/2024\/05\/China-beginnt-mit-Umzingelungsuebungen-rund-um-Taiwan.jpg","width":460,"height":259,"caption":"China beginnt mit Umzingelungs\u00fcbungen rund um Taiwan"},{"@type":"BreadcrumbList","@id":"https:\/\/now-news.de\/de\/deutschland\/oeltanker-brennt-auf-ostsee-vor-warnemuende\/#breadcrumb","itemListElement":[{"@type":"ListItem","position":1,"name":"Home","item":"https:\/\/now-news.de\/de\/"},{"@type":"ListItem","position":2,"name":"\u00d6ltanker brennt auf Ostsee vor Warnem\u00fcnde"}]},{"@type":"WebSite","@id":"https:\/\/now-news.de\/de\/#website","url":"https:\/\/now-news.de\/de\/","name":"just-now.NEWS Deutschland","description":"Das Portal f\u00fcr unzensierte Nachrichten aus der Welt","publisher":{"@id":"https:\/\/now-news.de\/de\/#organization"},"potentialAction":[{"@type":"SearchAction","target":{"@type":"EntryPoint","urlTemplate":"https:\/\/now-news.de\/de\/?s={search_term_string}"},"query-input":"required name=search_term_string"}],"inLanguage":"de"},{"@type":"Organization","@id":"https:\/\/now-news.de\/de\/#organization","name":"Just Now News","url":"https:\/\/now-news.de\/de\/","logo":{"@type":"ImageObject","inLanguage":"de","@id":"https:\/\/now-news.de\/de\/#\/schema\/logo\/image\/","url":"http:\/\/just-now.news\/de\/wp-content\/uploads\/sites\/3\/2022\/04\/logo500x500.jpg","contentUrl":"http:\/\/just-now.news\/de\/wp-content\/uploads\/sites\/3\/2022\/04\/logo500x500.jpg","width":500,"height":500,"caption":"Just Now News"},"image":{"@id":"https:\/\/now-news.de\/de\/#\/schema\/logo\/image\/"},"sameAs":["https:\/\/www.facebook.com\/wirmachenauf","https:\/\/x.com\/WirMachenAuf_de"]},{"@type":"Person","@id":"https:\/\/now-news.de\/de\/#\/schema\/person\/fb534a4e865501d8b3285208df34a9b5","name":"rtnews","image":{"@type":"ImageObject","inLanguage":"de","@id":"https:\/\/now-news.de\/de\/#\/schema\/person\/image\/","url":"https:\/\/secure.gravatar.com\/avatar\/82aafea7d8127119dd649515f56e2117?s=96&d=mm&r=g","contentUrl":"https:\/\/secure.gravatar.com\/avatar\/82aafea7d8127119dd649515f56e2117?s=96&d=mm&r=g","caption":"rtnews"},"url":"https:\/\/now-news.de\/de\/author\/rnews\/"}]}},"_links":{"self":[{"href":"https:\/\/now-news.de\/de\/wp-json\/wp\/v2\/posts\/70606"}],"collection":[{"href":"https:\/\/now-news.de\/de\/wp-json\/wp\/v2\/posts"}],"about":[{"href":"https:\/\/now-news.de\/de\/wp-json\/wp\/v2\/types\/post"}],"author":[{"embeddable":true,"href":"https:\/\/now-news.de\/de\/wp-json\/wp\/v2\/users\/3"}],"replies":[{"embeddable":true,"href":"https:\/\/now-news.de\/de\/wp-json\/wp\/v2\/comments?post=70606"}],"version-history":[{"count":0,"href":"https:\/\/now-news.de\/de\/wp-json\/wp\/v2\/posts\/70606\/revisions"}],"wp:featuredmedia":[{"embeddable":true,"href":"https:\/\/now-news.de\/de\/wp-json\/wp\/v2\/media\/58637"}],"wp:attachment":[{"href":"https:\/\/now-news.de\/de\/wp-json\/wp\/v2\/media?parent=70606"}],"wp:term":[{"taxonomy":"category","embeddable":true,"href":"https:\/\/now-news.de\/de\/wp-json\/wp\/v2\/categories?post=70606"},{"taxonomy":"post_tag","embeddable":true,"href":"https:\/\/now-news.de\/de\/wp-json\/wp\/v2\/tags?post=70606"}],"curies":[{"name":"wp","href":"https:\/\/api.w.org\/{rel}","templated":true}]}}