{"id":70554,"date":"2024-10-10T14:16:14","date_gmt":"2024-10-10T12:16:14","guid":{"rendered":"https:\/\/now-news.de\/de\/deutschland\/gefangener-ukrainer-selenskijs-worte-dass-kiew-um-jedes-menschenleben-kaempft-sind-luegen\/"},"modified":"2024-10-10T14:16:14","modified_gmt":"2024-10-10T12:16:14","slug":"gefangener-ukrainer-selenskijs-worte-dass-kiew-um-jedes-menschenleben-kaempft-sind-luegen","status":"publish","type":"post","link":"https:\/\/now-news.de\/de\/deutschland\/gefangener-ukrainer-selenskijs-worte-dass-kiew-um-jedes-menschenleben-kaempft-sind-luegen\/","title":{"rendered":"Gefangener Ukrainer: &quot;Selenskijs Worte, dass Kiew um jedes Menschenleben k\u00e4mpft, sind L\u00fcgen&quot;"},"content":{"rendered":"<p><img decoding=\"async\" src=\"https:\/\/now-news.de\/de\/wp-content\/uploads\/sites\/3\/2024\/10\/6707967648fbef1385778778.jpg\" \/><\/p>\n<div class=\"Text-root Text-type_1 \">\n                Ein ukrainischer Soldat in russischer Gefangenschaft wirft Kiew vor, Menschen ohne R\u00fccksicht an die Front zu schicken. In einem vom russischen Verteidigungsministerium ver\u00f6ffentlichten Video kritisiert er Selenskijs Aussage, dass Kiew um jedes Menschenleben k\u00e4mpfe.\n            <\/div>\n<p><\/p>\n<div class=\"Text-root Text-type_5 ArticleView-text ViewText-root \">\n<p>Wladimir Selenskijs Worte, Kiew k\u00e4mpfe um jedes Menschenleben, sind eine L\u00fcge. Diese Ansicht <a rel=\"nofollow noopener\" target=\"_blank\" href=\"https:\/\/tass.ru\/armiya-i-opk\/22087389\">vertritt<\/a> Wiktor Issajew, ein Soldat der ukrainischen Streitkr\u00e4fte, der sich in russischer Kriegsgefangenschaft befindet. Die Agentur <em>TASS<\/em> zitiert:<\/p>\n<p><em>&#8220;Man sollte auf keinen Fall ins Kursker Gebiet gehen, es ist besser, den Dienst zu verweigern und sich zu ergeben, denn dar\u00fcber gibt es nur L\u00fcgen. Niemand k\u00fcmmert sich um das Leben eines Soldaten, niemand braucht uns. Und die Worte von Selenskij, dass wir um jedes Menschenleben k\u00e4mpfen, sind nicht wahr.&#8221;<\/em><\/p>\n<p>Laut Angaben des russischen Verteidigungsministeriums arbeitete der Kriegsgefangene 33 Jahre lang als Zivilist bei der Eisenbahn. Seine Vorgesetzten h\u00e4tten erkl\u00e4rt, dass jeder Angestellte in diesem Bereich vom Fronteinsatz befreit sei. Deshalb habe sich Issajew im Januar 2023 nicht gewehrt, als er von Mitarbeitern des Territorialen Rekrutierungszentrums mit einem Einberufungsbefehl abgeholt wurde.<\/p>\n<p><em>&#8220;Die sogenannte Mobilisierung hat dazu gef\u00fchrt, dass Menschen an Bushaltestellen, Kontrollpunkten, in Bussen und Z\u00fcgen aufgegriffen werden. Nach einer f\u00fcnfmin\u00fctigen medizinischen Untersuchung geht es an die Front.&#8221;<\/em><\/p>\n<p>Laut Wiktor wurde er gemeinsam mit weiteren Rekruten nach Sumy gebracht, wo man ihnen versicherte, dass sie an der Grenze zum Gebiet Belgorod dienen w\u00fcrden. Als er erfuhr, dass die ukrainischen Streitkr\u00e4fte in das Gebiet Kursk eingedrungen waren, war er schockiert.<\/p>\n<p><em>&#8220;Ich kann darin keinen gesunden Menschenverstand erkennen. Warum auf fremdes Territorium gehen? Ich bin von Natur aus Pazifist und kann Gewalt nicht ertragen. Als ich sah, wie meine Kameraden dar\u00fcber jubelten, sagte ich ihnen, dass sie Idioten seien, die nichts verst\u00fcnden, entweder aus Jugend oder aus Dummheit. H\u00e4tte ich damals gewusst, dass wir selbst ins Kursker Gebiet geschickt werden w\u00fcrden, h\u00e4tte ich mich bestimmt geweigert.&#8221;<\/em><\/p>\n<p>Issajew, der nach einer Verwundung gefangengenommen wurde, berichtet, dass die russischen Soldaten ihn gut behandelt und erste medizinische Hilfe geleistet h\u00e4tten.<\/p>\n<p>Auch ein russischer Soldat mit dem Rufzeichen Schturman berichtet laut <em>TASS<\/em>, dass die ukrainischen Soldaten mehr als 80 Prozent der eigenen Leute t\u00f6ten, die sich ergeben wollen:\u00a0<\/p>\n<p><em>&#8220;Von 100 Prozent derer, die sich ergeben wollen, erreichen bestenfalls 5 bis 10 Prozent der ukrainischen Soldaten das Hinterland.&#8221;<\/em><\/p>\n<p>Laut Schturman er\u00f6ffnen ukrainische Sp\u00e4her sofort das Feuer mit verschiedenen Waffentypen und starten Drohnenangriffe, sobald sie einen Kapitulationsversuch der eigenen Soldaten registrieren.<\/p>\n<p>Alexander Lawrentschuk, ein weiterer ukrainischer Soldat in russischer Kriegsgefangenschaft, <a rel=\"nofollow noopener\" target=\"_blank\" href=\"https:\/\/tass.ru\/mezhdunarodnaya-panorama\/22080379\">beklagt<\/a> sich in einem Video\u00a0ebenfalls dar\u00fcber, dass ukrainische FPV-Drohnenpiloten versuchen, Soldaten zu t\u00f6ten, die sich ergeben:<\/p>\n<p><em>&#8220;Gegen 5:00 Uhr morgens sind wir losgefahren und sofort haben wir eine russische Drohne bemerkt, woraufhin ein M\u00f6rserfeuer auf uns er\u00f6ffnet wurde. Wir wurden von der Deckung abgeschnitten, schafften es aber bis zum Ende, wo man uns schon erwartete. Ich sah viele russische Soldaten, und als wir am Waldrand standen, war mir klar, dass es das Vern\u00fcnftigste w\u00e4re, sich zu ergeben. Wir legten die Waffen nieder. Es tat mir weh, dass unsere FPV-Drohnen auf uns schossen, obwohl sie sahen, dass wir Gefangene waren. Ich glaube, das Ziel war nicht, uns zu retten, sondern uns zu t\u00f6ten.&#8221;<\/em><\/p>\n<p>Lawrentschuk kritisiert auch das unerfahrene Kommando:<\/p>\n<p><em>&#8220;Sie stellten einen jungen Offizier ein, der nat\u00fcrlich Ergebnisse zeigen musste. Da er ein ehemaliges Mitglied einer Spezialeinheit war, dachte er vielleicht, dass wir auch Mitglieder der Spezialeinheit seien und stellte entsprechende Anforderungen.&#8221;<\/em><\/p>\n<p>Zudem berichtet der Kriegsgefangene, dass die ukrainischen Streitkr\u00e4fte vor allem Menschen aus armen Familien rekrutieren: &#8220;Das sind gew\u00f6hnliche Menschen, einfache Arbeiter, die keine Schutzmacht hinter sich haben. Die arme Bev\u00f6lkerung wird ausgel\u00f6scht.&#8221;<\/p>\n<p><strong>Mehr zum Thema<\/strong> \u2013\u00a0<a rel=\"nofollow noopener\" target=\"_blank\" href=\"https:\/\/freedert.online\/russland\/221576-pluenderungen-in-ugledar-frauen-goldschmuck-bei-ukrainischen-soldaten-gefunden\/\">Pl\u00fcnderungen in Ugledar: Frauen-Goldschmuck bei ukrainischen Soldaten gefunden<br \/><\/a><\/p>\n<\/div>\n<p><br \/>\n<br \/><a href=\"https:\/\/de.rt.com\/europa\/221996-gefangener-ukrainer-selenskijs-worte-dass-kiew-um-jedes-menschenleben-k%C3%A4mpft-sind-l%C3%BCgen\/\">Source link <\/a><\/p>\n","protected":false},"excerpt":{"rendered":"<p>Ein ukrainischer Soldat in russischer Gefangenschaft wirft Kiew vor, Menschen ohne R\u00fccksicht an die Front zu schicken. In einem vom russischen Verteidigungsministerium ver\u00f6ffentlichten Video kritisiert er Selenskijs Aussage, dass Kiew um jedes Menschenleben k\u00e4mpfe. Wladimir Selenskijs Worte, Kiew k\u00e4mpfe um jedes Menschenleben, sind eine L\u00fcge. Diese Ansicht vertritt Wiktor Issajew, ein Soldat der ukrainischen Streitkr\u00e4fte, [&hellip;]<\/p>\n","protected":false},"author":3,"featured_media":70555,"comment_status":"open","ping_status":"open","sticky":false,"template":"","format":"standard","meta":{"_yoast_indexnow_last_ping":["1728562853"],"wp_automatic_camp":["217"],"fd5ae76fa1576b093bcf786bb4e587be":["Gefangener Ukrainer: &quot;Selenskijs Worte, dass Kiew um jedes Menschenleben k\u00e4mpft, sind L\u00fcgen&quot;"],"original_link":["https:\/\/de.rt.com\/europa\/221996-gefangener-ukrainer-selenskijs-worte-dass-kiew-um-jedes-menschenleben-k%C3%A4mpft-sind-l%C3%BCgen\/"],"_thumbnail_id":["70555"],"jnews_social_counter_last_update":["1777505028"],"_wptgpro_p2tg_sent2tg":["a:1:{i:23737;s:19:\"2024-10-10 14:21:56\";}"]},"categories":[19,23],"tags":[42,27412,28889,3279,1025,59327,23578,46138,1046,5757,6314],"yoast_head":"<!-- This site is optimized with the Yoast SEO Premium plugin v22.7 (Yoast SEO v22.7) - https:\/\/yoast.com\/wordpress\/plugins\/seo\/ -->\n<title>Gefangener Ukrainer: &quot;Selenskijs Worte, dass Kiew um jedes Menschenleben k\u00e4mpft, sind L\u00fcgen&quot; - just-now.NEWS Deutschland<\/title>\n<meta name=\"robots\" content=\"index, follow, max-snippet:-1, max-image-preview:large, max-video-preview:-1\" \/>\n<link rel=\"canonical\" href=\"https:\/\/now-news.de\/de\/deutschland\/gefangener-ukrainer-selenskijs-worte-dass-kiew-um-jedes-menschenleben-kaempft-sind-luegen\/\" \/>\n<meta property=\"og:locale\" content=\"de_DE\" \/>\n<meta property=\"og:type\" content=\"article\" \/>\n<meta property=\"og:title\" content=\"Gefangener Ukrainer: &quot;Selenskijs Worte, dass Kiew um jedes Menschenleben k\u00e4mpft, sind L\u00fcgen&quot;\" \/>\n<meta property=\"og:description\" content=\"Ein ukrainischer Soldat in russischer Gefangenschaft wirft Kiew vor, Menschen ohne R\u00fccksicht an die Front zu schicken. In einem vom russischen Verteidigungsministerium ver\u00f6ffentlichten Video kritisiert er Selenskijs Aussage, dass Kiew um jedes Menschenleben k\u00e4mpfe. Wladimir Selenskijs Worte, Kiew k\u00e4mpfe um jedes Menschenleben, sind eine L\u00fcge. Diese Ansicht vertritt Wiktor Issajew, ein Soldat der ukrainischen Streitkr\u00e4fte, [&hellip;]\" \/>\n<meta property=\"og:url\" content=\"https:\/\/now-news.de\/de\/deutschland\/gefangener-ukrainer-selenskijs-worte-dass-kiew-um-jedes-menschenleben-kaempft-sind-luegen\/\" \/>\n<meta property=\"og:site_name\" content=\"just-now.NEWS Deutschland\" \/>\n<meta property=\"article:publisher\" content=\"https:\/\/www.facebook.com\/wirmachenauf\" \/>\n<meta property=\"article:published_time\" content=\"2024-10-10T12:16:14+00:00\" \/>\n<meta property=\"og:image\" content=\"https:\/\/now-news.de\/de\/wp-content\/uploads\/sites\/3\/2024\/10\/6707967648fbef1385778778.jpg\" \/>\n<meta name=\"author\" content=\"rtnews\" \/>\n<meta name=\"twitter:card\" content=\"summary_large_image\" \/>\n<meta name=\"twitter:creator\" content=\"@WirMachenAuf_de\" \/>\n<meta name=\"twitter:site\" content=\"@WirMachenAuf_de\" \/>\n<meta name=\"twitter:label1\" content=\"Verfasst von\" \/>\n\t<meta name=\"twitter:data1\" content=\"rtnews\" \/>\n\t<meta name=\"twitter:label2\" content=\"Gesch\u00e4tzte Lesezeit\" \/>\n\t<meta name=\"twitter:data2\" content=\"3\u00a0Minuten\" \/>\n<script type=\"application\/ld+json\" class=\"yoast-schema-graph\">{\"@context\":\"https:\/\/schema.org\",\"@graph\":[{\"@type\":\"Article\",\"@id\":\"https:\/\/now-news.de\/de\/deutschland\/gefangener-ukrainer-selenskijs-worte-dass-kiew-um-jedes-menschenleben-kaempft-sind-luegen\/#article\",\"isPartOf\":{\"@id\":\"https:\/\/now-news.de\/de\/deutschland\/gefangener-ukrainer-selenskijs-worte-dass-kiew-um-jedes-menschenleben-kaempft-sind-luegen\/\"},\"author\":{\"name\":\"rtnews\",\"@id\":\"https:\/\/now-news.de\/de\/#\/schema\/person\/fb534a4e865501d8b3285208df34a9b5\"},\"headline\":\"Gefangener Ukrainer: &quot;Selenskijs Worte, dass Kiew um jedes Menschenleben k\u00e4mpft, sind L\u00fcgen&quot;\",\"datePublished\":\"2024-10-10T12:16:14+00:00\",\"dateModified\":\"2024-10-10T12:16:14+00:00\",\"mainEntityOfPage\":{\"@id\":\"https:\/\/now-news.de\/de\/deutschland\/gefangener-ukrainer-selenskijs-worte-dass-kiew-um-jedes-menschenleben-kaempft-sind-luegen\/\"},\"wordCount\":645,\"commentCount\":0,\"publisher\":{\"@id\":\"https:\/\/now-news.de\/de\/#organization\"},\"image\":{\"@id\":\"https:\/\/now-news.de\/de\/deutschland\/gefangener-ukrainer-selenskijs-worte-dass-kiew-um-jedes-menschenleben-kaempft-sind-luegen\/#primaryimage\"},\"thumbnailUrl\":\"https:\/\/now-news.de\/de\/wp-content\/uploads\/sites\/3\/2024\/10\/Gefangener-Ukrainer-quotSelenskijs-Worte-dass-Kiew-um-jedes-Menschenleben-kaempft.jpg\",\"keywords\":[\"dass\",\"Gefangener\",\"jedes\",\"k\u00e4mpft\",\"Kiew\",\"L\u00fcgenquot\",\"Menschenleben\",\"quotSelenskijs\",\"sind\",\"Ukrainer\",\"Worte\"],\"articleSection\":[\"Deutschland\",\"Russland\"],\"inLanguage\":\"de\",\"potentialAction\":[{\"@type\":\"CommentAction\",\"name\":\"Comment\",\"target\":[\"https:\/\/now-news.de\/de\/deutschland\/gefangener-ukrainer-selenskijs-worte-dass-kiew-um-jedes-menschenleben-kaempft-sind-luegen\/#respond\"]}]},{\"@type\":\"WebPage\",\"@id\":\"https:\/\/now-news.de\/de\/deutschland\/gefangener-ukrainer-selenskijs-worte-dass-kiew-um-jedes-menschenleben-kaempft-sind-luegen\/\",\"url\":\"https:\/\/now-news.de\/de\/deutschland\/gefangener-ukrainer-selenskijs-worte-dass-kiew-um-jedes-menschenleben-kaempft-sind-luegen\/\",\"name\":\"Gefangener Ukrainer: &quot;Selenskijs Worte, dass Kiew um jedes Menschenleben k\u00e4mpft, sind L\u00fcgen&quot; - just-now.NEWS Deutschland\",\"isPartOf\":{\"@id\":\"https:\/\/now-news.de\/de\/#website\"},\"primaryImageOfPage\":{\"@id\":\"https:\/\/now-news.de\/de\/deutschland\/gefangener-ukrainer-selenskijs-worte-dass-kiew-um-jedes-menschenleben-kaempft-sind-luegen\/#primaryimage\"},\"image\":{\"@id\":\"https:\/\/now-news.de\/de\/deutschland\/gefangener-ukrainer-selenskijs-worte-dass-kiew-um-jedes-menschenleben-kaempft-sind-luegen\/#primaryimage\"},\"thumbnailUrl\":\"https:\/\/now-news.de\/de\/wp-content\/uploads\/sites\/3\/2024\/10\/Gefangener-Ukrainer-quotSelenskijs-Worte-dass-Kiew-um-jedes-Menschenleben-kaempft.jpg\",\"datePublished\":\"2024-10-10T12:16:14+00:00\",\"dateModified\":\"2024-10-10T12:16:14+00:00\",\"breadcrumb\":{\"@id\":\"https:\/\/now-news.de\/de\/deutschland\/gefangener-ukrainer-selenskijs-worte-dass-kiew-um-jedes-menschenleben-kaempft-sind-luegen\/#breadcrumb\"},\"inLanguage\":\"de\",\"potentialAction\":[{\"@type\":\"ReadAction\",\"target\":[\"https:\/\/now-news.de\/de\/deutschland\/gefangener-ukrainer-selenskijs-worte-dass-kiew-um-jedes-menschenleben-kaempft-sind-luegen\/\"]}]},{\"@type\":\"ImageObject\",\"inLanguage\":\"de\",\"@id\":\"https:\/\/now-news.de\/de\/deutschland\/gefangener-ukrainer-selenskijs-worte-dass-kiew-um-jedes-menschenleben-kaempft-sind-luegen\/#primaryimage\",\"url\":\"https:\/\/now-news.de\/de\/wp-content\/uploads\/sites\/3\/2024\/10\/Gefangener-Ukrainer-quotSelenskijs-Worte-dass-Kiew-um-jedes-Menschenleben-kaempft.jpg\",\"contentUrl\":\"https:\/\/now-news.de\/de\/wp-content\/uploads\/sites\/3\/2024\/10\/Gefangener-Ukrainer-quotSelenskijs-Worte-dass-Kiew-um-jedes-Menschenleben-kaempft.jpg\",\"width\":460,\"height\":259,\"caption\":\"Gefangener Ukrainer: &quot;Selenskijs Worte, dass Kiew um jedes Menschenleben k\u00e4mpft, sind L\u00fcgen&quot;\"},{\"@type\":\"BreadcrumbList\",\"@id\":\"https:\/\/now-news.de\/de\/deutschland\/gefangener-ukrainer-selenskijs-worte-dass-kiew-um-jedes-menschenleben-kaempft-sind-luegen\/#breadcrumb\",\"itemListElement\":[{\"@type\":\"ListItem\",\"position\":1,\"name\":\"Home\",\"item\":\"https:\/\/now-news.de\/de\/\"},{\"@type\":\"ListItem\",\"position\":2,\"name\":\"Gefangener Ukrainer: &quot;Selenskijs Worte, dass Kiew um jedes Menschenleben k\u00e4mpft, sind L\u00fcgen&quot;\"}]},{\"@type\":\"WebSite\",\"@id\":\"https:\/\/now-news.de\/de\/#website\",\"url\":\"https:\/\/now-news.de\/de\/\",\"name\":\"just-now.NEWS Deutschland\",\"description\":\"Das Portal f\u00fcr unzensierte Nachrichten aus der Welt\",\"publisher\":{\"@id\":\"https:\/\/now-news.de\/de\/#organization\"},\"potentialAction\":[{\"@type\":\"SearchAction\",\"target\":{\"@type\":\"EntryPoint\",\"urlTemplate\":\"https:\/\/now-news.de\/de\/?s={search_term_string}\"},\"query-input\":\"required name=search_term_string\"}],\"inLanguage\":\"de\"},{\"@type\":\"Organization\",\"@id\":\"https:\/\/now-news.de\/de\/#organization\",\"name\":\"Just Now News\",\"url\":\"https:\/\/now-news.de\/de\/\",\"logo\":{\"@type\":\"ImageObject\",\"inLanguage\":\"de\",\"@id\":\"https:\/\/now-news.de\/de\/#\/schema\/logo\/image\/\",\"url\":\"http:\/\/just-now.news\/de\/wp-content\/uploads\/sites\/3\/2022\/04\/logo500x500.jpg\",\"contentUrl\":\"http:\/\/just-now.news\/de\/wp-content\/uploads\/sites\/3\/2022\/04\/logo500x500.jpg\",\"width\":500,\"height\":500,\"caption\":\"Just Now News\"},\"image\":{\"@id\":\"https:\/\/now-news.de\/de\/#\/schema\/logo\/image\/\"},\"sameAs\":[\"https:\/\/www.facebook.com\/wirmachenauf\",\"https:\/\/x.com\/WirMachenAuf_de\"]},{\"@type\":\"Person\",\"@id\":\"https:\/\/now-news.de\/de\/#\/schema\/person\/fb534a4e865501d8b3285208df34a9b5\",\"name\":\"rtnews\",\"image\":{\"@type\":\"ImageObject\",\"inLanguage\":\"de\",\"@id\":\"https:\/\/now-news.de\/de\/#\/schema\/person\/image\/\",\"url\":\"https:\/\/secure.gravatar.com\/avatar\/82aafea7d8127119dd649515f56e2117?s=96&d=mm&r=g\",\"contentUrl\":\"https:\/\/secure.gravatar.com\/avatar\/82aafea7d8127119dd649515f56e2117?s=96&d=mm&r=g\",\"caption\":\"rtnews\"},\"url\":\"https:\/\/now-news.de\/de\/author\/rnews\/\"}]}<\/script>\n<!-- \/ Yoast SEO Premium plugin. -->","yoast_head_json":{"title":"Gefangener Ukrainer: &quot;Selenskijs Worte, dass Kiew um jedes Menschenleben k\u00e4mpft, sind L\u00fcgen&quot; - just-now.NEWS Deutschland","robots":{"index":"index","follow":"follow","max-snippet":"max-snippet:-1","max-image-preview":"max-image-preview:large","max-video-preview":"max-video-preview:-1"},"canonical":"https:\/\/now-news.de\/de\/deutschland\/gefangener-ukrainer-selenskijs-worte-dass-kiew-um-jedes-menschenleben-kaempft-sind-luegen\/","og_locale":"de_DE","og_type":"article","og_title":"Gefangener Ukrainer: &quot;Selenskijs Worte, dass Kiew um jedes Menschenleben k\u00e4mpft, sind L\u00fcgen&quot;","og_description":"Ein ukrainischer Soldat in russischer Gefangenschaft wirft Kiew vor, Menschen ohne R\u00fccksicht an die Front zu schicken. In einem vom russischen Verteidigungsministerium ver\u00f6ffentlichten Video kritisiert er Selenskijs Aussage, dass Kiew um jedes Menschenleben k\u00e4mpfe. Wladimir Selenskijs Worte, Kiew k\u00e4mpfe um jedes Menschenleben, sind eine L\u00fcge. Diese Ansicht vertritt Wiktor Issajew, ein Soldat der ukrainischen Streitkr\u00e4fte, [&hellip;]","og_url":"https:\/\/now-news.de\/de\/deutschland\/gefangener-ukrainer-selenskijs-worte-dass-kiew-um-jedes-menschenleben-kaempft-sind-luegen\/","og_site_name":"just-now.NEWS Deutschland","article_publisher":"https:\/\/www.facebook.com\/wirmachenauf","article_published_time":"2024-10-10T12:16:14+00:00","og_image":[{"url":"https:\/\/now-news.de\/de\/wp-content\/uploads\/sites\/3\/2024\/10\/6707967648fbef1385778778.jpg"}],"author":"rtnews","twitter_card":"summary_large_image","twitter_creator":"@WirMachenAuf_de","twitter_site":"@WirMachenAuf_de","twitter_misc":{"Verfasst von":"rtnews","Gesch\u00e4tzte Lesezeit":"3\u00a0Minuten"},"schema":{"@context":"https:\/\/schema.org","@graph":[{"@type":"Article","@id":"https:\/\/now-news.de\/de\/deutschland\/gefangener-ukrainer-selenskijs-worte-dass-kiew-um-jedes-menschenleben-kaempft-sind-luegen\/#article","isPartOf":{"@id":"https:\/\/now-news.de\/de\/deutschland\/gefangener-ukrainer-selenskijs-worte-dass-kiew-um-jedes-menschenleben-kaempft-sind-luegen\/"},"author":{"name":"rtnews","@id":"https:\/\/now-news.de\/de\/#\/schema\/person\/fb534a4e865501d8b3285208df34a9b5"},"headline":"Gefangener Ukrainer: &quot;Selenskijs Worte, dass Kiew um jedes Menschenleben k\u00e4mpft, sind L\u00fcgen&quot;","datePublished":"2024-10-10T12:16:14+00:00","dateModified":"2024-10-10T12:16:14+00:00","mainEntityOfPage":{"@id":"https:\/\/now-news.de\/de\/deutschland\/gefangener-ukrainer-selenskijs-worte-dass-kiew-um-jedes-menschenleben-kaempft-sind-luegen\/"},"wordCount":645,"commentCount":0,"publisher":{"@id":"https:\/\/now-news.de\/de\/#organization"},"image":{"@id":"https:\/\/now-news.de\/de\/deutschland\/gefangener-ukrainer-selenskijs-worte-dass-kiew-um-jedes-menschenleben-kaempft-sind-luegen\/#primaryimage"},"thumbnailUrl":"https:\/\/now-news.de\/de\/wp-content\/uploads\/sites\/3\/2024\/10\/Gefangener-Ukrainer-quotSelenskijs-Worte-dass-Kiew-um-jedes-Menschenleben-kaempft.jpg","keywords":["dass","Gefangener","jedes","k\u00e4mpft","Kiew","L\u00fcgenquot","Menschenleben","quotSelenskijs","sind","Ukrainer","Worte"],"articleSection":["Deutschland","Russland"],"inLanguage":"de","potentialAction":[{"@type":"CommentAction","name":"Comment","target":["https:\/\/now-news.de\/de\/deutschland\/gefangener-ukrainer-selenskijs-worte-dass-kiew-um-jedes-menschenleben-kaempft-sind-luegen\/#respond"]}]},{"@type":"WebPage","@id":"https:\/\/now-news.de\/de\/deutschland\/gefangener-ukrainer-selenskijs-worte-dass-kiew-um-jedes-menschenleben-kaempft-sind-luegen\/","url":"https:\/\/now-news.de\/de\/deutschland\/gefangener-ukrainer-selenskijs-worte-dass-kiew-um-jedes-menschenleben-kaempft-sind-luegen\/","name":"Gefangener Ukrainer: &quot;Selenskijs Worte, dass Kiew um jedes Menschenleben k\u00e4mpft, sind L\u00fcgen&quot; - just-now.NEWS Deutschland","isPartOf":{"@id":"https:\/\/now-news.de\/de\/#website"},"primaryImageOfPage":{"@id":"https:\/\/now-news.de\/de\/deutschland\/gefangener-ukrainer-selenskijs-worte-dass-kiew-um-jedes-menschenleben-kaempft-sind-luegen\/#primaryimage"},"image":{"@id":"https:\/\/now-news.de\/de\/deutschland\/gefangener-ukrainer-selenskijs-worte-dass-kiew-um-jedes-menschenleben-kaempft-sind-luegen\/#primaryimage"},"thumbnailUrl":"https:\/\/now-news.de\/de\/wp-content\/uploads\/sites\/3\/2024\/10\/Gefangener-Ukrainer-quotSelenskijs-Worte-dass-Kiew-um-jedes-Menschenleben-kaempft.jpg","datePublished":"2024-10-10T12:16:14+00:00","dateModified":"2024-10-10T12:16:14+00:00","breadcrumb":{"@id":"https:\/\/now-news.de\/de\/deutschland\/gefangener-ukrainer-selenskijs-worte-dass-kiew-um-jedes-menschenleben-kaempft-sind-luegen\/#breadcrumb"},"inLanguage":"de","potentialAction":[{"@type":"ReadAction","target":["https:\/\/now-news.de\/de\/deutschland\/gefangener-ukrainer-selenskijs-worte-dass-kiew-um-jedes-menschenleben-kaempft-sind-luegen\/"]}]},{"@type":"ImageObject","inLanguage":"de","@id":"https:\/\/now-news.de\/de\/deutschland\/gefangener-ukrainer-selenskijs-worte-dass-kiew-um-jedes-menschenleben-kaempft-sind-luegen\/#primaryimage","url":"https:\/\/now-news.de\/de\/wp-content\/uploads\/sites\/3\/2024\/10\/Gefangener-Ukrainer-quotSelenskijs-Worte-dass-Kiew-um-jedes-Menschenleben-kaempft.jpg","contentUrl":"https:\/\/now-news.de\/de\/wp-content\/uploads\/sites\/3\/2024\/10\/Gefangener-Ukrainer-quotSelenskijs-Worte-dass-Kiew-um-jedes-Menschenleben-kaempft.jpg","width":460,"height":259,"caption":"Gefangener Ukrainer: &quot;Selenskijs Worte, dass Kiew um jedes Menschenleben k\u00e4mpft, sind L\u00fcgen&quot;"},{"@type":"BreadcrumbList","@id":"https:\/\/now-news.de\/de\/deutschland\/gefangener-ukrainer-selenskijs-worte-dass-kiew-um-jedes-menschenleben-kaempft-sind-luegen\/#breadcrumb","itemListElement":[{"@type":"ListItem","position":1,"name":"Home","item":"https:\/\/now-news.de\/de\/"},{"@type":"ListItem","position":2,"name":"Gefangener Ukrainer: &quot;Selenskijs Worte, dass Kiew um jedes Menschenleben k\u00e4mpft, sind L\u00fcgen&quot;"}]},{"@type":"WebSite","@id":"https:\/\/now-news.de\/de\/#website","url":"https:\/\/now-news.de\/de\/","name":"just-now.NEWS Deutschland","description":"Das Portal f\u00fcr unzensierte Nachrichten aus der Welt","publisher":{"@id":"https:\/\/now-news.de\/de\/#organization"},"potentialAction":[{"@type":"SearchAction","target":{"@type":"EntryPoint","urlTemplate":"https:\/\/now-news.de\/de\/?s={search_term_string}"},"query-input":"required name=search_term_string"}],"inLanguage":"de"},{"@type":"Organization","@id":"https:\/\/now-news.de\/de\/#organization","name":"Just Now News","url":"https:\/\/now-news.de\/de\/","logo":{"@type":"ImageObject","inLanguage":"de","@id":"https:\/\/now-news.de\/de\/#\/schema\/logo\/image\/","url":"http:\/\/just-now.news\/de\/wp-content\/uploads\/sites\/3\/2022\/04\/logo500x500.jpg","contentUrl":"http:\/\/just-now.news\/de\/wp-content\/uploads\/sites\/3\/2022\/04\/logo500x500.jpg","width":500,"height":500,"caption":"Just Now News"},"image":{"@id":"https:\/\/now-news.de\/de\/#\/schema\/logo\/image\/"},"sameAs":["https:\/\/www.facebook.com\/wirmachenauf","https:\/\/x.com\/WirMachenAuf_de"]},{"@type":"Person","@id":"https:\/\/now-news.de\/de\/#\/schema\/person\/fb534a4e865501d8b3285208df34a9b5","name":"rtnews","image":{"@type":"ImageObject","inLanguage":"de","@id":"https:\/\/now-news.de\/de\/#\/schema\/person\/image\/","url":"https:\/\/secure.gravatar.com\/avatar\/82aafea7d8127119dd649515f56e2117?s=96&d=mm&r=g","contentUrl":"https:\/\/secure.gravatar.com\/avatar\/82aafea7d8127119dd649515f56e2117?s=96&d=mm&r=g","caption":"rtnews"},"url":"https:\/\/now-news.de\/de\/author\/rnews\/"}]}},"_links":{"self":[{"href":"https:\/\/now-news.de\/de\/wp-json\/wp\/v2\/posts\/70554"}],"collection":[{"href":"https:\/\/now-news.de\/de\/wp-json\/wp\/v2\/posts"}],"about":[{"href":"https:\/\/now-news.de\/de\/wp-json\/wp\/v2\/types\/post"}],"author":[{"embeddable":true,"href":"https:\/\/now-news.de\/de\/wp-json\/wp\/v2\/users\/3"}],"replies":[{"embeddable":true,"href":"https:\/\/now-news.de\/de\/wp-json\/wp\/v2\/comments?post=70554"}],"version-history":[{"count":0,"href":"https:\/\/now-news.de\/de\/wp-json\/wp\/v2\/posts\/70554\/revisions"}],"wp:featuredmedia":[{"embeddable":true,"href":"https:\/\/now-news.de\/de\/wp-json\/wp\/v2\/media\/70555"}],"wp:attachment":[{"href":"https:\/\/now-news.de\/de\/wp-json\/wp\/v2\/media?parent=70554"}],"wp:term":[{"taxonomy":"category","embeddable":true,"href":"https:\/\/now-news.de\/de\/wp-json\/wp\/v2\/categories?post=70554"},{"taxonomy":"post_tag","embeddable":true,"href":"https:\/\/now-news.de\/de\/wp-json\/wp\/v2\/tags?post=70554"}],"curies":[{"name":"wp","href":"https:\/\/api.w.org\/{rel}","templated":true}]}}