{"id":7054,"date":"2022-05-07T21:40:00","date_gmt":"2022-05-07T19:40:00","guid":{"rendered":"http:\/\/just-now.news\/de\/usa\/alarmierend-zwei-elektrobusse-explodieren-spontan-ganze-flotte-von-der-strasse-genommen-biden-sollte-das-beobachten\/"},"modified":"2022-05-07T21:40:00","modified_gmt":"2022-05-07T19:40:00","slug":"alarmierend-zwei-elektrobusse-explodieren-spontan-ganze-flotte-von-der-strasse-genommen-biden-sollte-das-beobachten","status":"publish","type":"post","link":"https:\/\/now-news.de\/de\/usa\/alarmierend-zwei-elektrobusse-explodieren-spontan-ganze-flotte-von-der-strasse-genommen-biden-sollte-das-beobachten\/","title":{"rendered":"Alarmierend: Zwei Elektrobusse explodieren spontan, ganze Flotte von der Stra\u00dfe genommen \u2013 Biden sollte das beobachten"},"content":{"rendered":"<p><\/p>\n<div class=\"entry-content\">\n<p>Ein staatlicher \u00f6ffentlicher Verkehrsbetrieb in Paris, Frankreich, die R\u00e9gie Autonome des Transports Parisiens, hat 149 Elektrobusse aus seiner Flotte genommen, nachdem zwei von ihnen innerhalb desselben Monats spontan explodiert waren.<\/p>\n<p>Die RATP beschloss, die Elektrofahrzeuge vor\u00fcbergehend stillzulegen, nachdem sich die zweite Explosion am 29. April gegen 9 Uhr morgens in der N\u00e4he der Fran\u00e7ois-Mitterrand-Bibliothek ereignet hatte, wie aus einem Bericht der Lokalzeitung Le Parisien und einer Pressemitteilung der RATP hervorgeht.<\/p>\n<p>Aufnahmen des in Flammen stehenden Busses im 13. Arrondissement von Paris wurden in den sozialen Medien weit verbreitet.<\/p>\n<div id=\"IC1-ad\" class=\"sponsor IC1\">\n<p class=\"ad-notice flipboard-remove\" fl:fl-noexcerpt=\"true\">Werbung \u2013 die Geschichte geht unten weiter<\/p>\n<div id=\"IC1\">\n<script>\n\t\t\t\t\tif( FFADS.units.IC1 && FFADS.units.IC1.ad_type == 'custom' && FFADS.units.IC1.custom_ads && ! getCookie( 'ff_subbed' ) ) {\n\t\t\t\t\t\tdocument.getElementById( 'IC1' ).innerHTML = FFADS.units.IC1.custom_ads[0].code;\n\t\t\t\t\t\tif( ! FFADS.units.IC1.lazy_load ) eval( FFADS.units.IC1.custom_ads[0].rendering_script );\n\t\t\t\t\t}\n\t\t\t\t\telse if( FFADS.units.IC1 && ! getCookie( 'ff_subbed' ) ) {\n\t\t\t\t\t\tif( 'IC' != 'SB' && 'IC' != 'SA' && FFADS.use_fixed_containers ) {\n\t\t\t\t\t\t\tlet max_wh = firefly_size_list_to_max_wh( FFADS.units.IC1.sizes );\n\t\t\t\t\t\t\tlet el = document.querySelector( '#IC1' );\n\t\t\t\t\t\t\tif( 'IC' != 'SA' && FFADS.slide_pixels ) {\n\t\t\t\t\t\t\t\tmax_wh[1] += parseInt( FFADS.slide_pixels );\n\t\t\t\t\t\t\t\tel.classList.add( 'sliding' );\n\t\t\t\t\t\t\t}\n\t\t\t\t\t\t\tel.style.width = max_wh[0] + 'px';\n\t\t\t\t\t\t\tel.style.height = max_wh[1] + 'px';\n\t\t\t\t\t\t\tel.classList.add( 'fixed-size' );\n\t\t\t\t\t\t}\n\t\t\t\t\t\tgoogletag.cmd.push( function() {\n\t\t\t\t\t\t\tFFADS.debug( 'googletag.displaying IC1' );\n\t\t\t\t\t\t\tgoogletag.display( 'IC1' );\n\t\t\t\t\t\t} );\n\t\t\t\t\t}\n\t\t\t\t\telse {\n\t\t\t\t\t\tdocument.querySelector( '#IC1-ad' ).style.display = 'none';}\n\t\t\t\t<\/script><\/div>\n<\/div>\n<p>Ein Video von VIXX, in dem die viralen Videos zusammengestellt wurden, zeigte Rauch, der von der Oberseite des Busses aufstieg, wo sich die Batterie befindet.  Der Rauch l\u00f6ste eine Explosion und einen Funkenregen aus, der den Mittelteil des Fahrzeugs und die umliegenden Bereiche bedeckte.<\/p>\n<p><strong>BEOBACHTEN:<\/strong><\/p>\n<p><script>\n\t\t\t\t\tif( ! getCookie( 'ff_subbed' ) ) if( typeof FFADS.replace_ict != 'undefined' ) if( FFADS.replace_ict ) eval( FFADS.replace_ict );\n\t\t\t\t<\/script><\/p>\n<div class=\"jeg_video_container jeg_video_content\"><iframe loading=\"lazy\" title=\"An Electric Bus Caught Fire After Battery Explosion in Paris\" width=\"500\" height=\"281\" src=\"https:\/\/www.youtube.com\/embed\/5r-yN8SugWM?feature=oembed\" frameborder=\"0\" allow=\"accelerometer; autoplay; clipboard-write; encrypted-media; gyroscope; picture-in-picture; web-share\" referrerpolicy=\"strict-origin-when-cross-origin\" allowfullscreen><\/iframe><\/div>\n<p>Flammen verschlangen schlie\u00dflich das Elektrofahrzeug, und das verheerende Inferno lie\u00df hohe S\u00e4ulen aus dickem schwarzem Rauch entstehen, die von der Umgebung aus sichtbar waren, wie das Video zeigte.  Die Luft war erf\u00fcllt vom Geruch von brennendem Plastik.<\/p>\n<div id=\"IC2-ad\" class=\"sponsor IC2\">\n<p class=\"ad-notice flipboard-remove\" fl:fl-noexcerpt=\"true\">Werbung \u2013 die Geschichte geht unten weiter<\/p>\n<div id=\"IC2\">\n<script>\n\t\t\t\t\tif( FFADS.units.IC2 && FFADS.units.IC2.ad_type == 'custom' && FFADS.units.IC2.custom_ads && ! getCookie( 'ff_subbed' ) ) {\n\t\t\t\t\t\tdocument.getElementById( 'IC2' ).innerHTML = FFADS.units.IC2.custom_ads[0].code;\n\t\t\t\t\t\tif( ! FFADS.units.IC2.lazy_load ) eval( FFADS.units.IC2.custom_ads[0].rendering_script );\n\t\t\t\t\t}\n\t\t\t\t\telse if( FFADS.units.IC2 && ! getCookie( 'ff_subbed' ) ) {\n\t\t\t\t\t\tif( 'IC' != 'SB' && 'IC' != 'SA' && FFADS.use_fixed_containers ) {\n\t\t\t\t\t\t\tlet max_wh = firefly_size_list_to_max_wh( FFADS.units.IC2.sizes );\n\t\t\t\t\t\t\tlet el = document.querySelector( '#IC2' );\n\t\t\t\t\t\t\tif( 'IC' != 'SA' && FFADS.slide_pixels ) {\n\t\t\t\t\t\t\t\tmax_wh[1] += parseInt( FFADS.slide_pixels );\n\t\t\t\t\t\t\t\tel.classList.add( 'sliding' );\n\t\t\t\t\t\t\t}\n\t\t\t\t\t\t\tel.style.width = max_wh[0] + 'px';\n\t\t\t\t\t\t\tel.style.height = max_wh[1] + 'px';\n\t\t\t\t\t\t\tel.classList.add( 'fixed-size' );\n\t\t\t\t\t\t}\n\t\t\t\t\t\tgoogletag.cmd.push( function() {\n\t\t\t\t\t\t\tFFADS.debug( 'googletag.displaying IC2' );\n\t\t\t\t\t\t\tgoogletag.display( 'IC2' );\n\t\t\t\t\t\t} );\n\t\t\t\t\t}\n\t\t\t\t\telse {\n\t\t\t\t\t\tdocument.querySelector( '#IC2-ad' ).style.display = 'none';}\n\t\t\t\t<\/script><\/div>\n<\/div>\n<p>Gl\u00fccklicherweise gab es keine Verletzten durch das Feuer.  Der Busfahrer konnte aussteigen, best\u00e4tigte der B\u00fcrgermeister des Arrondissements, J\u00e9r\u00f4me Coumet.<\/p>\n<p>Die Feuerwehr reagierte umgehend auf den Vorfall.  Die Beh\u00f6rden schlossen die nahe gelegene Metrostation von 9.00 bis 11.00 Uhr, um ihnen zu helfen, das lodernde Inferno zu l\u00f6schen, berichtete Le Figaro.<\/p>\n<p>Der Bus, der am 29. April in Flammen aufging, und der, der Anfang des Monats in Brand geriet, geh\u00f6rten laut RATP beide zur Bluebus 5SE-Serie der Marke Bollor\u00e9.<\/p>\n<p>Die RATP hat den Hersteller aufgefordert, eine umfassende Untersuchung durchzuf\u00fchren, um die Ursachen des Feuers zu erkl\u00e4ren und der RATP einen Aktionsplan vorzulegen, um die Elektrobusse sicher wieder in Betrieb zu nehmen.<\/p>\n<p>Die beiden Br\u00e4nde in Paris und \u00e4hnliche Vorf\u00e4lle weltweit haben Bedenken hinsichtlich der Sicherheit von Elektrofahrzeugen geweckt, da Aktivisten und Gesetzgeber darauf hinarbeiten, dass sie diejenigen ersetzen, die mit fossilen Brennstoffen betrieben werden.<\/p>\n<div id=\"IC3-ad\" class=\"sponsor IC3\">\n<p class=\"ad-notice flipboard-remove\" fl:fl-noexcerpt=\"true\">Werbung \u2013 die Geschichte geht unten weiter<\/p>\n<div id=\"IC3\">\n<script>\n\t\t\t\t\tif( FFADS.units.IC3 && FFADS.units.IC3.ad_type == 'custom' && FFADS.units.IC3.custom_ads && ! getCookie( 'ff_subbed' ) ) {\n\t\t\t\t\t\tdocument.getElementById( 'IC3' ).innerHTML = FFADS.units.IC3.custom_ads[0].code;\n\t\t\t\t\t\tif( ! FFADS.units.IC3.lazy_load ) eval( FFADS.units.IC3.custom_ads[0].rendering_script );\n\t\t\t\t\t}\n\t\t\t\t\telse if( FFADS.units.IC3 && ! getCookie( 'ff_subbed' ) ) {\n\t\t\t\t\t\tif( 'IC' != 'SB' && 'IC' != 'SA' && FFADS.use_fixed_containers ) {\n\t\t\t\t\t\t\tlet max_wh = firefly_size_list_to_max_wh( FFADS.units.IC3.sizes );\n\t\t\t\t\t\t\tlet el = document.querySelector( '#IC3' );\n\t\t\t\t\t\t\tif( 'IC' != 'SA' && FFADS.slide_pixels ) {\n\t\t\t\t\t\t\t\tmax_wh[1] += parseInt( FFADS.slide_pixels );\n\t\t\t\t\t\t\t\tel.classList.add( 'sliding' );\n\t\t\t\t\t\t\t}\n\t\t\t\t\t\t\tel.style.width = max_wh[0] + 'px';\n\t\t\t\t\t\t\tel.style.height = max_wh[1] + 'px';\n\t\t\t\t\t\t\tel.classList.add( 'fixed-size' );\n\t\t\t\t\t\t}\n\t\t\t\t\t\tgoogletag.cmd.push( function() {\n\t\t\t\t\t\t\tFFADS.debug( 'googletag.displaying IC3' );\n\t\t\t\t\t\t\tgoogletag.display( 'IC3' );\n\t\t\t\t\t\t} );\n\t\t\t\t\t}\n\t\t\t\t\telse {\n\t\t\t\t\t\tdocument.querySelector( '#IC3-ad' ).style.display = 'none';}\n\t\t\t\t<\/script><\/div>\n<\/div>\n<p>Die indische Regierung forderte im vergangenen Monat die im Land t\u00e4tigen Elektromotorradunternehmen auf, freiwillige R\u00fcckrufaktionen ihrer Produkte durchzuf\u00fchren.<\/p>\n<p>Die Beh\u00f6rden des Landes taten dies, um sicherzustellen, dass Elektromotorr\u00e4der f\u00fcr die Verbraucher sicher sind, nachdem eine Reihe von Elektrorollern im Land Feuer gefangen hatten, berichtete die indische Zeitung The Hindu.<\/p>\n<p>\u201eLithium hat eine nat\u00fcrliche Affinit\u00e4t zu Feuer\u201c, sagte Amit Das, der Gr\u00fcnder der indischen Mehrmarken-Elektrofahrzeug-Ladenkette Electric One, laut Business Standard.  Lithium ist ein h\u00e4ufiges Element in Batterien von Elektrofahrzeugen.<\/p>\n<p>Batteriebr\u00e4nde in Elektrofahrzeugen k\u00f6nnen laut Forbes aus zwei Gr\u00fcnden auftreten.<\/p>\n<div id=\"IC4-ad\" class=\"sponsor IC4\">\n<p class=\"ad-notice flipboard-remove\" fl:fl-noexcerpt=\"true\">Werbung \u2013 die Geschichte geht unten weiter<\/p>\n<div id=\"IC4\">\n<script>\n\t\t\t\t\tif( FFADS.units.IC4 && FFADS.units.IC4.ad_type == 'custom' && FFADS.units.IC4.custom_ads && ! getCookie( 'ff_subbed' ) ) {\n\t\t\t\t\t\tdocument.getElementById( 'IC4' ).innerHTML = FFADS.units.IC4.custom_ads[0].code;\n\t\t\t\t\t\tif( ! FFADS.units.IC4.lazy_load ) eval( FFADS.units.IC4.custom_ads[0].rendering_script );\n\t\t\t\t\t}\n\t\t\t\t\telse if( FFADS.units.IC4 && ! getCookie( 'ff_subbed' ) ) {\n\t\t\t\t\t\tif( 'IC' != 'SB' && 'IC' != 'SA' && FFADS.use_fixed_containers ) {\n\t\t\t\t\t\t\tlet max_wh = firefly_size_list_to_max_wh( FFADS.units.IC4.sizes );\n\t\t\t\t\t\t\tlet el = document.querySelector( '#IC4' );\n\t\t\t\t\t\t\tif( 'IC' != 'SA' && FFADS.slide_pixels ) {\n\t\t\t\t\t\t\t\tmax_wh[1] += parseInt( FFADS.slide_pixels );\n\t\t\t\t\t\t\t\tel.classList.add( 'sliding' );\n\t\t\t\t\t\t\t}\n\t\t\t\t\t\t\tel.style.width = max_wh[0] + 'px';\n\t\t\t\t\t\t\tel.style.height = max_wh[1] + 'px';\n\t\t\t\t\t\t\tel.classList.add( 'fixed-size' );\n\t\t\t\t\t\t}\n\t\t\t\t\t\tgoogletag.cmd.push( function() {\n\t\t\t\t\t\t\tFFADS.debug( 'googletag.displaying IC4' );\n\t\t\t\t\t\t\tgoogletag.display( 'IC4' );\n\t\t\t\t\t\t} );\n\t\t\t\t\t}\n\t\t\t\t\telse {\n\t\t\t\t\t\tdocument.querySelector( '#IC4-ad' ).style.display = 'none';}\n\t\t\t\t<\/script><\/div>\n<\/div>\n<p>Einer ist ein Autounfall, der einzelne Zellen in der Batterie besch\u00e4digt, was schlie\u00dflich zu einem Brand f\u00fchren kann, der andere Zellen und anschlie\u00dfend das gesamte Auto verschlingt.  Laut Forbes war dies das Problem bei fr\u00fchen Teslas.  Der andere Grund sind Herstellungsfehler.<\/p>\n<p>Neben Sicherheitsbedenken sind Elektrofahrzeuge mit anderen Problemen konfrontiert, z. B. dass Regierungen neue Steuern erheben, um Einnahmeverluste auszugleichen, die mit Anreizen f\u00fcr Autofahrer einhergingen, von gasbetriebenen Fahrzeugen auf Elektrofahrzeuge umzusteigen.<\/p>\n<p>Hinzu kommen ethische Bedenken, die sich aus der Natur des Prozesses des Abbaus von Rohstoffen zur Herstellung von Elektrofahrzeugen und den damit verbundenen Emissionen ergeben.<\/p>\n<p>Dieser Artikel erschien urspr\u00fcnglich im Western Journal.<\/p>\n<p class=\"article-ask\"><span class=\"ask\"><script>\n  if( getParameterByName( \"utm_source\" ) == \"testpage\" ) {\n    !function(e,t,a,n,g){e[n]=e[n]||[],e[n].push({\"gtm.start\":(new Date).getTime(),event:\"gtm.js\"});var m=t.getElementsByTagName(a)[0],r=t.createElement(a);r.async=!0,r.src=\"https:\/\/www.googletagmanager.com\/gtm.js?id=GTM-PL4PD49\",m.parentNode.insertBefore(r,m)}(window.parent,window.parent.document,\"script\",\"dataLayer\");\n    var iframe=window.parent.document.createElement(\"iframe\");iframe.src=\"https:\/\/www.googletagmanager.com\/ns.html?id=GTM-PL4PD49\";iframe.height=\"0\";iframe.width=\"0\";iframe.style=\"display:none;visibility:hidden\";window.parent.document.body.appendChild(iframe);\n    window.parent[\"$$mm-analytics\"] = window.parent[\"$$mm-analytics\"] || {};if (typeof window.parent[\"$$mm-analytics\"].firstEmbed === \"undefined\") {window.parent[\"$$mm-analytics\"].firstEmbed = Date.now();}\n    let as1 = document.createElement( \"script\" );\n    as1.src = \"https:\/\/bucket1.mm-syringe.com\/prod\/configs\/ee2300c8-43d2-7f0b-dac0-40aaf31c9d3d.js\";\n    document.body.appendChild( as1 );\n    let as2 = document.createElement( \"script\" );\n    as2.src = \"https:\/\/bucket1.mm-syringe.com\/prod\/injector\/injector.1.5.3.js\";\n    document.body.appendChild( as2 );\n  }\n<\/script><\/p>\n<div class=\"apester-media\" data-token=\"5f10a39f94902bc81d3d59a7\" data-context=\"true\" data-tags=\"\" data-fallback=\"true\" height=\"350\"><\/div>\n<p><script id=\"apester_script\" src=\"https:\/\/static.apester.com\/js\/sdk\/latest\/apester-sdk.js\" async><\/script><script async src=\"https:\/\/www.googletagmanager.com\/gtag\/js?id=G-EFE91RJVSQ\"><\/script><script>\n  window.dataLayer = window.dataLayer || [];\n  function gtag(){dataLayer.push(arguments);}\n  gtag(\\'js\\', new Date());\n  gtag(\\'config\\', \\'G-EFE91RJVSQ\\');\n<\/script><\/span><\/p>\n<\/div>\n<p><br \/>\n<br \/><a href=\"https:\/\/www.thegatewaypundit.com\/2022\/05\/alarming-two-electric-buses-spontaneously-explode-entire-fleet-taken-off-road-biden-watch\/\">Source link <\/a><\/p>\n","protected":false},"excerpt":{"rendered":"<p>Ein staatlicher \u00f6ffentlicher Verkehrsbetrieb in Paris, Frankreich, die R\u00e9gie Autonome des Transports Parisiens, hat 149 Elektrobusse aus seiner Flotte genommen, nachdem zwei von ihnen innerhalb desselben Monats spontan explodiert waren. Die RATP beschloss, die Elektrofahrzeuge vor\u00fcbergehend stillzulegen, nachdem sich die zweite Explosion am 29. April gegen 9 Uhr morgens in der N\u00e4he der Fran\u00e7ois-Mitterrand-Bibliothek ereignet [&hellip;]<\/p>\n","protected":false},"author":5,"featured_media":7055,"comment_status":"open","ping_status":"open","sticky":false,"template":"","format":"standard","meta":{"_oembed_1660197a5b2c2406ff71381d47c501d6":["<iframe title=\"An Electric Bus Caught Fire After Battery Explosion in Paris\" width=\"500\" height=\"281\" src=\"https:\/\/www.youtube.com\/embed\/5r-yN8SugWM?feature=oembed\" frameborder=\"0\" allow=\"accelerometer; autoplay; clipboard-write; encrypted-media; gyroscope; picture-in-picture\" allowfullscreen><\/iframe>"],"_oembed_time_1660197a5b2c2406ff71381d47c501d6":["1651952803"],"wp_automatic_camp":["1161"],"e21dd37e287fa36681541a806aba3027":["Alarmierend: Zwei Elektrobusse explodieren spontan, ganze Flotte von der Stra\u00dfe genommen \u2013 Biden sollte das beobachten\n"],"original_link":["https:\/\/www.thegatewaypundit.com\/2022\/05\/alarming-two-electric-buses-spontaneously-explode-entire-fleet-taken-off-road-biden-watch\/"],"_thumbnail_id":["7055"],"wp_automatic_remove_first_image":["yes"],"jnews_social_counter_last_update":["1777830915"],"_oembed_54e0c5ba02e4ea381fe1da810e8b3061":["<iframe title=\"An Electric Bus Caught Fire After Battery Explosion in Paris\" width=\"500\" height=\"281\" src=\"https:\/\/www.youtube.com\/embed\/5r-yN8SugWM?feature=oembed\" frameborder=\"0\" allow=\"accelerometer; autoplay; clipboard-write; encrypted-media; gyroscope; picture-in-picture; web-share\" referrerpolicy=\"strict-origin-when-cross-origin\" allowfullscreen><\/iframe>"],"_oembed_time_54e0c5ba02e4ea381fe1da810e8b3061":["1717324456"]},"categories":[25],"tags":[19114,19119,1348,427,82,19115,19116,19118,12293,1088,3590,19117,3378,50,1003],"yoast_head":"<!-- This site is optimized with the Yoast SEO Premium plugin v22.7 (Yoast SEO v22.7) - https:\/\/yoast.com\/wordpress\/plugins\/seo\/ -->\n<title>Alarmierend: Zwei Elektrobusse explodieren spontan, ganze Flotte von der Stra\u00dfe genommen \u2013 Biden sollte das beobachten - just-now.NEWS Deutschland<\/title>\n<meta name=\"robots\" content=\"index, follow, max-snippet:-1, max-image-preview:large, max-video-preview:-1\" \/>\n<link rel=\"canonical\" href=\"https:\/\/now-news.de\/de\/usa\/alarmierend-zwei-elektrobusse-explodieren-spontan-ganze-flotte-von-der-strasse-genommen-biden-sollte-das-beobachten\/\" \/>\n<meta property=\"og:locale\" content=\"de_DE\" \/>\n<meta property=\"og:type\" content=\"article\" \/>\n<meta property=\"og:title\" content=\"Alarmierend: Zwei Elektrobusse explodieren spontan, ganze Flotte von der Stra\u00dfe genommen \u2013 Biden sollte das beobachten\" \/>\n<meta property=\"og:description\" content=\"Ein staatlicher \u00f6ffentlicher Verkehrsbetrieb in Paris, Frankreich, die R\u00e9gie Autonome des Transports Parisiens, hat 149 Elektrobusse aus seiner Flotte genommen, nachdem zwei von ihnen innerhalb desselben Monats spontan explodiert waren. Die RATP beschloss, die Elektrofahrzeuge vor\u00fcbergehend stillzulegen, nachdem sich die zweite Explosion am 29. April gegen 9 Uhr morgens in der N\u00e4he der Fran\u00e7ois-Mitterrand-Bibliothek ereignet [&hellip;]\" \/>\n<meta property=\"og:url\" content=\"https:\/\/now-news.de\/de\/usa\/alarmierend-zwei-elektrobusse-explodieren-spontan-ganze-flotte-von-der-strasse-genommen-biden-sollte-das-beobachten\/\" \/>\n<meta property=\"og:site_name\" content=\"just-now.NEWS Deutschland\" \/>\n<meta property=\"article:publisher\" content=\"https:\/\/www.facebook.com\/wirmachenauf\" \/>\n<meta property=\"article:published_time\" content=\"2022-05-07T19:40:00+00:00\" \/>\n<meta property=\"og:image\" content=\"https:\/\/now-news.de\/de\/wp-content\/uploads\/sites\/3\/2022\/05\/Alarmierend-Zwei-Elektrobusse-explodieren-spontan-ganze-Flotte-von-der-Strasse.jpg\" \/>\n\t<meta property=\"og:image:width\" content=\"1200\" \/>\n\t<meta property=\"og:image:height\" content=\"630\" \/>\n\t<meta property=\"og:image:type\" content=\"image\/jpeg\" \/>\n<meta name=\"author\" content=\"greatreset\" \/>\n<meta name=\"twitter:card\" content=\"summary_large_image\" \/>\n<meta name=\"twitter:creator\" content=\"@WirMachenAuf_de\" \/>\n<meta name=\"twitter:site\" content=\"@WirMachenAuf_de\" \/>\n<meta name=\"twitter:label1\" content=\"Verfasst von\" \/>\n\t<meta name=\"twitter:data1\" content=\"greatreset\" \/>\n\t<meta name=\"twitter:label2\" content=\"Gesch\u00e4tzte Lesezeit\" \/>\n\t<meta name=\"twitter:data2\" content=\"3\u00a0Minuten\" \/>\n<script type=\"application\/ld+json\" class=\"yoast-schema-graph\">{\"@context\":\"https:\/\/schema.org\",\"@graph\":[{\"@type\":\"Article\",\"@id\":\"https:\/\/now-news.de\/de\/usa\/alarmierend-zwei-elektrobusse-explodieren-spontan-ganze-flotte-von-der-strasse-genommen-biden-sollte-das-beobachten\/#article\",\"isPartOf\":{\"@id\":\"https:\/\/now-news.de\/de\/usa\/alarmierend-zwei-elektrobusse-explodieren-spontan-ganze-flotte-von-der-strasse-genommen-biden-sollte-das-beobachten\/\"},\"author\":{\"name\":\"greatreset\",\"@id\":\"https:\/\/now-news.de\/de\/#\/schema\/person\/8afb4cd92b68572db7902c13a349ffcb\"},\"headline\":\"Alarmierend: Zwei Elektrobusse explodieren spontan, ganze Flotte von der Stra\u00dfe genommen \u2013 Biden sollte das beobachten\",\"datePublished\":\"2022-05-07T19:40:00+00:00\",\"dateModified\":\"2022-05-07T19:40:00+00:00\",\"mainEntityOfPage\":{\"@id\":\"https:\/\/now-news.de\/de\/usa\/alarmierend-zwei-elektrobusse-explodieren-spontan-ganze-flotte-von-der-strasse-genommen-biden-sollte-das-beobachten\/\"},\"wordCount\":590,\"commentCount\":0,\"publisher\":{\"@id\":\"https:\/\/now-news.de\/de\/#organization\"},\"image\":{\"@id\":\"https:\/\/now-news.de\/de\/usa\/alarmierend-zwei-elektrobusse-explodieren-spontan-ganze-flotte-von-der-strasse-genommen-biden-sollte-das-beobachten\/#primaryimage\"},\"thumbnailUrl\":\"https:\/\/now-news.de\/de\/wp-content\/uploads\/sites\/3\/2022\/05\/Alarmierend-Zwei-Elektrobusse-explodieren-spontan-ganze-Flotte-von-der-Strasse.jpg\",\"keywords\":[\"Alarmierend\",\"beobachten\",\"Biden\",\"das\",\"der\",\"Elektrobusse\",\"explodieren\",\"Flotte\",\"ganze\",\"genommen\",\"sollte\",\"spontan\",\"Stra\u00dfe\",\"von\",\"zwei\"],\"articleSection\":[\"USA\"],\"inLanguage\":\"de\",\"potentialAction\":[{\"@type\":\"CommentAction\",\"name\":\"Comment\",\"target\":[\"https:\/\/now-news.de\/de\/usa\/alarmierend-zwei-elektrobusse-explodieren-spontan-ganze-flotte-von-der-strasse-genommen-biden-sollte-das-beobachten\/#respond\"]}]},{\"@type\":\"WebPage\",\"@id\":\"https:\/\/now-news.de\/de\/usa\/alarmierend-zwei-elektrobusse-explodieren-spontan-ganze-flotte-von-der-strasse-genommen-biden-sollte-das-beobachten\/\",\"url\":\"https:\/\/now-news.de\/de\/usa\/alarmierend-zwei-elektrobusse-explodieren-spontan-ganze-flotte-von-der-strasse-genommen-biden-sollte-das-beobachten\/\",\"name\":\"Alarmierend: Zwei Elektrobusse explodieren spontan, ganze Flotte von der Stra\u00dfe genommen \u2013 Biden sollte das beobachten - just-now.NEWS Deutschland\",\"isPartOf\":{\"@id\":\"https:\/\/now-news.de\/de\/#website\"},\"primaryImageOfPage\":{\"@id\":\"https:\/\/now-news.de\/de\/usa\/alarmierend-zwei-elektrobusse-explodieren-spontan-ganze-flotte-von-der-strasse-genommen-biden-sollte-das-beobachten\/#primaryimage\"},\"image\":{\"@id\":\"https:\/\/now-news.de\/de\/usa\/alarmierend-zwei-elektrobusse-explodieren-spontan-ganze-flotte-von-der-strasse-genommen-biden-sollte-das-beobachten\/#primaryimage\"},\"thumbnailUrl\":\"https:\/\/now-news.de\/de\/wp-content\/uploads\/sites\/3\/2022\/05\/Alarmierend-Zwei-Elektrobusse-explodieren-spontan-ganze-Flotte-von-der-Strasse.jpg\",\"datePublished\":\"2022-05-07T19:40:00+00:00\",\"dateModified\":\"2022-05-07T19:40:00+00:00\",\"breadcrumb\":{\"@id\":\"https:\/\/now-news.de\/de\/usa\/alarmierend-zwei-elektrobusse-explodieren-spontan-ganze-flotte-von-der-strasse-genommen-biden-sollte-das-beobachten\/#breadcrumb\"},\"inLanguage\":\"de\",\"potentialAction\":[{\"@type\":\"ReadAction\",\"target\":[\"https:\/\/now-news.de\/de\/usa\/alarmierend-zwei-elektrobusse-explodieren-spontan-ganze-flotte-von-der-strasse-genommen-biden-sollte-das-beobachten\/\"]}]},{\"@type\":\"ImageObject\",\"inLanguage\":\"de\",\"@id\":\"https:\/\/now-news.de\/de\/usa\/alarmierend-zwei-elektrobusse-explodieren-spontan-ganze-flotte-von-der-strasse-genommen-biden-sollte-das-beobachten\/#primaryimage\",\"url\":\"https:\/\/now-news.de\/de\/wp-content\/uploads\/sites\/3\/2022\/05\/Alarmierend-Zwei-Elektrobusse-explodieren-spontan-ganze-Flotte-von-der-Strasse.jpg\",\"contentUrl\":\"https:\/\/now-news.de\/de\/wp-content\/uploads\/sites\/3\/2022\/05\/Alarmierend-Zwei-Elektrobusse-explodieren-spontan-ganze-Flotte-von-der-Strasse.jpg\",\"width\":1200,\"height\":630},{\"@type\":\"BreadcrumbList\",\"@id\":\"https:\/\/now-news.de\/de\/usa\/alarmierend-zwei-elektrobusse-explodieren-spontan-ganze-flotte-von-der-strasse-genommen-biden-sollte-das-beobachten\/#breadcrumb\",\"itemListElement\":[{\"@type\":\"ListItem\",\"position\":1,\"name\":\"Home\",\"item\":\"https:\/\/now-news.de\/de\/\"},{\"@type\":\"ListItem\",\"position\":2,\"name\":\"Alarmierend: Zwei Elektrobusse explodieren spontan, ganze Flotte von der Stra\u00dfe genommen \u2013 Biden sollte das beobachten\"}]},{\"@type\":\"WebSite\",\"@id\":\"https:\/\/now-news.de\/de\/#website\",\"url\":\"https:\/\/now-news.de\/de\/\",\"name\":\"just-now.NEWS Deutschland\",\"description\":\"Das Portal f\u00fcr unzensierte Nachrichten aus der Welt\",\"publisher\":{\"@id\":\"https:\/\/now-news.de\/de\/#organization\"},\"potentialAction\":[{\"@type\":\"SearchAction\",\"target\":{\"@type\":\"EntryPoint\",\"urlTemplate\":\"https:\/\/now-news.de\/de\/?s={search_term_string}\"},\"query-input\":\"required name=search_term_string\"}],\"inLanguage\":\"de\"},{\"@type\":\"Organization\",\"@id\":\"https:\/\/now-news.de\/de\/#organization\",\"name\":\"Just Now News\",\"url\":\"https:\/\/now-news.de\/de\/\",\"logo\":{\"@type\":\"ImageObject\",\"inLanguage\":\"de\",\"@id\":\"https:\/\/now-news.de\/de\/#\/schema\/logo\/image\/\",\"url\":\"http:\/\/just-now.news\/de\/wp-content\/uploads\/sites\/3\/2022\/04\/logo500x500.jpg\",\"contentUrl\":\"http:\/\/just-now.news\/de\/wp-content\/uploads\/sites\/3\/2022\/04\/logo500x500.jpg\",\"width\":500,\"height\":500,\"caption\":\"Just Now News\"},\"image\":{\"@id\":\"https:\/\/now-news.de\/de\/#\/schema\/logo\/image\/\"},\"sameAs\":[\"https:\/\/www.facebook.com\/wirmachenauf\",\"https:\/\/x.com\/WirMachenAuf_de\"]},{\"@type\":\"Person\",\"@id\":\"https:\/\/now-news.de\/de\/#\/schema\/person\/8afb4cd92b68572db7902c13a349ffcb\",\"name\":\"greatreset\",\"image\":{\"@type\":\"ImageObject\",\"inLanguage\":\"de\",\"@id\":\"https:\/\/now-news.de\/de\/#\/schema\/person\/image\/\",\"url\":\"https:\/\/secure.gravatar.com\/avatar\/a088df625d49991c090e78c8b9542592?s=96&d=mm&r=g\",\"contentUrl\":\"https:\/\/secure.gravatar.com\/avatar\/a088df625d49991c090e78c8b9542592?s=96&d=mm&r=g\",\"caption\":\"greatreset\"},\"url\":\"https:\/\/now-news.de\/de\/author\/greatreset\/\"}]}<\/script>\n<!-- \/ Yoast SEO Premium plugin. -->","yoast_head_json":{"title":"Alarmierend: Zwei Elektrobusse explodieren spontan, ganze Flotte von der Stra\u00dfe genommen \u2013 Biden sollte das beobachten - just-now.NEWS Deutschland","robots":{"index":"index","follow":"follow","max-snippet":"max-snippet:-1","max-image-preview":"max-image-preview:large","max-video-preview":"max-video-preview:-1"},"canonical":"https:\/\/now-news.de\/de\/usa\/alarmierend-zwei-elektrobusse-explodieren-spontan-ganze-flotte-von-der-strasse-genommen-biden-sollte-das-beobachten\/","og_locale":"de_DE","og_type":"article","og_title":"Alarmierend: Zwei Elektrobusse explodieren spontan, ganze Flotte von der Stra\u00dfe genommen \u2013 Biden sollte das beobachten","og_description":"Ein staatlicher \u00f6ffentlicher Verkehrsbetrieb in Paris, Frankreich, die R\u00e9gie Autonome des Transports Parisiens, hat 149 Elektrobusse aus seiner Flotte genommen, nachdem zwei von ihnen innerhalb desselben Monats spontan explodiert waren. Die RATP beschloss, die Elektrofahrzeuge vor\u00fcbergehend stillzulegen, nachdem sich die zweite Explosion am 29. April gegen 9 Uhr morgens in der N\u00e4he der Fran\u00e7ois-Mitterrand-Bibliothek ereignet [&hellip;]","og_url":"https:\/\/now-news.de\/de\/usa\/alarmierend-zwei-elektrobusse-explodieren-spontan-ganze-flotte-von-der-strasse-genommen-biden-sollte-das-beobachten\/","og_site_name":"just-now.NEWS Deutschland","article_publisher":"https:\/\/www.facebook.com\/wirmachenauf","article_published_time":"2022-05-07T19:40:00+00:00","og_image":[{"width":1200,"height":630,"url":"https:\/\/now-news.de\/de\/wp-content\/uploads\/sites\/3\/2022\/05\/Alarmierend-Zwei-Elektrobusse-explodieren-spontan-ganze-Flotte-von-der-Strasse.jpg","type":"image\/jpeg"}],"author":"greatreset","twitter_card":"summary_large_image","twitter_creator":"@WirMachenAuf_de","twitter_site":"@WirMachenAuf_de","twitter_misc":{"Verfasst von":"greatreset","Gesch\u00e4tzte Lesezeit":"3\u00a0Minuten"},"schema":{"@context":"https:\/\/schema.org","@graph":[{"@type":"Article","@id":"https:\/\/now-news.de\/de\/usa\/alarmierend-zwei-elektrobusse-explodieren-spontan-ganze-flotte-von-der-strasse-genommen-biden-sollte-das-beobachten\/#article","isPartOf":{"@id":"https:\/\/now-news.de\/de\/usa\/alarmierend-zwei-elektrobusse-explodieren-spontan-ganze-flotte-von-der-strasse-genommen-biden-sollte-das-beobachten\/"},"author":{"name":"greatreset","@id":"https:\/\/now-news.de\/de\/#\/schema\/person\/8afb4cd92b68572db7902c13a349ffcb"},"headline":"Alarmierend: Zwei Elektrobusse explodieren spontan, ganze Flotte von der Stra\u00dfe genommen \u2013 Biden sollte das beobachten","datePublished":"2022-05-07T19:40:00+00:00","dateModified":"2022-05-07T19:40:00+00:00","mainEntityOfPage":{"@id":"https:\/\/now-news.de\/de\/usa\/alarmierend-zwei-elektrobusse-explodieren-spontan-ganze-flotte-von-der-strasse-genommen-biden-sollte-das-beobachten\/"},"wordCount":590,"commentCount":0,"publisher":{"@id":"https:\/\/now-news.de\/de\/#organization"},"image":{"@id":"https:\/\/now-news.de\/de\/usa\/alarmierend-zwei-elektrobusse-explodieren-spontan-ganze-flotte-von-der-strasse-genommen-biden-sollte-das-beobachten\/#primaryimage"},"thumbnailUrl":"https:\/\/now-news.de\/de\/wp-content\/uploads\/sites\/3\/2022\/05\/Alarmierend-Zwei-Elektrobusse-explodieren-spontan-ganze-Flotte-von-der-Strasse.jpg","keywords":["Alarmierend","beobachten","Biden","das","der","Elektrobusse","explodieren","Flotte","ganze","genommen","sollte","spontan","Stra\u00dfe","von","zwei"],"articleSection":["USA"],"inLanguage":"de","potentialAction":[{"@type":"CommentAction","name":"Comment","target":["https:\/\/now-news.de\/de\/usa\/alarmierend-zwei-elektrobusse-explodieren-spontan-ganze-flotte-von-der-strasse-genommen-biden-sollte-das-beobachten\/#respond"]}]},{"@type":"WebPage","@id":"https:\/\/now-news.de\/de\/usa\/alarmierend-zwei-elektrobusse-explodieren-spontan-ganze-flotte-von-der-strasse-genommen-biden-sollte-das-beobachten\/","url":"https:\/\/now-news.de\/de\/usa\/alarmierend-zwei-elektrobusse-explodieren-spontan-ganze-flotte-von-der-strasse-genommen-biden-sollte-das-beobachten\/","name":"Alarmierend: Zwei Elektrobusse explodieren spontan, ganze Flotte von der Stra\u00dfe genommen \u2013 Biden sollte das beobachten - just-now.NEWS Deutschland","isPartOf":{"@id":"https:\/\/now-news.de\/de\/#website"},"primaryImageOfPage":{"@id":"https:\/\/now-news.de\/de\/usa\/alarmierend-zwei-elektrobusse-explodieren-spontan-ganze-flotte-von-der-strasse-genommen-biden-sollte-das-beobachten\/#primaryimage"},"image":{"@id":"https:\/\/now-news.de\/de\/usa\/alarmierend-zwei-elektrobusse-explodieren-spontan-ganze-flotte-von-der-strasse-genommen-biden-sollte-das-beobachten\/#primaryimage"},"thumbnailUrl":"https:\/\/now-news.de\/de\/wp-content\/uploads\/sites\/3\/2022\/05\/Alarmierend-Zwei-Elektrobusse-explodieren-spontan-ganze-Flotte-von-der-Strasse.jpg","datePublished":"2022-05-07T19:40:00+00:00","dateModified":"2022-05-07T19:40:00+00:00","breadcrumb":{"@id":"https:\/\/now-news.de\/de\/usa\/alarmierend-zwei-elektrobusse-explodieren-spontan-ganze-flotte-von-der-strasse-genommen-biden-sollte-das-beobachten\/#breadcrumb"},"inLanguage":"de","potentialAction":[{"@type":"ReadAction","target":["https:\/\/now-news.de\/de\/usa\/alarmierend-zwei-elektrobusse-explodieren-spontan-ganze-flotte-von-der-strasse-genommen-biden-sollte-das-beobachten\/"]}]},{"@type":"ImageObject","inLanguage":"de","@id":"https:\/\/now-news.de\/de\/usa\/alarmierend-zwei-elektrobusse-explodieren-spontan-ganze-flotte-von-der-strasse-genommen-biden-sollte-das-beobachten\/#primaryimage","url":"https:\/\/now-news.de\/de\/wp-content\/uploads\/sites\/3\/2022\/05\/Alarmierend-Zwei-Elektrobusse-explodieren-spontan-ganze-Flotte-von-der-Strasse.jpg","contentUrl":"https:\/\/now-news.de\/de\/wp-content\/uploads\/sites\/3\/2022\/05\/Alarmierend-Zwei-Elektrobusse-explodieren-spontan-ganze-Flotte-von-der-Strasse.jpg","width":1200,"height":630},{"@type":"BreadcrumbList","@id":"https:\/\/now-news.de\/de\/usa\/alarmierend-zwei-elektrobusse-explodieren-spontan-ganze-flotte-von-der-strasse-genommen-biden-sollte-das-beobachten\/#breadcrumb","itemListElement":[{"@type":"ListItem","position":1,"name":"Home","item":"https:\/\/now-news.de\/de\/"},{"@type":"ListItem","position":2,"name":"Alarmierend: Zwei Elektrobusse explodieren spontan, ganze Flotte von der Stra\u00dfe genommen \u2013 Biden sollte das beobachten"}]},{"@type":"WebSite","@id":"https:\/\/now-news.de\/de\/#website","url":"https:\/\/now-news.de\/de\/","name":"just-now.NEWS Deutschland","description":"Das Portal f\u00fcr unzensierte Nachrichten aus der Welt","publisher":{"@id":"https:\/\/now-news.de\/de\/#organization"},"potentialAction":[{"@type":"SearchAction","target":{"@type":"EntryPoint","urlTemplate":"https:\/\/now-news.de\/de\/?s={search_term_string}"},"query-input":"required name=search_term_string"}],"inLanguage":"de"},{"@type":"Organization","@id":"https:\/\/now-news.de\/de\/#organization","name":"Just Now News","url":"https:\/\/now-news.de\/de\/","logo":{"@type":"ImageObject","inLanguage":"de","@id":"https:\/\/now-news.de\/de\/#\/schema\/logo\/image\/","url":"http:\/\/just-now.news\/de\/wp-content\/uploads\/sites\/3\/2022\/04\/logo500x500.jpg","contentUrl":"http:\/\/just-now.news\/de\/wp-content\/uploads\/sites\/3\/2022\/04\/logo500x500.jpg","width":500,"height":500,"caption":"Just Now News"},"image":{"@id":"https:\/\/now-news.de\/de\/#\/schema\/logo\/image\/"},"sameAs":["https:\/\/www.facebook.com\/wirmachenauf","https:\/\/x.com\/WirMachenAuf_de"]},{"@type":"Person","@id":"https:\/\/now-news.de\/de\/#\/schema\/person\/8afb4cd92b68572db7902c13a349ffcb","name":"greatreset","image":{"@type":"ImageObject","inLanguage":"de","@id":"https:\/\/now-news.de\/de\/#\/schema\/person\/image\/","url":"https:\/\/secure.gravatar.com\/avatar\/a088df625d49991c090e78c8b9542592?s=96&d=mm&r=g","contentUrl":"https:\/\/secure.gravatar.com\/avatar\/a088df625d49991c090e78c8b9542592?s=96&d=mm&r=g","caption":"greatreset"},"url":"https:\/\/now-news.de\/de\/author\/greatreset\/"}]}},"_links":{"self":[{"href":"https:\/\/now-news.de\/de\/wp-json\/wp\/v2\/posts\/7054"}],"collection":[{"href":"https:\/\/now-news.de\/de\/wp-json\/wp\/v2\/posts"}],"about":[{"href":"https:\/\/now-news.de\/de\/wp-json\/wp\/v2\/types\/post"}],"author":[{"embeddable":true,"href":"https:\/\/now-news.de\/de\/wp-json\/wp\/v2\/users\/5"}],"replies":[{"embeddable":true,"href":"https:\/\/now-news.de\/de\/wp-json\/wp\/v2\/comments?post=7054"}],"version-history":[{"count":0,"href":"https:\/\/now-news.de\/de\/wp-json\/wp\/v2\/posts\/7054\/revisions"}],"wp:featuredmedia":[{"embeddable":true,"href":"https:\/\/now-news.de\/de\/wp-json\/wp\/v2\/media\/7055"}],"wp:attachment":[{"href":"https:\/\/now-news.de\/de\/wp-json\/wp\/v2\/media?parent=7054"}],"wp:term":[{"taxonomy":"category","embeddable":true,"href":"https:\/\/now-news.de\/de\/wp-json\/wp\/v2\/categories?post=7054"},{"taxonomy":"post_tag","embeddable":true,"href":"https:\/\/now-news.de\/de\/wp-json\/wp\/v2\/tags?post=7054"}],"curies":[{"name":"wp","href":"https:\/\/api.w.org\/{rel}","templated":true}]}}