{"id":70530,"date":"2024-10-09T22:07:12","date_gmt":"2024-10-09T20:07:12","guid":{"rendered":"https:\/\/now-news.de\/de\/deutschland\/serbiens-vizepremier-belgrad-wird-sich-russland-sanktionen-niemals-anschliessen\/"},"modified":"2024-10-09T22:07:12","modified_gmt":"2024-10-09T20:07:12","slug":"serbiens-vizepremier-belgrad-wird-sich-russland-sanktionen-niemals-anschliessen","status":"publish","type":"post","link":"https:\/\/now-news.de\/de\/deutschland\/serbiens-vizepremier-belgrad-wird-sich-russland-sanktionen-niemals-anschliessen\/","title":{"rendered":"Serbiens Vizepremier: &quot;Belgrad wird sich Russland-Sanktionen niemals anschlie\u00dfen&quot;"},"content":{"rendered":"<p><img decoding=\"async\" src=\"https:\/\/now-news.de\/de\/wp-content\/uploads\/sites\/3\/2024\/10\/67068d66b480cc3ca371066b.jpg\" \/><\/p>\n<div class=\"Text-root Text-type_1 \">\n                Wer Russland nicht liebt, ist kein Freund Serbiens, erkl\u00e4rte der serbische Vizepremier Aleksandar Vulin in einem Interview. Trotz des starken Drucks aus dem Westen werde Belgrad nie die westlichen antirussischen Strafma\u00dfnahmen mittragen, betont der Politiker.\n            <\/div>\n<p><\/p>\n<div class=\"Text-root Text-type_5 ArticleView-text ViewText-root \">\n<p>Anfang September besuchte der stellvertretende Ministerpr\u00e4sident Serbiens, Alexander Vulin, Russland, wo er am \u00d6stlichen Wirtschaftsforum in der Pazifikstadt Wladiwostok teilnahm und sich mit dem russischen Pr\u00e4sidenten Wladimir Putin traf. In diesem Zusammenhang erkl\u00e4rte er in einem Interview, dass jeder Besuch in der Russischen F\u00f6deration eine weitere Gelegenheit sei zu bekr\u00e4ftigen, dass Belgrad antirussische Sanktionen entschieden ablehne. Es gebe kein einziges problematisches Thema oder unterschiedliche Ansichten \u00fcber die internationale Lage zwischen Serbien und Russland, <a rel=\"nofollow noopener\" target=\"_blank\" href=\"https:\/\/oborona.ru\/product\/zhurnal-nacionalnaya-oborona\/aleksandr-vulin-serbiya-nikogda-ne-prisoedinitsya-k-sankciyam-protiv-rossii-46315.shtml\">teilte<\/a> der Politiker in dem Gespr\u00e4ch mit der russischen Zeitschrift <em>Nazionalnaja Oborona<\/em> vom Mittwoch mit. Vulin sagte:\u00a0<\/p>\n<blockquote>\n<p><em>&#8220;Serbien ist derzeit das einzige Land in Europa, das die antirussische Hysterie nicht unterst\u00fctzt hat. Wir sind uns dar\u00fcber im Klaren, dass die Schicksale unserer L\u00e4nder untrennbar miteinander verbunden sind und jede Niederlage Russlands zugleich eine Niederlage Serbiens sein wird.<\/em><\/p>\n<p><em>Russlands Feinde sind sich der engen Verbindung zwischen unseren L\u00e4ndern durchaus bewusst. Genau aus diesem Grund \u00fcbt der Westen so viel Druck auf uns aus und verlangt, dass Serbien Sanktionen gegen Russland verh\u00e4ngt.&#8221;<\/em><\/p>\n<\/blockquote>\n<p>Es sei offensichtlich, so Vulin, dass es der russischen Wirtschaft keinen Schaden zuf\u00fcgen k\u00f6nne, wenn Serbien die westlichen Strafma\u00dfnahmen mittragen w\u00fcrde. Dies w\u00e4re jedoch ein schwerer psychologischer und moralischer Schlag, der Russland das Gef\u00fchl geben w\u00fcrde, v\u00f6llig allein zu sein. Gerade den psychologischen, ethischen und spirituellen Lebensbereich nehme der Westen ins Visier, wenn er von Belgrad die Verh\u00e4ngung von Sanktionen gegen Russland fordere, betont der Vizepremier. Und weiter:<\/p>\n<blockquote>\n<p><em>&#8220;Aber es w\u00e4re ein Schlag nicht nur gegen Russland, sondern auch gegen Serbien, wenn wir nach unserer gesamten Geschichte, nach Jahrhunderten der Freundschaft mit Russland, antirussische Sanktionen verh\u00e4ngen w\u00fcrden. Deshalb werden wir das niemals tun.&#8221;<\/em><\/p>\n<\/blockquote>\n<p>Serbien sei ein kleines Land, so Vulin, aber es sei nicht so klein, dass es sich selbst und sein Recht aufgeben w\u00fcrde, sich seine Freunde zu w\u00e4hlen. &#8220;Wer Russland nicht liebt, ist kein Freund Serbiens&#8221;, stellt er klar. Ohne ein freies und starkes Russland gebe es kein freies und starkes Serbien.<\/p>\n<p><strong>Mehr zum Thema<\/strong> &#8211; <a rel=\"nofollow noopener\" target=\"_blank\" href=\"https:\/\/freedert.online\/international\/210655-serbiens-vizepremier-belgrad-verhaengt-keine\/\">Serbiens Vizepremier: Belgrad verh\u00e4ngt keine Sanktionen gegen Russland<\/a><\/p>\n<\/div>\n<p><br \/>\n<br \/><a href=\"https:\/\/de.rt.com\/international\/221926-serbiens-vizepremier-belgrad-wird-sich\/\">Source link <\/a><\/p>\n","protected":false},"excerpt":{"rendered":"<p>Wer Russland nicht liebt, ist kein Freund Serbiens, erkl\u00e4rte der serbische Vizepremier Aleksandar Vulin in einem Interview. Trotz des starken Drucks aus dem Westen werde Belgrad nie die westlichen antirussischen Strafma\u00dfnahmen mittragen, betont der Politiker. Anfang September besuchte der stellvertretende Ministerpr\u00e4sident Serbiens, Alexander Vulin, Russland, wo er am \u00d6stlichen Wirtschaftsforum in der Pazifikstadt Wladiwostok teilnahm [&hellip;]<\/p>\n","protected":false},"author":3,"featured_media":70531,"comment_status":"open","ping_status":"open","sticky":false,"template":"","format":"standard","meta":{"_yoast_indexnow_last_ping":["1728504949"],"wp_automatic_camp":["217"],"2d67105dd98cf225f74bb620bc2b5fcb":["Serbiens Vizepremier: &quot;Belgrad wird sich Russland-Sanktionen niemals anschlie\u00dfen&quot;"],"original_link":["https:\/\/de.rt.com\/international\/221926-serbiens-vizepremier-belgrad-wird-sich\/"],"_thumbnail_id":["70531"],"jnews_social_counter_last_update":["1788187598"],"_wptgpro_p2tg_sent2tg":["a:1:{i:23737;s:19:\"2024-10-09 22:16:54\";}"]},"categories":[19,23],"tags":[59314,16056,59313,2197,18785,434,794,374],"class_list":["post-70530","post","type-post","status-publish","format-standard","has-post-thumbnail","hentry","category-deutschland","category-russland","tag-anschliessenquot","tag-niemals","tag-quotbelgrad","tag-russlandsanktionen","tag-serbiens","tag-sich","tag-vizepremier","tag-wird"],"yoast_head":"<!-- This site is optimized with the Yoast SEO Premium plugin v22.7 (Yoast SEO v28.2) - https:\/\/yoast.com\/product\/yoast-seo-premium-wordpress\/ -->\n<title>Serbiens Vizepremier: &quot;Belgrad wird sich Russland-Sanktionen niemals anschlie\u00dfen&quot; - just-now.NEWS Deutschland<\/title>\n<meta name=\"robots\" content=\"index, follow, max-snippet:-1, max-image-preview:large, max-video-preview:-1\" \/>\n<link rel=\"canonical\" href=\"https:\/\/now-news.de\/de\/deutschland\/serbiens-vizepremier-belgrad-wird-sich-russland-sanktionen-niemals-anschliessen\/\" \/>\n<meta property=\"og:locale\" content=\"de_DE\" \/>\n<meta property=\"og:type\" content=\"article\" \/>\n<meta property=\"og:title\" content=\"Serbiens Vizepremier: &quot;Belgrad wird sich Russland-Sanktionen niemals anschlie\u00dfen&quot;\" \/>\n<meta property=\"og:description\" content=\"Wer Russland nicht liebt, ist kein Freund Serbiens, erkl\u00e4rte der serbische Vizepremier Aleksandar Vulin in einem Interview. Trotz des starken Drucks aus dem Westen werde Belgrad nie die westlichen antirussischen Strafma\u00dfnahmen mittragen, betont der Politiker. Anfang September besuchte der stellvertretende Ministerpr\u00e4sident Serbiens, Alexander Vulin, Russland, wo er am \u00d6stlichen Wirtschaftsforum in der Pazifikstadt Wladiwostok teilnahm [&hellip;]\" \/>\n<meta property=\"og:url\" content=\"https:\/\/now-news.de\/de\/deutschland\/serbiens-vizepremier-belgrad-wird-sich-russland-sanktionen-niemals-anschliessen\/\" \/>\n<meta property=\"og:site_name\" content=\"just-now.NEWS Deutschland\" \/>\n<meta property=\"article:publisher\" content=\"https:\/\/www.facebook.com\/wirmachenauf\" \/>\n<meta property=\"article:published_time\" content=\"2024-10-09T20:07:12+00:00\" \/>\n<meta property=\"og:image\" content=\"https:\/\/now-news.de\/de\/wp-content\/uploads\/sites\/3\/2024\/10\/67068d66b480cc3ca371066b.jpg\" \/>\n<meta name=\"author\" content=\"rtnews\" \/>\n<meta name=\"twitter:card\" content=\"summary_large_image\" \/>\n<meta name=\"twitter:creator\" content=\"@WirMachenAuf_de\" \/>\n<meta name=\"twitter:site\" content=\"@WirMachenAuf_de\" \/>\n<meta name=\"twitter:label1\" content=\"Verfasst von\" \/>\n\t<meta name=\"twitter:data1\" content=\"rtnews\" \/>\n\t<meta name=\"twitter:label2\" content=\"Gesch\u00e4tzte Lesezeit\" \/>\n\t<meta name=\"twitter:data2\" content=\"2\u00a0Minuten\" \/>\n<script type=\"application\/ld+json\" class=\"yoast-schema-graph\">{\"@context\":\"https:\\\/\\\/schema.org\",\"@graph\":[{\"@type\":\"Article\",\"@id\":\"https:\\\/\\\/now-news.de\\\/de\\\/deutschland\\\/serbiens-vizepremier-belgrad-wird-sich-russland-sanktionen-niemals-anschliessen\\\/#article\",\"isPartOf\":{\"@id\":\"https:\\\/\\\/now-news.de\\\/de\\\/deutschland\\\/serbiens-vizepremier-belgrad-wird-sich-russland-sanktionen-niemals-anschliessen\\\/\"},\"author\":{\"name\":\"rtnews\",\"@id\":\"https:\\\/\\\/now-news.de\\\/de\\\/#\\\/schema\\\/person\\\/fb534a4e865501d8b3285208df34a9b5\"},\"headline\":\"Serbiens Vizepremier: &quot;Belgrad wird sich Russland-Sanktionen niemals anschlie\u00dfen&quot;\",\"datePublished\":\"2024-10-09T20:07:12+00:00\",\"mainEntityOfPage\":{\"@id\":\"https:\\\/\\\/now-news.de\\\/de\\\/deutschland\\\/serbiens-vizepremier-belgrad-wird-sich-russland-sanktionen-niemals-anschliessen\\\/\"},\"wordCount\":406,\"commentCount\":0,\"publisher\":{\"@id\":\"https:\\\/\\\/now-news.de\\\/de\\\/#organization\"},\"image\":{\"@id\":\"https:\\\/\\\/now-news.de\\\/de\\\/deutschland\\\/serbiens-vizepremier-belgrad-wird-sich-russland-sanktionen-niemals-anschliessen\\\/#primaryimage\"},\"thumbnailUrl\":\"https:\\\/\\\/now-news.de\\\/de\\\/wp-content\\\/uploads\\\/sites\\\/3\\\/2024\\\/10\\\/Serbiens-Vizepremier-quotBelgrad-wird-sich-Russland-Sanktionen-niemals-anschliessenquot.jpg\",\"keywords\":[\"anschlie\u00dfenquot\",\"Niemals\",\"quotBelgrad\",\"RusslandSanktionen\",\"Serbiens\",\"sich\",\"Vizepremier\",\"wird\"],\"articleSection\":[\"Deutschland\",\"Russland\"],\"inLanguage\":\"de\",\"potentialAction\":[{\"@type\":\"CommentAction\",\"name\":\"Comment\",\"target\":[\"https:\\\/\\\/now-news.de\\\/de\\\/deutschland\\\/serbiens-vizepremier-belgrad-wird-sich-russland-sanktionen-niemals-anschliessen\\\/#respond\"]}]},{\"@type\":\"WebPage\",\"@id\":\"https:\\\/\\\/now-news.de\\\/de\\\/deutschland\\\/serbiens-vizepremier-belgrad-wird-sich-russland-sanktionen-niemals-anschliessen\\\/\",\"url\":\"https:\\\/\\\/now-news.de\\\/de\\\/deutschland\\\/serbiens-vizepremier-belgrad-wird-sich-russland-sanktionen-niemals-anschliessen\\\/\",\"name\":\"Serbiens Vizepremier: &quot;Belgrad wird sich Russland-Sanktionen niemals anschlie\u00dfen&quot; - just-now.NEWS Deutschland\",\"isPartOf\":{\"@id\":\"https:\\\/\\\/now-news.de\\\/de\\\/#website\"},\"primaryImageOfPage\":{\"@id\":\"https:\\\/\\\/now-news.de\\\/de\\\/deutschland\\\/serbiens-vizepremier-belgrad-wird-sich-russland-sanktionen-niemals-anschliessen\\\/#primaryimage\"},\"image\":{\"@id\":\"https:\\\/\\\/now-news.de\\\/de\\\/deutschland\\\/serbiens-vizepremier-belgrad-wird-sich-russland-sanktionen-niemals-anschliessen\\\/#primaryimage\"},\"thumbnailUrl\":\"https:\\\/\\\/now-news.de\\\/de\\\/wp-content\\\/uploads\\\/sites\\\/3\\\/2024\\\/10\\\/Serbiens-Vizepremier-quotBelgrad-wird-sich-Russland-Sanktionen-niemals-anschliessenquot.jpg\",\"datePublished\":\"2024-10-09T20:07:12+00:00\",\"breadcrumb\":{\"@id\":\"https:\\\/\\\/now-news.de\\\/de\\\/deutschland\\\/serbiens-vizepremier-belgrad-wird-sich-russland-sanktionen-niemals-anschliessen\\\/#breadcrumb\"},\"inLanguage\":\"de\",\"potentialAction\":[{\"@type\":\"ReadAction\",\"target\":[\"https:\\\/\\\/now-news.de\\\/de\\\/deutschland\\\/serbiens-vizepremier-belgrad-wird-sich-russland-sanktionen-niemals-anschliessen\\\/\"]}]},{\"@type\":\"ImageObject\",\"inLanguage\":\"de\",\"@id\":\"https:\\\/\\\/now-news.de\\\/de\\\/deutschland\\\/serbiens-vizepremier-belgrad-wird-sich-russland-sanktionen-niemals-anschliessen\\\/#primaryimage\",\"url\":\"https:\\\/\\\/now-news.de\\\/de\\\/wp-content\\\/uploads\\\/sites\\\/3\\\/2024\\\/10\\\/Serbiens-Vizepremier-quotBelgrad-wird-sich-Russland-Sanktionen-niemals-anschliessenquot.jpg\",\"contentUrl\":\"https:\\\/\\\/now-news.de\\\/de\\\/wp-content\\\/uploads\\\/sites\\\/3\\\/2024\\\/10\\\/Serbiens-Vizepremier-quotBelgrad-wird-sich-Russland-Sanktionen-niemals-anschliessenquot.jpg\",\"width\":460,\"height\":259,\"caption\":\"Serbiens Vizepremier: &quot;Belgrad wird sich Russland-Sanktionen niemals anschlie\u00dfen&quot;\"},{\"@type\":\"BreadcrumbList\",\"@id\":\"https:\\\/\\\/now-news.de\\\/de\\\/deutschland\\\/serbiens-vizepremier-belgrad-wird-sich-russland-sanktionen-niemals-anschliessen\\\/#breadcrumb\",\"itemListElement\":[{\"@type\":\"ListItem\",\"position\":1,\"name\":\"Home\",\"item\":\"https:\\\/\\\/now-news.de\\\/de\\\/\"},{\"@type\":\"ListItem\",\"position\":2,\"name\":\"Serbiens Vizepremier: &quot;Belgrad wird sich Russland-Sanktionen niemals anschlie\u00dfen&quot;\"}]},{\"@type\":\"WebSite\",\"@id\":\"https:\\\/\\\/now-news.de\\\/de\\\/#website\",\"url\":\"https:\\\/\\\/now-news.de\\\/de\\\/\",\"name\":\"just-now.NEWS Deutschland\",\"description\":\"Das Portal f\u00fcr unzensierte Nachrichten aus der Welt\",\"publisher\":{\"@id\":\"https:\\\/\\\/now-news.de\\\/de\\\/#organization\"},\"potentialAction\":[{\"@type\":\"SearchAction\",\"target\":{\"@type\":\"EntryPoint\",\"urlTemplate\":\"https:\\\/\\\/now-news.de\\\/de\\\/?s={search_term_string}\"},\"query-input\":{\"@type\":\"PropertyValueSpecification\",\"valueRequired\":true,\"valueName\":\"search_term_string\"}}],\"inLanguage\":\"de\"},{\"@type\":\"Organization\",\"@id\":\"https:\\\/\\\/now-news.de\\\/de\\\/#organization\",\"name\":\"Just Now News\",\"url\":\"https:\\\/\\\/now-news.de\\\/de\\\/\",\"logo\":{\"@type\":\"ImageObject\",\"inLanguage\":\"de\",\"@id\":\"https:\\\/\\\/now-news.de\\\/de\\\/#\\\/schema\\\/logo\\\/image\\\/\",\"url\":\"http:\\\/\\\/just-now.news\\\/de\\\/wp-content\\\/uploads\\\/sites\\\/3\\\/2022\\\/04\\\/logo500x500.jpg\",\"contentUrl\":\"http:\\\/\\\/just-now.news\\\/de\\\/wp-content\\\/uploads\\\/sites\\\/3\\\/2022\\\/04\\\/logo500x500.jpg\",\"width\":500,\"height\":500,\"caption\":\"Just Now News\"},\"image\":{\"@id\":\"https:\\\/\\\/now-news.de\\\/de\\\/#\\\/schema\\\/logo\\\/image\\\/\"},\"sameAs\":[\"https:\\\/\\\/www.facebook.com\\\/wirmachenauf\",\"https:\\\/\\\/x.com\\\/WirMachenAuf_de\"]},{\"@type\":\"Person\",\"@id\":\"https:\\\/\\\/now-news.de\\\/de\\\/#\\\/schema\\\/person\\\/fb534a4e865501d8b3285208df34a9b5\",\"name\":\"rtnews\",\"image\":{\"@type\":\"ImageObject\",\"inLanguage\":\"de\",\"@id\":\"https:\\\/\\\/secure.gravatar.com\\\/avatar\\\/358fe31b3ab5769fea05376e1953329834cd9912cf9daf607e2af3076a1b982b?s=96&d=mm&r=g\",\"url\":\"https:\\\/\\\/secure.gravatar.com\\\/avatar\\\/358fe31b3ab5769fea05376e1953329834cd9912cf9daf607e2af3076a1b982b?s=96&d=mm&r=g\",\"contentUrl\":\"https:\\\/\\\/secure.gravatar.com\\\/avatar\\\/358fe31b3ab5769fea05376e1953329834cd9912cf9daf607e2af3076a1b982b?s=96&d=mm&r=g\",\"caption\":\"rtnews\"},\"url\":\"https:\\\/\\\/now-news.de\\\/de\\\/author\\\/rnews\\\/\"}]}<\/script>\n<!-- \/ Yoast SEO Premium plugin. -->","yoast_head_json":{"title":"Serbiens Vizepremier: &quot;Belgrad wird sich Russland-Sanktionen niemals anschlie\u00dfen&quot; - just-now.NEWS Deutschland","robots":{"index":"index","follow":"follow","max-snippet":"max-snippet:-1","max-image-preview":"max-image-preview:large","max-video-preview":"max-video-preview:-1"},"canonical":"https:\/\/now-news.de\/de\/deutschland\/serbiens-vizepremier-belgrad-wird-sich-russland-sanktionen-niemals-anschliessen\/","og_locale":"de_DE","og_type":"article","og_title":"Serbiens Vizepremier: &quot;Belgrad wird sich Russland-Sanktionen niemals anschlie\u00dfen&quot;","og_description":"Wer Russland nicht liebt, ist kein Freund Serbiens, erkl\u00e4rte der serbische Vizepremier Aleksandar Vulin in einem Interview. Trotz des starken Drucks aus dem Westen werde Belgrad nie die westlichen antirussischen Strafma\u00dfnahmen mittragen, betont der Politiker. Anfang September besuchte der stellvertretende Ministerpr\u00e4sident Serbiens, Alexander Vulin, Russland, wo er am \u00d6stlichen Wirtschaftsforum in der Pazifikstadt Wladiwostok teilnahm [&hellip;]","og_url":"https:\/\/now-news.de\/de\/deutschland\/serbiens-vizepremier-belgrad-wird-sich-russland-sanktionen-niemals-anschliessen\/","og_site_name":"just-now.NEWS Deutschland","article_publisher":"https:\/\/www.facebook.com\/wirmachenauf","article_published_time":"2024-10-09T20:07:12+00:00","og_image":[{"url":"https:\/\/now-news.de\/de\/wp-content\/uploads\/sites\/3\/2024\/10\/67068d66b480cc3ca371066b.jpg","type":"","width":"","height":""}],"author":"rtnews","twitter_card":"summary_large_image","twitter_creator":"@WirMachenAuf_de","twitter_site":"@WirMachenAuf_de","twitter_misc":{"Verfasst von":"rtnews","Gesch\u00e4tzte Lesezeit":"2\u00a0Minuten"},"schema":{"@context":"https:\/\/schema.org","@graph":[{"@type":"Article","@id":"https:\/\/now-news.de\/de\/deutschland\/serbiens-vizepremier-belgrad-wird-sich-russland-sanktionen-niemals-anschliessen\/#article","isPartOf":{"@id":"https:\/\/now-news.de\/de\/deutschland\/serbiens-vizepremier-belgrad-wird-sich-russland-sanktionen-niemals-anschliessen\/"},"author":{"name":"rtnews","@id":"https:\/\/now-news.de\/de\/#\/schema\/person\/fb534a4e865501d8b3285208df34a9b5"},"headline":"Serbiens Vizepremier: &quot;Belgrad wird sich Russland-Sanktionen niemals anschlie\u00dfen&quot;","datePublished":"2024-10-09T20:07:12+00:00","mainEntityOfPage":{"@id":"https:\/\/now-news.de\/de\/deutschland\/serbiens-vizepremier-belgrad-wird-sich-russland-sanktionen-niemals-anschliessen\/"},"wordCount":406,"commentCount":0,"publisher":{"@id":"https:\/\/now-news.de\/de\/#organization"},"image":{"@id":"https:\/\/now-news.de\/de\/deutschland\/serbiens-vizepremier-belgrad-wird-sich-russland-sanktionen-niemals-anschliessen\/#primaryimage"},"thumbnailUrl":"https:\/\/now-news.de\/de\/wp-content\/uploads\/sites\/3\/2024\/10\/Serbiens-Vizepremier-quotBelgrad-wird-sich-Russland-Sanktionen-niemals-anschliessenquot.jpg","keywords":["anschlie\u00dfenquot","Niemals","quotBelgrad","RusslandSanktionen","Serbiens","sich","Vizepremier","wird"],"articleSection":["Deutschland","Russland"],"inLanguage":"de","potentialAction":[{"@type":"CommentAction","name":"Comment","target":["https:\/\/now-news.de\/de\/deutschland\/serbiens-vizepremier-belgrad-wird-sich-russland-sanktionen-niemals-anschliessen\/#respond"]}]},{"@type":"WebPage","@id":"https:\/\/now-news.de\/de\/deutschland\/serbiens-vizepremier-belgrad-wird-sich-russland-sanktionen-niemals-anschliessen\/","url":"https:\/\/now-news.de\/de\/deutschland\/serbiens-vizepremier-belgrad-wird-sich-russland-sanktionen-niemals-anschliessen\/","name":"Serbiens Vizepremier: &quot;Belgrad wird sich Russland-Sanktionen niemals anschlie\u00dfen&quot; - just-now.NEWS Deutschland","isPartOf":{"@id":"https:\/\/now-news.de\/de\/#website"},"primaryImageOfPage":{"@id":"https:\/\/now-news.de\/de\/deutschland\/serbiens-vizepremier-belgrad-wird-sich-russland-sanktionen-niemals-anschliessen\/#primaryimage"},"image":{"@id":"https:\/\/now-news.de\/de\/deutschland\/serbiens-vizepremier-belgrad-wird-sich-russland-sanktionen-niemals-anschliessen\/#primaryimage"},"thumbnailUrl":"https:\/\/now-news.de\/de\/wp-content\/uploads\/sites\/3\/2024\/10\/Serbiens-Vizepremier-quotBelgrad-wird-sich-Russland-Sanktionen-niemals-anschliessenquot.jpg","datePublished":"2024-10-09T20:07:12+00:00","breadcrumb":{"@id":"https:\/\/now-news.de\/de\/deutschland\/serbiens-vizepremier-belgrad-wird-sich-russland-sanktionen-niemals-anschliessen\/#breadcrumb"},"inLanguage":"de","potentialAction":[{"@type":"ReadAction","target":["https:\/\/now-news.de\/de\/deutschland\/serbiens-vizepremier-belgrad-wird-sich-russland-sanktionen-niemals-anschliessen\/"]}]},{"@type":"ImageObject","inLanguage":"de","@id":"https:\/\/now-news.de\/de\/deutschland\/serbiens-vizepremier-belgrad-wird-sich-russland-sanktionen-niemals-anschliessen\/#primaryimage","url":"https:\/\/now-news.de\/de\/wp-content\/uploads\/sites\/3\/2024\/10\/Serbiens-Vizepremier-quotBelgrad-wird-sich-Russland-Sanktionen-niemals-anschliessenquot.jpg","contentUrl":"https:\/\/now-news.de\/de\/wp-content\/uploads\/sites\/3\/2024\/10\/Serbiens-Vizepremier-quotBelgrad-wird-sich-Russland-Sanktionen-niemals-anschliessenquot.jpg","width":460,"height":259,"caption":"Serbiens Vizepremier: &quot;Belgrad wird sich Russland-Sanktionen niemals anschlie\u00dfen&quot;"},{"@type":"BreadcrumbList","@id":"https:\/\/now-news.de\/de\/deutschland\/serbiens-vizepremier-belgrad-wird-sich-russland-sanktionen-niemals-anschliessen\/#breadcrumb","itemListElement":[{"@type":"ListItem","position":1,"name":"Home","item":"https:\/\/now-news.de\/de\/"},{"@type":"ListItem","position":2,"name":"Serbiens Vizepremier: &quot;Belgrad wird sich Russland-Sanktionen niemals anschlie\u00dfen&quot;"}]},{"@type":"WebSite","@id":"https:\/\/now-news.de\/de\/#website","url":"https:\/\/now-news.de\/de\/","name":"just-now.NEWS Deutschland","description":"Das Portal f\u00fcr unzensierte Nachrichten aus der Welt","publisher":{"@id":"https:\/\/now-news.de\/de\/#organization"},"potentialAction":[{"@type":"SearchAction","target":{"@type":"EntryPoint","urlTemplate":"https:\/\/now-news.de\/de\/?s={search_term_string}"},"query-input":{"@type":"PropertyValueSpecification","valueRequired":true,"valueName":"search_term_string"}}],"inLanguage":"de"},{"@type":"Organization","@id":"https:\/\/now-news.de\/de\/#organization","name":"Just Now News","url":"https:\/\/now-news.de\/de\/","logo":{"@type":"ImageObject","inLanguage":"de","@id":"https:\/\/now-news.de\/de\/#\/schema\/logo\/image\/","url":"http:\/\/just-now.news\/de\/wp-content\/uploads\/sites\/3\/2022\/04\/logo500x500.jpg","contentUrl":"http:\/\/just-now.news\/de\/wp-content\/uploads\/sites\/3\/2022\/04\/logo500x500.jpg","width":500,"height":500,"caption":"Just Now News"},"image":{"@id":"https:\/\/now-news.de\/de\/#\/schema\/logo\/image\/"},"sameAs":["https:\/\/www.facebook.com\/wirmachenauf","https:\/\/x.com\/WirMachenAuf_de"]},{"@type":"Person","@id":"https:\/\/now-news.de\/de\/#\/schema\/person\/fb534a4e865501d8b3285208df34a9b5","name":"rtnews","image":{"@type":"ImageObject","inLanguage":"de","@id":"https:\/\/secure.gravatar.com\/avatar\/358fe31b3ab5769fea05376e1953329834cd9912cf9daf607e2af3076a1b982b?s=96&d=mm&r=g","url":"https:\/\/secure.gravatar.com\/avatar\/358fe31b3ab5769fea05376e1953329834cd9912cf9daf607e2af3076a1b982b?s=96&d=mm&r=g","contentUrl":"https:\/\/secure.gravatar.com\/avatar\/358fe31b3ab5769fea05376e1953329834cd9912cf9daf607e2af3076a1b982b?s=96&d=mm&r=g","caption":"rtnews"},"url":"https:\/\/now-news.de\/de\/author\/rnews\/"}]}},"_links":{"self":[{"href":"https:\/\/now-news.de\/de\/wp-json\/wp\/v2\/posts\/70530","targetHints":{"allow":["GET"]}}],"collection":[{"href":"https:\/\/now-news.de\/de\/wp-json\/wp\/v2\/posts"}],"about":[{"href":"https:\/\/now-news.de\/de\/wp-json\/wp\/v2\/types\/post"}],"author":[{"embeddable":true,"href":"https:\/\/now-news.de\/de\/wp-json\/wp\/v2\/users\/3"}],"replies":[{"embeddable":true,"href":"https:\/\/now-news.de\/de\/wp-json\/wp\/v2\/comments?post=70530"}],"version-history":[{"count":0,"href":"https:\/\/now-news.de\/de\/wp-json\/wp\/v2\/posts\/70530\/revisions"}],"wp:featuredmedia":[{"embeddable":true,"href":"https:\/\/now-news.de\/de\/wp-json\/wp\/v2\/media\/70531"}],"wp:attachment":[{"href":"https:\/\/now-news.de\/de\/wp-json\/wp\/v2\/media?parent=70530"}],"wp:term":[{"taxonomy":"category","embeddable":true,"href":"https:\/\/now-news.de\/de\/wp-json\/wp\/v2\/categories?post=70530"},{"taxonomy":"post_tag","embeddable":true,"href":"https:\/\/now-news.de\/de\/wp-json\/wp\/v2\/tags?post=70530"}],"curies":[{"name":"wp","href":"https:\/\/api.w.org\/{rel}","templated":true}]}}