{"id":7052,"date":"2022-05-07T21:12:03","date_gmt":"2022-05-07T19:12:03","guid":{"rendered":"http:\/\/just-now.news\/de\/deutschland\/russische-politemigranten-ohne-wurzeln-ohne-heimat\/"},"modified":"2022-05-07T21:12:03","modified_gmt":"2022-05-07T19:12:03","slug":"russische-politemigranten-ohne-wurzeln-ohne-heimat","status":"publish","type":"post","link":"https:\/\/now-news.de\/de\/deutschland\/russische-politemigranten-ohne-wurzeln-ohne-heimat\/","title":{"rendered":"Russische Politemigranten: Ohne Wurzeln, ohne Heimat&#8230;"},"content":{"rendered":"<p><\/p>\n<p><em>von Tina Kandelaki<\/em><\/p>\n<p>Da denke ich mir: Ich h\u00e4tte die M\u00f6glichkeit, gleich drei Staatsangeh\u00f6rigkeiten auf einmal zu erhalten, diejenigen Georgiens, Armeniens und sogar die Griechenlands. Der Traum eines jeden Emigranten! Ich werde gewiss in allen europ\u00e4ischen L\u00e4ndern Broterwerb finden \u2013 der Traum aller Intellektuellen, die entweder schon zur\u00fcckgekehrt sind oder vom &#8220;europ\u00e4ischen&#8221; Arbeitslosengeld leben. Nun, einige der Emigranten haben tats\u00e4chlich das Gl\u00fcck, F\u00f6rdermittel vielf\u00e4ltiger &#8220;Institutionen der Demokratie&#8221; zu erhalten, aber das ist der Weg des Judas \u2013 man nimmt 30 Silberlinge und beendet sein Leben an einem Ast des n\u00e4chsten Baumes.<\/p>\n<p>Vor fast drei Jahrzehnten hatte ich mich f\u00fcr Russland entschieden. Laut und offen ausgesprochen bedanke ich mich f\u00fcr all die M\u00f6glichkeiten, die es mir gegeben hat, und aufrecht durchlebe ich hier alle Pr\u00fcfungen, die mir im gleichen Ma\u00dfe zufallen, wie uns allen.<\/p>\n<p>Es ist kein Geheimnis (es gibt viele Beispiele in der Geschichte), dass selbst die kleinste Unruhe viele Intellektuelle zu Kosmopoliten macht. Pl\u00f6tzlich f\u00e4llt ihnen wieder ein, dass an den Grenzen des Landes, das sie zu Multimillion\u00e4ren gemacht hat, die Welt nicht aufh\u00f6rt.<em> <\/em>\u00a0Und dann str\u00f6men die K\u00fcnstler, Artisten, Schauspieler, Entertainer nach Tel Aviv, Tiflis, Jerewan oder Riga. Der eine hat sich nach Europa verdr\u00fcckt und verflucht Putin in Grund und Boden. Ein anderer hat sich in die USA abgesetzt und erz\u00e4hlt von der Gesamtschuld des russischen Volkes. Legt sozusagen Beichte f\u00fcr die 145 Millionen Menschen, die er gerade verraten hat, ab \u2013 Hauptsache, er kriegt seinen Rubel. Beziehungsweise: seinen Euro oder Dollar.<\/p>\n<p>Die Liste der Heuchler ist lang. Sie w\u00fcrde selbst ohne Kommentierung nicht in diesen einen Artikel passen. Sehr viele Menschen aber haben gesehen und begriffen, dass sie Europa v\u00f6llig egal sind. Dass das Stigma des Russischsprachigen dem hinl\u00e4nglich bekannten Aufn\u00e4her im polnischen Ghetto \u00e4hnelt. Und Russland nimmt sie, wie der Vater den &#8220;Verlorenen Sohn&#8221;, alle wieder auf und sch\u00fctzt sie unter seinen Fl\u00fcgeln. F\u00fcr Mutter Heimat ist eben auch ein Hurensohn &#8211; ihr Hurensohn.<\/p>\n<p><strong>Die Heuchelei duldet keine Wahrheit. Sie h\u00e4lt keiner Pr\u00fcfung stand<\/strong><\/p>\n<p>\u00dcber einige dieser Akteure m\u00f6chte ich doch ein paar S\u00e4tze verlieren. Da schrieb Andrei Makarewitsch (Frontman der Popband <em>Maschina Wremeni<\/em>) einst Lieder dar\u00fcber, dass der Held mit seinem Licht andere w\u00e4rmt \u2013 und mag er dabei selber auch verbrennen. Er selbst jedoch schnappte sich seine Taschenlampe, die Klamotten samt seinem Snobismus und &#8220;w\u00e4rmt&#8221; nun die auch ohne ihn warmen K\u00fcsten fremder L\u00e4nder. Oder die gescheiterte Pr\u00e4sidentschaftskandidatin Sobtschak \u2013 sie verd\u00fcnnisierte sich augenblicklich.<\/p>\n<p>F\u00fchrt nun ihre Kan\u00e4le auf Telegram und bei Instagram, nachdem sie ihre W\u00e4hler und Abonnenten gegen ein s\u00fc\u00dfes Leben unter den neuen j\u00fcdischen Verwandten eintauschte. Juri Dud w\u00e4rmt sich in Barcelona, die herzzerrei\u00dfenden Tr\u00e4nen anderer Auswanderer und &#8220;Fl\u00fcchtlinge&#8221; filmend. Er filmt in russischer Sprache \u2013 wohl f\u00fcr diejenigen, die er unl\u00e4ngst fluchtartig verlassen hatte.<\/p>\n<p>Leider werden viele Meinungsf\u00fchrer und Prominente unserer Zeit in den k\u00fcnftigen Geschichtsb\u00fcchern, die mit Sicherheit noch geschrieben werden, in den Fu\u00dfnoten eines Kapitels mit dem folgenden Titel abgehandelt werden: &#8220;Personen des \u00f6ffentlichen Lebens, die zu unbedeutenden Emigranten der Putin-\u00c4ra wurden.&#8221; Und das ist nichts Neues, ich erinnere mich an <a rel=\"nofollow noopener\" target=\"_blank\" href=\"https:\/\/www.youtube.com\/watch?app=desktop&amp;v=rt4ebMu6_aM\">Ippolit Matwejewitsch Worobjaninow in &#8220;Zw\u00f6lf St\u00fchle&#8221;<\/a>:<\/p>\n<p>\u201e<em>Monsieur, je ne mange pas six jours. Geben Sie mir bitte ein paar Kopeken f\u00fcr ein St\u00fcck Brot. Meine Herren, je ne mange pas \u2026 six jours. \u00a0Meine Herren, reichen Sie etwas f\u00fcrs Essen, mir, dem ehemaligen Abgeordneten &#8230; der ehemaligen Kadettenfraktion &#8230; der ehemaligen Staatsduma!&#8221;<\/em><\/p>\n<p><em>\u00dcbersetzt aus dem <a rel=\"nofollow noopener\" target=\"_blank\" href=\"https:\/\/russian.rt.com\/opinion\/997387-kandelaki-rossiya-evropa-artisty\">Russischen<\/a>.<\/em><\/p>\n<p><strong><em>Tina Kandelaki <\/em><\/strong><em>ist Medienmanagerin und Fernsehmoderatorin.<\/em><\/p>\n<p><strong>Mehr zum Thema<\/strong> &#8211; <a rel=\"nofollow noopener\" target=\"_blank\" href=\"https:\/\/de.rt.com\/meinung\/130516-von-konstanten-und-variablen-in\/\">Von Konstanten und Variablen in der Russlandfrage<\/a><\/p>\n<p><em><strong><\/strong><\/em><\/p>\n<p><br \/>\n<br \/><a href=\"https:\/\/de.rt.com\/meinung\/137862-russische-politemigranten-ohne-heimat-ohne-wurzeln\/\">Source link <\/a><\/p>\n","protected":false},"excerpt":{"rendered":"<p>von Tina Kandelaki Da denke ich mir: Ich h\u00e4tte die M\u00f6glichkeit, gleich drei Staatsangeh\u00f6rigkeiten auf einmal zu erhalten, diejenigen Georgiens, Armeniens und sogar die Griechenlands. Der Traum eines jeden Emigranten! Ich werde gewiss in allen europ\u00e4ischen L\u00e4ndern Broterwerb finden \u2013 der Traum aller Intellektuellen, die entweder schon zur\u00fcckgekehrt sind oder vom &#8220;europ\u00e4ischen&#8221; Arbeitslosengeld leben. Nun, [&hellip;]<\/p>\n","protected":false},"author":3,"featured_media":7053,"comment_status":"open","ping_status":"open","sticky":false,"template":"","format":"standard","meta":{"wp_automatic_camp":["217"],"b01f65b1138475f56ae5fe4480beee27":["Russische Politemigranten: Ohne Wurzeln, ohne Heimat..."],"original_link":["https:\/\/de.rt.com\/meinung\/137862-russische-politemigranten-ohne-heimat-ohne-wurzeln\/"],"_thumbnail_id":["7053"],"wp_automatic_remove_first_image":["yes"],"_wptg_p2tg_sent2tg":["2022-05-07 21:25:29"],"jnews_social_counter_last_update":["1777506043"]},"categories":[19,23],"tags":[19113,779,19111,570,19112],"yoast_head":"<!-- This site is optimized with the Yoast SEO Premium plugin v22.7 (Yoast SEO v22.7) - https:\/\/yoast.com\/wordpress\/plugins\/seo\/ -->\n<title>Russische Politemigranten: Ohne Wurzeln, ohne Heimat... - just-now.NEWS Deutschland<\/title>\n<meta name=\"robots\" content=\"index, follow, max-snippet:-1, max-image-preview:large, max-video-preview:-1\" \/>\n<link rel=\"canonical\" href=\"https:\/\/now-news.de\/de\/deutschland\/russische-politemigranten-ohne-wurzeln-ohne-heimat\/\" \/>\n<meta property=\"og:locale\" content=\"de_DE\" \/>\n<meta property=\"og:type\" content=\"article\" \/>\n<meta property=\"og:title\" content=\"Russische Politemigranten: Ohne Wurzeln, ohne Heimat...\" \/>\n<meta property=\"og:description\" content=\"von Tina Kandelaki Da denke ich mir: Ich h\u00e4tte die M\u00f6glichkeit, gleich drei Staatsangeh\u00f6rigkeiten auf einmal zu erhalten, diejenigen Georgiens, Armeniens und sogar die Griechenlands. Der Traum eines jeden Emigranten! Ich werde gewiss in allen europ\u00e4ischen L\u00e4ndern Broterwerb finden \u2013 der Traum aller Intellektuellen, die entweder schon zur\u00fcckgekehrt sind oder vom &#8220;europ\u00e4ischen&#8221; Arbeitslosengeld leben. Nun, [&hellip;]\" \/>\n<meta property=\"og:url\" content=\"https:\/\/now-news.de\/de\/deutschland\/russische-politemigranten-ohne-wurzeln-ohne-heimat\/\" \/>\n<meta property=\"og:site_name\" content=\"just-now.NEWS Deutschland\" \/>\n<meta property=\"article:publisher\" content=\"https:\/\/www.facebook.com\/wirmachenauf\" \/>\n<meta property=\"article:published_time\" content=\"2022-05-07T19:12:03+00:00\" \/>\n<meta property=\"og:image\" content=\"https:\/\/now-news.de\/de\/wp-content\/uploads\/sites\/3\/2022\/05\/Russische-Politemigranten-Ohne-Wurzeln-ohne-Heimat.jpg\" \/>\n\t<meta property=\"og:image:width\" content=\"460\" \/>\n\t<meta property=\"og:image:height\" content=\"259\" \/>\n\t<meta property=\"og:image:type\" content=\"image\/jpeg\" \/>\n<meta name=\"author\" content=\"rtnews\" \/>\n<meta name=\"twitter:card\" content=\"summary_large_image\" \/>\n<meta name=\"twitter:creator\" content=\"@WirMachenAuf_de\" \/>\n<meta name=\"twitter:site\" content=\"@WirMachenAuf_de\" \/>\n<meta name=\"twitter:label1\" content=\"Verfasst von\" \/>\n\t<meta name=\"twitter:data1\" content=\"rtnews\" \/>\n\t<meta name=\"twitter:label2\" content=\"Gesch\u00e4tzte Lesezeit\" \/>\n\t<meta name=\"twitter:data2\" content=\"3\u00a0Minuten\" \/>\n<script type=\"application\/ld+json\" class=\"yoast-schema-graph\">{\"@context\":\"https:\/\/schema.org\",\"@graph\":[{\"@type\":\"Article\",\"@id\":\"https:\/\/now-news.de\/de\/deutschland\/russische-politemigranten-ohne-wurzeln-ohne-heimat\/#article\",\"isPartOf\":{\"@id\":\"https:\/\/now-news.de\/de\/deutschland\/russische-politemigranten-ohne-wurzeln-ohne-heimat\/\"},\"author\":{\"name\":\"rtnews\",\"@id\":\"https:\/\/now-news.de\/de\/#\/schema\/person\/fb534a4e865501d8b3285208df34a9b5\"},\"headline\":\"Russische Politemigranten: Ohne Wurzeln, ohne Heimat&#8230;\",\"datePublished\":\"2022-05-07T19:12:03+00:00\",\"dateModified\":\"2022-05-07T19:12:03+00:00\",\"mainEntityOfPage\":{\"@id\":\"https:\/\/now-news.de\/de\/deutschland\/russische-politemigranten-ohne-wurzeln-ohne-heimat\/\"},\"wordCount\":640,\"commentCount\":0,\"publisher\":{\"@id\":\"https:\/\/now-news.de\/de\/#organization\"},\"image\":{\"@id\":\"https:\/\/now-news.de\/de\/deutschland\/russische-politemigranten-ohne-wurzeln-ohne-heimat\/#primaryimage\"},\"thumbnailUrl\":\"https:\/\/now-news.de\/de\/wp-content\/uploads\/sites\/3\/2022\/05\/Russische-Politemigranten-Ohne-Wurzeln-ohne-Heimat.jpg\",\"keywords\":[\"Heimat\",\"ohne\",\"Politemigranten\",\"Russische\",\"Wurzeln\"],\"articleSection\":[\"Deutschland\",\"Russland\"],\"inLanguage\":\"de\",\"potentialAction\":[{\"@type\":\"CommentAction\",\"name\":\"Comment\",\"target\":[\"https:\/\/now-news.de\/de\/deutschland\/russische-politemigranten-ohne-wurzeln-ohne-heimat\/#respond\"]}]},{\"@type\":\"WebPage\",\"@id\":\"https:\/\/now-news.de\/de\/deutschland\/russische-politemigranten-ohne-wurzeln-ohne-heimat\/\",\"url\":\"https:\/\/now-news.de\/de\/deutschland\/russische-politemigranten-ohne-wurzeln-ohne-heimat\/\",\"name\":\"Russische Politemigranten: Ohne Wurzeln, ohne Heimat... - just-now.NEWS Deutschland\",\"isPartOf\":{\"@id\":\"https:\/\/now-news.de\/de\/#website\"},\"primaryImageOfPage\":{\"@id\":\"https:\/\/now-news.de\/de\/deutschland\/russische-politemigranten-ohne-wurzeln-ohne-heimat\/#primaryimage\"},\"image\":{\"@id\":\"https:\/\/now-news.de\/de\/deutschland\/russische-politemigranten-ohne-wurzeln-ohne-heimat\/#primaryimage\"},\"thumbnailUrl\":\"https:\/\/now-news.de\/de\/wp-content\/uploads\/sites\/3\/2022\/05\/Russische-Politemigranten-Ohne-Wurzeln-ohne-Heimat.jpg\",\"datePublished\":\"2022-05-07T19:12:03+00:00\",\"dateModified\":\"2022-05-07T19:12:03+00:00\",\"breadcrumb\":{\"@id\":\"https:\/\/now-news.de\/de\/deutschland\/russische-politemigranten-ohne-wurzeln-ohne-heimat\/#breadcrumb\"},\"inLanguage\":\"de\",\"potentialAction\":[{\"@type\":\"ReadAction\",\"target\":[\"https:\/\/now-news.de\/de\/deutschland\/russische-politemigranten-ohne-wurzeln-ohne-heimat\/\"]}]},{\"@type\":\"ImageObject\",\"inLanguage\":\"de\",\"@id\":\"https:\/\/now-news.de\/de\/deutschland\/russische-politemigranten-ohne-wurzeln-ohne-heimat\/#primaryimage\",\"url\":\"https:\/\/now-news.de\/de\/wp-content\/uploads\/sites\/3\/2022\/05\/Russische-Politemigranten-Ohne-Wurzeln-ohne-Heimat.jpg\",\"contentUrl\":\"https:\/\/now-news.de\/de\/wp-content\/uploads\/sites\/3\/2022\/05\/Russische-Politemigranten-Ohne-Wurzeln-ohne-Heimat.jpg\",\"width\":460,\"height\":259},{\"@type\":\"BreadcrumbList\",\"@id\":\"https:\/\/now-news.de\/de\/deutschland\/russische-politemigranten-ohne-wurzeln-ohne-heimat\/#breadcrumb\",\"itemListElement\":[{\"@type\":\"ListItem\",\"position\":1,\"name\":\"Home\",\"item\":\"https:\/\/now-news.de\/de\/\"},{\"@type\":\"ListItem\",\"position\":2,\"name\":\"Russische Politemigranten: Ohne Wurzeln, ohne Heimat&#8230;\"}]},{\"@type\":\"WebSite\",\"@id\":\"https:\/\/now-news.de\/de\/#website\",\"url\":\"https:\/\/now-news.de\/de\/\",\"name\":\"just-now.NEWS Deutschland\",\"description\":\"Das Portal f\u00fcr unzensierte Nachrichten aus der Welt\",\"publisher\":{\"@id\":\"https:\/\/now-news.de\/de\/#organization\"},\"potentialAction\":[{\"@type\":\"SearchAction\",\"target\":{\"@type\":\"EntryPoint\",\"urlTemplate\":\"https:\/\/now-news.de\/de\/?s={search_term_string}\"},\"query-input\":\"required name=search_term_string\"}],\"inLanguage\":\"de\"},{\"@type\":\"Organization\",\"@id\":\"https:\/\/now-news.de\/de\/#organization\",\"name\":\"Just Now News\",\"url\":\"https:\/\/now-news.de\/de\/\",\"logo\":{\"@type\":\"ImageObject\",\"inLanguage\":\"de\",\"@id\":\"https:\/\/now-news.de\/de\/#\/schema\/logo\/image\/\",\"url\":\"http:\/\/just-now.news\/de\/wp-content\/uploads\/sites\/3\/2022\/04\/logo500x500.jpg\",\"contentUrl\":\"http:\/\/just-now.news\/de\/wp-content\/uploads\/sites\/3\/2022\/04\/logo500x500.jpg\",\"width\":500,\"height\":500,\"caption\":\"Just Now News\"},\"image\":{\"@id\":\"https:\/\/now-news.de\/de\/#\/schema\/logo\/image\/\"},\"sameAs\":[\"https:\/\/www.facebook.com\/wirmachenauf\",\"https:\/\/x.com\/WirMachenAuf_de\"]},{\"@type\":\"Person\",\"@id\":\"https:\/\/now-news.de\/de\/#\/schema\/person\/fb534a4e865501d8b3285208df34a9b5\",\"name\":\"rtnews\",\"image\":{\"@type\":\"ImageObject\",\"inLanguage\":\"de\",\"@id\":\"https:\/\/now-news.de\/de\/#\/schema\/person\/image\/\",\"url\":\"https:\/\/secure.gravatar.com\/avatar\/82aafea7d8127119dd649515f56e2117?s=96&d=mm&r=g\",\"contentUrl\":\"https:\/\/secure.gravatar.com\/avatar\/82aafea7d8127119dd649515f56e2117?s=96&d=mm&r=g\",\"caption\":\"rtnews\"},\"url\":\"https:\/\/now-news.de\/de\/author\/rnews\/\"}]}<\/script>\n<!-- \/ Yoast SEO Premium plugin. -->","yoast_head_json":{"title":"Russische Politemigranten: Ohne Wurzeln, ohne Heimat... - just-now.NEWS Deutschland","robots":{"index":"index","follow":"follow","max-snippet":"max-snippet:-1","max-image-preview":"max-image-preview:large","max-video-preview":"max-video-preview:-1"},"canonical":"https:\/\/now-news.de\/de\/deutschland\/russische-politemigranten-ohne-wurzeln-ohne-heimat\/","og_locale":"de_DE","og_type":"article","og_title":"Russische Politemigranten: Ohne Wurzeln, ohne Heimat...","og_description":"von Tina Kandelaki Da denke ich mir: Ich h\u00e4tte die M\u00f6glichkeit, gleich drei Staatsangeh\u00f6rigkeiten auf einmal zu erhalten, diejenigen Georgiens, Armeniens und sogar die Griechenlands. Der Traum eines jeden Emigranten! Ich werde gewiss in allen europ\u00e4ischen L\u00e4ndern Broterwerb finden \u2013 der Traum aller Intellektuellen, die entweder schon zur\u00fcckgekehrt sind oder vom &#8220;europ\u00e4ischen&#8221; Arbeitslosengeld leben. Nun, [&hellip;]","og_url":"https:\/\/now-news.de\/de\/deutschland\/russische-politemigranten-ohne-wurzeln-ohne-heimat\/","og_site_name":"just-now.NEWS Deutschland","article_publisher":"https:\/\/www.facebook.com\/wirmachenauf","article_published_time":"2022-05-07T19:12:03+00:00","og_image":[{"width":460,"height":259,"url":"https:\/\/now-news.de\/de\/wp-content\/uploads\/sites\/3\/2022\/05\/Russische-Politemigranten-Ohne-Wurzeln-ohne-Heimat.jpg","type":"image\/jpeg"}],"author":"rtnews","twitter_card":"summary_large_image","twitter_creator":"@WirMachenAuf_de","twitter_site":"@WirMachenAuf_de","twitter_misc":{"Verfasst von":"rtnews","Gesch\u00e4tzte Lesezeit":"3\u00a0Minuten"},"schema":{"@context":"https:\/\/schema.org","@graph":[{"@type":"Article","@id":"https:\/\/now-news.de\/de\/deutschland\/russische-politemigranten-ohne-wurzeln-ohne-heimat\/#article","isPartOf":{"@id":"https:\/\/now-news.de\/de\/deutschland\/russische-politemigranten-ohne-wurzeln-ohne-heimat\/"},"author":{"name":"rtnews","@id":"https:\/\/now-news.de\/de\/#\/schema\/person\/fb534a4e865501d8b3285208df34a9b5"},"headline":"Russische Politemigranten: Ohne Wurzeln, ohne Heimat&#8230;","datePublished":"2022-05-07T19:12:03+00:00","dateModified":"2022-05-07T19:12:03+00:00","mainEntityOfPage":{"@id":"https:\/\/now-news.de\/de\/deutschland\/russische-politemigranten-ohne-wurzeln-ohne-heimat\/"},"wordCount":640,"commentCount":0,"publisher":{"@id":"https:\/\/now-news.de\/de\/#organization"},"image":{"@id":"https:\/\/now-news.de\/de\/deutschland\/russische-politemigranten-ohne-wurzeln-ohne-heimat\/#primaryimage"},"thumbnailUrl":"https:\/\/now-news.de\/de\/wp-content\/uploads\/sites\/3\/2022\/05\/Russische-Politemigranten-Ohne-Wurzeln-ohne-Heimat.jpg","keywords":["Heimat","ohne","Politemigranten","Russische","Wurzeln"],"articleSection":["Deutschland","Russland"],"inLanguage":"de","potentialAction":[{"@type":"CommentAction","name":"Comment","target":["https:\/\/now-news.de\/de\/deutschland\/russische-politemigranten-ohne-wurzeln-ohne-heimat\/#respond"]}]},{"@type":"WebPage","@id":"https:\/\/now-news.de\/de\/deutschland\/russische-politemigranten-ohne-wurzeln-ohne-heimat\/","url":"https:\/\/now-news.de\/de\/deutschland\/russische-politemigranten-ohne-wurzeln-ohne-heimat\/","name":"Russische Politemigranten: Ohne Wurzeln, ohne Heimat... - just-now.NEWS Deutschland","isPartOf":{"@id":"https:\/\/now-news.de\/de\/#website"},"primaryImageOfPage":{"@id":"https:\/\/now-news.de\/de\/deutschland\/russische-politemigranten-ohne-wurzeln-ohne-heimat\/#primaryimage"},"image":{"@id":"https:\/\/now-news.de\/de\/deutschland\/russische-politemigranten-ohne-wurzeln-ohne-heimat\/#primaryimage"},"thumbnailUrl":"https:\/\/now-news.de\/de\/wp-content\/uploads\/sites\/3\/2022\/05\/Russische-Politemigranten-Ohne-Wurzeln-ohne-Heimat.jpg","datePublished":"2022-05-07T19:12:03+00:00","dateModified":"2022-05-07T19:12:03+00:00","breadcrumb":{"@id":"https:\/\/now-news.de\/de\/deutschland\/russische-politemigranten-ohne-wurzeln-ohne-heimat\/#breadcrumb"},"inLanguage":"de","potentialAction":[{"@type":"ReadAction","target":["https:\/\/now-news.de\/de\/deutschland\/russische-politemigranten-ohne-wurzeln-ohne-heimat\/"]}]},{"@type":"ImageObject","inLanguage":"de","@id":"https:\/\/now-news.de\/de\/deutschland\/russische-politemigranten-ohne-wurzeln-ohne-heimat\/#primaryimage","url":"https:\/\/now-news.de\/de\/wp-content\/uploads\/sites\/3\/2022\/05\/Russische-Politemigranten-Ohne-Wurzeln-ohne-Heimat.jpg","contentUrl":"https:\/\/now-news.de\/de\/wp-content\/uploads\/sites\/3\/2022\/05\/Russische-Politemigranten-Ohne-Wurzeln-ohne-Heimat.jpg","width":460,"height":259},{"@type":"BreadcrumbList","@id":"https:\/\/now-news.de\/de\/deutschland\/russische-politemigranten-ohne-wurzeln-ohne-heimat\/#breadcrumb","itemListElement":[{"@type":"ListItem","position":1,"name":"Home","item":"https:\/\/now-news.de\/de\/"},{"@type":"ListItem","position":2,"name":"Russische Politemigranten: Ohne Wurzeln, ohne Heimat&#8230;"}]},{"@type":"WebSite","@id":"https:\/\/now-news.de\/de\/#website","url":"https:\/\/now-news.de\/de\/","name":"just-now.NEWS Deutschland","description":"Das Portal f\u00fcr unzensierte Nachrichten aus der Welt","publisher":{"@id":"https:\/\/now-news.de\/de\/#organization"},"potentialAction":[{"@type":"SearchAction","target":{"@type":"EntryPoint","urlTemplate":"https:\/\/now-news.de\/de\/?s={search_term_string}"},"query-input":"required name=search_term_string"}],"inLanguage":"de"},{"@type":"Organization","@id":"https:\/\/now-news.de\/de\/#organization","name":"Just Now News","url":"https:\/\/now-news.de\/de\/","logo":{"@type":"ImageObject","inLanguage":"de","@id":"https:\/\/now-news.de\/de\/#\/schema\/logo\/image\/","url":"http:\/\/just-now.news\/de\/wp-content\/uploads\/sites\/3\/2022\/04\/logo500x500.jpg","contentUrl":"http:\/\/just-now.news\/de\/wp-content\/uploads\/sites\/3\/2022\/04\/logo500x500.jpg","width":500,"height":500,"caption":"Just Now News"},"image":{"@id":"https:\/\/now-news.de\/de\/#\/schema\/logo\/image\/"},"sameAs":["https:\/\/www.facebook.com\/wirmachenauf","https:\/\/x.com\/WirMachenAuf_de"]},{"@type":"Person","@id":"https:\/\/now-news.de\/de\/#\/schema\/person\/fb534a4e865501d8b3285208df34a9b5","name":"rtnews","image":{"@type":"ImageObject","inLanguage":"de","@id":"https:\/\/now-news.de\/de\/#\/schema\/person\/image\/","url":"https:\/\/secure.gravatar.com\/avatar\/82aafea7d8127119dd649515f56e2117?s=96&d=mm&r=g","contentUrl":"https:\/\/secure.gravatar.com\/avatar\/82aafea7d8127119dd649515f56e2117?s=96&d=mm&r=g","caption":"rtnews"},"url":"https:\/\/now-news.de\/de\/author\/rnews\/"}]}},"_links":{"self":[{"href":"https:\/\/now-news.de\/de\/wp-json\/wp\/v2\/posts\/7052"}],"collection":[{"href":"https:\/\/now-news.de\/de\/wp-json\/wp\/v2\/posts"}],"about":[{"href":"https:\/\/now-news.de\/de\/wp-json\/wp\/v2\/types\/post"}],"author":[{"embeddable":true,"href":"https:\/\/now-news.de\/de\/wp-json\/wp\/v2\/users\/3"}],"replies":[{"embeddable":true,"href":"https:\/\/now-news.de\/de\/wp-json\/wp\/v2\/comments?post=7052"}],"version-history":[{"count":0,"href":"https:\/\/now-news.de\/de\/wp-json\/wp\/v2\/posts\/7052\/revisions"}],"wp:featuredmedia":[{"embeddable":true,"href":"https:\/\/now-news.de\/de\/wp-json\/wp\/v2\/media\/7053"}],"wp:attachment":[{"href":"https:\/\/now-news.de\/de\/wp-json\/wp\/v2\/media?parent=7052"}],"wp:term":[{"taxonomy":"category","embeddable":true,"href":"https:\/\/now-news.de\/de\/wp-json\/wp\/v2\/categories?post=7052"},{"taxonomy":"post_tag","embeddable":true,"href":"https:\/\/now-news.de\/de\/wp-json\/wp\/v2\/tags?post=7052"}],"curies":[{"name":"wp","href":"https:\/\/api.w.org\/{rel}","templated":true}]}}