{"id":70491,"date":"2024-10-09T14:00:35","date_gmt":"2024-10-09T12:00:35","guid":{"rendered":"https:\/\/now-news.de\/de\/deutschland\/neue-habeck-schlappe-start-der-deutsch-daenischen-wasserstoffpipeline-nicht-vor-2030\/"},"modified":"2024-10-09T14:00:35","modified_gmt":"2024-10-09T12:00:35","slug":"neue-habeck-schlappe-start-der-deutsch-daenischen-wasserstoffpipeline-nicht-vor-2030","status":"publish","type":"post","link":"https:\/\/now-news.de\/de\/deutschland\/neue-habeck-schlappe-start-der-deutsch-daenischen-wasserstoffpipeline-nicht-vor-2030\/","title":{"rendered":"Neue Habeck-Schlappe: Start der deutsch-d\u00e4nischen Wasserstoffpipeline nicht vor 2030"},"content":{"rendered":"<p><img decoding=\"async\" src=\"https:\/\/now-news.de\/de\/wp-content\/uploads\/sites\/3\/2024\/10\/6706110bb480cc797d3b560a.jpg\" \/><\/p>\n<div class=\"Text-root Text-type_1 \">\n                Der voraussichtliche Startpunkt einer seitens Habeck im Vorjahr gro\u00df verk\u00fcndeten Wasserstoffpipeline von D\u00e4nemark nach Deutschland verschiebt sich auf 2031. Der urspr\u00fcnglich f\u00fcr 2028 geplante Baustart verz\u00f6gert sich laut Mitteilung der d\u00e4nischen Regierung aufgrund von neuen Pr\u00fcfungsverfahren bei dem Unternehmen Energinet.\n            <\/div>\n<p><\/p>\n<div class=\"Text-root Text-type_5 ArticleView-text ViewText-root \">\n<p>Im Juni 2023 meldete das Bundeswirtschaftsministerium, dass Robert Habeck\u00a0und der d\u00e4nische Minister f\u00fcr Klima, Energie und Versorgung, Lars Aagaard, w\u00e4hrend des Treffens der europ\u00e4ischen Energieminister in Luxemburg &#8220;eine zwischenstaatliche Vereinbarung&#8221;\u00a0unterzeichnet haben. Geplant war die Umsetzung einer\u00a0Wasserstoff-Pipeline von D\u00e4nemark nach Deutschland.\u00a0Der f\u00fcr 2028 geplante Baustart verz\u00f6gere sich nun mindestens bis 2031, wenn nicht sogar 2032, wie das Klima- und Energieministerium in Kopenhagen mitteilte. Bereits im September\u00a0stoppte Norwegen den Bau einer Wasserstoff-Pipeline nach Deutschland.<\/p>\n<p>Das urspr\u00fcnglich erhoffte Ziel von Habecks Pl\u00e4nen der gesicherten Energieversorgung zur Stabilisierung der deutschen Industrie lautete, bis 2028 eine Pipeline von West-D\u00e4nemark nach Schleswig-Holstein zu bauen, die gr\u00fcnen Wasserstoff, die &#8220;Energie der Zukunft&#8221;, nach Deutschland bringen soll. Daf\u00fcr zust\u00e4ndig das d\u00e4nische Unternehmen Energinet. Habeck\u00a0muss damit den zweiten schweren R\u00fcckschlag innerhalb weniger Wochen verkraften, bezogen auf die unsichere Energieversorgung des br\u00f6ckelnden Industriestandorts Deutschland.<\/p>\n<p>In der\u00a0<a rel=\"nofollow noopener\" target=\"_blank\" href=\"https:\/\/www.kefm.dk\/aktuelt\/nyheder\/2024\/okt\/regeringen-stoetter-at-energinet-starter-paa-naeste-etape-for-brintroeret\">Mitteilung<\/a>\u00a0der d\u00e4nischen Regierung hei\u00dft es zu den Gr\u00fcnden der Bauverz\u00f6gerung:<\/p>\n<p><em>&#8220;Das bedeutet, dass die Regierung nach wie vor bereit ist, Energinet Zugang zu einer staatlichen Kofinanzierung f\u00fcr ein vollst\u00e4ndiges oder reduziertes Wasserstoff-Backbone zu gew\u00e4hren, wenn Energinet nach dem Kapazit\u00e4tsverkauf u.\u00a0a. die Bedingung erf\u00fcllen kann, dass ein staatlicher Finanzierungsbeitrag als finanziell verantwortlich angesehen wird und keine Kosten f\u00fcr den Staat mit sich bringt oder darstellt.&#8221;\u00a0<\/em><\/p>\n<p>Weiter hei\u00dft es w\u00f6rtlich, dass das neue anvisierte Ziel damit laute, &#8220;den ersten Abschnitt der Wasserstoffpipeline mit Anschluss an Deutschland 2031 in Betrieb zu nehmen&#8221;, jedoch hei\u00dft es im Satz davor:<\/p>\n<p><em>&#8220;Energinet hat den Zeitplan f\u00fcr den Aufbau der Wasserstoffpipeline aktualisiert und den Start von 2028 auf 2032 verschoben.&#8221;\u00a0<\/em><\/p>\n<p>Der d\u00e4nische Umweltminister hatte im Vorjahr erkl\u00e4rt, dass\u00a0die geplante Pipeline, mit dem Ziel gr\u00fcnen Wasserstoff an Deutschland zu liefern, der auf der Basis erneuerbarer Energien aus Wind und Sonne hergestellt wird, eine &#8220;Schl\u00fcsselrolle spielen soll, beim klimafreundlichen Umbau von Produktionsprozessen in der Industrie&#8221; sowie als Unterst\u00fctzung gilt, f\u00fcr die jeweiligen Umsetzungen beider L\u00e4nder zum Thema &#8220;Klimaziel 2030&#8221;.<\/p>\n<p>Der d\u00e4nischen Nachrichtenagentur Ritzau teilte er mit, dass &#8220;eine erneute Pr\u00fcfung des Staatsunternehmens Energinet ergeben habe, dass noch umfangreiche Umwelt- und Sicherheitsstudien n\u00f6tig sind&#8221;. Im Habeck-Ministerium hie\u00df es auf\u00a0<em>Spiegel<\/em>-Anfrage zum erneuten Planungsdesaster, &#8220;die angek\u00fcndigten Verz\u00f6gerungen h\u00e4tten keinen Einfluss auf den angestrebten Hochlauf des Wasserstoffmarktes in Deutschland&#8221;, so eine Sprecherin, und weiter:<\/p>\n<p><em>&#8220;Wir stehen hier in st\u00e4ndigem Kontakt mit der d\u00e4nischen Seite, auch die d\u00e4nische Regierung will das Projekt so bald wie m\u00f6glich umsetzen.&#8221;<\/em><\/p>\n<p>Der stellvertretende Hauptgesch\u00e4ftsf\u00fchrer der Deutschen Industrie- und Handelskammer (DIHK), Achim Dercks, nannte die Nachricht laut\u00a0<em>Spiegel<\/em>-Artikel &#8220;einen erneuten R\u00fcckschlag f\u00fcr Unternehmen, die dringend auf Wasserstoff f\u00fcr ihre betriebliche Klimaneutralit\u00e4t angewiesen seien&#8221;. In einer DIHK-<a rel=\"nofollow noopener\" target=\"_blank\" href=\"https:\/\/www.dihk.de\/de\/bis-2028-aufbau-wasserstoff-pipeline-zwischen-deutschland-und-daenemark--93580\">Mitteilung<\/a>\u00a0aus dem Vorjahr hie\u00df es zum deutsch-d\u00e4nischen Deal m\u00f6glicherweise schon vorahnend:<\/p>\n<p><em>&#8220;D\u00e4nemark will wohl ab 2030 so viel gr\u00fcnen Wasserstoff herstellen, dass es auch f\u00fcr den Export reicht.&#8221;<\/em><\/p>\n<p>Um den k\u00fcnftigen dringend ben\u00f6tigten Wasserstoffbedarf f\u00fcr die deutsche Industrie abzudecken, &#8220;will Deutschland aber auch mit anderen L\u00e4ndern in Europa zusammenarbeiten&#8221;, so die Hoffnung im April 2023 seitens der DIHK. Gut eineinhalb Jahre sp\u00e4ter wurde im September 2024 das anvisierte Projekt zur Herstellung von gr\u00fcnem und kohlenstoffarmem Wasserstoff in Norwegen und dessen Export nach Deutschland gestoppt, nachdem sich der norwegische Energiekonzern\u00a0Equinor aus dem deutsch-norwegischen Projekt einer Offshore-Pipeline f\u00fcr Wasserstoff nach Deutschland verabschiedet hatte.<\/p>\n<p>Die\u00a0Beendigung oder Verz\u00f6gerung solcher wichtigen Projekte &#8220;behindere die deutsche Industrie erheblich und gef\u00e4hrde nicht nur das Erreichen der nationalen Klimaziele, sondern auch die Defossilisierung der Wirtschaft und die Wettbewerbsf\u00e4higkeit des Standorts Deutschland&#8221;, so das vorl\u00e4ufige Res\u00fcmee des DIHK-Hauptgesch\u00e4ftsf\u00fchrers Dercks. Die\u00a0<em>Spiegel<\/em>-Redaktion stellt zum erneuten Habeck-Debakel fest:<\/p>\n<p><em>&#8220;Die Bundesregierung will Deutschland zum internationalen Leitmarkt f\u00fcr Wasserstoff machen und setzt daf\u00fcr Milliarden ein. Allerdings holpert das Projekt: Die Produktion kommt nicht in Fahrt.&#8221;<\/em><\/p>\n<p>Mehr zum Thema &#8211; <a rel=\"nofollow noopener\" target=\"_blank\" href=\"https:\/\/freedert.online\/inland\/220408-hiobsbotschaften-fuer-habeck-high-tech\/\">Habecks Scheitern: Hightech-Konzerne sagen ab, Wasserstoff-Strategie geht nicht auf<\/a><\/p>\n<div class=\"EmbedBlock-root EmbedBlock-externalVideo EmbedBlock-rumble\">\n<div class=\"VkEmbed\"><iframe class=\"lazyload\" data-src=\"https:\/\/rumble.com\/embed\/v596sox\" frameborder=\"0\" width=\"853\" height=\"480\" allowfullscreen><\/iframe><\/div>\n<\/div>\n<\/div>\n<p><br \/>\n<br \/><a href=\"https:\/\/de.rt.com\/inland\/221863-neue-habeck-planungsschlappe-start-deutsch\/\">Source link <\/a><\/p>\n","protected":false},"excerpt":{"rendered":"<p>Der voraussichtliche Startpunkt einer seitens Habeck im Vorjahr gro\u00df verk\u00fcndeten Wasserstoffpipeline von D\u00e4nemark nach Deutschland verschiebt sich auf 2031. Der urspr\u00fcnglich f\u00fcr 2028 geplante Baustart verz\u00f6gert sich laut Mitteilung der d\u00e4nischen Regierung aufgrund von neuen Pr\u00fcfungsverfahren bei dem Unternehmen Energinet. Im Juni 2023 meldete das Bundeswirtschaftsministerium, dass Robert Habeck\u00a0und der d\u00e4nische Minister f\u00fcr Klima, Energie [&hellip;]<\/p>\n","protected":false},"author":3,"featured_media":70492,"comment_status":"open","ping_status":"open","sticky":false,"template":"","format":"standard","meta":{"_yoast_indexnow_last_ping":["1728475963"],"wp_automatic_camp":["217"],"b1aa857cb4bc2eed36bd3f9f4c43856d":["Neue Habeck-Schlappe: Start der deutsch-d\u00e4nischen Wasserstoffpipeline nicht vor 2030"],"original_link":["https:\/\/de.rt.com\/inland\/221863-neue-habeck-planungsschlappe-start-deutsch\/"],"_thumbnail_id":["70492"],"jnews_social_counter_last_update":["1777473303"],"_wptgpro_p2tg_sent2tg":["a:1:{i:23737;s:19:\"2024-10-09 14:13:49\";}"]},"categories":[19,23],"tags":[82,59293,59292,1227,800,321,320,58803],"yoast_head":"<!-- This site is optimized with the Yoast SEO Premium plugin v22.7 (Yoast SEO v22.7) - https:\/\/yoast.com\/wordpress\/plugins\/seo\/ -->\n<title>Neue Habeck-Schlappe: Start der deutsch-d\u00e4nischen Wasserstoffpipeline nicht vor 2030 - just-now.NEWS Deutschland<\/title>\n<meta name=\"robots\" content=\"index, follow, max-snippet:-1, max-image-preview:large, max-video-preview:-1\" \/>\n<link rel=\"canonical\" href=\"https:\/\/now-news.de\/de\/deutschland\/neue-habeck-schlappe-start-der-deutsch-daenischen-wasserstoffpipeline-nicht-vor-2030\/\" \/>\n<meta property=\"og:locale\" content=\"de_DE\" \/>\n<meta property=\"og:type\" content=\"article\" \/>\n<meta property=\"og:title\" content=\"Neue Habeck-Schlappe: Start der deutsch-d\u00e4nischen Wasserstoffpipeline nicht vor 2030\" \/>\n<meta property=\"og:description\" content=\"Der voraussichtliche Startpunkt einer seitens Habeck im Vorjahr gro\u00df verk\u00fcndeten Wasserstoffpipeline von D\u00e4nemark nach Deutschland verschiebt sich auf 2031. Der urspr\u00fcnglich f\u00fcr 2028 geplante Baustart verz\u00f6gert sich laut Mitteilung der d\u00e4nischen Regierung aufgrund von neuen Pr\u00fcfungsverfahren bei dem Unternehmen Energinet. Im Juni 2023 meldete das Bundeswirtschaftsministerium, dass Robert Habeck\u00a0und der d\u00e4nische Minister f\u00fcr Klima, Energie [&hellip;]\" \/>\n<meta property=\"og:url\" content=\"https:\/\/now-news.de\/de\/deutschland\/neue-habeck-schlappe-start-der-deutsch-daenischen-wasserstoffpipeline-nicht-vor-2030\/\" \/>\n<meta property=\"og:site_name\" content=\"just-now.NEWS Deutschland\" \/>\n<meta property=\"article:publisher\" content=\"https:\/\/www.facebook.com\/wirmachenauf\" \/>\n<meta property=\"article:published_time\" content=\"2024-10-09T12:00:35+00:00\" \/>\n<meta property=\"og:image\" content=\"https:\/\/now-news.de\/de\/wp-content\/uploads\/sites\/3\/2024\/10\/6706110bb480cc797d3b560a.jpg\" \/>\n<meta name=\"author\" content=\"rtnews\" \/>\n<meta name=\"twitter:card\" content=\"summary_large_image\" \/>\n<meta name=\"twitter:creator\" content=\"@WirMachenAuf_de\" \/>\n<meta name=\"twitter:site\" content=\"@WirMachenAuf_de\" \/>\n<meta name=\"twitter:label1\" content=\"Verfasst von\" \/>\n\t<meta name=\"twitter:data1\" content=\"rtnews\" \/>\n\t<meta name=\"twitter:label2\" content=\"Gesch\u00e4tzte Lesezeit\" \/>\n\t<meta name=\"twitter:data2\" content=\"4\u00a0Minuten\" \/>\n<script type=\"application\/ld+json\" class=\"yoast-schema-graph\">{\"@context\":\"https:\/\/schema.org\",\"@graph\":[{\"@type\":\"Article\",\"@id\":\"https:\/\/now-news.de\/de\/deutschland\/neue-habeck-schlappe-start-der-deutsch-daenischen-wasserstoffpipeline-nicht-vor-2030\/#article\",\"isPartOf\":{\"@id\":\"https:\/\/now-news.de\/de\/deutschland\/neue-habeck-schlappe-start-der-deutsch-daenischen-wasserstoffpipeline-nicht-vor-2030\/\"},\"author\":{\"name\":\"rtnews\",\"@id\":\"https:\/\/now-news.de\/de\/#\/schema\/person\/fb534a4e865501d8b3285208df34a9b5\"},\"headline\":\"Neue Habeck-Schlappe: Start der deutsch-d\u00e4nischen Wasserstoffpipeline nicht vor 2030\",\"datePublished\":\"2024-10-09T12:00:35+00:00\",\"dateModified\":\"2024-10-09T12:00:35+00:00\",\"mainEntityOfPage\":{\"@id\":\"https:\/\/now-news.de\/de\/deutschland\/neue-habeck-schlappe-start-der-deutsch-daenischen-wasserstoffpipeline-nicht-vor-2030\/\"},\"wordCount\":729,\"commentCount\":0,\"publisher\":{\"@id\":\"https:\/\/now-news.de\/de\/#organization\"},\"image\":{\"@id\":\"https:\/\/now-news.de\/de\/deutschland\/neue-habeck-schlappe-start-der-deutsch-daenischen-wasserstoffpipeline-nicht-vor-2030\/#primaryimage\"},\"thumbnailUrl\":\"https:\/\/now-news.de\/de\/wp-content\/uploads\/sites\/3\/2024\/10\/Neue-Habeck-Schlappe-Start-der-deutsch-daenischen-Wasserstoffpipeline-nicht-vor-2030.jpg\",\"keywords\":[\"der\",\"deutschd\u00e4nischen\",\"HabeckSchlappe\",\"NEUE\",\"nicht\",\"Start\",\"vor\",\"Wasserstoffpipeline\"],\"articleSection\":[\"Deutschland\",\"Russland\"],\"inLanguage\":\"de\",\"potentialAction\":[{\"@type\":\"CommentAction\",\"name\":\"Comment\",\"target\":[\"https:\/\/now-news.de\/de\/deutschland\/neue-habeck-schlappe-start-der-deutsch-daenischen-wasserstoffpipeline-nicht-vor-2030\/#respond\"]}]},{\"@type\":\"WebPage\",\"@id\":\"https:\/\/now-news.de\/de\/deutschland\/neue-habeck-schlappe-start-der-deutsch-daenischen-wasserstoffpipeline-nicht-vor-2030\/\",\"url\":\"https:\/\/now-news.de\/de\/deutschland\/neue-habeck-schlappe-start-der-deutsch-daenischen-wasserstoffpipeline-nicht-vor-2030\/\",\"name\":\"Neue Habeck-Schlappe: Start der deutsch-d\u00e4nischen Wasserstoffpipeline nicht vor 2030 - just-now.NEWS Deutschland\",\"isPartOf\":{\"@id\":\"https:\/\/now-news.de\/de\/#website\"},\"primaryImageOfPage\":{\"@id\":\"https:\/\/now-news.de\/de\/deutschland\/neue-habeck-schlappe-start-der-deutsch-daenischen-wasserstoffpipeline-nicht-vor-2030\/#primaryimage\"},\"image\":{\"@id\":\"https:\/\/now-news.de\/de\/deutschland\/neue-habeck-schlappe-start-der-deutsch-daenischen-wasserstoffpipeline-nicht-vor-2030\/#primaryimage\"},\"thumbnailUrl\":\"https:\/\/now-news.de\/de\/wp-content\/uploads\/sites\/3\/2024\/10\/Neue-Habeck-Schlappe-Start-der-deutsch-daenischen-Wasserstoffpipeline-nicht-vor-2030.jpg\",\"datePublished\":\"2024-10-09T12:00:35+00:00\",\"dateModified\":\"2024-10-09T12:00:35+00:00\",\"breadcrumb\":{\"@id\":\"https:\/\/now-news.de\/de\/deutschland\/neue-habeck-schlappe-start-der-deutsch-daenischen-wasserstoffpipeline-nicht-vor-2030\/#breadcrumb\"},\"inLanguage\":\"de\",\"potentialAction\":[{\"@type\":\"ReadAction\",\"target\":[\"https:\/\/now-news.de\/de\/deutschland\/neue-habeck-schlappe-start-der-deutsch-daenischen-wasserstoffpipeline-nicht-vor-2030\/\"]}]},{\"@type\":\"ImageObject\",\"inLanguage\":\"de\",\"@id\":\"https:\/\/now-news.de\/de\/deutschland\/neue-habeck-schlappe-start-der-deutsch-daenischen-wasserstoffpipeline-nicht-vor-2030\/#primaryimage\",\"url\":\"https:\/\/now-news.de\/de\/wp-content\/uploads\/sites\/3\/2024\/10\/Neue-Habeck-Schlappe-Start-der-deutsch-daenischen-Wasserstoffpipeline-nicht-vor-2030.jpg\",\"contentUrl\":\"https:\/\/now-news.de\/de\/wp-content\/uploads\/sites\/3\/2024\/10\/Neue-Habeck-Schlappe-Start-der-deutsch-daenischen-Wasserstoffpipeline-nicht-vor-2030.jpg\",\"width\":460,\"height\":259,\"caption\":\"Neue Habeck-Schlappe: Start der deutsch-d\u00e4nischen Wasserstoffpipeline nicht vor 2030\"},{\"@type\":\"BreadcrumbList\",\"@id\":\"https:\/\/now-news.de\/de\/deutschland\/neue-habeck-schlappe-start-der-deutsch-daenischen-wasserstoffpipeline-nicht-vor-2030\/#breadcrumb\",\"itemListElement\":[{\"@type\":\"ListItem\",\"position\":1,\"name\":\"Home\",\"item\":\"https:\/\/now-news.de\/de\/\"},{\"@type\":\"ListItem\",\"position\":2,\"name\":\"Neue Habeck-Schlappe: Start der deutsch-d\u00e4nischen Wasserstoffpipeline nicht vor 2030\"}]},{\"@type\":\"WebSite\",\"@id\":\"https:\/\/now-news.de\/de\/#website\",\"url\":\"https:\/\/now-news.de\/de\/\",\"name\":\"just-now.NEWS Deutschland\",\"description\":\"Das Portal f\u00fcr unzensierte Nachrichten aus der Welt\",\"publisher\":{\"@id\":\"https:\/\/now-news.de\/de\/#organization\"},\"potentialAction\":[{\"@type\":\"SearchAction\",\"target\":{\"@type\":\"EntryPoint\",\"urlTemplate\":\"https:\/\/now-news.de\/de\/?s={search_term_string}\"},\"query-input\":\"required name=search_term_string\"}],\"inLanguage\":\"de\"},{\"@type\":\"Organization\",\"@id\":\"https:\/\/now-news.de\/de\/#organization\",\"name\":\"Just Now News\",\"url\":\"https:\/\/now-news.de\/de\/\",\"logo\":{\"@type\":\"ImageObject\",\"inLanguage\":\"de\",\"@id\":\"https:\/\/now-news.de\/de\/#\/schema\/logo\/image\/\",\"url\":\"http:\/\/just-now.news\/de\/wp-content\/uploads\/sites\/3\/2022\/04\/logo500x500.jpg\",\"contentUrl\":\"http:\/\/just-now.news\/de\/wp-content\/uploads\/sites\/3\/2022\/04\/logo500x500.jpg\",\"width\":500,\"height\":500,\"caption\":\"Just Now News\"},\"image\":{\"@id\":\"https:\/\/now-news.de\/de\/#\/schema\/logo\/image\/\"},\"sameAs\":[\"https:\/\/www.facebook.com\/wirmachenauf\",\"https:\/\/x.com\/WirMachenAuf_de\"]},{\"@type\":\"Person\",\"@id\":\"https:\/\/now-news.de\/de\/#\/schema\/person\/fb534a4e865501d8b3285208df34a9b5\",\"name\":\"rtnews\",\"image\":{\"@type\":\"ImageObject\",\"inLanguage\":\"de\",\"@id\":\"https:\/\/now-news.de\/de\/#\/schema\/person\/image\/\",\"url\":\"https:\/\/secure.gravatar.com\/avatar\/82aafea7d8127119dd649515f56e2117?s=96&d=mm&r=g\",\"contentUrl\":\"https:\/\/secure.gravatar.com\/avatar\/82aafea7d8127119dd649515f56e2117?s=96&d=mm&r=g\",\"caption\":\"rtnews\"},\"url\":\"https:\/\/now-news.de\/de\/author\/rnews\/\"}]}<\/script>\n<!-- \/ Yoast SEO Premium plugin. -->","yoast_head_json":{"title":"Neue Habeck-Schlappe: Start der deutsch-d\u00e4nischen Wasserstoffpipeline nicht vor 2030 - just-now.NEWS Deutschland","robots":{"index":"index","follow":"follow","max-snippet":"max-snippet:-1","max-image-preview":"max-image-preview:large","max-video-preview":"max-video-preview:-1"},"canonical":"https:\/\/now-news.de\/de\/deutschland\/neue-habeck-schlappe-start-der-deutsch-daenischen-wasserstoffpipeline-nicht-vor-2030\/","og_locale":"de_DE","og_type":"article","og_title":"Neue Habeck-Schlappe: Start der deutsch-d\u00e4nischen Wasserstoffpipeline nicht vor 2030","og_description":"Der voraussichtliche Startpunkt einer seitens Habeck im Vorjahr gro\u00df verk\u00fcndeten Wasserstoffpipeline von D\u00e4nemark nach Deutschland verschiebt sich auf 2031. Der urspr\u00fcnglich f\u00fcr 2028 geplante Baustart verz\u00f6gert sich laut Mitteilung der d\u00e4nischen Regierung aufgrund von neuen Pr\u00fcfungsverfahren bei dem Unternehmen Energinet. Im Juni 2023 meldete das Bundeswirtschaftsministerium, dass Robert Habeck\u00a0und der d\u00e4nische Minister f\u00fcr Klima, Energie [&hellip;]","og_url":"https:\/\/now-news.de\/de\/deutschland\/neue-habeck-schlappe-start-der-deutsch-daenischen-wasserstoffpipeline-nicht-vor-2030\/","og_site_name":"just-now.NEWS Deutschland","article_publisher":"https:\/\/www.facebook.com\/wirmachenauf","article_published_time":"2024-10-09T12:00:35+00:00","og_image":[{"url":"https:\/\/now-news.de\/de\/wp-content\/uploads\/sites\/3\/2024\/10\/6706110bb480cc797d3b560a.jpg"}],"author":"rtnews","twitter_card":"summary_large_image","twitter_creator":"@WirMachenAuf_de","twitter_site":"@WirMachenAuf_de","twitter_misc":{"Verfasst von":"rtnews","Gesch\u00e4tzte Lesezeit":"4\u00a0Minuten"},"schema":{"@context":"https:\/\/schema.org","@graph":[{"@type":"Article","@id":"https:\/\/now-news.de\/de\/deutschland\/neue-habeck-schlappe-start-der-deutsch-daenischen-wasserstoffpipeline-nicht-vor-2030\/#article","isPartOf":{"@id":"https:\/\/now-news.de\/de\/deutschland\/neue-habeck-schlappe-start-der-deutsch-daenischen-wasserstoffpipeline-nicht-vor-2030\/"},"author":{"name":"rtnews","@id":"https:\/\/now-news.de\/de\/#\/schema\/person\/fb534a4e865501d8b3285208df34a9b5"},"headline":"Neue Habeck-Schlappe: Start der deutsch-d\u00e4nischen Wasserstoffpipeline nicht vor 2030","datePublished":"2024-10-09T12:00:35+00:00","dateModified":"2024-10-09T12:00:35+00:00","mainEntityOfPage":{"@id":"https:\/\/now-news.de\/de\/deutschland\/neue-habeck-schlappe-start-der-deutsch-daenischen-wasserstoffpipeline-nicht-vor-2030\/"},"wordCount":729,"commentCount":0,"publisher":{"@id":"https:\/\/now-news.de\/de\/#organization"},"image":{"@id":"https:\/\/now-news.de\/de\/deutschland\/neue-habeck-schlappe-start-der-deutsch-daenischen-wasserstoffpipeline-nicht-vor-2030\/#primaryimage"},"thumbnailUrl":"https:\/\/now-news.de\/de\/wp-content\/uploads\/sites\/3\/2024\/10\/Neue-Habeck-Schlappe-Start-der-deutsch-daenischen-Wasserstoffpipeline-nicht-vor-2030.jpg","keywords":["der","deutschd\u00e4nischen","HabeckSchlappe","NEUE","nicht","Start","vor","Wasserstoffpipeline"],"articleSection":["Deutschland","Russland"],"inLanguage":"de","potentialAction":[{"@type":"CommentAction","name":"Comment","target":["https:\/\/now-news.de\/de\/deutschland\/neue-habeck-schlappe-start-der-deutsch-daenischen-wasserstoffpipeline-nicht-vor-2030\/#respond"]}]},{"@type":"WebPage","@id":"https:\/\/now-news.de\/de\/deutschland\/neue-habeck-schlappe-start-der-deutsch-daenischen-wasserstoffpipeline-nicht-vor-2030\/","url":"https:\/\/now-news.de\/de\/deutschland\/neue-habeck-schlappe-start-der-deutsch-daenischen-wasserstoffpipeline-nicht-vor-2030\/","name":"Neue Habeck-Schlappe: Start der deutsch-d\u00e4nischen Wasserstoffpipeline nicht vor 2030 - just-now.NEWS Deutschland","isPartOf":{"@id":"https:\/\/now-news.de\/de\/#website"},"primaryImageOfPage":{"@id":"https:\/\/now-news.de\/de\/deutschland\/neue-habeck-schlappe-start-der-deutsch-daenischen-wasserstoffpipeline-nicht-vor-2030\/#primaryimage"},"image":{"@id":"https:\/\/now-news.de\/de\/deutschland\/neue-habeck-schlappe-start-der-deutsch-daenischen-wasserstoffpipeline-nicht-vor-2030\/#primaryimage"},"thumbnailUrl":"https:\/\/now-news.de\/de\/wp-content\/uploads\/sites\/3\/2024\/10\/Neue-Habeck-Schlappe-Start-der-deutsch-daenischen-Wasserstoffpipeline-nicht-vor-2030.jpg","datePublished":"2024-10-09T12:00:35+00:00","dateModified":"2024-10-09T12:00:35+00:00","breadcrumb":{"@id":"https:\/\/now-news.de\/de\/deutschland\/neue-habeck-schlappe-start-der-deutsch-daenischen-wasserstoffpipeline-nicht-vor-2030\/#breadcrumb"},"inLanguage":"de","potentialAction":[{"@type":"ReadAction","target":["https:\/\/now-news.de\/de\/deutschland\/neue-habeck-schlappe-start-der-deutsch-daenischen-wasserstoffpipeline-nicht-vor-2030\/"]}]},{"@type":"ImageObject","inLanguage":"de","@id":"https:\/\/now-news.de\/de\/deutschland\/neue-habeck-schlappe-start-der-deutsch-daenischen-wasserstoffpipeline-nicht-vor-2030\/#primaryimage","url":"https:\/\/now-news.de\/de\/wp-content\/uploads\/sites\/3\/2024\/10\/Neue-Habeck-Schlappe-Start-der-deutsch-daenischen-Wasserstoffpipeline-nicht-vor-2030.jpg","contentUrl":"https:\/\/now-news.de\/de\/wp-content\/uploads\/sites\/3\/2024\/10\/Neue-Habeck-Schlappe-Start-der-deutsch-daenischen-Wasserstoffpipeline-nicht-vor-2030.jpg","width":460,"height":259,"caption":"Neue Habeck-Schlappe: Start der deutsch-d\u00e4nischen Wasserstoffpipeline nicht vor 2030"},{"@type":"BreadcrumbList","@id":"https:\/\/now-news.de\/de\/deutschland\/neue-habeck-schlappe-start-der-deutsch-daenischen-wasserstoffpipeline-nicht-vor-2030\/#breadcrumb","itemListElement":[{"@type":"ListItem","position":1,"name":"Home","item":"https:\/\/now-news.de\/de\/"},{"@type":"ListItem","position":2,"name":"Neue Habeck-Schlappe: Start der deutsch-d\u00e4nischen Wasserstoffpipeline nicht vor 2030"}]},{"@type":"WebSite","@id":"https:\/\/now-news.de\/de\/#website","url":"https:\/\/now-news.de\/de\/","name":"just-now.NEWS Deutschland","description":"Das Portal f\u00fcr unzensierte Nachrichten aus der Welt","publisher":{"@id":"https:\/\/now-news.de\/de\/#organization"},"potentialAction":[{"@type":"SearchAction","target":{"@type":"EntryPoint","urlTemplate":"https:\/\/now-news.de\/de\/?s={search_term_string}"},"query-input":"required name=search_term_string"}],"inLanguage":"de"},{"@type":"Organization","@id":"https:\/\/now-news.de\/de\/#organization","name":"Just Now News","url":"https:\/\/now-news.de\/de\/","logo":{"@type":"ImageObject","inLanguage":"de","@id":"https:\/\/now-news.de\/de\/#\/schema\/logo\/image\/","url":"http:\/\/just-now.news\/de\/wp-content\/uploads\/sites\/3\/2022\/04\/logo500x500.jpg","contentUrl":"http:\/\/just-now.news\/de\/wp-content\/uploads\/sites\/3\/2022\/04\/logo500x500.jpg","width":500,"height":500,"caption":"Just Now News"},"image":{"@id":"https:\/\/now-news.de\/de\/#\/schema\/logo\/image\/"},"sameAs":["https:\/\/www.facebook.com\/wirmachenauf","https:\/\/x.com\/WirMachenAuf_de"]},{"@type":"Person","@id":"https:\/\/now-news.de\/de\/#\/schema\/person\/fb534a4e865501d8b3285208df34a9b5","name":"rtnews","image":{"@type":"ImageObject","inLanguage":"de","@id":"https:\/\/now-news.de\/de\/#\/schema\/person\/image\/","url":"https:\/\/secure.gravatar.com\/avatar\/82aafea7d8127119dd649515f56e2117?s=96&d=mm&r=g","contentUrl":"https:\/\/secure.gravatar.com\/avatar\/82aafea7d8127119dd649515f56e2117?s=96&d=mm&r=g","caption":"rtnews"},"url":"https:\/\/now-news.de\/de\/author\/rnews\/"}]}},"_links":{"self":[{"href":"https:\/\/now-news.de\/de\/wp-json\/wp\/v2\/posts\/70491"}],"collection":[{"href":"https:\/\/now-news.de\/de\/wp-json\/wp\/v2\/posts"}],"about":[{"href":"https:\/\/now-news.de\/de\/wp-json\/wp\/v2\/types\/post"}],"author":[{"embeddable":true,"href":"https:\/\/now-news.de\/de\/wp-json\/wp\/v2\/users\/3"}],"replies":[{"embeddable":true,"href":"https:\/\/now-news.de\/de\/wp-json\/wp\/v2\/comments?post=70491"}],"version-history":[{"count":0,"href":"https:\/\/now-news.de\/de\/wp-json\/wp\/v2\/posts\/70491\/revisions"}],"wp:featuredmedia":[{"embeddable":true,"href":"https:\/\/now-news.de\/de\/wp-json\/wp\/v2\/media\/70492"}],"wp:attachment":[{"href":"https:\/\/now-news.de\/de\/wp-json\/wp\/v2\/media?parent=70491"}],"wp:term":[{"taxonomy":"category","embeddable":true,"href":"https:\/\/now-news.de\/de\/wp-json\/wp\/v2\/categories?post=70491"},{"taxonomy":"post_tag","embeddable":true,"href":"https:\/\/now-news.de\/de\/wp-json\/wp\/v2\/tags?post=70491"}],"curies":[{"name":"wp","href":"https:\/\/api.w.org\/{rel}","templated":true}]}}