{"id":70424,"date":"2024-10-08T08:19:09","date_gmt":"2024-10-08T06:19:09","guid":{"rendered":"https:\/\/now-news.de\/de\/deutschland\/na-sowas-deutsche-halten-robert-habeck-fuer-nett-aber-inkompetent\/"},"modified":"2024-10-08T08:19:09","modified_gmt":"2024-10-08T06:19:09","slug":"na-sowas-deutsche-halten-robert-habeck-fuer-nett-aber-inkompetent","status":"publish","type":"post","link":"https:\/\/now-news.de\/de\/deutschland\/na-sowas-deutsche-halten-robert-habeck-fuer-nett-aber-inkompetent\/","title":{"rendered":"Na sowas: Deutsche halten Robert Habeck f\u00fcr nett, aber inkompetent"},"content":{"rendered":"<p><img decoding=\"async\" src=\"https:\/\/now-news.de\/de\/wp-content\/uploads\/sites\/3\/2024\/10\/6704c63bb480cc696916c849.jpg\" \/><\/p>\n<div class=\"Text-root Text-type_1 \">\n                Wirtschaftskrise und Deindustrialisierung bleiben nicht ohne Folgen f\u00fcr das Ansehen von Wirtschaftsminister Robert Habeck. Laut einer Umfrage h\u00e4lt ihn nur noch ein gutes Drittel der Deutschen f\u00fcr kompetent. Kleiner Trost: Eine knappe absolute Mehrheit findet Habeck demnach immer noch nett.\n            <\/div>\n<p><\/p>\n<div class=\"Text-root Text-type_5 ArticleView-text ViewText-root \">\n<p>Wirtschaftsminister Robert Habeck hat bei den B\u00fcrgern offenbar deutlich an Ansehen verloren. Das ist zumindest das Ergebnis einer aktuellen Umfrage, die das Meinungsforschungsinstitut\u00a0Forsa f\u00fcr das Magazin\u00a0<em>Stern<\/em>\u00a0durchgef\u00fchrt hat.<\/p>\n<p>Demnach findet immer noch eine knappe absolute Mehrheit der Deutschen\u00a0 (52 Prozent) den Kinderbuchautor sympathisch. Ebenfalls 52 Prozent der Befragten sind der Auffassung, dass Habeck verst\u00e4ndlich redet. An diesem\u00a0Punkt dr\u00e4ngt sich allerdings die Frage auf, ob diese Befragten jemals eine Rede des Ministers geh\u00f6rt haben.<\/p>\n<p>Doch jenseits dieser eher &#8220;weichen&#8221; Kriterien sacken die Zahlen rapide ab. Nur 25 Prozent der Deutschen halten den promovierten Philosophen f\u00fcr f\u00fchrungsstark. Das sind immerhin zehn Prozentpunkte weniger als vor anderthalb Jahren. Und das, wie sogar der\u00a0<em>Stern<\/em>-Autor verschmitzt anmerkt, obwohl Habeck doch gerade f\u00fcr den Sturz der Gr\u00fcnen-Parteif\u00fchrung gesorgt haben soll.<\/p>\n<p>Auch beim Thema Kompetenz schmiert der Minister ab. Dennoch halten\u00a0ihn 36 Prozent der Befragten noch f\u00fcr kompetent \u2013 trotz der mittlerweile deutlich erkennbaren Ergebnisse seines Wirkens. Im vergangenen Jahr waren es noch 44 Prozent. 28 Prozent halten Habeck f\u00fcr einen Politiker, der &#8220;wei\u00df, was die Menschen bewegt&#8221;. Bei der letzten Umfrage waren es noch 37 Prozent.<\/p>\n<p>Besonders wenige Fans hat der Wirtschaftsminister wenig \u00fcberraschend unter den\u00a0Anh\u00e4ngern von AfD und BSW.\u00a0Bei den verbliebenen Gr\u00fcnen-Anh\u00e4ngern ist Habeck aber weiter hoch angesehen: Hier halten ihn\u00a0sage und schreibe 80 Prozent f\u00fcr kompetent und sogar 83 Prozent f\u00fcr sympathisch. Gute Werte gibt es auch unter den SPD-Anh\u00e4ngern:\u00a0Hier finden ihn 80 Prozent sympathisch und immerhin noch 59 Prozent kompetent.<\/p>\n<p>F\u00fcr die Erhebung befragte das Markt- und Meinungsforschungsinstitut Forsa zwischen dem 2. und dem 4. Oktober telefonisch 1.008 B\u00fcrger.<\/p>\n<p><strong>Mehr zum Thema<\/strong> &#8211; <a rel=\"nofollow noopener\" target=\"_blank\" href=\"https:\/\/freedert.online\/inland\/220724-wahlkampfluegen-ueber-bsw-habeck-muss\/\">Wahlkampfl\u00fcgen \u00fcber BSW: Habeck muss Unterlassungserkl\u00e4rung abgeben<\/a><\/p>\n<div class=\"EmbedBlock-root EmbedBlock-externalVideo EmbedBlock-rumble\">\n<div class=\"VkEmbed\"><iframe class=\"lazyload\" data-src=\"https:\/\/rumble.com\/embed\/v5b5x2i\" frameborder=\"0\" width=\"853\" height=\"480\" allowfullscreen><\/iframe><\/div>\n<\/div>\n<\/div>\n<p><br \/>\n<br \/><a href=\"https:\/\/de.rt.com\/inland\/221742-umfrage-deutsche-halten-robert-habeck\/\">Source link <\/a><\/p>\n","protected":false},"excerpt":{"rendered":"<p>Wirtschaftskrise und Deindustrialisierung bleiben nicht ohne Folgen f\u00fcr das Ansehen von Wirtschaftsminister Robert Habeck. Laut einer Umfrage h\u00e4lt ihn nur noch ein gutes Drittel der Deutschen f\u00fcr kompetent. Kleiner Trost: Eine knappe absolute Mehrheit findet Habeck demnach immer noch nett. Wirtschaftsminister Robert Habeck hat bei den B\u00fcrgern offenbar deutlich an Ansehen verloren. Das ist zumindest [&hellip;]<\/p>\n","protected":false},"author":3,"featured_media":70425,"comment_status":"open","ping_status":"open","sticky":false,"template":"","format":"standard","meta":{"_yoast_indexnow_last_ping":["1728368929"],"wp_automatic_camp":["217"],"f15b3bda7a7154e674502d0c98f5fadc":["Na sowas: Deutsche halten Robert Habeck f\u00fcr nett, aber inkompetent"],"original_link":["https:\/\/de.rt.com\/inland\/221742-umfrage-deutsche-halten-robert-habeck\/"],"_thumbnail_id":["70425"],"jnews_social_counter_last_update":["1777352239"],"_wptgpro_p2tg_sent2tg":["a:1:{i:23737;s:19:\"2024-10-08 08:29:54\";}"]},"categories":[19,23],"tags":[2205,2374,221,911,6247,47077,58116,327,17664],"yoast_head":"<!-- This site is optimized with the Yoast SEO Premium plugin v22.7 (Yoast SEO v22.7) - https:\/\/yoast.com\/wordpress\/plugins\/seo\/ -->\n<title>Na sowas: Deutsche halten Robert Habeck f\u00fcr nett, aber inkompetent - just-now.NEWS Deutschland<\/title>\n<meta name=\"robots\" content=\"index, follow, max-snippet:-1, max-image-preview:large, max-video-preview:-1\" \/>\n<link rel=\"canonical\" href=\"https:\/\/now-news.de\/de\/deutschland\/na-sowas-deutsche-halten-robert-habeck-fuer-nett-aber-inkompetent\/\" \/>\n<meta property=\"og:locale\" content=\"de_DE\" \/>\n<meta property=\"og:type\" content=\"article\" \/>\n<meta property=\"og:title\" content=\"Na sowas: Deutsche halten Robert Habeck f\u00fcr nett, aber inkompetent\" \/>\n<meta property=\"og:description\" content=\"Wirtschaftskrise und Deindustrialisierung bleiben nicht ohne Folgen f\u00fcr das Ansehen von Wirtschaftsminister Robert Habeck. Laut einer Umfrage h\u00e4lt ihn nur noch ein gutes Drittel der Deutschen f\u00fcr kompetent. Kleiner Trost: Eine knappe absolute Mehrheit findet Habeck demnach immer noch nett. Wirtschaftsminister Robert Habeck hat bei den B\u00fcrgern offenbar deutlich an Ansehen verloren. Das ist zumindest [&hellip;]\" \/>\n<meta property=\"og:url\" content=\"https:\/\/now-news.de\/de\/deutschland\/na-sowas-deutsche-halten-robert-habeck-fuer-nett-aber-inkompetent\/\" \/>\n<meta property=\"og:site_name\" content=\"just-now.NEWS Deutschland\" \/>\n<meta property=\"article:publisher\" content=\"https:\/\/www.facebook.com\/wirmachenauf\" \/>\n<meta property=\"article:published_time\" content=\"2024-10-08T06:19:09+00:00\" \/>\n<meta property=\"og:image\" content=\"https:\/\/now-news.de\/de\/wp-content\/uploads\/sites\/3\/2024\/10\/6704c63bb480cc696916c849.jpg\" \/>\n<meta name=\"author\" content=\"rtnews\" \/>\n<meta name=\"twitter:card\" content=\"summary_large_image\" \/>\n<meta name=\"twitter:creator\" content=\"@WirMachenAuf_de\" \/>\n<meta name=\"twitter:site\" content=\"@WirMachenAuf_de\" \/>\n<meta name=\"twitter:label1\" content=\"Verfasst von\" \/>\n\t<meta name=\"twitter:data1\" content=\"rtnews\" \/>\n\t<meta name=\"twitter:label2\" content=\"Gesch\u00e4tzte Lesezeit\" \/>\n\t<meta name=\"twitter:data2\" content=\"2\u00a0Minuten\" \/>\n<script type=\"application\/ld+json\" class=\"yoast-schema-graph\">{\"@context\":\"https:\/\/schema.org\",\"@graph\":[{\"@type\":\"Article\",\"@id\":\"https:\/\/now-news.de\/de\/deutschland\/na-sowas-deutsche-halten-robert-habeck-fuer-nett-aber-inkompetent\/#article\",\"isPartOf\":{\"@id\":\"https:\/\/now-news.de\/de\/deutschland\/na-sowas-deutsche-halten-robert-habeck-fuer-nett-aber-inkompetent\/\"},\"author\":{\"name\":\"rtnews\",\"@id\":\"https:\/\/now-news.de\/de\/#\/schema\/person\/fb534a4e865501d8b3285208df34a9b5\"},\"headline\":\"Na sowas: Deutsche halten Robert Habeck f\u00fcr nett, aber inkompetent\",\"datePublished\":\"2024-10-08T06:19:09+00:00\",\"dateModified\":\"2024-10-08T06:19:09+00:00\",\"mainEntityOfPage\":{\"@id\":\"https:\/\/now-news.de\/de\/deutschland\/na-sowas-deutsche-halten-robert-habeck-fuer-nett-aber-inkompetent\/\"},\"wordCount\":341,\"commentCount\":0,\"publisher\":{\"@id\":\"https:\/\/now-news.de\/de\/#organization\"},\"image\":{\"@id\":\"https:\/\/now-news.de\/de\/deutschland\/na-sowas-deutsche-halten-robert-habeck-fuer-nett-aber-inkompetent\/#primaryimage\"},\"thumbnailUrl\":\"https:\/\/now-news.de\/de\/wp-content\/uploads\/sites\/3\/2024\/10\/Na-sowas-Deutsche-halten-Robert-Habeck-fuer-nett-aber-inkompetent.jpg\",\"keywords\":[\"aber\",\"Deutsche\",\"f\u00fcr\",\"Habeck\",\"halten\",\"inkompetent\",\"nett\",\"robert\",\"sowas\"],\"articleSection\":[\"Deutschland\",\"Russland\"],\"inLanguage\":\"de\",\"potentialAction\":[{\"@type\":\"CommentAction\",\"name\":\"Comment\",\"target\":[\"https:\/\/now-news.de\/de\/deutschland\/na-sowas-deutsche-halten-robert-habeck-fuer-nett-aber-inkompetent\/#respond\"]}]},{\"@type\":\"WebPage\",\"@id\":\"https:\/\/now-news.de\/de\/deutschland\/na-sowas-deutsche-halten-robert-habeck-fuer-nett-aber-inkompetent\/\",\"url\":\"https:\/\/now-news.de\/de\/deutschland\/na-sowas-deutsche-halten-robert-habeck-fuer-nett-aber-inkompetent\/\",\"name\":\"Na sowas: Deutsche halten Robert Habeck f\u00fcr nett, aber inkompetent - just-now.NEWS Deutschland\",\"isPartOf\":{\"@id\":\"https:\/\/now-news.de\/de\/#website\"},\"primaryImageOfPage\":{\"@id\":\"https:\/\/now-news.de\/de\/deutschland\/na-sowas-deutsche-halten-robert-habeck-fuer-nett-aber-inkompetent\/#primaryimage\"},\"image\":{\"@id\":\"https:\/\/now-news.de\/de\/deutschland\/na-sowas-deutsche-halten-robert-habeck-fuer-nett-aber-inkompetent\/#primaryimage\"},\"thumbnailUrl\":\"https:\/\/now-news.de\/de\/wp-content\/uploads\/sites\/3\/2024\/10\/Na-sowas-Deutsche-halten-Robert-Habeck-fuer-nett-aber-inkompetent.jpg\",\"datePublished\":\"2024-10-08T06:19:09+00:00\",\"dateModified\":\"2024-10-08T06:19:09+00:00\",\"breadcrumb\":{\"@id\":\"https:\/\/now-news.de\/de\/deutschland\/na-sowas-deutsche-halten-robert-habeck-fuer-nett-aber-inkompetent\/#breadcrumb\"},\"inLanguage\":\"de\",\"potentialAction\":[{\"@type\":\"ReadAction\",\"target\":[\"https:\/\/now-news.de\/de\/deutschland\/na-sowas-deutsche-halten-robert-habeck-fuer-nett-aber-inkompetent\/\"]}]},{\"@type\":\"ImageObject\",\"inLanguage\":\"de\",\"@id\":\"https:\/\/now-news.de\/de\/deutschland\/na-sowas-deutsche-halten-robert-habeck-fuer-nett-aber-inkompetent\/#primaryimage\",\"url\":\"https:\/\/now-news.de\/de\/wp-content\/uploads\/sites\/3\/2024\/10\/Na-sowas-Deutsche-halten-Robert-Habeck-fuer-nett-aber-inkompetent.jpg\",\"contentUrl\":\"https:\/\/now-news.de\/de\/wp-content\/uploads\/sites\/3\/2024\/10\/Na-sowas-Deutsche-halten-Robert-Habeck-fuer-nett-aber-inkompetent.jpg\",\"width\":460,\"height\":259,\"caption\":\"Na sowas: Deutsche halten Robert Habeck f\u00fcr nett, aber inkompetent\"},{\"@type\":\"BreadcrumbList\",\"@id\":\"https:\/\/now-news.de\/de\/deutschland\/na-sowas-deutsche-halten-robert-habeck-fuer-nett-aber-inkompetent\/#breadcrumb\",\"itemListElement\":[{\"@type\":\"ListItem\",\"position\":1,\"name\":\"Home\",\"item\":\"https:\/\/now-news.de\/de\/\"},{\"@type\":\"ListItem\",\"position\":2,\"name\":\"Na sowas: Deutsche halten Robert Habeck f\u00fcr nett, aber inkompetent\"}]},{\"@type\":\"WebSite\",\"@id\":\"https:\/\/now-news.de\/de\/#website\",\"url\":\"https:\/\/now-news.de\/de\/\",\"name\":\"just-now.NEWS Deutschland\",\"description\":\"Das Portal f\u00fcr unzensierte Nachrichten aus der Welt\",\"publisher\":{\"@id\":\"https:\/\/now-news.de\/de\/#organization\"},\"potentialAction\":[{\"@type\":\"SearchAction\",\"target\":{\"@type\":\"EntryPoint\",\"urlTemplate\":\"https:\/\/now-news.de\/de\/?s={search_term_string}\"},\"query-input\":\"required name=search_term_string\"}],\"inLanguage\":\"de\"},{\"@type\":\"Organization\",\"@id\":\"https:\/\/now-news.de\/de\/#organization\",\"name\":\"Just Now News\",\"url\":\"https:\/\/now-news.de\/de\/\",\"logo\":{\"@type\":\"ImageObject\",\"inLanguage\":\"de\",\"@id\":\"https:\/\/now-news.de\/de\/#\/schema\/logo\/image\/\",\"url\":\"http:\/\/just-now.news\/de\/wp-content\/uploads\/sites\/3\/2022\/04\/logo500x500.jpg\",\"contentUrl\":\"http:\/\/just-now.news\/de\/wp-content\/uploads\/sites\/3\/2022\/04\/logo500x500.jpg\",\"width\":500,\"height\":500,\"caption\":\"Just Now News\"},\"image\":{\"@id\":\"https:\/\/now-news.de\/de\/#\/schema\/logo\/image\/\"},\"sameAs\":[\"https:\/\/www.facebook.com\/wirmachenauf\",\"https:\/\/x.com\/WirMachenAuf_de\"]},{\"@type\":\"Person\",\"@id\":\"https:\/\/now-news.de\/de\/#\/schema\/person\/fb534a4e865501d8b3285208df34a9b5\",\"name\":\"rtnews\",\"image\":{\"@type\":\"ImageObject\",\"inLanguage\":\"de\",\"@id\":\"https:\/\/now-news.de\/de\/#\/schema\/person\/image\/\",\"url\":\"https:\/\/secure.gravatar.com\/avatar\/82aafea7d8127119dd649515f56e2117?s=96&d=mm&r=g\",\"contentUrl\":\"https:\/\/secure.gravatar.com\/avatar\/82aafea7d8127119dd649515f56e2117?s=96&d=mm&r=g\",\"caption\":\"rtnews\"},\"url\":\"https:\/\/now-news.de\/de\/author\/rnews\/\"}]}<\/script>\n<!-- \/ Yoast SEO Premium plugin. -->","yoast_head_json":{"title":"Na sowas: Deutsche halten Robert Habeck f\u00fcr nett, aber inkompetent - just-now.NEWS Deutschland","robots":{"index":"index","follow":"follow","max-snippet":"max-snippet:-1","max-image-preview":"max-image-preview:large","max-video-preview":"max-video-preview:-1"},"canonical":"https:\/\/now-news.de\/de\/deutschland\/na-sowas-deutsche-halten-robert-habeck-fuer-nett-aber-inkompetent\/","og_locale":"de_DE","og_type":"article","og_title":"Na sowas: Deutsche halten Robert Habeck f\u00fcr nett, aber inkompetent","og_description":"Wirtschaftskrise und Deindustrialisierung bleiben nicht ohne Folgen f\u00fcr das Ansehen von Wirtschaftsminister Robert Habeck. Laut einer Umfrage h\u00e4lt ihn nur noch ein gutes Drittel der Deutschen f\u00fcr kompetent. Kleiner Trost: Eine knappe absolute Mehrheit findet Habeck demnach immer noch nett. Wirtschaftsminister Robert Habeck hat bei den B\u00fcrgern offenbar deutlich an Ansehen verloren. Das ist zumindest [&hellip;]","og_url":"https:\/\/now-news.de\/de\/deutschland\/na-sowas-deutsche-halten-robert-habeck-fuer-nett-aber-inkompetent\/","og_site_name":"just-now.NEWS Deutschland","article_publisher":"https:\/\/www.facebook.com\/wirmachenauf","article_published_time":"2024-10-08T06:19:09+00:00","og_image":[{"url":"https:\/\/now-news.de\/de\/wp-content\/uploads\/sites\/3\/2024\/10\/6704c63bb480cc696916c849.jpg"}],"author":"rtnews","twitter_card":"summary_large_image","twitter_creator":"@WirMachenAuf_de","twitter_site":"@WirMachenAuf_de","twitter_misc":{"Verfasst von":"rtnews","Gesch\u00e4tzte Lesezeit":"2\u00a0Minuten"},"schema":{"@context":"https:\/\/schema.org","@graph":[{"@type":"Article","@id":"https:\/\/now-news.de\/de\/deutschland\/na-sowas-deutsche-halten-robert-habeck-fuer-nett-aber-inkompetent\/#article","isPartOf":{"@id":"https:\/\/now-news.de\/de\/deutschland\/na-sowas-deutsche-halten-robert-habeck-fuer-nett-aber-inkompetent\/"},"author":{"name":"rtnews","@id":"https:\/\/now-news.de\/de\/#\/schema\/person\/fb534a4e865501d8b3285208df34a9b5"},"headline":"Na sowas: Deutsche halten Robert Habeck f\u00fcr nett, aber inkompetent","datePublished":"2024-10-08T06:19:09+00:00","dateModified":"2024-10-08T06:19:09+00:00","mainEntityOfPage":{"@id":"https:\/\/now-news.de\/de\/deutschland\/na-sowas-deutsche-halten-robert-habeck-fuer-nett-aber-inkompetent\/"},"wordCount":341,"commentCount":0,"publisher":{"@id":"https:\/\/now-news.de\/de\/#organization"},"image":{"@id":"https:\/\/now-news.de\/de\/deutschland\/na-sowas-deutsche-halten-robert-habeck-fuer-nett-aber-inkompetent\/#primaryimage"},"thumbnailUrl":"https:\/\/now-news.de\/de\/wp-content\/uploads\/sites\/3\/2024\/10\/Na-sowas-Deutsche-halten-Robert-Habeck-fuer-nett-aber-inkompetent.jpg","keywords":["aber","Deutsche","f\u00fcr","Habeck","halten","inkompetent","nett","robert","sowas"],"articleSection":["Deutschland","Russland"],"inLanguage":"de","potentialAction":[{"@type":"CommentAction","name":"Comment","target":["https:\/\/now-news.de\/de\/deutschland\/na-sowas-deutsche-halten-robert-habeck-fuer-nett-aber-inkompetent\/#respond"]}]},{"@type":"WebPage","@id":"https:\/\/now-news.de\/de\/deutschland\/na-sowas-deutsche-halten-robert-habeck-fuer-nett-aber-inkompetent\/","url":"https:\/\/now-news.de\/de\/deutschland\/na-sowas-deutsche-halten-robert-habeck-fuer-nett-aber-inkompetent\/","name":"Na sowas: Deutsche halten Robert Habeck f\u00fcr nett, aber inkompetent - just-now.NEWS Deutschland","isPartOf":{"@id":"https:\/\/now-news.de\/de\/#website"},"primaryImageOfPage":{"@id":"https:\/\/now-news.de\/de\/deutschland\/na-sowas-deutsche-halten-robert-habeck-fuer-nett-aber-inkompetent\/#primaryimage"},"image":{"@id":"https:\/\/now-news.de\/de\/deutschland\/na-sowas-deutsche-halten-robert-habeck-fuer-nett-aber-inkompetent\/#primaryimage"},"thumbnailUrl":"https:\/\/now-news.de\/de\/wp-content\/uploads\/sites\/3\/2024\/10\/Na-sowas-Deutsche-halten-Robert-Habeck-fuer-nett-aber-inkompetent.jpg","datePublished":"2024-10-08T06:19:09+00:00","dateModified":"2024-10-08T06:19:09+00:00","breadcrumb":{"@id":"https:\/\/now-news.de\/de\/deutschland\/na-sowas-deutsche-halten-robert-habeck-fuer-nett-aber-inkompetent\/#breadcrumb"},"inLanguage":"de","potentialAction":[{"@type":"ReadAction","target":["https:\/\/now-news.de\/de\/deutschland\/na-sowas-deutsche-halten-robert-habeck-fuer-nett-aber-inkompetent\/"]}]},{"@type":"ImageObject","inLanguage":"de","@id":"https:\/\/now-news.de\/de\/deutschland\/na-sowas-deutsche-halten-robert-habeck-fuer-nett-aber-inkompetent\/#primaryimage","url":"https:\/\/now-news.de\/de\/wp-content\/uploads\/sites\/3\/2024\/10\/Na-sowas-Deutsche-halten-Robert-Habeck-fuer-nett-aber-inkompetent.jpg","contentUrl":"https:\/\/now-news.de\/de\/wp-content\/uploads\/sites\/3\/2024\/10\/Na-sowas-Deutsche-halten-Robert-Habeck-fuer-nett-aber-inkompetent.jpg","width":460,"height":259,"caption":"Na sowas: Deutsche halten Robert Habeck f\u00fcr nett, aber inkompetent"},{"@type":"BreadcrumbList","@id":"https:\/\/now-news.de\/de\/deutschland\/na-sowas-deutsche-halten-robert-habeck-fuer-nett-aber-inkompetent\/#breadcrumb","itemListElement":[{"@type":"ListItem","position":1,"name":"Home","item":"https:\/\/now-news.de\/de\/"},{"@type":"ListItem","position":2,"name":"Na sowas: Deutsche halten Robert Habeck f\u00fcr nett, aber inkompetent"}]},{"@type":"WebSite","@id":"https:\/\/now-news.de\/de\/#website","url":"https:\/\/now-news.de\/de\/","name":"just-now.NEWS Deutschland","description":"Das Portal f\u00fcr unzensierte Nachrichten aus der Welt","publisher":{"@id":"https:\/\/now-news.de\/de\/#organization"},"potentialAction":[{"@type":"SearchAction","target":{"@type":"EntryPoint","urlTemplate":"https:\/\/now-news.de\/de\/?s={search_term_string}"},"query-input":"required name=search_term_string"}],"inLanguage":"de"},{"@type":"Organization","@id":"https:\/\/now-news.de\/de\/#organization","name":"Just Now News","url":"https:\/\/now-news.de\/de\/","logo":{"@type":"ImageObject","inLanguage":"de","@id":"https:\/\/now-news.de\/de\/#\/schema\/logo\/image\/","url":"http:\/\/just-now.news\/de\/wp-content\/uploads\/sites\/3\/2022\/04\/logo500x500.jpg","contentUrl":"http:\/\/just-now.news\/de\/wp-content\/uploads\/sites\/3\/2022\/04\/logo500x500.jpg","width":500,"height":500,"caption":"Just Now News"},"image":{"@id":"https:\/\/now-news.de\/de\/#\/schema\/logo\/image\/"},"sameAs":["https:\/\/www.facebook.com\/wirmachenauf","https:\/\/x.com\/WirMachenAuf_de"]},{"@type":"Person","@id":"https:\/\/now-news.de\/de\/#\/schema\/person\/fb534a4e865501d8b3285208df34a9b5","name":"rtnews","image":{"@type":"ImageObject","inLanguage":"de","@id":"https:\/\/now-news.de\/de\/#\/schema\/person\/image\/","url":"https:\/\/secure.gravatar.com\/avatar\/82aafea7d8127119dd649515f56e2117?s=96&d=mm&r=g","contentUrl":"https:\/\/secure.gravatar.com\/avatar\/82aafea7d8127119dd649515f56e2117?s=96&d=mm&r=g","caption":"rtnews"},"url":"https:\/\/now-news.de\/de\/author\/rnews\/"}]}},"_links":{"self":[{"href":"https:\/\/now-news.de\/de\/wp-json\/wp\/v2\/posts\/70424"}],"collection":[{"href":"https:\/\/now-news.de\/de\/wp-json\/wp\/v2\/posts"}],"about":[{"href":"https:\/\/now-news.de\/de\/wp-json\/wp\/v2\/types\/post"}],"author":[{"embeddable":true,"href":"https:\/\/now-news.de\/de\/wp-json\/wp\/v2\/users\/3"}],"replies":[{"embeddable":true,"href":"https:\/\/now-news.de\/de\/wp-json\/wp\/v2\/comments?post=70424"}],"version-history":[{"count":0,"href":"https:\/\/now-news.de\/de\/wp-json\/wp\/v2\/posts\/70424\/revisions"}],"wp:featuredmedia":[{"embeddable":true,"href":"https:\/\/now-news.de\/de\/wp-json\/wp\/v2\/media\/70425"}],"wp:attachment":[{"href":"https:\/\/now-news.de\/de\/wp-json\/wp\/v2\/media?parent=70424"}],"wp:term":[{"taxonomy":"category","embeddable":true,"href":"https:\/\/now-news.de\/de\/wp-json\/wp\/v2\/categories?post=70424"},{"taxonomy":"post_tag","embeddable":true,"href":"https:\/\/now-news.de\/de\/wp-json\/wp\/v2\/tags?post=70424"}],"curies":[{"name":"wp","href":"https:\/\/api.w.org\/{rel}","templated":true}]}}