{"id":70346,"date":"2024-10-06T18:22:41","date_gmt":"2024-10-06T16:22:41","guid":{"rendered":"https:\/\/now-news.de\/de\/deutschland\/medwedew-verlagerung-des-krieges-nach-weissrussland-koennte-atomschlag-provozieren\/"},"modified":"2024-10-06T18:22:41","modified_gmt":"2024-10-06T16:22:41","slug":"medwedew-verlagerung-des-krieges-nach-weissrussland-koennte-atomschlag-provozieren","status":"publish","type":"post","link":"https:\/\/now-news.de\/de\/deutschland\/medwedew-verlagerung-des-krieges-nach-weissrussland-koennte-atomschlag-provozieren\/","title":{"rendered":"Medwedew: Verlagerung des Krieges nach Wei\u00dfrussland k\u00f6nnte Atomschlag provozieren"},"content":{"rendered":"<p><img decoding=\"async\" src=\"https:\/\/now-news.de\/de\/wp-content\/uploads\/sites\/3\/2024\/10\/67029450b480cc6cfb182bf3.jpg\" \/><\/p>\n<div class=\"Text-root Text-type_1 \">\n                Dmitri Medwedew warnt, dass Kiews \u00dcberlegungen, den Krieg nach Wei\u00dfrussland zu verlagern, Minsk ermutigen k\u00f6nnten, taktische Atomwaffen von Russland anzufordern. Putin hatte zuvor die Stationierung solcher Waffen in Wei\u00dfrussland angek\u00fcndigt.\n            <\/div>\n<p><\/p>\n<div class=\"Text-root Text-type_5 ArticleView-text ViewText-root \">\n<p>Eine m\u00f6gliche Entscheidung Kiews, die Kampfhandlungen auf das Territorium Wei\u00dfrusslands zu verlagern, k\u00f6nnte Minsk dazu veranlassen, Moskau um den Einsatz taktischer Atomwaffen zu bitten. Russland w\u00fcrde es schwerfallen, der wei\u00dfrussischen F\u00fchrung eine Ablehnung auszusprechen. Dies <a rel=\"nofollow noopener\" target=\"_blank\" href=\"https:\/\/t.me\/medvedev_telegram\/532\">schrieb<\/a> Dmitri Medwedew, der stellvertretende Vorsitzende des russischen Sicherheitsrats, auf Telegram:\u00a0<\/p>\n<p><em>&#8220;Irgendein stinkender Kiewer Dunda hat vorgeschlagen, den Krieg nach Wei\u00dfrussland zu verlagern. Nun kann sich Alexander Grigorjewitsch v\u00f6llig gerechtfertigterweise an Russland wenden, um das in Wei\u00dfrussland stationierte taktische Atomwaffenarsenal zu nutzen. Und es wird schwerfallen, ihm das Vergn\u00fcgen zu verwehren, wenn er den Anblick der Lichter in Kiew genie\u00dfen m\u00f6chte.&#8221;<\/em><\/p>\n<p>Zuvor hatte Oleg Dunda, ein Abgeordneter der ukrainischen Partei &#8220;Diener des Volkes&#8221;, eine umstrittene Aussage gemacht, in der er forderte, die Kampfhandlungen auf das Territorium Wei\u00dfrusslands zu verlagern. Seine Aussage wurde in mehreren ukrainischen Medien verbreitet. <\/p>\n<p>Der wei\u00dfrussische Pr\u00e4sident Alexander Lukaschenko hatte vor einiger Zeit erkl\u00e4rt, dass die Wei\u00dfrussen nur Frieden brauchen und durchhalten m\u00fcssen, damit das Land nicht zum Schlachtfeld wird. Zudem betonte der Staatschef, dass ein potenzieller Angreifer im Falle eines \u00dcbergriffs auf wei\u00dfrussisches Territorium umgehend mit einer Antwort rechnen m\u00fcsse.<\/p>\n<p>Im M\u00e4rz hatte Wladimir Putin angek\u00fcndigt, dass Moskau und Minsk eine Einigung \u00fcber die Stationierung taktischer Atomwaffen in Wei\u00dfrussland erzielt haben. Der russische Pr\u00e4sident hob hervor, dass Russland keine internationalen Verpflichtungen verletzen und sich wie die USA verhalten werde, die ihr taktisches Atomwaffenarsenal seit Jahrzehnten in Europa stationieren. <\/p>\n<p>Im Juni gab\u00a0Putin bekannt, dass gem\u00e4\u00df den wei\u00dfrussisch-russischen Pl\u00e4nen die ersten nuklearen Sprengk\u00f6pfe auf das Territorium Wei\u00dfrusslands geliefert wurden und die Pl\u00e4ne bis Ende des Jahres vollst\u00e4ndig umgesetzt werden.\u00a0Das wei\u00dfrussisch-russische Abkommen \u00fcber Sicherheitsgarantien befindet sich in der finalen Abstimmungsphase und wird voraussichtlich im Dezember unterzeichnet. Dies berichtete Maxim Ryschenkow, der Au\u00dfenminister Wei\u00dfrusslands, im Interview mit <em>RIA Nowosti<\/em>.<\/p>\n<p><strong>Mehr zum Thema <\/strong>\u2013<strong>\u00a0\u00a0<\/strong><a rel=\"nofollow noopener\" target=\"_blank\" href=\"https:\/\/freedert.online\/meinung\/220652-gegen-dummheit-gibt-es-keine\/\">Gegen Dummheit gibt es keine Waffen \u2013 Westen h\u00e4lt Moskaus &#8220;Atomdrohungen&#8221; immer noch f\u00fcr einen Bluff<\/a><\/p>\n<\/div>\n<p><br \/>\n<br \/><a href=\"https:\/\/de.rt.com\/europa\/221608-medwedew-verlagerung-krieges-nach-weissrussland\/\">Source link <\/a><\/p>\n","protected":false},"excerpt":{"rendered":"<p>Dmitri Medwedew warnt, dass Kiews \u00dcberlegungen, den Krieg nach Wei\u00dfrussland zu verlagern, Minsk ermutigen k\u00f6nnten, taktische Atomwaffen von Russland anzufordern. Putin hatte zuvor die Stationierung solcher Waffen in Wei\u00dfrussland angek\u00fcndigt. Eine m\u00f6gliche Entscheidung Kiews, die Kampfhandlungen auf das Territorium Wei\u00dfrusslands zu verlagern, k\u00f6nnte Minsk dazu veranlassen, Moskau um den Einsatz taktischer Atomwaffen zu bitten. Russland [&hellip;]<\/p>\n","protected":false},"author":3,"featured_media":70347,"comment_status":"open","ping_status":"open","sticky":false,"template":"","format":"standard","meta":{"_yoast_indexnow_last_ping":["1728232309"],"wp_automatic_camp":["217"],"ff96d4aba7fe93629c092faf68d5af22":["Medwedew: Verlagerung des Krieges nach Wei\u00dfrussland k\u00f6nnte Atomschlag provozieren"],"original_link":["https:\/\/de.rt.com\/europa\/221608-medwedew-verlagerung-krieges-nach-weissrussland\/"],"_thumbnail_id":["70347"],"jnews_social_counter_last_update":["1777614066"],"_wptgpro_p2tg_sent2tg":["a:1:{i:23737;s:19:\"2024-10-06 18:32:44\";}"]},"categories":[19,23],"tags":[12263,583,970,584,20678,979,20154,21522,18575],"yoast_head":"<!-- This site is optimized with the Yoast SEO Premium plugin v22.7 (Yoast SEO v22.7) - https:\/\/yoast.com\/wordpress\/plugins\/seo\/ -->\n<title>Medwedew: Verlagerung des Krieges nach Wei\u00dfrussland k\u00f6nnte Atomschlag provozieren - just-now.NEWS Deutschland<\/title>\n<meta name=\"robots\" content=\"index, follow, max-snippet:-1, max-image-preview:large, max-video-preview:-1\" \/>\n<link rel=\"canonical\" href=\"https:\/\/now-news.de\/de\/deutschland\/medwedew-verlagerung-des-krieges-nach-weissrussland-koennte-atomschlag-provozieren\/\" \/>\n<meta property=\"og:locale\" content=\"de_DE\" \/>\n<meta property=\"og:type\" content=\"article\" \/>\n<meta property=\"og:title\" content=\"Medwedew: Verlagerung des Krieges nach Wei\u00dfrussland k\u00f6nnte Atomschlag provozieren\" \/>\n<meta property=\"og:description\" content=\"Dmitri Medwedew warnt, dass Kiews \u00dcberlegungen, den Krieg nach Wei\u00dfrussland zu verlagern, Minsk ermutigen k\u00f6nnten, taktische Atomwaffen von Russland anzufordern. Putin hatte zuvor die Stationierung solcher Waffen in Wei\u00dfrussland angek\u00fcndigt. Eine m\u00f6gliche Entscheidung Kiews, die Kampfhandlungen auf das Territorium Wei\u00dfrusslands zu verlagern, k\u00f6nnte Minsk dazu veranlassen, Moskau um den Einsatz taktischer Atomwaffen zu bitten. Russland [&hellip;]\" \/>\n<meta property=\"og:url\" content=\"https:\/\/now-news.de\/de\/deutschland\/medwedew-verlagerung-des-krieges-nach-weissrussland-koennte-atomschlag-provozieren\/\" \/>\n<meta property=\"og:site_name\" content=\"just-now.NEWS Deutschland\" \/>\n<meta property=\"article:publisher\" content=\"https:\/\/www.facebook.com\/wirmachenauf\" \/>\n<meta property=\"article:published_time\" content=\"2024-10-06T16:22:41+00:00\" \/>\n<meta property=\"og:image\" content=\"https:\/\/now-news.de\/de\/wp-content\/uploads\/sites\/3\/2024\/10\/67029450b480cc6cfb182bf3.jpg\" \/>\n<meta name=\"author\" content=\"rtnews\" \/>\n<meta name=\"twitter:card\" content=\"summary_large_image\" \/>\n<meta name=\"twitter:creator\" content=\"@WirMachenAuf_de\" \/>\n<meta name=\"twitter:site\" content=\"@WirMachenAuf_de\" \/>\n<meta name=\"twitter:label1\" content=\"Verfasst von\" \/>\n\t<meta name=\"twitter:data1\" content=\"rtnews\" \/>\n\t<meta name=\"twitter:label2\" content=\"Gesch\u00e4tzte Lesezeit\" \/>\n\t<meta name=\"twitter:data2\" content=\"2\u00a0Minuten\" \/>\n<script type=\"application\/ld+json\" class=\"yoast-schema-graph\">{\"@context\":\"https:\/\/schema.org\",\"@graph\":[{\"@type\":\"Article\",\"@id\":\"https:\/\/now-news.de\/de\/deutschland\/medwedew-verlagerung-des-krieges-nach-weissrussland-koennte-atomschlag-provozieren\/#article\",\"isPartOf\":{\"@id\":\"https:\/\/now-news.de\/de\/deutschland\/medwedew-verlagerung-des-krieges-nach-weissrussland-koennte-atomschlag-provozieren\/\"},\"author\":{\"name\":\"rtnews\",\"@id\":\"https:\/\/now-news.de\/de\/#\/schema\/person\/fb534a4e865501d8b3285208df34a9b5\"},\"headline\":\"Medwedew: Verlagerung des Krieges nach Wei\u00dfrussland k\u00f6nnte Atomschlag provozieren\",\"datePublished\":\"2024-10-06T16:22:41+00:00\",\"dateModified\":\"2024-10-06T16:22:41+00:00\",\"mainEntityOfPage\":{\"@id\":\"https:\/\/now-news.de\/de\/deutschland\/medwedew-verlagerung-des-krieges-nach-weissrussland-koennte-atomschlag-provozieren\/\"},\"wordCount\":387,\"commentCount\":0,\"publisher\":{\"@id\":\"https:\/\/now-news.de\/de\/#organization\"},\"image\":{\"@id\":\"https:\/\/now-news.de\/de\/deutschland\/medwedew-verlagerung-des-krieges-nach-weissrussland-koennte-atomschlag-provozieren\/#primaryimage\"},\"thumbnailUrl\":\"https:\/\/now-news.de\/de\/wp-content\/uploads\/sites\/3\/2024\/10\/Medwedew-Verlagerung-des-Krieges-nach-Weissrussland-koennte-Atomschlag-provozieren.jpg\",\"keywords\":[\"Atomschlag\",\"des\",\"K\u00f6nnte\",\"Krieges\",\"Medwedew\",\"nach\",\"provozieren\",\"Verlagerung\",\"Wei\u00dfrussland\"],\"articleSection\":[\"Deutschland\",\"Russland\"],\"inLanguage\":\"de\",\"potentialAction\":[{\"@type\":\"CommentAction\",\"name\":\"Comment\",\"target\":[\"https:\/\/now-news.de\/de\/deutschland\/medwedew-verlagerung-des-krieges-nach-weissrussland-koennte-atomschlag-provozieren\/#respond\"]}]},{\"@type\":\"WebPage\",\"@id\":\"https:\/\/now-news.de\/de\/deutschland\/medwedew-verlagerung-des-krieges-nach-weissrussland-koennte-atomschlag-provozieren\/\",\"url\":\"https:\/\/now-news.de\/de\/deutschland\/medwedew-verlagerung-des-krieges-nach-weissrussland-koennte-atomschlag-provozieren\/\",\"name\":\"Medwedew: Verlagerung des Krieges nach Wei\u00dfrussland k\u00f6nnte Atomschlag provozieren - just-now.NEWS Deutschland\",\"isPartOf\":{\"@id\":\"https:\/\/now-news.de\/de\/#website\"},\"primaryImageOfPage\":{\"@id\":\"https:\/\/now-news.de\/de\/deutschland\/medwedew-verlagerung-des-krieges-nach-weissrussland-koennte-atomschlag-provozieren\/#primaryimage\"},\"image\":{\"@id\":\"https:\/\/now-news.de\/de\/deutschland\/medwedew-verlagerung-des-krieges-nach-weissrussland-koennte-atomschlag-provozieren\/#primaryimage\"},\"thumbnailUrl\":\"https:\/\/now-news.de\/de\/wp-content\/uploads\/sites\/3\/2024\/10\/Medwedew-Verlagerung-des-Krieges-nach-Weissrussland-koennte-Atomschlag-provozieren.jpg\",\"datePublished\":\"2024-10-06T16:22:41+00:00\",\"dateModified\":\"2024-10-06T16:22:41+00:00\",\"breadcrumb\":{\"@id\":\"https:\/\/now-news.de\/de\/deutschland\/medwedew-verlagerung-des-krieges-nach-weissrussland-koennte-atomschlag-provozieren\/#breadcrumb\"},\"inLanguage\":\"de\",\"potentialAction\":[{\"@type\":\"ReadAction\",\"target\":[\"https:\/\/now-news.de\/de\/deutschland\/medwedew-verlagerung-des-krieges-nach-weissrussland-koennte-atomschlag-provozieren\/\"]}]},{\"@type\":\"ImageObject\",\"inLanguage\":\"de\",\"@id\":\"https:\/\/now-news.de\/de\/deutschland\/medwedew-verlagerung-des-krieges-nach-weissrussland-koennte-atomschlag-provozieren\/#primaryimage\",\"url\":\"https:\/\/now-news.de\/de\/wp-content\/uploads\/sites\/3\/2024\/10\/Medwedew-Verlagerung-des-Krieges-nach-Weissrussland-koennte-Atomschlag-provozieren.jpg\",\"contentUrl\":\"https:\/\/now-news.de\/de\/wp-content\/uploads\/sites\/3\/2024\/10\/Medwedew-Verlagerung-des-Krieges-nach-Weissrussland-koennte-Atomschlag-provozieren.jpg\",\"width\":460,\"height\":259,\"caption\":\"Medwedew: Verlagerung des Krieges nach Wei\u00dfrussland k\u00f6nnte Atomschlag provozieren\"},{\"@type\":\"BreadcrumbList\",\"@id\":\"https:\/\/now-news.de\/de\/deutschland\/medwedew-verlagerung-des-krieges-nach-weissrussland-koennte-atomschlag-provozieren\/#breadcrumb\",\"itemListElement\":[{\"@type\":\"ListItem\",\"position\":1,\"name\":\"Home\",\"item\":\"https:\/\/now-news.de\/de\/\"},{\"@type\":\"ListItem\",\"position\":2,\"name\":\"Medwedew: Verlagerung des Krieges nach Wei\u00dfrussland k\u00f6nnte Atomschlag provozieren\"}]},{\"@type\":\"WebSite\",\"@id\":\"https:\/\/now-news.de\/de\/#website\",\"url\":\"https:\/\/now-news.de\/de\/\",\"name\":\"just-now.NEWS Deutschland\",\"description\":\"Das Portal f\u00fcr unzensierte Nachrichten aus der Welt\",\"publisher\":{\"@id\":\"https:\/\/now-news.de\/de\/#organization\"},\"potentialAction\":[{\"@type\":\"SearchAction\",\"target\":{\"@type\":\"EntryPoint\",\"urlTemplate\":\"https:\/\/now-news.de\/de\/?s={search_term_string}\"},\"query-input\":\"required name=search_term_string\"}],\"inLanguage\":\"de\"},{\"@type\":\"Organization\",\"@id\":\"https:\/\/now-news.de\/de\/#organization\",\"name\":\"Just Now News\",\"url\":\"https:\/\/now-news.de\/de\/\",\"logo\":{\"@type\":\"ImageObject\",\"inLanguage\":\"de\",\"@id\":\"https:\/\/now-news.de\/de\/#\/schema\/logo\/image\/\",\"url\":\"http:\/\/just-now.news\/de\/wp-content\/uploads\/sites\/3\/2022\/04\/logo500x500.jpg\",\"contentUrl\":\"http:\/\/just-now.news\/de\/wp-content\/uploads\/sites\/3\/2022\/04\/logo500x500.jpg\",\"width\":500,\"height\":500,\"caption\":\"Just Now News\"},\"image\":{\"@id\":\"https:\/\/now-news.de\/de\/#\/schema\/logo\/image\/\"},\"sameAs\":[\"https:\/\/www.facebook.com\/wirmachenauf\",\"https:\/\/x.com\/WirMachenAuf_de\"]},{\"@type\":\"Person\",\"@id\":\"https:\/\/now-news.de\/de\/#\/schema\/person\/fb534a4e865501d8b3285208df34a9b5\",\"name\":\"rtnews\",\"image\":{\"@type\":\"ImageObject\",\"inLanguage\":\"de\",\"@id\":\"https:\/\/now-news.de\/de\/#\/schema\/person\/image\/\",\"url\":\"https:\/\/secure.gravatar.com\/avatar\/82aafea7d8127119dd649515f56e2117?s=96&d=mm&r=g\",\"contentUrl\":\"https:\/\/secure.gravatar.com\/avatar\/82aafea7d8127119dd649515f56e2117?s=96&d=mm&r=g\",\"caption\":\"rtnews\"},\"url\":\"https:\/\/now-news.de\/de\/author\/rnews\/\"}]}<\/script>\n<!-- \/ Yoast SEO Premium plugin. -->","yoast_head_json":{"title":"Medwedew: Verlagerung des Krieges nach Wei\u00dfrussland k\u00f6nnte Atomschlag provozieren - just-now.NEWS Deutschland","robots":{"index":"index","follow":"follow","max-snippet":"max-snippet:-1","max-image-preview":"max-image-preview:large","max-video-preview":"max-video-preview:-1"},"canonical":"https:\/\/now-news.de\/de\/deutschland\/medwedew-verlagerung-des-krieges-nach-weissrussland-koennte-atomschlag-provozieren\/","og_locale":"de_DE","og_type":"article","og_title":"Medwedew: Verlagerung des Krieges nach Wei\u00dfrussland k\u00f6nnte Atomschlag provozieren","og_description":"Dmitri Medwedew warnt, dass Kiews \u00dcberlegungen, den Krieg nach Wei\u00dfrussland zu verlagern, Minsk ermutigen k\u00f6nnten, taktische Atomwaffen von Russland anzufordern. Putin hatte zuvor die Stationierung solcher Waffen in Wei\u00dfrussland angek\u00fcndigt. Eine m\u00f6gliche Entscheidung Kiews, die Kampfhandlungen auf das Territorium Wei\u00dfrusslands zu verlagern, k\u00f6nnte Minsk dazu veranlassen, Moskau um den Einsatz taktischer Atomwaffen zu bitten. Russland [&hellip;]","og_url":"https:\/\/now-news.de\/de\/deutschland\/medwedew-verlagerung-des-krieges-nach-weissrussland-koennte-atomschlag-provozieren\/","og_site_name":"just-now.NEWS Deutschland","article_publisher":"https:\/\/www.facebook.com\/wirmachenauf","article_published_time":"2024-10-06T16:22:41+00:00","og_image":[{"url":"https:\/\/now-news.de\/de\/wp-content\/uploads\/sites\/3\/2024\/10\/67029450b480cc6cfb182bf3.jpg"}],"author":"rtnews","twitter_card":"summary_large_image","twitter_creator":"@WirMachenAuf_de","twitter_site":"@WirMachenAuf_de","twitter_misc":{"Verfasst von":"rtnews","Gesch\u00e4tzte Lesezeit":"2\u00a0Minuten"},"schema":{"@context":"https:\/\/schema.org","@graph":[{"@type":"Article","@id":"https:\/\/now-news.de\/de\/deutschland\/medwedew-verlagerung-des-krieges-nach-weissrussland-koennte-atomschlag-provozieren\/#article","isPartOf":{"@id":"https:\/\/now-news.de\/de\/deutschland\/medwedew-verlagerung-des-krieges-nach-weissrussland-koennte-atomschlag-provozieren\/"},"author":{"name":"rtnews","@id":"https:\/\/now-news.de\/de\/#\/schema\/person\/fb534a4e865501d8b3285208df34a9b5"},"headline":"Medwedew: Verlagerung des Krieges nach Wei\u00dfrussland k\u00f6nnte Atomschlag provozieren","datePublished":"2024-10-06T16:22:41+00:00","dateModified":"2024-10-06T16:22:41+00:00","mainEntityOfPage":{"@id":"https:\/\/now-news.de\/de\/deutschland\/medwedew-verlagerung-des-krieges-nach-weissrussland-koennte-atomschlag-provozieren\/"},"wordCount":387,"commentCount":0,"publisher":{"@id":"https:\/\/now-news.de\/de\/#organization"},"image":{"@id":"https:\/\/now-news.de\/de\/deutschland\/medwedew-verlagerung-des-krieges-nach-weissrussland-koennte-atomschlag-provozieren\/#primaryimage"},"thumbnailUrl":"https:\/\/now-news.de\/de\/wp-content\/uploads\/sites\/3\/2024\/10\/Medwedew-Verlagerung-des-Krieges-nach-Weissrussland-koennte-Atomschlag-provozieren.jpg","keywords":["Atomschlag","des","K\u00f6nnte","Krieges","Medwedew","nach","provozieren","Verlagerung","Wei\u00dfrussland"],"articleSection":["Deutschland","Russland"],"inLanguage":"de","potentialAction":[{"@type":"CommentAction","name":"Comment","target":["https:\/\/now-news.de\/de\/deutschland\/medwedew-verlagerung-des-krieges-nach-weissrussland-koennte-atomschlag-provozieren\/#respond"]}]},{"@type":"WebPage","@id":"https:\/\/now-news.de\/de\/deutschland\/medwedew-verlagerung-des-krieges-nach-weissrussland-koennte-atomschlag-provozieren\/","url":"https:\/\/now-news.de\/de\/deutschland\/medwedew-verlagerung-des-krieges-nach-weissrussland-koennte-atomschlag-provozieren\/","name":"Medwedew: Verlagerung des Krieges nach Wei\u00dfrussland k\u00f6nnte Atomschlag provozieren - just-now.NEWS Deutschland","isPartOf":{"@id":"https:\/\/now-news.de\/de\/#website"},"primaryImageOfPage":{"@id":"https:\/\/now-news.de\/de\/deutschland\/medwedew-verlagerung-des-krieges-nach-weissrussland-koennte-atomschlag-provozieren\/#primaryimage"},"image":{"@id":"https:\/\/now-news.de\/de\/deutschland\/medwedew-verlagerung-des-krieges-nach-weissrussland-koennte-atomschlag-provozieren\/#primaryimage"},"thumbnailUrl":"https:\/\/now-news.de\/de\/wp-content\/uploads\/sites\/3\/2024\/10\/Medwedew-Verlagerung-des-Krieges-nach-Weissrussland-koennte-Atomschlag-provozieren.jpg","datePublished":"2024-10-06T16:22:41+00:00","dateModified":"2024-10-06T16:22:41+00:00","breadcrumb":{"@id":"https:\/\/now-news.de\/de\/deutschland\/medwedew-verlagerung-des-krieges-nach-weissrussland-koennte-atomschlag-provozieren\/#breadcrumb"},"inLanguage":"de","potentialAction":[{"@type":"ReadAction","target":["https:\/\/now-news.de\/de\/deutschland\/medwedew-verlagerung-des-krieges-nach-weissrussland-koennte-atomschlag-provozieren\/"]}]},{"@type":"ImageObject","inLanguage":"de","@id":"https:\/\/now-news.de\/de\/deutschland\/medwedew-verlagerung-des-krieges-nach-weissrussland-koennte-atomschlag-provozieren\/#primaryimage","url":"https:\/\/now-news.de\/de\/wp-content\/uploads\/sites\/3\/2024\/10\/Medwedew-Verlagerung-des-Krieges-nach-Weissrussland-koennte-Atomschlag-provozieren.jpg","contentUrl":"https:\/\/now-news.de\/de\/wp-content\/uploads\/sites\/3\/2024\/10\/Medwedew-Verlagerung-des-Krieges-nach-Weissrussland-koennte-Atomschlag-provozieren.jpg","width":460,"height":259,"caption":"Medwedew: Verlagerung des Krieges nach Wei\u00dfrussland k\u00f6nnte Atomschlag provozieren"},{"@type":"BreadcrumbList","@id":"https:\/\/now-news.de\/de\/deutschland\/medwedew-verlagerung-des-krieges-nach-weissrussland-koennte-atomschlag-provozieren\/#breadcrumb","itemListElement":[{"@type":"ListItem","position":1,"name":"Home","item":"https:\/\/now-news.de\/de\/"},{"@type":"ListItem","position":2,"name":"Medwedew: Verlagerung des Krieges nach Wei\u00dfrussland k\u00f6nnte Atomschlag provozieren"}]},{"@type":"WebSite","@id":"https:\/\/now-news.de\/de\/#website","url":"https:\/\/now-news.de\/de\/","name":"just-now.NEWS Deutschland","description":"Das Portal f\u00fcr unzensierte Nachrichten aus der Welt","publisher":{"@id":"https:\/\/now-news.de\/de\/#organization"},"potentialAction":[{"@type":"SearchAction","target":{"@type":"EntryPoint","urlTemplate":"https:\/\/now-news.de\/de\/?s={search_term_string}"},"query-input":"required name=search_term_string"}],"inLanguage":"de"},{"@type":"Organization","@id":"https:\/\/now-news.de\/de\/#organization","name":"Just Now News","url":"https:\/\/now-news.de\/de\/","logo":{"@type":"ImageObject","inLanguage":"de","@id":"https:\/\/now-news.de\/de\/#\/schema\/logo\/image\/","url":"http:\/\/just-now.news\/de\/wp-content\/uploads\/sites\/3\/2022\/04\/logo500x500.jpg","contentUrl":"http:\/\/just-now.news\/de\/wp-content\/uploads\/sites\/3\/2022\/04\/logo500x500.jpg","width":500,"height":500,"caption":"Just Now News"},"image":{"@id":"https:\/\/now-news.de\/de\/#\/schema\/logo\/image\/"},"sameAs":["https:\/\/www.facebook.com\/wirmachenauf","https:\/\/x.com\/WirMachenAuf_de"]},{"@type":"Person","@id":"https:\/\/now-news.de\/de\/#\/schema\/person\/fb534a4e865501d8b3285208df34a9b5","name":"rtnews","image":{"@type":"ImageObject","inLanguage":"de","@id":"https:\/\/now-news.de\/de\/#\/schema\/person\/image\/","url":"https:\/\/secure.gravatar.com\/avatar\/82aafea7d8127119dd649515f56e2117?s=96&d=mm&r=g","contentUrl":"https:\/\/secure.gravatar.com\/avatar\/82aafea7d8127119dd649515f56e2117?s=96&d=mm&r=g","caption":"rtnews"},"url":"https:\/\/now-news.de\/de\/author\/rnews\/"}]}},"_links":{"self":[{"href":"https:\/\/now-news.de\/de\/wp-json\/wp\/v2\/posts\/70346"}],"collection":[{"href":"https:\/\/now-news.de\/de\/wp-json\/wp\/v2\/posts"}],"about":[{"href":"https:\/\/now-news.de\/de\/wp-json\/wp\/v2\/types\/post"}],"author":[{"embeddable":true,"href":"https:\/\/now-news.de\/de\/wp-json\/wp\/v2\/users\/3"}],"replies":[{"embeddable":true,"href":"https:\/\/now-news.de\/de\/wp-json\/wp\/v2\/comments?post=70346"}],"version-history":[{"count":0,"href":"https:\/\/now-news.de\/de\/wp-json\/wp\/v2\/posts\/70346\/revisions"}],"wp:featuredmedia":[{"embeddable":true,"href":"https:\/\/now-news.de\/de\/wp-json\/wp\/v2\/media\/70347"}],"wp:attachment":[{"href":"https:\/\/now-news.de\/de\/wp-json\/wp\/v2\/media?parent=70346"}],"wp:term":[{"taxonomy":"category","embeddable":true,"href":"https:\/\/now-news.de\/de\/wp-json\/wp\/v2\/categories?post=70346"},{"taxonomy":"post_tag","embeddable":true,"href":"https:\/\/now-news.de\/de\/wp-json\/wp\/v2\/tags?post=70346"}],"curies":[{"name":"wp","href":"https:\/\/api.w.org\/{rel}","templated":true}]}}