{"id":70310,"date":"2024-10-05T15:21:23","date_gmt":"2024-10-05T13:21:23","guid":{"rendered":"https:\/\/now-news.de\/de\/deutschland\/welt-nato-will-zusaetzlich-49-kampfbereite-brigaden-aufstellen\/"},"modified":"2024-10-05T15:21:23","modified_gmt":"2024-10-05T13:21:23","slug":"welt-nato-will-zusaetzlich-49-kampfbereite-brigaden-aufstellen","status":"publish","type":"post","link":"https:\/\/now-news.de\/de\/deutschland\/welt-nato-will-zusaetzlich-49-kampfbereite-brigaden-aufstellen\/","title":{"rendered":"&quot;Welt&quot;: NATO will zus\u00e4tzlich 49 kampfbereite Brigaden aufstellen"},"content":{"rendered":"<p><img decoding=\"async\" src=\"https:\/\/now-news.de\/de\/wp-content\/uploads\/sites\/3\/2024\/10\/6701322e48fbef4792682110.jpg\" \/><\/p>\n<div class=\"Text-root Text-type_1 \">\n                Die NATO dreht weiter am Rad der Aufr\u00fcstung und Eskalation in Europa. Die &#8220;Welt&#8221; berichtet am Samstag vorab, dass die Zahl der kampfbereiten Brigaden des westlichen B\u00fcndnisses um 49 erh\u00f6ht werden soll. Das entspricht einer Ausweitung um mehr als 50 Prozent.\n            <\/div>\n<p><\/p>\n<div class=\"Text-root Text-type_5 ArticleView-text ViewText-root \">\n<p>Die NATO will 49 zus\u00e4tzliche kampff\u00e4hige Brigaden aufstellen und damit ihre Zahl auf 131 erh\u00f6hen, berichtet das Springerblatt\u00a0<em>Welt am Sonntag (WamS)<\/em> unter Berufung auf die von US-General Christopher Cavoli und dem franz\u00f6sischen Admiral\u00a0Pierre Vandier vorgelegten sogenannten Minimum Capability Requirements (MCR).<\/p>\n<p><em>&#8220;W\u00e4hrend im Jahr 2021 82 kampfbereite Brigaden als ausreichend angesehen wurden, soll diese Zahl in Zukunft auf 131 erh\u00f6ht werden. Das bedeutet die Schaffung von zus\u00e4tzlich 49 Gro\u00dfverb\u00e4nden, die in der Bundeswehr jeweils rund f\u00fcnftausend Soldaten umfassen&#8221;, hei\u00dft es in der Publikation.<\/em><\/p>\n<p>Es wird darauf hingewiesen, dass zur Verwaltung und Unterst\u00fctzung dieser Truppen die Zahl der Kampfkorps von sechs auf f\u00fcnfzehn und die der Divisionshauptquartiere von 24 auf 38 erh\u00f6ht werden sollte. Dar\u00fcber hinaus plant das B\u00fcndnis, die Zahl der Luftverteidigungseinheiten um das F\u00fcnffache zu erh\u00f6hen \u2013 von 293 auf 1.467.<\/p>\n<p>Die Notwendigkeit, die milit\u00e4rische Macht der NATO auszubauen, wird mit der Bedrohung begr\u00fcndet, die angeblich von Russland ausgeht, hei\u00dft es im Bericht der <em>WamS<\/em>.<\/p>\n<p>In letzter Zeit werden im Westen immer h\u00e4ufiger Ideen \u00fcber einen direkten bewaffneten Konflikt zwischen dem B\u00fcndnis und Russland ge\u00e4u\u00dfert. Der Kreml hingegen stellte wiederholt fest, dass Moskau niemanden bedroht, aber keine Handlungen ignorieren wird, die seine Sicherheitsinteressen gef\u00e4hrden k\u00f6nnten.<\/p>\n<p>Dar\u00fcber hinaus hat Russland in den letzten Jahren beispiellose NATO-Aktivit\u00e4ten in der N\u00e4he seiner westlichen Grenzen festgestellt. Das B\u00fcndnis weitet seine Initiativen aus und bezeichnet sie als &#8220;Abschreckung Russlands&#8221;.<\/p>\n<p>Moskau hat wiederholt seine Besorgnis \u00fcber die Aufstockung der Streitkr\u00e4fte des B\u00fcndnisses in Europa zum Ausdruck gebracht. Das Au\u00dfenministerium hat erkl\u00e4rt, dass Russland weiterhin f\u00fcr einen Dialog mit der NATO offen ist, allerdings auf gleicher Augenh\u00f6he, w\u00e4hrend der Westen seine Politik der Militarisierung des Kontinents aufgeben sollte.<\/p>\n<p><strong>Mehr zum Thema<\/strong> \u2013 <a rel=\"nofollow noopener\" target=\"_blank\" href=\"https:\/\/freedert.online\/europa\/220467-daily-mail-zu-kriegsvorbereitungen-nato\/\">&#8220;Daily Mail&#8221; zu Kriegsvorbereitungen: NATO bereitet sich auf &#8220;gigantische&#8221; Verletztenzahlen vor<\/a><\/p>\n<div class=\"EmbedBlock-root EmbedBlock-externalVideo EmbedBlock-rumble\">\n<div class=\"VkEmbed\"><iframe class=\"lazyload\" data-src=\"https:\/\/rumble.com\/embed\/v5evskl\" frameborder=\"0\" width=\"853\" height=\"480\" allowfullscreen><\/iframe><\/div>\n<\/div>\n<\/div>\n<p><br \/>\n<br \/><a href=\"https:\/\/de.rt.com\/international\/221520-nato-will-zusaetzlich-49-kampfbereite-brigaden-aufstellen\/\">Source link <\/a><\/p>\n","protected":false},"excerpt":{"rendered":"<p>Die NATO dreht weiter am Rad der Aufr\u00fcstung und Eskalation in Europa. Die &#8220;Welt&#8221; berichtet am Samstag vorab, dass die Zahl der kampfbereiten Brigaden des westlichen B\u00fcndnisses um 49 erh\u00f6ht werden soll. Das entspricht einer Ausweitung um mehr als 50 Prozent. Die NATO will 49 zus\u00e4tzliche kampff\u00e4hige Brigaden aufstellen und damit ihre Zahl auf 131 [&hellip;]<\/p>\n","protected":false},"author":3,"featured_media":70311,"comment_status":"open","ping_status":"open","sticky":false,"template":"","format":"standard","meta":{"_yoast_indexnow_last_ping":["1728135044"],"wp_automatic_camp":["217"],"ca67851c2666af5c0228b38c794834fd":["&quot;Welt&quot;: NATO will zus\u00e4tzlich 49 kampfbereite Brigaden aufstellen"],"original_link":["https:\/\/de.rt.com\/international\/221520-nato-will-zusaetzlich-49-kampfbereite-brigaden-aufstellen\/"],"_thumbnail_id":["70311"],"jnews_social_counter_last_update":["1777174771"],"_wptgpro_p2tg_sent2tg":["a:1:{i:23737;s:19:\"2024-10-05 15:31:45\";}"]},"categories":[19,23],"tags":[47660,51279,59198,2697,25617,10648],"yoast_head":"<!-- This site is optimized with the Yoast SEO Premium plugin v22.7 (Yoast SEO v22.7) - https:\/\/yoast.com\/wordpress\/plugins\/seo\/ -->\n<title>&quot;Welt&quot;: NATO will zus\u00e4tzlich 49 kampfbereite Brigaden aufstellen - just-now.NEWS Deutschland<\/title>\n<meta name=\"robots\" content=\"index, follow, max-snippet:-1, max-image-preview:large, max-video-preview:-1\" \/>\n<link rel=\"canonical\" href=\"https:\/\/now-news.de\/de\/deutschland\/welt-nato-will-zusaetzlich-49-kampfbereite-brigaden-aufstellen\/\" \/>\n<meta property=\"og:locale\" content=\"de_DE\" \/>\n<meta property=\"og:type\" content=\"article\" \/>\n<meta property=\"og:title\" content=\"&quot;Welt&quot;: NATO will zus\u00e4tzlich 49 kampfbereite Brigaden aufstellen\" \/>\n<meta property=\"og:description\" content=\"Die NATO dreht weiter am Rad der Aufr\u00fcstung und Eskalation in Europa. Die &#8220;Welt&#8221; berichtet am Samstag vorab, dass die Zahl der kampfbereiten Brigaden des westlichen B\u00fcndnisses um 49 erh\u00f6ht werden soll. Das entspricht einer Ausweitung um mehr als 50 Prozent. Die NATO will 49 zus\u00e4tzliche kampff\u00e4hige Brigaden aufstellen und damit ihre Zahl auf 131 [&hellip;]\" \/>\n<meta property=\"og:url\" content=\"https:\/\/now-news.de\/de\/deutschland\/welt-nato-will-zusaetzlich-49-kampfbereite-brigaden-aufstellen\/\" \/>\n<meta property=\"og:site_name\" content=\"just-now.NEWS Deutschland\" \/>\n<meta property=\"article:publisher\" content=\"https:\/\/www.facebook.com\/wirmachenauf\" \/>\n<meta property=\"article:published_time\" content=\"2024-10-05T13:21:23+00:00\" \/>\n<meta property=\"og:image\" content=\"https:\/\/now-news.de\/de\/wp-content\/uploads\/sites\/3\/2024\/10\/6701322e48fbef4792682110.jpg\" \/>\n<meta name=\"author\" content=\"rtnews\" \/>\n<meta name=\"twitter:card\" content=\"summary_large_image\" \/>\n<meta name=\"twitter:creator\" content=\"@WirMachenAuf_de\" \/>\n<meta name=\"twitter:site\" content=\"@WirMachenAuf_de\" \/>\n<meta name=\"twitter:label1\" content=\"Verfasst von\" \/>\n\t<meta name=\"twitter:data1\" content=\"rtnews\" \/>\n\t<meta name=\"twitter:label2\" content=\"Gesch\u00e4tzte Lesezeit\" \/>\n\t<meta name=\"twitter:data2\" content=\"2\u00a0Minuten\" \/>\n<script type=\"application\/ld+json\" class=\"yoast-schema-graph\">{\"@context\":\"https:\/\/schema.org\",\"@graph\":[{\"@type\":\"Article\",\"@id\":\"https:\/\/now-news.de\/de\/deutschland\/welt-nato-will-zusaetzlich-49-kampfbereite-brigaden-aufstellen\/#article\",\"isPartOf\":{\"@id\":\"https:\/\/now-news.de\/de\/deutschland\/welt-nato-will-zusaetzlich-49-kampfbereite-brigaden-aufstellen\/\"},\"author\":{\"name\":\"rtnews\",\"@id\":\"https:\/\/now-news.de\/de\/#\/schema\/person\/fb534a4e865501d8b3285208df34a9b5\"},\"headline\":\"&quot;Welt&quot;: NATO will zus\u00e4tzlich 49 kampfbereite Brigaden aufstellen\",\"datePublished\":\"2024-10-05T13:21:23+00:00\",\"dateModified\":\"2024-10-05T13:21:23+00:00\",\"mainEntityOfPage\":{\"@id\":\"https:\/\/now-news.de\/de\/deutschland\/welt-nato-will-zusaetzlich-49-kampfbereite-brigaden-aufstellen\/\"},\"wordCount\":369,\"commentCount\":0,\"publisher\":{\"@id\":\"https:\/\/now-news.de\/de\/#organization\"},\"image\":{\"@id\":\"https:\/\/now-news.de\/de\/deutschland\/welt-nato-will-zusaetzlich-49-kampfbereite-brigaden-aufstellen\/#primaryimage\"},\"thumbnailUrl\":\"https:\/\/now-news.de\/de\/wp-content\/uploads\/sites\/3\/2024\/10\/quotWeltquot-NATO-will-zusaetzlich-49-kampfbereite-Brigaden-aufstellen.jpg\",\"keywords\":[\"aufstellen\",\"Brigaden\",\"kampfbereite\",\"nato\",\"quotWeltquot\",\"zus\u00e4tzlich\"],\"articleSection\":[\"Deutschland\",\"Russland\"],\"inLanguage\":\"de\",\"potentialAction\":[{\"@type\":\"CommentAction\",\"name\":\"Comment\",\"target\":[\"https:\/\/now-news.de\/de\/deutschland\/welt-nato-will-zusaetzlich-49-kampfbereite-brigaden-aufstellen\/#respond\"]}]},{\"@type\":\"WebPage\",\"@id\":\"https:\/\/now-news.de\/de\/deutschland\/welt-nato-will-zusaetzlich-49-kampfbereite-brigaden-aufstellen\/\",\"url\":\"https:\/\/now-news.de\/de\/deutschland\/welt-nato-will-zusaetzlich-49-kampfbereite-brigaden-aufstellen\/\",\"name\":\"&quot;Welt&quot;: NATO will zus\u00e4tzlich 49 kampfbereite Brigaden aufstellen - just-now.NEWS Deutschland\",\"isPartOf\":{\"@id\":\"https:\/\/now-news.de\/de\/#website\"},\"primaryImageOfPage\":{\"@id\":\"https:\/\/now-news.de\/de\/deutschland\/welt-nato-will-zusaetzlich-49-kampfbereite-brigaden-aufstellen\/#primaryimage\"},\"image\":{\"@id\":\"https:\/\/now-news.de\/de\/deutschland\/welt-nato-will-zusaetzlich-49-kampfbereite-brigaden-aufstellen\/#primaryimage\"},\"thumbnailUrl\":\"https:\/\/now-news.de\/de\/wp-content\/uploads\/sites\/3\/2024\/10\/quotWeltquot-NATO-will-zusaetzlich-49-kampfbereite-Brigaden-aufstellen.jpg\",\"datePublished\":\"2024-10-05T13:21:23+00:00\",\"dateModified\":\"2024-10-05T13:21:23+00:00\",\"breadcrumb\":{\"@id\":\"https:\/\/now-news.de\/de\/deutschland\/welt-nato-will-zusaetzlich-49-kampfbereite-brigaden-aufstellen\/#breadcrumb\"},\"inLanguage\":\"de\",\"potentialAction\":[{\"@type\":\"ReadAction\",\"target\":[\"https:\/\/now-news.de\/de\/deutschland\/welt-nato-will-zusaetzlich-49-kampfbereite-brigaden-aufstellen\/\"]}]},{\"@type\":\"ImageObject\",\"inLanguage\":\"de\",\"@id\":\"https:\/\/now-news.de\/de\/deutschland\/welt-nato-will-zusaetzlich-49-kampfbereite-brigaden-aufstellen\/#primaryimage\",\"url\":\"https:\/\/now-news.de\/de\/wp-content\/uploads\/sites\/3\/2024\/10\/quotWeltquot-NATO-will-zusaetzlich-49-kampfbereite-Brigaden-aufstellen.jpg\",\"contentUrl\":\"https:\/\/now-news.de\/de\/wp-content\/uploads\/sites\/3\/2024\/10\/quotWeltquot-NATO-will-zusaetzlich-49-kampfbereite-Brigaden-aufstellen.jpg\",\"width\":460,\"height\":259,\"caption\":\"&quot;Welt&quot;: NATO will zus\u00e4tzlich 49 kampfbereite Brigaden aufstellen\"},{\"@type\":\"BreadcrumbList\",\"@id\":\"https:\/\/now-news.de\/de\/deutschland\/welt-nato-will-zusaetzlich-49-kampfbereite-brigaden-aufstellen\/#breadcrumb\",\"itemListElement\":[{\"@type\":\"ListItem\",\"position\":1,\"name\":\"Home\",\"item\":\"https:\/\/now-news.de\/de\/\"},{\"@type\":\"ListItem\",\"position\":2,\"name\":\"&quot;Welt&quot;: NATO will zus\u00e4tzlich 49 kampfbereite Brigaden aufstellen\"}]},{\"@type\":\"WebSite\",\"@id\":\"https:\/\/now-news.de\/de\/#website\",\"url\":\"https:\/\/now-news.de\/de\/\",\"name\":\"just-now.NEWS Deutschland\",\"description\":\"Das Portal f\u00fcr unzensierte Nachrichten aus der Welt\",\"publisher\":{\"@id\":\"https:\/\/now-news.de\/de\/#organization\"},\"potentialAction\":[{\"@type\":\"SearchAction\",\"target\":{\"@type\":\"EntryPoint\",\"urlTemplate\":\"https:\/\/now-news.de\/de\/?s={search_term_string}\"},\"query-input\":\"required name=search_term_string\"}],\"inLanguage\":\"de\"},{\"@type\":\"Organization\",\"@id\":\"https:\/\/now-news.de\/de\/#organization\",\"name\":\"Just Now News\",\"url\":\"https:\/\/now-news.de\/de\/\",\"logo\":{\"@type\":\"ImageObject\",\"inLanguage\":\"de\",\"@id\":\"https:\/\/now-news.de\/de\/#\/schema\/logo\/image\/\",\"url\":\"http:\/\/just-now.news\/de\/wp-content\/uploads\/sites\/3\/2022\/04\/logo500x500.jpg\",\"contentUrl\":\"http:\/\/just-now.news\/de\/wp-content\/uploads\/sites\/3\/2022\/04\/logo500x500.jpg\",\"width\":500,\"height\":500,\"caption\":\"Just Now News\"},\"image\":{\"@id\":\"https:\/\/now-news.de\/de\/#\/schema\/logo\/image\/\"},\"sameAs\":[\"https:\/\/www.facebook.com\/wirmachenauf\",\"https:\/\/x.com\/WirMachenAuf_de\"]},{\"@type\":\"Person\",\"@id\":\"https:\/\/now-news.de\/de\/#\/schema\/person\/fb534a4e865501d8b3285208df34a9b5\",\"name\":\"rtnews\",\"image\":{\"@type\":\"ImageObject\",\"inLanguage\":\"de\",\"@id\":\"https:\/\/now-news.de\/de\/#\/schema\/person\/image\/\",\"url\":\"https:\/\/secure.gravatar.com\/avatar\/82aafea7d8127119dd649515f56e2117?s=96&d=mm&r=g\",\"contentUrl\":\"https:\/\/secure.gravatar.com\/avatar\/82aafea7d8127119dd649515f56e2117?s=96&d=mm&r=g\",\"caption\":\"rtnews\"},\"url\":\"https:\/\/now-news.de\/de\/author\/rnews\/\"}]}<\/script>\n<!-- \/ Yoast SEO Premium plugin. -->","yoast_head_json":{"title":"&quot;Welt&quot;: NATO will zus\u00e4tzlich 49 kampfbereite Brigaden aufstellen - just-now.NEWS Deutschland","robots":{"index":"index","follow":"follow","max-snippet":"max-snippet:-1","max-image-preview":"max-image-preview:large","max-video-preview":"max-video-preview:-1"},"canonical":"https:\/\/now-news.de\/de\/deutschland\/welt-nato-will-zusaetzlich-49-kampfbereite-brigaden-aufstellen\/","og_locale":"de_DE","og_type":"article","og_title":"&quot;Welt&quot;: NATO will zus\u00e4tzlich 49 kampfbereite Brigaden aufstellen","og_description":"Die NATO dreht weiter am Rad der Aufr\u00fcstung und Eskalation in Europa. Die &#8220;Welt&#8221; berichtet am Samstag vorab, dass die Zahl der kampfbereiten Brigaden des westlichen B\u00fcndnisses um 49 erh\u00f6ht werden soll. Das entspricht einer Ausweitung um mehr als 50 Prozent. Die NATO will 49 zus\u00e4tzliche kampff\u00e4hige Brigaden aufstellen und damit ihre Zahl auf 131 [&hellip;]","og_url":"https:\/\/now-news.de\/de\/deutschland\/welt-nato-will-zusaetzlich-49-kampfbereite-brigaden-aufstellen\/","og_site_name":"just-now.NEWS Deutschland","article_publisher":"https:\/\/www.facebook.com\/wirmachenauf","article_published_time":"2024-10-05T13:21:23+00:00","og_image":[{"url":"https:\/\/now-news.de\/de\/wp-content\/uploads\/sites\/3\/2024\/10\/6701322e48fbef4792682110.jpg"}],"author":"rtnews","twitter_card":"summary_large_image","twitter_creator":"@WirMachenAuf_de","twitter_site":"@WirMachenAuf_de","twitter_misc":{"Verfasst von":"rtnews","Gesch\u00e4tzte Lesezeit":"2\u00a0Minuten"},"schema":{"@context":"https:\/\/schema.org","@graph":[{"@type":"Article","@id":"https:\/\/now-news.de\/de\/deutschland\/welt-nato-will-zusaetzlich-49-kampfbereite-brigaden-aufstellen\/#article","isPartOf":{"@id":"https:\/\/now-news.de\/de\/deutschland\/welt-nato-will-zusaetzlich-49-kampfbereite-brigaden-aufstellen\/"},"author":{"name":"rtnews","@id":"https:\/\/now-news.de\/de\/#\/schema\/person\/fb534a4e865501d8b3285208df34a9b5"},"headline":"&quot;Welt&quot;: NATO will zus\u00e4tzlich 49 kampfbereite Brigaden aufstellen","datePublished":"2024-10-05T13:21:23+00:00","dateModified":"2024-10-05T13:21:23+00:00","mainEntityOfPage":{"@id":"https:\/\/now-news.de\/de\/deutschland\/welt-nato-will-zusaetzlich-49-kampfbereite-brigaden-aufstellen\/"},"wordCount":369,"commentCount":0,"publisher":{"@id":"https:\/\/now-news.de\/de\/#organization"},"image":{"@id":"https:\/\/now-news.de\/de\/deutschland\/welt-nato-will-zusaetzlich-49-kampfbereite-brigaden-aufstellen\/#primaryimage"},"thumbnailUrl":"https:\/\/now-news.de\/de\/wp-content\/uploads\/sites\/3\/2024\/10\/quotWeltquot-NATO-will-zusaetzlich-49-kampfbereite-Brigaden-aufstellen.jpg","keywords":["aufstellen","Brigaden","kampfbereite","nato","quotWeltquot","zus\u00e4tzlich"],"articleSection":["Deutschland","Russland"],"inLanguage":"de","potentialAction":[{"@type":"CommentAction","name":"Comment","target":["https:\/\/now-news.de\/de\/deutschland\/welt-nato-will-zusaetzlich-49-kampfbereite-brigaden-aufstellen\/#respond"]}]},{"@type":"WebPage","@id":"https:\/\/now-news.de\/de\/deutschland\/welt-nato-will-zusaetzlich-49-kampfbereite-brigaden-aufstellen\/","url":"https:\/\/now-news.de\/de\/deutschland\/welt-nato-will-zusaetzlich-49-kampfbereite-brigaden-aufstellen\/","name":"&quot;Welt&quot;: NATO will zus\u00e4tzlich 49 kampfbereite Brigaden aufstellen - just-now.NEWS Deutschland","isPartOf":{"@id":"https:\/\/now-news.de\/de\/#website"},"primaryImageOfPage":{"@id":"https:\/\/now-news.de\/de\/deutschland\/welt-nato-will-zusaetzlich-49-kampfbereite-brigaden-aufstellen\/#primaryimage"},"image":{"@id":"https:\/\/now-news.de\/de\/deutschland\/welt-nato-will-zusaetzlich-49-kampfbereite-brigaden-aufstellen\/#primaryimage"},"thumbnailUrl":"https:\/\/now-news.de\/de\/wp-content\/uploads\/sites\/3\/2024\/10\/quotWeltquot-NATO-will-zusaetzlich-49-kampfbereite-Brigaden-aufstellen.jpg","datePublished":"2024-10-05T13:21:23+00:00","dateModified":"2024-10-05T13:21:23+00:00","breadcrumb":{"@id":"https:\/\/now-news.de\/de\/deutschland\/welt-nato-will-zusaetzlich-49-kampfbereite-brigaden-aufstellen\/#breadcrumb"},"inLanguage":"de","potentialAction":[{"@type":"ReadAction","target":["https:\/\/now-news.de\/de\/deutschland\/welt-nato-will-zusaetzlich-49-kampfbereite-brigaden-aufstellen\/"]}]},{"@type":"ImageObject","inLanguage":"de","@id":"https:\/\/now-news.de\/de\/deutschland\/welt-nato-will-zusaetzlich-49-kampfbereite-brigaden-aufstellen\/#primaryimage","url":"https:\/\/now-news.de\/de\/wp-content\/uploads\/sites\/3\/2024\/10\/quotWeltquot-NATO-will-zusaetzlich-49-kampfbereite-Brigaden-aufstellen.jpg","contentUrl":"https:\/\/now-news.de\/de\/wp-content\/uploads\/sites\/3\/2024\/10\/quotWeltquot-NATO-will-zusaetzlich-49-kampfbereite-Brigaden-aufstellen.jpg","width":460,"height":259,"caption":"&quot;Welt&quot;: NATO will zus\u00e4tzlich 49 kampfbereite Brigaden aufstellen"},{"@type":"BreadcrumbList","@id":"https:\/\/now-news.de\/de\/deutschland\/welt-nato-will-zusaetzlich-49-kampfbereite-brigaden-aufstellen\/#breadcrumb","itemListElement":[{"@type":"ListItem","position":1,"name":"Home","item":"https:\/\/now-news.de\/de\/"},{"@type":"ListItem","position":2,"name":"&quot;Welt&quot;: NATO will zus\u00e4tzlich 49 kampfbereite Brigaden aufstellen"}]},{"@type":"WebSite","@id":"https:\/\/now-news.de\/de\/#website","url":"https:\/\/now-news.de\/de\/","name":"just-now.NEWS Deutschland","description":"Das Portal f\u00fcr unzensierte Nachrichten aus der Welt","publisher":{"@id":"https:\/\/now-news.de\/de\/#organization"},"potentialAction":[{"@type":"SearchAction","target":{"@type":"EntryPoint","urlTemplate":"https:\/\/now-news.de\/de\/?s={search_term_string}"},"query-input":"required name=search_term_string"}],"inLanguage":"de"},{"@type":"Organization","@id":"https:\/\/now-news.de\/de\/#organization","name":"Just Now News","url":"https:\/\/now-news.de\/de\/","logo":{"@type":"ImageObject","inLanguage":"de","@id":"https:\/\/now-news.de\/de\/#\/schema\/logo\/image\/","url":"http:\/\/just-now.news\/de\/wp-content\/uploads\/sites\/3\/2022\/04\/logo500x500.jpg","contentUrl":"http:\/\/just-now.news\/de\/wp-content\/uploads\/sites\/3\/2022\/04\/logo500x500.jpg","width":500,"height":500,"caption":"Just Now News"},"image":{"@id":"https:\/\/now-news.de\/de\/#\/schema\/logo\/image\/"},"sameAs":["https:\/\/www.facebook.com\/wirmachenauf","https:\/\/x.com\/WirMachenAuf_de"]},{"@type":"Person","@id":"https:\/\/now-news.de\/de\/#\/schema\/person\/fb534a4e865501d8b3285208df34a9b5","name":"rtnews","image":{"@type":"ImageObject","inLanguage":"de","@id":"https:\/\/now-news.de\/de\/#\/schema\/person\/image\/","url":"https:\/\/secure.gravatar.com\/avatar\/82aafea7d8127119dd649515f56e2117?s=96&d=mm&r=g","contentUrl":"https:\/\/secure.gravatar.com\/avatar\/82aafea7d8127119dd649515f56e2117?s=96&d=mm&r=g","caption":"rtnews"},"url":"https:\/\/now-news.de\/de\/author\/rnews\/"}]}},"_links":{"self":[{"href":"https:\/\/now-news.de\/de\/wp-json\/wp\/v2\/posts\/70310"}],"collection":[{"href":"https:\/\/now-news.de\/de\/wp-json\/wp\/v2\/posts"}],"about":[{"href":"https:\/\/now-news.de\/de\/wp-json\/wp\/v2\/types\/post"}],"author":[{"embeddable":true,"href":"https:\/\/now-news.de\/de\/wp-json\/wp\/v2\/users\/3"}],"replies":[{"embeddable":true,"href":"https:\/\/now-news.de\/de\/wp-json\/wp\/v2\/comments?post=70310"}],"version-history":[{"count":0,"href":"https:\/\/now-news.de\/de\/wp-json\/wp\/v2\/posts\/70310\/revisions"}],"wp:featuredmedia":[{"embeddable":true,"href":"https:\/\/now-news.de\/de\/wp-json\/wp\/v2\/media\/70311"}],"wp:attachment":[{"href":"https:\/\/now-news.de\/de\/wp-json\/wp\/v2\/media?parent=70310"}],"wp:term":[{"taxonomy":"category","embeddable":true,"href":"https:\/\/now-news.de\/de\/wp-json\/wp\/v2\/categories?post=70310"},{"taxonomy":"post_tag","embeddable":true,"href":"https:\/\/now-news.de\/de\/wp-json\/wp\/v2\/tags?post=70310"}],"curies":[{"name":"wp","href":"https:\/\/api.w.org\/{rel}","templated":true}]}}