{"id":70294,"date":"2024-10-05T09:42:52","date_gmt":"2024-10-05T07:42:52","guid":{"rendered":"https:\/\/now-news.de\/de\/deutschland\/joe-biden-in-deutschland-der-us-praesident-besucht-seine-kolonie\/"},"modified":"2024-10-05T09:42:52","modified_gmt":"2024-10-05T07:42:52","slug":"joe-biden-in-deutschland-der-us-praesident-besucht-seine-kolonie","status":"publish","type":"post","link":"https:\/\/now-news.de\/de\/deutschland\/joe-biden-in-deutschland-der-us-praesident-besucht-seine-kolonie\/","title":{"rendered":"Joe Biden in Deutschland \u2013 der US-Pr\u00e4sident besucht seine Kolonie"},"content":{"rendered":"<p><img decoding=\"async\" src=\"https:\/\/now-news.de\/de\/wp-content\/uploads\/sites\/3\/2024\/10\/67002136b480cc6cc3525426.jpg\" \/><\/p>\n<div class=\"Text-root Text-type_1 \">\n                Mitten im US-Wahlkampf stattet der scheidende US-Pr\u00e4sident Joe Biden Deutschland ab dem 10. Oktober einen mehrt\u00e4gigen Besuch ab. Warum r\u00fcckt der gr\u00f6\u00dfte europ\u00e4ische Vasall der USA ausgerechnet jetzt in den Mittelpunkt der Au\u00dfen- und Innenpolitik des &#8220;gro\u00dfen Bruders&#8221; in \u00dcbersee?\n            <\/div>\n<p><\/p>\n<div class=\"Text-root Text-type_5 ArticleView-text ViewText-root \">\n<p><em>Von Wolfgang Bittner<\/em><br \/><strong><\/strong><\/p>\n<p>F\u00fcr den 10. Oktober, wenige Monate vor dem Ende seiner Amtszeit, hat sich US-Pr\u00e4sident Joseph (Joe) Biden zu einem Abschiedsbesuch in Deutschland <a rel=\"nofollow noopener\" target=\"_blank\" href=\"https:\/\/www.tagesschau.de\/ausland\/amerika\/biden-deutschlandbesuch-100.html\">angesagt<\/a>. Fraglich, ob er erw\u00fcnscht ist, aber es ist davon auszugehen, dass er mit allen Ehren empfangen wird. Wie das Wei\u00dfe Haus mitteilte, werde er f\u00fchrende deutsche Politiker treffen, um &#8220;die enge Verbindung der Vereinigten Staaten und Deutschland als Verb\u00fcndete und Freunde weiter zu st\u00e4rken und sich \u00fcber gemeinsame Priorit\u00e4ten abzustimmen&#8221;.<\/p>\n<p>Des Weiteren <a rel=\"nofollow noopener\" target=\"_blank\" href=\"https:\/\/www.whitehouse.gov\/briefing-room\/statements-releases\/2024\/09\/24\/statement-from-white-house-press-secretary-karine-jean-pierre-on-president-bidens-travel-to-germany-and-angola\/\">hei\u00dft<\/a> es, Biden wolle &#8220;das Engagement der USA und Deutschlands f\u00fcr Demokratie und gegen Antisemitismus und Hass bekr\u00e4ftigen&#8221;, die &#8220;unverbr\u00fcchlichen zwischenmenschlichen Verbindungen unserer L\u00e4nder st\u00e4rken&#8221; und &#8220;f\u00fcr die Kooperation in Wirtschaft, Handel und Technologie werben&#8221;. Au\u00dferdem wolle er Deutschland seine Anerkennung f\u00fcr die Unterst\u00fctzung der Ukraine in ihrer Abwehr der russischen Aggression, f\u00fcr die Aufnahme der US-Milit\u00e4rangeh\u00f6rigen und f\u00fcr den Beitrag zur Sicherheit der Vereinigten Staaten, Deutschlands und des gesamten NATO-B\u00fcndnisses aussprechen.<\/p>\n<p>Biden wird nicht nur Berlin besuchen, sondern am 12. Oktober an einem Gipfel-Treffen der Ukraine-Kontaktgruppe auf der Luftwaffenbasis Ramstein teilnehmen, wohin die USA f\u00fchrende Politiker aus etwa 50 Staaten <a rel=\"nofollow noopener\" target=\"_blank\" href=\"https:\/\/www.br.de\/nachrichten\/deutschland-welt\/us-praesident-biden-laedt-zu-ukraine-treffen-in-deutschland,UPUfqBX\">eingeladen<\/a> haben. Dazu sind sie zwar nicht berechtigt, denn die US-Basis Ramstein ist kein exterritoriales Gebiet; aber wie sich immer wieder herausstellt, ben\u00f6tigen die USA in Deutschland keine Genehmigungen f\u00fcr ihre Aktivit\u00e4ten. Eingeladen ist auch der ukrainische Pr\u00e4sident Wladimir Selenskij, der \u00fcber seinen bereits in den USA pr\u00e4sentierten &#8220;Siegesplan&#8221; sprechen und weitere Unterst\u00fctzung mit Waffen und Geld einfordern wird.<\/p>\n<p>Die USA tun, was sie wollen, und daf\u00fcr steht insbesondere Joseph Biden. Bis sich zeigte, dass er allm\u00e4hlich dement wird, galt er als der ma\u00dfgebende Realpolitiker des Westens, der das Schicksal der Welt bestimmt. Aber der &#8220;gute Onkel aus Amerika&#8221; hat nun auch in Deutschland an Glanz verloren, die neue Lichtgestalt ist die von den US-Demokraten als Pr\u00e4sidentschaftskandidatin gegen Donald Trump aufgestellte derzeitige Vizepr\u00e4sidentin Kamala Harris. Wie schon bei den Wahlen von 2016 und 2020 <a rel=\"nofollow noopener\" target=\"_blank\" href=\"https:\/\/www.morgenpost.de\/politik\/article407226315\/trump-harris-tv-duell-debate-live-usa-wahl-2024-abc.html#:~:text=Baerbock-Ministerium%20verspottet%20Trump%20%E2%80%93%20Ex-US-Botschafter\">mischen<\/a> sich auch jetzt wieder deutsche Spitzenpolitiker zugunsten der Demokraten und gegen Donald Trump in h\u00f6chst undiplomatischer Weise in den Wahlkampf ein. Falls Trump gewinnt, wird das Folgen haben.<\/p>\n<p>Dass Joseph Biden, der fast alle Konflikte und Kriege der vergangenen Jahrzehnte als Senator, Pr\u00e4sidentenberater und Vizepr\u00e4sident mitzuverantworten hat, 2021 Pr\u00e4sident der Vereinigten Staaten wurde, ist ein gro\u00dfes Ungl\u00fcck. Ginge es mit rechten Dingen zu, m\u00fcsste er vor den Internationalen Gerichtshof gestellt werden. Aber die US-Regierung wei\u00df sehr genau, warum sie dieses Gericht nicht anerkennt.<\/p>\n<p>Biden verfolgte die Agenda derjenigen, die ihn ein Leben lang protegiert und in dieses Amt geschoben haben, rigoros weiter. Und augenscheinlich h\u00e4lt er sich an die Analyse des Politologen und langj\u00e4hrigen Pr\u00e4sidentenberaters Zbigniew Brzezinski, der Europa als Schachbrett ansah, auf dem die USA ihre Z\u00fcge machen, und in seinem 1997 erschienenen Buch &#8220;Die einzige Weltmacht&#8221; \u00fcber die Ukraine schrieb:<\/p>\n<p><em>&#8220;Die Ukraine, ein neuer und wichtiger Raum auf dem eurasischen Schachbrett, ist ein geopolitischer Dreh- und Angelpunkt, weil ihre blo\u00dfe Existenz als unabh\u00e4ngiger Staat zur Umwandlung Russlands beitr\u00e4gt. Ohne die Ukraine ist Russland kein eurasisches Reich mehr.&#8221;<\/em><\/p>\n<p>Insofern bewies Biden besonderen Einsatz bei der Destabilisierung und kalten \u00dcbernahme der Ukraine, wobei er von Au\u00dfenminister John Kerry, CIA-Chef John Brennan, Senator John McCain und weiteren hochrangigen US-Politikern unterst\u00fctzt wurde. Wie schon bei anderen Regime-Changes, Konflikten und Kriegen profitierte die US-amerikanische F\u00fchrungsschicht von dem Wechsel, so auch Joe Bidens Sohn Hunter, der bereits zuvor offensichtlich durch Patronage in verschiedene gut dotierte \u00c4mter bef\u00f6rdert worden war. Im Mai 2014, also kurz nach dem Putsch in Kiew, <a rel=\"nofollow noopener\" target=\"_blank\" href=\"https:\/\/uacrisis.org\/de\/73460-burisma\">erhielt<\/a> er einen eigens f\u00fcr ihn geschaffenen Vorstandsposten im Verwaltungsrat der Burisma Holdings, dem gr\u00f6\u00dften nicht staatlichen Gasproduzenten der Ukraine.<\/p>\n<p>Weitere Vorstands\u00e4mter bei Burisma erhielten der ehemalige Wahlkampfleiter Kerrys, Devon Archer, der fr\u00fcher bei Merrill Lynch und J.P. Morgen t\u00e4tige Investmentbanker Alan Apter sowie Polens Ex-Staatspr\u00e4sident Aleksander Kwasniewski. Ihnen folgte im Februar 2016 noch Josef Kofer Black, von 1999 bis 2002 Direktor des CIA Counterterrorist Centers. Das alles geschah unter der Vizepr\u00e4sidentschaft Joseph Bidens.<\/p>\n<p>Seinerzeit begann der ukrainische Generalstaatsanwalt Wiktor Schokin wegen Interessenkollision, Korruption und Vetternwirtschaft zu ermitteln. Im Jahr 2018 wurde dann <a rel=\"nofollow noopener\" target=\"_blank\" href=\"https:\/\/www.epochtimes.de\/politik\/welt\/der-ehemalige-us-vize-praesident-joe-biden-und-die-ukraine-illegale-einflussnahme-auf-die-us-wahl-2016-a2870649.html\">bekannt<\/a>, dass Biden den ukrainischen Pr\u00e4sidenten Petro Poroschenko und Premierminister Arsenij Jazenjuk, beide G\u00fcnstlinge der USA, gen\u00f6tigt hatte, Schokin zu entlassen. Zu vermuten ist, dass die Ermittlungen den US-Vizepr\u00e4sidenten und seinen Sohn schwer belastet h\u00e4tten. Denn abgesehen von der Patronage hat Burisma Medienberichten zufolge 2014 und 2015 mehr als drei Millionen US-Dollar an eine Firma namens Rosemont Seneca Bohai LLC gezahlt, die bis zu 50.000 Dollar monatlich an Hunter Biden zahlte. Der wiederum war zusammen mit Christopher Heinz, dem Stiefsohn von John Kerry, Eigent\u00fcmer von Rosemont Seneca Partners.<\/p>\n<p>Es handelte sich um eines der \u00fcblichen Beziehungs- und Korruptionsgeflechte der US-amerikanischen F\u00fchrungsschicht. Daher zeigten die in die Washingtoner Obama-Clinton-Kamarilla eingebundenen Politiker und Journalisten, die eifrig wegen angeblicher Beziehungen Trumps zum Kreml polemisierten, wenig Interesse, die Vorw\u00fcrfe zu \u00fcberpr\u00fcfen. Erst als Trump im Oktober 2020 im Wahlkampf Korruptionsvorw\u00fcrfe gegen Biden erhob, kamen dessen Machenschaften in der Ukraine ans Licht. Biden <a rel=\"nofollow noopener\" target=\"_blank\" href=\"https:\/\/www.zeit.de\/politik\/ausland\/2020-10\/us-praesidentschaftswahl-joe-biden-korruptionsvorwuerfe-ukraine-donald-trump\">reagierte<\/a> emp\u00f6rt:<\/p>\n<p><em>&#8220;Es ist der letzte Versuch in dieser verzweifelten Kampagne, mich und meine Familie zu verleumden.&#8221;<\/em>\u00a0<\/p>\n<p>Lautete die Frage zuvor, warum gesch\u00e4ftliche Kontakte amerikanischer Politiker nach Russland ein Staatsverbrechen sein sollten, war jetzt zu fragen, warum nicht dem manifesten Korruptionsverdacht gegen den Pr\u00e4sidentschaftskandidaten und seinen Sohn nachgegangen wurde. Die Sache verlief im Sande. Vetternwirtschaft, Korruption, Erpressung, wohin man blickt.<\/p>\n<p>Dass die USA die Bedrohung Russlands unter Benutzung der Ukraine st\u00e4ndig vorangetrieben haben, <a rel=\"nofollow noopener\" target=\"_blank\" href=\"https:\/\/www.youtube.com\/watch?v=JLO7uKVarB8\">best\u00e4tigte<\/a> Biden am 2. Oktober 2014 in einer Rede an der Harvard Kennedy School in Cambridge\/Massachusetts:<\/p>\n<p><em>&#8220;Wir haben Putin vor die einfache Wahl gestellt: Respektieren Sie die Souver\u00e4nit\u00e4t der Ukraine oder Sie werden sich zunehmenden Konsequenzen gegen\u00fcbersehen. Dadurch waren wir in der Lage, die gr\u00f6\u00dften entwickelten Staaten der Welt dazu zu bringen, Russland echte Kosten aufzuerlegen. Es ist wahr, dass sie [die EU] das nicht tun wollten. Aber wiederum war es die F\u00fchrungsrolle Amerikas und die Tatsache, dass der Pr\u00e4sident der Vereinigten Staaten darauf bestanden hat, ja, Europa des \u00d6fteren in Verlegenheit bringen musste, um es dazu zu zwingen, sich aufzuraffen und wirtschaftliche Nachteile einzustecken, um Kosten [f\u00fcr Russland] verursachen zu k\u00f6nnen. Und die Folgen waren eine massive Kapitalflucht aus Russland, ein regelrechtes Einfrieren von ausl\u00e4ndischen Direktinvestitionen, der Rubel auf einem historischen Tiefststand gegen\u00fcber dem Dollar, und die russische Wirtschaft an der Schwelle zu einer Rezession.&#8221;<\/em><\/p>\n<p>Wie verlogen die Begr\u00fcndung f\u00fcr die Sanktionen ist, wird daran deutlich, dass die USA zu dieser Zeit den jahrelang vorbereiteten Staatsstreich in Kiew \u2013 unter Missachtung der Souver\u00e4nit\u00e4t der Ukraine \u2013 bereits vollzogen und ihren G\u00fcnstling Arsenij Jazenjuk als Ministerpr\u00e4sidenten eingesetzt hatten. Der B\u00fcrgerkrieg in der Ostukraine hatte begonnen, Kiew sollte die Blaupause f\u00fcr das sein, was man in Moskau beabsichtigt und bis dato durch st\u00e4ndige Provokationen und den Ukraine-Krieg vorantreibt.<\/p>\n<p>Wie es um das Selbstverst\u00e4ndnis der US-amerikanischen Regierung bestellt ist, demonstrierte Pr\u00e4sident Joseph Biden am 6. Juli 2024 in einem Interview mit dem US-Sender <em>ABC<\/em>, als er nach einem desastr\u00f6sen Wahlkampfduell mit Donald Trump nach seiner k\u00f6rperlichen und mentalen Verfassung gefragt wurde. Vor laufender Kamera <a rel=\"nofollow noopener\" target=\"_blank\" href=\"https:\/\/www.n-tv.de\/politik\/Widerstand-bei-Demokraten-gegen-Kandidatur-formiert-sich-US-Praesident-Biden-ballt-die-Faust-und-gibt-skurriles-Interview-article25067731.html\">erkl\u00e4rte<\/a> er:<\/p>\n<p><em>&#8220;Ich absolviere jeden Tag einen kognitiven Test. Wissen Sie, ich mache nicht nur Wahlkampf, ich regiere die Welt. Das klingt wie eine \u00dcbertreibung, aber wir sind die wichtigste Nation der Welt.&#8221;<\/em>\u00a0<\/p>\n<p>Diese Aussage wurde von den westlichen Politikern und Journalisten nahezu kritiklos hingenommen, was wiederum R\u00fcckschl\u00fcsse auf die mentale Verfassung dieser Akteure zul\u00e4sst. Eingegangen wurde haupts\u00e4chlich auf die Frage, ob Biden noch die F\u00e4higkeit f\u00fcr eine zweite Amtszeit habe. Die Kontroverse darum <a rel=\"nofollow noopener\" target=\"_blank\" href=\"https:\/\/www.zdf.de\/nachrichten\/politik\/ausland\/biden-rede-nation-kandidatur-usa-wahl-demokraten-100.html\">beendete<\/a> er am 24. Juli 2024 durch den Verzicht auf seine Kandidatur. Seine Aggressionspolitik gegen Russland setzte er hingegen fort, zudem f\u00fchrt er nun Wahlkampf f\u00fcr Kamala Harris, demn\u00e4chst auch pers\u00f6nlich in Deutschland.<\/p>\n<p><em>Der Schriftsteller und Publizist Dr. jur. <strong>Wolfgang Bittner<\/strong> lebt in G\u00f6ttingen und ist Autor zahlreicher B\u00fccher. Soeben ist von ihm das Buch &#8220;Niemand soll hungern, ohne zu frieren&#8221; im Verlag zeitgeist erschienen.<\/em><\/p>\n<p><strong>Mehr zum Thema<\/strong> &#8211; <a rel=\"nofollow noopener\" target=\"_blank\" href=\"https:\/\/freedert.online\/nordamerika\/192463-frueherer-ukrainischer-abgeordneter-belastet-biden\/\">Fr\u00fcherer ukrainischer Abgeordneter belastet Biden mit Korruptions- und Mordvorw\u00fcrfen<\/a><\/p>\n<\/p>\n<\/div>\n<p><br \/>\n<br \/><a href=\"https:\/\/de.rt.com\/meinung\/221462-joe-biden-in-deutschland-us\/\">Source link <\/a><\/p>\n","protected":false},"excerpt":{"rendered":"<p>Mitten im US-Wahlkampf stattet der scheidende US-Pr\u00e4sident Joe Biden Deutschland ab dem 10. Oktober einen mehrt\u00e4gigen Besuch ab. Warum r\u00fcckt der gr\u00f6\u00dfte europ\u00e4ische Vasall der USA ausgerechnet jetzt in den Mittelpunkt der Au\u00dfen- und Innenpolitik des &#8220;gro\u00dfen Bruders&#8221; in \u00dcbersee? Von Wolfgang Bittner F\u00fcr den 10. Oktober, wenige Monate vor dem Ende seiner Amtszeit, hat [&hellip;]<\/p>\n","protected":false},"author":3,"featured_media":70295,"comment_status":"open","ping_status":"open","sticky":false,"template":"","format":"standard","meta":{"_yoast_indexnow_last_ping":["1728114824"],"wp_automatic_camp":["217"],"c809fa564175eee2e5c7c4808440e7c4":["Joe Biden in Deutschland \u2013 der US-Pr\u00e4sident besucht seine Kolonie"],"original_link":["https:\/\/de.rt.com\/meinung\/221462-joe-biden-in-deutschland-us\/"],"_thumbnail_id":["70295"],"jnews_social_counter_last_update":["1777330579"],"_wptgpro_p2tg_sent2tg":["a:1:{i:23737;s:19:\"2024-10-05 09:54:56\";}"]},"categories":[19,23],"tags":[4747,1348,82,179,2150,24661,265,2021],"yoast_head":"<!-- This site is optimized with the Yoast SEO Premium plugin v22.7 (Yoast SEO v22.7) - https:\/\/yoast.com\/wordpress\/plugins\/seo\/ -->\n<title>Joe Biden in Deutschland \u2013 der US-Pr\u00e4sident besucht seine Kolonie - just-now.NEWS Deutschland<\/title>\n<meta name=\"robots\" content=\"index, follow, max-snippet:-1, max-image-preview:large, max-video-preview:-1\" \/>\n<link rel=\"canonical\" href=\"https:\/\/now-news.de\/de\/deutschland\/joe-biden-in-deutschland-der-us-praesident-besucht-seine-kolonie\/\" \/>\n<meta property=\"og:locale\" content=\"de_DE\" \/>\n<meta property=\"og:type\" content=\"article\" \/>\n<meta property=\"og:title\" content=\"Joe Biden in Deutschland \u2013 der US-Pr\u00e4sident besucht seine Kolonie\" \/>\n<meta property=\"og:description\" content=\"Mitten im US-Wahlkampf stattet der scheidende US-Pr\u00e4sident Joe Biden Deutschland ab dem 10. Oktober einen mehrt\u00e4gigen Besuch ab. Warum r\u00fcckt der gr\u00f6\u00dfte europ\u00e4ische Vasall der USA ausgerechnet jetzt in den Mittelpunkt der Au\u00dfen- und Innenpolitik des &#8220;gro\u00dfen Bruders&#8221; in \u00dcbersee? Von Wolfgang Bittner F\u00fcr den 10. Oktober, wenige Monate vor dem Ende seiner Amtszeit, hat [&hellip;]\" \/>\n<meta property=\"og:url\" content=\"https:\/\/now-news.de\/de\/deutschland\/joe-biden-in-deutschland-der-us-praesident-besucht-seine-kolonie\/\" \/>\n<meta property=\"og:site_name\" content=\"just-now.NEWS Deutschland\" \/>\n<meta property=\"article:publisher\" content=\"https:\/\/www.facebook.com\/wirmachenauf\" \/>\n<meta property=\"article:published_time\" content=\"2024-10-05T07:42:52+00:00\" \/>\n<meta property=\"og:image\" content=\"https:\/\/now-news.de\/de\/wp-content\/uploads\/sites\/3\/2024\/10\/67002136b480cc6cc3525426.jpg\" \/>\n<meta name=\"author\" content=\"rtnews\" \/>\n<meta name=\"twitter:card\" content=\"summary_large_image\" \/>\n<meta name=\"twitter:creator\" content=\"@WirMachenAuf_de\" \/>\n<meta name=\"twitter:site\" content=\"@WirMachenAuf_de\" \/>\n<meta name=\"twitter:label1\" content=\"Verfasst von\" \/>\n\t<meta name=\"twitter:data1\" content=\"rtnews\" \/>\n\t<meta name=\"twitter:label2\" content=\"Gesch\u00e4tzte Lesezeit\" \/>\n\t<meta name=\"twitter:data2\" content=\"7\u00a0Minuten\" \/>\n<script type=\"application\/ld+json\" class=\"yoast-schema-graph\">{\"@context\":\"https:\/\/schema.org\",\"@graph\":[{\"@type\":\"Article\",\"@id\":\"https:\/\/now-news.de\/de\/deutschland\/joe-biden-in-deutschland-der-us-praesident-besucht-seine-kolonie\/#article\",\"isPartOf\":{\"@id\":\"https:\/\/now-news.de\/de\/deutschland\/joe-biden-in-deutschland-der-us-praesident-besucht-seine-kolonie\/\"},\"author\":{\"name\":\"rtnews\",\"@id\":\"https:\/\/now-news.de\/de\/#\/schema\/person\/fb534a4e865501d8b3285208df34a9b5\"},\"headline\":\"Joe Biden in Deutschland \u2013 der US-Pr\u00e4sident besucht seine Kolonie\",\"datePublished\":\"2024-10-05T07:42:52+00:00\",\"dateModified\":\"2024-10-05T07:42:52+00:00\",\"mainEntityOfPage\":{\"@id\":\"https:\/\/now-news.de\/de\/deutschland\/joe-biden-in-deutschland-der-us-praesident-besucht-seine-kolonie\/\"},\"wordCount\":1447,\"commentCount\":0,\"publisher\":{\"@id\":\"https:\/\/now-news.de\/de\/#organization\"},\"image\":{\"@id\":\"https:\/\/now-news.de\/de\/deutschland\/joe-biden-in-deutschland-der-us-praesident-besucht-seine-kolonie\/#primaryimage\"},\"thumbnailUrl\":\"https:\/\/now-news.de\/de\/wp-content\/uploads\/sites\/3\/2024\/10\/Joe-Biden-in-Deutschland-\u2013-der-US-Praesident-besucht-seine-Kolonie.jpg\",\"keywords\":[\"besucht\",\"Biden\",\"der\",\"Deutschland\",\"Joe\",\"Kolonie\",\"seine\",\"USPr\u00e4sident\"],\"articleSection\":[\"Deutschland\",\"Russland\"],\"inLanguage\":\"de\",\"potentialAction\":[{\"@type\":\"CommentAction\",\"name\":\"Comment\",\"target\":[\"https:\/\/now-news.de\/de\/deutschland\/joe-biden-in-deutschland-der-us-praesident-besucht-seine-kolonie\/#respond\"]}]},{\"@type\":\"WebPage\",\"@id\":\"https:\/\/now-news.de\/de\/deutschland\/joe-biden-in-deutschland-der-us-praesident-besucht-seine-kolonie\/\",\"url\":\"https:\/\/now-news.de\/de\/deutschland\/joe-biden-in-deutschland-der-us-praesident-besucht-seine-kolonie\/\",\"name\":\"Joe Biden in Deutschland \u2013 der US-Pr\u00e4sident besucht seine Kolonie - just-now.NEWS Deutschland\",\"isPartOf\":{\"@id\":\"https:\/\/now-news.de\/de\/#website\"},\"primaryImageOfPage\":{\"@id\":\"https:\/\/now-news.de\/de\/deutschland\/joe-biden-in-deutschland-der-us-praesident-besucht-seine-kolonie\/#primaryimage\"},\"image\":{\"@id\":\"https:\/\/now-news.de\/de\/deutschland\/joe-biden-in-deutschland-der-us-praesident-besucht-seine-kolonie\/#primaryimage\"},\"thumbnailUrl\":\"https:\/\/now-news.de\/de\/wp-content\/uploads\/sites\/3\/2024\/10\/Joe-Biden-in-Deutschland-\u2013-der-US-Praesident-besucht-seine-Kolonie.jpg\",\"datePublished\":\"2024-10-05T07:42:52+00:00\",\"dateModified\":\"2024-10-05T07:42:52+00:00\",\"breadcrumb\":{\"@id\":\"https:\/\/now-news.de\/de\/deutschland\/joe-biden-in-deutschland-der-us-praesident-besucht-seine-kolonie\/#breadcrumb\"},\"inLanguage\":\"de\",\"potentialAction\":[{\"@type\":\"ReadAction\",\"target\":[\"https:\/\/now-news.de\/de\/deutschland\/joe-biden-in-deutschland-der-us-praesident-besucht-seine-kolonie\/\"]}]},{\"@type\":\"ImageObject\",\"inLanguage\":\"de\",\"@id\":\"https:\/\/now-news.de\/de\/deutschland\/joe-biden-in-deutschland-der-us-praesident-besucht-seine-kolonie\/#primaryimage\",\"url\":\"https:\/\/now-news.de\/de\/wp-content\/uploads\/sites\/3\/2024\/10\/Joe-Biden-in-Deutschland-\u2013-der-US-Praesident-besucht-seine-Kolonie.jpg\",\"contentUrl\":\"https:\/\/now-news.de\/de\/wp-content\/uploads\/sites\/3\/2024\/10\/Joe-Biden-in-Deutschland-\u2013-der-US-Praesident-besucht-seine-Kolonie.jpg\",\"width\":460,\"height\":259,\"caption\":\"Joe Biden in Deutschland \u2013 der US-Pr\u00e4sident besucht seine Kolonie\"},{\"@type\":\"BreadcrumbList\",\"@id\":\"https:\/\/now-news.de\/de\/deutschland\/joe-biden-in-deutschland-der-us-praesident-besucht-seine-kolonie\/#breadcrumb\",\"itemListElement\":[{\"@type\":\"ListItem\",\"position\":1,\"name\":\"Home\",\"item\":\"https:\/\/now-news.de\/de\/\"},{\"@type\":\"ListItem\",\"position\":2,\"name\":\"Joe Biden in Deutschland \u2013 der US-Pr\u00e4sident besucht seine Kolonie\"}]},{\"@type\":\"WebSite\",\"@id\":\"https:\/\/now-news.de\/de\/#website\",\"url\":\"https:\/\/now-news.de\/de\/\",\"name\":\"just-now.NEWS Deutschland\",\"description\":\"Das Portal f\u00fcr unzensierte Nachrichten aus der Welt\",\"publisher\":{\"@id\":\"https:\/\/now-news.de\/de\/#organization\"},\"potentialAction\":[{\"@type\":\"SearchAction\",\"target\":{\"@type\":\"EntryPoint\",\"urlTemplate\":\"https:\/\/now-news.de\/de\/?s={search_term_string}\"},\"query-input\":\"required name=search_term_string\"}],\"inLanguage\":\"de\"},{\"@type\":\"Organization\",\"@id\":\"https:\/\/now-news.de\/de\/#organization\",\"name\":\"Just Now News\",\"url\":\"https:\/\/now-news.de\/de\/\",\"logo\":{\"@type\":\"ImageObject\",\"inLanguage\":\"de\",\"@id\":\"https:\/\/now-news.de\/de\/#\/schema\/logo\/image\/\",\"url\":\"http:\/\/just-now.news\/de\/wp-content\/uploads\/sites\/3\/2022\/04\/logo500x500.jpg\",\"contentUrl\":\"http:\/\/just-now.news\/de\/wp-content\/uploads\/sites\/3\/2022\/04\/logo500x500.jpg\",\"width\":500,\"height\":500,\"caption\":\"Just Now News\"},\"image\":{\"@id\":\"https:\/\/now-news.de\/de\/#\/schema\/logo\/image\/\"},\"sameAs\":[\"https:\/\/www.facebook.com\/wirmachenauf\",\"https:\/\/x.com\/WirMachenAuf_de\"]},{\"@type\":\"Person\",\"@id\":\"https:\/\/now-news.de\/de\/#\/schema\/person\/fb534a4e865501d8b3285208df34a9b5\",\"name\":\"rtnews\",\"image\":{\"@type\":\"ImageObject\",\"inLanguage\":\"de\",\"@id\":\"https:\/\/now-news.de\/de\/#\/schema\/person\/image\/\",\"url\":\"https:\/\/secure.gravatar.com\/avatar\/82aafea7d8127119dd649515f56e2117?s=96&d=mm&r=g\",\"contentUrl\":\"https:\/\/secure.gravatar.com\/avatar\/82aafea7d8127119dd649515f56e2117?s=96&d=mm&r=g\",\"caption\":\"rtnews\"},\"url\":\"https:\/\/now-news.de\/de\/author\/rnews\/\"}]}<\/script>\n<!-- \/ Yoast SEO Premium plugin. -->","yoast_head_json":{"title":"Joe Biden in Deutschland \u2013 der US-Pr\u00e4sident besucht seine Kolonie - just-now.NEWS Deutschland","robots":{"index":"index","follow":"follow","max-snippet":"max-snippet:-1","max-image-preview":"max-image-preview:large","max-video-preview":"max-video-preview:-1"},"canonical":"https:\/\/now-news.de\/de\/deutschland\/joe-biden-in-deutschland-der-us-praesident-besucht-seine-kolonie\/","og_locale":"de_DE","og_type":"article","og_title":"Joe Biden in Deutschland \u2013 der US-Pr\u00e4sident besucht seine Kolonie","og_description":"Mitten im US-Wahlkampf stattet der scheidende US-Pr\u00e4sident Joe Biden Deutschland ab dem 10. Oktober einen mehrt\u00e4gigen Besuch ab. Warum r\u00fcckt der gr\u00f6\u00dfte europ\u00e4ische Vasall der USA ausgerechnet jetzt in den Mittelpunkt der Au\u00dfen- und Innenpolitik des &#8220;gro\u00dfen Bruders&#8221; in \u00dcbersee? Von Wolfgang Bittner F\u00fcr den 10. Oktober, wenige Monate vor dem Ende seiner Amtszeit, hat [&hellip;]","og_url":"https:\/\/now-news.de\/de\/deutschland\/joe-biden-in-deutschland-der-us-praesident-besucht-seine-kolonie\/","og_site_name":"just-now.NEWS Deutschland","article_publisher":"https:\/\/www.facebook.com\/wirmachenauf","article_published_time":"2024-10-05T07:42:52+00:00","og_image":[{"url":"https:\/\/now-news.de\/de\/wp-content\/uploads\/sites\/3\/2024\/10\/67002136b480cc6cc3525426.jpg"}],"author":"rtnews","twitter_card":"summary_large_image","twitter_creator":"@WirMachenAuf_de","twitter_site":"@WirMachenAuf_de","twitter_misc":{"Verfasst von":"rtnews","Gesch\u00e4tzte Lesezeit":"7\u00a0Minuten"},"schema":{"@context":"https:\/\/schema.org","@graph":[{"@type":"Article","@id":"https:\/\/now-news.de\/de\/deutschland\/joe-biden-in-deutschland-der-us-praesident-besucht-seine-kolonie\/#article","isPartOf":{"@id":"https:\/\/now-news.de\/de\/deutschland\/joe-biden-in-deutschland-der-us-praesident-besucht-seine-kolonie\/"},"author":{"name":"rtnews","@id":"https:\/\/now-news.de\/de\/#\/schema\/person\/fb534a4e865501d8b3285208df34a9b5"},"headline":"Joe Biden in Deutschland \u2013 der US-Pr\u00e4sident besucht seine Kolonie","datePublished":"2024-10-05T07:42:52+00:00","dateModified":"2024-10-05T07:42:52+00:00","mainEntityOfPage":{"@id":"https:\/\/now-news.de\/de\/deutschland\/joe-biden-in-deutschland-der-us-praesident-besucht-seine-kolonie\/"},"wordCount":1447,"commentCount":0,"publisher":{"@id":"https:\/\/now-news.de\/de\/#organization"},"image":{"@id":"https:\/\/now-news.de\/de\/deutschland\/joe-biden-in-deutschland-der-us-praesident-besucht-seine-kolonie\/#primaryimage"},"thumbnailUrl":"https:\/\/now-news.de\/de\/wp-content\/uploads\/sites\/3\/2024\/10\/Joe-Biden-in-Deutschland-\u2013-der-US-Praesident-besucht-seine-Kolonie.jpg","keywords":["besucht","Biden","der","Deutschland","Joe","Kolonie","seine","USPr\u00e4sident"],"articleSection":["Deutschland","Russland"],"inLanguage":"de","potentialAction":[{"@type":"CommentAction","name":"Comment","target":["https:\/\/now-news.de\/de\/deutschland\/joe-biden-in-deutschland-der-us-praesident-besucht-seine-kolonie\/#respond"]}]},{"@type":"WebPage","@id":"https:\/\/now-news.de\/de\/deutschland\/joe-biden-in-deutschland-der-us-praesident-besucht-seine-kolonie\/","url":"https:\/\/now-news.de\/de\/deutschland\/joe-biden-in-deutschland-der-us-praesident-besucht-seine-kolonie\/","name":"Joe Biden in Deutschland \u2013 der US-Pr\u00e4sident besucht seine Kolonie - just-now.NEWS Deutschland","isPartOf":{"@id":"https:\/\/now-news.de\/de\/#website"},"primaryImageOfPage":{"@id":"https:\/\/now-news.de\/de\/deutschland\/joe-biden-in-deutschland-der-us-praesident-besucht-seine-kolonie\/#primaryimage"},"image":{"@id":"https:\/\/now-news.de\/de\/deutschland\/joe-biden-in-deutschland-der-us-praesident-besucht-seine-kolonie\/#primaryimage"},"thumbnailUrl":"https:\/\/now-news.de\/de\/wp-content\/uploads\/sites\/3\/2024\/10\/Joe-Biden-in-Deutschland-\u2013-der-US-Praesident-besucht-seine-Kolonie.jpg","datePublished":"2024-10-05T07:42:52+00:00","dateModified":"2024-10-05T07:42:52+00:00","breadcrumb":{"@id":"https:\/\/now-news.de\/de\/deutschland\/joe-biden-in-deutschland-der-us-praesident-besucht-seine-kolonie\/#breadcrumb"},"inLanguage":"de","potentialAction":[{"@type":"ReadAction","target":["https:\/\/now-news.de\/de\/deutschland\/joe-biden-in-deutschland-der-us-praesident-besucht-seine-kolonie\/"]}]},{"@type":"ImageObject","inLanguage":"de","@id":"https:\/\/now-news.de\/de\/deutschland\/joe-biden-in-deutschland-der-us-praesident-besucht-seine-kolonie\/#primaryimage","url":"https:\/\/now-news.de\/de\/wp-content\/uploads\/sites\/3\/2024\/10\/Joe-Biden-in-Deutschland-\u2013-der-US-Praesident-besucht-seine-Kolonie.jpg","contentUrl":"https:\/\/now-news.de\/de\/wp-content\/uploads\/sites\/3\/2024\/10\/Joe-Biden-in-Deutschland-\u2013-der-US-Praesident-besucht-seine-Kolonie.jpg","width":460,"height":259,"caption":"Joe Biden in Deutschland \u2013 der US-Pr\u00e4sident besucht seine Kolonie"},{"@type":"BreadcrumbList","@id":"https:\/\/now-news.de\/de\/deutschland\/joe-biden-in-deutschland-der-us-praesident-besucht-seine-kolonie\/#breadcrumb","itemListElement":[{"@type":"ListItem","position":1,"name":"Home","item":"https:\/\/now-news.de\/de\/"},{"@type":"ListItem","position":2,"name":"Joe Biden in Deutschland \u2013 der US-Pr\u00e4sident besucht seine Kolonie"}]},{"@type":"WebSite","@id":"https:\/\/now-news.de\/de\/#website","url":"https:\/\/now-news.de\/de\/","name":"just-now.NEWS Deutschland","description":"Das Portal f\u00fcr unzensierte Nachrichten aus der Welt","publisher":{"@id":"https:\/\/now-news.de\/de\/#organization"},"potentialAction":[{"@type":"SearchAction","target":{"@type":"EntryPoint","urlTemplate":"https:\/\/now-news.de\/de\/?s={search_term_string}"},"query-input":"required name=search_term_string"}],"inLanguage":"de"},{"@type":"Organization","@id":"https:\/\/now-news.de\/de\/#organization","name":"Just Now News","url":"https:\/\/now-news.de\/de\/","logo":{"@type":"ImageObject","inLanguage":"de","@id":"https:\/\/now-news.de\/de\/#\/schema\/logo\/image\/","url":"http:\/\/just-now.news\/de\/wp-content\/uploads\/sites\/3\/2022\/04\/logo500x500.jpg","contentUrl":"http:\/\/just-now.news\/de\/wp-content\/uploads\/sites\/3\/2022\/04\/logo500x500.jpg","width":500,"height":500,"caption":"Just Now News"},"image":{"@id":"https:\/\/now-news.de\/de\/#\/schema\/logo\/image\/"},"sameAs":["https:\/\/www.facebook.com\/wirmachenauf","https:\/\/x.com\/WirMachenAuf_de"]},{"@type":"Person","@id":"https:\/\/now-news.de\/de\/#\/schema\/person\/fb534a4e865501d8b3285208df34a9b5","name":"rtnews","image":{"@type":"ImageObject","inLanguage":"de","@id":"https:\/\/now-news.de\/de\/#\/schema\/person\/image\/","url":"https:\/\/secure.gravatar.com\/avatar\/82aafea7d8127119dd649515f56e2117?s=96&d=mm&r=g","contentUrl":"https:\/\/secure.gravatar.com\/avatar\/82aafea7d8127119dd649515f56e2117?s=96&d=mm&r=g","caption":"rtnews"},"url":"https:\/\/now-news.de\/de\/author\/rnews\/"}]}},"_links":{"self":[{"href":"https:\/\/now-news.de\/de\/wp-json\/wp\/v2\/posts\/70294"}],"collection":[{"href":"https:\/\/now-news.de\/de\/wp-json\/wp\/v2\/posts"}],"about":[{"href":"https:\/\/now-news.de\/de\/wp-json\/wp\/v2\/types\/post"}],"author":[{"embeddable":true,"href":"https:\/\/now-news.de\/de\/wp-json\/wp\/v2\/users\/3"}],"replies":[{"embeddable":true,"href":"https:\/\/now-news.de\/de\/wp-json\/wp\/v2\/comments?post=70294"}],"version-history":[{"count":0,"href":"https:\/\/now-news.de\/de\/wp-json\/wp\/v2\/posts\/70294\/revisions"}],"wp:featuredmedia":[{"embeddable":true,"href":"https:\/\/now-news.de\/de\/wp-json\/wp\/v2\/media\/70295"}],"wp:attachment":[{"href":"https:\/\/now-news.de\/de\/wp-json\/wp\/v2\/media?parent=70294"}],"wp:term":[{"taxonomy":"category","embeddable":true,"href":"https:\/\/now-news.de\/de\/wp-json\/wp\/v2\/categories?post=70294"},{"taxonomy":"post_tag","embeddable":true,"href":"https:\/\/now-news.de\/de\/wp-json\/wp\/v2\/tags?post=70294"}],"curies":[{"name":"wp","href":"https:\/\/api.w.org\/{rel}","templated":true}]}}