{"id":70270,"date":"2024-10-04T18:44:55","date_gmt":"2024-10-04T16:44:55","guid":{"rendered":"https:\/\/now-news.de\/de\/deutschland\/gerichtsprozess-ist-die-deutsche-beteiligung-am-ukraine-krieg-mit-dem-grundgesetz-vereinbar\/"},"modified":"2024-10-04T18:44:55","modified_gmt":"2024-10-04T16:44:55","slug":"gerichtsprozess-ist-die-deutsche-beteiligung-am-ukraine-krieg-mit-dem-grundgesetz-vereinbar","status":"publish","type":"post","link":"https:\/\/now-news.de\/de\/deutschland\/gerichtsprozess-ist-die-deutsche-beteiligung-am-ukraine-krieg-mit-dem-grundgesetz-vereinbar\/","title":{"rendered":"Gerichtsprozess: Ist die deutsche Beteiligung am Ukraine-Krieg mit dem Grundgesetz vereinbar?"},"content":{"rendered":"<p><img decoding=\"async\" src=\"https:\/\/now-news.de\/de\/wp-content\/uploads\/sites\/3\/2024\/10\/67000ae3b480cc6cae62f1d0.jpg\" \/><\/p>\n<div class=\"Text-root Text-type_1 \">\n                Das Verwaltungsgericht K\u00f6ln sollte am 2. Oktober \u00fcber die Rechtm\u00e4\u00dfigkeit der deutschen Beteiligung am Krieg in der Ukraine entscheiden \u2013 gem\u00e4\u00df dem Grundgesetz und der Charta der Vereinten Nationen. Auf sehr kleiner Flamme wurde \u00fcber Kriegsbeteiligung oder Friedensgebot verhandelt.\n            <\/div>\n<p><\/p>\n<div class=\"Text-root Text-type_5 ArticleView-text ViewText-root \">\n<p><em>Von Felicitas Rabe<\/em><\/p>\n<p>Am Mittwoch verhandelte das Verwaltungsgericht K\u00f6ln \u00fcber die Klage des Friedensaktivisten Hermann Theisen gegen das Bundesverteidigungsministerium. In seinem Antrag vom 1.\u00a0Mai\u00a02022 hatte das Mitglied der <a rel=\"nofollow noopener\" target=\"_blank\" href=\"https:\/\/dfg-vk.de\/\">Deutschen Friedensgesellschaft \u2013 Vereinigte KriegsdienstgegnerInnen (DFG-VK)<\/a> eine Ausrichtung der &#8220;politischen, ministeriellen und beh\u00f6rdlichen T\u00e4tigkeiten und Entscheidungen im Umgang mit dem Krieg in der Ukraine nach den Bestimmungen des Friedensgebotes des Grundgesetzes und der UN-Charta&#8221; eingefordert, so die Pressemitteilung der DFG-VK vom 26.\u00a0September.<\/p>\n<p>Zum Prozess erschien Theisen als Vertreter der Anklage ohne weiteren Rechtsbeistand und seitens des beklagten Verteidigungsministeriums nur Regierungsdirektor Lesar. Auch seitens des Verwaltungsgerichts f\u00fchlte sich Richter Schwark<strong><\/strong>offensichtlich ohne weiteren personellen oder richterlichen Beistand berufen, \u00fcber die Rechtm\u00e4\u00dfigkeit der deutschen Beteiligung am Ukraine-Krieg zu entscheiden.<\/p>\n<p>Zu Beginn der Verhandlung fasste der Verwaltungsrichter die Klage inhaltlich zusammen: Mit Waffenlieferungen an die Ukraine und der Ausbildung ukrainischer Soldaten beteilige sich die Bundesrepublik am Krieg in der Ukraine. Damit versto\u00dfe sie laut dem Kl\u00e4ger gegen das <a rel=\"nofollow noopener\" target=\"_blank\" href=\"https:\/\/www.bundestag.de\/parlament\/aufgaben\/rechtsgrundlagen\/grundgesetz\/gg_00-245200\">im Grundgesetz<\/a> und <a rel=\"nofollow noopener\" target=\"_blank\" href=\"https:\/\/legal.un.org\/repertory\/art51.shtml\">in der UN-Charta<\/a> verankerte Friedensgebot. In der DFG-VK-Pressemitteilung zur Klagebegr\u00fcndung hei\u00dft es: &#8220;In seinem Antrag verwies Theisen auf die friedensf\u00f6rdernden und kriegs\u00e4chtenden Bestimmungen des Grundgesetzes, die von den V\u00e4tern und M\u00fcttern des Grundgesetzes aufgrund der grauenhaften Erfahrungen der beiden Weltkriege \u00fcberaus prominent in das Grundgesetz aufgenommen worden seien.&#8221;<\/p>\n<p>Seine Klage verstehe er deshalb als einen &#8220;Appell an die Bundesregierung zur strikten Einhaltung des Friedensgebotes des Grundgesetzes im Ukraine-Krieg, das sollte das Verwaltungsgericht K\u00f6ln entsprechend w\u00fcrdigen und der Klage stattgeben, so der Friedensaktivist&#8221;. Am 1.\u00a0August hatte der Kl\u00e4ger flankierend einen Eilantrag zu seiner Klage gestellt. Dieser wurde am 19.\u00a0Oktober\u00a02022 abgelehnt. Unter Verweis auf die Ablehnung des Eilverfahrens erkl\u00e4rte der Verwaltungsrichter am Donnerstag, er schlie\u00dfe sich der Begr\u00fcndung der damaligen richterlichen Ablehnung des Antrags an. Er sehe keinen Grund, warum er jetzt in der Hauptverhandlung eine andere Entscheidung treffen solle.<\/p>\n<p>In seiner Stellungnahme entgegnete Theisen, mit der Feststellung, dies sei alles schon im Eilantrag erledigt, mache der Richter es sich zu einfach. Au\u00dferdem habe er noch nie erlebt, so der Kl\u00e4ger, dass ein Beklagter in den Schrifts\u00e4tzen nicht einmal Stellung nehme zu den Inhalten der Klage. Schlie\u00dflich gehe es ihm darum, vor Gericht zu kl\u00e4ren:<\/p>\n<blockquote>\n<p><em>&#8220;Habe ich als B\u00fcrger ein Anrecht auf die Frage, ob meine Regierung sich wiederrechtlich an einem Krieg beteiligt?&#8221;<\/em><\/p>\n<\/blockquote>\n<p>Insbesondere unter Ber\u00fccksichtigung der Konsequenzen, die die deutsche Kriegsunterst\u00fctzung der Ukraine \u2013 es handele sich um den zweitgr\u00f6\u00dften Unterst\u00fctzungsbeitrag an diesem Krieg \u00fcberhaupt \u2013 mit sich bringe. Und ihm gehe es auch um die Frage:<\/p>\n<blockquote>\n<p><em>&#8220;Inwieweit habe ich als B\u00fcrger ein Anrecht darauf, dass ich nicht blindlings Gefahren ausgesetzt werde, die mich bei einer Kriegseskalation betreffen?&#8221;<\/em><\/p>\n<\/blockquote>\n<p>Bei seiner Stellungnahme beantragte der Vertreter des Verteidigungsministeriums Klageabweisung. Schlie\u00dflich benenne der Kl\u00e4ger in seinem Antrag keine konkreten Ma\u00dfnahmen, wie das Friedensgebot des Grundgesetzes vom Beklagten zu befolgen w\u00e4re. Damit sei der Antrag des Kl\u00e4gers unbestimmt. Es sei unklar, was das Gericht \u00fcberhaupt vollstrecken solle. Und nachdem wohl jeder B\u00fcrger eine andere Vorstellung vom Friedensgebot habe, handele es sich nicht um eine rechtliche, sondern um eine politische Frage. Diese werde vom B\u00fcrger an der Wahlurne entschieden.<\/p>\n<p>Der Friedensaktivist beantragte Klage-Erweiterung: &#8220;Ich beantrage die Feststellung, dass mich die in der Klage genannten Beteiligungen an den Kriegen in der Ukraine in meinen in der Klage genannten Grundrechten verletzt.&#8221; Welche Vorstellung er vom Friedensgebot habe, sei unbedeutend. Und dass es sich um ein unbestimmtes Rechtsgut handele, k\u00f6nne seiner Meinung nach nicht bedeuten, dass es keine Rolle spiele. Zudem sei es keineswegs vermessen, das Handeln des Verteidigungsministeriums in Frage zu stellen. Theisen f\u00fchrte aus:<\/p>\n<blockquote>\n<p><em>&#8220;Die Frage, passt das noch alles zum Friedensgebot, darf man doch als B\u00fcrger mal zur Pr\u00fcfung geben.&#8221;<\/em><\/p>\n<\/blockquote>\n<p>Er werde kein m\u00fcndliches Urteil verk\u00fcnden, erkl\u00e4rte Richter Schwark am Ende der Verhandlung. Das Urteil werde schriftlich zugestellt.<\/p>\n<p><strong>Mehr zum Thema<\/strong> \u2013 <a rel=\"nofollow noopener\" target=\"_blank\" href=\"https:\/\/dert.online\/inland\/214959-friedensaktivist-heinrich-buecker-ueber-seinen\/\">Friedensaktivist Heinrich B\u00fccker \u00fcber seinen Strafprozess und Anfeindungen aus linken Kreisen<\/a><\/p>\n<div class=\"EmbedBlock-root EmbedBlock-externalVideo EmbedBlock-rumble\">\n<div class=\"VkEmbed\"><iframe class=\"lazyload\" data-src=\"https:\/\/rumble.com\/embed\/v5ey763\" frameborder=\"0\" width=\"853\" height=\"480\" allowfullscreen><\/iframe><\/div>\n<\/div>\n<\/div>\n<p><br \/>\n<br \/><a href=\"https:\/\/de.rt.com\/inland\/221453-gerichtsprozess-deutsche-beteiligung-am-ukraine-krieg-mit-grundgesetz-vereinbar\/\">Source link <\/a><\/p>\n","protected":false},"excerpt":{"rendered":"<p>Das Verwaltungsgericht K\u00f6ln sollte am 2. Oktober \u00fcber die Rechtm\u00e4\u00dfigkeit der deutschen Beteiligung am Krieg in der Ukraine entscheiden \u2013 gem\u00e4\u00df dem Grundgesetz und der Charta der Vereinten Nationen. Auf sehr kleiner Flamme wurde \u00fcber Kriegsbeteiligung oder Friedensgebot verhandelt. Von Felicitas Rabe Am Mittwoch verhandelte das Verwaltungsgericht K\u00f6ln \u00fcber die Klage des Friedensaktivisten Hermann Theisen [&hellip;]<\/p>\n","protected":false},"author":3,"featured_media":70271,"comment_status":"open","ping_status":"open","sticky":false,"template":"","format":"standard","meta":{"_yoast_indexnow_last_ping":["1728060887"],"wp_automatic_camp":["217"],"2b457b1d6e66fdb567a91666ae6e202c":["Gerichtsprozess: Ist die deutsche Beteiligung am Ukraine-Krieg mit dem Grundgesetz vereinbar?"],"original_link":["https:\/\/de.rt.com\/inland\/221453-gerichtsprozess-deutsche-beteiligung-am-ukraine-krieg-mit-grundgesetz-vereinbar\/"],"_thumbnail_id":["70271"],"jnews_social_counter_last_update":["1777826975"],"_wptgpro_p2tg_sent2tg":["a:1:{i:23737;s:19:\"2024-10-04 18:55:52\";}"]},"categories":[19,23],"tags":[4912,134,2374,45,20955,39746,414,419,566,59178],"yoast_head":"<!-- This site is optimized with the Yoast SEO Premium plugin v22.7 (Yoast SEO v22.7) - https:\/\/yoast.com\/wordpress\/plugins\/seo\/ -->\n<title>Gerichtsprozess: Ist die deutsche Beteiligung am Ukraine-Krieg mit dem Grundgesetz vereinbar? - just-now.NEWS Deutschland<\/title>\n<meta name=\"robots\" content=\"index, follow, max-snippet:-1, max-image-preview:large, max-video-preview:-1\" \/>\n<link rel=\"canonical\" href=\"https:\/\/now-news.de\/de\/deutschland\/gerichtsprozess-ist-die-deutsche-beteiligung-am-ukraine-krieg-mit-dem-grundgesetz-vereinbar\/\" \/>\n<meta property=\"og:locale\" content=\"de_DE\" \/>\n<meta property=\"og:type\" content=\"article\" \/>\n<meta property=\"og:title\" content=\"Gerichtsprozess: Ist die deutsche Beteiligung am Ukraine-Krieg mit dem Grundgesetz vereinbar?\" \/>\n<meta property=\"og:description\" content=\"Das Verwaltungsgericht K\u00f6ln sollte am 2. Oktober \u00fcber die Rechtm\u00e4\u00dfigkeit der deutschen Beteiligung am Krieg in der Ukraine entscheiden \u2013 gem\u00e4\u00df dem Grundgesetz und der Charta der Vereinten Nationen. Auf sehr kleiner Flamme wurde \u00fcber Kriegsbeteiligung oder Friedensgebot verhandelt. Von Felicitas Rabe Am Mittwoch verhandelte das Verwaltungsgericht K\u00f6ln \u00fcber die Klage des Friedensaktivisten Hermann Theisen [&hellip;]\" \/>\n<meta property=\"og:url\" content=\"https:\/\/now-news.de\/de\/deutschland\/gerichtsprozess-ist-die-deutsche-beteiligung-am-ukraine-krieg-mit-dem-grundgesetz-vereinbar\/\" \/>\n<meta property=\"og:site_name\" content=\"just-now.NEWS Deutschland\" \/>\n<meta property=\"article:publisher\" content=\"https:\/\/www.facebook.com\/wirmachenauf\" \/>\n<meta property=\"article:published_time\" content=\"2024-10-04T16:44:55+00:00\" \/>\n<meta property=\"og:image\" content=\"https:\/\/now-news.de\/de\/wp-content\/uploads\/sites\/3\/2024\/10\/67000ae3b480cc6cae62f1d0.jpg\" \/>\n<meta name=\"author\" content=\"rtnews\" \/>\n<meta name=\"twitter:card\" content=\"summary_large_image\" \/>\n<meta name=\"twitter:creator\" content=\"@WirMachenAuf_de\" \/>\n<meta name=\"twitter:site\" content=\"@WirMachenAuf_de\" \/>\n<meta name=\"twitter:label1\" content=\"Verfasst von\" \/>\n\t<meta name=\"twitter:data1\" content=\"rtnews\" \/>\n\t<meta name=\"twitter:label2\" content=\"Gesch\u00e4tzte Lesezeit\" \/>\n\t<meta name=\"twitter:data2\" content=\"4\u00a0Minuten\" \/>\n<script type=\"application\/ld+json\" class=\"yoast-schema-graph\">{\"@context\":\"https:\/\/schema.org\",\"@graph\":[{\"@type\":\"Article\",\"@id\":\"https:\/\/now-news.de\/de\/deutschland\/gerichtsprozess-ist-die-deutsche-beteiligung-am-ukraine-krieg-mit-dem-grundgesetz-vereinbar\/#article\",\"isPartOf\":{\"@id\":\"https:\/\/now-news.de\/de\/deutschland\/gerichtsprozess-ist-die-deutsche-beteiligung-am-ukraine-krieg-mit-dem-grundgesetz-vereinbar\/\"},\"author\":{\"name\":\"rtnews\",\"@id\":\"https:\/\/now-news.de\/de\/#\/schema\/person\/fb534a4e865501d8b3285208df34a9b5\"},\"headline\":\"Gerichtsprozess: Ist die deutsche Beteiligung am Ukraine-Krieg mit dem Grundgesetz vereinbar?\",\"datePublished\":\"2024-10-04T16:44:55+00:00\",\"dateModified\":\"2024-10-04T16:44:55+00:00\",\"mainEntityOfPage\":{\"@id\":\"https:\/\/now-news.de\/de\/deutschland\/gerichtsprozess-ist-die-deutsche-beteiligung-am-ukraine-krieg-mit-dem-grundgesetz-vereinbar\/\"},\"wordCount\":717,\"commentCount\":0,\"publisher\":{\"@id\":\"https:\/\/now-news.de\/de\/#organization\"},\"image\":{\"@id\":\"https:\/\/now-news.de\/de\/deutschland\/gerichtsprozess-ist-die-deutsche-beteiligung-am-ukraine-krieg-mit-dem-grundgesetz-vereinbar\/#primaryimage\"},\"thumbnailUrl\":\"https:\/\/now-news.de\/de\/wp-content\/uploads\/sites\/3\/2024\/10\/Gerichtsprozess-Ist-die-deutsche-Beteiligung-am-Ukraine-Krieg-mit-dem-Grundgesetz.jpg\",\"keywords\":[\"Beteiligung\",\"DEM\",\"Deutsche\",\"die\",\"Gerichtsprozess\",\"Grundgesetz\",\"ist\",\"mit\",\"UkraineKrieg\",\"vereinbar\"],\"articleSection\":[\"Deutschland\",\"Russland\"],\"inLanguage\":\"de\",\"potentialAction\":[{\"@type\":\"CommentAction\",\"name\":\"Comment\",\"target\":[\"https:\/\/now-news.de\/de\/deutschland\/gerichtsprozess-ist-die-deutsche-beteiligung-am-ukraine-krieg-mit-dem-grundgesetz-vereinbar\/#respond\"]}]},{\"@type\":\"WebPage\",\"@id\":\"https:\/\/now-news.de\/de\/deutschland\/gerichtsprozess-ist-die-deutsche-beteiligung-am-ukraine-krieg-mit-dem-grundgesetz-vereinbar\/\",\"url\":\"https:\/\/now-news.de\/de\/deutschland\/gerichtsprozess-ist-die-deutsche-beteiligung-am-ukraine-krieg-mit-dem-grundgesetz-vereinbar\/\",\"name\":\"Gerichtsprozess: Ist die deutsche Beteiligung am Ukraine-Krieg mit dem Grundgesetz vereinbar? - just-now.NEWS Deutschland\",\"isPartOf\":{\"@id\":\"https:\/\/now-news.de\/de\/#website\"},\"primaryImageOfPage\":{\"@id\":\"https:\/\/now-news.de\/de\/deutschland\/gerichtsprozess-ist-die-deutsche-beteiligung-am-ukraine-krieg-mit-dem-grundgesetz-vereinbar\/#primaryimage\"},\"image\":{\"@id\":\"https:\/\/now-news.de\/de\/deutschland\/gerichtsprozess-ist-die-deutsche-beteiligung-am-ukraine-krieg-mit-dem-grundgesetz-vereinbar\/#primaryimage\"},\"thumbnailUrl\":\"https:\/\/now-news.de\/de\/wp-content\/uploads\/sites\/3\/2024\/10\/Gerichtsprozess-Ist-die-deutsche-Beteiligung-am-Ukraine-Krieg-mit-dem-Grundgesetz.jpg\",\"datePublished\":\"2024-10-04T16:44:55+00:00\",\"dateModified\":\"2024-10-04T16:44:55+00:00\",\"breadcrumb\":{\"@id\":\"https:\/\/now-news.de\/de\/deutschland\/gerichtsprozess-ist-die-deutsche-beteiligung-am-ukraine-krieg-mit-dem-grundgesetz-vereinbar\/#breadcrumb\"},\"inLanguage\":\"de\",\"potentialAction\":[{\"@type\":\"ReadAction\",\"target\":[\"https:\/\/now-news.de\/de\/deutschland\/gerichtsprozess-ist-die-deutsche-beteiligung-am-ukraine-krieg-mit-dem-grundgesetz-vereinbar\/\"]}]},{\"@type\":\"ImageObject\",\"inLanguage\":\"de\",\"@id\":\"https:\/\/now-news.de\/de\/deutschland\/gerichtsprozess-ist-die-deutsche-beteiligung-am-ukraine-krieg-mit-dem-grundgesetz-vereinbar\/#primaryimage\",\"url\":\"https:\/\/now-news.de\/de\/wp-content\/uploads\/sites\/3\/2024\/10\/Gerichtsprozess-Ist-die-deutsche-Beteiligung-am-Ukraine-Krieg-mit-dem-Grundgesetz.jpg\",\"contentUrl\":\"https:\/\/now-news.de\/de\/wp-content\/uploads\/sites\/3\/2024\/10\/Gerichtsprozess-Ist-die-deutsche-Beteiligung-am-Ukraine-Krieg-mit-dem-Grundgesetz.jpg\",\"width\":460,\"height\":259,\"caption\":\"Gerichtsprozess: Ist die deutsche Beteiligung am Ukraine-Krieg mit dem Grundgesetz vereinbar?\"},{\"@type\":\"BreadcrumbList\",\"@id\":\"https:\/\/now-news.de\/de\/deutschland\/gerichtsprozess-ist-die-deutsche-beteiligung-am-ukraine-krieg-mit-dem-grundgesetz-vereinbar\/#breadcrumb\",\"itemListElement\":[{\"@type\":\"ListItem\",\"position\":1,\"name\":\"Home\",\"item\":\"https:\/\/now-news.de\/de\/\"},{\"@type\":\"ListItem\",\"position\":2,\"name\":\"Gerichtsprozess: Ist die deutsche Beteiligung am Ukraine-Krieg mit dem Grundgesetz vereinbar?\"}]},{\"@type\":\"WebSite\",\"@id\":\"https:\/\/now-news.de\/de\/#website\",\"url\":\"https:\/\/now-news.de\/de\/\",\"name\":\"just-now.NEWS Deutschland\",\"description\":\"Das Portal f\u00fcr unzensierte Nachrichten aus der Welt\",\"publisher\":{\"@id\":\"https:\/\/now-news.de\/de\/#organization\"},\"potentialAction\":[{\"@type\":\"SearchAction\",\"target\":{\"@type\":\"EntryPoint\",\"urlTemplate\":\"https:\/\/now-news.de\/de\/?s={search_term_string}\"},\"query-input\":\"required name=search_term_string\"}],\"inLanguage\":\"de\"},{\"@type\":\"Organization\",\"@id\":\"https:\/\/now-news.de\/de\/#organization\",\"name\":\"Just Now News\",\"url\":\"https:\/\/now-news.de\/de\/\",\"logo\":{\"@type\":\"ImageObject\",\"inLanguage\":\"de\",\"@id\":\"https:\/\/now-news.de\/de\/#\/schema\/logo\/image\/\",\"url\":\"http:\/\/just-now.news\/de\/wp-content\/uploads\/sites\/3\/2022\/04\/logo500x500.jpg\",\"contentUrl\":\"http:\/\/just-now.news\/de\/wp-content\/uploads\/sites\/3\/2022\/04\/logo500x500.jpg\",\"width\":500,\"height\":500,\"caption\":\"Just Now News\"},\"image\":{\"@id\":\"https:\/\/now-news.de\/de\/#\/schema\/logo\/image\/\"},\"sameAs\":[\"https:\/\/www.facebook.com\/wirmachenauf\",\"https:\/\/x.com\/WirMachenAuf_de\"]},{\"@type\":\"Person\",\"@id\":\"https:\/\/now-news.de\/de\/#\/schema\/person\/fb534a4e865501d8b3285208df34a9b5\",\"name\":\"rtnews\",\"image\":{\"@type\":\"ImageObject\",\"inLanguage\":\"de\",\"@id\":\"https:\/\/now-news.de\/de\/#\/schema\/person\/image\/\",\"url\":\"https:\/\/secure.gravatar.com\/avatar\/82aafea7d8127119dd649515f56e2117?s=96&d=mm&r=g\",\"contentUrl\":\"https:\/\/secure.gravatar.com\/avatar\/82aafea7d8127119dd649515f56e2117?s=96&d=mm&r=g\",\"caption\":\"rtnews\"},\"url\":\"https:\/\/now-news.de\/de\/author\/rnews\/\"}]}<\/script>\n<!-- \/ Yoast SEO Premium plugin. -->","yoast_head_json":{"title":"Gerichtsprozess: Ist die deutsche Beteiligung am Ukraine-Krieg mit dem Grundgesetz vereinbar? - just-now.NEWS Deutschland","robots":{"index":"index","follow":"follow","max-snippet":"max-snippet:-1","max-image-preview":"max-image-preview:large","max-video-preview":"max-video-preview:-1"},"canonical":"https:\/\/now-news.de\/de\/deutschland\/gerichtsprozess-ist-die-deutsche-beteiligung-am-ukraine-krieg-mit-dem-grundgesetz-vereinbar\/","og_locale":"de_DE","og_type":"article","og_title":"Gerichtsprozess: Ist die deutsche Beteiligung am Ukraine-Krieg mit dem Grundgesetz vereinbar?","og_description":"Das Verwaltungsgericht K\u00f6ln sollte am 2. Oktober \u00fcber die Rechtm\u00e4\u00dfigkeit der deutschen Beteiligung am Krieg in der Ukraine entscheiden \u2013 gem\u00e4\u00df dem Grundgesetz und der Charta der Vereinten Nationen. Auf sehr kleiner Flamme wurde \u00fcber Kriegsbeteiligung oder Friedensgebot verhandelt. Von Felicitas Rabe Am Mittwoch verhandelte das Verwaltungsgericht K\u00f6ln \u00fcber die Klage des Friedensaktivisten Hermann Theisen [&hellip;]","og_url":"https:\/\/now-news.de\/de\/deutschland\/gerichtsprozess-ist-die-deutsche-beteiligung-am-ukraine-krieg-mit-dem-grundgesetz-vereinbar\/","og_site_name":"just-now.NEWS Deutschland","article_publisher":"https:\/\/www.facebook.com\/wirmachenauf","article_published_time":"2024-10-04T16:44:55+00:00","og_image":[{"url":"https:\/\/now-news.de\/de\/wp-content\/uploads\/sites\/3\/2024\/10\/67000ae3b480cc6cae62f1d0.jpg"}],"author":"rtnews","twitter_card":"summary_large_image","twitter_creator":"@WirMachenAuf_de","twitter_site":"@WirMachenAuf_de","twitter_misc":{"Verfasst von":"rtnews","Gesch\u00e4tzte Lesezeit":"4\u00a0Minuten"},"schema":{"@context":"https:\/\/schema.org","@graph":[{"@type":"Article","@id":"https:\/\/now-news.de\/de\/deutschland\/gerichtsprozess-ist-die-deutsche-beteiligung-am-ukraine-krieg-mit-dem-grundgesetz-vereinbar\/#article","isPartOf":{"@id":"https:\/\/now-news.de\/de\/deutschland\/gerichtsprozess-ist-die-deutsche-beteiligung-am-ukraine-krieg-mit-dem-grundgesetz-vereinbar\/"},"author":{"name":"rtnews","@id":"https:\/\/now-news.de\/de\/#\/schema\/person\/fb534a4e865501d8b3285208df34a9b5"},"headline":"Gerichtsprozess: Ist die deutsche Beteiligung am Ukraine-Krieg mit dem Grundgesetz vereinbar?","datePublished":"2024-10-04T16:44:55+00:00","dateModified":"2024-10-04T16:44:55+00:00","mainEntityOfPage":{"@id":"https:\/\/now-news.de\/de\/deutschland\/gerichtsprozess-ist-die-deutsche-beteiligung-am-ukraine-krieg-mit-dem-grundgesetz-vereinbar\/"},"wordCount":717,"commentCount":0,"publisher":{"@id":"https:\/\/now-news.de\/de\/#organization"},"image":{"@id":"https:\/\/now-news.de\/de\/deutschland\/gerichtsprozess-ist-die-deutsche-beteiligung-am-ukraine-krieg-mit-dem-grundgesetz-vereinbar\/#primaryimage"},"thumbnailUrl":"https:\/\/now-news.de\/de\/wp-content\/uploads\/sites\/3\/2024\/10\/Gerichtsprozess-Ist-die-deutsche-Beteiligung-am-Ukraine-Krieg-mit-dem-Grundgesetz.jpg","keywords":["Beteiligung","DEM","Deutsche","die","Gerichtsprozess","Grundgesetz","ist","mit","UkraineKrieg","vereinbar"],"articleSection":["Deutschland","Russland"],"inLanguage":"de","potentialAction":[{"@type":"CommentAction","name":"Comment","target":["https:\/\/now-news.de\/de\/deutschland\/gerichtsprozess-ist-die-deutsche-beteiligung-am-ukraine-krieg-mit-dem-grundgesetz-vereinbar\/#respond"]}]},{"@type":"WebPage","@id":"https:\/\/now-news.de\/de\/deutschland\/gerichtsprozess-ist-die-deutsche-beteiligung-am-ukraine-krieg-mit-dem-grundgesetz-vereinbar\/","url":"https:\/\/now-news.de\/de\/deutschland\/gerichtsprozess-ist-die-deutsche-beteiligung-am-ukraine-krieg-mit-dem-grundgesetz-vereinbar\/","name":"Gerichtsprozess: Ist die deutsche Beteiligung am Ukraine-Krieg mit dem Grundgesetz vereinbar? - just-now.NEWS Deutschland","isPartOf":{"@id":"https:\/\/now-news.de\/de\/#website"},"primaryImageOfPage":{"@id":"https:\/\/now-news.de\/de\/deutschland\/gerichtsprozess-ist-die-deutsche-beteiligung-am-ukraine-krieg-mit-dem-grundgesetz-vereinbar\/#primaryimage"},"image":{"@id":"https:\/\/now-news.de\/de\/deutschland\/gerichtsprozess-ist-die-deutsche-beteiligung-am-ukraine-krieg-mit-dem-grundgesetz-vereinbar\/#primaryimage"},"thumbnailUrl":"https:\/\/now-news.de\/de\/wp-content\/uploads\/sites\/3\/2024\/10\/Gerichtsprozess-Ist-die-deutsche-Beteiligung-am-Ukraine-Krieg-mit-dem-Grundgesetz.jpg","datePublished":"2024-10-04T16:44:55+00:00","dateModified":"2024-10-04T16:44:55+00:00","breadcrumb":{"@id":"https:\/\/now-news.de\/de\/deutschland\/gerichtsprozess-ist-die-deutsche-beteiligung-am-ukraine-krieg-mit-dem-grundgesetz-vereinbar\/#breadcrumb"},"inLanguage":"de","potentialAction":[{"@type":"ReadAction","target":["https:\/\/now-news.de\/de\/deutschland\/gerichtsprozess-ist-die-deutsche-beteiligung-am-ukraine-krieg-mit-dem-grundgesetz-vereinbar\/"]}]},{"@type":"ImageObject","inLanguage":"de","@id":"https:\/\/now-news.de\/de\/deutschland\/gerichtsprozess-ist-die-deutsche-beteiligung-am-ukraine-krieg-mit-dem-grundgesetz-vereinbar\/#primaryimage","url":"https:\/\/now-news.de\/de\/wp-content\/uploads\/sites\/3\/2024\/10\/Gerichtsprozess-Ist-die-deutsche-Beteiligung-am-Ukraine-Krieg-mit-dem-Grundgesetz.jpg","contentUrl":"https:\/\/now-news.de\/de\/wp-content\/uploads\/sites\/3\/2024\/10\/Gerichtsprozess-Ist-die-deutsche-Beteiligung-am-Ukraine-Krieg-mit-dem-Grundgesetz.jpg","width":460,"height":259,"caption":"Gerichtsprozess: Ist die deutsche Beteiligung am Ukraine-Krieg mit dem Grundgesetz vereinbar?"},{"@type":"BreadcrumbList","@id":"https:\/\/now-news.de\/de\/deutschland\/gerichtsprozess-ist-die-deutsche-beteiligung-am-ukraine-krieg-mit-dem-grundgesetz-vereinbar\/#breadcrumb","itemListElement":[{"@type":"ListItem","position":1,"name":"Home","item":"https:\/\/now-news.de\/de\/"},{"@type":"ListItem","position":2,"name":"Gerichtsprozess: Ist die deutsche Beteiligung am Ukraine-Krieg mit dem Grundgesetz vereinbar?"}]},{"@type":"WebSite","@id":"https:\/\/now-news.de\/de\/#website","url":"https:\/\/now-news.de\/de\/","name":"just-now.NEWS Deutschland","description":"Das Portal f\u00fcr unzensierte Nachrichten aus der Welt","publisher":{"@id":"https:\/\/now-news.de\/de\/#organization"},"potentialAction":[{"@type":"SearchAction","target":{"@type":"EntryPoint","urlTemplate":"https:\/\/now-news.de\/de\/?s={search_term_string}"},"query-input":"required name=search_term_string"}],"inLanguage":"de"},{"@type":"Organization","@id":"https:\/\/now-news.de\/de\/#organization","name":"Just Now News","url":"https:\/\/now-news.de\/de\/","logo":{"@type":"ImageObject","inLanguage":"de","@id":"https:\/\/now-news.de\/de\/#\/schema\/logo\/image\/","url":"http:\/\/just-now.news\/de\/wp-content\/uploads\/sites\/3\/2022\/04\/logo500x500.jpg","contentUrl":"http:\/\/just-now.news\/de\/wp-content\/uploads\/sites\/3\/2022\/04\/logo500x500.jpg","width":500,"height":500,"caption":"Just Now News"},"image":{"@id":"https:\/\/now-news.de\/de\/#\/schema\/logo\/image\/"},"sameAs":["https:\/\/www.facebook.com\/wirmachenauf","https:\/\/x.com\/WirMachenAuf_de"]},{"@type":"Person","@id":"https:\/\/now-news.de\/de\/#\/schema\/person\/fb534a4e865501d8b3285208df34a9b5","name":"rtnews","image":{"@type":"ImageObject","inLanguage":"de","@id":"https:\/\/now-news.de\/de\/#\/schema\/person\/image\/","url":"https:\/\/secure.gravatar.com\/avatar\/82aafea7d8127119dd649515f56e2117?s=96&d=mm&r=g","contentUrl":"https:\/\/secure.gravatar.com\/avatar\/82aafea7d8127119dd649515f56e2117?s=96&d=mm&r=g","caption":"rtnews"},"url":"https:\/\/now-news.de\/de\/author\/rnews\/"}]}},"_links":{"self":[{"href":"https:\/\/now-news.de\/de\/wp-json\/wp\/v2\/posts\/70270"}],"collection":[{"href":"https:\/\/now-news.de\/de\/wp-json\/wp\/v2\/posts"}],"about":[{"href":"https:\/\/now-news.de\/de\/wp-json\/wp\/v2\/types\/post"}],"author":[{"embeddable":true,"href":"https:\/\/now-news.de\/de\/wp-json\/wp\/v2\/users\/3"}],"replies":[{"embeddable":true,"href":"https:\/\/now-news.de\/de\/wp-json\/wp\/v2\/comments?post=70270"}],"version-history":[{"count":0,"href":"https:\/\/now-news.de\/de\/wp-json\/wp\/v2\/posts\/70270\/revisions"}],"wp:featuredmedia":[{"embeddable":true,"href":"https:\/\/now-news.de\/de\/wp-json\/wp\/v2\/media\/70271"}],"wp:attachment":[{"href":"https:\/\/now-news.de\/de\/wp-json\/wp\/v2\/media?parent=70270"}],"wp:term":[{"taxonomy":"category","embeddable":true,"href":"https:\/\/now-news.de\/de\/wp-json\/wp\/v2\/categories?post=70270"},{"taxonomy":"post_tag","embeddable":true,"href":"https:\/\/now-news.de\/de\/wp-json\/wp\/v2\/tags?post=70270"}],"curies":[{"name":"wp","href":"https:\/\/api.w.org\/{rel}","templated":true}]}}