{"id":70162,"date":"2024-10-02T21:08:57","date_gmt":"2024-10-02T19:08:57","guid":{"rendered":"https:\/\/now-news.de\/de\/deutschland\/polnischer-verteidigungsminister-bestaetigt-niemand-meldet-sich-fuer-ukrainische-legion\/"},"modified":"2024-10-02T21:08:57","modified_gmt":"2024-10-02T19:08:57","slug":"polnischer-verteidigungsminister-bestaetigt-niemand-meldet-sich-fuer-ukrainische-legion","status":"publish","type":"post","link":"https:\/\/now-news.de\/de\/deutschland\/polnischer-verteidigungsminister-bestaetigt-niemand-meldet-sich-fuer-ukrainische-legion\/","title":{"rendered":"Polnischer Verteidigungsminister best\u00e4tigt: Niemand meldet sich f\u00fcr &quot;Ukrainische Legion&quot;"},"content":{"rendered":"<p><img decoding=\"async\" src=\"https:\/\/now-news.de\/de\/wp-content\/uploads\/sites\/3\/2024\/10\/66fd7b2248fbef2649058cdd.jpg\" \/><\/p>\n<div class=\"Text-root Text-type_1 \">\n                Es finden sich keine freiwilligen Ukrainer, die sich der &#8220;Ukrainischen Legion&#8221; anschlie\u00dfen wollen. Dies teilt der polnische Verteidigungsminister in einem Interview mit. Das Gespr\u00e4ch ist ein weiterer Beleg daf\u00fcr, dass die Zahl der Misst\u00f6ne zwischen Warschau und Kiew w\u00e4chst.\n            <\/div>\n<p><\/p>\n<div class=\"Text-root Text-type_5 ArticleView-text ViewText-root \">\n<p>Dieses Bild zeichnete sich schon in einigen \u00c4u\u00dferungen polnischer Politiker in den letzten Wochen ab: Polen hat nicht gen\u00fcgend im Land lebende Ukrainer gefunden, um die Brigade zu vervollst\u00e4ndigen, die dann in die ukrainischen Streitkr\u00e4fte entsandt werden sollte. Nun hat der Verteidigungsminister W\u0142adys\u0142aw Kosiniak-Kamysz das Scheitern des Projekts best\u00e4tigt. In einem Interview mit <em>Wirtualna Polska <\/em><a rel=\"nofollow noopener\" target=\"_blank\" href=\"https:\/\/wiadomosci.wp.pl\/wladyslaw-kosiniak-kamysz-stawia-warunek-ukrainie-padly-mocne-slowa-7077277955767264a\">sagte<\/a>\u00a0er:<em>\u00a0<\/em><\/p>\n<blockquote>\n<p><em>&#8220;Wir sind nicht f\u00fcr die Rekrutierung zust\u00e4ndig, aber die Zahl der Personen, die von ukrainischer Seite [in die Brigade] eingezogen werden sollten, ist zu gering. Wir haben uns darauf vorbereitet.&#8221;\u00a0<\/em><\/p>\n<\/blockquote>\n<p>Der Minister erkl\u00e4rte, dass Polen nicht f\u00fcr die Rekrutierung, sondern f\u00fcr die Ausbildung des milit\u00e4rischen Personals zust\u00e4ndig sei, und wies darauf hin, dass die ukrainischen Erwartungen, mehrere tausend Freiwillige in Polen und anderen EU-L\u00e4ndern zu rekrutieren, nicht erf\u00fcllbar gewesen seien.\u00a0<\/p>\n<p>Damit ist der erneute Versuch, eine bewaffnete antirussische Milit\u00e4reinheit in Europa aufzustellen, offiziell gescheitert. Zur Erinnerung: Noch am 8. Juli erkl\u00e4rte der ukrainische Pr\u00e4sident Wladimir Selenskij, dass in Polen eine milit\u00e4rische Einheit mit der Bezeichnung &#8220;Ukrainische Legion&#8221; aufgestellt werden soll, der die in der Europ\u00e4ischen Union ans\u00e4ssigen ukrainischen B\u00fcrger auf freiwilliger Basis beitreten k\u00f6nnen. Wie sp\u00e4ter bekannt wurde, sollten zwei\u00a0mechanisierte Brigaden bis zum Jahr 2025 in Europa rekrutiert und ausgebildet werden \u2013 <em>RT DE<\/em>\u00a0<a rel=\"nofollow noopener\" target=\"_blank\" href=\"https:\/\/freedert.online\/europa\/217055-rekrutierung-in-eu-beginnt-ukraine-ukraine-plant-bildung-zwei-mechanisierten-brigaden-ausland\/\">berichtete<\/a>.\u00a0<\/p>\n<p>Daraus wurde nichts. Die ukrainischen M\u00e4nner, die vor den im ganzen Land ber\u00fcchtigten Mobilisierungskommandos geflohen sind, wollen einfach unter keinen Umst\u00e4nden an die Front. Diese mangelnde Bereitschaft, f\u00fcr die Regierung Selenskij in den Kampf gegen Russland zu ziehen, k\u00f6nnte man als\u00a0Zeugnis des wahren Verh\u00e4ltnisses\u00a0zum Krieg und zu den politischen Prozessen im Land bezeichnen.\u00a0<\/p>\n<p>Im Interview \u00e4u\u00dferte der polnische Verteidigungsminister auch sein Missfallen gegen\u00fcber der ukrainischen Position zum Wolhynien-Massaker und\u00a0kritisierte erneut den Ex-Au\u00dfenminister Dmitri Kuleba f\u00fcr <a rel=\"nofollow noopener\" target=\"_blank\" href=\"https:\/\/freedert.online\/europa\/217399-keine-aussoehnung-in-sicht-kuleba-schokiert-polen-aussagen-wolynien-massaker\/\">seine Aussagen\u00a0<\/a>in Polen, das Problem sei nun die Sache der Historiker. Er sagte, dass er eine andere Meinung als der polnische Pr\u00e4sident Andrzej Duda in der Frage des EU-Beitritts der Ukraine habe. Laut Duda diene es den Interessen Putins, die Exhumierung der Opfer des Wolhynien-Massakers als Bedingung zum Beitritt zu stellen. Die Einigung in historischen Fragen zwischen EU-Mitgliedern sei laut Kosiniak-Kamysz dagegen ein fundamentales Prinzip.\u00a0<\/p>\n<p>Kosiniak-Kamysz f\u00fcgte hinzu, dass Warschau als erstes Land milit\u00e4rische Hilfe nach Kiew geschickt habe, aber &#8220;die Ukraine erinnert sich nicht mehr daran&#8221;. Trotz dieser kritischen T\u00f6ne ist er der Meinung, dass Polen der Ukraine weiterhin milit\u00e4rische Unterst\u00fctzung leisten m\u00fcsse. Auf die Frage, wie es um die politischen Beziehungen Polens zur Ukraine bestellt sei, erkl\u00e4rte der Verteidigungsminister: &#8220;Die Frage der milit\u00e4rischen Hilfe ist eine Frage der Menschlichkeit und unserer Sicherheit, aber wirtschaftliche oder historische Fragen m\u00fcssen gekl\u00e4rt werden.&#8221;<\/p>\n<p><strong>Mehr zum Thema<\/strong>\u00a0\u2012 <a rel=\"nofollow noopener\" target=\"_blank\" href=\"https:\/\/freedert.online\/europa\/217399-keine-aussoehnung-in-sicht-kuleba-schokiert-polen-aussagen-wolynien-massaker\/\">Keine Auss\u00f6hnung in Sicht \u2013 Kuleba schockiert Polen mit Aussagen zum Wolhynien-Massaker<\/a><\/p>\n<div class=\"EmbedBlock-root EmbedBlock-externalVideo EmbedBlock-rumble\">\n<div class=\"VkEmbed\"><iframe class=\"lazyload\" data-src=\"https:\/\/rumble.com\/embed\/v5cgx6t\" frameborder=\"0\" width=\"853\" height=\"480\" allowfullscreen><\/iframe><\/div>\n<\/div>\n<\/div>\n<p><br \/>\n<br \/><a href=\"https:\/\/de.rt.com\/europa\/221230-polnischer-verteidigungsminister-bestaetigt-ukrainische-legion-ausland-gescheitert\/\">Source link <\/a><\/p>\n","protected":false},"excerpt":{"rendered":"<p>Es finden sich keine freiwilligen Ukrainer, die sich der &#8220;Ukrainischen Legion&#8221; anschlie\u00dfen wollen. Dies teilt der polnische Verteidigungsminister in einem Interview mit. Das Gespr\u00e4ch ist ein weiterer Beleg daf\u00fcr, dass die Zahl der Misst\u00f6ne zwischen Warschau und Kiew w\u00e4chst. Dieses Bild zeichnete sich schon in einigen \u00c4u\u00dferungen polnischer Politiker in den letzten Wochen ab: Polen [&hellip;]<\/p>\n","protected":false},"author":3,"featured_media":70163,"comment_status":"open","ping_status":"open","sticky":false,"template":"","format":"standard","meta":{"_yoast_indexnow_last_ping":["1727896606"],"wp_automatic_camp":["217"],"ec106027b3d1ca6b3f83b727b3df6d3c":["Polnischer Verteidigungsminister best\u00e4tigt: Niemand meldet sich f\u00fcr &quot;Ukrainische Legion&quot;"],"original_link":["https:\/\/de.rt.com\/europa\/221230-polnischer-verteidigungsminister-bestaetigt-ukrainische-legion-ausland-gescheitert\/"],"_thumbnail_id":["70163"],"jnews_social_counter_last_update":["1777620949"],"_wptgpro_p2tg_sent2tg":["a:1:{i:23737;s:19:\"2024-10-02 21:17:49\";}"]},"categories":[19,23],"tags":[1438,221,29105,272,5453,19459,26814,434,5456],"yoast_head":"<!-- This site is optimized with the Yoast SEO Premium plugin v22.7 (Yoast SEO v22.7) - https:\/\/yoast.com\/wordpress\/plugins\/seo\/ -->\n<title>Polnischer Verteidigungsminister best\u00e4tigt: Niemand meldet sich f\u00fcr &quot;Ukrainische Legion&quot; - just-now.NEWS Deutschland<\/title>\n<meta name=\"robots\" content=\"index, follow, max-snippet:-1, max-image-preview:large, max-video-preview:-1\" \/>\n<link rel=\"canonical\" href=\"https:\/\/now-news.de\/de\/deutschland\/polnischer-verteidigungsminister-bestaetigt-niemand-meldet-sich-fuer-ukrainische-legion\/\" \/>\n<meta property=\"og:locale\" content=\"de_DE\" \/>\n<meta property=\"og:type\" content=\"article\" \/>\n<meta property=\"og:title\" content=\"Polnischer Verteidigungsminister best\u00e4tigt: Niemand meldet sich f\u00fcr &quot;Ukrainische Legion&quot;\" \/>\n<meta property=\"og:description\" content=\"Es finden sich keine freiwilligen Ukrainer, die sich der &#8220;Ukrainischen Legion&#8221; anschlie\u00dfen wollen. Dies teilt der polnische Verteidigungsminister in einem Interview mit. Das Gespr\u00e4ch ist ein weiterer Beleg daf\u00fcr, dass die Zahl der Misst\u00f6ne zwischen Warschau und Kiew w\u00e4chst. Dieses Bild zeichnete sich schon in einigen \u00c4u\u00dferungen polnischer Politiker in den letzten Wochen ab: Polen [&hellip;]\" \/>\n<meta property=\"og:url\" content=\"https:\/\/now-news.de\/de\/deutschland\/polnischer-verteidigungsminister-bestaetigt-niemand-meldet-sich-fuer-ukrainische-legion\/\" \/>\n<meta property=\"og:site_name\" content=\"just-now.NEWS Deutschland\" \/>\n<meta property=\"article:publisher\" content=\"https:\/\/www.facebook.com\/wirmachenauf\" \/>\n<meta property=\"article:published_time\" content=\"2024-10-02T19:08:57+00:00\" \/>\n<meta property=\"og:image\" content=\"https:\/\/now-news.de\/de\/wp-content\/uploads\/sites\/3\/2024\/10\/66fd7b2248fbef2649058cdd.jpg\" \/>\n<meta name=\"author\" content=\"rtnews\" \/>\n<meta name=\"twitter:card\" content=\"summary_large_image\" \/>\n<meta name=\"twitter:creator\" content=\"@WirMachenAuf_de\" \/>\n<meta name=\"twitter:site\" content=\"@WirMachenAuf_de\" \/>\n<meta name=\"twitter:label1\" content=\"Verfasst von\" \/>\n\t<meta name=\"twitter:data1\" content=\"rtnews\" \/>\n\t<meta name=\"twitter:label2\" content=\"Gesch\u00e4tzte Lesezeit\" \/>\n\t<meta name=\"twitter:data2\" content=\"3\u00a0Minuten\" \/>\n<script type=\"application\/ld+json\" class=\"yoast-schema-graph\">{\"@context\":\"https:\/\/schema.org\",\"@graph\":[{\"@type\":\"Article\",\"@id\":\"https:\/\/now-news.de\/de\/deutschland\/polnischer-verteidigungsminister-bestaetigt-niemand-meldet-sich-fuer-ukrainische-legion\/#article\",\"isPartOf\":{\"@id\":\"https:\/\/now-news.de\/de\/deutschland\/polnischer-verteidigungsminister-bestaetigt-niemand-meldet-sich-fuer-ukrainische-legion\/\"},\"author\":{\"name\":\"rtnews\",\"@id\":\"https:\/\/now-news.de\/de\/#\/schema\/person\/fb534a4e865501d8b3285208df34a9b5\"},\"headline\":\"Polnischer Verteidigungsminister best\u00e4tigt: Niemand meldet sich f\u00fcr &quot;Ukrainische Legion&quot;\",\"datePublished\":\"2024-10-02T19:08:57+00:00\",\"dateModified\":\"2024-10-02T19:08:57+00:00\",\"mainEntityOfPage\":{\"@id\":\"https:\/\/now-news.de\/de\/deutschland\/polnischer-verteidigungsminister-bestaetigt-niemand-meldet-sich-fuer-ukrainische-legion\/\"},\"wordCount\":542,\"commentCount\":0,\"publisher\":{\"@id\":\"https:\/\/now-news.de\/de\/#organization\"},\"image\":{\"@id\":\"https:\/\/now-news.de\/de\/deutschland\/polnischer-verteidigungsminister-bestaetigt-niemand-meldet-sich-fuer-ukrainische-legion\/#primaryimage\"},\"thumbnailUrl\":\"https:\/\/now-news.de\/de\/wp-content\/uploads\/sites\/3\/2024\/10\/Polnischer-Verteidigungsminister-bestaetigt-Niemand-meldet-sich-fuer-quotUkrainische-Legionquot.jpg\",\"keywords\":[\"best\u00e4tigt\",\"f\u00fcr\",\"Legionquot\",\"meldet\",\"niemand\",\"Polnischer\",\"quotUkrainische\",\"sich\",\"Verteidigungsminister\"],\"articleSection\":[\"Deutschland\",\"Russland\"],\"inLanguage\":\"de\",\"potentialAction\":[{\"@type\":\"CommentAction\",\"name\":\"Comment\",\"target\":[\"https:\/\/now-news.de\/de\/deutschland\/polnischer-verteidigungsminister-bestaetigt-niemand-meldet-sich-fuer-ukrainische-legion\/#respond\"]}]},{\"@type\":\"WebPage\",\"@id\":\"https:\/\/now-news.de\/de\/deutschland\/polnischer-verteidigungsminister-bestaetigt-niemand-meldet-sich-fuer-ukrainische-legion\/\",\"url\":\"https:\/\/now-news.de\/de\/deutschland\/polnischer-verteidigungsminister-bestaetigt-niemand-meldet-sich-fuer-ukrainische-legion\/\",\"name\":\"Polnischer Verteidigungsminister best\u00e4tigt: Niemand meldet sich f\u00fcr &quot;Ukrainische Legion&quot; - just-now.NEWS Deutschland\",\"isPartOf\":{\"@id\":\"https:\/\/now-news.de\/de\/#website\"},\"primaryImageOfPage\":{\"@id\":\"https:\/\/now-news.de\/de\/deutschland\/polnischer-verteidigungsminister-bestaetigt-niemand-meldet-sich-fuer-ukrainische-legion\/#primaryimage\"},\"image\":{\"@id\":\"https:\/\/now-news.de\/de\/deutschland\/polnischer-verteidigungsminister-bestaetigt-niemand-meldet-sich-fuer-ukrainische-legion\/#primaryimage\"},\"thumbnailUrl\":\"https:\/\/now-news.de\/de\/wp-content\/uploads\/sites\/3\/2024\/10\/Polnischer-Verteidigungsminister-bestaetigt-Niemand-meldet-sich-fuer-quotUkrainische-Legionquot.jpg\",\"datePublished\":\"2024-10-02T19:08:57+00:00\",\"dateModified\":\"2024-10-02T19:08:57+00:00\",\"breadcrumb\":{\"@id\":\"https:\/\/now-news.de\/de\/deutschland\/polnischer-verteidigungsminister-bestaetigt-niemand-meldet-sich-fuer-ukrainische-legion\/#breadcrumb\"},\"inLanguage\":\"de\",\"potentialAction\":[{\"@type\":\"ReadAction\",\"target\":[\"https:\/\/now-news.de\/de\/deutschland\/polnischer-verteidigungsminister-bestaetigt-niemand-meldet-sich-fuer-ukrainische-legion\/\"]}]},{\"@type\":\"ImageObject\",\"inLanguage\":\"de\",\"@id\":\"https:\/\/now-news.de\/de\/deutschland\/polnischer-verteidigungsminister-bestaetigt-niemand-meldet-sich-fuer-ukrainische-legion\/#primaryimage\",\"url\":\"https:\/\/now-news.de\/de\/wp-content\/uploads\/sites\/3\/2024\/10\/Polnischer-Verteidigungsminister-bestaetigt-Niemand-meldet-sich-fuer-quotUkrainische-Legionquot.jpg\",\"contentUrl\":\"https:\/\/now-news.de\/de\/wp-content\/uploads\/sites\/3\/2024\/10\/Polnischer-Verteidigungsminister-bestaetigt-Niemand-meldet-sich-fuer-quotUkrainische-Legionquot.jpg\",\"width\":460,\"height\":259,\"caption\":\"Polnischer Verteidigungsminister best\u00e4tigt: Niemand meldet sich f\u00fcr &quot;Ukrainische Legion&quot;\"},{\"@type\":\"BreadcrumbList\",\"@id\":\"https:\/\/now-news.de\/de\/deutschland\/polnischer-verteidigungsminister-bestaetigt-niemand-meldet-sich-fuer-ukrainische-legion\/#breadcrumb\",\"itemListElement\":[{\"@type\":\"ListItem\",\"position\":1,\"name\":\"Home\",\"item\":\"https:\/\/now-news.de\/de\/\"},{\"@type\":\"ListItem\",\"position\":2,\"name\":\"Polnischer Verteidigungsminister best\u00e4tigt: Niemand meldet sich f\u00fcr &quot;Ukrainische Legion&quot;\"}]},{\"@type\":\"WebSite\",\"@id\":\"https:\/\/now-news.de\/de\/#website\",\"url\":\"https:\/\/now-news.de\/de\/\",\"name\":\"just-now.NEWS Deutschland\",\"description\":\"Das Portal f\u00fcr unzensierte Nachrichten aus der Welt\",\"publisher\":{\"@id\":\"https:\/\/now-news.de\/de\/#organization\"},\"potentialAction\":[{\"@type\":\"SearchAction\",\"target\":{\"@type\":\"EntryPoint\",\"urlTemplate\":\"https:\/\/now-news.de\/de\/?s={search_term_string}\"},\"query-input\":\"required name=search_term_string\"}],\"inLanguage\":\"de\"},{\"@type\":\"Organization\",\"@id\":\"https:\/\/now-news.de\/de\/#organization\",\"name\":\"Just Now News\",\"url\":\"https:\/\/now-news.de\/de\/\",\"logo\":{\"@type\":\"ImageObject\",\"inLanguage\":\"de\",\"@id\":\"https:\/\/now-news.de\/de\/#\/schema\/logo\/image\/\",\"url\":\"http:\/\/just-now.news\/de\/wp-content\/uploads\/sites\/3\/2022\/04\/logo500x500.jpg\",\"contentUrl\":\"http:\/\/just-now.news\/de\/wp-content\/uploads\/sites\/3\/2022\/04\/logo500x500.jpg\",\"width\":500,\"height\":500,\"caption\":\"Just Now News\"},\"image\":{\"@id\":\"https:\/\/now-news.de\/de\/#\/schema\/logo\/image\/\"},\"sameAs\":[\"https:\/\/www.facebook.com\/wirmachenauf\",\"https:\/\/x.com\/WirMachenAuf_de\"]},{\"@type\":\"Person\",\"@id\":\"https:\/\/now-news.de\/de\/#\/schema\/person\/fb534a4e865501d8b3285208df34a9b5\",\"name\":\"rtnews\",\"image\":{\"@type\":\"ImageObject\",\"inLanguage\":\"de\",\"@id\":\"https:\/\/now-news.de\/de\/#\/schema\/person\/image\/\",\"url\":\"https:\/\/secure.gravatar.com\/avatar\/82aafea7d8127119dd649515f56e2117?s=96&d=mm&r=g\",\"contentUrl\":\"https:\/\/secure.gravatar.com\/avatar\/82aafea7d8127119dd649515f56e2117?s=96&d=mm&r=g\",\"caption\":\"rtnews\"},\"url\":\"https:\/\/now-news.de\/de\/author\/rnews\/\"}]}<\/script>\n<!-- \/ Yoast SEO Premium plugin. -->","yoast_head_json":{"title":"Polnischer Verteidigungsminister best\u00e4tigt: Niemand meldet sich f\u00fcr &quot;Ukrainische Legion&quot; - just-now.NEWS Deutschland","robots":{"index":"index","follow":"follow","max-snippet":"max-snippet:-1","max-image-preview":"max-image-preview:large","max-video-preview":"max-video-preview:-1"},"canonical":"https:\/\/now-news.de\/de\/deutschland\/polnischer-verteidigungsminister-bestaetigt-niemand-meldet-sich-fuer-ukrainische-legion\/","og_locale":"de_DE","og_type":"article","og_title":"Polnischer Verteidigungsminister best\u00e4tigt: Niemand meldet sich f\u00fcr &quot;Ukrainische Legion&quot;","og_description":"Es finden sich keine freiwilligen Ukrainer, die sich der &#8220;Ukrainischen Legion&#8221; anschlie\u00dfen wollen. Dies teilt der polnische Verteidigungsminister in einem Interview mit. Das Gespr\u00e4ch ist ein weiterer Beleg daf\u00fcr, dass die Zahl der Misst\u00f6ne zwischen Warschau und Kiew w\u00e4chst. Dieses Bild zeichnete sich schon in einigen \u00c4u\u00dferungen polnischer Politiker in den letzten Wochen ab: Polen [&hellip;]","og_url":"https:\/\/now-news.de\/de\/deutschland\/polnischer-verteidigungsminister-bestaetigt-niemand-meldet-sich-fuer-ukrainische-legion\/","og_site_name":"just-now.NEWS Deutschland","article_publisher":"https:\/\/www.facebook.com\/wirmachenauf","article_published_time":"2024-10-02T19:08:57+00:00","og_image":[{"url":"https:\/\/now-news.de\/de\/wp-content\/uploads\/sites\/3\/2024\/10\/66fd7b2248fbef2649058cdd.jpg"}],"author":"rtnews","twitter_card":"summary_large_image","twitter_creator":"@WirMachenAuf_de","twitter_site":"@WirMachenAuf_de","twitter_misc":{"Verfasst von":"rtnews","Gesch\u00e4tzte Lesezeit":"3\u00a0Minuten"},"schema":{"@context":"https:\/\/schema.org","@graph":[{"@type":"Article","@id":"https:\/\/now-news.de\/de\/deutschland\/polnischer-verteidigungsminister-bestaetigt-niemand-meldet-sich-fuer-ukrainische-legion\/#article","isPartOf":{"@id":"https:\/\/now-news.de\/de\/deutschland\/polnischer-verteidigungsminister-bestaetigt-niemand-meldet-sich-fuer-ukrainische-legion\/"},"author":{"name":"rtnews","@id":"https:\/\/now-news.de\/de\/#\/schema\/person\/fb534a4e865501d8b3285208df34a9b5"},"headline":"Polnischer Verteidigungsminister best\u00e4tigt: Niemand meldet sich f\u00fcr &quot;Ukrainische Legion&quot;","datePublished":"2024-10-02T19:08:57+00:00","dateModified":"2024-10-02T19:08:57+00:00","mainEntityOfPage":{"@id":"https:\/\/now-news.de\/de\/deutschland\/polnischer-verteidigungsminister-bestaetigt-niemand-meldet-sich-fuer-ukrainische-legion\/"},"wordCount":542,"commentCount":0,"publisher":{"@id":"https:\/\/now-news.de\/de\/#organization"},"image":{"@id":"https:\/\/now-news.de\/de\/deutschland\/polnischer-verteidigungsminister-bestaetigt-niemand-meldet-sich-fuer-ukrainische-legion\/#primaryimage"},"thumbnailUrl":"https:\/\/now-news.de\/de\/wp-content\/uploads\/sites\/3\/2024\/10\/Polnischer-Verteidigungsminister-bestaetigt-Niemand-meldet-sich-fuer-quotUkrainische-Legionquot.jpg","keywords":["best\u00e4tigt","f\u00fcr","Legionquot","meldet","niemand","Polnischer","quotUkrainische","sich","Verteidigungsminister"],"articleSection":["Deutschland","Russland"],"inLanguage":"de","potentialAction":[{"@type":"CommentAction","name":"Comment","target":["https:\/\/now-news.de\/de\/deutschland\/polnischer-verteidigungsminister-bestaetigt-niemand-meldet-sich-fuer-ukrainische-legion\/#respond"]}]},{"@type":"WebPage","@id":"https:\/\/now-news.de\/de\/deutschland\/polnischer-verteidigungsminister-bestaetigt-niemand-meldet-sich-fuer-ukrainische-legion\/","url":"https:\/\/now-news.de\/de\/deutschland\/polnischer-verteidigungsminister-bestaetigt-niemand-meldet-sich-fuer-ukrainische-legion\/","name":"Polnischer Verteidigungsminister best\u00e4tigt: Niemand meldet sich f\u00fcr &quot;Ukrainische Legion&quot; - just-now.NEWS Deutschland","isPartOf":{"@id":"https:\/\/now-news.de\/de\/#website"},"primaryImageOfPage":{"@id":"https:\/\/now-news.de\/de\/deutschland\/polnischer-verteidigungsminister-bestaetigt-niemand-meldet-sich-fuer-ukrainische-legion\/#primaryimage"},"image":{"@id":"https:\/\/now-news.de\/de\/deutschland\/polnischer-verteidigungsminister-bestaetigt-niemand-meldet-sich-fuer-ukrainische-legion\/#primaryimage"},"thumbnailUrl":"https:\/\/now-news.de\/de\/wp-content\/uploads\/sites\/3\/2024\/10\/Polnischer-Verteidigungsminister-bestaetigt-Niemand-meldet-sich-fuer-quotUkrainische-Legionquot.jpg","datePublished":"2024-10-02T19:08:57+00:00","dateModified":"2024-10-02T19:08:57+00:00","breadcrumb":{"@id":"https:\/\/now-news.de\/de\/deutschland\/polnischer-verteidigungsminister-bestaetigt-niemand-meldet-sich-fuer-ukrainische-legion\/#breadcrumb"},"inLanguage":"de","potentialAction":[{"@type":"ReadAction","target":["https:\/\/now-news.de\/de\/deutschland\/polnischer-verteidigungsminister-bestaetigt-niemand-meldet-sich-fuer-ukrainische-legion\/"]}]},{"@type":"ImageObject","inLanguage":"de","@id":"https:\/\/now-news.de\/de\/deutschland\/polnischer-verteidigungsminister-bestaetigt-niemand-meldet-sich-fuer-ukrainische-legion\/#primaryimage","url":"https:\/\/now-news.de\/de\/wp-content\/uploads\/sites\/3\/2024\/10\/Polnischer-Verteidigungsminister-bestaetigt-Niemand-meldet-sich-fuer-quotUkrainische-Legionquot.jpg","contentUrl":"https:\/\/now-news.de\/de\/wp-content\/uploads\/sites\/3\/2024\/10\/Polnischer-Verteidigungsminister-bestaetigt-Niemand-meldet-sich-fuer-quotUkrainische-Legionquot.jpg","width":460,"height":259,"caption":"Polnischer Verteidigungsminister best\u00e4tigt: Niemand meldet sich f\u00fcr &quot;Ukrainische Legion&quot;"},{"@type":"BreadcrumbList","@id":"https:\/\/now-news.de\/de\/deutschland\/polnischer-verteidigungsminister-bestaetigt-niemand-meldet-sich-fuer-ukrainische-legion\/#breadcrumb","itemListElement":[{"@type":"ListItem","position":1,"name":"Home","item":"https:\/\/now-news.de\/de\/"},{"@type":"ListItem","position":2,"name":"Polnischer Verteidigungsminister best\u00e4tigt: Niemand meldet sich f\u00fcr &quot;Ukrainische Legion&quot;"}]},{"@type":"WebSite","@id":"https:\/\/now-news.de\/de\/#website","url":"https:\/\/now-news.de\/de\/","name":"just-now.NEWS Deutschland","description":"Das Portal f\u00fcr unzensierte Nachrichten aus der Welt","publisher":{"@id":"https:\/\/now-news.de\/de\/#organization"},"potentialAction":[{"@type":"SearchAction","target":{"@type":"EntryPoint","urlTemplate":"https:\/\/now-news.de\/de\/?s={search_term_string}"},"query-input":"required name=search_term_string"}],"inLanguage":"de"},{"@type":"Organization","@id":"https:\/\/now-news.de\/de\/#organization","name":"Just Now News","url":"https:\/\/now-news.de\/de\/","logo":{"@type":"ImageObject","inLanguage":"de","@id":"https:\/\/now-news.de\/de\/#\/schema\/logo\/image\/","url":"http:\/\/just-now.news\/de\/wp-content\/uploads\/sites\/3\/2022\/04\/logo500x500.jpg","contentUrl":"http:\/\/just-now.news\/de\/wp-content\/uploads\/sites\/3\/2022\/04\/logo500x500.jpg","width":500,"height":500,"caption":"Just Now News"},"image":{"@id":"https:\/\/now-news.de\/de\/#\/schema\/logo\/image\/"},"sameAs":["https:\/\/www.facebook.com\/wirmachenauf","https:\/\/x.com\/WirMachenAuf_de"]},{"@type":"Person","@id":"https:\/\/now-news.de\/de\/#\/schema\/person\/fb534a4e865501d8b3285208df34a9b5","name":"rtnews","image":{"@type":"ImageObject","inLanguage":"de","@id":"https:\/\/now-news.de\/de\/#\/schema\/person\/image\/","url":"https:\/\/secure.gravatar.com\/avatar\/82aafea7d8127119dd649515f56e2117?s=96&d=mm&r=g","contentUrl":"https:\/\/secure.gravatar.com\/avatar\/82aafea7d8127119dd649515f56e2117?s=96&d=mm&r=g","caption":"rtnews"},"url":"https:\/\/now-news.de\/de\/author\/rnews\/"}]}},"_links":{"self":[{"href":"https:\/\/now-news.de\/de\/wp-json\/wp\/v2\/posts\/70162"}],"collection":[{"href":"https:\/\/now-news.de\/de\/wp-json\/wp\/v2\/posts"}],"about":[{"href":"https:\/\/now-news.de\/de\/wp-json\/wp\/v2\/types\/post"}],"author":[{"embeddable":true,"href":"https:\/\/now-news.de\/de\/wp-json\/wp\/v2\/users\/3"}],"replies":[{"embeddable":true,"href":"https:\/\/now-news.de\/de\/wp-json\/wp\/v2\/comments?post=70162"}],"version-history":[{"count":0,"href":"https:\/\/now-news.de\/de\/wp-json\/wp\/v2\/posts\/70162\/revisions"}],"wp:featuredmedia":[{"embeddable":true,"href":"https:\/\/now-news.de\/de\/wp-json\/wp\/v2\/media\/70163"}],"wp:attachment":[{"href":"https:\/\/now-news.de\/de\/wp-json\/wp\/v2\/media?parent=70162"}],"wp:term":[{"taxonomy":"category","embeddable":true,"href":"https:\/\/now-news.de\/de\/wp-json\/wp\/v2\/categories?post=70162"},{"taxonomy":"post_tag","embeddable":true,"href":"https:\/\/now-news.de\/de\/wp-json\/wp\/v2\/tags?post=70162"}],"curies":[{"name":"wp","href":"https:\/\/api.w.org\/{rel}","templated":true}]}}