{"id":70158,"date":"2024-10-02T19:38:58","date_gmt":"2024-10-02T17:38:58","guid":{"rendered":"https:\/\/now-news.de\/de\/deutschland\/amtsenthebungsverfahren-gegen-macron-im-franzoesischen-parlament-fehlgeschlagen\/"},"modified":"2024-10-02T19:38:58","modified_gmt":"2024-10-02T17:38:58","slug":"amtsenthebungsverfahren-gegen-macron-im-franzoesischen-parlament-fehlgeschlagen","status":"publish","type":"post","link":"https:\/\/now-news.de\/de\/deutschland\/amtsenthebungsverfahren-gegen-macron-im-franzoesischen-parlament-fehlgeschlagen\/","title":{"rendered":"Amtsenthebungsverfahren gegen Macron im franz\u00f6sischen Parlament fehlgeschlagen"},"content":{"rendered":"<p><img decoding=\"async\" src=\"https:\/\/now-news.de\/de\/wp-content\/uploads\/sites\/3\/2024\/10\/66fd673848fbef2649058cb2.jpg\" \/><\/p>\n<div class=\"Text-root Text-type_1 \">\n                Die Abgeordneten der franz\u00f6sischen Nationalversammlung haben das Amtsenthebungsverfahren gegen Emmanuel Macron nicht unterst\u00fctzt. Die Initiative, die auf dem Unmut \u00fcber die Ernennung des Premierministers fu\u00dft, wurde Ende August von der linken Partei &#8220;La France insoumise&#8221; vorgebracht.\n            <\/div>\n<p><\/p>\n<div class=\"Text-root Text-type_5 ArticleView-text ViewText-root \">\n<p>Der Rechtsausschuss der franz\u00f6sischen Nationalversammlung hat ein Amtsenthebungsverfahren gegen den Pr\u00e4sidenten Emmanuel Macron abgelehnt. Bei der Abstimmung am Mittwochmorgen unterst\u00fctzten nur 15 Abgeordnete die entsprechende Initiative, w\u00e4hrend sich 54 Parlamentarier dagegen aussprachen.<\/p>\n<p>Wie die Zeitung <em>Le Monde<\/em> betonte, wurde zum ersten Mal in der Geschichte der F\u00fcnften Republik\u00a0ein Amtsenthebungsverfahren gegen einen Pr\u00e4sidenten diskutiert. Mit der Initiative trat Ende August die linke Partei &#8220;La France insoumise&#8221; (auf Deutsch: &#8220;Unbeugsames Frankreich&#8221;) hervor. Das Pr\u00e4sidium der Nationalversammlung best\u00e4tigte vor zwei Wochen die &#8220;Zul\u00e4ssigkeit&#8221; des Vorschlags.<\/p>\n<p>Als\u00a0Grund f\u00fcr die Amtsenthebung bezeichnete die Partei die Weigerung des Pr\u00e4sidenten, Lucie Castets vom linken Wahlb\u00fcndnis &#8220;Nouveau Front populaire&#8221; (auf Deutsch: &#8220;Neue Volksfront&#8221;) als Premierministerin zu ernennen. Im Juni 2024 hatte das Wahlb\u00fcndnis die Parlamentswahl gewonnen.<\/p>\n<p>W\u00e4hrend der parlamentarischen Diskussionen warf &#8220;La France insoumise&#8221; Macron eine &#8220;Machtergreifung&#8221; vor,\u00a0weil er Michel Barnier statt Castets ernannt hatte. Antoine L\u00e9aument, ein Abgeordneter der Partei, argumentierte, dass Macron der Grund f\u00fcr Instabilit\u00e4t und Chaos sei. Das Parlament sollte die Stimme des Volkes erh\u00f6ren und den Pr\u00e4sidenten aus dem Amt entfernen.<\/p>\n<p>Andere linke Abgeordnete waren weniger kategorisch, indem sie die Besorgnis zum Ausdruck brachten, dass die Initiative zum Pr\u00e4zedenzfall w\u00fcrde, den es in der modernen Parlamentstradition Frankreichs noch nicht gegeben habe. Au\u00dferdem \u00e4u\u00dferte man sich skeptisch dahingehend, dass Macron\u00a0\u2012 entgegen den Anschuldigungen von &#8220;La France insoumise&#8221;\u00a0\u2012 tats\u00e4chlich gegen die franz\u00f6sische Verfassung versto\u00dfen habe.<\/p>\n<p>Trotz der Ablehnung k\u00f6nnte die Initiative bei einer Tagung im Plenarsaal der Nationalversammlung debattiert werden, wenn die Frage auf die Tagesordnung gesetzt w\u00fcrde. Dies sei aber laut <em>Le Monde<\/em> wenig wahrscheinlich. Die Punkte der Tagesordnung werden von der sogenannten Konferenz der Pr\u00e4sidenten festgelegt, in der die linken Abgeordneten \u00fcber keine Mehrheit verf\u00fcgen.<\/p>\n<p><strong>Mehr zum Thema\u00a0\u2013<\/strong>\u00a0<a rel=\"nofollow noopener\" target=\"_blank\" href=\"https:\/\/freedert.online\/europa\/220011-tausende-protestieren-gegen-neue-regierung\/\">Tausende protestieren gegen neue Regierung in Frankreich<\/a><\/p>\n<div class=\"EmbedBlock-root EmbedBlock-externalVideo EmbedBlock-rumble\">\n<div class=\"VkEmbed\"><iframe class=\"lazyload\" data-src=\"https:\/\/rumble.com\/embed\/v5c2fir\" frameborder=\"0\" width=\"853\" height=\"480\" allowfullscreen><\/iframe><\/div>\n<\/div>\n<\/div>\n<p><br \/>\n<br \/><a href=\"https:\/\/de.rt.com\/europa\/221209-amtsenthebungsverfahren-gegen-macron-im-franzoesischen\/\">Source link <\/a><\/p>\n","protected":false},"excerpt":{"rendered":"<p>Die Abgeordneten der franz\u00f6sischen Nationalversammlung haben das Amtsenthebungsverfahren gegen Emmanuel Macron nicht unterst\u00fctzt. Die Initiative, die auf dem Unmut \u00fcber die Ernennung des Premierministers fu\u00dft, wurde Ende August von der linken Partei &#8220;La France insoumise&#8221; vorgebracht. Der Rechtsausschuss der franz\u00f6sischen Nationalversammlung hat ein Amtsenthebungsverfahren gegen den Pr\u00e4sidenten Emmanuel Macron abgelehnt. Bei der Abstimmung am Mittwochmorgen [&hellip;]<\/p>\n","protected":false},"author":3,"featured_media":70159,"comment_status":"open","ping_status":"open","sticky":false,"template":"","format":"standard","meta":{"_yoast_indexnow_last_ping":["1727891672"],"wp_automatic_camp":["217"],"c5a07717b234d82f2879c10c3215009e":["Amtsenthebungsverfahren gegen Macron im franz\u00f6sischen Parlament fehlgeschlagen"],"original_link":["https:\/\/de.rt.com\/europa\/221209-amtsenthebungsverfahren-gegen-macron-im-franzoesischen\/"],"_thumbnail_id":["70159"],"_wptgpro_p2tg_sent2tg":["a:1:{i:23737;s:19:\"2024-10-02 19:55:44\";}"],"jnews_social_counter_last_update":["1777617540"]},"categories":[19,23],"tags":[10569,40932,18875,278,1711,3832],"yoast_head":"<!-- This site is optimized with the Yoast SEO Premium plugin v22.7 (Yoast SEO v22.7) - https:\/\/yoast.com\/wordpress\/plugins\/seo\/ -->\n<title>Amtsenthebungsverfahren gegen Macron im franz\u00f6sischen Parlament fehlgeschlagen - just-now.NEWS Deutschland<\/title>\n<meta name=\"robots\" content=\"index, follow, max-snippet:-1, max-image-preview:large, max-video-preview:-1\" \/>\n<link rel=\"canonical\" href=\"https:\/\/now-news.de\/de\/deutschland\/amtsenthebungsverfahren-gegen-macron-im-franzoesischen-parlament-fehlgeschlagen\/\" \/>\n<meta property=\"og:locale\" content=\"de_DE\" \/>\n<meta property=\"og:type\" content=\"article\" \/>\n<meta property=\"og:title\" content=\"Amtsenthebungsverfahren gegen Macron im franz\u00f6sischen Parlament fehlgeschlagen\" \/>\n<meta property=\"og:description\" content=\"Die Abgeordneten der franz\u00f6sischen Nationalversammlung haben das Amtsenthebungsverfahren gegen Emmanuel Macron nicht unterst\u00fctzt. Die Initiative, die auf dem Unmut \u00fcber die Ernennung des Premierministers fu\u00dft, wurde Ende August von der linken Partei &#8220;La France insoumise&#8221; vorgebracht. Der Rechtsausschuss der franz\u00f6sischen Nationalversammlung hat ein Amtsenthebungsverfahren gegen den Pr\u00e4sidenten Emmanuel Macron abgelehnt. Bei der Abstimmung am Mittwochmorgen [&hellip;]\" \/>\n<meta property=\"og:url\" content=\"https:\/\/now-news.de\/de\/deutschland\/amtsenthebungsverfahren-gegen-macron-im-franzoesischen-parlament-fehlgeschlagen\/\" \/>\n<meta property=\"og:site_name\" content=\"just-now.NEWS Deutschland\" \/>\n<meta property=\"article:publisher\" content=\"https:\/\/www.facebook.com\/wirmachenauf\" \/>\n<meta property=\"article:published_time\" content=\"2024-10-02T17:38:58+00:00\" \/>\n<meta property=\"og:image\" content=\"https:\/\/now-news.de\/de\/wp-content\/uploads\/sites\/3\/2024\/10\/66fd673848fbef2649058cb2.jpg\" \/>\n<meta name=\"author\" content=\"rtnews\" \/>\n<meta name=\"twitter:card\" content=\"summary_large_image\" \/>\n<meta name=\"twitter:creator\" content=\"@WirMachenAuf_de\" \/>\n<meta name=\"twitter:site\" content=\"@WirMachenAuf_de\" \/>\n<meta name=\"twitter:label1\" content=\"Verfasst von\" \/>\n\t<meta name=\"twitter:data1\" content=\"rtnews\" \/>\n\t<meta name=\"twitter:label2\" content=\"Gesch\u00e4tzte Lesezeit\" \/>\n\t<meta name=\"twitter:data2\" content=\"2\u00a0Minuten\" \/>\n<script type=\"application\/ld+json\" class=\"yoast-schema-graph\">{\"@context\":\"https:\/\/schema.org\",\"@graph\":[{\"@type\":\"Article\",\"@id\":\"https:\/\/now-news.de\/de\/deutschland\/amtsenthebungsverfahren-gegen-macron-im-franzoesischen-parlament-fehlgeschlagen\/#article\",\"isPartOf\":{\"@id\":\"https:\/\/now-news.de\/de\/deutschland\/amtsenthebungsverfahren-gegen-macron-im-franzoesischen-parlament-fehlgeschlagen\/\"},\"author\":{\"name\":\"rtnews\",\"@id\":\"https:\/\/now-news.de\/de\/#\/schema\/person\/fb534a4e865501d8b3285208df34a9b5\"},\"headline\":\"Amtsenthebungsverfahren gegen Macron im franz\u00f6sischen Parlament fehlgeschlagen\",\"datePublished\":\"2024-10-02T17:38:58+00:00\",\"dateModified\":\"2024-10-02T17:38:58+00:00\",\"mainEntityOfPage\":{\"@id\":\"https:\/\/now-news.de\/de\/deutschland\/amtsenthebungsverfahren-gegen-macron-im-franzoesischen-parlament-fehlgeschlagen\/\"},\"wordCount\":362,\"commentCount\":0,\"publisher\":{\"@id\":\"https:\/\/now-news.de\/de\/#organization\"},\"image\":{\"@id\":\"https:\/\/now-news.de\/de\/deutschland\/amtsenthebungsverfahren-gegen-macron-im-franzoesischen-parlament-fehlgeschlagen\/#primaryimage\"},\"thumbnailUrl\":\"https:\/\/now-news.de\/de\/wp-content\/uploads\/sites\/3\/2024\/10\/Amtsenthebungsverfahren-gegen-Macron-im-franzoesischen-Parlament-fehlgeschlagen.jpg\",\"keywords\":[\"amtsenthebungsverfahren\",\"fehlgeschlagen\",\"franz\u00f6sischen\",\"gegen\",\"macron\",\"Parlament\"],\"articleSection\":[\"Deutschland\",\"Russland\"],\"inLanguage\":\"de\",\"potentialAction\":[{\"@type\":\"CommentAction\",\"name\":\"Comment\",\"target\":[\"https:\/\/now-news.de\/de\/deutschland\/amtsenthebungsverfahren-gegen-macron-im-franzoesischen-parlament-fehlgeschlagen\/#respond\"]}]},{\"@type\":\"WebPage\",\"@id\":\"https:\/\/now-news.de\/de\/deutschland\/amtsenthebungsverfahren-gegen-macron-im-franzoesischen-parlament-fehlgeschlagen\/\",\"url\":\"https:\/\/now-news.de\/de\/deutschland\/amtsenthebungsverfahren-gegen-macron-im-franzoesischen-parlament-fehlgeschlagen\/\",\"name\":\"Amtsenthebungsverfahren gegen Macron im franz\u00f6sischen Parlament fehlgeschlagen - just-now.NEWS Deutschland\",\"isPartOf\":{\"@id\":\"https:\/\/now-news.de\/de\/#website\"},\"primaryImageOfPage\":{\"@id\":\"https:\/\/now-news.de\/de\/deutschland\/amtsenthebungsverfahren-gegen-macron-im-franzoesischen-parlament-fehlgeschlagen\/#primaryimage\"},\"image\":{\"@id\":\"https:\/\/now-news.de\/de\/deutschland\/amtsenthebungsverfahren-gegen-macron-im-franzoesischen-parlament-fehlgeschlagen\/#primaryimage\"},\"thumbnailUrl\":\"https:\/\/now-news.de\/de\/wp-content\/uploads\/sites\/3\/2024\/10\/Amtsenthebungsverfahren-gegen-Macron-im-franzoesischen-Parlament-fehlgeschlagen.jpg\",\"datePublished\":\"2024-10-02T17:38:58+00:00\",\"dateModified\":\"2024-10-02T17:38:58+00:00\",\"breadcrumb\":{\"@id\":\"https:\/\/now-news.de\/de\/deutschland\/amtsenthebungsverfahren-gegen-macron-im-franzoesischen-parlament-fehlgeschlagen\/#breadcrumb\"},\"inLanguage\":\"de\",\"potentialAction\":[{\"@type\":\"ReadAction\",\"target\":[\"https:\/\/now-news.de\/de\/deutschland\/amtsenthebungsverfahren-gegen-macron-im-franzoesischen-parlament-fehlgeschlagen\/\"]}]},{\"@type\":\"ImageObject\",\"inLanguage\":\"de\",\"@id\":\"https:\/\/now-news.de\/de\/deutschland\/amtsenthebungsverfahren-gegen-macron-im-franzoesischen-parlament-fehlgeschlagen\/#primaryimage\",\"url\":\"https:\/\/now-news.de\/de\/wp-content\/uploads\/sites\/3\/2024\/10\/Amtsenthebungsverfahren-gegen-Macron-im-franzoesischen-Parlament-fehlgeschlagen.jpg\",\"contentUrl\":\"https:\/\/now-news.de\/de\/wp-content\/uploads\/sites\/3\/2024\/10\/Amtsenthebungsverfahren-gegen-Macron-im-franzoesischen-Parlament-fehlgeschlagen.jpg\",\"width\":460,\"height\":259,\"caption\":\"Amtsenthebungsverfahren gegen Macron im franz\u00f6sischen Parlament fehlgeschlagen\"},{\"@type\":\"BreadcrumbList\",\"@id\":\"https:\/\/now-news.de\/de\/deutschland\/amtsenthebungsverfahren-gegen-macron-im-franzoesischen-parlament-fehlgeschlagen\/#breadcrumb\",\"itemListElement\":[{\"@type\":\"ListItem\",\"position\":1,\"name\":\"Home\",\"item\":\"https:\/\/now-news.de\/de\/\"},{\"@type\":\"ListItem\",\"position\":2,\"name\":\"Amtsenthebungsverfahren gegen Macron im franz\u00f6sischen Parlament fehlgeschlagen\"}]},{\"@type\":\"WebSite\",\"@id\":\"https:\/\/now-news.de\/de\/#website\",\"url\":\"https:\/\/now-news.de\/de\/\",\"name\":\"just-now.NEWS Deutschland\",\"description\":\"Das Portal f\u00fcr unzensierte Nachrichten aus der Welt\",\"publisher\":{\"@id\":\"https:\/\/now-news.de\/de\/#organization\"},\"potentialAction\":[{\"@type\":\"SearchAction\",\"target\":{\"@type\":\"EntryPoint\",\"urlTemplate\":\"https:\/\/now-news.de\/de\/?s={search_term_string}\"},\"query-input\":\"required name=search_term_string\"}],\"inLanguage\":\"de\"},{\"@type\":\"Organization\",\"@id\":\"https:\/\/now-news.de\/de\/#organization\",\"name\":\"Just Now News\",\"url\":\"https:\/\/now-news.de\/de\/\",\"logo\":{\"@type\":\"ImageObject\",\"inLanguage\":\"de\",\"@id\":\"https:\/\/now-news.de\/de\/#\/schema\/logo\/image\/\",\"url\":\"http:\/\/just-now.news\/de\/wp-content\/uploads\/sites\/3\/2022\/04\/logo500x500.jpg\",\"contentUrl\":\"http:\/\/just-now.news\/de\/wp-content\/uploads\/sites\/3\/2022\/04\/logo500x500.jpg\",\"width\":500,\"height\":500,\"caption\":\"Just Now News\"},\"image\":{\"@id\":\"https:\/\/now-news.de\/de\/#\/schema\/logo\/image\/\"},\"sameAs\":[\"https:\/\/www.facebook.com\/wirmachenauf\",\"https:\/\/x.com\/WirMachenAuf_de\"]},{\"@type\":\"Person\",\"@id\":\"https:\/\/now-news.de\/de\/#\/schema\/person\/fb534a4e865501d8b3285208df34a9b5\",\"name\":\"rtnews\",\"image\":{\"@type\":\"ImageObject\",\"inLanguage\":\"de\",\"@id\":\"https:\/\/now-news.de\/de\/#\/schema\/person\/image\/\",\"url\":\"https:\/\/secure.gravatar.com\/avatar\/82aafea7d8127119dd649515f56e2117?s=96&d=mm&r=g\",\"contentUrl\":\"https:\/\/secure.gravatar.com\/avatar\/82aafea7d8127119dd649515f56e2117?s=96&d=mm&r=g\",\"caption\":\"rtnews\"},\"url\":\"https:\/\/now-news.de\/de\/author\/rnews\/\"}]}<\/script>\n<!-- \/ Yoast SEO Premium plugin. -->","yoast_head_json":{"title":"Amtsenthebungsverfahren gegen Macron im franz\u00f6sischen Parlament fehlgeschlagen - just-now.NEWS Deutschland","robots":{"index":"index","follow":"follow","max-snippet":"max-snippet:-1","max-image-preview":"max-image-preview:large","max-video-preview":"max-video-preview:-1"},"canonical":"https:\/\/now-news.de\/de\/deutschland\/amtsenthebungsverfahren-gegen-macron-im-franzoesischen-parlament-fehlgeschlagen\/","og_locale":"de_DE","og_type":"article","og_title":"Amtsenthebungsverfahren gegen Macron im franz\u00f6sischen Parlament fehlgeschlagen","og_description":"Die Abgeordneten der franz\u00f6sischen Nationalversammlung haben das Amtsenthebungsverfahren gegen Emmanuel Macron nicht unterst\u00fctzt. Die Initiative, die auf dem Unmut \u00fcber die Ernennung des Premierministers fu\u00dft, wurde Ende August von der linken Partei &#8220;La France insoumise&#8221; vorgebracht. Der Rechtsausschuss der franz\u00f6sischen Nationalversammlung hat ein Amtsenthebungsverfahren gegen den Pr\u00e4sidenten Emmanuel Macron abgelehnt. Bei der Abstimmung am Mittwochmorgen [&hellip;]","og_url":"https:\/\/now-news.de\/de\/deutschland\/amtsenthebungsverfahren-gegen-macron-im-franzoesischen-parlament-fehlgeschlagen\/","og_site_name":"just-now.NEWS Deutschland","article_publisher":"https:\/\/www.facebook.com\/wirmachenauf","article_published_time":"2024-10-02T17:38:58+00:00","og_image":[{"url":"https:\/\/now-news.de\/de\/wp-content\/uploads\/sites\/3\/2024\/10\/66fd673848fbef2649058cb2.jpg"}],"author":"rtnews","twitter_card":"summary_large_image","twitter_creator":"@WirMachenAuf_de","twitter_site":"@WirMachenAuf_de","twitter_misc":{"Verfasst von":"rtnews","Gesch\u00e4tzte Lesezeit":"2\u00a0Minuten"},"schema":{"@context":"https:\/\/schema.org","@graph":[{"@type":"Article","@id":"https:\/\/now-news.de\/de\/deutschland\/amtsenthebungsverfahren-gegen-macron-im-franzoesischen-parlament-fehlgeschlagen\/#article","isPartOf":{"@id":"https:\/\/now-news.de\/de\/deutschland\/amtsenthebungsverfahren-gegen-macron-im-franzoesischen-parlament-fehlgeschlagen\/"},"author":{"name":"rtnews","@id":"https:\/\/now-news.de\/de\/#\/schema\/person\/fb534a4e865501d8b3285208df34a9b5"},"headline":"Amtsenthebungsverfahren gegen Macron im franz\u00f6sischen Parlament fehlgeschlagen","datePublished":"2024-10-02T17:38:58+00:00","dateModified":"2024-10-02T17:38:58+00:00","mainEntityOfPage":{"@id":"https:\/\/now-news.de\/de\/deutschland\/amtsenthebungsverfahren-gegen-macron-im-franzoesischen-parlament-fehlgeschlagen\/"},"wordCount":362,"commentCount":0,"publisher":{"@id":"https:\/\/now-news.de\/de\/#organization"},"image":{"@id":"https:\/\/now-news.de\/de\/deutschland\/amtsenthebungsverfahren-gegen-macron-im-franzoesischen-parlament-fehlgeschlagen\/#primaryimage"},"thumbnailUrl":"https:\/\/now-news.de\/de\/wp-content\/uploads\/sites\/3\/2024\/10\/Amtsenthebungsverfahren-gegen-Macron-im-franzoesischen-Parlament-fehlgeschlagen.jpg","keywords":["amtsenthebungsverfahren","fehlgeschlagen","franz\u00f6sischen","gegen","macron","Parlament"],"articleSection":["Deutschland","Russland"],"inLanguage":"de","potentialAction":[{"@type":"CommentAction","name":"Comment","target":["https:\/\/now-news.de\/de\/deutschland\/amtsenthebungsverfahren-gegen-macron-im-franzoesischen-parlament-fehlgeschlagen\/#respond"]}]},{"@type":"WebPage","@id":"https:\/\/now-news.de\/de\/deutschland\/amtsenthebungsverfahren-gegen-macron-im-franzoesischen-parlament-fehlgeschlagen\/","url":"https:\/\/now-news.de\/de\/deutschland\/amtsenthebungsverfahren-gegen-macron-im-franzoesischen-parlament-fehlgeschlagen\/","name":"Amtsenthebungsverfahren gegen Macron im franz\u00f6sischen Parlament fehlgeschlagen - just-now.NEWS Deutschland","isPartOf":{"@id":"https:\/\/now-news.de\/de\/#website"},"primaryImageOfPage":{"@id":"https:\/\/now-news.de\/de\/deutschland\/amtsenthebungsverfahren-gegen-macron-im-franzoesischen-parlament-fehlgeschlagen\/#primaryimage"},"image":{"@id":"https:\/\/now-news.de\/de\/deutschland\/amtsenthebungsverfahren-gegen-macron-im-franzoesischen-parlament-fehlgeschlagen\/#primaryimage"},"thumbnailUrl":"https:\/\/now-news.de\/de\/wp-content\/uploads\/sites\/3\/2024\/10\/Amtsenthebungsverfahren-gegen-Macron-im-franzoesischen-Parlament-fehlgeschlagen.jpg","datePublished":"2024-10-02T17:38:58+00:00","dateModified":"2024-10-02T17:38:58+00:00","breadcrumb":{"@id":"https:\/\/now-news.de\/de\/deutschland\/amtsenthebungsverfahren-gegen-macron-im-franzoesischen-parlament-fehlgeschlagen\/#breadcrumb"},"inLanguage":"de","potentialAction":[{"@type":"ReadAction","target":["https:\/\/now-news.de\/de\/deutschland\/amtsenthebungsverfahren-gegen-macron-im-franzoesischen-parlament-fehlgeschlagen\/"]}]},{"@type":"ImageObject","inLanguage":"de","@id":"https:\/\/now-news.de\/de\/deutschland\/amtsenthebungsverfahren-gegen-macron-im-franzoesischen-parlament-fehlgeschlagen\/#primaryimage","url":"https:\/\/now-news.de\/de\/wp-content\/uploads\/sites\/3\/2024\/10\/Amtsenthebungsverfahren-gegen-Macron-im-franzoesischen-Parlament-fehlgeschlagen.jpg","contentUrl":"https:\/\/now-news.de\/de\/wp-content\/uploads\/sites\/3\/2024\/10\/Amtsenthebungsverfahren-gegen-Macron-im-franzoesischen-Parlament-fehlgeschlagen.jpg","width":460,"height":259,"caption":"Amtsenthebungsverfahren gegen Macron im franz\u00f6sischen Parlament fehlgeschlagen"},{"@type":"BreadcrumbList","@id":"https:\/\/now-news.de\/de\/deutschland\/amtsenthebungsverfahren-gegen-macron-im-franzoesischen-parlament-fehlgeschlagen\/#breadcrumb","itemListElement":[{"@type":"ListItem","position":1,"name":"Home","item":"https:\/\/now-news.de\/de\/"},{"@type":"ListItem","position":2,"name":"Amtsenthebungsverfahren gegen Macron im franz\u00f6sischen Parlament fehlgeschlagen"}]},{"@type":"WebSite","@id":"https:\/\/now-news.de\/de\/#website","url":"https:\/\/now-news.de\/de\/","name":"just-now.NEWS Deutschland","description":"Das Portal f\u00fcr unzensierte Nachrichten aus der Welt","publisher":{"@id":"https:\/\/now-news.de\/de\/#organization"},"potentialAction":[{"@type":"SearchAction","target":{"@type":"EntryPoint","urlTemplate":"https:\/\/now-news.de\/de\/?s={search_term_string}"},"query-input":"required name=search_term_string"}],"inLanguage":"de"},{"@type":"Organization","@id":"https:\/\/now-news.de\/de\/#organization","name":"Just Now News","url":"https:\/\/now-news.de\/de\/","logo":{"@type":"ImageObject","inLanguage":"de","@id":"https:\/\/now-news.de\/de\/#\/schema\/logo\/image\/","url":"http:\/\/just-now.news\/de\/wp-content\/uploads\/sites\/3\/2022\/04\/logo500x500.jpg","contentUrl":"http:\/\/just-now.news\/de\/wp-content\/uploads\/sites\/3\/2022\/04\/logo500x500.jpg","width":500,"height":500,"caption":"Just Now News"},"image":{"@id":"https:\/\/now-news.de\/de\/#\/schema\/logo\/image\/"},"sameAs":["https:\/\/www.facebook.com\/wirmachenauf","https:\/\/x.com\/WirMachenAuf_de"]},{"@type":"Person","@id":"https:\/\/now-news.de\/de\/#\/schema\/person\/fb534a4e865501d8b3285208df34a9b5","name":"rtnews","image":{"@type":"ImageObject","inLanguage":"de","@id":"https:\/\/now-news.de\/de\/#\/schema\/person\/image\/","url":"https:\/\/secure.gravatar.com\/avatar\/82aafea7d8127119dd649515f56e2117?s=96&d=mm&r=g","contentUrl":"https:\/\/secure.gravatar.com\/avatar\/82aafea7d8127119dd649515f56e2117?s=96&d=mm&r=g","caption":"rtnews"},"url":"https:\/\/now-news.de\/de\/author\/rnews\/"}]}},"_links":{"self":[{"href":"https:\/\/now-news.de\/de\/wp-json\/wp\/v2\/posts\/70158"}],"collection":[{"href":"https:\/\/now-news.de\/de\/wp-json\/wp\/v2\/posts"}],"about":[{"href":"https:\/\/now-news.de\/de\/wp-json\/wp\/v2\/types\/post"}],"author":[{"embeddable":true,"href":"https:\/\/now-news.de\/de\/wp-json\/wp\/v2\/users\/3"}],"replies":[{"embeddable":true,"href":"https:\/\/now-news.de\/de\/wp-json\/wp\/v2\/comments?post=70158"}],"version-history":[{"count":0,"href":"https:\/\/now-news.de\/de\/wp-json\/wp\/v2\/posts\/70158\/revisions"}],"wp:featuredmedia":[{"embeddable":true,"href":"https:\/\/now-news.de\/de\/wp-json\/wp\/v2\/media\/70159"}],"wp:attachment":[{"href":"https:\/\/now-news.de\/de\/wp-json\/wp\/v2\/media?parent=70158"}],"wp:term":[{"taxonomy":"category","embeddable":true,"href":"https:\/\/now-news.de\/de\/wp-json\/wp\/v2\/categories?post=70158"},{"taxonomy":"post_tag","embeddable":true,"href":"https:\/\/now-news.de\/de\/wp-json\/wp\/v2\/tags?post=70158"}],"curies":[{"name":"wp","href":"https:\/\/api.w.org\/{rel}","templated":true}]}}