{"id":70152,"date":"2024-10-02T17:41:45","date_gmt":"2024-10-02T15:41:45","guid":{"rendered":"https:\/\/now-news.de\/de\/deutschland\/eu-will-weiter-militaerausbilder-in-die-ukraine-schicken-ungarn-blockiert\/"},"modified":"2024-10-02T17:41:45","modified_gmt":"2024-10-02T15:41:45","slug":"eu-will-weiter-militaerausbilder-in-die-ukraine-schicken-ungarn-blockiert","status":"publish","type":"post","link":"https:\/\/now-news.de\/de\/deutschland\/eu-will-weiter-militaerausbilder-in-die-ukraine-schicken-ungarn-blockiert\/","title":{"rendered":"EU will weiter Milit\u00e4rausbilder in die Ukraine schicken \u2013 Ungarn blockiert"},"content":{"rendered":"<p><img decoding=\"async\" src=\"https:\/\/now-news.de\/de\/wp-content\/uploads\/sites\/3\/2024\/10\/66fd52de48fbef13de5999e9.jpg\" \/><\/p>\n<div class=\"Text-root Text-type_1 \">\n                Die EU plant die Verl\u00e4ngerung einer Mission zur Entsendung von Milit\u00e4rausbildern in die Ukraine. Gleichzeitig m\u00f6chte sie das Mandat erweitern. Ungarn sieht darin eine Eskalationsgefahr. Daher verweigert das Land seine Zustimmung.\n            <\/div>\n<p><\/p>\n<div class=\"Text-root Text-type_5 ArticleView-text ViewText-root \">\n<p>Ungarn blockiert einen Plan der EU, einen Beschluss zur Entsendung von Milit\u00e4rausbildern und Beratern in die Ukraine zu verl\u00e4ngern, um dort ukrainische Soldaten auszubilden. Der Plan m\u00fcsse noch weiter besprochen werden, erkl\u00e4rte Ungarns Au\u00dfenminister P\u00e9ter Szijj\u00e1rt\u00f3.\u00a0<\/p>\n<p>Laut Szijj\u00e1rto l\u00e4uft das Mandat f\u00fcr eine bereits genehmigte Mission zur Ausbildung ukrainischer Soldaten demn\u00e4chst aus. Die EU m\u00f6chte die Mission verl\u00e4ngern. Gleichzeitig strebt sie an, die Aufgaben der entsandten Milit\u00e4rberater und -ausbilder auszuweiten. Ungarn hat in diesem Zusammenhang grunds\u00e4tzliche Bedenken.\u00a0<\/p>\n<p><em>&#8220;Wir halten dies f\u00fcr einen \u00e4u\u00dferst gef\u00e4hrlichen Schritt in Bezug auf eine milit\u00e4rische Eskalation. Wir sehen, dass dieser Vorschlag das Risiko einer Ausweitung des Konflikts erheblich erh\u00f6hen w\u00fcrde&#8230; Wir sagen also nein zu diesem Vorschlag, wir haben dem zust\u00e4ndigen Kommissariat in Br\u00fcssel erkl\u00e4rt, dass wir den Vorschlag in dieser Form nicht unterst\u00fctzen k\u00f6nnen und gebeten, ihn zu \u00fcberarbeiten&#8221;, schrieb Szijarto auf seiner Facebook-Seite.\u00a0<\/em><\/p>\n<p>Ungarn ist bisher das einzige Land der EU, das sich auf internationalem Parkett f\u00fcr eine diplomatische L\u00f6sung des Konflikts einsetzt. Die EU hat den Friedens-Vorsto\u00df Ungarns missbilligt und angek\u00fcndigt, die Ratspr\u00e4sidentschaft Ungarns zu boykottieren. Der Kritik schlossen sich zahlreiche EU-L\u00e4nder an.<\/p>\n<p>Lediglich der Ministerpr\u00e4sident der Slowakei, Robert Fico, lobte seinen ungarischen Amtskollegen Viktor Orb\u00e1n f\u00fcr dessen Initiative. H\u00e4tte es sein gesundheitlicher Zustand erlaubt, h\u00e4tte er Orb\u00e1n begleitet, sagte er. Orb\u00e1n war zu Gespr\u00e4chen nach Kiew, Moskau, Peking und schlie\u00dflich in die USA gereist. Robert Fico erholte sich damals von den Folgen eines Mordanschlags, der auf ihn ver\u00fcbt wurde.\u00a0\u00a0<\/p>\n<p><strong>Mehr zum Thema<\/strong>\u00a0\u2013 <a rel=\"nofollow noopener\" target=\"_blank\" href=\"https:\/\/freedert.online\/russland\/218101-russland-nennt-details-zum-angriff\/\">Russland nennt Details zum Angriff auf Milit\u00e4rschule in Poltawa<\/a><\/p>\n<div class=\"EmbedBlock-root EmbedBlock-externalVideo EmbedBlock-rumble\">\n<div class=\"VkEmbed\"><iframe class=\"lazyload\" data-src=\"https:\/\/rumble.com\/embed\/v5evzdx\" frameborder=\"0\" width=\"853\" height=\"480\" allowfullscreen><\/iframe><\/div>\n<\/div>\n<\/div>\n<p><br \/>\n<br \/><a href=\"https:\/\/de.rt.com\/europa\/221192-eu-plant-weitere-entsendung-von\/\">Source link <\/a><\/p>\n","protected":false},"excerpt":{"rendered":"<p>Die EU plant die Verl\u00e4ngerung einer Mission zur Entsendung von Milit\u00e4rausbildern in die Ukraine. Gleichzeitig m\u00f6chte sie das Mandat erweitern. Ungarn sieht darin eine Eskalationsgefahr. Daher verweigert das Land seine Zustimmung. Ungarn blockiert einen Plan der EU, einen Beschluss zur Entsendung von Milit\u00e4rausbildern und Beratern in die Ukraine zu verl\u00e4ngern, um dort ukrainische Soldaten auszubilden. [&hellip;]<\/p>\n","protected":false},"author":3,"featured_media":70153,"comment_status":"open","ping_status":"open","sticky":false,"template":"","format":"standard","meta":{"_yoast_indexnow_last_ping":["1727884002"],"wp_automatic_camp":["217"],"5ff44716ba4f32e01c61b51f34802350":["EU will weiter Milit\u00e4rausbilder in die Ukraine schicken \u2013 Ungarn blockiert"],"original_link":["https:\/\/de.rt.com\/europa\/221192-eu-plant-weitere-entsendung-von\/"],"_thumbnail_id":["70153"],"_wptgpro_p2tg_sent2tg":["a:1:{i:23737;s:19:\"2024-10-02 17:47:54\";}"],"jnews_social_counter_last_update":["1777106773"]},"categories":[19,23],"tags":[9740,45,30623,20904,127,11664,601],"yoast_head":"<!-- This site is optimized with the Yoast SEO Premium plugin v22.7 (Yoast SEO v22.7) - https:\/\/yoast.com\/wordpress\/plugins\/seo\/ -->\n<title>EU will weiter Milit\u00e4rausbilder in die Ukraine schicken \u2013 Ungarn blockiert - just-now.NEWS Deutschland<\/title>\n<meta name=\"robots\" content=\"index, follow, max-snippet:-1, max-image-preview:large, max-video-preview:-1\" \/>\n<link rel=\"canonical\" href=\"https:\/\/now-news.de\/de\/deutschland\/eu-will-weiter-militaerausbilder-in-die-ukraine-schicken-ungarn-blockiert\/\" \/>\n<meta property=\"og:locale\" content=\"de_DE\" \/>\n<meta property=\"og:type\" content=\"article\" \/>\n<meta property=\"og:title\" content=\"EU will weiter Milit\u00e4rausbilder in die Ukraine schicken \u2013 Ungarn blockiert\" \/>\n<meta property=\"og:description\" content=\"Die EU plant die Verl\u00e4ngerung einer Mission zur Entsendung von Milit\u00e4rausbildern in die Ukraine. Gleichzeitig m\u00f6chte sie das Mandat erweitern. Ungarn sieht darin eine Eskalationsgefahr. Daher verweigert das Land seine Zustimmung. Ungarn blockiert einen Plan der EU, einen Beschluss zur Entsendung von Milit\u00e4rausbildern und Beratern in die Ukraine zu verl\u00e4ngern, um dort ukrainische Soldaten auszubilden. [&hellip;]\" \/>\n<meta property=\"og:url\" content=\"https:\/\/now-news.de\/de\/deutschland\/eu-will-weiter-militaerausbilder-in-die-ukraine-schicken-ungarn-blockiert\/\" \/>\n<meta property=\"og:site_name\" content=\"just-now.NEWS Deutschland\" \/>\n<meta property=\"article:publisher\" content=\"https:\/\/www.facebook.com\/wirmachenauf\" \/>\n<meta property=\"article:published_time\" content=\"2024-10-02T15:41:45+00:00\" \/>\n<meta property=\"og:image\" content=\"https:\/\/now-news.de\/de\/wp-content\/uploads\/sites\/3\/2024\/10\/66fd52de48fbef13de5999e9.jpg\" \/>\n<meta name=\"author\" content=\"rtnews\" \/>\n<meta name=\"twitter:card\" content=\"summary_large_image\" \/>\n<meta name=\"twitter:creator\" content=\"@WirMachenAuf_de\" \/>\n<meta name=\"twitter:site\" content=\"@WirMachenAuf_de\" \/>\n<meta name=\"twitter:label1\" content=\"Verfasst von\" \/>\n\t<meta name=\"twitter:data1\" content=\"rtnews\" \/>\n\t<meta name=\"twitter:label2\" content=\"Gesch\u00e4tzte Lesezeit\" \/>\n\t<meta name=\"twitter:data2\" content=\"2\u00a0Minuten\" \/>\n<script type=\"application\/ld+json\" class=\"yoast-schema-graph\">{\"@context\":\"https:\/\/schema.org\",\"@graph\":[{\"@type\":\"Article\",\"@id\":\"https:\/\/now-news.de\/de\/deutschland\/eu-will-weiter-militaerausbilder-in-die-ukraine-schicken-ungarn-blockiert\/#article\",\"isPartOf\":{\"@id\":\"https:\/\/now-news.de\/de\/deutschland\/eu-will-weiter-militaerausbilder-in-die-ukraine-schicken-ungarn-blockiert\/\"},\"author\":{\"name\":\"rtnews\",\"@id\":\"https:\/\/now-news.de\/de\/#\/schema\/person\/fb534a4e865501d8b3285208df34a9b5\"},\"headline\":\"EU will weiter Milit\u00e4rausbilder in die Ukraine schicken \u2013 Ungarn blockiert\",\"datePublished\":\"2024-10-02T15:41:45+00:00\",\"dateModified\":\"2024-10-02T15:41:45+00:00\",\"mainEntityOfPage\":{\"@id\":\"https:\/\/now-news.de\/de\/deutschland\/eu-will-weiter-militaerausbilder-in-die-ukraine-schicken-ungarn-blockiert\/\"},\"wordCount\":340,\"commentCount\":0,\"publisher\":{\"@id\":\"https:\/\/now-news.de\/de\/#organization\"},\"image\":{\"@id\":\"https:\/\/now-news.de\/de\/deutschland\/eu-will-weiter-militaerausbilder-in-die-ukraine-schicken-ungarn-blockiert\/#primaryimage\"},\"thumbnailUrl\":\"https:\/\/now-news.de\/de\/wp-content\/uploads\/sites\/3\/2024\/10\/EU-will-weiter-Militaerausbilder-in-die-Ukraine-schicken-\u2013-Ungarn.jpg\",\"keywords\":[\"blockiert\",\"die\",\"Milit\u00e4rausbilder\",\"schicken\",\"ukraine\",\"Ungarn\",\"weiter\"],\"articleSection\":[\"Deutschland\",\"Russland\"],\"inLanguage\":\"de\",\"potentialAction\":[{\"@type\":\"CommentAction\",\"name\":\"Comment\",\"target\":[\"https:\/\/now-news.de\/de\/deutschland\/eu-will-weiter-militaerausbilder-in-die-ukraine-schicken-ungarn-blockiert\/#respond\"]}]},{\"@type\":\"WebPage\",\"@id\":\"https:\/\/now-news.de\/de\/deutschland\/eu-will-weiter-militaerausbilder-in-die-ukraine-schicken-ungarn-blockiert\/\",\"url\":\"https:\/\/now-news.de\/de\/deutschland\/eu-will-weiter-militaerausbilder-in-die-ukraine-schicken-ungarn-blockiert\/\",\"name\":\"EU will weiter Milit\u00e4rausbilder in die Ukraine schicken \u2013 Ungarn blockiert - just-now.NEWS Deutschland\",\"isPartOf\":{\"@id\":\"https:\/\/now-news.de\/de\/#website\"},\"primaryImageOfPage\":{\"@id\":\"https:\/\/now-news.de\/de\/deutschland\/eu-will-weiter-militaerausbilder-in-die-ukraine-schicken-ungarn-blockiert\/#primaryimage\"},\"image\":{\"@id\":\"https:\/\/now-news.de\/de\/deutschland\/eu-will-weiter-militaerausbilder-in-die-ukraine-schicken-ungarn-blockiert\/#primaryimage\"},\"thumbnailUrl\":\"https:\/\/now-news.de\/de\/wp-content\/uploads\/sites\/3\/2024\/10\/EU-will-weiter-Militaerausbilder-in-die-Ukraine-schicken-\u2013-Ungarn.jpg\",\"datePublished\":\"2024-10-02T15:41:45+00:00\",\"dateModified\":\"2024-10-02T15:41:45+00:00\",\"breadcrumb\":{\"@id\":\"https:\/\/now-news.de\/de\/deutschland\/eu-will-weiter-militaerausbilder-in-die-ukraine-schicken-ungarn-blockiert\/#breadcrumb\"},\"inLanguage\":\"de\",\"potentialAction\":[{\"@type\":\"ReadAction\",\"target\":[\"https:\/\/now-news.de\/de\/deutschland\/eu-will-weiter-militaerausbilder-in-die-ukraine-schicken-ungarn-blockiert\/\"]}]},{\"@type\":\"ImageObject\",\"inLanguage\":\"de\",\"@id\":\"https:\/\/now-news.de\/de\/deutschland\/eu-will-weiter-militaerausbilder-in-die-ukraine-schicken-ungarn-blockiert\/#primaryimage\",\"url\":\"https:\/\/now-news.de\/de\/wp-content\/uploads\/sites\/3\/2024\/10\/EU-will-weiter-Militaerausbilder-in-die-Ukraine-schicken-\u2013-Ungarn.jpg\",\"contentUrl\":\"https:\/\/now-news.de\/de\/wp-content\/uploads\/sites\/3\/2024\/10\/EU-will-weiter-Militaerausbilder-in-die-Ukraine-schicken-\u2013-Ungarn.jpg\",\"width\":460,\"height\":259,\"caption\":\"EU will weiter Milit\u00e4rausbilder in die Ukraine schicken \u2013 Ungarn blockiert\"},{\"@type\":\"BreadcrumbList\",\"@id\":\"https:\/\/now-news.de\/de\/deutschland\/eu-will-weiter-militaerausbilder-in-die-ukraine-schicken-ungarn-blockiert\/#breadcrumb\",\"itemListElement\":[{\"@type\":\"ListItem\",\"position\":1,\"name\":\"Home\",\"item\":\"https:\/\/now-news.de\/de\/\"},{\"@type\":\"ListItem\",\"position\":2,\"name\":\"EU will weiter Milit\u00e4rausbilder in die Ukraine schicken \u2013 Ungarn blockiert\"}]},{\"@type\":\"WebSite\",\"@id\":\"https:\/\/now-news.de\/de\/#website\",\"url\":\"https:\/\/now-news.de\/de\/\",\"name\":\"just-now.NEWS Deutschland\",\"description\":\"Das Portal f\u00fcr unzensierte Nachrichten aus der Welt\",\"publisher\":{\"@id\":\"https:\/\/now-news.de\/de\/#organization\"},\"potentialAction\":[{\"@type\":\"SearchAction\",\"target\":{\"@type\":\"EntryPoint\",\"urlTemplate\":\"https:\/\/now-news.de\/de\/?s={search_term_string}\"},\"query-input\":\"required name=search_term_string\"}],\"inLanguage\":\"de\"},{\"@type\":\"Organization\",\"@id\":\"https:\/\/now-news.de\/de\/#organization\",\"name\":\"Just Now News\",\"url\":\"https:\/\/now-news.de\/de\/\",\"logo\":{\"@type\":\"ImageObject\",\"inLanguage\":\"de\",\"@id\":\"https:\/\/now-news.de\/de\/#\/schema\/logo\/image\/\",\"url\":\"http:\/\/just-now.news\/de\/wp-content\/uploads\/sites\/3\/2022\/04\/logo500x500.jpg\",\"contentUrl\":\"http:\/\/just-now.news\/de\/wp-content\/uploads\/sites\/3\/2022\/04\/logo500x500.jpg\",\"width\":500,\"height\":500,\"caption\":\"Just Now News\"},\"image\":{\"@id\":\"https:\/\/now-news.de\/de\/#\/schema\/logo\/image\/\"},\"sameAs\":[\"https:\/\/www.facebook.com\/wirmachenauf\",\"https:\/\/x.com\/WirMachenAuf_de\"]},{\"@type\":\"Person\",\"@id\":\"https:\/\/now-news.de\/de\/#\/schema\/person\/fb534a4e865501d8b3285208df34a9b5\",\"name\":\"rtnews\",\"image\":{\"@type\":\"ImageObject\",\"inLanguage\":\"de\",\"@id\":\"https:\/\/now-news.de\/de\/#\/schema\/person\/image\/\",\"url\":\"https:\/\/secure.gravatar.com\/avatar\/82aafea7d8127119dd649515f56e2117?s=96&d=mm&r=g\",\"contentUrl\":\"https:\/\/secure.gravatar.com\/avatar\/82aafea7d8127119dd649515f56e2117?s=96&d=mm&r=g\",\"caption\":\"rtnews\"},\"url\":\"https:\/\/now-news.de\/de\/author\/rnews\/\"}]}<\/script>\n<!-- \/ Yoast SEO Premium plugin. -->","yoast_head_json":{"title":"EU will weiter Milit\u00e4rausbilder in die Ukraine schicken \u2013 Ungarn blockiert - just-now.NEWS Deutschland","robots":{"index":"index","follow":"follow","max-snippet":"max-snippet:-1","max-image-preview":"max-image-preview:large","max-video-preview":"max-video-preview:-1"},"canonical":"https:\/\/now-news.de\/de\/deutschland\/eu-will-weiter-militaerausbilder-in-die-ukraine-schicken-ungarn-blockiert\/","og_locale":"de_DE","og_type":"article","og_title":"EU will weiter Milit\u00e4rausbilder in die Ukraine schicken \u2013 Ungarn blockiert","og_description":"Die EU plant die Verl\u00e4ngerung einer Mission zur Entsendung von Milit\u00e4rausbildern in die Ukraine. Gleichzeitig m\u00f6chte sie das Mandat erweitern. Ungarn sieht darin eine Eskalationsgefahr. Daher verweigert das Land seine Zustimmung. Ungarn blockiert einen Plan der EU, einen Beschluss zur Entsendung von Milit\u00e4rausbildern und Beratern in die Ukraine zu verl\u00e4ngern, um dort ukrainische Soldaten auszubilden. [&hellip;]","og_url":"https:\/\/now-news.de\/de\/deutschland\/eu-will-weiter-militaerausbilder-in-die-ukraine-schicken-ungarn-blockiert\/","og_site_name":"just-now.NEWS Deutschland","article_publisher":"https:\/\/www.facebook.com\/wirmachenauf","article_published_time":"2024-10-02T15:41:45+00:00","og_image":[{"url":"https:\/\/now-news.de\/de\/wp-content\/uploads\/sites\/3\/2024\/10\/66fd52de48fbef13de5999e9.jpg"}],"author":"rtnews","twitter_card":"summary_large_image","twitter_creator":"@WirMachenAuf_de","twitter_site":"@WirMachenAuf_de","twitter_misc":{"Verfasst von":"rtnews","Gesch\u00e4tzte Lesezeit":"2\u00a0Minuten"},"schema":{"@context":"https:\/\/schema.org","@graph":[{"@type":"Article","@id":"https:\/\/now-news.de\/de\/deutschland\/eu-will-weiter-militaerausbilder-in-die-ukraine-schicken-ungarn-blockiert\/#article","isPartOf":{"@id":"https:\/\/now-news.de\/de\/deutschland\/eu-will-weiter-militaerausbilder-in-die-ukraine-schicken-ungarn-blockiert\/"},"author":{"name":"rtnews","@id":"https:\/\/now-news.de\/de\/#\/schema\/person\/fb534a4e865501d8b3285208df34a9b5"},"headline":"EU will weiter Milit\u00e4rausbilder in die Ukraine schicken \u2013 Ungarn blockiert","datePublished":"2024-10-02T15:41:45+00:00","dateModified":"2024-10-02T15:41:45+00:00","mainEntityOfPage":{"@id":"https:\/\/now-news.de\/de\/deutschland\/eu-will-weiter-militaerausbilder-in-die-ukraine-schicken-ungarn-blockiert\/"},"wordCount":340,"commentCount":0,"publisher":{"@id":"https:\/\/now-news.de\/de\/#organization"},"image":{"@id":"https:\/\/now-news.de\/de\/deutschland\/eu-will-weiter-militaerausbilder-in-die-ukraine-schicken-ungarn-blockiert\/#primaryimage"},"thumbnailUrl":"https:\/\/now-news.de\/de\/wp-content\/uploads\/sites\/3\/2024\/10\/EU-will-weiter-Militaerausbilder-in-die-Ukraine-schicken-\u2013-Ungarn.jpg","keywords":["blockiert","die","Milit\u00e4rausbilder","schicken","ukraine","Ungarn","weiter"],"articleSection":["Deutschland","Russland"],"inLanguage":"de","potentialAction":[{"@type":"CommentAction","name":"Comment","target":["https:\/\/now-news.de\/de\/deutschland\/eu-will-weiter-militaerausbilder-in-die-ukraine-schicken-ungarn-blockiert\/#respond"]}]},{"@type":"WebPage","@id":"https:\/\/now-news.de\/de\/deutschland\/eu-will-weiter-militaerausbilder-in-die-ukraine-schicken-ungarn-blockiert\/","url":"https:\/\/now-news.de\/de\/deutschland\/eu-will-weiter-militaerausbilder-in-die-ukraine-schicken-ungarn-blockiert\/","name":"EU will weiter Milit\u00e4rausbilder in die Ukraine schicken \u2013 Ungarn blockiert - just-now.NEWS Deutschland","isPartOf":{"@id":"https:\/\/now-news.de\/de\/#website"},"primaryImageOfPage":{"@id":"https:\/\/now-news.de\/de\/deutschland\/eu-will-weiter-militaerausbilder-in-die-ukraine-schicken-ungarn-blockiert\/#primaryimage"},"image":{"@id":"https:\/\/now-news.de\/de\/deutschland\/eu-will-weiter-militaerausbilder-in-die-ukraine-schicken-ungarn-blockiert\/#primaryimage"},"thumbnailUrl":"https:\/\/now-news.de\/de\/wp-content\/uploads\/sites\/3\/2024\/10\/EU-will-weiter-Militaerausbilder-in-die-Ukraine-schicken-\u2013-Ungarn.jpg","datePublished":"2024-10-02T15:41:45+00:00","dateModified":"2024-10-02T15:41:45+00:00","breadcrumb":{"@id":"https:\/\/now-news.de\/de\/deutschland\/eu-will-weiter-militaerausbilder-in-die-ukraine-schicken-ungarn-blockiert\/#breadcrumb"},"inLanguage":"de","potentialAction":[{"@type":"ReadAction","target":["https:\/\/now-news.de\/de\/deutschland\/eu-will-weiter-militaerausbilder-in-die-ukraine-schicken-ungarn-blockiert\/"]}]},{"@type":"ImageObject","inLanguage":"de","@id":"https:\/\/now-news.de\/de\/deutschland\/eu-will-weiter-militaerausbilder-in-die-ukraine-schicken-ungarn-blockiert\/#primaryimage","url":"https:\/\/now-news.de\/de\/wp-content\/uploads\/sites\/3\/2024\/10\/EU-will-weiter-Militaerausbilder-in-die-Ukraine-schicken-\u2013-Ungarn.jpg","contentUrl":"https:\/\/now-news.de\/de\/wp-content\/uploads\/sites\/3\/2024\/10\/EU-will-weiter-Militaerausbilder-in-die-Ukraine-schicken-\u2013-Ungarn.jpg","width":460,"height":259,"caption":"EU will weiter Milit\u00e4rausbilder in die Ukraine schicken \u2013 Ungarn blockiert"},{"@type":"BreadcrumbList","@id":"https:\/\/now-news.de\/de\/deutschland\/eu-will-weiter-militaerausbilder-in-die-ukraine-schicken-ungarn-blockiert\/#breadcrumb","itemListElement":[{"@type":"ListItem","position":1,"name":"Home","item":"https:\/\/now-news.de\/de\/"},{"@type":"ListItem","position":2,"name":"EU will weiter Milit\u00e4rausbilder in die Ukraine schicken \u2013 Ungarn blockiert"}]},{"@type":"WebSite","@id":"https:\/\/now-news.de\/de\/#website","url":"https:\/\/now-news.de\/de\/","name":"just-now.NEWS Deutschland","description":"Das Portal f\u00fcr unzensierte Nachrichten aus der Welt","publisher":{"@id":"https:\/\/now-news.de\/de\/#organization"},"potentialAction":[{"@type":"SearchAction","target":{"@type":"EntryPoint","urlTemplate":"https:\/\/now-news.de\/de\/?s={search_term_string}"},"query-input":"required name=search_term_string"}],"inLanguage":"de"},{"@type":"Organization","@id":"https:\/\/now-news.de\/de\/#organization","name":"Just Now News","url":"https:\/\/now-news.de\/de\/","logo":{"@type":"ImageObject","inLanguage":"de","@id":"https:\/\/now-news.de\/de\/#\/schema\/logo\/image\/","url":"http:\/\/just-now.news\/de\/wp-content\/uploads\/sites\/3\/2022\/04\/logo500x500.jpg","contentUrl":"http:\/\/just-now.news\/de\/wp-content\/uploads\/sites\/3\/2022\/04\/logo500x500.jpg","width":500,"height":500,"caption":"Just Now News"},"image":{"@id":"https:\/\/now-news.de\/de\/#\/schema\/logo\/image\/"},"sameAs":["https:\/\/www.facebook.com\/wirmachenauf","https:\/\/x.com\/WirMachenAuf_de"]},{"@type":"Person","@id":"https:\/\/now-news.de\/de\/#\/schema\/person\/fb534a4e865501d8b3285208df34a9b5","name":"rtnews","image":{"@type":"ImageObject","inLanguage":"de","@id":"https:\/\/now-news.de\/de\/#\/schema\/person\/image\/","url":"https:\/\/secure.gravatar.com\/avatar\/82aafea7d8127119dd649515f56e2117?s=96&d=mm&r=g","contentUrl":"https:\/\/secure.gravatar.com\/avatar\/82aafea7d8127119dd649515f56e2117?s=96&d=mm&r=g","caption":"rtnews"},"url":"https:\/\/now-news.de\/de\/author\/rnews\/"}]}},"_links":{"self":[{"href":"https:\/\/now-news.de\/de\/wp-json\/wp\/v2\/posts\/70152"}],"collection":[{"href":"https:\/\/now-news.de\/de\/wp-json\/wp\/v2\/posts"}],"about":[{"href":"https:\/\/now-news.de\/de\/wp-json\/wp\/v2\/types\/post"}],"author":[{"embeddable":true,"href":"https:\/\/now-news.de\/de\/wp-json\/wp\/v2\/users\/3"}],"replies":[{"embeddable":true,"href":"https:\/\/now-news.de\/de\/wp-json\/wp\/v2\/comments?post=70152"}],"version-history":[{"count":0,"href":"https:\/\/now-news.de\/de\/wp-json\/wp\/v2\/posts\/70152\/revisions"}],"wp:featuredmedia":[{"embeddable":true,"href":"https:\/\/now-news.de\/de\/wp-json\/wp\/v2\/media\/70153"}],"wp:attachment":[{"href":"https:\/\/now-news.de\/de\/wp-json\/wp\/v2\/media?parent=70152"}],"wp:term":[{"taxonomy":"category","embeddable":true,"href":"https:\/\/now-news.de\/de\/wp-json\/wp\/v2\/categories?post=70152"},{"taxonomy":"post_tag","embeddable":true,"href":"https:\/\/now-news.de\/de\/wp-json\/wp\/v2\/tags?post=70152"}],"curies":[{"name":"wp","href":"https:\/\/api.w.org\/{rel}","templated":true}]}}