{"id":70144,"date":"2024-10-02T16:20:59","date_gmt":"2024-10-02T14:20:59","guid":{"rendered":"https:\/\/now-news.de\/de\/deutschland\/nationalratswahlen-in-oesterreich-fpoe-punktet-als-stimme-gegen-russland-sanktionen\/"},"modified":"2024-10-02T16:20:59","modified_gmt":"2024-10-02T14:20:59","slug":"nationalratswahlen-in-oesterreich-fpoe-punktet-als-stimme-gegen-russland-sanktionen","status":"publish","type":"post","link":"https:\/\/now-news.de\/de\/deutschland\/nationalratswahlen-in-oesterreich-fpoe-punktet-als-stimme-gegen-russland-sanktionen\/","title":{"rendered":"Nationalratswahlen in \u00d6sterreich: FP\u00d6 punktet als Stimme gegen Russland-Sanktionen"},"content":{"rendered":"<p><img decoding=\"async\" src=\"https:\/\/now-news.de\/de\/wp-content\/uploads\/sites\/3\/2024\/10\/66fd14c0b480cc035e7267ab.jpeg\" \/><\/p>\n<div class=\"Text-root Text-type_1 \">\n                Klarer Wahlsieger in der Alpenrepublik ist die als rechtsextrem eingestufte FP\u00d6. Es ist indes allgemeiner Konsens in der EU, dass der extremen Rechten der Zugang zur Macht verwehrt werden sollte. Frontmann Herbert Kickl hat sich dennoch erfolgreich als Stimme f\u00fcr Frieden, gegen Russland-Sanktionen und die zunehmend belastende Masseneinwanderung etabliert.\n            <\/div>\n<p><\/p>\n<div class=\"Text-root Text-type_5 ArticleView-text ViewText-root \">\n<p><em>Von Pierre L\u00e9vy<\/em><\/p>\n<p>Am 29. September waren 6,5 Millionen \u00d6sterreicher \u00fcber 16 Jahre aufgerufen,\u00a0neue\u00a0Parlamentsabgeordnete zu w\u00e4hlen. 77,2\u00a0Prozent von ihnen nahmen an der Wahl teil (+1,7 Prozentpunkte im Vergleich zu 2019), am Ende einer Legislaturperiode, die von der Regierungskoalition aus klassischer Rechter (\u00d6VP) und Gr\u00fcnen dominiert wurde.<\/p>\n<p>Alle Umfragen prognostizierten einen Sieg der FP\u00d6, die\u00a0gemeinhin als rechtsextrem eingestuft wird. Dieser Sieg nahm schlie\u00dflich die Form eines regelrechten Erdbebens an. Mit 28,9 Prozent der Stimmen, einem Zuwachs von 12,7 Prozentpunkten gegen\u00fcber 2019, wurde die FP\u00d6 st\u00e4rkste Partei und erzielte das h\u00f6chste Wahlergebnis seit ihrer Gr\u00fcndung im Jahr 1955. Sie verbesserte sogar ihr Ergebnis der Europawahlen am 9. Juni, bei denen sie mit 25,4\u00a0Prozent triumphiert hatte.<\/p>\n<p>Dieses Kunstst\u00fcck ist umso spektakul\u00e4rer, als die meisten Beobachter im Jahr 2019 davon ausgingen, dass die FP\u00d6 M\u00fche haben w\u00fcrde, sich von einem Skandal zu erholen, der ihren damaligen Chef Heinz-Christian Strache hinweggefegt hatte. Ein heimlich gedrehtes Video hatte ihn dabei gezeigt, wie er auf der spanischen Insel Ibiza mit einer angeblichen russischen Gesch\u00e4ftsfrau \u00fcber verdeckte Finanzierungen verhandelte. Es wurde nie genau gekl\u00e4rt, wie Strache auf die &#8220;antifaschistischen Whistleblower&#8221; hereingefallen sein k\u00f6nnte. Wie dem auch sei, der Aufruhr brachte die \u00d6VP-FP\u00d6-Regierungsallianz zu Fall.<\/p>\n<p>Im Jahr 2021 \u00fcbernahm Herbert Kickl, der als Personifizierung des radikalsten Fl\u00fcgels der FP\u00d6 gilt, die F\u00fchrung der Partei. Er reitet seitdem insbesondere auf der &#8220;Antivax&#8221;-Welle. Politologen zufolge ist er ein ausgezeichneter Kommunikator; er war es, der seine Partei zu den Erfolgen des Jahres 2024 gef\u00fchrt hat.<\/p>\n<p>Der Sieg am 29. September hat Br\u00fcssel und viele europ\u00e4ische Staats- und Regierungschefs entsetzt. Dies gilt umso mehr, als Herr Kickl und seine Freunde keineswegs eine Strategie der &#8220;Entdiabolisierung&#8221; verfolgt haben, wie es der Rassemblement National in Frankreich, die\u00a0Fratelli D&#8217;Italia oder ihre nordischen Kollegen getan haben. Im Gegenteil.<\/p>\n<p>Drei Hauptachsen wurden von der FP\u00d6 hervorgehoben. Den Anfang machte der Kampf gegen die Einwanderung, zu dem in ihrem Programm die \u00dcberschrift lautet: &#8220;Festung \u00d6sterreich, Festung der Freiheit&#8221;.\u00a0Dabei ist die Rede von der Abschaffung des Asylrechts, dem Stopp der Familienzusammenf\u00fchrung und von &#8220;Remigration&#8221;.<\/p>\n<p>Das Thema vereint weit mehr Menschen als eine ultrarechte W\u00e4hlerschaft in einem Land, das innerhalb eines Jahrzehnts im Vergleich zu anderen europ\u00e4ischen L\u00e4ndern den h\u00f6chsten Anteil an Fl\u00fcchtlingen im Verh\u00e4ltnis zu seiner Bev\u00f6lkerung aufgenommen hat. Darunter 150.000 Syrer und Afghanen.<\/p>\n<p>Die Partei von Herrn Kickl konnte aber auch aus einem zweiten Grund f\u00fcr Besorgnis und Unzufriedenheit Kapital schlagen:\u00a0der wirtschaftliche Lage des Landes \u2013 auch wenn das Programm der FP\u00d6 in dieser Hinsicht nicht weit von der liberalen Ausrichtung der \u00d6VP entfernt ist (Senkung der Unternehmenssteuer und der Arbeitgeberbeitr\u00e4ge&#8230;). Wie dem auch sei, viele W\u00e4hler brachten ihre Wut \u00fcber die steigende Arbeitslosigkeit (5,3\u00a0Prozent laut offiziellen Zahlen f\u00fcr dieses Jahr), eine Inflation, die bis 2023 auf 7,7\u00a0Prozent gestiegen ist, und ein schleppendes Wachstum zum Ausdruck.<\/p>\n<p>Die schlechten Zahlen sind nicht zuletzt auf den internationalen Kontext zur\u00fcckzuf\u00fchren. \u00d6sterreich ist stark von seinem gro\u00dfen Nachbarn Deutschland abh\u00e4ngig, dessen Wachstum und Industrie im Niedergang begriffen sind. Vor allem aber haben die EU-Sanktionen gegen Russland einen Bumerang-Effekt ausgel\u00f6st, insbesondere was die Energiekosten angeht.<\/p>\n<p>Vor diesem Hintergrund waren viele W\u00e4hler f\u00fcr ein drittes Hauptthema der FP\u00d6 empf\u00e4nglich: die Forderung nach der Wiederherstellung friedlicher Beziehungen zu Russland, die\u00a0in erster Linie die Fortsetzung der Gasimporte aus diesem Land erm\u00f6glichen sollten. Der FP\u00d6-Chef bezeichnete die Sanktionen als wirtschaftlichen &#8220;Selbstmord&#8221;.<\/p>\n<p>Es gehe der FP\u00d6 jedoch nicht nur um die Wirtschaft, hei\u00dft es. Herbert Kickl betonte einen Punkt, der vielen \u00d6sterreichern sehr am Herzen liegt: die traditionelle Neutralit\u00e4t des Landes zu erhalten oder wiederzuerlangen. So machte er die EU und die NATO f\u00fcr den Krieg in der Ukraine verantwortlich und bezeichnete die Politik dieser Organisationen als &#8220;katastrophal, heuchlerisch&#8221; und gef\u00e4hrlich &#8220;eskalierend&#8221;. Dar\u00fcber hinaus sprach Kickl sich daf\u00fcr aus, den Transit von Waffen aus anderen EU-L\u00e4ndern durch \u00d6sterreich in die Ukraine zu stoppen. Und schlie\u00dflich bestand er darauf, dass die Ukraine niemals Mitglied der NATO werden d\u00fcrfe.<\/p>\n<p>Dieses Bekenntnis zur Neutralit\u00e4t ist in der Alpenrepublik tief verwurzelt,\u00a0zumal es bis in die Nachkriegszeit zur\u00fcckreicht. \u00d6sterreich fungierte damals als Br\u00fccke zwischen Ost und West \u2013 auch heute noch haben mehrere internationale Institutionen ihren Sitz im Land. Als sich die Regierung 1994 f\u00fcr den Beitritt zur Europ\u00e4ischen Union einsetzte, stie\u00df dies auf starke Ablehnung.\u00a0Bei einem Referendum stimmten 33,4 Prozent\u00a0der B\u00fcrger mit Nein.<\/p>\n<p>Drei\u00dfig Jahre sp\u00e4ter wagte es das scheidende Kabinett nicht, den Beitritt zur NATO vorzuschlagen, wie es j\u00fcngst Schweden und Finnland getan haben. Die \u00d6VP-Gr\u00fcnen-Regierung \u00e4nderte in diesem Sommer allerdings die Verteidigungsdoktrin, in der Russland zuvor als &#8220;wesentlicher Partner&#8221; eingestuft worden war. Moskau wird nun als &#8220;Sicherheitsrisiko&#8221; betrachtet. Nicht nur die FP\u00d6 war gegen diese \u00c4nderung, sondern auch die Sozialdemokratische Partei (SP\u00d6) prangerte die Umgehung des Parlaments an. Wie auch immer, es war die FP\u00d6, die sich erfolgreich\u00a0als Tr\u00e4ger der pazifistischen und neutralen Bestrebungen vieler B\u00fcrger etabliert hat.<\/p>\n<p>Die FP\u00d6 ist daher der gro\u00dfe Gewinner der Wahlen. Die liberal-zentralistische Partei NEOS\u00a0legte von 8,1\u00a0Prozent\u00a0auf 9,1 Prozent zu. Die Kommunistische Partei steigerte ihr Ergebnis um 1,7 Prozentpunkte auf 2,4 Prozent. Eine &#8220;Bierpartei&#8221; schaffte es gar, 2\u00a0Prozent der W\u00e4hler f\u00fcr sich zu gewinnen.<\/p>\n<p>Das Urteil der W\u00e4hler war im\u00a0Gegensatz dazu\u00a0grausam f\u00fcr die drei gro\u00dfen Verlierer. Dies gilt\u00a0in erster Linie f\u00fcr die \u00d6VP. Mit 26,3 Prozent der Stimmen fielen die Christdemokraten um 11,1 Prozentpunkte. Eine &#8220;bittere&#8221; Niederlage, wie der scheidende Bundeskanzler Karl Nehammer eingestand. Ihr Koalitionspartner, die Gr\u00fcnen, verloren ebenfalls ein Drittel ihrer Unterst\u00fctzer und fielen von 13,9 auf 8,2\u00a0Prozent.<\/p>\n<p>Die Sozialdemokraten mussten mit 21\u00a0Prozent (-0,1 Punkte) das schlechteste Ergebnis ihrer Geschichte hinnehmen. Die SP\u00d6, die andere gro\u00dfe traditionelle Partei des Landes, hatte unter anderem versucht, die Aufnahme von Migranten zu verteidigen. Diese Entscheidung sowie ihre lange Oppositionskur (seit 2017) haben ihr nicht gutgetan. Paradoxerweise k\u00f6nnte sie jedoch Teil einer k\u00fcnftigen Koalition sein.<\/p>\n<p>Denn Karl Nehammer hat betont, dass er ein B\u00fcndnis mit Herbert Kickl ausschlie\u00dfe, aber gleichzeitig die T\u00fcr f\u00fcr ein B\u00fcndnis mit der FP\u00d6 \u00f6ffne, wenn diese Partei ihren &#8220;unheimlichen&#8221; Chef beiseite l\u00e4sst \u2013 eine eher unwahrscheinliche Annahme.<\/p>\n<p>Ein B\u00fcndnis zwischen \u00d6VP und FP\u00d6 w\u00e4re zwar kein Novum. Dies war bereits von 2000 bis 2005 und dann von 2017 bis 2019 der Fall. In der ersten Periode hatte die Europ\u00e4ische Union sogar Sanktionen gegen Wien verh\u00e4ngt, da sie der Ansicht war, dass der extremen Rechten der Zugang zur Macht verwehrt werden sollte. Die europ\u00e4ischen F\u00fchrer mussten am Ende aber feststellen, dass diese direkte Einmischung in die Zusammensetzung einer nationalen Regierung nur ein Ergebnis hatte: die St\u00e4rkung der FP\u00d6, der eine Aura des Opfers anhaftete.<\/p>\n<p>In einem solchen B\u00fcndnis w\u00fcrde aber diesmal die FP\u00d6 den Kanzlerposten erben, w\u00e4hrend die \u00d6VP als kleinerer Partner fungieren w\u00fcrde. Das &#8220;Risiko&#8221; einer Ann\u00e4herung an den &#8220;pro-russischen&#8221; ungarischen Premierminister Viktor Orb\u00e1n, der den anderen europ\u00e4ischen F\u00fchrern ein Dorn im Auge ist, w\u00e4re damit verbunden.<\/p>\n<p>Um einen solchen Albtraum f\u00fcr Br\u00fcssel zu vermeiden, ist es daher wahrscheinlich, dass es zu einem B\u00fcndnis zwischen \u00d6VP und SP\u00d6 kommen wird (was in den f\u00fcnf Nachkriegsjahrzehnten h\u00e4ufig der Fall war). Diese beiden Parteien zusammen verf\u00fcgen \u00fcber eine sehr knappe Mehrheit von einem Sitz, zu der sich die Liberalen von NEOS gesellen k\u00f6nnten.<\/p>\n<p>Eine solche Konstellation w\u00fcrde der franz\u00f6sischen Linken widersprechen, die aus Frustration dar\u00fcber, dass sie nicht den Posten des Premierministers bekommen hat, eine angebliche &#8220;franz\u00f6sische Ausnahme&#8221; anprangert: In Wirklichkeit w\u00fcrde nicht nur in Paris am Ende eine Koalition der Geschlagenen an die Macht kommen.<\/p>\n<p><strong>Mehr zum Thema &#8211;<\/strong>\u00a0<a rel=\"nofollow noopener\" target=\"_blank\" href=\"https:\/\/freedert.online\/meinung\/220462-glaubt-denn-wirklich-noch-jemand\/\">Glaubt denn wirklich noch jemand, dass es auf der Welt Demokratie gibt?<\/a><\/p>\n<div class=\"EmbedBlock-root EmbedBlock-externalVideo EmbedBlock-rumble\">\n<div class=\"VkEmbed\"><iframe class=\"lazyload\" data-src=\"https:\/\/rumble.com\/embed\/v5erskd\" frameborder=\"0\" width=\"853\" height=\"480\" allowfullscreen><\/iframe><\/div>\n<\/div>\n<\/div>\n<p><br \/>\n<br \/><a href=\"https:\/\/de.rt.com\/oesterreich\/221111-nur-kein-alptraum-fuer-bruessel\/\">Source link <\/a><\/p>\n","protected":false},"excerpt":{"rendered":"<p>Klarer Wahlsieger in der Alpenrepublik ist die als rechtsextrem eingestufte FP\u00d6. Es ist indes allgemeiner Konsens in der EU, dass der extremen Rechten der Zugang zur Macht verwehrt werden sollte. Frontmann Herbert Kickl hat sich dennoch erfolgreich als Stimme f\u00fcr Frieden, gegen Russland-Sanktionen und die zunehmend belastende Masseneinwanderung etabliert. Von Pierre L\u00e9vy Am 29. September [&hellip;]<\/p>\n","protected":false},"author":3,"featured_media":70145,"comment_status":"open","ping_status":"open","sticky":false,"template":"","format":"standard","meta":{"_yoast_indexnow_last_ping":["1727879232"],"wp_automatic_camp":["217"],"c624d8ab7bdb490f09c6a5b55e8071d0":["Nationalratswahlen in \u00d6sterreich: FP\u00d6 punktet als Stimme gegen Russland-Sanktionen"],"original_link":["https:\/\/de.rt.com\/oesterreich\/221111-nur-kein-alptraum-fuer-bruessel\/"],"_thumbnail_id":["70145"],"_wptgpro_p2tg_sent2tg":["a:1:{i:23737;s:19:\"2024-10-02 16:28:14\";}"],"jnews_social_counter_last_update":["1777652957"]},"categories":[19,23],"tags":[273,30964,278,59027,7290,59120,2197,11917],"yoast_head":"<!-- This site is optimized with the Yoast SEO Premium plugin v22.7 (Yoast SEO v22.7) - https:\/\/yoast.com\/wordpress\/plugins\/seo\/ -->\n<title>Nationalratswahlen in \u00d6sterreich: FP\u00d6 punktet als Stimme gegen Russland-Sanktionen - just-now.NEWS Deutschland<\/title>\n<meta name=\"robots\" content=\"index, follow, max-snippet:-1, max-image-preview:large, max-video-preview:-1\" \/>\n<link rel=\"canonical\" href=\"https:\/\/now-news.de\/de\/deutschland\/nationalratswahlen-in-oesterreich-fpoe-punktet-als-stimme-gegen-russland-sanktionen\/\" \/>\n<meta property=\"og:locale\" content=\"de_DE\" \/>\n<meta property=\"og:type\" content=\"article\" \/>\n<meta property=\"og:title\" content=\"Nationalratswahlen in \u00d6sterreich: FP\u00d6 punktet als Stimme gegen Russland-Sanktionen\" \/>\n<meta property=\"og:description\" content=\"Klarer Wahlsieger in der Alpenrepublik ist die als rechtsextrem eingestufte FP\u00d6. Es ist indes allgemeiner Konsens in der EU, dass der extremen Rechten der Zugang zur Macht verwehrt werden sollte. Frontmann Herbert Kickl hat sich dennoch erfolgreich als Stimme f\u00fcr Frieden, gegen Russland-Sanktionen und die zunehmend belastende Masseneinwanderung etabliert. Von Pierre L\u00e9vy Am 29. September [&hellip;]\" \/>\n<meta property=\"og:url\" content=\"https:\/\/now-news.de\/de\/deutschland\/nationalratswahlen-in-oesterreich-fpoe-punktet-als-stimme-gegen-russland-sanktionen\/\" \/>\n<meta property=\"og:site_name\" content=\"just-now.NEWS Deutschland\" \/>\n<meta property=\"article:publisher\" content=\"https:\/\/www.facebook.com\/wirmachenauf\" \/>\n<meta property=\"article:published_time\" content=\"2024-10-02T14:20:59+00:00\" \/>\n<meta property=\"og:image\" content=\"https:\/\/now-news.de\/de\/wp-content\/uploads\/sites\/3\/2024\/10\/66fd14c0b480cc035e7267ab.jpeg\" \/>\n<meta name=\"author\" content=\"rtnews\" \/>\n<meta name=\"twitter:card\" content=\"summary_large_image\" \/>\n<meta name=\"twitter:creator\" content=\"@WirMachenAuf_de\" \/>\n<meta name=\"twitter:site\" content=\"@WirMachenAuf_de\" \/>\n<meta name=\"twitter:label1\" content=\"Verfasst von\" \/>\n\t<meta name=\"twitter:data1\" content=\"rtnews\" \/>\n\t<meta name=\"twitter:label2\" content=\"Gesch\u00e4tzte Lesezeit\" \/>\n\t<meta name=\"twitter:data2\" content=\"7\u00a0Minuten\" \/>\n<script type=\"application\/ld+json\" class=\"yoast-schema-graph\">{\"@context\":\"https:\/\/schema.org\",\"@graph\":[{\"@type\":\"Article\",\"@id\":\"https:\/\/now-news.de\/de\/deutschland\/nationalratswahlen-in-oesterreich-fpoe-punktet-als-stimme-gegen-russland-sanktionen\/#article\",\"isPartOf\":{\"@id\":\"https:\/\/now-news.de\/de\/deutschland\/nationalratswahlen-in-oesterreich-fpoe-punktet-als-stimme-gegen-russland-sanktionen\/\"},\"author\":{\"name\":\"rtnews\",\"@id\":\"https:\/\/now-news.de\/de\/#\/schema\/person\/fb534a4e865501d8b3285208df34a9b5\"},\"headline\":\"Nationalratswahlen in \u00d6sterreich: FP\u00d6 punktet als Stimme gegen Russland-Sanktionen\",\"datePublished\":\"2024-10-02T14:20:59+00:00\",\"dateModified\":\"2024-10-02T14:20:59+00:00\",\"mainEntityOfPage\":{\"@id\":\"https:\/\/now-news.de\/de\/deutschland\/nationalratswahlen-in-oesterreich-fpoe-punktet-als-stimme-gegen-russland-sanktionen\/\"},\"wordCount\":1376,\"commentCount\":0,\"publisher\":{\"@id\":\"https:\/\/now-news.de\/de\/#organization\"},\"image\":{\"@id\":\"https:\/\/now-news.de\/de\/deutschland\/nationalratswahlen-in-oesterreich-fpoe-punktet-als-stimme-gegen-russland-sanktionen\/#primaryimage\"},\"thumbnailUrl\":\"https:\/\/now-news.de\/de\/wp-content\/uploads\/sites\/3\/2024\/10\/Nationalratswahlen-in-Oesterreich-FPOe-punktet-als-Stimme-gegen-Russland-Sanktionen.jpeg\",\"keywords\":[\"als\",\"FP\u00d6\",\"gegen\",\"Nationalratswahlen\",\"\u00d6sterreich\",\"punktet\",\"RusslandSanktionen\",\"Stimme\"],\"articleSection\":[\"Deutschland\",\"Russland\"],\"inLanguage\":\"de\",\"potentialAction\":[{\"@type\":\"CommentAction\",\"name\":\"Comment\",\"target\":[\"https:\/\/now-news.de\/de\/deutschland\/nationalratswahlen-in-oesterreich-fpoe-punktet-als-stimme-gegen-russland-sanktionen\/#respond\"]}]},{\"@type\":\"WebPage\",\"@id\":\"https:\/\/now-news.de\/de\/deutschland\/nationalratswahlen-in-oesterreich-fpoe-punktet-als-stimme-gegen-russland-sanktionen\/\",\"url\":\"https:\/\/now-news.de\/de\/deutschland\/nationalratswahlen-in-oesterreich-fpoe-punktet-als-stimme-gegen-russland-sanktionen\/\",\"name\":\"Nationalratswahlen in \u00d6sterreich: FP\u00d6 punktet als Stimme gegen Russland-Sanktionen - just-now.NEWS Deutschland\",\"isPartOf\":{\"@id\":\"https:\/\/now-news.de\/de\/#website\"},\"primaryImageOfPage\":{\"@id\":\"https:\/\/now-news.de\/de\/deutschland\/nationalratswahlen-in-oesterreich-fpoe-punktet-als-stimme-gegen-russland-sanktionen\/#primaryimage\"},\"image\":{\"@id\":\"https:\/\/now-news.de\/de\/deutschland\/nationalratswahlen-in-oesterreich-fpoe-punktet-als-stimme-gegen-russland-sanktionen\/#primaryimage\"},\"thumbnailUrl\":\"https:\/\/now-news.de\/de\/wp-content\/uploads\/sites\/3\/2024\/10\/Nationalratswahlen-in-Oesterreich-FPOe-punktet-als-Stimme-gegen-Russland-Sanktionen.jpeg\",\"datePublished\":\"2024-10-02T14:20:59+00:00\",\"dateModified\":\"2024-10-02T14:20:59+00:00\",\"breadcrumb\":{\"@id\":\"https:\/\/now-news.de\/de\/deutschland\/nationalratswahlen-in-oesterreich-fpoe-punktet-als-stimme-gegen-russland-sanktionen\/#breadcrumb\"},\"inLanguage\":\"de\",\"potentialAction\":[{\"@type\":\"ReadAction\",\"target\":[\"https:\/\/now-news.de\/de\/deutschland\/nationalratswahlen-in-oesterreich-fpoe-punktet-als-stimme-gegen-russland-sanktionen\/\"]}]},{\"@type\":\"ImageObject\",\"inLanguage\":\"de\",\"@id\":\"https:\/\/now-news.de\/de\/deutschland\/nationalratswahlen-in-oesterreich-fpoe-punktet-als-stimme-gegen-russland-sanktionen\/#primaryimage\",\"url\":\"https:\/\/now-news.de\/de\/wp-content\/uploads\/sites\/3\/2024\/10\/Nationalratswahlen-in-Oesterreich-FPOe-punktet-als-Stimme-gegen-Russland-Sanktionen.jpeg\",\"contentUrl\":\"https:\/\/now-news.de\/de\/wp-content\/uploads\/sites\/3\/2024\/10\/Nationalratswahlen-in-Oesterreich-FPOe-punktet-als-Stimme-gegen-Russland-Sanktionen.jpeg\",\"width\":460,\"height\":259,\"caption\":\"Nationalratswahlen in \u00d6sterreich: FP\u00d6 punktet als Stimme gegen Russland-Sanktionen\"},{\"@type\":\"BreadcrumbList\",\"@id\":\"https:\/\/now-news.de\/de\/deutschland\/nationalratswahlen-in-oesterreich-fpoe-punktet-als-stimme-gegen-russland-sanktionen\/#breadcrumb\",\"itemListElement\":[{\"@type\":\"ListItem\",\"position\":1,\"name\":\"Home\",\"item\":\"https:\/\/now-news.de\/de\/\"},{\"@type\":\"ListItem\",\"position\":2,\"name\":\"Nationalratswahlen in \u00d6sterreich: FP\u00d6 punktet als Stimme gegen Russland-Sanktionen\"}]},{\"@type\":\"WebSite\",\"@id\":\"https:\/\/now-news.de\/de\/#website\",\"url\":\"https:\/\/now-news.de\/de\/\",\"name\":\"just-now.NEWS Deutschland\",\"description\":\"Das Portal f\u00fcr unzensierte Nachrichten aus der Welt\",\"publisher\":{\"@id\":\"https:\/\/now-news.de\/de\/#organization\"},\"potentialAction\":[{\"@type\":\"SearchAction\",\"target\":{\"@type\":\"EntryPoint\",\"urlTemplate\":\"https:\/\/now-news.de\/de\/?s={search_term_string}\"},\"query-input\":\"required name=search_term_string\"}],\"inLanguage\":\"de\"},{\"@type\":\"Organization\",\"@id\":\"https:\/\/now-news.de\/de\/#organization\",\"name\":\"Just Now News\",\"url\":\"https:\/\/now-news.de\/de\/\",\"logo\":{\"@type\":\"ImageObject\",\"inLanguage\":\"de\",\"@id\":\"https:\/\/now-news.de\/de\/#\/schema\/logo\/image\/\",\"url\":\"http:\/\/just-now.news\/de\/wp-content\/uploads\/sites\/3\/2022\/04\/logo500x500.jpg\",\"contentUrl\":\"http:\/\/just-now.news\/de\/wp-content\/uploads\/sites\/3\/2022\/04\/logo500x500.jpg\",\"width\":500,\"height\":500,\"caption\":\"Just Now News\"},\"image\":{\"@id\":\"https:\/\/now-news.de\/de\/#\/schema\/logo\/image\/\"},\"sameAs\":[\"https:\/\/www.facebook.com\/wirmachenauf\",\"https:\/\/x.com\/WirMachenAuf_de\"]},{\"@type\":\"Person\",\"@id\":\"https:\/\/now-news.de\/de\/#\/schema\/person\/fb534a4e865501d8b3285208df34a9b5\",\"name\":\"rtnews\",\"image\":{\"@type\":\"ImageObject\",\"inLanguage\":\"de\",\"@id\":\"https:\/\/now-news.de\/de\/#\/schema\/person\/image\/\",\"url\":\"https:\/\/secure.gravatar.com\/avatar\/82aafea7d8127119dd649515f56e2117?s=96&d=mm&r=g\",\"contentUrl\":\"https:\/\/secure.gravatar.com\/avatar\/82aafea7d8127119dd649515f56e2117?s=96&d=mm&r=g\",\"caption\":\"rtnews\"},\"url\":\"https:\/\/now-news.de\/de\/author\/rnews\/\"}]}<\/script>\n<!-- \/ Yoast SEO Premium plugin. -->","yoast_head_json":{"title":"Nationalratswahlen in \u00d6sterreich: FP\u00d6 punktet als Stimme gegen Russland-Sanktionen - just-now.NEWS Deutschland","robots":{"index":"index","follow":"follow","max-snippet":"max-snippet:-1","max-image-preview":"max-image-preview:large","max-video-preview":"max-video-preview:-1"},"canonical":"https:\/\/now-news.de\/de\/deutschland\/nationalratswahlen-in-oesterreich-fpoe-punktet-als-stimme-gegen-russland-sanktionen\/","og_locale":"de_DE","og_type":"article","og_title":"Nationalratswahlen in \u00d6sterreich: FP\u00d6 punktet als Stimme gegen Russland-Sanktionen","og_description":"Klarer Wahlsieger in der Alpenrepublik ist die als rechtsextrem eingestufte FP\u00d6. Es ist indes allgemeiner Konsens in der EU, dass der extremen Rechten der Zugang zur Macht verwehrt werden sollte. Frontmann Herbert Kickl hat sich dennoch erfolgreich als Stimme f\u00fcr Frieden, gegen Russland-Sanktionen und die zunehmend belastende Masseneinwanderung etabliert. Von Pierre L\u00e9vy Am 29. September [&hellip;]","og_url":"https:\/\/now-news.de\/de\/deutschland\/nationalratswahlen-in-oesterreich-fpoe-punktet-als-stimme-gegen-russland-sanktionen\/","og_site_name":"just-now.NEWS Deutschland","article_publisher":"https:\/\/www.facebook.com\/wirmachenauf","article_published_time":"2024-10-02T14:20:59+00:00","og_image":[{"url":"https:\/\/now-news.de\/de\/wp-content\/uploads\/sites\/3\/2024\/10\/66fd14c0b480cc035e7267ab.jpeg"}],"author":"rtnews","twitter_card":"summary_large_image","twitter_creator":"@WirMachenAuf_de","twitter_site":"@WirMachenAuf_de","twitter_misc":{"Verfasst von":"rtnews","Gesch\u00e4tzte Lesezeit":"7\u00a0Minuten"},"schema":{"@context":"https:\/\/schema.org","@graph":[{"@type":"Article","@id":"https:\/\/now-news.de\/de\/deutschland\/nationalratswahlen-in-oesterreich-fpoe-punktet-als-stimme-gegen-russland-sanktionen\/#article","isPartOf":{"@id":"https:\/\/now-news.de\/de\/deutschland\/nationalratswahlen-in-oesterreich-fpoe-punktet-als-stimme-gegen-russland-sanktionen\/"},"author":{"name":"rtnews","@id":"https:\/\/now-news.de\/de\/#\/schema\/person\/fb534a4e865501d8b3285208df34a9b5"},"headline":"Nationalratswahlen in \u00d6sterreich: FP\u00d6 punktet als Stimme gegen Russland-Sanktionen","datePublished":"2024-10-02T14:20:59+00:00","dateModified":"2024-10-02T14:20:59+00:00","mainEntityOfPage":{"@id":"https:\/\/now-news.de\/de\/deutschland\/nationalratswahlen-in-oesterreich-fpoe-punktet-als-stimme-gegen-russland-sanktionen\/"},"wordCount":1376,"commentCount":0,"publisher":{"@id":"https:\/\/now-news.de\/de\/#organization"},"image":{"@id":"https:\/\/now-news.de\/de\/deutschland\/nationalratswahlen-in-oesterreich-fpoe-punktet-als-stimme-gegen-russland-sanktionen\/#primaryimage"},"thumbnailUrl":"https:\/\/now-news.de\/de\/wp-content\/uploads\/sites\/3\/2024\/10\/Nationalratswahlen-in-Oesterreich-FPOe-punktet-als-Stimme-gegen-Russland-Sanktionen.jpeg","keywords":["als","FP\u00d6","gegen","Nationalratswahlen","\u00d6sterreich","punktet","RusslandSanktionen","Stimme"],"articleSection":["Deutschland","Russland"],"inLanguage":"de","potentialAction":[{"@type":"CommentAction","name":"Comment","target":["https:\/\/now-news.de\/de\/deutschland\/nationalratswahlen-in-oesterreich-fpoe-punktet-als-stimme-gegen-russland-sanktionen\/#respond"]}]},{"@type":"WebPage","@id":"https:\/\/now-news.de\/de\/deutschland\/nationalratswahlen-in-oesterreich-fpoe-punktet-als-stimme-gegen-russland-sanktionen\/","url":"https:\/\/now-news.de\/de\/deutschland\/nationalratswahlen-in-oesterreich-fpoe-punktet-als-stimme-gegen-russland-sanktionen\/","name":"Nationalratswahlen in \u00d6sterreich: FP\u00d6 punktet als Stimme gegen Russland-Sanktionen - just-now.NEWS Deutschland","isPartOf":{"@id":"https:\/\/now-news.de\/de\/#website"},"primaryImageOfPage":{"@id":"https:\/\/now-news.de\/de\/deutschland\/nationalratswahlen-in-oesterreich-fpoe-punktet-als-stimme-gegen-russland-sanktionen\/#primaryimage"},"image":{"@id":"https:\/\/now-news.de\/de\/deutschland\/nationalratswahlen-in-oesterreich-fpoe-punktet-als-stimme-gegen-russland-sanktionen\/#primaryimage"},"thumbnailUrl":"https:\/\/now-news.de\/de\/wp-content\/uploads\/sites\/3\/2024\/10\/Nationalratswahlen-in-Oesterreich-FPOe-punktet-als-Stimme-gegen-Russland-Sanktionen.jpeg","datePublished":"2024-10-02T14:20:59+00:00","dateModified":"2024-10-02T14:20:59+00:00","breadcrumb":{"@id":"https:\/\/now-news.de\/de\/deutschland\/nationalratswahlen-in-oesterreich-fpoe-punktet-als-stimme-gegen-russland-sanktionen\/#breadcrumb"},"inLanguage":"de","potentialAction":[{"@type":"ReadAction","target":["https:\/\/now-news.de\/de\/deutschland\/nationalratswahlen-in-oesterreich-fpoe-punktet-als-stimme-gegen-russland-sanktionen\/"]}]},{"@type":"ImageObject","inLanguage":"de","@id":"https:\/\/now-news.de\/de\/deutschland\/nationalratswahlen-in-oesterreich-fpoe-punktet-als-stimme-gegen-russland-sanktionen\/#primaryimage","url":"https:\/\/now-news.de\/de\/wp-content\/uploads\/sites\/3\/2024\/10\/Nationalratswahlen-in-Oesterreich-FPOe-punktet-als-Stimme-gegen-Russland-Sanktionen.jpeg","contentUrl":"https:\/\/now-news.de\/de\/wp-content\/uploads\/sites\/3\/2024\/10\/Nationalratswahlen-in-Oesterreich-FPOe-punktet-als-Stimme-gegen-Russland-Sanktionen.jpeg","width":460,"height":259,"caption":"Nationalratswahlen in \u00d6sterreich: FP\u00d6 punktet als Stimme gegen Russland-Sanktionen"},{"@type":"BreadcrumbList","@id":"https:\/\/now-news.de\/de\/deutschland\/nationalratswahlen-in-oesterreich-fpoe-punktet-als-stimme-gegen-russland-sanktionen\/#breadcrumb","itemListElement":[{"@type":"ListItem","position":1,"name":"Home","item":"https:\/\/now-news.de\/de\/"},{"@type":"ListItem","position":2,"name":"Nationalratswahlen in \u00d6sterreich: FP\u00d6 punktet als Stimme gegen Russland-Sanktionen"}]},{"@type":"WebSite","@id":"https:\/\/now-news.de\/de\/#website","url":"https:\/\/now-news.de\/de\/","name":"just-now.NEWS Deutschland","description":"Das Portal f\u00fcr unzensierte Nachrichten aus der Welt","publisher":{"@id":"https:\/\/now-news.de\/de\/#organization"},"potentialAction":[{"@type":"SearchAction","target":{"@type":"EntryPoint","urlTemplate":"https:\/\/now-news.de\/de\/?s={search_term_string}"},"query-input":"required name=search_term_string"}],"inLanguage":"de"},{"@type":"Organization","@id":"https:\/\/now-news.de\/de\/#organization","name":"Just Now News","url":"https:\/\/now-news.de\/de\/","logo":{"@type":"ImageObject","inLanguage":"de","@id":"https:\/\/now-news.de\/de\/#\/schema\/logo\/image\/","url":"http:\/\/just-now.news\/de\/wp-content\/uploads\/sites\/3\/2022\/04\/logo500x500.jpg","contentUrl":"http:\/\/just-now.news\/de\/wp-content\/uploads\/sites\/3\/2022\/04\/logo500x500.jpg","width":500,"height":500,"caption":"Just Now News"},"image":{"@id":"https:\/\/now-news.de\/de\/#\/schema\/logo\/image\/"},"sameAs":["https:\/\/www.facebook.com\/wirmachenauf","https:\/\/x.com\/WirMachenAuf_de"]},{"@type":"Person","@id":"https:\/\/now-news.de\/de\/#\/schema\/person\/fb534a4e865501d8b3285208df34a9b5","name":"rtnews","image":{"@type":"ImageObject","inLanguage":"de","@id":"https:\/\/now-news.de\/de\/#\/schema\/person\/image\/","url":"https:\/\/secure.gravatar.com\/avatar\/82aafea7d8127119dd649515f56e2117?s=96&d=mm&r=g","contentUrl":"https:\/\/secure.gravatar.com\/avatar\/82aafea7d8127119dd649515f56e2117?s=96&d=mm&r=g","caption":"rtnews"},"url":"https:\/\/now-news.de\/de\/author\/rnews\/"}]}},"_links":{"self":[{"href":"https:\/\/now-news.de\/de\/wp-json\/wp\/v2\/posts\/70144"}],"collection":[{"href":"https:\/\/now-news.de\/de\/wp-json\/wp\/v2\/posts"}],"about":[{"href":"https:\/\/now-news.de\/de\/wp-json\/wp\/v2\/types\/post"}],"author":[{"embeddable":true,"href":"https:\/\/now-news.de\/de\/wp-json\/wp\/v2\/users\/3"}],"replies":[{"embeddable":true,"href":"https:\/\/now-news.de\/de\/wp-json\/wp\/v2\/comments?post=70144"}],"version-history":[{"count":0,"href":"https:\/\/now-news.de\/de\/wp-json\/wp\/v2\/posts\/70144\/revisions"}],"wp:featuredmedia":[{"embeddable":true,"href":"https:\/\/now-news.de\/de\/wp-json\/wp\/v2\/media\/70145"}],"wp:attachment":[{"href":"https:\/\/now-news.de\/de\/wp-json\/wp\/v2\/media?parent=70144"}],"wp:term":[{"taxonomy":"category","embeddable":true,"href":"https:\/\/now-news.de\/de\/wp-json\/wp\/v2\/categories?post=70144"},{"taxonomy":"post_tag","embeddable":true,"href":"https:\/\/now-news.de\/de\/wp-json\/wp\/v2\/tags?post=70144"}],"curies":[{"name":"wp","href":"https:\/\/api.w.org\/{rel}","templated":true}]}}