{"id":70041,"date":"2024-10-01T11:56:09","date_gmt":"2024-10-01T09:56:09","guid":{"rendered":"https:\/\/now-news.de\/de\/deutschland\/martin-sellner-plant-auftritt-in-zuerich-polizei-will-ihn-stoppen\/"},"modified":"2024-10-01T11:56:09","modified_gmt":"2024-10-01T09:56:09","slug":"martin-sellner-plant-auftritt-in-zuerich-polizei-will-ihn-stoppen","status":"publish","type":"post","link":"https:\/\/now-news.de\/de\/deutschland\/martin-sellner-plant-auftritt-in-zuerich-polizei-will-ihn-stoppen\/","title":{"rendered":"Martin Sellner plant Auftritt in Z\u00fcrich \u2013 Polizei will ihn stoppen"},"content":{"rendered":"<div class=\"Text-root Text-type_1 \">\n                Der \u00f6sterreichische Autor und Aktivist Martin Sellner plant im Oktober 2024 einen Vortrag im Kanton Z\u00fcrich. Bereits im Fr\u00fchjahr wurde er nach einem \u00e4hnlichen Vorfall von der Polizei abgef\u00fchrt. Die Kantonspolizei Z\u00fcrich hat nun beim Bund eine Einreisesperre beantragt, um den Auftritt zu verhindern. Ob das Bundesamt f\u00fcr Polizei (Fedpol) dem Antrag nachkommen wird, bleibt offen.\n            <\/div>\n<p><\/p>\n<div class=\"Text-root Text-type_5 ArticleView-text ViewText-root \">\n<p>Der \u00f6sterreichische Aktivist Martin Sellner plant, am 19. Oktober 2024 im Kanton Z\u00fcrich einen Vortrag zu halten. Diese Ank\u00fcndigung wurde von der Schweizer Zeitung\u00a0<em>Tages-Anzeiger<\/em>\u00a0unter Berufung auf einen Tweet der Gruppe \u00abJunge Tat\u00bb auf Social Media\u00a0<a rel=\"nofollow noopener\" target=\"_blank\" href=\"https:\/\/www.tagesanzeiger.ch\/martin-sellner-in-zuerich-mario-fehr-will-vortrag-verhindern-422272749016\">verbreitet<\/a>. Bereits im Fr\u00fchjahr hatte Sellner versucht, in der Schweiz aufzutreten \u2013 damals wurde er von der Polizei festgenommen und f\u00fcr mehrere Stunden festgehalten.<\/p>\n<p>Nun steht erneut ein \u00f6ffentlicher Auftritt zur Debatte, dieses Mal in Z\u00fcrich. Die Kantonspolizei Z\u00fcrich hat beim Bund eine Einreisesperre f\u00fcr Sellner beantragt, um den Vortrag zu verhindern. Ob der Antrag bewilligt wird, ist derzeit noch unklar.<\/p>\n<p><strong>Bund z\u00f6gert bei Einreisesperren\u00a0<\/strong><\/p>\n<p>Das Bundesamt f\u00fcr Polizei (Fedpol) kann Einreisesperren verh\u00e4ngen, um die innere Sicherheit der Schweiz zu sch\u00fctzen, insbesondere gegen extremistische Bewegungen. Solche Ma\u00dfnahmen werden jedoch nur selten angewendet. Im Jahr 2022 wurden lediglich zwei Einreisesperren aufgrund von gewaltt\u00e4tigem Extremismus verh\u00e4ngt.<\/p>\n<div class=\"EmbedBlock-root EmbedBlock-twitter\">\n<div class=\"TwitterEmbed\">\n<blockquote class=\"twitter-tweet lazyload\" data-twitter=\"twitter-tweet\">\n<p lang=\"de\" dir=\"ltr\">\ud83d\udfe6Sellner kommt in den Kanton Z\u00fcrich!\ud83d\udd25Z\u00fcrich hat in der Abstimmung auf <a rel=\"nofollow noopener\" target=\"_blank\" href=\"https:\/\/t.co\/W7n0vCjYM0\">https:\/\/t.co\/W7n0vCjYM0<\/a> gewonnen!\ud83d\udc49\ud83c\udffbDer Vortrag am 19. Oktober wird also im Kanton Z\u00fcrich stattfinden!\ud83d\udccdMeldet euch jetzt an auf jungetat. ch\/events oder \u00fcber unsere Nummer: 079 786 82 87 <a rel=\"nofollow noopener\" target=\"_blank\" href=\"https:\/\/t.co\/2x8y6Y6N9z\">pic.twitter.com\/2x8y6Y6N9z<\/a><\/p>\n<p>\u2014 Junge Tat (@AktiveJugendCH) <a rel=\"nofollow noopener\" target=\"_blank\" href=\"https:\/\/twitter.com\/AktiveJugendCH\/status\/1840461025419915267?ref_src=twsrc%5Etfw\">September 29, 2024<\/a><\/p><\/blockquote>\n<\/div>\n<\/div>\n<p>Martin Sellner ist ein \u00f6sterreichischer Aktivist und Buchautor, der als f\u00fchrende Figur der Identit\u00e4ren Bewegung in \u00d6sterreich gilt. Er propagiert die sogenannte \u00abRemigration\u00bb, die gro\u00dfangelegte R\u00fcckf\u00fchrung von Migranten in ihre Herkunftsl\u00e4nder.<\/p>\n<p>Sellner hat Verbindungen zur Schweizer Gruppe \u00abJunge Tat\u00bb, die unter anderem durch St\u00f6rungen von Veranstaltungen wie dem Z\u00fcrich Pride Gottesdienst und Lesungen von &#8220;Dragqueens f\u00fcr Kinder&#8221; bekannt geworden ist.<\/p>\n<p>Bei der Veranstaltungsreihe \u00abDrag Story Time\u00bb im Z\u00fcrcher Tanzhaus sollten Dragqueens Kindergeschichten f\u00fcr 3- bis 10-J\u00e4hrige vorlesen.<\/p>\n<figure class=\"RTImage-root\">\n<div class=\"RTImage-image RTImage-original\"><picture class=\"Picture-root Picture-original\"><!--[if IE 9]><video style=\"display: none;\"><![endif]--><source media=\"(-webkit-min-device-pixel-ratio: 2) and (min-resolution: 120dpi)\" data-srcset=\" \nhttps:\/\/now-news.de\/de\/wp-content\/uploads\/sites\/3\/2024\/10\/66fbb2d2b480cc1d856302cf.jpg 850w,\n                https:\/\/now-news.de\/de\/wp-content\/uploads\/sites\/3\/2024\/10\/66fbb2d2b480cc1d856302cf.jpg 1960w,            \" ><source data-srcset=\" \nhttps:\/\/now-news.de\/de\/wp-content\/uploads\/sites\/3\/2024\/10\/66fbb2d2b480cc1d856302cf.jpg 460w,\n              https:\/\/now-news.de\/de\/wp-content\/uploads\/sites\/3\/2024\/10\/66fbb2d2b480cc1d856302cf.jpg 980w,\n            \" ><!--[if IE 9]><\/video><![endif]--><img decoding=\"async\" data- src=\"data:image\/png;base64,iVBORw0KGgoAAAANSUhEUgAAABAAAAAJCAQAAACRI2S5AAAAEElEQVR42mNkIAAYRxWAAQAG9gAKqv6+AwAAAABJRU5ErkJggg==\" class=\"Picture-root Picture-original lazyload\" data-src=\"https:\/\/now-news.de\/de\/wp-content\/uploads\/sites\/3\/2024\/10\/66fbb2d2b480cc1d856302cf.jpg\" alt=\"\"><\/source><\/source><\/picture><!-- noscript pattern --><noscript><img decoding=\"async\" src=\"https:\/\/now-news.de\/de\/wp-content\/uploads\/sites\/3\/2024\/10\/66fbb2d2b480cc1d856302cf.jpg\" alt=\"\"><\/noscript><\/div><figcaption class=\"RTImage-footer\"><span class=\"RTImage-caption\"><span class=\"RTImage-captionItem\">Dragqueens lasen w\u00e4hrend der Drag Story Hour am 25. Juni 2022 in der Chelsea Public Library in Chelsea, Massachusetts, Geschichten f\u00fcr Kinder vor. In den letzten Monaten haben viele Dragqueens weltweit vermehrt Angst und Bedrohungen erlebt.<\/span><\/span><span class=\"RTImage-source\"><span class=\"RTImage-captionItem\">Gettyimages.ru<\/span><\/span><\/figcaption><\/figure>\n<p>Die Z\u00fcrcher Polizei will die \u00f6ffentliche Sicherheit gew\u00e4hrleisten und m\u00f6gliche Konflikte verhindern. Bereits im M\u00e4rz 2024 wurde Sellner in Tegerfelden verhaftet, um \u00e4hnliche Spannungen zu vermeiden. Auch dieses Mal k\u00f6nnte es zu einer Eskalation kommen, sollte der Vortrag in Z\u00fcrich tats\u00e4chlich stattfinden.<\/p>\n<p>Ob Sellner letztlich\u00a0die Genehmigung f\u00fcr den Auftritt bekommt, bleibt abzuwarten \u2013 die Beh\u00f6rden sind jedoch wachsam und bereiten sich auf alle Eventualit\u00e4ten vor.<\/p>\n<p><strong>Mehr zum Thema \u2012<\/strong>\u00a0<a rel=\"nofollow noopener\" target=\"_blank\" href=\"https:\/\/freedert.online\/schweiz\/200111-erfolgreiche-medienauftritt-von-martin-sellner\/\">Der erfolgreiche Medienauftritt von Martin Sellner in der Schweiz<\/a><\/p>\n<div class=\"EmbedBlock-root EmbedBlock-externalVideo EmbedBlock-rumble\">\n<div class=\"VkEmbed\"><iframe class=\"lazyload\" data-src=\"https:\/\/rumble.com\/embed\/v57gaca\" frameborder=\"0\" width=\"853\" height=\"480\" allowfullscreen><\/iframe><\/div>\n<\/div>\n<\/div>\n<p><script async src=\"https:\/\/platform.twitter.com\/widgets.js\" charset=\"utf-8\"><\/script><br \/>\n<br \/><br \/>\n<br \/><a href=\"https:\/\/de.rt.com\/schweiz\/221004-martin-sellner-plant-auftritt-in\/\">Source link <\/a><\/p>\n","protected":false},"excerpt":{"rendered":"<p>Der \u00f6sterreichische Autor und Aktivist Martin Sellner plant im Oktober 2024 einen Vortrag im Kanton Z\u00fcrich. Bereits im Fr\u00fchjahr wurde er nach einem \u00e4hnlichen Vorfall von der Polizei abgef\u00fchrt. Die Kantonspolizei Z\u00fcrich hat nun beim Bund eine Einreisesperre beantragt, um den Auftritt zu verhindern. Ob das Bundesamt f\u00fcr Polizei (Fedpol) dem Antrag nachkommen wird, bleibt [&hellip;]<\/p>\n","protected":false},"author":3,"featured_media":70042,"comment_status":"open","ping_status":"open","sticky":false,"template":"","format":"standard","meta":{"_yoast_indexnow_last_ping":["1727776783"],"wp_automatic_camp":["217"],"b04d8e893be419669390ca3e6fb9813d":["Martin Sellner plant Auftritt in Z\u00fcrich \u2013 Polizei will ihn stoppen"],"original_link":["https:\/\/de.rt.com\/schweiz\/221004-martin-sellner-plant-auftritt-in\/"],"_thumbnail_id":["70042"],"_wptgpro_p2tg_sent2tg":["a:1:{i:23737;s:19:\"2024-10-01 12:02:06\";}"],"jnews_social_counter_last_update":["1777224102"]},"categories":[19,23],"tags":[26804,6582,1187,2559,7579,52899,19213,53356],"yoast_head":"<!-- This site is optimized with the Yoast SEO Premium plugin v22.7 (Yoast SEO v22.7) - https:\/\/yoast.com\/wordpress\/plugins\/seo\/ -->\n<title>Martin Sellner plant Auftritt in Z\u00fcrich \u2013 Polizei will ihn stoppen - just-now.NEWS Deutschland<\/title>\n<meta name=\"robots\" content=\"index, follow, max-snippet:-1, max-image-preview:large, max-video-preview:-1\" \/>\n<link rel=\"canonical\" href=\"https:\/\/now-news.de\/de\/deutschland\/martin-sellner-plant-auftritt-in-zuerich-polizei-will-ihn-stoppen\/\" \/>\n<meta property=\"og:locale\" content=\"de_DE\" \/>\n<meta property=\"og:type\" content=\"article\" \/>\n<meta property=\"og:title\" content=\"Martin Sellner plant Auftritt in Z\u00fcrich \u2013 Polizei will ihn stoppen\" \/>\n<meta property=\"og:description\" content=\"Der \u00f6sterreichische Autor und Aktivist Martin Sellner plant im Oktober 2024 einen Vortrag im Kanton Z\u00fcrich. Bereits im Fr\u00fchjahr wurde er nach einem \u00e4hnlichen Vorfall von der Polizei abgef\u00fchrt. Die Kantonspolizei Z\u00fcrich hat nun beim Bund eine Einreisesperre beantragt, um den Auftritt zu verhindern. Ob das Bundesamt f\u00fcr Polizei (Fedpol) dem Antrag nachkommen wird, bleibt [&hellip;]\" \/>\n<meta property=\"og:url\" content=\"https:\/\/now-news.de\/de\/deutschland\/martin-sellner-plant-auftritt-in-zuerich-polizei-will-ihn-stoppen\/\" \/>\n<meta property=\"og:site_name\" content=\"just-now.NEWS Deutschland\" \/>\n<meta property=\"article:publisher\" content=\"https:\/\/www.facebook.com\/wirmachenauf\" \/>\n<meta property=\"article:published_time\" content=\"2024-10-01T09:56:09+00:00\" \/>\n<meta property=\"og:image\" content=\"https:\/\/now-news.de\/de\/wp-content\/uploads\/sites\/3\/2024\/10\/66fbb2d2b480cc1d856302cf.jpg\" \/>\n<meta name=\"author\" content=\"rtnews\" \/>\n<meta name=\"twitter:card\" content=\"summary_large_image\" \/>\n<meta name=\"twitter:creator\" content=\"@WirMachenAuf_de\" \/>\n<meta name=\"twitter:site\" content=\"@WirMachenAuf_de\" \/>\n<meta name=\"twitter:label1\" content=\"Verfasst von\" \/>\n\t<meta name=\"twitter:data1\" content=\"rtnews\" \/>\n\t<meta name=\"twitter:label2\" content=\"Gesch\u00e4tzte Lesezeit\" \/>\n\t<meta name=\"twitter:data2\" content=\"2\u00a0Minuten\" \/>\n<script type=\"application\/ld+json\" class=\"yoast-schema-graph\">{\"@context\":\"https:\/\/schema.org\",\"@graph\":[{\"@type\":\"Article\",\"@id\":\"https:\/\/now-news.de\/de\/deutschland\/martin-sellner-plant-auftritt-in-zuerich-polizei-will-ihn-stoppen\/#article\",\"isPartOf\":{\"@id\":\"https:\/\/now-news.de\/de\/deutschland\/martin-sellner-plant-auftritt-in-zuerich-polizei-will-ihn-stoppen\/\"},\"author\":{\"name\":\"rtnews\",\"@id\":\"https:\/\/now-news.de\/de\/#\/schema\/person\/fb534a4e865501d8b3285208df34a9b5\"},\"headline\":\"Martin Sellner plant Auftritt in Z\u00fcrich \u2013 Polizei will ihn stoppen\",\"datePublished\":\"2024-10-01T09:56:09+00:00\",\"dateModified\":\"2024-10-01T09:56:09+00:00\",\"mainEntityOfPage\":{\"@id\":\"https:\/\/now-news.de\/de\/deutschland\/martin-sellner-plant-auftritt-in-zuerich-polizei-will-ihn-stoppen\/\"},\"wordCount\":494,\"commentCount\":0,\"publisher\":{\"@id\":\"https:\/\/now-news.de\/de\/#organization\"},\"image\":{\"@id\":\"https:\/\/now-news.de\/de\/deutschland\/martin-sellner-plant-auftritt-in-zuerich-polizei-will-ihn-stoppen\/#primaryimage\"},\"thumbnailUrl\":\"https:\/\/now-news.de\/de\/wp-content\/uploads\/sites\/3\/2024\/10\/Martin-Sellner-plant-Auftritt-in-Zuerich-\u2013-Polizei-will-ihn.jpg\",\"keywords\":[\"Auftritt\",\"ihn\",\"Martin\",\"plant\",\"Polizei\",\"Sellner\",\"stoppen\",\"Z\u00fcrich\"],\"articleSection\":[\"Deutschland\",\"Russland\"],\"inLanguage\":\"de\",\"potentialAction\":[{\"@type\":\"CommentAction\",\"name\":\"Comment\",\"target\":[\"https:\/\/now-news.de\/de\/deutschland\/martin-sellner-plant-auftritt-in-zuerich-polizei-will-ihn-stoppen\/#respond\"]}]},{\"@type\":\"WebPage\",\"@id\":\"https:\/\/now-news.de\/de\/deutschland\/martin-sellner-plant-auftritt-in-zuerich-polizei-will-ihn-stoppen\/\",\"url\":\"https:\/\/now-news.de\/de\/deutschland\/martin-sellner-plant-auftritt-in-zuerich-polizei-will-ihn-stoppen\/\",\"name\":\"Martin Sellner plant Auftritt in Z\u00fcrich \u2013 Polizei will ihn stoppen - just-now.NEWS Deutschland\",\"isPartOf\":{\"@id\":\"https:\/\/now-news.de\/de\/#website\"},\"primaryImageOfPage\":{\"@id\":\"https:\/\/now-news.de\/de\/deutschland\/martin-sellner-plant-auftritt-in-zuerich-polizei-will-ihn-stoppen\/#primaryimage\"},\"image\":{\"@id\":\"https:\/\/now-news.de\/de\/deutschland\/martin-sellner-plant-auftritt-in-zuerich-polizei-will-ihn-stoppen\/#primaryimage\"},\"thumbnailUrl\":\"https:\/\/now-news.de\/de\/wp-content\/uploads\/sites\/3\/2024\/10\/Martin-Sellner-plant-Auftritt-in-Zuerich-\u2013-Polizei-will-ihn.jpg\",\"datePublished\":\"2024-10-01T09:56:09+00:00\",\"dateModified\":\"2024-10-01T09:56:09+00:00\",\"breadcrumb\":{\"@id\":\"https:\/\/now-news.de\/de\/deutschland\/martin-sellner-plant-auftritt-in-zuerich-polizei-will-ihn-stoppen\/#breadcrumb\"},\"inLanguage\":\"de\",\"potentialAction\":[{\"@type\":\"ReadAction\",\"target\":[\"https:\/\/now-news.de\/de\/deutschland\/martin-sellner-plant-auftritt-in-zuerich-polizei-will-ihn-stoppen\/\"]}]},{\"@type\":\"ImageObject\",\"inLanguage\":\"de\",\"@id\":\"https:\/\/now-news.de\/de\/deutschland\/martin-sellner-plant-auftritt-in-zuerich-polizei-will-ihn-stoppen\/#primaryimage\",\"url\":\"https:\/\/now-news.de\/de\/wp-content\/uploads\/sites\/3\/2024\/10\/Martin-Sellner-plant-Auftritt-in-Zuerich-\u2013-Polizei-will-ihn.jpg\",\"contentUrl\":\"https:\/\/now-news.de\/de\/wp-content\/uploads\/sites\/3\/2024\/10\/Martin-Sellner-plant-Auftritt-in-Zuerich-\u2013-Polizei-will-ihn.jpg\",\"width\":1620,\"height\":1080,\"caption\":\"Martin Sellner plant Auftritt in Z\u00fcrich \u2013 Polizei will ihn stoppen\"},{\"@type\":\"BreadcrumbList\",\"@id\":\"https:\/\/now-news.de\/de\/deutschland\/martin-sellner-plant-auftritt-in-zuerich-polizei-will-ihn-stoppen\/#breadcrumb\",\"itemListElement\":[{\"@type\":\"ListItem\",\"position\":1,\"name\":\"Home\",\"item\":\"https:\/\/now-news.de\/de\/\"},{\"@type\":\"ListItem\",\"position\":2,\"name\":\"Martin Sellner plant Auftritt in Z\u00fcrich \u2013 Polizei will ihn stoppen\"}]},{\"@type\":\"WebSite\",\"@id\":\"https:\/\/now-news.de\/de\/#website\",\"url\":\"https:\/\/now-news.de\/de\/\",\"name\":\"just-now.NEWS Deutschland\",\"description\":\"Das Portal f\u00fcr unzensierte Nachrichten aus der Welt\",\"publisher\":{\"@id\":\"https:\/\/now-news.de\/de\/#organization\"},\"potentialAction\":[{\"@type\":\"SearchAction\",\"target\":{\"@type\":\"EntryPoint\",\"urlTemplate\":\"https:\/\/now-news.de\/de\/?s={search_term_string}\"},\"query-input\":\"required name=search_term_string\"}],\"inLanguage\":\"de\"},{\"@type\":\"Organization\",\"@id\":\"https:\/\/now-news.de\/de\/#organization\",\"name\":\"Just Now News\",\"url\":\"https:\/\/now-news.de\/de\/\",\"logo\":{\"@type\":\"ImageObject\",\"inLanguage\":\"de\",\"@id\":\"https:\/\/now-news.de\/de\/#\/schema\/logo\/image\/\",\"url\":\"http:\/\/just-now.news\/de\/wp-content\/uploads\/sites\/3\/2022\/04\/logo500x500.jpg\",\"contentUrl\":\"http:\/\/just-now.news\/de\/wp-content\/uploads\/sites\/3\/2022\/04\/logo500x500.jpg\",\"width\":500,\"height\":500,\"caption\":\"Just Now News\"},\"image\":{\"@id\":\"https:\/\/now-news.de\/de\/#\/schema\/logo\/image\/\"},\"sameAs\":[\"https:\/\/www.facebook.com\/wirmachenauf\",\"https:\/\/x.com\/WirMachenAuf_de\"]},{\"@type\":\"Person\",\"@id\":\"https:\/\/now-news.de\/de\/#\/schema\/person\/fb534a4e865501d8b3285208df34a9b5\",\"name\":\"rtnews\",\"image\":{\"@type\":\"ImageObject\",\"inLanguage\":\"de\",\"@id\":\"https:\/\/now-news.de\/de\/#\/schema\/person\/image\/\",\"url\":\"https:\/\/secure.gravatar.com\/avatar\/82aafea7d8127119dd649515f56e2117?s=96&d=mm&r=g\",\"contentUrl\":\"https:\/\/secure.gravatar.com\/avatar\/82aafea7d8127119dd649515f56e2117?s=96&d=mm&r=g\",\"caption\":\"rtnews\"},\"url\":\"https:\/\/now-news.de\/de\/author\/rnews\/\"}]}<\/script>\n<!-- \/ Yoast SEO Premium plugin. -->","yoast_head_json":{"title":"Martin Sellner plant Auftritt in Z\u00fcrich \u2013 Polizei will ihn stoppen - just-now.NEWS Deutschland","robots":{"index":"index","follow":"follow","max-snippet":"max-snippet:-1","max-image-preview":"max-image-preview:large","max-video-preview":"max-video-preview:-1"},"canonical":"https:\/\/now-news.de\/de\/deutschland\/martin-sellner-plant-auftritt-in-zuerich-polizei-will-ihn-stoppen\/","og_locale":"de_DE","og_type":"article","og_title":"Martin Sellner plant Auftritt in Z\u00fcrich \u2013 Polizei will ihn stoppen","og_description":"Der \u00f6sterreichische Autor und Aktivist Martin Sellner plant im Oktober 2024 einen Vortrag im Kanton Z\u00fcrich. Bereits im Fr\u00fchjahr wurde er nach einem \u00e4hnlichen Vorfall von der Polizei abgef\u00fchrt. Die Kantonspolizei Z\u00fcrich hat nun beim Bund eine Einreisesperre beantragt, um den Auftritt zu verhindern. Ob das Bundesamt f\u00fcr Polizei (Fedpol) dem Antrag nachkommen wird, bleibt [&hellip;]","og_url":"https:\/\/now-news.de\/de\/deutschland\/martin-sellner-plant-auftritt-in-zuerich-polizei-will-ihn-stoppen\/","og_site_name":"just-now.NEWS Deutschland","article_publisher":"https:\/\/www.facebook.com\/wirmachenauf","article_published_time":"2024-10-01T09:56:09+00:00","og_image":[{"url":"https:\/\/now-news.de\/de\/wp-content\/uploads\/sites\/3\/2024\/10\/66fbb2d2b480cc1d856302cf.jpg"}],"author":"rtnews","twitter_card":"summary_large_image","twitter_creator":"@WirMachenAuf_de","twitter_site":"@WirMachenAuf_de","twitter_misc":{"Verfasst von":"rtnews","Gesch\u00e4tzte Lesezeit":"2\u00a0Minuten"},"schema":{"@context":"https:\/\/schema.org","@graph":[{"@type":"Article","@id":"https:\/\/now-news.de\/de\/deutschland\/martin-sellner-plant-auftritt-in-zuerich-polizei-will-ihn-stoppen\/#article","isPartOf":{"@id":"https:\/\/now-news.de\/de\/deutschland\/martin-sellner-plant-auftritt-in-zuerich-polizei-will-ihn-stoppen\/"},"author":{"name":"rtnews","@id":"https:\/\/now-news.de\/de\/#\/schema\/person\/fb534a4e865501d8b3285208df34a9b5"},"headline":"Martin Sellner plant Auftritt in Z\u00fcrich \u2013 Polizei will ihn stoppen","datePublished":"2024-10-01T09:56:09+00:00","dateModified":"2024-10-01T09:56:09+00:00","mainEntityOfPage":{"@id":"https:\/\/now-news.de\/de\/deutschland\/martin-sellner-plant-auftritt-in-zuerich-polizei-will-ihn-stoppen\/"},"wordCount":494,"commentCount":0,"publisher":{"@id":"https:\/\/now-news.de\/de\/#organization"},"image":{"@id":"https:\/\/now-news.de\/de\/deutschland\/martin-sellner-plant-auftritt-in-zuerich-polizei-will-ihn-stoppen\/#primaryimage"},"thumbnailUrl":"https:\/\/now-news.de\/de\/wp-content\/uploads\/sites\/3\/2024\/10\/Martin-Sellner-plant-Auftritt-in-Zuerich-\u2013-Polizei-will-ihn.jpg","keywords":["Auftritt","ihn","Martin","plant","Polizei","Sellner","stoppen","Z\u00fcrich"],"articleSection":["Deutschland","Russland"],"inLanguage":"de","potentialAction":[{"@type":"CommentAction","name":"Comment","target":["https:\/\/now-news.de\/de\/deutschland\/martin-sellner-plant-auftritt-in-zuerich-polizei-will-ihn-stoppen\/#respond"]}]},{"@type":"WebPage","@id":"https:\/\/now-news.de\/de\/deutschland\/martin-sellner-plant-auftritt-in-zuerich-polizei-will-ihn-stoppen\/","url":"https:\/\/now-news.de\/de\/deutschland\/martin-sellner-plant-auftritt-in-zuerich-polizei-will-ihn-stoppen\/","name":"Martin Sellner plant Auftritt in Z\u00fcrich \u2013 Polizei will ihn stoppen - just-now.NEWS Deutschland","isPartOf":{"@id":"https:\/\/now-news.de\/de\/#website"},"primaryImageOfPage":{"@id":"https:\/\/now-news.de\/de\/deutschland\/martin-sellner-plant-auftritt-in-zuerich-polizei-will-ihn-stoppen\/#primaryimage"},"image":{"@id":"https:\/\/now-news.de\/de\/deutschland\/martin-sellner-plant-auftritt-in-zuerich-polizei-will-ihn-stoppen\/#primaryimage"},"thumbnailUrl":"https:\/\/now-news.de\/de\/wp-content\/uploads\/sites\/3\/2024\/10\/Martin-Sellner-plant-Auftritt-in-Zuerich-\u2013-Polizei-will-ihn.jpg","datePublished":"2024-10-01T09:56:09+00:00","dateModified":"2024-10-01T09:56:09+00:00","breadcrumb":{"@id":"https:\/\/now-news.de\/de\/deutschland\/martin-sellner-plant-auftritt-in-zuerich-polizei-will-ihn-stoppen\/#breadcrumb"},"inLanguage":"de","potentialAction":[{"@type":"ReadAction","target":["https:\/\/now-news.de\/de\/deutschland\/martin-sellner-plant-auftritt-in-zuerich-polizei-will-ihn-stoppen\/"]}]},{"@type":"ImageObject","inLanguage":"de","@id":"https:\/\/now-news.de\/de\/deutschland\/martin-sellner-plant-auftritt-in-zuerich-polizei-will-ihn-stoppen\/#primaryimage","url":"https:\/\/now-news.de\/de\/wp-content\/uploads\/sites\/3\/2024\/10\/Martin-Sellner-plant-Auftritt-in-Zuerich-\u2013-Polizei-will-ihn.jpg","contentUrl":"https:\/\/now-news.de\/de\/wp-content\/uploads\/sites\/3\/2024\/10\/Martin-Sellner-plant-Auftritt-in-Zuerich-\u2013-Polizei-will-ihn.jpg","width":1620,"height":1080,"caption":"Martin Sellner plant Auftritt in Z\u00fcrich \u2013 Polizei will ihn stoppen"},{"@type":"BreadcrumbList","@id":"https:\/\/now-news.de\/de\/deutschland\/martin-sellner-plant-auftritt-in-zuerich-polizei-will-ihn-stoppen\/#breadcrumb","itemListElement":[{"@type":"ListItem","position":1,"name":"Home","item":"https:\/\/now-news.de\/de\/"},{"@type":"ListItem","position":2,"name":"Martin Sellner plant Auftritt in Z\u00fcrich \u2013 Polizei will ihn stoppen"}]},{"@type":"WebSite","@id":"https:\/\/now-news.de\/de\/#website","url":"https:\/\/now-news.de\/de\/","name":"just-now.NEWS Deutschland","description":"Das Portal f\u00fcr unzensierte Nachrichten aus der Welt","publisher":{"@id":"https:\/\/now-news.de\/de\/#organization"},"potentialAction":[{"@type":"SearchAction","target":{"@type":"EntryPoint","urlTemplate":"https:\/\/now-news.de\/de\/?s={search_term_string}"},"query-input":"required name=search_term_string"}],"inLanguage":"de"},{"@type":"Organization","@id":"https:\/\/now-news.de\/de\/#organization","name":"Just Now News","url":"https:\/\/now-news.de\/de\/","logo":{"@type":"ImageObject","inLanguage":"de","@id":"https:\/\/now-news.de\/de\/#\/schema\/logo\/image\/","url":"http:\/\/just-now.news\/de\/wp-content\/uploads\/sites\/3\/2022\/04\/logo500x500.jpg","contentUrl":"http:\/\/just-now.news\/de\/wp-content\/uploads\/sites\/3\/2022\/04\/logo500x500.jpg","width":500,"height":500,"caption":"Just Now News"},"image":{"@id":"https:\/\/now-news.de\/de\/#\/schema\/logo\/image\/"},"sameAs":["https:\/\/www.facebook.com\/wirmachenauf","https:\/\/x.com\/WirMachenAuf_de"]},{"@type":"Person","@id":"https:\/\/now-news.de\/de\/#\/schema\/person\/fb534a4e865501d8b3285208df34a9b5","name":"rtnews","image":{"@type":"ImageObject","inLanguage":"de","@id":"https:\/\/now-news.de\/de\/#\/schema\/person\/image\/","url":"https:\/\/secure.gravatar.com\/avatar\/82aafea7d8127119dd649515f56e2117?s=96&d=mm&r=g","contentUrl":"https:\/\/secure.gravatar.com\/avatar\/82aafea7d8127119dd649515f56e2117?s=96&d=mm&r=g","caption":"rtnews"},"url":"https:\/\/now-news.de\/de\/author\/rnews\/"}]}},"_links":{"self":[{"href":"https:\/\/now-news.de\/de\/wp-json\/wp\/v2\/posts\/70041"}],"collection":[{"href":"https:\/\/now-news.de\/de\/wp-json\/wp\/v2\/posts"}],"about":[{"href":"https:\/\/now-news.de\/de\/wp-json\/wp\/v2\/types\/post"}],"author":[{"embeddable":true,"href":"https:\/\/now-news.de\/de\/wp-json\/wp\/v2\/users\/3"}],"replies":[{"embeddable":true,"href":"https:\/\/now-news.de\/de\/wp-json\/wp\/v2\/comments?post=70041"}],"version-history":[{"count":0,"href":"https:\/\/now-news.de\/de\/wp-json\/wp\/v2\/posts\/70041\/revisions"}],"wp:featuredmedia":[{"embeddable":true,"href":"https:\/\/now-news.de\/de\/wp-json\/wp\/v2\/media\/70042"}],"wp:attachment":[{"href":"https:\/\/now-news.de\/de\/wp-json\/wp\/v2\/media?parent=70041"}],"wp:term":[{"taxonomy":"category","embeddable":true,"href":"https:\/\/now-news.de\/de\/wp-json\/wp\/v2\/categories?post=70041"},{"taxonomy":"post_tag","embeddable":true,"href":"https:\/\/now-news.de\/de\/wp-json\/wp\/v2\/tags?post=70041"}],"curies":[{"name":"wp","href":"https:\/\/api.w.org\/{rel}","templated":true}]}}