{"id":69943,"date":"2024-09-29T12:23:43","date_gmt":"2024-09-29T10:23:43","guid":{"rendered":"https:\/\/now-news.de\/de\/deutschland\/umfrage-kanzlerkandidat-habeck-hilft-den-gruenen-nicht-weiter\/"},"modified":"2024-09-29T12:23:43","modified_gmt":"2024-09-29T10:23:43","slug":"umfrage-kanzlerkandidat-habeck-hilft-den-gruenen-nicht-weiter","status":"publish","type":"post","link":"https:\/\/now-news.de\/de\/deutschland\/umfrage-kanzlerkandidat-habeck-hilft-den-gruenen-nicht-weiter\/","title":{"rendered":"Umfrage: Kanzlerkandidat Habeck hilft den Gr\u00fcnen nicht weiter"},"content":{"rendered":"<p><img decoding=\"async\" src=\"https:\/\/now-news.de\/de\/wp-content\/uploads\/sites\/3\/2024\/09\/66f91a0db480cc313c5dc62f.jpg\" \/><\/p>\n<div class=\"Text-root Text-type_1 \">\n                Robert Habeck h\u00e4lt sich selbst f\u00fcr kanzlertauglich. Doch au\u00dfer ihm scheinen nur wenige diese Einsch\u00e4tzung zu teilen. Laut einer aktuellen Umfrage w\u00fcrden die Stimmen f\u00fcr die Gr\u00fcnen geringer ausfallen, w\u00fcrde Habeck als Kanzlerkandidat antreten.\n            <\/div>\n<p><\/p>\n<div class=\"Text-root Text-type_5 ArticleView-text ViewText-root \">\n<p>Eine Kanzlerkandidatur von Wirtschaftsminister Robert Habeck w\u00fcrde die Gr\u00fcnen f\u00fcr die W\u00e4hler nicht attraktiver machen. Das ist das Ergebnis einer Umfrage des Meinungsforschungsinstituts Insa f\u00fcr das Springerblatt <em>Bild<\/em>.<\/p>\n<p>Demnach sind mit dem Kinderbuchautor als Kanzlerkandidat 39 Prozent der Befragten weniger dazu bereit, die Gr\u00fcnen zu w\u00e4hlen. Dass es f\u00fcr sie keine Auswirkung h\u00e4tte, geben 36 Prozent an. Nur 16 Prozent erkl\u00e4ren, mit dem Kandidaten Habeck eher die Gr\u00fcnen zu w\u00e4hlen als ohne ihn.<\/p>\n<p>Auch im direkten Vergleich mit SPD-Bundeskanzler Olaf Scholz und dem Kanzlerkandidaten der Union, Friedrich Merz, liegt Habeck weit hinten. Laut Insa w\u00fcrden sich 36 Prozent der Befragten f\u00fcr den Blackrock-Veteranen Merz entscheiden, immerhin w\u00fcrden noch 19 Prozent f\u00fcr Scholz stimmen, nur 16 Prozent f\u00fcr Habeck.<\/p>\n<p>Immerhin k\u00f6nnen die Gr\u00fcnen nach ihrem F\u00fchrungswechsel laut einer anderen Insa-Umfrage wieder zulegen \u2013 m\u00f6glicherweise aber auch nur, weil den W\u00e4hlern die neue F\u00fchrung noch nicht bekannt ist. Laut dem Sonntagstrend steigert sich die fr\u00fchere\u00a0Umwelt- und Friedenspartei von\u00a0zehn auf\u00a0elf Prozent.<\/p>\n<div class=\"EmbedBlock-root EmbedBlock-twitter\">\n<div class=\"TwitterEmbed\">\n<blockquote class=\"twitter-tweet lazyload\" data-twitter=\"twitter-tweet\">\n<p lang=\"de\" dir=\"ltr\">Sonntagsfrage zur Bundestagswahl \u2022 INSA\/BamS: CDU\/CSU 32 % | AfD 19 % | SPD 15 % | GR\u00dcNE 11 % | BSW 10 % | FDP 4 % | DIE LINKE 3 % | Sonstige 6 % \u27a4 \u00dcbersicht: <a rel=\"nofollow noopener\" target=\"_blank\" href=\"https:\/\/t.co\/Gzilw3J3L9\">https:\/\/t.co\/Gzilw3J3L9<\/a>\u27a4 Verlauf: <a rel=\"nofollow noopener\" target=\"_blank\" href=\"https:\/\/t.co\/vnhJf7ub9S\">https:\/\/t.co\/vnhJf7ub9S<\/a><a rel=\"nofollow noopener\" target=\"_blank\" href=\"https:\/\/t.co\/7hcaEA4BH6\">pic.twitter.com\/7hcaEA4BH6<\/a><\/p>\n<p>\u2014 Wahlrecht.de (@Wahlrecht_de) <a rel=\"nofollow noopener\" target=\"_blank\" href=\"https:\/\/twitter.com\/Wahlrecht_de\/status\/1840062710962143630?ref_src=twsrc%5Etfw\">September 28, 2024<\/a><\/p><\/blockquote>\n<\/div>\n<\/div>\n<p>St\u00e4rkste Kraft bleibt demnach die Union mit\u00a0unver\u00e4nderten 32 Prozent, es folgt die AfD, die einen Prozentpunkt verliert und auf 19 Prozent f\u00e4llt. Die SPD bleibt bei 15, das BSW bei zehn, die FDP bei vier Prozent. Die Restlinke steigert sich von zwei auf drei Prozent.<\/p>\n<p>Nach dem schlechten Abschneiden der Gr\u00fcnen bei den drei Landtagswahlen im September war die Spitze der Partei am Mittwoch geschlossen zur\u00fcckgetreten. Laut einem <em>Bild<\/em>-Bericht wurde der F\u00fchrungswechsel von Habeck initiiert, der vor allem die scheidende Vorsitzende Ricarda Lang f\u00fcr das Scheitern der Gr\u00fcnen verantwortlich machte \u2013 und nicht seine eigene Wirtschafts- und Energiepolitik, deren Folgen auch f\u00fcr die W\u00e4hler zunehmend sp\u00fcrbar werden.<\/p>\n<div class=\"EmbedBlock-root EmbedBlock-twitter\">\n<div class=\"TwitterEmbed\">\n<blockquote class=\"twitter-tweet lazyload\" data-twitter=\"twitter-tweet\">\n<p lang=\"de\" dir=\"ltr\">Gr\u00fcnen-Hoffnung Banaszak, Brantner und die Corona-Zeit&#8221;Es waren er und seine Kollegen, die Mitte Oktober die Kanzlerin ausbremsten und einen h\u00e4rteren Lockdown verhinderten.&#8221; Felix Banaszak in einer \u00f6ffentlichen Kritik an Armin Laschet.Jetzt sollen also Felix Banaszak und\u2026 <a rel=\"nofollow noopener\" target=\"_blank\" href=\"https:\/\/t.co\/wUE6MfuTbB\">pic.twitter.com\/wUE6MfuTbB<\/a><\/p>\n<p>\u2014 P. Debionne (@PDebionne77) <a rel=\"nofollow noopener\" target=\"_blank\" href=\"https:\/\/twitter.com\/PDebionne77\/status\/1839770534801760420?ref_src=twsrc%5Etfw\">September 27, 2024<\/a><\/p><\/blockquote>\n<\/div>\n<\/div>\n<p>Als Nachfolger f\u00fcr Lang und ihren Co-Vorsitzenden Omid Nouripour sind die Habeck-Vertraute und Staatssekret\u00e4rin im Wirtschaftsministerium, Franziska Brantner, und der Bundestagsabgeordnete\u00a0Felix Banaszak benannt. Beide waren w\u00e4hrend der Corona-Zeit wiederholt als Hardliner aufgefallen.<\/p>\n<p><strong>Mehr zum Thema<\/strong> \u2013 <a rel=\"nofollow noopener\" target=\"_blank\" href=\"https:\/\/freedert.online\/inland\/220488-reaktionen-aus-politischen-berlin-zum\/\">Reaktionen aus dem politischen Berlin zum R\u00fccktritt von Lang und Nouripour<\/a><\/p>\n<div class=\"EmbedBlock-root EmbedBlock-externalVideo EmbedBlock-rumble\">\n<div class=\"VkEmbed\"><iframe class=\"lazyload\" data-src=\"https:\/\/rumble.com\/embed\/v5dicjt\" frameborder=\"0\" width=\"853\" height=\"480\" allowfullscreen><\/iframe><\/div>\n<\/div>\n<\/div>\n<p><script async src=\"https:\/\/platform.twitter.com\/widgets.js\" charset=\"utf-8\"><\/script><br \/>\n<br \/><br \/>\n<br \/><a href=\"https:\/\/de.rt.com\/inland\/220827-umfrage-kanzlerkandidat-habeck-hilft-gruenen\/\">Source link <\/a><\/p>\n","protected":false},"excerpt":{"rendered":"<p>Robert Habeck h\u00e4lt sich selbst f\u00fcr kanzlertauglich. Doch au\u00dfer ihm scheinen nur wenige diese Einsch\u00e4tzung zu teilen. Laut einer aktuellen Umfrage w\u00fcrden die Stimmen f\u00fcr die Gr\u00fcnen geringer ausfallen, w\u00fcrde Habeck als Kanzlerkandidat antreten. Eine Kanzlerkandidatur von Wirtschaftsminister Robert Habeck w\u00fcrde die Gr\u00fcnen f\u00fcr die W\u00e4hler nicht attraktiver machen. Das ist das Ergebnis einer Umfrage [&hellip;]<\/p>\n","protected":false},"author":3,"featured_media":69944,"comment_status":"open","ping_status":"open","sticky":false,"template":"","format":"standard","meta":{"_yoast_indexnow_last_ping":["1727606190"],"wp_automatic_camp":["217"],"b28eaa0f474d44cb6a6562d055070152":["Umfrage: Kanzlerkandidat Habeck hilft den Gr\u00fcnen nicht weiter"],"original_link":["https:\/\/de.rt.com\/inland\/220827-umfrage-kanzlerkandidat-habeck-hilft-gruenen\/"],"_thumbnail_id":["69944"],"jnews_social_counter_last_update":["1777563433"],"_wptgpro_p2tg_sent2tg":["a:1:{i:23737;s:19:\"2024-09-29 12:37:32\";}"]},"categories":[19,23],"tags":[48,594,911,18568,56869,800,1428,601],"yoast_head":"<!-- This site is optimized with the Yoast SEO Premium plugin v22.7 (Yoast SEO v22.7) - https:\/\/yoast.com\/wordpress\/plugins\/seo\/ -->\n<title>Umfrage: Kanzlerkandidat Habeck hilft den Gr\u00fcnen nicht weiter - just-now.NEWS Deutschland<\/title>\n<meta name=\"robots\" content=\"index, follow, max-snippet:-1, max-image-preview:large, max-video-preview:-1\" \/>\n<link rel=\"canonical\" href=\"https:\/\/now-news.de\/de\/deutschland\/umfrage-kanzlerkandidat-habeck-hilft-den-gruenen-nicht-weiter\/\" \/>\n<meta property=\"og:locale\" content=\"de_DE\" \/>\n<meta property=\"og:type\" content=\"article\" \/>\n<meta property=\"og:title\" content=\"Umfrage: Kanzlerkandidat Habeck hilft den Gr\u00fcnen nicht weiter\" \/>\n<meta property=\"og:description\" content=\"Robert Habeck h\u00e4lt sich selbst f\u00fcr kanzlertauglich. Doch au\u00dfer ihm scheinen nur wenige diese Einsch\u00e4tzung zu teilen. Laut einer aktuellen Umfrage w\u00fcrden die Stimmen f\u00fcr die Gr\u00fcnen geringer ausfallen, w\u00fcrde Habeck als Kanzlerkandidat antreten. Eine Kanzlerkandidatur von Wirtschaftsminister Robert Habeck w\u00fcrde die Gr\u00fcnen f\u00fcr die W\u00e4hler nicht attraktiver machen. Das ist das Ergebnis einer Umfrage [&hellip;]\" \/>\n<meta property=\"og:url\" content=\"https:\/\/now-news.de\/de\/deutschland\/umfrage-kanzlerkandidat-habeck-hilft-den-gruenen-nicht-weiter\/\" \/>\n<meta property=\"og:site_name\" content=\"just-now.NEWS Deutschland\" \/>\n<meta property=\"article:publisher\" content=\"https:\/\/www.facebook.com\/wirmachenauf\" \/>\n<meta property=\"article:published_time\" content=\"2024-09-29T10:23:43+00:00\" \/>\n<meta property=\"og:image\" content=\"https:\/\/now-news.de\/de\/wp-content\/uploads\/sites\/3\/2024\/09\/66f91a0db480cc313c5dc62f.jpg\" \/>\n<meta name=\"author\" content=\"rtnews\" \/>\n<meta name=\"twitter:card\" content=\"summary_large_image\" \/>\n<meta name=\"twitter:creator\" content=\"@WirMachenAuf_de\" \/>\n<meta name=\"twitter:site\" content=\"@WirMachenAuf_de\" \/>\n<meta name=\"twitter:label1\" content=\"Verfasst von\" \/>\n\t<meta name=\"twitter:data1\" content=\"rtnews\" \/>\n\t<meta name=\"twitter:label2\" content=\"Gesch\u00e4tzte Lesezeit\" \/>\n\t<meta name=\"twitter:data2\" content=\"2\u00a0Minuten\" \/>\n<script type=\"application\/ld+json\" class=\"yoast-schema-graph\">{\"@context\":\"https:\/\/schema.org\",\"@graph\":[{\"@type\":\"Article\",\"@id\":\"https:\/\/now-news.de\/de\/deutschland\/umfrage-kanzlerkandidat-habeck-hilft-den-gruenen-nicht-weiter\/#article\",\"isPartOf\":{\"@id\":\"https:\/\/now-news.de\/de\/deutschland\/umfrage-kanzlerkandidat-habeck-hilft-den-gruenen-nicht-weiter\/\"},\"author\":{\"name\":\"rtnews\",\"@id\":\"https:\/\/now-news.de\/de\/#\/schema\/person\/fb534a4e865501d8b3285208df34a9b5\"},\"headline\":\"Umfrage: Kanzlerkandidat Habeck hilft den Gr\u00fcnen nicht weiter\",\"datePublished\":\"2024-09-29T10:23:43+00:00\",\"dateModified\":\"2024-09-29T10:23:43+00:00\",\"mainEntityOfPage\":{\"@id\":\"https:\/\/now-news.de\/de\/deutschland\/umfrage-kanzlerkandidat-habeck-hilft-den-gruenen-nicht-weiter\/\"},\"wordCount\":487,\"commentCount\":0,\"publisher\":{\"@id\":\"https:\/\/now-news.de\/de\/#organization\"},\"image\":{\"@id\":\"https:\/\/now-news.de\/de\/deutschland\/umfrage-kanzlerkandidat-habeck-hilft-den-gruenen-nicht-weiter\/#primaryimage\"},\"thumbnailUrl\":\"https:\/\/now-news.de\/de\/wp-content\/uploads\/sites\/3\/2024\/09\/Umfrage-Kanzlerkandidat-Habeck-hilft-den-Gruenen-nicht-weiter.jpg\",\"keywords\":[\"den\",\"GR\u00dcNEN\",\"Habeck\",\"hilft\",\"Kanzlerkandidat\",\"nicht\",\"Umfrage\",\"weiter\"],\"articleSection\":[\"Deutschland\",\"Russland\"],\"inLanguage\":\"de\",\"potentialAction\":[{\"@type\":\"CommentAction\",\"name\":\"Comment\",\"target\":[\"https:\/\/now-news.de\/de\/deutschland\/umfrage-kanzlerkandidat-habeck-hilft-den-gruenen-nicht-weiter\/#respond\"]}]},{\"@type\":\"WebPage\",\"@id\":\"https:\/\/now-news.de\/de\/deutschland\/umfrage-kanzlerkandidat-habeck-hilft-den-gruenen-nicht-weiter\/\",\"url\":\"https:\/\/now-news.de\/de\/deutschland\/umfrage-kanzlerkandidat-habeck-hilft-den-gruenen-nicht-weiter\/\",\"name\":\"Umfrage: Kanzlerkandidat Habeck hilft den Gr\u00fcnen nicht weiter - just-now.NEWS Deutschland\",\"isPartOf\":{\"@id\":\"https:\/\/now-news.de\/de\/#website\"},\"primaryImageOfPage\":{\"@id\":\"https:\/\/now-news.de\/de\/deutschland\/umfrage-kanzlerkandidat-habeck-hilft-den-gruenen-nicht-weiter\/#primaryimage\"},\"image\":{\"@id\":\"https:\/\/now-news.de\/de\/deutschland\/umfrage-kanzlerkandidat-habeck-hilft-den-gruenen-nicht-weiter\/#primaryimage\"},\"thumbnailUrl\":\"https:\/\/now-news.de\/de\/wp-content\/uploads\/sites\/3\/2024\/09\/Umfrage-Kanzlerkandidat-Habeck-hilft-den-Gruenen-nicht-weiter.jpg\",\"datePublished\":\"2024-09-29T10:23:43+00:00\",\"dateModified\":\"2024-09-29T10:23:43+00:00\",\"breadcrumb\":{\"@id\":\"https:\/\/now-news.de\/de\/deutschland\/umfrage-kanzlerkandidat-habeck-hilft-den-gruenen-nicht-weiter\/#breadcrumb\"},\"inLanguage\":\"de\",\"potentialAction\":[{\"@type\":\"ReadAction\",\"target\":[\"https:\/\/now-news.de\/de\/deutschland\/umfrage-kanzlerkandidat-habeck-hilft-den-gruenen-nicht-weiter\/\"]}]},{\"@type\":\"ImageObject\",\"inLanguage\":\"de\",\"@id\":\"https:\/\/now-news.de\/de\/deutschland\/umfrage-kanzlerkandidat-habeck-hilft-den-gruenen-nicht-weiter\/#primaryimage\",\"url\":\"https:\/\/now-news.de\/de\/wp-content\/uploads\/sites\/3\/2024\/09\/Umfrage-Kanzlerkandidat-Habeck-hilft-den-Gruenen-nicht-weiter.jpg\",\"contentUrl\":\"https:\/\/now-news.de\/de\/wp-content\/uploads\/sites\/3\/2024\/09\/Umfrage-Kanzlerkandidat-Habeck-hilft-den-Gruenen-nicht-weiter.jpg\",\"width\":460,\"height\":259,\"caption\":\"Umfrage: Kanzlerkandidat Habeck hilft den Gr\u00fcnen nicht weiter\"},{\"@type\":\"BreadcrumbList\",\"@id\":\"https:\/\/now-news.de\/de\/deutschland\/umfrage-kanzlerkandidat-habeck-hilft-den-gruenen-nicht-weiter\/#breadcrumb\",\"itemListElement\":[{\"@type\":\"ListItem\",\"position\":1,\"name\":\"Home\",\"item\":\"https:\/\/now-news.de\/de\/\"},{\"@type\":\"ListItem\",\"position\":2,\"name\":\"Umfrage: Kanzlerkandidat Habeck hilft den Gr\u00fcnen nicht weiter\"}]},{\"@type\":\"WebSite\",\"@id\":\"https:\/\/now-news.de\/de\/#website\",\"url\":\"https:\/\/now-news.de\/de\/\",\"name\":\"just-now.NEWS Deutschland\",\"description\":\"Das Portal f\u00fcr unzensierte Nachrichten aus der Welt\",\"publisher\":{\"@id\":\"https:\/\/now-news.de\/de\/#organization\"},\"potentialAction\":[{\"@type\":\"SearchAction\",\"target\":{\"@type\":\"EntryPoint\",\"urlTemplate\":\"https:\/\/now-news.de\/de\/?s={search_term_string}\"},\"query-input\":\"required name=search_term_string\"}],\"inLanguage\":\"de\"},{\"@type\":\"Organization\",\"@id\":\"https:\/\/now-news.de\/de\/#organization\",\"name\":\"Just Now News\",\"url\":\"https:\/\/now-news.de\/de\/\",\"logo\":{\"@type\":\"ImageObject\",\"inLanguage\":\"de\",\"@id\":\"https:\/\/now-news.de\/de\/#\/schema\/logo\/image\/\",\"url\":\"http:\/\/just-now.news\/de\/wp-content\/uploads\/sites\/3\/2022\/04\/logo500x500.jpg\",\"contentUrl\":\"http:\/\/just-now.news\/de\/wp-content\/uploads\/sites\/3\/2022\/04\/logo500x500.jpg\",\"width\":500,\"height\":500,\"caption\":\"Just Now News\"},\"image\":{\"@id\":\"https:\/\/now-news.de\/de\/#\/schema\/logo\/image\/\"},\"sameAs\":[\"https:\/\/www.facebook.com\/wirmachenauf\",\"https:\/\/x.com\/WirMachenAuf_de\"]},{\"@type\":\"Person\",\"@id\":\"https:\/\/now-news.de\/de\/#\/schema\/person\/fb534a4e865501d8b3285208df34a9b5\",\"name\":\"rtnews\",\"image\":{\"@type\":\"ImageObject\",\"inLanguage\":\"de\",\"@id\":\"https:\/\/now-news.de\/de\/#\/schema\/person\/image\/\",\"url\":\"https:\/\/secure.gravatar.com\/avatar\/82aafea7d8127119dd649515f56e2117?s=96&d=mm&r=g\",\"contentUrl\":\"https:\/\/secure.gravatar.com\/avatar\/82aafea7d8127119dd649515f56e2117?s=96&d=mm&r=g\",\"caption\":\"rtnews\"},\"url\":\"https:\/\/now-news.de\/de\/author\/rnews\/\"}]}<\/script>\n<!-- \/ Yoast SEO Premium plugin. -->","yoast_head_json":{"title":"Umfrage: Kanzlerkandidat Habeck hilft den Gr\u00fcnen nicht weiter - just-now.NEWS Deutschland","robots":{"index":"index","follow":"follow","max-snippet":"max-snippet:-1","max-image-preview":"max-image-preview:large","max-video-preview":"max-video-preview:-1"},"canonical":"https:\/\/now-news.de\/de\/deutschland\/umfrage-kanzlerkandidat-habeck-hilft-den-gruenen-nicht-weiter\/","og_locale":"de_DE","og_type":"article","og_title":"Umfrage: Kanzlerkandidat Habeck hilft den Gr\u00fcnen nicht weiter","og_description":"Robert Habeck h\u00e4lt sich selbst f\u00fcr kanzlertauglich. Doch au\u00dfer ihm scheinen nur wenige diese Einsch\u00e4tzung zu teilen. Laut einer aktuellen Umfrage w\u00fcrden die Stimmen f\u00fcr die Gr\u00fcnen geringer ausfallen, w\u00fcrde Habeck als Kanzlerkandidat antreten. Eine Kanzlerkandidatur von Wirtschaftsminister Robert Habeck w\u00fcrde die Gr\u00fcnen f\u00fcr die W\u00e4hler nicht attraktiver machen. Das ist das Ergebnis einer Umfrage [&hellip;]","og_url":"https:\/\/now-news.de\/de\/deutschland\/umfrage-kanzlerkandidat-habeck-hilft-den-gruenen-nicht-weiter\/","og_site_name":"just-now.NEWS Deutschland","article_publisher":"https:\/\/www.facebook.com\/wirmachenauf","article_published_time":"2024-09-29T10:23:43+00:00","og_image":[{"url":"https:\/\/now-news.de\/de\/wp-content\/uploads\/sites\/3\/2024\/09\/66f91a0db480cc313c5dc62f.jpg"}],"author":"rtnews","twitter_card":"summary_large_image","twitter_creator":"@WirMachenAuf_de","twitter_site":"@WirMachenAuf_de","twitter_misc":{"Verfasst von":"rtnews","Gesch\u00e4tzte Lesezeit":"2\u00a0Minuten"},"schema":{"@context":"https:\/\/schema.org","@graph":[{"@type":"Article","@id":"https:\/\/now-news.de\/de\/deutschland\/umfrage-kanzlerkandidat-habeck-hilft-den-gruenen-nicht-weiter\/#article","isPartOf":{"@id":"https:\/\/now-news.de\/de\/deutschland\/umfrage-kanzlerkandidat-habeck-hilft-den-gruenen-nicht-weiter\/"},"author":{"name":"rtnews","@id":"https:\/\/now-news.de\/de\/#\/schema\/person\/fb534a4e865501d8b3285208df34a9b5"},"headline":"Umfrage: Kanzlerkandidat Habeck hilft den Gr\u00fcnen nicht weiter","datePublished":"2024-09-29T10:23:43+00:00","dateModified":"2024-09-29T10:23:43+00:00","mainEntityOfPage":{"@id":"https:\/\/now-news.de\/de\/deutschland\/umfrage-kanzlerkandidat-habeck-hilft-den-gruenen-nicht-weiter\/"},"wordCount":487,"commentCount":0,"publisher":{"@id":"https:\/\/now-news.de\/de\/#organization"},"image":{"@id":"https:\/\/now-news.de\/de\/deutschland\/umfrage-kanzlerkandidat-habeck-hilft-den-gruenen-nicht-weiter\/#primaryimage"},"thumbnailUrl":"https:\/\/now-news.de\/de\/wp-content\/uploads\/sites\/3\/2024\/09\/Umfrage-Kanzlerkandidat-Habeck-hilft-den-Gruenen-nicht-weiter.jpg","keywords":["den","GR\u00dcNEN","Habeck","hilft","Kanzlerkandidat","nicht","Umfrage","weiter"],"articleSection":["Deutschland","Russland"],"inLanguage":"de","potentialAction":[{"@type":"CommentAction","name":"Comment","target":["https:\/\/now-news.de\/de\/deutschland\/umfrage-kanzlerkandidat-habeck-hilft-den-gruenen-nicht-weiter\/#respond"]}]},{"@type":"WebPage","@id":"https:\/\/now-news.de\/de\/deutschland\/umfrage-kanzlerkandidat-habeck-hilft-den-gruenen-nicht-weiter\/","url":"https:\/\/now-news.de\/de\/deutschland\/umfrage-kanzlerkandidat-habeck-hilft-den-gruenen-nicht-weiter\/","name":"Umfrage: Kanzlerkandidat Habeck hilft den Gr\u00fcnen nicht weiter - just-now.NEWS Deutschland","isPartOf":{"@id":"https:\/\/now-news.de\/de\/#website"},"primaryImageOfPage":{"@id":"https:\/\/now-news.de\/de\/deutschland\/umfrage-kanzlerkandidat-habeck-hilft-den-gruenen-nicht-weiter\/#primaryimage"},"image":{"@id":"https:\/\/now-news.de\/de\/deutschland\/umfrage-kanzlerkandidat-habeck-hilft-den-gruenen-nicht-weiter\/#primaryimage"},"thumbnailUrl":"https:\/\/now-news.de\/de\/wp-content\/uploads\/sites\/3\/2024\/09\/Umfrage-Kanzlerkandidat-Habeck-hilft-den-Gruenen-nicht-weiter.jpg","datePublished":"2024-09-29T10:23:43+00:00","dateModified":"2024-09-29T10:23:43+00:00","breadcrumb":{"@id":"https:\/\/now-news.de\/de\/deutschland\/umfrage-kanzlerkandidat-habeck-hilft-den-gruenen-nicht-weiter\/#breadcrumb"},"inLanguage":"de","potentialAction":[{"@type":"ReadAction","target":["https:\/\/now-news.de\/de\/deutschland\/umfrage-kanzlerkandidat-habeck-hilft-den-gruenen-nicht-weiter\/"]}]},{"@type":"ImageObject","inLanguage":"de","@id":"https:\/\/now-news.de\/de\/deutschland\/umfrage-kanzlerkandidat-habeck-hilft-den-gruenen-nicht-weiter\/#primaryimage","url":"https:\/\/now-news.de\/de\/wp-content\/uploads\/sites\/3\/2024\/09\/Umfrage-Kanzlerkandidat-Habeck-hilft-den-Gruenen-nicht-weiter.jpg","contentUrl":"https:\/\/now-news.de\/de\/wp-content\/uploads\/sites\/3\/2024\/09\/Umfrage-Kanzlerkandidat-Habeck-hilft-den-Gruenen-nicht-weiter.jpg","width":460,"height":259,"caption":"Umfrage: Kanzlerkandidat Habeck hilft den Gr\u00fcnen nicht weiter"},{"@type":"BreadcrumbList","@id":"https:\/\/now-news.de\/de\/deutschland\/umfrage-kanzlerkandidat-habeck-hilft-den-gruenen-nicht-weiter\/#breadcrumb","itemListElement":[{"@type":"ListItem","position":1,"name":"Home","item":"https:\/\/now-news.de\/de\/"},{"@type":"ListItem","position":2,"name":"Umfrage: Kanzlerkandidat Habeck hilft den Gr\u00fcnen nicht weiter"}]},{"@type":"WebSite","@id":"https:\/\/now-news.de\/de\/#website","url":"https:\/\/now-news.de\/de\/","name":"just-now.NEWS Deutschland","description":"Das Portal f\u00fcr unzensierte Nachrichten aus der Welt","publisher":{"@id":"https:\/\/now-news.de\/de\/#organization"},"potentialAction":[{"@type":"SearchAction","target":{"@type":"EntryPoint","urlTemplate":"https:\/\/now-news.de\/de\/?s={search_term_string}"},"query-input":"required name=search_term_string"}],"inLanguage":"de"},{"@type":"Organization","@id":"https:\/\/now-news.de\/de\/#organization","name":"Just Now News","url":"https:\/\/now-news.de\/de\/","logo":{"@type":"ImageObject","inLanguage":"de","@id":"https:\/\/now-news.de\/de\/#\/schema\/logo\/image\/","url":"http:\/\/just-now.news\/de\/wp-content\/uploads\/sites\/3\/2022\/04\/logo500x500.jpg","contentUrl":"http:\/\/just-now.news\/de\/wp-content\/uploads\/sites\/3\/2022\/04\/logo500x500.jpg","width":500,"height":500,"caption":"Just Now News"},"image":{"@id":"https:\/\/now-news.de\/de\/#\/schema\/logo\/image\/"},"sameAs":["https:\/\/www.facebook.com\/wirmachenauf","https:\/\/x.com\/WirMachenAuf_de"]},{"@type":"Person","@id":"https:\/\/now-news.de\/de\/#\/schema\/person\/fb534a4e865501d8b3285208df34a9b5","name":"rtnews","image":{"@type":"ImageObject","inLanguage":"de","@id":"https:\/\/now-news.de\/de\/#\/schema\/person\/image\/","url":"https:\/\/secure.gravatar.com\/avatar\/82aafea7d8127119dd649515f56e2117?s=96&d=mm&r=g","contentUrl":"https:\/\/secure.gravatar.com\/avatar\/82aafea7d8127119dd649515f56e2117?s=96&d=mm&r=g","caption":"rtnews"},"url":"https:\/\/now-news.de\/de\/author\/rnews\/"}]}},"_links":{"self":[{"href":"https:\/\/now-news.de\/de\/wp-json\/wp\/v2\/posts\/69943"}],"collection":[{"href":"https:\/\/now-news.de\/de\/wp-json\/wp\/v2\/posts"}],"about":[{"href":"https:\/\/now-news.de\/de\/wp-json\/wp\/v2\/types\/post"}],"author":[{"embeddable":true,"href":"https:\/\/now-news.de\/de\/wp-json\/wp\/v2\/users\/3"}],"replies":[{"embeddable":true,"href":"https:\/\/now-news.de\/de\/wp-json\/wp\/v2\/comments?post=69943"}],"version-history":[{"count":0,"href":"https:\/\/now-news.de\/de\/wp-json\/wp\/v2\/posts\/69943\/revisions"}],"wp:featuredmedia":[{"embeddable":true,"href":"https:\/\/now-news.de\/de\/wp-json\/wp\/v2\/media\/69944"}],"wp:attachment":[{"href":"https:\/\/now-news.de\/de\/wp-json\/wp\/v2\/media?parent=69943"}],"wp:term":[{"taxonomy":"category","embeddable":true,"href":"https:\/\/now-news.de\/de\/wp-json\/wp\/v2\/categories?post=69943"},{"taxonomy":"post_tag","embeddable":true,"href":"https:\/\/now-news.de\/de\/wp-json\/wp\/v2\/tags?post=69943"}],"curies":[{"name":"wp","href":"https:\/\/api.w.org\/{rel}","templated":true}]}}