{"id":69937,"date":"2024-09-29T09:56:18","date_gmt":"2024-09-29T07:56:18","guid":{"rendered":"https:\/\/now-news.de\/de\/deutschland\/braende-und-machetenangriff-30-verletzte-in-essen\/"},"modified":"2024-09-29T09:56:18","modified_gmt":"2024-09-29T07:56:18","slug":"braende-und-machetenangriff-30-verletzte-in-essen","status":"publish","type":"post","link":"https:\/\/now-news.de\/de\/deutschland\/braende-und-machetenangriff-30-verletzte-in-essen\/","title":{"rendered":"Br\u00e4nde und Machetenangriff: 30 Verletzte in Essen"},"content":{"rendered":"<p><img decoding=\"async\" src=\"https:\/\/now-news.de\/de\/wp-content\/uploads\/sites\/3\/2024\/09\/66f905a6b480cc41e5048b35.PNG\" \/><\/p>\n<div class=\"Text-root Text-type_1 \">\n                Ausnahmezustand am Sonnabend in Essen: Ein Mann z\u00fcndet zwei Mehrfamilienh\u00e4user an und \u00fcberf\u00e4llt mehrere Gesch\u00e4fte. Es kommt zu dramatischen Szenen, 30 Menschen werden verletzt, unter ihnen viele Kinder. Schlie\u00dflich kann die Polizei den 41-j\u00e4hrigen Syrer festnehmen.\n            <\/div>\n<p><\/p>\n<div class=\"Text-root Text-type_5 ArticleView-text ViewText-root \">\n<p>Ein 41-j\u00e4hriger Syrer\u00a0hat die Stadt Essen im Ruhrgebiet am Sonnabend mit einer Reihe von Straftaten in Angst versetzt. Er legte\u00a0zwei Br\u00e4nde in Mehrfamilienh\u00e4usern und\u00a0\u00fcberfiel zwei Lebensmittelgesch\u00e4fte.<\/p>\n<p>Laut Angaben der Polizei wurden\u00a030 Menschen verletzt, acht Kinder wurden schwer verletzt. Zwei der Kinder\u00a0sollen\u00a0sich in Lebensgefahr befinden. Die Polizei konnte den mit einer Machete bewaffneten Mann schlie\u00dflich festnehmen. In einer <a rel=\"nofollow noopener\" target=\"_blank\" href=\"https:\/\/polizei.nrw\/presse\/festnahme-nach-zwei-braenden-mit-zahlreichen-verletzten\">Pressemitteilung<\/a> der Polizei hei\u00dft es:<\/p>\n<p><em>&#8220;Gegen 17:10 Uhr gingen bei der Feuerwehr und der Polizei zahlreiche Notrufe zu einem Brand an der Pielstickerstra\u00dfe ein. Kurz darauf brannte es in einem Mehrfamilienhaus an der Zollvereinstra\u00dfe.\u00a0<\/em><br \/><em>Einsatzkr\u00e4fte der Feuerwehr konnten die Br\u00e4nde l\u00f6schen und mussten Verletzte versorgen. Unter den 30 Verletzten befanden sich 8 schwer verletzte Kinder.<\/em><\/p>\n<p><em>Wenige Minuten darauf fuhr ein Lieferwagen in zwei Gesch\u00e4fte an der Katernberger Stra\u00dfe und am Meybuschhof. An diesen beiden Tatorten entstanden Sachsch\u00e4den, es wurden dort keine Personen verletzt.<\/em><\/p>\n<p><em>In unmittelbarer Tatortn\u00e4he konnte eine Streifenwagenbesatzung einen Tatverd\u00e4chtigen festnehmen. Dabei handelt es sich um einen 41-j\u00e4hrigen Essener mit syrischer Staatsangeh\u00f6rigkeit.&#8221;<\/em><\/p>\n<div class=\"EmbedBlock-root EmbedBlock-twitter\">\n<div class=\"TwitterEmbed\">\n<blockquote class=\"twitter-tweet lazyload\" data-twitter=\"twitter-tweet\">\n<p lang=\"de\" dir=\"ltr\">Ein 41 j\u00e4hriger Syrer setzte heute Abend zwei H\u00e4user in Essen in Brand. 31 Menschen sollen dabei verletzt worden sein, darunter zwei schwerverletzte Kinder. Im Anschluss fuhr er mit einem Transporter in zwei Ladengesch\u00e4fte und griff Menschen mit einer Machete an. Mutige\u2026 <a rel=\"nofollow noopener\" target=\"_blank\" href=\"https:\/\/t.co\/2VN3o6LRU1\">pic.twitter.com\/2VN3o6LRU1<\/a><\/p>\n<p>\u2014 Yvonne Kussmann (@YveK22) <a rel=\"nofollow noopener\" target=\"_blank\" href=\"https:\/\/twitter.com\/YveK22\/status\/1840150962435977543?ref_src=twsrc%5Etfw\">September 28, 2024<\/a><\/p><\/blockquote>\n<\/div>\n<\/div>\n<div class=\"EmbedBlock-root EmbedBlock-twitter\">\n<div class=\"TwitterEmbed\">\n<blockquote class=\"twitter-tweet lazyload\" data-twitter=\"twitter-tweet\">\n<p lang=\"de\" dir=\"ltr\"><a rel=\"nofollow noopener\" target=\"_blank\" href=\"https:\/\/twitter.com\/hashtag\/DerIslamGeh%C3%B6rtNichtZuDeutschland?src=hash&amp;ref_src=twsrc%5Etfw\">#DerIslamGeh\u00f6rtNichtZuDeutschland<\/a>\ud83c\udde9\ud83c\uddea\ud83e\udef8\ud83c\udffb\ud83d\udd4c\u262a\ufe0f\ud83d\udd2aNein das ist nicht Beirut  oder Telaviv&#8230;das ist in Essen In Essen NRW ist einiges los- Altenessen- Katernberg- Amoklauf- Brandstiftung &#8211; Mann f\u00e4hrt mit Kleinwagen in ein T\u00fcrkischen Laden und greift mit Machete sowie Messer an. <a rel=\"nofollow noopener\" target=\"_blank\" href=\"https:\/\/t.co\/ixPzoYlq97\">pic.twitter.com\/ixPzoYlq97<\/a><\/p>\n<p>\u2014 AldousHuxley (@AHuxley1963) <a rel=\"nofollow noopener\" target=\"_blank\" href=\"https:\/\/twitter.com\/AHuxley1963\/status\/1840132005406880168?ref_src=twsrc%5Etfw\">September 28, 2024<\/a><\/p><\/blockquote>\n<\/div>\n<\/div>\n<p>In den sozialen Netzwerken kursieren verschiedene Videos, die den Mann bei seinen Taten und der Festnahme in einem Hinterhof zeigen, wo er offenbar von Anwohnern festgesetzt worden war. Er\u00a0soll bei seiner Festnahme Verbrennungen an den H\u00e4nden aufgewiesen haben.\u00a0Auf Videos der Taten ist zu sehen, dass der sp\u00e4ter Festgenommene offenbar eine Pal\u00e4stinaflagge und ein sogenanntes &#8220;Palituch&#8221; als Stirnband trug.\u00a0<\/p>\n<p>Zu den m\u00f6glichen Hintergr\u00fcnden der Tat hat sich die Polizei noch nicht ge\u00e4u\u00dfert. In der Mitteilung hei\u00dft es, dass die\u00a0Kriminalpolizei die Ermittlungen \u00fcbernommen habe und die Zusammenh\u00e4nge der Taten pr\u00fcfe.\u00a0Auch die konkrete Motivlage des Festgenommenen sei Gegenstand der Ermittlungen.<\/p>\n<p>Die Polizei hat ein Hinweisportal eingerichtet und nimmt telefonische\u00a0Zeugenhinweise unter der Rufnummer\u00a00201\/829-0 entgegen.<\/p>\n<p><strong>Mehr zum Thema<\/strong> &#8211; <a rel=\"nofollow noopener\" target=\"_blank\" href=\"https:\/\/freedert.online\/inland\/217967-berlin-feuerwehr-bestaetigt-zahlen-auf\/\">Berlin: Feuerwehr registriert drastischen Anstieg der Messergewalt<\/a><\/p>\n<div class=\"EmbedBlock-root EmbedBlock-externalVideo EmbedBlock-rumble\">\n<div class=\"VkEmbed\"><iframe class=\"lazyload\" data-src=\"https:\/\/rumble.com\/embed\/v5dhs5n\" frameborder=\"0\" width=\"853\" height=\"480\" allowfullscreen><\/iframe><\/div>\n<\/div>\n<\/div>\n<p><script async src=\"https:\/\/platform.twitter.com\/widgets.js\" charset=\"utf-8\"><\/script><br \/>\n<br \/><br \/>\n<br \/><a href=\"https:\/\/de.rt.com\/inland\/220815-braende-und-machetenangriff-30-verletzte\/\">Source link <\/a><\/p>\n","protected":false},"excerpt":{"rendered":"<p>Ausnahmezustand am Sonnabend in Essen: Ein Mann z\u00fcndet zwei Mehrfamilienh\u00e4user an und \u00fcberf\u00e4llt mehrere Gesch\u00e4fte. Es kommt zu dramatischen Szenen, 30 Menschen werden verletzt, unter ihnen viele Kinder. Schlie\u00dflich kann die Polizei den 41-j\u00e4hrigen Syrer festnehmen. Ein 41-j\u00e4hriger Syrer\u00a0hat die Stadt Essen im Ruhrgebiet am Sonnabend mit einer Reihe von Straftaten in Angst versetzt. Er [&hellip;]<\/p>\n","protected":false},"author":3,"featured_media":69938,"comment_status":"open","ping_status":"open","sticky":false,"template":"","format":"standard","meta":{"_yoast_indexnow_last_ping":["1727597550"],"wp_automatic_camp":["217"],"1094fe1843c513c870688b75aa2c9545":["Br\u00e4nde und Machetenangriff: 30 Verletzte in Essen"],"original_link":["https:\/\/de.rt.com\/inland\/220815-braende-und-machetenangriff-30-verletzte\/"],"_thumbnail_id":["69938"],"jnews_social_counter_last_update":["1777660028"],"_wptgpro_p2tg_sent2tg":["a:1:{i:23737;s:19:\"2024-09-29 10:13:36\";}"]},"categories":[19,23],"tags":[29357,13899,59021,140,1813],"yoast_head":"<!-- This site is optimized with the Yoast SEO Premium plugin v22.7 (Yoast SEO v22.7) - https:\/\/yoast.com\/wordpress\/plugins\/seo\/ -->\n<title>Br\u00e4nde und Machetenangriff: 30 Verletzte in Essen - just-now.NEWS Deutschland<\/title>\n<meta name=\"robots\" content=\"index, follow, max-snippet:-1, max-image-preview:large, max-video-preview:-1\" \/>\n<link rel=\"canonical\" href=\"https:\/\/now-news.de\/de\/deutschland\/braende-und-machetenangriff-30-verletzte-in-essen\/\" \/>\n<meta property=\"og:locale\" content=\"de_DE\" \/>\n<meta property=\"og:type\" content=\"article\" \/>\n<meta property=\"og:title\" content=\"Br\u00e4nde und Machetenangriff: 30 Verletzte in Essen\" \/>\n<meta property=\"og:description\" content=\"Ausnahmezustand am Sonnabend in Essen: Ein Mann z\u00fcndet zwei Mehrfamilienh\u00e4user an und \u00fcberf\u00e4llt mehrere Gesch\u00e4fte. Es kommt zu dramatischen Szenen, 30 Menschen werden verletzt, unter ihnen viele Kinder. Schlie\u00dflich kann die Polizei den 41-j\u00e4hrigen Syrer festnehmen. Ein 41-j\u00e4hriger Syrer\u00a0hat die Stadt Essen im Ruhrgebiet am Sonnabend mit einer Reihe von Straftaten in Angst versetzt. Er [&hellip;]\" \/>\n<meta property=\"og:url\" content=\"https:\/\/now-news.de\/de\/deutschland\/braende-und-machetenangriff-30-verletzte-in-essen\/\" \/>\n<meta property=\"og:site_name\" content=\"just-now.NEWS Deutschland\" \/>\n<meta property=\"article:publisher\" content=\"https:\/\/www.facebook.com\/wirmachenauf\" \/>\n<meta property=\"article:published_time\" content=\"2024-09-29T07:56:18+00:00\" \/>\n<meta property=\"og:image\" content=\"https:\/\/now-news.de\/de\/wp-content\/uploads\/sites\/3\/2024\/09\/66f905a6b480cc41e5048b35.PNG\" \/>\n<meta name=\"author\" content=\"rtnews\" \/>\n<meta name=\"twitter:card\" content=\"summary_large_image\" \/>\n<meta name=\"twitter:creator\" content=\"@WirMachenAuf_de\" \/>\n<meta name=\"twitter:site\" content=\"@WirMachenAuf_de\" \/>\n<meta name=\"twitter:label1\" content=\"Verfasst von\" \/>\n\t<meta name=\"twitter:data1\" content=\"rtnews\" \/>\n\t<meta name=\"twitter:label2\" content=\"Gesch\u00e4tzte Lesezeit\" \/>\n\t<meta name=\"twitter:data2\" content=\"2\u00a0Minuten\" \/>\n<script type=\"application\/ld+json\" class=\"yoast-schema-graph\">{\"@context\":\"https:\/\/schema.org\",\"@graph\":[{\"@type\":\"Article\",\"@id\":\"https:\/\/now-news.de\/de\/deutschland\/braende-und-machetenangriff-30-verletzte-in-essen\/#article\",\"isPartOf\":{\"@id\":\"https:\/\/now-news.de\/de\/deutschland\/braende-und-machetenangriff-30-verletzte-in-essen\/\"},\"author\":{\"name\":\"rtnews\",\"@id\":\"https:\/\/now-news.de\/de\/#\/schema\/person\/fb534a4e865501d8b3285208df34a9b5\"},\"headline\":\"Br\u00e4nde und Machetenangriff: 30 Verletzte in Essen\",\"datePublished\":\"2024-09-29T07:56:18+00:00\",\"dateModified\":\"2024-09-29T07:56:18+00:00\",\"mainEntityOfPage\":{\"@id\":\"https:\/\/now-news.de\/de\/deutschland\/braende-und-machetenangriff-30-verletzte-in-essen\/\"},\"wordCount\":469,\"commentCount\":1,\"publisher\":{\"@id\":\"https:\/\/now-news.de\/de\/#organization\"},\"image\":{\"@id\":\"https:\/\/now-news.de\/de\/deutschland\/braende-und-machetenangriff-30-verletzte-in-essen\/#primaryimage\"},\"thumbnailUrl\":\"https:\/\/now-news.de\/de\/wp-content\/uploads\/sites\/3\/2024\/09\/Braende-und-Machetenangriff-30-Verletzte-in-Essen.PNG\",\"keywords\":[\"Br\u00e4nde\",\"Essen\",\"Machetenangriff\",\"und\",\"Verletzte\"],\"articleSection\":[\"Deutschland\",\"Russland\"],\"inLanguage\":\"de\",\"potentialAction\":[{\"@type\":\"CommentAction\",\"name\":\"Comment\",\"target\":[\"https:\/\/now-news.de\/de\/deutschland\/braende-und-machetenangriff-30-verletzte-in-essen\/#respond\"]}]},{\"@type\":\"WebPage\",\"@id\":\"https:\/\/now-news.de\/de\/deutschland\/braende-und-machetenangriff-30-verletzte-in-essen\/\",\"url\":\"https:\/\/now-news.de\/de\/deutschland\/braende-und-machetenangriff-30-verletzte-in-essen\/\",\"name\":\"Br\u00e4nde und Machetenangriff: 30 Verletzte in Essen - just-now.NEWS Deutschland\",\"isPartOf\":{\"@id\":\"https:\/\/now-news.de\/de\/#website\"},\"primaryImageOfPage\":{\"@id\":\"https:\/\/now-news.de\/de\/deutschland\/braende-und-machetenangriff-30-verletzte-in-essen\/#primaryimage\"},\"image\":{\"@id\":\"https:\/\/now-news.de\/de\/deutschland\/braende-und-machetenangriff-30-verletzte-in-essen\/#primaryimage\"},\"thumbnailUrl\":\"https:\/\/now-news.de\/de\/wp-content\/uploads\/sites\/3\/2024\/09\/Braende-und-Machetenangriff-30-Verletzte-in-Essen.PNG\",\"datePublished\":\"2024-09-29T07:56:18+00:00\",\"dateModified\":\"2024-09-29T07:56:18+00:00\",\"breadcrumb\":{\"@id\":\"https:\/\/now-news.de\/de\/deutschland\/braende-und-machetenangriff-30-verletzte-in-essen\/#breadcrumb\"},\"inLanguage\":\"de\",\"potentialAction\":[{\"@type\":\"ReadAction\",\"target\":[\"https:\/\/now-news.de\/de\/deutschland\/braende-und-machetenangriff-30-verletzte-in-essen\/\"]}]},{\"@type\":\"ImageObject\",\"inLanguage\":\"de\",\"@id\":\"https:\/\/now-news.de\/de\/deutschland\/braende-und-machetenangriff-30-verletzte-in-essen\/#primaryimage\",\"url\":\"https:\/\/now-news.de\/de\/wp-content\/uploads\/sites\/3\/2024\/09\/Braende-und-Machetenangriff-30-Verletzte-in-Essen.PNG\",\"contentUrl\":\"https:\/\/now-news.de\/de\/wp-content\/uploads\/sites\/3\/2024\/09\/Braende-und-Machetenangriff-30-Verletzte-in-Essen.PNG\",\"width\":460,\"height\":259,\"caption\":\"Br\u00e4nde und Machetenangriff: 30 Verletzte in Essen\"},{\"@type\":\"BreadcrumbList\",\"@id\":\"https:\/\/now-news.de\/de\/deutschland\/braende-und-machetenangriff-30-verletzte-in-essen\/#breadcrumb\",\"itemListElement\":[{\"@type\":\"ListItem\",\"position\":1,\"name\":\"Home\",\"item\":\"https:\/\/now-news.de\/de\/\"},{\"@type\":\"ListItem\",\"position\":2,\"name\":\"Br\u00e4nde und Machetenangriff: 30 Verletzte in Essen\"}]},{\"@type\":\"WebSite\",\"@id\":\"https:\/\/now-news.de\/de\/#website\",\"url\":\"https:\/\/now-news.de\/de\/\",\"name\":\"just-now.NEWS Deutschland\",\"description\":\"Das Portal f\u00fcr unzensierte Nachrichten aus der Welt\",\"publisher\":{\"@id\":\"https:\/\/now-news.de\/de\/#organization\"},\"potentialAction\":[{\"@type\":\"SearchAction\",\"target\":{\"@type\":\"EntryPoint\",\"urlTemplate\":\"https:\/\/now-news.de\/de\/?s={search_term_string}\"},\"query-input\":\"required name=search_term_string\"}],\"inLanguage\":\"de\"},{\"@type\":\"Organization\",\"@id\":\"https:\/\/now-news.de\/de\/#organization\",\"name\":\"Just Now News\",\"url\":\"https:\/\/now-news.de\/de\/\",\"logo\":{\"@type\":\"ImageObject\",\"inLanguage\":\"de\",\"@id\":\"https:\/\/now-news.de\/de\/#\/schema\/logo\/image\/\",\"url\":\"http:\/\/just-now.news\/de\/wp-content\/uploads\/sites\/3\/2022\/04\/logo500x500.jpg\",\"contentUrl\":\"http:\/\/just-now.news\/de\/wp-content\/uploads\/sites\/3\/2022\/04\/logo500x500.jpg\",\"width\":500,\"height\":500,\"caption\":\"Just Now News\"},\"image\":{\"@id\":\"https:\/\/now-news.de\/de\/#\/schema\/logo\/image\/\"},\"sameAs\":[\"https:\/\/www.facebook.com\/wirmachenauf\",\"https:\/\/x.com\/WirMachenAuf_de\"]},{\"@type\":\"Person\",\"@id\":\"https:\/\/now-news.de\/de\/#\/schema\/person\/fb534a4e865501d8b3285208df34a9b5\",\"name\":\"rtnews\",\"image\":{\"@type\":\"ImageObject\",\"inLanguage\":\"de\",\"@id\":\"https:\/\/now-news.de\/de\/#\/schema\/person\/image\/\",\"url\":\"https:\/\/secure.gravatar.com\/avatar\/82aafea7d8127119dd649515f56e2117?s=96&d=mm&r=g\",\"contentUrl\":\"https:\/\/secure.gravatar.com\/avatar\/82aafea7d8127119dd649515f56e2117?s=96&d=mm&r=g\",\"caption\":\"rtnews\"},\"url\":\"https:\/\/now-news.de\/de\/author\/rnews\/\"}]}<\/script>\n<!-- \/ Yoast SEO Premium plugin. -->","yoast_head_json":{"title":"Br\u00e4nde und Machetenangriff: 30 Verletzte in Essen - just-now.NEWS Deutschland","robots":{"index":"index","follow":"follow","max-snippet":"max-snippet:-1","max-image-preview":"max-image-preview:large","max-video-preview":"max-video-preview:-1"},"canonical":"https:\/\/now-news.de\/de\/deutschland\/braende-und-machetenangriff-30-verletzte-in-essen\/","og_locale":"de_DE","og_type":"article","og_title":"Br\u00e4nde und Machetenangriff: 30 Verletzte in Essen","og_description":"Ausnahmezustand am Sonnabend in Essen: Ein Mann z\u00fcndet zwei Mehrfamilienh\u00e4user an und \u00fcberf\u00e4llt mehrere Gesch\u00e4fte. Es kommt zu dramatischen Szenen, 30 Menschen werden verletzt, unter ihnen viele Kinder. Schlie\u00dflich kann die Polizei den 41-j\u00e4hrigen Syrer festnehmen. Ein 41-j\u00e4hriger Syrer\u00a0hat die Stadt Essen im Ruhrgebiet am Sonnabend mit einer Reihe von Straftaten in Angst versetzt. Er [&hellip;]","og_url":"https:\/\/now-news.de\/de\/deutschland\/braende-und-machetenangriff-30-verletzte-in-essen\/","og_site_name":"just-now.NEWS Deutschland","article_publisher":"https:\/\/www.facebook.com\/wirmachenauf","article_published_time":"2024-09-29T07:56:18+00:00","og_image":[{"url":"https:\/\/now-news.de\/de\/wp-content\/uploads\/sites\/3\/2024\/09\/66f905a6b480cc41e5048b35.PNG"}],"author":"rtnews","twitter_card":"summary_large_image","twitter_creator":"@WirMachenAuf_de","twitter_site":"@WirMachenAuf_de","twitter_misc":{"Verfasst von":"rtnews","Gesch\u00e4tzte Lesezeit":"2\u00a0Minuten"},"schema":{"@context":"https:\/\/schema.org","@graph":[{"@type":"Article","@id":"https:\/\/now-news.de\/de\/deutschland\/braende-und-machetenangriff-30-verletzte-in-essen\/#article","isPartOf":{"@id":"https:\/\/now-news.de\/de\/deutschland\/braende-und-machetenangriff-30-verletzte-in-essen\/"},"author":{"name":"rtnews","@id":"https:\/\/now-news.de\/de\/#\/schema\/person\/fb534a4e865501d8b3285208df34a9b5"},"headline":"Br\u00e4nde und Machetenangriff: 30 Verletzte in Essen","datePublished":"2024-09-29T07:56:18+00:00","dateModified":"2024-09-29T07:56:18+00:00","mainEntityOfPage":{"@id":"https:\/\/now-news.de\/de\/deutschland\/braende-und-machetenangriff-30-verletzte-in-essen\/"},"wordCount":469,"commentCount":1,"publisher":{"@id":"https:\/\/now-news.de\/de\/#organization"},"image":{"@id":"https:\/\/now-news.de\/de\/deutschland\/braende-und-machetenangriff-30-verletzte-in-essen\/#primaryimage"},"thumbnailUrl":"https:\/\/now-news.de\/de\/wp-content\/uploads\/sites\/3\/2024\/09\/Braende-und-Machetenangriff-30-Verletzte-in-Essen.PNG","keywords":["Br\u00e4nde","Essen","Machetenangriff","und","Verletzte"],"articleSection":["Deutschland","Russland"],"inLanguage":"de","potentialAction":[{"@type":"CommentAction","name":"Comment","target":["https:\/\/now-news.de\/de\/deutschland\/braende-und-machetenangriff-30-verletzte-in-essen\/#respond"]}]},{"@type":"WebPage","@id":"https:\/\/now-news.de\/de\/deutschland\/braende-und-machetenangriff-30-verletzte-in-essen\/","url":"https:\/\/now-news.de\/de\/deutschland\/braende-und-machetenangriff-30-verletzte-in-essen\/","name":"Br\u00e4nde und Machetenangriff: 30 Verletzte in Essen - just-now.NEWS Deutschland","isPartOf":{"@id":"https:\/\/now-news.de\/de\/#website"},"primaryImageOfPage":{"@id":"https:\/\/now-news.de\/de\/deutschland\/braende-und-machetenangriff-30-verletzte-in-essen\/#primaryimage"},"image":{"@id":"https:\/\/now-news.de\/de\/deutschland\/braende-und-machetenangriff-30-verletzte-in-essen\/#primaryimage"},"thumbnailUrl":"https:\/\/now-news.de\/de\/wp-content\/uploads\/sites\/3\/2024\/09\/Braende-und-Machetenangriff-30-Verletzte-in-Essen.PNG","datePublished":"2024-09-29T07:56:18+00:00","dateModified":"2024-09-29T07:56:18+00:00","breadcrumb":{"@id":"https:\/\/now-news.de\/de\/deutschland\/braende-und-machetenangriff-30-verletzte-in-essen\/#breadcrumb"},"inLanguage":"de","potentialAction":[{"@type":"ReadAction","target":["https:\/\/now-news.de\/de\/deutschland\/braende-und-machetenangriff-30-verletzte-in-essen\/"]}]},{"@type":"ImageObject","inLanguage":"de","@id":"https:\/\/now-news.de\/de\/deutschland\/braende-und-machetenangriff-30-verletzte-in-essen\/#primaryimage","url":"https:\/\/now-news.de\/de\/wp-content\/uploads\/sites\/3\/2024\/09\/Braende-und-Machetenangriff-30-Verletzte-in-Essen.PNG","contentUrl":"https:\/\/now-news.de\/de\/wp-content\/uploads\/sites\/3\/2024\/09\/Braende-und-Machetenangriff-30-Verletzte-in-Essen.PNG","width":460,"height":259,"caption":"Br\u00e4nde und Machetenangriff: 30 Verletzte in Essen"},{"@type":"BreadcrumbList","@id":"https:\/\/now-news.de\/de\/deutschland\/braende-und-machetenangriff-30-verletzte-in-essen\/#breadcrumb","itemListElement":[{"@type":"ListItem","position":1,"name":"Home","item":"https:\/\/now-news.de\/de\/"},{"@type":"ListItem","position":2,"name":"Br\u00e4nde und Machetenangriff: 30 Verletzte in Essen"}]},{"@type":"WebSite","@id":"https:\/\/now-news.de\/de\/#website","url":"https:\/\/now-news.de\/de\/","name":"just-now.NEWS Deutschland","description":"Das Portal f\u00fcr unzensierte Nachrichten aus der Welt","publisher":{"@id":"https:\/\/now-news.de\/de\/#organization"},"potentialAction":[{"@type":"SearchAction","target":{"@type":"EntryPoint","urlTemplate":"https:\/\/now-news.de\/de\/?s={search_term_string}"},"query-input":"required name=search_term_string"}],"inLanguage":"de"},{"@type":"Organization","@id":"https:\/\/now-news.de\/de\/#organization","name":"Just Now News","url":"https:\/\/now-news.de\/de\/","logo":{"@type":"ImageObject","inLanguage":"de","@id":"https:\/\/now-news.de\/de\/#\/schema\/logo\/image\/","url":"http:\/\/just-now.news\/de\/wp-content\/uploads\/sites\/3\/2022\/04\/logo500x500.jpg","contentUrl":"http:\/\/just-now.news\/de\/wp-content\/uploads\/sites\/3\/2022\/04\/logo500x500.jpg","width":500,"height":500,"caption":"Just Now News"},"image":{"@id":"https:\/\/now-news.de\/de\/#\/schema\/logo\/image\/"},"sameAs":["https:\/\/www.facebook.com\/wirmachenauf","https:\/\/x.com\/WirMachenAuf_de"]},{"@type":"Person","@id":"https:\/\/now-news.de\/de\/#\/schema\/person\/fb534a4e865501d8b3285208df34a9b5","name":"rtnews","image":{"@type":"ImageObject","inLanguage":"de","@id":"https:\/\/now-news.de\/de\/#\/schema\/person\/image\/","url":"https:\/\/secure.gravatar.com\/avatar\/82aafea7d8127119dd649515f56e2117?s=96&d=mm&r=g","contentUrl":"https:\/\/secure.gravatar.com\/avatar\/82aafea7d8127119dd649515f56e2117?s=96&d=mm&r=g","caption":"rtnews"},"url":"https:\/\/now-news.de\/de\/author\/rnews\/"}]}},"_links":{"self":[{"href":"https:\/\/now-news.de\/de\/wp-json\/wp\/v2\/posts\/69937"}],"collection":[{"href":"https:\/\/now-news.de\/de\/wp-json\/wp\/v2\/posts"}],"about":[{"href":"https:\/\/now-news.de\/de\/wp-json\/wp\/v2\/types\/post"}],"author":[{"embeddable":true,"href":"https:\/\/now-news.de\/de\/wp-json\/wp\/v2\/users\/3"}],"replies":[{"embeddable":true,"href":"https:\/\/now-news.de\/de\/wp-json\/wp\/v2\/comments?post=69937"}],"version-history":[{"count":0,"href":"https:\/\/now-news.de\/de\/wp-json\/wp\/v2\/posts\/69937\/revisions"}],"wp:featuredmedia":[{"embeddable":true,"href":"https:\/\/now-news.de\/de\/wp-json\/wp\/v2\/media\/69938"}],"wp:attachment":[{"href":"https:\/\/now-news.de\/de\/wp-json\/wp\/v2\/media?parent=69937"}],"wp:term":[{"taxonomy":"category","embeddable":true,"href":"https:\/\/now-news.de\/de\/wp-json\/wp\/v2\/categories?post=69937"},{"taxonomy":"post_tag","embeddable":true,"href":"https:\/\/now-news.de\/de\/wp-json\/wp\/v2\/tags?post=69937"}],"curies":[{"name":"wp","href":"https:\/\/api.w.org\/{rel}","templated":true}]}}