{"id":69911,"date":"2024-09-28T18:30:31","date_gmt":"2024-09-28T16:30:31","guid":{"rendered":"https:\/\/now-news.de\/de\/deutschland\/was-der-sternfahrer-ijon-tichy-nach-seiner-legendaeren-zeitschleife-zu-sehen-bekam-v\/"},"modified":"2024-09-28T18:30:31","modified_gmt":"2024-09-28T16:30:31","slug":"was-der-sternfahrer-ijon-tichy-nach-seiner-legendaeren-zeitschleife-zu-sehen-bekam-v","status":"publish","type":"post","link":"https:\/\/now-news.de\/de\/deutschland\/was-der-sternfahrer-ijon-tichy-nach-seiner-legendaeren-zeitschleife-zu-sehen-bekam-v\/","title":{"rendered":"Was der Sternfahrer Ijon Tichy nach seiner legend\u00e4ren Zeitschleife zu sehen bekam (V)"},"content":{"rendered":"<p><img decoding=\"async\" src=\"https:\/\/now-news.de\/de\/wp-content\/uploads\/sites\/3\/2024\/09\/66f8251948fbef354310053e.jpg\" \/><\/p>\n<div class=\"Text-root Text-type_1 \">\n                Ijon Tichy ist wieder da. Auch diese Woche k\u00e4mpft sich unser kosmonautischer Held nach der R\u00fcckkehr aus seiner legend\u00e4ren Zeitschleife durch die Tollheiten des medialen und politischen Raumes im besten und schillerndsten Regenbogenbunt*Land aller Zeiten.\n            <\/div>\n<p><\/p>\n<div class=\"Text-root Text-type_5 ArticleView-text ViewText-root \">\n<p>Die Teile I, II, III und IV finden Sie\u00a0<a rel=\"nofollow noopener\" target=\"_blank\" href=\"https:\/\/freeassange.rtde.life\/meinung\/209481-was-kosmonaut-iowan-tichow-nach\/\">hier<\/a>,\u00a0<a rel=\"nofollow noopener\" target=\"_blank\" href=\"https:\/\/freeassange.rtde.life\/meinung\/210801-was-der-sternfahrer-ijon-tichy-nach-seiner-legendaeren-zeitschleife-zu-sehen-bekam-ii\/\">hier<\/a>,\u00a0<a rel=\"nofollow noopener\" target=\"_blank\" href=\"https:\/\/dert.site\/meinung\/212625-was-sternfahrer-ijon-tichy-nach\/\">hier<\/a>\u00a0und <a rel=\"nofollow noopener\" target=\"_blank\" href=\"https:\/\/freedert.online\/meinung\/214521-was-sternfahrer-ijon-tichy-nach\/\">hier<\/a>.<\/p>\n<p><em>Eine Lesermeinung von Mikhail Balzer<\/em><\/p>\n<p><em>Der Satire f\u00fcnfter Teil: Retrospektiver \u00dcberblick \u00fcber einige Tollheiten der letzten Wochen<\/em><\/p>\n<p>Unser Weltraumheld Ijon Tichy befindet sich nun schon einige Monate im getarnten Erdorbit, also einer v\u00f6lligen Ein\u00f6de, die nur unterbrochen wird vom rasch sich wiederholenden Sonnenuntergang, wenn sein Raumschiff wieder einmal in den Erdschatten eintaucht. Und so kann er sich absolut sicher sein, dass die Sonne nach relativ kurzer Zeit wieder v\u00f6llig unbeeindruckt am anderen Fenster des Raumschiffes aufgehen wird. Und die Erde ist erstaunlicherweise auch noch da. Doch dies scheinen nicht alle Menschen auf Terranien so zu sehen, wie des \u00d6fteren von den dortigen illustren Medien zu vernehmen ist.<\/p>\n<p>Da sind zum Beispiel jene beinahe absurd klingenden Berichte \u00fcber hochgelobte Klimasektierer und Apologeten der letzten Generationen (sozusagen die Letzten jener letzten Generation, die alphabetisch mit &#8220;Z&#8221; bezeichnet wird), welche nun versuchen, mit immer spektakul\u00e4reren Aktionen ihrer sinkenden Medienprominenz Herr*in zu werden. Wo kann man sich als N\u00e4chstes festkleben, nachdem selbst Aktionen am grandiosen Hauptstadtflughafen in Regenbogenbunt*Land dem Biedermeier nur ein gelangweiltes G\u00e4hnen entlockten? Vielleicht an der Spitze des Eiffelturmes: an nur drei Fingern festgehaftet, frei wie eine Fahne im lauen Herbstl\u00fcftchen wehend? Oder einen Barfu\u00dflauf oben auf der burgwehrhaft geschlossenen Tower Bridge in London wagen, um sich dann dort bei laufender Polizei\u00fcberwachung mit intelligenter Gesichtserkennung festzukleben?<\/p>\n<p>Aber nein, derlei Aktionen w\u00fcrden etwas mehr als den nur subjektiv-maximalen Mut der fremdgelobten &#8220;Klimaaktivisten&#8221; bedeuten. Endet doch der Horizont ihrer Toll(k\u00fchn)heit zumeist auf dem Niveau eines gratismutigen Penn\u00e4lers, der noch nicht einmal g\u00e4nzlich von der Mama im Hubschrauber abgenabelt ist. Falls es gar handgreiflich w\u00fcrde, weil wieder einmal die Hauptverkehrsader einer Gro\u00dfstadt durch klimatische Kleber verstopft ist, so m\u00fcssten sie rasch mit dem gesamten Register bestdemokratischer Nanny-Wehrhaftigkeit vor K\u00f6rperverletzungen gesch\u00fctzt werden. Zur Sicherheit k\u00f6nnte man das nur au\u00dfen rot lackierte SafetyCorp der hochsympathischen AndiFan*den bestellen. Das sind jene junggebliebenen Leute, die es nicht ganz so zimperlich nehmen und auch mal gerne ohne Nanny oder Gesichtserkennung raufen \u2013 also Leute &#8220;f\u00fcrs Grobe eben&#8221;&#8230;<\/p>\n<p>Weniger gesch\u00fctzt erscheint hingegen das Normalb\u00fcrger*innen-Kollektiv gegen\u00fcber falsch angewendetem K\u00fcchenwerkzeug, das im Konfliktfall unzureichende kulturelle Integration und mangelnde linguistische Begabung ersetzen soll. Und welch Paradox: Um solches Gemetzel langfristig zu reduzieren, wird auf wahlwirksam wiederbelebte Kontrollen der Grenzen von Regenbogenbunt*Land zur\u00fcckgegriffen; also jene Kontrollen, welche anno 2015 fortfolgende zur\u00fcckgemerkelt worden waren.<\/p>\n<p>So oder \u00e4hnlich jedenfalls lautete die unglaubliche Analyse der terranischen Nachrichten durch das megalomane Zentralhirn in Ijons Raumschiff (im terranischen Vokabular w\u00fcrde man hier schreiben &#8220;Generative KI der 1848. Generation&#8221;). Diese Kurz\u00fcbersicht wurde zudem gekr\u00f6nt vom abschlie\u00dfenden Ratschlag, vorgetragen in gendergerechter tiefsonorer Frau*innen-Stimme, dass solcherlei Pressemeldungen f\u00fcr Humanoide nur in betrunkenem Zustande zu ertragen seien! Kein Wunder also, dass Ijon manchmal an dem vermeintlich &#8220;zehn Jahre gelagerten Whisky&#8221; seines Nahrungsmittel-Synthetisators nippte und zeitgleich beschloss, die KI-Analysen zum Schutze der Gesundheit besser durch eigene Anschauungen zu ersetzen.<\/p>\n<p>Doch, oh Schreck, welch phantastische Dinge noch so alle zu Tage kamen! Anlass derart M\u00fcnchhausen&#8217;scher Wundererz\u00e4hlungen war, wie so oft in der Menschheitsgeschichte, wieder einmal ein Krieg. Konkret jener Krieg im Osten Pan*Europiens, wo die rote Demarkationslinie gegen postimperialistische Ausdehnungsgel\u00fcste des Werte*Western derart verborgen gelegen hatte, dass selbst beste Geheimnis*Dienste nicht im Geringsten daran gedacht hatten. Wie immer zu Kriegszeiten, wurde zur Vernebelung des Grenzverlaufes die Propagandamaschine angeschmissen, um immer wahnwitzigere und unwahrscheinlichere Ideen zu verbreiten. Einiges davon haben wir bereits bei Ijon gelesen, auch von fabelhaft dominanten wild schie\u00dfenden Gro\u00dfkatzen in tonnenschwerem Metallgu\u00df&#8230; die nur das verschwiegene Laster hatten, im Morast des Gel\u00e4ndes zu versinken. Dann die neckige Kinderkanal- Geschichte von den tieffliegenden Stieren (lateinisch &#8220;Taurus&#8221;), die mit leicht motzenden Kinderstimmen um ihren Einsatz weit im Osten bettelten.<\/p>\n<p>Anderes, wie Raketen, Drohnen, Flugunget\u00fcme, zumeist angloamerikanischer Bauart und unglaublich teuer, kamen hinzu &#8211; immer angek\u00fcndigt als &#8220;wundersam \u00fcberlegene Waffensysteme&#8221; oder in bestem Denglisch als &#8220;game changer&#8221;. Objektiv, also aus dem Orbit betrachtet, war es dann oftmals nicht allzu weit her mit deren Wunderwirksamkeit. Dazu verendeten noch zwei schweineteure regenbogenbunte Spionagesatelliten in blind- tauber Umnachtung (Ijon Tichy hatte im dritten Teil dar\u00fcber berichtet). Doch jetzt endlich, quasi kurz vor knapp, versprach die gleiche kriegstolle Journaille aus Trans*Teichnien den n\u00e4chsten &#8220;game changer&#8221;, n\u00e4mlich &#8220;feuerspeiende Drachendrohnen&#8221;!<\/p>\n<p>Diese solle Ukra*Tanien nun freiz\u00fcgig nach strategischer Denkart der Puppenspieler \u00fcberm Teich einsetzen: um Brandbomben extrem hoher Hitzeentwicklung abwerfen, zum Beispiel \u00fcber bewaldeten Gebieten. &#8230; Und wieder, nach den Brandbomben des zweiten Weltkriegs, nach Napalm und Agent orange: vielleicht nicht nur \u00fcber Waldgebieten und milit\u00e4rischen Zielen ??? Und wohin ist denn die st\u00e4ndige Sorge der regelbasierten internationen Werte*Gemeinschaft hinsichtlich des zu rettenden Weltklimas, wenn nun massiv CO2- furzende Drachendrohnen alles in Brand setzen? Wo bleiben denn hier die Klimaapologeten? Vielleicht w\u00e4re es effektiver, sich zur Abwechslung mal an diese Drohnen zu heften, um einen gro\u00dfr\u00e4umigen Waldbrand zu verhindern? Wenigstens aber k\u00f6nnte man mit dem klebrigen Finger auf dieses drohende Desaster hinweisen! Aber leider braucht es auch daf\u00fcr etwas mehr, als nur Gratismut&#8230;<\/p>\n<p>Zur gleichen Zeit und \u00e4hnlich wunderlich kamen die immer neuen, verrenkten Versprechungen diverser Politiker des Werte*Westerns daher, die noch mehr Waffen und frisch gepresstes Geld zur Deckung der immensen Ukra*tanischen Kriegsschulden versprachen. Woher dieses Geld letztlich stammen solle, spielt f\u00fcr gro\u00dfartigste Protagonisten des au\u00dfenpolitischen Schaulaufens keine besondere Rolle: es sei in Anbetracht des gro\u00dfen regelbasierten Zieles schlechthin egal, ob man es aus Auslandseinlagen eines verfeindeten Staates oder aus der Geldtasche der eigenen B\u00fcrger entwenden w\u00fcrde. <br \/>\u00dcberhaupt sollten die Zivilisten in Regenbogenbunt*Land und anderswo l\u00e4nger und mehr arbeiten und auch ansonsten das Milit\u00e4r in Zukunft besser unterst\u00fctzen!<\/p>\n<p>Und unterst\u00fctzen sollte diese uns\u00e4glich undankbare Bev\u00f6lkerung auch ihre beste Regi(menti)erung aller Zeiten! Was da zum Beispiel in drei &#8220;neuen Bundesl\u00e4ndern&#8221; geschehen war, konnte einem schon die letzten Haare auf dem Toupet kosten und rief gr\u00f6\u00dftm\u00f6gliche Emp\u00f6rung hervor &#8211; zumindest wenn man der abgehobenen Turmgesellschaft &#8220;Derer zur Ampel&#8221; angeh\u00f6rt. Wie konnten diese &#8220;demokratiefernen Ossis&#8221; nur das antidemokratische Himmelsblau und eine populistische rote Zora w\u00e4hlen?! Zu allem Ungl\u00fcck wird nun das r\u00e4tselratende Puzzlespiel mit Addieren von Minderheiten recht kompliziert &#8211; soll doch, alles zusammengekratzend, einen festen Block gegen R\u00e4\u00e4\u00e4chds und Populismus ergeben.<\/p>\n<p>Zur Not wird noch ein wenig &#8220;herumgemerkelt&#8221;, sprich: wurde wom\u00f6glich durch v\u00f6llig unauff\u00e4llige postalische H\u00fctchenspielertricks und bislang fast unbekannte Wahlrechtsbesonderheiten ein wenig das Ergebnis gelenkt. <br \/>Aber dann wird es schon klappen, mit der &#8220;ganz gro\u00dfen fortschrittlich demokratischen politischen Einheit&#8221;! Ein b\u00f6ser Eulenspiegel, der denkt: &#8220;Was waren das &#8220;Blockparteiensystem&#8221; der T\u00e4T\u00e4R\u00e4T\u00e4T\u00e4 und deren scheindemokratische Parolen noch so einfach gewesen!&#8221; Aber wie damals gilt auch heute wieder, dass alles stets und \u00fcberall nur besser und sch\u00f6ner wird, so sch\u00f6n wie die Regenbogen*In im ganzen Land: &#8220;Vorw\u00e4rts immer, r\u00fcckw\u00e4rts nimmer!&#8221;<\/p>\n<p><strong>Mehr zum Thema<\/strong> \u2013 <a rel=\"nofollow noopener\" target=\"_blank\" href=\"https:\/\/freeassange.rtde.life\/meinung\/209481-was-kosmonaut-iowan-tichow-nach\/\">Was der Sternfahrer Ijon Tichy nach seiner legend\u00e4ren Zeitschleife zu sehen bekam<\/a><\/p>\n<div class=\"EmbedBlock-root EmbedBlock-externalVideo EmbedBlock-rumble\">\n<div class=\"VkEmbed\"><iframe class=\"lazyload\" data-src=\"https:\/\/rumble.com\/embed\/v51c3nw\" frameborder=\"0\" width=\"853\" height=\"480\" allowfullscreen><\/iframe><\/div>\n<\/div>\n<\/div>\n<p><br \/>\n<br \/><a href=\"https:\/\/de.rt.com\/meinung\/220794-was-sternfahrer-ijon-tichy-nach\/\">Source link <\/a><\/p>\n","protected":false},"excerpt":{"rendered":"<p>Ijon Tichy ist wieder da. Auch diese Woche k\u00e4mpft sich unser kosmonautischer Held nach der R\u00fcckkehr aus seiner legend\u00e4ren Zeitschleife durch die Tollheiten des medialen und politischen Raumes im besten und schillerndsten Regenbogenbunt*Land aller Zeiten. Die Teile I, II, III und IV finden Sie\u00a0hier,\u00a0hier,\u00a0hier\u00a0und hier. Eine Lesermeinung von Mikhail Balzer Der Satire f\u00fcnfter Teil: Retrospektiver [&hellip;]<\/p>\n","protected":false},"author":3,"featured_media":69912,"comment_status":"open","ping_status":"open","sticky":false,"template":"","format":"standard","meta":{"_yoast_indexnow_last_ping":["1727541689"],"wp_automatic_camp":["217"],"7084febb4b3255b73cfbedc7f50ae610":["Was der Sternfahrer Ijon Tichy nach seiner legend\u00e4ren Zeitschleife zu sehen bekam (V)"],"original_link":["https:\/\/de.rt.com\/meinung\/220794-was-sternfahrer-ijon-tichy-nach\/"],"_thumbnail_id":["69912"],"jnews_social_counter_last_update":["1777792796"],"_wptgpro_p2tg_sent2tg":["a:1:{i:23737;s:19:\"2024-09-28 18:42:32\";}"]},"categories":[19,23],"tags":[45167,82,55992,35594,979,8173,1607,55991,48093,55993],"yoast_head":"<!-- This site is optimized with the Yoast SEO Premium plugin v22.7 (Yoast SEO v22.7) - https:\/\/yoast.com\/wordpress\/plugins\/seo\/ -->\n<title>Was der Sternfahrer Ijon Tichy nach seiner legend\u00e4ren Zeitschleife zu sehen bekam (V) - just-now.NEWS Deutschland<\/title>\n<meta name=\"robots\" content=\"index, follow, max-snippet:-1, max-image-preview:large, max-video-preview:-1\" \/>\n<link rel=\"canonical\" href=\"https:\/\/now-news.de\/de\/deutschland\/was-der-sternfahrer-ijon-tichy-nach-seiner-legendaeren-zeitschleife-zu-sehen-bekam-v\/\" \/>\n<meta property=\"og:locale\" content=\"de_DE\" \/>\n<meta property=\"og:type\" content=\"article\" \/>\n<meta property=\"og:title\" content=\"Was der Sternfahrer Ijon Tichy nach seiner legend\u00e4ren Zeitschleife zu sehen bekam (V)\" \/>\n<meta property=\"og:description\" content=\"Ijon Tichy ist wieder da. Auch diese Woche k\u00e4mpft sich unser kosmonautischer Held nach der R\u00fcckkehr aus seiner legend\u00e4ren Zeitschleife durch die Tollheiten des medialen und politischen Raumes im besten und schillerndsten Regenbogenbunt*Land aller Zeiten. Die Teile I, II, III und IV finden Sie\u00a0hier,\u00a0hier,\u00a0hier\u00a0und hier. Eine Lesermeinung von Mikhail Balzer Der Satire f\u00fcnfter Teil: Retrospektiver [&hellip;]\" \/>\n<meta property=\"og:url\" content=\"https:\/\/now-news.de\/de\/deutschland\/was-der-sternfahrer-ijon-tichy-nach-seiner-legendaeren-zeitschleife-zu-sehen-bekam-v\/\" \/>\n<meta property=\"og:site_name\" content=\"just-now.NEWS Deutschland\" \/>\n<meta property=\"article:publisher\" content=\"https:\/\/www.facebook.com\/wirmachenauf\" \/>\n<meta property=\"article:published_time\" content=\"2024-09-28T16:30:31+00:00\" \/>\n<meta property=\"og:image\" content=\"https:\/\/now-news.de\/de\/wp-content\/uploads\/sites\/3\/2024\/09\/66f8251948fbef354310053e.jpg\" \/>\n<meta name=\"author\" content=\"rtnews\" \/>\n<meta name=\"twitter:card\" content=\"summary_large_image\" \/>\n<meta name=\"twitter:creator\" content=\"@WirMachenAuf_de\" \/>\n<meta name=\"twitter:site\" content=\"@WirMachenAuf_de\" \/>\n<meta name=\"twitter:label1\" content=\"Verfasst von\" \/>\n\t<meta name=\"twitter:data1\" content=\"rtnews\" \/>\n\t<meta name=\"twitter:label2\" content=\"Gesch\u00e4tzte Lesezeit\" \/>\n\t<meta name=\"twitter:data2\" content=\"6\u00a0Minuten\" \/>\n<script type=\"application\/ld+json\" class=\"yoast-schema-graph\">{\"@context\":\"https:\/\/schema.org\",\"@graph\":[{\"@type\":\"Article\",\"@id\":\"https:\/\/now-news.de\/de\/deutschland\/was-der-sternfahrer-ijon-tichy-nach-seiner-legendaeren-zeitschleife-zu-sehen-bekam-v\/#article\",\"isPartOf\":{\"@id\":\"https:\/\/now-news.de\/de\/deutschland\/was-der-sternfahrer-ijon-tichy-nach-seiner-legendaeren-zeitschleife-zu-sehen-bekam-v\/\"},\"author\":{\"name\":\"rtnews\",\"@id\":\"https:\/\/now-news.de\/de\/#\/schema\/person\/fb534a4e865501d8b3285208df34a9b5\"},\"headline\":\"Was der Sternfahrer Ijon Tichy nach seiner legend\u00e4ren Zeitschleife zu sehen bekam (V)\",\"datePublished\":\"2024-09-28T16:30:31+00:00\",\"dateModified\":\"2024-09-28T16:30:31+00:00\",\"mainEntityOfPage\":{\"@id\":\"https:\/\/now-news.de\/de\/deutschland\/was-der-sternfahrer-ijon-tichy-nach-seiner-legendaeren-zeitschleife-zu-sehen-bekam-v\/\"},\"wordCount\":1264,\"commentCount\":0,\"publisher\":{\"@id\":\"https:\/\/now-news.de\/de\/#organization\"},\"image\":{\"@id\":\"https:\/\/now-news.de\/de\/deutschland\/was-der-sternfahrer-ijon-tichy-nach-seiner-legendaeren-zeitschleife-zu-sehen-bekam-v\/#primaryimage\"},\"thumbnailUrl\":\"https:\/\/now-news.de\/de\/wp-content\/uploads\/sites\/3\/2024\/09\/Was-der-Sternfahrer-Ijon-Tichy-nach-seiner-legendaeren-Zeitschleife-zu.jpg\",\"keywords\":[\"bekam\",\"der\",\"Ijon\",\"legend\u00e4ren\",\"nach\",\"sehen\",\"seiner\",\"Sternfahrer\",\"Tichy\",\"Zeitschleife\"],\"articleSection\":[\"Deutschland\",\"Russland\"],\"inLanguage\":\"de\",\"potentialAction\":[{\"@type\":\"CommentAction\",\"name\":\"Comment\",\"target\":[\"https:\/\/now-news.de\/de\/deutschland\/was-der-sternfahrer-ijon-tichy-nach-seiner-legendaeren-zeitschleife-zu-sehen-bekam-v\/#respond\"]}]},{\"@type\":\"WebPage\",\"@id\":\"https:\/\/now-news.de\/de\/deutschland\/was-der-sternfahrer-ijon-tichy-nach-seiner-legendaeren-zeitschleife-zu-sehen-bekam-v\/\",\"url\":\"https:\/\/now-news.de\/de\/deutschland\/was-der-sternfahrer-ijon-tichy-nach-seiner-legendaeren-zeitschleife-zu-sehen-bekam-v\/\",\"name\":\"Was der Sternfahrer Ijon Tichy nach seiner legend\u00e4ren Zeitschleife zu sehen bekam (V) - just-now.NEWS Deutschland\",\"isPartOf\":{\"@id\":\"https:\/\/now-news.de\/de\/#website\"},\"primaryImageOfPage\":{\"@id\":\"https:\/\/now-news.de\/de\/deutschland\/was-der-sternfahrer-ijon-tichy-nach-seiner-legendaeren-zeitschleife-zu-sehen-bekam-v\/#primaryimage\"},\"image\":{\"@id\":\"https:\/\/now-news.de\/de\/deutschland\/was-der-sternfahrer-ijon-tichy-nach-seiner-legendaeren-zeitschleife-zu-sehen-bekam-v\/#primaryimage\"},\"thumbnailUrl\":\"https:\/\/now-news.de\/de\/wp-content\/uploads\/sites\/3\/2024\/09\/Was-der-Sternfahrer-Ijon-Tichy-nach-seiner-legendaeren-Zeitschleife-zu.jpg\",\"datePublished\":\"2024-09-28T16:30:31+00:00\",\"dateModified\":\"2024-09-28T16:30:31+00:00\",\"breadcrumb\":{\"@id\":\"https:\/\/now-news.de\/de\/deutschland\/was-der-sternfahrer-ijon-tichy-nach-seiner-legendaeren-zeitschleife-zu-sehen-bekam-v\/#breadcrumb\"},\"inLanguage\":\"de\",\"potentialAction\":[{\"@type\":\"ReadAction\",\"target\":[\"https:\/\/now-news.de\/de\/deutschland\/was-der-sternfahrer-ijon-tichy-nach-seiner-legendaeren-zeitschleife-zu-sehen-bekam-v\/\"]}]},{\"@type\":\"ImageObject\",\"inLanguage\":\"de\",\"@id\":\"https:\/\/now-news.de\/de\/deutschland\/was-der-sternfahrer-ijon-tichy-nach-seiner-legendaeren-zeitschleife-zu-sehen-bekam-v\/#primaryimage\",\"url\":\"https:\/\/now-news.de\/de\/wp-content\/uploads\/sites\/3\/2024\/09\/Was-der-Sternfahrer-Ijon-Tichy-nach-seiner-legendaeren-Zeitschleife-zu.jpg\",\"contentUrl\":\"https:\/\/now-news.de\/de\/wp-content\/uploads\/sites\/3\/2024\/09\/Was-der-Sternfahrer-Ijon-Tichy-nach-seiner-legendaeren-Zeitschleife-zu.jpg\",\"width\":460,\"height\":259,\"caption\":\"Was der Sternfahrer Ijon Tichy nach seiner legend\u00e4ren Zeitschleife zu sehen bekam (V)\"},{\"@type\":\"BreadcrumbList\",\"@id\":\"https:\/\/now-news.de\/de\/deutschland\/was-der-sternfahrer-ijon-tichy-nach-seiner-legendaeren-zeitschleife-zu-sehen-bekam-v\/#breadcrumb\",\"itemListElement\":[{\"@type\":\"ListItem\",\"position\":1,\"name\":\"Home\",\"item\":\"https:\/\/now-news.de\/de\/\"},{\"@type\":\"ListItem\",\"position\":2,\"name\":\"Was der Sternfahrer Ijon Tichy nach seiner legend\u00e4ren Zeitschleife zu sehen bekam (V)\"}]},{\"@type\":\"WebSite\",\"@id\":\"https:\/\/now-news.de\/de\/#website\",\"url\":\"https:\/\/now-news.de\/de\/\",\"name\":\"just-now.NEWS Deutschland\",\"description\":\"Das Portal f\u00fcr unzensierte Nachrichten aus der Welt\",\"publisher\":{\"@id\":\"https:\/\/now-news.de\/de\/#organization\"},\"potentialAction\":[{\"@type\":\"SearchAction\",\"target\":{\"@type\":\"EntryPoint\",\"urlTemplate\":\"https:\/\/now-news.de\/de\/?s={search_term_string}\"},\"query-input\":\"required name=search_term_string\"}],\"inLanguage\":\"de\"},{\"@type\":\"Organization\",\"@id\":\"https:\/\/now-news.de\/de\/#organization\",\"name\":\"Just Now News\",\"url\":\"https:\/\/now-news.de\/de\/\",\"logo\":{\"@type\":\"ImageObject\",\"inLanguage\":\"de\",\"@id\":\"https:\/\/now-news.de\/de\/#\/schema\/logo\/image\/\",\"url\":\"http:\/\/just-now.news\/de\/wp-content\/uploads\/sites\/3\/2022\/04\/logo500x500.jpg\",\"contentUrl\":\"http:\/\/just-now.news\/de\/wp-content\/uploads\/sites\/3\/2022\/04\/logo500x500.jpg\",\"width\":500,\"height\":500,\"caption\":\"Just Now News\"},\"image\":{\"@id\":\"https:\/\/now-news.de\/de\/#\/schema\/logo\/image\/\"},\"sameAs\":[\"https:\/\/www.facebook.com\/wirmachenauf\",\"https:\/\/x.com\/WirMachenAuf_de\"]},{\"@type\":\"Person\",\"@id\":\"https:\/\/now-news.de\/de\/#\/schema\/person\/fb534a4e865501d8b3285208df34a9b5\",\"name\":\"rtnews\",\"image\":{\"@type\":\"ImageObject\",\"inLanguage\":\"de\",\"@id\":\"https:\/\/now-news.de\/de\/#\/schema\/person\/image\/\",\"url\":\"https:\/\/secure.gravatar.com\/avatar\/82aafea7d8127119dd649515f56e2117?s=96&d=mm&r=g\",\"contentUrl\":\"https:\/\/secure.gravatar.com\/avatar\/82aafea7d8127119dd649515f56e2117?s=96&d=mm&r=g\",\"caption\":\"rtnews\"},\"url\":\"https:\/\/now-news.de\/de\/author\/rnews\/\"}]}<\/script>\n<!-- \/ Yoast SEO Premium plugin. -->","yoast_head_json":{"title":"Was der Sternfahrer Ijon Tichy nach seiner legend\u00e4ren Zeitschleife zu sehen bekam (V) - just-now.NEWS Deutschland","robots":{"index":"index","follow":"follow","max-snippet":"max-snippet:-1","max-image-preview":"max-image-preview:large","max-video-preview":"max-video-preview:-1"},"canonical":"https:\/\/now-news.de\/de\/deutschland\/was-der-sternfahrer-ijon-tichy-nach-seiner-legendaeren-zeitschleife-zu-sehen-bekam-v\/","og_locale":"de_DE","og_type":"article","og_title":"Was der Sternfahrer Ijon Tichy nach seiner legend\u00e4ren Zeitschleife zu sehen bekam (V)","og_description":"Ijon Tichy ist wieder da. Auch diese Woche k\u00e4mpft sich unser kosmonautischer Held nach der R\u00fcckkehr aus seiner legend\u00e4ren Zeitschleife durch die Tollheiten des medialen und politischen Raumes im besten und schillerndsten Regenbogenbunt*Land aller Zeiten. Die Teile I, II, III und IV finden Sie\u00a0hier,\u00a0hier,\u00a0hier\u00a0und hier. Eine Lesermeinung von Mikhail Balzer Der Satire f\u00fcnfter Teil: Retrospektiver [&hellip;]","og_url":"https:\/\/now-news.de\/de\/deutschland\/was-der-sternfahrer-ijon-tichy-nach-seiner-legendaeren-zeitschleife-zu-sehen-bekam-v\/","og_site_name":"just-now.NEWS Deutschland","article_publisher":"https:\/\/www.facebook.com\/wirmachenauf","article_published_time":"2024-09-28T16:30:31+00:00","og_image":[{"url":"https:\/\/now-news.de\/de\/wp-content\/uploads\/sites\/3\/2024\/09\/66f8251948fbef354310053e.jpg"}],"author":"rtnews","twitter_card":"summary_large_image","twitter_creator":"@WirMachenAuf_de","twitter_site":"@WirMachenAuf_de","twitter_misc":{"Verfasst von":"rtnews","Gesch\u00e4tzte Lesezeit":"6\u00a0Minuten"},"schema":{"@context":"https:\/\/schema.org","@graph":[{"@type":"Article","@id":"https:\/\/now-news.de\/de\/deutschland\/was-der-sternfahrer-ijon-tichy-nach-seiner-legendaeren-zeitschleife-zu-sehen-bekam-v\/#article","isPartOf":{"@id":"https:\/\/now-news.de\/de\/deutschland\/was-der-sternfahrer-ijon-tichy-nach-seiner-legendaeren-zeitschleife-zu-sehen-bekam-v\/"},"author":{"name":"rtnews","@id":"https:\/\/now-news.de\/de\/#\/schema\/person\/fb534a4e865501d8b3285208df34a9b5"},"headline":"Was der Sternfahrer Ijon Tichy nach seiner legend\u00e4ren Zeitschleife zu sehen bekam (V)","datePublished":"2024-09-28T16:30:31+00:00","dateModified":"2024-09-28T16:30:31+00:00","mainEntityOfPage":{"@id":"https:\/\/now-news.de\/de\/deutschland\/was-der-sternfahrer-ijon-tichy-nach-seiner-legendaeren-zeitschleife-zu-sehen-bekam-v\/"},"wordCount":1264,"commentCount":0,"publisher":{"@id":"https:\/\/now-news.de\/de\/#organization"},"image":{"@id":"https:\/\/now-news.de\/de\/deutschland\/was-der-sternfahrer-ijon-tichy-nach-seiner-legendaeren-zeitschleife-zu-sehen-bekam-v\/#primaryimage"},"thumbnailUrl":"https:\/\/now-news.de\/de\/wp-content\/uploads\/sites\/3\/2024\/09\/Was-der-Sternfahrer-Ijon-Tichy-nach-seiner-legendaeren-Zeitschleife-zu.jpg","keywords":["bekam","der","Ijon","legend\u00e4ren","nach","sehen","seiner","Sternfahrer","Tichy","Zeitschleife"],"articleSection":["Deutschland","Russland"],"inLanguage":"de","potentialAction":[{"@type":"CommentAction","name":"Comment","target":["https:\/\/now-news.de\/de\/deutschland\/was-der-sternfahrer-ijon-tichy-nach-seiner-legendaeren-zeitschleife-zu-sehen-bekam-v\/#respond"]}]},{"@type":"WebPage","@id":"https:\/\/now-news.de\/de\/deutschland\/was-der-sternfahrer-ijon-tichy-nach-seiner-legendaeren-zeitschleife-zu-sehen-bekam-v\/","url":"https:\/\/now-news.de\/de\/deutschland\/was-der-sternfahrer-ijon-tichy-nach-seiner-legendaeren-zeitschleife-zu-sehen-bekam-v\/","name":"Was der Sternfahrer Ijon Tichy nach seiner legend\u00e4ren Zeitschleife zu sehen bekam (V) - just-now.NEWS Deutschland","isPartOf":{"@id":"https:\/\/now-news.de\/de\/#website"},"primaryImageOfPage":{"@id":"https:\/\/now-news.de\/de\/deutschland\/was-der-sternfahrer-ijon-tichy-nach-seiner-legendaeren-zeitschleife-zu-sehen-bekam-v\/#primaryimage"},"image":{"@id":"https:\/\/now-news.de\/de\/deutschland\/was-der-sternfahrer-ijon-tichy-nach-seiner-legendaeren-zeitschleife-zu-sehen-bekam-v\/#primaryimage"},"thumbnailUrl":"https:\/\/now-news.de\/de\/wp-content\/uploads\/sites\/3\/2024\/09\/Was-der-Sternfahrer-Ijon-Tichy-nach-seiner-legendaeren-Zeitschleife-zu.jpg","datePublished":"2024-09-28T16:30:31+00:00","dateModified":"2024-09-28T16:30:31+00:00","breadcrumb":{"@id":"https:\/\/now-news.de\/de\/deutschland\/was-der-sternfahrer-ijon-tichy-nach-seiner-legendaeren-zeitschleife-zu-sehen-bekam-v\/#breadcrumb"},"inLanguage":"de","potentialAction":[{"@type":"ReadAction","target":["https:\/\/now-news.de\/de\/deutschland\/was-der-sternfahrer-ijon-tichy-nach-seiner-legendaeren-zeitschleife-zu-sehen-bekam-v\/"]}]},{"@type":"ImageObject","inLanguage":"de","@id":"https:\/\/now-news.de\/de\/deutschland\/was-der-sternfahrer-ijon-tichy-nach-seiner-legendaeren-zeitschleife-zu-sehen-bekam-v\/#primaryimage","url":"https:\/\/now-news.de\/de\/wp-content\/uploads\/sites\/3\/2024\/09\/Was-der-Sternfahrer-Ijon-Tichy-nach-seiner-legendaeren-Zeitschleife-zu.jpg","contentUrl":"https:\/\/now-news.de\/de\/wp-content\/uploads\/sites\/3\/2024\/09\/Was-der-Sternfahrer-Ijon-Tichy-nach-seiner-legendaeren-Zeitschleife-zu.jpg","width":460,"height":259,"caption":"Was der Sternfahrer Ijon Tichy nach seiner legend\u00e4ren Zeitschleife zu sehen bekam (V)"},{"@type":"BreadcrumbList","@id":"https:\/\/now-news.de\/de\/deutschland\/was-der-sternfahrer-ijon-tichy-nach-seiner-legendaeren-zeitschleife-zu-sehen-bekam-v\/#breadcrumb","itemListElement":[{"@type":"ListItem","position":1,"name":"Home","item":"https:\/\/now-news.de\/de\/"},{"@type":"ListItem","position":2,"name":"Was der Sternfahrer Ijon Tichy nach seiner legend\u00e4ren Zeitschleife zu sehen bekam (V)"}]},{"@type":"WebSite","@id":"https:\/\/now-news.de\/de\/#website","url":"https:\/\/now-news.de\/de\/","name":"just-now.NEWS Deutschland","description":"Das Portal f\u00fcr unzensierte Nachrichten aus der Welt","publisher":{"@id":"https:\/\/now-news.de\/de\/#organization"},"potentialAction":[{"@type":"SearchAction","target":{"@type":"EntryPoint","urlTemplate":"https:\/\/now-news.de\/de\/?s={search_term_string}"},"query-input":"required name=search_term_string"}],"inLanguage":"de"},{"@type":"Organization","@id":"https:\/\/now-news.de\/de\/#organization","name":"Just Now News","url":"https:\/\/now-news.de\/de\/","logo":{"@type":"ImageObject","inLanguage":"de","@id":"https:\/\/now-news.de\/de\/#\/schema\/logo\/image\/","url":"http:\/\/just-now.news\/de\/wp-content\/uploads\/sites\/3\/2022\/04\/logo500x500.jpg","contentUrl":"http:\/\/just-now.news\/de\/wp-content\/uploads\/sites\/3\/2022\/04\/logo500x500.jpg","width":500,"height":500,"caption":"Just Now News"},"image":{"@id":"https:\/\/now-news.de\/de\/#\/schema\/logo\/image\/"},"sameAs":["https:\/\/www.facebook.com\/wirmachenauf","https:\/\/x.com\/WirMachenAuf_de"]},{"@type":"Person","@id":"https:\/\/now-news.de\/de\/#\/schema\/person\/fb534a4e865501d8b3285208df34a9b5","name":"rtnews","image":{"@type":"ImageObject","inLanguage":"de","@id":"https:\/\/now-news.de\/de\/#\/schema\/person\/image\/","url":"https:\/\/secure.gravatar.com\/avatar\/82aafea7d8127119dd649515f56e2117?s=96&d=mm&r=g","contentUrl":"https:\/\/secure.gravatar.com\/avatar\/82aafea7d8127119dd649515f56e2117?s=96&d=mm&r=g","caption":"rtnews"},"url":"https:\/\/now-news.de\/de\/author\/rnews\/"}]}},"_links":{"self":[{"href":"https:\/\/now-news.de\/de\/wp-json\/wp\/v2\/posts\/69911"}],"collection":[{"href":"https:\/\/now-news.de\/de\/wp-json\/wp\/v2\/posts"}],"about":[{"href":"https:\/\/now-news.de\/de\/wp-json\/wp\/v2\/types\/post"}],"author":[{"embeddable":true,"href":"https:\/\/now-news.de\/de\/wp-json\/wp\/v2\/users\/3"}],"replies":[{"embeddable":true,"href":"https:\/\/now-news.de\/de\/wp-json\/wp\/v2\/comments?post=69911"}],"version-history":[{"count":0,"href":"https:\/\/now-news.de\/de\/wp-json\/wp\/v2\/posts\/69911\/revisions"}],"wp:featuredmedia":[{"embeddable":true,"href":"https:\/\/now-news.de\/de\/wp-json\/wp\/v2\/media\/69912"}],"wp:attachment":[{"href":"https:\/\/now-news.de\/de\/wp-json\/wp\/v2\/media?parent=69911"}],"wp:term":[{"taxonomy":"category","embeddable":true,"href":"https:\/\/now-news.de\/de\/wp-json\/wp\/v2\/categories?post=69911"},{"taxonomy":"post_tag","embeddable":true,"href":"https:\/\/now-news.de\/de\/wp-json\/wp\/v2\/tags?post=69911"}],"curies":[{"name":"wp","href":"https:\/\/api.w.org\/{rel}","templated":true}]}}