{"id":69834,"date":"2024-09-27T14:19:00","date_gmt":"2024-09-27T12:19:00","guid":{"rendered":"https:\/\/now-news.de\/de\/deutschland\/polizeigewerkschaft-besorgt-immer-mehr-messerdelikte-in-berlin-durch-kinder-und-jugendliche\/"},"modified":"2024-09-27T14:19:00","modified_gmt":"2024-09-27T12:19:00","slug":"polizeigewerkschaft-besorgt-immer-mehr-messerdelikte-in-berlin-durch-kinder-und-jugendliche","status":"publish","type":"post","link":"https:\/\/now-news.de\/de\/deutschland\/polizeigewerkschaft-besorgt-immer-mehr-messerdelikte-in-berlin-durch-kinder-und-jugendliche\/","title":{"rendered":"Polizeigewerkschaft besorgt: Immer mehr Messerdelikte in Berlin durch Kinder und Jugendliche"},"content":{"rendered":"<p><img decoding=\"async\" src=\"https:\/\/now-news.de\/de\/wp-content\/uploads\/sites\/3\/2024\/09\/66f67f7948fbef7f90482698.jpg\" \/><\/p>\n<div class=\"Text-root Text-type_1 \">\n                Die Berliner Polizeigewerkschaft reagiert auf statistisch belegte Zahlen von immer mehr Messerangriffen durch Kinder und Jugendliche mit einem 5-Punkte-Plan zum Thema: Waffenverbot an Schulen. Der Politik wird in einer Pressemitteilung vorgeworfen, auf die absehbare Entwicklung zu sp\u00e4t reagiert zu haben.\n            <\/div>\n<p><\/p>\n<div class=\"Text-root Text-type_5 ArticleView-text ViewText-root \">\n<p>&#8220;Immer mehr Kinder und Jugendliche sind der Berliner Polizei in den vergangenen Jahren bei Straftaten mit Messern aufgefallen&#8221;, so die Berichterstattung am 19. September seitens der\u00a0<em>Welt<\/em>-Zeitung aus dem Springer-Verlag. Die Berliner Polizeigewerkschaft (DPolG Berlin) reagiert auf den\u00a0<a rel=\"nofollow noopener\" target=\"_blank\" href=\"https:\/\/www.welt.de\/regionales\/berlin\/article253580318\/Straftaten-mit-Messern-142-Kinder-unter-den-Verdaechtigen.html\">Artikel<\/a>\u00a0mit einer Pressemitteilung, die &#8220;diese Tendenz als alarmierend&#8221; bezeichnet. Ein vorgestellter Ma\u00dfnahmenplan fordert unter anderem ein zeitnahes &#8220;Waffenverbot f\u00fcr Schulen, Jugend- und Sporteinrichtungen mittels schneller gesetzlicher Rahmenbedingungen auf Landesebene&#8221;.<\/p>\n<p>Der\u00a0<em>Welt<\/em>-Artikel schildert zu den Alltagsrealit\u00e4ten in der Hauptstadt, Bezug nehmend auf eine themenbezogene Antwort des Berliner Senats und der Polizei auf eine Anfrage des Gr\u00fcnen-Abgeordneten Vasili Franco:<\/p>\n<p><em>&#8220;Bei den Kindern unter 14 Jahren stieg die Zahl von 52 im Jahr 2020 auf 142 im vergangenen Jahr.\u00a0Bei den Jugendlichen, die ein Messer zur Drohung oder zum Angriff einsetzten, lagen die Zahlen noch deutlich h\u00f6her: 2020 waren es 255, die von der Polizei als mutma\u00dfliche T\u00e4ter festgestellt wurden. 2022 waren es 392 Verd\u00e4chtige und im vergangenen Jahr 369.&#8221;<\/em><\/p>\n<p>Die Pressemitteilung erkl\u00e4rt nun als Reaktion auf die Dynamik dieses Problems, dass ein\u00a05-Punkte-Plan seitens der Beh\u00f6rde aufgestellt wurde. Der DPolG-Landesvorsitzende Bodo Pfalzgraf erkl\u00e4rt:<\/p>\n<p><em>&#8220;Uns ist klar: Wir brauchen ma\u00dfgeschneiderte Interventions- und Pr\u00e4ventionsprogramme. Messer und Schule passen nicht zusammen.\u00a0Die Schulen m\u00fcssen waffenfreie Orte sein. Das Strafm\u00fcndigkeitsalter auf 12 Jahre herabzusetzen, w\u00fcrde die Palette von Unterst\u00fctzungs- und Hilfsm\u00f6glichkeiten erh\u00f6hen!&#8221;<\/em><\/p>\n<p>Zu den biografischen Eckdaten der jungen T\u00e4ter gibt es keine\u00a0detaillierteren Informationen, so hei\u00dft es im\u00a0<em>Welt<\/em>-Artikel:<\/p>\n<p><em>&#8220;Auch die Gesamtzahl aller gefassten Verd\u00e4chtigen zu Taten mit Messern stieg in\u00a0Berlin\u00a0seit 2020 deutlich an: von 1.948 auf 2.575 im letzten Jahr. Der gr\u00f6\u00dfte Teil davon waren M\u00e4nner im Erwachsenenalter. Knapp 1.200 hatten die deutsche Nationalit\u00e4t, mehr als 1.300 eine ausl\u00e4ndische Staatsangeh\u00f6rigkeit, die gr\u00f6\u00dften Gruppen waren T\u00fcrken (158), Syrer (141), Bulgaren (77) und Afghanen (71).&#8221;<\/em><\/p>\n<p>Inwieweit migrantische Wurzeln bei dem Verweis auf die &#8220;deutsche Nationalit\u00e4t&#8221; eine Rolle spielten, wird ebenfalls nicht benannt. Zum Thema &#8220;Einb\u00fcrgerungsvoraussetzungen&#8221;, wird eine\u00a0Einb\u00fcrgerung nach 5 Jahren &#8220;mit dem geplanten neuen Einb\u00fcrgerungsgesetz der Bundesregierung m\u00f6glich sein&#8221;, so das Faeser-Ministerium BMI auf seiner Webseite\u00a0<a rel=\"nofollow noopener\" target=\"_blank\" href=\"https:\/\/www.bmi.bund.de\/DE\/themen\/verfassung\/staatsangehoerigkeit\/einbuergerung\/einbuergerung-node.html#:~:text=Einb%C3%BCrgerungsvoraussetzungen,gekl%C3%A4rte%20Identit%C3%A4t%20und%20Staatsangeh%C3%B6rigkeit\">informierend<\/a>.\u00a0Eine Einb\u00fcrgerung ist damit k\u00fcnftig &#8220;in der Regel nach f\u00fcnf statt\u00a0<a rel=\"nofollow noopener\" target=\"_blank\" href=\"https:\/\/www.bmi.bund.de\/SharedDocs\/kurzmeldungen\/DE\/2024\/06\/mod-staatsangehoerigkeitsrecht.html#:~:text=Eine%20Einb%C3%BCrgerung%20ist%20k%C3%BCnftig%20in,bereits%20nach%20drei%20Jahren%20m%C3%B6glich.\">wie bisher<\/a>\u00a0nach acht Jahren m\u00f6glich&#8221;.\u00a0<\/p>\n<p>Der\u00a05-Punkte-Plan der Berliner Polizei sieht vor:<\/p>\n<ol>\n<li>ein Waffenverbot f\u00fcr Schulen, Jugend- und Sporteinrichtungen mittels schneller gesetzlicher Rahmenbedingungen auf Landesebene, inklusive klar definierter Sanktionsm\u00f6glichkeiten<\/li>\n<li>das Strafm\u00fcndigkeitsalter auf 12 Jahre herabsetzen \u2013 insbesondere um die Palette von Unterst\u00fctzungs- und Hilfsm\u00f6glichkeiten zu erh\u00f6hen<\/li>\n<li>auf die T\u00e4ter zugeschnittene Interventionsma\u00dfnahmen ausbauen<\/li>\n<li>bestehende Pr\u00e4ventionsprogramme personell und finanziell st\u00e4rken, z.\u00a0B. &#8220;Messer machen M\u00f6rder&#8221; der Polizei Berlin<\/li>\n<li>weitere Pr\u00e4ventionsma\u00dfnahmen initiieren, insbesondere im schulischen Bereich<\/li>\n<\/ol>\n<p>Die Mitteilung erg\u00e4nzt anmahnend:<\/p>\n<p><em>&#8220;Die stetig von Jahr zu Jahr\u00a0zunehmenden\u00a0Fallzahlen von Messerattacken und der\u00a0faktische\u00a0Anstieg von T\u00e4tern im Kindes- und Jugendalter\u00a0sind\u00a0auch\u00a0das Resultat\u00a0des Wegsehens\u00a0und\u00a0von\u00a0Relativierungen.\u00a0Nun\u00a0ist festzustellen, dass insbesondere\u00a0die\u00a0Kinder und Jugendlichen,\u00a0welche\u00a0unter dem Einfluss krimineller\u00a0Milieus\u00a0sozialisiert werden, das Tragen von Messern als etwas Normales betrachten.\u00a0Mit Messern w\u00e4chst man auf und es geh\u00f6rt in die Tasche, wenn das Haus verlassen wird.&#8221;\u00a0<\/em><\/p>\n<p>Eine mehr als bedenkliche &#8220;sinkende Hemmschwelle, das das mitgef\u00fchrte Messer in Konfliktsituationen dann auch tats\u00e4chlich zum Einsatz kommt&#8221;, w\u00fcrde durch die Realit\u00e4t im regelm\u00e4\u00dfigen Einsatz &#8220;ferner signifikant&#8221; zu bemerken sein. Abschlie\u00dfend hei\u00dft es daher kritisierend:<\/p>\n<p><em>&#8220;Mit dem Ergebnis einer toxischen Konstellation, die gesellschaftlich nicht gewollt sein kann. Mit\u00a0unverkl\u00e4rtem\u00a0Blick war diese Entwicklung seit einigen Jahren abzusehen. Die Politik h\u00e4tte fr\u00fcher gegensteuern k\u00f6nnen, gar m\u00fcssen.&#8221;<\/em><\/p>\n<p>Bereits im August forderte die DPolG Berlin in einer separaten Mitteilung:<\/p>\n<p><em>&#8220;Ein Verharmlosen und Relativieren darf es nicht geben. Es braucht u.\u00a0a. vielmehr eine ehrliche Debatte \u00fcber die Herabsetzung des Strafm\u00fcndigkeitsalters auf 12 Jahre und eine \u00dcberarbeitung der Qualifizierungstatbest\u00e4nde des Strafgesetzbuches bei den K\u00f6rperverletzungsdelikten.&#8221;<\/em><\/p>\n<p><strong>Mehr zum Thema &#8211;<\/strong>\u00a0<a rel=\"nofollow noopener\" target=\"_blank\" href=\"https:\/\/freedert.online\/inland\/218458-und-taeglich-gruesst-murmeltier-16\/\">Und t\u00e4glich gr\u00fc\u00dft das &#8220;Murmeltier&#8221;: 16-J\u00e4hriger sticht 17-J\u00e4hrigen in Hessen mit Messer in R\u00fccken<\/a><\/p>\n<\/p>\n<\/div>\n<p><br \/>\n<br \/><a href=\"https:\/\/de.rt.com\/inland\/220624-polizeigewerkschaft-besorgt-immer-mehr-messerdelikte\/\">Source link <\/a><\/p>\n","protected":false},"excerpt":{"rendered":"<p>Die Berliner Polizeigewerkschaft reagiert auf statistisch belegte Zahlen von immer mehr Messerangriffen durch Kinder und Jugendliche mit einem 5-Punkte-Plan zum Thema: Waffenverbot an Schulen. Der Politik wird in einer Pressemitteilung vorgeworfen, auf die absehbare Entwicklung zu sp\u00e4t reagiert zu haben. &#8220;Immer mehr Kinder und Jugendliche sind der Berliner Polizei in den vergangenen Jahren bei Straftaten [&hellip;]<\/p>\n","protected":false},"author":3,"featured_media":69835,"comment_status":"open","ping_status":"open","sticky":false,"template":"","format":"standard","meta":{"_yoast_indexnow_last_ping":["1727440475"],"wp_automatic_camp":["217"],"505f38b24c8776500890a8bb1ba8ca9d":["Polizeigewerkschaft besorgt: Immer mehr Messerdelikte in Berlin durch Kinder und Jugendliche"],"original_link":["https:\/\/de.rt.com\/inland\/220624-polizeigewerkschaft-besorgt-immer-mehr-messerdelikte\/"],"_thumbnail_id":["69835"],"jnews_social_counter_last_update":["1777287222"],"_wptgpro_p2tg_sent2tg":["a:1:{i:23737;s:19:\"2024-09-27 14:35:32\";}"]},"categories":[19,23],"tags":[943,669,1024,2062,9093,3567,2063,58964,33370,140],"yoast_head":"<!-- This site is optimized with the Yoast SEO Premium plugin v22.7 (Yoast SEO v22.7) - https:\/\/yoast.com\/wordpress\/plugins\/seo\/ -->\n<title>Polizeigewerkschaft besorgt: Immer mehr Messerdelikte in Berlin durch Kinder und Jugendliche - just-now.NEWS Deutschland<\/title>\n<meta name=\"robots\" content=\"index, follow, max-snippet:-1, max-image-preview:large, max-video-preview:-1\" \/>\n<link rel=\"canonical\" href=\"https:\/\/now-news.de\/de\/deutschland\/polizeigewerkschaft-besorgt-immer-mehr-messerdelikte-in-berlin-durch-kinder-und-jugendliche\/\" \/>\n<meta property=\"og:locale\" content=\"de_DE\" \/>\n<meta property=\"og:type\" content=\"article\" \/>\n<meta property=\"og:title\" content=\"Polizeigewerkschaft besorgt: Immer mehr Messerdelikte in Berlin durch Kinder und Jugendliche\" \/>\n<meta property=\"og:description\" content=\"Die Berliner Polizeigewerkschaft reagiert auf statistisch belegte Zahlen von immer mehr Messerangriffen durch Kinder und Jugendliche mit einem 5-Punkte-Plan zum Thema: Waffenverbot an Schulen. Der Politik wird in einer Pressemitteilung vorgeworfen, auf die absehbare Entwicklung zu sp\u00e4t reagiert zu haben. &#8220;Immer mehr Kinder und Jugendliche sind der Berliner Polizei in den vergangenen Jahren bei Straftaten [&hellip;]\" \/>\n<meta property=\"og:url\" content=\"https:\/\/now-news.de\/de\/deutschland\/polizeigewerkschaft-besorgt-immer-mehr-messerdelikte-in-berlin-durch-kinder-und-jugendliche\/\" \/>\n<meta property=\"og:site_name\" content=\"just-now.NEWS Deutschland\" \/>\n<meta property=\"article:publisher\" content=\"https:\/\/www.facebook.com\/wirmachenauf\" \/>\n<meta property=\"article:published_time\" content=\"2024-09-27T12:19:00+00:00\" \/>\n<meta property=\"og:image\" content=\"https:\/\/now-news.de\/de\/wp-content\/uploads\/sites\/3\/2024\/09\/66f67f7948fbef7f90482698.jpg\" \/>\n<meta name=\"author\" content=\"rtnews\" \/>\n<meta name=\"twitter:card\" content=\"summary_large_image\" \/>\n<meta name=\"twitter:creator\" content=\"@WirMachenAuf_de\" \/>\n<meta name=\"twitter:site\" content=\"@WirMachenAuf_de\" \/>\n<meta name=\"twitter:label1\" content=\"Verfasst von\" \/>\n\t<meta name=\"twitter:data1\" content=\"rtnews\" \/>\n\t<meta name=\"twitter:label2\" content=\"Gesch\u00e4tzte Lesezeit\" \/>\n\t<meta name=\"twitter:data2\" content=\"4\u00a0Minuten\" \/>\n<script type=\"application\/ld+json\" class=\"yoast-schema-graph\">{\"@context\":\"https:\/\/schema.org\",\"@graph\":[{\"@type\":\"Article\",\"@id\":\"https:\/\/now-news.de\/de\/deutschland\/polizeigewerkschaft-besorgt-immer-mehr-messerdelikte-in-berlin-durch-kinder-und-jugendliche\/#article\",\"isPartOf\":{\"@id\":\"https:\/\/now-news.de\/de\/deutschland\/polizeigewerkschaft-besorgt-immer-mehr-messerdelikte-in-berlin-durch-kinder-und-jugendliche\/\"},\"author\":{\"name\":\"rtnews\",\"@id\":\"https:\/\/now-news.de\/de\/#\/schema\/person\/fb534a4e865501d8b3285208df34a9b5\"},\"headline\":\"Polizeigewerkschaft besorgt: Immer mehr Messerdelikte in Berlin durch Kinder und Jugendliche\",\"datePublished\":\"2024-09-27T12:19:00+00:00\",\"dateModified\":\"2024-09-27T12:19:00+00:00\",\"mainEntityOfPage\":{\"@id\":\"https:\/\/now-news.de\/de\/deutschland\/polizeigewerkschaft-besorgt-immer-mehr-messerdelikte-in-berlin-durch-kinder-und-jugendliche\/\"},\"wordCount\":725,\"commentCount\":0,\"publisher\":{\"@id\":\"https:\/\/now-news.de\/de\/#organization\"},\"image\":{\"@id\":\"https:\/\/now-news.de\/de\/deutschland\/polizeigewerkschaft-besorgt-immer-mehr-messerdelikte-in-berlin-durch-kinder-und-jugendliche\/#primaryimage\"},\"thumbnailUrl\":\"https:\/\/now-news.de\/de\/wp-content\/uploads\/sites\/3\/2024\/09\/Polizeigewerkschaft-besorgt-Immer-mehr-Messerdelikte-in-Berlin-durch-Kinder-und.jpg\",\"keywords\":[\"Berlin\",\"besorgt\",\"durch\",\"Immer\",\"Jugendliche\",\"Kinder\",\"mehr\",\"Messerdelikte\",\"Polizeigewerkschaft\",\"und\"],\"articleSection\":[\"Deutschland\",\"Russland\"],\"inLanguage\":\"de\",\"potentialAction\":[{\"@type\":\"CommentAction\",\"name\":\"Comment\",\"target\":[\"https:\/\/now-news.de\/de\/deutschland\/polizeigewerkschaft-besorgt-immer-mehr-messerdelikte-in-berlin-durch-kinder-und-jugendliche\/#respond\"]}]},{\"@type\":\"WebPage\",\"@id\":\"https:\/\/now-news.de\/de\/deutschland\/polizeigewerkschaft-besorgt-immer-mehr-messerdelikte-in-berlin-durch-kinder-und-jugendliche\/\",\"url\":\"https:\/\/now-news.de\/de\/deutschland\/polizeigewerkschaft-besorgt-immer-mehr-messerdelikte-in-berlin-durch-kinder-und-jugendliche\/\",\"name\":\"Polizeigewerkschaft besorgt: Immer mehr Messerdelikte in Berlin durch Kinder und Jugendliche - just-now.NEWS Deutschland\",\"isPartOf\":{\"@id\":\"https:\/\/now-news.de\/de\/#website\"},\"primaryImageOfPage\":{\"@id\":\"https:\/\/now-news.de\/de\/deutschland\/polizeigewerkschaft-besorgt-immer-mehr-messerdelikte-in-berlin-durch-kinder-und-jugendliche\/#primaryimage\"},\"image\":{\"@id\":\"https:\/\/now-news.de\/de\/deutschland\/polizeigewerkschaft-besorgt-immer-mehr-messerdelikte-in-berlin-durch-kinder-und-jugendliche\/#primaryimage\"},\"thumbnailUrl\":\"https:\/\/now-news.de\/de\/wp-content\/uploads\/sites\/3\/2024\/09\/Polizeigewerkschaft-besorgt-Immer-mehr-Messerdelikte-in-Berlin-durch-Kinder-und.jpg\",\"datePublished\":\"2024-09-27T12:19:00+00:00\",\"dateModified\":\"2024-09-27T12:19:00+00:00\",\"breadcrumb\":{\"@id\":\"https:\/\/now-news.de\/de\/deutschland\/polizeigewerkschaft-besorgt-immer-mehr-messerdelikte-in-berlin-durch-kinder-und-jugendliche\/#breadcrumb\"},\"inLanguage\":\"de\",\"potentialAction\":[{\"@type\":\"ReadAction\",\"target\":[\"https:\/\/now-news.de\/de\/deutschland\/polizeigewerkschaft-besorgt-immer-mehr-messerdelikte-in-berlin-durch-kinder-und-jugendliche\/\"]}]},{\"@type\":\"ImageObject\",\"inLanguage\":\"de\",\"@id\":\"https:\/\/now-news.de\/de\/deutschland\/polizeigewerkschaft-besorgt-immer-mehr-messerdelikte-in-berlin-durch-kinder-und-jugendliche\/#primaryimage\",\"url\":\"https:\/\/now-news.de\/de\/wp-content\/uploads\/sites\/3\/2024\/09\/Polizeigewerkschaft-besorgt-Immer-mehr-Messerdelikte-in-Berlin-durch-Kinder-und.jpg\",\"contentUrl\":\"https:\/\/now-news.de\/de\/wp-content\/uploads\/sites\/3\/2024\/09\/Polizeigewerkschaft-besorgt-Immer-mehr-Messerdelikte-in-Berlin-durch-Kinder-und.jpg\",\"width\":460,\"height\":259,\"caption\":\"Polizeigewerkschaft besorgt: Immer mehr Messerdelikte in Berlin durch Kinder und Jugendliche\"},{\"@type\":\"BreadcrumbList\",\"@id\":\"https:\/\/now-news.de\/de\/deutschland\/polizeigewerkschaft-besorgt-immer-mehr-messerdelikte-in-berlin-durch-kinder-und-jugendliche\/#breadcrumb\",\"itemListElement\":[{\"@type\":\"ListItem\",\"position\":1,\"name\":\"Home\",\"item\":\"https:\/\/now-news.de\/de\/\"},{\"@type\":\"ListItem\",\"position\":2,\"name\":\"Polizeigewerkschaft besorgt: Immer mehr Messerdelikte in Berlin durch Kinder und Jugendliche\"}]},{\"@type\":\"WebSite\",\"@id\":\"https:\/\/now-news.de\/de\/#website\",\"url\":\"https:\/\/now-news.de\/de\/\",\"name\":\"just-now.NEWS Deutschland\",\"description\":\"Das Portal f\u00fcr unzensierte Nachrichten aus der Welt\",\"publisher\":{\"@id\":\"https:\/\/now-news.de\/de\/#organization\"},\"potentialAction\":[{\"@type\":\"SearchAction\",\"target\":{\"@type\":\"EntryPoint\",\"urlTemplate\":\"https:\/\/now-news.de\/de\/?s={search_term_string}\"},\"query-input\":\"required name=search_term_string\"}],\"inLanguage\":\"de\"},{\"@type\":\"Organization\",\"@id\":\"https:\/\/now-news.de\/de\/#organization\",\"name\":\"Just Now News\",\"url\":\"https:\/\/now-news.de\/de\/\",\"logo\":{\"@type\":\"ImageObject\",\"inLanguage\":\"de\",\"@id\":\"https:\/\/now-news.de\/de\/#\/schema\/logo\/image\/\",\"url\":\"http:\/\/just-now.news\/de\/wp-content\/uploads\/sites\/3\/2022\/04\/logo500x500.jpg\",\"contentUrl\":\"http:\/\/just-now.news\/de\/wp-content\/uploads\/sites\/3\/2022\/04\/logo500x500.jpg\",\"width\":500,\"height\":500,\"caption\":\"Just Now News\"},\"image\":{\"@id\":\"https:\/\/now-news.de\/de\/#\/schema\/logo\/image\/\"},\"sameAs\":[\"https:\/\/www.facebook.com\/wirmachenauf\",\"https:\/\/x.com\/WirMachenAuf_de\"]},{\"@type\":\"Person\",\"@id\":\"https:\/\/now-news.de\/de\/#\/schema\/person\/fb534a4e865501d8b3285208df34a9b5\",\"name\":\"rtnews\",\"image\":{\"@type\":\"ImageObject\",\"inLanguage\":\"de\",\"@id\":\"https:\/\/now-news.de\/de\/#\/schema\/person\/image\/\",\"url\":\"https:\/\/secure.gravatar.com\/avatar\/82aafea7d8127119dd649515f56e2117?s=96&d=mm&r=g\",\"contentUrl\":\"https:\/\/secure.gravatar.com\/avatar\/82aafea7d8127119dd649515f56e2117?s=96&d=mm&r=g\",\"caption\":\"rtnews\"},\"url\":\"https:\/\/now-news.de\/de\/author\/rnews\/\"}]}<\/script>\n<!-- \/ Yoast SEO Premium plugin. -->","yoast_head_json":{"title":"Polizeigewerkschaft besorgt: Immer mehr Messerdelikte in Berlin durch Kinder und Jugendliche - just-now.NEWS Deutschland","robots":{"index":"index","follow":"follow","max-snippet":"max-snippet:-1","max-image-preview":"max-image-preview:large","max-video-preview":"max-video-preview:-1"},"canonical":"https:\/\/now-news.de\/de\/deutschland\/polizeigewerkschaft-besorgt-immer-mehr-messerdelikte-in-berlin-durch-kinder-und-jugendliche\/","og_locale":"de_DE","og_type":"article","og_title":"Polizeigewerkschaft besorgt: Immer mehr Messerdelikte in Berlin durch Kinder und Jugendliche","og_description":"Die Berliner Polizeigewerkschaft reagiert auf statistisch belegte Zahlen von immer mehr Messerangriffen durch Kinder und Jugendliche mit einem 5-Punkte-Plan zum Thema: Waffenverbot an Schulen. Der Politik wird in einer Pressemitteilung vorgeworfen, auf die absehbare Entwicklung zu sp\u00e4t reagiert zu haben. &#8220;Immer mehr Kinder und Jugendliche sind der Berliner Polizei in den vergangenen Jahren bei Straftaten [&hellip;]","og_url":"https:\/\/now-news.de\/de\/deutschland\/polizeigewerkschaft-besorgt-immer-mehr-messerdelikte-in-berlin-durch-kinder-und-jugendliche\/","og_site_name":"just-now.NEWS Deutschland","article_publisher":"https:\/\/www.facebook.com\/wirmachenauf","article_published_time":"2024-09-27T12:19:00+00:00","og_image":[{"url":"https:\/\/now-news.de\/de\/wp-content\/uploads\/sites\/3\/2024\/09\/66f67f7948fbef7f90482698.jpg"}],"author":"rtnews","twitter_card":"summary_large_image","twitter_creator":"@WirMachenAuf_de","twitter_site":"@WirMachenAuf_de","twitter_misc":{"Verfasst von":"rtnews","Gesch\u00e4tzte Lesezeit":"4\u00a0Minuten"},"schema":{"@context":"https:\/\/schema.org","@graph":[{"@type":"Article","@id":"https:\/\/now-news.de\/de\/deutschland\/polizeigewerkschaft-besorgt-immer-mehr-messerdelikte-in-berlin-durch-kinder-und-jugendliche\/#article","isPartOf":{"@id":"https:\/\/now-news.de\/de\/deutschland\/polizeigewerkschaft-besorgt-immer-mehr-messerdelikte-in-berlin-durch-kinder-und-jugendliche\/"},"author":{"name":"rtnews","@id":"https:\/\/now-news.de\/de\/#\/schema\/person\/fb534a4e865501d8b3285208df34a9b5"},"headline":"Polizeigewerkschaft besorgt: Immer mehr Messerdelikte in Berlin durch Kinder und Jugendliche","datePublished":"2024-09-27T12:19:00+00:00","dateModified":"2024-09-27T12:19:00+00:00","mainEntityOfPage":{"@id":"https:\/\/now-news.de\/de\/deutschland\/polizeigewerkschaft-besorgt-immer-mehr-messerdelikte-in-berlin-durch-kinder-und-jugendliche\/"},"wordCount":725,"commentCount":0,"publisher":{"@id":"https:\/\/now-news.de\/de\/#organization"},"image":{"@id":"https:\/\/now-news.de\/de\/deutschland\/polizeigewerkschaft-besorgt-immer-mehr-messerdelikte-in-berlin-durch-kinder-und-jugendliche\/#primaryimage"},"thumbnailUrl":"https:\/\/now-news.de\/de\/wp-content\/uploads\/sites\/3\/2024\/09\/Polizeigewerkschaft-besorgt-Immer-mehr-Messerdelikte-in-Berlin-durch-Kinder-und.jpg","keywords":["Berlin","besorgt","durch","Immer","Jugendliche","Kinder","mehr","Messerdelikte","Polizeigewerkschaft","und"],"articleSection":["Deutschland","Russland"],"inLanguage":"de","potentialAction":[{"@type":"CommentAction","name":"Comment","target":["https:\/\/now-news.de\/de\/deutschland\/polizeigewerkschaft-besorgt-immer-mehr-messerdelikte-in-berlin-durch-kinder-und-jugendliche\/#respond"]}]},{"@type":"WebPage","@id":"https:\/\/now-news.de\/de\/deutschland\/polizeigewerkschaft-besorgt-immer-mehr-messerdelikte-in-berlin-durch-kinder-und-jugendliche\/","url":"https:\/\/now-news.de\/de\/deutschland\/polizeigewerkschaft-besorgt-immer-mehr-messerdelikte-in-berlin-durch-kinder-und-jugendliche\/","name":"Polizeigewerkschaft besorgt: Immer mehr Messerdelikte in Berlin durch Kinder und Jugendliche - just-now.NEWS Deutschland","isPartOf":{"@id":"https:\/\/now-news.de\/de\/#website"},"primaryImageOfPage":{"@id":"https:\/\/now-news.de\/de\/deutschland\/polizeigewerkschaft-besorgt-immer-mehr-messerdelikte-in-berlin-durch-kinder-und-jugendliche\/#primaryimage"},"image":{"@id":"https:\/\/now-news.de\/de\/deutschland\/polizeigewerkschaft-besorgt-immer-mehr-messerdelikte-in-berlin-durch-kinder-und-jugendliche\/#primaryimage"},"thumbnailUrl":"https:\/\/now-news.de\/de\/wp-content\/uploads\/sites\/3\/2024\/09\/Polizeigewerkschaft-besorgt-Immer-mehr-Messerdelikte-in-Berlin-durch-Kinder-und.jpg","datePublished":"2024-09-27T12:19:00+00:00","dateModified":"2024-09-27T12:19:00+00:00","breadcrumb":{"@id":"https:\/\/now-news.de\/de\/deutschland\/polizeigewerkschaft-besorgt-immer-mehr-messerdelikte-in-berlin-durch-kinder-und-jugendliche\/#breadcrumb"},"inLanguage":"de","potentialAction":[{"@type":"ReadAction","target":["https:\/\/now-news.de\/de\/deutschland\/polizeigewerkschaft-besorgt-immer-mehr-messerdelikte-in-berlin-durch-kinder-und-jugendliche\/"]}]},{"@type":"ImageObject","inLanguage":"de","@id":"https:\/\/now-news.de\/de\/deutschland\/polizeigewerkschaft-besorgt-immer-mehr-messerdelikte-in-berlin-durch-kinder-und-jugendliche\/#primaryimage","url":"https:\/\/now-news.de\/de\/wp-content\/uploads\/sites\/3\/2024\/09\/Polizeigewerkschaft-besorgt-Immer-mehr-Messerdelikte-in-Berlin-durch-Kinder-und.jpg","contentUrl":"https:\/\/now-news.de\/de\/wp-content\/uploads\/sites\/3\/2024\/09\/Polizeigewerkschaft-besorgt-Immer-mehr-Messerdelikte-in-Berlin-durch-Kinder-und.jpg","width":460,"height":259,"caption":"Polizeigewerkschaft besorgt: Immer mehr Messerdelikte in Berlin durch Kinder und Jugendliche"},{"@type":"BreadcrumbList","@id":"https:\/\/now-news.de\/de\/deutschland\/polizeigewerkschaft-besorgt-immer-mehr-messerdelikte-in-berlin-durch-kinder-und-jugendliche\/#breadcrumb","itemListElement":[{"@type":"ListItem","position":1,"name":"Home","item":"https:\/\/now-news.de\/de\/"},{"@type":"ListItem","position":2,"name":"Polizeigewerkschaft besorgt: Immer mehr Messerdelikte in Berlin durch Kinder und Jugendliche"}]},{"@type":"WebSite","@id":"https:\/\/now-news.de\/de\/#website","url":"https:\/\/now-news.de\/de\/","name":"just-now.NEWS Deutschland","description":"Das Portal f\u00fcr unzensierte Nachrichten aus der Welt","publisher":{"@id":"https:\/\/now-news.de\/de\/#organization"},"potentialAction":[{"@type":"SearchAction","target":{"@type":"EntryPoint","urlTemplate":"https:\/\/now-news.de\/de\/?s={search_term_string}"},"query-input":"required name=search_term_string"}],"inLanguage":"de"},{"@type":"Organization","@id":"https:\/\/now-news.de\/de\/#organization","name":"Just Now News","url":"https:\/\/now-news.de\/de\/","logo":{"@type":"ImageObject","inLanguage":"de","@id":"https:\/\/now-news.de\/de\/#\/schema\/logo\/image\/","url":"http:\/\/just-now.news\/de\/wp-content\/uploads\/sites\/3\/2022\/04\/logo500x500.jpg","contentUrl":"http:\/\/just-now.news\/de\/wp-content\/uploads\/sites\/3\/2022\/04\/logo500x500.jpg","width":500,"height":500,"caption":"Just Now News"},"image":{"@id":"https:\/\/now-news.de\/de\/#\/schema\/logo\/image\/"},"sameAs":["https:\/\/www.facebook.com\/wirmachenauf","https:\/\/x.com\/WirMachenAuf_de"]},{"@type":"Person","@id":"https:\/\/now-news.de\/de\/#\/schema\/person\/fb534a4e865501d8b3285208df34a9b5","name":"rtnews","image":{"@type":"ImageObject","inLanguage":"de","@id":"https:\/\/now-news.de\/de\/#\/schema\/person\/image\/","url":"https:\/\/secure.gravatar.com\/avatar\/82aafea7d8127119dd649515f56e2117?s=96&d=mm&r=g","contentUrl":"https:\/\/secure.gravatar.com\/avatar\/82aafea7d8127119dd649515f56e2117?s=96&d=mm&r=g","caption":"rtnews"},"url":"https:\/\/now-news.de\/de\/author\/rnews\/"}]}},"_links":{"self":[{"href":"https:\/\/now-news.de\/de\/wp-json\/wp\/v2\/posts\/69834"}],"collection":[{"href":"https:\/\/now-news.de\/de\/wp-json\/wp\/v2\/posts"}],"about":[{"href":"https:\/\/now-news.de\/de\/wp-json\/wp\/v2\/types\/post"}],"author":[{"embeddable":true,"href":"https:\/\/now-news.de\/de\/wp-json\/wp\/v2\/users\/3"}],"replies":[{"embeddable":true,"href":"https:\/\/now-news.de\/de\/wp-json\/wp\/v2\/comments?post=69834"}],"version-history":[{"count":0,"href":"https:\/\/now-news.de\/de\/wp-json\/wp\/v2\/posts\/69834\/revisions"}],"wp:featuredmedia":[{"embeddable":true,"href":"https:\/\/now-news.de\/de\/wp-json\/wp\/v2\/media\/69835"}],"wp:attachment":[{"href":"https:\/\/now-news.de\/de\/wp-json\/wp\/v2\/media?parent=69834"}],"wp:term":[{"taxonomy":"category","embeddable":true,"href":"https:\/\/now-news.de\/de\/wp-json\/wp\/v2\/categories?post=69834"},{"taxonomy":"post_tag","embeddable":true,"href":"https:\/\/now-news.de\/de\/wp-json\/wp\/v2\/tags?post=69834"}],"curies":[{"name":"wp","href":"https:\/\/api.w.org\/{rel}","templated":true}]}}